{"id":58880,"date":"2025-04-30T14:24:46","date_gmt":"2025-04-30T17:24:46","guid":{"rendered":"https:\/\/jornalfatosenoticias.com.br\/?p=58880"},"modified":"2025-04-30T18:07:40","modified_gmt":"2025-04-30T21:07:40","slug":"cientistas-descobrem-nova-especie-de-microcaracol-de-batizam-no-com-o-nome-de-picasso","status":"publish","type":"post","link":"https:\/\/jornalfatosenoticias.com.br\/index.php\/2025\/04\/30\/cientistas-descobrem-nova-especie-de-microcaracol-de-batizam-no-com-o-nome-de-picasso\/","title":{"rendered":"Cientistas descobrem nova esp\u00e9cie de \u201cmicrocaracol\u201d e batizam-no com o nome de Picasso"},"content":{"rendered":"\n<div class=\"wp-block-image\"><figure class=\"aligncenter size-large\"><a href=\"https:\/\/panper.com.br\/\"><img loading=\"lazy\" decoding=\"async\" width=\"1024\" height=\"111\" src=\"https:\/\/jornalfatosenoticias.com.br\/wp-content\/uploads\/2020\/02\/WhatsApp-Image-2022-09-23-at-12.09.18-1024x111.jpeg\" alt=\"\" class=\"wp-image-34527\" srcset=\"https:\/\/jornalfatosenoticias.com.br\/wp-content\/uploads\/2020\/02\/WhatsApp-Image-2022-09-23-at-12.09.18-1024x111.jpeg 1024w, https:\/\/jornalfatosenoticias.com.br\/wp-content\/uploads\/2020\/02\/WhatsApp-Image-2022-09-23-at-12.09.18-300x32.jpeg 300w, https:\/\/jornalfatosenoticias.com.br\/wp-content\/uploads\/2020\/02\/WhatsApp-Image-2022-09-23-at-12.09.18-768x83.jpeg 768w, https:\/\/jornalfatosenoticias.com.br\/wp-content\/uploads\/2020\/02\/WhatsApp-Image-2022-09-23-at-12.09.18.jpeg 1121w\" sizes=\"auto, (max-width: 1024px) 100vw, 1024px\" \/><\/a><\/figure><\/div>\n\n\n\n<p>Uma equipa internacional de especialistas em moluscos descreveu 46 novas esp\u00e9cies de pequenos carac\u00f3is que vivem no Camboja, em Myanmar, no Laos, na Tail\u00e2ndia e no Vietn\u00e3 e, at\u00e9 ent\u00e3o, eram desconhecidos da Ci\u00eancia. Entre a grande diversidade de esp\u00e9cies, os cientistas ficaram particularmente surpreendidos por uma. A sua concha cuja espiral parece fazer \u00e2ngulos retos parece, dizem, ter sido \u201cpintada num estilo de Pablo Picasso\u201d, lembrando os tra\u00e7os cubistas, raz\u00e3o pela qual a esp\u00e9cie foi batizada com o nome cient\u00edfico <em>Anauchen picasso.<\/em><br>Descoberto no Parque Nacional Khao Sam Roi Yot, na costa tailandesa banhada pelas \u00e1guas marinhas do Golfo da Tail\u00e2ndia, a sua concha tem entre 2,63 e 2,82 mil\u00edmetros de di\u00e2metro e quase tr\u00eas mil\u00edmetros de altura. A abertura, por onde espreita o pequeno animal invertebrado, tem um di\u00e2metro de cerca de 1,3 mil\u00edmetros e a sua forma faz lembrar a campana de um trompete.<\/p>\n\n\n\n<div class=\"wp-block-image\"><figure class=\"aligncenter size-large\"><img loading=\"lazy\" decoding=\"async\" width=\"1000\" height=\"550\" src=\"https:\/\/jornalfatosenoticias.com.br\/wp-content\/uploads\/2025\/04\/microcaracol_reproducao.jpg\" alt=\"\" class=\"wp-image-58881\" srcset=\"https:\/\/jornalfatosenoticias.com.br\/wp-content\/uploads\/2025\/04\/microcaracol_reproducao.jpg 1000w, https:\/\/jornalfatosenoticias.com.br\/wp-content\/uploads\/2025\/04\/microcaracol_reproducao-300x165.jpg 300w, https:\/\/jornalfatosenoticias.com.br\/wp-content\/uploads\/2025\/04\/microcaracol_reproducao-768x422.jpg 768w\" sizes=\"auto, (max-width: 1000px) 100vw, 1000px\" \/><figcaption><em><span class=\"has-inline-color has-black-color\">A concha do Anauchen picasso mede menos de tr\u00eas mil\u00edmetros de di\u00e2metro (Foto: Reprodu\u00e7\u00e3o)<\/span><\/em><\/figcaption><\/figure><\/div>\n\n\n\n<p>Devido \u00e0s suas dimens\u00f5es diminutas, este caracol, e outros como ele, \u00e9 o que os malac\u00f3logos, especialistas em moluscos, designam por \u201cmicrocaracol\u201d. A descoberta foi divulgada num <a href=\"https:\/\/zookeys.pensoft.net\/article\/145281\/\" target=\"_blank\" rel=\"noreferrer noopener\">artigo publicado recentemente na revista \u2018ZooKeys\u2019<\/a>, que, al\u00e9m do <em>A. picasso,<\/em> descreve mais 45 novas esp\u00e9cies de pequenos carac\u00f3is. \u201cEmbora os tamanhos das conchas destes carac\u00f3is sejam inferiores a cinco mil\u00edmetros, s\u00e3o verdadeiras belezas\u201d, dizem os investigadores em nota, apontando que as conchas revelam \u201cuma complexidade extraordin\u00e1ria\u201d.<\/p>\n\n\n\n<div class=\"wp-block-image\"><figure class=\"aligncenter size-large\"><a href=\"https:\/\/www.cesconetto.com.br\/\"><img loading=\"lazy\" decoding=\"async\" width=\"300\" height=\"250\" src=\"https:\/\/jornalfatosenoticias.com.br\/wp-content\/uploads\/2020\/02\/Banner-2.png\" alt=\"\" class=\"wp-image-43787\"\/><\/a><\/figure><\/div>\n\n\n\n<p>V\u00e1rios dos carac\u00f3is agora descritos t\u00eam aberturas com \u201cdentes\u201d, estruturas que os investigadores acreditam serem defesas contra predadores que queiram arrancar os moluscos das suas casas. Al\u00e9m disso, v\u00e1rias das novas esp\u00e9cies t\u00eam aberturas que apontam para cima, o que leva os leva a crer alguns os carac\u00f3is carregam as suas conchas \u201cde cabe\u00e7a para baixo\u201d.<\/p>\n\n\n\n<div class=\"wp-block-image\"><figure class=\"aligncenter size-large is-resized\"><a href=\"https:\/\/www.instagram.com\/gruposei\/\"><img loading=\"lazy\" decoding=\"async\" src=\"https:\/\/jornalfatosenoticias.com.br\/wp-content\/uploads\/2022\/07\/Logo-Grupo-SEI.jpg\" alt=\"\" class=\"wp-image-31973\" width=\"393\" height=\"206\" srcset=\"https:\/\/jornalfatosenoticias.com.br\/wp-content\/uploads\/2022\/07\/Logo-Grupo-SEI.jpg 713w, https:\/\/jornalfatosenoticias.com.br\/wp-content\/uploads\/2022\/07\/Logo-Grupo-SEI-300x158.jpg 300w\" sizes=\"auto, (max-width: 393px) 100vw, 393px\" \/><\/a><\/figure><\/div>\n\n\n\n<p>Embora algumas das novas esp\u00e9cies tenham sido recolhidas recentemente na Natureza, v\u00e1rias outras estavam armazenadas na cole\u00e7\u00e3o do Museu de Hist\u00f3ria Natural da Fl\u00f3rida, nos Estados Unidos da Am\u00e9rica, tendo sido capturados na d\u00e9cada de 1980. Assim, os cientistas acreditam que \u00e9 muito prov\u00e1vel que os habitats de alguns dos carac\u00f3is colhidos nessa altura tenham sido j\u00e1 destru\u00eddos por defloresta\u00e7\u00e3o e explora\u00e7\u00e3o mineira, que dizem ser as principais amea\u00e7as aos carac\u00f3is terrestres end\u00eamicos do sudeste asi\u00e1tico.<\/p>\n\n\n\n<div class=\"wp-block-image\"><figure class=\"aligncenter size-large is-resized\"><a href=\"https:\/\/www.facebook.com\/postobkr\/?locale=pt_BR\"><img loading=\"lazy\" decoding=\"async\" src=\"https:\/\/jornalfatosenoticias.com.br\/wp-content\/uploads\/2023\/08\/BKR-1024x1021.jpg\" alt=\"\" class=\"wp-image-44494\" width=\"319\" height=\"318\" srcset=\"https:\/\/jornalfatosenoticias.com.br\/wp-content\/uploads\/2023\/08\/BKR-1024x1021.jpg 1024w, https:\/\/jornalfatosenoticias.com.br\/wp-content\/uploads\/2023\/08\/BKR-300x300.jpg 300w, https:\/\/jornalfatosenoticias.com.br\/wp-content\/uploads\/2023\/08\/BKR-150x150.jpg 150w, https:\/\/jornalfatosenoticias.com.br\/wp-content\/uploads\/2023\/08\/BKR-768x766.jpg 768w, https:\/\/jornalfatosenoticias.com.br\/wp-content\/uploads\/2023\/08\/BKR.jpg 1080w\" sizes=\"auto, (max-width: 319px) 100vw, 319px\" \/><\/a><\/figure><\/div>\n\n\n\n<p><strong>Fonte: <a href=\"https:\/\/greensavers.sapo.pt\/cientistas-descobrem-nova-especie-de-micro-caracol-de-batizam-no-com-o-nome-de-picasso\/\">Green Savers<\/a><\/strong><\/p>\n","protected":false},"excerpt":{"rendered":"<p>Uma equipa internacional de especialistas em moluscos descreveu 46 novas esp\u00e9cies de pequenos carac\u00f3is que vivem no Camboja, em Myanmar, no Laos, na Tail\u00e2ndia e no Vietn\u00e3 e, at\u00e9 ent\u00e3o, eram desconhecidos da Ci\u00eancia. Entre a grande diversidade de esp\u00e9cies, os cientistas ficaram particularmente surpreendidos por uma. A sua concha cuja espiral parece fazer \u00e2ngulos [&hellip;]<\/p>\n","protected":false},"author":2,"featured_media":58882,"comment_status":"open","ping_status":"open","sticky":false,"template":"","format":"standard","meta":{"footnotes":""},"categories":[8],"tags":[26880,1666,26878,26879,13844],"class_list":["post-58880","post","type-post","status-publish","format-standard","has-post-thumbnail","hentry","category-meio-ambiente","tag-caracois","tag-descoberta","tag-microcaracol","tag-moluscos","tag-pablo-picasso"],"yoast_head":"<!-- This site is optimized with the Yoast SEO plugin v26.5 - https:\/\/yoast.com\/wordpress\/plugins\/seo\/ -->\n<title>Cientistas descobrem nova esp\u00e9cie de \u201cmicrocaracol\u201d e batizam-no com o nome de Picasso - Jornal Fatos e Not\u00edcias<\/title>\n<meta name=\"robots\" content=\"index, follow, max-snippet:-1, max-image-preview:large, max-video-preview:-1\" \/>\n<link rel=\"canonical\" href=\"https:\/\/jornalfatosenoticias.com.br\/index.php\/2025\/04\/30\/cientistas-descobrem-nova-especie-de-microcaracol-de-batizam-no-com-o-nome-de-picasso\/\" \/>\n<meta property=\"og:locale\" content=\"pt_BR\" \/>\n<meta property=\"og:type\" content=\"article\" \/>\n<meta property=\"og:title\" content=\"Cientistas descobrem nova esp\u00e9cie de \u201cmicrocaracol\u201d e batizam-no com o nome de Picasso - Jornal Fatos e Not\u00edcias\" \/>\n<meta property=\"og:description\" content=\"Uma equipa internacional de especialistas em moluscos descreveu 46 novas esp\u00e9cies de pequenos carac\u00f3is que vivem no Camboja, em Myanmar, no Laos, na Tail\u00e2ndia e no Vietn\u00e3 e, at\u00e9 ent\u00e3o, eram desconhecidos da Ci\u00eancia. Entre a grande diversidade de esp\u00e9cies, os cientistas ficaram particularmente surpreendidos por uma. A sua concha cuja espiral parece fazer \u00e2ngulos [&hellip;]\" \/>\n<meta property=\"og:url\" content=\"https:\/\/jornalfatosenoticias.com.br\/index.php\/2025\/04\/30\/cientistas-descobrem-nova-especie-de-microcaracol-de-batizam-no-com-o-nome-de-picasso\/\" \/>\n<meta property=\"og:site_name\" content=\"Jornal Fatos e Not\u00edcias\" \/>\n<meta property=\"article:published_time\" content=\"2025-04-30T17:24:46+00:00\" \/>\n<meta property=\"article:modified_time\" content=\"2025-04-30T21:07:40+00:00\" \/>\n<meta property=\"og:image\" content=\"https:\/\/jornalfatosenoticias.com.br\/wp-content\/uploads\/2025\/04\/microcaracol2_reproducao.jpg\" \/>\n\t<meta property=\"og:image:width\" content=\"1000\" \/>\n\t<meta property=\"og:image:height\" content=\"475\" \/>\n\t<meta property=\"og:image:type\" content=\"image\/jpeg\" \/>\n<meta name=\"author\" content=\"Luzimara Fernandes\" \/>\n<meta name=\"twitter:card\" content=\"summary_large_image\" \/>\n<meta name=\"twitter:label1\" content=\"Escrito por\" \/>\n\t<meta name=\"twitter:data1\" content=\"Luzimara Fernandes\" \/>\n\t<meta name=\"twitter:label2\" content=\"Est. tempo de leitura\" \/>\n\t<meta name=\"twitter:data2\" content=\"2 minutos\" \/>\n<script type=\"application\/ld+json\" class=\"yoast-schema-graph\">{\"@context\":\"https:\/\/schema.org\",\"@graph\":[{\"@type\":\"Article\",\"@id\":\"https:\/\/jornalfatosenoticias.com.br\/index.php\/2025\/04\/30\/cientistas-descobrem-nova-especie-de-microcaracol-de-batizam-no-com-o-nome-de-picasso\/#article\",\"isPartOf\":{\"@id\":\"https:\/\/jornalfatosenoticias.com.br\/index.php\/2025\/04\/30\/cientistas-descobrem-nova-especie-de-microcaracol-de-batizam-no-com-o-nome-de-picasso\/\"},\"author\":{\"name\":\"Luzimara Fernandes\",\"@id\":\"https:\/\/jornalfatosenoticias.com.br\/#\/schema\/person\/d63837fa13ac8666eb9e74e0985d6f81\"},\"headline\":\"Cientistas descobrem nova esp\u00e9cie de \u201cmicrocaracol\u201d e batizam-no com o nome de Picasso\",\"datePublished\":\"2025-04-30T17:24:46+00:00\",\"dateModified\":\"2025-04-30T21:07:40+00:00\",\"mainEntityOfPage\":{\"@id\":\"https:\/\/jornalfatosenoticias.com.br\/index.php\/2025\/04\/30\/cientistas-descobrem-nova-especie-de-microcaracol-de-batizam-no-com-o-nome-de-picasso\/\"},\"wordCount\":431,\"commentCount\":0,\"publisher\":{\"@id\":\"https:\/\/jornalfatosenoticias.com.br\/#organization\"},\"image\":{\"@id\":\"https:\/\/jornalfatosenoticias.com.br\/index.php\/2025\/04\/30\/cientistas-descobrem-nova-especie-de-microcaracol-de-batizam-no-com-o-nome-de-picasso\/#primaryimage\"},\"thumbnailUrl\":\"https:\/\/jornalfatosenoticias.com.br\/wp-content\/uploads\/2025\/04\/microcaracol2_reproducao.jpg\",\"keywords\":[\"carac\u00f3is\",\"descoberta\",\"microcaracol\",\"moluscos\",\"Pablo Picasso\"],\"articleSection\":[\"Meio ambiente\"],\"inLanguage\":\"pt-BR\",\"potentialAction\":[{\"@type\":\"CommentAction\",\"name\":\"Comment\",\"target\":[\"https:\/\/jornalfatosenoticias.com.br\/index.php\/2025\/04\/30\/cientistas-descobrem-nova-especie-de-microcaracol-de-batizam-no-com-o-nome-de-picasso\/#respond\"]}]},{\"@type\":\"WebPage\",\"@id\":\"https:\/\/jornalfatosenoticias.com.br\/index.php\/2025\/04\/30\/cientistas-descobrem-nova-especie-de-microcaracol-de-batizam-no-com-o-nome-de-picasso\/\",\"url\":\"https:\/\/jornalfatosenoticias.com.br\/index.php\/2025\/04\/30\/cientistas-descobrem-nova-especie-de-microcaracol-de-batizam-no-com-o-nome-de-picasso\/\",\"name\":\"Cientistas descobrem nova esp\u00e9cie de \u201cmicrocaracol\u201d e batizam-no com o nome de Picasso - Jornal Fatos e Not\u00edcias\",\"isPartOf\":{\"@id\":\"https:\/\/jornalfatosenoticias.com.br\/#website\"},\"primaryImageOfPage\":{\"@id\":\"https:\/\/jornalfatosenoticias.com.br\/index.php\/2025\/04\/30\/cientistas-descobrem-nova-especie-de-microcaracol-de-batizam-no-com-o-nome-de-picasso\/#primaryimage\"},\"image\":{\"@id\":\"https:\/\/jornalfatosenoticias.com.br\/index.php\/2025\/04\/30\/cientistas-descobrem-nova-especie-de-microcaracol-de-batizam-no-com-o-nome-de-picasso\/#primaryimage\"},\"thumbnailUrl\":\"https:\/\/jornalfatosenoticias.com.br\/wp-content\/uploads\/2025\/04\/microcaracol2_reproducao.jpg\",\"datePublished\":\"2025-04-30T17:24:46+00:00\",\"dateModified\":\"2025-04-30T21:07:40+00:00\",\"breadcrumb\":{\"@id\":\"https:\/\/jornalfatosenoticias.com.br\/index.php\/2025\/04\/30\/cientistas-descobrem-nova-especie-de-microcaracol-de-batizam-no-com-o-nome-de-picasso\/#breadcrumb\"},\"inLanguage\":\"pt-BR\",\"potentialAction\":[{\"@type\":\"ReadAction\",\"target\":[\"https:\/\/jornalfatosenoticias.com.br\/index.php\/2025\/04\/30\/cientistas-descobrem-nova-especie-de-microcaracol-de-batizam-no-com-o-nome-de-picasso\/\"]}]},{\"@type\":\"ImageObject\",\"inLanguage\":\"pt-BR\",\"@id\":\"https:\/\/jornalfatosenoticias.com.br\/index.php\/2025\/04\/30\/cientistas-descobrem-nova-especie-de-microcaracol-de-batizam-no-com-o-nome-de-picasso\/#primaryimage\",\"url\":\"https:\/\/jornalfatosenoticias.com.br\/wp-content\/uploads\/2025\/04\/microcaracol2_reproducao.jpg\",\"contentUrl\":\"https:\/\/jornalfatosenoticias.com.br\/wp-content\/uploads\/2025\/04\/microcaracol2_reproducao.jpg\",\"width\":1000,\"height\":475},{\"@type\":\"BreadcrumbList\",\"@id\":\"https:\/\/jornalfatosenoticias.com.br\/index.php\/2025\/04\/30\/cientistas-descobrem-nova-especie-de-microcaracol-de-batizam-no-com-o-nome-de-picasso\/#breadcrumb\",\"itemListElement\":[{\"@type\":\"ListItem\",\"position\":1,\"name\":\"In\u00edcio\",\"item\":\"https:\/\/jornalfatosenoticias.com.br\/\"},{\"@type\":\"ListItem\",\"position\":2,\"name\":\"Cientistas descobrem nova esp\u00e9cie de \u201cmicrocaracol\u201d e batizam-no com o nome de Picasso\"}]},{\"@type\":\"WebSite\",\"@id\":\"https:\/\/jornalfatosenoticias.com.br\/#website\",\"url\":\"https:\/\/jornalfatosenoticias.com.br\/\",\"name\":\"Jornal Fatos e Not\u00edcias\",\"description\":\"Not\u00edcias em geral\",\"publisher\":{\"@id\":\"https:\/\/jornalfatosenoticias.com.br\/#organization\"},\"potentialAction\":[{\"@type\":\"SearchAction\",\"target\":{\"@type\":\"EntryPoint\",\"urlTemplate\":\"https:\/\/jornalfatosenoticias.com.br\/?s={search_term_string}\"},\"query-input\":{\"@type\":\"PropertyValueSpecification\",\"valueRequired\":true,\"valueName\":\"search_term_string\"}}],\"inLanguage\":\"pt-BR\"},{\"@type\":\"Organization\",\"@id\":\"https:\/\/jornalfatosenoticias.com.br\/#organization\",\"name\":\"Jornal Fatos e Not\u00edcias\",\"url\":\"https:\/\/jornalfatosenoticias.com.br\/\",\"logo\":{\"@type\":\"ImageObject\",\"inLanguage\":\"pt-BR\",\"@id\":\"https:\/\/jornalfatosenoticias.com.br\/#\/schema\/logo\/image\/\",\"url\":\"https:\/\/jornalfatosenoticias.com.br\/wp-content\/uploads\/2020\/02\/logo120.png\",\"contentUrl\":\"https:\/\/jornalfatosenoticias.com.br\/wp-content\/uploads\/2020\/02\/logo120.png\",\"width\":1227,\"height\":120,\"caption\":\"Jornal Fatos e Not\u00edcias\"},\"image\":{\"@id\":\"https:\/\/jornalfatosenoticias.com.br\/#\/schema\/logo\/image\/\"}},{\"@type\":\"Person\",\"@id\":\"https:\/\/jornalfatosenoticias.com.br\/#\/schema\/person\/d63837fa13ac8666eb9e74e0985d6f81\",\"name\":\"Luzimara Fernandes\",\"image\":{\"@type\":\"ImageObject\",\"inLanguage\":\"pt-BR\",\"@id\":\"https:\/\/jornalfatosenoticias.com.br\/#\/schema\/person\/image\/\",\"url\":\"https:\/\/jornalfatosenoticias.com.br\/wp-content\/uploads\/2025\/05\/EU_portal.jpg\",\"contentUrl\":\"https:\/\/jornalfatosenoticias.com.br\/wp-content\/uploads\/2025\/05\/EU_portal.jpg\",\"caption\":\"Luzimara Fernandes\"},\"description\":\"Jornalista MTB 2358-ES\",\"sameAs\":[\"https:\/\/jornalfatosenoticias.com.br\"],\"url\":\"https:\/\/jornalfatosenoticias.com.br\/index.php\/author\/luzimara\/\"}]}<\/script>\n<!-- \/ Yoast SEO plugin. -->","yoast_head_json":{"title":"Cientistas descobrem nova esp\u00e9cie de \u201cmicrocaracol\u201d e batizam-no com o nome de Picasso - Jornal Fatos e Not\u00edcias","robots":{"index":"index","follow":"follow","max-snippet":"max-snippet:-1","max-image-preview":"max-image-preview:large","max-video-preview":"max-video-preview:-1"},"canonical":"https:\/\/jornalfatosenoticias.com.br\/index.php\/2025\/04\/30\/cientistas-descobrem-nova-especie-de-microcaracol-de-batizam-no-com-o-nome-de-picasso\/","og_locale":"pt_BR","og_type":"article","og_title":"Cientistas descobrem nova esp\u00e9cie de \u201cmicrocaracol\u201d e batizam-no com o nome de Picasso - Jornal Fatos e Not\u00edcias","og_description":"Uma equipa internacional de especialistas em moluscos descreveu 46 novas esp\u00e9cies de pequenos carac\u00f3is que vivem no Camboja, em Myanmar, no Laos, na Tail\u00e2ndia e no Vietn\u00e3 e, at\u00e9 ent\u00e3o, eram desconhecidos da Ci\u00eancia. Entre a grande diversidade de esp\u00e9cies, os cientistas ficaram particularmente surpreendidos por uma. A sua concha cuja espiral parece fazer \u00e2ngulos [&hellip;]","og_url":"https:\/\/jornalfatosenoticias.com.br\/index.php\/2025\/04\/30\/cientistas-descobrem-nova-especie-de-microcaracol-de-batizam-no-com-o-nome-de-picasso\/","og_site_name":"Jornal Fatos e Not\u00edcias","article_published_time":"2025-04-30T17:24:46+00:00","article_modified_time":"2025-04-30T21:07:40+00:00","og_image":[{"width":1000,"height":475,"url":"https:\/\/jornalfatosenoticias.com.br\/wp-content\/uploads\/2025\/04\/microcaracol2_reproducao.jpg","type":"image\/jpeg"}],"author":"Luzimara Fernandes","twitter_card":"summary_large_image","twitter_misc":{"Escrito por":"Luzimara Fernandes","Est. tempo de leitura":"2 minutos"},"schema":{"@context":"https:\/\/schema.org","@graph":[{"@type":"Article","@id":"https:\/\/jornalfatosenoticias.com.br\/index.php\/2025\/04\/30\/cientistas-descobrem-nova-especie-de-microcaracol-de-batizam-no-com-o-nome-de-picasso\/#article","isPartOf":{"@id":"https:\/\/jornalfatosenoticias.com.br\/index.php\/2025\/04\/30\/cientistas-descobrem-nova-especie-de-microcaracol-de-batizam-no-com-o-nome-de-picasso\/"},"author":{"name":"Luzimara Fernandes","@id":"https:\/\/jornalfatosenoticias.com.br\/#\/schema\/person\/d63837fa13ac8666eb9e74e0985d6f81"},"headline":"Cientistas descobrem nova esp\u00e9cie de \u201cmicrocaracol\u201d e batizam-no com o nome de Picasso","datePublished":"2025-04-30T17:24:46+00:00","dateModified":"2025-04-30T21:07:40+00:00","mainEntityOfPage":{"@id":"https:\/\/jornalfatosenoticias.com.br\/index.php\/2025\/04\/30\/cientistas-descobrem-nova-especie-de-microcaracol-de-batizam-no-com-o-nome-de-picasso\/"},"wordCount":431,"commentCount":0,"publisher":{"@id":"https:\/\/jornalfatosenoticias.com.br\/#organization"},"image":{"@id":"https:\/\/jornalfatosenoticias.com.br\/index.php\/2025\/04\/30\/cientistas-descobrem-nova-especie-de-microcaracol-de-batizam-no-com-o-nome-de-picasso\/#primaryimage"},"thumbnailUrl":"https:\/\/jornalfatosenoticias.com.br\/wp-content\/uploads\/2025\/04\/microcaracol2_reproducao.jpg","keywords":["carac\u00f3is","descoberta","microcaracol","moluscos","Pablo Picasso"],"articleSection":["Meio ambiente"],"inLanguage":"pt-BR","potentialAction":[{"@type":"CommentAction","name":"Comment","target":["https:\/\/jornalfatosenoticias.com.br\/index.php\/2025\/04\/30\/cientistas-descobrem-nova-especie-de-microcaracol-de-batizam-no-com-o-nome-de-picasso\/#respond"]}]},{"@type":"WebPage","@id":"https:\/\/jornalfatosenoticias.com.br\/index.php\/2025\/04\/30\/cientistas-descobrem-nova-especie-de-microcaracol-de-batizam-no-com-o-nome-de-picasso\/","url":"https:\/\/jornalfatosenoticias.com.br\/index.php\/2025\/04\/30\/cientistas-descobrem-nova-especie-de-microcaracol-de-batizam-no-com-o-nome-de-picasso\/","name":"Cientistas descobrem nova esp\u00e9cie de \u201cmicrocaracol\u201d e batizam-no com o nome de Picasso - Jornal Fatos e Not\u00edcias","isPartOf":{"@id":"https:\/\/jornalfatosenoticias.com.br\/#website"},"primaryImageOfPage":{"@id":"https:\/\/jornalfatosenoticias.com.br\/index.php\/2025\/04\/30\/cientistas-descobrem-nova-especie-de-microcaracol-de-batizam-no-com-o-nome-de-picasso\/#primaryimage"},"image":{"@id":"https:\/\/jornalfatosenoticias.com.br\/index.php\/2025\/04\/30\/cientistas-descobrem-nova-especie-de-microcaracol-de-batizam-no-com-o-nome-de-picasso\/#primaryimage"},"thumbnailUrl":"https:\/\/jornalfatosenoticias.com.br\/wp-content\/uploads\/2025\/04\/microcaracol2_reproducao.jpg","datePublished":"2025-04-30T17:24:46+00:00","dateModified":"2025-04-30T21:07:40+00:00","breadcrumb":{"@id":"https:\/\/jornalfatosenoticias.com.br\/index.php\/2025\/04\/30\/cientistas-descobrem-nova-especie-de-microcaracol-de-batizam-no-com-o-nome-de-picasso\/#breadcrumb"},"inLanguage":"pt-BR","potentialAction":[{"@type":"ReadAction","target":["https:\/\/jornalfatosenoticias.com.br\/index.php\/2025\/04\/30\/cientistas-descobrem-nova-especie-de-microcaracol-de-batizam-no-com-o-nome-de-picasso\/"]}]},{"@type":"ImageObject","inLanguage":"pt-BR","@id":"https:\/\/jornalfatosenoticias.com.br\/index.php\/2025\/04\/30\/cientistas-descobrem-nova-especie-de-microcaracol-de-batizam-no-com-o-nome-de-picasso\/#primaryimage","url":"https:\/\/jornalfatosenoticias.com.br\/wp-content\/uploads\/2025\/04\/microcaracol2_reproducao.jpg","contentUrl":"https:\/\/jornalfatosenoticias.com.br\/wp-content\/uploads\/2025\/04\/microcaracol2_reproducao.jpg","width":1000,"height":475},{"@type":"BreadcrumbList","@id":"https:\/\/jornalfatosenoticias.com.br\/index.php\/2025\/04\/30\/cientistas-descobrem-nova-especie-de-microcaracol-de-batizam-no-com-o-nome-de-picasso\/#breadcrumb","itemListElement":[{"@type":"ListItem","position":1,"name":"In\u00edcio","item":"https:\/\/jornalfatosenoticias.com.br\/"},{"@type":"ListItem","position":2,"name":"Cientistas descobrem nova esp\u00e9cie de \u201cmicrocaracol\u201d e batizam-no com o nome de Picasso"}]},{"@type":"WebSite","@id":"https:\/\/jornalfatosenoticias.com.br\/#website","url":"https:\/\/jornalfatosenoticias.com.br\/","name":"Jornal Fatos e Not\u00edcias","description":"Not\u00edcias em geral","publisher":{"@id":"https:\/\/jornalfatosenoticias.com.br\/#organization"},"potentialAction":[{"@type":"SearchAction","target":{"@type":"EntryPoint","urlTemplate":"https:\/\/jornalfatosenoticias.com.br\/?s={search_term_string}"},"query-input":{"@type":"PropertyValueSpecification","valueRequired":true,"valueName":"search_term_string"}}],"inLanguage":"pt-BR"},{"@type":"Organization","@id":"https:\/\/jornalfatosenoticias.com.br\/#organization","name":"Jornal Fatos e Not\u00edcias","url":"https:\/\/jornalfatosenoticias.com.br\/","logo":{"@type":"ImageObject","inLanguage":"pt-BR","@id":"https:\/\/jornalfatosenoticias.com.br\/#\/schema\/logo\/image\/","url":"https:\/\/jornalfatosenoticias.com.br\/wp-content\/uploads\/2020\/02\/logo120.png","contentUrl":"https:\/\/jornalfatosenoticias.com.br\/wp-content\/uploads\/2020\/02\/logo120.png","width":1227,"height":120,"caption":"Jornal Fatos e Not\u00edcias"},"image":{"@id":"https:\/\/jornalfatosenoticias.com.br\/#\/schema\/logo\/image\/"}},{"@type":"Person","@id":"https:\/\/jornalfatosenoticias.com.br\/#\/schema\/person\/d63837fa13ac8666eb9e74e0985d6f81","name":"Luzimara Fernandes","image":{"@type":"ImageObject","inLanguage":"pt-BR","@id":"https:\/\/jornalfatosenoticias.com.br\/#\/schema\/person\/image\/","url":"https:\/\/jornalfatosenoticias.com.br\/wp-content\/uploads\/2025\/05\/EU_portal.jpg","contentUrl":"https:\/\/jornalfatosenoticias.com.br\/wp-content\/uploads\/2025\/05\/EU_portal.jpg","caption":"Luzimara Fernandes"},"description":"Jornalista MTB 2358-ES","sameAs":["https:\/\/jornalfatosenoticias.com.br"],"url":"https:\/\/jornalfatosenoticias.com.br\/index.php\/author\/luzimara\/"}]}},"cc_featured_image_caption":{"caption_text":"(Foto: Reprodu\u00e7\u00e3o) ","source_text":"","source_url":""},"jetpack_featured_media_url":"https:\/\/jornalfatosenoticias.com.br\/wp-content\/uploads\/2025\/04\/microcaracol2_reproducao.jpg","_links":{"self":[{"href":"https:\/\/jornalfatosenoticias.com.br\/index.php\/wp-json\/wp\/v2\/posts\/58880","targetHints":{"allow":["GET"]}}],"collection":[{"href":"https:\/\/jornalfatosenoticias.com.br\/index.php\/wp-json\/wp\/v2\/posts"}],"about":[{"href":"https:\/\/jornalfatosenoticias.com.br\/index.php\/wp-json\/wp\/v2\/types\/post"}],"author":[{"embeddable":true,"href":"https:\/\/jornalfatosenoticias.com.br\/index.php\/wp-json\/wp\/v2\/users\/2"}],"replies":[{"embeddable":true,"href":"https:\/\/jornalfatosenoticias.com.br\/index.php\/wp-json\/wp\/v2\/comments?post=58880"}],"version-history":[{"count":0,"href":"https:\/\/jornalfatosenoticias.com.br\/index.php\/wp-json\/wp\/v2\/posts\/58880\/revisions"}],"wp:featuredmedia":[{"embeddable":true,"href":"https:\/\/jornalfatosenoticias.com.br\/index.php\/wp-json\/wp\/v2\/media\/58882"}],"wp:attachment":[{"href":"https:\/\/jornalfatosenoticias.com.br\/index.php\/wp-json\/wp\/v2\/media?parent=58880"}],"wp:term":[{"taxonomy":"category","embeddable":true,"href":"https:\/\/jornalfatosenoticias.com.br\/index.php\/wp-json\/wp\/v2\/categories?post=58880"},{"taxonomy":"post_tag","embeddable":true,"href":"https:\/\/jornalfatosenoticias.com.br\/index.php\/wp-json\/wp\/v2\/tags?post=58880"}],"curies":[{"name":"wp","href":"https:\/\/api.w.org\/{rel}","templated":true}]}}