{"id":58885,"date":"2025-04-30T14:33:42","date_gmt":"2025-04-30T17:33:42","guid":{"rendered":"https:\/\/jornalfatosenoticias.com.br\/?p=58885"},"modified":"2025-04-30T14:33:44","modified_gmt":"2025-04-30T17:33:44","slug":"perda-auditiva-pode-causar-demencia-revela-estudo-brasileiro","status":"publish","type":"post","link":"https:\/\/jornalfatosenoticias.com.br\/index.php\/2025\/04\/30\/perda-auditiva-pode-causar-demencia-revela-estudo-brasileiro\/","title":{"rendered":"Perda auditiva pode causar dem\u00eancia, revela estudo brasileiro"},"content":{"rendered":"\n<p><span class=\"has-inline-color has-black-color\"><em>Trabalho revelou que pessoas com problemas auditivos tiveram um decl\u00ednio cognitivo global mais r\u00e1pido que o esperado para a idade<\/em><\/span><\/p>\n\n\n\n<p><span class=\"has-inline-color has-black-color\">Por <strong><a href=\"https:\/\/olhardigital.com.br\/author\/alessandro-lorenzo\/\">Alessandro Di Lorenzo<\/a><\/strong><\/span><\/p>\n\n\n\n<div class=\"wp-block-image\"><figure class=\"aligncenter size-large\"><a href=\"https:\/\/mizu.com.br\/\"><img loading=\"lazy\" decoding=\"async\" width=\"729\" height=\"90\" src=\"https:\/\/jornalfatosenoticias.com.br\/wp-content\/uploads\/2020\/02\/Logo_Mizu.png\" alt=\"\" class=\"wp-image-1441\" srcset=\"https:\/\/jornalfatosenoticias.com.br\/wp-content\/uploads\/2020\/02\/Logo_Mizu.png 729w, https:\/\/jornalfatosenoticias.com.br\/wp-content\/uploads\/2020\/02\/Logo_Mizu-300x37.png 300w\" sizes=\"auto, (max-width: 729px) 100vw, 729px\" \/><\/a><\/figure><\/div>\n\n\n\n<p>A ado\u00e7\u00e3o de cuidados para com a sa\u00fade auditiva \u00e9 uma forma de retardar o decl\u00ednio cognitivo e prevenir o surgimento da <strong><a href=\"https:\/\/olhardigital.com.br\/tag\/demencia\/\" target=\"_blank\" rel=\"noreferrer noopener\">dem\u00eancia<\/a>.<\/strong> \u00c9 isso o que revelou um estudo realizado com 805 brasileiros na faixa dos 50 anos de idade. Segundo os pesquisadores envolvidos no trabalho, a descoberta pode ajudar a reduzir o n\u00famero de casos de Alzheimer no futuro, por exemplo. As conclus\u00f5es foram descritas no <strong><a href=\"https:\/\/journals.sagepub.com\/doi\/abs\/10.1177\/13872877251315043\" target=\"_blank\" rel=\"noreferrer noopener\">Journal of Alzheimer\u2019s Disease<\/a>.<\/strong><br>A <strong><a href=\"https:\/\/olhardigital.com.br\/tag\/surdez\/\" target=\"_blank\" rel=\"noreferrer noopener\">perda auditiva<\/a>\u00a0<\/strong>geralmente tem in\u00edcio na meia-idade e \u00e9 um fator de risco reconhecido para dem\u00eancias. Isso ocorre em fun\u00e7\u00e3o da audi\u00e7\u00e3o ser uma importante via de entrada de informa\u00e7\u00e3o para o c\u00e9rebro. Quando este processo \u00e9 interrompido, \u00e1reas importantes deixam de ser estimuladas, podendo acelerar o decl\u00ednio cognitivo.<\/p>\n\n\n\n<div class=\"wp-block-image\"><figure class=\"aligncenter size-large\"><a href=\"http:\/\/www.ferrarimaquinas.com.br\/\"><img loading=\"lazy\" decoding=\"async\" width=\"300\" height=\"250\" src=\"https:\/\/jornalfatosenoticias.com.br\/wp-content\/uploads\/2022\/02\/FERRARI_MAQUINAS-E-FERRAMENTAS2.jpg\" alt=\"\" class=\"wp-image-27860\"\/><\/a><\/figure><\/div>\n\n\n\n<p>Al\u00e9m disso, os problemas de audi\u00e7\u00e3o podem levar ao isolamento social. Fatores ligados ao trabalho s\u00e3o um dos principais respons\u00e1veis pela perda auditiva, em fun\u00e7\u00e3o da exposi\u00e7\u00e3o a ambientes com muito barulho. Por outro lado, o uso de fones de ouvido com volume muito alto tamb\u00e9m prejudica a audi\u00e7\u00e3o. As informa\u00e7\u00f5es s\u00e3o da <strong><a href=\"https:\/\/agencia.fapesp.br\/perda-auditiva-na-meia-idade-pode-acelerar-o-declinio-cognitivo\/54566\" target=\"_blank\" rel=\"noreferrer noopener\">Ag\u00eancia Fapesp<\/a>.<\/strong><\/p>\n\n\n\n<div class=\"wp-block-image\"><figure class=\"aligncenter size-large is-resized\"><a href=\"https:\/\/hotelmarquetti.com.br\/\"><img loading=\"lazy\" decoding=\"async\" src=\"https:\/\/jornalfatosenoticias.com.br\/wp-content\/uploads\/2020\/02\/LOGO-MQ-1024x680.jpg\" alt=\"\" class=\"wp-image-58299\" width=\"366\" height=\"243\" srcset=\"https:\/\/jornalfatosenoticias.com.br\/wp-content\/uploads\/2020\/02\/LOGO-MQ-1024x680.jpg 1024w, https:\/\/jornalfatosenoticias.com.br\/wp-content\/uploads\/2020\/02\/LOGO-MQ-300x199.jpg 300w, https:\/\/jornalfatosenoticias.com.br\/wp-content\/uploads\/2020\/02\/LOGO-MQ-768x510.jpg 768w, https:\/\/jornalfatosenoticias.com.br\/wp-content\/uploads\/2020\/02\/LOGO-MQ-1536x1020.jpg 1536w, https:\/\/jornalfatosenoticias.com.br\/wp-content\/uploads\/2020\/02\/LOGO-MQ-2048x1360.jpg 2048w\" sizes=\"auto, (max-width: 366px) 100vw, 366px\" \/><\/a><\/figure><\/div>\n\n\n\n<p>Durante o estudo, os participantes realizaram testes de audiometria, uma medida objetiva da qualidade da audi\u00e7\u00e3o, tr\u00eas vezes ao longo dos oito anos de investiga\u00e7\u00e3o. No mesmo per\u00edodo foram realizados testes de mem\u00f3ria, linguagem e fun\u00e7\u00e3o executiva, que aferiram a associa\u00e7\u00e3o entre perda auditiva e decl\u00ednio cognitivo acentuado.<\/p>\n\n\n\n<div class=\"wp-block-image\"><figure class=\"aligncenter size-large is-resized\"><a href=\"https:\/\/www.instagram.com\/restaurantepegoretti\/\"><img loading=\"lazy\" decoding=\"async\" src=\"https:\/\/jornalfatosenoticias.com.br\/wp-content\/uploads\/2023\/12\/pegoretti-logo-pdf-1024x389.jpg\" alt=\"\" class=\"wp-image-47536\" width=\"493\" height=\"187\" srcset=\"https:\/\/jornalfatosenoticias.com.br\/wp-content\/uploads\/2023\/12\/pegoretti-logo-pdf-1024x389.jpg 1024w, https:\/\/jornalfatosenoticias.com.br\/wp-content\/uploads\/2023\/12\/pegoretti-logo-pdf-300x114.jpg 300w, https:\/\/jornalfatosenoticias.com.br\/wp-content\/uploads\/2023\/12\/pegoretti-logo-pdf-768x291.jpg 768w, https:\/\/jornalfatosenoticias.com.br\/wp-content\/uploads\/2023\/12\/pegoretti-logo-pdf.jpg 1120w\" sizes=\"auto, (max-width: 493px) 100vw, 493px\" \/><\/a><\/figure><\/div>\n\n\n\n<p>Dos 805 participantes, 62 (7,7%) apresentaram perda auditiva. Eles tiveram um decl\u00ednio cognitivo global mais r\u00e1pido que o esperado para a idade. Al\u00e9m disso, os testes espec\u00edficos do dom\u00ednio cognitivo mostraram decl\u00ednios semelhantes, mas menos precisos, na mem\u00f3ria, flu\u00eancia verbal e fun\u00e7\u00e3o executiva.<\/p>\n\n\n\n<div class=\"wp-block-image\"><figure class=\"aligncenter size-large is-resized\"><a href=\"https:\/\/www.instagram.com\/esteiochurrascaria\/\"><img loading=\"lazy\" decoding=\"async\" src=\"https:\/\/jornalfatosenoticias.com.br\/wp-content\/uploads\/2022\/02\/LOGO-ESTEIO-1024x730.png\" alt=\"\" class=\"wp-image-27942\" width=\"345\" height=\"246\" srcset=\"https:\/\/jornalfatosenoticias.com.br\/wp-content\/uploads\/2022\/02\/LOGO-ESTEIO-1024x730.png 1024w, https:\/\/jornalfatosenoticias.com.br\/wp-content\/uploads\/2022\/02\/LOGO-ESTEIO-300x214.png 300w, https:\/\/jornalfatosenoticias.com.br\/wp-content\/uploads\/2022\/02\/LOGO-ESTEIO-768x548.png 768w, https:\/\/jornalfatosenoticias.com.br\/wp-content\/uploads\/2022\/02\/LOGO-ESTEIO.png 1123w\" sizes=\"auto, (max-width: 345px) 100vw, 345px\" \/><\/a><\/figure><\/div>\n\n\n\n<blockquote class=\"wp-block-quote is-layout-flow wp-block-quote-is-layout-flow\"><p><span class=\"has-inline-color has-luminous-vivid-orange-color\">A perda auditiva \u00e9 o que chamamos de fator de risco modific\u00e1vel para as dem\u00eancias, entre elas Alzheimer, exatamente por ser pass\u00edvel de identifica\u00e7\u00e3o e corre\u00e7\u00e3o. Em 2050, a previs\u00e3o \u00e9 que mais de 70% das pessoas com dem\u00eancias vivam em pa\u00edses de baixa e m\u00e9dia renda, como o Brasil. Por isso, \u00e9 importante ter estudos que identifiquem a nossa realidade e os fatores pass\u00edveis de preven\u00e7\u00e3o. Al\u00e9m do peso individual, h\u00e1 tamb\u00e9m uma carga coletiva. N\u00e3o tem como o Brasil e outros pa\u00edses de baixa e m\u00e9dia renda envelhecerem com dem\u00eancia&#8217;, explica Claudia Suemoto, professora da Faculdade de Medicina da Universidade de S\u00e3o Paulo e autora do estudo.<\/span><\/p><\/blockquote>\n\n\n\n<div class=\"wp-block-image\"><figure class=\"aligncenter size-large is-resized\"><a href=\"https:\/\/www.legisjuris.com.br\/\"><img loading=\"lazy\" decoding=\"async\" src=\"https:\/\/jornalfatosenoticias.com.br\/wp-content\/uploads\/2024\/09\/Legis-Juris-Consultoria_logo.jpg\" alt=\"\" class=\"wp-image-53915\" width=\"453\" height=\"190\" srcset=\"https:\/\/jornalfatosenoticias.com.br\/wp-content\/uploads\/2024\/09\/Legis-Juris-Consultoria_logo.jpg 969w, https:\/\/jornalfatosenoticias.com.br\/wp-content\/uploads\/2024\/09\/Legis-Juris-Consultoria_logo-300x126.jpg 300w, https:\/\/jornalfatosenoticias.com.br\/wp-content\/uploads\/2024\/09\/Legis-Juris-Consultoria_logo-768x322.jpg 768w\" sizes=\"auto, (max-width: 453px) 100vw, 453px\" \/><\/a><\/figure><\/div>\n\n\n\n<p><strong>Fonte: <a href=\"https:\/\/olhardigital.com.br\/2025\/04\/26\/medicina-e-saude\/perda-auditiva-pode-causar-demencia-revela-estudo-brasileiro\/\">Olhar Digital<\/a><\/strong><\/p>\n","protected":false},"excerpt":{"rendered":"<p>Trabalho revelou que pessoas com problemas auditivos tiveram um decl\u00ednio cognitivo global mais r\u00e1pido que o esperado para a idade Por Alessandro Di Lorenzo A ado\u00e7\u00e3o de cuidados para com a sa\u00fade auditiva \u00e9 uma forma de retardar o decl\u00ednio cognitivo e prevenir o surgimento da dem\u00eancia. \u00c9 isso o que revelou um estudo realizado [&hellip;]<\/p>\n","protected":false},"author":2,"featured_media":58886,"comment_status":"open","ping_status":"open","sticky":false,"template":"","format":"standard","meta":{"footnotes":""},"categories":[11],"tags":[2501,5099,3402,714,5100],"class_list":["post-58885","post","type-post","status-publish","format-standard","has-post-thumbnail","hentry","category-saude","tag-alzheimer","tag-audicao","tag-demencia","tag-estudo","tag-perda-auditiva"],"yoast_head":"<!-- This site is optimized with the Yoast SEO plugin v26.5 - https:\/\/yoast.com\/wordpress\/plugins\/seo\/ -->\n<title>Perda auditiva pode causar dem\u00eancia, revela estudo brasileiro - Jornal Fatos e Not\u00edcias<\/title>\n<meta name=\"robots\" content=\"index, follow, max-snippet:-1, max-image-preview:large, max-video-preview:-1\" \/>\n<link rel=\"canonical\" href=\"https:\/\/jornalfatosenoticias.com.br\/index.php\/2025\/04\/30\/perda-auditiva-pode-causar-demencia-revela-estudo-brasileiro\/\" \/>\n<meta property=\"og:locale\" content=\"pt_BR\" \/>\n<meta property=\"og:type\" content=\"article\" \/>\n<meta property=\"og:title\" content=\"Perda auditiva pode causar dem\u00eancia, revela estudo brasileiro - Jornal Fatos e Not\u00edcias\" \/>\n<meta property=\"og:description\" content=\"Trabalho revelou que pessoas com problemas auditivos tiveram um decl\u00ednio cognitivo global mais r\u00e1pido que o esperado para a idade Por Alessandro Di Lorenzo A ado\u00e7\u00e3o de cuidados para com a sa\u00fade auditiva \u00e9 uma forma de retardar o decl\u00ednio cognitivo e prevenir o surgimento da dem\u00eancia. \u00c9 isso o que revelou um estudo realizado [&hellip;]\" \/>\n<meta property=\"og:url\" content=\"https:\/\/jornalfatosenoticias.com.br\/index.php\/2025\/04\/30\/perda-auditiva-pode-causar-demencia-revela-estudo-brasileiro\/\" \/>\n<meta property=\"og:site_name\" content=\"Jornal Fatos e Not\u00edcias\" \/>\n<meta property=\"article:published_time\" content=\"2025-04-30T17:33:42+00:00\" \/>\n<meta property=\"article:modified_time\" content=\"2025-04-30T17:33:44+00:00\" \/>\n<meta property=\"og:image\" content=\"https:\/\/jornalfatosenoticias.com.br\/wp-content\/uploads\/2025\/04\/perda-auditiva_freepik.jpg\" \/>\n\t<meta property=\"og:image:width\" content=\"996\" \/>\n\t<meta property=\"og:image:height\" content=\"664\" \/>\n\t<meta property=\"og:image:type\" content=\"image\/jpeg\" \/>\n<meta name=\"author\" content=\"Luzimara Fernandes\" \/>\n<meta name=\"twitter:card\" content=\"summary_large_image\" \/>\n<meta name=\"twitter:label1\" content=\"Escrito por\" \/>\n\t<meta name=\"twitter:data1\" content=\"Luzimara Fernandes\" \/>\n\t<meta name=\"twitter:label2\" content=\"Est. tempo de leitura\" \/>\n\t<meta name=\"twitter:data2\" content=\"2 minutos\" \/>\n<script type=\"application\/ld+json\" class=\"yoast-schema-graph\">{\"@context\":\"https:\/\/schema.org\",\"@graph\":[{\"@type\":\"Article\",\"@id\":\"https:\/\/jornalfatosenoticias.com.br\/index.php\/2025\/04\/30\/perda-auditiva-pode-causar-demencia-revela-estudo-brasileiro\/#article\",\"isPartOf\":{\"@id\":\"https:\/\/jornalfatosenoticias.com.br\/index.php\/2025\/04\/30\/perda-auditiva-pode-causar-demencia-revela-estudo-brasileiro\/\"},\"author\":{\"name\":\"Luzimara Fernandes\",\"@id\":\"https:\/\/jornalfatosenoticias.com.br\/#\/schema\/person\/d63837fa13ac8666eb9e74e0985d6f81\"},\"headline\":\"Perda auditiva pode causar dem\u00eancia, revela estudo brasileiro\",\"datePublished\":\"2025-04-30T17:33:42+00:00\",\"dateModified\":\"2025-04-30T17:33:44+00:00\",\"mainEntityOfPage\":{\"@id\":\"https:\/\/jornalfatosenoticias.com.br\/index.php\/2025\/04\/30\/perda-auditiva-pode-causar-demencia-revela-estudo-brasileiro\/\"},\"wordCount\":461,\"commentCount\":0,\"publisher\":{\"@id\":\"https:\/\/jornalfatosenoticias.com.br\/#organization\"},\"image\":{\"@id\":\"https:\/\/jornalfatosenoticias.com.br\/index.php\/2025\/04\/30\/perda-auditiva-pode-causar-demencia-revela-estudo-brasileiro\/#primaryimage\"},\"thumbnailUrl\":\"https:\/\/jornalfatosenoticias.com.br\/wp-content\/uploads\/2025\/04\/perda-auditiva_freepik.jpg\",\"keywords\":[\"Alzheimer\",\"audi\u00e7\u00e3o\",\"dem\u00eancia\",\"Estudo\",\"perda auditiva\"],\"articleSection\":[\"Sa\u00fade\"],\"inLanguage\":\"pt-BR\",\"potentialAction\":[{\"@type\":\"CommentAction\",\"name\":\"Comment\",\"target\":[\"https:\/\/jornalfatosenoticias.com.br\/index.php\/2025\/04\/30\/perda-auditiva-pode-causar-demencia-revela-estudo-brasileiro\/#respond\"]}]},{\"@type\":\"WebPage\",\"@id\":\"https:\/\/jornalfatosenoticias.com.br\/index.php\/2025\/04\/30\/perda-auditiva-pode-causar-demencia-revela-estudo-brasileiro\/\",\"url\":\"https:\/\/jornalfatosenoticias.com.br\/index.php\/2025\/04\/30\/perda-auditiva-pode-causar-demencia-revela-estudo-brasileiro\/\",\"name\":\"Perda auditiva pode causar dem\u00eancia, revela estudo brasileiro - Jornal Fatos e Not\u00edcias\",\"isPartOf\":{\"@id\":\"https:\/\/jornalfatosenoticias.com.br\/#website\"},\"primaryImageOfPage\":{\"@id\":\"https:\/\/jornalfatosenoticias.com.br\/index.php\/2025\/04\/30\/perda-auditiva-pode-causar-demencia-revela-estudo-brasileiro\/#primaryimage\"},\"image\":{\"@id\":\"https:\/\/jornalfatosenoticias.com.br\/index.php\/2025\/04\/30\/perda-auditiva-pode-causar-demencia-revela-estudo-brasileiro\/#primaryimage\"},\"thumbnailUrl\":\"https:\/\/jornalfatosenoticias.com.br\/wp-content\/uploads\/2025\/04\/perda-auditiva_freepik.jpg\",\"datePublished\":\"2025-04-30T17:33:42+00:00\",\"dateModified\":\"2025-04-30T17:33:44+00:00\",\"breadcrumb\":{\"@id\":\"https:\/\/jornalfatosenoticias.com.br\/index.php\/2025\/04\/30\/perda-auditiva-pode-causar-demencia-revela-estudo-brasileiro\/#breadcrumb\"},\"inLanguage\":\"pt-BR\",\"potentialAction\":[{\"@type\":\"ReadAction\",\"target\":[\"https:\/\/jornalfatosenoticias.com.br\/index.php\/2025\/04\/30\/perda-auditiva-pode-causar-demencia-revela-estudo-brasileiro\/\"]}]},{\"@type\":\"ImageObject\",\"inLanguage\":\"pt-BR\",\"@id\":\"https:\/\/jornalfatosenoticias.com.br\/index.php\/2025\/04\/30\/perda-auditiva-pode-causar-demencia-revela-estudo-brasileiro\/#primaryimage\",\"url\":\"https:\/\/jornalfatosenoticias.com.br\/wp-content\/uploads\/2025\/04\/perda-auditiva_freepik.jpg\",\"contentUrl\":\"https:\/\/jornalfatosenoticias.com.br\/wp-content\/uploads\/2025\/04\/perda-auditiva_freepik.jpg\",\"width\":996,\"height\":664},{\"@type\":\"BreadcrumbList\",\"@id\":\"https:\/\/jornalfatosenoticias.com.br\/index.php\/2025\/04\/30\/perda-auditiva-pode-causar-demencia-revela-estudo-brasileiro\/#breadcrumb\",\"itemListElement\":[{\"@type\":\"ListItem\",\"position\":1,\"name\":\"In\u00edcio\",\"item\":\"https:\/\/jornalfatosenoticias.com.br\/\"},{\"@type\":\"ListItem\",\"position\":2,\"name\":\"Perda auditiva pode causar dem\u00eancia, revela estudo brasileiro\"}]},{\"@type\":\"WebSite\",\"@id\":\"https:\/\/jornalfatosenoticias.com.br\/#website\",\"url\":\"https:\/\/jornalfatosenoticias.com.br\/\",\"name\":\"Jornal Fatos e Not\u00edcias\",\"description\":\"Not\u00edcias em geral\",\"publisher\":{\"@id\":\"https:\/\/jornalfatosenoticias.com.br\/#organization\"},\"potentialAction\":[{\"@type\":\"SearchAction\",\"target\":{\"@type\":\"EntryPoint\",\"urlTemplate\":\"https:\/\/jornalfatosenoticias.com.br\/?s={search_term_string}\"},\"query-input\":{\"@type\":\"PropertyValueSpecification\",\"valueRequired\":true,\"valueName\":\"search_term_string\"}}],\"inLanguage\":\"pt-BR\"},{\"@type\":\"Organization\",\"@id\":\"https:\/\/jornalfatosenoticias.com.br\/#organization\",\"name\":\"Jornal Fatos e Not\u00edcias\",\"url\":\"https:\/\/jornalfatosenoticias.com.br\/\",\"logo\":{\"@type\":\"ImageObject\",\"inLanguage\":\"pt-BR\",\"@id\":\"https:\/\/jornalfatosenoticias.com.br\/#\/schema\/logo\/image\/\",\"url\":\"https:\/\/jornalfatosenoticias.com.br\/wp-content\/uploads\/2020\/02\/logo120.png\",\"contentUrl\":\"https:\/\/jornalfatosenoticias.com.br\/wp-content\/uploads\/2020\/02\/logo120.png\",\"width\":1227,\"height\":120,\"caption\":\"Jornal Fatos e Not\u00edcias\"},\"image\":{\"@id\":\"https:\/\/jornalfatosenoticias.com.br\/#\/schema\/logo\/image\/\"}},{\"@type\":\"Person\",\"@id\":\"https:\/\/jornalfatosenoticias.com.br\/#\/schema\/person\/d63837fa13ac8666eb9e74e0985d6f81\",\"name\":\"Luzimara Fernandes\",\"image\":{\"@type\":\"ImageObject\",\"inLanguage\":\"pt-BR\",\"@id\":\"https:\/\/jornalfatosenoticias.com.br\/#\/schema\/person\/image\/\",\"url\":\"https:\/\/jornalfatosenoticias.com.br\/wp-content\/uploads\/2025\/05\/EU_portal.jpg\",\"contentUrl\":\"https:\/\/jornalfatosenoticias.com.br\/wp-content\/uploads\/2025\/05\/EU_portal.jpg\",\"caption\":\"Luzimara Fernandes\"},\"description\":\"Jornalista MTB 2358-ES\",\"sameAs\":[\"https:\/\/jornalfatosenoticias.com.br\"],\"url\":\"https:\/\/jornalfatosenoticias.com.br\/index.php\/author\/luzimara\/\"}]}<\/script>\n<!-- \/ Yoast SEO plugin. -->","yoast_head_json":{"title":"Perda auditiva pode causar dem\u00eancia, revela estudo brasileiro - Jornal Fatos e Not\u00edcias","robots":{"index":"index","follow":"follow","max-snippet":"max-snippet:-1","max-image-preview":"max-image-preview:large","max-video-preview":"max-video-preview:-1"},"canonical":"https:\/\/jornalfatosenoticias.com.br\/index.php\/2025\/04\/30\/perda-auditiva-pode-causar-demencia-revela-estudo-brasileiro\/","og_locale":"pt_BR","og_type":"article","og_title":"Perda auditiva pode causar dem\u00eancia, revela estudo brasileiro - Jornal Fatos e Not\u00edcias","og_description":"Trabalho revelou que pessoas com problemas auditivos tiveram um decl\u00ednio cognitivo global mais r\u00e1pido que o esperado para a idade Por Alessandro Di Lorenzo A ado\u00e7\u00e3o de cuidados para com a sa\u00fade auditiva \u00e9 uma forma de retardar o decl\u00ednio cognitivo e prevenir o surgimento da dem\u00eancia. \u00c9 isso o que revelou um estudo realizado [&hellip;]","og_url":"https:\/\/jornalfatosenoticias.com.br\/index.php\/2025\/04\/30\/perda-auditiva-pode-causar-demencia-revela-estudo-brasileiro\/","og_site_name":"Jornal Fatos e Not\u00edcias","article_published_time":"2025-04-30T17:33:42+00:00","article_modified_time":"2025-04-30T17:33:44+00:00","og_image":[{"width":996,"height":664,"url":"https:\/\/jornalfatosenoticias.com.br\/wp-content\/uploads\/2025\/04\/perda-auditiva_freepik.jpg","type":"image\/jpeg"}],"author":"Luzimara Fernandes","twitter_card":"summary_large_image","twitter_misc":{"Escrito por":"Luzimara Fernandes","Est. tempo de leitura":"2 minutos"},"schema":{"@context":"https:\/\/schema.org","@graph":[{"@type":"Article","@id":"https:\/\/jornalfatosenoticias.com.br\/index.php\/2025\/04\/30\/perda-auditiva-pode-causar-demencia-revela-estudo-brasileiro\/#article","isPartOf":{"@id":"https:\/\/jornalfatosenoticias.com.br\/index.php\/2025\/04\/30\/perda-auditiva-pode-causar-demencia-revela-estudo-brasileiro\/"},"author":{"name":"Luzimara Fernandes","@id":"https:\/\/jornalfatosenoticias.com.br\/#\/schema\/person\/d63837fa13ac8666eb9e74e0985d6f81"},"headline":"Perda auditiva pode causar dem\u00eancia, revela estudo brasileiro","datePublished":"2025-04-30T17:33:42+00:00","dateModified":"2025-04-30T17:33:44+00:00","mainEntityOfPage":{"@id":"https:\/\/jornalfatosenoticias.com.br\/index.php\/2025\/04\/30\/perda-auditiva-pode-causar-demencia-revela-estudo-brasileiro\/"},"wordCount":461,"commentCount":0,"publisher":{"@id":"https:\/\/jornalfatosenoticias.com.br\/#organization"},"image":{"@id":"https:\/\/jornalfatosenoticias.com.br\/index.php\/2025\/04\/30\/perda-auditiva-pode-causar-demencia-revela-estudo-brasileiro\/#primaryimage"},"thumbnailUrl":"https:\/\/jornalfatosenoticias.com.br\/wp-content\/uploads\/2025\/04\/perda-auditiva_freepik.jpg","keywords":["Alzheimer","audi\u00e7\u00e3o","dem\u00eancia","Estudo","perda auditiva"],"articleSection":["Sa\u00fade"],"inLanguage":"pt-BR","potentialAction":[{"@type":"CommentAction","name":"Comment","target":["https:\/\/jornalfatosenoticias.com.br\/index.php\/2025\/04\/30\/perda-auditiva-pode-causar-demencia-revela-estudo-brasileiro\/#respond"]}]},{"@type":"WebPage","@id":"https:\/\/jornalfatosenoticias.com.br\/index.php\/2025\/04\/30\/perda-auditiva-pode-causar-demencia-revela-estudo-brasileiro\/","url":"https:\/\/jornalfatosenoticias.com.br\/index.php\/2025\/04\/30\/perda-auditiva-pode-causar-demencia-revela-estudo-brasileiro\/","name":"Perda auditiva pode causar dem\u00eancia, revela estudo brasileiro - Jornal Fatos e Not\u00edcias","isPartOf":{"@id":"https:\/\/jornalfatosenoticias.com.br\/#website"},"primaryImageOfPage":{"@id":"https:\/\/jornalfatosenoticias.com.br\/index.php\/2025\/04\/30\/perda-auditiva-pode-causar-demencia-revela-estudo-brasileiro\/#primaryimage"},"image":{"@id":"https:\/\/jornalfatosenoticias.com.br\/index.php\/2025\/04\/30\/perda-auditiva-pode-causar-demencia-revela-estudo-brasileiro\/#primaryimage"},"thumbnailUrl":"https:\/\/jornalfatosenoticias.com.br\/wp-content\/uploads\/2025\/04\/perda-auditiva_freepik.jpg","datePublished":"2025-04-30T17:33:42+00:00","dateModified":"2025-04-30T17:33:44+00:00","breadcrumb":{"@id":"https:\/\/jornalfatosenoticias.com.br\/index.php\/2025\/04\/30\/perda-auditiva-pode-causar-demencia-revela-estudo-brasileiro\/#breadcrumb"},"inLanguage":"pt-BR","potentialAction":[{"@type":"ReadAction","target":["https:\/\/jornalfatosenoticias.com.br\/index.php\/2025\/04\/30\/perda-auditiva-pode-causar-demencia-revela-estudo-brasileiro\/"]}]},{"@type":"ImageObject","inLanguage":"pt-BR","@id":"https:\/\/jornalfatosenoticias.com.br\/index.php\/2025\/04\/30\/perda-auditiva-pode-causar-demencia-revela-estudo-brasileiro\/#primaryimage","url":"https:\/\/jornalfatosenoticias.com.br\/wp-content\/uploads\/2025\/04\/perda-auditiva_freepik.jpg","contentUrl":"https:\/\/jornalfatosenoticias.com.br\/wp-content\/uploads\/2025\/04\/perda-auditiva_freepik.jpg","width":996,"height":664},{"@type":"BreadcrumbList","@id":"https:\/\/jornalfatosenoticias.com.br\/index.php\/2025\/04\/30\/perda-auditiva-pode-causar-demencia-revela-estudo-brasileiro\/#breadcrumb","itemListElement":[{"@type":"ListItem","position":1,"name":"In\u00edcio","item":"https:\/\/jornalfatosenoticias.com.br\/"},{"@type":"ListItem","position":2,"name":"Perda auditiva pode causar dem\u00eancia, revela estudo brasileiro"}]},{"@type":"WebSite","@id":"https:\/\/jornalfatosenoticias.com.br\/#website","url":"https:\/\/jornalfatosenoticias.com.br\/","name":"Jornal Fatos e Not\u00edcias","description":"Not\u00edcias em geral","publisher":{"@id":"https:\/\/jornalfatosenoticias.com.br\/#organization"},"potentialAction":[{"@type":"SearchAction","target":{"@type":"EntryPoint","urlTemplate":"https:\/\/jornalfatosenoticias.com.br\/?s={search_term_string}"},"query-input":{"@type":"PropertyValueSpecification","valueRequired":true,"valueName":"search_term_string"}}],"inLanguage":"pt-BR"},{"@type":"Organization","@id":"https:\/\/jornalfatosenoticias.com.br\/#organization","name":"Jornal Fatos e Not\u00edcias","url":"https:\/\/jornalfatosenoticias.com.br\/","logo":{"@type":"ImageObject","inLanguage":"pt-BR","@id":"https:\/\/jornalfatosenoticias.com.br\/#\/schema\/logo\/image\/","url":"https:\/\/jornalfatosenoticias.com.br\/wp-content\/uploads\/2020\/02\/logo120.png","contentUrl":"https:\/\/jornalfatosenoticias.com.br\/wp-content\/uploads\/2020\/02\/logo120.png","width":1227,"height":120,"caption":"Jornal Fatos e Not\u00edcias"},"image":{"@id":"https:\/\/jornalfatosenoticias.com.br\/#\/schema\/logo\/image\/"}},{"@type":"Person","@id":"https:\/\/jornalfatosenoticias.com.br\/#\/schema\/person\/d63837fa13ac8666eb9e74e0985d6f81","name":"Luzimara Fernandes","image":{"@type":"ImageObject","inLanguage":"pt-BR","@id":"https:\/\/jornalfatosenoticias.com.br\/#\/schema\/person\/image\/","url":"https:\/\/jornalfatosenoticias.com.br\/wp-content\/uploads\/2025\/05\/EU_portal.jpg","contentUrl":"https:\/\/jornalfatosenoticias.com.br\/wp-content\/uploads\/2025\/05\/EU_portal.jpg","caption":"Luzimara Fernandes"},"description":"Jornalista MTB 2358-ES","sameAs":["https:\/\/jornalfatosenoticias.com.br"],"url":"https:\/\/jornalfatosenoticias.com.br\/index.php\/author\/luzimara\/"}]}},"cc_featured_image_caption":{"caption_text":"(Foto: Freepik) ","source_text":"","source_url":""},"jetpack_featured_media_url":"https:\/\/jornalfatosenoticias.com.br\/wp-content\/uploads\/2025\/04\/perda-auditiva_freepik.jpg","_links":{"self":[{"href":"https:\/\/jornalfatosenoticias.com.br\/index.php\/wp-json\/wp\/v2\/posts\/58885","targetHints":{"allow":["GET"]}}],"collection":[{"href":"https:\/\/jornalfatosenoticias.com.br\/index.php\/wp-json\/wp\/v2\/posts"}],"about":[{"href":"https:\/\/jornalfatosenoticias.com.br\/index.php\/wp-json\/wp\/v2\/types\/post"}],"author":[{"embeddable":true,"href":"https:\/\/jornalfatosenoticias.com.br\/index.php\/wp-json\/wp\/v2\/users\/2"}],"replies":[{"embeddable":true,"href":"https:\/\/jornalfatosenoticias.com.br\/index.php\/wp-json\/wp\/v2\/comments?post=58885"}],"version-history":[{"count":0,"href":"https:\/\/jornalfatosenoticias.com.br\/index.php\/wp-json\/wp\/v2\/posts\/58885\/revisions"}],"wp:featuredmedia":[{"embeddable":true,"href":"https:\/\/jornalfatosenoticias.com.br\/index.php\/wp-json\/wp\/v2\/media\/58886"}],"wp:attachment":[{"href":"https:\/\/jornalfatosenoticias.com.br\/index.php\/wp-json\/wp\/v2\/media?parent=58885"}],"wp:term":[{"taxonomy":"category","embeddable":true,"href":"https:\/\/jornalfatosenoticias.com.br\/index.php\/wp-json\/wp\/v2\/categories?post=58885"},{"taxonomy":"post_tag","embeddable":true,"href":"https:\/\/jornalfatosenoticias.com.br\/index.php\/wp-json\/wp\/v2\/tags?post=58885"}],"curies":[{"name":"wp","href":"https:\/\/api.w.org\/{rel}","templated":true}]}}