{"id":58899,"date":"2025-05-02T09:57:53","date_gmt":"2025-05-02T12:57:53","guid":{"rendered":"https:\/\/jornalfatosenoticias.com.br\/?p=58899"},"modified":"2025-05-02T09:57:56","modified_gmt":"2025-05-02T12:57:56","slug":"a-semana-no-brasil-e-no-mundo-frei-chico-irmao-de-lula-expoe-infiltracao-do-pt-no-estado","status":"publish","type":"post","link":"https:\/\/jornalfatosenoticias.com.br\/index.php\/2025\/05\/02\/a-semana-no-brasil-e-no-mundo-frei-chico-irmao-de-lula-expoe-infiltracao-do-pt-no-estado\/","title":{"rendered":"A Semana no Brasil e no Mundo \u2014 Frei Chico, irm\u00e3o de Lula, exp\u00f5e infiltra\u00e7\u00e3o do PT no Estado"},"content":{"rendered":"\n<div class=\"wp-block-image\"><figure class=\"aligncenter size-large\"><a href=\"https:\/\/mizu.com.br\/\"><img loading=\"lazy\" decoding=\"async\" width=\"729\" height=\"90\" src=\"https:\/\/jornalfatosenoticias.com.br\/wp-content\/uploads\/2020\/02\/Logo_Mizu.png\" alt=\"\" class=\"wp-image-1441\" srcset=\"https:\/\/jornalfatosenoticias.com.br\/wp-content\/uploads\/2020\/02\/Logo_Mizu.png 729w, https:\/\/jornalfatosenoticias.com.br\/wp-content\/uploads\/2020\/02\/Logo_Mizu-300x37.png 300w\" sizes=\"auto, (max-width: 729px) 100vw, 729px\" \/><\/a><\/figure><\/div>\n\n\n\n<p>Em meio \u00e0s investiga\u00e7\u00f5es sobre desvios bilion\u00e1rios no Instituto Nacional de Seguro Social (INSS), Jos\u00e9 Ferreira da Silva, o Frei Chico, irm\u00e3o de Luiz In\u00e1cio Lula da Silva, revelou a estrat\u00e9gia usada pelo Partido dos Trabalhadores (PT) para dominar o aparato estatal brasileiro. Em entrevista concedida \u00e0 revista F\u00f3rum em agosto de 2024, Frei Chico afirmou que o PT nomeou discretamente ju\u00edzes, promotores, procuradores e militares durante seus anos no poder para garantir influ\u00eancia nas institui\u00e7\u00f5es p\u00fablicas. \u201cSe n\u00e3o fizer isso, n\u00e3o vai mudar\u201d, declarou, admitindo que a infiltra\u00e7\u00e3o foi feita de maneira silenciosa para evitar resist\u00eancia ou percep\u00e7\u00e3o p\u00fablica.<br>As declara\u00e7\u00f5es refor\u00e7am uma vis\u00e3o j\u00e1 antiga de que os governos petistas buscaram instrumentalizar \u00f3rg\u00e3os do Estado para consolidar sua hegemonia pol\u00edtica e neutralizar eventuais resist\u00eancias institucionais. Frei Chico tamb\u00e9m fez declara\u00e7\u00f5es radicais ao afirmar que defende a extin\u00e7\u00e3o das For\u00e7as Armadas brasileiras: <em><strong>\u201c\u00e9 um sonho daqui para a frente, porque o chamado comunismo n\u00e3o existir\u00e1 com facilidade. Para chegar a essa sociedade sonhada, precisa eliminar esse pessoal altamente conservador, est\u00fapido, ignorante\u201d, <\/strong><\/em>afirmou o sindicalista.<\/p>\n\n\n\n<div class=\"wp-block-image\"><figure class=\"aligncenter size-large is-resized\"><a href=\"https:\/\/www.facebook.com\/postobkr\/?locale=pt_BR\"><img loading=\"lazy\" decoding=\"async\" src=\"https:\/\/jornalfatosenoticias.com.br\/wp-content\/uploads\/2023\/08\/BKR-1024x1021.jpg\" alt=\"\" class=\"wp-image-44494\" width=\"320\" height=\"319\" srcset=\"https:\/\/jornalfatosenoticias.com.br\/wp-content\/uploads\/2023\/08\/BKR-1024x1021.jpg 1024w, https:\/\/jornalfatosenoticias.com.br\/wp-content\/uploads\/2023\/08\/BKR-300x300.jpg 300w, https:\/\/jornalfatosenoticias.com.br\/wp-content\/uploads\/2023\/08\/BKR-150x150.jpg 150w, https:\/\/jornalfatosenoticias.com.br\/wp-content\/uploads\/2023\/08\/BKR-768x766.jpg 768w, https:\/\/jornalfatosenoticias.com.br\/wp-content\/uploads\/2023\/08\/BKR.jpg 1080w\" sizes=\"auto, (max-width: 320px) 100vw, 320px\" \/><\/a><\/figure><\/div>\n\n\n\n<p>O irm\u00e3o do petista ocupa hoje o cargo de vice-presidente do Sindicato Nacional dos Aposentados, Pensionistas e Idosos do Brasil (Sindnapi), entidade que \u00e9 um dos alvos da Opera\u00e7\u00e3o Sem Desconto. A investiga\u00e7\u00e3o, conduzida pela Pol\u00edcia Federal (PF) e pela Controladoria-Geral da Uni\u00e3o (CGU), apura o desvio de R$ 6,3 bilh\u00f5es em descontos indevidos aplicados a aposentados e pensionistas sem autoriza\u00e7\u00e3o.<\/p>\n\n\n\n<div class=\"wp-block-image\"><figure class=\"aligncenter size-large is-resized\"><a href=\"https:\/\/www.facebook.com\/vetor.vix\/\"><img loading=\"lazy\" decoding=\"async\" src=\"https:\/\/jornalfatosenoticias.com.br\/wp-content\/uploads\/2023\/09\/vetorvix1024_1.jpg\" alt=\"\" class=\"wp-image-44868\" width=\"539\" height=\"143\" srcset=\"https:\/\/jornalfatosenoticias.com.br\/wp-content\/uploads\/2023\/09\/vetorvix1024_1.jpg 1024w, https:\/\/jornalfatosenoticias.com.br\/wp-content\/uploads\/2023\/09\/vetorvix1024_1-300x80.jpg 300w, https:\/\/jornalfatosenoticias.com.br\/wp-content\/uploads\/2023\/09\/vetorvix1024_1-768x205.jpg 768w\" sizes=\"auto, (max-width: 539px) 100vw, 539px\" \/><\/a><\/figure><\/div>\n\n\n\n<p>Embora a Pol\u00edcia Federal tenha informado que Frei Chico n\u00e3o \u00e9 diretamente investigado, o Sindnapi \u2014 entidade da qual ele \u00e9 vice-presidente \u2014 est\u00e1 formalmente implicado no esquema. A opera\u00e7\u00e3o revelou uma teia de descontos autom\u00e1ticos, fraudes e manipula\u00e7\u00f5es que drenaram recursos de benefici\u00e1rios vulner\u00e1veis.<\/p>\n\n\n\n<div class=\"wp-block-image\"><figure class=\"aligncenter size-large is-resized\"><a href=\"https:\/\/www.instagram.com\/rcradiadores\/\"><img loading=\"lazy\" decoding=\"async\" src=\"https:\/\/jornalfatosenoticias.com.br\/wp-content\/uploads\/2022\/10\/RC_800x750_page-0001.jpg\" alt=\"\" class=\"wp-image-35338\" width=\"314\" height=\"295\" srcset=\"https:\/\/jornalfatosenoticias.com.br\/wp-content\/uploads\/2022\/10\/RC_800x750_page-0001.jpg 400w, https:\/\/jornalfatosenoticias.com.br\/wp-content\/uploads\/2022\/10\/RC_800x750_page-0001-300x281.jpg 300w\" sizes=\"auto, (max-width: 314px) 100vw, 314px\" \/><\/a><\/figure><\/div>\n\n\n\n<p>Em resposta \u00e0s investiga\u00e7\u00f5es, Frei Chico afirmou que est\u00e1 \u201ctranquilo\u201d e \u201cconfiante\u201d no trabalho da PF. No entanto, o contexto de suas declara\u00e7\u00f5es sobre infiltra\u00e7\u00e3o institucional e sua posi\u00e7\u00e3o dentro de uma entidade investigada lan\u00e7am d\u00favidas sobre o n\u00edvel de envolvimento e o ambiente permissivo instalado nas estruturas de poder sob influ\u00eancia petista.<\/p>\n\n\n\n<div class=\"wp-block-image\"><figure class=\"aligncenter size-large is-resized\"><a href=\"https:\/\/www.instagram.com\/restaurantepegoretti\/\"><img loading=\"lazy\" decoding=\"async\" src=\"https:\/\/jornalfatosenoticias.com.br\/wp-content\/uploads\/2023\/12\/pegoretti-logo-pdf-1024x389.jpg\" alt=\"\" class=\"wp-image-47536\" width=\"535\" height=\"203\" srcset=\"https:\/\/jornalfatosenoticias.com.br\/wp-content\/uploads\/2023\/12\/pegoretti-logo-pdf-1024x389.jpg 1024w, https:\/\/jornalfatosenoticias.com.br\/wp-content\/uploads\/2023\/12\/pegoretti-logo-pdf-300x114.jpg 300w, https:\/\/jornalfatosenoticias.com.br\/wp-content\/uploads\/2023\/12\/pegoretti-logo-pdf-768x291.jpg 768w, https:\/\/jornalfatosenoticias.com.br\/wp-content\/uploads\/2023\/12\/pegoretti-logo-pdf.jpg 1120w\" sizes=\"auto, (max-width: 535px) 100vw, 535px\" \/><\/a><\/figure><\/div>\n\n\n\n<p><strong><span class=\"has-inline-color has-black-color\">Um retrato do projeto de poder<br><\/span><\/strong>As declara\u00e7\u00f5es de Frei Chico e o esc\u00e2ndalo do INSS refor\u00e7am a narrativa de que o PT n\u00e3o apenas buscou o poder pelas urnas, mas tamb\u00e9m investiu em mecanismos de ocupa\u00e7\u00e3o sist\u00eamica do Estado \u2014 um projeto de longo prazo, executado sem transpar\u00eancia e, segundo a pr\u00f3pria confiss\u00e3o, de forma deliberada.<\/p>\n\n\n\n<div class=\"wp-block-image\"><figure class=\"aligncenter size-large is-resized\"><a href=\"https:\/\/www.facebook.com\/profile.php?id=100069289606145\"><img loading=\"lazy\" decoding=\"async\" src=\"https:\/\/jornalfatosenoticias.com.br\/wp-content\/uploads\/2024\/11\/Guaitolini-Contabilidade-1024x714.jpeg\" alt=\"\" class=\"wp-image-55808\" width=\"325\" height=\"226\" srcset=\"https:\/\/jornalfatosenoticias.com.br\/wp-content\/uploads\/2024\/11\/Guaitolini-Contabilidade-1024x714.jpeg 1024w, https:\/\/jornalfatosenoticias.com.br\/wp-content\/uploads\/2024\/11\/Guaitolini-Contabilidade-300x209.jpeg 300w, https:\/\/jornalfatosenoticias.com.br\/wp-content\/uploads\/2024\/11\/Guaitolini-Contabilidade-768x535.jpeg 768w, https:\/\/jornalfatosenoticias.com.br\/wp-content\/uploads\/2024\/11\/Guaitolini-Contabilidade.jpeg 1280w\" sizes=\"auto, (max-width: 325px) 100vw, 325px\" \/><\/a><\/figure><\/div>\n\n\n\n<p>\u00c0 medida que as investiga\u00e7\u00f5es avan\u00e7am, a press\u00e3o p\u00fablica e pol\u00edtica sobre o governo Lula tende a crescer, exigindo explica\u00e7\u00f5es mais claras sobre o alcance das pr\u00e1ticas admitidas e sobre a responsabilidade dos atores envolvidos no novo esc\u00e2ndalo bilion\u00e1rio que atinge diretamente a imagem do Planalto.<strong> (Fonte: Hora Bras\u00edlia)<\/strong><\/p>\n\n\n\n<div class=\"wp-block-image\"><figure class=\"aligncenter size-large is-resized\"><a href=\"https:\/\/www.instagram.com\/serra4x4cambioautomatico\/\"><img loading=\"lazy\" decoding=\"async\" src=\"https:\/\/jornalfatosenoticias.com.br\/wp-content\/uploads\/2024\/08\/Serra-4x4-1-886x1024.jpg\" alt=\"\" class=\"wp-image-53632\" width=\"273\" height=\"315\" srcset=\"https:\/\/jornalfatosenoticias.com.br\/wp-content\/uploads\/2024\/08\/Serra-4x4-1-886x1024.jpg 886w, https:\/\/jornalfatosenoticias.com.br\/wp-content\/uploads\/2024\/08\/Serra-4x4-1-260x300.jpg 260w, https:\/\/jornalfatosenoticias.com.br\/wp-content\/uploads\/2024\/08\/Serra-4x4-1-768x888.jpg 768w, https:\/\/jornalfatosenoticias.com.br\/wp-content\/uploads\/2024\/08\/Serra-4x4-1.jpg 1181w\" sizes=\"auto, (max-width: 273px) 100vw, 273px\" \/><\/a><\/figure><\/div>\n\n\n\n<hr class=\"wp-block-separator\"\/>\n\n\n\n<h3 class=\"wp-block-heading\"><span class=\"has-inline-color has-black-color\">Trump alivia tarifas sobre pe\u00e7as automotivas e cria descontos para incentivar produ\u00e7\u00e3o nos EUA<\/span><\/h3>\n\n\n\n<div class=\"wp-block-image\"><figure class=\"aligncenter size-large\"><img loading=\"lazy\" decoding=\"async\" width=\"612\" height=\"408\" src=\"https:\/\/jornalfatosenoticias.com.br\/wp-content\/uploads\/2025\/05\/trump-tarifas_gettyimages.jpg\" alt=\"\" class=\"wp-image-58904\" srcset=\"https:\/\/jornalfatosenoticias.com.br\/wp-content\/uploads\/2025\/05\/trump-tarifas_gettyimages.jpg 612w, https:\/\/jornalfatosenoticias.com.br\/wp-content\/uploads\/2025\/05\/trump-tarifas_gettyimages-300x200.jpg 300w\" sizes=\"auto, (max-width: 612px) 100vw, 612px\" \/><figcaption><em><span class=\"has-inline-color has-black-color\">(Foto: Getty Images)<\/span><\/em><\/figcaption><\/figure><\/div>\n\n\n\n<p><span class=\"has-inline-color has-black-color\">Por <strong>John Lucas<\/strong><br><\/span>O presidente dos Estados Unidos, Donald Trump, assinou, na ter\u00e7a-feira (29), um decreto que modifica as tarifas aplicadas sobre autom\u00f3veis e autope\u00e7as, oferecendo descontos \u00e0s montadoras que produzirem seus ve\u00edculos dentro do pa\u00eds. A medida busca fortalecer a ind\u00fastria nacional e reduzir a depend\u00eancia de pe\u00e7as e ve\u00edculos importados, sem eliminar a tarifa de 25% aplicada \u00e0s importa\u00e7\u00f5es.<\/p>\n\n\n\n<div class=\"wp-block-image\"><figure class=\"aligncenter size-large\"><a href=\"http:\/\/www.ferrarimaquinas.com.br\/\"><img loading=\"lazy\" decoding=\"async\" width=\"300\" height=\"250\" src=\"https:\/\/jornalfatosenoticias.com.br\/wp-content\/uploads\/2022\/02\/FERRARI_MAQUINAS-E-FERRAMENTAS2.jpg\" alt=\"\" class=\"wp-image-27860\"\/><\/a><\/figure><\/div>\n\n\n\n<p>Segundo o decreto, montadoras que montarem seus ve\u00edculos nos Estados Unidos com pe\u00e7as importadas ter\u00e3o direito a um desconto parcial para compensar parte das tarifas pagas. Esse desconto ser\u00e1 equivalente a 3,75% do valor de venda sugerido (MSRP) do ve\u00edculo no primeiro ano e 2,5% no segundo ano, funcionando como incentivo para ampliar a produ\u00e7\u00e3o dom\u00e9stica.<\/p>\n\n\n\n<div class=\"wp-block-image\"><figure class=\"aligncenter size-large is-resized\"><a href=\"https:\/\/www.legisjuris.com.br\/\"><img loading=\"lazy\" decoding=\"async\" src=\"https:\/\/jornalfatosenoticias.com.br\/wp-content\/uploads\/2024\/09\/Legis-Juris-Consultoria_logo.jpg\" alt=\"\" class=\"wp-image-53915\" width=\"496\" height=\"208\" srcset=\"https:\/\/jornalfatosenoticias.com.br\/wp-content\/uploads\/2024\/09\/Legis-Juris-Consultoria_logo.jpg 969w, https:\/\/jornalfatosenoticias.com.br\/wp-content\/uploads\/2024\/09\/Legis-Juris-Consultoria_logo-300x126.jpg 300w, https:\/\/jornalfatosenoticias.com.br\/wp-content\/uploads\/2024\/09\/Legis-Juris-Consultoria_logo-768x322.jpg 768w\" sizes=\"auto, (max-width: 496px) 100vw, 496px\" \/><\/a><\/figure><\/div>\n\n\n\n<p>O secret\u00e1rio do Tesouro dos EUA, Scott Bessent, afirmou que a medida foi constru\u00edda ap\u00f3s conversas diretas com l\u00edderes do setor automotivo. \u201cO presidente Trump est\u00e1 comprometido em trazer de volta a produ\u00e7\u00e3o de autom\u00f3veis para os Estados Unidos\u201d, declarou. O objetivo, segundo o governo, \u00e9 acelerar a cria\u00e7\u00e3o de empregos, atrair investimentos e estimular a instala\u00e7\u00e3o de novas f\u00e1bricas em solo americano.<\/p>\n\n\n\n<div class=\"wp-block-image\"><figure class=\"aligncenter size-large is-resized\"><a href=\"https:\/\/www.instagram.com\/esteiochurrascaria\/\"><img loading=\"lazy\" decoding=\"async\" src=\"https:\/\/jornalfatosenoticias.com.br\/wp-content\/uploads\/2022\/02\/LOGO-ESTEIO-1024x730.png\" alt=\"\" class=\"wp-image-27942\" width=\"331\" height=\"236\" srcset=\"https:\/\/jornalfatosenoticias.com.br\/wp-content\/uploads\/2022\/02\/LOGO-ESTEIO-1024x730.png 1024w, https:\/\/jornalfatosenoticias.com.br\/wp-content\/uploads\/2022\/02\/LOGO-ESTEIO-300x214.png 300w, https:\/\/jornalfatosenoticias.com.br\/wp-content\/uploads\/2022\/02\/LOGO-ESTEIO-768x548.png 768w, https:\/\/jornalfatosenoticias.com.br\/wp-content\/uploads\/2022\/02\/LOGO-ESTEIO.png 1123w\" sizes=\"auto, (max-width: 331px) 100vw, 331px\" \/><\/a><\/figure><\/div>\n\n\n\n<p>O benef\u00edcio varia conforme o volume de conte\u00fado nacional ou de pa\u00edses do USMCA \u2014 acordo comercial entre EUA, M\u00e9xico e Canad\u00e1 \u2014 usado no carro. Se um ve\u00edculo for montado com 85% de pe\u00e7as americanas ou do USMCA, o desconto praticamente elimina o impacto da tarifa no primeiro ano. J\u00e1 se o carro tiver apenas 50% de conte\u00fado nacional, a tarifa, que incidiria sobre metade do ve\u00edculo, ser\u00e1 reduzida: o desconto far\u00e1 com que ela seja cobrada apenas sobre 35% do valor. Ou seja, quanto maior a propor\u00e7\u00e3o de pe\u00e7as nacionais, menor o custo final com tarifas.<\/p>\n\n\n\n<div class=\"wp-block-image\"><figure class=\"aligncenter size-large is-resized\"><a href=\"https:\/\/www.controlsystems.com.br\/\"><img loading=\"lazy\" decoding=\"async\" src=\"https:\/\/jornalfatosenoticias.com.br\/wp-content\/uploads\/2020\/02\/CONTROL-CS.jpg\" alt=\"\" class=\"wp-image-44991\" width=\"283\" height=\"340\" srcset=\"https:\/\/jornalfatosenoticias.com.br\/wp-content\/uploads\/2020\/02\/CONTROL-CS.jpg 834w, https:\/\/jornalfatosenoticias.com.br\/wp-content\/uploads\/2020\/02\/CONTROL-CS-250x300.jpg 250w, https:\/\/jornalfatosenoticias.com.br\/wp-content\/uploads\/2020\/02\/CONTROL-CS-768x921.jpg 768w\" sizes=\"auto, (max-width: 283px) 100vw, 283px\" \/><\/a><\/figure><\/div>\n\n\n\n<p>Ve\u00edculos prontos importados de outros pa\u00edses continuam pagando integralmente a tarifa de 25%, sem direito ao desconto. O governo Trump defende que fortalecer a produ\u00e7\u00e3o interna \u00e9 essencial para garantir a seguran\u00e7a nacional e proteger empregos. A Casa Branca tamb\u00e9m determinou regras r\u00edgidas para evitar abusos: montadoras que inflarem os n\u00fameros de produ\u00e7\u00e3o nacional para obter vantagens indevidas estar\u00e3o sujeitas a san\u00e7\u00f5es severas. <strong>(Fonte: Gazeta do Povo)<\/strong><\/p>\n\n\n\n<div class=\"wp-block-image\"><figure class=\"aligncenter size-large is-resized\"><a href=\"https:\/\/hotelmarquetti.com.br\/\"><img loading=\"lazy\" decoding=\"async\" src=\"https:\/\/jornalfatosenoticias.com.br\/wp-content\/uploads\/2020\/02\/LOGO-MQ-1024x680.jpg\" alt=\"\" class=\"wp-image-58299\" width=\"359\" height=\"238\" srcset=\"https:\/\/jornalfatosenoticias.com.br\/wp-content\/uploads\/2020\/02\/LOGO-MQ-1024x680.jpg 1024w, https:\/\/jornalfatosenoticias.com.br\/wp-content\/uploads\/2020\/02\/LOGO-MQ-300x199.jpg 300w, https:\/\/jornalfatosenoticias.com.br\/wp-content\/uploads\/2020\/02\/LOGO-MQ-768x510.jpg 768w, https:\/\/jornalfatosenoticias.com.br\/wp-content\/uploads\/2020\/02\/LOGO-MQ-1536x1020.jpg 1536w, https:\/\/jornalfatosenoticias.com.br\/wp-content\/uploads\/2020\/02\/LOGO-MQ-2048x1360.jpg 2048w\" sizes=\"auto, (max-width: 359px) 100vw, 359px\" \/><\/a><\/figure><\/div>\n\n\n\n<hr class=\"wp-block-separator\"\/>\n\n\n\n<h3 class=\"wp-block-heading\"><span class=\"has-inline-color has-black-color\">Governo Lula pressiona por fundo privado fora do or\u00e7amento e ignora alertas do TCU sobre riscos fiscais<\/span><\/h3>\n\n\n\n<div class=\"wp-block-image\"><figure class=\"aligncenter size-large\"><img loading=\"lazy\" decoding=\"async\" width=\"612\" height=\"408\" src=\"https:\/\/jornalfatosenoticias.com.br\/wp-content\/uploads\/2025\/05\/orcamento-do-nine_gettyimages.jpg\" alt=\"\" class=\"wp-image-58903\" srcset=\"https:\/\/jornalfatosenoticias.com.br\/wp-content\/uploads\/2025\/05\/orcamento-do-nine_gettyimages.jpg 612w, https:\/\/jornalfatosenoticias.com.br\/wp-content\/uploads\/2025\/05\/orcamento-do-nine_gettyimages-300x200.jpg 300w\" sizes=\"auto, (max-width: 612px) 100vw, 612px\" \/><figcaption><em><span class=\"has-inline-color has-black-color\">(Foto: Getty Images)<\/span><\/em><\/figcaption><\/figure><\/div>\n\n\n\n<p>O governo de Luiz In\u00e1cio Lula da Silva tenta acelerar a vota\u00e7\u00e3o de um projeto que cria permanentemente um fundo privado para financiar obras de infraestrutura em resposta a desastres clim\u00e1ticos. A proposta \u00e9 relatada pelo deputado Nilto Tatto (PT-SP).<\/p>\n\n\n\n<div class=\"wp-block-image\"><figure class=\"aligncenter size-large\"><a href=\"https:\/\/www.cesconetto.com.br\/\"><img loading=\"lazy\" decoding=\"async\" width=\"300\" height=\"250\" src=\"https:\/\/jornalfatosenoticias.com.br\/wp-content\/uploads\/2022\/02\/Banner-2.png\" alt=\"\" class=\"wp-image-27877\"\/><\/a><\/figure><\/div>\n\n\n\n<p>O novo fundo receber\u00e1 recursos da Uni\u00e3o, mas, por ser classificado como privado, as despesas realizadas com ele ficar\u00e3o fora do Or\u00e7amento p\u00fablico, escapando das restri\u00e7\u00f5es impostas pelo arcabou\u00e7o fiscal. Na pr\u00e1tica, trata-se de um mecanismo que permite ao governo ampliar seus gastos sem que eles entrem na conta oficial da d\u00edvida ou pressionem os limites estabelecidos pelo teto de gastos.<\/p>\n\n\n\n<div class=\"wp-block-image\"><figure class=\"aligncenter size-large is-resized\"><a href=\"https:\/\/www.instagram.com\/gruposei\/\"><img loading=\"lazy\" decoding=\"async\" src=\"https:\/\/jornalfatosenoticias.com.br\/wp-content\/uploads\/2022\/07\/Logo-Grupo-SEI.jpg\" alt=\"\" class=\"wp-image-31973\" width=\"368\" height=\"193\" srcset=\"https:\/\/jornalfatosenoticias.com.br\/wp-content\/uploads\/2022\/07\/Logo-Grupo-SEI.jpg 713w, https:\/\/jornalfatosenoticias.com.br\/wp-content\/uploads\/2022\/07\/Logo-Grupo-SEI-300x158.jpg 300w\" sizes=\"auto, (max-width: 368px) 100vw, 368px\" \/><\/a><\/figure><\/div>\n\n\n\n<p>Atualmente, a Caixa Econ\u00f4mica Federal j\u00e1 administra um fundo com esse modelo, criado emergencialmente ap\u00f3s as enchentes no Rio Grande do Sul. Com a aprova\u00e7\u00e3o do novo projeto, esse fundo passar\u00e1 a ter car\u00e1ter permanente, podendo receber novos aportes p\u00fablicos sem controle or\u00e7ament\u00e1rio direto. A proposta, no entanto, enfrenta resist\u00eancia do Tribunal de Contas da Uni\u00e3o (TCU). O presidente da Corte, ministro Vital do R\u00eago, pediu que o Congresso aguarde a conclus\u00e3o de uma auditoria antes de deliberar sobre o projeto. A avalia\u00e7\u00e3o preliminar do tribunal \u00e9 que o modelo de fundo privado, quando abastecido com recursos p\u00fablicos, representa uma viola\u00e7\u00e3o das regras fiscais.<\/p>\n\n\n\n<div class=\"wp-block-image\"><figure class=\"aligncenter size-large is-resized\"><a href=\"https:\/\/panper.com.br\/\"><img loading=\"lazy\" decoding=\"async\" src=\"https:\/\/jornalfatosenoticias.com.br\/wp-content\/uploads\/2023\/03\/logo-Panper_portal.jpg\" alt=\"\" class=\"wp-image-40208\" width=\"336\" height=\"233\" srcset=\"https:\/\/jornalfatosenoticias.com.br\/wp-content\/uploads\/2023\/03\/logo-Panper_portal.jpg 400w, https:\/\/jornalfatosenoticias.com.br\/wp-content\/uploads\/2023\/03\/logo-Panper_portal-300x208.jpg 300w\" sizes=\"auto, (max-width: 336px) 100vw, 336px\" \/><\/a><\/figure><\/div>\n\n\n\n<p>Segundo t\u00e9cnicos do TCU, essa estrutura tem sido usada pelo governo para contornar o teto de gastos e viabilizar pol\u00edticas p\u00fablicas fora do Or\u00e7amento da Uni\u00e3o. O tribunal j\u00e1 havia sinalizado essa preocupa\u00e7\u00e3o durante o julgamento do programa P\u00e9-de-Meia, quando decidiu que recursos p\u00fablicos n\u00e3o podem ser transferidos para fundos privados com o objetivo de financiar programas estatais sem previs\u00e3o or\u00e7ament\u00e1ria. Em relat\u00f3rio apresentado nesta semana, o TCU refor\u00e7ou que o governo deve regularizar todas as despesas semelhantes \u00e0s do P\u00e9-de-Meia no prazo de 120 dias, integrando-as ao Or\u00e7amento oficial.<\/p>\n\n\n\n<div class=\"wp-block-image\"><figure class=\"aligncenter size-large is-resized\"><a href=\"https:\/\/www.ithbrasil.com.br\/\"><img loading=\"lazy\" decoding=\"async\" src=\"https:\/\/jornalfatosenoticias.com.br\/wp-content\/uploads\/2023\/08\/ITH.jpeg\" alt=\"\" class=\"wp-image-44638\" width=\"324\" height=\"263\" srcset=\"https:\/\/jornalfatosenoticias.com.br\/wp-content\/uploads\/2023\/08\/ITH.jpeg 800w, https:\/\/jornalfatosenoticias.com.br\/wp-content\/uploads\/2023\/08\/ITH-300x244.jpeg 300w, https:\/\/jornalfatosenoticias.com.br\/wp-content\/uploads\/2023\/08\/ITH-768x624.jpeg 768w\" sizes=\"auto, (max-width: 324px) 100vw, 324px\" \/><\/a><\/figure><\/div>\n\n\n\n<p><strong><span class=\"has-inline-color has-black-color\">Governo insiste no termo \u201cprivado\u201d; oposi\u00e7\u00e3o acusa maquiagem fiscal<br><\/span><\/strong>Durante a discuss\u00e3o no plen\u00e1rio, o governo foi enf\u00e1tico em afirmar que n\u00e3o abrir\u00e1 m\u00e3o do termo \u201cprivado\u201d no nome do fundo \u2014 justamente o ponto que permite a separa\u00e7\u00e3o das contas do Tesouro. A oposi\u00e7\u00e3o, por sua vez, tenta suprimir o termo e alertar para o que considera um or\u00e7amento paralelo disfar\u00e7ado.<\/p>\n\n\n\n<div class=\"wp-block-image\"><figure class=\"aligncenter size-large is-resized\"><a href=\"https:\/\/www.instagram.com\/restaurantepegoretti\/\"><img loading=\"lazy\" decoding=\"async\" src=\"https:\/\/jornalfatosenoticias.com.br\/wp-content\/uploads\/2023\/12\/pegoretti-logo-pdf-1024x389.jpg\" alt=\"\" class=\"wp-image-47536\" width=\"519\" height=\"197\" srcset=\"https:\/\/jornalfatosenoticias.com.br\/wp-content\/uploads\/2023\/12\/pegoretti-logo-pdf-1024x389.jpg 1024w, https:\/\/jornalfatosenoticias.com.br\/wp-content\/uploads\/2023\/12\/pegoretti-logo-pdf-300x114.jpg 300w, https:\/\/jornalfatosenoticias.com.br\/wp-content\/uploads\/2023\/12\/pegoretti-logo-pdf-768x291.jpg 768w, https:\/\/jornalfatosenoticias.com.br\/wp-content\/uploads\/2023\/12\/pegoretti-logo-pdf.jpg 1120w\" sizes=\"auto, (max-width: 519px) 100vw, 519px\" \/><\/a><\/figure><\/div>\n\n\n\n<p>A deputada Caroline de Toni (PL-SC), l\u00edder da minoria, foi categ\u00f3rica: \u201cessa \u00e9 uma das maiores distor\u00e7\u00f5es apresentadas pelo governo. Se, de fato, todos os aportes aos chamados fundos privados estivessem no Or\u00e7amento da Uni\u00e3o como despesas prim\u00e1rias, por que ent\u00e3o tanta resist\u00eancia em nome\u00e1-los como p\u00fablicos, como \u00e9 natural e transparente?\u201d.<\/p>\n\n\n\n<div class=\"wp-block-image\"><figure class=\"aligncenter size-large is-resized\"><a href=\"https:\/\/www.facebook.com\/postobkr\/?locale=pt_BR\"><img loading=\"lazy\" decoding=\"async\" src=\"https:\/\/jornalfatosenoticias.com.br\/wp-content\/uploads\/2023\/08\/BKR-1024x1021.jpg\" alt=\"\" class=\"wp-image-44494\" width=\"335\" height=\"334\" srcset=\"https:\/\/jornalfatosenoticias.com.br\/wp-content\/uploads\/2023\/08\/BKR-1024x1021.jpg 1024w, https:\/\/jornalfatosenoticias.com.br\/wp-content\/uploads\/2023\/08\/BKR-300x300.jpg 300w, https:\/\/jornalfatosenoticias.com.br\/wp-content\/uploads\/2023\/08\/BKR-150x150.jpg 150w, https:\/\/jornalfatosenoticias.com.br\/wp-content\/uploads\/2023\/08\/BKR-768x766.jpg 768w, https:\/\/jornalfatosenoticias.com.br\/wp-content\/uploads\/2023\/08\/BKR.jpg 1080w\" sizes=\"auto, (max-width: 335px) 100vw, 335px\" \/><\/a><\/figure><\/div>\n\n\n\n<p>J\u00e1 o deputado Carlos Zarattini (PT-SP) defendeu a proposta. Segundo ele, embora o aporte seja p\u00fablico, a execu\u00e7\u00e3o fora do Or\u00e7amento tradicional \u00e9 uma op\u00e7\u00e3o t\u00e9cnica v\u00e1lida. Para Zarattini, as cr\u00edticas refletem mais os interesses do mercado financeiro do que uma preocupa\u00e7\u00e3o real com a responsabilidade fiscal.<\/p>\n\n\n\n<div class=\"wp-block-image\"><figure class=\"aligncenter size-large is-resized\"><a href=\"https:\/\/www.facebook.com\/vetor.vix\/\"><img loading=\"lazy\" decoding=\"async\" src=\"https:\/\/jornalfatosenoticias.com.br\/wp-content\/uploads\/2023\/09\/vetorvix1024_1.jpg\" alt=\"\" class=\"wp-image-44868\" width=\"558\" height=\"148\" srcset=\"https:\/\/jornalfatosenoticias.com.br\/wp-content\/uploads\/2023\/09\/vetorvix1024_1.jpg 1024w, https:\/\/jornalfatosenoticias.com.br\/wp-content\/uploads\/2023\/09\/vetorvix1024_1-300x80.jpg 300w, https:\/\/jornalfatosenoticias.com.br\/wp-content\/uploads\/2023\/09\/vetorvix1024_1-768x205.jpg 768w\" sizes=\"auto, (max-width: 558px) 100vw, 558px\" \/><\/a><\/figure><\/div>\n\n\n\n<p>Na pr\u00e1tica, a proposta aprofunda a discuss\u00e3o sobre transpar\u00eancia fiscal e responsabilidade or\u00e7ament\u00e1ria no Brasil. A insist\u00eancia do governo em manter o fundo como estrutura privada, mesmo com dinheiro p\u00fablico, levanta o temor de maquiagem cont\u00e1bil e fragiliza\u00e7\u00e3o do controle institucional das finan\u00e7as p\u00fablicas. Se aprovado, o fundo pode representar um precedente perigoso: o de normalizar gastos p\u00fablicos fora do Or\u00e7amento \u2014 justamente o tipo de pr\u00e1tica que os tribunais de contas e o pr\u00f3prio Congresso passaram anos tentando coibir. <strong>(Fonte: Hora Bras\u00edlia)<\/strong><\/p>\n\n\n\n<div class=\"wp-block-image\"><figure class=\"aligncenter size-large is-resized\"><a href=\"https:\/\/www.instagram.com\/gruposei\/\"><img loading=\"lazy\" decoding=\"async\" src=\"https:\/\/jornalfatosenoticias.com.br\/wp-content\/uploads\/2022\/10\/RC_800x750_page-0001.jpg\" alt=\"\" class=\"wp-image-35338\" width=\"314\" height=\"294\" srcset=\"https:\/\/jornalfatosenoticias.com.br\/wp-content\/uploads\/2022\/10\/RC_800x750_page-0001.jpg 400w, https:\/\/jornalfatosenoticias.com.br\/wp-content\/uploads\/2022\/10\/RC_800x750_page-0001-300x281.jpg 300w\" sizes=\"auto, (max-width: 314px) 100vw, 314px\" \/><\/a><\/figure><\/div>\n\n\n\n<hr class=\"wp-block-separator\"\/>\n\n\n\n<h3 class=\"wp-block-heading\"><span class=\"has-inline-color has-black-color\">Regime cubano prende opositor tr\u00eas meses ap\u00f3s libert\u00e1-lo<\/span><\/h3>\n\n\n\n<div class=\"wp-block-image\"><figure class=\"aligncenter size-large\"><img loading=\"lazy\" decoding=\"async\" width=\"612\" height=\"486\" src=\"https:\/\/jornalfatosenoticias.com.br\/wp-content\/uploads\/2025\/05\/Miguel-Diaz-Canel_gettyimages.jpg\" alt=\"\" class=\"wp-image-58902\" srcset=\"https:\/\/jornalfatosenoticias.com.br\/wp-content\/uploads\/2025\/05\/Miguel-Diaz-Canel_gettyimages.jpg 612w, https:\/\/jornalfatosenoticias.com.br\/wp-content\/uploads\/2025\/05\/Miguel-Diaz-Canel_gettyimages-300x238.jpg 300w, https:\/\/jornalfatosenoticias.com.br\/wp-content\/uploads\/2025\/05\/Miguel-Diaz-Canel_gettyimages-580x460.jpg 580w\" sizes=\"auto, (max-width: 612px) 100vw, 612px\" \/><figcaption><em><span class=\"has-inline-color has-black-color\">(Foto: Getty Images)<\/span><\/em><\/figcaption><\/figure><\/div>\n\n\n\n<p>O regime cubano prendeu, na ter\u00e7a-feira (29), o fundador da Uni\u00e3o Patri\u00f3tica de Cuba, Jos\u00e9 Daniel Ferrer, tr\u00eas meses ap\u00f3s ser libertado pela ditadura de Miguel D\u00edaz-Canel. Segundo o regime, Ferrer deixou de comparecer a duas audi\u00eancias judiciais e violou as condi\u00e7\u00f5es da liberdade condicional. Com isso, revogaram as liberta\u00e7\u00f5es dele e do opositor F\u00e9lix Navarro.<\/p>\n\n\n\n<div class=\"wp-block-image\"><figure class=\"aligncenter size-large is-resized\"><a href=\"https:\/\/www.facebook.com\/profile.php?id=100069289606145\"><img loading=\"lazy\" decoding=\"async\" src=\"https:\/\/jornalfatosenoticias.com.br\/wp-content\/uploads\/2024\/11\/Guaitolini-Contabilidade-1024x714.jpeg\" alt=\"\" class=\"wp-image-55808\" width=\"319\" height=\"222\" srcset=\"https:\/\/jornalfatosenoticias.com.br\/wp-content\/uploads\/2024\/11\/Guaitolini-Contabilidade-1024x714.jpeg 1024w, https:\/\/jornalfatosenoticias.com.br\/wp-content\/uploads\/2024\/11\/Guaitolini-Contabilidade-300x209.jpeg 300w, https:\/\/jornalfatosenoticias.com.br\/wp-content\/uploads\/2024\/11\/Guaitolini-Contabilidade-768x535.jpeg 768w, https:\/\/jornalfatosenoticias.com.br\/wp-content\/uploads\/2024\/11\/Guaitolini-Contabilidade.jpeg 1280w\" sizes=\"auto, (max-width: 319px) 100vw, 319px\" \/><\/a><\/figure><\/div>\n\n\n\n<p>\u201cN\u00e3o apenas ele n\u00e3o compareceu, mas tamb\u00e9m anunciou, por meio de seu perfil nas redes sociais, em flagrante desafio e descumprimento da lei, que n\u00e3o se apresentaria perante a autoridade judicial\u201d, disse Marciela Sosa, vice-presidente do Tribunal Popular Supremo de Cuba. <\/p>\n\n\n\n<div class=\"wp-block-image\"><figure class=\"aligncenter size-large is-resized\"><a href=\"https:\/\/www.instagram.com\/serra4x4cambioautomatico\/\"><img loading=\"lazy\" decoding=\"async\" src=\"https:\/\/jornalfatosenoticias.com.br\/wp-content\/uploads\/2024\/08\/Serra-4x4-1-886x1024.jpg\" alt=\"\" class=\"wp-image-53632\" width=\"270\" height=\"312\" srcset=\"https:\/\/jornalfatosenoticias.com.br\/wp-content\/uploads\/2024\/08\/Serra-4x4-1-886x1024.jpg 886w, https:\/\/jornalfatosenoticias.com.br\/wp-content\/uploads\/2024\/08\/Serra-4x4-1-260x300.jpg 260w, https:\/\/jornalfatosenoticias.com.br\/wp-content\/uploads\/2024\/08\/Serra-4x4-1-768x888.jpg 768w, https:\/\/jornalfatosenoticias.com.br\/wp-content\/uploads\/2024\/08\/Serra-4x4-1.jpg 1181w\" sizes=\"auto, (max-width: 270px) 100vw, 270px\" \/><\/a><\/figure><\/div>\n\n\n\n<p>De acordo com Conselho para a Transi\u00e7\u00e3o Democr\u00e1tica em Cuba (CTDC), a esposa de Ferrer, Nelva Ismarays Ortega, o filho, Daniel Jos\u00e9, e os ativistas Roil\u00e1n Z\u00e1rraga Ferrer e Fernando Gonz\u00e1lez Vaillant foram presos juto com o l\u00edder da oposi\u00e7\u00e3o. Em janeiro, o regime cubano concordou em libertar Ferrer ap\u00f3s acordo com Washington mediado pelo Vaticano. Ao todo, Cuba libertou 553 presos.<\/p>\n\n\n\n<div class=\"wp-block-image\"><figure class=\"aligncenter size-large\"><a href=\"http:\/\/www.ferrarimaquinas.com.br\/\"><img loading=\"lazy\" decoding=\"async\" width=\"300\" height=\"250\" src=\"https:\/\/jornalfatosenoticias.com.br\/wp-content\/uploads\/2022\/02\/FERRARI_MAQUINAS-E-FERRAMENTAS2.jpg\" alt=\"\" class=\"wp-image-27860\"\/><\/a><\/figure><\/div>\n\n\n\n<p>A vice-presidente do Tribunal Popular Supremo, por\u00e9m, acusou os opositores de servirem aos interesses dos Estados Unidos. \u201cAl\u00e9m de n\u00e3o cumprirem com os termos de sua liberdade condicional, [Ferrer e Navarro] s\u00e3o pessoas que publicamente convocam \u00e0 desordem e ao desrespeito \u00e0s autoridades em seus ambientes sociais e online, e mant\u00eam la\u00e7os p\u00fablicos com o chefe da embaixada dos Estados Unidos\u201d, disse Sosa. <strong>(Fonte: O Antagonista)<\/strong><\/p>\n\n\n\n<div class=\"wp-block-image\"><figure class=\"aligncenter size-large is-resized\"><a href=\"https:\/\/www.instagram.com\/esteiochurrascaria\/\"><img loading=\"lazy\" decoding=\"async\" src=\"https:\/\/jornalfatosenoticias.com.br\/wp-content\/uploads\/2022\/02\/LOGO-ESTEIO-1024x730.png\" alt=\"\" class=\"wp-image-27942\" width=\"322\" height=\"229\" srcset=\"https:\/\/jornalfatosenoticias.com.br\/wp-content\/uploads\/2022\/02\/LOGO-ESTEIO-1024x730.png 1024w, https:\/\/jornalfatosenoticias.com.br\/wp-content\/uploads\/2022\/02\/LOGO-ESTEIO-300x214.png 300w, https:\/\/jornalfatosenoticias.com.br\/wp-content\/uploads\/2022\/02\/LOGO-ESTEIO-768x548.png 768w, https:\/\/jornalfatosenoticias.com.br\/wp-content\/uploads\/2022\/02\/LOGO-ESTEIO.png 1123w\" sizes=\"auto, (max-width: 322px) 100vw, 322px\" \/><\/a><\/figure><\/div>\n\n\n\n<hr class=\"wp-block-separator\"\/>\n\n\n\n<h3 class=\"wp-block-heading\"><span class=\"has-inline-color has-black-color\">Alcolumbre atua para barrar CPI dos Correios, mesmo com preju\u00edzo bilion\u00e1rio da estatal, diz site<\/span><\/h3>\n\n\n\n<div class=\"wp-block-image\"><figure class=\"aligncenter size-large\"><img loading=\"lazy\" decoding=\"async\" width=\"612\" height=\"408\" src=\"https:\/\/jornalfatosenoticias.com.br\/wp-content\/uploads\/2025\/05\/ALCOLUMBRE-CPI_gettyimages.jpg\" alt=\"\" class=\"wp-image-58901\" srcset=\"https:\/\/jornalfatosenoticias.com.br\/wp-content\/uploads\/2025\/05\/ALCOLUMBRE-CPI_gettyimages.jpg 612w, https:\/\/jornalfatosenoticias.com.br\/wp-content\/uploads\/2025\/05\/ALCOLUMBRE-CPI_gettyimages-300x200.jpg 300w\" sizes=\"auto, (max-width: 612px) 100vw, 612px\" \/><figcaption><em><span class=\"has-inline-color has-black-color\">(Foto: Getty Images)<\/span><\/em><\/figcaption><\/figure><\/div>\n\n\n\n<p>Mesmo diante de um rombo crescente nos Correios, o presidente do Senado, Davi Alcolumbre (Uni\u00e3o-AP), atua diretamente para impedir a cria\u00e7\u00e3o de uma Comiss\u00e3o Parlamentar de Inqu\u00e9rito (CPI) destinada a investigar os preju\u00edzos da estatal. A informa\u00e7\u00e3o foi confirmada por l\u00edderes da base governista, que apontam uma opera\u00e7\u00e3o de bastidores para travar o avan\u00e7o do requerimento protocolado pelo senador M\u00e1rcio Bittar (Uni\u00e3o-AC).<\/p>\n\n\n\n<div class=\"wp-block-image\"><figure class=\"aligncenter size-large is-resized\"><a href=\"https:\/\/www.instagram.com\/gruposei\/\"><img loading=\"lazy\" decoding=\"async\" src=\"https:\/\/jornalfatosenoticias.com.br\/wp-content\/uploads\/2022\/07\/Logo-Grupo-SEI.jpg\" alt=\"\" class=\"wp-image-31973\" width=\"444\" height=\"233\" srcset=\"https:\/\/jornalfatosenoticias.com.br\/wp-content\/uploads\/2022\/07\/Logo-Grupo-SEI.jpg 713w, https:\/\/jornalfatosenoticias.com.br\/wp-content\/uploads\/2022\/07\/Logo-Grupo-SEI-300x158.jpg 300w\" sizes=\"auto, (max-width: 444px) 100vw, 444px\" \/><\/a><\/figure><\/div>\n\n\n\n<p>O pedido para abertura da CPI foi feito em fevereiro e j\u00e1 conta com 32 assinaturas, superando com folga as 27 exigidas pelo regimento do Senado. Apesar disso, Alcolumbre teria orientado aliados a n\u00e3o assinarem o documento e pretende n\u00e3o dar andamento \u00e0 leitura em plen\u00e1rio, o que impede a instala\u00e7\u00e3o formal da comiss\u00e3o. \u201cN\u00e3o h\u00e1 vontade pol\u00edtica sobre a leitura desse requerimento\u201d, afirmou um l\u00edder do governo.<\/p>\n\n\n\n<div class=\"wp-block-image\"><figure class=\"aligncenter size-large is-resized\"><a href=\"https:\/\/www.controlsystems.com.br\/\"><img loading=\"lazy\" decoding=\"async\" src=\"https:\/\/jornalfatosenoticias.com.br\/wp-content\/uploads\/2020\/02\/CONTROL-CS.jpg\" alt=\"\" class=\"wp-image-44991\" width=\"286\" height=\"343\" srcset=\"https:\/\/jornalfatosenoticias.com.br\/wp-content\/uploads\/2020\/02\/CONTROL-CS.jpg 834w, https:\/\/jornalfatosenoticias.com.br\/wp-content\/uploads\/2020\/02\/CONTROL-CS-250x300.jpg 250w, https:\/\/jornalfatosenoticias.com.br\/wp-content\/uploads\/2020\/02\/CONTROL-CS-768x921.jpg 768w\" sizes=\"auto, (max-width: 286px) 100vw, 286px\" \/><\/a><\/figure><\/div>\n\n\n\n<p>O pano de fundo da movimenta\u00e7\u00e3o \u00e9 a recente nomea\u00e7\u00e3o de Hilton Rog\u00e9rio Maia Cardoso para a Diretoria de Neg\u00f3cios dos Correios \u2014 uma \u00e1rea estrat\u00e9gica da estatal. Apadrinhado por Alcolumbre, Hilton assumiu o cargo em mar\u00e7o, ap\u00f3s ter ocupado anteriormente a superintend\u00eancia da Codevasf no Amap\u00e1, reduto eleitoral do senador.<\/p>\n\n\n\n<div class=\"wp-block-image\"><figure class=\"aligncenter size-large\"><a href=\"https:\/\/www.cesconetto.com.br\/\"><img loading=\"lazy\" decoding=\"async\" width=\"300\" height=\"250\" src=\"https:\/\/jornalfatosenoticias.com.br\/wp-content\/uploads\/2020\/02\/Banner-2.png\" alt=\"\" class=\"wp-image-43787\"\/><\/a><\/figure><\/div>\n\n\n\n<p>Fontes do Senado apontam que a diretoria em quest\u00e3o tem alto poder or\u00e7ament\u00e1rio, o que levanta suspeitas sobre o interesse do presidente do Senado em evitar uma CPI que poderia abrir uma devassa nas finan\u00e7as e contratos da empresa p\u00fablica. Apesar da articula\u00e7\u00e3o de Bittar, o movimento de Alcolumbre j\u00e1 surtiu efeito: a senadora Soraya Thronicke (Podemos-MS) retirou sua assinatura do requerimento. Segundo um l\u00edder de bancada, a decis\u00e3o ocorreu ap\u00f3s influ\u00eancia direta do presidente do Senado, numa tentativa de desmobilizar o apoio necess\u00e1rio \u00e0 instala\u00e7\u00e3o da comiss\u00e3o.<\/p>\n\n\n\n<div class=\"wp-block-image\"><figure class=\"aligncenter size-large is-resized\"><a href=\"https:\/\/panper.com.br\/\"><img loading=\"lazy\" decoding=\"async\" src=\"https:\/\/jornalfatosenoticias.com.br\/wp-content\/uploads\/2023\/03\/logo-Panper_portal.jpg\" alt=\"\" class=\"wp-image-40208\" width=\"352\" height=\"244\" srcset=\"https:\/\/jornalfatosenoticias.com.br\/wp-content\/uploads\/2023\/03\/logo-Panper_portal.jpg 400w, https:\/\/jornalfatosenoticias.com.br\/wp-content\/uploads\/2023\/03\/logo-Panper_portal-300x208.jpg 300w\" sizes=\"auto, (max-width: 352px) 100vw, 352px\" \/><\/a><\/figure><\/div>\n\n\n\n<p>A equipe de Bittar afirma que, diante do impasse, o senador pode acionar o Supremo Tribunal Federal (STF), exigindo o cumprimento do regimento interno \u2014 o mesmo caminho jur\u00eddico utilizado durante a CPI da Covid, quando o governo Bolsonaro tentou evitar a instala\u00e7\u00e3o da comiss\u00e3o. <\/p>\n\n\n\n<div class=\"wp-block-image\"><figure class=\"aligncenter size-large is-resized\"><a href=\"https:\/\/www.legisjuris.com.br\/\"><img loading=\"lazy\" decoding=\"async\" src=\"https:\/\/jornalfatosenoticias.com.br\/wp-content\/uploads\/2024\/09\/Legis-Juris-Consultoria_logo.jpg\" alt=\"\" class=\"wp-image-53915\" width=\"552\" height=\"231\" srcset=\"https:\/\/jornalfatosenoticias.com.br\/wp-content\/uploads\/2024\/09\/Legis-Juris-Consultoria_logo.jpg 969w, https:\/\/jornalfatosenoticias.com.br\/wp-content\/uploads\/2024\/09\/Legis-Juris-Consultoria_logo-300x126.jpg 300w, https:\/\/jornalfatosenoticias.com.br\/wp-content\/uploads\/2024\/09\/Legis-Juris-Consultoria_logo-768x322.jpg 768w\" sizes=\"auto, (max-width: 552px) 100vw, 552px\" \/><\/a><\/figure><\/div>\n\n\n\n<p>Enquanto o embate pol\u00edtico se intensifica, os n\u00fameros da estatal exp\u00f5em o agravamento do problema. Os Correios fecharam 2023 com R$ 600 milh\u00f5es de preju\u00edzo, ap\u00f3s um rombo de R$ 770 milh\u00f5es em 2022. Em 2024, o quadro piorou: o primeiro semestre j\u00e1 registra perda de R$ 1,35 bilh\u00e3o, alta de 85% em rela\u00e7\u00e3o ao mesmo per\u00edodo do ano anterior.<\/p>\n\n\n\n<div class=\"wp-block-image\"><figure class=\"aligncenter size-large is-resized\"><a href=\"https:\/\/hotelmarquetti.com.br\/\"><img loading=\"lazy\" decoding=\"async\" src=\"https:\/\/jornalfatosenoticias.com.br\/wp-content\/uploads\/2020\/02\/LOGO-MQ-1024x680.jpg\" alt=\"\" class=\"wp-image-58299\" width=\"340\" height=\"226\" srcset=\"https:\/\/jornalfatosenoticias.com.br\/wp-content\/uploads\/2020\/02\/LOGO-MQ-1024x680.jpg 1024w, https:\/\/jornalfatosenoticias.com.br\/wp-content\/uploads\/2020\/02\/LOGO-MQ-300x199.jpg 300w, https:\/\/jornalfatosenoticias.com.br\/wp-content\/uploads\/2020\/02\/LOGO-MQ-768x510.jpg 768w, https:\/\/jornalfatosenoticias.com.br\/wp-content\/uploads\/2020\/02\/LOGO-MQ-1536x1020.jpg 1536w, https:\/\/jornalfatosenoticias.com.br\/wp-content\/uploads\/2020\/02\/LOGO-MQ-2048x1360.jpg 2048w\" sizes=\"auto, (max-width: 340px) 100vw, 340px\" \/><\/a><\/figure><\/div>\n\n\n\n<p>Mesmo com queda de 2,5% nas despesas, a receita da estatal tamb\u00e9m caiu: passou de R$ 22 bilh\u00f5es para R$ 21,6 bilh\u00f5es. A situa\u00e7\u00e3o financeira tem se deteriorado mesmo com cortes de custo, o que levanta questionamentos sobre gest\u00e3o, contratos e uso pol\u00edtico da estrutura dos Correios.<\/p>\n\n\n\n<div class=\"wp-block-image\"><figure class=\"aligncenter size-large is-resized\"><a href=\"https:\/\/www.ithbrasil.com.br\/\"><img loading=\"lazy\" decoding=\"async\" src=\"https:\/\/jornalfatosenoticias.com.br\/wp-content\/uploads\/2023\/08\/ITH.jpeg\" alt=\"\" class=\"wp-image-44638\" width=\"318\" height=\"258\" srcset=\"https:\/\/jornalfatosenoticias.com.br\/wp-content\/uploads\/2023\/08\/ITH.jpeg 800w, https:\/\/jornalfatosenoticias.com.br\/wp-content\/uploads\/2023\/08\/ITH-300x244.jpeg 300w, https:\/\/jornalfatosenoticias.com.br\/wp-content\/uploads\/2023\/08\/ITH-768x624.jpeg 768w\" sizes=\"auto, (max-width: 318px) 100vw, 318px\" \/><\/a><\/figure><\/div>\n\n\n\n<p>A resist\u00eancia de Alcolumbre em dar prosseguimento \u00e0 CPI levanta d\u00favidas sobre poss\u00edvel conflito de interesse, j\u00e1 que um de seus indicados ocupa cargo estrat\u00e9gico na estatal sob investiga\u00e7\u00e3o. Para a oposi\u00e7\u00e3o, o esfor\u00e7o para manter o pedido \u201cengavetado\u201d configura tentativa de blindagem e fere o papel fiscalizador do Congresso. Em meio a preju\u00edzos bilion\u00e1rios, a crise nos Correios se transforma tamb\u00e9m em crise institucional no Senado, com impactos diretos sobre a transpar\u00eancia da gest\u00e3o p\u00fablica e a credibilidade das estatais brasileiras. <strong>(Fonte: Hora Bras\u00edlia)<\/strong><\/p>\n\n\n\n<div class=\"wp-block-image\"><figure class=\"aligncenter size-large is-resized\"><a href=\"https:\/\/www.facebook.com\/vetor.vix\/\"><img loading=\"lazy\" decoding=\"async\" src=\"https:\/\/jornalfatosenoticias.com.br\/wp-content\/uploads\/2023\/09\/vetorvix1024_1.jpg\" alt=\"\" class=\"wp-image-44868\" width=\"520\" height=\"138\" srcset=\"https:\/\/jornalfatosenoticias.com.br\/wp-content\/uploads\/2023\/09\/vetorvix1024_1.jpg 1024w, https:\/\/jornalfatosenoticias.com.br\/wp-content\/uploads\/2023\/09\/vetorvix1024_1-300x80.jpg 300w, https:\/\/jornalfatosenoticias.com.br\/wp-content\/uploads\/2023\/09\/vetorvix1024_1-768x205.jpg 768w\" sizes=\"auto, (max-width: 520px) 100vw, 520px\" \/><\/a><\/figure><\/div>\n\n\n\n<hr class=\"wp-block-separator\"\/>\n\n\n\n<h3 class=\"wp-block-heading\"><span class=\"has-inline-color has-black-color\">Qual pode ser a causa do apag\u00e3o em Portugal e na Espanha?<\/span><\/h3>\n\n\n\n<div class=\"wp-block-image\"><figure class=\"aligncenter size-large\"><img loading=\"lazy\" decoding=\"async\" width=\"612\" height=\"408\" src=\"https:\/\/jornalfatosenoticias.com.br\/wp-content\/uploads\/2025\/05\/apagao-na-Europa_gettyimages.jpg\" alt=\"\" class=\"wp-image-58900\" srcset=\"https:\/\/jornalfatosenoticias.com.br\/wp-content\/uploads\/2025\/05\/apagao-na-Europa_gettyimages.jpg 612w, https:\/\/jornalfatosenoticias.com.br\/wp-content\/uploads\/2025\/05\/apagao-na-Europa_gettyimages-300x200.jpg 300w\" sizes=\"auto, (max-width: 612px) 100vw, 612px\" \/><figcaption><em><span class=\"has-inline-color has-black-color\">(Foto: Getty Images)<\/span><\/em><\/figcaption><\/figure><\/div>\n\n\n\n<p><span class=\"has-inline-color has-black-color\">Por <strong><a href=\"https:\/\/www.cnnbrasil.com.br\/autor\/nina-chestney\/\">Nina Chestney<\/a>\/Reuters<\/strong><br><\/span>Um grande apag\u00e3o, na segunda-feira (28), deixou partes da Espanha e de Portugal sem energia el\u00e9trica, desligando sem\u00e1foros e causando caos em aeroportos, esta\u00e7\u00f5es de trem e estradas. A causa do fen\u00f4meno ainda \u00e9 investigada e as autoridades n\u00e3o descartam nenhuma hip\u00f3tese.<\/p>\n\n\n\n<div class=\"wp-block-image\"><figure class=\"aligncenter size-large is-resized\"><a href=\"https:\/\/www.facebook.com\/postobkr\/?locale=pt_BR\"><img loading=\"lazy\" decoding=\"async\" src=\"https:\/\/jornalfatosenoticias.com.br\/wp-content\/uploads\/2023\/08\/BKR-1024x1021.jpg\" alt=\"\" class=\"wp-image-44494\" width=\"334\" height=\"333\" srcset=\"https:\/\/jornalfatosenoticias.com.br\/wp-content\/uploads\/2023\/08\/BKR-1024x1021.jpg 1024w, https:\/\/jornalfatosenoticias.com.br\/wp-content\/uploads\/2023\/08\/BKR-300x300.jpg 300w, https:\/\/jornalfatosenoticias.com.br\/wp-content\/uploads\/2023\/08\/BKR-150x150.jpg 150w, https:\/\/jornalfatosenoticias.com.br\/wp-content\/uploads\/2023\/08\/BKR-768x766.jpg 768w, https:\/\/jornalfatosenoticias.com.br\/wp-content\/uploads\/2023\/08\/BKR.jpg 1080w\" sizes=\"auto, (max-width: 334px) 100vw, 334px\" \/><\/a><\/figure><\/div>\n\n\n\n<p>A\u00a0<a href=\"https:\/\/www.cnnbrasil.com.br\/internacional\/operadora-espanhola-descarta-ataque-cibernetico-como-causa-de-apagao\/\"><strong>operadora de rede el\u00e9trica espanhola<\/strong><\/a>\u00a0Red Electrica descartou um ataque cibern\u00e9tico como causa, mas o Tribunal Superior da Espanha disse que\u00a0<a href=\"https:\/\/www.cnnbrasil.com.br\/blogs\/pedro-cortes\/nacional\/brasil\/nao-e-simples-saber-a-causa-do-apagao-em-parte-da-europa\/\"><strong>abriria uma investiga\u00e7\u00e3o para determinar<\/strong><\/a>\u00a0a causa. O primeiro-ministro espanhol, <strong><a href=\"https:\/\/www.cnnbrasil.com.br\/internacional\/premie-espanhol-nao-descarta-ataque-cibernetico-como-causa-do-apagao\/\">Pedro S\u00e1nchez<\/a><\/strong>, afirmou, na ter\u00e7a-feira (29) que, mesmo que a Red Electrica tivesse descartado um ataque cibern\u00e9tico aos seus sistemas, isso n\u00e3o significava que um n\u00e3o pudesse ter ocorrido.<\/p>\n\n\n\n<figure class=\"wp-block-video\"><video controls src=\"https:\/\/membrana-cdn.media\/video\/cnb\/external-300798-20250429-desktop.mp4?r=80833\"><\/video><\/figure>\n\n\n\n<p>A Red Electrica disse ter identificado dois casos de perda de gera\u00e7\u00e3o de energia, provavelmente de usinas solares, no sudoeste da Espanha, que causaram instabilidade no sistema el\u00e9trico e levaram \u00e0 interrup\u00e7\u00e3o de sua interconex\u00e3o com a Fran\u00e7a. O sistema el\u00e9trico entrou em colapso, <strong><a href=\"https:\/\/www.cnnbrasil.com.br\/internacional\/energia-eletrica-e-restaurada-em-portugal-apos-apagao-diz-governo\/\">afetando os sistemas espanhol e portugu\u00eas<\/a>.<\/strong><\/p>\n\n\n\n<div class=\"wp-block-image\"><figure class=\"aligncenter size-large is-resized\"><a href=\"https:\/\/www.instagram.com\/serra4x4cambioautomatico\/\"><img loading=\"lazy\" decoding=\"async\" src=\"https:\/\/jornalfatosenoticias.com.br\/wp-content\/uploads\/2024\/08\/Serra-4x4-1-886x1024.jpg\" alt=\"\" class=\"wp-image-53632\" width=\"302\" height=\"349\" srcset=\"https:\/\/jornalfatosenoticias.com.br\/wp-content\/uploads\/2024\/08\/Serra-4x4-1-886x1024.jpg 886w, https:\/\/jornalfatosenoticias.com.br\/wp-content\/uploads\/2024\/08\/Serra-4x4-1-260x300.jpg 260w, https:\/\/jornalfatosenoticias.com.br\/wp-content\/uploads\/2024\/08\/Serra-4x4-1-768x888.jpg 768w, https:\/\/jornalfatosenoticias.com.br\/wp-content\/uploads\/2024\/08\/Serra-4x4-1.jpg 1181w\" sizes=\"auto, (max-width: 302px) 100vw, 302px\" \/><\/a><\/figure><\/div>\n\n\n\n<p>A Espanha exportava energia para a Fran\u00e7a e Portugal no momento do apag\u00e3o. As exporta\u00e7\u00f5es para a Fran\u00e7a estiveram pr\u00f3ximas da capacidade l\u00edquida de exporta\u00e7\u00e3o dispon\u00edvel at\u00e9 \u00e0s 10h, no hor\u00e1rio local. De acordo com dados da Red Electrica, as exporta\u00e7\u00f5es para a Fran\u00e7a pararam \u00e0s 12h35, no hor\u00e1rio local, de 868 MW antes.<\/p>\n\n\n\n<div class=\"wp-block-image\"><figure class=\"aligncenter size-large is-resized\"><a href=\"https:\/\/www.instagram.com\/restaurantepegoretti\/\"><img loading=\"lazy\" decoding=\"async\" src=\"https:\/\/jornalfatosenoticias.com.br\/wp-content\/uploads\/2023\/12\/pegoretti-logo-pdf-1024x389.jpg\" alt=\"\" class=\"wp-image-47536\" width=\"530\" height=\"201\" srcset=\"https:\/\/jornalfatosenoticias.com.br\/wp-content\/uploads\/2023\/12\/pegoretti-logo-pdf-1024x389.jpg 1024w, https:\/\/jornalfatosenoticias.com.br\/wp-content\/uploads\/2023\/12\/pegoretti-logo-pdf-300x114.jpg 300w, https:\/\/jornalfatosenoticias.com.br\/wp-content\/uploads\/2023\/12\/pegoretti-logo-pdf-768x291.jpg 768w, https:\/\/jornalfatosenoticias.com.br\/wp-content\/uploads\/2023\/12\/pegoretti-logo-pdf.jpg 1120w\" sizes=\"auto, (max-width: 530px) 100vw, 530px\" \/><\/a><\/figure><\/div>\n\n\n\n<p>A Uni\u00e3o Europeia iniciou uma investiga\u00e7\u00e3o completa sobre os <strong><a href=\"https:\/\/www.cnnbrasil.com.br\/internacional\/tudo-o-que-se-sabe-sobre-o-apagao-em-portugal-e-na-espanha\/\">cortes de energia na Espanha<\/a><\/strong> e em Portugal na segunda-feira, afirmou o Comiss\u00e1rio de Energia da UE, Dan Jorgensen, na ter\u00e7a-feira. A rede el\u00e9trica espanhola est\u00e1 interligada \u00e0s da Fran\u00e7a, Portugal, Marrocos e Andorra. A causa mais comum de um corte de energia n\u00e3o planejado, que interrompe o fornecimento de eletricidade em larga escala, s\u00e3o condi\u00e7\u00f5es clim\u00e1ticas extremas, como tempestades, raios ou ventos fortes. Contudo, o tempo no momento do colapso de segunda-feira era bom.<\/p>\n\n\n\n<div class=\"wp-block-image\"><figure class=\"aligncenter size-large is-resized\"><a href=\"https:\/\/www.instagram.com\/rcradiadores\/\"><img loading=\"lazy\" decoding=\"async\" src=\"https:\/\/jornalfatosenoticias.com.br\/wp-content\/uploads\/2022\/10\/RC_800x750_page-0001.jpg\" alt=\"\" class=\"wp-image-35338\" width=\"351\" height=\"329\" srcset=\"https:\/\/jornalfatosenoticias.com.br\/wp-content\/uploads\/2022\/10\/RC_800x750_page-0001.jpg 400w, https:\/\/jornalfatosenoticias.com.br\/wp-content\/uploads\/2022\/10\/RC_800x750_page-0001-300x281.jpg 300w\" sizes=\"auto, (max-width: 351px) 100vw, 351px\" \/><\/a><\/figure><\/div>\n\n\n\n<p>Cortes de energia tamb\u00e9m podem ocorrer quando h\u00e1 falhas em usinas, linhas de distribui\u00e7\u00e3o de energia, subesta\u00e7\u00f5es ou outras partes do sistema. O fluxo de eletricidade entre os sistemas na Europa \u00e9 mantido a 50 Hertz (Hz) para garantir a estabilidade. Se esse n\u00edvel variar, os sistemas de backup desconectam ativos, como fontes de gera\u00e7\u00e3o de energia, da rede para proteg\u00ea-los de danos.<\/p>\n\n\n\n<div class=\"wp-block-image\"><figure class=\"aligncenter size-large is-resized\"><a href=\"https:\/\/www.facebook.com\/profile.php?id=100069289606145\"><img loading=\"lazy\" decoding=\"async\" src=\"https:\/\/jornalfatosenoticias.com.br\/wp-content\/uploads\/2024\/11\/Guaitolini-Contabilidade-1024x714.jpeg\" alt=\"\" class=\"wp-image-55808\" width=\"382\" height=\"266\" srcset=\"https:\/\/jornalfatosenoticias.com.br\/wp-content\/uploads\/2024\/11\/Guaitolini-Contabilidade-1024x714.jpeg 1024w, https:\/\/jornalfatosenoticias.com.br\/wp-content\/uploads\/2024\/11\/Guaitolini-Contabilidade-300x209.jpeg 300w, https:\/\/jornalfatosenoticias.com.br\/wp-content\/uploads\/2024\/11\/Guaitolini-Contabilidade-768x535.jpeg 768w, https:\/\/jornalfatosenoticias.com.br\/wp-content\/uploads\/2024\/11\/Guaitolini-Contabilidade.jpeg 1280w\" sizes=\"auto, (max-width: 382px) 100vw, 382px\" \/><\/a><\/figure><\/div>\n\n\n\n<p>A Espanha \u00e9 um dos maiores produtores de energia renov\u00e1vel da Europa, contando com energia e\u00f3lica e solar para 43% do total, bem acima da m\u00e9dia global, mostram dados do think tank Ember. A energia solar fotovoltaica (FV) representava 59% da eletricidade da Espanha no momento do apag\u00e3o, a e\u00f3lica quase 12%, a nuclear quase 11% e as usinas de turbinas a g\u00e1s de ciclo combinado (CCGT) 5%, mostraram dados da Red Electrica. Isso se compara \u00e0 energia solar fotovoltaica, que representava 50%, a e\u00f3lica 3%, a nuclear quase 15% e a CCGT quase 11% no mesmo dia do ano passado.<\/p>\n\n\n\n<div class=\"wp-block-image\"><figure class=\"aligncenter size-large is-resized\"><a href=\"https:\/\/www.controlsystems.com.br\/\"><img loading=\"lazy\" decoding=\"async\" src=\"https:\/\/jornalfatosenoticias.com.br\/wp-content\/uploads\/2020\/02\/CONTROL-CS.jpg\" alt=\"\" class=\"wp-image-44991\" width=\"280\" height=\"335\" srcset=\"https:\/\/jornalfatosenoticias.com.br\/wp-content\/uploads\/2020\/02\/CONTROL-CS.jpg 834w, https:\/\/jornalfatosenoticias.com.br\/wp-content\/uploads\/2020\/02\/CONTROL-CS-250x300.jpg 250w, https:\/\/jornalfatosenoticias.com.br\/wp-content\/uploads\/2020\/02\/CONTROL-CS-768x921.jpg 768w\" sizes=\"auto, (max-width: 280px) 100vw, 280px\" \/><\/a><\/figure><\/div>\n\n\n\n<p>No entanto, em um intervalo de apenas cinco minutos, entre 12h30 e 12h35, no hor\u00e1rio local de segunda-feira, a gera\u00e7\u00e3o de energia solar fotovoltaica caiu mais de 50%, de mais de 18 GW para 8 gigawatts (GW), mostraram os dados. A causa \u00e9 desconhecida. Antes da interrup\u00e7\u00e3o, especialistas e fontes da ind\u00fastria afirmaram que a rede el\u00e9trica espanhola estava operando com muito pouca in\u00e9rcia, que \u00e9 a energia armazenada em uma grande turbina a vapor ou a g\u00e1s rotativa que aciona geradores rotativos, atuando como um buffer, pois pode ser usada rapidamente para compensar mudan\u00e7as repentinas na demanda ou na oferta. A energia solar, por outro lado, fornece pouca massa rotativa \u00e0 rede. A gera\u00e7\u00e3o de energia a g\u00e1s representou cerca de 5% da gera\u00e7\u00e3o de eletricidade na segunda-feira. A gera\u00e7\u00e3o a carv\u00e3o ser\u00e1 descontinuada na Espanha at\u00e9 2025. A maior usina a carv\u00e3o foi desativada no ano passado.<\/p>\n\n\n\n<div class=\"wp-block-image\"><figure class=\"aligncenter size-large\"><a href=\"http:\/\/www.ferrarimaquinas.com.br\/\"><img loading=\"lazy\" decoding=\"async\" width=\"300\" height=\"250\" src=\"https:\/\/jornalfatosenoticias.com.br\/wp-content\/uploads\/2022\/02\/FERRARI_MAQUINAS-E-FERRAMENTAS2.jpg\" alt=\"\" class=\"wp-image-27860\"\/><\/a><\/figure><\/div>\n\n\n\n<p>O processo de restaura\u00e7\u00e3o de energia ap\u00f3s um grande corte \u00e9 conhecido como \u201cblack start\u201d (in\u00edcio apag\u00e3o). Envolve a reinicializa\u00e7\u00e3o gradual de usinas el\u00e9tricas individualmente e a reconex\u00e3o delas \u00e0 rede. Enquanto a Espanha tentava obter mais energia na segunda-feira, colocou mais usinas a g\u00e1s e hidrel\u00e9tricas em opera\u00e7\u00e3o e aumentou as importa\u00e7\u00f5es de energia da Fran\u00e7a e do Marrocos. O colapso de segunda-feira gerou debates sobre se a volatilidade do fornecimento de energia solar e e\u00f3lica tornou os sistemas el\u00e9tricos da Espanha mais vulner\u00e1veis a tal interrup\u00e7\u00e3o.<\/p>\n\n\n\n<div class=\"wp-block-image\"><figure class=\"aligncenter size-large is-resized\"><a href=\"https:\/\/www.legisjuris.com.br\/\"><img loading=\"lazy\" decoding=\"async\" src=\"https:\/\/jornalfatosenoticias.com.br\/wp-content\/uploads\/2024\/09\/Legis-Juris-Consultoria_logo.jpg\" alt=\"\" class=\"wp-image-53915\" width=\"511\" height=\"214\" srcset=\"https:\/\/jornalfatosenoticias.com.br\/wp-content\/uploads\/2024\/09\/Legis-Juris-Consultoria_logo.jpg 969w, https:\/\/jornalfatosenoticias.com.br\/wp-content\/uploads\/2024\/09\/Legis-Juris-Consultoria_logo-300x126.jpg 300w, https:\/\/jornalfatosenoticias.com.br\/wp-content\/uploads\/2024\/09\/Legis-Juris-Consultoria_logo-768x322.jpg 768w\" sizes=\"auto, (max-width: 511px) 100vw, 511px\" \/><\/a><\/figure><\/div>\n\n\n\n<p>O primeiro-ministro S\u00e1nchez disse que n\u00e3o havia um problema de excesso de energia renov\u00e1vel, acrescentando que a demanda no momento do apag\u00e3o era relativamente baixa e que havia ampla oferta. O comiss\u00e1rio da UE Jorgensen afirmou que a causa do apag\u00e3o n\u00e3o pode ser reduzida a nenhuma fonte espec\u00edfica de energia.<\/p>\n\n\n\n<div class=\"wp-block-image\"><figure class=\"aligncenter size-large\"><a href=\"https:\/\/www.cesconetto.com.br\/\"><img loading=\"lazy\" decoding=\"async\" width=\"300\" height=\"250\" src=\"https:\/\/jornalfatosenoticias.com.br\/wp-content\/uploads\/2022\/02\/Banner-2.png\" alt=\"\" class=\"wp-image-27877\"\/><\/a><\/figure><\/div>\n\n\n\n<p>Ainda assim, o r\u00e1pido desenvolvimento das energias renov\u00e1veis na Europa inundou as redes durante per\u00edodos de forte incid\u00eancia solar e baixa demanda, \u00e0s vezes levando os pre\u00e7os da eletricidade no atacado a zero ou a valores negativos e for\u00e7ando os parques solares a reduzir seu consumo. Analistas esperam aumento de horas de pre\u00e7os negativos na Espanha e em Portugal em 2025 devido \u00e0 expans\u00e3o adicional de parques solares. <strong>(Fonte: CNN Brasil)<\/strong><\/p>\n\n\n\n<div class=\"wp-block-image\"><figure class=\"aligncenter size-large\"><img loading=\"lazy\" decoding=\"async\" width=\"729\" height=\"90\" src=\"https:\/\/jornalfatosenoticias.com.br\/wp-content\/uploads\/2020\/02\/Logo_Mizu.png\" alt=\"\" class=\"wp-image-1441\" srcset=\"https:\/\/jornalfatosenoticias.com.br\/wp-content\/uploads\/2020\/02\/Logo_Mizu.png 729w, https:\/\/jornalfatosenoticias.com.br\/wp-content\/uploads\/2020\/02\/Logo_Mizu-300x37.png 300w\" sizes=\"auto, (max-width: 729px) 100vw, 729px\" \/><\/figure><\/div>\n\n\n\n<hr class=\"wp-block-separator\"\/>\n","protected":false},"excerpt":{"rendered":"<p>Em meio \u00e0s investiga\u00e7\u00f5es sobre desvios bilion\u00e1rios no Instituto Nacional de Seguro Social (INSS), Jos\u00e9 Ferreira da Silva, o Frei Chico, irm\u00e3o de Luiz In\u00e1cio Lula da Silva, revelou a estrat\u00e9gia usada pelo Partido dos Trabalhadores (PT) para dominar o aparato estatal brasileiro. Em entrevista concedida \u00e0 revista F\u00f3rum em agosto de 2024, Frei Chico [&hellip;]<\/p>\n","protected":false},"author":3,"featured_media":58905,"comment_status":"open","ping_status":"open","sticky":false,"template":"","format":"standard","meta":{"footnotes":""},"categories":[10],"tags":[6052,996,26885,5043,19435,26886,2147,1577,157,125,26809,18343,26808,640,13186,26888,26887,7769],"class_list":["post-58899","post","type-post","status-publish","format-standard","has-post-thumbnail","hentry","category-politica","tag-apagao","tag-consumo-de-energia","tag-cpi-dos-correios","tag-cuba","tag-davi-alcolumbre","tag-desvios-bilionarios-no-inss","tag-donald-trump","tag-energia-eletrica","tag-espanha","tag-europa","tag-frei-chico","tag-governo-lula","tag-irmao-de-lula","tag-portugal","tag-pt","tag-regime-cubano","tag-tarifas-eua","tag-tcu"],"yoast_head":"<!-- This site is optimized with the Yoast SEO plugin v26.5 - https:\/\/yoast.com\/wordpress\/plugins\/seo\/ -->\n<title>A Semana no Brasil e no Mundo \u2014 Frei Chico, irm\u00e3o de Lula, exp\u00f5e infiltra\u00e7\u00e3o do PT no Estado - Jornal Fatos e Not\u00edcias<\/title>\n<meta name=\"robots\" content=\"index, follow, max-snippet:-1, max-image-preview:large, max-video-preview:-1\" \/>\n<link rel=\"canonical\" href=\"https:\/\/jornalfatosenoticias.com.br\/index.php\/2025\/05\/02\/a-semana-no-brasil-e-no-mundo-frei-chico-irmao-de-lula-expoe-infiltracao-do-pt-no-estado\/\" \/>\n<meta property=\"og:locale\" content=\"pt_BR\" \/>\n<meta property=\"og:type\" content=\"article\" \/>\n<meta property=\"og:title\" content=\"A Semana no Brasil e no Mundo \u2014 Frei Chico, irm\u00e3o de Lula, exp\u00f5e infiltra\u00e7\u00e3o do PT no Estado - Jornal Fatos e Not\u00edcias\" \/>\n<meta property=\"og:description\" content=\"Em meio \u00e0s investiga\u00e7\u00f5es sobre desvios bilion\u00e1rios no Instituto Nacional de Seguro Social (INSS), Jos\u00e9 Ferreira da Silva, o Frei Chico, irm\u00e3o de Luiz In\u00e1cio Lula da Silva, revelou a estrat\u00e9gia usada pelo Partido dos Trabalhadores (PT) para dominar o aparato estatal brasileiro. Em entrevista concedida \u00e0 revista F\u00f3rum em agosto de 2024, Frei Chico [&hellip;]\" \/>\n<meta property=\"og:url\" content=\"https:\/\/jornalfatosenoticias.com.br\/index.php\/2025\/05\/02\/a-semana-no-brasil-e-no-mundo-frei-chico-irmao-de-lula-expoe-infiltracao-do-pt-no-estado\/\" \/>\n<meta property=\"og:site_name\" content=\"Jornal Fatos e Not\u00edcias\" \/>\n<meta property=\"article:published_time\" content=\"2025-05-02T12:57:53+00:00\" \/>\n<meta property=\"article:modified_time\" content=\"2025-05-02T12:57:56+00:00\" \/>\n<meta property=\"og:image\" content=\"https:\/\/jornalfatosenoticias.com.br\/wp-content\/uploads\/2025\/05\/frei-chico-lula.jpg\" \/>\n\t<meta property=\"og:image:width\" content=\"780\" \/>\n\t<meta property=\"og:image:height\" content=\"470\" \/>\n\t<meta property=\"og:image:type\" content=\"image\/jpeg\" \/>\n<meta name=\"author\" content=\"Haroldo Filho\" \/>\n<meta name=\"twitter:card\" content=\"summary_large_image\" \/>\n<meta name=\"twitter:label1\" content=\"Escrito por\" \/>\n\t<meta name=\"twitter:data1\" content=\"Haroldo Filho\" \/>\n\t<meta name=\"twitter:label2\" content=\"Est. tempo de leitura\" \/>\n\t<meta name=\"twitter:data2\" content=\"16 minutos\" \/>\n<script type=\"application\/ld+json\" class=\"yoast-schema-graph\">{\"@context\":\"https:\/\/schema.org\",\"@graph\":[{\"@type\":\"Article\",\"@id\":\"https:\/\/jornalfatosenoticias.com.br\/index.php\/2025\/05\/02\/a-semana-no-brasil-e-no-mundo-frei-chico-irmao-de-lula-expoe-infiltracao-do-pt-no-estado\/#article\",\"isPartOf\":{\"@id\":\"https:\/\/jornalfatosenoticias.com.br\/index.php\/2025\/05\/02\/a-semana-no-brasil-e-no-mundo-frei-chico-irmao-de-lula-expoe-infiltracao-do-pt-no-estado\/\"},\"author\":{\"name\":\"Haroldo Filho\",\"@id\":\"https:\/\/jornalfatosenoticias.com.br\/#\/schema\/person\/05c46cc25b42a5c27e004fb0fa6b4965\"},\"headline\":\"A Semana no Brasil e no Mundo \u2014 Frei Chico, irm\u00e3o de Lula, exp\u00f5e infiltra\u00e7\u00e3o do PT no Estado\",\"datePublished\":\"2025-05-02T12:57:53+00:00\",\"dateModified\":\"2025-05-02T12:57:56+00:00\",\"mainEntityOfPage\":{\"@id\":\"https:\/\/jornalfatosenoticias.com.br\/index.php\/2025\/05\/02\/a-semana-no-brasil-e-no-mundo-frei-chico-irmao-de-lula-expoe-infiltracao-do-pt-no-estado\/\"},\"wordCount\":3307,\"commentCount\":0,\"publisher\":{\"@id\":\"https:\/\/jornalfatosenoticias.com.br\/#organization\"},\"image\":{\"@id\":\"https:\/\/jornalfatosenoticias.com.br\/index.php\/2025\/05\/02\/a-semana-no-brasil-e-no-mundo-frei-chico-irmao-de-lula-expoe-infiltracao-do-pt-no-estado\/#primaryimage\"},\"thumbnailUrl\":\"https:\/\/jornalfatosenoticias.com.br\/wp-content\/uploads\/2025\/05\/frei-chico-lula.jpg\",\"keywords\":[\"apag\u00e3o\",\"consumo de energia\",\"CPI dos Correios\",\"Cuba\",\"Davi Alcolumbre\",\"desvios bilion\u00e1rios no INSS\",\"Donald Trump\",\"energia el\u00e9trica\",\"Espanha\",\"Europa\",\"frei Chico\",\"governo Lula\",\"irm\u00e3o de Lula\",\"Portugal\",\"PT\",\"regime cubano\",\"tarifas EUA\",\"TCU\"],\"articleSection\":[\"Pol\u00edtica\"],\"inLanguage\":\"pt-BR\",\"potentialAction\":[{\"@type\":\"CommentAction\",\"name\":\"Comment\",\"target\":[\"https:\/\/jornalfatosenoticias.com.br\/index.php\/2025\/05\/02\/a-semana-no-brasil-e-no-mundo-frei-chico-irmao-de-lula-expoe-infiltracao-do-pt-no-estado\/#respond\"]}]},{\"@type\":\"WebPage\",\"@id\":\"https:\/\/jornalfatosenoticias.com.br\/index.php\/2025\/05\/02\/a-semana-no-brasil-e-no-mundo-frei-chico-irmao-de-lula-expoe-infiltracao-do-pt-no-estado\/\",\"url\":\"https:\/\/jornalfatosenoticias.com.br\/index.php\/2025\/05\/02\/a-semana-no-brasil-e-no-mundo-frei-chico-irmao-de-lula-expoe-infiltracao-do-pt-no-estado\/\",\"name\":\"A Semana no Brasil e no Mundo \u2014 Frei Chico, irm\u00e3o de Lula, exp\u00f5e infiltra\u00e7\u00e3o do PT no Estado - Jornal Fatos e Not\u00edcias\",\"isPartOf\":{\"@id\":\"https:\/\/jornalfatosenoticias.com.br\/#website\"},\"primaryImageOfPage\":{\"@id\":\"https:\/\/jornalfatosenoticias.com.br\/index.php\/2025\/05\/02\/a-semana-no-brasil-e-no-mundo-frei-chico-irmao-de-lula-expoe-infiltracao-do-pt-no-estado\/#primaryimage\"},\"image\":{\"@id\":\"https:\/\/jornalfatosenoticias.com.br\/index.php\/2025\/05\/02\/a-semana-no-brasil-e-no-mundo-frei-chico-irmao-de-lula-expoe-infiltracao-do-pt-no-estado\/#primaryimage\"},\"thumbnailUrl\":\"https:\/\/jornalfatosenoticias.com.br\/wp-content\/uploads\/2025\/05\/frei-chico-lula.jpg\",\"datePublished\":\"2025-05-02T12:57:53+00:00\",\"dateModified\":\"2025-05-02T12:57:56+00:00\",\"breadcrumb\":{\"@id\":\"https:\/\/jornalfatosenoticias.com.br\/index.php\/2025\/05\/02\/a-semana-no-brasil-e-no-mundo-frei-chico-irmao-de-lula-expoe-infiltracao-do-pt-no-estado\/#breadcrumb\"},\"inLanguage\":\"pt-BR\",\"potentialAction\":[{\"@type\":\"ReadAction\",\"target\":[\"https:\/\/jornalfatosenoticias.com.br\/index.php\/2025\/05\/02\/a-semana-no-brasil-e-no-mundo-frei-chico-irmao-de-lula-expoe-infiltracao-do-pt-no-estado\/\"]}]},{\"@type\":\"ImageObject\",\"inLanguage\":\"pt-BR\",\"@id\":\"https:\/\/jornalfatosenoticias.com.br\/index.php\/2025\/05\/02\/a-semana-no-brasil-e-no-mundo-frei-chico-irmao-de-lula-expoe-infiltracao-do-pt-no-estado\/#primaryimage\",\"url\":\"https:\/\/jornalfatosenoticias.com.br\/wp-content\/uploads\/2025\/05\/frei-chico-lula.jpg\",\"contentUrl\":\"https:\/\/jornalfatosenoticias.com.br\/wp-content\/uploads\/2025\/05\/frei-chico-lula.jpg\",\"width\":780,\"height\":470},{\"@type\":\"BreadcrumbList\",\"@id\":\"https:\/\/jornalfatosenoticias.com.br\/index.php\/2025\/05\/02\/a-semana-no-brasil-e-no-mundo-frei-chico-irmao-de-lula-expoe-infiltracao-do-pt-no-estado\/#breadcrumb\",\"itemListElement\":[{\"@type\":\"ListItem\",\"position\":1,\"name\":\"In\u00edcio\",\"item\":\"https:\/\/jornalfatosenoticias.com.br\/\"},{\"@type\":\"ListItem\",\"position\":2,\"name\":\"A Semana no Brasil e no Mundo \u2014 Frei Chico, irm\u00e3o de Lula, exp\u00f5e infiltra\u00e7\u00e3o do PT no Estado\"}]},{\"@type\":\"WebSite\",\"@id\":\"https:\/\/jornalfatosenoticias.com.br\/#website\",\"url\":\"https:\/\/jornalfatosenoticias.com.br\/\",\"name\":\"Jornal Fatos e Not\u00edcias\",\"description\":\"Not\u00edcias em geral\",\"publisher\":{\"@id\":\"https:\/\/jornalfatosenoticias.com.br\/#organization\"},\"potentialAction\":[{\"@type\":\"SearchAction\",\"target\":{\"@type\":\"EntryPoint\",\"urlTemplate\":\"https:\/\/jornalfatosenoticias.com.br\/?s={search_term_string}\"},\"query-input\":{\"@type\":\"PropertyValueSpecification\",\"valueRequired\":true,\"valueName\":\"search_term_string\"}}],\"inLanguage\":\"pt-BR\"},{\"@type\":\"Organization\",\"@id\":\"https:\/\/jornalfatosenoticias.com.br\/#organization\",\"name\":\"Jornal Fatos e Not\u00edcias\",\"url\":\"https:\/\/jornalfatosenoticias.com.br\/\",\"logo\":{\"@type\":\"ImageObject\",\"inLanguage\":\"pt-BR\",\"@id\":\"https:\/\/jornalfatosenoticias.com.br\/#\/schema\/logo\/image\/\",\"url\":\"https:\/\/jornalfatosenoticias.com.br\/wp-content\/uploads\/2020\/02\/logo120.png\",\"contentUrl\":\"https:\/\/jornalfatosenoticias.com.br\/wp-content\/uploads\/2020\/02\/logo120.png\",\"width\":1227,\"height\":120,\"caption\":\"Jornal Fatos e Not\u00edcias\"},\"image\":{\"@id\":\"https:\/\/jornalfatosenoticias.com.br\/#\/schema\/logo\/image\/\"}},{\"@type\":\"Person\",\"@id\":\"https:\/\/jornalfatosenoticias.com.br\/#\/schema\/person\/05c46cc25b42a5c27e004fb0fa6b4965\",\"name\":\"Haroldo Filho\",\"image\":{\"@type\":\"ImageObject\",\"inLanguage\":\"pt-BR\",\"@id\":\"https:\/\/jornalfatosenoticias.com.br\/#\/schema\/person\/image\/\",\"url\":\"https:\/\/jornalfatosenoticias.com.br\/wp-content\/uploads\/2025\/08\/WhatsApp-Image-2025-08-18-at-15.30.28-150x150.jpeg\",\"contentUrl\":\"https:\/\/jornalfatosenoticias.com.br\/wp-content\/uploads\/2025\/08\/WhatsApp-Image-2025-08-18-at-15.30.28-150x150.jpeg\",\"caption\":\"Haroldo Filho\"},\"description\":\"Jornalista \u2013 DRT: 0003818\/ES Coordenador-geral da ONG Educar para Crescer\",\"url\":\"https:\/\/jornalfatosenoticias.com.br\/index.php\/author\/haroldo\/\"}]}<\/script>\n<!-- \/ Yoast SEO plugin. -->","yoast_head_json":{"title":"A Semana no Brasil e no Mundo \u2014 Frei Chico, irm\u00e3o de Lula, exp\u00f5e infiltra\u00e7\u00e3o do PT no Estado - Jornal Fatos e Not\u00edcias","robots":{"index":"index","follow":"follow","max-snippet":"max-snippet:-1","max-image-preview":"max-image-preview:large","max-video-preview":"max-video-preview:-1"},"canonical":"https:\/\/jornalfatosenoticias.com.br\/index.php\/2025\/05\/02\/a-semana-no-brasil-e-no-mundo-frei-chico-irmao-de-lula-expoe-infiltracao-do-pt-no-estado\/","og_locale":"pt_BR","og_type":"article","og_title":"A Semana no Brasil e no Mundo \u2014 Frei Chico, irm\u00e3o de Lula, exp\u00f5e infiltra\u00e7\u00e3o do PT no Estado - Jornal Fatos e Not\u00edcias","og_description":"Em meio \u00e0s investiga\u00e7\u00f5es sobre desvios bilion\u00e1rios no Instituto Nacional de Seguro Social (INSS), Jos\u00e9 Ferreira da Silva, o Frei Chico, irm\u00e3o de Luiz In\u00e1cio Lula da Silva, revelou a estrat\u00e9gia usada pelo Partido dos Trabalhadores (PT) para dominar o aparato estatal brasileiro. Em entrevista concedida \u00e0 revista F\u00f3rum em agosto de 2024, Frei Chico [&hellip;]","og_url":"https:\/\/jornalfatosenoticias.com.br\/index.php\/2025\/05\/02\/a-semana-no-brasil-e-no-mundo-frei-chico-irmao-de-lula-expoe-infiltracao-do-pt-no-estado\/","og_site_name":"Jornal Fatos e Not\u00edcias","article_published_time":"2025-05-02T12:57:53+00:00","article_modified_time":"2025-05-02T12:57:56+00:00","og_image":[{"width":780,"height":470,"url":"https:\/\/jornalfatosenoticias.com.br\/wp-content\/uploads\/2025\/05\/frei-chico-lula.jpg","type":"image\/jpeg"}],"author":"Haroldo Filho","twitter_card":"summary_large_image","twitter_misc":{"Escrito por":"Haroldo Filho","Est. tempo de leitura":"16 minutos"},"schema":{"@context":"https:\/\/schema.org","@graph":[{"@type":"Article","@id":"https:\/\/jornalfatosenoticias.com.br\/index.php\/2025\/05\/02\/a-semana-no-brasil-e-no-mundo-frei-chico-irmao-de-lula-expoe-infiltracao-do-pt-no-estado\/#article","isPartOf":{"@id":"https:\/\/jornalfatosenoticias.com.br\/index.php\/2025\/05\/02\/a-semana-no-brasil-e-no-mundo-frei-chico-irmao-de-lula-expoe-infiltracao-do-pt-no-estado\/"},"author":{"name":"Haroldo Filho","@id":"https:\/\/jornalfatosenoticias.com.br\/#\/schema\/person\/05c46cc25b42a5c27e004fb0fa6b4965"},"headline":"A Semana no Brasil e no Mundo \u2014 Frei Chico, irm\u00e3o de Lula, exp\u00f5e infiltra\u00e7\u00e3o do PT no Estado","datePublished":"2025-05-02T12:57:53+00:00","dateModified":"2025-05-02T12:57:56+00:00","mainEntityOfPage":{"@id":"https:\/\/jornalfatosenoticias.com.br\/index.php\/2025\/05\/02\/a-semana-no-brasil-e-no-mundo-frei-chico-irmao-de-lula-expoe-infiltracao-do-pt-no-estado\/"},"wordCount":3307,"commentCount":0,"publisher":{"@id":"https:\/\/jornalfatosenoticias.com.br\/#organization"},"image":{"@id":"https:\/\/jornalfatosenoticias.com.br\/index.php\/2025\/05\/02\/a-semana-no-brasil-e-no-mundo-frei-chico-irmao-de-lula-expoe-infiltracao-do-pt-no-estado\/#primaryimage"},"thumbnailUrl":"https:\/\/jornalfatosenoticias.com.br\/wp-content\/uploads\/2025\/05\/frei-chico-lula.jpg","keywords":["apag\u00e3o","consumo de energia","CPI dos Correios","Cuba","Davi Alcolumbre","desvios bilion\u00e1rios no INSS","Donald Trump","energia el\u00e9trica","Espanha","Europa","frei Chico","governo Lula","irm\u00e3o de Lula","Portugal","PT","regime cubano","tarifas EUA","TCU"],"articleSection":["Pol\u00edtica"],"inLanguage":"pt-BR","potentialAction":[{"@type":"CommentAction","name":"Comment","target":["https:\/\/jornalfatosenoticias.com.br\/index.php\/2025\/05\/02\/a-semana-no-brasil-e-no-mundo-frei-chico-irmao-de-lula-expoe-infiltracao-do-pt-no-estado\/#respond"]}]},{"@type":"WebPage","@id":"https:\/\/jornalfatosenoticias.com.br\/index.php\/2025\/05\/02\/a-semana-no-brasil-e-no-mundo-frei-chico-irmao-de-lula-expoe-infiltracao-do-pt-no-estado\/","url":"https:\/\/jornalfatosenoticias.com.br\/index.php\/2025\/05\/02\/a-semana-no-brasil-e-no-mundo-frei-chico-irmao-de-lula-expoe-infiltracao-do-pt-no-estado\/","name":"A Semana no Brasil e no Mundo \u2014 Frei Chico, irm\u00e3o de Lula, exp\u00f5e infiltra\u00e7\u00e3o do PT no Estado - Jornal Fatos e Not\u00edcias","isPartOf":{"@id":"https:\/\/jornalfatosenoticias.com.br\/#website"},"primaryImageOfPage":{"@id":"https:\/\/jornalfatosenoticias.com.br\/index.php\/2025\/05\/02\/a-semana-no-brasil-e-no-mundo-frei-chico-irmao-de-lula-expoe-infiltracao-do-pt-no-estado\/#primaryimage"},"image":{"@id":"https:\/\/jornalfatosenoticias.com.br\/index.php\/2025\/05\/02\/a-semana-no-brasil-e-no-mundo-frei-chico-irmao-de-lula-expoe-infiltracao-do-pt-no-estado\/#primaryimage"},"thumbnailUrl":"https:\/\/jornalfatosenoticias.com.br\/wp-content\/uploads\/2025\/05\/frei-chico-lula.jpg","datePublished":"2025-05-02T12:57:53+00:00","dateModified":"2025-05-02T12:57:56+00:00","breadcrumb":{"@id":"https:\/\/jornalfatosenoticias.com.br\/index.php\/2025\/05\/02\/a-semana-no-brasil-e-no-mundo-frei-chico-irmao-de-lula-expoe-infiltracao-do-pt-no-estado\/#breadcrumb"},"inLanguage":"pt-BR","potentialAction":[{"@type":"ReadAction","target":["https:\/\/jornalfatosenoticias.com.br\/index.php\/2025\/05\/02\/a-semana-no-brasil-e-no-mundo-frei-chico-irmao-de-lula-expoe-infiltracao-do-pt-no-estado\/"]}]},{"@type":"ImageObject","inLanguage":"pt-BR","@id":"https:\/\/jornalfatosenoticias.com.br\/index.php\/2025\/05\/02\/a-semana-no-brasil-e-no-mundo-frei-chico-irmao-de-lula-expoe-infiltracao-do-pt-no-estado\/#primaryimage","url":"https:\/\/jornalfatosenoticias.com.br\/wp-content\/uploads\/2025\/05\/frei-chico-lula.jpg","contentUrl":"https:\/\/jornalfatosenoticias.com.br\/wp-content\/uploads\/2025\/05\/frei-chico-lula.jpg","width":780,"height":470},{"@type":"BreadcrumbList","@id":"https:\/\/jornalfatosenoticias.com.br\/index.php\/2025\/05\/02\/a-semana-no-brasil-e-no-mundo-frei-chico-irmao-de-lula-expoe-infiltracao-do-pt-no-estado\/#breadcrumb","itemListElement":[{"@type":"ListItem","position":1,"name":"In\u00edcio","item":"https:\/\/jornalfatosenoticias.com.br\/"},{"@type":"ListItem","position":2,"name":"A Semana no Brasil e no Mundo \u2014 Frei Chico, irm\u00e3o de Lula, exp\u00f5e infiltra\u00e7\u00e3o do PT no Estado"}]},{"@type":"WebSite","@id":"https:\/\/jornalfatosenoticias.com.br\/#website","url":"https:\/\/jornalfatosenoticias.com.br\/","name":"Jornal Fatos e Not\u00edcias","description":"Not\u00edcias em geral","publisher":{"@id":"https:\/\/jornalfatosenoticias.com.br\/#organization"},"potentialAction":[{"@type":"SearchAction","target":{"@type":"EntryPoint","urlTemplate":"https:\/\/jornalfatosenoticias.com.br\/?s={search_term_string}"},"query-input":{"@type":"PropertyValueSpecification","valueRequired":true,"valueName":"search_term_string"}}],"inLanguage":"pt-BR"},{"@type":"Organization","@id":"https:\/\/jornalfatosenoticias.com.br\/#organization","name":"Jornal Fatos e Not\u00edcias","url":"https:\/\/jornalfatosenoticias.com.br\/","logo":{"@type":"ImageObject","inLanguage":"pt-BR","@id":"https:\/\/jornalfatosenoticias.com.br\/#\/schema\/logo\/image\/","url":"https:\/\/jornalfatosenoticias.com.br\/wp-content\/uploads\/2020\/02\/logo120.png","contentUrl":"https:\/\/jornalfatosenoticias.com.br\/wp-content\/uploads\/2020\/02\/logo120.png","width":1227,"height":120,"caption":"Jornal Fatos e Not\u00edcias"},"image":{"@id":"https:\/\/jornalfatosenoticias.com.br\/#\/schema\/logo\/image\/"}},{"@type":"Person","@id":"https:\/\/jornalfatosenoticias.com.br\/#\/schema\/person\/05c46cc25b42a5c27e004fb0fa6b4965","name":"Haroldo Filho","image":{"@type":"ImageObject","inLanguage":"pt-BR","@id":"https:\/\/jornalfatosenoticias.com.br\/#\/schema\/person\/image\/","url":"https:\/\/jornalfatosenoticias.com.br\/wp-content\/uploads\/2025\/08\/WhatsApp-Image-2025-08-18-at-15.30.28-150x150.jpeg","contentUrl":"https:\/\/jornalfatosenoticias.com.br\/wp-content\/uploads\/2025\/08\/WhatsApp-Image-2025-08-18-at-15.30.28-150x150.jpeg","caption":"Haroldo Filho"},"description":"Jornalista \u2013 DRT: 0003818\/ES Coordenador-geral da ONG Educar para Crescer","url":"https:\/\/jornalfatosenoticias.com.br\/index.php\/author\/haroldo\/"}]}},"cc_featured_image_caption":{"caption_text":"(Foto: Instituto Lula)","source_text":"","source_url":""},"jetpack_featured_media_url":"https:\/\/jornalfatosenoticias.com.br\/wp-content\/uploads\/2025\/05\/frei-chico-lula.jpg","_links":{"self":[{"href":"https:\/\/jornalfatosenoticias.com.br\/index.php\/wp-json\/wp\/v2\/posts\/58899","targetHints":{"allow":["GET"]}}],"collection":[{"href":"https:\/\/jornalfatosenoticias.com.br\/index.php\/wp-json\/wp\/v2\/posts"}],"about":[{"href":"https:\/\/jornalfatosenoticias.com.br\/index.php\/wp-json\/wp\/v2\/types\/post"}],"author":[{"embeddable":true,"href":"https:\/\/jornalfatosenoticias.com.br\/index.php\/wp-json\/wp\/v2\/users\/3"}],"replies":[{"embeddable":true,"href":"https:\/\/jornalfatosenoticias.com.br\/index.php\/wp-json\/wp\/v2\/comments?post=58899"}],"version-history":[{"count":0,"href":"https:\/\/jornalfatosenoticias.com.br\/index.php\/wp-json\/wp\/v2\/posts\/58899\/revisions"}],"wp:featuredmedia":[{"embeddable":true,"href":"https:\/\/jornalfatosenoticias.com.br\/index.php\/wp-json\/wp\/v2\/media\/58905"}],"wp:attachment":[{"href":"https:\/\/jornalfatosenoticias.com.br\/index.php\/wp-json\/wp\/v2\/media?parent=58899"}],"wp:term":[{"taxonomy":"category","embeddable":true,"href":"https:\/\/jornalfatosenoticias.com.br\/index.php\/wp-json\/wp\/v2\/categories?post=58899"},{"taxonomy":"post_tag","embeddable":true,"href":"https:\/\/jornalfatosenoticias.com.br\/index.php\/wp-json\/wp\/v2\/tags?post=58899"}],"curies":[{"name":"wp","href":"https:\/\/api.w.org\/{rel}","templated":true}]}}