{"id":58929,"date":"2025-05-02T13:07:55","date_gmt":"2025-05-02T16:07:55","guid":{"rendered":"https:\/\/jornalfatosenoticias.com.br\/?p=58929"},"modified":"2025-05-02T13:07:56","modified_gmt":"2025-05-02T16:07:56","slug":"weg-anuncia-aquisicao-estrategica-no-segmento-de-revestimentos-industriais-nos-eua","status":"publish","type":"post","link":"https:\/\/jornalfatosenoticias.com.br\/index.php\/2025\/05\/02\/weg-anuncia-aquisicao-estrategica-no-segmento-de-revestimentos-industriais-nos-eua\/","title":{"rendered":"WEG anuncia aquisi\u00e7\u00e3o estrat\u00e9gica no segmento de revestimentos industriais nos EUA"},"content":{"rendered":"\n<p><em><span class=\"has-inline-color has-black-color\">Nova f\u00e1brica vai fortalecer a presen\u00e7a da companhia no mercado de solu\u00e7\u00f5es de revestimento para ambientes severos, como o setor de \u00f3leo e g\u00e1s e tratamento de \u00e1guas<\/span><\/em><\/p>\n\n\n\n<p><span class=\"has-inline-color has-black-color\">Por <strong>Assessoria de Comunica\u00e7\u00e3o<\/strong><\/span><\/p>\n\n\n\n<div class=\"wp-block-image\"><figure class=\"aligncenter size-large\"><a href=\"https:\/\/www.controlsystems.com.br\/\"><img loading=\"lazy\" decoding=\"async\" width=\"1024\" height=\"109\" src=\"https:\/\/jornalfatosenoticias.com.br\/wp-content\/uploads\/2020\/02\/CONTROL-CS2-1024x109.jpg\" alt=\"\" class=\"wp-image-44989\" srcset=\"https:\/\/jornalfatosenoticias.com.br\/wp-content\/uploads\/2020\/02\/CONTROL-CS2-1024x109.jpg 1024w, https:\/\/jornalfatosenoticias.com.br\/wp-content\/uploads\/2020\/02\/CONTROL-CS2-300x32.jpg 300w, https:\/\/jornalfatosenoticias.com.br\/wp-content\/uploads\/2020\/02\/CONTROL-CS2-768x82.jpg 768w, https:\/\/jornalfatosenoticias.com.br\/wp-content\/uploads\/2020\/02\/CONTROL-CS2.jpg 1120w\" sizes=\"auto, (max-width: 1024px) 100vw, 1024px\" \/><\/a><\/figure><\/div>\n\n\n\n<p>A WEG anunciou hoje a assinatura do contrato para aquisi\u00e7\u00e3o dos ativos da Heresite Protective Coatings, empresa americana de revestimentos industriais localizada nos Estados Unidos. O valor da aquisi\u00e7\u00e3o \u00e9 de US$ 9,5 milh\u00f5es, estando sujeito a ajustes de pre\u00e7os comuns a este tipo de opera\u00e7\u00e3o. Os ativos adquiridos ser\u00e3o consolidados nas demonstra\u00e7\u00f5es financeiras a partir de maio de 2025.<br>Fundada em 1935, em Manitowoc, no estado de Wisconsin, a Heresite Protective Coatings \u00e9 uma empresa consolidada no mercado de revestimento industrial, com especializa\u00e7\u00e3o em solu\u00e7\u00f5es para equipamentos de ventila\u00e7\u00e3o, aquecimento e ar-condicionado (HVAC), destinados a ambientes severos, especialmente nos mercados de \u00f3leo &amp; g\u00e1s e tratamento de \u00e1guas. Al\u00e9m de atuar no mercado norte-americano, a Heresite possui uma forte presen\u00e7a internacional, com 70% de suas vendas realizadas fora dos EUA e parceiros certificados ao redor do mundo. Em 2024, a Heresite apresentou uma receita operacional l\u00edquida de US$ 8,6 milh\u00f5es, com uma margem EBITDA de 22%.<\/p>\n\n\n\n<div class=\"wp-block-image\"><figure class=\"aligncenter size-large\"><a href=\"http:\/\/www.ferrarimaquinas.com.br\/\"><img loading=\"lazy\" decoding=\"async\" width=\"300\" height=\"250\" src=\"https:\/\/jornalfatosenoticias.com.br\/wp-content\/uploads\/2022\/02\/FERRARI_MAQUINAS-E-FERRAMENTAS2.jpg\" alt=\"\" class=\"wp-image-27860\"\/><\/a><\/figure><\/div>\n\n\n\n<blockquote class=\"wp-block-quote is-layout-flow wp-block-quote-is-layout-flow\"><p><span class=\"has-inline-color has-luminous-vivid-orange-color\">Os produtos e servi\u00e7os da Heresite Protective Coatings complementam nossa vis\u00e3o de oferecer solu\u00e7\u00f5es inovadoras e sustent\u00e1veis aos nossos clientes. Esta aquisi\u00e7\u00e3o representa um importante passo na expans\u00e3o de nossos neg\u00f3cios na Am\u00e9rica do Norte e refor\u00e7a nosso compromisso em nichos estrat\u00e9gicos de alta tecnologia\u201d, explica Rafael Guerreiro Torezan, diretor-superintendente da WEG Tintas.<\/span><\/p><\/blockquote>\n\n\n\n<div class=\"wp-block-image\"><figure class=\"aligncenter size-large is-resized\"><a href=\"https:\/\/www.legisjuris.com.br\/\"><img loading=\"lazy\" decoding=\"async\" src=\"https:\/\/jornalfatosenoticias.com.br\/wp-content\/uploads\/2024\/09\/Legis-Juris-Consultoria_logo.jpg\" alt=\"\" class=\"wp-image-53915\" width=\"511\" height=\"214\" srcset=\"https:\/\/jornalfatosenoticias.com.br\/wp-content\/uploads\/2024\/09\/Legis-Juris-Consultoria_logo.jpg 969w, https:\/\/jornalfatosenoticias.com.br\/wp-content\/uploads\/2024\/09\/Legis-Juris-Consultoria_logo-300x126.jpg 300w, https:\/\/jornalfatosenoticias.com.br\/wp-content\/uploads\/2024\/09\/Legis-Juris-Consultoria_logo-768x322.jpg 768w\" sizes=\"auto, (max-width: 511px) 100vw, 511px\" \/><\/a><\/figure><\/div>\n\n\n\n<p>H\u00e1 mais de 40 anos a WEG vem consolidando sua expertise na produ\u00e7\u00e3o de tintas l\u00edquidas e em p\u00f3, atrav\u00e9s de suas opera\u00e7\u00f5es no Brasil, localizadas em Guaramirim\/SC e Mau\u00e1\/SP. Essa s\u00f3lida trajet\u00f3ria no mercado nacional permitiu \u00e0 Companhia expandir sua atua\u00e7\u00e3o para o exterior, onde conta com duas f\u00e1bricas: uma no M\u00e9xico, em Atotonilco de Tula, e outra na Argentina, em Hidalgo.<\/p>\n","protected":false},"excerpt":{"rendered":"<p>Nova f\u00e1brica vai fortalecer a presen\u00e7a da companhia no mercado de solu\u00e7\u00f5es de revestimento para ambientes severos, como o setor de \u00f3leo e g\u00e1s e tratamento de \u00e1guas Por Assessoria de Comunica\u00e7\u00e3o A WEG anunciou hoje a assinatura do contrato para aquisi\u00e7\u00e3o dos ativos da Heresite Protective Coatings, empresa americana de revestimentos industriais localizada nos [&hellip;]<\/p>\n","protected":false},"author":2,"featured_media":58930,"comment_status":"open","ping_status":"open","sticky":false,"template":"","format":"standard","meta":{"footnotes":""},"categories":[9],"tags":[26904,159,7542,26905,26906,26907],"class_list":["post-58929","post","type-post","status-publish","format-standard","has-post-thumbnail","hentry","category-economia","tag-aquisicao-estrategica","tag-eua","tag-fabrica","tag-revestimentos-industriais","tag-solucoes-de-revestimento","tag-weg-tintas"],"yoast_head":"<!-- This site is optimized with the Yoast SEO plugin v26.5 - https:\/\/yoast.com\/wordpress\/plugins\/seo\/ -->\n<title>WEG anuncia aquisi\u00e7\u00e3o estrat\u00e9gica no segmento de revestimentos industriais nos EUA - Jornal Fatos e Not\u00edcias<\/title>\n<meta name=\"robots\" content=\"index, follow, max-snippet:-1, max-image-preview:large, max-video-preview:-1\" \/>\n<link rel=\"canonical\" href=\"https:\/\/jornalfatosenoticias.com.br\/index.php\/2025\/05\/02\/weg-anuncia-aquisicao-estrategica-no-segmento-de-revestimentos-industriais-nos-eua\/\" \/>\n<meta property=\"og:locale\" content=\"pt_BR\" \/>\n<meta property=\"og:type\" content=\"article\" \/>\n<meta property=\"og:title\" content=\"WEG anuncia aquisi\u00e7\u00e3o estrat\u00e9gica no segmento de revestimentos industriais nos EUA - Jornal Fatos e Not\u00edcias\" \/>\n<meta property=\"og:description\" content=\"Nova f\u00e1brica vai fortalecer a presen\u00e7a da companhia no mercado de solu\u00e7\u00f5es de revestimento para ambientes severos, como o setor de \u00f3leo e g\u00e1s e tratamento de \u00e1guas Por Assessoria de Comunica\u00e7\u00e3o A WEG anunciou hoje a assinatura do contrato para aquisi\u00e7\u00e3o dos ativos da Heresite Protective Coatings, empresa americana de revestimentos industriais localizada nos [&hellip;]\" \/>\n<meta property=\"og:url\" content=\"https:\/\/jornalfatosenoticias.com.br\/index.php\/2025\/05\/02\/weg-anuncia-aquisicao-estrategica-no-segmento-de-revestimentos-industriais-nos-eua\/\" \/>\n<meta property=\"og:site_name\" content=\"Jornal Fatos e Not\u00edcias\" \/>\n<meta property=\"article:published_time\" content=\"2025-05-02T16:07:55+00:00\" \/>\n<meta property=\"article:modified_time\" content=\"2025-05-02T16:07:56+00:00\" \/>\n<meta property=\"og:image\" content=\"https:\/\/jornalfatosenoticias.com.br\/wp-content\/uploads\/2025\/05\/WEG.jpg\" \/>\n\t<meta property=\"og:image:width\" content=\"847\" \/>\n\t<meta property=\"og:image:height\" content=\"478\" \/>\n\t<meta property=\"og:image:type\" content=\"image\/jpeg\" \/>\n<meta name=\"author\" content=\"Luzimara Fernandes\" \/>\n<meta name=\"twitter:card\" content=\"summary_large_image\" \/>\n<meta name=\"twitter:label1\" content=\"Escrito por\" \/>\n\t<meta name=\"twitter:data1\" content=\"Luzimara Fernandes\" \/>\n\t<meta name=\"twitter:label2\" content=\"Est. tempo de leitura\" \/>\n\t<meta name=\"twitter:data2\" content=\"2 minutos\" \/>\n<script type=\"application\/ld+json\" class=\"yoast-schema-graph\">{\"@context\":\"https:\/\/schema.org\",\"@graph\":[{\"@type\":\"Article\",\"@id\":\"https:\/\/jornalfatosenoticias.com.br\/index.php\/2025\/05\/02\/weg-anuncia-aquisicao-estrategica-no-segmento-de-revestimentos-industriais-nos-eua\/#article\",\"isPartOf\":{\"@id\":\"https:\/\/jornalfatosenoticias.com.br\/index.php\/2025\/05\/02\/weg-anuncia-aquisicao-estrategica-no-segmento-de-revestimentos-industriais-nos-eua\/\"},\"author\":{\"name\":\"Luzimara Fernandes\",\"@id\":\"https:\/\/jornalfatosenoticias.com.br\/#\/schema\/person\/d63837fa13ac8666eb9e74e0985d6f81\"},\"headline\":\"WEG anuncia aquisi\u00e7\u00e3o estrat\u00e9gica no segmento de revestimentos industriais nos EUA\",\"datePublished\":\"2025-05-02T16:07:55+00:00\",\"dateModified\":\"2025-05-02T16:07:56+00:00\",\"mainEntityOfPage\":{\"@id\":\"https:\/\/jornalfatosenoticias.com.br\/index.php\/2025\/05\/02\/weg-anuncia-aquisicao-estrategica-no-segmento-de-revestimentos-industriais-nos-eua\/\"},\"wordCount\":348,\"commentCount\":0,\"publisher\":{\"@id\":\"https:\/\/jornalfatosenoticias.com.br\/#organization\"},\"image\":{\"@id\":\"https:\/\/jornalfatosenoticias.com.br\/index.php\/2025\/05\/02\/weg-anuncia-aquisicao-estrategica-no-segmento-de-revestimentos-industriais-nos-eua\/#primaryimage\"},\"thumbnailUrl\":\"https:\/\/jornalfatosenoticias.com.br\/wp-content\/uploads\/2025\/05\/WEG.jpg\",\"keywords\":[\"aquisi\u00e7\u00e3o estrat\u00e9gica\",\"EUA\",\"f\u00e1brica\",\"revestimentos industriais\",\"solu\u00e7\u00f5es de revestimento\",\"WEG Tintas\"],\"articleSection\":[\"Economia\"],\"inLanguage\":\"pt-BR\",\"potentialAction\":[{\"@type\":\"CommentAction\",\"name\":\"Comment\",\"target\":[\"https:\/\/jornalfatosenoticias.com.br\/index.php\/2025\/05\/02\/weg-anuncia-aquisicao-estrategica-no-segmento-de-revestimentos-industriais-nos-eua\/#respond\"]}]},{\"@type\":\"WebPage\",\"@id\":\"https:\/\/jornalfatosenoticias.com.br\/index.php\/2025\/05\/02\/weg-anuncia-aquisicao-estrategica-no-segmento-de-revestimentos-industriais-nos-eua\/\",\"url\":\"https:\/\/jornalfatosenoticias.com.br\/index.php\/2025\/05\/02\/weg-anuncia-aquisicao-estrategica-no-segmento-de-revestimentos-industriais-nos-eua\/\",\"name\":\"WEG anuncia aquisi\u00e7\u00e3o estrat\u00e9gica no segmento de revestimentos industriais nos EUA - Jornal Fatos e Not\u00edcias\",\"isPartOf\":{\"@id\":\"https:\/\/jornalfatosenoticias.com.br\/#website\"},\"primaryImageOfPage\":{\"@id\":\"https:\/\/jornalfatosenoticias.com.br\/index.php\/2025\/05\/02\/weg-anuncia-aquisicao-estrategica-no-segmento-de-revestimentos-industriais-nos-eua\/#primaryimage\"},\"image\":{\"@id\":\"https:\/\/jornalfatosenoticias.com.br\/index.php\/2025\/05\/02\/weg-anuncia-aquisicao-estrategica-no-segmento-de-revestimentos-industriais-nos-eua\/#primaryimage\"},\"thumbnailUrl\":\"https:\/\/jornalfatosenoticias.com.br\/wp-content\/uploads\/2025\/05\/WEG.jpg\",\"datePublished\":\"2025-05-02T16:07:55+00:00\",\"dateModified\":\"2025-05-02T16:07:56+00:00\",\"breadcrumb\":{\"@id\":\"https:\/\/jornalfatosenoticias.com.br\/index.php\/2025\/05\/02\/weg-anuncia-aquisicao-estrategica-no-segmento-de-revestimentos-industriais-nos-eua\/#breadcrumb\"},\"inLanguage\":\"pt-BR\",\"potentialAction\":[{\"@type\":\"ReadAction\",\"target\":[\"https:\/\/jornalfatosenoticias.com.br\/index.php\/2025\/05\/02\/weg-anuncia-aquisicao-estrategica-no-segmento-de-revestimentos-industriais-nos-eua\/\"]}]},{\"@type\":\"ImageObject\",\"inLanguage\":\"pt-BR\",\"@id\":\"https:\/\/jornalfatosenoticias.com.br\/index.php\/2025\/05\/02\/weg-anuncia-aquisicao-estrategica-no-segmento-de-revestimentos-industriais-nos-eua\/#primaryimage\",\"url\":\"https:\/\/jornalfatosenoticias.com.br\/wp-content\/uploads\/2025\/05\/WEG.jpg\",\"contentUrl\":\"https:\/\/jornalfatosenoticias.com.br\/wp-content\/uploads\/2025\/05\/WEG.jpg\",\"width\":847,\"height\":478},{\"@type\":\"BreadcrumbList\",\"@id\":\"https:\/\/jornalfatosenoticias.com.br\/index.php\/2025\/05\/02\/weg-anuncia-aquisicao-estrategica-no-segmento-de-revestimentos-industriais-nos-eua\/#breadcrumb\",\"itemListElement\":[{\"@type\":\"ListItem\",\"position\":1,\"name\":\"In\u00edcio\",\"item\":\"https:\/\/jornalfatosenoticias.com.br\/\"},{\"@type\":\"ListItem\",\"position\":2,\"name\":\"WEG anuncia aquisi\u00e7\u00e3o estrat\u00e9gica no segmento de revestimentos industriais nos EUA\"}]},{\"@type\":\"WebSite\",\"@id\":\"https:\/\/jornalfatosenoticias.com.br\/#website\",\"url\":\"https:\/\/jornalfatosenoticias.com.br\/\",\"name\":\"Jornal Fatos e Not\u00edcias\",\"description\":\"Not\u00edcias em geral\",\"publisher\":{\"@id\":\"https:\/\/jornalfatosenoticias.com.br\/#organization\"},\"potentialAction\":[{\"@type\":\"SearchAction\",\"target\":{\"@type\":\"EntryPoint\",\"urlTemplate\":\"https:\/\/jornalfatosenoticias.com.br\/?s={search_term_string}\"},\"query-input\":{\"@type\":\"PropertyValueSpecification\",\"valueRequired\":true,\"valueName\":\"search_term_string\"}}],\"inLanguage\":\"pt-BR\"},{\"@type\":\"Organization\",\"@id\":\"https:\/\/jornalfatosenoticias.com.br\/#organization\",\"name\":\"Jornal Fatos e Not\u00edcias\",\"url\":\"https:\/\/jornalfatosenoticias.com.br\/\",\"logo\":{\"@type\":\"ImageObject\",\"inLanguage\":\"pt-BR\",\"@id\":\"https:\/\/jornalfatosenoticias.com.br\/#\/schema\/logo\/image\/\",\"url\":\"https:\/\/jornalfatosenoticias.com.br\/wp-content\/uploads\/2020\/02\/logo120.png\",\"contentUrl\":\"https:\/\/jornalfatosenoticias.com.br\/wp-content\/uploads\/2020\/02\/logo120.png\",\"width\":1227,\"height\":120,\"caption\":\"Jornal Fatos e Not\u00edcias\"},\"image\":{\"@id\":\"https:\/\/jornalfatosenoticias.com.br\/#\/schema\/logo\/image\/\"}},{\"@type\":\"Person\",\"@id\":\"https:\/\/jornalfatosenoticias.com.br\/#\/schema\/person\/d63837fa13ac8666eb9e74e0985d6f81\",\"name\":\"Luzimara Fernandes\",\"image\":{\"@type\":\"ImageObject\",\"inLanguage\":\"pt-BR\",\"@id\":\"https:\/\/jornalfatosenoticias.com.br\/#\/schema\/person\/image\/\",\"url\":\"https:\/\/jornalfatosenoticias.com.br\/wp-content\/uploads\/2025\/05\/EU_portal.jpg\",\"contentUrl\":\"https:\/\/jornalfatosenoticias.com.br\/wp-content\/uploads\/2025\/05\/EU_portal.jpg\",\"caption\":\"Luzimara Fernandes\"},\"description\":\"Jornalista MTB 2358-ES\",\"sameAs\":[\"https:\/\/jornalfatosenoticias.com.br\"],\"url\":\"https:\/\/jornalfatosenoticias.com.br\/index.php\/author\/luzimara\/\"}]}<\/script>\n<!-- \/ Yoast SEO plugin. -->","yoast_head_json":{"title":"WEG anuncia aquisi\u00e7\u00e3o estrat\u00e9gica no segmento de revestimentos industriais nos EUA - Jornal Fatos e Not\u00edcias","robots":{"index":"index","follow":"follow","max-snippet":"max-snippet:-1","max-image-preview":"max-image-preview:large","max-video-preview":"max-video-preview:-1"},"canonical":"https:\/\/jornalfatosenoticias.com.br\/index.php\/2025\/05\/02\/weg-anuncia-aquisicao-estrategica-no-segmento-de-revestimentos-industriais-nos-eua\/","og_locale":"pt_BR","og_type":"article","og_title":"WEG anuncia aquisi\u00e7\u00e3o estrat\u00e9gica no segmento de revestimentos industriais nos EUA - Jornal Fatos e Not\u00edcias","og_description":"Nova f\u00e1brica vai fortalecer a presen\u00e7a da companhia no mercado de solu\u00e7\u00f5es de revestimento para ambientes severos, como o setor de \u00f3leo e g\u00e1s e tratamento de \u00e1guas Por Assessoria de Comunica\u00e7\u00e3o A WEG anunciou hoje a assinatura do contrato para aquisi\u00e7\u00e3o dos ativos da Heresite Protective Coatings, empresa americana de revestimentos industriais localizada nos [&hellip;]","og_url":"https:\/\/jornalfatosenoticias.com.br\/index.php\/2025\/05\/02\/weg-anuncia-aquisicao-estrategica-no-segmento-de-revestimentos-industriais-nos-eua\/","og_site_name":"Jornal Fatos e Not\u00edcias","article_published_time":"2025-05-02T16:07:55+00:00","article_modified_time":"2025-05-02T16:07:56+00:00","og_image":[{"width":847,"height":478,"url":"https:\/\/jornalfatosenoticias.com.br\/wp-content\/uploads\/2025\/05\/WEG.jpg","type":"image\/jpeg"}],"author":"Luzimara Fernandes","twitter_card":"summary_large_image","twitter_misc":{"Escrito por":"Luzimara Fernandes","Est. tempo de leitura":"2 minutos"},"schema":{"@context":"https:\/\/schema.org","@graph":[{"@type":"Article","@id":"https:\/\/jornalfatosenoticias.com.br\/index.php\/2025\/05\/02\/weg-anuncia-aquisicao-estrategica-no-segmento-de-revestimentos-industriais-nos-eua\/#article","isPartOf":{"@id":"https:\/\/jornalfatosenoticias.com.br\/index.php\/2025\/05\/02\/weg-anuncia-aquisicao-estrategica-no-segmento-de-revestimentos-industriais-nos-eua\/"},"author":{"name":"Luzimara Fernandes","@id":"https:\/\/jornalfatosenoticias.com.br\/#\/schema\/person\/d63837fa13ac8666eb9e74e0985d6f81"},"headline":"WEG anuncia aquisi\u00e7\u00e3o estrat\u00e9gica no segmento de revestimentos industriais nos EUA","datePublished":"2025-05-02T16:07:55+00:00","dateModified":"2025-05-02T16:07:56+00:00","mainEntityOfPage":{"@id":"https:\/\/jornalfatosenoticias.com.br\/index.php\/2025\/05\/02\/weg-anuncia-aquisicao-estrategica-no-segmento-de-revestimentos-industriais-nos-eua\/"},"wordCount":348,"commentCount":0,"publisher":{"@id":"https:\/\/jornalfatosenoticias.com.br\/#organization"},"image":{"@id":"https:\/\/jornalfatosenoticias.com.br\/index.php\/2025\/05\/02\/weg-anuncia-aquisicao-estrategica-no-segmento-de-revestimentos-industriais-nos-eua\/#primaryimage"},"thumbnailUrl":"https:\/\/jornalfatosenoticias.com.br\/wp-content\/uploads\/2025\/05\/WEG.jpg","keywords":["aquisi\u00e7\u00e3o estrat\u00e9gica","EUA","f\u00e1brica","revestimentos industriais","solu\u00e7\u00f5es de revestimento","WEG Tintas"],"articleSection":["Economia"],"inLanguage":"pt-BR","potentialAction":[{"@type":"CommentAction","name":"Comment","target":["https:\/\/jornalfatosenoticias.com.br\/index.php\/2025\/05\/02\/weg-anuncia-aquisicao-estrategica-no-segmento-de-revestimentos-industriais-nos-eua\/#respond"]}]},{"@type":"WebPage","@id":"https:\/\/jornalfatosenoticias.com.br\/index.php\/2025\/05\/02\/weg-anuncia-aquisicao-estrategica-no-segmento-de-revestimentos-industriais-nos-eua\/","url":"https:\/\/jornalfatosenoticias.com.br\/index.php\/2025\/05\/02\/weg-anuncia-aquisicao-estrategica-no-segmento-de-revestimentos-industriais-nos-eua\/","name":"WEG anuncia aquisi\u00e7\u00e3o estrat\u00e9gica no segmento de revestimentos industriais nos EUA - Jornal Fatos e Not\u00edcias","isPartOf":{"@id":"https:\/\/jornalfatosenoticias.com.br\/#website"},"primaryImageOfPage":{"@id":"https:\/\/jornalfatosenoticias.com.br\/index.php\/2025\/05\/02\/weg-anuncia-aquisicao-estrategica-no-segmento-de-revestimentos-industriais-nos-eua\/#primaryimage"},"image":{"@id":"https:\/\/jornalfatosenoticias.com.br\/index.php\/2025\/05\/02\/weg-anuncia-aquisicao-estrategica-no-segmento-de-revestimentos-industriais-nos-eua\/#primaryimage"},"thumbnailUrl":"https:\/\/jornalfatosenoticias.com.br\/wp-content\/uploads\/2025\/05\/WEG.jpg","datePublished":"2025-05-02T16:07:55+00:00","dateModified":"2025-05-02T16:07:56+00:00","breadcrumb":{"@id":"https:\/\/jornalfatosenoticias.com.br\/index.php\/2025\/05\/02\/weg-anuncia-aquisicao-estrategica-no-segmento-de-revestimentos-industriais-nos-eua\/#breadcrumb"},"inLanguage":"pt-BR","potentialAction":[{"@type":"ReadAction","target":["https:\/\/jornalfatosenoticias.com.br\/index.php\/2025\/05\/02\/weg-anuncia-aquisicao-estrategica-no-segmento-de-revestimentos-industriais-nos-eua\/"]}]},{"@type":"ImageObject","inLanguage":"pt-BR","@id":"https:\/\/jornalfatosenoticias.com.br\/index.php\/2025\/05\/02\/weg-anuncia-aquisicao-estrategica-no-segmento-de-revestimentos-industriais-nos-eua\/#primaryimage","url":"https:\/\/jornalfatosenoticias.com.br\/wp-content\/uploads\/2025\/05\/WEG.jpg","contentUrl":"https:\/\/jornalfatosenoticias.com.br\/wp-content\/uploads\/2025\/05\/WEG.jpg","width":847,"height":478},{"@type":"BreadcrumbList","@id":"https:\/\/jornalfatosenoticias.com.br\/index.php\/2025\/05\/02\/weg-anuncia-aquisicao-estrategica-no-segmento-de-revestimentos-industriais-nos-eua\/#breadcrumb","itemListElement":[{"@type":"ListItem","position":1,"name":"In\u00edcio","item":"https:\/\/jornalfatosenoticias.com.br\/"},{"@type":"ListItem","position":2,"name":"WEG anuncia aquisi\u00e7\u00e3o estrat\u00e9gica no segmento de revestimentos industriais nos EUA"}]},{"@type":"WebSite","@id":"https:\/\/jornalfatosenoticias.com.br\/#website","url":"https:\/\/jornalfatosenoticias.com.br\/","name":"Jornal Fatos e Not\u00edcias","description":"Not\u00edcias em geral","publisher":{"@id":"https:\/\/jornalfatosenoticias.com.br\/#organization"},"potentialAction":[{"@type":"SearchAction","target":{"@type":"EntryPoint","urlTemplate":"https:\/\/jornalfatosenoticias.com.br\/?s={search_term_string}"},"query-input":{"@type":"PropertyValueSpecification","valueRequired":true,"valueName":"search_term_string"}}],"inLanguage":"pt-BR"},{"@type":"Organization","@id":"https:\/\/jornalfatosenoticias.com.br\/#organization","name":"Jornal Fatos e Not\u00edcias","url":"https:\/\/jornalfatosenoticias.com.br\/","logo":{"@type":"ImageObject","inLanguage":"pt-BR","@id":"https:\/\/jornalfatosenoticias.com.br\/#\/schema\/logo\/image\/","url":"https:\/\/jornalfatosenoticias.com.br\/wp-content\/uploads\/2020\/02\/logo120.png","contentUrl":"https:\/\/jornalfatosenoticias.com.br\/wp-content\/uploads\/2020\/02\/logo120.png","width":1227,"height":120,"caption":"Jornal Fatos e Not\u00edcias"},"image":{"@id":"https:\/\/jornalfatosenoticias.com.br\/#\/schema\/logo\/image\/"}},{"@type":"Person","@id":"https:\/\/jornalfatosenoticias.com.br\/#\/schema\/person\/d63837fa13ac8666eb9e74e0985d6f81","name":"Luzimara Fernandes","image":{"@type":"ImageObject","inLanguage":"pt-BR","@id":"https:\/\/jornalfatosenoticias.com.br\/#\/schema\/person\/image\/","url":"https:\/\/jornalfatosenoticias.com.br\/wp-content\/uploads\/2025\/05\/EU_portal.jpg","contentUrl":"https:\/\/jornalfatosenoticias.com.br\/wp-content\/uploads\/2025\/05\/EU_portal.jpg","caption":"Luzimara Fernandes"},"description":"Jornalista MTB 2358-ES","sameAs":["https:\/\/jornalfatosenoticias.com.br"],"url":"https:\/\/jornalfatosenoticias.com.br\/index.php\/author\/luzimara\/"}]}},"cc_featured_image_caption":{"caption_text":"(Foto: Divulga\u00e7\u00e3o WEG)","source_text":"","source_url":""},"jetpack_featured_media_url":"https:\/\/jornalfatosenoticias.com.br\/wp-content\/uploads\/2025\/05\/WEG.jpg","_links":{"self":[{"href":"https:\/\/jornalfatosenoticias.com.br\/index.php\/wp-json\/wp\/v2\/posts\/58929","targetHints":{"allow":["GET"]}}],"collection":[{"href":"https:\/\/jornalfatosenoticias.com.br\/index.php\/wp-json\/wp\/v2\/posts"}],"about":[{"href":"https:\/\/jornalfatosenoticias.com.br\/index.php\/wp-json\/wp\/v2\/types\/post"}],"author":[{"embeddable":true,"href":"https:\/\/jornalfatosenoticias.com.br\/index.php\/wp-json\/wp\/v2\/users\/2"}],"replies":[{"embeddable":true,"href":"https:\/\/jornalfatosenoticias.com.br\/index.php\/wp-json\/wp\/v2\/comments?post=58929"}],"version-history":[{"count":0,"href":"https:\/\/jornalfatosenoticias.com.br\/index.php\/wp-json\/wp\/v2\/posts\/58929\/revisions"}],"wp:featuredmedia":[{"embeddable":true,"href":"https:\/\/jornalfatosenoticias.com.br\/index.php\/wp-json\/wp\/v2\/media\/58930"}],"wp:attachment":[{"href":"https:\/\/jornalfatosenoticias.com.br\/index.php\/wp-json\/wp\/v2\/media?parent=58929"}],"wp:term":[{"taxonomy":"category","embeddable":true,"href":"https:\/\/jornalfatosenoticias.com.br\/index.php\/wp-json\/wp\/v2\/categories?post=58929"},{"taxonomy":"post_tag","embeddable":true,"href":"https:\/\/jornalfatosenoticias.com.br\/index.php\/wp-json\/wp\/v2\/tags?post=58929"}],"curies":[{"name":"wp","href":"https:\/\/api.w.org\/{rel}","templated":true}]}}