{"id":58932,"date":"2025-05-02T13:18:06","date_gmt":"2025-05-02T16:18:06","guid":{"rendered":"https:\/\/jornalfatosenoticias.com.br\/?p=58932"},"modified":"2025-05-02T13:18:07","modified_gmt":"2025-05-02T16:18:07","slug":"passaro-declarado-extinto-se-reproduz-na-natureza-pela-primeira-vez-em-40-anos","status":"publish","type":"post","link":"https:\/\/jornalfatosenoticias.com.br\/index.php\/2025\/05\/02\/passaro-declarado-extinto-se-reproduz-na-natureza-pela-primeira-vez-em-40-anos\/","title":{"rendered":"P\u00e1ssaro declarado extinto se reproduz na natureza pela primeira vez em 40 anos"},"content":{"rendered":"\n<p><em><span class=\"has-inline-color has-black-color\">Esp\u00e9cie natural da ilha de Guam, no Oceano Pac\u00edfico, foi declarada extinta no fim da d\u00e9cada de 1980, mas agora est\u00e1 voltando \u00e0 natureza<\/span><\/em><\/p>\n\n\n\n<p><span class=\"has-inline-color has-black-color\">Por <strong><a href=\"https:\/\/aventurasnahistoria.com.br\/autor\/giovanna-gomes\/\"><strong>Giovanna Gomes<\/strong><\/a><\/strong><\/span><\/p>\n\n\n\n<div class=\"wp-block-image\"><figure class=\"aligncenter size-large\"><a href=\"https:\/\/mizu.com.br\/\"><img loading=\"lazy\" decoding=\"async\" width=\"729\" height=\"90\" src=\"https:\/\/jornalfatosenoticias.com.br\/wp-content\/uploads\/2020\/02\/Logo_Mizu.png\" alt=\"\" class=\"wp-image-1441\" srcset=\"https:\/\/jornalfatosenoticias.com.br\/wp-content\/uploads\/2020\/02\/Logo_Mizu.png 729w, https:\/\/jornalfatosenoticias.com.br\/wp-content\/uploads\/2020\/02\/Logo_Mizu-300x37.png 300w\" sizes=\"auto, (max-width: 729px) 100vw, 729px\" \/><\/a><\/figure><\/div>\n\n\n\n<p>Uma\u00a0<mark>ave considerada extinta<\/mark>\u00a0no fim da d\u00e9cada de 1980 agora est\u00e1 novamente se estabelecendo na natureza gra\u00e7as a um esfor\u00e7o de conserva\u00e7\u00e3o internacional. Natural da ilha de Guam, no\u00a0<a href=\"https:\/\/pt.wikipedia.org\/wiki\/Oceano_Pac%C3%ADfico\" rel=\"noreferrer noopener\" target=\"_blank\"><strong>Oceano Pac\u00edfico<\/strong><\/a>, o\u00a0<mark>martim-pescador de Guam<\/mark>\u00a0(<em>Todiramphus cinnamominus<\/em>), foi praticamente exterminado ap\u00f3s a introdu\u00e7\u00e3o da cobra-marrom-arbor\u00edcola (<em>Boiga irregularis<\/em>),\u00a0<strong><a href=\"https:\/\/pt.wikipedia.org\/wiki\/Preda%C3%A7%C3%A3o\" rel=\"noreferrer noopener\" target=\"_blank\">predador<\/a> <\/strong>invasor que dizimou toda sua popula\u00e7\u00e3o.<br>Antes do desaparecimento completo, 28 indiv\u00edduos foram capturados e mantidos em cativeiro por especialistas. D\u00e9cadas depois, em setembro de 2024, nove desses p\u00e1ssaros \u2014 cinco machos e quatro f\u00eameas \u2014 foram reintroduzidos na natureza, desta vez em um novo lar: o Atol de Palmyra, a cerca de 5.800 quil\u00f4metros de Guam.<\/p>\n\n\n\n<div class=\"wp-block-image\"><figure class=\"aligncenter size-large\"><a href=\"https:\/\/www.cesconetto.com.br\/\"><img loading=\"lazy\" decoding=\"async\" width=\"300\" height=\"250\" src=\"https:\/\/jornalfatosenoticias.com.br\/wp-content\/uploads\/2020\/02\/Banner-2.png\" alt=\"\" class=\"wp-image-43787\"\/><\/a><\/figure><\/div>\n\n\n\n<p>Escolhido por ser uma \u00e1rea protegida e livre de predadores invasores, o Atol de Palmyra faz parte do Ref\u00fagio Nacional de Vida Selvagem dos Estados Unidos e oferece condi\u00e7\u00f5es ideais para o desenvolvimento da esp\u00e9cie. Segundo <strong>Martin Kastner, <\/strong>bi\u00f3logo da Nature Conservancy e da Sociedade Zool\u00f3gica de Londres, as aves estavam sendo criadas em cativeiro at\u00e9 o ano anterior. &#8220;Agora, elas est\u00e3o at\u00e9 botando ovos por conta pr\u00f3pria. \u00c9 um avan\u00e7o incr\u00edvel&#8221;, disse ele em entrevista \u00e0 R\u00e1dio P\u00fablica de Guam, de acordo com a revista Galileu.<\/p>\n\n\n\n<div class=\"wp-block-image\"><figure class=\"aligncenter size-large is-resized\"><a href=\"https:\/\/www.instagram.com\/gruposei\/\"><img loading=\"lazy\" decoding=\"async\" src=\"https:\/\/jornalfatosenoticias.com.br\/wp-content\/uploads\/2022\/07\/Logo-Grupo-SEI.jpg\" alt=\"\" class=\"wp-image-31973\" width=\"383\" height=\"201\" srcset=\"https:\/\/jornalfatosenoticias.com.br\/wp-content\/uploads\/2022\/07\/Logo-Grupo-SEI.jpg 713w, https:\/\/jornalfatosenoticias.com.br\/wp-content\/uploads\/2022\/07\/Logo-Grupo-SEI-300x158.jpg 300w\" sizes=\"auto, (max-width: 383px) 100vw, 383px\" \/><\/a><\/figure><\/div>\n\n\n\n<p>No dia 31 de mar\u00e7o, a equipe liderada por Kastner encontrou o primeiro ovo selvagem da esp\u00e9cie em 37 anos, dentro de um ninho a 3,6 metros do solo. O casal respons\u00e1vel, apelidado de Tutuhan e Hinanao, foi filmado com a ajuda de uma c\u00e2mera endosc\u00f3pica. Kastner descreveu o momento como &#8220;um instante de alegria e esperan\u00e7a&#8221;, resultado de d\u00e9cadas de dedica\u00e7\u00e3o de bi\u00f3logos, tratadores e da popula\u00e7\u00e3o de Guam.<\/p>\n\n\n\n<div class=\"wp-block-image\"><figure class=\"aligncenter size-large\"><a href=\"http:\/\/www.ferrarimaquinas.com.br\/\"><img loading=\"lazy\" decoding=\"async\" width=\"300\" height=\"250\" src=\"https:\/\/jornalfatosenoticias.com.br\/wp-content\/uploads\/2022\/02\/FERRARI_MAQUINAS-E-FERRAMENTAS2.jpg\" alt=\"\" class=\"wp-image-27860\"\/><\/a><\/figure><\/div>\n\n\n\n<p>As aves liberadas na natureza t\u00eam apenas nove meses, e at\u00e9 agora, em cativeiro, os primeiros ovos f\u00e9rteis surgiam a partir dos 11 meses. Por isso, a equipe continuar\u00e1 monitorando atentamente a reprodu\u00e7\u00e3o e o desenvolvimento dos filhotes.<\/p>\n\n\n\n<div class=\"wp-block-image\"><figure class=\"aligncenter size-large is-resized\"><a href=\"https:\/\/www.instagram.com\/serra4x4cambioautomatico\/\"><img loading=\"lazy\" decoding=\"async\" src=\"https:\/\/jornalfatosenoticias.com.br\/wp-content\/uploads\/2024\/08\/Serra-4x4-1-886x1024.jpg\" alt=\"\" class=\"wp-image-53632\" width=\"280\" height=\"323\" srcset=\"https:\/\/jornalfatosenoticias.com.br\/wp-content\/uploads\/2024\/08\/Serra-4x4-1-886x1024.jpg 886w, https:\/\/jornalfatosenoticias.com.br\/wp-content\/uploads\/2024\/08\/Serra-4x4-1-260x300.jpg 260w, https:\/\/jornalfatosenoticias.com.br\/wp-content\/uploads\/2024\/08\/Serra-4x4-1-768x888.jpg 768w, https:\/\/jornalfatosenoticias.com.br\/wp-content\/uploads\/2024\/08\/Serra-4x4-1.jpg 1181w\" sizes=\"auto, (max-width: 280px) 100vw, 280px\" \/><\/a><\/figure><\/div>\n\n\n\n<p>O pr\u00f3ximo passo ser\u00e1 aumentar a popula\u00e7\u00e3o no <strong><a href=\"https:\/\/pt.wikipedia.org\/wiki\/Atol_Palmyra\" rel=\"noreferrer noopener\" target=\"_blank\">Atol de Palmyra<\/a>,<\/strong> com a soltura de mais nove exemplares em ilhas pr\u00f3ximas durante o outono. O objetivo final, no entanto, \u00e9 reintroduzir o martim-pescador em sua terra natal. &#8220;A miss\u00e3o n\u00famero um precisa ser: vamos traz\u00ea-los de volta para Guam. N\u00e3o h\u00e1 outro objetivo final al\u00e9m desse nesse projeto&#8221;, afirma Kastner.<\/p>\n\n\n\n<div class=\"wp-block-image\"><figure class=\"aligncenter size-large is-resized\"><a href=\"https:\/\/hotelmarquetti.com.br\/\"><img loading=\"lazy\" decoding=\"async\" src=\"https:\/\/jornalfatosenoticias.com.br\/wp-content\/uploads\/2020\/02\/LOGO-MQ-1024x680.jpg\" alt=\"\" class=\"wp-image-58299\" width=\"324\" height=\"215\" srcset=\"https:\/\/jornalfatosenoticias.com.br\/wp-content\/uploads\/2020\/02\/LOGO-MQ-1024x680.jpg 1024w, https:\/\/jornalfatosenoticias.com.br\/wp-content\/uploads\/2020\/02\/LOGO-MQ-300x199.jpg 300w, https:\/\/jornalfatosenoticias.com.br\/wp-content\/uploads\/2020\/02\/LOGO-MQ-768x510.jpg 768w, https:\/\/jornalfatosenoticias.com.br\/wp-content\/uploads\/2020\/02\/LOGO-MQ-1536x1020.jpg 1536w, https:\/\/jornalfatosenoticias.com.br\/wp-content\/uploads\/2020\/02\/LOGO-MQ-2048x1360.jpg 2048w\" sizes=\"auto, (max-width: 324px) 100vw, 324px\" \/><\/a><\/figure><\/div>\n\n\n\n<p><span class=\"has-inline-color has-vivid-green-cyan-color\"><strong>Caracter\u00edsticas<\/strong><br><\/span>Conhecido como\u00a0<mark>sihek<\/mark> pelo povo ind\u00edgena Chamorro, o martim-pescador apresenta plumagem marrom nos machos e peito branco nas f\u00eameas, com caudas azuis em ambos os sexos. A esp\u00e9cie se alimenta de pequenos animais como lagartos, aranhas, besouros e caranguejos, capturando as presas com seus bicos longos e grossos. Apesar da <strong><a href=\"https:\/\/aventurasnahistoria.com.br\/noticias\/historia-hoje\/pescador-russo-captura-peixe-com-aparencia-alienigena.phtml\" rel=\"noreferrer noopener\" target=\"_blank\">apar\u00eancia<\/a><\/strong> pac\u00edfica, \u00e9 uma ave territorial e agressiva quando se trata de proteger seu habitat.<\/p>\n\n\n\n<div class=\"wp-block-image\"><figure class=\"aligncenter size-large is-resized\"><a href=\"https:\/\/www.facebook.com\/postobkr\/?locale=pt_BR\"><img loading=\"lazy\" decoding=\"async\" src=\"https:\/\/jornalfatosenoticias.com.br\/wp-content\/uploads\/2023\/08\/BKR-1024x1021.jpg\" alt=\"\" class=\"wp-image-44494\" width=\"298\" height=\"297\" srcset=\"https:\/\/jornalfatosenoticias.com.br\/wp-content\/uploads\/2023\/08\/BKR-1024x1021.jpg 1024w, https:\/\/jornalfatosenoticias.com.br\/wp-content\/uploads\/2023\/08\/BKR-300x300.jpg 300w, https:\/\/jornalfatosenoticias.com.br\/wp-content\/uploads\/2023\/08\/BKR-150x150.jpg 150w, https:\/\/jornalfatosenoticias.com.br\/wp-content\/uploads\/2023\/08\/BKR-768x766.jpg 768w, https:\/\/jornalfatosenoticias.com.br\/wp-content\/uploads\/2023\/08\/BKR.jpg 1080w\" sizes=\"auto, (max-width: 298px) 100vw, 298px\" \/><\/a><\/figure><\/div>\n\n\n\n<p><strong>Fonte: <a href=\"https:\/\/aventurasnahistoria.com.br\/noticias\/historia-hoje\/passaro-declarado-extinto-se-reproduz-na-natureza-pela-primeira-vez-em-40-anos.phtml\">Aventuras na Hist\u00f3ria<\/a><\/strong><\/p>\n","protected":false},"excerpt":{"rendered":"<p>Esp\u00e9cie natural da ilha de Guam, no Oceano Pac\u00edfico, foi declarada extinta no fim da d\u00e9cada de 1980, mas agora est\u00e1 voltando \u00e0 natureza Por Giovanna Gomes Uma\u00a0ave considerada extinta\u00a0no fim da d\u00e9cada de 1980 agora est\u00e1 novamente se estabelecendo na natureza gra\u00e7as a um esfor\u00e7o de conserva\u00e7\u00e3o internacional. Natural da ilha de Guam, no\u00a0Oceano [&hellip;]<\/p>\n","protected":false},"author":2,"featured_media":58933,"comment_status":"open","ping_status":"open","sticky":false,"template":"","format":"standard","meta":{"footnotes":""},"categories":[8],"tags":[4850,219,4720,26909,26908,655,4067],"class_list":["post-58932","post","type-post","status-publish","format-standard","has-post-thumbnail","hentry","category-meio-ambiente","tag-ave","tag-extincao","tag-extinto","tag-ilha-de-guam","tag-martim-pescador-de-guam","tag-natureza","tag-passaro"],"yoast_head":"<!-- This site is optimized with the Yoast SEO plugin v26.5 - https:\/\/yoast.com\/wordpress\/plugins\/seo\/ -->\n<title>P\u00e1ssaro declarado extinto se reproduz na natureza pela primeira vez em 40 anos - Jornal Fatos e Not\u00edcias<\/title>\n<meta name=\"robots\" content=\"index, follow, max-snippet:-1, max-image-preview:large, max-video-preview:-1\" \/>\n<link rel=\"canonical\" href=\"https:\/\/jornalfatosenoticias.com.br\/index.php\/2025\/05\/02\/passaro-declarado-extinto-se-reproduz-na-natureza-pela-primeira-vez-em-40-anos\/\" \/>\n<meta property=\"og:locale\" content=\"pt_BR\" \/>\n<meta property=\"og:type\" content=\"article\" \/>\n<meta property=\"og:title\" content=\"P\u00e1ssaro declarado extinto se reproduz na natureza pela primeira vez em 40 anos - Jornal Fatos e Not\u00edcias\" \/>\n<meta property=\"og:description\" content=\"Esp\u00e9cie natural da ilha de Guam, no Oceano Pac\u00edfico, foi declarada extinta no fim da d\u00e9cada de 1980, mas agora est\u00e1 voltando \u00e0 natureza Por Giovanna Gomes Uma\u00a0ave considerada extinta\u00a0no fim da d\u00e9cada de 1980 agora est\u00e1 novamente se estabelecendo na natureza gra\u00e7as a um esfor\u00e7o de conserva\u00e7\u00e3o internacional. Natural da ilha de Guam, no\u00a0Oceano [&hellip;]\" \/>\n<meta property=\"og:url\" content=\"https:\/\/jornalfatosenoticias.com.br\/index.php\/2025\/05\/02\/passaro-declarado-extinto-se-reproduz-na-natureza-pela-primeira-vez-em-40-anos\/\" \/>\n<meta property=\"og:site_name\" content=\"Jornal Fatos e Not\u00edcias\" \/>\n<meta property=\"article:published_time\" content=\"2025-05-02T16:18:06+00:00\" \/>\n<meta property=\"article:modified_time\" content=\"2025-05-02T16:18:07+00:00\" \/>\n<meta property=\"og:image\" content=\"https:\/\/jornalfatosenoticias.com.br\/wp-content\/uploads\/2025\/05\/martim-pescador-de-guam_istock.jpg\" \/>\n\t<meta property=\"og:image:width\" content=\"612\" \/>\n\t<meta property=\"og:image:height\" content=\"421\" \/>\n\t<meta property=\"og:image:type\" content=\"image\/jpeg\" \/>\n<meta name=\"author\" content=\"Luzimara Fernandes\" \/>\n<meta name=\"twitter:card\" content=\"summary_large_image\" \/>\n<meta name=\"twitter:label1\" content=\"Escrito por\" \/>\n\t<meta name=\"twitter:data1\" content=\"Luzimara Fernandes\" \/>\n\t<meta name=\"twitter:label2\" content=\"Est. tempo de leitura\" \/>\n\t<meta name=\"twitter:data2\" content=\"2 minutos\" \/>\n<script type=\"application\/ld+json\" class=\"yoast-schema-graph\">{\"@context\":\"https:\/\/schema.org\",\"@graph\":[{\"@type\":\"Article\",\"@id\":\"https:\/\/jornalfatosenoticias.com.br\/index.php\/2025\/05\/02\/passaro-declarado-extinto-se-reproduz-na-natureza-pela-primeira-vez-em-40-anos\/#article\",\"isPartOf\":{\"@id\":\"https:\/\/jornalfatosenoticias.com.br\/index.php\/2025\/05\/02\/passaro-declarado-extinto-se-reproduz-na-natureza-pela-primeira-vez-em-40-anos\/\"},\"author\":{\"name\":\"Luzimara Fernandes\",\"@id\":\"https:\/\/jornalfatosenoticias.com.br\/#\/schema\/person\/d63837fa13ac8666eb9e74e0985d6f81\"},\"headline\":\"P\u00e1ssaro declarado extinto se reproduz na natureza pela primeira vez em 40 anos\",\"datePublished\":\"2025-05-02T16:18:06+00:00\",\"dateModified\":\"2025-05-02T16:18:07+00:00\",\"mainEntityOfPage\":{\"@id\":\"https:\/\/jornalfatosenoticias.com.br\/index.php\/2025\/05\/02\/passaro-declarado-extinto-se-reproduz-na-natureza-pela-primeira-vez-em-40-anos\/\"},\"wordCount\":511,\"commentCount\":0,\"publisher\":{\"@id\":\"https:\/\/jornalfatosenoticias.com.br\/#organization\"},\"image\":{\"@id\":\"https:\/\/jornalfatosenoticias.com.br\/index.php\/2025\/05\/02\/passaro-declarado-extinto-se-reproduz-na-natureza-pela-primeira-vez-em-40-anos\/#primaryimage\"},\"thumbnailUrl\":\"https:\/\/jornalfatosenoticias.com.br\/wp-content\/uploads\/2025\/05\/martim-pescador-de-guam_istock.jpg\",\"keywords\":[\"ave\",\"extin\u00e7\u00e3o\",\"extinto\",\"ilha de Guam\",\"martim-pescador-de-guam\",\"natureza\",\"p\u00e1ssaro\"],\"articleSection\":[\"Meio ambiente\"],\"inLanguage\":\"pt-BR\",\"potentialAction\":[{\"@type\":\"CommentAction\",\"name\":\"Comment\",\"target\":[\"https:\/\/jornalfatosenoticias.com.br\/index.php\/2025\/05\/02\/passaro-declarado-extinto-se-reproduz-na-natureza-pela-primeira-vez-em-40-anos\/#respond\"]}]},{\"@type\":\"WebPage\",\"@id\":\"https:\/\/jornalfatosenoticias.com.br\/index.php\/2025\/05\/02\/passaro-declarado-extinto-se-reproduz-na-natureza-pela-primeira-vez-em-40-anos\/\",\"url\":\"https:\/\/jornalfatosenoticias.com.br\/index.php\/2025\/05\/02\/passaro-declarado-extinto-se-reproduz-na-natureza-pela-primeira-vez-em-40-anos\/\",\"name\":\"P\u00e1ssaro declarado extinto se reproduz na natureza pela primeira vez em 40 anos - Jornal Fatos e Not\u00edcias\",\"isPartOf\":{\"@id\":\"https:\/\/jornalfatosenoticias.com.br\/#website\"},\"primaryImageOfPage\":{\"@id\":\"https:\/\/jornalfatosenoticias.com.br\/index.php\/2025\/05\/02\/passaro-declarado-extinto-se-reproduz-na-natureza-pela-primeira-vez-em-40-anos\/#primaryimage\"},\"image\":{\"@id\":\"https:\/\/jornalfatosenoticias.com.br\/index.php\/2025\/05\/02\/passaro-declarado-extinto-se-reproduz-na-natureza-pela-primeira-vez-em-40-anos\/#primaryimage\"},\"thumbnailUrl\":\"https:\/\/jornalfatosenoticias.com.br\/wp-content\/uploads\/2025\/05\/martim-pescador-de-guam_istock.jpg\",\"datePublished\":\"2025-05-02T16:18:06+00:00\",\"dateModified\":\"2025-05-02T16:18:07+00:00\",\"breadcrumb\":{\"@id\":\"https:\/\/jornalfatosenoticias.com.br\/index.php\/2025\/05\/02\/passaro-declarado-extinto-se-reproduz-na-natureza-pela-primeira-vez-em-40-anos\/#breadcrumb\"},\"inLanguage\":\"pt-BR\",\"potentialAction\":[{\"@type\":\"ReadAction\",\"target\":[\"https:\/\/jornalfatosenoticias.com.br\/index.php\/2025\/05\/02\/passaro-declarado-extinto-se-reproduz-na-natureza-pela-primeira-vez-em-40-anos\/\"]}]},{\"@type\":\"ImageObject\",\"inLanguage\":\"pt-BR\",\"@id\":\"https:\/\/jornalfatosenoticias.com.br\/index.php\/2025\/05\/02\/passaro-declarado-extinto-se-reproduz-na-natureza-pela-primeira-vez-em-40-anos\/#primaryimage\",\"url\":\"https:\/\/jornalfatosenoticias.com.br\/wp-content\/uploads\/2025\/05\/martim-pescador-de-guam_istock.jpg\",\"contentUrl\":\"https:\/\/jornalfatosenoticias.com.br\/wp-content\/uploads\/2025\/05\/martim-pescador-de-guam_istock.jpg\",\"width\":612,\"height\":421,\"caption\":\"The Guam kingfisher (Todiramphus cinnamominus), also known as the Micronesian Kingfisher is an endangered species of kingfisher from the island of Guam.\"},{\"@type\":\"BreadcrumbList\",\"@id\":\"https:\/\/jornalfatosenoticias.com.br\/index.php\/2025\/05\/02\/passaro-declarado-extinto-se-reproduz-na-natureza-pela-primeira-vez-em-40-anos\/#breadcrumb\",\"itemListElement\":[{\"@type\":\"ListItem\",\"position\":1,\"name\":\"In\u00edcio\",\"item\":\"https:\/\/jornalfatosenoticias.com.br\/\"},{\"@type\":\"ListItem\",\"position\":2,\"name\":\"P\u00e1ssaro declarado extinto se reproduz na natureza pela primeira vez em 40 anos\"}]},{\"@type\":\"WebSite\",\"@id\":\"https:\/\/jornalfatosenoticias.com.br\/#website\",\"url\":\"https:\/\/jornalfatosenoticias.com.br\/\",\"name\":\"Jornal Fatos e Not\u00edcias\",\"description\":\"Not\u00edcias em geral\",\"publisher\":{\"@id\":\"https:\/\/jornalfatosenoticias.com.br\/#organization\"},\"potentialAction\":[{\"@type\":\"SearchAction\",\"target\":{\"@type\":\"EntryPoint\",\"urlTemplate\":\"https:\/\/jornalfatosenoticias.com.br\/?s={search_term_string}\"},\"query-input\":{\"@type\":\"PropertyValueSpecification\",\"valueRequired\":true,\"valueName\":\"search_term_string\"}}],\"inLanguage\":\"pt-BR\"},{\"@type\":\"Organization\",\"@id\":\"https:\/\/jornalfatosenoticias.com.br\/#organization\",\"name\":\"Jornal Fatos e Not\u00edcias\",\"url\":\"https:\/\/jornalfatosenoticias.com.br\/\",\"logo\":{\"@type\":\"ImageObject\",\"inLanguage\":\"pt-BR\",\"@id\":\"https:\/\/jornalfatosenoticias.com.br\/#\/schema\/logo\/image\/\",\"url\":\"https:\/\/jornalfatosenoticias.com.br\/wp-content\/uploads\/2020\/02\/logo120.png\",\"contentUrl\":\"https:\/\/jornalfatosenoticias.com.br\/wp-content\/uploads\/2020\/02\/logo120.png\",\"width\":1227,\"height\":120,\"caption\":\"Jornal Fatos e Not\u00edcias\"},\"image\":{\"@id\":\"https:\/\/jornalfatosenoticias.com.br\/#\/schema\/logo\/image\/\"}},{\"@type\":\"Person\",\"@id\":\"https:\/\/jornalfatosenoticias.com.br\/#\/schema\/person\/d63837fa13ac8666eb9e74e0985d6f81\",\"name\":\"Luzimara Fernandes\",\"image\":{\"@type\":\"ImageObject\",\"inLanguage\":\"pt-BR\",\"@id\":\"https:\/\/jornalfatosenoticias.com.br\/#\/schema\/person\/image\/\",\"url\":\"https:\/\/jornalfatosenoticias.com.br\/wp-content\/uploads\/2025\/05\/EU_portal.jpg\",\"contentUrl\":\"https:\/\/jornalfatosenoticias.com.br\/wp-content\/uploads\/2025\/05\/EU_portal.jpg\",\"caption\":\"Luzimara Fernandes\"},\"description\":\"Jornalista MTB 2358-ES\",\"sameAs\":[\"https:\/\/jornalfatosenoticias.com.br\"],\"url\":\"https:\/\/jornalfatosenoticias.com.br\/index.php\/author\/luzimara\/\"}]}<\/script>\n<!-- \/ Yoast SEO plugin. -->","yoast_head_json":{"title":"P\u00e1ssaro declarado extinto se reproduz na natureza pela primeira vez em 40 anos - Jornal Fatos e Not\u00edcias","robots":{"index":"index","follow":"follow","max-snippet":"max-snippet:-1","max-image-preview":"max-image-preview:large","max-video-preview":"max-video-preview:-1"},"canonical":"https:\/\/jornalfatosenoticias.com.br\/index.php\/2025\/05\/02\/passaro-declarado-extinto-se-reproduz-na-natureza-pela-primeira-vez-em-40-anos\/","og_locale":"pt_BR","og_type":"article","og_title":"P\u00e1ssaro declarado extinto se reproduz na natureza pela primeira vez em 40 anos - Jornal Fatos e Not\u00edcias","og_description":"Esp\u00e9cie natural da ilha de Guam, no Oceano Pac\u00edfico, foi declarada extinta no fim da d\u00e9cada de 1980, mas agora est\u00e1 voltando \u00e0 natureza Por Giovanna Gomes Uma\u00a0ave considerada extinta\u00a0no fim da d\u00e9cada de 1980 agora est\u00e1 novamente se estabelecendo na natureza gra\u00e7as a um esfor\u00e7o de conserva\u00e7\u00e3o internacional. Natural da ilha de Guam, no\u00a0Oceano [&hellip;]","og_url":"https:\/\/jornalfatosenoticias.com.br\/index.php\/2025\/05\/02\/passaro-declarado-extinto-se-reproduz-na-natureza-pela-primeira-vez-em-40-anos\/","og_site_name":"Jornal Fatos e Not\u00edcias","article_published_time":"2025-05-02T16:18:06+00:00","article_modified_time":"2025-05-02T16:18:07+00:00","og_image":[{"width":612,"height":421,"url":"https:\/\/jornalfatosenoticias.com.br\/wp-content\/uploads\/2025\/05\/martim-pescador-de-guam_istock.jpg","type":"image\/jpeg"}],"author":"Luzimara Fernandes","twitter_card":"summary_large_image","twitter_misc":{"Escrito por":"Luzimara Fernandes","Est. tempo de leitura":"2 minutos"},"schema":{"@context":"https:\/\/schema.org","@graph":[{"@type":"Article","@id":"https:\/\/jornalfatosenoticias.com.br\/index.php\/2025\/05\/02\/passaro-declarado-extinto-se-reproduz-na-natureza-pela-primeira-vez-em-40-anos\/#article","isPartOf":{"@id":"https:\/\/jornalfatosenoticias.com.br\/index.php\/2025\/05\/02\/passaro-declarado-extinto-se-reproduz-na-natureza-pela-primeira-vez-em-40-anos\/"},"author":{"name":"Luzimara Fernandes","@id":"https:\/\/jornalfatosenoticias.com.br\/#\/schema\/person\/d63837fa13ac8666eb9e74e0985d6f81"},"headline":"P\u00e1ssaro declarado extinto se reproduz na natureza pela primeira vez em 40 anos","datePublished":"2025-05-02T16:18:06+00:00","dateModified":"2025-05-02T16:18:07+00:00","mainEntityOfPage":{"@id":"https:\/\/jornalfatosenoticias.com.br\/index.php\/2025\/05\/02\/passaro-declarado-extinto-se-reproduz-na-natureza-pela-primeira-vez-em-40-anos\/"},"wordCount":511,"commentCount":0,"publisher":{"@id":"https:\/\/jornalfatosenoticias.com.br\/#organization"},"image":{"@id":"https:\/\/jornalfatosenoticias.com.br\/index.php\/2025\/05\/02\/passaro-declarado-extinto-se-reproduz-na-natureza-pela-primeira-vez-em-40-anos\/#primaryimage"},"thumbnailUrl":"https:\/\/jornalfatosenoticias.com.br\/wp-content\/uploads\/2025\/05\/martim-pescador-de-guam_istock.jpg","keywords":["ave","extin\u00e7\u00e3o","extinto","ilha de Guam","martim-pescador-de-guam","natureza","p\u00e1ssaro"],"articleSection":["Meio ambiente"],"inLanguage":"pt-BR","potentialAction":[{"@type":"CommentAction","name":"Comment","target":["https:\/\/jornalfatosenoticias.com.br\/index.php\/2025\/05\/02\/passaro-declarado-extinto-se-reproduz-na-natureza-pela-primeira-vez-em-40-anos\/#respond"]}]},{"@type":"WebPage","@id":"https:\/\/jornalfatosenoticias.com.br\/index.php\/2025\/05\/02\/passaro-declarado-extinto-se-reproduz-na-natureza-pela-primeira-vez-em-40-anos\/","url":"https:\/\/jornalfatosenoticias.com.br\/index.php\/2025\/05\/02\/passaro-declarado-extinto-se-reproduz-na-natureza-pela-primeira-vez-em-40-anos\/","name":"P\u00e1ssaro declarado extinto se reproduz na natureza pela primeira vez em 40 anos - Jornal Fatos e Not\u00edcias","isPartOf":{"@id":"https:\/\/jornalfatosenoticias.com.br\/#website"},"primaryImageOfPage":{"@id":"https:\/\/jornalfatosenoticias.com.br\/index.php\/2025\/05\/02\/passaro-declarado-extinto-se-reproduz-na-natureza-pela-primeira-vez-em-40-anos\/#primaryimage"},"image":{"@id":"https:\/\/jornalfatosenoticias.com.br\/index.php\/2025\/05\/02\/passaro-declarado-extinto-se-reproduz-na-natureza-pela-primeira-vez-em-40-anos\/#primaryimage"},"thumbnailUrl":"https:\/\/jornalfatosenoticias.com.br\/wp-content\/uploads\/2025\/05\/martim-pescador-de-guam_istock.jpg","datePublished":"2025-05-02T16:18:06+00:00","dateModified":"2025-05-02T16:18:07+00:00","breadcrumb":{"@id":"https:\/\/jornalfatosenoticias.com.br\/index.php\/2025\/05\/02\/passaro-declarado-extinto-se-reproduz-na-natureza-pela-primeira-vez-em-40-anos\/#breadcrumb"},"inLanguage":"pt-BR","potentialAction":[{"@type":"ReadAction","target":["https:\/\/jornalfatosenoticias.com.br\/index.php\/2025\/05\/02\/passaro-declarado-extinto-se-reproduz-na-natureza-pela-primeira-vez-em-40-anos\/"]}]},{"@type":"ImageObject","inLanguage":"pt-BR","@id":"https:\/\/jornalfatosenoticias.com.br\/index.php\/2025\/05\/02\/passaro-declarado-extinto-se-reproduz-na-natureza-pela-primeira-vez-em-40-anos\/#primaryimage","url":"https:\/\/jornalfatosenoticias.com.br\/wp-content\/uploads\/2025\/05\/martim-pescador-de-guam_istock.jpg","contentUrl":"https:\/\/jornalfatosenoticias.com.br\/wp-content\/uploads\/2025\/05\/martim-pescador-de-guam_istock.jpg","width":612,"height":421,"caption":"The Guam kingfisher (Todiramphus cinnamominus), also known as the Micronesian Kingfisher is an endangered species of kingfisher from the island of Guam."},{"@type":"BreadcrumbList","@id":"https:\/\/jornalfatosenoticias.com.br\/index.php\/2025\/05\/02\/passaro-declarado-extinto-se-reproduz-na-natureza-pela-primeira-vez-em-40-anos\/#breadcrumb","itemListElement":[{"@type":"ListItem","position":1,"name":"In\u00edcio","item":"https:\/\/jornalfatosenoticias.com.br\/"},{"@type":"ListItem","position":2,"name":"P\u00e1ssaro declarado extinto se reproduz na natureza pela primeira vez em 40 anos"}]},{"@type":"WebSite","@id":"https:\/\/jornalfatosenoticias.com.br\/#website","url":"https:\/\/jornalfatosenoticias.com.br\/","name":"Jornal Fatos e Not\u00edcias","description":"Not\u00edcias em geral","publisher":{"@id":"https:\/\/jornalfatosenoticias.com.br\/#organization"},"potentialAction":[{"@type":"SearchAction","target":{"@type":"EntryPoint","urlTemplate":"https:\/\/jornalfatosenoticias.com.br\/?s={search_term_string}"},"query-input":{"@type":"PropertyValueSpecification","valueRequired":true,"valueName":"search_term_string"}}],"inLanguage":"pt-BR"},{"@type":"Organization","@id":"https:\/\/jornalfatosenoticias.com.br\/#organization","name":"Jornal Fatos e Not\u00edcias","url":"https:\/\/jornalfatosenoticias.com.br\/","logo":{"@type":"ImageObject","inLanguage":"pt-BR","@id":"https:\/\/jornalfatosenoticias.com.br\/#\/schema\/logo\/image\/","url":"https:\/\/jornalfatosenoticias.com.br\/wp-content\/uploads\/2020\/02\/logo120.png","contentUrl":"https:\/\/jornalfatosenoticias.com.br\/wp-content\/uploads\/2020\/02\/logo120.png","width":1227,"height":120,"caption":"Jornal Fatos e Not\u00edcias"},"image":{"@id":"https:\/\/jornalfatosenoticias.com.br\/#\/schema\/logo\/image\/"}},{"@type":"Person","@id":"https:\/\/jornalfatosenoticias.com.br\/#\/schema\/person\/d63837fa13ac8666eb9e74e0985d6f81","name":"Luzimara Fernandes","image":{"@type":"ImageObject","inLanguage":"pt-BR","@id":"https:\/\/jornalfatosenoticias.com.br\/#\/schema\/person\/image\/","url":"https:\/\/jornalfatosenoticias.com.br\/wp-content\/uploads\/2025\/05\/EU_portal.jpg","contentUrl":"https:\/\/jornalfatosenoticias.com.br\/wp-content\/uploads\/2025\/05\/EU_portal.jpg","caption":"Luzimara Fernandes"},"description":"Jornalista MTB 2358-ES","sameAs":["https:\/\/jornalfatosenoticias.com.br"],"url":"https:\/\/jornalfatosenoticias.com.br\/index.php\/author\/luzimara\/"}]}},"cc_featured_image_caption":{"caption_text":"(Foto: iStock) ","source_text":"","source_url":""},"jetpack_featured_media_url":"https:\/\/jornalfatosenoticias.com.br\/wp-content\/uploads\/2025\/05\/martim-pescador-de-guam_istock.jpg","_links":{"self":[{"href":"https:\/\/jornalfatosenoticias.com.br\/index.php\/wp-json\/wp\/v2\/posts\/58932","targetHints":{"allow":["GET"]}}],"collection":[{"href":"https:\/\/jornalfatosenoticias.com.br\/index.php\/wp-json\/wp\/v2\/posts"}],"about":[{"href":"https:\/\/jornalfatosenoticias.com.br\/index.php\/wp-json\/wp\/v2\/types\/post"}],"author":[{"embeddable":true,"href":"https:\/\/jornalfatosenoticias.com.br\/index.php\/wp-json\/wp\/v2\/users\/2"}],"replies":[{"embeddable":true,"href":"https:\/\/jornalfatosenoticias.com.br\/index.php\/wp-json\/wp\/v2\/comments?post=58932"}],"version-history":[{"count":0,"href":"https:\/\/jornalfatosenoticias.com.br\/index.php\/wp-json\/wp\/v2\/posts\/58932\/revisions"}],"wp:featuredmedia":[{"embeddable":true,"href":"https:\/\/jornalfatosenoticias.com.br\/index.php\/wp-json\/wp\/v2\/media\/58933"}],"wp:attachment":[{"href":"https:\/\/jornalfatosenoticias.com.br\/index.php\/wp-json\/wp\/v2\/media?parent=58932"}],"wp:term":[{"taxonomy":"category","embeddable":true,"href":"https:\/\/jornalfatosenoticias.com.br\/index.php\/wp-json\/wp\/v2\/categories?post=58932"},{"taxonomy":"post_tag","embeddable":true,"href":"https:\/\/jornalfatosenoticias.com.br\/index.php\/wp-json\/wp\/v2\/tags?post=58932"}],"curies":[{"name":"wp","href":"https:\/\/api.w.org\/{rel}","templated":true}]}}