{"id":58935,"date":"2025-05-05T09:30:56","date_gmt":"2025-05-05T12:30:56","guid":{"rendered":"https:\/\/jornalfatosenoticias.com.br\/?p=58935"},"modified":"2025-05-05T09:30:58","modified_gmt":"2025-05-05T12:30:58","slug":"governo-lula-ignora-evidencias-cientificas-em-decreto-de-educacao-pos-pandemia","status":"publish","type":"post","link":"https:\/\/jornalfatosenoticias.com.br\/index.php\/2025\/05\/05\/governo-lula-ignora-evidencias-cientificas-em-decreto-de-educacao-pos-pandemia\/","title":{"rendered":"Governo Lula ignora evid\u00eancias cient\u00edficas em decreto de educa\u00e7\u00e3o p\u00f3s-pandemia"},"content":{"rendered":"\n<p><em><span class=\"has-inline-color has-black-color\">O Minist\u00e9rio da Educa\u00e7\u00e3o retirou todos os termos de &#8220;evid\u00eancia cient\u00edfica&#8221; de novo decreto de recomposi\u00e7\u00e3o de aprendizagem p\u00f3s-pandemia<\/span><\/em><\/p>\n\n\n\n<p><span class=\"has-inline-color has-black-color\">Por <strong><a href=\"https:\/\/www.gazetadopovo.com.br\/autor\/marlice-pinto-vilela\/\">Marlice Pinto Vilela<\/a><\/strong><\/span><\/p>\n\n\n\n<div class=\"wp-block-image\"><figure class=\"aligncenter size-large\"><a href=\"https:\/\/panper.com.br\/\"><img loading=\"lazy\" decoding=\"async\" width=\"1024\" height=\"111\" src=\"https:\/\/jornalfatosenoticias.com.br\/wp-content\/uploads\/2020\/02\/WhatsApp-Image-2022-09-23-at-12.09.18-1024x111.jpeg\" alt=\"\" class=\"wp-image-34527\" srcset=\"https:\/\/jornalfatosenoticias.com.br\/wp-content\/uploads\/2020\/02\/WhatsApp-Image-2022-09-23-at-12.09.18-1024x111.jpeg 1024w, https:\/\/jornalfatosenoticias.com.br\/wp-content\/uploads\/2020\/02\/WhatsApp-Image-2022-09-23-at-12.09.18-300x32.jpeg 300w, https:\/\/jornalfatosenoticias.com.br\/wp-content\/uploads\/2020\/02\/WhatsApp-Image-2022-09-23-at-12.09.18-768x83.jpeg 768w, https:\/\/jornalfatosenoticias.com.br\/wp-content\/uploads\/2020\/02\/WhatsApp-Image-2022-09-23-at-12.09.18.jpeg 1121w\" sizes=\"auto, (max-width: 1024px) 100vw, 1024px\" \/><\/a><\/figure><\/div>\n\n\n\n<p>Um decreto recente do Minist\u00e9rio da Educa\u00e7\u00e3o (MEC) do governo Lula suprimiu todas as men\u00e7\u00f5es ao uso de \u201cevid\u00eancias cient\u00edficas\u201d ao tratar sobre a recomposi\u00e7\u00e3o de aprendizagem educacional no p\u00f3s-pandemia de covid-19. O termo, que aparecia tr\u00eas vezes no texto anterior \u2014 editado durante o governo Bolsonaro \u2014 foi totalmente retirado da nova vers\u00e3o, publicada em fevereiro.<br>O chamado Pacto Nacional de Recomposi\u00e7\u00e3o das Aprendizagens \u00e9 uma pol\u00edtica p\u00fablica voltada \u00e0 recupera\u00e7\u00e3o do aprendizado perdido por estudantes durante a pandemia. Na vers\u00e3o de 2022, o uso de evid\u00eancias cient\u00edficas era apontado como diretriz essencial para a tomada de decis\u00e3o e para o desenvolvimento de recursos e tecnologias voltados a professores e gestores educacionais.<\/p>\n\n\n\n<div class=\"wp-block-image\"><figure class=\"aligncenter size-large is-resized\"><a href=\"https:\/\/www.instagram.com\/rcradiadores\/\"><img loading=\"lazy\" decoding=\"async\" src=\"https:\/\/jornalfatosenoticias.com.br\/wp-content\/uploads\/2022\/10\/RC_800x750_page-0001.jpg\" alt=\"\" class=\"wp-image-35338\" width=\"325\" height=\"305\" srcset=\"https:\/\/jornalfatosenoticias.com.br\/wp-content\/uploads\/2022\/10\/RC_800x750_page-0001.jpg 400w, https:\/\/jornalfatosenoticias.com.br\/wp-content\/uploads\/2022\/10\/RC_800x750_page-0001-300x281.jpg 300w\" sizes=\"auto, (max-width: 325px) 100vw, 325px\" \/><\/a><\/figure><\/div>\n\n\n\n<p>J\u00e1 no novo decreto, esse fundamento foi substitu\u00eddo por princ\u00edpios como a \u201cpromo\u00e7\u00e3o da equidade\u201d e o reconhecimento das \u201cdiversidades e singularidades\u201d dos estudantes, o que n\u00e3o possui qualquer refer\u00eancia \u00e0 efic\u00e1cia comprovada de m\u00e9todos pedag\u00f3gicos.<\/p>\n\n\n\n<div class=\"wp-block-image\"><figure class=\"aligncenter size-large is-resized\"><a href=\"https:\/\/www.instagram.com\/esteiochurrascaria\/\"><img loading=\"lazy\" decoding=\"async\" src=\"https:\/\/jornalfatosenoticias.com.br\/wp-content\/uploads\/2022\/02\/LOGO-ESTEIO-1024x730.png\" alt=\"\" class=\"wp-image-27942\" width=\"316\" height=\"225\" srcset=\"https:\/\/jornalfatosenoticias.com.br\/wp-content\/uploads\/2022\/02\/LOGO-ESTEIO-1024x730.png 1024w, https:\/\/jornalfatosenoticias.com.br\/wp-content\/uploads\/2022\/02\/LOGO-ESTEIO-300x214.png 300w, https:\/\/jornalfatosenoticias.com.br\/wp-content\/uploads\/2022\/02\/LOGO-ESTEIO-768x548.png 768w, https:\/\/jornalfatosenoticias.com.br\/wp-content\/uploads\/2022\/02\/LOGO-ESTEIO.png 1123w\" sizes=\"auto, (max-width: 316px) 100vw, 316px\" \/><\/a><\/figure><\/div>\n\n\n\n<blockquote class=\"wp-block-quote is-layout-flow wp-block-quote-is-layout-flow\"><p><span class=\"has-inline-color has-luminous-vivid-orange-color\">S\u00e3o justamente as evid\u00eancias cient\u00edficas que garantem a efic\u00e1cia de uma abordagem pedag\u00f3gica. Ent\u00e3o, o investimento de recursos p\u00fablicos sem o cuidado de saber que se est\u00e1 adotando \u00e9, no m\u00ednimo, irresponsabilidade. As evid\u00eancias cient\u00edficas existem justamente para mostrar o que funciona e o que n\u00e3o funciona\u201d, avalia Anamaria Camargo, mestre em educa\u00e7\u00e3o pela University of Hull e diretora-executiva do Instituto Livre pra Escolher.<\/span><\/p><\/blockquote>\n\n\n\n<div class=\"wp-block-image\"><figure class=\"aligncenter size-large is-resized\"><a href=\"https:\/\/www.facebook.com\/vetor.vix\/\"><img loading=\"lazy\" decoding=\"async\" src=\"https:\/\/jornalfatosenoticias.com.br\/wp-content\/uploads\/2023\/09\/vetorvix1024_1.jpg\" alt=\"\" class=\"wp-image-44868\" width=\"565\" height=\"150\" srcset=\"https:\/\/jornalfatosenoticias.com.br\/wp-content\/uploads\/2023\/09\/vetorvix1024_1.jpg 1024w, https:\/\/jornalfatosenoticias.com.br\/wp-content\/uploads\/2023\/09\/vetorvix1024_1-300x80.jpg 300w, https:\/\/jornalfatosenoticias.com.br\/wp-content\/uploads\/2023\/09\/vetorvix1024_1-768x205.jpg 768w\" sizes=\"auto, (max-width: 565px) 100vw, 565px\" \/><\/a><\/figure><\/div>\n\n\n\n<p><strong><span class=\"has-inline-color has-vivid-purple-color\">Falta de evid\u00eancia cient\u00edfica abre caminho para decis\u00f5es ideol\u00f3gicas na educa\u00e7\u00e3o<br><\/span><\/strong>Para Camargo, a retirada de evid\u00eancias cient\u00edficas abre espa\u00e7o para decis\u00f5es ideol\u00f3gicas na educa\u00e7\u00e3o, especialmente ao priorizar crit\u00e9rios identit\u00e1rios. <\/p>\n\n\n\n<blockquote class=\"wp-block-quote is-layout-flow wp-block-quote-is-layout-flow\"><p><span class=\"has-inline-color has-luminous-vivid-orange-color\">Diferente de uma pessoa com defici\u00eancia, que de fato exige um olhar pedag\u00f3gico espec\u00edfico, substituir as evid\u00eancias cient\u00edficas e passar a considerar g\u00eanero, ra\u00e7a e etnia j\u00e1 prova uma escolha para uma abordagem que forma sect\u00e1rios woke, o que \u00e9 absolutamente anticient\u00edfico\u201d, enfatiza.<\/span><\/p><\/blockquote>\n\n\n\n<div class=\"wp-block-image\"><figure class=\"aligncenter size-large is-resized\"><a href=\"https:\/\/www.facebook.com\/profile.php?id=100069289606145\"><img loading=\"lazy\" decoding=\"async\" src=\"https:\/\/jornalfatosenoticias.com.br\/wp-content\/uploads\/2024\/11\/Guaitolini-Contabilidade-1024x714.jpeg\" alt=\"\" class=\"wp-image-55808\" width=\"336\" height=\"234\" srcset=\"https:\/\/jornalfatosenoticias.com.br\/wp-content\/uploads\/2024\/11\/Guaitolini-Contabilidade-1024x714.jpeg 1024w, https:\/\/jornalfatosenoticias.com.br\/wp-content\/uploads\/2024\/11\/Guaitolini-Contabilidade-300x209.jpeg 300w, https:\/\/jornalfatosenoticias.com.br\/wp-content\/uploads\/2024\/11\/Guaitolini-Contabilidade-768x535.jpeg 768w, https:\/\/jornalfatosenoticias.com.br\/wp-content\/uploads\/2024\/11\/Guaitolini-Contabilidade.jpeg 1280w\" sizes=\"auto, (max-width: 336px) 100vw, 336px\" \/><\/a><\/figure><\/div>\n\n\n\n<p>J\u00e1 o problema apontado por Pedro Zany Caldeira, professor de Educa\u00e7\u00e3o na Universidade Federal do Tri\u00e2ngulo Mineiro (UFTM), aponta que os problemas v\u00e3o al\u00e9m da ideologia. Segundo ele, falta estrutura t\u00e9cnica nas pol\u00edticas p\u00fablicas, demonstradas no baixo desempenho do Brasil em avalia\u00e7\u00f5es nacionais, como o Saeb, mas principalmente em avalia\u00e7\u00f5es internacionais como o Pisa ou o PIRLS.<\/p>\n\n\n\n<div class=\"wp-block-image\"><figure class=\"aligncenter size-large is-resized\"><a href=\"https:\/\/www.instagram.com\/restaurantepegoretti\/\"><img loading=\"lazy\" decoding=\"async\" src=\"https:\/\/jornalfatosenoticias.com.br\/wp-content\/uploads\/2023\/12\/pegoretti-logo-pdf-1024x389.jpg\" alt=\"\" class=\"wp-image-47536\" width=\"525\" height=\"199\" srcset=\"https:\/\/jornalfatosenoticias.com.br\/wp-content\/uploads\/2023\/12\/pegoretti-logo-pdf-1024x389.jpg 1024w, https:\/\/jornalfatosenoticias.com.br\/wp-content\/uploads\/2023\/12\/pegoretti-logo-pdf-300x114.jpg 300w, https:\/\/jornalfatosenoticias.com.br\/wp-content\/uploads\/2023\/12\/pegoretti-logo-pdf-768x291.jpg 768w, https:\/\/jornalfatosenoticias.com.br\/wp-content\/uploads\/2023\/12\/pegoretti-logo-pdf.jpg 1120w\" sizes=\"auto, (max-width: 525px) 100vw, 525px\" \/><\/a><\/figure><\/div>\n\n\n\n<p>Caldeira destaca que usar a BNCC como base de estrutura\u00e7\u00e3o de um programa de recomposi\u00e7\u00e3o da aprendizagem tamb\u00e9m n\u00e3o \u00e9 o suficiente. <strong><em>\u201cSeria necess\u00e1rio algo bem mais estruturado, claro e objetivo, como o curr\u00edculo de Singapura, as Metas de Aprendizagem de Portugal ou, para entendermos que h\u00e1 trabalho qualificado a este n\u00edvel no Brasil, o curr\u00edculo de Sobral (Cear\u00e1)\u201d,<\/em><\/strong> completa o professor.<\/p>\n\n\n\n<div class=\"wp-block-image\"><figure class=\"aligncenter size-large\"><a href=\"https:\/\/www.cesconetto.com.br\/\"><img loading=\"lazy\" decoding=\"async\" width=\"300\" height=\"250\" src=\"https:\/\/jornalfatosenoticias.com.br\/wp-content\/uploads\/2020\/02\/Banner-2.png\" alt=\"\" class=\"wp-image-43787\"\/><\/a><\/figure><\/div>\n\n\n\n<p><strong><span class=\"has-inline-color has-vivid-purple-color\">Novo texto restringe parcerias e favorece ONGs j\u00e1 credenciadas<br><\/span><\/strong>Caldeira ainda ressalta que estados e munic\u00edpios podem ter a autonomia prejudicada, impedindo a inclus\u00e3o de pedagogias eficientes. <\/p>\n\n\n\n<blockquote class=\"wp-block-quote is-layout-flow wp-block-quote-is-layout-flow\"><p><span class=\"has-inline-color has-luminous-vivid-orange-color\">A estrada para a inclus\u00e3o de par\u00e2metros ideol\u00f3gicos e pol\u00edticos na formula\u00e7\u00e3o de estrat\u00e9gias \u2018pedag\u00f3gicas\u2019 em situa\u00e7\u00f5es de crise est\u00e1 totalmente aberta: pois o processo estar\u00e1 totalmente centralizado em Bras\u00edlia, para os Estados e munic\u00edpios que aderirem ao sistema desenvolvido e controlado pelo MEC\u201d, ressalta Caldeira.<\/span><\/p><\/blockquote>\n\n\n\n<div class=\"wp-block-image\"><figure class=\"aligncenter size-large is-resized\"><a href=\"https:\/\/www.instagram.com\/gruposei\/\"><img loading=\"lazy\" decoding=\"async\" src=\"https:\/\/jornalfatosenoticias.com.br\/wp-content\/uploads\/2022\/07\/Logo-Grupo-SEI.jpg\" alt=\"\" class=\"wp-image-31973\" width=\"402\" height=\"211\" srcset=\"https:\/\/jornalfatosenoticias.com.br\/wp-content\/uploads\/2022\/07\/Logo-Grupo-SEI.jpg 713w, https:\/\/jornalfatosenoticias.com.br\/wp-content\/uploads\/2022\/07\/Logo-Grupo-SEI-300x158.jpg 300w\" sizes=\"auto, (max-width: 402px) 100vw, 402px\" \/><\/a><\/figure><\/div>\n\n\n\n<p>Outro ponto que refor\u00e7a o direcionamento ideol\u00f3gico da pol\u00edtica de recomposi\u00e7\u00e3o da aprendizagem \u00e9 a restri\u00e7\u00e3o de parceria apenas com entidades sem fins lucrativos. Enquanto o decreto de 2022 previa colabora\u00e7\u00f5es com \u201centidades, organiza\u00e7\u00f5es nacionais e organismos internacionais que atuem em educa\u00e7\u00e3o\u201d \u2014 o que amplia o escopo de concorr\u00eancia para essas parcerias \u2014 a nova vers\u00e3o restringe as parcerias a ONGs, cooperativas, associa\u00e7\u00f5es e funda\u00e7\u00f5es.<\/p>\n\n\n\n<div class=\"wp-block-image\"><figure class=\"aligncenter size-large is-resized\"><a href=\"https:\/\/www.facebook.com\/postobkr\/?locale=pt_BR\"><img loading=\"lazy\" decoding=\"async\" src=\"https:\/\/jornalfatosenoticias.com.br\/wp-content\/uploads\/2023\/08\/BKR-1024x1021.jpg\" alt=\"\" class=\"wp-image-44494\" width=\"297\" height=\"296\" srcset=\"https:\/\/jornalfatosenoticias.com.br\/wp-content\/uploads\/2023\/08\/BKR-1024x1021.jpg 1024w, https:\/\/jornalfatosenoticias.com.br\/wp-content\/uploads\/2023\/08\/BKR-300x300.jpg 300w, https:\/\/jornalfatosenoticias.com.br\/wp-content\/uploads\/2023\/08\/BKR-150x150.jpg 150w, https:\/\/jornalfatosenoticias.com.br\/wp-content\/uploads\/2023\/08\/BKR-768x766.jpg 768w, https:\/\/jornalfatosenoticias.com.br\/wp-content\/uploads\/2023\/08\/BKR.jpg 1080w\" sizes=\"auto, (max-width: 297px) 100vw, 297px\" \/><\/a><\/figure><\/div>\n\n\n\n<p>O texto ainda menciona a exist\u00eancia de uma legisla\u00e7\u00e3o que trata sobre o credenciamento de algumas ONGs pelo MEC, ou seja, que est\u00e3o dispensadas por lei de participar de um chamamento p\u00fablico. \u201cOu seja, aquelas ONGs que j\u00e1 s\u00e3o \u2018amigas do MEC\u2019, v\u00e3o ser as parceiras escolhidas, independentemente do seu custo, j\u00e1 que n\u00e3o vai ter concorr\u00eancia, e da sua capacidade t\u00e9cnica. E essas organiza\u00e7\u00f5es que v\u00e3o participar como parceiras, muitas vezes baseiam o seu trabalho em saberes diversos, como, por exemplo, o socioconstrutivismo, que n\u00e3o tem efici\u00eancia para alfabetiza\u00e7\u00e3o\u201d, analisa Camargo.<\/p>\n\n\n\n<div class=\"wp-block-image\"><figure class=\"aligncenter size-large is-resized\"><a href=\"https:\/\/www.instagram.com\/serra4x4cambioautomatico\/\"><img loading=\"lazy\" decoding=\"async\" src=\"https:\/\/jornalfatosenoticias.com.br\/wp-content\/uploads\/2024\/08\/Serra-4x4-1-886x1024.jpg\" alt=\"\" class=\"wp-image-53632\" width=\"276\" height=\"319\" srcset=\"https:\/\/jornalfatosenoticias.com.br\/wp-content\/uploads\/2024\/08\/Serra-4x4-1-886x1024.jpg 886w, https:\/\/jornalfatosenoticias.com.br\/wp-content\/uploads\/2024\/08\/Serra-4x4-1-260x300.jpg 260w, https:\/\/jornalfatosenoticias.com.br\/wp-content\/uploads\/2024\/08\/Serra-4x4-1-768x888.jpg 768w, https:\/\/jornalfatosenoticias.com.br\/wp-content\/uploads\/2024\/08\/Serra-4x4-1.jpg 1181w\" sizes=\"auto, (max-width: 276px) 100vw, 276px\" \/><\/a><\/figure><\/div>\n\n\n\n<p>A especialista alerta que a retirada da ci\u00eancia na educa\u00e7\u00e3o n\u00e3o \u00e9 um problema particular do novo texto, mas est\u00e1 em uma crescente. <\/p>\n\n\n\n<blockquote class=\"wp-block-quote is-layout-flow wp-block-quote-is-layout-flow\"><p><span class=\"has-inline-color has-luminous-vivid-orange-color\">Os documentos orientadores curriculares que o MEC tem estabelecido, assim como o Conselho Nacional de Educa\u00e7\u00e3o, est\u00e3o cada vez mais woke, cada vez menos baseados em ci\u00eancia\u201d, conclui a especialista.<\/span><\/p><\/blockquote>\n\n\n\n<p><strong>Fonte: <a href=\"https:\/\/www.gazetadopovo.com.br\/vida-e-cidadania\/mec-retira-evidencia-cientifica-educacao\/\">Gazeta do Povo<\/a><\/strong><\/p>\n","protected":false},"excerpt":{"rendered":"<p>O Minist\u00e9rio da Educa\u00e7\u00e3o retirou todos os termos de &#8220;evid\u00eancia cient\u00edfica&#8221; de novo decreto de recomposi\u00e7\u00e3o de aprendizagem p\u00f3s-pandemia Por Marlice Pinto Vilela Um decreto recente do Minist\u00e9rio da Educa\u00e7\u00e3o (MEC) do governo Lula suprimiu todas as men\u00e7\u00f5es ao uso de \u201cevid\u00eancias cient\u00edficas\u201d ao tratar sobre a recomposi\u00e7\u00e3o de aprendizagem educacional no p\u00f3s-pandemia de covid-19. [&hellip;]<\/p>\n","protected":false},"author":2,"featured_media":58936,"comment_status":"open","ping_status":"open","sticky":false,"template":"","format":"standard","meta":{"footnotes":""},"categories":[7],"tags":[3821,345,1787,7580,330],"class_list":["post-58935","post","type-post","status-publish","format-standard","has-post-thumbnail","hentry","category-educacao","tag-alfabetizacao","tag-educacao","tag-ensino","tag-lula","tag-pandemia"],"yoast_head":"<!-- This site is optimized with the Yoast SEO plugin v26.5 - https:\/\/yoast.com\/wordpress\/plugins\/seo\/ -->\n<title>Governo Lula ignora evid\u00eancias cient\u00edficas em decreto de educa\u00e7\u00e3o p\u00f3s-pandemia - Jornal Fatos e Not\u00edcias<\/title>\n<meta name=\"robots\" content=\"index, follow, max-snippet:-1, max-image-preview:large, max-video-preview:-1\" \/>\n<link rel=\"canonical\" href=\"https:\/\/jornalfatosenoticias.com.br\/index.php\/2025\/05\/05\/governo-lula-ignora-evidencias-cientificas-em-decreto-de-educacao-pos-pandemia\/\" \/>\n<meta property=\"og:locale\" content=\"pt_BR\" \/>\n<meta property=\"og:type\" content=\"article\" \/>\n<meta property=\"og:title\" content=\"Governo Lula ignora evid\u00eancias cient\u00edficas em decreto de educa\u00e7\u00e3o p\u00f3s-pandemia - Jornal Fatos e Not\u00edcias\" \/>\n<meta property=\"og:description\" content=\"O Minist\u00e9rio da Educa\u00e7\u00e3o retirou todos os termos de &#8220;evid\u00eancia cient\u00edfica&#8221; de novo decreto de recomposi\u00e7\u00e3o de aprendizagem p\u00f3s-pandemia Por Marlice Pinto Vilela Um decreto recente do Minist\u00e9rio da Educa\u00e7\u00e3o (MEC) do governo Lula suprimiu todas as men\u00e7\u00f5es ao uso de \u201cevid\u00eancias cient\u00edficas\u201d ao tratar sobre a recomposi\u00e7\u00e3o de aprendizagem educacional no p\u00f3s-pandemia de covid-19. [&hellip;]\" \/>\n<meta property=\"og:url\" content=\"https:\/\/jornalfatosenoticias.com.br\/index.php\/2025\/05\/05\/governo-lula-ignora-evidencias-cientificas-em-decreto-de-educacao-pos-pandemia\/\" \/>\n<meta property=\"og:site_name\" content=\"Jornal Fatos e Not\u00edcias\" \/>\n<meta property=\"article:published_time\" content=\"2025-05-05T12:30:56+00:00\" \/>\n<meta property=\"article:modified_time\" content=\"2025-05-05T12:30:58+00:00\" \/>\n<meta property=\"og:image\" content=\"https:\/\/jornalfatosenoticias.com.br\/wp-content\/uploads\/2025\/05\/decreto-de-educacao-pos-pandemia_freepik-gerada-com-ia.jpg\" \/>\n\t<meta property=\"og:image:width\" content=\"996\" \/>\n\t<meta property=\"og:image:height\" content=\"558\" \/>\n\t<meta property=\"og:image:type\" content=\"image\/jpeg\" \/>\n<meta name=\"author\" content=\"Luzimara Fernandes\" \/>\n<meta name=\"twitter:card\" content=\"summary_large_image\" \/>\n<meta name=\"twitter:label1\" content=\"Escrito por\" \/>\n\t<meta name=\"twitter:data1\" content=\"Luzimara Fernandes\" \/>\n\t<meta name=\"twitter:label2\" content=\"Est. tempo de leitura\" \/>\n\t<meta name=\"twitter:data2\" content=\"4 minutos\" \/>\n<script type=\"application\/ld+json\" class=\"yoast-schema-graph\">{\"@context\":\"https:\/\/schema.org\",\"@graph\":[{\"@type\":\"Article\",\"@id\":\"https:\/\/jornalfatosenoticias.com.br\/index.php\/2025\/05\/05\/governo-lula-ignora-evidencias-cientificas-em-decreto-de-educacao-pos-pandemia\/#article\",\"isPartOf\":{\"@id\":\"https:\/\/jornalfatosenoticias.com.br\/index.php\/2025\/05\/05\/governo-lula-ignora-evidencias-cientificas-em-decreto-de-educacao-pos-pandemia\/\"},\"author\":{\"name\":\"Luzimara Fernandes\",\"@id\":\"https:\/\/jornalfatosenoticias.com.br\/#\/schema\/person\/d63837fa13ac8666eb9e74e0985d6f81\"},\"headline\":\"Governo Lula ignora evid\u00eancias cient\u00edficas em decreto de educa\u00e7\u00e3o p\u00f3s-pandemia\",\"datePublished\":\"2025-05-05T12:30:56+00:00\",\"dateModified\":\"2025-05-05T12:30:58+00:00\",\"mainEntityOfPage\":{\"@id\":\"https:\/\/jornalfatosenoticias.com.br\/index.php\/2025\/05\/05\/governo-lula-ignora-evidencias-cientificas-em-decreto-de-educacao-pos-pandemia\/\"},\"wordCount\":842,\"commentCount\":0,\"publisher\":{\"@id\":\"https:\/\/jornalfatosenoticias.com.br\/#organization\"},\"image\":{\"@id\":\"https:\/\/jornalfatosenoticias.com.br\/index.php\/2025\/05\/05\/governo-lula-ignora-evidencias-cientificas-em-decreto-de-educacao-pos-pandemia\/#primaryimage\"},\"thumbnailUrl\":\"https:\/\/jornalfatosenoticias.com.br\/wp-content\/uploads\/2025\/05\/decreto-de-educacao-pos-pandemia_freepik-gerada-com-ia.jpg\",\"keywords\":[\"alfabetiza\u00e7\u00e3o\",\"educa\u00e7\u00e3o\",\"ensino\",\"Lula\",\"pandemia\"],\"articleSection\":[\"Educa\u00e7\u00e3o\"],\"inLanguage\":\"pt-BR\",\"potentialAction\":[{\"@type\":\"CommentAction\",\"name\":\"Comment\",\"target\":[\"https:\/\/jornalfatosenoticias.com.br\/index.php\/2025\/05\/05\/governo-lula-ignora-evidencias-cientificas-em-decreto-de-educacao-pos-pandemia\/#respond\"]}]},{\"@type\":\"WebPage\",\"@id\":\"https:\/\/jornalfatosenoticias.com.br\/index.php\/2025\/05\/05\/governo-lula-ignora-evidencias-cientificas-em-decreto-de-educacao-pos-pandemia\/\",\"url\":\"https:\/\/jornalfatosenoticias.com.br\/index.php\/2025\/05\/05\/governo-lula-ignora-evidencias-cientificas-em-decreto-de-educacao-pos-pandemia\/\",\"name\":\"Governo Lula ignora evid\u00eancias cient\u00edficas em decreto de educa\u00e7\u00e3o p\u00f3s-pandemia - Jornal Fatos e Not\u00edcias\",\"isPartOf\":{\"@id\":\"https:\/\/jornalfatosenoticias.com.br\/#website\"},\"primaryImageOfPage\":{\"@id\":\"https:\/\/jornalfatosenoticias.com.br\/index.php\/2025\/05\/05\/governo-lula-ignora-evidencias-cientificas-em-decreto-de-educacao-pos-pandemia\/#primaryimage\"},\"image\":{\"@id\":\"https:\/\/jornalfatosenoticias.com.br\/index.php\/2025\/05\/05\/governo-lula-ignora-evidencias-cientificas-em-decreto-de-educacao-pos-pandemia\/#primaryimage\"},\"thumbnailUrl\":\"https:\/\/jornalfatosenoticias.com.br\/wp-content\/uploads\/2025\/05\/decreto-de-educacao-pos-pandemia_freepik-gerada-com-ia.jpg\",\"datePublished\":\"2025-05-05T12:30:56+00:00\",\"dateModified\":\"2025-05-05T12:30:58+00:00\",\"breadcrumb\":{\"@id\":\"https:\/\/jornalfatosenoticias.com.br\/index.php\/2025\/05\/05\/governo-lula-ignora-evidencias-cientificas-em-decreto-de-educacao-pos-pandemia\/#breadcrumb\"},\"inLanguage\":\"pt-BR\",\"potentialAction\":[{\"@type\":\"ReadAction\",\"target\":[\"https:\/\/jornalfatosenoticias.com.br\/index.php\/2025\/05\/05\/governo-lula-ignora-evidencias-cientificas-em-decreto-de-educacao-pos-pandemia\/\"]}]},{\"@type\":\"ImageObject\",\"inLanguage\":\"pt-BR\",\"@id\":\"https:\/\/jornalfatosenoticias.com.br\/index.php\/2025\/05\/05\/governo-lula-ignora-evidencias-cientificas-em-decreto-de-educacao-pos-pandemia\/#primaryimage\",\"url\":\"https:\/\/jornalfatosenoticias.com.br\/wp-content\/uploads\/2025\/05\/decreto-de-educacao-pos-pandemia_freepik-gerada-com-ia.jpg\",\"contentUrl\":\"https:\/\/jornalfatosenoticias.com.br\/wp-content\/uploads\/2025\/05\/decreto-de-educacao-pos-pandemia_freepik-gerada-com-ia.jpg\",\"width\":996,\"height\":558},{\"@type\":\"BreadcrumbList\",\"@id\":\"https:\/\/jornalfatosenoticias.com.br\/index.php\/2025\/05\/05\/governo-lula-ignora-evidencias-cientificas-em-decreto-de-educacao-pos-pandemia\/#breadcrumb\",\"itemListElement\":[{\"@type\":\"ListItem\",\"position\":1,\"name\":\"In\u00edcio\",\"item\":\"https:\/\/jornalfatosenoticias.com.br\/\"},{\"@type\":\"ListItem\",\"position\":2,\"name\":\"Governo Lula ignora evid\u00eancias cient\u00edficas em decreto de educa\u00e7\u00e3o p\u00f3s-pandemia\"}]},{\"@type\":\"WebSite\",\"@id\":\"https:\/\/jornalfatosenoticias.com.br\/#website\",\"url\":\"https:\/\/jornalfatosenoticias.com.br\/\",\"name\":\"Jornal Fatos e Not\u00edcias\",\"description\":\"Not\u00edcias em geral\",\"publisher\":{\"@id\":\"https:\/\/jornalfatosenoticias.com.br\/#organization\"},\"potentialAction\":[{\"@type\":\"SearchAction\",\"target\":{\"@type\":\"EntryPoint\",\"urlTemplate\":\"https:\/\/jornalfatosenoticias.com.br\/?s={search_term_string}\"},\"query-input\":{\"@type\":\"PropertyValueSpecification\",\"valueRequired\":true,\"valueName\":\"search_term_string\"}}],\"inLanguage\":\"pt-BR\"},{\"@type\":\"Organization\",\"@id\":\"https:\/\/jornalfatosenoticias.com.br\/#organization\",\"name\":\"Jornal Fatos e Not\u00edcias\",\"url\":\"https:\/\/jornalfatosenoticias.com.br\/\",\"logo\":{\"@type\":\"ImageObject\",\"inLanguage\":\"pt-BR\",\"@id\":\"https:\/\/jornalfatosenoticias.com.br\/#\/schema\/logo\/image\/\",\"url\":\"https:\/\/jornalfatosenoticias.com.br\/wp-content\/uploads\/2020\/02\/logo120.png\",\"contentUrl\":\"https:\/\/jornalfatosenoticias.com.br\/wp-content\/uploads\/2020\/02\/logo120.png\",\"width\":1227,\"height\":120,\"caption\":\"Jornal Fatos e Not\u00edcias\"},\"image\":{\"@id\":\"https:\/\/jornalfatosenoticias.com.br\/#\/schema\/logo\/image\/\"}},{\"@type\":\"Person\",\"@id\":\"https:\/\/jornalfatosenoticias.com.br\/#\/schema\/person\/d63837fa13ac8666eb9e74e0985d6f81\",\"name\":\"Luzimara Fernandes\",\"image\":{\"@type\":\"ImageObject\",\"inLanguage\":\"pt-BR\",\"@id\":\"https:\/\/jornalfatosenoticias.com.br\/#\/schema\/person\/image\/\",\"url\":\"https:\/\/jornalfatosenoticias.com.br\/wp-content\/uploads\/2025\/05\/EU_portal.jpg\",\"contentUrl\":\"https:\/\/jornalfatosenoticias.com.br\/wp-content\/uploads\/2025\/05\/EU_portal.jpg\",\"caption\":\"Luzimara Fernandes\"},\"description\":\"Jornalista MTB 2358-ES\",\"sameAs\":[\"https:\/\/jornalfatosenoticias.com.br\"],\"url\":\"https:\/\/jornalfatosenoticias.com.br\/index.php\/author\/luzimara\/\"}]}<\/script>\n<!-- \/ Yoast SEO plugin. -->","yoast_head_json":{"title":"Governo Lula ignora evid\u00eancias cient\u00edficas em decreto de educa\u00e7\u00e3o p\u00f3s-pandemia - Jornal Fatos e Not\u00edcias","robots":{"index":"index","follow":"follow","max-snippet":"max-snippet:-1","max-image-preview":"max-image-preview:large","max-video-preview":"max-video-preview:-1"},"canonical":"https:\/\/jornalfatosenoticias.com.br\/index.php\/2025\/05\/05\/governo-lula-ignora-evidencias-cientificas-em-decreto-de-educacao-pos-pandemia\/","og_locale":"pt_BR","og_type":"article","og_title":"Governo Lula ignora evid\u00eancias cient\u00edficas em decreto de educa\u00e7\u00e3o p\u00f3s-pandemia - Jornal Fatos e Not\u00edcias","og_description":"O Minist\u00e9rio da Educa\u00e7\u00e3o retirou todos os termos de &#8220;evid\u00eancia cient\u00edfica&#8221; de novo decreto de recomposi\u00e7\u00e3o de aprendizagem p\u00f3s-pandemia Por Marlice Pinto Vilela Um decreto recente do Minist\u00e9rio da Educa\u00e7\u00e3o (MEC) do governo Lula suprimiu todas as men\u00e7\u00f5es ao uso de \u201cevid\u00eancias cient\u00edficas\u201d ao tratar sobre a recomposi\u00e7\u00e3o de aprendizagem educacional no p\u00f3s-pandemia de covid-19. [&hellip;]","og_url":"https:\/\/jornalfatosenoticias.com.br\/index.php\/2025\/05\/05\/governo-lula-ignora-evidencias-cientificas-em-decreto-de-educacao-pos-pandemia\/","og_site_name":"Jornal Fatos e Not\u00edcias","article_published_time":"2025-05-05T12:30:56+00:00","article_modified_time":"2025-05-05T12:30:58+00:00","og_image":[{"width":996,"height":558,"url":"https:\/\/jornalfatosenoticias.com.br\/wp-content\/uploads\/2025\/05\/decreto-de-educacao-pos-pandemia_freepik-gerada-com-ia.jpg","type":"image\/jpeg"}],"author":"Luzimara Fernandes","twitter_card":"summary_large_image","twitter_misc":{"Escrito por":"Luzimara Fernandes","Est. tempo de leitura":"4 minutos"},"schema":{"@context":"https:\/\/schema.org","@graph":[{"@type":"Article","@id":"https:\/\/jornalfatosenoticias.com.br\/index.php\/2025\/05\/05\/governo-lula-ignora-evidencias-cientificas-em-decreto-de-educacao-pos-pandemia\/#article","isPartOf":{"@id":"https:\/\/jornalfatosenoticias.com.br\/index.php\/2025\/05\/05\/governo-lula-ignora-evidencias-cientificas-em-decreto-de-educacao-pos-pandemia\/"},"author":{"name":"Luzimara Fernandes","@id":"https:\/\/jornalfatosenoticias.com.br\/#\/schema\/person\/d63837fa13ac8666eb9e74e0985d6f81"},"headline":"Governo Lula ignora evid\u00eancias cient\u00edficas em decreto de educa\u00e7\u00e3o p\u00f3s-pandemia","datePublished":"2025-05-05T12:30:56+00:00","dateModified":"2025-05-05T12:30:58+00:00","mainEntityOfPage":{"@id":"https:\/\/jornalfatosenoticias.com.br\/index.php\/2025\/05\/05\/governo-lula-ignora-evidencias-cientificas-em-decreto-de-educacao-pos-pandemia\/"},"wordCount":842,"commentCount":0,"publisher":{"@id":"https:\/\/jornalfatosenoticias.com.br\/#organization"},"image":{"@id":"https:\/\/jornalfatosenoticias.com.br\/index.php\/2025\/05\/05\/governo-lula-ignora-evidencias-cientificas-em-decreto-de-educacao-pos-pandemia\/#primaryimage"},"thumbnailUrl":"https:\/\/jornalfatosenoticias.com.br\/wp-content\/uploads\/2025\/05\/decreto-de-educacao-pos-pandemia_freepik-gerada-com-ia.jpg","keywords":["alfabetiza\u00e7\u00e3o","educa\u00e7\u00e3o","ensino","Lula","pandemia"],"articleSection":["Educa\u00e7\u00e3o"],"inLanguage":"pt-BR","potentialAction":[{"@type":"CommentAction","name":"Comment","target":["https:\/\/jornalfatosenoticias.com.br\/index.php\/2025\/05\/05\/governo-lula-ignora-evidencias-cientificas-em-decreto-de-educacao-pos-pandemia\/#respond"]}]},{"@type":"WebPage","@id":"https:\/\/jornalfatosenoticias.com.br\/index.php\/2025\/05\/05\/governo-lula-ignora-evidencias-cientificas-em-decreto-de-educacao-pos-pandemia\/","url":"https:\/\/jornalfatosenoticias.com.br\/index.php\/2025\/05\/05\/governo-lula-ignora-evidencias-cientificas-em-decreto-de-educacao-pos-pandemia\/","name":"Governo Lula ignora evid\u00eancias cient\u00edficas em decreto de educa\u00e7\u00e3o p\u00f3s-pandemia - Jornal Fatos e Not\u00edcias","isPartOf":{"@id":"https:\/\/jornalfatosenoticias.com.br\/#website"},"primaryImageOfPage":{"@id":"https:\/\/jornalfatosenoticias.com.br\/index.php\/2025\/05\/05\/governo-lula-ignora-evidencias-cientificas-em-decreto-de-educacao-pos-pandemia\/#primaryimage"},"image":{"@id":"https:\/\/jornalfatosenoticias.com.br\/index.php\/2025\/05\/05\/governo-lula-ignora-evidencias-cientificas-em-decreto-de-educacao-pos-pandemia\/#primaryimage"},"thumbnailUrl":"https:\/\/jornalfatosenoticias.com.br\/wp-content\/uploads\/2025\/05\/decreto-de-educacao-pos-pandemia_freepik-gerada-com-ia.jpg","datePublished":"2025-05-05T12:30:56+00:00","dateModified":"2025-05-05T12:30:58+00:00","breadcrumb":{"@id":"https:\/\/jornalfatosenoticias.com.br\/index.php\/2025\/05\/05\/governo-lula-ignora-evidencias-cientificas-em-decreto-de-educacao-pos-pandemia\/#breadcrumb"},"inLanguage":"pt-BR","potentialAction":[{"@type":"ReadAction","target":["https:\/\/jornalfatosenoticias.com.br\/index.php\/2025\/05\/05\/governo-lula-ignora-evidencias-cientificas-em-decreto-de-educacao-pos-pandemia\/"]}]},{"@type":"ImageObject","inLanguage":"pt-BR","@id":"https:\/\/jornalfatosenoticias.com.br\/index.php\/2025\/05\/05\/governo-lula-ignora-evidencias-cientificas-em-decreto-de-educacao-pos-pandemia\/#primaryimage","url":"https:\/\/jornalfatosenoticias.com.br\/wp-content\/uploads\/2025\/05\/decreto-de-educacao-pos-pandemia_freepik-gerada-com-ia.jpg","contentUrl":"https:\/\/jornalfatosenoticias.com.br\/wp-content\/uploads\/2025\/05\/decreto-de-educacao-pos-pandemia_freepik-gerada-com-ia.jpg","width":996,"height":558},{"@type":"BreadcrumbList","@id":"https:\/\/jornalfatosenoticias.com.br\/index.php\/2025\/05\/05\/governo-lula-ignora-evidencias-cientificas-em-decreto-de-educacao-pos-pandemia\/#breadcrumb","itemListElement":[{"@type":"ListItem","position":1,"name":"In\u00edcio","item":"https:\/\/jornalfatosenoticias.com.br\/"},{"@type":"ListItem","position":2,"name":"Governo Lula ignora evid\u00eancias cient\u00edficas em decreto de educa\u00e7\u00e3o p\u00f3s-pandemia"}]},{"@type":"WebSite","@id":"https:\/\/jornalfatosenoticias.com.br\/#website","url":"https:\/\/jornalfatosenoticias.com.br\/","name":"Jornal Fatos e Not\u00edcias","description":"Not\u00edcias em geral","publisher":{"@id":"https:\/\/jornalfatosenoticias.com.br\/#organization"},"potentialAction":[{"@type":"SearchAction","target":{"@type":"EntryPoint","urlTemplate":"https:\/\/jornalfatosenoticias.com.br\/?s={search_term_string}"},"query-input":{"@type":"PropertyValueSpecification","valueRequired":true,"valueName":"search_term_string"}}],"inLanguage":"pt-BR"},{"@type":"Organization","@id":"https:\/\/jornalfatosenoticias.com.br\/#organization","name":"Jornal Fatos e Not\u00edcias","url":"https:\/\/jornalfatosenoticias.com.br\/","logo":{"@type":"ImageObject","inLanguage":"pt-BR","@id":"https:\/\/jornalfatosenoticias.com.br\/#\/schema\/logo\/image\/","url":"https:\/\/jornalfatosenoticias.com.br\/wp-content\/uploads\/2020\/02\/logo120.png","contentUrl":"https:\/\/jornalfatosenoticias.com.br\/wp-content\/uploads\/2020\/02\/logo120.png","width":1227,"height":120,"caption":"Jornal Fatos e Not\u00edcias"},"image":{"@id":"https:\/\/jornalfatosenoticias.com.br\/#\/schema\/logo\/image\/"}},{"@type":"Person","@id":"https:\/\/jornalfatosenoticias.com.br\/#\/schema\/person\/d63837fa13ac8666eb9e74e0985d6f81","name":"Luzimara Fernandes","image":{"@type":"ImageObject","inLanguage":"pt-BR","@id":"https:\/\/jornalfatosenoticias.com.br\/#\/schema\/person\/image\/","url":"https:\/\/jornalfatosenoticias.com.br\/wp-content\/uploads\/2025\/05\/EU_portal.jpg","contentUrl":"https:\/\/jornalfatosenoticias.com.br\/wp-content\/uploads\/2025\/05\/EU_portal.jpg","caption":"Luzimara Fernandes"},"description":"Jornalista MTB 2358-ES","sameAs":["https:\/\/jornalfatosenoticias.com.br"],"url":"https:\/\/jornalfatosenoticias.com.br\/index.php\/author\/luzimara\/"}]}},"cc_featured_image_caption":{"caption_text":"(Foto: Freepik gerada com IA) ","source_text":"","source_url":""},"jetpack_featured_media_url":"https:\/\/jornalfatosenoticias.com.br\/wp-content\/uploads\/2025\/05\/decreto-de-educacao-pos-pandemia_freepik-gerada-com-ia.jpg","_links":{"self":[{"href":"https:\/\/jornalfatosenoticias.com.br\/index.php\/wp-json\/wp\/v2\/posts\/58935","targetHints":{"allow":["GET"]}}],"collection":[{"href":"https:\/\/jornalfatosenoticias.com.br\/index.php\/wp-json\/wp\/v2\/posts"}],"about":[{"href":"https:\/\/jornalfatosenoticias.com.br\/index.php\/wp-json\/wp\/v2\/types\/post"}],"author":[{"embeddable":true,"href":"https:\/\/jornalfatosenoticias.com.br\/index.php\/wp-json\/wp\/v2\/users\/2"}],"replies":[{"embeddable":true,"href":"https:\/\/jornalfatosenoticias.com.br\/index.php\/wp-json\/wp\/v2\/comments?post=58935"}],"version-history":[{"count":0,"href":"https:\/\/jornalfatosenoticias.com.br\/index.php\/wp-json\/wp\/v2\/posts\/58935\/revisions"}],"wp:featuredmedia":[{"embeddable":true,"href":"https:\/\/jornalfatosenoticias.com.br\/index.php\/wp-json\/wp\/v2\/media\/58936"}],"wp:attachment":[{"href":"https:\/\/jornalfatosenoticias.com.br\/index.php\/wp-json\/wp\/v2\/media?parent=58935"}],"wp:term":[{"taxonomy":"category","embeddable":true,"href":"https:\/\/jornalfatosenoticias.com.br\/index.php\/wp-json\/wp\/v2\/categories?post=58935"},{"taxonomy":"post_tag","embeddable":true,"href":"https:\/\/jornalfatosenoticias.com.br\/index.php\/wp-json\/wp\/v2\/tags?post=58935"}],"curies":[{"name":"wp","href":"https:\/\/api.w.org\/{rel}","templated":true}]}}