{"id":58971,"date":"2025-05-06T14:15:07","date_gmt":"2025-05-06T17:15:07","guid":{"rendered":"https:\/\/jornalfatosenoticias.com.br\/?p=58971"},"modified":"2025-05-06T14:15:08","modified_gmt":"2025-05-06T17:15:08","slug":"quase-30-dos-brasileiros-sao-analfabetos-funcionais-aponta-estudo","status":"publish","type":"post","link":"https:\/\/jornalfatosenoticias.com.br\/index.php\/2025\/05\/06\/quase-30-dos-brasileiros-sao-analfabetos-funcionais-aponta-estudo\/","title":{"rendered":"Quase 30% dos brasileiros s\u00e3o analfabetos funcionais, aponta estudo"},"content":{"rendered":"\n<p><em><span class=\"has-inline-color has-black-color\">Segundo o estudo do Inaf, 29% dos brasileiros n\u00e3o sabem ler e escrever ou n\u00e3o conseguem compreender pequenas frases ou identificar n\u00fameros de telefones e pre\u00e7os<\/span><\/em><\/p>\n\n\n\n<p><span class=\"has-inline-color has-black-color\">Por <strong><a href=\"https:\/\/www.gazetadopovo.com.br\/autor\/diogenes-freire-feitosa\/\" rel=\"sponsored nofollow\">Di\u00f3genes Freire Feitosa<\/a><\/strong><\/span><\/p>\n\n\n\n<div class=\"wp-block-image\"><figure class=\"aligncenter size-large\"><a href=\"http:\/\/www.ferrarimaquinas.com.br\/\"><img loading=\"lazy\" decoding=\"async\" width=\"1024\" height=\"100\" src=\"https:\/\/jornalfatosenoticias.com.br\/wp-content\/uploads\/2020\/02\/banner_ferramentas-1024x100.jpg\" alt=\"\" class=\"wp-image-1258\" srcset=\"https:\/\/jornalfatosenoticias.com.br\/wp-content\/uploads\/2020\/02\/banner_ferramentas-1024x100.jpg 1024w, https:\/\/jornalfatosenoticias.com.br\/wp-content\/uploads\/2020\/02\/banner_ferramentas-300x29.jpg 300w, https:\/\/jornalfatosenoticias.com.br\/wp-content\/uploads\/2020\/02\/banner_ferramentas-768x75.jpg 768w, https:\/\/jornalfatosenoticias.com.br\/wp-content\/uploads\/2020\/02\/banner_ferramentas.jpg 1227w\" sizes=\"auto, (max-width: 1024px) 100vw, 1024px\" \/><\/a><\/figure><\/div>\n\n\n\n<p>De acordo com dados do Indicador de Alfabetismo Funcional (Inaf), divulgados nesta segunda-feira (5), 29% dos brasileiros com idade entre 15 e 64 anos s\u00e3o analfabetos funcionais, ou seja, n\u00e3o sabem ler e escrever ou n\u00e3o conseguem compreender pequenas frases ou identificar n\u00fameros de telefones ou pre\u00e7os. Os dados s\u00e3o referentes ao ano de 2024.<br>O Inaf classifica o n\u00edvel de alfabetismo da popula\u00e7\u00e3o com base em um teste aplicado a uma amostra. A soma dos n\u00edveis mais baixos (analfabeto e rudimentar) representa o percentual do analfabetismo funcional. A soma dos n\u00edveis mais altos (intermedi\u00e1rio e proficiente) corresponde ao alfabetismo consolidado. E, o n\u00edvel elementar est\u00e1 no meio.<\/p>\n\n\n\n<div class=\"wp-block-image\"><figure class=\"aligncenter size-large\"><a href=\"https:\/\/www.cesconetto.com.br\/\"><img loading=\"lazy\" decoding=\"async\" width=\"300\" height=\"250\" src=\"https:\/\/jornalfatosenoticias.com.br\/wp-content\/uploads\/2020\/02\/Banner-2.png\" alt=\"\" class=\"wp-image-43787\"\/><\/a><\/figure><\/div>\n\n\n\n<p>Apesar de o Inaf ter constatado uma queda no n\u00edvel de analfabetismo funcional \u2014 que foi de 39% para 29% em 23 anos \u2014 os pesquisadores destacam a preocupa\u00e7\u00e3o com a const\u00e2ncia no n\u00edvel mais elevado de alfabetismo. O n\u00edvel proficiente vem oscilando em torno de 12% desde o in\u00edcio da s\u00e9rie hist\u00f3rica. Em 2024, esse percentual ficou em 10%. Dentre aqueles classificados pela escala Inaf no n\u00edvel proficiente de alfabetismo, 38% estudam ou estudaram at\u00e9 o ensino m\u00e9dio e mais da metade (54%) cursam ou cursaram a educa\u00e7\u00e3o superior.<\/p>\n\n\n\n<div class=\"wp-block-image\"><figure class=\"aligncenter size-large is-resized\"><a href=\"https:\/\/www.facebook.com\/profile.php?id=100069289606145\"><img loading=\"lazy\" decoding=\"async\" src=\"https:\/\/jornalfatosenoticias.com.br\/wp-content\/uploads\/2024\/11\/Guaitolini-Contabilidade-1024x714.jpeg\" alt=\"\" class=\"wp-image-55808\" width=\"340\" height=\"237\" srcset=\"https:\/\/jornalfatosenoticias.com.br\/wp-content\/uploads\/2024\/11\/Guaitolini-Contabilidade-1024x714.jpeg 1024w, https:\/\/jornalfatosenoticias.com.br\/wp-content\/uploads\/2024\/11\/Guaitolini-Contabilidade-300x209.jpeg 300w, https:\/\/jornalfatosenoticias.com.br\/wp-content\/uploads\/2024\/11\/Guaitolini-Contabilidade-768x535.jpeg 768w, https:\/\/jornalfatosenoticias.com.br\/wp-content\/uploads\/2024\/11\/Guaitolini-Contabilidade.jpeg 1280w\" sizes=\"auto, (max-width: 340px) 100vw, 340px\" \/><\/a><\/figure><\/div>\n\n\n\n<p>Pela classifica\u00e7\u00e3o do Inaf, al\u00e9m dos 29% dos brasileiros considerados analfabetos funcionais, a maior parte da popula\u00e7\u00e3o (36%) est\u00e1 no n\u00edvel elementar \u2014 que compreende textos de tamanho m\u00e9dio, faz pequenas interfer\u00eancias e soluciona problemas envolvendo as quatro opera\u00e7\u00f5es b\u00e1sicas da matem\u00e1tica. Outra fatia, de 35% da popula\u00e7\u00e3o, est\u00e1 no patamar de alfabetismo consolidado.<\/p>\n\n\n\n<div class=\"wp-block-image\"><figure class=\"aligncenter size-large is-resized\"><a href=\"https:\/\/www.facebook.com\/postobkr\/?locale=pt_BR\"><img loading=\"lazy\" decoding=\"async\" src=\"https:\/\/jornalfatosenoticias.com.br\/wp-content\/uploads\/2023\/08\/BKR-1024x1021.jpg\" alt=\"\" class=\"wp-image-44494\" width=\"287\" height=\"286\" srcset=\"https:\/\/jornalfatosenoticias.com.br\/wp-content\/uploads\/2023\/08\/BKR-1024x1021.jpg 1024w, https:\/\/jornalfatosenoticias.com.br\/wp-content\/uploads\/2023\/08\/BKR-300x300.jpg 300w, https:\/\/jornalfatosenoticias.com.br\/wp-content\/uploads\/2023\/08\/BKR-150x150.jpg 150w, https:\/\/jornalfatosenoticias.com.br\/wp-content\/uploads\/2023\/08\/BKR-768x766.jpg 768w, https:\/\/jornalfatosenoticias.com.br\/wp-content\/uploads\/2023\/08\/BKR.jpg 1080w\" sizes=\"auto, (max-width: 287px) 100vw, 287px\" \/><\/a><\/figure><\/div>\n\n\n\n<p><strong><span class=\"has-inline-color has-vivid-purple-color\">Aumentou o n\u00famero de jovens considerados analfabetos funcionais<br><\/span><\/strong>Ainda, segundo o levantamento, o percentual de jovens de 15 a 29 anos considerados analfabetos funcionais passou de 14% em 2028 para 16% em 2024. Os pesquisadores do Inaf atribu\u00edram o aumento \u00e0 pandemia, quando governadores e prefeitos fecharam escolas e muitos jovens ficaram sem aulas.<\/p>\n\n\n\n<div class=\"wp-block-image\"><figure class=\"aligncenter size-large is-resized\"><a href=\"https:\/\/www.legisjuris.com.br\/\"><img loading=\"lazy\" decoding=\"async\" src=\"https:\/\/jornalfatosenoticias.com.br\/wp-content\/uploads\/2024\/09\/Legis-Juris-Consultoria_logo.jpg\" alt=\"\" class=\"wp-image-53915\" width=\"442\" height=\"185\" srcset=\"https:\/\/jornalfatosenoticias.com.br\/wp-content\/uploads\/2024\/09\/Legis-Juris-Consultoria_logo.jpg 969w, https:\/\/jornalfatosenoticias.com.br\/wp-content\/uploads\/2024\/09\/Legis-Juris-Consultoria_logo-300x126.jpg 300w, https:\/\/jornalfatosenoticias.com.br\/wp-content\/uploads\/2024\/09\/Legis-Juris-Consultoria_logo-768x322.jpg 768w\" sizes=\"auto, (max-width: 442px) 100vw, 442px\" \/><\/a><\/figure><\/div>\n\n\n\n<p>Em rela\u00e7\u00e3o ao sexo, representando 51% da popula\u00e7\u00e3o entre os 15 e os 64 anos, as mulheres s\u00e3o minoria entre os analfabetos funcionais, refletindo sua maior escolaridade quando comparadas aos homens. J\u00e1 quando se analisam os n\u00edveis mais altos da escala Inaf, essa vantagem se reverte: elas representam 47% dos alfabetizados em n\u00edvel proficiente e eles, 53%.<\/p>\n\n\n\n<div class=\"wp-block-image\"><figure class=\"aligncenter size-large is-resized\"><a href=\"https:\/\/www.controlsystems.com.br\/\"><img loading=\"lazy\" decoding=\"async\" src=\"https:\/\/jornalfatosenoticias.com.br\/wp-content\/uploads\/2020\/02\/CONTROL-CS.jpg\" alt=\"\" class=\"wp-image-44991\" width=\"248\" height=\"298\" srcset=\"https:\/\/jornalfatosenoticias.com.br\/wp-content\/uploads\/2020\/02\/CONTROL-CS.jpg 834w, https:\/\/jornalfatosenoticias.com.br\/wp-content\/uploads\/2020\/02\/CONTROL-CS-250x300.jpg 250w, https:\/\/jornalfatosenoticias.com.br\/wp-content\/uploads\/2020\/02\/CONTROL-CS-768x921.jpg 768w\" sizes=\"auto, (max-width: 248px) 100vw, 248px\" \/><\/a><\/figure><\/div>\n\n\n\n<p><strong><span class=\"has-inline-color has-vivid-purple-color\">Analfabetismo por regi\u00e3o<br><\/span><\/strong>A regi\u00e3o com o maior percentual de analfabetos \u00e9 o Nordeste, com 13%. Se somado ao n\u00edvel rudimentar (29%), a regi\u00e3o tem 42% da popula\u00e7\u00e3o de analfabetos funcionais. O Nordeste tem 19% da popula\u00e7\u00e3o no n\u00edvel intermedi\u00e1rio e 8% no n\u00edvel proficiente, ou seja, somando os dois resultados, a regi\u00e3o tem 27% da popula\u00e7\u00e3o no patamar de alfabetismo consolidado.<\/p>\n\n\n\n<div class=\"wp-block-image\"><figure class=\"aligncenter size-large is-resized\"><a href=\"https:\/\/www.instagram.com\/gruposei\/\"><img loading=\"lazy\" decoding=\"async\" src=\"https:\/\/jornalfatosenoticias.com.br\/wp-content\/uploads\/2022\/07\/Logo-Grupo-SEI.jpg\" alt=\"\" class=\"wp-image-31973\" width=\"375\" height=\"197\" srcset=\"https:\/\/jornalfatosenoticias.com.br\/wp-content\/uploads\/2022\/07\/Logo-Grupo-SEI.jpg 713w, https:\/\/jornalfatosenoticias.com.br\/wp-content\/uploads\/2022\/07\/Logo-Grupo-SEI-300x158.jpg 300w\" sizes=\"auto, (max-width: 375px) 100vw, 375px\" \/><\/a><\/figure><\/div>\n\n\n\n<p>As regi\u00f5es Norte e Centro-Oeste t\u00eam juntas 22% de analfabetos funcionais, 43% no n\u00edvel elementar e 35% no n\u00edvel de alfabetismo consolidado. A regi\u00e3o Sul tem 35% de analfabetismo funcional, 31% no n\u00edvel elementar e 34% da popula\u00e7\u00e3o no n\u00edvel consolidado. O Sudeste tem 22% de analfabetismo funcional, 37% da popula\u00e7\u00e3o no n\u00edvel elementar e 40% no patamar de alfabetismo consolidado.<\/p>\n\n\n\n<div class=\"wp-block-image\"><figure class=\"aligncenter size-large is-resized\"><a href=\"https:\/\/www.instagram.com\/rcradiadores\/\"><img loading=\"lazy\" decoding=\"async\" src=\"https:\/\/jornalfatosenoticias.com.br\/wp-content\/uploads\/2022\/10\/RC_800x750_page-0001.jpg\" alt=\"\" class=\"wp-image-35338\" width=\"269\" height=\"252\" srcset=\"https:\/\/jornalfatosenoticias.com.br\/wp-content\/uploads\/2022\/10\/RC_800x750_page-0001.jpg 400w, https:\/\/jornalfatosenoticias.com.br\/wp-content\/uploads\/2022\/10\/RC_800x750_page-0001-300x281.jpg 300w\" sizes=\"auto, (max-width: 269px) 100vw, 269px\" \/><\/a><\/figure><\/div>\n\n\n\n<p><strong>Fonte: <a href=\"https:\/\/www.gazetadopovo.com.br\/vida-e-cidadania\/quase-30-dos-brasileiros-sao-analfabetos-funcionais-aponta-estudo\/\">Gazeta do Povo<\/a><\/strong><\/p>\n","protected":false},"excerpt":{"rendered":"<p>Segundo o estudo do Inaf, 29% dos brasileiros n\u00e3o sabem ler e escrever ou n\u00e3o conseguem compreender pequenas frases ou identificar n\u00fameros de telefones e pre\u00e7os Por Di\u00f3genes Freire Feitosa De acordo com dados do Indicador de Alfabetismo Funcional (Inaf), divulgados nesta segunda-feira (5), 29% dos brasileiros com idade entre 15 e 64 anos s\u00e3o [&hellip;]<\/p>\n","protected":false},"author":2,"featured_media":58972,"comment_status":"open","ping_status":"open","sticky":false,"template":"","format":"standard","meta":{"footnotes":""},"categories":[7],"tags":[3822,26920,345,1787,9651,3537,26919,330],"class_list":["post-58971","post","type-post","status-publish","format-standard","has-post-thumbnail","hentry","category-educacao","tag-analfabetismo","tag-analfabetos-funcionais","tag-educacao","tag-ensino","tag-ensino-medio","tag-governadores","tag-ler-e-escrever","tag-pandemia"],"yoast_head":"<!-- This site is optimized with the Yoast SEO plugin v26.5 - https:\/\/yoast.com\/wordpress\/plugins\/seo\/ -->\n<title>Quase 30% dos brasileiros s\u00e3o analfabetos funcionais, aponta estudo - Jornal Fatos e Not\u00edcias<\/title>\n<meta name=\"robots\" content=\"index, follow, max-snippet:-1, max-image-preview:large, max-video-preview:-1\" \/>\n<link rel=\"canonical\" href=\"https:\/\/jornalfatosenoticias.com.br\/index.php\/2025\/05\/06\/quase-30-dos-brasileiros-sao-analfabetos-funcionais-aponta-estudo\/\" \/>\n<meta property=\"og:locale\" content=\"pt_BR\" \/>\n<meta property=\"og:type\" content=\"article\" \/>\n<meta property=\"og:title\" content=\"Quase 30% dos brasileiros s\u00e3o analfabetos funcionais, aponta estudo - Jornal Fatos e Not\u00edcias\" \/>\n<meta property=\"og:description\" content=\"Segundo o estudo do Inaf, 29% dos brasileiros n\u00e3o sabem ler e escrever ou n\u00e3o conseguem compreender pequenas frases ou identificar n\u00fameros de telefones e pre\u00e7os Por Di\u00f3genes Freire Feitosa De acordo com dados do Indicador de Alfabetismo Funcional (Inaf), divulgados nesta segunda-feira (5), 29% dos brasileiros com idade entre 15 e 64 anos s\u00e3o [&hellip;]\" \/>\n<meta property=\"og:url\" content=\"https:\/\/jornalfatosenoticias.com.br\/index.php\/2025\/05\/06\/quase-30-dos-brasileiros-sao-analfabetos-funcionais-aponta-estudo\/\" \/>\n<meta property=\"og:site_name\" content=\"Jornal Fatos e Not\u00edcias\" \/>\n<meta property=\"article:published_time\" content=\"2025-05-06T17:15:07+00:00\" \/>\n<meta property=\"article:modified_time\" content=\"2025-05-06T17:15:08+00:00\" \/>\n<meta property=\"og:image\" content=\"https:\/\/jornalfatosenoticias.com.br\/wp-content\/uploads\/2025\/05\/analfabetismo-funcional_freepik.jpg\" \/>\n\t<meta property=\"og:image:width\" content=\"996\" \/>\n\t<meta property=\"og:image:height\" content=\"664\" \/>\n\t<meta property=\"og:image:type\" content=\"image\/jpeg\" \/>\n<meta name=\"author\" content=\"Luzimara Fernandes\" \/>\n<meta name=\"twitter:card\" content=\"summary_large_image\" \/>\n<meta name=\"twitter:label1\" content=\"Escrito por\" \/>\n\t<meta name=\"twitter:data1\" content=\"Luzimara Fernandes\" \/>\n\t<meta name=\"twitter:label2\" content=\"Est. tempo de leitura\" \/>\n\t<meta name=\"twitter:data2\" content=\"3 minutos\" \/>\n<script type=\"application\/ld+json\" class=\"yoast-schema-graph\">{\"@context\":\"https:\/\/schema.org\",\"@graph\":[{\"@type\":\"Article\",\"@id\":\"https:\/\/jornalfatosenoticias.com.br\/index.php\/2025\/05\/06\/quase-30-dos-brasileiros-sao-analfabetos-funcionais-aponta-estudo\/#article\",\"isPartOf\":{\"@id\":\"https:\/\/jornalfatosenoticias.com.br\/index.php\/2025\/05\/06\/quase-30-dos-brasileiros-sao-analfabetos-funcionais-aponta-estudo\/\"},\"author\":{\"name\":\"Luzimara Fernandes\",\"@id\":\"https:\/\/jornalfatosenoticias.com.br\/#\/schema\/person\/d63837fa13ac8666eb9e74e0985d6f81\"},\"headline\":\"Quase 30% dos brasileiros s\u00e3o analfabetos funcionais, aponta estudo\",\"datePublished\":\"2025-05-06T17:15:07+00:00\",\"dateModified\":\"2025-05-06T17:15:08+00:00\",\"mainEntityOfPage\":{\"@id\":\"https:\/\/jornalfatosenoticias.com.br\/index.php\/2025\/05\/06\/quase-30-dos-brasileiros-sao-analfabetos-funcionais-aponta-estudo\/\"},\"wordCount\":547,\"commentCount\":0,\"publisher\":{\"@id\":\"https:\/\/jornalfatosenoticias.com.br\/#organization\"},\"image\":{\"@id\":\"https:\/\/jornalfatosenoticias.com.br\/index.php\/2025\/05\/06\/quase-30-dos-brasileiros-sao-analfabetos-funcionais-aponta-estudo\/#primaryimage\"},\"thumbnailUrl\":\"https:\/\/jornalfatosenoticias.com.br\/wp-content\/uploads\/2025\/05\/analfabetismo-funcional_freepik.jpg\",\"keywords\":[\"analfabetismo\",\"analfabetos funcionais\",\"educa\u00e7\u00e3o\",\"ensino\",\"ensino m\u00e9dio\",\"governadores\",\"ler e escrever\",\"pandemia\"],\"articleSection\":[\"Educa\u00e7\u00e3o\"],\"inLanguage\":\"pt-BR\",\"potentialAction\":[{\"@type\":\"CommentAction\",\"name\":\"Comment\",\"target\":[\"https:\/\/jornalfatosenoticias.com.br\/index.php\/2025\/05\/06\/quase-30-dos-brasileiros-sao-analfabetos-funcionais-aponta-estudo\/#respond\"]}]},{\"@type\":\"WebPage\",\"@id\":\"https:\/\/jornalfatosenoticias.com.br\/index.php\/2025\/05\/06\/quase-30-dos-brasileiros-sao-analfabetos-funcionais-aponta-estudo\/\",\"url\":\"https:\/\/jornalfatosenoticias.com.br\/index.php\/2025\/05\/06\/quase-30-dos-brasileiros-sao-analfabetos-funcionais-aponta-estudo\/\",\"name\":\"Quase 30% dos brasileiros s\u00e3o analfabetos funcionais, aponta estudo - Jornal Fatos e Not\u00edcias\",\"isPartOf\":{\"@id\":\"https:\/\/jornalfatosenoticias.com.br\/#website\"},\"primaryImageOfPage\":{\"@id\":\"https:\/\/jornalfatosenoticias.com.br\/index.php\/2025\/05\/06\/quase-30-dos-brasileiros-sao-analfabetos-funcionais-aponta-estudo\/#primaryimage\"},\"image\":{\"@id\":\"https:\/\/jornalfatosenoticias.com.br\/index.php\/2025\/05\/06\/quase-30-dos-brasileiros-sao-analfabetos-funcionais-aponta-estudo\/#primaryimage\"},\"thumbnailUrl\":\"https:\/\/jornalfatosenoticias.com.br\/wp-content\/uploads\/2025\/05\/analfabetismo-funcional_freepik.jpg\",\"datePublished\":\"2025-05-06T17:15:07+00:00\",\"dateModified\":\"2025-05-06T17:15:08+00:00\",\"breadcrumb\":{\"@id\":\"https:\/\/jornalfatosenoticias.com.br\/index.php\/2025\/05\/06\/quase-30-dos-brasileiros-sao-analfabetos-funcionais-aponta-estudo\/#breadcrumb\"},\"inLanguage\":\"pt-BR\",\"potentialAction\":[{\"@type\":\"ReadAction\",\"target\":[\"https:\/\/jornalfatosenoticias.com.br\/index.php\/2025\/05\/06\/quase-30-dos-brasileiros-sao-analfabetos-funcionais-aponta-estudo\/\"]}]},{\"@type\":\"ImageObject\",\"inLanguage\":\"pt-BR\",\"@id\":\"https:\/\/jornalfatosenoticias.com.br\/index.php\/2025\/05\/06\/quase-30-dos-brasileiros-sao-analfabetos-funcionais-aponta-estudo\/#primaryimage\",\"url\":\"https:\/\/jornalfatosenoticias.com.br\/wp-content\/uploads\/2025\/05\/analfabetismo-funcional_freepik.jpg\",\"contentUrl\":\"https:\/\/jornalfatosenoticias.com.br\/wp-content\/uploads\/2025\/05\/analfabetismo-funcional_freepik.jpg\",\"width\":996,\"height\":664},{\"@type\":\"BreadcrumbList\",\"@id\":\"https:\/\/jornalfatosenoticias.com.br\/index.php\/2025\/05\/06\/quase-30-dos-brasileiros-sao-analfabetos-funcionais-aponta-estudo\/#breadcrumb\",\"itemListElement\":[{\"@type\":\"ListItem\",\"position\":1,\"name\":\"In\u00edcio\",\"item\":\"https:\/\/jornalfatosenoticias.com.br\/\"},{\"@type\":\"ListItem\",\"position\":2,\"name\":\"Quase 30% dos brasileiros s\u00e3o analfabetos funcionais, aponta estudo\"}]},{\"@type\":\"WebSite\",\"@id\":\"https:\/\/jornalfatosenoticias.com.br\/#website\",\"url\":\"https:\/\/jornalfatosenoticias.com.br\/\",\"name\":\"Jornal Fatos e Not\u00edcias\",\"description\":\"Not\u00edcias em geral\",\"publisher\":{\"@id\":\"https:\/\/jornalfatosenoticias.com.br\/#organization\"},\"potentialAction\":[{\"@type\":\"SearchAction\",\"target\":{\"@type\":\"EntryPoint\",\"urlTemplate\":\"https:\/\/jornalfatosenoticias.com.br\/?s={search_term_string}\"},\"query-input\":{\"@type\":\"PropertyValueSpecification\",\"valueRequired\":true,\"valueName\":\"search_term_string\"}}],\"inLanguage\":\"pt-BR\"},{\"@type\":\"Organization\",\"@id\":\"https:\/\/jornalfatosenoticias.com.br\/#organization\",\"name\":\"Jornal Fatos e Not\u00edcias\",\"url\":\"https:\/\/jornalfatosenoticias.com.br\/\",\"logo\":{\"@type\":\"ImageObject\",\"inLanguage\":\"pt-BR\",\"@id\":\"https:\/\/jornalfatosenoticias.com.br\/#\/schema\/logo\/image\/\",\"url\":\"https:\/\/jornalfatosenoticias.com.br\/wp-content\/uploads\/2020\/02\/logo120.png\",\"contentUrl\":\"https:\/\/jornalfatosenoticias.com.br\/wp-content\/uploads\/2020\/02\/logo120.png\",\"width\":1227,\"height\":120,\"caption\":\"Jornal Fatos e Not\u00edcias\"},\"image\":{\"@id\":\"https:\/\/jornalfatosenoticias.com.br\/#\/schema\/logo\/image\/\"}},{\"@type\":\"Person\",\"@id\":\"https:\/\/jornalfatosenoticias.com.br\/#\/schema\/person\/d63837fa13ac8666eb9e74e0985d6f81\",\"name\":\"Luzimara Fernandes\",\"image\":{\"@type\":\"ImageObject\",\"inLanguage\":\"pt-BR\",\"@id\":\"https:\/\/jornalfatosenoticias.com.br\/#\/schema\/person\/image\/\",\"url\":\"https:\/\/jornalfatosenoticias.com.br\/wp-content\/uploads\/2025\/05\/EU_portal.jpg\",\"contentUrl\":\"https:\/\/jornalfatosenoticias.com.br\/wp-content\/uploads\/2025\/05\/EU_portal.jpg\",\"caption\":\"Luzimara Fernandes\"},\"description\":\"Jornalista MTB 2358-ES\",\"sameAs\":[\"https:\/\/jornalfatosenoticias.com.br\"],\"url\":\"https:\/\/jornalfatosenoticias.com.br\/index.php\/author\/luzimara\/\"}]}<\/script>\n<!-- \/ Yoast SEO plugin. -->","yoast_head_json":{"title":"Quase 30% dos brasileiros s\u00e3o analfabetos funcionais, aponta estudo - Jornal Fatos e Not\u00edcias","robots":{"index":"index","follow":"follow","max-snippet":"max-snippet:-1","max-image-preview":"max-image-preview:large","max-video-preview":"max-video-preview:-1"},"canonical":"https:\/\/jornalfatosenoticias.com.br\/index.php\/2025\/05\/06\/quase-30-dos-brasileiros-sao-analfabetos-funcionais-aponta-estudo\/","og_locale":"pt_BR","og_type":"article","og_title":"Quase 30% dos brasileiros s\u00e3o analfabetos funcionais, aponta estudo - Jornal Fatos e Not\u00edcias","og_description":"Segundo o estudo do Inaf, 29% dos brasileiros n\u00e3o sabem ler e escrever ou n\u00e3o conseguem compreender pequenas frases ou identificar n\u00fameros de telefones e pre\u00e7os Por Di\u00f3genes Freire Feitosa De acordo com dados do Indicador de Alfabetismo Funcional (Inaf), divulgados nesta segunda-feira (5), 29% dos brasileiros com idade entre 15 e 64 anos s\u00e3o [&hellip;]","og_url":"https:\/\/jornalfatosenoticias.com.br\/index.php\/2025\/05\/06\/quase-30-dos-brasileiros-sao-analfabetos-funcionais-aponta-estudo\/","og_site_name":"Jornal Fatos e Not\u00edcias","article_published_time":"2025-05-06T17:15:07+00:00","article_modified_time":"2025-05-06T17:15:08+00:00","og_image":[{"width":996,"height":664,"url":"https:\/\/jornalfatosenoticias.com.br\/wp-content\/uploads\/2025\/05\/analfabetismo-funcional_freepik.jpg","type":"image\/jpeg"}],"author":"Luzimara Fernandes","twitter_card":"summary_large_image","twitter_misc":{"Escrito por":"Luzimara Fernandes","Est. tempo de leitura":"3 minutos"},"schema":{"@context":"https:\/\/schema.org","@graph":[{"@type":"Article","@id":"https:\/\/jornalfatosenoticias.com.br\/index.php\/2025\/05\/06\/quase-30-dos-brasileiros-sao-analfabetos-funcionais-aponta-estudo\/#article","isPartOf":{"@id":"https:\/\/jornalfatosenoticias.com.br\/index.php\/2025\/05\/06\/quase-30-dos-brasileiros-sao-analfabetos-funcionais-aponta-estudo\/"},"author":{"name":"Luzimara Fernandes","@id":"https:\/\/jornalfatosenoticias.com.br\/#\/schema\/person\/d63837fa13ac8666eb9e74e0985d6f81"},"headline":"Quase 30% dos brasileiros s\u00e3o analfabetos funcionais, aponta estudo","datePublished":"2025-05-06T17:15:07+00:00","dateModified":"2025-05-06T17:15:08+00:00","mainEntityOfPage":{"@id":"https:\/\/jornalfatosenoticias.com.br\/index.php\/2025\/05\/06\/quase-30-dos-brasileiros-sao-analfabetos-funcionais-aponta-estudo\/"},"wordCount":547,"commentCount":0,"publisher":{"@id":"https:\/\/jornalfatosenoticias.com.br\/#organization"},"image":{"@id":"https:\/\/jornalfatosenoticias.com.br\/index.php\/2025\/05\/06\/quase-30-dos-brasileiros-sao-analfabetos-funcionais-aponta-estudo\/#primaryimage"},"thumbnailUrl":"https:\/\/jornalfatosenoticias.com.br\/wp-content\/uploads\/2025\/05\/analfabetismo-funcional_freepik.jpg","keywords":["analfabetismo","analfabetos funcionais","educa\u00e7\u00e3o","ensino","ensino m\u00e9dio","governadores","ler e escrever","pandemia"],"articleSection":["Educa\u00e7\u00e3o"],"inLanguage":"pt-BR","potentialAction":[{"@type":"CommentAction","name":"Comment","target":["https:\/\/jornalfatosenoticias.com.br\/index.php\/2025\/05\/06\/quase-30-dos-brasileiros-sao-analfabetos-funcionais-aponta-estudo\/#respond"]}]},{"@type":"WebPage","@id":"https:\/\/jornalfatosenoticias.com.br\/index.php\/2025\/05\/06\/quase-30-dos-brasileiros-sao-analfabetos-funcionais-aponta-estudo\/","url":"https:\/\/jornalfatosenoticias.com.br\/index.php\/2025\/05\/06\/quase-30-dos-brasileiros-sao-analfabetos-funcionais-aponta-estudo\/","name":"Quase 30% dos brasileiros s\u00e3o analfabetos funcionais, aponta estudo - Jornal Fatos e Not\u00edcias","isPartOf":{"@id":"https:\/\/jornalfatosenoticias.com.br\/#website"},"primaryImageOfPage":{"@id":"https:\/\/jornalfatosenoticias.com.br\/index.php\/2025\/05\/06\/quase-30-dos-brasileiros-sao-analfabetos-funcionais-aponta-estudo\/#primaryimage"},"image":{"@id":"https:\/\/jornalfatosenoticias.com.br\/index.php\/2025\/05\/06\/quase-30-dos-brasileiros-sao-analfabetos-funcionais-aponta-estudo\/#primaryimage"},"thumbnailUrl":"https:\/\/jornalfatosenoticias.com.br\/wp-content\/uploads\/2025\/05\/analfabetismo-funcional_freepik.jpg","datePublished":"2025-05-06T17:15:07+00:00","dateModified":"2025-05-06T17:15:08+00:00","breadcrumb":{"@id":"https:\/\/jornalfatosenoticias.com.br\/index.php\/2025\/05\/06\/quase-30-dos-brasileiros-sao-analfabetos-funcionais-aponta-estudo\/#breadcrumb"},"inLanguage":"pt-BR","potentialAction":[{"@type":"ReadAction","target":["https:\/\/jornalfatosenoticias.com.br\/index.php\/2025\/05\/06\/quase-30-dos-brasileiros-sao-analfabetos-funcionais-aponta-estudo\/"]}]},{"@type":"ImageObject","inLanguage":"pt-BR","@id":"https:\/\/jornalfatosenoticias.com.br\/index.php\/2025\/05\/06\/quase-30-dos-brasileiros-sao-analfabetos-funcionais-aponta-estudo\/#primaryimage","url":"https:\/\/jornalfatosenoticias.com.br\/wp-content\/uploads\/2025\/05\/analfabetismo-funcional_freepik.jpg","contentUrl":"https:\/\/jornalfatosenoticias.com.br\/wp-content\/uploads\/2025\/05\/analfabetismo-funcional_freepik.jpg","width":996,"height":664},{"@type":"BreadcrumbList","@id":"https:\/\/jornalfatosenoticias.com.br\/index.php\/2025\/05\/06\/quase-30-dos-brasileiros-sao-analfabetos-funcionais-aponta-estudo\/#breadcrumb","itemListElement":[{"@type":"ListItem","position":1,"name":"In\u00edcio","item":"https:\/\/jornalfatosenoticias.com.br\/"},{"@type":"ListItem","position":2,"name":"Quase 30% dos brasileiros s\u00e3o analfabetos funcionais, aponta estudo"}]},{"@type":"WebSite","@id":"https:\/\/jornalfatosenoticias.com.br\/#website","url":"https:\/\/jornalfatosenoticias.com.br\/","name":"Jornal Fatos e Not\u00edcias","description":"Not\u00edcias em geral","publisher":{"@id":"https:\/\/jornalfatosenoticias.com.br\/#organization"},"potentialAction":[{"@type":"SearchAction","target":{"@type":"EntryPoint","urlTemplate":"https:\/\/jornalfatosenoticias.com.br\/?s={search_term_string}"},"query-input":{"@type":"PropertyValueSpecification","valueRequired":true,"valueName":"search_term_string"}}],"inLanguage":"pt-BR"},{"@type":"Organization","@id":"https:\/\/jornalfatosenoticias.com.br\/#organization","name":"Jornal Fatos e Not\u00edcias","url":"https:\/\/jornalfatosenoticias.com.br\/","logo":{"@type":"ImageObject","inLanguage":"pt-BR","@id":"https:\/\/jornalfatosenoticias.com.br\/#\/schema\/logo\/image\/","url":"https:\/\/jornalfatosenoticias.com.br\/wp-content\/uploads\/2020\/02\/logo120.png","contentUrl":"https:\/\/jornalfatosenoticias.com.br\/wp-content\/uploads\/2020\/02\/logo120.png","width":1227,"height":120,"caption":"Jornal Fatos e Not\u00edcias"},"image":{"@id":"https:\/\/jornalfatosenoticias.com.br\/#\/schema\/logo\/image\/"}},{"@type":"Person","@id":"https:\/\/jornalfatosenoticias.com.br\/#\/schema\/person\/d63837fa13ac8666eb9e74e0985d6f81","name":"Luzimara Fernandes","image":{"@type":"ImageObject","inLanguage":"pt-BR","@id":"https:\/\/jornalfatosenoticias.com.br\/#\/schema\/person\/image\/","url":"https:\/\/jornalfatosenoticias.com.br\/wp-content\/uploads\/2025\/05\/EU_portal.jpg","contentUrl":"https:\/\/jornalfatosenoticias.com.br\/wp-content\/uploads\/2025\/05\/EU_portal.jpg","caption":"Luzimara Fernandes"},"description":"Jornalista MTB 2358-ES","sameAs":["https:\/\/jornalfatosenoticias.com.br"],"url":"https:\/\/jornalfatosenoticias.com.br\/index.php\/author\/luzimara\/"}]}},"cc_featured_image_caption":{"caption_text":"(Foto: Freepik) ","source_text":"","source_url":""},"jetpack_featured_media_url":"https:\/\/jornalfatosenoticias.com.br\/wp-content\/uploads\/2025\/05\/analfabetismo-funcional_freepik.jpg","_links":{"self":[{"href":"https:\/\/jornalfatosenoticias.com.br\/index.php\/wp-json\/wp\/v2\/posts\/58971","targetHints":{"allow":["GET"]}}],"collection":[{"href":"https:\/\/jornalfatosenoticias.com.br\/index.php\/wp-json\/wp\/v2\/posts"}],"about":[{"href":"https:\/\/jornalfatosenoticias.com.br\/index.php\/wp-json\/wp\/v2\/types\/post"}],"author":[{"embeddable":true,"href":"https:\/\/jornalfatosenoticias.com.br\/index.php\/wp-json\/wp\/v2\/users\/2"}],"replies":[{"embeddable":true,"href":"https:\/\/jornalfatosenoticias.com.br\/index.php\/wp-json\/wp\/v2\/comments?post=58971"}],"version-history":[{"count":0,"href":"https:\/\/jornalfatosenoticias.com.br\/index.php\/wp-json\/wp\/v2\/posts\/58971\/revisions"}],"wp:featuredmedia":[{"embeddable":true,"href":"https:\/\/jornalfatosenoticias.com.br\/index.php\/wp-json\/wp\/v2\/media\/58972"}],"wp:attachment":[{"href":"https:\/\/jornalfatosenoticias.com.br\/index.php\/wp-json\/wp\/v2\/media?parent=58971"}],"wp:term":[{"taxonomy":"category","embeddable":true,"href":"https:\/\/jornalfatosenoticias.com.br\/index.php\/wp-json\/wp\/v2\/categories?post=58971"},{"taxonomy":"post_tag","embeddable":true,"href":"https:\/\/jornalfatosenoticias.com.br\/index.php\/wp-json\/wp\/v2\/tags?post=58971"}],"curies":[{"name":"wp","href":"https:\/\/api.w.org\/{rel}","templated":true}]}}