{"id":58981,"date":"2025-05-06T14:44:42","date_gmt":"2025-05-06T17:44:42","guid":{"rendered":"https:\/\/jornalfatosenoticias.com.br\/?p=58981"},"modified":"2025-05-06T14:44:43","modified_gmt":"2025-05-06T17:44:43","slug":"adolescentes-reconhecem-efeitos-negativos-das-redes-sociais-diz-estudo","status":"publish","type":"post","link":"https:\/\/jornalfatosenoticias.com.br\/index.php\/2025\/05\/06\/adolescentes-reconhecem-efeitos-negativos-das-redes-sociais-diz-estudo\/","title":{"rendered":"Adolescentes reconhecem efeitos negativos das redes sociais, diz estudo"},"content":{"rendered":"\n<p><em><span class=\"has-inline-color has-black-color\">Aumento na percep\u00e7\u00e3o negativa das redes sociais entre adolescentes e levanta preocupa\u00e7\u00f5es sobre sa\u00fade mental<\/span><\/em><\/p>\n\n\n\n<p><span class=\"has-inline-color has-black-color\">Por\u00a0<a href=\"https:\/\/olhardigital.com.br\/author\/leandro-costa\/\"><strong>Leandro Costa Criscuolo<\/strong><\/a><\/span><\/p>\n\n\n\n<div class=\"wp-block-image\"><figure class=\"aligncenter size-large\"><a href=\"https:\/\/mizu.com.br\/\"><img loading=\"lazy\" decoding=\"async\" width=\"729\" height=\"90\" src=\"https:\/\/jornalfatosenoticias.com.br\/wp-content\/uploads\/2020\/02\/Logo_Mizu.png\" alt=\"\" class=\"wp-image-1441\" srcset=\"https:\/\/jornalfatosenoticias.com.br\/wp-content\/uploads\/2020\/02\/Logo_Mizu.png 729w, https:\/\/jornalfatosenoticias.com.br\/wp-content\/uploads\/2020\/02\/Logo_Mizu-300x37.png 300w\" sizes=\"auto, (max-width: 729px) 100vw, 729px\" \/><\/a><\/figure><\/div>\n\n\n\n<p>O uso de <strong><a href=\"https:\/\/olhardigital.com.br\/tag\/redes-sociais\/\" target=\"_blank\" rel=\"noreferrer noopener\">m\u00eddias sociais<\/a><\/strong> por adolescentes continua gerando preocupa\u00e7\u00f5es entre pais, educadores e autoridades. Um novo <strong><a href=\"https:\/\/www.pewresearch.org\/internet\/2025\/04\/22\/teens-social-media-and-mental-health\/\" target=\"_blank\" rel=\"noreferrer noopener\">relat\u00f3rio<\/a><\/strong> do Pew Research Center revela que quase metade dos adolescentes americanos acredita que as redes sociais t\u00eam um impacto majoritariamente negativo sobre sua gera\u00e7\u00e3o \u2014 e muitos est\u00e3o tentando reduzir o tempo de uso.<br>Esses dados refor\u00e7am pesquisas anteriores que apontam uma liga\u00e7\u00e3o mais forte entre redes sociais e problemas de sa\u00fade mental em meninas adolescentes. Documentos internos da Meta, por exemplo, mostraram que o Instagram afeta negativamente a imagem corporal de uma em cada tr\u00eas adolescentes.<\/p>\n\n\n\n<div class=\"wp-block-image\"><figure class=\"aligncenter size-large is-resized\"><a href=\"https:\/\/www.instagram.com\/esteiochurrascaria\/\"><img loading=\"lazy\" decoding=\"async\" src=\"https:\/\/jornalfatosenoticias.com.br\/wp-content\/uploads\/2022\/02\/LOGO-ESTEIO-1024x730.png\" alt=\"\" class=\"wp-image-27942\" width=\"309\" height=\"220\" srcset=\"https:\/\/jornalfatosenoticias.com.br\/wp-content\/uploads\/2022\/02\/LOGO-ESTEIO-1024x730.png 1024w, https:\/\/jornalfatosenoticias.com.br\/wp-content\/uploads\/2022\/02\/LOGO-ESTEIO-300x214.png 300w, https:\/\/jornalfatosenoticias.com.br\/wp-content\/uploads\/2022\/02\/LOGO-ESTEIO-768x548.png 768w, https:\/\/jornalfatosenoticias.com.br\/wp-content\/uploads\/2022\/02\/LOGO-ESTEIO.png 1123w\" sizes=\"auto, (max-width: 309px) 100vw, 309px\" \/><\/a><\/figure><\/div>\n\n\n\n<p>Enquanto isso, pais continuam mais preocupados que os pr\u00f3prios filhos. Quase 90% se dizem preocupados com a sa\u00fade mental dos adolescentes, e 44% apontam as redes sociais como principal causa de preju\u00edzo emocional \u2014 propor\u00e7\u00e3o bem maior que os 22% entre os pr\u00f3prios jovens.<\/p>\n\n\n\n<div class=\"wp-block-image\"><figure class=\"aligncenter size-large is-resized\"><a href=\"https:\/\/hotelmarquetti.com.br\/\"><img loading=\"lazy\" decoding=\"async\" src=\"https:\/\/jornalfatosenoticias.com.br\/wp-content\/uploads\/2020\/02\/LOGO-MQ-1024x680.jpg\" alt=\"\" class=\"wp-image-58299\" width=\"301\" height=\"200\" srcset=\"https:\/\/jornalfatosenoticias.com.br\/wp-content\/uploads\/2020\/02\/LOGO-MQ-1024x680.jpg 1024w, https:\/\/jornalfatosenoticias.com.br\/wp-content\/uploads\/2020\/02\/LOGO-MQ-300x199.jpg 300w, https:\/\/jornalfatosenoticias.com.br\/wp-content\/uploads\/2020\/02\/LOGO-MQ-768x510.jpg 768w, https:\/\/jornalfatosenoticias.com.br\/wp-content\/uploads\/2020\/02\/LOGO-MQ-1536x1020.jpg 1536w, https:\/\/jornalfatosenoticias.com.br\/wp-content\/uploads\/2020\/02\/LOGO-MQ-2048x1360.jpg 2048w\" sizes=\"auto, (max-width: 301px) 100vw, 301px\" \/><\/a><\/figure><\/div>\n\n\n\n<p>Apesar das cr\u00edticas, as redes sociais tamb\u00e9m t\u00eam aspectos positivos. Cerca de 60% dos adolescentes dizem que as plataformas ajudam a expressar sua criatividade e a manter contato com os amigos. Diante desses dados, cresce o debate sobre pol\u00edticas de regula\u00e7\u00e3o. Pa\u00edses como Austr\u00e1lia e estados americanos como Utah j\u00e1 adotaram leis que limitam o acesso de menores \u00e0s redes, e autoridades seguem pressionando empresas como a Meta por mais responsabilidade e prote\u00e7\u00e3o aos jovens usu\u00e1rios.<\/p>\n\n\n\n<div class=\"wp-block-image\"><figure class=\"aligncenter size-large is-resized\"><a href=\"https:\/\/www.instagram.com\/restaurantepegoretti\/\"><img loading=\"lazy\" decoding=\"async\" src=\"https:\/\/jornalfatosenoticias.com.br\/wp-content\/uploads\/2023\/12\/pegoretti-logo-pdf-1024x389.jpg\" alt=\"\" class=\"wp-image-47536\" width=\"514\" height=\"195\" srcset=\"https:\/\/jornalfatosenoticias.com.br\/wp-content\/uploads\/2023\/12\/pegoretti-logo-pdf-1024x389.jpg 1024w, https:\/\/jornalfatosenoticias.com.br\/wp-content\/uploads\/2023\/12\/pegoretti-logo-pdf-300x114.jpg 300w, https:\/\/jornalfatosenoticias.com.br\/wp-content\/uploads\/2023\/12\/pegoretti-logo-pdf-768x291.jpg 768w, https:\/\/jornalfatosenoticias.com.br\/wp-content\/uploads\/2023\/12\/pegoretti-logo-pdf.jpg 1120w\" sizes=\"auto, (max-width: 514px) 100vw, 514px\" \/><\/a><\/figure><\/div>\n\n\n\n<p><strong>Fonte: <a href=\"https:\/\/olhardigital.com.br\/2025\/04\/22\/internet-e-redes-sociais\/adolescentes-reconhecem-efeitos-negativos-das-redes-sociais-diz-estudo\/\">Olhar Digital<\/a><\/strong><\/p>\n","protected":false},"excerpt":{"rendered":"<p>Aumento na percep\u00e7\u00e3o negativa das redes sociais entre adolescentes e levanta preocupa\u00e7\u00f5es sobre sa\u00fade mental Por\u00a0Leandro Costa Criscuolo O uso de m\u00eddias sociais por adolescentes continua gerando preocupa\u00e7\u00f5es entre pais, educadores e autoridades. Um novo relat\u00f3rio do Pew Research Center revela que quase metade dos adolescentes americanos acredita que as redes sociais t\u00eam um impacto [&hellip;]<\/p>\n","protected":false},"author":2,"featured_media":58982,"comment_status":"open","ping_status":"open","sticky":false,"template":"","format":"standard","meta":{"footnotes":""},"categories":[2522],"tags":[2811,3498,8114,1563,688],"class_list":["post-58981","post","type-post","status-publish","format-standard","has-post-thumbnail","hentry","category-comportamento","tag-adolescentes","tag-jovens","tag-midias-sociais","tag-redes-sociais","tag-saude-mental"],"yoast_head":"<!-- This site is optimized with the Yoast SEO plugin v26.5 - https:\/\/yoast.com\/wordpress\/plugins\/seo\/ -->\n<title>Adolescentes reconhecem efeitos negativos das redes sociais, diz estudo - Jornal Fatos e Not\u00edcias<\/title>\n<meta name=\"robots\" content=\"index, follow, max-snippet:-1, max-image-preview:large, max-video-preview:-1\" \/>\n<link rel=\"canonical\" href=\"https:\/\/jornalfatosenoticias.com.br\/index.php\/2025\/05\/06\/adolescentes-reconhecem-efeitos-negativos-das-redes-sociais-diz-estudo\/\" \/>\n<meta property=\"og:locale\" content=\"pt_BR\" \/>\n<meta property=\"og:type\" content=\"article\" \/>\n<meta property=\"og:title\" content=\"Adolescentes reconhecem efeitos negativos das redes sociais, diz estudo - Jornal Fatos e Not\u00edcias\" \/>\n<meta property=\"og:description\" content=\"Aumento na percep\u00e7\u00e3o negativa das redes sociais entre adolescentes e levanta preocupa\u00e7\u00f5es sobre sa\u00fade mental Por\u00a0Leandro Costa Criscuolo O uso de m\u00eddias sociais por adolescentes continua gerando preocupa\u00e7\u00f5es entre pais, educadores e autoridades. Um novo relat\u00f3rio do Pew Research Center revela que quase metade dos adolescentes americanos acredita que as redes sociais t\u00eam um impacto [&hellip;]\" \/>\n<meta property=\"og:url\" content=\"https:\/\/jornalfatosenoticias.com.br\/index.php\/2025\/05\/06\/adolescentes-reconhecem-efeitos-negativos-das-redes-sociais-diz-estudo\/\" \/>\n<meta property=\"og:site_name\" content=\"Jornal Fatos e Not\u00edcias\" \/>\n<meta property=\"article:published_time\" content=\"2025-05-06T17:44:42+00:00\" \/>\n<meta property=\"article:modified_time\" content=\"2025-05-06T17:44:43+00:00\" \/>\n<meta property=\"og:image\" content=\"https:\/\/jornalfatosenoticias.com.br\/wp-content\/uploads\/2025\/05\/ADOLESCENTES-REDES-SOCIAIS_FREEPIK.jpg\" \/>\n\t<meta property=\"og:image:width\" content=\"996\" \/>\n\t<meta property=\"og:image:height\" content=\"664\" \/>\n\t<meta property=\"og:image:type\" content=\"image\/jpeg\" \/>\n<meta name=\"author\" content=\"Luzimara Fernandes\" \/>\n<meta name=\"twitter:card\" content=\"summary_large_image\" \/>\n<meta name=\"twitter:label1\" content=\"Escrito por\" \/>\n\t<meta name=\"twitter:data1\" content=\"Luzimara Fernandes\" \/>\n\t<meta name=\"twitter:label2\" content=\"Est. tempo de leitura\" \/>\n\t<meta name=\"twitter:data2\" content=\"1 minuto\" \/>\n<script type=\"application\/ld+json\" class=\"yoast-schema-graph\">{\"@context\":\"https:\/\/schema.org\",\"@graph\":[{\"@type\":\"Article\",\"@id\":\"https:\/\/jornalfatosenoticias.com.br\/index.php\/2025\/05\/06\/adolescentes-reconhecem-efeitos-negativos-das-redes-sociais-diz-estudo\/#article\",\"isPartOf\":{\"@id\":\"https:\/\/jornalfatosenoticias.com.br\/index.php\/2025\/05\/06\/adolescentes-reconhecem-efeitos-negativos-das-redes-sociais-diz-estudo\/\"},\"author\":{\"name\":\"Luzimara Fernandes\",\"@id\":\"https:\/\/jornalfatosenoticias.com.br\/#\/schema\/person\/d63837fa13ac8666eb9e74e0985d6f81\"},\"headline\":\"Adolescentes reconhecem efeitos negativos das redes sociais, diz estudo\",\"datePublished\":\"2025-05-06T17:44:42+00:00\",\"dateModified\":\"2025-05-06T17:44:43+00:00\",\"mainEntityOfPage\":{\"@id\":\"https:\/\/jornalfatosenoticias.com.br\/index.php\/2025\/05\/06\/adolescentes-reconhecem-efeitos-negativos-das-redes-sociais-diz-estudo\/\"},\"wordCount\":267,\"commentCount\":0,\"publisher\":{\"@id\":\"https:\/\/jornalfatosenoticias.com.br\/#organization\"},\"image\":{\"@id\":\"https:\/\/jornalfatosenoticias.com.br\/index.php\/2025\/05\/06\/adolescentes-reconhecem-efeitos-negativos-das-redes-sociais-diz-estudo\/#primaryimage\"},\"thumbnailUrl\":\"https:\/\/jornalfatosenoticias.com.br\/wp-content\/uploads\/2025\/05\/ADOLESCENTES-REDES-SOCIAIS_FREEPIK.jpg\",\"keywords\":[\"adolescentes\",\"jovens\",\"m\u00eddias sociais\",\"redes sociais\",\"sa\u00fade mental\"],\"articleSection\":[\"Comportamento &amp; Equil\u00edbrio\"],\"inLanguage\":\"pt-BR\",\"potentialAction\":[{\"@type\":\"CommentAction\",\"name\":\"Comment\",\"target\":[\"https:\/\/jornalfatosenoticias.com.br\/index.php\/2025\/05\/06\/adolescentes-reconhecem-efeitos-negativos-das-redes-sociais-diz-estudo\/#respond\"]}]},{\"@type\":\"WebPage\",\"@id\":\"https:\/\/jornalfatosenoticias.com.br\/index.php\/2025\/05\/06\/adolescentes-reconhecem-efeitos-negativos-das-redes-sociais-diz-estudo\/\",\"url\":\"https:\/\/jornalfatosenoticias.com.br\/index.php\/2025\/05\/06\/adolescentes-reconhecem-efeitos-negativos-das-redes-sociais-diz-estudo\/\",\"name\":\"Adolescentes reconhecem efeitos negativos das redes sociais, diz estudo - Jornal Fatos e Not\u00edcias\",\"isPartOf\":{\"@id\":\"https:\/\/jornalfatosenoticias.com.br\/#website\"},\"primaryImageOfPage\":{\"@id\":\"https:\/\/jornalfatosenoticias.com.br\/index.php\/2025\/05\/06\/adolescentes-reconhecem-efeitos-negativos-das-redes-sociais-diz-estudo\/#primaryimage\"},\"image\":{\"@id\":\"https:\/\/jornalfatosenoticias.com.br\/index.php\/2025\/05\/06\/adolescentes-reconhecem-efeitos-negativos-das-redes-sociais-diz-estudo\/#primaryimage\"},\"thumbnailUrl\":\"https:\/\/jornalfatosenoticias.com.br\/wp-content\/uploads\/2025\/05\/ADOLESCENTES-REDES-SOCIAIS_FREEPIK.jpg\",\"datePublished\":\"2025-05-06T17:44:42+00:00\",\"dateModified\":\"2025-05-06T17:44:43+00:00\",\"breadcrumb\":{\"@id\":\"https:\/\/jornalfatosenoticias.com.br\/index.php\/2025\/05\/06\/adolescentes-reconhecem-efeitos-negativos-das-redes-sociais-diz-estudo\/#breadcrumb\"},\"inLanguage\":\"pt-BR\",\"potentialAction\":[{\"@type\":\"ReadAction\",\"target\":[\"https:\/\/jornalfatosenoticias.com.br\/index.php\/2025\/05\/06\/adolescentes-reconhecem-efeitos-negativos-das-redes-sociais-diz-estudo\/\"]}]},{\"@type\":\"ImageObject\",\"inLanguage\":\"pt-BR\",\"@id\":\"https:\/\/jornalfatosenoticias.com.br\/index.php\/2025\/05\/06\/adolescentes-reconhecem-efeitos-negativos-das-redes-sociais-diz-estudo\/#primaryimage\",\"url\":\"https:\/\/jornalfatosenoticias.com.br\/wp-content\/uploads\/2025\/05\/ADOLESCENTES-REDES-SOCIAIS_FREEPIK.jpg\",\"contentUrl\":\"https:\/\/jornalfatosenoticias.com.br\/wp-content\/uploads\/2025\/05\/ADOLESCENTES-REDES-SOCIAIS_FREEPIK.jpg\",\"width\":996,\"height\":664},{\"@type\":\"BreadcrumbList\",\"@id\":\"https:\/\/jornalfatosenoticias.com.br\/index.php\/2025\/05\/06\/adolescentes-reconhecem-efeitos-negativos-das-redes-sociais-diz-estudo\/#breadcrumb\",\"itemListElement\":[{\"@type\":\"ListItem\",\"position\":1,\"name\":\"In\u00edcio\",\"item\":\"https:\/\/jornalfatosenoticias.com.br\/\"},{\"@type\":\"ListItem\",\"position\":2,\"name\":\"Adolescentes reconhecem efeitos negativos das redes sociais, diz estudo\"}]},{\"@type\":\"WebSite\",\"@id\":\"https:\/\/jornalfatosenoticias.com.br\/#website\",\"url\":\"https:\/\/jornalfatosenoticias.com.br\/\",\"name\":\"Jornal Fatos e Not\u00edcias\",\"description\":\"Not\u00edcias em geral\",\"publisher\":{\"@id\":\"https:\/\/jornalfatosenoticias.com.br\/#organization\"},\"potentialAction\":[{\"@type\":\"SearchAction\",\"target\":{\"@type\":\"EntryPoint\",\"urlTemplate\":\"https:\/\/jornalfatosenoticias.com.br\/?s={search_term_string}\"},\"query-input\":{\"@type\":\"PropertyValueSpecification\",\"valueRequired\":true,\"valueName\":\"search_term_string\"}}],\"inLanguage\":\"pt-BR\"},{\"@type\":\"Organization\",\"@id\":\"https:\/\/jornalfatosenoticias.com.br\/#organization\",\"name\":\"Jornal Fatos e Not\u00edcias\",\"url\":\"https:\/\/jornalfatosenoticias.com.br\/\",\"logo\":{\"@type\":\"ImageObject\",\"inLanguage\":\"pt-BR\",\"@id\":\"https:\/\/jornalfatosenoticias.com.br\/#\/schema\/logo\/image\/\",\"url\":\"https:\/\/jornalfatosenoticias.com.br\/wp-content\/uploads\/2020\/02\/logo120.png\",\"contentUrl\":\"https:\/\/jornalfatosenoticias.com.br\/wp-content\/uploads\/2020\/02\/logo120.png\",\"width\":1227,\"height\":120,\"caption\":\"Jornal Fatos e Not\u00edcias\"},\"image\":{\"@id\":\"https:\/\/jornalfatosenoticias.com.br\/#\/schema\/logo\/image\/\"}},{\"@type\":\"Person\",\"@id\":\"https:\/\/jornalfatosenoticias.com.br\/#\/schema\/person\/d63837fa13ac8666eb9e74e0985d6f81\",\"name\":\"Luzimara Fernandes\",\"image\":{\"@type\":\"ImageObject\",\"inLanguage\":\"pt-BR\",\"@id\":\"https:\/\/jornalfatosenoticias.com.br\/#\/schema\/person\/image\/\",\"url\":\"https:\/\/jornalfatosenoticias.com.br\/wp-content\/uploads\/2025\/05\/EU_portal.jpg\",\"contentUrl\":\"https:\/\/jornalfatosenoticias.com.br\/wp-content\/uploads\/2025\/05\/EU_portal.jpg\",\"caption\":\"Luzimara Fernandes\"},\"description\":\"Jornalista MTB 2358-ES\",\"sameAs\":[\"https:\/\/jornalfatosenoticias.com.br\"],\"url\":\"https:\/\/jornalfatosenoticias.com.br\/index.php\/author\/luzimara\/\"}]}<\/script>\n<!-- \/ Yoast SEO plugin. -->","yoast_head_json":{"title":"Adolescentes reconhecem efeitos negativos das redes sociais, diz estudo - Jornal Fatos e Not\u00edcias","robots":{"index":"index","follow":"follow","max-snippet":"max-snippet:-1","max-image-preview":"max-image-preview:large","max-video-preview":"max-video-preview:-1"},"canonical":"https:\/\/jornalfatosenoticias.com.br\/index.php\/2025\/05\/06\/adolescentes-reconhecem-efeitos-negativos-das-redes-sociais-diz-estudo\/","og_locale":"pt_BR","og_type":"article","og_title":"Adolescentes reconhecem efeitos negativos das redes sociais, diz estudo - Jornal Fatos e Not\u00edcias","og_description":"Aumento na percep\u00e7\u00e3o negativa das redes sociais entre adolescentes e levanta preocupa\u00e7\u00f5es sobre sa\u00fade mental Por\u00a0Leandro Costa Criscuolo O uso de m\u00eddias sociais por adolescentes continua gerando preocupa\u00e7\u00f5es entre pais, educadores e autoridades. Um novo relat\u00f3rio do Pew Research Center revela que quase metade dos adolescentes americanos acredita que as redes sociais t\u00eam um impacto [&hellip;]","og_url":"https:\/\/jornalfatosenoticias.com.br\/index.php\/2025\/05\/06\/adolescentes-reconhecem-efeitos-negativos-das-redes-sociais-diz-estudo\/","og_site_name":"Jornal Fatos e Not\u00edcias","article_published_time":"2025-05-06T17:44:42+00:00","article_modified_time":"2025-05-06T17:44:43+00:00","og_image":[{"width":996,"height":664,"url":"https:\/\/jornalfatosenoticias.com.br\/wp-content\/uploads\/2025\/05\/ADOLESCENTES-REDES-SOCIAIS_FREEPIK.jpg","type":"image\/jpeg"}],"author":"Luzimara Fernandes","twitter_card":"summary_large_image","twitter_misc":{"Escrito por":"Luzimara Fernandes","Est. tempo de leitura":"1 minuto"},"schema":{"@context":"https:\/\/schema.org","@graph":[{"@type":"Article","@id":"https:\/\/jornalfatosenoticias.com.br\/index.php\/2025\/05\/06\/adolescentes-reconhecem-efeitos-negativos-das-redes-sociais-diz-estudo\/#article","isPartOf":{"@id":"https:\/\/jornalfatosenoticias.com.br\/index.php\/2025\/05\/06\/adolescentes-reconhecem-efeitos-negativos-das-redes-sociais-diz-estudo\/"},"author":{"name":"Luzimara Fernandes","@id":"https:\/\/jornalfatosenoticias.com.br\/#\/schema\/person\/d63837fa13ac8666eb9e74e0985d6f81"},"headline":"Adolescentes reconhecem efeitos negativos das redes sociais, diz estudo","datePublished":"2025-05-06T17:44:42+00:00","dateModified":"2025-05-06T17:44:43+00:00","mainEntityOfPage":{"@id":"https:\/\/jornalfatosenoticias.com.br\/index.php\/2025\/05\/06\/adolescentes-reconhecem-efeitos-negativos-das-redes-sociais-diz-estudo\/"},"wordCount":267,"commentCount":0,"publisher":{"@id":"https:\/\/jornalfatosenoticias.com.br\/#organization"},"image":{"@id":"https:\/\/jornalfatosenoticias.com.br\/index.php\/2025\/05\/06\/adolescentes-reconhecem-efeitos-negativos-das-redes-sociais-diz-estudo\/#primaryimage"},"thumbnailUrl":"https:\/\/jornalfatosenoticias.com.br\/wp-content\/uploads\/2025\/05\/ADOLESCENTES-REDES-SOCIAIS_FREEPIK.jpg","keywords":["adolescentes","jovens","m\u00eddias sociais","redes sociais","sa\u00fade mental"],"articleSection":["Comportamento &amp; Equil\u00edbrio"],"inLanguage":"pt-BR","potentialAction":[{"@type":"CommentAction","name":"Comment","target":["https:\/\/jornalfatosenoticias.com.br\/index.php\/2025\/05\/06\/adolescentes-reconhecem-efeitos-negativos-das-redes-sociais-diz-estudo\/#respond"]}]},{"@type":"WebPage","@id":"https:\/\/jornalfatosenoticias.com.br\/index.php\/2025\/05\/06\/adolescentes-reconhecem-efeitos-negativos-das-redes-sociais-diz-estudo\/","url":"https:\/\/jornalfatosenoticias.com.br\/index.php\/2025\/05\/06\/adolescentes-reconhecem-efeitos-negativos-das-redes-sociais-diz-estudo\/","name":"Adolescentes reconhecem efeitos negativos das redes sociais, diz estudo - Jornal Fatos e Not\u00edcias","isPartOf":{"@id":"https:\/\/jornalfatosenoticias.com.br\/#website"},"primaryImageOfPage":{"@id":"https:\/\/jornalfatosenoticias.com.br\/index.php\/2025\/05\/06\/adolescentes-reconhecem-efeitos-negativos-das-redes-sociais-diz-estudo\/#primaryimage"},"image":{"@id":"https:\/\/jornalfatosenoticias.com.br\/index.php\/2025\/05\/06\/adolescentes-reconhecem-efeitos-negativos-das-redes-sociais-diz-estudo\/#primaryimage"},"thumbnailUrl":"https:\/\/jornalfatosenoticias.com.br\/wp-content\/uploads\/2025\/05\/ADOLESCENTES-REDES-SOCIAIS_FREEPIK.jpg","datePublished":"2025-05-06T17:44:42+00:00","dateModified":"2025-05-06T17:44:43+00:00","breadcrumb":{"@id":"https:\/\/jornalfatosenoticias.com.br\/index.php\/2025\/05\/06\/adolescentes-reconhecem-efeitos-negativos-das-redes-sociais-diz-estudo\/#breadcrumb"},"inLanguage":"pt-BR","potentialAction":[{"@type":"ReadAction","target":["https:\/\/jornalfatosenoticias.com.br\/index.php\/2025\/05\/06\/adolescentes-reconhecem-efeitos-negativos-das-redes-sociais-diz-estudo\/"]}]},{"@type":"ImageObject","inLanguage":"pt-BR","@id":"https:\/\/jornalfatosenoticias.com.br\/index.php\/2025\/05\/06\/adolescentes-reconhecem-efeitos-negativos-das-redes-sociais-diz-estudo\/#primaryimage","url":"https:\/\/jornalfatosenoticias.com.br\/wp-content\/uploads\/2025\/05\/ADOLESCENTES-REDES-SOCIAIS_FREEPIK.jpg","contentUrl":"https:\/\/jornalfatosenoticias.com.br\/wp-content\/uploads\/2025\/05\/ADOLESCENTES-REDES-SOCIAIS_FREEPIK.jpg","width":996,"height":664},{"@type":"BreadcrumbList","@id":"https:\/\/jornalfatosenoticias.com.br\/index.php\/2025\/05\/06\/adolescentes-reconhecem-efeitos-negativos-das-redes-sociais-diz-estudo\/#breadcrumb","itemListElement":[{"@type":"ListItem","position":1,"name":"In\u00edcio","item":"https:\/\/jornalfatosenoticias.com.br\/"},{"@type":"ListItem","position":2,"name":"Adolescentes reconhecem efeitos negativos das redes sociais, diz estudo"}]},{"@type":"WebSite","@id":"https:\/\/jornalfatosenoticias.com.br\/#website","url":"https:\/\/jornalfatosenoticias.com.br\/","name":"Jornal Fatos e Not\u00edcias","description":"Not\u00edcias em geral","publisher":{"@id":"https:\/\/jornalfatosenoticias.com.br\/#organization"},"potentialAction":[{"@type":"SearchAction","target":{"@type":"EntryPoint","urlTemplate":"https:\/\/jornalfatosenoticias.com.br\/?s={search_term_string}"},"query-input":{"@type":"PropertyValueSpecification","valueRequired":true,"valueName":"search_term_string"}}],"inLanguage":"pt-BR"},{"@type":"Organization","@id":"https:\/\/jornalfatosenoticias.com.br\/#organization","name":"Jornal Fatos e Not\u00edcias","url":"https:\/\/jornalfatosenoticias.com.br\/","logo":{"@type":"ImageObject","inLanguage":"pt-BR","@id":"https:\/\/jornalfatosenoticias.com.br\/#\/schema\/logo\/image\/","url":"https:\/\/jornalfatosenoticias.com.br\/wp-content\/uploads\/2020\/02\/logo120.png","contentUrl":"https:\/\/jornalfatosenoticias.com.br\/wp-content\/uploads\/2020\/02\/logo120.png","width":1227,"height":120,"caption":"Jornal Fatos e Not\u00edcias"},"image":{"@id":"https:\/\/jornalfatosenoticias.com.br\/#\/schema\/logo\/image\/"}},{"@type":"Person","@id":"https:\/\/jornalfatosenoticias.com.br\/#\/schema\/person\/d63837fa13ac8666eb9e74e0985d6f81","name":"Luzimara Fernandes","image":{"@type":"ImageObject","inLanguage":"pt-BR","@id":"https:\/\/jornalfatosenoticias.com.br\/#\/schema\/person\/image\/","url":"https:\/\/jornalfatosenoticias.com.br\/wp-content\/uploads\/2025\/05\/EU_portal.jpg","contentUrl":"https:\/\/jornalfatosenoticias.com.br\/wp-content\/uploads\/2025\/05\/EU_portal.jpg","caption":"Luzimara Fernandes"},"description":"Jornalista MTB 2358-ES","sameAs":["https:\/\/jornalfatosenoticias.com.br"],"url":"https:\/\/jornalfatosenoticias.com.br\/index.php\/author\/luzimara\/"}]}},"cc_featured_image_caption":{"caption_text":"(Foto: Freepik) ","source_text":"","source_url":""},"jetpack_featured_media_url":"https:\/\/jornalfatosenoticias.com.br\/wp-content\/uploads\/2025\/05\/ADOLESCENTES-REDES-SOCIAIS_FREEPIK.jpg","_links":{"self":[{"href":"https:\/\/jornalfatosenoticias.com.br\/index.php\/wp-json\/wp\/v2\/posts\/58981","targetHints":{"allow":["GET"]}}],"collection":[{"href":"https:\/\/jornalfatosenoticias.com.br\/index.php\/wp-json\/wp\/v2\/posts"}],"about":[{"href":"https:\/\/jornalfatosenoticias.com.br\/index.php\/wp-json\/wp\/v2\/types\/post"}],"author":[{"embeddable":true,"href":"https:\/\/jornalfatosenoticias.com.br\/index.php\/wp-json\/wp\/v2\/users\/2"}],"replies":[{"embeddable":true,"href":"https:\/\/jornalfatosenoticias.com.br\/index.php\/wp-json\/wp\/v2\/comments?post=58981"}],"version-history":[{"count":0,"href":"https:\/\/jornalfatosenoticias.com.br\/index.php\/wp-json\/wp\/v2\/posts\/58981\/revisions"}],"wp:featuredmedia":[{"embeddable":true,"href":"https:\/\/jornalfatosenoticias.com.br\/index.php\/wp-json\/wp\/v2\/media\/58982"}],"wp:attachment":[{"href":"https:\/\/jornalfatosenoticias.com.br\/index.php\/wp-json\/wp\/v2\/media?parent=58981"}],"wp:term":[{"taxonomy":"category","embeddable":true,"href":"https:\/\/jornalfatosenoticias.com.br\/index.php\/wp-json\/wp\/v2\/categories?post=58981"},{"taxonomy":"post_tag","embeddable":true,"href":"https:\/\/jornalfatosenoticias.com.br\/index.php\/wp-json\/wp\/v2\/tags?post=58981"}],"curies":[{"name":"wp","href":"https:\/\/api.w.org\/{rel}","templated":true}]}}