{"id":58990,"date":"2025-05-06T15:23:12","date_gmt":"2025-05-06T18:23:12","guid":{"rendered":"https:\/\/jornalfatosenoticias.com.br\/?p=58990"},"modified":"2025-05-06T15:23:43","modified_gmt":"2025-05-06T18:23:43","slug":"brasil-melhora-mas-tem-idh-inferior-ao-de-vizinhos-como-colombia-e-peru-veja-ranking-da-onu","status":"publish","type":"post","link":"https:\/\/jornalfatosenoticias.com.br\/index.php\/2025\/05\/06\/brasil-melhora-mas-tem-idh-inferior-ao-de-vizinhos-como-colombia-e-peru-veja-ranking-da-onu\/","title":{"rendered":"Brasil melhora, mas tem IDH inferior ao de vizinhos como Col\u00f4mbia e Peru"},"content":{"rendered":"\n<p><em><span class=\"has-inline-color has-black-color\">De acordo com relat\u00f3rio, o avan\u00e7o do Brasil no ranking se deu pela melhora nos dados de renda e sa\u00fade. J\u00e1 em rela\u00e7\u00e3o \u00e0 educa\u00e7\u00e3o, o Brasil segue estagnado<\/span><\/em><\/p>\n\n\n\n<p><span class=\"has-inline-color has-black-color\">Por <strong><a href=\"https:\/\/www.gazetadopovo.com.br\/autor\/diogenes-freire-feitosa\/\">Di\u00f3genes Freire Feitosa<\/a><\/strong><\/span><\/p>\n\n\n\n<div class=\"wp-block-image\"><figure class=\"aligncenter size-large is-resized\"><a href=\"https:\/\/www.facebook.com\/vetor.vix\/\"><img loading=\"lazy\" decoding=\"async\" src=\"https:\/\/jornalfatosenoticias.com.br\/wp-content\/uploads\/2023\/09\/vetorvix1024_1.jpg\" alt=\"\" class=\"wp-image-44868\" width=\"562\" height=\"149\" srcset=\"https:\/\/jornalfatosenoticias.com.br\/wp-content\/uploads\/2023\/09\/vetorvix1024_1.jpg 1024w, https:\/\/jornalfatosenoticias.com.br\/wp-content\/uploads\/2023\/09\/vetorvix1024_1-300x80.jpg 300w, https:\/\/jornalfatosenoticias.com.br\/wp-content\/uploads\/2023\/09\/vetorvix1024_1-768x205.jpg 768w\" sizes=\"auto, (max-width: 562px) 100vw, 562px\" \/><\/a><\/figure><\/div>\n\n\n\n<p>De acordo com o relat\u00f3rio do Programa de Desenvolvimento das Na\u00e7\u00f5es Unidas (Pnud ou UNDP, na sigla em ingl\u00eas), mantido pela ONU, o Brasil subiu cinco posi\u00e7\u00f5es no ranking do \u00cdndice de Desenvolvimento Humano (IDH), mas ainda est\u00e1 atr\u00e1s de pa\u00edses vizinhos como Chile (45.\u00ba), Argentina (47.\u00ba), Uruguai (48.\u00ba), Peru (79.\u00ba), e Col\u00f4mbia (83.\u00ba). O Brasil tamb\u00e9m est\u00e1 atr\u00e1s de pa\u00edses como M\u00e9xico, Azerbaij\u00e3o, Ir\u00e3 e B\u00f3snia. O Brasil passou da 89.\u00aa posi\u00e7\u00e3o, em 2022, para a 84.\u00aa coloca\u00e7\u00e3o em 2023 no ranking, o que significa que o pa\u00eds subiu cinco posi\u00e7\u00f5es ao registrar um IDH de 0,786 (em uma escala de 0,000 a 1,000), \u00edndice um pouco acima da m\u00e9dia da Am\u00e9rica Latina e Caribe, de 0,783.<\/p>\n\n\n\n<div class=\"wp-block-image\"><figure class=\"aligncenter size-large\"><a href=\"https:\/\/www.cesconetto.com.br\/\"><img loading=\"lazy\" decoding=\"async\" width=\"300\" height=\"250\" src=\"https:\/\/jornalfatosenoticias.com.br\/wp-content\/uploads\/2020\/02\/Banner-2.png\" alt=\"\" class=\"wp-image-43787\"\/><\/a><\/figure><\/div>\n\n\n\n<p>Considerando o IDH de 2022 ajustado este ano, o Brasil estava na 86.\u00aa posi\u00e7\u00e3o e, portanto, subiu duas coloca\u00e7\u00f5es no ranking, empatando com Palau, um arquip\u00e9lago com mais de 500 ilhas, parte dos Estados Federados da Micron\u00e9sia, no oeste do Oceano Pac\u00edfico. Na Am\u00e9rica Latina, o Brasil ficou \u00e0 frente do Paraguai (99.\u00ba), da Bol\u00edvia (108.\u00ba) e da Venezuela (121.\u00ba).&nbsp;<\/p>\n\n\n\n<div class=\"wp-block-image\"><figure class=\"aligncenter size-large\"><a href=\"http:\/\/www.ferrarimaquinas.com.br\/\"><img loading=\"lazy\" decoding=\"async\" width=\"300\" height=\"250\" src=\"https:\/\/jornalfatosenoticias.com.br\/wp-content\/uploads\/2022\/02\/FERRARI_MAQUINAS-E-FERRAMENTAS2.jpg\" alt=\"\" class=\"wp-image-27860\"\/><\/a><\/figure><\/div>\n\n\n\n<p>Divulgado nesta ter\u00e7a-feira (6), o relat\u00f3rio atualizou o IDH de 193 pa\u00edses usando como base informa\u00e7\u00f5es de 2023 sobre indicadores de expectativa de vida, escolaridade e Produto Interno Bruto (PIB) per capita. No topo da lista est\u00e3o Isl\u00e2ndia, Noruega, Su\u00ed\u00e7a, Dinamarca, Alemanha, Su\u00e9cia, Austr\u00e1lia, Hong Kong (China), Pa\u00edses Baixos e B\u00e9lgica.\u00a0Nas \u00faltimas coloca\u00e7\u00f5es do ranking aparecem: I\u00eamen, Serra Leoa, Burquina Faso, Burundi, Mali, N\u00edger, Chade, Rep\u00fablica Centro-Africana, Som\u00e1lia e, por \u00faltimo, Sud\u00e3o do Sul.<\/p>\n\n\n\n<div class=\"wp-block-image\"><figure class=\"aligncenter size-large is-resized\"><a href=\"https:\/\/www.instagram.com\/serra4x4cambioautomatico\/\"><img loading=\"lazy\" decoding=\"async\" src=\"https:\/\/jornalfatosenoticias.com.br\/wp-content\/uploads\/2024\/08\/Serra-4x4-1-886x1024.jpg\" alt=\"\" class=\"wp-image-53632\" width=\"273\" height=\"315\" srcset=\"https:\/\/jornalfatosenoticias.com.br\/wp-content\/uploads\/2024\/08\/Serra-4x4-1-886x1024.jpg 886w, https:\/\/jornalfatosenoticias.com.br\/wp-content\/uploads\/2024\/08\/Serra-4x4-1-260x300.jpg 260w, https:\/\/jornalfatosenoticias.com.br\/wp-content\/uploads\/2024\/08\/Serra-4x4-1-768x888.jpg 768w, https:\/\/jornalfatosenoticias.com.br\/wp-content\/uploads\/2024\/08\/Serra-4x4-1.jpg 1181w\" sizes=\"auto, (max-width: 273px) 100vw, 273px\" \/><\/a><\/figure><\/div>\n\n\n\n<p>Brasil melhorou na expectativa de vida, mas est\u00e1 estagnado na educa\u00e7\u00e3o<br>De acordo com relat\u00f3rio, o avan\u00e7o do Brasil no ranking se deu pela melhora nos dados de renda e sa\u00fade. J\u00e1 em rela\u00e7\u00e3o \u00e0 educa\u00e7\u00e3o, o Brasil segue estagnado.\u00a0<\/p>\n\n\n\n<div class=\"wp-block-image\"><figure class=\"aligncenter size-large is-resized\"><a href=\"https:\/\/www.legisjuris.com.br\/\"><img loading=\"lazy\" decoding=\"async\" src=\"https:\/\/jornalfatosenoticias.com.br\/wp-content\/uploads\/2024\/09\/Legis-Juris-Consultoria_logo.jpg\" alt=\"\" class=\"wp-image-53915\" width=\"422\" height=\"177\" srcset=\"https:\/\/jornalfatosenoticias.com.br\/wp-content\/uploads\/2024\/09\/Legis-Juris-Consultoria_logo.jpg 969w, https:\/\/jornalfatosenoticias.com.br\/wp-content\/uploads\/2024\/09\/Legis-Juris-Consultoria_logo-300x126.jpg 300w, https:\/\/jornalfatosenoticias.com.br\/wp-content\/uploads\/2024\/09\/Legis-Juris-Consultoria_logo-768x322.jpg 768w\" sizes=\"auto, (max-width: 422px) 100vw, 422px\" \/><\/a><\/figure><\/div>\n\n\n\n<p>A renda per capita por paridade de compra saiu de US$ 17.594, em 2022, para US$ 18.011 em 2023. Em 2020, durante a crise sanit\u00e1ria da covid-19, a renda per capita era de US$ 16.609. Em rela\u00e7\u00e3o ao indicador de sa\u00fade, o Brasil alcan\u00e7ou expectativa de vida ao nascer de 75,85 anos. Em 2020, a expectativa era de 74,51 anos e chegou a cair a 73 anos em 2021.<\/p>\n\n\n\n<div class=\"wp-block-image\"><figure class=\"aligncenter size-large is-resized\"><a href=\"https:\/\/www.controlsystems.com.br\/\"><img loading=\"lazy\" decoding=\"async\" src=\"https:\/\/jornalfatosenoticias.com.br\/wp-content\/uploads\/2020\/02\/CONTROL-CS.jpg\" alt=\"\" class=\"wp-image-44991\" width=\"248\" height=\"297\" srcset=\"https:\/\/jornalfatosenoticias.com.br\/wp-content\/uploads\/2020\/02\/CONTROL-CS.jpg 834w, https:\/\/jornalfatosenoticias.com.br\/wp-content\/uploads\/2020\/02\/CONTROL-CS-250x300.jpg 250w, https:\/\/jornalfatosenoticias.com.br\/wp-content\/uploads\/2020\/02\/CONTROL-CS-768x921.jpg 768w\" sizes=\"auto, (max-width: 248px) 100vw, 248px\" \/><\/a><\/figure><\/div>\n\n\n\n<p><strong>Fonte: <a href=\"https:\/\/www.gazetadopovo.com.br\/republica\/brasil-melhora-mas-tem-idh-inferior-ao-de-vizinhos-como-colombia-e-peru-veja-ranking-da-onu\/\">Gazeta do Povo<\/a><\/strong><\/p>\n","protected":false},"excerpt":{"rendered":"<p>De acordo com relat\u00f3rio, o avan\u00e7o do Brasil no ranking se deu pela melhora nos dados de renda e sa\u00fade. J\u00e1 em rela\u00e7\u00e3o \u00e0 educa\u00e7\u00e3o, o Brasil segue estagnado Por Di\u00f3genes Freire Feitosa De acordo com o relat\u00f3rio do Programa de Desenvolvimento das Na\u00e7\u00f5es Unidas (Pnud ou UNDP, na sigla em ingl\u00eas), mantido pela ONU, [&hellip;]<\/p>\n","protected":false},"author":2,"featured_media":58991,"comment_status":"open","ping_status":"open","sticky":false,"template":"","format":"standard","meta":{"footnotes":""},"categories":[5],"tags":[260,5995,891,85,6597,345,6512,156,1001,278,74,8605],"class_list":["post-58990","post","type-post","status-publish","format-standard","has-post-thumbnail","hentry","category-geral","tag-america-latina","tag-argentina","tag-bolivia","tag-china","tag-colombia","tag-educacao","tag-idh","tag-mexico","tag-peru","tag-pib","tag-saude","tag-venezuela"],"yoast_head":"<!-- This site is optimized with the Yoast SEO plugin v26.5 - https:\/\/yoast.com\/wordpress\/plugins\/seo\/ -->\n<title>Brasil melhora, mas tem IDH inferior ao de vizinhos como Col\u00f4mbia e Peru - Jornal Fatos e Not\u00edcias<\/title>\n<meta name=\"robots\" content=\"index, follow, max-snippet:-1, max-image-preview:large, max-video-preview:-1\" \/>\n<link rel=\"canonical\" href=\"https:\/\/jornalfatosenoticias.com.br\/index.php\/2025\/05\/06\/brasil-melhora-mas-tem-idh-inferior-ao-de-vizinhos-como-colombia-e-peru-veja-ranking-da-onu\/\" \/>\n<meta property=\"og:locale\" content=\"pt_BR\" \/>\n<meta property=\"og:type\" content=\"article\" \/>\n<meta property=\"og:title\" content=\"Brasil melhora, mas tem IDH inferior ao de vizinhos como Col\u00f4mbia e Peru - Jornal Fatos e Not\u00edcias\" \/>\n<meta property=\"og:description\" content=\"De acordo com relat\u00f3rio, o avan\u00e7o do Brasil no ranking se deu pela melhora nos dados de renda e sa\u00fade. J\u00e1 em rela\u00e7\u00e3o \u00e0 educa\u00e7\u00e3o, o Brasil segue estagnado Por Di\u00f3genes Freire Feitosa De acordo com o relat\u00f3rio do Programa de Desenvolvimento das Na\u00e7\u00f5es Unidas (Pnud ou UNDP, na sigla em ingl\u00eas), mantido pela ONU, [&hellip;]\" \/>\n<meta property=\"og:url\" content=\"https:\/\/jornalfatosenoticias.com.br\/index.php\/2025\/05\/06\/brasil-melhora-mas-tem-idh-inferior-ao-de-vizinhos-como-colombia-e-peru-veja-ranking-da-onu\/\" \/>\n<meta property=\"og:site_name\" content=\"Jornal Fatos e Not\u00edcias\" \/>\n<meta property=\"article:published_time\" content=\"2025-05-06T18:23:12+00:00\" \/>\n<meta property=\"article:modified_time\" content=\"2025-05-06T18:23:43+00:00\" \/>\n<meta property=\"og:image\" content=\"https:\/\/jornalfatosenoticias.com.br\/wp-content\/uploads\/2025\/05\/idh-Brasil_istock.jpg\" \/>\n\t<meta property=\"og:image:width\" content=\"612\" \/>\n\t<meta property=\"og:image:height\" content=\"408\" \/>\n\t<meta property=\"og:image:type\" content=\"image\/jpeg\" \/>\n<meta name=\"author\" content=\"Luzimara Fernandes\" \/>\n<meta name=\"twitter:card\" content=\"summary_large_image\" \/>\n<meta name=\"twitter:label1\" content=\"Escrito por\" \/>\n\t<meta name=\"twitter:data1\" content=\"Luzimara Fernandes\" \/>\n\t<meta name=\"twitter:label2\" content=\"Est. tempo de leitura\" \/>\n\t<meta name=\"twitter:data2\" content=\"2 minutos\" \/>\n<script type=\"application\/ld+json\" class=\"yoast-schema-graph\">{\"@context\":\"https:\/\/schema.org\",\"@graph\":[{\"@type\":\"Article\",\"@id\":\"https:\/\/jornalfatosenoticias.com.br\/index.php\/2025\/05\/06\/brasil-melhora-mas-tem-idh-inferior-ao-de-vizinhos-como-colombia-e-peru-veja-ranking-da-onu\/#article\",\"isPartOf\":{\"@id\":\"https:\/\/jornalfatosenoticias.com.br\/index.php\/2025\/05\/06\/brasil-melhora-mas-tem-idh-inferior-ao-de-vizinhos-como-colombia-e-peru-veja-ranking-da-onu\/\"},\"author\":{\"name\":\"Luzimara Fernandes\",\"@id\":\"https:\/\/jornalfatosenoticias.com.br\/#\/schema\/person\/d63837fa13ac8666eb9e74e0985d6f81\"},\"headline\":\"Brasil melhora, mas tem IDH inferior ao de vizinhos como Col\u00f4mbia e Peru\",\"datePublished\":\"2025-05-06T18:23:12+00:00\",\"dateModified\":\"2025-05-06T18:23:43+00:00\",\"mainEntityOfPage\":{\"@id\":\"https:\/\/jornalfatosenoticias.com.br\/index.php\/2025\/05\/06\/brasil-melhora-mas-tem-idh-inferior-ao-de-vizinhos-como-colombia-e-peru-veja-ranking-da-onu\/\"},\"wordCount\":436,\"commentCount\":0,\"publisher\":{\"@id\":\"https:\/\/jornalfatosenoticias.com.br\/#organization\"},\"image\":{\"@id\":\"https:\/\/jornalfatosenoticias.com.br\/index.php\/2025\/05\/06\/brasil-melhora-mas-tem-idh-inferior-ao-de-vizinhos-como-colombia-e-peru-veja-ranking-da-onu\/#primaryimage\"},\"thumbnailUrl\":\"https:\/\/jornalfatosenoticias.com.br\/wp-content\/uploads\/2025\/05\/idh-Brasil_istock.jpg\",\"keywords\":[\"Am\u00e9rica latina\",\"Argentina\",\"Bol\u00edvia\",\"china\",\"Col\u00f4mbia\",\"educa\u00e7\u00e3o\",\"IDH\",\"M\u00e9xico\",\"Peru\",\"PIB\",\"sa\u00fade\",\"Venezuela\"],\"articleSection\":[\"Geral\"],\"inLanguage\":\"pt-BR\",\"potentialAction\":[{\"@type\":\"CommentAction\",\"name\":\"Comment\",\"target\":[\"https:\/\/jornalfatosenoticias.com.br\/index.php\/2025\/05\/06\/brasil-melhora-mas-tem-idh-inferior-ao-de-vizinhos-como-colombia-e-peru-veja-ranking-da-onu\/#respond\"]}]},{\"@type\":\"WebPage\",\"@id\":\"https:\/\/jornalfatosenoticias.com.br\/index.php\/2025\/05\/06\/brasil-melhora-mas-tem-idh-inferior-ao-de-vizinhos-como-colombia-e-peru-veja-ranking-da-onu\/\",\"url\":\"https:\/\/jornalfatosenoticias.com.br\/index.php\/2025\/05\/06\/brasil-melhora-mas-tem-idh-inferior-ao-de-vizinhos-como-colombia-e-peru-veja-ranking-da-onu\/\",\"name\":\"Brasil melhora, mas tem IDH inferior ao de vizinhos como Col\u00f4mbia e Peru - Jornal Fatos e Not\u00edcias\",\"isPartOf\":{\"@id\":\"https:\/\/jornalfatosenoticias.com.br\/#website\"},\"primaryImageOfPage\":{\"@id\":\"https:\/\/jornalfatosenoticias.com.br\/index.php\/2025\/05\/06\/brasil-melhora-mas-tem-idh-inferior-ao-de-vizinhos-como-colombia-e-peru-veja-ranking-da-onu\/#primaryimage\"},\"image\":{\"@id\":\"https:\/\/jornalfatosenoticias.com.br\/index.php\/2025\/05\/06\/brasil-melhora-mas-tem-idh-inferior-ao-de-vizinhos-como-colombia-e-peru-veja-ranking-da-onu\/#primaryimage\"},\"thumbnailUrl\":\"https:\/\/jornalfatosenoticias.com.br\/wp-content\/uploads\/2025\/05\/idh-Brasil_istock.jpg\",\"datePublished\":\"2025-05-06T18:23:12+00:00\",\"dateModified\":\"2025-05-06T18:23:43+00:00\",\"breadcrumb\":{\"@id\":\"https:\/\/jornalfatosenoticias.com.br\/index.php\/2025\/05\/06\/brasil-melhora-mas-tem-idh-inferior-ao-de-vizinhos-como-colombia-e-peru-veja-ranking-da-onu\/#breadcrumb\"},\"inLanguage\":\"pt-BR\",\"potentialAction\":[{\"@type\":\"ReadAction\",\"target\":[\"https:\/\/jornalfatosenoticias.com.br\/index.php\/2025\/05\/06\/brasil-melhora-mas-tem-idh-inferior-ao-de-vizinhos-como-colombia-e-peru-veja-ranking-da-onu\/\"]}]},{\"@type\":\"ImageObject\",\"inLanguage\":\"pt-BR\",\"@id\":\"https:\/\/jornalfatosenoticias.com.br\/index.php\/2025\/05\/06\/brasil-melhora-mas-tem-idh-inferior-ao-de-vizinhos-como-colombia-e-peru-veja-ranking-da-onu\/#primaryimage\",\"url\":\"https:\/\/jornalfatosenoticias.com.br\/wp-content\/uploads\/2025\/05\/idh-Brasil_istock.jpg\",\"contentUrl\":\"https:\/\/jornalfatosenoticias.com.br\/wp-content\/uploads\/2025\/05\/idh-Brasil_istock.jpg\",\"width\":612,\"height\":408,\"caption\":\"senior adult man doing walk exercise on the beach avenue in Ipanema\"},{\"@type\":\"BreadcrumbList\",\"@id\":\"https:\/\/jornalfatosenoticias.com.br\/index.php\/2025\/05\/06\/brasil-melhora-mas-tem-idh-inferior-ao-de-vizinhos-como-colombia-e-peru-veja-ranking-da-onu\/#breadcrumb\",\"itemListElement\":[{\"@type\":\"ListItem\",\"position\":1,\"name\":\"In\u00edcio\",\"item\":\"https:\/\/jornalfatosenoticias.com.br\/\"},{\"@type\":\"ListItem\",\"position\":2,\"name\":\"Brasil melhora, mas tem IDH inferior ao de vizinhos como Col\u00f4mbia e Peru\"}]},{\"@type\":\"WebSite\",\"@id\":\"https:\/\/jornalfatosenoticias.com.br\/#website\",\"url\":\"https:\/\/jornalfatosenoticias.com.br\/\",\"name\":\"Jornal Fatos e Not\u00edcias\",\"description\":\"Not\u00edcias em geral\",\"publisher\":{\"@id\":\"https:\/\/jornalfatosenoticias.com.br\/#organization\"},\"potentialAction\":[{\"@type\":\"SearchAction\",\"target\":{\"@type\":\"EntryPoint\",\"urlTemplate\":\"https:\/\/jornalfatosenoticias.com.br\/?s={search_term_string}\"},\"query-input\":{\"@type\":\"PropertyValueSpecification\",\"valueRequired\":true,\"valueName\":\"search_term_string\"}}],\"inLanguage\":\"pt-BR\"},{\"@type\":\"Organization\",\"@id\":\"https:\/\/jornalfatosenoticias.com.br\/#organization\",\"name\":\"Jornal Fatos e Not\u00edcias\",\"url\":\"https:\/\/jornalfatosenoticias.com.br\/\",\"logo\":{\"@type\":\"ImageObject\",\"inLanguage\":\"pt-BR\",\"@id\":\"https:\/\/jornalfatosenoticias.com.br\/#\/schema\/logo\/image\/\",\"url\":\"https:\/\/jornalfatosenoticias.com.br\/wp-content\/uploads\/2020\/02\/logo120.png\",\"contentUrl\":\"https:\/\/jornalfatosenoticias.com.br\/wp-content\/uploads\/2020\/02\/logo120.png\",\"width\":1227,\"height\":120,\"caption\":\"Jornal Fatos e Not\u00edcias\"},\"image\":{\"@id\":\"https:\/\/jornalfatosenoticias.com.br\/#\/schema\/logo\/image\/\"}},{\"@type\":\"Person\",\"@id\":\"https:\/\/jornalfatosenoticias.com.br\/#\/schema\/person\/d63837fa13ac8666eb9e74e0985d6f81\",\"name\":\"Luzimara Fernandes\",\"image\":{\"@type\":\"ImageObject\",\"inLanguage\":\"pt-BR\",\"@id\":\"https:\/\/jornalfatosenoticias.com.br\/#\/schema\/person\/image\/\",\"url\":\"https:\/\/jornalfatosenoticias.com.br\/wp-content\/uploads\/2025\/05\/EU_portal.jpg\",\"contentUrl\":\"https:\/\/jornalfatosenoticias.com.br\/wp-content\/uploads\/2025\/05\/EU_portal.jpg\",\"caption\":\"Luzimara Fernandes\"},\"description\":\"Jornalista MTB 2358-ES\",\"sameAs\":[\"https:\/\/jornalfatosenoticias.com.br\"],\"url\":\"https:\/\/jornalfatosenoticias.com.br\/index.php\/author\/luzimara\/\"}]}<\/script>\n<!-- \/ Yoast SEO plugin. -->","yoast_head_json":{"title":"Brasil melhora, mas tem IDH inferior ao de vizinhos como Col\u00f4mbia e Peru - Jornal Fatos e Not\u00edcias","robots":{"index":"index","follow":"follow","max-snippet":"max-snippet:-1","max-image-preview":"max-image-preview:large","max-video-preview":"max-video-preview:-1"},"canonical":"https:\/\/jornalfatosenoticias.com.br\/index.php\/2025\/05\/06\/brasil-melhora-mas-tem-idh-inferior-ao-de-vizinhos-como-colombia-e-peru-veja-ranking-da-onu\/","og_locale":"pt_BR","og_type":"article","og_title":"Brasil melhora, mas tem IDH inferior ao de vizinhos como Col\u00f4mbia e Peru - Jornal Fatos e Not\u00edcias","og_description":"De acordo com relat\u00f3rio, o avan\u00e7o do Brasil no ranking se deu pela melhora nos dados de renda e sa\u00fade. J\u00e1 em rela\u00e7\u00e3o \u00e0 educa\u00e7\u00e3o, o Brasil segue estagnado Por Di\u00f3genes Freire Feitosa De acordo com o relat\u00f3rio do Programa de Desenvolvimento das Na\u00e7\u00f5es Unidas (Pnud ou UNDP, na sigla em ingl\u00eas), mantido pela ONU, [&hellip;]","og_url":"https:\/\/jornalfatosenoticias.com.br\/index.php\/2025\/05\/06\/brasil-melhora-mas-tem-idh-inferior-ao-de-vizinhos-como-colombia-e-peru-veja-ranking-da-onu\/","og_site_name":"Jornal Fatos e Not\u00edcias","article_published_time":"2025-05-06T18:23:12+00:00","article_modified_time":"2025-05-06T18:23:43+00:00","og_image":[{"width":612,"height":408,"url":"https:\/\/jornalfatosenoticias.com.br\/wp-content\/uploads\/2025\/05\/idh-Brasil_istock.jpg","type":"image\/jpeg"}],"author":"Luzimara Fernandes","twitter_card":"summary_large_image","twitter_misc":{"Escrito por":"Luzimara Fernandes","Est. tempo de leitura":"2 minutos"},"schema":{"@context":"https:\/\/schema.org","@graph":[{"@type":"Article","@id":"https:\/\/jornalfatosenoticias.com.br\/index.php\/2025\/05\/06\/brasil-melhora-mas-tem-idh-inferior-ao-de-vizinhos-como-colombia-e-peru-veja-ranking-da-onu\/#article","isPartOf":{"@id":"https:\/\/jornalfatosenoticias.com.br\/index.php\/2025\/05\/06\/brasil-melhora-mas-tem-idh-inferior-ao-de-vizinhos-como-colombia-e-peru-veja-ranking-da-onu\/"},"author":{"name":"Luzimara Fernandes","@id":"https:\/\/jornalfatosenoticias.com.br\/#\/schema\/person\/d63837fa13ac8666eb9e74e0985d6f81"},"headline":"Brasil melhora, mas tem IDH inferior ao de vizinhos como Col\u00f4mbia e Peru","datePublished":"2025-05-06T18:23:12+00:00","dateModified":"2025-05-06T18:23:43+00:00","mainEntityOfPage":{"@id":"https:\/\/jornalfatosenoticias.com.br\/index.php\/2025\/05\/06\/brasil-melhora-mas-tem-idh-inferior-ao-de-vizinhos-como-colombia-e-peru-veja-ranking-da-onu\/"},"wordCount":436,"commentCount":0,"publisher":{"@id":"https:\/\/jornalfatosenoticias.com.br\/#organization"},"image":{"@id":"https:\/\/jornalfatosenoticias.com.br\/index.php\/2025\/05\/06\/brasil-melhora-mas-tem-idh-inferior-ao-de-vizinhos-como-colombia-e-peru-veja-ranking-da-onu\/#primaryimage"},"thumbnailUrl":"https:\/\/jornalfatosenoticias.com.br\/wp-content\/uploads\/2025\/05\/idh-Brasil_istock.jpg","keywords":["Am\u00e9rica latina","Argentina","Bol\u00edvia","china","Col\u00f4mbia","educa\u00e7\u00e3o","IDH","M\u00e9xico","Peru","PIB","sa\u00fade","Venezuela"],"articleSection":["Geral"],"inLanguage":"pt-BR","potentialAction":[{"@type":"CommentAction","name":"Comment","target":["https:\/\/jornalfatosenoticias.com.br\/index.php\/2025\/05\/06\/brasil-melhora-mas-tem-idh-inferior-ao-de-vizinhos-como-colombia-e-peru-veja-ranking-da-onu\/#respond"]}]},{"@type":"WebPage","@id":"https:\/\/jornalfatosenoticias.com.br\/index.php\/2025\/05\/06\/brasil-melhora-mas-tem-idh-inferior-ao-de-vizinhos-como-colombia-e-peru-veja-ranking-da-onu\/","url":"https:\/\/jornalfatosenoticias.com.br\/index.php\/2025\/05\/06\/brasil-melhora-mas-tem-idh-inferior-ao-de-vizinhos-como-colombia-e-peru-veja-ranking-da-onu\/","name":"Brasil melhora, mas tem IDH inferior ao de vizinhos como Col\u00f4mbia e Peru - Jornal Fatos e Not\u00edcias","isPartOf":{"@id":"https:\/\/jornalfatosenoticias.com.br\/#website"},"primaryImageOfPage":{"@id":"https:\/\/jornalfatosenoticias.com.br\/index.php\/2025\/05\/06\/brasil-melhora-mas-tem-idh-inferior-ao-de-vizinhos-como-colombia-e-peru-veja-ranking-da-onu\/#primaryimage"},"image":{"@id":"https:\/\/jornalfatosenoticias.com.br\/index.php\/2025\/05\/06\/brasil-melhora-mas-tem-idh-inferior-ao-de-vizinhos-como-colombia-e-peru-veja-ranking-da-onu\/#primaryimage"},"thumbnailUrl":"https:\/\/jornalfatosenoticias.com.br\/wp-content\/uploads\/2025\/05\/idh-Brasil_istock.jpg","datePublished":"2025-05-06T18:23:12+00:00","dateModified":"2025-05-06T18:23:43+00:00","breadcrumb":{"@id":"https:\/\/jornalfatosenoticias.com.br\/index.php\/2025\/05\/06\/brasil-melhora-mas-tem-idh-inferior-ao-de-vizinhos-como-colombia-e-peru-veja-ranking-da-onu\/#breadcrumb"},"inLanguage":"pt-BR","potentialAction":[{"@type":"ReadAction","target":["https:\/\/jornalfatosenoticias.com.br\/index.php\/2025\/05\/06\/brasil-melhora-mas-tem-idh-inferior-ao-de-vizinhos-como-colombia-e-peru-veja-ranking-da-onu\/"]}]},{"@type":"ImageObject","inLanguage":"pt-BR","@id":"https:\/\/jornalfatosenoticias.com.br\/index.php\/2025\/05\/06\/brasil-melhora-mas-tem-idh-inferior-ao-de-vizinhos-como-colombia-e-peru-veja-ranking-da-onu\/#primaryimage","url":"https:\/\/jornalfatosenoticias.com.br\/wp-content\/uploads\/2025\/05\/idh-Brasil_istock.jpg","contentUrl":"https:\/\/jornalfatosenoticias.com.br\/wp-content\/uploads\/2025\/05\/idh-Brasil_istock.jpg","width":612,"height":408,"caption":"senior adult man doing walk exercise on the beach avenue in Ipanema"},{"@type":"BreadcrumbList","@id":"https:\/\/jornalfatosenoticias.com.br\/index.php\/2025\/05\/06\/brasil-melhora-mas-tem-idh-inferior-ao-de-vizinhos-como-colombia-e-peru-veja-ranking-da-onu\/#breadcrumb","itemListElement":[{"@type":"ListItem","position":1,"name":"In\u00edcio","item":"https:\/\/jornalfatosenoticias.com.br\/"},{"@type":"ListItem","position":2,"name":"Brasil melhora, mas tem IDH inferior ao de vizinhos como Col\u00f4mbia e Peru"}]},{"@type":"WebSite","@id":"https:\/\/jornalfatosenoticias.com.br\/#website","url":"https:\/\/jornalfatosenoticias.com.br\/","name":"Jornal Fatos e Not\u00edcias","description":"Not\u00edcias em geral","publisher":{"@id":"https:\/\/jornalfatosenoticias.com.br\/#organization"},"potentialAction":[{"@type":"SearchAction","target":{"@type":"EntryPoint","urlTemplate":"https:\/\/jornalfatosenoticias.com.br\/?s={search_term_string}"},"query-input":{"@type":"PropertyValueSpecification","valueRequired":true,"valueName":"search_term_string"}}],"inLanguage":"pt-BR"},{"@type":"Organization","@id":"https:\/\/jornalfatosenoticias.com.br\/#organization","name":"Jornal Fatos e Not\u00edcias","url":"https:\/\/jornalfatosenoticias.com.br\/","logo":{"@type":"ImageObject","inLanguage":"pt-BR","@id":"https:\/\/jornalfatosenoticias.com.br\/#\/schema\/logo\/image\/","url":"https:\/\/jornalfatosenoticias.com.br\/wp-content\/uploads\/2020\/02\/logo120.png","contentUrl":"https:\/\/jornalfatosenoticias.com.br\/wp-content\/uploads\/2020\/02\/logo120.png","width":1227,"height":120,"caption":"Jornal Fatos e Not\u00edcias"},"image":{"@id":"https:\/\/jornalfatosenoticias.com.br\/#\/schema\/logo\/image\/"}},{"@type":"Person","@id":"https:\/\/jornalfatosenoticias.com.br\/#\/schema\/person\/d63837fa13ac8666eb9e74e0985d6f81","name":"Luzimara Fernandes","image":{"@type":"ImageObject","inLanguage":"pt-BR","@id":"https:\/\/jornalfatosenoticias.com.br\/#\/schema\/person\/image\/","url":"https:\/\/jornalfatosenoticias.com.br\/wp-content\/uploads\/2025\/05\/EU_portal.jpg","contentUrl":"https:\/\/jornalfatosenoticias.com.br\/wp-content\/uploads\/2025\/05\/EU_portal.jpg","caption":"Luzimara Fernandes"},"description":"Jornalista MTB 2358-ES","sameAs":["https:\/\/jornalfatosenoticias.com.br"],"url":"https:\/\/jornalfatosenoticias.com.br\/index.php\/author\/luzimara\/"}]}},"cc_featured_image_caption":{"caption_text":"(Foto: iStock) ","source_text":"","source_url":""},"jetpack_featured_media_url":"https:\/\/jornalfatosenoticias.com.br\/wp-content\/uploads\/2025\/05\/idh-Brasil_istock.jpg","_links":{"self":[{"href":"https:\/\/jornalfatosenoticias.com.br\/index.php\/wp-json\/wp\/v2\/posts\/58990","targetHints":{"allow":["GET"]}}],"collection":[{"href":"https:\/\/jornalfatosenoticias.com.br\/index.php\/wp-json\/wp\/v2\/posts"}],"about":[{"href":"https:\/\/jornalfatosenoticias.com.br\/index.php\/wp-json\/wp\/v2\/types\/post"}],"author":[{"embeddable":true,"href":"https:\/\/jornalfatosenoticias.com.br\/index.php\/wp-json\/wp\/v2\/users\/2"}],"replies":[{"embeddable":true,"href":"https:\/\/jornalfatosenoticias.com.br\/index.php\/wp-json\/wp\/v2\/comments?post=58990"}],"version-history":[{"count":0,"href":"https:\/\/jornalfatosenoticias.com.br\/index.php\/wp-json\/wp\/v2\/posts\/58990\/revisions"}],"wp:featuredmedia":[{"embeddable":true,"href":"https:\/\/jornalfatosenoticias.com.br\/index.php\/wp-json\/wp\/v2\/media\/58991"}],"wp:attachment":[{"href":"https:\/\/jornalfatosenoticias.com.br\/index.php\/wp-json\/wp\/v2\/media?parent=58990"}],"wp:term":[{"taxonomy":"category","embeddable":true,"href":"https:\/\/jornalfatosenoticias.com.br\/index.php\/wp-json\/wp\/v2\/categories?post=58990"},{"taxonomy":"post_tag","embeddable":true,"href":"https:\/\/jornalfatosenoticias.com.br\/index.php\/wp-json\/wp\/v2\/tags?post=58990"}],"curies":[{"name":"wp","href":"https:\/\/api.w.org\/{rel}","templated":true}]}}