{"id":58994,"date":"2025-05-06T15:34:49","date_gmt":"2025-05-06T18:34:49","guid":{"rendered":"https:\/\/jornalfatosenoticias.com.br\/?p=58994"},"modified":"2025-05-06T15:34:50","modified_gmt":"2025-05-06T18:34:50","slug":"el-salvador-registra-mais-de-900-dias-sem-homicidios-desde-que-direitista-bukele-assumiu-a-presidencia","status":"publish","type":"post","link":"https:\/\/jornalfatosenoticias.com.br\/index.php\/2025\/05\/06\/el-salvador-registra-mais-de-900-dias-sem-homicidios-desde-que-direitista-bukele-assumiu-a-presidencia\/","title":{"rendered":"El Salvador registra mais de 900 dias sem homic\u00eddios desde que direitista Bukele assumiu a presid\u00eancia"},"content":{"rendered":"\n<p><em><span class=\"has-inline-color has-black-color\">Plano de seguran\u00e7a e regime de exce\u00e7\u00e3o levaram \u00e0 pris\u00e3o de mais de 70 mil acusados<\/span><\/em><\/p>\n\n\n\n<div class=\"wp-block-image\"><figure class=\"aligncenter size-large\"><a href=\"https:\/\/mizu.com.br\/\"><img loading=\"lazy\" decoding=\"async\" width=\"729\" height=\"90\" src=\"https:\/\/jornalfatosenoticias.com.br\/wp-content\/uploads\/2020\/02\/Logo_Mizu.png\" alt=\"\" class=\"wp-image-1441\" srcset=\"https:\/\/jornalfatosenoticias.com.br\/wp-content\/uploads\/2020\/02\/Logo_Mizu.png 729w, https:\/\/jornalfatosenoticias.com.br\/wp-content\/uploads\/2020\/02\/Logo_Mizu-300x37.png 300w\" sizes=\"auto, (max-width: 729px) 100vw, 729px\" \/><\/a><\/figure><\/div>\n\n\n\n<p>El Salvador superou a marca de 900 dias sem homic\u00eddios desde a posse do presidente Nayib Bukele, em junho de 2019. Os dados foram divulgados pelo governo, que atribui o resultado a uma s\u00e9rie de medidas adotadas na \u00e1rea da seguran\u00e7a p\u00fablica.<br>Entre as principais a\u00e7\u00f5es est\u00e1 o \u201cPlano Controle Territorial\u201d, que ampliou a atua\u00e7\u00e3o de for\u00e7as policiais e militares em regi\u00f5es com presen\u00e7a de organiza\u00e7\u00f5es criminosas, como a MS-13 e Barrio 18. Em mar\u00e7o de 2022, foi institu\u00eddo um regime de exce\u00e7\u00e3o, ainda em vigor, que permite pris\u00f5es sem mandado judicial e outras medidas emergenciais.<\/p>\n\n\n\n<div class=\"wp-block-image\"><figure class=\"aligncenter size-large is-resized\"><a href=\"https:\/\/www.facebook.com\/profile.php?id=100069289606145\"><img loading=\"lazy\" decoding=\"async\" src=\"https:\/\/jornalfatosenoticias.com.br\/wp-content\/uploads\/2024\/11\/Guaitolini-Contabilidade-1024x714.jpeg\" alt=\"\" class=\"wp-image-55808\" width=\"317\" height=\"221\" srcset=\"https:\/\/jornalfatosenoticias.com.br\/wp-content\/uploads\/2024\/11\/Guaitolini-Contabilidade-1024x714.jpeg 1024w, https:\/\/jornalfatosenoticias.com.br\/wp-content\/uploads\/2024\/11\/Guaitolini-Contabilidade-300x209.jpeg 300w, https:\/\/jornalfatosenoticias.com.br\/wp-content\/uploads\/2024\/11\/Guaitolini-Contabilidade-768x535.jpeg 768w, https:\/\/jornalfatosenoticias.com.br\/wp-content\/uploads\/2024\/11\/Guaitolini-Contabilidade.jpeg 1280w\" sizes=\"auto, (max-width: 317px) 100vw, 317px\" \/><\/a><\/figure><\/div>\n\n\n\n<p>De acordo com as autoridades salvadorenhas, mais de 79 mil pessoas foram presas sob suspeita de liga\u00e7\u00e3o com gangues desde o in\u00edcio do regime. O governo argumenta que a pol\u00edtica contribuiu para a redu\u00e7\u00e3o dos \u00edndices de viol\u00eancia no pa\u00eds.<\/p>\n\n\n\n<div class=\"wp-block-image\"><figure class=\"aligncenter size-large\"><a href=\"http:\/\/www.ferrarimaquinas.com.br\/\"><img loading=\"lazy\" decoding=\"async\" width=\"300\" height=\"250\" src=\"https:\/\/jornalfatosenoticias.com.br\/wp-content\/uploads\/2022\/02\/FERRARI_MAQUINAS-E-FERRAMENTAS2.jpg\" alt=\"\" class=\"wp-image-27860\"\/><\/a><\/figure><\/div>\n\n\n\n<p>As medidas, no entanto, t\u00eam sido alvo de cr\u00edticas de representantes de esquerda e entidades internacionais de direitos humanos, que questionam poss\u00edveis viola\u00e7\u00f5es legais e excessos cometidos durante as opera\u00e7\u00f5es. Embora existam essas interroga\u00e7\u00f5es externas, pesquisas indicam um alto n\u00edvel de apoio popular \u00e0s a\u00e7\u00f5es da administra\u00e7\u00e3o do direitista.<\/p>\n\n\n\n<div class=\"wp-block-image\"><figure class=\"aligncenter size-large is-resized\"><a href=\"https:\/\/www.instagram.com\/serra4x4cambioautomatico\/\"><img loading=\"lazy\" decoding=\"async\" src=\"https:\/\/jornalfatosenoticias.com.br\/wp-content\/uploads\/2024\/08\/Serra-4x4-1-886x1024.jpg\" alt=\"\" class=\"wp-image-53632\" width=\"267\" height=\"308\" srcset=\"https:\/\/jornalfatosenoticias.com.br\/wp-content\/uploads\/2024\/08\/Serra-4x4-1-886x1024.jpg 886w, https:\/\/jornalfatosenoticias.com.br\/wp-content\/uploads\/2024\/08\/Serra-4x4-1-260x300.jpg 260w, https:\/\/jornalfatosenoticias.com.br\/wp-content\/uploads\/2024\/08\/Serra-4x4-1-768x888.jpg 768w, https:\/\/jornalfatosenoticias.com.br\/wp-content\/uploads\/2024\/08\/Serra-4x4-1.jpg 1181w\" sizes=\"auto, (max-width: 267px) 100vw, 267px\" \/><\/a><\/figure><\/div>\n\n\n\n<p>o modelo salvadorenho tem chamado a aten\u00e7\u00e3o de autoridades de outros pa\u00edses da Am\u00e9rica Latina e tamb\u00e9m de governantes locais no Brasil. Um dos exemplos foi a visita recente do prefeito do Rio de Janeiro, Eduardo Paes (PSD), que esteve em El Salvador para conhecer de perto as a\u00e7\u00f5es implementadas.<br>A viagem, interpretada como um movimento do pr\u00f3prio Paes para vincular sua imagem a um modelo de seguran\u00e7a considerado bem-sucedido, ocorre em meio a articula\u00e7\u00f5es que apontam para uma poss\u00edvel candidatura do atual prefeito ao governo do estado em 2026.<\/p>\n\n\n\n<div class=\"wp-block-image\"><figure class=\"aligncenter size-large is-resized\"><a href=\"https:\/\/hotelmarquetti.com.br\/\"><img loading=\"lazy\" decoding=\"async\" src=\"https:\/\/jornalfatosenoticias.com.br\/wp-content\/uploads\/2020\/02\/LOGO-MQ-1024x680.jpg\" alt=\"\" class=\"wp-image-58299\" width=\"312\" height=\"207\" srcset=\"https:\/\/jornalfatosenoticias.com.br\/wp-content\/uploads\/2020\/02\/LOGO-MQ-1024x680.jpg 1024w, https:\/\/jornalfatosenoticias.com.br\/wp-content\/uploads\/2020\/02\/LOGO-MQ-300x199.jpg 300w, https:\/\/jornalfatosenoticias.com.br\/wp-content\/uploads\/2020\/02\/LOGO-MQ-768x510.jpg 768w, https:\/\/jornalfatosenoticias.com.br\/wp-content\/uploads\/2020\/02\/LOGO-MQ-1536x1020.jpg 1536w, https:\/\/jornalfatosenoticias.com.br\/wp-content\/uploads\/2020\/02\/LOGO-MQ-2048x1360.jpg 2048w\" sizes=\"auto, (max-width: 312px) 100vw, 312px\" \/><\/a><\/figure><\/div>\n\n\n\n<p><strong>Fonte: <a href=\"https:\/\/www.conexaopolitica.com.br\/politica\/el-salvador-registra-mais-de-900-dias-sem-homicidios-desde-que-direitista-bukele-assumiu-a-presidencia\/\">Conex\u00e3o Pol\u00edtica<\/a><\/strong><\/p>\n","protected":false},"excerpt":{"rendered":"<p>Plano de seguran\u00e7a e regime de exce\u00e7\u00e3o levaram \u00e0 pris\u00e3o de mais de 70 mil acusados El Salvador superou a marca de 900 dias sem homic\u00eddios desde a posse do presidente Nayib Bukele, em junho de 2019. Os dados foram divulgados pelo governo, que atribui o resultado a uma s\u00e9rie de medidas adotadas na \u00e1rea [&hellip;]<\/p>\n","protected":false},"author":2,"featured_media":58995,"comment_status":"open","ping_status":"open","sticky":false,"template":"","format":"standard","meta":{"footnotes":""},"categories":[41],"tags":[20904,19850,20905,26925,1033],"class_list":["post-58994","post","type-post","status-publish","format-standard","has-post-thumbnail","hentry","category-internacional","tag-el-salvador","tag-homicidios","tag-nayib-bukele","tag-organizacoes-criminosas","tag-seguranca"],"yoast_head":"<!-- This site is optimized with the Yoast SEO plugin v26.5 - https:\/\/yoast.com\/wordpress\/plugins\/seo\/ -->\n<title>El Salvador registra mais de 900 dias sem homic\u00eddios desde que direitista Bukele assumiu a presid\u00eancia - Jornal Fatos e Not\u00edcias<\/title>\n<meta name=\"robots\" content=\"index, follow, max-snippet:-1, max-image-preview:large, max-video-preview:-1\" \/>\n<link rel=\"canonical\" href=\"https:\/\/jornalfatosenoticias.com.br\/index.php\/2025\/05\/06\/el-salvador-registra-mais-de-900-dias-sem-homicidios-desde-que-direitista-bukele-assumiu-a-presidencia\/\" \/>\n<meta property=\"og:locale\" content=\"pt_BR\" \/>\n<meta property=\"og:type\" content=\"article\" \/>\n<meta property=\"og:title\" content=\"El Salvador registra mais de 900 dias sem homic\u00eddios desde que direitista Bukele assumiu a presid\u00eancia - Jornal Fatos e Not\u00edcias\" \/>\n<meta property=\"og:description\" content=\"Plano de seguran\u00e7a e regime de exce\u00e7\u00e3o levaram \u00e0 pris\u00e3o de mais de 70 mil acusados El Salvador superou a marca de 900 dias sem homic\u00eddios desde a posse do presidente Nayib Bukele, em junho de 2019. Os dados foram divulgados pelo governo, que atribui o resultado a uma s\u00e9rie de medidas adotadas na \u00e1rea [&hellip;]\" \/>\n<meta property=\"og:url\" content=\"https:\/\/jornalfatosenoticias.com.br\/index.php\/2025\/05\/06\/el-salvador-registra-mais-de-900-dias-sem-homicidios-desde-que-direitista-bukele-assumiu-a-presidencia\/\" \/>\n<meta property=\"og:site_name\" content=\"Jornal Fatos e Not\u00edcias\" \/>\n<meta property=\"article:published_time\" content=\"2025-05-06T18:34:49+00:00\" \/>\n<meta property=\"article:modified_time\" content=\"2025-05-06T18:34:50+00:00\" \/>\n<meta property=\"og:image\" content=\"https:\/\/jornalfatosenoticias.com.br\/wp-content\/uploads\/2025\/05\/nayib-bukele_gettyimages.jpg\" \/>\n\t<meta property=\"og:image:width\" content=\"612\" \/>\n\t<meta property=\"og:image:height\" content=\"408\" \/>\n\t<meta property=\"og:image:type\" content=\"image\/jpeg\" \/>\n<meta name=\"author\" content=\"Luzimara Fernandes\" \/>\n<meta name=\"twitter:card\" content=\"summary_large_image\" \/>\n<meta name=\"twitter:label1\" content=\"Escrito por\" \/>\n\t<meta name=\"twitter:data1\" content=\"Luzimara Fernandes\" \/>\n\t<meta name=\"twitter:label2\" content=\"Est. tempo de leitura\" \/>\n\t<meta name=\"twitter:data2\" content=\"2 minutos\" \/>\n<script type=\"application\/ld+json\" class=\"yoast-schema-graph\">{\"@context\":\"https:\/\/schema.org\",\"@graph\":[{\"@type\":\"Article\",\"@id\":\"https:\/\/jornalfatosenoticias.com.br\/index.php\/2025\/05\/06\/el-salvador-registra-mais-de-900-dias-sem-homicidios-desde-que-direitista-bukele-assumiu-a-presidencia\/#article\",\"isPartOf\":{\"@id\":\"https:\/\/jornalfatosenoticias.com.br\/index.php\/2025\/05\/06\/el-salvador-registra-mais-de-900-dias-sem-homicidios-desde-que-direitista-bukele-assumiu-a-presidencia\/\"},\"author\":{\"name\":\"Luzimara Fernandes\",\"@id\":\"https:\/\/jornalfatosenoticias.com.br\/#\/schema\/person\/d63837fa13ac8666eb9e74e0985d6f81\"},\"headline\":\"El Salvador registra mais de 900 dias sem homic\u00eddios desde que direitista Bukele assumiu a presid\u00eancia\",\"datePublished\":\"2025-05-06T18:34:49+00:00\",\"dateModified\":\"2025-05-06T18:34:50+00:00\",\"mainEntityOfPage\":{\"@id\":\"https:\/\/jornalfatosenoticias.com.br\/index.php\/2025\/05\/06\/el-salvador-registra-mais-de-900-dias-sem-homicidios-desde-que-direitista-bukele-assumiu-a-presidencia\/\"},\"wordCount\":346,\"commentCount\":0,\"publisher\":{\"@id\":\"https:\/\/jornalfatosenoticias.com.br\/#organization\"},\"image\":{\"@id\":\"https:\/\/jornalfatosenoticias.com.br\/index.php\/2025\/05\/06\/el-salvador-registra-mais-de-900-dias-sem-homicidios-desde-que-direitista-bukele-assumiu-a-presidencia\/#primaryimage\"},\"thumbnailUrl\":\"https:\/\/jornalfatosenoticias.com.br\/wp-content\/uploads\/2025\/05\/nayib-bukele_gettyimages.jpg\",\"keywords\":[\"El Salvador\",\"homic\u00eddios\",\"Nayib Bukele\",\"organiza\u00e7\u00f5es criminosas\",\"seguran\u00e7a\"],\"articleSection\":[\"Internacional\"],\"inLanguage\":\"pt-BR\",\"potentialAction\":[{\"@type\":\"CommentAction\",\"name\":\"Comment\",\"target\":[\"https:\/\/jornalfatosenoticias.com.br\/index.php\/2025\/05\/06\/el-salvador-registra-mais-de-900-dias-sem-homicidios-desde-que-direitista-bukele-assumiu-a-presidencia\/#respond\"]}]},{\"@type\":\"WebPage\",\"@id\":\"https:\/\/jornalfatosenoticias.com.br\/index.php\/2025\/05\/06\/el-salvador-registra-mais-de-900-dias-sem-homicidios-desde-que-direitista-bukele-assumiu-a-presidencia\/\",\"url\":\"https:\/\/jornalfatosenoticias.com.br\/index.php\/2025\/05\/06\/el-salvador-registra-mais-de-900-dias-sem-homicidios-desde-que-direitista-bukele-assumiu-a-presidencia\/\",\"name\":\"El Salvador registra mais de 900 dias sem homic\u00eddios desde que direitista Bukele assumiu a presid\u00eancia - Jornal Fatos e Not\u00edcias\",\"isPartOf\":{\"@id\":\"https:\/\/jornalfatosenoticias.com.br\/#website\"},\"primaryImageOfPage\":{\"@id\":\"https:\/\/jornalfatosenoticias.com.br\/index.php\/2025\/05\/06\/el-salvador-registra-mais-de-900-dias-sem-homicidios-desde-que-direitista-bukele-assumiu-a-presidencia\/#primaryimage\"},\"image\":{\"@id\":\"https:\/\/jornalfatosenoticias.com.br\/index.php\/2025\/05\/06\/el-salvador-registra-mais-de-900-dias-sem-homicidios-desde-que-direitista-bukele-assumiu-a-presidencia\/#primaryimage\"},\"thumbnailUrl\":\"https:\/\/jornalfatosenoticias.com.br\/wp-content\/uploads\/2025\/05\/nayib-bukele_gettyimages.jpg\",\"datePublished\":\"2025-05-06T18:34:49+00:00\",\"dateModified\":\"2025-05-06T18:34:50+00:00\",\"breadcrumb\":{\"@id\":\"https:\/\/jornalfatosenoticias.com.br\/index.php\/2025\/05\/06\/el-salvador-registra-mais-de-900-dias-sem-homicidios-desde-que-direitista-bukele-assumiu-a-presidencia\/#breadcrumb\"},\"inLanguage\":\"pt-BR\",\"potentialAction\":[{\"@type\":\"ReadAction\",\"target\":[\"https:\/\/jornalfatosenoticias.com.br\/index.php\/2025\/05\/06\/el-salvador-registra-mais-de-900-dias-sem-homicidios-desde-que-direitista-bukele-assumiu-a-presidencia\/\"]}]},{\"@type\":\"ImageObject\",\"inLanguage\":\"pt-BR\",\"@id\":\"https:\/\/jornalfatosenoticias.com.br\/index.php\/2025\/05\/06\/el-salvador-registra-mais-de-900-dias-sem-homicidios-desde-que-direitista-bukele-assumiu-a-presidencia\/#primaryimage\",\"url\":\"https:\/\/jornalfatosenoticias.com.br\/wp-content\/uploads\/2025\/05\/nayib-bukele_gettyimages.jpg\",\"contentUrl\":\"https:\/\/jornalfatosenoticias.com.br\/wp-content\/uploads\/2025\/05\/nayib-bukele_gettyimages.jpg\",\"width\":612,\"height\":408,\"caption\":\"El Salvador's President Nayib Bukele waves during the inauguration of the Key Institute, a private institution of higher education specializing in engineering and science in San Salvador on March 19, 2025. (Photo by Marvin RECINOS \/ AFP) (Photo by MARVIN RECINOS\/AFP via Getty Images)\"},{\"@type\":\"BreadcrumbList\",\"@id\":\"https:\/\/jornalfatosenoticias.com.br\/index.php\/2025\/05\/06\/el-salvador-registra-mais-de-900-dias-sem-homicidios-desde-que-direitista-bukele-assumiu-a-presidencia\/#breadcrumb\",\"itemListElement\":[{\"@type\":\"ListItem\",\"position\":1,\"name\":\"In\u00edcio\",\"item\":\"https:\/\/jornalfatosenoticias.com.br\/\"},{\"@type\":\"ListItem\",\"position\":2,\"name\":\"El Salvador registra mais de 900 dias sem homic\u00eddios desde que direitista Bukele assumiu a presid\u00eancia\"}]},{\"@type\":\"WebSite\",\"@id\":\"https:\/\/jornalfatosenoticias.com.br\/#website\",\"url\":\"https:\/\/jornalfatosenoticias.com.br\/\",\"name\":\"Jornal Fatos e Not\u00edcias\",\"description\":\"Not\u00edcias em geral\",\"publisher\":{\"@id\":\"https:\/\/jornalfatosenoticias.com.br\/#organization\"},\"potentialAction\":[{\"@type\":\"SearchAction\",\"target\":{\"@type\":\"EntryPoint\",\"urlTemplate\":\"https:\/\/jornalfatosenoticias.com.br\/?s={search_term_string}\"},\"query-input\":{\"@type\":\"PropertyValueSpecification\",\"valueRequired\":true,\"valueName\":\"search_term_string\"}}],\"inLanguage\":\"pt-BR\"},{\"@type\":\"Organization\",\"@id\":\"https:\/\/jornalfatosenoticias.com.br\/#organization\",\"name\":\"Jornal Fatos e Not\u00edcias\",\"url\":\"https:\/\/jornalfatosenoticias.com.br\/\",\"logo\":{\"@type\":\"ImageObject\",\"inLanguage\":\"pt-BR\",\"@id\":\"https:\/\/jornalfatosenoticias.com.br\/#\/schema\/logo\/image\/\",\"url\":\"https:\/\/jornalfatosenoticias.com.br\/wp-content\/uploads\/2020\/02\/logo120.png\",\"contentUrl\":\"https:\/\/jornalfatosenoticias.com.br\/wp-content\/uploads\/2020\/02\/logo120.png\",\"width\":1227,\"height\":120,\"caption\":\"Jornal Fatos e Not\u00edcias\"},\"image\":{\"@id\":\"https:\/\/jornalfatosenoticias.com.br\/#\/schema\/logo\/image\/\"}},{\"@type\":\"Person\",\"@id\":\"https:\/\/jornalfatosenoticias.com.br\/#\/schema\/person\/d63837fa13ac8666eb9e74e0985d6f81\",\"name\":\"Luzimara Fernandes\",\"image\":{\"@type\":\"ImageObject\",\"inLanguage\":\"pt-BR\",\"@id\":\"https:\/\/jornalfatosenoticias.com.br\/#\/schema\/person\/image\/\",\"url\":\"https:\/\/jornalfatosenoticias.com.br\/wp-content\/uploads\/2025\/05\/EU_portal.jpg\",\"contentUrl\":\"https:\/\/jornalfatosenoticias.com.br\/wp-content\/uploads\/2025\/05\/EU_portal.jpg\",\"caption\":\"Luzimara Fernandes\"},\"description\":\"Jornalista MTB 2358-ES\",\"sameAs\":[\"https:\/\/jornalfatosenoticias.com.br\"],\"url\":\"https:\/\/jornalfatosenoticias.com.br\/index.php\/author\/luzimara\/\"}]}<\/script>\n<!-- \/ Yoast SEO plugin. -->","yoast_head_json":{"title":"El Salvador registra mais de 900 dias sem homic\u00eddios desde que direitista Bukele assumiu a presid\u00eancia - Jornal Fatos e Not\u00edcias","robots":{"index":"index","follow":"follow","max-snippet":"max-snippet:-1","max-image-preview":"max-image-preview:large","max-video-preview":"max-video-preview:-1"},"canonical":"https:\/\/jornalfatosenoticias.com.br\/index.php\/2025\/05\/06\/el-salvador-registra-mais-de-900-dias-sem-homicidios-desde-que-direitista-bukele-assumiu-a-presidencia\/","og_locale":"pt_BR","og_type":"article","og_title":"El Salvador registra mais de 900 dias sem homic\u00eddios desde que direitista Bukele assumiu a presid\u00eancia - Jornal Fatos e Not\u00edcias","og_description":"Plano de seguran\u00e7a e regime de exce\u00e7\u00e3o levaram \u00e0 pris\u00e3o de mais de 70 mil acusados El Salvador superou a marca de 900 dias sem homic\u00eddios desde a posse do presidente Nayib Bukele, em junho de 2019. Os dados foram divulgados pelo governo, que atribui o resultado a uma s\u00e9rie de medidas adotadas na \u00e1rea [&hellip;]","og_url":"https:\/\/jornalfatosenoticias.com.br\/index.php\/2025\/05\/06\/el-salvador-registra-mais-de-900-dias-sem-homicidios-desde-que-direitista-bukele-assumiu-a-presidencia\/","og_site_name":"Jornal Fatos e Not\u00edcias","article_published_time":"2025-05-06T18:34:49+00:00","article_modified_time":"2025-05-06T18:34:50+00:00","og_image":[{"width":612,"height":408,"url":"https:\/\/jornalfatosenoticias.com.br\/wp-content\/uploads\/2025\/05\/nayib-bukele_gettyimages.jpg","type":"image\/jpeg"}],"author":"Luzimara Fernandes","twitter_card":"summary_large_image","twitter_misc":{"Escrito por":"Luzimara Fernandes","Est. tempo de leitura":"2 minutos"},"schema":{"@context":"https:\/\/schema.org","@graph":[{"@type":"Article","@id":"https:\/\/jornalfatosenoticias.com.br\/index.php\/2025\/05\/06\/el-salvador-registra-mais-de-900-dias-sem-homicidios-desde-que-direitista-bukele-assumiu-a-presidencia\/#article","isPartOf":{"@id":"https:\/\/jornalfatosenoticias.com.br\/index.php\/2025\/05\/06\/el-salvador-registra-mais-de-900-dias-sem-homicidios-desde-que-direitista-bukele-assumiu-a-presidencia\/"},"author":{"name":"Luzimara Fernandes","@id":"https:\/\/jornalfatosenoticias.com.br\/#\/schema\/person\/d63837fa13ac8666eb9e74e0985d6f81"},"headline":"El Salvador registra mais de 900 dias sem homic\u00eddios desde que direitista Bukele assumiu a presid\u00eancia","datePublished":"2025-05-06T18:34:49+00:00","dateModified":"2025-05-06T18:34:50+00:00","mainEntityOfPage":{"@id":"https:\/\/jornalfatosenoticias.com.br\/index.php\/2025\/05\/06\/el-salvador-registra-mais-de-900-dias-sem-homicidios-desde-que-direitista-bukele-assumiu-a-presidencia\/"},"wordCount":346,"commentCount":0,"publisher":{"@id":"https:\/\/jornalfatosenoticias.com.br\/#organization"},"image":{"@id":"https:\/\/jornalfatosenoticias.com.br\/index.php\/2025\/05\/06\/el-salvador-registra-mais-de-900-dias-sem-homicidios-desde-que-direitista-bukele-assumiu-a-presidencia\/#primaryimage"},"thumbnailUrl":"https:\/\/jornalfatosenoticias.com.br\/wp-content\/uploads\/2025\/05\/nayib-bukele_gettyimages.jpg","keywords":["El Salvador","homic\u00eddios","Nayib Bukele","organiza\u00e7\u00f5es criminosas","seguran\u00e7a"],"articleSection":["Internacional"],"inLanguage":"pt-BR","potentialAction":[{"@type":"CommentAction","name":"Comment","target":["https:\/\/jornalfatosenoticias.com.br\/index.php\/2025\/05\/06\/el-salvador-registra-mais-de-900-dias-sem-homicidios-desde-que-direitista-bukele-assumiu-a-presidencia\/#respond"]}]},{"@type":"WebPage","@id":"https:\/\/jornalfatosenoticias.com.br\/index.php\/2025\/05\/06\/el-salvador-registra-mais-de-900-dias-sem-homicidios-desde-que-direitista-bukele-assumiu-a-presidencia\/","url":"https:\/\/jornalfatosenoticias.com.br\/index.php\/2025\/05\/06\/el-salvador-registra-mais-de-900-dias-sem-homicidios-desde-que-direitista-bukele-assumiu-a-presidencia\/","name":"El Salvador registra mais de 900 dias sem homic\u00eddios desde que direitista Bukele assumiu a presid\u00eancia - Jornal Fatos e Not\u00edcias","isPartOf":{"@id":"https:\/\/jornalfatosenoticias.com.br\/#website"},"primaryImageOfPage":{"@id":"https:\/\/jornalfatosenoticias.com.br\/index.php\/2025\/05\/06\/el-salvador-registra-mais-de-900-dias-sem-homicidios-desde-que-direitista-bukele-assumiu-a-presidencia\/#primaryimage"},"image":{"@id":"https:\/\/jornalfatosenoticias.com.br\/index.php\/2025\/05\/06\/el-salvador-registra-mais-de-900-dias-sem-homicidios-desde-que-direitista-bukele-assumiu-a-presidencia\/#primaryimage"},"thumbnailUrl":"https:\/\/jornalfatosenoticias.com.br\/wp-content\/uploads\/2025\/05\/nayib-bukele_gettyimages.jpg","datePublished":"2025-05-06T18:34:49+00:00","dateModified":"2025-05-06T18:34:50+00:00","breadcrumb":{"@id":"https:\/\/jornalfatosenoticias.com.br\/index.php\/2025\/05\/06\/el-salvador-registra-mais-de-900-dias-sem-homicidios-desde-que-direitista-bukele-assumiu-a-presidencia\/#breadcrumb"},"inLanguage":"pt-BR","potentialAction":[{"@type":"ReadAction","target":["https:\/\/jornalfatosenoticias.com.br\/index.php\/2025\/05\/06\/el-salvador-registra-mais-de-900-dias-sem-homicidios-desde-que-direitista-bukele-assumiu-a-presidencia\/"]}]},{"@type":"ImageObject","inLanguage":"pt-BR","@id":"https:\/\/jornalfatosenoticias.com.br\/index.php\/2025\/05\/06\/el-salvador-registra-mais-de-900-dias-sem-homicidios-desde-que-direitista-bukele-assumiu-a-presidencia\/#primaryimage","url":"https:\/\/jornalfatosenoticias.com.br\/wp-content\/uploads\/2025\/05\/nayib-bukele_gettyimages.jpg","contentUrl":"https:\/\/jornalfatosenoticias.com.br\/wp-content\/uploads\/2025\/05\/nayib-bukele_gettyimages.jpg","width":612,"height":408,"caption":"El Salvador's President Nayib Bukele waves during the inauguration of the Key Institute, a private institution of higher education specializing in engineering and science in San Salvador on March 19, 2025. (Photo by Marvin RECINOS \/ AFP) (Photo by MARVIN RECINOS\/AFP via Getty Images)"},{"@type":"BreadcrumbList","@id":"https:\/\/jornalfatosenoticias.com.br\/index.php\/2025\/05\/06\/el-salvador-registra-mais-de-900-dias-sem-homicidios-desde-que-direitista-bukele-assumiu-a-presidencia\/#breadcrumb","itemListElement":[{"@type":"ListItem","position":1,"name":"In\u00edcio","item":"https:\/\/jornalfatosenoticias.com.br\/"},{"@type":"ListItem","position":2,"name":"El Salvador registra mais de 900 dias sem homic\u00eddios desde que direitista Bukele assumiu a presid\u00eancia"}]},{"@type":"WebSite","@id":"https:\/\/jornalfatosenoticias.com.br\/#website","url":"https:\/\/jornalfatosenoticias.com.br\/","name":"Jornal Fatos e Not\u00edcias","description":"Not\u00edcias em geral","publisher":{"@id":"https:\/\/jornalfatosenoticias.com.br\/#organization"},"potentialAction":[{"@type":"SearchAction","target":{"@type":"EntryPoint","urlTemplate":"https:\/\/jornalfatosenoticias.com.br\/?s={search_term_string}"},"query-input":{"@type":"PropertyValueSpecification","valueRequired":true,"valueName":"search_term_string"}}],"inLanguage":"pt-BR"},{"@type":"Organization","@id":"https:\/\/jornalfatosenoticias.com.br\/#organization","name":"Jornal Fatos e Not\u00edcias","url":"https:\/\/jornalfatosenoticias.com.br\/","logo":{"@type":"ImageObject","inLanguage":"pt-BR","@id":"https:\/\/jornalfatosenoticias.com.br\/#\/schema\/logo\/image\/","url":"https:\/\/jornalfatosenoticias.com.br\/wp-content\/uploads\/2020\/02\/logo120.png","contentUrl":"https:\/\/jornalfatosenoticias.com.br\/wp-content\/uploads\/2020\/02\/logo120.png","width":1227,"height":120,"caption":"Jornal Fatos e Not\u00edcias"},"image":{"@id":"https:\/\/jornalfatosenoticias.com.br\/#\/schema\/logo\/image\/"}},{"@type":"Person","@id":"https:\/\/jornalfatosenoticias.com.br\/#\/schema\/person\/d63837fa13ac8666eb9e74e0985d6f81","name":"Luzimara Fernandes","image":{"@type":"ImageObject","inLanguage":"pt-BR","@id":"https:\/\/jornalfatosenoticias.com.br\/#\/schema\/person\/image\/","url":"https:\/\/jornalfatosenoticias.com.br\/wp-content\/uploads\/2025\/05\/EU_portal.jpg","contentUrl":"https:\/\/jornalfatosenoticias.com.br\/wp-content\/uploads\/2025\/05\/EU_portal.jpg","caption":"Luzimara Fernandes"},"description":"Jornalista MTB 2358-ES","sameAs":["https:\/\/jornalfatosenoticias.com.br"],"url":"https:\/\/jornalfatosenoticias.com.br\/index.php\/author\/luzimara\/"}]}},"cc_featured_image_caption":{"caption_text":"(Foto: Getty Images)","source_text":"","source_url":""},"jetpack_featured_media_url":"https:\/\/jornalfatosenoticias.com.br\/wp-content\/uploads\/2025\/05\/nayib-bukele_gettyimages.jpg","_links":{"self":[{"href":"https:\/\/jornalfatosenoticias.com.br\/index.php\/wp-json\/wp\/v2\/posts\/58994","targetHints":{"allow":["GET"]}}],"collection":[{"href":"https:\/\/jornalfatosenoticias.com.br\/index.php\/wp-json\/wp\/v2\/posts"}],"about":[{"href":"https:\/\/jornalfatosenoticias.com.br\/index.php\/wp-json\/wp\/v2\/types\/post"}],"author":[{"embeddable":true,"href":"https:\/\/jornalfatosenoticias.com.br\/index.php\/wp-json\/wp\/v2\/users\/2"}],"replies":[{"embeddable":true,"href":"https:\/\/jornalfatosenoticias.com.br\/index.php\/wp-json\/wp\/v2\/comments?post=58994"}],"version-history":[{"count":0,"href":"https:\/\/jornalfatosenoticias.com.br\/index.php\/wp-json\/wp\/v2\/posts\/58994\/revisions"}],"wp:featuredmedia":[{"embeddable":true,"href":"https:\/\/jornalfatosenoticias.com.br\/index.php\/wp-json\/wp\/v2\/media\/58995"}],"wp:attachment":[{"href":"https:\/\/jornalfatosenoticias.com.br\/index.php\/wp-json\/wp\/v2\/media?parent=58994"}],"wp:term":[{"taxonomy":"category","embeddable":true,"href":"https:\/\/jornalfatosenoticias.com.br\/index.php\/wp-json\/wp\/v2\/categories?post=58994"},{"taxonomy":"post_tag","embeddable":true,"href":"https:\/\/jornalfatosenoticias.com.br\/index.php\/wp-json\/wp\/v2\/tags?post=58994"}],"curies":[{"name":"wp","href":"https:\/\/api.w.org\/{rel}","templated":true}]}}