{"id":59000,"date":"2025-05-07T10:20:29","date_gmt":"2025-05-07T13:20:29","guid":{"rendered":"https:\/\/jornalfatosenoticias.com.br\/?p=59000"},"modified":"2025-05-07T10:20:30","modified_gmt":"2025-05-07T13:20:30","slug":"camara-aprova-projeto-que-amplia-numero-de-deputados-com-impacto-de-r-65-milhoes-ao-ano","status":"publish","type":"post","link":"https:\/\/jornalfatosenoticias.com.br\/index.php\/2025\/05\/07\/camara-aprova-projeto-que-amplia-numero-de-deputados-com-impacto-de-r-65-milhoes-ao-ano\/","title":{"rendered":"C\u00e2mara aprova projeto que amplia n\u00famero de deputados com impacto de R$ 65 milh\u00f5es ao ano"},"content":{"rendered":"\n<p><em><span class=\"has-inline-color has-black-color\">Vota\u00e7\u00e3o do projeto que cria mais 18 vagas de deputados federais dividiu a C\u00e2mara<\/span><\/em><\/p>\n\n\n\n<p><span class=\"has-inline-color has-black-color\">Por <strong><a href=\"https:\/\/www.gazetadopovo.com.br\/autor\/camila-abrao\/\">Camila Abr\u00e3o<\/a><\/strong><\/span><\/p>\n\n\n\n<div class=\"wp-block-image\"><figure class=\"aligncenter size-large is-resized\"><a href=\"https:\/\/www.facebook.com\/vetor.vix\/\"><img loading=\"lazy\" decoding=\"async\" src=\"https:\/\/jornalfatosenoticias.com.br\/wp-content\/uploads\/2023\/09\/vetorvix1024_1.jpg\" alt=\"\" class=\"wp-image-44868\" width=\"535\" height=\"142\" srcset=\"https:\/\/jornalfatosenoticias.com.br\/wp-content\/uploads\/2023\/09\/vetorvix1024_1.jpg 1024w, https:\/\/jornalfatosenoticias.com.br\/wp-content\/uploads\/2023\/09\/vetorvix1024_1-300x80.jpg 300w, https:\/\/jornalfatosenoticias.com.br\/wp-content\/uploads\/2023\/09\/vetorvix1024_1-768x205.jpg 768w\" sizes=\"auto, (max-width: 535px) 100vw, 535px\" \/><\/a><\/figure><\/div>\n\n\n\n<p>A C\u00e2mara dos Deputados aprovou, na noite desta ter\u00e7a-feira (6), o projeto que aumenta de 513 para 531 o n\u00famero de vagas na Casa. O impacto or\u00e7ament\u00e1rio da medida \u00e9 estimado em R$ 64,8 milh\u00f5es ao ano. A proposta dividiu os parlamentares e recebeu 270 votos a favor e 207 contra. O texto segue para an\u00e1lise do Senado.<br>A Constitui\u00e7\u00e3o Federal estabelece que as vagas devem ser proporcionais \u00e0 popula\u00e7\u00e3o dos Estados. Em 2023, o Supremo Tribunal Federal (STF) determinou que o Congresso deveria aprovar a redistribui\u00e7\u00e3o de acordo com o Censo de 2022, sob pena de o Tribunal Superior Eleitoral (TSE) realiz\u00e1-la. O prazo dado pela Corte acaba em 30 de junho.<\/p>\n\n\n\n<div class=\"wp-block-image\"><figure class=\"aligncenter size-large is-resized\"><a href=\"https:\/\/www.instagram.com\/rcradiadores\/\"><img loading=\"lazy\" decoding=\"async\" src=\"https:\/\/jornalfatosenoticias.com.br\/wp-content\/uploads\/2022\/10\/RC_800x750_page-0001.jpg\" alt=\"\" class=\"wp-image-35338\" width=\"309\" height=\"290\" srcset=\"https:\/\/jornalfatosenoticias.com.br\/wp-content\/uploads\/2022\/10\/RC_800x750_page-0001.jpg 400w, https:\/\/jornalfatosenoticias.com.br\/wp-content\/uploads\/2022\/10\/RC_800x750_page-0001-300x281.jpg 300w\" sizes=\"auto, (max-width: 309px) 100vw, 309px\" \/><\/a><\/figure><\/div>\n\n\n\n<p>O deputado Dami\u00e3o Feliciano (Uni\u00e3o-PB), relator do projeto, optou por adequar a regra e n\u00e3o considerar apenas o resultado do Censo, adotando uma abordagem pol\u00edtica em vez do c\u00e1lculo diretamente proporcional previsto na Lei Complementar 78\/93, revogada pelo texto. &#8220;Estamos a falar de um acr\u00e9scimo modesto de 3,5%, enquanto a popula\u00e7\u00e3o nos \u00faltimos 40 anos cresceu mais de 40%&#8221;, afirmou. O parecer prev\u00ea que o Tribunal de Contas da Uni\u00e3o (TCU) dever\u00e1 fiscalizar os dados do Censo. Al\u00e9m disso, partidos pol\u00edticos ou governos estaduais poder\u00e3o questionar os dados na Justi\u00e7a.<\/p>\n\n\n\n<div class=\"wp-block-image\"><figure class=\"aligncenter size-large is-resized\"><a href=\"https:\/\/www.controlsystems.com.br\/\"><img loading=\"lazy\" decoding=\"async\" src=\"https:\/\/jornalfatosenoticias.com.br\/wp-content\/uploads\/2020\/02\/CONTROL-CS.jpg\" alt=\"\" class=\"wp-image-44991\" width=\"284\" height=\"341\" srcset=\"https:\/\/jornalfatosenoticias.com.br\/wp-content\/uploads\/2020\/02\/CONTROL-CS.jpg 834w, https:\/\/jornalfatosenoticias.com.br\/wp-content\/uploads\/2020\/02\/CONTROL-CS-250x300.jpg 250w, https:\/\/jornalfatosenoticias.com.br\/wp-content\/uploads\/2020\/02\/CONTROL-CS-768x921.jpg 768w\" sizes=\"auto, (max-width: 284px) 100vw, 284px\" \/><\/a><\/figure><\/div>\n\n\n\n<p>Segundo o texto aprovado, nenhum estado perder\u00e1 vagas na Casa. A mudan\u00e7a deve entrar em vigor na legislatura de 2027, caso seja aprovada pelo Senado e sancionada pelo presidente da Rep\u00fablica. Oito estados poder\u00e3o ser beneficiados com mais cadeiras, pois registraram aumento em suas popula\u00e7\u00f5es: Santa Catarina e Par\u00e1 ter\u00e3o quatro deputados a mais cada; Amazonas, Mato Grosso e Rio Grande do Norte ter\u00e3o dois deputados a mais; j\u00e1 Cear\u00e1, Goi\u00e1s, Paran\u00e1 e Minas Gerais ter\u00e3o direito a uma vaga extra na C\u00e2mara cada.<\/p>\n\n\n\n<div class=\"wp-block-image\"><figure class=\"aligncenter size-large is-resized\"><a href=\"https:\/\/www.instagram.com\/gruposei\/\"><img loading=\"lazy\" decoding=\"async\" src=\"https:\/\/jornalfatosenoticias.com.br\/wp-content\/uploads\/2022\/07\/Logo-Grupo-SEI.jpg\" alt=\"\" class=\"wp-image-31973\" width=\"409\" height=\"215\" srcset=\"https:\/\/jornalfatosenoticias.com.br\/wp-content\/uploads\/2022\/07\/Logo-Grupo-SEI.jpg 713w, https:\/\/jornalfatosenoticias.com.br\/wp-content\/uploads\/2022\/07\/Logo-Grupo-SEI-300x158.jpg 300w\" sizes=\"auto, (max-width: 409px) 100vw, 409px\" \/><\/a><\/figure><\/div>\n\n\n\n<p>A Diretoria-Geral da C\u00e2mara apontou que o impacto financeiro da iniciativa ser\u00e1 absorvido pelas previs\u00f5es or\u00e7ament\u00e1rias de 2027, quando come\u00e7a a pr\u00f3xima legislatura com a redistribui\u00e7\u00e3o das cadeiras. Outro impacto que dever\u00e1 ser alocado \u00e9 o de emendas parlamentares que os novos representantes passar\u00e3o a ter direito de indicar no \u00e2mbito do Or\u00e7amento da Uni\u00e3o, informou a Ag\u00eancia C\u00e2mara. O projeto tamb\u00e9m altera as vagas nas Assembleias Legislativas. Os estados que passam de oito deputados federais (24 estaduais) para 10, por exemplo, ter\u00e3o assembleias com 30 deputados estaduais (tr\u00eas vezes mais).<\/p>\n\n\n\n<div class=\"wp-block-image\"><figure class=\"aligncenter size-large is-resized\"><a href=\"https:\/\/www.facebook.com\/profile.php?id=100069289606145\"><img loading=\"lazy\" decoding=\"async\" src=\"https:\/\/jornalfatosenoticias.com.br\/wp-content\/uploads\/2024\/11\/Guaitolini-Contabilidade-1024x714.jpeg\" alt=\"\" class=\"wp-image-55808\" width=\"327\" height=\"228\" srcset=\"https:\/\/jornalfatosenoticias.com.br\/wp-content\/uploads\/2024\/11\/Guaitolini-Contabilidade-1024x714.jpeg 1024w, https:\/\/jornalfatosenoticias.com.br\/wp-content\/uploads\/2024\/11\/Guaitolini-Contabilidade-300x209.jpeg 300w, https:\/\/jornalfatosenoticias.com.br\/wp-content\/uploads\/2024\/11\/Guaitolini-Contabilidade-768x535.jpeg 768w, https:\/\/jornalfatosenoticias.com.br\/wp-content\/uploads\/2024\/11\/Guaitolini-Contabilidade.jpeg 1280w\" sizes=\"auto, (max-width: 327px) 100vw, 327px\" \/><\/a><\/figure><\/div>\n\n\n\n<p><strong>Fonte: <a href=\"https:\/\/www.gazetadopovo.com.br\/republica\/camara-aprova-projeto-que-amplia-numero-de-deputados\/\">Gazeta do Povo<\/a><\/strong><\/p>\n","protected":false},"excerpt":{"rendered":"<p>Vota\u00e7\u00e3o do projeto que cria mais 18 vagas de deputados federais dividiu a C\u00e2mara Por Camila Abr\u00e3o A C\u00e2mara dos Deputados aprovou, na noite desta ter\u00e7a-feira (6), o projeto que aumenta de 513 para 531 o n\u00famero de vagas na Casa. O impacto or\u00e7ament\u00e1rio da medida \u00e9 estimado em R$ 64,8 milh\u00f5es ao ano. A [&hellip;]<\/p>\n","protected":false},"author":2,"featured_media":59001,"comment_status":"open","ping_status":"open","sticky":false,"template":"","format":"standard","meta":{"footnotes":""},"categories":[10],"tags":[982,26926,294,1514],"class_list":["post-59000","post","type-post","status-publish","format-standard","has-post-thumbnail","hentry","category-politica","tag-camara-dos-deputados","tag-damiao-feliciano","tag-stf","tag-tse"],"yoast_head":"<!-- This site is optimized with the Yoast SEO plugin v26.5 - https:\/\/yoast.com\/wordpress\/plugins\/seo\/ -->\n<title>C\u00e2mara aprova projeto que amplia n\u00famero de deputados com impacto de R$ 65 milh\u00f5es ao ano - Jornal Fatos e Not\u00edcias<\/title>\n<meta name=\"robots\" content=\"index, follow, max-snippet:-1, max-image-preview:large, max-video-preview:-1\" \/>\n<link rel=\"canonical\" href=\"https:\/\/jornalfatosenoticias.com.br\/index.php\/2025\/05\/07\/camara-aprova-projeto-que-amplia-numero-de-deputados-com-impacto-de-r-65-milhoes-ao-ano\/\" \/>\n<meta property=\"og:locale\" content=\"pt_BR\" \/>\n<meta property=\"og:type\" content=\"article\" \/>\n<meta property=\"og:title\" content=\"C\u00e2mara aprova projeto que amplia n\u00famero de deputados com impacto de R$ 65 milh\u00f5es ao ano - Jornal Fatos e Not\u00edcias\" \/>\n<meta property=\"og:description\" content=\"Vota\u00e7\u00e3o do projeto que cria mais 18 vagas de deputados federais dividiu a C\u00e2mara Por Camila Abr\u00e3o A C\u00e2mara dos Deputados aprovou, na noite desta ter\u00e7a-feira (6), o projeto que aumenta de 513 para 531 o n\u00famero de vagas na Casa. O impacto or\u00e7ament\u00e1rio da medida \u00e9 estimado em R$ 64,8 milh\u00f5es ao ano. A [&hellip;]\" \/>\n<meta property=\"og:url\" content=\"https:\/\/jornalfatosenoticias.com.br\/index.php\/2025\/05\/07\/camara-aprova-projeto-que-amplia-numero-de-deputados-com-impacto-de-r-65-milhoes-ao-ano\/\" \/>\n<meta property=\"og:site_name\" content=\"Jornal Fatos e Not\u00edcias\" \/>\n<meta property=\"article:published_time\" content=\"2025-05-07T13:20:29+00:00\" \/>\n<meta property=\"article:modified_time\" content=\"2025-05-07T13:20:30+00:00\" \/>\n<meta property=\"og:image\" content=\"https:\/\/jornalfatosenoticias.com.br\/wp-content\/uploads\/2025\/05\/camara-deputados-vagas.jpg\" \/>\n\t<meta property=\"og:image:width\" content=\"1000\" \/>\n\t<meta property=\"og:image:height\" content=\"616\" \/>\n\t<meta property=\"og:image:type\" content=\"image\/jpeg\" \/>\n<meta name=\"author\" content=\"Luzimara Fernandes\" \/>\n<meta name=\"twitter:card\" content=\"summary_large_image\" \/>\n<meta name=\"twitter:label1\" content=\"Escrito por\" \/>\n\t<meta name=\"twitter:data1\" content=\"Luzimara Fernandes\" \/>\n\t<meta name=\"twitter:label2\" content=\"Est. tempo de leitura\" \/>\n\t<meta name=\"twitter:data2\" content=\"2 minutos\" \/>\n<script type=\"application\/ld+json\" class=\"yoast-schema-graph\">{\"@context\":\"https:\/\/schema.org\",\"@graph\":[{\"@type\":\"Article\",\"@id\":\"https:\/\/jornalfatosenoticias.com.br\/index.php\/2025\/05\/07\/camara-aprova-projeto-que-amplia-numero-de-deputados-com-impacto-de-r-65-milhoes-ao-ano\/#article\",\"isPartOf\":{\"@id\":\"https:\/\/jornalfatosenoticias.com.br\/index.php\/2025\/05\/07\/camara-aprova-projeto-que-amplia-numero-de-deputados-com-impacto-de-r-65-milhoes-ao-ano\/\"},\"author\":{\"name\":\"Luzimara Fernandes\",\"@id\":\"https:\/\/jornalfatosenoticias.com.br\/#\/schema\/person\/d63837fa13ac8666eb9e74e0985d6f81\"},\"headline\":\"C\u00e2mara aprova projeto que amplia n\u00famero de deputados com impacto de R$ 65 milh\u00f5es ao ano\",\"datePublished\":\"2025-05-07T13:20:29+00:00\",\"dateModified\":\"2025-05-07T13:20:30+00:00\",\"mainEntityOfPage\":{\"@id\":\"https:\/\/jornalfatosenoticias.com.br\/index.php\/2025\/05\/07\/camara-aprova-projeto-que-amplia-numero-de-deputados-com-impacto-de-r-65-milhoes-ao-ano\/\"},\"wordCount\":445,\"commentCount\":0,\"publisher\":{\"@id\":\"https:\/\/jornalfatosenoticias.com.br\/#organization\"},\"image\":{\"@id\":\"https:\/\/jornalfatosenoticias.com.br\/index.php\/2025\/05\/07\/camara-aprova-projeto-que-amplia-numero-de-deputados-com-impacto-de-r-65-milhoes-ao-ano\/#primaryimage\"},\"thumbnailUrl\":\"https:\/\/jornalfatosenoticias.com.br\/wp-content\/uploads\/2025\/05\/camara-deputados-vagas.jpg\",\"keywords\":[\"C\u00e2mara dos Deputados\",\"Dami\u00e3o Feliciano\",\"STF\",\"TSE\"],\"articleSection\":[\"Pol\u00edtica\"],\"inLanguage\":\"pt-BR\",\"potentialAction\":[{\"@type\":\"CommentAction\",\"name\":\"Comment\",\"target\":[\"https:\/\/jornalfatosenoticias.com.br\/index.php\/2025\/05\/07\/camara-aprova-projeto-que-amplia-numero-de-deputados-com-impacto-de-r-65-milhoes-ao-ano\/#respond\"]}]},{\"@type\":\"WebPage\",\"@id\":\"https:\/\/jornalfatosenoticias.com.br\/index.php\/2025\/05\/07\/camara-aprova-projeto-que-amplia-numero-de-deputados-com-impacto-de-r-65-milhoes-ao-ano\/\",\"url\":\"https:\/\/jornalfatosenoticias.com.br\/index.php\/2025\/05\/07\/camara-aprova-projeto-que-amplia-numero-de-deputados-com-impacto-de-r-65-milhoes-ao-ano\/\",\"name\":\"C\u00e2mara aprova projeto que amplia n\u00famero de deputados com impacto de R$ 65 milh\u00f5es ao ano - Jornal Fatos e Not\u00edcias\",\"isPartOf\":{\"@id\":\"https:\/\/jornalfatosenoticias.com.br\/#website\"},\"primaryImageOfPage\":{\"@id\":\"https:\/\/jornalfatosenoticias.com.br\/index.php\/2025\/05\/07\/camara-aprova-projeto-que-amplia-numero-de-deputados-com-impacto-de-r-65-milhoes-ao-ano\/#primaryimage\"},\"image\":{\"@id\":\"https:\/\/jornalfatosenoticias.com.br\/index.php\/2025\/05\/07\/camara-aprova-projeto-que-amplia-numero-de-deputados-com-impacto-de-r-65-milhoes-ao-ano\/#primaryimage\"},\"thumbnailUrl\":\"https:\/\/jornalfatosenoticias.com.br\/wp-content\/uploads\/2025\/05\/camara-deputados-vagas.jpg\",\"datePublished\":\"2025-05-07T13:20:29+00:00\",\"dateModified\":\"2025-05-07T13:20:30+00:00\",\"breadcrumb\":{\"@id\":\"https:\/\/jornalfatosenoticias.com.br\/index.php\/2025\/05\/07\/camara-aprova-projeto-que-amplia-numero-de-deputados-com-impacto-de-r-65-milhoes-ao-ano\/#breadcrumb\"},\"inLanguage\":\"pt-BR\",\"potentialAction\":[{\"@type\":\"ReadAction\",\"target\":[\"https:\/\/jornalfatosenoticias.com.br\/index.php\/2025\/05\/07\/camara-aprova-projeto-que-amplia-numero-de-deputados-com-impacto-de-r-65-milhoes-ao-ano\/\"]}]},{\"@type\":\"ImageObject\",\"inLanguage\":\"pt-BR\",\"@id\":\"https:\/\/jornalfatosenoticias.com.br\/index.php\/2025\/05\/07\/camara-aprova-projeto-que-amplia-numero-de-deputados-com-impacto-de-r-65-milhoes-ao-ano\/#primaryimage\",\"url\":\"https:\/\/jornalfatosenoticias.com.br\/wp-content\/uploads\/2025\/05\/camara-deputados-vagas.jpg\",\"contentUrl\":\"https:\/\/jornalfatosenoticias.com.br\/wp-content\/uploads\/2025\/05\/camara-deputados-vagas.jpg\",\"width\":1000,\"height\":616},{\"@type\":\"BreadcrumbList\",\"@id\":\"https:\/\/jornalfatosenoticias.com.br\/index.php\/2025\/05\/07\/camara-aprova-projeto-que-amplia-numero-de-deputados-com-impacto-de-r-65-milhoes-ao-ano\/#breadcrumb\",\"itemListElement\":[{\"@type\":\"ListItem\",\"position\":1,\"name\":\"In\u00edcio\",\"item\":\"https:\/\/jornalfatosenoticias.com.br\/\"},{\"@type\":\"ListItem\",\"position\":2,\"name\":\"C\u00e2mara aprova projeto que amplia n\u00famero de deputados com impacto de R$ 65 milh\u00f5es ao ano\"}]},{\"@type\":\"WebSite\",\"@id\":\"https:\/\/jornalfatosenoticias.com.br\/#website\",\"url\":\"https:\/\/jornalfatosenoticias.com.br\/\",\"name\":\"Jornal Fatos e Not\u00edcias\",\"description\":\"Not\u00edcias em geral\",\"publisher\":{\"@id\":\"https:\/\/jornalfatosenoticias.com.br\/#organization\"},\"potentialAction\":[{\"@type\":\"SearchAction\",\"target\":{\"@type\":\"EntryPoint\",\"urlTemplate\":\"https:\/\/jornalfatosenoticias.com.br\/?s={search_term_string}\"},\"query-input\":{\"@type\":\"PropertyValueSpecification\",\"valueRequired\":true,\"valueName\":\"search_term_string\"}}],\"inLanguage\":\"pt-BR\"},{\"@type\":\"Organization\",\"@id\":\"https:\/\/jornalfatosenoticias.com.br\/#organization\",\"name\":\"Jornal Fatos e Not\u00edcias\",\"url\":\"https:\/\/jornalfatosenoticias.com.br\/\",\"logo\":{\"@type\":\"ImageObject\",\"inLanguage\":\"pt-BR\",\"@id\":\"https:\/\/jornalfatosenoticias.com.br\/#\/schema\/logo\/image\/\",\"url\":\"https:\/\/jornalfatosenoticias.com.br\/wp-content\/uploads\/2020\/02\/logo120.png\",\"contentUrl\":\"https:\/\/jornalfatosenoticias.com.br\/wp-content\/uploads\/2020\/02\/logo120.png\",\"width\":1227,\"height\":120,\"caption\":\"Jornal Fatos e Not\u00edcias\"},\"image\":{\"@id\":\"https:\/\/jornalfatosenoticias.com.br\/#\/schema\/logo\/image\/\"}},{\"@type\":\"Person\",\"@id\":\"https:\/\/jornalfatosenoticias.com.br\/#\/schema\/person\/d63837fa13ac8666eb9e74e0985d6f81\",\"name\":\"Luzimara Fernandes\",\"image\":{\"@type\":\"ImageObject\",\"inLanguage\":\"pt-BR\",\"@id\":\"https:\/\/jornalfatosenoticias.com.br\/#\/schema\/person\/image\/\",\"url\":\"https:\/\/jornalfatosenoticias.com.br\/wp-content\/uploads\/2025\/05\/EU_portal.jpg\",\"contentUrl\":\"https:\/\/jornalfatosenoticias.com.br\/wp-content\/uploads\/2025\/05\/EU_portal.jpg\",\"caption\":\"Luzimara Fernandes\"},\"description\":\"Jornalista MTB 2358-ES\",\"sameAs\":[\"https:\/\/jornalfatosenoticias.com.br\"],\"url\":\"https:\/\/jornalfatosenoticias.com.br\/index.php\/author\/luzimara\/\"}]}<\/script>\n<!-- \/ Yoast SEO plugin. -->","yoast_head_json":{"title":"C\u00e2mara aprova projeto que amplia n\u00famero de deputados com impacto de R$ 65 milh\u00f5es ao ano - Jornal Fatos e Not\u00edcias","robots":{"index":"index","follow":"follow","max-snippet":"max-snippet:-1","max-image-preview":"max-image-preview:large","max-video-preview":"max-video-preview:-1"},"canonical":"https:\/\/jornalfatosenoticias.com.br\/index.php\/2025\/05\/07\/camara-aprova-projeto-que-amplia-numero-de-deputados-com-impacto-de-r-65-milhoes-ao-ano\/","og_locale":"pt_BR","og_type":"article","og_title":"C\u00e2mara aprova projeto que amplia n\u00famero de deputados com impacto de R$ 65 milh\u00f5es ao ano - Jornal Fatos e Not\u00edcias","og_description":"Vota\u00e7\u00e3o do projeto que cria mais 18 vagas de deputados federais dividiu a C\u00e2mara Por Camila Abr\u00e3o A C\u00e2mara dos Deputados aprovou, na noite desta ter\u00e7a-feira (6), o projeto que aumenta de 513 para 531 o n\u00famero de vagas na Casa. O impacto or\u00e7ament\u00e1rio da medida \u00e9 estimado em R$ 64,8 milh\u00f5es ao ano. A [&hellip;]","og_url":"https:\/\/jornalfatosenoticias.com.br\/index.php\/2025\/05\/07\/camara-aprova-projeto-que-amplia-numero-de-deputados-com-impacto-de-r-65-milhoes-ao-ano\/","og_site_name":"Jornal Fatos e Not\u00edcias","article_published_time":"2025-05-07T13:20:29+00:00","article_modified_time":"2025-05-07T13:20:30+00:00","og_image":[{"width":1000,"height":616,"url":"https:\/\/jornalfatosenoticias.com.br\/wp-content\/uploads\/2025\/05\/camara-deputados-vagas.jpg","type":"image\/jpeg"}],"author":"Luzimara Fernandes","twitter_card":"summary_large_image","twitter_misc":{"Escrito por":"Luzimara Fernandes","Est. tempo de leitura":"2 minutos"},"schema":{"@context":"https:\/\/schema.org","@graph":[{"@type":"Article","@id":"https:\/\/jornalfatosenoticias.com.br\/index.php\/2025\/05\/07\/camara-aprova-projeto-que-amplia-numero-de-deputados-com-impacto-de-r-65-milhoes-ao-ano\/#article","isPartOf":{"@id":"https:\/\/jornalfatosenoticias.com.br\/index.php\/2025\/05\/07\/camara-aprova-projeto-que-amplia-numero-de-deputados-com-impacto-de-r-65-milhoes-ao-ano\/"},"author":{"name":"Luzimara Fernandes","@id":"https:\/\/jornalfatosenoticias.com.br\/#\/schema\/person\/d63837fa13ac8666eb9e74e0985d6f81"},"headline":"C\u00e2mara aprova projeto que amplia n\u00famero de deputados com impacto de R$ 65 milh\u00f5es ao ano","datePublished":"2025-05-07T13:20:29+00:00","dateModified":"2025-05-07T13:20:30+00:00","mainEntityOfPage":{"@id":"https:\/\/jornalfatosenoticias.com.br\/index.php\/2025\/05\/07\/camara-aprova-projeto-que-amplia-numero-de-deputados-com-impacto-de-r-65-milhoes-ao-ano\/"},"wordCount":445,"commentCount":0,"publisher":{"@id":"https:\/\/jornalfatosenoticias.com.br\/#organization"},"image":{"@id":"https:\/\/jornalfatosenoticias.com.br\/index.php\/2025\/05\/07\/camara-aprova-projeto-que-amplia-numero-de-deputados-com-impacto-de-r-65-milhoes-ao-ano\/#primaryimage"},"thumbnailUrl":"https:\/\/jornalfatosenoticias.com.br\/wp-content\/uploads\/2025\/05\/camara-deputados-vagas.jpg","keywords":["C\u00e2mara dos Deputados","Dami\u00e3o Feliciano","STF","TSE"],"articleSection":["Pol\u00edtica"],"inLanguage":"pt-BR","potentialAction":[{"@type":"CommentAction","name":"Comment","target":["https:\/\/jornalfatosenoticias.com.br\/index.php\/2025\/05\/07\/camara-aprova-projeto-que-amplia-numero-de-deputados-com-impacto-de-r-65-milhoes-ao-ano\/#respond"]}]},{"@type":"WebPage","@id":"https:\/\/jornalfatosenoticias.com.br\/index.php\/2025\/05\/07\/camara-aprova-projeto-que-amplia-numero-de-deputados-com-impacto-de-r-65-milhoes-ao-ano\/","url":"https:\/\/jornalfatosenoticias.com.br\/index.php\/2025\/05\/07\/camara-aprova-projeto-que-amplia-numero-de-deputados-com-impacto-de-r-65-milhoes-ao-ano\/","name":"C\u00e2mara aprova projeto que amplia n\u00famero de deputados com impacto de R$ 65 milh\u00f5es ao ano - Jornal Fatos e Not\u00edcias","isPartOf":{"@id":"https:\/\/jornalfatosenoticias.com.br\/#website"},"primaryImageOfPage":{"@id":"https:\/\/jornalfatosenoticias.com.br\/index.php\/2025\/05\/07\/camara-aprova-projeto-que-amplia-numero-de-deputados-com-impacto-de-r-65-milhoes-ao-ano\/#primaryimage"},"image":{"@id":"https:\/\/jornalfatosenoticias.com.br\/index.php\/2025\/05\/07\/camara-aprova-projeto-que-amplia-numero-de-deputados-com-impacto-de-r-65-milhoes-ao-ano\/#primaryimage"},"thumbnailUrl":"https:\/\/jornalfatosenoticias.com.br\/wp-content\/uploads\/2025\/05\/camara-deputados-vagas.jpg","datePublished":"2025-05-07T13:20:29+00:00","dateModified":"2025-05-07T13:20:30+00:00","breadcrumb":{"@id":"https:\/\/jornalfatosenoticias.com.br\/index.php\/2025\/05\/07\/camara-aprova-projeto-que-amplia-numero-de-deputados-com-impacto-de-r-65-milhoes-ao-ano\/#breadcrumb"},"inLanguage":"pt-BR","potentialAction":[{"@type":"ReadAction","target":["https:\/\/jornalfatosenoticias.com.br\/index.php\/2025\/05\/07\/camara-aprova-projeto-que-amplia-numero-de-deputados-com-impacto-de-r-65-milhoes-ao-ano\/"]}]},{"@type":"ImageObject","inLanguage":"pt-BR","@id":"https:\/\/jornalfatosenoticias.com.br\/index.php\/2025\/05\/07\/camara-aprova-projeto-que-amplia-numero-de-deputados-com-impacto-de-r-65-milhoes-ao-ano\/#primaryimage","url":"https:\/\/jornalfatosenoticias.com.br\/wp-content\/uploads\/2025\/05\/camara-deputados-vagas.jpg","contentUrl":"https:\/\/jornalfatosenoticias.com.br\/wp-content\/uploads\/2025\/05\/camara-deputados-vagas.jpg","width":1000,"height":616},{"@type":"BreadcrumbList","@id":"https:\/\/jornalfatosenoticias.com.br\/index.php\/2025\/05\/07\/camara-aprova-projeto-que-amplia-numero-de-deputados-com-impacto-de-r-65-milhoes-ao-ano\/#breadcrumb","itemListElement":[{"@type":"ListItem","position":1,"name":"In\u00edcio","item":"https:\/\/jornalfatosenoticias.com.br\/"},{"@type":"ListItem","position":2,"name":"C\u00e2mara aprova projeto que amplia n\u00famero de deputados com impacto de R$ 65 milh\u00f5es ao ano"}]},{"@type":"WebSite","@id":"https:\/\/jornalfatosenoticias.com.br\/#website","url":"https:\/\/jornalfatosenoticias.com.br\/","name":"Jornal Fatos e Not\u00edcias","description":"Not\u00edcias em geral","publisher":{"@id":"https:\/\/jornalfatosenoticias.com.br\/#organization"},"potentialAction":[{"@type":"SearchAction","target":{"@type":"EntryPoint","urlTemplate":"https:\/\/jornalfatosenoticias.com.br\/?s={search_term_string}"},"query-input":{"@type":"PropertyValueSpecification","valueRequired":true,"valueName":"search_term_string"}}],"inLanguage":"pt-BR"},{"@type":"Organization","@id":"https:\/\/jornalfatosenoticias.com.br\/#organization","name":"Jornal Fatos e Not\u00edcias","url":"https:\/\/jornalfatosenoticias.com.br\/","logo":{"@type":"ImageObject","inLanguage":"pt-BR","@id":"https:\/\/jornalfatosenoticias.com.br\/#\/schema\/logo\/image\/","url":"https:\/\/jornalfatosenoticias.com.br\/wp-content\/uploads\/2020\/02\/logo120.png","contentUrl":"https:\/\/jornalfatosenoticias.com.br\/wp-content\/uploads\/2020\/02\/logo120.png","width":1227,"height":120,"caption":"Jornal Fatos e Not\u00edcias"},"image":{"@id":"https:\/\/jornalfatosenoticias.com.br\/#\/schema\/logo\/image\/"}},{"@type":"Person","@id":"https:\/\/jornalfatosenoticias.com.br\/#\/schema\/person\/d63837fa13ac8666eb9e74e0985d6f81","name":"Luzimara Fernandes","image":{"@type":"ImageObject","inLanguage":"pt-BR","@id":"https:\/\/jornalfatosenoticias.com.br\/#\/schema\/person\/image\/","url":"https:\/\/jornalfatosenoticias.com.br\/wp-content\/uploads\/2025\/05\/EU_portal.jpg","contentUrl":"https:\/\/jornalfatosenoticias.com.br\/wp-content\/uploads\/2025\/05\/EU_portal.jpg","caption":"Luzimara Fernandes"},"description":"Jornalista MTB 2358-ES","sameAs":["https:\/\/jornalfatosenoticias.com.br"],"url":"https:\/\/jornalfatosenoticias.com.br\/index.php\/author\/luzimara\/"}]}},"cc_featured_image_caption":{"caption_text":"(Foto: Bruno Spada\/C\u00e2mara dos Deputados)","source_text":"","source_url":""},"jetpack_featured_media_url":"https:\/\/jornalfatosenoticias.com.br\/wp-content\/uploads\/2025\/05\/camara-deputados-vagas.jpg","_links":{"self":[{"href":"https:\/\/jornalfatosenoticias.com.br\/index.php\/wp-json\/wp\/v2\/posts\/59000","targetHints":{"allow":["GET"]}}],"collection":[{"href":"https:\/\/jornalfatosenoticias.com.br\/index.php\/wp-json\/wp\/v2\/posts"}],"about":[{"href":"https:\/\/jornalfatosenoticias.com.br\/index.php\/wp-json\/wp\/v2\/types\/post"}],"author":[{"embeddable":true,"href":"https:\/\/jornalfatosenoticias.com.br\/index.php\/wp-json\/wp\/v2\/users\/2"}],"replies":[{"embeddable":true,"href":"https:\/\/jornalfatosenoticias.com.br\/index.php\/wp-json\/wp\/v2\/comments?post=59000"}],"version-history":[{"count":0,"href":"https:\/\/jornalfatosenoticias.com.br\/index.php\/wp-json\/wp\/v2\/posts\/59000\/revisions"}],"wp:featuredmedia":[{"embeddable":true,"href":"https:\/\/jornalfatosenoticias.com.br\/index.php\/wp-json\/wp\/v2\/media\/59001"}],"wp:attachment":[{"href":"https:\/\/jornalfatosenoticias.com.br\/index.php\/wp-json\/wp\/v2\/media?parent=59000"}],"wp:term":[{"taxonomy":"category","embeddable":true,"href":"https:\/\/jornalfatosenoticias.com.br\/index.php\/wp-json\/wp\/v2\/categories?post=59000"},{"taxonomy":"post_tag","embeddable":true,"href":"https:\/\/jornalfatosenoticias.com.br\/index.php\/wp-json\/wp\/v2\/tags?post=59000"}],"curies":[{"name":"wp","href":"https:\/\/api.w.org\/{rel}","templated":true}]}}