{"id":59003,"date":"2025-05-07T10:49:01","date_gmt":"2025-05-07T13:49:01","guid":{"rendered":"https:\/\/jornalfatosenoticias.com.br\/?p=59003"},"modified":"2025-05-07T10:49:02","modified_gmt":"2025-05-07T13:49:02","slug":"seis-por-meia-duzia-as-confusoes-do-novo-ministro-de-lula-em-meio-ao-escandalo-do-inss","status":"publish","type":"post","link":"https:\/\/jornalfatosenoticias.com.br\/index.php\/2025\/05\/07\/seis-por-meia-duzia-as-confusoes-do-novo-ministro-de-lula-em-meio-ao-escandalo-do-inss\/","title":{"rendered":"Seis por meia d\u00fazia: as confus\u00f5es do \u201cnovo\u201d ministro de Lula em meio ao esc\u00e2ndalo do INSS"},"content":{"rendered":"\n<p><em><span class=\"has-inline-color has-black-color\">O ministro Wolney Queiroz Maciel, que assume a Previd\u00eancia sob supeita de omiss\u00e3o<\/span><\/em><\/p>\n\n\n\n<p><span class=\"has-inline-color has-black-color\">Por <strong><a href=\"https:\/\/www.gazetadopovo.com.br\/autor\/aline-rechmann\/\">Aline Rechmann<\/a><\/strong><\/span><\/p>\n\n\n\n<div class=\"wp-block-image\"><figure class=\"aligncenter size-large\"><a href=\"https:\/\/mizu.com.br\/\"><img loading=\"lazy\" decoding=\"async\" width=\"729\" height=\"90\" src=\"https:\/\/jornalfatosenoticias.com.br\/wp-content\/uploads\/2020\/02\/Logo_Mizu.png\" alt=\"\" class=\"wp-image-1441\" srcset=\"https:\/\/jornalfatosenoticias.com.br\/wp-content\/uploads\/2020\/02\/Logo_Mizu.png 729w, https:\/\/jornalfatosenoticias.com.br\/wp-content\/uploads\/2020\/02\/Logo_Mizu-300x37.png 300w\" sizes=\"auto, (max-width: 729px) 100vw, 729px\" \/><\/a><\/figure><\/div>\n\n\n\n<p>A troca no comando do Minist\u00e9rio da Previd\u00eancia ap\u00f3s o esc\u00e2ndalo do INSS \u2014 em que aposentados e pensionistas tiveram descontos irregulares em seus benef\u00edcios por parte de sindicatos e associa\u00e7\u00f5es \u2014 trouxe \u00e0 tona tamb\u00e9m as liga\u00e7\u00f5es do novo ministro, Wolney Queiroz, com o caso. Ele era secret\u00e1rio executivo da pasta antes assumir o comando da mist\u00e9rio e teria participado e presidido reuni\u00f5es em que alertas e at\u00e9 relat\u00f3rios sobre as fraudes no INSS foram apresentados.<br>Mesmo assim, Queiroz n\u00e3o teria agido para coibir os desvios que geraram o desvio de valores de contas de aproximadamente seis bilh\u00f5es de aposentados e pensionistas do INSS. O caso \u00e9 semelhantes ao do ex-ministro Carlos Lupi, que foi demitido por Luiz In\u00e1cio Lula da Silva (PT) justamente por n\u00e3o ter tomado provid\u00eancias quando foi informado das irregularidades.<\/p>\n\n\n\n<div class=\"wp-block-image\"><figure class=\"aligncenter size-large is-resized\"><a href=\"https:\/\/www.facebook.com\/postobkr\/?locale=pt_BR\"><img loading=\"lazy\" decoding=\"async\" src=\"https:\/\/jornalfatosenoticias.com.br\/wp-content\/uploads\/2023\/08\/BKR-1024x1021.jpg\" alt=\"\" class=\"wp-image-44494\" width=\"293\" height=\"292\" srcset=\"https:\/\/jornalfatosenoticias.com.br\/wp-content\/uploads\/2023\/08\/BKR-1024x1021.jpg 1024w, https:\/\/jornalfatosenoticias.com.br\/wp-content\/uploads\/2023\/08\/BKR-300x300.jpg 300w, https:\/\/jornalfatosenoticias.com.br\/wp-content\/uploads\/2023\/08\/BKR-150x150.jpg 150w, https:\/\/jornalfatosenoticias.com.br\/wp-content\/uploads\/2023\/08\/BKR-768x766.jpg 768w, https:\/\/jornalfatosenoticias.com.br\/wp-content\/uploads\/2023\/08\/BKR.jpg 1080w\" sizes=\"auto, (max-width: 293px) 100vw, 293px\" \/><\/a><\/figure><\/div>\n\n\n\n<p>Os alertas sobre as fraudes foram feitos em junho de 2023, durante uma reuni\u00e3o do Conselho Nacional de Previd\u00eancia Social (CNPS). Um m\u00eas depois, o agora ministro da Previd\u00eancia Social se reuniu com tr\u00eas integrantes de uma das entidades que agora passaram a ser investigadas pelo esc\u00e2ndalo do INSS. A Confedera\u00e7\u00e3o Nacional dos Trabalhadores na Agricultura (Contag) foi recebida por Queiroz no mesmo dia em que ocorreu a posse do ex-presidente do INSS, Alessandro Stefanutto. A informa\u00e7\u00e3o foi registrada na agenda de autoridades divulgada pelo governo federal.<\/p>\n\n\n\n<div class=\"wp-block-image\"><figure class=\"aligncenter size-large is-resized\"><a href=\"https:\/\/www.legisjuris.com.br\/\"><img loading=\"lazy\" decoding=\"async\" src=\"https:\/\/jornalfatosenoticias.com.br\/wp-content\/uploads\/2024\/09\/Legis-Juris-Consultoria_logo.jpg\" alt=\"\" class=\"wp-image-53915\" width=\"465\" height=\"195\" srcset=\"https:\/\/jornalfatosenoticias.com.br\/wp-content\/uploads\/2024\/09\/Legis-Juris-Consultoria_logo.jpg 969w, https:\/\/jornalfatosenoticias.com.br\/wp-content\/uploads\/2024\/09\/Legis-Juris-Consultoria_logo-300x126.jpg 300w, https:\/\/jornalfatosenoticias.com.br\/wp-content\/uploads\/2024\/09\/Legis-Juris-Consultoria_logo-768x322.jpg 768w\" sizes=\"auto, (max-width: 465px) 100vw, 465px\" \/><\/a><\/figure><\/div>\n\n\n\n<p>Al\u00e9m disso, sua atua\u00e7\u00e3o enquanto deputado federal na legislatura passada ajudou a adiar a fiscaliza\u00e7\u00e3o da cobran\u00e7a de mensalidades associativas de aposentadorias e pens\u00f5es do INSS. Isso enfraqueceu o controle sobre os descontos nas folhas de pagamentos. A Gazeta do Povo tentou contato com o novo ministro para falar sobre o caso, mas n\u00e3o recebeu retorno at\u00e9 o fechamento da mat\u00e9ria.<\/p>\n\n\n\n<div class=\"wp-block-image\"><figure class=\"aligncenter size-large is-resized\"><a href=\"https:\/\/panper.com.br\/\"><img loading=\"lazy\" decoding=\"async\" src=\"https:\/\/jornalfatosenoticias.com.br\/wp-content\/uploads\/2023\/03\/logo-Panper_portal.jpg\" alt=\"\" class=\"wp-image-40208\" width=\"323\" height=\"224\" srcset=\"https:\/\/jornalfatosenoticias.com.br\/wp-content\/uploads\/2023\/03\/logo-Panper_portal.jpg 400w, https:\/\/jornalfatosenoticias.com.br\/wp-content\/uploads\/2023\/03\/logo-Panper_portal-300x208.jpg 300w\" sizes=\"auto, (max-width: 323px) 100vw, 323px\" \/><\/a><\/figure><\/div>\n\n\n\n<p>Ap\u00f3s a indica\u00e7\u00e3o de Queiroz, a oposi\u00e7\u00e3o tem destacado que, assim como o ex-ministro Carlos Lupi, ele tamb\u00e9m estava ciente das fraudes. Para o l\u00edder do Partido Liberal na C\u00e2mara, S\u00f3stenes Cavalcante (RJ), Lula demitiu Lupi, mas n\u00e3o sanou as irregularidades. <strong><em>\u201cQuem estava dentro do esc\u00e2ndalo, agora assume o minist\u00e9rio\u201d,<\/em><\/strong> criticou o deputado.\u00a0No mesmo sentido, a deputada Adriana Ventura (Novo-SP) disse que a troca de ministros n\u00e3o convenceu. <em><strong>\u201cParece mais um teatro do que uma real inten\u00e7\u00e3o de resolver o problema&#8221;, <\/strong><\/em>afirmou.<\/p>\n\n\n\n<div class=\"wp-block-image\"><figure class=\"aligncenter size-large is-resized\"><a href=\"https:\/\/www.instagram.com\/restaurantepegoretti\/\"><img loading=\"lazy\" decoding=\"async\" src=\"https:\/\/jornalfatosenoticias.com.br\/wp-content\/uploads\/2023\/12\/pegoretti-logo-pdf-1024x389.jpg\" alt=\"\" class=\"wp-image-47536\" width=\"493\" height=\"187\" srcset=\"https:\/\/jornalfatosenoticias.com.br\/wp-content\/uploads\/2023\/12\/pegoretti-logo-pdf-1024x389.jpg 1024w, https:\/\/jornalfatosenoticias.com.br\/wp-content\/uploads\/2023\/12\/pegoretti-logo-pdf-300x114.jpg 300w, https:\/\/jornalfatosenoticias.com.br\/wp-content\/uploads\/2023\/12\/pegoretti-logo-pdf-768x291.jpg 768w, https:\/\/jornalfatosenoticias.com.br\/wp-content\/uploads\/2023\/12\/pegoretti-logo-pdf.jpg 1120w\" sizes=\"auto, (max-width: 493px) 100vw, 493px\" \/><\/a><\/figure><\/div>\n\n\n\n<p>Desde a troca no comando no Minist\u00e9rio da Previd\u00eancia, a oposi\u00e7\u00e3o j\u00e1 apresentou a\u00e7\u00f5es para impedir a posse e afastar Queiroz do cargo. Al\u00e9m disso, pedidos de convoca\u00e7\u00e3o e esclarecimentos ao novo ministro foram apresentados. Recai sobre o novo ministro tamb\u00e9m a press\u00e3o pelos pedidos de cria\u00e7\u00e3o de comiss\u00f5es para investigar as fraudes no INSS. Em uma das a\u00e7\u00f5es, a oposi\u00e7\u00e3o reuniu assinaturas para a CPI do Roubo dos Aposentados e para uma CPMI com o mesmo tema.<\/p>\n\n\n\n<div class=\"wp-block-image\"><figure class=\"aligncenter size-large is-resized\"><a href=\"https:\/\/www.instagram.com\/serra4x4cambioautomatico\/\"><img loading=\"lazy\" decoding=\"async\" src=\"https:\/\/jornalfatosenoticias.com.br\/wp-content\/uploads\/2024\/08\/Serra-4x4-1-886x1024.jpg\" alt=\"\" class=\"wp-image-53632\" width=\"260\" height=\"300\" srcset=\"https:\/\/jornalfatosenoticias.com.br\/wp-content\/uploads\/2024\/08\/Serra-4x4-1-886x1024.jpg 886w, https:\/\/jornalfatosenoticias.com.br\/wp-content\/uploads\/2024\/08\/Serra-4x4-1-260x300.jpg 260w, https:\/\/jornalfatosenoticias.com.br\/wp-content\/uploads\/2024\/08\/Serra-4x4-1-768x888.jpg 768w, https:\/\/jornalfatosenoticias.com.br\/wp-content\/uploads\/2024\/08\/Serra-4x4-1.jpg 1181w\" sizes=\"auto, (max-width: 260px) 100vw, 260px\" \/><\/a><\/figure><\/div>\n\n\n\n<p><span class=\"has-inline-color has-black-color\"><strong>Integrantes do governo foram alertados sobre fraudes no INSS em reuni\u00f5es<br><\/strong><\/span>Desde 2023, h\u00e1 relatos sobre den\u00fancias de irregularidades em descontos aplicados a aposentadorias do INSS. Em reuni\u00f5es do Conselho Nacional de Previd\u00eancia Social (CNPS), o tema dos descontos foi levantado. Em junho de 2023, segundo a ata do Conselho, os Acordos de Coopera\u00e7\u00e3o T\u00e9cnica (ACTs) das entidades que podem fazer desconto de mensalidade junto ao INSS foram mencionados pelas den\u00fancias de fraudes verificadas.<\/p>\n\n\n\n<div class=\"wp-block-image\"><figure class=\"aligncenter size-large is-resized\"><a href=\"https:\/\/www.instagram.com\/gruposei\/\"><img loading=\"lazy\" decoding=\"async\" src=\"https:\/\/jornalfatosenoticias.com.br\/wp-content\/uploads\/2022\/07\/Logo-Grupo-SEI.jpg\" alt=\"\" class=\"wp-image-31973\" width=\"396\" height=\"208\" srcset=\"https:\/\/jornalfatosenoticias.com.br\/wp-content\/uploads\/2022\/07\/Logo-Grupo-SEI.jpg 713w, https:\/\/jornalfatosenoticias.com.br\/wp-content\/uploads\/2022\/07\/Logo-Grupo-SEI-300x158.jpg 300w\" sizes=\"auto, (max-width: 396px) 100vw, 396px\" \/><\/a><\/figure><\/div>\n\n\n\n<p>Na oportunidade, o ent\u00e3o ministro Carlos Lupi considerou o pedido relevante, mas informou que seria necess\u00e1rio levantar dados antes de pautar o assunto para um encontro posterior, o que n\u00e3o ocorreu. Ele depois disse que n\u00e3o determinou investiga\u00e7\u00e3o pois a den\u00fancia foi apresentada apenas de forma verbal na reuni\u00e3o, sem um documento oficial. Queiroz, na condi\u00e7\u00e3o de secret\u00e1rio executivo da pasta \u2014 o n\u00famero dois na hierarquia do minist\u00e9rio \u2014 participou da reuni\u00e3o e integrava o conselho.<\/p>\n\n\n\n<div class=\"wp-block-image\"><figure class=\"aligncenter size-large\"><a href=\"http:\/\/www.ferrarimaquinas.com.br\/\"><img loading=\"lazy\" decoding=\"async\" width=\"300\" height=\"250\" src=\"https:\/\/jornalfatosenoticias.com.br\/wp-content\/uploads\/2022\/02\/FERRARI_MAQUINAS-E-FERRAMENTAS2.jpg\" alt=\"\" class=\"wp-image-27860\"\/><\/a><\/figure><\/div>\n\n\n\n<p>O tema s\u00f3 entrou na pauta do Conselho em abril de 2024. Na reuni\u00e3o realizada no dia 24 daquele m\u00eas, Wolney Queiroz foi quem comandou uma parte dos trabalhos, ap\u00f3s o agora ex-ministro Lupi se ausentar. Nesta reuni\u00e3o, houve o an\u00fancio de que, a partir de agosto de 2024, o INSS come\u00e7aria a checar 800 mil benef\u00edcios com algum ind\u00edcio de irregularidade, fraude ou que precisam de confer\u00eancia da data de validade.<\/p>\n\n\n\n<div class=\"wp-block-image\"><figure class=\"aligncenter size-large is-resized\"><a href=\"https:\/\/www.ithbrasil.com.br\/\"><img loading=\"lazy\" decoding=\"async\" src=\"https:\/\/jornalfatosenoticias.com.br\/wp-content\/uploads\/2023\/08\/ITH.jpeg\" alt=\"\" class=\"wp-image-44638\" width=\"325\" height=\"264\" srcset=\"https:\/\/jornalfatosenoticias.com.br\/wp-content\/uploads\/2023\/08\/ITH.jpeg 800w, https:\/\/jornalfatosenoticias.com.br\/wp-content\/uploads\/2023\/08\/ITH-300x244.jpeg 300w, https:\/\/jornalfatosenoticias.com.br\/wp-content\/uploads\/2023\/08\/ITH-768x624.jpeg 768w\" sizes=\"auto, (max-width: 325px) 100vw, 325px\" \/><\/a><\/figure><\/div>\n\n\n\n<p><span class=\"has-inline-color has-black-color\"><strong>Queiroz assinou emenda adiando o controle dos descontos\u00a0do INSS quando era deputado<br><\/strong><\/span>Wolney Queiroz assumiu mandatos como deputado federal em seis legislaturas. Na mais recente passagem pela C\u00e2mara, o ent\u00e3o deputado foi um dos que assinou uma emenda para modificar uma Medida Provis\u00f3ria (MP), apresentada pelo governo do ex-presidente Jair Bolsonaro (PL), que originalmente tratava da margem de cr\u00e9dito consignado para benefici\u00e1rios do INSS.\u00a0<\/p>\n\n\n\n<div class=\"wp-block-image\"><figure class=\"aligncenter size-large is-resized\"><a href=\"https:\/\/www.controlsystems.com.br\/\"><img loading=\"lazy\" decoding=\"async\" src=\"https:\/\/jornalfatosenoticias.com.br\/wp-content\/uploads\/2020\/02\/CONTROL-CS.jpg\" alt=\"\" class=\"wp-image-44991\" width=\"286\" height=\"343\" srcset=\"https:\/\/jornalfatosenoticias.com.br\/wp-content\/uploads\/2020\/02\/CONTROL-CS.jpg 834w, https:\/\/jornalfatosenoticias.com.br\/wp-content\/uploads\/2020\/02\/CONTROL-CS-250x300.jpg 250w, https:\/\/jornalfatosenoticias.com.br\/wp-content\/uploads\/2020\/02\/CONTROL-CS-768x921.jpg 768w\" sizes=\"auto, (max-width: 286px) 100vw, 286px\" \/><\/a><\/figure><\/div>\n\n\n\n<p>Em uma MP anterior, que buscava combater fraudes na Previd\u00eancia Social, o governo Bolsonaro havia estabelecido que associa\u00e7\u00f5es e sindicatos eram obrigados a comprovar todo ano a autoriza\u00e7\u00e3o dos descontos de mensalidades dos aposentados e pensionistas na folha de pagamento.\u00a0<\/p>\n\n\n\n<div class=\"wp-block-image\"><figure class=\"aligncenter size-large is-resized\"><a href=\"https:\/\/www.facebook.com\/vetor.vix\/\"><img loading=\"lazy\" decoding=\"async\" src=\"https:\/\/jornalfatosenoticias.com.br\/wp-content\/uploads\/2023\/09\/vetorvix1024_1.jpg\" alt=\"\" class=\"wp-image-44868\" width=\"539\" height=\"143\" srcset=\"https:\/\/jornalfatosenoticias.com.br\/wp-content\/uploads\/2023\/09\/vetorvix1024_1.jpg 1024w, https:\/\/jornalfatosenoticias.com.br\/wp-content\/uploads\/2023\/09\/vetorvix1024_1-300x80.jpg 300w, https:\/\/jornalfatosenoticias.com.br\/wp-content\/uploads\/2023\/09\/vetorvix1024_1-768x205.jpg 768w\" sizes=\"auto, (max-width: 539px) 100vw, 539px\" \/><\/a><\/figure><\/div>\n\n\n\n<p>Por meio da emenda na MP que tratava dos consignados, Queiroz e outros quatro deputados da esquerda propuseram que a revalida\u00e7\u00e3o dos descontos de mensalidades fosse feita a cada tr\u00eas anos. Eles usaram a pandemia do coronav\u00edrus para justificar a amplia\u00e7\u00e3o do prazo. A pr\u00e1tica de acrescentar um tema diferente da quest\u00e3o principal de um projeto de lei \u00e9 apelidada de &#8220;emenda jabuti&#8221;.<\/p>\n\n\n\n<div class=\"wp-block-image\"><figure class=\"aligncenter size-large\"><a href=\"https:\/\/www.cesconetto.com.br\/\"><img loading=\"lazy\" decoding=\"async\" width=\"300\" height=\"250\" src=\"https:\/\/jornalfatosenoticias.com.br\/wp-content\/uploads\/2020\/02\/Banner-2.png\" alt=\"\" class=\"wp-image-43787\"\/><\/a><\/figure><\/div>\n\n\n\n<p>\u201c\u00c9 bem de ver-se que esse prazo destina-se \u00e0queles com maiores dificuldades de locomo\u00e7\u00e3o e com menores condi\u00e7\u00f5es tecnol\u00f3gicas. Ademais, o seu cumprimento somente se efetiva de forma presencial, que pode representar a t\u00eanue linha que separa a incolumidade f\u00edsica da contamina\u00e7\u00e3o e at\u00e9 de \u00f3bito, pela covid-19&#8243;, aponta a justificativa da emenda assinada por Queiroz.\u00a0<br>A emenda acabou sendo aprovada pelo Congresso e sancionada pelo ex-presidente Bolsonaro, mas foi revogada em 2022.<\/p>\n\n\n\n<div class=\"wp-block-image\"><figure class=\"aligncenter size-large is-resized\"><a href=\"https:\/\/www.instagram.com\/rcradiadores\/\"><img loading=\"lazy\" decoding=\"async\" src=\"https:\/\/jornalfatosenoticias.com.br\/wp-content\/uploads\/2022\/10\/RC_800x750_page-0001.jpg\" alt=\"\" class=\"wp-image-35338\" width=\"283\" height=\"265\" srcset=\"https:\/\/jornalfatosenoticias.com.br\/wp-content\/uploads\/2022\/10\/RC_800x750_page-0001.jpg 400w, https:\/\/jornalfatosenoticias.com.br\/wp-content\/uploads\/2022\/10\/RC_800x750_page-0001-300x281.jpg 300w\" sizes=\"auto, (max-width: 283px) 100vw, 283px\" \/><\/a><\/figure><\/div>\n\n\n\n<p>Desde mar\u00e7o de 2024, os descontos de mensalidades associativas t\u00eam que seguir os crit\u00e9rios e procedimentos previstos em uma instru\u00e7\u00e3o normativa assinada pelo ex-presidente do INSS, Alessandro Stefanutto. A regra determina que o desconto na folha de pagamento tem de ser formalizado por meio de um termo de ades\u00e3o, com assinatura eletr\u00f4nica e biometria, apresenta\u00e7\u00e3o do documento de identifica\u00e7\u00e3o oficial v\u00e1lido e com foto, e n\u00famero do CPF. Mas, mesmo com a determina\u00e7\u00e3o, as associa\u00e7\u00f5es investigadas tiveram um salto no recebimento de mensalidades. O valor recebido passou de R$ 1,2 bilh\u00e3o em 2023 para R$ 2,8 bilh\u00f5es em 2024.<\/p>\n\n\n\n<div class=\"wp-block-image\"><figure class=\"aligncenter size-large is-resized\"><a href=\"https:\/\/hotelmarquetti.com.br\/\"><img loading=\"lazy\" decoding=\"async\" src=\"https:\/\/jornalfatosenoticias.com.br\/wp-content\/uploads\/2020\/02\/LOGO-MQ-1024x680.jpg\" alt=\"\" class=\"wp-image-58299\" width=\"322\" height=\"214\" srcset=\"https:\/\/jornalfatosenoticias.com.br\/wp-content\/uploads\/2020\/02\/LOGO-MQ-1024x680.jpg 1024w, https:\/\/jornalfatosenoticias.com.br\/wp-content\/uploads\/2020\/02\/LOGO-MQ-300x199.jpg 300w, https:\/\/jornalfatosenoticias.com.br\/wp-content\/uploads\/2020\/02\/LOGO-MQ-768x510.jpg 768w, https:\/\/jornalfatosenoticias.com.br\/wp-content\/uploads\/2020\/02\/LOGO-MQ-1536x1020.jpg 1536w, https:\/\/jornalfatosenoticias.com.br\/wp-content\/uploads\/2020\/02\/LOGO-MQ-2048x1360.jpg 2048w\" sizes=\"auto, (max-width: 322px) 100vw, 322px\" \/><\/a><\/figure><\/div>\n\n\n\n<p><span class=\"has-inline-color has-black-color\"><strong>Oposi\u00e7\u00e3o mira novo ministro com convoca\u00e7\u00e3o, CPI e tentativas de barrar a posse\u00a0<br><\/strong><\/span>O novo ministro da Previd\u00eancia, Wolney Queiroz, vem sendo criticado pela oposi\u00e7\u00e3o que o acusa de ter sido \u201comisso e inerte\u201d diante das fraudes no INSS. As cr\u00edticas apontam que n\u00e3o haver\u00e1 mudan\u00e7as no comando da pasta com a troca. &#8220;Ele j\u00e1 era o bra\u00e7o direito do ministro e fazia parte da mesma engrenagem. Isso n\u00e3o muda nada\u201d, afirmou o deputado Rodolfo Nogueira (PL-MS).<\/p>\n\n\n\n<div class=\"wp-block-image\"><figure class=\"aligncenter size-large is-resized\"><a href=\"https:\/\/www.facebook.com\/profile.php?id=100069289606145\"><img loading=\"lazy\" decoding=\"async\" src=\"https:\/\/jornalfatosenoticias.com.br\/wp-content\/uploads\/2024\/11\/Guaitolini-Contabilidade-1024x714.jpeg\" alt=\"\" class=\"wp-image-55808\" width=\"330\" height=\"230\" srcset=\"https:\/\/jornalfatosenoticias.com.br\/wp-content\/uploads\/2024\/11\/Guaitolini-Contabilidade-1024x714.jpeg 1024w, https:\/\/jornalfatosenoticias.com.br\/wp-content\/uploads\/2024\/11\/Guaitolini-Contabilidade-300x209.jpeg 300w, https:\/\/jornalfatosenoticias.com.br\/wp-content\/uploads\/2024\/11\/Guaitolini-Contabilidade-768x535.jpeg 768w, https:\/\/jornalfatosenoticias.com.br\/wp-content\/uploads\/2024\/11\/Guaitolini-Contabilidade.jpeg 1280w\" sizes=\"auto, (max-width: 330px) 100vw, 330px\" \/><\/a><\/figure><\/div>\n\n\n\n<p>Em documentos apresentados \u00e0 Justi\u00e7a Federal e \u00e0 Procuradoria-Geral da Rep\u00fablica (PGR), a senadora Damares Alves (Republicanos-DF) e o l\u00edder do PL na C\u00e2mara, deputado S\u00f3stenes Cavalcante (RJ), afirmam que Queiroz participou de reuni\u00f5es em que foram feitos alertas sobre os desvios do INSS.\u00a0<\/p>\n\n\n\n<div class=\"wp-block-image\"><figure class=\"aligncenter size-large is-resized\"><a href=\"https:\/\/www.facebook.com\/postobkr\/?locale=pt_BR\"><img loading=\"lazy\" decoding=\"async\" src=\"https:\/\/jornalfatosenoticias.com.br\/wp-content\/uploads\/2023\/08\/BKR-1024x1021.jpg\" alt=\"\" class=\"wp-image-44494\" width=\"328\" height=\"327\" srcset=\"https:\/\/jornalfatosenoticias.com.br\/wp-content\/uploads\/2023\/08\/BKR-1024x1021.jpg 1024w, https:\/\/jornalfatosenoticias.com.br\/wp-content\/uploads\/2023\/08\/BKR-300x300.jpg 300w, https:\/\/jornalfatosenoticias.com.br\/wp-content\/uploads\/2023\/08\/BKR-150x150.jpg 150w, https:\/\/jornalfatosenoticias.com.br\/wp-content\/uploads\/2023\/08\/BKR-768x766.jpg 768w, https:\/\/jornalfatosenoticias.com.br\/wp-content\/uploads\/2023\/08\/BKR.jpg 1080w\" sizes=\"auto, (max-width: 328px) 100vw, 328px\" \/><\/a><\/figure><\/div>\n\n\n\n<p>Eles enfatizam que Queiroz teria ainda presidido uma reuni\u00e3o realizada em abril de 2024, na qual foi lido um relat\u00f3rio sobre a fraude. <\/p>\n\n\n\n<blockquote class=\"wp-block-quote is-layout-flow wp-block-quote-is-layout-flow\"><p><span class=\"has-inline-color has-luminous-vivid-orange-color\">Mesmo diante de provas contundentes de irregularidades, [Wolney Queiroz] n\u00e3o tomou provid\u00eancias para proteger as v\u00edtimas\u201d, afirma a senadora.<\/span><\/p><\/blockquote>\n\n\n\n<div class=\"wp-block-image\"><figure class=\"aligncenter size-large is-resized\"><a href=\"https:\/\/www.legisjuris.com.br\/\"><img loading=\"lazy\" decoding=\"async\" src=\"https:\/\/jornalfatosenoticias.com.br\/wp-content\/uploads\/2024\/09\/Legis-Juris-Consultoria_logo.jpg\" alt=\"\" class=\"wp-image-53915\" width=\"446\" height=\"187\" srcset=\"https:\/\/jornalfatosenoticias.com.br\/wp-content\/uploads\/2024\/09\/Legis-Juris-Consultoria_logo.jpg 969w, https:\/\/jornalfatosenoticias.com.br\/wp-content\/uploads\/2024\/09\/Legis-Juris-Consultoria_logo-300x126.jpg 300w, https:\/\/jornalfatosenoticias.com.br\/wp-content\/uploads\/2024\/09\/Legis-Juris-Consultoria_logo-768x322.jpg 768w\" sizes=\"auto, (max-width: 446px) 100vw, 446px\" \/><\/a><\/figure><\/div>\n\n\n\n<p>Damares apresentou uma a\u00e7\u00e3o popular na Justi\u00e7a Federal de Bras\u00edlia para tentar impedir a posse do novo ministro. S\u00f3stenes, por sua vez, pediu a investiga\u00e7\u00e3o e o afastamento de Wolney Queiroz. Para ambos, Queiroz n\u00e3o cumpriu com as suas atribui\u00e7\u00f5es, j\u00e1 que ele era secret\u00e1rio executivo da pasta, ou seja, o n\u00famero dois do minist\u00e9rio.\u00a0<\/p>\n\n\n\n<div class=\"wp-block-image\"><figure class=\"aligncenter size-large is-resized\"><a href=\"https:\/\/www.instagram.com\/esteiochurrascaria\/\"><img loading=\"lazy\" decoding=\"async\" src=\"https:\/\/jornalfatosenoticias.com.br\/wp-content\/uploads\/2022\/02\/LOGO-ESTEIO-1024x730.png\" alt=\"\" class=\"wp-image-27942\" width=\"334\" height=\"238\" srcset=\"https:\/\/jornalfatosenoticias.com.br\/wp-content\/uploads\/2022\/02\/LOGO-ESTEIO-1024x730.png 1024w, https:\/\/jornalfatosenoticias.com.br\/wp-content\/uploads\/2022\/02\/LOGO-ESTEIO-300x214.png 300w, https:\/\/jornalfatosenoticias.com.br\/wp-content\/uploads\/2022\/02\/LOGO-ESTEIO-768x548.png 768w, https:\/\/jornalfatosenoticias.com.br\/wp-content\/uploads\/2022\/02\/LOGO-ESTEIO.png 1123w\" sizes=\"auto, (max-width: 334px) 100vw, 334px\" \/><\/a><\/figure><\/div>\n\n\n\n<blockquote class=\"wp-block-quote is-layout-flow wp-block-quote-is-layout-flow\"><p><span class=\"has-inline-color has-luminous-vivid-orange-color\">A nomea\u00e7\u00e3o de Wolney para o cargo de ministro de Estado \u00e9 capaz de fazer permanecer no comando da Previd\u00eancia Social a mesma estrutura que foi condescendente com os descontos ilegais de mais de R$ 6 bilh\u00f5es dos bolsos dos segurados do INSS\u201d, argumenta a senadora na a\u00e7\u00e3o.<\/span><\/p><\/blockquote>\n\n\n\n<div class=\"wp-block-image\"><figure class=\"aligncenter size-large is-resized\"><a href=\"https:\/\/panper.com.br\/\"><img loading=\"lazy\" decoding=\"async\" src=\"https:\/\/jornalfatosenoticias.com.br\/wp-content\/uploads\/2023\/03\/logo-Panper_portal.jpg\" alt=\"\" class=\"wp-image-40208\" width=\"332\" height=\"230\" srcset=\"https:\/\/jornalfatosenoticias.com.br\/wp-content\/uploads\/2023\/03\/logo-Panper_portal.jpg 400w, https:\/\/jornalfatosenoticias.com.br\/wp-content\/uploads\/2023\/03\/logo-Panper_portal-300x208.jpg 300w\" sizes=\"auto, (max-width: 332px) 100vw, 332px\" \/><\/a><\/figure><\/div>\n\n\n\n<p>Al\u00e9m disso, o l\u00edder da oposi\u00e7\u00e3o, deputado Luciano Zucco (PL-RS), apresentou um requerimento de convoca\u00e7\u00e3o do novo ministro para prestar esclarecimentos \u00e0 Comiss\u00e3o de Fiscaliza\u00e7\u00e3o Financeira e Controle da C\u00e2mara. Al\u00e9m da convoca\u00e7\u00e3o, os deputados Evair Vieira de Melo (PP-ES), Carlos Jordy (PL-RJ) e Nikolas Ferreira (PL-MG) tamb\u00e9m apresentaram uma s\u00e9rie de requerimentos relacionadas \u00e0s fraudes no INSS na mesma comiss\u00e3o.<\/p>\n\n\n\n<div class=\"wp-block-image\"><figure class=\"aligncenter size-large is-resized\"><a href=\"https:\/\/www.ithbrasil.com.br\/\"><img loading=\"lazy\" decoding=\"async\" src=\"https:\/\/jornalfatosenoticias.com.br\/wp-content\/uploads\/2023\/08\/ITH.jpeg\" alt=\"\" class=\"wp-image-44638\" width=\"302\" height=\"245\" srcset=\"https:\/\/jornalfatosenoticias.com.br\/wp-content\/uploads\/2023\/08\/ITH.jpeg 800w, https:\/\/jornalfatosenoticias.com.br\/wp-content\/uploads\/2023\/08\/ITH-300x244.jpeg 300w, https:\/\/jornalfatosenoticias.com.br\/wp-content\/uploads\/2023\/08\/ITH-768x624.jpeg 768w\" sizes=\"auto, (max-width: 302px) 100vw, 302px\" \/><\/a><\/figure><\/div>\n\n\n\n<p>A press\u00e3o sobre Queiroz \u00e9 ampliada ainda com um pedido de cria\u00e7\u00e3o de Comiss\u00e3o Parlamentar de Inqu\u00e9rito (CPI) e uma Comiss\u00e3o Parlamentar Mista de Inqu\u00e9rito (CPMI). A oposi\u00e7\u00e3o conseguiu as assinaturas necess\u00e1rias para a cria\u00e7\u00e3o das duas comiss\u00f5es que t\u00eam como objetivo investigar o esc\u00e2ndalo no INSS. A instala\u00e7\u00e3o e o efetivo funcionamento de ambas depende agora dos presidentes da C\u00e2mara, Hugo Motta (Republicanos-PB), e do Senado, Davi Alcolumbre (Uni\u00e3o-AP).<\/p>\n\n\n\n<div class=\"wp-block-image\"><figure class=\"aligncenter size-large is-resized\"><a href=\"https:\/\/www.instagram.com\/restaurantepegoretti\/\"><img loading=\"lazy\" decoding=\"async\" src=\"https:\/\/jornalfatosenoticias.com.br\/wp-content\/uploads\/2023\/12\/pegoretti-logo-pdf-1024x389.jpg\" alt=\"\" class=\"wp-image-47536\" width=\"464\" height=\"176\" srcset=\"https:\/\/jornalfatosenoticias.com.br\/wp-content\/uploads\/2023\/12\/pegoretti-logo-pdf-1024x389.jpg 1024w, https:\/\/jornalfatosenoticias.com.br\/wp-content\/uploads\/2023\/12\/pegoretti-logo-pdf-300x114.jpg 300w, https:\/\/jornalfatosenoticias.com.br\/wp-content\/uploads\/2023\/12\/pegoretti-logo-pdf-768x291.jpg 768w, https:\/\/jornalfatosenoticias.com.br\/wp-content\/uploads\/2023\/12\/pegoretti-logo-pdf.jpg 1120w\" sizes=\"auto, (max-width: 464px) 100vw, 464px\" \/><\/a><\/figure><\/div>\n\n\n\n<p>No intuito de buscar apoio na C\u00e2mara contra as investidas da oposi\u00e7\u00e3o, Wolney Queiroz j\u00e1 esteve com deputados. Al\u00e9m disso, sob o pretexto de abrir canais de informa\u00e7\u00e3o e colocar o Minist\u00e9rio da Previd\u00eancia Social \u00e0 disposi\u00e7\u00e3o, o novo ministro esteve com o presidente da Comiss\u00e3o de Defesa dos Direitos da Pessoa Idosa, deputado Z\u00e9 Silva (Solidariedade-MG). O encontro foi registrado nas redes sociais. Apesar da parceria anunciada com o novo ministro, o deputado mineiro afirmou que assinou a CPI do INSS. &#8220;Sigo na busca por justi\u00e7a&#8221;, afirmou Z\u00e9 Silva.<\/p>\n\n\n\n<div class=\"wp-block-image\"><figure class=\"aligncenter size-large is-resized\"><a href=\"https:\/\/www.instagram.com\/esteiochurrascaria\/\"><img loading=\"lazy\" decoding=\"async\" src=\"https:\/\/jornalfatosenoticias.com.br\/wp-content\/uploads\/2022\/02\/LOGO-ESTEIO-1024x730.png\" alt=\"\" class=\"wp-image-27942\" width=\"330\" height=\"235\" srcset=\"https:\/\/jornalfatosenoticias.com.br\/wp-content\/uploads\/2022\/02\/LOGO-ESTEIO-1024x730.png 1024w, https:\/\/jornalfatosenoticias.com.br\/wp-content\/uploads\/2022\/02\/LOGO-ESTEIO-300x214.png 300w, https:\/\/jornalfatosenoticias.com.br\/wp-content\/uploads\/2022\/02\/LOGO-ESTEIO-768x548.png 768w, https:\/\/jornalfatosenoticias.com.br\/wp-content\/uploads\/2022\/02\/LOGO-ESTEIO.png 1123w\" sizes=\"auto, (max-width: 330px) 100vw, 330px\" \/><\/a><\/figure><\/div>\n\n\n\n<p><strong><span class=\"has-inline-color has-black-color\">Lula tenta usar nomea\u00e7\u00e3o de Queiroz para segurar base aliada\u00a0<br><\/span><\/strong>A nomea\u00e7\u00e3o de Queiroz foi uma resposta \u00e0s sinaliza\u00e7\u00f5es do PDT de desembarque do governo Lula ap\u00f3s a demiss\u00e3o de Lupi e Stefanutto. Apesar disso, na ter\u00e7a-feira (6), o l\u00edder da bancada do PDT na C\u00e2mara, M\u00e1rio Heringer, anunciou que os 17 deputados do partido decidiram deixar a base aliada ao governo. Tanto o ex-ministro Carlos Lupi como o novo, Wolney Queiroz, s\u00e3o filiados ao PDT. Al\u00e9m deles, o ex-presidente do INSS, Alessandro Stefanutto, indicado ao cargo por Lupi, tamb\u00e9m \u00e9 filiado ao partido.\u00a0<\/p>\n\n\n\n<div class=\"wp-block-image\"><figure class=\"aligncenter size-large is-resized\"><a href=\"https:\/\/www.instagram.com\/gruposei\/\"><img loading=\"lazy\" decoding=\"async\" src=\"https:\/\/jornalfatosenoticias.com.br\/wp-content\/uploads\/2022\/07\/Logo-Grupo-SEI.jpg\" alt=\"\" class=\"wp-image-31973\" width=\"381\" height=\"200\" srcset=\"https:\/\/jornalfatosenoticias.com.br\/wp-content\/uploads\/2022\/07\/Logo-Grupo-SEI.jpg 713w, https:\/\/jornalfatosenoticias.com.br\/wp-content\/uploads\/2022\/07\/Logo-Grupo-SEI-300x158.jpg 300w\" sizes=\"auto, (max-width: 381px) 100vw, 381px\" \/><\/a><\/figure><\/div>\n\n\n\n<p>Antes da troca, Heringer j\u00e1 havia demonstrado a insatisfa\u00e7\u00e3o e afirmou que o Minist\u00e9rio da Previd\u00eancia s\u00f3 \u201ctraz \u00f4nus\u201d e que o PDT precisaria ocupar outras fun\u00e7\u00f5es para apoiar \u201cfielmente\u201d o governo.\u00a0Essas afirma\u00e7\u00f5es foram feitas pelo l\u00edder do PDT\u00a0em entrevista ao Poder360, em 27 de abril.<\/p>\n\n\n\n<div class=\"wp-block-image\"><figure class=\"aligncenter size-large is-resized\"><a href=\"https:\/\/www.instagram.com\/serra4x4cambioautomatico\/\"><img loading=\"lazy\" decoding=\"async\" src=\"https:\/\/jornalfatosenoticias.com.br\/wp-content\/uploads\/2024\/08\/Serra-4x4-1-886x1024.jpg\" alt=\"\" class=\"wp-image-53632\" width=\"285\" height=\"329\" srcset=\"https:\/\/jornalfatosenoticias.com.br\/wp-content\/uploads\/2024\/08\/Serra-4x4-1-886x1024.jpg 886w, https:\/\/jornalfatosenoticias.com.br\/wp-content\/uploads\/2024\/08\/Serra-4x4-1-260x300.jpg 260w, https:\/\/jornalfatosenoticias.com.br\/wp-content\/uploads\/2024\/08\/Serra-4x4-1-768x888.jpg 768w, https:\/\/jornalfatosenoticias.com.br\/wp-content\/uploads\/2024\/08\/Serra-4x4-1.jpg 1181w\" sizes=\"auto, (max-width: 285px) 100vw, 285px\" \/><\/a><\/figure><\/div>\n\n\n\n<p>No Senado, no entanto, o l\u00edder da bancada do PDT, senador Weverton Rocha, anunciou que ele e as senadoras Ana Paula Lobato (MA) e Leila Barros (DF) permanecem na base de Lula. &#8220;A bancada do Senado respeita a posi\u00e7\u00e3o da bancada na C\u00e2mara dos Deputados e, embora tenha um posicionamento diferente, reitera que o partido segue unido em defesa dos ideais trabalhistas&#8221;, afirmou Rocha em nota enviada \u00e0 imprensa.<\/p>\n\n\n\n<p><strong>Fonte: <a href=\"https:\/\/www.gazetadopovo.com.br\/republica\/seis-por-meia-duzia-as-confusoes-do-novo-ministro-de-lula-em-meio-ao-escandalo-do-inss\/\">Gazeta do Povo<\/a><\/strong><\/p>\n","protected":false},"excerpt":{"rendered":"<p>O ministro Wolney Queiroz Maciel, que assume a Previd\u00eancia sob supeita de omiss\u00e3o Por Aline Rechmann A troca no comando do Minist\u00e9rio da Previd\u00eancia ap\u00f3s o esc\u00e2ndalo do INSS \u2014 em que aposentados e pensionistas tiveram descontos irregulares em seus benef\u00edcios por parte de sindicatos e associa\u00e7\u00f5es \u2014 trouxe \u00e0 tona tamb\u00e9m as liga\u00e7\u00f5es do [&hellip;]<\/p>\n","protected":false},"author":2,"featured_media":59004,"comment_status":"open","ping_status":"open","sticky":false,"template":"","format":"standard","meta":{"footnotes":""},"categories":[5],"tags":[26783,26930,26929,18435,26928,26927],"class_list":["post-59003","post","type-post","status-publish","format-standard","has-post-thumbnail","hentry","category-geral","tag-alessandro-stefanutto","tag-escandalo-do-inss","tag-ministerio-da-previdencia","tag-ministro-de-lula","tag-sindicatos-e-associacoes","tag-wolney-queiroz-maciel"],"yoast_head":"<!-- This site is optimized with the Yoast SEO plugin v26.5 - https:\/\/yoast.com\/wordpress\/plugins\/seo\/ -->\n<title>Seis por meia d\u00fazia: as confus\u00f5es do \u201cnovo\u201d ministro de Lula em meio ao esc\u00e2ndalo do INSS - Jornal Fatos e Not\u00edcias<\/title>\n<meta name=\"robots\" content=\"index, follow, max-snippet:-1, max-image-preview:large, max-video-preview:-1\" \/>\n<link rel=\"canonical\" href=\"https:\/\/jornalfatosenoticias.com.br\/index.php\/2025\/05\/07\/seis-por-meia-duzia-as-confusoes-do-novo-ministro-de-lula-em-meio-ao-escandalo-do-inss\/\" \/>\n<meta property=\"og:locale\" content=\"pt_BR\" \/>\n<meta property=\"og:type\" content=\"article\" \/>\n<meta property=\"og:title\" content=\"Seis por meia d\u00fazia: as confus\u00f5es do \u201cnovo\u201d ministro de Lula em meio ao esc\u00e2ndalo do INSS - Jornal Fatos e Not\u00edcias\" \/>\n<meta property=\"og:description\" content=\"O ministro Wolney Queiroz Maciel, que assume a Previd\u00eancia sob supeita de omiss\u00e3o Por Aline Rechmann A troca no comando do Minist\u00e9rio da Previd\u00eancia ap\u00f3s o esc\u00e2ndalo do INSS \u2014 em que aposentados e pensionistas tiveram descontos irregulares em seus benef\u00edcios por parte de sindicatos e associa\u00e7\u00f5es \u2014 trouxe \u00e0 tona tamb\u00e9m as liga\u00e7\u00f5es do [&hellip;]\" \/>\n<meta property=\"og:url\" content=\"https:\/\/jornalfatosenoticias.com.br\/index.php\/2025\/05\/07\/seis-por-meia-duzia-as-confusoes-do-novo-ministro-de-lula-em-meio-ao-escandalo-do-inss\/\" \/>\n<meta property=\"og:site_name\" content=\"Jornal Fatos e Not\u00edcias\" \/>\n<meta property=\"article:published_time\" content=\"2025-05-07T13:49:01+00:00\" \/>\n<meta property=\"article:modified_time\" content=\"2025-05-07T13:49:02+00:00\" \/>\n<meta property=\"og:image\" content=\"https:\/\/jornalfatosenoticias.com.br\/wp-content\/uploads\/2025\/05\/Wolney-Queiroz-plenario-da-Camara.jpg\" \/>\n\t<meta property=\"og:image:width\" content=\"1000\" \/>\n\t<meta property=\"og:image:height\" content=\"562\" \/>\n\t<meta property=\"og:image:type\" content=\"image\/jpeg\" \/>\n<meta name=\"author\" content=\"Luzimara Fernandes\" \/>\n<meta name=\"twitter:card\" content=\"summary_large_image\" \/>\n<meta name=\"twitter:label1\" content=\"Escrito por\" \/>\n\t<meta name=\"twitter:data1\" content=\"Luzimara Fernandes\" \/>\n\t<meta name=\"twitter:label2\" content=\"Est. tempo de leitura\" \/>\n\t<meta name=\"twitter:data2\" content=\"10 minutos\" \/>\n<script type=\"application\/ld+json\" class=\"yoast-schema-graph\">{\"@context\":\"https:\/\/schema.org\",\"@graph\":[{\"@type\":\"Article\",\"@id\":\"https:\/\/jornalfatosenoticias.com.br\/index.php\/2025\/05\/07\/seis-por-meia-duzia-as-confusoes-do-novo-ministro-de-lula-em-meio-ao-escandalo-do-inss\/#article\",\"isPartOf\":{\"@id\":\"https:\/\/jornalfatosenoticias.com.br\/index.php\/2025\/05\/07\/seis-por-meia-duzia-as-confusoes-do-novo-ministro-de-lula-em-meio-ao-escandalo-do-inss\/\"},\"author\":{\"name\":\"Luzimara Fernandes\",\"@id\":\"https:\/\/jornalfatosenoticias.com.br\/#\/schema\/person\/d63837fa13ac8666eb9e74e0985d6f81\"},\"headline\":\"Seis por meia d\u00fazia: as confus\u00f5es do \u201cnovo\u201d ministro de Lula em meio ao esc\u00e2ndalo do INSS\",\"datePublished\":\"2025-05-07T13:49:01+00:00\",\"dateModified\":\"2025-05-07T13:49:02+00:00\",\"mainEntityOfPage\":{\"@id\":\"https:\/\/jornalfatosenoticias.com.br\/index.php\/2025\/05\/07\/seis-por-meia-duzia-as-confusoes-do-novo-ministro-de-lula-em-meio-ao-escandalo-do-inss\/\"},\"wordCount\":1922,\"commentCount\":0,\"publisher\":{\"@id\":\"https:\/\/jornalfatosenoticias.com.br\/#organization\"},\"image\":{\"@id\":\"https:\/\/jornalfatosenoticias.com.br\/index.php\/2025\/05\/07\/seis-por-meia-duzia-as-confusoes-do-novo-ministro-de-lula-em-meio-ao-escandalo-do-inss\/#primaryimage\"},\"thumbnailUrl\":\"https:\/\/jornalfatosenoticias.com.br\/wp-content\/uploads\/2025\/05\/Wolney-Queiroz-plenario-da-Camara.jpg\",\"keywords\":[\"Alessandro Stefanutto\",\"esc\u00e2ndalo do INSS\",\"Minist\u00e9rio da Previd\u00eancia\",\"ministro de Lula\",\"sindicatos e associa\u00e7\u00f5es\",\"Wolney Queiroz Maciel\"],\"articleSection\":[\"Geral\"],\"inLanguage\":\"pt-BR\",\"potentialAction\":[{\"@type\":\"CommentAction\",\"name\":\"Comment\",\"target\":[\"https:\/\/jornalfatosenoticias.com.br\/index.php\/2025\/05\/07\/seis-por-meia-duzia-as-confusoes-do-novo-ministro-de-lula-em-meio-ao-escandalo-do-inss\/#respond\"]}]},{\"@type\":\"WebPage\",\"@id\":\"https:\/\/jornalfatosenoticias.com.br\/index.php\/2025\/05\/07\/seis-por-meia-duzia-as-confusoes-do-novo-ministro-de-lula-em-meio-ao-escandalo-do-inss\/\",\"url\":\"https:\/\/jornalfatosenoticias.com.br\/index.php\/2025\/05\/07\/seis-por-meia-duzia-as-confusoes-do-novo-ministro-de-lula-em-meio-ao-escandalo-do-inss\/\",\"name\":\"Seis por meia d\u00fazia: as confus\u00f5es do \u201cnovo\u201d ministro de Lula em meio ao esc\u00e2ndalo do INSS - Jornal Fatos e Not\u00edcias\",\"isPartOf\":{\"@id\":\"https:\/\/jornalfatosenoticias.com.br\/#website\"},\"primaryImageOfPage\":{\"@id\":\"https:\/\/jornalfatosenoticias.com.br\/index.php\/2025\/05\/07\/seis-por-meia-duzia-as-confusoes-do-novo-ministro-de-lula-em-meio-ao-escandalo-do-inss\/#primaryimage\"},\"image\":{\"@id\":\"https:\/\/jornalfatosenoticias.com.br\/index.php\/2025\/05\/07\/seis-por-meia-duzia-as-confusoes-do-novo-ministro-de-lula-em-meio-ao-escandalo-do-inss\/#primaryimage\"},\"thumbnailUrl\":\"https:\/\/jornalfatosenoticias.com.br\/wp-content\/uploads\/2025\/05\/Wolney-Queiroz-plenario-da-Camara.jpg\",\"datePublished\":\"2025-05-07T13:49:01+00:00\",\"dateModified\":\"2025-05-07T13:49:02+00:00\",\"breadcrumb\":{\"@id\":\"https:\/\/jornalfatosenoticias.com.br\/index.php\/2025\/05\/07\/seis-por-meia-duzia-as-confusoes-do-novo-ministro-de-lula-em-meio-ao-escandalo-do-inss\/#breadcrumb\"},\"inLanguage\":\"pt-BR\",\"potentialAction\":[{\"@type\":\"ReadAction\",\"target\":[\"https:\/\/jornalfatosenoticias.com.br\/index.php\/2025\/05\/07\/seis-por-meia-duzia-as-confusoes-do-novo-ministro-de-lula-em-meio-ao-escandalo-do-inss\/\"]}]},{\"@type\":\"ImageObject\",\"inLanguage\":\"pt-BR\",\"@id\":\"https:\/\/jornalfatosenoticias.com.br\/index.php\/2025\/05\/07\/seis-por-meia-duzia-as-confusoes-do-novo-ministro-de-lula-em-meio-ao-escandalo-do-inss\/#primaryimage\",\"url\":\"https:\/\/jornalfatosenoticias.com.br\/wp-content\/uploads\/2025\/05\/Wolney-Queiroz-plenario-da-Camara.jpg\",\"contentUrl\":\"https:\/\/jornalfatosenoticias.com.br\/wp-content\/uploads\/2025\/05\/Wolney-Queiroz-plenario-da-Camara.jpg\",\"width\":1000,\"height\":562},{\"@type\":\"BreadcrumbList\",\"@id\":\"https:\/\/jornalfatosenoticias.com.br\/index.php\/2025\/05\/07\/seis-por-meia-duzia-as-confusoes-do-novo-ministro-de-lula-em-meio-ao-escandalo-do-inss\/#breadcrumb\",\"itemListElement\":[{\"@type\":\"ListItem\",\"position\":1,\"name\":\"In\u00edcio\",\"item\":\"https:\/\/jornalfatosenoticias.com.br\/\"},{\"@type\":\"ListItem\",\"position\":2,\"name\":\"Seis por meia d\u00fazia: as confus\u00f5es do \u201cnovo\u201d ministro de Lula em meio ao esc\u00e2ndalo do INSS\"}]},{\"@type\":\"WebSite\",\"@id\":\"https:\/\/jornalfatosenoticias.com.br\/#website\",\"url\":\"https:\/\/jornalfatosenoticias.com.br\/\",\"name\":\"Jornal Fatos e Not\u00edcias\",\"description\":\"Not\u00edcias em geral\",\"publisher\":{\"@id\":\"https:\/\/jornalfatosenoticias.com.br\/#organization\"},\"potentialAction\":[{\"@type\":\"SearchAction\",\"target\":{\"@type\":\"EntryPoint\",\"urlTemplate\":\"https:\/\/jornalfatosenoticias.com.br\/?s={search_term_string}\"},\"query-input\":{\"@type\":\"PropertyValueSpecification\",\"valueRequired\":true,\"valueName\":\"search_term_string\"}}],\"inLanguage\":\"pt-BR\"},{\"@type\":\"Organization\",\"@id\":\"https:\/\/jornalfatosenoticias.com.br\/#organization\",\"name\":\"Jornal Fatos e Not\u00edcias\",\"url\":\"https:\/\/jornalfatosenoticias.com.br\/\",\"logo\":{\"@type\":\"ImageObject\",\"inLanguage\":\"pt-BR\",\"@id\":\"https:\/\/jornalfatosenoticias.com.br\/#\/schema\/logo\/image\/\",\"url\":\"https:\/\/jornalfatosenoticias.com.br\/wp-content\/uploads\/2020\/02\/logo120.png\",\"contentUrl\":\"https:\/\/jornalfatosenoticias.com.br\/wp-content\/uploads\/2020\/02\/logo120.png\",\"width\":1227,\"height\":120,\"caption\":\"Jornal Fatos e Not\u00edcias\"},\"image\":{\"@id\":\"https:\/\/jornalfatosenoticias.com.br\/#\/schema\/logo\/image\/\"}},{\"@type\":\"Person\",\"@id\":\"https:\/\/jornalfatosenoticias.com.br\/#\/schema\/person\/d63837fa13ac8666eb9e74e0985d6f81\",\"name\":\"Luzimara Fernandes\",\"image\":{\"@type\":\"ImageObject\",\"inLanguage\":\"pt-BR\",\"@id\":\"https:\/\/jornalfatosenoticias.com.br\/#\/schema\/person\/image\/\",\"url\":\"https:\/\/jornalfatosenoticias.com.br\/wp-content\/uploads\/2025\/05\/EU_portal.jpg\",\"contentUrl\":\"https:\/\/jornalfatosenoticias.com.br\/wp-content\/uploads\/2025\/05\/EU_portal.jpg\",\"caption\":\"Luzimara Fernandes\"},\"description\":\"Jornalista MTB 2358-ES\",\"sameAs\":[\"https:\/\/jornalfatosenoticias.com.br\"],\"url\":\"https:\/\/jornalfatosenoticias.com.br\/index.php\/author\/luzimara\/\"}]}<\/script>\n<!-- \/ Yoast SEO plugin. -->","yoast_head_json":{"title":"Seis por meia d\u00fazia: as confus\u00f5es do \u201cnovo\u201d ministro de Lula em meio ao esc\u00e2ndalo do INSS - Jornal Fatos e Not\u00edcias","robots":{"index":"index","follow":"follow","max-snippet":"max-snippet:-1","max-image-preview":"max-image-preview:large","max-video-preview":"max-video-preview:-1"},"canonical":"https:\/\/jornalfatosenoticias.com.br\/index.php\/2025\/05\/07\/seis-por-meia-duzia-as-confusoes-do-novo-ministro-de-lula-em-meio-ao-escandalo-do-inss\/","og_locale":"pt_BR","og_type":"article","og_title":"Seis por meia d\u00fazia: as confus\u00f5es do \u201cnovo\u201d ministro de Lula em meio ao esc\u00e2ndalo do INSS - Jornal Fatos e Not\u00edcias","og_description":"O ministro Wolney Queiroz Maciel, que assume a Previd\u00eancia sob supeita de omiss\u00e3o Por Aline Rechmann A troca no comando do Minist\u00e9rio da Previd\u00eancia ap\u00f3s o esc\u00e2ndalo do INSS \u2014 em que aposentados e pensionistas tiveram descontos irregulares em seus benef\u00edcios por parte de sindicatos e associa\u00e7\u00f5es \u2014 trouxe \u00e0 tona tamb\u00e9m as liga\u00e7\u00f5es do [&hellip;]","og_url":"https:\/\/jornalfatosenoticias.com.br\/index.php\/2025\/05\/07\/seis-por-meia-duzia-as-confusoes-do-novo-ministro-de-lula-em-meio-ao-escandalo-do-inss\/","og_site_name":"Jornal Fatos e Not\u00edcias","article_published_time":"2025-05-07T13:49:01+00:00","article_modified_time":"2025-05-07T13:49:02+00:00","og_image":[{"width":1000,"height":562,"url":"https:\/\/jornalfatosenoticias.com.br\/wp-content\/uploads\/2025\/05\/Wolney-Queiroz-plenario-da-Camara.jpg","type":"image\/jpeg"}],"author":"Luzimara Fernandes","twitter_card":"summary_large_image","twitter_misc":{"Escrito por":"Luzimara Fernandes","Est. tempo de leitura":"10 minutos"},"schema":{"@context":"https:\/\/schema.org","@graph":[{"@type":"Article","@id":"https:\/\/jornalfatosenoticias.com.br\/index.php\/2025\/05\/07\/seis-por-meia-duzia-as-confusoes-do-novo-ministro-de-lula-em-meio-ao-escandalo-do-inss\/#article","isPartOf":{"@id":"https:\/\/jornalfatosenoticias.com.br\/index.php\/2025\/05\/07\/seis-por-meia-duzia-as-confusoes-do-novo-ministro-de-lula-em-meio-ao-escandalo-do-inss\/"},"author":{"name":"Luzimara Fernandes","@id":"https:\/\/jornalfatosenoticias.com.br\/#\/schema\/person\/d63837fa13ac8666eb9e74e0985d6f81"},"headline":"Seis por meia d\u00fazia: as confus\u00f5es do \u201cnovo\u201d ministro de Lula em meio ao esc\u00e2ndalo do INSS","datePublished":"2025-05-07T13:49:01+00:00","dateModified":"2025-05-07T13:49:02+00:00","mainEntityOfPage":{"@id":"https:\/\/jornalfatosenoticias.com.br\/index.php\/2025\/05\/07\/seis-por-meia-duzia-as-confusoes-do-novo-ministro-de-lula-em-meio-ao-escandalo-do-inss\/"},"wordCount":1922,"commentCount":0,"publisher":{"@id":"https:\/\/jornalfatosenoticias.com.br\/#organization"},"image":{"@id":"https:\/\/jornalfatosenoticias.com.br\/index.php\/2025\/05\/07\/seis-por-meia-duzia-as-confusoes-do-novo-ministro-de-lula-em-meio-ao-escandalo-do-inss\/#primaryimage"},"thumbnailUrl":"https:\/\/jornalfatosenoticias.com.br\/wp-content\/uploads\/2025\/05\/Wolney-Queiroz-plenario-da-Camara.jpg","keywords":["Alessandro Stefanutto","esc\u00e2ndalo do INSS","Minist\u00e9rio da Previd\u00eancia","ministro de Lula","sindicatos e associa\u00e7\u00f5es","Wolney Queiroz Maciel"],"articleSection":["Geral"],"inLanguage":"pt-BR","potentialAction":[{"@type":"CommentAction","name":"Comment","target":["https:\/\/jornalfatosenoticias.com.br\/index.php\/2025\/05\/07\/seis-por-meia-duzia-as-confusoes-do-novo-ministro-de-lula-em-meio-ao-escandalo-do-inss\/#respond"]}]},{"@type":"WebPage","@id":"https:\/\/jornalfatosenoticias.com.br\/index.php\/2025\/05\/07\/seis-por-meia-duzia-as-confusoes-do-novo-ministro-de-lula-em-meio-ao-escandalo-do-inss\/","url":"https:\/\/jornalfatosenoticias.com.br\/index.php\/2025\/05\/07\/seis-por-meia-duzia-as-confusoes-do-novo-ministro-de-lula-em-meio-ao-escandalo-do-inss\/","name":"Seis por meia d\u00fazia: as confus\u00f5es do \u201cnovo\u201d ministro de Lula em meio ao esc\u00e2ndalo do INSS - Jornal Fatos e Not\u00edcias","isPartOf":{"@id":"https:\/\/jornalfatosenoticias.com.br\/#website"},"primaryImageOfPage":{"@id":"https:\/\/jornalfatosenoticias.com.br\/index.php\/2025\/05\/07\/seis-por-meia-duzia-as-confusoes-do-novo-ministro-de-lula-em-meio-ao-escandalo-do-inss\/#primaryimage"},"image":{"@id":"https:\/\/jornalfatosenoticias.com.br\/index.php\/2025\/05\/07\/seis-por-meia-duzia-as-confusoes-do-novo-ministro-de-lula-em-meio-ao-escandalo-do-inss\/#primaryimage"},"thumbnailUrl":"https:\/\/jornalfatosenoticias.com.br\/wp-content\/uploads\/2025\/05\/Wolney-Queiroz-plenario-da-Camara.jpg","datePublished":"2025-05-07T13:49:01+00:00","dateModified":"2025-05-07T13:49:02+00:00","breadcrumb":{"@id":"https:\/\/jornalfatosenoticias.com.br\/index.php\/2025\/05\/07\/seis-por-meia-duzia-as-confusoes-do-novo-ministro-de-lula-em-meio-ao-escandalo-do-inss\/#breadcrumb"},"inLanguage":"pt-BR","potentialAction":[{"@type":"ReadAction","target":["https:\/\/jornalfatosenoticias.com.br\/index.php\/2025\/05\/07\/seis-por-meia-duzia-as-confusoes-do-novo-ministro-de-lula-em-meio-ao-escandalo-do-inss\/"]}]},{"@type":"ImageObject","inLanguage":"pt-BR","@id":"https:\/\/jornalfatosenoticias.com.br\/index.php\/2025\/05\/07\/seis-por-meia-duzia-as-confusoes-do-novo-ministro-de-lula-em-meio-ao-escandalo-do-inss\/#primaryimage","url":"https:\/\/jornalfatosenoticias.com.br\/wp-content\/uploads\/2025\/05\/Wolney-Queiroz-plenario-da-Camara.jpg","contentUrl":"https:\/\/jornalfatosenoticias.com.br\/wp-content\/uploads\/2025\/05\/Wolney-Queiroz-plenario-da-Camara.jpg","width":1000,"height":562},{"@type":"BreadcrumbList","@id":"https:\/\/jornalfatosenoticias.com.br\/index.php\/2025\/05\/07\/seis-por-meia-duzia-as-confusoes-do-novo-ministro-de-lula-em-meio-ao-escandalo-do-inss\/#breadcrumb","itemListElement":[{"@type":"ListItem","position":1,"name":"In\u00edcio","item":"https:\/\/jornalfatosenoticias.com.br\/"},{"@type":"ListItem","position":2,"name":"Seis por meia d\u00fazia: as confus\u00f5es do \u201cnovo\u201d ministro de Lula em meio ao esc\u00e2ndalo do INSS"}]},{"@type":"WebSite","@id":"https:\/\/jornalfatosenoticias.com.br\/#website","url":"https:\/\/jornalfatosenoticias.com.br\/","name":"Jornal Fatos e Not\u00edcias","description":"Not\u00edcias em geral","publisher":{"@id":"https:\/\/jornalfatosenoticias.com.br\/#organization"},"potentialAction":[{"@type":"SearchAction","target":{"@type":"EntryPoint","urlTemplate":"https:\/\/jornalfatosenoticias.com.br\/?s={search_term_string}"},"query-input":{"@type":"PropertyValueSpecification","valueRequired":true,"valueName":"search_term_string"}}],"inLanguage":"pt-BR"},{"@type":"Organization","@id":"https:\/\/jornalfatosenoticias.com.br\/#organization","name":"Jornal Fatos e Not\u00edcias","url":"https:\/\/jornalfatosenoticias.com.br\/","logo":{"@type":"ImageObject","inLanguage":"pt-BR","@id":"https:\/\/jornalfatosenoticias.com.br\/#\/schema\/logo\/image\/","url":"https:\/\/jornalfatosenoticias.com.br\/wp-content\/uploads\/2020\/02\/logo120.png","contentUrl":"https:\/\/jornalfatosenoticias.com.br\/wp-content\/uploads\/2020\/02\/logo120.png","width":1227,"height":120,"caption":"Jornal Fatos e Not\u00edcias"},"image":{"@id":"https:\/\/jornalfatosenoticias.com.br\/#\/schema\/logo\/image\/"}},{"@type":"Person","@id":"https:\/\/jornalfatosenoticias.com.br\/#\/schema\/person\/d63837fa13ac8666eb9e74e0985d6f81","name":"Luzimara Fernandes","image":{"@type":"ImageObject","inLanguage":"pt-BR","@id":"https:\/\/jornalfatosenoticias.com.br\/#\/schema\/person\/image\/","url":"https:\/\/jornalfatosenoticias.com.br\/wp-content\/uploads\/2025\/05\/EU_portal.jpg","contentUrl":"https:\/\/jornalfatosenoticias.com.br\/wp-content\/uploads\/2025\/05\/EU_portal.jpg","caption":"Luzimara Fernandes"},"description":"Jornalista MTB 2358-ES","sameAs":["https:\/\/jornalfatosenoticias.com.br"],"url":"https:\/\/jornalfatosenoticias.com.br\/index.php\/author\/luzimara\/"}]}},"cc_featured_image_caption":{"caption_text":"(Foto: Bruno Spada\/C\u00e2mara dos Deputados)","source_text":"","source_url":""},"jetpack_featured_media_url":"https:\/\/jornalfatosenoticias.com.br\/wp-content\/uploads\/2025\/05\/Wolney-Queiroz-plenario-da-Camara.jpg","_links":{"self":[{"href":"https:\/\/jornalfatosenoticias.com.br\/index.php\/wp-json\/wp\/v2\/posts\/59003","targetHints":{"allow":["GET"]}}],"collection":[{"href":"https:\/\/jornalfatosenoticias.com.br\/index.php\/wp-json\/wp\/v2\/posts"}],"about":[{"href":"https:\/\/jornalfatosenoticias.com.br\/index.php\/wp-json\/wp\/v2\/types\/post"}],"author":[{"embeddable":true,"href":"https:\/\/jornalfatosenoticias.com.br\/index.php\/wp-json\/wp\/v2\/users\/2"}],"replies":[{"embeddable":true,"href":"https:\/\/jornalfatosenoticias.com.br\/index.php\/wp-json\/wp\/v2\/comments?post=59003"}],"version-history":[{"count":0,"href":"https:\/\/jornalfatosenoticias.com.br\/index.php\/wp-json\/wp\/v2\/posts\/59003\/revisions"}],"wp:featuredmedia":[{"embeddable":true,"href":"https:\/\/jornalfatosenoticias.com.br\/index.php\/wp-json\/wp\/v2\/media\/59004"}],"wp:attachment":[{"href":"https:\/\/jornalfatosenoticias.com.br\/index.php\/wp-json\/wp\/v2\/media?parent=59003"}],"wp:term":[{"taxonomy":"category","embeddable":true,"href":"https:\/\/jornalfatosenoticias.com.br\/index.php\/wp-json\/wp\/v2\/categories?post=59003"},{"taxonomy":"post_tag","embeddable":true,"href":"https:\/\/jornalfatosenoticias.com.br\/index.php\/wp-json\/wp\/v2\/tags?post=59003"}],"curies":[{"name":"wp","href":"https:\/\/api.w.org\/{rel}","templated":true}]}}