{"id":59046,"date":"2025-05-08T15:08:03","date_gmt":"2025-05-08T18:08:03","guid":{"rendered":"https:\/\/jornalfatosenoticias.com.br\/?p=59046"},"modified":"2025-05-08T15:08:06","modified_gmt":"2025-05-08T18:08:06","slug":"a-semana-no-brasil-e-no-mundo-governo-lula-rejeita-pedido-de-enviado-de-trump-para-classificar-pcc-e-cv-como-terroristas","status":"publish","type":"post","link":"https:\/\/jornalfatosenoticias.com.br\/index.php\/2025\/05\/08\/a-semana-no-brasil-e-no-mundo-governo-lula-rejeita-pedido-de-enviado-de-trump-para-classificar-pcc-e-cv-como-terroristas\/","title":{"rendered":"A Semana no Brasil e no Mundo \u2014 Governo Lula rejeita pedido de enviado de Trump para classificar PCC e CV como terroristas"},"content":{"rendered":"\n<div class=\"wp-block-image\"><figure class=\"aligncenter size-large\"><a href=\"https:\/\/mizu.com.br\/\"><img loading=\"lazy\" decoding=\"async\" width=\"729\" height=\"90\" src=\"https:\/\/jornalfatosenoticias.com.br\/wp-content\/uploads\/2020\/02\/Logo_Mizu.png\" alt=\"\" class=\"wp-image-1441\" srcset=\"https:\/\/jornalfatosenoticias.com.br\/wp-content\/uploads\/2020\/02\/Logo_Mizu.png 729w, https:\/\/jornalfatosenoticias.com.br\/wp-content\/uploads\/2020\/02\/Logo_Mizu-300x37.png 300w\" sizes=\"auto, (max-width: 729px) 100vw, 729px\" \/><\/a><\/figure><\/div>\n\n\n\n<p>Em mais um gesto de toler\u00e2ncia preocupante diante da escalada do crime organizado, o governo Lula rejeitou, na ter\u00e7a-feira (6), a press\u00e3o dos Estados Unidos para que fac\u00e7\u00f5es como o Primeiro Comando da Capital (PCC) e o Comando Vermelho (CV) sejam classificadas como organiza\u00e7\u00f5es terroristas.<br>O recado foi transmitido de forma protocolar a David Gamble, diplomata do Departamento de Estado dos EUA, durante reuni\u00e3o com t\u00e9cnicos de escal\u00e3o inferior do Minist\u00e9rio da Justi\u00e7a. A escolha de n\u00e3o enviar representantes de peso pol\u00edtico ao encontro refor\u00e7a a disposi\u00e7\u00e3o do Planalto de minimizar o tema e evitar qualquer alinhamento com uma postura mais dura no combate ao crime.<br>Segundo o secret\u00e1rio nacional de Seguran\u00e7a P\u00fablica, M\u00e1rio Sarrubbo \u2014 que se manteve distante das conversas \u2014 \u201cn\u00e3o consideramos as fac\u00e7\u00f5es organiza\u00e7\u00f5es terroristas. Em primeiro lugar, porque isso n\u00e3o se adequa ao nosso sistema legal, sendo que nossas fac\u00e7\u00f5es n\u00e3o atuam em defesa de uma causa ou ideologia. Elas buscam o lucro atrav\u00e9s dos mais variados il\u00edcitos\u201d.<\/p>\n\n\n\n<div class=\"wp-block-image\"><figure class=\"aligncenter size-large is-resized\"><a href=\"https:\/\/www.instagram.com\/serra4x4cambioautomatico\/\"><img loading=\"lazy\" decoding=\"async\" src=\"https:\/\/jornalfatosenoticias.com.br\/wp-content\/uploads\/2024\/08\/Serra-4x4-1-886x1024.jpg\" alt=\"\" class=\"wp-image-53632\" width=\"292\" height=\"337\" srcset=\"https:\/\/jornalfatosenoticias.com.br\/wp-content\/uploads\/2024\/08\/Serra-4x4-1-886x1024.jpg 886w, https:\/\/jornalfatosenoticias.com.br\/wp-content\/uploads\/2024\/08\/Serra-4x4-1-260x300.jpg 260w, https:\/\/jornalfatosenoticias.com.br\/wp-content\/uploads\/2024\/08\/Serra-4x4-1-768x888.jpg 768w, https:\/\/jornalfatosenoticias.com.br\/wp-content\/uploads\/2024\/08\/Serra-4x4-1.jpg 1181w\" sizes=\"auto, (max-width: 292px) 100vw, 292px\" \/><\/a><\/figure><\/div>\n\n\n\n<p>A argumenta\u00e7\u00e3o jur\u00eddica ignora o contexto mais amplo: as fac\u00e7\u00f5es n\u00e3o apenas controlam vastos territ\u00f3rios no Brasil, mas tamb\u00e9m articulam redes transnacionais de tr\u00e1fico, lavagem de dinheiro e corrup\u00e7\u00e3o institucional, efeitos que extrapolam largamente a categoria de \u201ccriminalidade comum\u201d. Ao preferir a manuten\u00e7\u00e3o de uma abordagem tradicionalista e negacionista sobre a gravidade do problema, o governo Lula se distancia n\u00e3o apenas da press\u00e3o internacional, mas tamb\u00e9m da percep\u00e7\u00e3o de uma sociedade brasileira cada vez mais ref\u00e9m da viol\u00eancia. Sarrubbo destacou ainda que o Brasil \u201ctem dado respostas e trabalha ativamente na constru\u00e7\u00e3o de pol\u00edticas p\u00fablicas combatendo essas fac\u00e7\u00f5es\u201d, mencionando pres\u00eddios federais e a atua\u00e7\u00e3o de institui\u00e7\u00f5es como a pol\u00edcia e o Minist\u00e9rio P\u00fablico. Contudo, o discurso oficial contrasta com a realidade das ruas e das fronteiras, onde o poder das fac\u00e7\u00f5es cresce de forma cont\u00ednua.<\/p>\n\n\n\n<div class=\"wp-block-image\"><figure class=\"aligncenter size-large is-resized\"><a href=\"https:\/\/www.instagram.com\/gruposei\/\"><img loading=\"lazy\" decoding=\"async\" src=\"https:\/\/jornalfatosenoticias.com.br\/wp-content\/uploads\/2022\/07\/Logo-Grupo-SEI.jpg\" alt=\"\" class=\"wp-image-31973\" width=\"453\" height=\"238\" srcset=\"https:\/\/jornalfatosenoticias.com.br\/wp-content\/uploads\/2022\/07\/Logo-Grupo-SEI.jpg 713w, https:\/\/jornalfatosenoticias.com.br\/wp-content\/uploads\/2022\/07\/Logo-Grupo-SEI-300x158.jpg 300w\" sizes=\"auto, (max-width: 453px) 100vw, 453px\" \/><\/a><\/figure><\/div>\n\n\n\n<p>O governo americano, sob influ\u00eancia do presidente Donald Trump, estuda incluir o PCC e o CV na lista de organiza\u00e7\u00f5es terroristas internacionais, \u00e0 semelhan\u00e7a do que j\u00e1 fez com o grupo venezuelano Tren de Aragua. A medida \u00e9 apoiada por setores conservadores, que acusam Lula de adotar uma postura passiva frente ao crime organizado. Ao rejeitar categoricamente qualquer reclassifica\u00e7\u00e3o, o governo Lula demonstra mais preocupa\u00e7\u00e3o com alinhamentos ideol\u00f3gicos e jur\u00eddicos do que com a necessidade urgente de modernizar o combate \u00e0s organiza\u00e7\u00f5es criminosas que corroem o Estado de dentro para fora.<strong> (Fonte: Hora Bras\u00edlia)<\/strong><\/p>\n\n\n\n<div class=\"wp-block-image\"><figure class=\"aligncenter size-large is-resized\"><a href=\"https:\/\/www.controlsystems.com.br\/\"><img loading=\"lazy\" decoding=\"async\" src=\"https:\/\/jornalfatosenoticias.com.br\/wp-content\/uploads\/2020\/02\/CONTROL-CS.jpg\" alt=\"\" class=\"wp-image-44991\" width=\"275\" height=\"329\" srcset=\"https:\/\/jornalfatosenoticias.com.br\/wp-content\/uploads\/2020\/02\/CONTROL-CS.jpg 834w, https:\/\/jornalfatosenoticias.com.br\/wp-content\/uploads\/2020\/02\/CONTROL-CS-250x300.jpg 250w, https:\/\/jornalfatosenoticias.com.br\/wp-content\/uploads\/2020\/02\/CONTROL-CS-768x921.jpg 768w\" sizes=\"auto, (max-width: 275px) 100vw, 275px\" \/><\/a><\/figure><\/div>\n\n\n\n<hr class=\"wp-block-separator\"\/>\n\n\n\n<h3 class=\"wp-block-heading\"><span class=\"has-inline-color has-black-color\">Trump anuncia reabertura da pris\u00e3o de Alcatraz para isolar criminosos violentos<\/span><\/h3>\n\n\n\n<div class=\"wp-block-image\"><figure class=\"aligncenter size-large\"><img loading=\"lazy\" decoding=\"async\" width=\"612\" height=\"408\" src=\"https:\/\/jornalfatosenoticias.com.br\/wp-content\/uploads\/2025\/05\/Trump-Alcatraz_gettyimages.jpg\" alt=\"\" class=\"wp-image-59052\" srcset=\"https:\/\/jornalfatosenoticias.com.br\/wp-content\/uploads\/2025\/05\/Trump-Alcatraz_gettyimages.jpg 612w, https:\/\/jornalfatosenoticias.com.br\/wp-content\/uploads\/2025\/05\/Trump-Alcatraz_gettyimages-300x200.jpg 300w\" sizes=\"auto, (max-width: 612px) 100vw, 612px\" \/><figcaption><em><span class=\"has-inline-color has-black-color\">(Foto: Getty Images)<\/span><\/em><\/figcaption><\/figure><\/div>\n\n\n\n<p>O presidente dos Estados Unidos, Donald Trump, anunciou a reabertura e a amplia\u00e7\u00e3o da hist\u00f3rica pris\u00e3o de Alcatraz, localizada na ba\u00eda de S\u00e3o Francisco, Calif\u00f3rnia. O an\u00fancio foi feito por meio de publica\u00e7\u00e3o na rede social Truth Social e integra uma nova ofensiva do governo em favor de pol\u00edticas de toler\u00e2ncia zero e endurecimento penal.<\/p>\n\n\n\n<div class=\"wp-block-image\"><figure class=\"aligncenter size-large is-resized\"><a href=\"https:\/\/www.instagram.com\/restaurantepegoretti\/\"><img loading=\"lazy\" decoding=\"async\" src=\"https:\/\/jornalfatosenoticias.com.br\/wp-content\/uploads\/2023\/12\/pegoretti-logo-pdf-1024x389.jpg\" alt=\"\" class=\"wp-image-47536\" width=\"477\" height=\"181\" srcset=\"https:\/\/jornalfatosenoticias.com.br\/wp-content\/uploads\/2023\/12\/pegoretti-logo-pdf-1024x389.jpg 1024w, https:\/\/jornalfatosenoticias.com.br\/wp-content\/uploads\/2023\/12\/pegoretti-logo-pdf-300x114.jpg 300w, https:\/\/jornalfatosenoticias.com.br\/wp-content\/uploads\/2023\/12\/pegoretti-logo-pdf-768x291.jpg 768w, https:\/\/jornalfatosenoticias.com.br\/wp-content\/uploads\/2023\/12\/pegoretti-logo-pdf.jpg 1120w\" sizes=\"auto, (max-width: 477px) 100vw, 477px\" \/><\/a><\/figure><\/div>\n\n\n\n<p>Segundo Trump, a decis\u00e3o tem como objetivo isolar criminosos reincidentes e violentos, al\u00e9m de imigrantes ilegais que tenham cometido crimes em territ\u00f3rio norte-americano. O republicano informou que j\u00e1 instruiu o Departamento de Justi\u00e7a, o Departamento de Seguran\u00e7a Interna, o FBI e o Escrit\u00f3rio Federal de Pris\u00f5es a implementar o plano. \u201cQuando \u00e9ramos uma na\u00e7\u00e3o mais s\u00e9ria, no passado, n\u00e3o hesit\u00e1vamos em trancar os criminosos mais perigosos e mant\u00ea-los longe de qualquer pessoa que pudessem ferir. \u00c9 assim que deveria ser\u201d, escreveu Trump em sua postagem. De acordo com o presidente, Alcatraz ser\u00e1 \u201csubstancialmente reconstru\u00edda e ampliada\u201d para receber os detidos. <\/p>\n\n\n\n<div class=\"wp-block-image\"><figure class=\"aligncenter size-large\"><a href=\"http:\/\/www.ferrarimaquinas.com.br\/\"><img loading=\"lazy\" decoding=\"async\" width=\"300\" height=\"250\" src=\"https:\/\/jornalfatosenoticias.com.br\/wp-content\/uploads\/2022\/02\/FERRARI_MAQUINAS-E-FERRAMENTAS2.jpg\" alt=\"\" class=\"wp-image-27860\"\/><\/a><\/figure><\/div>\n\n\n\n<p>Trump declarou que a penitenci\u00e1ria ser\u00e1 usada para encarcerar n\u00e3o apenas criminosos violentos, mas tamb\u00e9m imigrantes ilegais envolvidos em crimes, criticando o sistema judici\u00e1rio norte-americano por ser, segundo ele, \u201cconivente\u201d com a perman\u00eancia desses indiv\u00edduos no pa\u00eds.<strong><em> \u201cN\u00e3o seremos mais ref\u00e9ns de criminosos, matadores e ju\u00edzes que t\u00eam medo de fazer o que \u00e9 certo\u201d, escreveu.<\/em><\/strong><\/p>\n\n\n\n<div class=\"wp-block-image\"><figure class=\"aligncenter size-large is-resized\"><a href=\"https:\/\/www.facebook.com\/profile.php?id=100069289606145\"><img loading=\"lazy\" decoding=\"async\" src=\"https:\/\/jornalfatosenoticias.com.br\/wp-content\/uploads\/2024\/11\/Guaitolini-Contabilidade-1024x714.jpeg\" alt=\"\" class=\"wp-image-55808\" width=\"370\" height=\"258\" srcset=\"https:\/\/jornalfatosenoticias.com.br\/wp-content\/uploads\/2024\/11\/Guaitolini-Contabilidade-1024x714.jpeg 1024w, https:\/\/jornalfatosenoticias.com.br\/wp-content\/uploads\/2024\/11\/Guaitolini-Contabilidade-300x209.jpeg 300w, https:\/\/jornalfatosenoticias.com.br\/wp-content\/uploads\/2024\/11\/Guaitolini-Contabilidade-768x535.jpeg 768w, https:\/\/jornalfatosenoticias.com.br\/wp-content\/uploads\/2024\/11\/Guaitolini-Contabilidade.jpeg 1280w\" sizes=\"auto, (max-width: 370px) 100vw, 370px\" \/><\/a><\/figure><\/div>\n\n\n\n<p>O an\u00fancio foi recebido com entusiasmo em c\u00edrculos conservadores, mas tamb\u00e9m gerou cr\u00edticas imediatas de opositores e especialistas em direitos civis, que alertam para o risco de retrocessos em direitos constitucionais e para a politiza\u00e7\u00e3o do sistema penal. A reabertura de Alcatraz se insere no contexto mais amplo da pol\u00edtica de \u201clei e ordem\u201d que Trump tem reafirmado como um dos pilares de seu mandato. O presidente vem defendendo abordagens duras para o combate ao crime, enquanto sustenta uma ret\u00f3rica de intoler\u00e2ncia \u00e0 imigra\u00e7\u00e3o irregular.<\/p>\n\n\n\n<div class=\"wp-block-image\"><figure class=\"aligncenter size-large is-resized\"><a href=\"https:\/\/www.facebook.com\/postobkr\/?locale=pt_BR\"><img loading=\"lazy\" decoding=\"async\" src=\"https:\/\/jornalfatosenoticias.com.br\/wp-content\/uploads\/2023\/08\/BKR-1024x1021.jpg\" alt=\"\" class=\"wp-image-44494\" width=\"327\" height=\"326\" srcset=\"https:\/\/jornalfatosenoticias.com.br\/wp-content\/uploads\/2023\/08\/BKR-1024x1021.jpg 1024w, https:\/\/jornalfatosenoticias.com.br\/wp-content\/uploads\/2023\/08\/BKR-300x300.jpg 300w, https:\/\/jornalfatosenoticias.com.br\/wp-content\/uploads\/2023\/08\/BKR-150x150.jpg 150w, https:\/\/jornalfatosenoticias.com.br\/wp-content\/uploads\/2023\/08\/BKR-768x766.jpg 768w, https:\/\/jornalfatosenoticias.com.br\/wp-content\/uploads\/2023\/08\/BKR.jpg 1080w\" sizes=\"auto, (max-width: 327px) 100vw, 327px\" \/><\/a><\/figure><\/div>\n\n\n\n<p>Alcatraz, conhecida como \u201cA Rocha\u201d, funcionou como pris\u00e3o federal de seguran\u00e7a m\u00e1xima entre 1934 e 1963, abrigando criminosos not\u00f3rios como Al Capone e George \u201cMachine Gun\u201d Kelly. Desde ent\u00e3o, o local se transformou em ponto tur\u00edstico e \u00e9 parte do patrim\u00f4nio hist\u00f3rico dos Estados Unidos. O plano de Trump, se efetivado, representar\u00e1 n\u00e3o apenas a ressurrei\u00e7\u00e3o f\u00edsica de um dos s\u00edmbolos mais ic\u00f4nicos do sistema carcer\u00e1rio americano, mas tamb\u00e9m o fortalecimento de uma pol\u00edtica penal marcada por medidas de confinamento rigoroso e por uma vis\u00e3o endurecida da seguran\u00e7a p\u00fablica.<strong> (Fonte: Hora Bras\u00edlia)<\/strong><\/p>\n\n\n\n<div class=\"wp-block-image\"><figure class=\"aligncenter size-large is-resized\"><a href=\"https:\/\/www.instagram.com\/esteiochurrascaria\/\"><img loading=\"lazy\" decoding=\"async\" src=\"https:\/\/jornalfatosenoticias.com.br\/wp-content\/uploads\/2022\/02\/LOGO-ESTEIO-1024x730.png\" alt=\"\" class=\"wp-image-27942\" width=\"384\" height=\"273\" srcset=\"https:\/\/jornalfatosenoticias.com.br\/wp-content\/uploads\/2022\/02\/LOGO-ESTEIO-1024x730.png 1024w, https:\/\/jornalfatosenoticias.com.br\/wp-content\/uploads\/2022\/02\/LOGO-ESTEIO-300x214.png 300w, https:\/\/jornalfatosenoticias.com.br\/wp-content\/uploads\/2022\/02\/LOGO-ESTEIO-768x548.png 768w, https:\/\/jornalfatosenoticias.com.br\/wp-content\/uploads\/2022\/02\/LOGO-ESTEIO.png 1123w\" sizes=\"auto, (max-width: 384px) 100vw, 384px\" \/><\/a><\/figure><\/div>\n\n\n\n<hr class=\"wp-block-separator\"\/>\n\n\n\n<h3 class=\"wp-block-heading\"><span class=\"has-inline-color has-black-color\">Deputado do ES apresenta pedido de impeachment contra Lula por omiss\u00e3o em fraudes no INSS<\/span><\/h3>\n\n\n\n<div class=\"wp-block-image\"><figure class=\"aligncenter size-large\"><img loading=\"lazy\" decoding=\"async\" width=\"640\" height=\"480\" src=\"https:\/\/jornalfatosenoticias.com.br\/wp-content\/uploads\/2025\/05\/EVAIR-DE-MELO.jpg\" alt=\"\" class=\"wp-image-59051\" srcset=\"https:\/\/jornalfatosenoticias.com.br\/wp-content\/uploads\/2025\/05\/EVAIR-DE-MELO.jpg 640w, https:\/\/jornalfatosenoticias.com.br\/wp-content\/uploads\/2025\/05\/EVAIR-DE-MELO-300x225.jpg 300w\" sizes=\"auto, (max-width: 640px) 100vw, 640px\" \/><figcaption><em><span class=\"has-inline-color has-black-color\">(Foto: C\u00e2mara dos Deputados)<\/span><\/em><\/figcaption><\/figure><\/div>\n\n\n\n<p>O deputado federal Evair de Melo (PP-ES) protocolou, na ter\u00e7a-feira (6), um pedido de impeachment contra Luiz In\u00e1cio Lula da Silva (PT). O parlamentar acusa o chefe do Executivo de crime de responsabilidade no esc\u00e2ndalo das fraudes bilion\u00e1rias no Instituto Nacional do Seguro Social (INSS). Segundo Evair, o caso revela o \u201caparelhamento criminoso do Estado\u201d e o \u201cdesrespeito absoluto aos princ\u00edpios da administra\u00e7\u00e3o p\u00fablica\u201d. A Pol\u00edcia Federal apurou que o esquema desviou pelo menos R$ 6,3 bilh\u00f5es, envolvendo servidores do INSS, sindicatos e associa\u00e7\u00f5es.<\/p>\n\n\n\n<div class=\"wp-block-image\"><figure class=\"aligncenter size-large is-resized\"><a href=\"https:\/\/panper.com.br\/\"><img loading=\"lazy\" decoding=\"async\" src=\"https:\/\/jornalfatosenoticias.com.br\/wp-content\/uploads\/2023\/03\/logo-Panper_portal.jpg\" alt=\"\" class=\"wp-image-40208\" width=\"349\" height=\"242\" srcset=\"https:\/\/jornalfatosenoticias.com.br\/wp-content\/uploads\/2023\/03\/logo-Panper_portal.jpg 400w, https:\/\/jornalfatosenoticias.com.br\/wp-content\/uploads\/2023\/03\/logo-Panper_portal-300x208.jpg 300w\" sizes=\"auto, (max-width: 349px) 100vw, 349px\" \/><\/a><\/figure><\/div>\n\n\n\n<p>Um dos sindicatos investigados, o Sindicato Nacional dos Aposentados (Sindnapi), tem como dirigente Jos\u00e9 Ferreira da Silva, conhecido como Frei Chico, irm\u00e3o de Lula. O envolvimento do familiar do petista na dire\u00e7\u00e3o da entidade aumentou a press\u00e3o pol\u00edtica sobre o Planalto. \u201cA omiss\u00e3o de Lula diante de um esquema criminoso liderado por seu pr\u00f3prio irm\u00e3o \u00e9 mais que c\u00famplice: \u00e9 criminosa. O Brasil n\u00e3o pode continuar ref\u00e9m de um projeto de poder sustentado por sindicatos, apadrinhados e impunidade. \u00c9 hora de dar um basta\u201d, afirmou o deputado Evair de Melo.<\/p>\n\n\n\n<div class=\"wp-block-image\"><figure class=\"aligncenter size-large\"><a href=\"https:\/\/www.cesconetto.com.br\/\"><img loading=\"lazy\" decoding=\"async\" width=\"300\" height=\"250\" src=\"https:\/\/jornalfatosenoticias.com.br\/wp-content\/uploads\/2020\/02\/Banner-2.png\" alt=\"\" class=\"wp-image-43787\"\/><\/a><\/figure><\/div>\n\n\n\n<p>O pedido solicita o afastamento imediato do petista, seu julgamento pelo Senado Federal e a suspens\u00e3o dos direitos pol\u00edticos por oito anos, caso condenado. As den\u00fancias de fraudes no INSS levaram \u00e0 queda do ent\u00e3o ministro da Previd\u00eancia, Carlos Lupi, e do presidente do instituto, Alessandro Stefanutto. A Opera\u00e7\u00e3o Sem Desconto, deflagrada pela Pol\u00edcia Federal, revelou o esquema de descontos ilegais aplicados diretamente sobre aposentadorias e pens\u00f5es, sem autoriza\u00e7\u00e3o dos benefici\u00e1rios.<\/p>\n\n\n\n<div class=\"wp-block-image\"><figure class=\"aligncenter size-large is-resized\"><a href=\"https:\/\/www.instagram.com\/rcradiadores\/\"><img loading=\"lazy\" decoding=\"async\" src=\"https:\/\/jornalfatosenoticias.com.br\/wp-content\/uploads\/2022\/10\/RC_800x750_page-0001.jpg\" alt=\"\" class=\"wp-image-35338\" width=\"359\" height=\"337\" srcset=\"https:\/\/jornalfatosenoticias.com.br\/wp-content\/uploads\/2022\/10\/RC_800x750_page-0001.jpg 400w, https:\/\/jornalfatosenoticias.com.br\/wp-content\/uploads\/2022\/10\/RC_800x750_page-0001-300x281.jpg 300w\" sizes=\"auto, (max-width: 359px) 100vw, 359px\" \/><\/a><\/figure><\/div>\n\n\n\n<p>O esc\u00e2ndalo, que j\u00e1 provocou instabilidade no governo, agora serve de combust\u00edvel para movimentos de oposi\u00e7\u00e3o que buscam responsabilizar politicamente Lula pela gest\u00e3o e pelo aparelhamento da m\u00e1quina p\u00fablica. A decis\u00e3o de aceitar ou rejeitar o pedido de impeachment cabe ao presidente da C\u00e2mara dos Deputados, Hugo Motta (Republicanos-PB), que ainda n\u00e3o se manifestou oficialmente sobre o tema. <strong>(Fonte: Hora Bras\u00edlia)<\/strong><\/p>\n\n\n\n<div class=\"wp-block-image\"><figure class=\"aligncenter size-large is-resized\"><a href=\"https:\/\/www.facebook.com\/vetor.vix\/\"><img loading=\"lazy\" decoding=\"async\" src=\"https:\/\/jornalfatosenoticias.com.br\/wp-content\/uploads\/2023\/09\/vetorvix1024_1.jpg\" alt=\"\" class=\"wp-image-44868\" width=\"543\" height=\"144\" srcset=\"https:\/\/jornalfatosenoticias.com.br\/wp-content\/uploads\/2023\/09\/vetorvix1024_1.jpg 1024w, https:\/\/jornalfatosenoticias.com.br\/wp-content\/uploads\/2023\/09\/vetorvix1024_1-300x80.jpg 300w, https:\/\/jornalfatosenoticias.com.br\/wp-content\/uploads\/2023\/09\/vetorvix1024_1-768x205.jpg 768w\" sizes=\"auto, (max-width: 543px) 100vw, 543px\" \/><\/a><\/figure><\/div>\n\n\n\n<hr class=\"wp-block-separator\"\/>\n\n\n\n<h3 class=\"wp-block-heading\"><span class=\"has-inline-color has-black-color\">Elon Musk volta a fazer declara\u00e7\u00f5es sobre Bolsonaro e elei\u00e7\u00f5es<\/span><\/h3>\n\n\n\n<div class=\"wp-block-image\"><figure class=\"aligncenter size-large\"><img loading=\"lazy\" decoding=\"async\" width=\"612\" height=\"408\" src=\"https:\/\/jornalfatosenoticias.com.br\/wp-content\/uploads\/2025\/05\/elon-musk_gettyimages.jpg\" alt=\"\" class=\"wp-image-59050\" srcset=\"https:\/\/jornalfatosenoticias.com.br\/wp-content\/uploads\/2025\/05\/elon-musk_gettyimages.jpg 612w, https:\/\/jornalfatosenoticias.com.br\/wp-content\/uploads\/2025\/05\/elon-musk_gettyimages-300x200.jpg 300w\" sizes=\"auto, (max-width: 612px) 100vw, 612px\" \/><figcaption><em><span class=\"has-inline-color has-black-color\">(Foto: Getty Images)<\/span><\/em><\/figcaption><\/figure><\/div>\n\n\n\n<p>O empres\u00e1rio Elon Musk, dono do X (ex-Twitter) e da Tesla, voltou a se manifestar sobre a situa\u00e7\u00e3o pol\u00edtica brasileira. Em publica\u00e7\u00e3o feita em 30 de abril, Musk classificou como \u201ctirania\u201d a inelegibilidade do ex-presidente Jair Bolsonaro (PL), determinada pelo Tribunal Superior Eleitoral (TSE) em 2023. O bilion\u00e1rio compartilhou uma postagem que menciona diversos l\u00edderes de direita ao redor do mundo. O conte\u00fado comparava suas situa\u00e7\u00f5es pol\u00edticas e sugeria que decis\u00f5es judiciais estariam sendo tomadas em nome da \u201cprote\u00e7\u00e3o da democracia\u201d.<\/p>\n\n\n\n<div class=\"wp-block-image\"><figure class=\"aligncenter size-large is-resized\"><a href=\"https:\/\/www.legisjuris.com.br\/\"><img loading=\"lazy\" decoding=\"async\" src=\"https:\/\/jornalfatosenoticias.com.br\/wp-content\/uploads\/2024\/09\/Legis-Juris-Consultoria_logo.jpg\" alt=\"\" class=\"wp-image-53915\" width=\"501\" height=\"210\" srcset=\"https:\/\/jornalfatosenoticias.com.br\/wp-content\/uploads\/2024\/09\/Legis-Juris-Consultoria_logo.jpg 969w, https:\/\/jornalfatosenoticias.com.br\/wp-content\/uploads\/2024\/09\/Legis-Juris-Consultoria_logo-300x126.jpg 300w, https:\/\/jornalfatosenoticias.com.br\/wp-content\/uploads\/2024\/09\/Legis-Juris-Consultoria_logo-768x322.jpg 768w\" sizes=\"auto, (max-width: 501px) 100vw, 501px\" \/><\/a><\/figure><\/div>\n\n\n\n<blockquote class=\"wp-block-quote is-layout-flow wp-block-quote-is-layout-flow\"><p><span class=\"has-inline-color has-luminous-vivid-orange-color\">Le Pen banida das elei\u00e7\u00f5es. Bolsonaro proibido de concorrer \u00e0 elei\u00e7\u00e3o. Vit\u00f3ria eleitoral de Georgescu cancelada. AFD designada como grupo extremista. Tudo em nome da prote\u00e7\u00e3o da democracia\u201d, dizia a publica\u00e7\u00e3o original, replicada por Musk com a legenda \u201cIsso \u00e9 tirania\u201d.<\/span><\/p><\/blockquote>\n\n\n\n<div class=\"wp-block-image\"><figure class=\"aligncenter size-large is-resized\"><a href=\"https:\/\/hotelmarquetti.com.br\/\"><img loading=\"lazy\" decoding=\"async\" src=\"https:\/\/jornalfatosenoticias.com.br\/wp-content\/uploads\/2020\/02\/LOGO-MQ-1024x680.jpg\" alt=\"\" class=\"wp-image-58299\" width=\"377\" height=\"250\" srcset=\"https:\/\/jornalfatosenoticias.com.br\/wp-content\/uploads\/2020\/02\/LOGO-MQ-1024x680.jpg 1024w, https:\/\/jornalfatosenoticias.com.br\/wp-content\/uploads\/2020\/02\/LOGO-MQ-300x199.jpg 300w, https:\/\/jornalfatosenoticias.com.br\/wp-content\/uploads\/2020\/02\/LOGO-MQ-768x510.jpg 768w, https:\/\/jornalfatosenoticias.com.br\/wp-content\/uploads\/2020\/02\/LOGO-MQ-1536x1020.jpg 1536w, https:\/\/jornalfatosenoticias.com.br\/wp-content\/uploads\/2020\/02\/LOGO-MQ-2048x1360.jpg 2048w\" sizes=\"auto, (max-width: 377px) 100vw, 377px\" \/><\/a><\/figure><\/div>\n\n\n\n<p>Jair Bolsonaro foi condenado pelo TSE por abuso de poder pol\u00edtico e uso indevido dos meios de comunica\u00e7\u00e3o, em a\u00e7\u00e3o movida pelo PDT. O caso analisado envolveu a reuni\u00e3o realizada com embaixadores no Pal\u00e1cio da Alvorada, em julho de 2022, quando o ent\u00e3o presidente questionou a seguran\u00e7a das urnas eletr\u00f4nicas e criticou o sistema eleitoral brasileiro. Com a decis\u00e3o da Justi\u00e7a Eleitoral, Bolsonaro est\u00e1 impedido de disputar elei\u00e7\u00f5es at\u00e9 2030. Desde ent\u00e3o, ele tem reiterado que pretende concorrer \u00e0 Presid\u00eancia da Rep\u00fablica em 2026, e tem defendido propostas que alterem a legisla\u00e7\u00e3o vigente.<\/p>\n\n\n\n<div class=\"wp-block-image\"><figure class=\"aligncenter size-large is-resized\"><a href=\"https:\/\/www.ithbrasil.com.br\/\"><img loading=\"lazy\" decoding=\"async\" src=\"https:\/\/jornalfatosenoticias.com.br\/wp-content\/uploads\/2023\/08\/ITH.jpeg\" alt=\"\" class=\"wp-image-44638\" width=\"359\" height=\"291\" srcset=\"https:\/\/jornalfatosenoticias.com.br\/wp-content\/uploads\/2023\/08\/ITH.jpeg 800w, https:\/\/jornalfatosenoticias.com.br\/wp-content\/uploads\/2023\/08\/ITH-300x244.jpeg 300w, https:\/\/jornalfatosenoticias.com.br\/wp-content\/uploads\/2023\/08\/ITH-768x624.jpeg 768w\" sizes=\"auto, (max-width: 359px) 100vw, 359px\" \/><\/a><\/figure><\/div>\n\n\n\n<p>Tramitam atualmente na C\u00e2mara dos Deputados dois projetos de lei apresentados pelo Partido Liberal (PL) que prop\u00f5em reduzir o per\u00edodo de inelegibilidade previsto na Lei da Ficha Limpa, de oito para dois anos. Para que possam ter efeito nas elei\u00e7\u00f5es de 2026, os textos precisam ser aprovados e sancionados at\u00e9 3 de outubro de 2025. <strong>(Fonte: Conex\u00e3o Pol\u00edtica)<\/strong><\/p>\n\n\n\n<div class=\"wp-block-image\"><figure class=\"aligncenter size-large is-resized\"><a href=\"https:\/\/www.instagram.com\/restaurantepegoretti\/\"><img loading=\"lazy\" decoding=\"async\" src=\"https:\/\/jornalfatosenoticias.com.br\/wp-content\/uploads\/2023\/12\/pegoretti-logo-pdf-1024x389.jpg\" alt=\"\" class=\"wp-image-47536\" width=\"546\" height=\"207\" srcset=\"https:\/\/jornalfatosenoticias.com.br\/wp-content\/uploads\/2023\/12\/pegoretti-logo-pdf-1024x389.jpg 1024w, https:\/\/jornalfatosenoticias.com.br\/wp-content\/uploads\/2023\/12\/pegoretti-logo-pdf-300x114.jpg 300w, https:\/\/jornalfatosenoticias.com.br\/wp-content\/uploads\/2023\/12\/pegoretti-logo-pdf-768x291.jpg 768w, https:\/\/jornalfatosenoticias.com.br\/wp-content\/uploads\/2023\/12\/pegoretti-logo-pdf.jpg 1120w\" sizes=\"auto, (max-width: 546px) 100vw, 546px\" \/><\/a><\/figure><\/div>\n\n\n\n<hr class=\"wp-block-separator\"\/>\n\n\n\n<h3 class=\"wp-block-heading\"><span class=\"has-inline-color has-black-color\">Governo Bolsonaro tentou barrar fraudes no INSS, mas medidas foram enfraquecidas no Congresso<\/span><\/h3>\n\n\n\n<div class=\"wp-block-image\"><figure class=\"aligncenter size-large\"><img loading=\"lazy\" decoding=\"async\" width=\"612\" height=\"408\" src=\"https:\/\/jornalfatosenoticias.com.br\/wp-content\/uploads\/2025\/05\/bolsonaro-inss_gettyimages.jpg\" alt=\"\" class=\"wp-image-59049\" srcset=\"https:\/\/jornalfatosenoticias.com.br\/wp-content\/uploads\/2025\/05\/bolsonaro-inss_gettyimages.jpg 612w, https:\/\/jornalfatosenoticias.com.br\/wp-content\/uploads\/2025\/05\/bolsonaro-inss_gettyimages-300x200.jpg 300w\" sizes=\"auto, (max-width: 612px) 100vw, 612px\" \/><figcaption><em><span class=\"has-inline-color has-black-color\">(Foto: Getty Images)<\/span><\/em><\/figcaption><\/figure><\/div>\n\n\n\n<p>Em 2019, o governo do ent\u00e3o presidente Jair Bolsonaro lan\u00e7ou uma ofensiva para combater fraudes em aposentadorias e pens\u00f5es do Instituto Nacional do Seguro Social (INSS). Por meio da Medida Provis\u00f3ria (MP) 871, o Planalto instituiu regras para barrar descontos n\u00e3o autorizados aplicados por sindicatos e associa\u00e7\u00f5es diretamente nos benef\u00edcios dos aposentados.<\/p>\n\n\n\n<div class=\"wp-block-image\"><figure class=\"aligncenter size-large is-resized\"><a href=\"https:\/\/www.instagram.com\/serra4x4cambioautomatico\/\"><img loading=\"lazy\" decoding=\"async\" src=\"https:\/\/jornalfatosenoticias.com.br\/wp-content\/uploads\/2024\/08\/Serra-4x4-1-886x1024.jpg\" alt=\"\" class=\"wp-image-53632\" width=\"284\" height=\"328\" srcset=\"https:\/\/jornalfatosenoticias.com.br\/wp-content\/uploads\/2024\/08\/Serra-4x4-1-886x1024.jpg 886w, https:\/\/jornalfatosenoticias.com.br\/wp-content\/uploads\/2024\/08\/Serra-4x4-1-260x300.jpg 260w, https:\/\/jornalfatosenoticias.com.br\/wp-content\/uploads\/2024\/08\/Serra-4x4-1-768x888.jpg 768w, https:\/\/jornalfatosenoticias.com.br\/wp-content\/uploads\/2024\/08\/Serra-4x4-1.jpg 1181w\" sizes=\"auto, (max-width: 284px) 100vw, 284px\" \/><\/a><\/figure><\/div>\n\n\n\n<p>Entre as medidas mais rigorosas estava a exig\u00eancia de revalida\u00e7\u00e3o anual da autoriza\u00e7\u00e3o de desconto pelos aposentados \u2014 um instrumento criado para impedir que entidades utilizassem dados antigos ou consentimentos obtidos de forma irregular para continuar retirando valores dos benef\u00edcios. O objetivo era claro: proteger os segurados e estrangular o canal usado para fraudes bilion\u00e1rias.<\/p>\n\n\n\n<div class=\"wp-block-image\"><figure class=\"aligncenter size-large\"><a href=\"https:\/\/mizu.com.br\/\"><img loading=\"lazy\" decoding=\"async\" width=\"729\" height=\"90\" src=\"https:\/\/jornalfatosenoticias.com.br\/wp-content\/uploads\/2020\/02\/Logo_Mizu.png\" alt=\"\" class=\"wp-image-1441\" srcset=\"https:\/\/jornalfatosenoticias.com.br\/wp-content\/uploads\/2020\/02\/Logo_Mizu.png 729w, https:\/\/jornalfatosenoticias.com.br\/wp-content\/uploads\/2020\/02\/Logo_Mizu-300x37.png 300w\" sizes=\"auto, (max-width: 729px) 100vw, 729px\" \/><\/a><\/figure><\/div>\n\n\n\n<p>Contudo, a proposta original n\u00e3o resistiu \u00e0 press\u00e3o. Durante a tramita\u00e7\u00e3o no Congresso Nacional, entidades sindicais alegaram dificuldades log\u00edsticas para localizar aposentados e pressionaram parlamentares para relaxar o controle. O resultado foi a modifica\u00e7\u00e3o do texto: o prazo de revalida\u00e7\u00e3o das autoriza\u00e7\u00f5es, que deveria ser anual, foi estendido para tr\u00eas anos a partir de dezembro de 2021. A mudan\u00e7a abriu espa\u00e7o para que autoriza\u00e7\u00f5es antigas, e muitas vezes question\u00e1veis, continuassem sendo usadas sem atualiza\u00e7\u00e3o por anos.<\/p>\n\n\n\n<div class=\"wp-block-image\"><figure class=\"aligncenter size-large\"><img loading=\"lazy\" decoding=\"async\" width=\"682\" height=\"417\" src=\"https:\/\/jornalfatosenoticias.com.br\/wp-content\/uploads\/2025\/05\/governo-bolsonaro-inss_2.jpeg\" alt=\"\" class=\"wp-image-59048\" srcset=\"https:\/\/jornalfatosenoticias.com.br\/wp-content\/uploads\/2025\/05\/governo-bolsonaro-inss_2.jpeg 682w, https:\/\/jornalfatosenoticias.com.br\/wp-content\/uploads\/2025\/05\/governo-bolsonaro-inss_2-300x183.jpeg 300w\" sizes=\"auto, (max-width: 682px) 100vw, 682px\" \/><figcaption><em><span class=\"has-inline-color has-black-color\">(Foto: Reprodu\u00e7\u00e3o)<\/span><\/em><\/figcaption><\/figure><\/div>\n\n\n\n<p>Em 2022, nova investida fragilizou ainda mais o sistema de controle. Na tramita\u00e7\u00e3o da MP 1.107, que originalmente tratava de microcr\u00e9dito digital, o ent\u00e3o deputado Luiz Miranda (Republicanos-DF) incluiu um \u201cjabuti\u201d: a revoga\u00e7\u00e3o da obrigatoriedade de revalida\u00e7\u00e3o peri\u00f3dica dos descontos. Ou seja, uma regra criada para impedir fraudes acabou sendo eliminada em uma medida provis\u00f3ria sem rela\u00e7\u00e3o com a Previd\u00eancia, por meio de manobra legislativa.<\/p>\n\n\n\n<div class=\"wp-block-image\"><figure class=\"aligncenter size-large is-resized\"><a href=\"https:\/\/www.facebook.com\/profile.php?id=100069289606145\"><img loading=\"lazy\" decoding=\"async\" src=\"https:\/\/jornalfatosenoticias.com.br\/wp-content\/uploads\/2024\/11\/Guaitolini-Contabilidade-1024x714.jpeg\" alt=\"\" class=\"wp-image-55808\" width=\"347\" height=\"242\" srcset=\"https:\/\/jornalfatosenoticias.com.br\/wp-content\/uploads\/2024\/11\/Guaitolini-Contabilidade-1024x714.jpeg 1024w, https:\/\/jornalfatosenoticias.com.br\/wp-content\/uploads\/2024\/11\/Guaitolini-Contabilidade-300x209.jpeg 300w, https:\/\/jornalfatosenoticias.com.br\/wp-content\/uploads\/2024\/11\/Guaitolini-Contabilidade-768x535.jpeg 768w, https:\/\/jornalfatosenoticias.com.br\/wp-content\/uploads\/2024\/11\/Guaitolini-Contabilidade.jpeg 1280w\" sizes=\"auto, (max-width: 347px) 100vw, 347px\" \/><\/a><\/figure><\/div>\n\n\n\n<p>Segundo o deputado Luiz Philippe de Orleans e Bragan\u00e7a (PSL-SP), a revoga\u00e7\u00e3o n\u00e3o constava das inten\u00e7\u00f5es iniciais do governo Bolsonaro. \u201cFoi a atua\u00e7\u00e3o da esquerda sindicalista que, durante a tramita\u00e7\u00e3o no Congresso, inseriu essa mudan\u00e7a, atendendo ao lobby dessas entidades interessadas\u201d, afirmou o parlamentar.<\/p>\n\n\n\n<div class=\"wp-block-image\"><figure class=\"aligncenter size-large is-resized\"><a href=\"https:\/\/www.instagram.com\/esteiochurrascaria\/\"><img loading=\"lazy\" decoding=\"async\" src=\"https:\/\/jornalfatosenoticias.com.br\/wp-content\/uploads\/2022\/02\/LOGO-ESTEIO-1024x730.png\" alt=\"\" class=\"wp-image-27942\" width=\"340\" height=\"242\" srcset=\"https:\/\/jornalfatosenoticias.com.br\/wp-content\/uploads\/2022\/02\/LOGO-ESTEIO-1024x730.png 1024w, https:\/\/jornalfatosenoticias.com.br\/wp-content\/uploads\/2022\/02\/LOGO-ESTEIO-300x214.png 300w, https:\/\/jornalfatosenoticias.com.br\/wp-content\/uploads\/2022\/02\/LOGO-ESTEIO-768x548.png 768w, https:\/\/jornalfatosenoticias.com.br\/wp-content\/uploads\/2022\/02\/LOGO-ESTEIO.png 1123w\" sizes=\"auto, (max-width: 340px) 100vw, 340px\" \/><\/a><\/figure><\/div>\n\n\n\n<p>Agora, em 2025, o pa\u00eds sente os efeitos da desfigura\u00e7\u00e3o dessas medidas: a Pol\u00edcia Federal desmantelou um esquema que desviou mais de R$ 6 bilh\u00f5es de aposentadorias, facilitado justamente pela falta de controle nos descontos. Entre as entidades envolvidas nas investiga\u00e7\u00f5es est\u00e1 o Sindicato Nacional dos Aposentados (Sindnapi), cujo diretor-vice-presidente \u00e9 Jos\u00e9 Ferreira da Silva, o Frei Chico, irm\u00e3o de Luiz In\u00e1cio Lula da Silva (PT).<\/p>\n\n\n\n<div class=\"wp-block-image\"><figure class=\"aligncenter size-large is-resized\"><a href=\"https:\/\/www.facebook.com\/postobkr\/?locale=pt_BR\"><img loading=\"lazy\" decoding=\"async\" src=\"https:\/\/jornalfatosenoticias.com.br\/wp-content\/uploads\/2023\/08\/BKR-1024x1021.jpg\" alt=\"\" class=\"wp-image-44494\" width=\"323\" height=\"322\" srcset=\"https:\/\/jornalfatosenoticias.com.br\/wp-content\/uploads\/2023\/08\/BKR-1024x1021.jpg 1024w, https:\/\/jornalfatosenoticias.com.br\/wp-content\/uploads\/2023\/08\/BKR-300x300.jpg 300w, https:\/\/jornalfatosenoticias.com.br\/wp-content\/uploads\/2023\/08\/BKR-150x150.jpg 150w, https:\/\/jornalfatosenoticias.com.br\/wp-content\/uploads\/2023\/08\/BKR-768x766.jpg 768w, https:\/\/jornalfatosenoticias.com.br\/wp-content\/uploads\/2023\/08\/BKR.jpg 1080w\" sizes=\"auto, (max-width: 323px) 100vw, 323px\" \/><\/a><\/figure><\/div>\n\n\n\n<p>Relat\u00f3rios da Controladoria-Geral da Uni\u00e3o (CGU) apontam que o Sindnapi teve crescimento expressivo nas receitas obtidas com descontos em folha nos \u00faltimos anos \u2014 sem a devida atualiza\u00e7\u00e3o das autoriza\u00e7\u00f5es. O partido Novo protocolou no Tribunal de Contas da Uni\u00e3o (TCU) um pedido formal para investigar as pr\u00e1ticas do sindicato.<\/p>\n\n\n\n<div class=\"wp-block-image\"><figure class=\"aligncenter size-large\"><a href=\"https:\/\/www.cesconetto.com.br\/\"><img loading=\"lazy\" decoding=\"async\" width=\"300\" height=\"250\" src=\"https:\/\/jornalfatosenoticias.com.br\/wp-content\/uploads\/2020\/02\/Banner-2.png\" alt=\"\" class=\"wp-image-43787\"\/><\/a><\/figure><\/div>\n\n\n\n<p>O esfor\u00e7o inicial do governo Bolsonaro para apertar o cerco \u00e0s fraudes encontrou resist\u00eancia pol\u00edtica no Congresso, sobretudo de entidades sindicais ligadas \u00e0 esquerda, e acabou dilapidado ao longo dos processos legislativos. O resultado foi a manuten\u00e7\u00e3o de brechas que permitiram a continuidade de pr\u00e1ticas abusivas contra aposentados, culminando no maior esc\u00e2ndalo recente envolvendo o INSS. <strong>(Fonte: Hora Bras\u00edlia)<\/strong><\/p>\n\n\n\n<div class=\"wp-block-image\"><figure class=\"aligncenter size-large is-resized\"><a href=\"https:\/\/www.legisjuris.com.br\/\"><img loading=\"lazy\" decoding=\"async\" src=\"https:\/\/jornalfatosenoticias.com.br\/wp-content\/uploads\/2024\/09\/Legis-Juris-Consultoria_logo.jpg\" alt=\"\" class=\"wp-image-53915\" width=\"527\" height=\"221\" srcset=\"https:\/\/jornalfatosenoticias.com.br\/wp-content\/uploads\/2024\/09\/Legis-Juris-Consultoria_logo.jpg 969w, https:\/\/jornalfatosenoticias.com.br\/wp-content\/uploads\/2024\/09\/Legis-Juris-Consultoria_logo-300x126.jpg 300w, https:\/\/jornalfatosenoticias.com.br\/wp-content\/uploads\/2024\/09\/Legis-Juris-Consultoria_logo-768x322.jpg 768w\" sizes=\"auto, (max-width: 527px) 100vw, 527px\" \/><\/a><\/figure><\/div>\n\n\n\n<hr class=\"wp-block-separator\"\/>\n\n\n\n<h3 class=\"wp-block-heading\"><span class=\"has-inline-color has-black-color\">Ju\u00edza que anulou ordem de pris\u00e3o contra Evo Morales \u00e9 presa na Bol\u00edvia<\/span><\/h3>\n\n\n\n<div class=\"wp-block-image\"><figure class=\"aligncenter size-large\"><img loading=\"lazy\" decoding=\"async\" width=\"740\" height=\"508\" src=\"https:\/\/jornalfatosenoticias.com.br\/wp-content\/uploads\/2025\/05\/juiza-morales-bolivia_Reproducao.jpg\" alt=\"\" class=\"wp-image-59047\" srcset=\"https:\/\/jornalfatosenoticias.com.br\/wp-content\/uploads\/2025\/05\/juiza-morales-bolivia_Reproducao.jpg 740w, https:\/\/jornalfatosenoticias.com.br\/wp-content\/uploads\/2025\/05\/juiza-morales-bolivia_Reproducao-300x206.jpg 300w\" sizes=\"auto, (max-width: 740px) 100vw, 740px\" \/><figcaption><em><span class=\"has-inline-color has-black-color\">(Foto: SBT News\/Reprodu\u00e7\u00e3o)<\/span><\/em><\/figcaption><\/figure><\/div>\n\n\n\n<p>A Pol\u00edcia Boliviana prendeu, na segunda-feira (5), a ju\u00edza Lilian Moreno, que havia anulado uma ordem de pris\u00e3o contra o ex-presidente Evo Morales. A pris\u00e3o de Morales foi decretada em um caso onde ele \u00e9 acusado de estupro e tr\u00e1fico de uma adolescente. A decis\u00e3o de Moreno j\u00e1 havia sido suspensa por outra inst\u00e2ncia judicial, conforme informou o Minist\u00e9rio P\u00fablico.<\/p>\n\n\n\n<div class=\"wp-block-image\"><figure class=\"aligncenter size-large is-resized\"><a href=\"https:\/\/www.controlsystems.com.br\/\"><img loading=\"lazy\" decoding=\"async\" src=\"https:\/\/jornalfatosenoticias.com.br\/wp-content\/uploads\/2020\/02\/CONTROL-CS.jpg\" alt=\"\" class=\"wp-image-44991\" width=\"279\" height=\"334\" srcset=\"https:\/\/jornalfatosenoticias.com.br\/wp-content\/uploads\/2020\/02\/CONTROL-CS.jpg 834w, https:\/\/jornalfatosenoticias.com.br\/wp-content\/uploads\/2020\/02\/CONTROL-CS-250x300.jpg 250w, https:\/\/jornalfatosenoticias.com.br\/wp-content\/uploads\/2020\/02\/CONTROL-CS-768x921.jpg 768w\" sizes=\"auto, (max-width: 279px) 100vw, 279px\" \/><\/a><\/figure><\/div>\n\n\n\n<p>Fontes do Minist\u00e9rio do Governo confirmaram a pris\u00e3o ao canal local Unitel, detalhando que Moreno foi detida enquanto se deslocava para o munic\u00edpio de La Guardia. Ela foi posteriormente transferida para La Paz em um voo comercial. Segundo o jornal local Los Tiempos, o ministro da Justi\u00e7a, C\u00e9sar Siles, confirmou que uma a\u00e7\u00e3o penal foi apresentada contra a magistrada pelos crimes de prevarica\u00e7\u00e3o e desobedi\u00eancia a decis\u00f5es constitucionais, em decorr\u00eancia de sua decis\u00e3o favor\u00e1vel a Evo Morales.<\/p>\n\n\n\n<div class=\"wp-block-image\"><figure class=\"aligncenter size-large is-resized\"><a href=\"https:\/\/www.instagram.com\/rcradiadores\/\"><img loading=\"lazy\" decoding=\"async\" src=\"https:\/\/jornalfatosenoticias.com.br\/wp-content\/uploads\/2022\/10\/RC_800x750_page-0001.jpg\" alt=\"\" class=\"wp-image-35338\" width=\"334\" height=\"313\" srcset=\"https:\/\/jornalfatosenoticias.com.br\/wp-content\/uploads\/2022\/10\/RC_800x750_page-0001.jpg 400w, https:\/\/jornalfatosenoticias.com.br\/wp-content\/uploads\/2022\/10\/RC_800x750_page-0001-300x281.jpg 300w\" sizes=\"auto, (max-width: 334px) 100vw, 334px\" \/><\/a><\/figure><\/div>\n\n\n\n<p>O Conselho da Magistratura da Bol\u00edvia tamb\u00e9m solicitou a suspens\u00e3o tempor\u00e1ria de Lilian Moreno, ap\u00f3s identificar ind\u00edcios de uma falta disciplinar grav\u00edssima por extrapola\u00e7\u00e3o de fun\u00e7\u00f5es em uma a\u00e7\u00e3o de liberdade. O \u00f3rg\u00e3o revelou ainda que outro juiz de La Paz ser\u00e1 investigado por um caso semelhante, alegando que Moreno analisou quest\u00f5es fora de sua al\u00e7ada constitucional.<\/p>\n\n\n\n<div class=\"wp-block-image\"><figure class=\"aligncenter size-large is-resized\"><a href=\"https:\/\/hotelmarquetti.com.br\/\"><img loading=\"lazy\" decoding=\"async\" src=\"https:\/\/jornalfatosenoticias.com.br\/wp-content\/uploads\/2020\/02\/LOGO-MQ-1024x680.jpg\" alt=\"\" class=\"wp-image-58299\" width=\"375\" height=\"249\" srcset=\"https:\/\/jornalfatosenoticias.com.br\/wp-content\/uploads\/2020\/02\/LOGO-MQ-1024x680.jpg 1024w, https:\/\/jornalfatosenoticias.com.br\/wp-content\/uploads\/2020\/02\/LOGO-MQ-300x199.jpg 300w, https:\/\/jornalfatosenoticias.com.br\/wp-content\/uploads\/2020\/02\/LOGO-MQ-768x510.jpg 768w, https:\/\/jornalfatosenoticias.com.br\/wp-content\/uploads\/2020\/02\/LOGO-MQ-1536x1020.jpg 1536w, https:\/\/jornalfatosenoticias.com.br\/wp-content\/uploads\/2020\/02\/LOGO-MQ-2048x1360.jpg 2048w\" sizes=\"auto, (max-width: 375px) 100vw, 375px\" \/><\/a><\/figure><\/div>\n\n\n\n<p>Um dia antes de sua pris\u00e3o, Lilian Moreno enviou uma grava\u00e7\u00e3o de \u00e1udio ao programa \u201cAsuntos Centrales\u201d, expressando sentir-se amea\u00e7ada. Em meio a l\u00e1grimas, ela declarou: \u201ch\u00e1 um Deus que v\u00ea acima de todas as coisas. Tomo minhas decis\u00f5es por qualquer cidad\u00e3o, seja ele quem for. N\u00e3o estamos aqui para endossar coisas malfeitas\u201d.<\/p>\n\n\n\n<div class=\"wp-block-image\"><figure class=\"aligncenter size-large\"><a href=\"http:\/\/www.ferrarimaquinas.com.br\/\"><img loading=\"lazy\" decoding=\"async\" width=\"300\" height=\"250\" src=\"https:\/\/jornalfatosenoticias.com.br\/wp-content\/uploads\/2022\/02\/FERRARI_MAQUINAS-E-FERRAMENTAS2.jpg\" alt=\"\" class=\"wp-image-27860\"\/><\/a><\/figure><\/div>\n\n\n\n<p>Em janeiro de 2025, o juiz Nelson Rocabado ordenou a pris\u00e3o de Evo Morales ap\u00f3s o ex-presidente n\u00e3o comparecer ao tribunal para responder \u00e0s acusa\u00e7\u00f5es de abuso sexual de uma menor de idade. Morales, de 65 anos, \u00e9 acusado de ter tido um filho com uma adolescente em 2016, o que, de acordo com a lei boliviana, configuraria estupro de vulner\u00e1vel. (<strong>Fonte: Gazeta Brasil)<\/strong><\/p>\n\n\n\n<div class=\"wp-block-image\"><figure class=\"aligncenter size-large is-resized\"><a href=\"https:\/\/www.facebook.com\/vetor.vix\/\"><img loading=\"lazy\" decoding=\"async\" src=\"https:\/\/jornalfatosenoticias.com.br\/wp-content\/uploads\/2023\/09\/vetorvix1024_1.jpg\" alt=\"\" class=\"wp-image-44868\" width=\"546\" height=\"145\" srcset=\"https:\/\/jornalfatosenoticias.com.br\/wp-content\/uploads\/2023\/09\/vetorvix1024_1.jpg 1024w, https:\/\/jornalfatosenoticias.com.br\/wp-content\/uploads\/2023\/09\/vetorvix1024_1-300x80.jpg 300w, https:\/\/jornalfatosenoticias.com.br\/wp-content\/uploads\/2023\/09\/vetorvix1024_1-768x205.jpg 768w\" sizes=\"auto, (max-width: 546px) 100vw, 546px\" \/><\/a><\/figure><\/div>\n\n\n\n<hr class=\"wp-block-separator\"\/>\n","protected":false},"excerpt":{"rendered":"<p>Em mais um gesto de toler\u00e2ncia preocupante diante da escalada do crime organizado, o governo Lula rejeitou, na ter\u00e7a-feira (6), a press\u00e3o dos Estados Unidos para que fac\u00e7\u00f5es como o Primeiro Comando da Capital (PCC) e o Comando Vermelho (CV) sejam classificadas como organiza\u00e7\u00f5es terroristas.O recado foi transmitido de forma protocolar a David Gamble, diplomata [&hellip;]<\/p>\n","protected":false},"author":3,"featured_media":59053,"comment_status":"open","ping_status":"open","sticky":false,"template":"","format":"standard","meta":{"footnotes":""},"categories":[10],"tags":[26953,891,21998,26954,26955,1634,13392,5472,18343,26956,1795,18253,21698],"class_list":["post-59046","post","type-post","status-publish","format-standard","has-post-thumbnail","hentry","category-politica","tag-alcatraz","tag-bolivia","tag-comando-vermelho","tag-desvios-inss","tag-donal-trump","tag-elon-musk","tag-evair-de-melo","tag-evo-morales","tag-governo-lula","tag-impeachment-lula","tag-jair-bolsonaro","tag-pcc","tag-terroristas"],"yoast_head":"<!-- This site is optimized with the Yoast SEO plugin v26.5 - https:\/\/yoast.com\/wordpress\/plugins\/seo\/ -->\n<title>A Semana no Brasil e no Mundo \u2014 Governo Lula rejeita pedido de enviado de Trump para classificar PCC e CV como terroristas - Jornal Fatos e Not\u00edcias<\/title>\n<meta name=\"robots\" content=\"index, follow, max-snippet:-1, max-image-preview:large, max-video-preview:-1\" \/>\n<link rel=\"canonical\" href=\"https:\/\/jornalfatosenoticias.com.br\/index.php\/2025\/05\/08\/a-semana-no-brasil-e-no-mundo-governo-lula-rejeita-pedido-de-enviado-de-trump-para-classificar-pcc-e-cv-como-terroristas\/\" \/>\n<meta property=\"og:locale\" content=\"pt_BR\" \/>\n<meta property=\"og:type\" content=\"article\" \/>\n<meta property=\"og:title\" content=\"A Semana no Brasil e no Mundo \u2014 Governo Lula rejeita pedido de enviado de Trump para classificar PCC e CV como terroristas - Jornal Fatos e Not\u00edcias\" \/>\n<meta property=\"og:description\" content=\"Em mais um gesto de toler\u00e2ncia preocupante diante da escalada do crime organizado, o governo Lula rejeitou, na ter\u00e7a-feira (6), a press\u00e3o dos Estados Unidos para que fac\u00e7\u00f5es como o Primeiro Comando da Capital (PCC) e o Comando Vermelho (CV) sejam classificadas como organiza\u00e7\u00f5es terroristas.O recado foi transmitido de forma protocolar a David Gamble, diplomata [&hellip;]\" \/>\n<meta property=\"og:url\" content=\"https:\/\/jornalfatosenoticias.com.br\/index.php\/2025\/05\/08\/a-semana-no-brasil-e-no-mundo-governo-lula-rejeita-pedido-de-enviado-de-trump-para-classificar-pcc-e-cv-como-terroristas\/\" \/>\n<meta property=\"og:site_name\" content=\"Jornal Fatos e Not\u00edcias\" \/>\n<meta property=\"article:published_time\" content=\"2025-05-08T18:08:03+00:00\" \/>\n<meta property=\"article:modified_time\" content=\"2025-05-08T18:08:06+00:00\" \/>\n<meta property=\"og:image\" content=\"https:\/\/jornalfatosenoticias.com.br\/wp-content\/uploads\/2025\/05\/Governo-Lula-rejeita-pedido-de-enviado-de-Trump-para-classificar-PCC-e-CV_gettyimages.jpg\" \/>\n\t<meta property=\"og:image:width\" content=\"612\" \/>\n\t<meta property=\"og:image:height\" content=\"408\" \/>\n\t<meta property=\"og:image:type\" content=\"image\/jpeg\" \/>\n<meta name=\"author\" content=\"Haroldo Filho\" \/>\n<meta name=\"twitter:card\" content=\"summary_large_image\" \/>\n<meta name=\"twitter:label1\" content=\"Escrito por\" \/>\n\t<meta name=\"twitter:data1\" content=\"Haroldo Filho\" \/>\n\t<meta name=\"twitter:label2\" content=\"Est. tempo de leitura\" \/>\n\t<meta name=\"twitter:data2\" content=\"12 minutos\" \/>\n<script type=\"application\/ld+json\" class=\"yoast-schema-graph\">{\"@context\":\"https:\/\/schema.org\",\"@graph\":[{\"@type\":\"Article\",\"@id\":\"https:\/\/jornalfatosenoticias.com.br\/index.php\/2025\/05\/08\/a-semana-no-brasil-e-no-mundo-governo-lula-rejeita-pedido-de-enviado-de-trump-para-classificar-pcc-e-cv-como-terroristas\/#article\",\"isPartOf\":{\"@id\":\"https:\/\/jornalfatosenoticias.com.br\/index.php\/2025\/05\/08\/a-semana-no-brasil-e-no-mundo-governo-lula-rejeita-pedido-de-enviado-de-trump-para-classificar-pcc-e-cv-como-terroristas\/\"},\"author\":{\"name\":\"Haroldo Filho\",\"@id\":\"https:\/\/jornalfatosenoticias.com.br\/#\/schema\/person\/05c46cc25b42a5c27e004fb0fa6b4965\"},\"headline\":\"A Semana no Brasil e no Mundo \u2014 Governo Lula rejeita pedido de enviado de Trump para classificar PCC e CV como terroristas\",\"datePublished\":\"2025-05-08T18:08:03+00:00\",\"dateModified\":\"2025-05-08T18:08:06+00:00\",\"mainEntityOfPage\":{\"@id\":\"https:\/\/jornalfatosenoticias.com.br\/index.php\/2025\/05\/08\/a-semana-no-brasil-e-no-mundo-governo-lula-rejeita-pedido-de-enviado-de-trump-para-classificar-pcc-e-cv-como-terroristas\/\"},\"wordCount\":2512,\"commentCount\":0,\"publisher\":{\"@id\":\"https:\/\/jornalfatosenoticias.com.br\/#organization\"},\"image\":{\"@id\":\"https:\/\/jornalfatosenoticias.com.br\/index.php\/2025\/05\/08\/a-semana-no-brasil-e-no-mundo-governo-lula-rejeita-pedido-de-enviado-de-trump-para-classificar-pcc-e-cv-como-terroristas\/#primaryimage\"},\"thumbnailUrl\":\"https:\/\/jornalfatosenoticias.com.br\/wp-content\/uploads\/2025\/05\/Governo-Lula-rejeita-pedido-de-enviado-de-Trump-para-classificar-PCC-e-CV_gettyimages.jpg\",\"keywords\":[\"Alcatraz\",\"Bol\u00edvia\",\"Comando Vermelho\",\"desvios INSS\",\"Donal Trump\",\"Elon Musk\",\"Evair de Melo\",\"Evo Morales\",\"governo Lula\",\"impeachment Lula\",\"Jair Bolsonaro\",\"PCC\",\"terroristas\"],\"articleSection\":[\"Pol\u00edtica\"],\"inLanguage\":\"pt-BR\",\"potentialAction\":[{\"@type\":\"CommentAction\",\"name\":\"Comment\",\"target\":[\"https:\/\/jornalfatosenoticias.com.br\/index.php\/2025\/05\/08\/a-semana-no-brasil-e-no-mundo-governo-lula-rejeita-pedido-de-enviado-de-trump-para-classificar-pcc-e-cv-como-terroristas\/#respond\"]}]},{\"@type\":\"WebPage\",\"@id\":\"https:\/\/jornalfatosenoticias.com.br\/index.php\/2025\/05\/08\/a-semana-no-brasil-e-no-mundo-governo-lula-rejeita-pedido-de-enviado-de-trump-para-classificar-pcc-e-cv-como-terroristas\/\",\"url\":\"https:\/\/jornalfatosenoticias.com.br\/index.php\/2025\/05\/08\/a-semana-no-brasil-e-no-mundo-governo-lula-rejeita-pedido-de-enviado-de-trump-para-classificar-pcc-e-cv-como-terroristas\/\",\"name\":\"A Semana no Brasil e no Mundo \u2014 Governo Lula rejeita pedido de enviado de Trump para classificar PCC e CV como terroristas - Jornal Fatos e Not\u00edcias\",\"isPartOf\":{\"@id\":\"https:\/\/jornalfatosenoticias.com.br\/#website\"},\"primaryImageOfPage\":{\"@id\":\"https:\/\/jornalfatosenoticias.com.br\/index.php\/2025\/05\/08\/a-semana-no-brasil-e-no-mundo-governo-lula-rejeita-pedido-de-enviado-de-trump-para-classificar-pcc-e-cv-como-terroristas\/#primaryimage\"},\"image\":{\"@id\":\"https:\/\/jornalfatosenoticias.com.br\/index.php\/2025\/05\/08\/a-semana-no-brasil-e-no-mundo-governo-lula-rejeita-pedido-de-enviado-de-trump-para-classificar-pcc-e-cv-como-terroristas\/#primaryimage\"},\"thumbnailUrl\":\"https:\/\/jornalfatosenoticias.com.br\/wp-content\/uploads\/2025\/05\/Governo-Lula-rejeita-pedido-de-enviado-de-Trump-para-classificar-PCC-e-CV_gettyimages.jpg\",\"datePublished\":\"2025-05-08T18:08:03+00:00\",\"dateModified\":\"2025-05-08T18:08:06+00:00\",\"breadcrumb\":{\"@id\":\"https:\/\/jornalfatosenoticias.com.br\/index.php\/2025\/05\/08\/a-semana-no-brasil-e-no-mundo-governo-lula-rejeita-pedido-de-enviado-de-trump-para-classificar-pcc-e-cv-como-terroristas\/#breadcrumb\"},\"inLanguage\":\"pt-BR\",\"potentialAction\":[{\"@type\":\"ReadAction\",\"target\":[\"https:\/\/jornalfatosenoticias.com.br\/index.php\/2025\/05\/08\/a-semana-no-brasil-e-no-mundo-governo-lula-rejeita-pedido-de-enviado-de-trump-para-classificar-pcc-e-cv-como-terroristas\/\"]}]},{\"@type\":\"ImageObject\",\"inLanguage\":\"pt-BR\",\"@id\":\"https:\/\/jornalfatosenoticias.com.br\/index.php\/2025\/05\/08\/a-semana-no-brasil-e-no-mundo-governo-lula-rejeita-pedido-de-enviado-de-trump-para-classificar-pcc-e-cv-como-terroristas\/#primaryimage\",\"url\":\"https:\/\/jornalfatosenoticias.com.br\/wp-content\/uploads\/2025\/05\/Governo-Lula-rejeita-pedido-de-enviado-de-Trump-para-classificar-PCC-e-CV_gettyimages.jpg\",\"contentUrl\":\"https:\/\/jornalfatosenoticias.com.br\/wp-content\/uploads\/2025\/05\/Governo-Lula-rejeita-pedido-de-enviado-de-Trump-para-classificar-PCC-e-CV_gettyimages.jpg\",\"width\":612,\"height\":408,\"caption\":\"RIO DE JANEIRO, BRAZIL - OCTOBER 12: Presidential candidate Luiz In\u00e1cio Lula Da Silva of Worker's Party (PT) acknowledges supporters during a visit to Complexo do Alemao shanty town on October 12, 2022 in Rio de Janeiro, Brazil. Leftist leader Lula da Silva will face incumbent Jair Bolsonaro on October 30th presidential run-off. (Photo by Buda Mendes\/Getty Images)\"},{\"@type\":\"BreadcrumbList\",\"@id\":\"https:\/\/jornalfatosenoticias.com.br\/index.php\/2025\/05\/08\/a-semana-no-brasil-e-no-mundo-governo-lula-rejeita-pedido-de-enviado-de-trump-para-classificar-pcc-e-cv-como-terroristas\/#breadcrumb\",\"itemListElement\":[{\"@type\":\"ListItem\",\"position\":1,\"name\":\"In\u00edcio\",\"item\":\"https:\/\/jornalfatosenoticias.com.br\/\"},{\"@type\":\"ListItem\",\"position\":2,\"name\":\"A Semana no Brasil e no Mundo \u2014 Governo Lula rejeita pedido de enviado de Trump para classificar PCC e CV como terroristas\"}]},{\"@type\":\"WebSite\",\"@id\":\"https:\/\/jornalfatosenoticias.com.br\/#website\",\"url\":\"https:\/\/jornalfatosenoticias.com.br\/\",\"name\":\"Jornal Fatos e Not\u00edcias\",\"description\":\"Not\u00edcias em geral\",\"publisher\":{\"@id\":\"https:\/\/jornalfatosenoticias.com.br\/#organization\"},\"potentialAction\":[{\"@type\":\"SearchAction\",\"target\":{\"@type\":\"EntryPoint\",\"urlTemplate\":\"https:\/\/jornalfatosenoticias.com.br\/?s={search_term_string}\"},\"query-input\":{\"@type\":\"PropertyValueSpecification\",\"valueRequired\":true,\"valueName\":\"search_term_string\"}}],\"inLanguage\":\"pt-BR\"},{\"@type\":\"Organization\",\"@id\":\"https:\/\/jornalfatosenoticias.com.br\/#organization\",\"name\":\"Jornal Fatos e Not\u00edcias\",\"url\":\"https:\/\/jornalfatosenoticias.com.br\/\",\"logo\":{\"@type\":\"ImageObject\",\"inLanguage\":\"pt-BR\",\"@id\":\"https:\/\/jornalfatosenoticias.com.br\/#\/schema\/logo\/image\/\",\"url\":\"https:\/\/jornalfatosenoticias.com.br\/wp-content\/uploads\/2020\/02\/logo120.png\",\"contentUrl\":\"https:\/\/jornalfatosenoticias.com.br\/wp-content\/uploads\/2020\/02\/logo120.png\",\"width\":1227,\"height\":120,\"caption\":\"Jornal Fatos e Not\u00edcias\"},\"image\":{\"@id\":\"https:\/\/jornalfatosenoticias.com.br\/#\/schema\/logo\/image\/\"}},{\"@type\":\"Person\",\"@id\":\"https:\/\/jornalfatosenoticias.com.br\/#\/schema\/person\/05c46cc25b42a5c27e004fb0fa6b4965\",\"name\":\"Haroldo Filho\",\"image\":{\"@type\":\"ImageObject\",\"inLanguage\":\"pt-BR\",\"@id\":\"https:\/\/jornalfatosenoticias.com.br\/#\/schema\/person\/image\/\",\"url\":\"https:\/\/jornalfatosenoticias.com.br\/wp-content\/uploads\/2025\/08\/WhatsApp-Image-2025-08-18-at-15.30.28-150x150.jpeg\",\"contentUrl\":\"https:\/\/jornalfatosenoticias.com.br\/wp-content\/uploads\/2025\/08\/WhatsApp-Image-2025-08-18-at-15.30.28-150x150.jpeg\",\"caption\":\"Haroldo Filho\"},\"description\":\"Jornalista \u2013 DRT: 0003818\/ES Coordenador-geral da ONG Educar para Crescer\",\"url\":\"https:\/\/jornalfatosenoticias.com.br\/index.php\/author\/haroldo\/\"}]}<\/script>\n<!-- \/ Yoast SEO plugin. -->","yoast_head_json":{"title":"A Semana no Brasil e no Mundo \u2014 Governo Lula rejeita pedido de enviado de Trump para classificar PCC e CV como terroristas - Jornal Fatos e Not\u00edcias","robots":{"index":"index","follow":"follow","max-snippet":"max-snippet:-1","max-image-preview":"max-image-preview:large","max-video-preview":"max-video-preview:-1"},"canonical":"https:\/\/jornalfatosenoticias.com.br\/index.php\/2025\/05\/08\/a-semana-no-brasil-e-no-mundo-governo-lula-rejeita-pedido-de-enviado-de-trump-para-classificar-pcc-e-cv-como-terroristas\/","og_locale":"pt_BR","og_type":"article","og_title":"A Semana no Brasil e no Mundo \u2014 Governo Lula rejeita pedido de enviado de Trump para classificar PCC e CV como terroristas - Jornal Fatos e Not\u00edcias","og_description":"Em mais um gesto de toler\u00e2ncia preocupante diante da escalada do crime organizado, o governo Lula rejeitou, na ter\u00e7a-feira (6), a press\u00e3o dos Estados Unidos para que fac\u00e7\u00f5es como o Primeiro Comando da Capital (PCC) e o Comando Vermelho (CV) sejam classificadas como organiza\u00e7\u00f5es terroristas.O recado foi transmitido de forma protocolar a David Gamble, diplomata [&hellip;]","og_url":"https:\/\/jornalfatosenoticias.com.br\/index.php\/2025\/05\/08\/a-semana-no-brasil-e-no-mundo-governo-lula-rejeita-pedido-de-enviado-de-trump-para-classificar-pcc-e-cv-como-terroristas\/","og_site_name":"Jornal Fatos e Not\u00edcias","article_published_time":"2025-05-08T18:08:03+00:00","article_modified_time":"2025-05-08T18:08:06+00:00","og_image":[{"width":612,"height":408,"url":"https:\/\/jornalfatosenoticias.com.br\/wp-content\/uploads\/2025\/05\/Governo-Lula-rejeita-pedido-de-enviado-de-Trump-para-classificar-PCC-e-CV_gettyimages.jpg","type":"image\/jpeg"}],"author":"Haroldo Filho","twitter_card":"summary_large_image","twitter_misc":{"Escrito por":"Haroldo Filho","Est. tempo de leitura":"12 minutos"},"schema":{"@context":"https:\/\/schema.org","@graph":[{"@type":"Article","@id":"https:\/\/jornalfatosenoticias.com.br\/index.php\/2025\/05\/08\/a-semana-no-brasil-e-no-mundo-governo-lula-rejeita-pedido-de-enviado-de-trump-para-classificar-pcc-e-cv-como-terroristas\/#article","isPartOf":{"@id":"https:\/\/jornalfatosenoticias.com.br\/index.php\/2025\/05\/08\/a-semana-no-brasil-e-no-mundo-governo-lula-rejeita-pedido-de-enviado-de-trump-para-classificar-pcc-e-cv-como-terroristas\/"},"author":{"name":"Haroldo Filho","@id":"https:\/\/jornalfatosenoticias.com.br\/#\/schema\/person\/05c46cc25b42a5c27e004fb0fa6b4965"},"headline":"A Semana no Brasil e no Mundo \u2014 Governo Lula rejeita pedido de enviado de Trump para classificar PCC e CV como terroristas","datePublished":"2025-05-08T18:08:03+00:00","dateModified":"2025-05-08T18:08:06+00:00","mainEntityOfPage":{"@id":"https:\/\/jornalfatosenoticias.com.br\/index.php\/2025\/05\/08\/a-semana-no-brasil-e-no-mundo-governo-lula-rejeita-pedido-de-enviado-de-trump-para-classificar-pcc-e-cv-como-terroristas\/"},"wordCount":2512,"commentCount":0,"publisher":{"@id":"https:\/\/jornalfatosenoticias.com.br\/#organization"},"image":{"@id":"https:\/\/jornalfatosenoticias.com.br\/index.php\/2025\/05\/08\/a-semana-no-brasil-e-no-mundo-governo-lula-rejeita-pedido-de-enviado-de-trump-para-classificar-pcc-e-cv-como-terroristas\/#primaryimage"},"thumbnailUrl":"https:\/\/jornalfatosenoticias.com.br\/wp-content\/uploads\/2025\/05\/Governo-Lula-rejeita-pedido-de-enviado-de-Trump-para-classificar-PCC-e-CV_gettyimages.jpg","keywords":["Alcatraz","Bol\u00edvia","Comando Vermelho","desvios INSS","Donal Trump","Elon Musk","Evair de Melo","Evo Morales","governo Lula","impeachment Lula","Jair Bolsonaro","PCC","terroristas"],"articleSection":["Pol\u00edtica"],"inLanguage":"pt-BR","potentialAction":[{"@type":"CommentAction","name":"Comment","target":["https:\/\/jornalfatosenoticias.com.br\/index.php\/2025\/05\/08\/a-semana-no-brasil-e-no-mundo-governo-lula-rejeita-pedido-de-enviado-de-trump-para-classificar-pcc-e-cv-como-terroristas\/#respond"]}]},{"@type":"WebPage","@id":"https:\/\/jornalfatosenoticias.com.br\/index.php\/2025\/05\/08\/a-semana-no-brasil-e-no-mundo-governo-lula-rejeita-pedido-de-enviado-de-trump-para-classificar-pcc-e-cv-como-terroristas\/","url":"https:\/\/jornalfatosenoticias.com.br\/index.php\/2025\/05\/08\/a-semana-no-brasil-e-no-mundo-governo-lula-rejeita-pedido-de-enviado-de-trump-para-classificar-pcc-e-cv-como-terroristas\/","name":"A Semana no Brasil e no Mundo \u2014 Governo Lula rejeita pedido de enviado de Trump para classificar PCC e CV como terroristas - Jornal Fatos e Not\u00edcias","isPartOf":{"@id":"https:\/\/jornalfatosenoticias.com.br\/#website"},"primaryImageOfPage":{"@id":"https:\/\/jornalfatosenoticias.com.br\/index.php\/2025\/05\/08\/a-semana-no-brasil-e-no-mundo-governo-lula-rejeita-pedido-de-enviado-de-trump-para-classificar-pcc-e-cv-como-terroristas\/#primaryimage"},"image":{"@id":"https:\/\/jornalfatosenoticias.com.br\/index.php\/2025\/05\/08\/a-semana-no-brasil-e-no-mundo-governo-lula-rejeita-pedido-de-enviado-de-trump-para-classificar-pcc-e-cv-como-terroristas\/#primaryimage"},"thumbnailUrl":"https:\/\/jornalfatosenoticias.com.br\/wp-content\/uploads\/2025\/05\/Governo-Lula-rejeita-pedido-de-enviado-de-Trump-para-classificar-PCC-e-CV_gettyimages.jpg","datePublished":"2025-05-08T18:08:03+00:00","dateModified":"2025-05-08T18:08:06+00:00","breadcrumb":{"@id":"https:\/\/jornalfatosenoticias.com.br\/index.php\/2025\/05\/08\/a-semana-no-brasil-e-no-mundo-governo-lula-rejeita-pedido-de-enviado-de-trump-para-classificar-pcc-e-cv-como-terroristas\/#breadcrumb"},"inLanguage":"pt-BR","potentialAction":[{"@type":"ReadAction","target":["https:\/\/jornalfatosenoticias.com.br\/index.php\/2025\/05\/08\/a-semana-no-brasil-e-no-mundo-governo-lula-rejeita-pedido-de-enviado-de-trump-para-classificar-pcc-e-cv-como-terroristas\/"]}]},{"@type":"ImageObject","inLanguage":"pt-BR","@id":"https:\/\/jornalfatosenoticias.com.br\/index.php\/2025\/05\/08\/a-semana-no-brasil-e-no-mundo-governo-lula-rejeita-pedido-de-enviado-de-trump-para-classificar-pcc-e-cv-como-terroristas\/#primaryimage","url":"https:\/\/jornalfatosenoticias.com.br\/wp-content\/uploads\/2025\/05\/Governo-Lula-rejeita-pedido-de-enviado-de-Trump-para-classificar-PCC-e-CV_gettyimages.jpg","contentUrl":"https:\/\/jornalfatosenoticias.com.br\/wp-content\/uploads\/2025\/05\/Governo-Lula-rejeita-pedido-de-enviado-de-Trump-para-classificar-PCC-e-CV_gettyimages.jpg","width":612,"height":408,"caption":"RIO DE JANEIRO, BRAZIL - OCTOBER 12: Presidential candidate Luiz In\u00e1cio Lula Da Silva of Worker's Party (PT) acknowledges supporters during a visit to Complexo do Alemao shanty town on October 12, 2022 in Rio de Janeiro, Brazil. Leftist leader Lula da Silva will face incumbent Jair Bolsonaro on October 30th presidential run-off. (Photo by Buda Mendes\/Getty Images)"},{"@type":"BreadcrumbList","@id":"https:\/\/jornalfatosenoticias.com.br\/index.php\/2025\/05\/08\/a-semana-no-brasil-e-no-mundo-governo-lula-rejeita-pedido-de-enviado-de-trump-para-classificar-pcc-e-cv-como-terroristas\/#breadcrumb","itemListElement":[{"@type":"ListItem","position":1,"name":"In\u00edcio","item":"https:\/\/jornalfatosenoticias.com.br\/"},{"@type":"ListItem","position":2,"name":"A Semana no Brasil e no Mundo \u2014 Governo Lula rejeita pedido de enviado de Trump para classificar PCC e CV como terroristas"}]},{"@type":"WebSite","@id":"https:\/\/jornalfatosenoticias.com.br\/#website","url":"https:\/\/jornalfatosenoticias.com.br\/","name":"Jornal Fatos e Not\u00edcias","description":"Not\u00edcias em geral","publisher":{"@id":"https:\/\/jornalfatosenoticias.com.br\/#organization"},"potentialAction":[{"@type":"SearchAction","target":{"@type":"EntryPoint","urlTemplate":"https:\/\/jornalfatosenoticias.com.br\/?s={search_term_string}"},"query-input":{"@type":"PropertyValueSpecification","valueRequired":true,"valueName":"search_term_string"}}],"inLanguage":"pt-BR"},{"@type":"Organization","@id":"https:\/\/jornalfatosenoticias.com.br\/#organization","name":"Jornal Fatos e Not\u00edcias","url":"https:\/\/jornalfatosenoticias.com.br\/","logo":{"@type":"ImageObject","inLanguage":"pt-BR","@id":"https:\/\/jornalfatosenoticias.com.br\/#\/schema\/logo\/image\/","url":"https:\/\/jornalfatosenoticias.com.br\/wp-content\/uploads\/2020\/02\/logo120.png","contentUrl":"https:\/\/jornalfatosenoticias.com.br\/wp-content\/uploads\/2020\/02\/logo120.png","width":1227,"height":120,"caption":"Jornal Fatos e Not\u00edcias"},"image":{"@id":"https:\/\/jornalfatosenoticias.com.br\/#\/schema\/logo\/image\/"}},{"@type":"Person","@id":"https:\/\/jornalfatosenoticias.com.br\/#\/schema\/person\/05c46cc25b42a5c27e004fb0fa6b4965","name":"Haroldo Filho","image":{"@type":"ImageObject","inLanguage":"pt-BR","@id":"https:\/\/jornalfatosenoticias.com.br\/#\/schema\/person\/image\/","url":"https:\/\/jornalfatosenoticias.com.br\/wp-content\/uploads\/2025\/08\/WhatsApp-Image-2025-08-18-at-15.30.28-150x150.jpeg","contentUrl":"https:\/\/jornalfatosenoticias.com.br\/wp-content\/uploads\/2025\/08\/WhatsApp-Image-2025-08-18-at-15.30.28-150x150.jpeg","caption":"Haroldo Filho"},"description":"Jornalista \u2013 DRT: 0003818\/ES Coordenador-geral da ONG Educar para Crescer","url":"https:\/\/jornalfatosenoticias.com.br\/index.php\/author\/haroldo\/"}]}},"cc_featured_image_caption":{"caption_text":"(Foto: Getty Images) ","source_text":"","source_url":""},"jetpack_featured_media_url":"https:\/\/jornalfatosenoticias.com.br\/wp-content\/uploads\/2025\/05\/Governo-Lula-rejeita-pedido-de-enviado-de-Trump-para-classificar-PCC-e-CV_gettyimages.jpg","_links":{"self":[{"href":"https:\/\/jornalfatosenoticias.com.br\/index.php\/wp-json\/wp\/v2\/posts\/59046","targetHints":{"allow":["GET"]}}],"collection":[{"href":"https:\/\/jornalfatosenoticias.com.br\/index.php\/wp-json\/wp\/v2\/posts"}],"about":[{"href":"https:\/\/jornalfatosenoticias.com.br\/index.php\/wp-json\/wp\/v2\/types\/post"}],"author":[{"embeddable":true,"href":"https:\/\/jornalfatosenoticias.com.br\/index.php\/wp-json\/wp\/v2\/users\/3"}],"replies":[{"embeddable":true,"href":"https:\/\/jornalfatosenoticias.com.br\/index.php\/wp-json\/wp\/v2\/comments?post=59046"}],"version-history":[{"count":0,"href":"https:\/\/jornalfatosenoticias.com.br\/index.php\/wp-json\/wp\/v2\/posts\/59046\/revisions"}],"wp:featuredmedia":[{"embeddable":true,"href":"https:\/\/jornalfatosenoticias.com.br\/index.php\/wp-json\/wp\/v2\/media\/59053"}],"wp:attachment":[{"href":"https:\/\/jornalfatosenoticias.com.br\/index.php\/wp-json\/wp\/v2\/media?parent=59046"}],"wp:term":[{"taxonomy":"category","embeddable":true,"href":"https:\/\/jornalfatosenoticias.com.br\/index.php\/wp-json\/wp\/v2\/categories?post=59046"},{"taxonomy":"post_tag","embeddable":true,"href":"https:\/\/jornalfatosenoticias.com.br\/index.php\/wp-json\/wp\/v2\/tags?post=59046"}],"curies":[{"name":"wp","href":"https:\/\/api.w.org\/{rel}","templated":true}]}}