{"id":59067,"date":"2025-05-08T15:57:00","date_gmt":"2025-05-08T18:57:00","guid":{"rendered":"https:\/\/jornalfatosenoticias.com.br\/?p=59067"},"modified":"2025-05-08T15:57:02","modified_gmt":"2025-05-08T18:57:02","slug":"direito-de-ir-e-vir-se-for-mulher-nao-tem-e-crianca-piorou-parte-iv","status":"publish","type":"post","link":"https:\/\/jornalfatosenoticias.com.br\/index.php\/2025\/05\/08\/direito-de-ir-e-vir-se-for-mulher-nao-tem-e-crianca-piorou-parte-iv\/","title":{"rendered":"Direito de Ir e Vir. Se for Mulher, n\u00e3o tem. E Crian\u00e7a, piorou \u2014 Parte IV"},"content":{"rendered":"\n<p><em><span class=\"has-inline-color has-black-color\">Uma febre da crian\u00e7a, os v\u00f4mitos provocados pela ansiedade e ang\u00fastia em encontrar quem ela n\u00e3o quer, tem medo, tem raiva, e \u201ctem que ir, e pronto\u201d, como alardeia a Douta Psic\u00f3loga Judici\u00e1ria<\/span><\/em><\/p>\n\n\n\n<div class=\"wp-block-image\"><figure class=\"aligncenter size-large\"><a href=\"https:\/\/www.cesconetto.com.br\/\"><img loading=\"lazy\" decoding=\"async\" width=\"1024\" height=\"100\" src=\"https:\/\/jornalfatosenoticias.com.br\/wp-content\/uploads\/2022\/05\/NOVA-LOGO-CESCONETTO-1024x100.jpg\" alt=\"\" class=\"wp-image-30792\" srcset=\"https:\/\/jornalfatosenoticias.com.br\/wp-content\/uploads\/2022\/05\/NOVA-LOGO-CESCONETTO-1024x100.jpg 1024w, https:\/\/jornalfatosenoticias.com.br\/wp-content\/uploads\/2022\/05\/NOVA-LOGO-CESCONETTO-300x29.jpg 300w, https:\/\/jornalfatosenoticias.com.br\/wp-content\/uploads\/2022\/05\/NOVA-LOGO-CESCONETTO-768x75.jpg 768w, https:\/\/jornalfatosenoticias.com.br\/wp-content\/uploads\/2022\/05\/NOVA-LOGO-CESCONETTO.jpg 1280w\" sizes=\"auto, (max-width: 1024px) 100vw, 1024px\" \/><\/a><\/figure><\/div>\n\n\n\n<p>Volto a citar a afirma\u00e7\u00e3o da Douta Psic\u00f3loga Judici\u00e1ria: \u201ccrian\u00e7a n\u00e3o tem querer! Tem que ir ficar com o pai, e pronto\u201d. O Direito de Ir e Vir da Crian\u00e7a \u00e9 ceifado por essa postura radical, espalhada aos quatro cantos judiciais. O s\u00e1dico exerc\u00edcio de um Poder Ditatorial. Ser\u00e1 que essa pessoa se sentiria confort\u00e1vel ao ser obrigada a conversar dentro de uma sala fechada com um agressor seu, com vistas e demanda judicial de que venha a am\u00e1-lo? Sabemos por in\u00fameros relatos que a v\u00edtima de estupro se perturba e se sente novamente violada ao se deparar com a figura de seu agressor, \u00e0s vezes apenas gatilhos a desorganizam. At\u00e9 mesmo quando ela est\u00e1 fazendo o reconhecimento do indiv\u00edduo na delegacia, em total esquema de prote\u00e7\u00e3o, sem que ele possa v\u00ea-la, muitas e muitas vezes fazer essa identifica\u00e7\u00e3o lhe \u00e9 imposs\u00edvel, se instalando um estado emocional, intensamente, perturbador. Esse estado emocional perturbador pode demorar a se dissipar, a revitimiza\u00e7\u00e3o acontece, e a v\u00edtima se sente encarcerada na viol\u00eancia sofrida. Todas as dores daquele momento terr\u00edvel, todas, voltam.<\/p>\n\n\n\n<div class=\"wp-block-image\"><figure class=\"aligncenter size-large is-resized\"><a href=\"https:\/\/www.facebook.com\/postobkr\/?locale=pt_BR\"><img loading=\"lazy\" decoding=\"async\" src=\"https:\/\/jornalfatosenoticias.com.br\/wp-content\/uploads\/2023\/08\/BKR-1024x1021.jpg\" alt=\"\" class=\"wp-image-44494\" width=\"326\" height=\"325\" srcset=\"https:\/\/jornalfatosenoticias.com.br\/wp-content\/uploads\/2023\/08\/BKR-1024x1021.jpg 1024w, https:\/\/jornalfatosenoticias.com.br\/wp-content\/uploads\/2023\/08\/BKR-300x300.jpg 300w, https:\/\/jornalfatosenoticias.com.br\/wp-content\/uploads\/2023\/08\/BKR-150x150.jpg 150w, https:\/\/jornalfatosenoticias.com.br\/wp-content\/uploads\/2023\/08\/BKR-768x766.jpg 768w, https:\/\/jornalfatosenoticias.com.br\/wp-content\/uploads\/2023\/08\/BKR.jpg 1080w\" sizes=\"auto, (max-width: 326px) 100vw, 326px\" \/><\/a><\/figure><\/div>\n\n\n\n<p>Ent\u00e3o, por que a crian\u00e7a \u00e9 obrigada a ficar com seu agressor? Creem mesmo os agentes judici\u00e1rios que essa exposi\u00e7\u00e3o da crian\u00e7a a seu agressor ir\u00e1 produzir amor pelo genitor? O que, equivocadamente, chamam de \u201crevincula\u00e7\u00e3o\u201d. N\u00e3o consigo acreditar que essa cren\u00e7a de \u201camor\u201d se deva \u00e0 ingenuidade ou ignor\u00e2ncia de conhecimento condizente. Esta \u00e9 uma das maiores maldades que t\u00eam sido cometidas contra crian\u00e7as. N\u00e3o sei como definir essa cren\u00e7a de obrigar a amar quem lhe maltratou ou violou. Se n\u00e3o h\u00e1 como provar, porque, \u00e9 claro, a voz da crian\u00e7a n\u00e3o vale nada, mesmo que descreva com clareza, coer\u00eancia, e espontaneidade, atos libidinosos praticados pelo genitor em seu corpo, o benef\u00edcio da d\u00favida deveria cair sobre a parte mais vulner\u00e1vel, a crian\u00e7a. Mas, em lugar disso, \u00e9 o adulto agressor que recebe o benef\u00edcio. E se recitarem o princ\u00edpio, \u201cem d\u00favida pr\u00f3-r\u00e9u\u201d, a crian\u00e7a e sua m\u00e3e se tornaram, automaticamente, r\u00e9s no momento em que denunciaram um homem. Que ousadia!<\/p>\n\n\n\n<div class=\"wp-block-image\"><figure class=\"aligncenter size-large\"><img loading=\"lazy\" decoding=\"async\" width=\"996\" height=\"664\" src=\"https:\/\/jornalfatosenoticias.com.br\/wp-content\/uploads\/2025\/05\/direito-de-ir-e-vir_freepik.jpg\" alt=\"\" class=\"wp-image-59069\" srcset=\"https:\/\/jornalfatosenoticias.com.br\/wp-content\/uploads\/2025\/05\/direito-de-ir-e-vir_freepik.jpg 996w, https:\/\/jornalfatosenoticias.com.br\/wp-content\/uploads\/2025\/05\/direito-de-ir-e-vir_freepik-300x200.jpg 300w, https:\/\/jornalfatosenoticias.com.br\/wp-content\/uploads\/2025\/05\/direito-de-ir-e-vir_freepik-768x512.jpg 768w\" sizes=\"auto, (max-width: 996px) 100vw, 996px\" \/><figcaption><em><span class=\"has-inline-color has-black-color\">(Foto: Freepik)<\/span><\/em><\/figcaption><\/figure><\/div>\n\n\n\n<p>Essa \u00e9 uma situa\u00e7\u00e3o em que o Direito de Ir e Vir \u00e9 confiscado. A partir desse ousado momento, o Ju\u00edzo ditar\u00e1 o Ir e Vir da Crian\u00e7a e da Mulher\/M\u00e3e. E sem toler\u00e2ncia ao menor imprevisto que possa vir a acontecer. N\u00e3o s\u00e3o permitidos imprevistos, percal\u00e7os naturais da vida. Uma febre da crian\u00e7a, os v\u00f4mitos provocados pela ansiedade e ang\u00fastia em encontrar quem ela n\u00e3o quer, tem medo, tem raiva, e \u201ctem que ir, e pronto\u201d, como alardeia a Douta Psic\u00f3loga Judici\u00e1ria. Os atestados m\u00e9dicos s\u00e3o considerados suspeitos, como se todos os profissionais, que validam o estado da crian\u00e7a, fossem desonestos. Direito de Ir e Vir?<\/p>\n\n\n\n<div class=\"wp-block-image\"><figure class=\"aligncenter size-large is-resized\"><a href=\"https:\/\/hotelmarquetti.com.br\/\"><img loading=\"lazy\" decoding=\"async\" src=\"https:\/\/jornalfatosenoticias.com.br\/wp-content\/uploads\/2020\/02\/LOGO-MQ-1024x680.jpg\" alt=\"\" class=\"wp-image-58299\" width=\"414\" height=\"275\" srcset=\"https:\/\/jornalfatosenoticias.com.br\/wp-content\/uploads\/2020\/02\/LOGO-MQ-1024x680.jpg 1024w, https:\/\/jornalfatosenoticias.com.br\/wp-content\/uploads\/2020\/02\/LOGO-MQ-300x199.jpg 300w, https:\/\/jornalfatosenoticias.com.br\/wp-content\/uploads\/2020\/02\/LOGO-MQ-768x510.jpg 768w, https:\/\/jornalfatosenoticias.com.br\/wp-content\/uploads\/2020\/02\/LOGO-MQ-1536x1020.jpg 1536w, https:\/\/jornalfatosenoticias.com.br\/wp-content\/uploads\/2020\/02\/LOGO-MQ-2048x1360.jpg 2048w\" sizes=\"auto, (max-width: 414px) 100vw, 414px\" \/><\/a><\/figure><\/div>\n\n\n\n<p>Faltas s\u00e3o atribu\u00eddas \u00e0 m\u00e3e, sem que tenha recebido uma notifica\u00e7\u00e3o da data de uma entrevista com uma psic\u00f3loga designada pelo ju\u00edzo, conhecida pela unanimidade de laudos acusando as m\u00e3es de aliena\u00e7\u00e3o parental. Com essa armadilha, abre-se a \u201cautoestrada\u201d da, t\u00e3o buscada, busca e pris\u00e3o da Crian\u00e7a. Sim, n\u00e3o \u00e9 apreens\u00e3o como se fosse um carro que est\u00e1 em d\u00edvida com as parcelas, \u00e9 um ato de pris\u00e3o. \u00c9 o \u00e1pice da morte do Direito de Ir e Vir. A casa \u00e9 invadida por v\u00e1rios homens, \u00e0s vezes h\u00e1 uma mulher entre os invasores, a porta pode ser arrombada, autoriza\u00e7\u00e3o judicial para a trucul\u00eancia, Policiais Militares de armas em punho, dedos nos gatilhos, vasculham at\u00e9 encontrar a crian\u00e7a, tantas vezes encontrada em seu ber\u00e7o ou caminha. <\/p>\n\n\n\n<div class=\"wp-block-image\"><figure class=\"aligncenter size-large is-resized\"><a href=\"https:\/\/www.instagram.com\/restaurantepegoretti\/\"><img loading=\"lazy\" decoding=\"async\" src=\"https:\/\/jornalfatosenoticias.com.br\/wp-content\/uploads\/2023\/12\/pegoretti-logo-pdf-1024x389.jpg\" alt=\"\" class=\"wp-image-47536\" width=\"511\" height=\"194\" srcset=\"https:\/\/jornalfatosenoticias.com.br\/wp-content\/uploads\/2023\/12\/pegoretti-logo-pdf-1024x389.jpg 1024w, https:\/\/jornalfatosenoticias.com.br\/wp-content\/uploads\/2023\/12\/pegoretti-logo-pdf-300x114.jpg 300w, https:\/\/jornalfatosenoticias.com.br\/wp-content\/uploads\/2023\/12\/pegoretti-logo-pdf-768x291.jpg 768w, https:\/\/jornalfatosenoticias.com.br\/wp-content\/uploads\/2023\/12\/pegoretti-logo-pdf.jpg 1120w\" sizes=\"auto, (max-width: 511px) 100vw, 511px\" \/><\/a><\/figure><\/div>\n\n\n\n<p>Essas a\u00e7\u00f5es acontecem, na sua maioria, \u00e0 noite ou cedinho, nos finais de semana ou em v\u00e9spera de feriad\u00f5es, porque s\u00e3o autorizadas pelo Plant\u00e3o Judici\u00e1rio que n\u00e3o l\u00ea os Autos. S\u00f3 escuta que a m\u00e3e \u00e9 alienadora e o \u201cpai\u2019 tem direito de \u201cconviver\u201d com o filho. Amanh\u00e3 \u00e9 um grande dia de \u201cbusca e pris\u00e3o de crian\u00e7a\u201d. Um dos PMs pega a crian\u00e7a no colo, em pranto desesperada chamando pela m\u00e3e, e \u00e9 carregada para fora, onde sempre est\u00e1 o genitor, para quem a crian\u00e7a \u00e9 entregue pelo PM armado.<\/p>\n\n\n\n<div class=\"wp-block-image\"><figure class=\"aligncenter size-large\"><img loading=\"lazy\" decoding=\"async\" width=\"996\" height=\"664\" src=\"https:\/\/jornalfatosenoticias.com.br\/wp-content\/uploads\/2025\/05\/direito-de-ir-e-vir2_freepik.jpg\" alt=\"\" class=\"wp-image-59070\" srcset=\"https:\/\/jornalfatosenoticias.com.br\/wp-content\/uploads\/2025\/05\/direito-de-ir-e-vir2_freepik.jpg 996w, https:\/\/jornalfatosenoticias.com.br\/wp-content\/uploads\/2025\/05\/direito-de-ir-e-vir2_freepik-300x200.jpg 300w, https:\/\/jornalfatosenoticias.com.br\/wp-content\/uploads\/2025\/05\/direito-de-ir-e-vir2_freepik-768x512.jpg 768w\" sizes=\"auto, (max-width: 996px) 100vw, 996px\" \/><figcaption><em><span class=\"has-inline-color has-black-color\">(Foto: Freepik)<\/span><\/em><\/figcaption><\/figure><\/div>\n\n\n\n<p>Lembro sempre de uma av\u00f3 que teve a casa invadida por uma \u201ccomiss\u00e3o judici\u00e1ria\u201d dessas. A guarda era compartilhada, e n\u00e3o era dia de estar com o genitor, mas o Plant\u00e3o Judici\u00e1rio n\u00e3o reparou nisso. A crian\u00e7a n\u00e3o estava com ela, mas o juiz de Plant\u00e3o ouviu daquele genitor abusador que a m\u00e3e estava subtraindo a crian\u00e7a. Ent\u00e3o, a av\u00f3 materna era alvo por ter creditado o relato pormenorizado da crian\u00e7a. A av\u00f3 morava sozinha. Os PMs com escopetas ou fuzis, ela n\u00e3o sabia distinguir, vasculharam todos os arm\u00e1rios passando aquelas armas por entre as suas roupas de idosa, por entre as panelas, em todos os cantos. Ela me relatou a ang\u00fastia ao ver que se seu neto estivesse escondido, teria sido achado pelo cano longo de uma arma, seria machucado ou baleado se o PM se assustasse e puxasse o gatilho em seu dedo. Havia tamb\u00e9m um PM que ficou na sala, entrincheirado guardando a porta, e o pet da senhora pulava no fuzil dele, estranhando aquele objeto. Teve medo de perder seu bichinho de estima\u00e7\u00e3o.<\/p>\n\n\n\n<div class=\"wp-block-image\"><figure class=\"aligncenter size-large is-resized\"><a href=\"https:\/\/www.instagram.com\/serra4x4cambioautomatico\/\"><img loading=\"lazy\" decoding=\"async\" src=\"https:\/\/jornalfatosenoticias.com.br\/wp-content\/uploads\/2024\/08\/Serra-4x4-1-886x1024.jpg\" alt=\"\" class=\"wp-image-53632\" width=\"282\" height=\"325\" srcset=\"https:\/\/jornalfatosenoticias.com.br\/wp-content\/uploads\/2024\/08\/Serra-4x4-1-886x1024.jpg 886w, https:\/\/jornalfatosenoticias.com.br\/wp-content\/uploads\/2024\/08\/Serra-4x4-1-260x300.jpg 260w, https:\/\/jornalfatosenoticias.com.br\/wp-content\/uploads\/2024\/08\/Serra-4x4-1-768x888.jpg 768w, https:\/\/jornalfatosenoticias.com.br\/wp-content\/uploads\/2024\/08\/Serra-4x4-1.jpg 1181w\" sizes=\"auto, (max-width: 282px) 100vw, 282px\" \/><\/a><\/figure><\/div>\n\n\n\n<p>N\u00e3o podemos esquecer que crime que n\u00e3o \u00e9 provado n\u00e3o quer dizer que ele n\u00e3o existiu. Como exemplo, sempre pergunto: quem matou P.C. Farias e a namorada, que atiraram um contra o outro \u201cno 3\u201d. Se n\u00e3o foi provada a autoria quer dizer que n\u00e3o houve crime? P.C. Farias e a namorada, vivem?<\/p>\n\n\n\n<div class=\"wp-block-image\"><figure class=\"aligncenter size-large is-resized\"><a href=\"https:\/\/www.instagram.com\/gruposei\/\"><img loading=\"lazy\" decoding=\"async\" src=\"https:\/\/jornalfatosenoticias.com.br\/wp-content\/uploads\/2022\/07\/Logo-Grupo-SEI.jpg\" alt=\"\" class=\"wp-image-31973\" width=\"392\" height=\"206\" srcset=\"https:\/\/jornalfatosenoticias.com.br\/wp-content\/uploads\/2022\/07\/Logo-Grupo-SEI.jpg 713w, https:\/\/jornalfatosenoticias.com.br\/wp-content\/uploads\/2022\/07\/Logo-Grupo-SEI-300x158.jpg 300w\" sizes=\"auto, (max-width: 392px) 100vw, 392px\" \/><\/a><\/figure><\/div>\n\n\n\n<p>Acompanhei tamb\u00e9m outra av\u00f3 que foi condenada por \u201cdenuncia\u00e7\u00e3o caluniosa\u201d por ter denunciado o estupro de vulner\u00e1vel do neto, e n\u00e3o ficar aceita a queixa. O menino planejava seu suic\u00eddio cada vez que o genitor, seu agressor, amea\u00e7ava fazer uma pris\u00e3o dessas. Era muito amigo de agentes policiais. Mas acabou por fugir do pa\u00eds quando apertou a sua situa\u00e7\u00e3o criminal. No entanto, a condena\u00e7\u00e3o criminal da av\u00f3 a puniu em trabalhos sociais prestados numa creche no alto de um morro. Ela tinha sido operada de um tumor, um tempo antes da condena\u00e7\u00e3o, mas n\u00e3o foram aceitos seus atestados m\u00e9dicos, nem sequer as vezes que passou mal e desmaiou na escadaria do morro. Foi obrigada a cumprir toda a pena por mais de um ano. Era uma alienadora, segundo a senten\u00e7a. Perdeu o Direito de Ir e Vir, assim como seu neto que ficou com fobia a barulhos de sirenes e com ataques de p\u00e2nico por v\u00e1rios anos.<br><em>Afinal, o que vigora \u00e9 \u201ccrian\u00e7a n\u00e3o tem querer\u201d. Quanta barb\u00e1rie!<\/em><\/p>\n\n\n\n<div class=\"wp-block-image\"><figure class=\"aligncenter size-large is-resized\"><a href=\"https:\/\/www.facebook.com\/vetor.vix\/\"><img loading=\"lazy\" decoding=\"async\" src=\"https:\/\/jornalfatosenoticias.com.br\/wp-content\/uploads\/2023\/09\/vetorvix1024_1.jpg\" alt=\"\" class=\"wp-image-44868\" width=\"570\" height=\"151\" srcset=\"https:\/\/jornalfatosenoticias.com.br\/wp-content\/uploads\/2023\/09\/vetorvix1024_1.jpg 1024w, https:\/\/jornalfatosenoticias.com.br\/wp-content\/uploads\/2023\/09\/vetorvix1024_1-300x80.jpg 300w, https:\/\/jornalfatosenoticias.com.br\/wp-content\/uploads\/2023\/09\/vetorvix1024_1-768x205.jpg 768w\" sizes=\"auto, (max-width: 570px) 100vw, 570px\" \/><\/a><\/figure><\/div>\n","protected":false},"excerpt":{"rendered":"<p>Uma febre da crian\u00e7a, os v\u00f4mitos provocados pela ansiedade e ang\u00fastia em encontrar quem ela n\u00e3o quer, tem medo, tem raiva, e \u201ctem que ir, e pronto\u201d, como alardeia a Douta Psic\u00f3loga Judici\u00e1ria Volto a citar a afirma\u00e7\u00e3o da Douta Psic\u00f3loga Judici\u00e1ria: \u201ccrian\u00e7a n\u00e3o tem querer! Tem que ir ficar com o pai, e pronto\u201d. [&hellip;]<\/p>\n","protected":false},"author":8,"featured_media":59068,"comment_status":"open","ping_status":"open","sticky":false,"template":"","format":"standard","meta":{"footnotes":""},"categories":[2522],"tags":[13235,8655,26966,26967,26968],"class_list":["post-59067","post","type-post","status-publish","format-standard","has-post-thumbnail","hentry","category-comportamento","tag-barbarie","tag-revitimizacao","tag-violacao-aos-direitos-da-crianca","tag-vitima-de-estupro","tag-vulneravel"],"yoast_head":"<!-- This site is optimized with the Yoast SEO plugin v26.5 - https:\/\/yoast.com\/wordpress\/plugins\/seo\/ -->\n<title>Direito de Ir e Vir. Se for Mulher, n\u00e3o tem. E Crian\u00e7a, piorou \u2014 Parte IV - Jornal Fatos e Not\u00edcias<\/title>\n<meta name=\"robots\" content=\"index, follow, max-snippet:-1, max-image-preview:large, max-video-preview:-1\" \/>\n<link rel=\"canonical\" href=\"https:\/\/jornalfatosenoticias.com.br\/index.php\/2025\/05\/08\/direito-de-ir-e-vir-se-for-mulher-nao-tem-e-crianca-piorou-parte-iv\/\" \/>\n<meta property=\"og:locale\" content=\"pt_BR\" \/>\n<meta property=\"og:type\" content=\"article\" \/>\n<meta property=\"og:title\" content=\"Direito de Ir e Vir. Se for Mulher, n\u00e3o tem. E Crian\u00e7a, piorou \u2014 Parte IV - Jornal Fatos e Not\u00edcias\" \/>\n<meta property=\"og:description\" content=\"Uma febre da crian\u00e7a, os v\u00f4mitos provocados pela ansiedade e ang\u00fastia em encontrar quem ela n\u00e3o quer, tem medo, tem raiva, e \u201ctem que ir, e pronto\u201d, como alardeia a Douta Psic\u00f3loga Judici\u00e1ria Volto a citar a afirma\u00e7\u00e3o da Douta Psic\u00f3loga Judici\u00e1ria: \u201ccrian\u00e7a n\u00e3o tem querer! Tem que ir ficar com o pai, e pronto\u201d. [&hellip;]\" \/>\n<meta property=\"og:url\" content=\"https:\/\/jornalfatosenoticias.com.br\/index.php\/2025\/05\/08\/direito-de-ir-e-vir-se-for-mulher-nao-tem-e-crianca-piorou-parte-iv\/\" \/>\n<meta property=\"og:site_name\" content=\"Jornal Fatos e Not\u00edcias\" \/>\n<meta property=\"article:published_time\" content=\"2025-05-08T18:57:00+00:00\" \/>\n<meta property=\"article:modified_time\" content=\"2025-05-08T18:57:02+00:00\" \/>\n<meta property=\"og:image\" content=\"https:\/\/jornalfatosenoticias.com.br\/wp-content\/uploads\/2025\/05\/direito-de-ir-e-vir3_freepik-gerada-com-ia.jpg\" \/>\n\t<meta property=\"og:image:width\" content=\"996\" \/>\n\t<meta property=\"og:image:height\" content=\"558\" \/>\n\t<meta property=\"og:image:type\" content=\"image\/jpeg\" \/>\n<meta name=\"author\" content=\"Ana Maria Iencarelli\" \/>\n<meta name=\"twitter:card\" content=\"summary_large_image\" \/>\n<meta name=\"twitter:label1\" content=\"Escrito por\" \/>\n\t<meta name=\"twitter:data1\" content=\"Ana Maria Iencarelli\" \/>\n\t<meta name=\"twitter:label2\" content=\"Est. tempo de leitura\" \/>\n\t<meta name=\"twitter:data2\" content=\"6 minutos\" \/>\n<script type=\"application\/ld+json\" class=\"yoast-schema-graph\">{\"@context\":\"https:\/\/schema.org\",\"@graph\":[{\"@type\":\"Article\",\"@id\":\"https:\/\/jornalfatosenoticias.com.br\/index.php\/2025\/05\/08\/direito-de-ir-e-vir-se-for-mulher-nao-tem-e-crianca-piorou-parte-iv\/#article\",\"isPartOf\":{\"@id\":\"https:\/\/jornalfatosenoticias.com.br\/index.php\/2025\/05\/08\/direito-de-ir-e-vir-se-for-mulher-nao-tem-e-crianca-piorou-parte-iv\/\"},\"author\":{\"name\":\"Ana Maria Iencarelli\",\"@id\":\"https:\/\/jornalfatosenoticias.com.br\/#\/schema\/person\/c33fcf5fb02d729d3fec92c6737a22d1\"},\"headline\":\"Direito de Ir e Vir. Se for Mulher, n\u00e3o tem. E Crian\u00e7a, piorou \u2014 Parte IV\",\"datePublished\":\"2025-05-08T18:57:00+00:00\",\"dateModified\":\"2025-05-08T18:57:02+00:00\",\"mainEntityOfPage\":{\"@id\":\"https:\/\/jornalfatosenoticias.com.br\/index.php\/2025\/05\/08\/direito-de-ir-e-vir-se-for-mulher-nao-tem-e-crianca-piorou-parte-iv\/\"},\"wordCount\":1246,\"commentCount\":0,\"publisher\":{\"@id\":\"https:\/\/jornalfatosenoticias.com.br\/#organization\"},\"image\":{\"@id\":\"https:\/\/jornalfatosenoticias.com.br\/index.php\/2025\/05\/08\/direito-de-ir-e-vir-se-for-mulher-nao-tem-e-crianca-piorou-parte-iv\/#primaryimage\"},\"thumbnailUrl\":\"https:\/\/jornalfatosenoticias.com.br\/wp-content\/uploads\/2025\/05\/direito-de-ir-e-vir3_freepik-gerada-com-ia.jpg\",\"keywords\":[\"barb\u00e1rie\",\"revitimiza\u00e7\u00e3o\",\"viola\u00e7\u00e3o aos direitos da crian\u00e7a\",\"v\u00edtima de estupro\",\"vulner\u00e1vel\"],\"articleSection\":[\"Comportamento &amp; Equil\u00edbrio\"],\"inLanguage\":\"pt-BR\",\"potentialAction\":[{\"@type\":\"CommentAction\",\"name\":\"Comment\",\"target\":[\"https:\/\/jornalfatosenoticias.com.br\/index.php\/2025\/05\/08\/direito-de-ir-e-vir-se-for-mulher-nao-tem-e-crianca-piorou-parte-iv\/#respond\"]}]},{\"@type\":\"WebPage\",\"@id\":\"https:\/\/jornalfatosenoticias.com.br\/index.php\/2025\/05\/08\/direito-de-ir-e-vir-se-for-mulher-nao-tem-e-crianca-piorou-parte-iv\/\",\"url\":\"https:\/\/jornalfatosenoticias.com.br\/index.php\/2025\/05\/08\/direito-de-ir-e-vir-se-for-mulher-nao-tem-e-crianca-piorou-parte-iv\/\",\"name\":\"Direito de Ir e Vir. Se for Mulher, n\u00e3o tem. E Crian\u00e7a, piorou \u2014 Parte IV - Jornal Fatos e Not\u00edcias\",\"isPartOf\":{\"@id\":\"https:\/\/jornalfatosenoticias.com.br\/#website\"},\"primaryImageOfPage\":{\"@id\":\"https:\/\/jornalfatosenoticias.com.br\/index.php\/2025\/05\/08\/direito-de-ir-e-vir-se-for-mulher-nao-tem-e-crianca-piorou-parte-iv\/#primaryimage\"},\"image\":{\"@id\":\"https:\/\/jornalfatosenoticias.com.br\/index.php\/2025\/05\/08\/direito-de-ir-e-vir-se-for-mulher-nao-tem-e-crianca-piorou-parte-iv\/#primaryimage\"},\"thumbnailUrl\":\"https:\/\/jornalfatosenoticias.com.br\/wp-content\/uploads\/2025\/05\/direito-de-ir-e-vir3_freepik-gerada-com-ia.jpg\",\"datePublished\":\"2025-05-08T18:57:00+00:00\",\"dateModified\":\"2025-05-08T18:57:02+00:00\",\"breadcrumb\":{\"@id\":\"https:\/\/jornalfatosenoticias.com.br\/index.php\/2025\/05\/08\/direito-de-ir-e-vir-se-for-mulher-nao-tem-e-crianca-piorou-parte-iv\/#breadcrumb\"},\"inLanguage\":\"pt-BR\",\"potentialAction\":[{\"@type\":\"ReadAction\",\"target\":[\"https:\/\/jornalfatosenoticias.com.br\/index.php\/2025\/05\/08\/direito-de-ir-e-vir-se-for-mulher-nao-tem-e-crianca-piorou-parte-iv\/\"]}]},{\"@type\":\"ImageObject\",\"inLanguage\":\"pt-BR\",\"@id\":\"https:\/\/jornalfatosenoticias.com.br\/index.php\/2025\/05\/08\/direito-de-ir-e-vir-se-for-mulher-nao-tem-e-crianca-piorou-parte-iv\/#primaryimage\",\"url\":\"https:\/\/jornalfatosenoticias.com.br\/wp-content\/uploads\/2025\/05\/direito-de-ir-e-vir3_freepik-gerada-com-ia.jpg\",\"contentUrl\":\"https:\/\/jornalfatosenoticias.com.br\/wp-content\/uploads\/2025\/05\/direito-de-ir-e-vir3_freepik-gerada-com-ia.jpg\",\"width\":996,\"height\":558},{\"@type\":\"BreadcrumbList\",\"@id\":\"https:\/\/jornalfatosenoticias.com.br\/index.php\/2025\/05\/08\/direito-de-ir-e-vir-se-for-mulher-nao-tem-e-crianca-piorou-parte-iv\/#breadcrumb\",\"itemListElement\":[{\"@type\":\"ListItem\",\"position\":1,\"name\":\"In\u00edcio\",\"item\":\"https:\/\/jornalfatosenoticias.com.br\/\"},{\"@type\":\"ListItem\",\"position\":2,\"name\":\"Direito de Ir e Vir. Se for Mulher, n\u00e3o tem. E Crian\u00e7a, piorou \u2014 Parte IV\"}]},{\"@type\":\"WebSite\",\"@id\":\"https:\/\/jornalfatosenoticias.com.br\/#website\",\"url\":\"https:\/\/jornalfatosenoticias.com.br\/\",\"name\":\"Jornal Fatos e Not\u00edcias\",\"description\":\"Not\u00edcias em geral\",\"publisher\":{\"@id\":\"https:\/\/jornalfatosenoticias.com.br\/#organization\"},\"potentialAction\":[{\"@type\":\"SearchAction\",\"target\":{\"@type\":\"EntryPoint\",\"urlTemplate\":\"https:\/\/jornalfatosenoticias.com.br\/?s={search_term_string}\"},\"query-input\":{\"@type\":\"PropertyValueSpecification\",\"valueRequired\":true,\"valueName\":\"search_term_string\"}}],\"inLanguage\":\"pt-BR\"},{\"@type\":\"Organization\",\"@id\":\"https:\/\/jornalfatosenoticias.com.br\/#organization\",\"name\":\"Jornal Fatos e Not\u00edcias\",\"url\":\"https:\/\/jornalfatosenoticias.com.br\/\",\"logo\":{\"@type\":\"ImageObject\",\"inLanguage\":\"pt-BR\",\"@id\":\"https:\/\/jornalfatosenoticias.com.br\/#\/schema\/logo\/image\/\",\"url\":\"https:\/\/jornalfatosenoticias.com.br\/wp-content\/uploads\/2020\/02\/logo120.png\",\"contentUrl\":\"https:\/\/jornalfatosenoticias.com.br\/wp-content\/uploads\/2020\/02\/logo120.png\",\"width\":1227,\"height\":120,\"caption\":\"Jornal Fatos e Not\u00edcias\"},\"image\":{\"@id\":\"https:\/\/jornalfatosenoticias.com.br\/#\/schema\/logo\/image\/\"}},{\"@type\":\"Person\",\"@id\":\"https:\/\/jornalfatosenoticias.com.br\/#\/schema\/person\/c33fcf5fb02d729d3fec92c6737a22d1\",\"name\":\"Ana Maria Iencarelli\",\"image\":{\"@type\":\"ImageObject\",\"inLanguage\":\"pt-BR\",\"@id\":\"https:\/\/jornalfatosenoticias.com.br\/#\/schema\/person\/image\/\",\"url\":\"https:\/\/jornalfatosenoticias.com.br\/wp-content\/uploads\/2020\/02\/Ana-Maria-Iencarelli-1-150x150.jpg\",\"contentUrl\":\"https:\/\/jornalfatosenoticias.com.br\/wp-content\/uploads\/2020\/02\/Ana-Maria-Iencarelli-1-150x150.jpg\",\"caption\":\"Ana Maria Iencarelli\"},\"description\":\"Psicanalista Cl\u00ednica, especializada no atendimento a Crian\u00e7as e Adolescentes. Presidente da ONG Vozes de Anjos.\",\"url\":\"https:\/\/jornalfatosenoticias.com.br\/index.php\/author\/anamaria\/\"}]}<\/script>\n<!-- \/ Yoast SEO plugin. -->","yoast_head_json":{"title":"Direito de Ir e Vir. Se for Mulher, n\u00e3o tem. E Crian\u00e7a, piorou \u2014 Parte IV - Jornal Fatos e Not\u00edcias","robots":{"index":"index","follow":"follow","max-snippet":"max-snippet:-1","max-image-preview":"max-image-preview:large","max-video-preview":"max-video-preview:-1"},"canonical":"https:\/\/jornalfatosenoticias.com.br\/index.php\/2025\/05\/08\/direito-de-ir-e-vir-se-for-mulher-nao-tem-e-crianca-piorou-parte-iv\/","og_locale":"pt_BR","og_type":"article","og_title":"Direito de Ir e Vir. Se for Mulher, n\u00e3o tem. E Crian\u00e7a, piorou \u2014 Parte IV - Jornal Fatos e Not\u00edcias","og_description":"Uma febre da crian\u00e7a, os v\u00f4mitos provocados pela ansiedade e ang\u00fastia em encontrar quem ela n\u00e3o quer, tem medo, tem raiva, e \u201ctem que ir, e pronto\u201d, como alardeia a Douta Psic\u00f3loga Judici\u00e1ria Volto a citar a afirma\u00e7\u00e3o da Douta Psic\u00f3loga Judici\u00e1ria: \u201ccrian\u00e7a n\u00e3o tem querer! Tem que ir ficar com o pai, e pronto\u201d. [&hellip;]","og_url":"https:\/\/jornalfatosenoticias.com.br\/index.php\/2025\/05\/08\/direito-de-ir-e-vir-se-for-mulher-nao-tem-e-crianca-piorou-parte-iv\/","og_site_name":"Jornal Fatos e Not\u00edcias","article_published_time":"2025-05-08T18:57:00+00:00","article_modified_time":"2025-05-08T18:57:02+00:00","og_image":[{"width":996,"height":558,"url":"https:\/\/jornalfatosenoticias.com.br\/wp-content\/uploads\/2025\/05\/direito-de-ir-e-vir3_freepik-gerada-com-ia.jpg","type":"image\/jpeg"}],"author":"Ana Maria Iencarelli","twitter_card":"summary_large_image","twitter_misc":{"Escrito por":"Ana Maria Iencarelli","Est. tempo de leitura":"6 minutos"},"schema":{"@context":"https:\/\/schema.org","@graph":[{"@type":"Article","@id":"https:\/\/jornalfatosenoticias.com.br\/index.php\/2025\/05\/08\/direito-de-ir-e-vir-se-for-mulher-nao-tem-e-crianca-piorou-parte-iv\/#article","isPartOf":{"@id":"https:\/\/jornalfatosenoticias.com.br\/index.php\/2025\/05\/08\/direito-de-ir-e-vir-se-for-mulher-nao-tem-e-crianca-piorou-parte-iv\/"},"author":{"name":"Ana Maria Iencarelli","@id":"https:\/\/jornalfatosenoticias.com.br\/#\/schema\/person\/c33fcf5fb02d729d3fec92c6737a22d1"},"headline":"Direito de Ir e Vir. Se for Mulher, n\u00e3o tem. E Crian\u00e7a, piorou \u2014 Parte IV","datePublished":"2025-05-08T18:57:00+00:00","dateModified":"2025-05-08T18:57:02+00:00","mainEntityOfPage":{"@id":"https:\/\/jornalfatosenoticias.com.br\/index.php\/2025\/05\/08\/direito-de-ir-e-vir-se-for-mulher-nao-tem-e-crianca-piorou-parte-iv\/"},"wordCount":1246,"commentCount":0,"publisher":{"@id":"https:\/\/jornalfatosenoticias.com.br\/#organization"},"image":{"@id":"https:\/\/jornalfatosenoticias.com.br\/index.php\/2025\/05\/08\/direito-de-ir-e-vir-se-for-mulher-nao-tem-e-crianca-piorou-parte-iv\/#primaryimage"},"thumbnailUrl":"https:\/\/jornalfatosenoticias.com.br\/wp-content\/uploads\/2025\/05\/direito-de-ir-e-vir3_freepik-gerada-com-ia.jpg","keywords":["barb\u00e1rie","revitimiza\u00e7\u00e3o","viola\u00e7\u00e3o aos direitos da crian\u00e7a","v\u00edtima de estupro","vulner\u00e1vel"],"articleSection":["Comportamento &amp; Equil\u00edbrio"],"inLanguage":"pt-BR","potentialAction":[{"@type":"CommentAction","name":"Comment","target":["https:\/\/jornalfatosenoticias.com.br\/index.php\/2025\/05\/08\/direito-de-ir-e-vir-se-for-mulher-nao-tem-e-crianca-piorou-parte-iv\/#respond"]}]},{"@type":"WebPage","@id":"https:\/\/jornalfatosenoticias.com.br\/index.php\/2025\/05\/08\/direito-de-ir-e-vir-se-for-mulher-nao-tem-e-crianca-piorou-parte-iv\/","url":"https:\/\/jornalfatosenoticias.com.br\/index.php\/2025\/05\/08\/direito-de-ir-e-vir-se-for-mulher-nao-tem-e-crianca-piorou-parte-iv\/","name":"Direito de Ir e Vir. Se for Mulher, n\u00e3o tem. E Crian\u00e7a, piorou \u2014 Parte IV - Jornal Fatos e Not\u00edcias","isPartOf":{"@id":"https:\/\/jornalfatosenoticias.com.br\/#website"},"primaryImageOfPage":{"@id":"https:\/\/jornalfatosenoticias.com.br\/index.php\/2025\/05\/08\/direito-de-ir-e-vir-se-for-mulher-nao-tem-e-crianca-piorou-parte-iv\/#primaryimage"},"image":{"@id":"https:\/\/jornalfatosenoticias.com.br\/index.php\/2025\/05\/08\/direito-de-ir-e-vir-se-for-mulher-nao-tem-e-crianca-piorou-parte-iv\/#primaryimage"},"thumbnailUrl":"https:\/\/jornalfatosenoticias.com.br\/wp-content\/uploads\/2025\/05\/direito-de-ir-e-vir3_freepik-gerada-com-ia.jpg","datePublished":"2025-05-08T18:57:00+00:00","dateModified":"2025-05-08T18:57:02+00:00","breadcrumb":{"@id":"https:\/\/jornalfatosenoticias.com.br\/index.php\/2025\/05\/08\/direito-de-ir-e-vir-se-for-mulher-nao-tem-e-crianca-piorou-parte-iv\/#breadcrumb"},"inLanguage":"pt-BR","potentialAction":[{"@type":"ReadAction","target":["https:\/\/jornalfatosenoticias.com.br\/index.php\/2025\/05\/08\/direito-de-ir-e-vir-se-for-mulher-nao-tem-e-crianca-piorou-parte-iv\/"]}]},{"@type":"ImageObject","inLanguage":"pt-BR","@id":"https:\/\/jornalfatosenoticias.com.br\/index.php\/2025\/05\/08\/direito-de-ir-e-vir-se-for-mulher-nao-tem-e-crianca-piorou-parte-iv\/#primaryimage","url":"https:\/\/jornalfatosenoticias.com.br\/wp-content\/uploads\/2025\/05\/direito-de-ir-e-vir3_freepik-gerada-com-ia.jpg","contentUrl":"https:\/\/jornalfatosenoticias.com.br\/wp-content\/uploads\/2025\/05\/direito-de-ir-e-vir3_freepik-gerada-com-ia.jpg","width":996,"height":558},{"@type":"BreadcrumbList","@id":"https:\/\/jornalfatosenoticias.com.br\/index.php\/2025\/05\/08\/direito-de-ir-e-vir-se-for-mulher-nao-tem-e-crianca-piorou-parte-iv\/#breadcrumb","itemListElement":[{"@type":"ListItem","position":1,"name":"In\u00edcio","item":"https:\/\/jornalfatosenoticias.com.br\/"},{"@type":"ListItem","position":2,"name":"Direito de Ir e Vir. Se for Mulher, n\u00e3o tem. E Crian\u00e7a, piorou \u2014 Parte IV"}]},{"@type":"WebSite","@id":"https:\/\/jornalfatosenoticias.com.br\/#website","url":"https:\/\/jornalfatosenoticias.com.br\/","name":"Jornal Fatos e Not\u00edcias","description":"Not\u00edcias em geral","publisher":{"@id":"https:\/\/jornalfatosenoticias.com.br\/#organization"},"potentialAction":[{"@type":"SearchAction","target":{"@type":"EntryPoint","urlTemplate":"https:\/\/jornalfatosenoticias.com.br\/?s={search_term_string}"},"query-input":{"@type":"PropertyValueSpecification","valueRequired":true,"valueName":"search_term_string"}}],"inLanguage":"pt-BR"},{"@type":"Organization","@id":"https:\/\/jornalfatosenoticias.com.br\/#organization","name":"Jornal Fatos e Not\u00edcias","url":"https:\/\/jornalfatosenoticias.com.br\/","logo":{"@type":"ImageObject","inLanguage":"pt-BR","@id":"https:\/\/jornalfatosenoticias.com.br\/#\/schema\/logo\/image\/","url":"https:\/\/jornalfatosenoticias.com.br\/wp-content\/uploads\/2020\/02\/logo120.png","contentUrl":"https:\/\/jornalfatosenoticias.com.br\/wp-content\/uploads\/2020\/02\/logo120.png","width":1227,"height":120,"caption":"Jornal Fatos e Not\u00edcias"},"image":{"@id":"https:\/\/jornalfatosenoticias.com.br\/#\/schema\/logo\/image\/"}},{"@type":"Person","@id":"https:\/\/jornalfatosenoticias.com.br\/#\/schema\/person\/c33fcf5fb02d729d3fec92c6737a22d1","name":"Ana Maria Iencarelli","image":{"@type":"ImageObject","inLanguage":"pt-BR","@id":"https:\/\/jornalfatosenoticias.com.br\/#\/schema\/person\/image\/","url":"https:\/\/jornalfatosenoticias.com.br\/wp-content\/uploads\/2020\/02\/Ana-Maria-Iencarelli-1-150x150.jpg","contentUrl":"https:\/\/jornalfatosenoticias.com.br\/wp-content\/uploads\/2020\/02\/Ana-Maria-Iencarelli-1-150x150.jpg","caption":"Ana Maria Iencarelli"},"description":"Psicanalista Cl\u00ednica, especializada no atendimento a Crian\u00e7as e Adolescentes. Presidente da ONG Vozes de Anjos.","url":"https:\/\/jornalfatosenoticias.com.br\/index.php\/author\/anamaria\/"}]}},"cc_featured_image_caption":{"caption_text":"(Foto: Freepik gerada com IA) ","source_text":"","source_url":""},"jetpack_featured_media_url":"https:\/\/jornalfatosenoticias.com.br\/wp-content\/uploads\/2025\/05\/direito-de-ir-e-vir3_freepik-gerada-com-ia.jpg","_links":{"self":[{"href":"https:\/\/jornalfatosenoticias.com.br\/index.php\/wp-json\/wp\/v2\/posts\/59067","targetHints":{"allow":["GET"]}}],"collection":[{"href":"https:\/\/jornalfatosenoticias.com.br\/index.php\/wp-json\/wp\/v2\/posts"}],"about":[{"href":"https:\/\/jornalfatosenoticias.com.br\/index.php\/wp-json\/wp\/v2\/types\/post"}],"author":[{"embeddable":true,"href":"https:\/\/jornalfatosenoticias.com.br\/index.php\/wp-json\/wp\/v2\/users\/8"}],"replies":[{"embeddable":true,"href":"https:\/\/jornalfatosenoticias.com.br\/index.php\/wp-json\/wp\/v2\/comments?post=59067"}],"version-history":[{"count":0,"href":"https:\/\/jornalfatosenoticias.com.br\/index.php\/wp-json\/wp\/v2\/posts\/59067\/revisions"}],"wp:featuredmedia":[{"embeddable":true,"href":"https:\/\/jornalfatosenoticias.com.br\/index.php\/wp-json\/wp\/v2\/media\/59068"}],"wp:attachment":[{"href":"https:\/\/jornalfatosenoticias.com.br\/index.php\/wp-json\/wp\/v2\/media?parent=59067"}],"wp:term":[{"taxonomy":"category","embeddable":true,"href":"https:\/\/jornalfatosenoticias.com.br\/index.php\/wp-json\/wp\/v2\/categories?post=59067"},{"taxonomy":"post_tag","embeddable":true,"href":"https:\/\/jornalfatosenoticias.com.br\/index.php\/wp-json\/wp\/v2\/tags?post=59067"}],"curies":[{"name":"wp","href":"https:\/\/api.w.org\/{rel}","templated":true}]}}