{"id":59106,"date":"2025-05-09T15:15:19","date_gmt":"2025-05-09T18:15:19","guid":{"rendered":"https:\/\/jornalfatosenoticias.com.br\/?p=59106"},"modified":"2025-05-09T15:15:21","modified_gmt":"2025-05-09T18:15:21","slug":"especie-de-gafanhoto-considerada-extinta-e-avistada-apos-mais-de-40-anos","status":"publish","type":"post","link":"https:\/\/jornalfatosenoticias.com.br\/index.php\/2025\/05\/09\/especie-de-gafanhoto-considerada-extinta-e-avistada-apos-mais-de-40-anos\/","title":{"rendered":"Esp\u00e9cie de gafanhoto considerada extinta \u00e9 avistada ap\u00f3s mais de 40 anos"},"content":{"rendered":"\n<p><em><span class=\"has-inline-color has-black-color\">Esp\u00e9cie rara nativa da Ilha de S\u00e3o Nicolau, em Cabo Verde \u2014 que chegou a ser declarada extinta \u2014 foi redescoberta ap\u00f3s mais de quatro d\u00e9cadas<\/span><\/em><\/p>\n\n\n\n<p><span class=\"has-inline-color has-black-color\">Por <strong><a href=\"https:\/\/aventurasnahistoria.com.br\/autor\/giovanna-gomes\/\"><strong>Giovanna Gomes<\/strong><\/a><\/strong><\/span><\/p>\n\n\n\n<div class=\"wp-block-image\"><figure class=\"aligncenter size-large\"><a href=\"https:\/\/www.instagram.com\/rcradiadores\/\"><img loading=\"lazy\" decoding=\"async\" width=\"560\" height=\"60\" src=\"https:\/\/jornalfatosenoticias.com.br\/wp-content\/uploads\/2022\/10\/Propaganda-RC-Radiadores-Jornal_page-0001.jpg\" alt=\"\" class=\"wp-image-35270\" srcset=\"https:\/\/jornalfatosenoticias.com.br\/wp-content\/uploads\/2022\/10\/Propaganda-RC-Radiadores-Jornal_page-0001.jpg 560w, https:\/\/jornalfatosenoticias.com.br\/wp-content\/uploads\/2022\/10\/Propaganda-RC-Radiadores-Jornal_page-0001-300x32.jpg 300w\" sizes=\"auto, (max-width: 560px) 100vw, 560px\" \/><\/a><\/figure><\/div>\n\n\n\n<p>Uma <mark>esp\u00e9cie considerada extinta foi redescoberta<\/mark>\u00a0ap\u00f3s mais de quatro d\u00e9cadas: o\u00a0<mark>gafanhoto Monte Gordo<\/mark>\u00a0(Eyprepocprifas insularis), uma criatura rar\u00edssima nativa da\u00a0<strong><a href=\"https:\/\/pt.wikipedia.org\/wiki\/Ilha_de_S%C3%A3o_Nicolau\" rel=\"noreferrer noopener\" target=\"_blank\">Ilha de S\u00e3o Nicolau<\/a>,<\/strong> em Cabo Verde. At\u00e9 recentemente, seu \u00fanico registro conhecido datava de 1980, e, por conta da aus\u00eancia de novos avistamentos, o\u00a0<a href=\"https:\/\/pt.wikipedia.org\/wiki\/Insetos\" rel=\"noreferrer noopener\" target=\"_blank\"><strong>inseto<\/strong><\/a>\u00a0havia sido oficialmente\u00a0<mark>declarado extinto em 1996<\/mark>. No entanto, contrariando todas as expectativas, ele foi encontrado novamente por uma dupla de pesquisadores durante uma expedi\u00e7\u00e3o no\u00a0<strong><a href=\"https:\/\/caboverdeonline.cv\/parque-natural-de-monte-gordo-sao-nicolau\/\" rel=\"noreferrer noopener\" target=\"_blank\">Parque Natural de Monte Gordo<\/a>,<\/strong> local de origem da esp\u00e9cie.<br>O estudo sobre a redescoberta foi publicado na <strong><a href=\"https:\/\/jor.pensoft.net\/article\/144016\/element\/8\/92921\/\" rel=\"noreferrer noopener\" target=\"_blank\">revista cient\u00edfica Journal of Orthoptera Research<\/a>.<\/strong>\u00a0<strong>Rob Felix<\/strong>, um dos autores, encontrou o primeiro exemplar ao lado da pesquisadora\u00a0<strong>Annelies Jacobs<\/strong>. <\/p>\n\n\n\n<div class=\"wp-block-image\"><figure class=\"aligncenter size-large is-resized\"><a href=\"https:\/\/www.facebook.com\/postobkr\/?locale=pt_BR\"><img loading=\"lazy\" decoding=\"async\" src=\"https:\/\/jornalfatosenoticias.com.br\/wp-content\/uploads\/2023\/08\/BKR-1024x1021.jpg\" alt=\"\" class=\"wp-image-44494\" width=\"330\" height=\"329\" srcset=\"https:\/\/jornalfatosenoticias.com.br\/wp-content\/uploads\/2023\/08\/BKR-1024x1021.jpg 1024w, https:\/\/jornalfatosenoticias.com.br\/wp-content\/uploads\/2023\/08\/BKR-300x300.jpg 300w, https:\/\/jornalfatosenoticias.com.br\/wp-content\/uploads\/2023\/08\/BKR-150x150.jpg 150w, https:\/\/jornalfatosenoticias.com.br\/wp-content\/uploads\/2023\/08\/BKR-768x766.jpg 768w, https:\/\/jornalfatosenoticias.com.br\/wp-content\/uploads\/2023\/08\/BKR.jpg 1080w\" sizes=\"auto, (max-width: 330px) 100vw, 330px\" \/><\/a><\/figure><\/div>\n\n\n\n<blockquote class=\"wp-block-quote is-layout-flow wp-block-quote-is-layout-flow\"><p><span class=\"has-inline-color has-luminous-vivid-orange-color\">Antes de partirmos, buscamos informa\u00e7\u00f5es sobre esse gafanhoto peculiar, que se pensava estar extinto h\u00e1 muito tempo. T\u00ednhamos esperan\u00e7a e sonho de que talvez pud\u00e9ssemos encontr\u00e1-lo novamente&#8221;, relatou <strong>Felix<\/strong> em comunicado, de acordo com o portal Galileu.<\/span><\/p><\/blockquote>\n\n\n\n<div class=\"wp-block-image\"><figure class=\"aligncenter size-large is-resized\"><a href=\"https:\/\/www.instagram.com\/gruposei\/\"><img loading=\"lazy\" decoding=\"async\" src=\"https:\/\/jornalfatosenoticias.com.br\/wp-content\/uploads\/2022\/07\/Logo-Grupo-SEI.jpg\" alt=\"\" class=\"wp-image-31973\" width=\"402\" height=\"211\" srcset=\"https:\/\/jornalfatosenoticias.com.br\/wp-content\/uploads\/2022\/07\/Logo-Grupo-SEI.jpg 713w, https:\/\/jornalfatosenoticias.com.br\/wp-content\/uploads\/2022\/07\/Logo-Grupo-SEI-300x158.jpg 300w\" sizes=\"auto, (max-width: 402px) 100vw, 402px\" \/><\/a><\/figure><\/div>\n\n\n\n<p><strong><span class=\"has-inline-color has-vivid-green-cyan-color\">A descoberta<br><\/span><\/strong>A descoberta aconteceu na regi\u00e3o de Passo de Assomada, durante uma caminhada noturna, quando os pesquisadores estavam a caminho de uma col\u00f4nia da ave marinha Petrel de Fea. \u201cTropecei em um gafanhoto sentado no caminho. Quando olhei mais de perto sob a luz da lanterna, reconheci imediatamente sua apar\u00eancia \u00fanica. Gritei em voz alta: \u00e9 Eyprepocprifas. Para minha surpresa, corrigi de imediato, pois n\u00e3o \u00e9 o nome do g\u00eanero mais f\u00e1cil de pronunciar\u201d, contou ele.<\/p>\n\n\n\n<div class=\"wp-block-image\"><figure class=\"aligncenter size-large is-resized\"><a href=\"https:\/\/www.facebook.com\/profile.php?id=100069289606145\"><img loading=\"lazy\" decoding=\"async\" src=\"https:\/\/jornalfatosenoticias.com.br\/wp-content\/uploads\/2024\/11\/Guaitolini-Contabilidade-1024x714.jpeg\" alt=\"\" class=\"wp-image-55808\" width=\"339\" height=\"236\" srcset=\"https:\/\/jornalfatosenoticias.com.br\/wp-content\/uploads\/2024\/11\/Guaitolini-Contabilidade-1024x714.jpeg 1024w, https:\/\/jornalfatosenoticias.com.br\/wp-content\/uploads\/2024\/11\/Guaitolini-Contabilidade-300x209.jpeg 300w, https:\/\/jornalfatosenoticias.com.br\/wp-content\/uploads\/2024\/11\/Guaitolini-Contabilidade-768x535.jpeg 768w, https:\/\/jornalfatosenoticias.com.br\/wp-content\/uploads\/2024\/11\/Guaitolini-Contabilidade.jpeg 1280w\" sizes=\"auto, (max-width: 339px) 100vw, 339px\" \/><\/a><\/figure><\/div>\n\n\n\n<p>De forma inesperada, nos dias seguintes, outros exemplares da mesma esp\u00e9cie foram encontrados, refor\u00e7ando a ideia de que o gafanhoto ainda habita a regi\u00e3o, embora com popula\u00e7\u00e3o extremamente limitada. Segundo os autores do estudo, a esp\u00e9cie \u00e9 um verdadeiro &#8220;<mark>f\u00f3ssil vivo&#8221;<\/mark>, que passou por poucas altera\u00e7\u00f5es ao longo de milh\u00f5es de anos e sobreviveu mesmo diante das condi\u00e7\u00f5es ecol\u00f3gicas severas da ilha \u2014 marcada por clima quente, seco e ventos fortes.<\/p>\n\n\n\n<div class=\"wp-block-image\"><figure class=\"aligncenter size-large\"><a href=\"http:\/\/www.ferrarimaquinas.com.br\/\"><img loading=\"lazy\" decoding=\"async\" width=\"300\" height=\"250\" src=\"https:\/\/jornalfatosenoticias.com.br\/wp-content\/uploads\/2022\/02\/FERRARI_MAQUINAS-E-FERRAMENTAS2.jpg\" alt=\"\" class=\"wp-image-27860\"\/><\/a><\/figure><\/div>\n\n\n\n<blockquote class=\"wp-block-quote is-layout-flow wp-block-quote-is-layout-flow\"><p><span class=\"has-inline-color has-luminous-vivid-orange-color\">A redescoberta do \u00fanico gafanhoto braqu\u00edptero (de asas curtas) end\u00eamico, Eyprepocprifas insularis, em S\u00e3o Nicolau \u2014 uma ilha com origem vulc\u00e2nica que remonta a aproximadamente cinco milh\u00f5es de anos \u2014 fornece informa\u00e7\u00f5es significativas sobre a hist\u00f3ria ecol\u00f3gica e evolutiva da ilha&#8221;, afirmam os pesquisadores.<\/span><\/p><\/blockquote>\n\n\n\n<div class=\"wp-block-image\"><figure class=\"aligncenter size-large is-resized\"><a href=\"https:\/\/panper.com.br\/\"><img loading=\"lazy\" decoding=\"async\" src=\"https:\/\/jornalfatosenoticias.com.br\/wp-content\/uploads\/2023\/03\/logo-Panper_portal.jpg\" alt=\"\" class=\"wp-image-40208\" width=\"338\" height=\"234\" srcset=\"https:\/\/jornalfatosenoticias.com.br\/wp-content\/uploads\/2023\/03\/logo-Panper_portal.jpg 400w, https:\/\/jornalfatosenoticias.com.br\/wp-content\/uploads\/2023\/03\/logo-Panper_portal-300x208.jpg 300w\" sizes=\"auto, (max-width: 338px) 100vw, 338px\" \/><\/a><\/figure><\/div>\n\n\n\n<p>Com essa nova chance, os especialistas defendem que compreender o ambiente que permitiu a sobreviv\u00eancia do E. insularis \u00e9 essencial para tra\u00e7ar estrat\u00e9gias de conserva\u00e7\u00e3o. Como a esp\u00e9cie ocupa uma \u00e1rea extremamente restrita, continua sob <strong><a href=\"https:\/\/aventurasnahistoria.com.br\/noticias\/historia-hoje\/um-quarto-das-especies-de-agua-doce-esta-ameacado-de-extincao.phtml\" rel=\"noreferrer noopener\" target=\"_blank\">risco de extin\u00e7\u00e3o<\/a>,<\/strong> mas agora h\u00e1 tempo e informa\u00e7\u00e3o para que a\u00e7\u00f5es sejam tomadas em prol da prote\u00e7\u00e3o de seu habitat e da preserva\u00e7\u00e3o desse inseto t\u00e3o raro.<\/p>\n\n\n\n<p><strong>Fonte: <a href=\"https:\/\/aventurasnahistoria.com.br\/noticias\/historia-hoje\/especie-de-gafanhoto-desaparecida-e-avistada-apos-mais-de-40-anos.phtml\">Aventuras na Hist\u00f3ria<\/a><\/strong><\/p>\n","protected":false},"excerpt":{"rendered":"<p>Esp\u00e9cie rara nativa da Ilha de S\u00e3o Nicolau, em Cabo Verde \u2014 que chegou a ser declarada extinta \u2014 foi redescoberta ap\u00f3s mais de quatro d\u00e9cadas Por Giovanna Gomes Uma esp\u00e9cie considerada extinta foi redescoberta\u00a0ap\u00f3s mais de quatro d\u00e9cadas: o\u00a0gafanhoto Monte Gordo\u00a0(Eyprepocprifas insularis), uma criatura rar\u00edssima nativa da\u00a0Ilha de S\u00e3o Nicolau, em Cabo Verde. At\u00e9 [&hellip;]<\/p>\n","protected":false},"author":2,"featured_media":59107,"comment_status":"open","ping_status":"open","sticky":false,"template":"","format":"standard","meta":{"footnotes":""},"categories":[8],"tags":[9790,337,4720,26996,23251,26995],"class_list":["post-59106","post","type-post","status-publish","format-standard","has-post-thumbnail","hentry","category-meio-ambiente","tag-cabo-verde","tag-especie","tag-extinto","tag-eyprepocprifas-insularis","tag-gafanhoto","tag-monte-gordo"],"yoast_head":"<!-- This site is optimized with the Yoast SEO plugin v26.5 - https:\/\/yoast.com\/wordpress\/plugins\/seo\/ -->\n<title>Esp\u00e9cie de gafanhoto considerada extinta \u00e9 avistada ap\u00f3s mais de 40 anos - Jornal Fatos e Not\u00edcias<\/title>\n<meta name=\"robots\" content=\"index, follow, max-snippet:-1, max-image-preview:large, max-video-preview:-1\" \/>\n<link rel=\"canonical\" href=\"https:\/\/jornalfatosenoticias.com.br\/index.php\/2025\/05\/09\/especie-de-gafanhoto-considerada-extinta-e-avistada-apos-mais-de-40-anos\/\" \/>\n<meta property=\"og:locale\" content=\"pt_BR\" \/>\n<meta property=\"og:type\" content=\"article\" \/>\n<meta property=\"og:title\" content=\"Esp\u00e9cie de gafanhoto considerada extinta \u00e9 avistada ap\u00f3s mais de 40 anos - Jornal Fatos e Not\u00edcias\" \/>\n<meta property=\"og:description\" content=\"Esp\u00e9cie rara nativa da Ilha de S\u00e3o Nicolau, em Cabo Verde \u2014 que chegou a ser declarada extinta \u2014 foi redescoberta ap\u00f3s mais de quatro d\u00e9cadas Por Giovanna Gomes Uma esp\u00e9cie considerada extinta foi redescoberta\u00a0ap\u00f3s mais de quatro d\u00e9cadas: o\u00a0gafanhoto Monte Gordo\u00a0(Eyprepocprifas insularis), uma criatura rar\u00edssima nativa da\u00a0Ilha de S\u00e3o Nicolau, em Cabo Verde. At\u00e9 [&hellip;]\" \/>\n<meta property=\"og:url\" content=\"https:\/\/jornalfatosenoticias.com.br\/index.php\/2025\/05\/09\/especie-de-gafanhoto-considerada-extinta-e-avistada-apos-mais-de-40-anos\/\" \/>\n<meta property=\"og:site_name\" content=\"Jornal Fatos e Not\u00edcias\" \/>\n<meta property=\"article:published_time\" content=\"2025-05-09T18:15:19+00:00\" \/>\n<meta property=\"article:modified_time\" content=\"2025-05-09T18:15:21+00:00\" \/>\n<meta property=\"og:image\" content=\"https:\/\/jornalfatosenoticias.com.br\/wp-content\/uploads\/2025\/05\/gafanhoto_freepik.jpg\" \/>\n\t<meta property=\"og:image:width\" content=\"826\" \/>\n\t<meta property=\"og:image:height\" content=\"619\" \/>\n\t<meta property=\"og:image:type\" content=\"image\/jpeg\" \/>\n<meta name=\"author\" content=\"Luzimara Fernandes\" \/>\n<meta name=\"twitter:card\" content=\"summary_large_image\" \/>\n<meta name=\"twitter:label1\" content=\"Escrito por\" \/>\n\t<meta name=\"twitter:data1\" content=\"Luzimara Fernandes\" \/>\n\t<meta name=\"twitter:label2\" content=\"Est. tempo de leitura\" \/>\n\t<meta name=\"twitter:data2\" content=\"2 minutos\" \/>\n<script type=\"application\/ld+json\" class=\"yoast-schema-graph\">{\"@context\":\"https:\/\/schema.org\",\"@graph\":[{\"@type\":\"Article\",\"@id\":\"https:\/\/jornalfatosenoticias.com.br\/index.php\/2025\/05\/09\/especie-de-gafanhoto-considerada-extinta-e-avistada-apos-mais-de-40-anos\/#article\",\"isPartOf\":{\"@id\":\"https:\/\/jornalfatosenoticias.com.br\/index.php\/2025\/05\/09\/especie-de-gafanhoto-considerada-extinta-e-avistada-apos-mais-de-40-anos\/\"},\"author\":{\"name\":\"Luzimara Fernandes\",\"@id\":\"https:\/\/jornalfatosenoticias.com.br\/#\/schema\/person\/d63837fa13ac8666eb9e74e0985d6f81\"},\"headline\":\"Esp\u00e9cie de gafanhoto considerada extinta \u00e9 avistada ap\u00f3s mais de 40 anos\",\"datePublished\":\"2025-05-09T18:15:19+00:00\",\"dateModified\":\"2025-05-09T18:15:21+00:00\",\"mainEntityOfPage\":{\"@id\":\"https:\/\/jornalfatosenoticias.com.br\/index.php\/2025\/05\/09\/especie-de-gafanhoto-considerada-extinta-e-avistada-apos-mais-de-40-anos\/\"},\"wordCount\":493,\"commentCount\":0,\"publisher\":{\"@id\":\"https:\/\/jornalfatosenoticias.com.br\/#organization\"},\"image\":{\"@id\":\"https:\/\/jornalfatosenoticias.com.br\/index.php\/2025\/05\/09\/especie-de-gafanhoto-considerada-extinta-e-avistada-apos-mais-de-40-anos\/#primaryimage\"},\"thumbnailUrl\":\"https:\/\/jornalfatosenoticias.com.br\/wp-content\/uploads\/2025\/05\/gafanhoto_freepik.jpg\",\"keywords\":[\"Cabo Verde\",\"esp\u00e9cie\",\"extinto\",\"Eyprepocprifas insularis\",\"gafanhoto\",\"Monte Gordo\"],\"articleSection\":[\"Meio ambiente\"],\"inLanguage\":\"pt-BR\",\"potentialAction\":[{\"@type\":\"CommentAction\",\"name\":\"Comment\",\"target\":[\"https:\/\/jornalfatosenoticias.com.br\/index.php\/2025\/05\/09\/especie-de-gafanhoto-considerada-extinta-e-avistada-apos-mais-de-40-anos\/#respond\"]}]},{\"@type\":\"WebPage\",\"@id\":\"https:\/\/jornalfatosenoticias.com.br\/index.php\/2025\/05\/09\/especie-de-gafanhoto-considerada-extinta-e-avistada-apos-mais-de-40-anos\/\",\"url\":\"https:\/\/jornalfatosenoticias.com.br\/index.php\/2025\/05\/09\/especie-de-gafanhoto-considerada-extinta-e-avistada-apos-mais-de-40-anos\/\",\"name\":\"Esp\u00e9cie de gafanhoto considerada extinta \u00e9 avistada ap\u00f3s mais de 40 anos - Jornal Fatos e Not\u00edcias\",\"isPartOf\":{\"@id\":\"https:\/\/jornalfatosenoticias.com.br\/#website\"},\"primaryImageOfPage\":{\"@id\":\"https:\/\/jornalfatosenoticias.com.br\/index.php\/2025\/05\/09\/especie-de-gafanhoto-considerada-extinta-e-avistada-apos-mais-de-40-anos\/#primaryimage\"},\"image\":{\"@id\":\"https:\/\/jornalfatosenoticias.com.br\/index.php\/2025\/05\/09\/especie-de-gafanhoto-considerada-extinta-e-avistada-apos-mais-de-40-anos\/#primaryimage\"},\"thumbnailUrl\":\"https:\/\/jornalfatosenoticias.com.br\/wp-content\/uploads\/2025\/05\/gafanhoto_freepik.jpg\",\"datePublished\":\"2025-05-09T18:15:19+00:00\",\"dateModified\":\"2025-05-09T18:15:21+00:00\",\"breadcrumb\":{\"@id\":\"https:\/\/jornalfatosenoticias.com.br\/index.php\/2025\/05\/09\/especie-de-gafanhoto-considerada-extinta-e-avistada-apos-mais-de-40-anos\/#breadcrumb\"},\"inLanguage\":\"pt-BR\",\"potentialAction\":[{\"@type\":\"ReadAction\",\"target\":[\"https:\/\/jornalfatosenoticias.com.br\/index.php\/2025\/05\/09\/especie-de-gafanhoto-considerada-extinta-e-avistada-apos-mais-de-40-anos\/\"]}]},{\"@type\":\"ImageObject\",\"inLanguage\":\"pt-BR\",\"@id\":\"https:\/\/jornalfatosenoticias.com.br\/index.php\/2025\/05\/09\/especie-de-gafanhoto-considerada-extinta-e-avistada-apos-mais-de-40-anos\/#primaryimage\",\"url\":\"https:\/\/jornalfatosenoticias.com.br\/wp-content\/uploads\/2025\/05\/gafanhoto_freepik.jpg\",\"contentUrl\":\"https:\/\/jornalfatosenoticias.com.br\/wp-content\/uploads\/2025\/05\/gafanhoto_freepik.jpg\",\"width\":826,\"height\":619},{\"@type\":\"BreadcrumbList\",\"@id\":\"https:\/\/jornalfatosenoticias.com.br\/index.php\/2025\/05\/09\/especie-de-gafanhoto-considerada-extinta-e-avistada-apos-mais-de-40-anos\/#breadcrumb\",\"itemListElement\":[{\"@type\":\"ListItem\",\"position\":1,\"name\":\"In\u00edcio\",\"item\":\"https:\/\/jornalfatosenoticias.com.br\/\"},{\"@type\":\"ListItem\",\"position\":2,\"name\":\"Esp\u00e9cie de gafanhoto considerada extinta \u00e9 avistada ap\u00f3s mais de 40 anos\"}]},{\"@type\":\"WebSite\",\"@id\":\"https:\/\/jornalfatosenoticias.com.br\/#website\",\"url\":\"https:\/\/jornalfatosenoticias.com.br\/\",\"name\":\"Jornal Fatos e Not\u00edcias\",\"description\":\"Not\u00edcias em geral\",\"publisher\":{\"@id\":\"https:\/\/jornalfatosenoticias.com.br\/#organization\"},\"potentialAction\":[{\"@type\":\"SearchAction\",\"target\":{\"@type\":\"EntryPoint\",\"urlTemplate\":\"https:\/\/jornalfatosenoticias.com.br\/?s={search_term_string}\"},\"query-input\":{\"@type\":\"PropertyValueSpecification\",\"valueRequired\":true,\"valueName\":\"search_term_string\"}}],\"inLanguage\":\"pt-BR\"},{\"@type\":\"Organization\",\"@id\":\"https:\/\/jornalfatosenoticias.com.br\/#organization\",\"name\":\"Jornal Fatos e Not\u00edcias\",\"url\":\"https:\/\/jornalfatosenoticias.com.br\/\",\"logo\":{\"@type\":\"ImageObject\",\"inLanguage\":\"pt-BR\",\"@id\":\"https:\/\/jornalfatosenoticias.com.br\/#\/schema\/logo\/image\/\",\"url\":\"https:\/\/jornalfatosenoticias.com.br\/wp-content\/uploads\/2020\/02\/logo120.png\",\"contentUrl\":\"https:\/\/jornalfatosenoticias.com.br\/wp-content\/uploads\/2020\/02\/logo120.png\",\"width\":1227,\"height\":120,\"caption\":\"Jornal Fatos e Not\u00edcias\"},\"image\":{\"@id\":\"https:\/\/jornalfatosenoticias.com.br\/#\/schema\/logo\/image\/\"}},{\"@type\":\"Person\",\"@id\":\"https:\/\/jornalfatosenoticias.com.br\/#\/schema\/person\/d63837fa13ac8666eb9e74e0985d6f81\",\"name\":\"Luzimara Fernandes\",\"image\":{\"@type\":\"ImageObject\",\"inLanguage\":\"pt-BR\",\"@id\":\"https:\/\/jornalfatosenoticias.com.br\/#\/schema\/person\/image\/\",\"url\":\"https:\/\/jornalfatosenoticias.com.br\/wp-content\/uploads\/2025\/05\/EU_portal.jpg\",\"contentUrl\":\"https:\/\/jornalfatosenoticias.com.br\/wp-content\/uploads\/2025\/05\/EU_portal.jpg\",\"caption\":\"Luzimara Fernandes\"},\"description\":\"Jornalista MTB 2358-ES\",\"sameAs\":[\"https:\/\/jornalfatosenoticias.com.br\"],\"url\":\"https:\/\/jornalfatosenoticias.com.br\/index.php\/author\/luzimara\/\"}]}<\/script>\n<!-- \/ Yoast SEO plugin. -->","yoast_head_json":{"title":"Esp\u00e9cie de gafanhoto considerada extinta \u00e9 avistada ap\u00f3s mais de 40 anos - Jornal Fatos e Not\u00edcias","robots":{"index":"index","follow":"follow","max-snippet":"max-snippet:-1","max-image-preview":"max-image-preview:large","max-video-preview":"max-video-preview:-1"},"canonical":"https:\/\/jornalfatosenoticias.com.br\/index.php\/2025\/05\/09\/especie-de-gafanhoto-considerada-extinta-e-avistada-apos-mais-de-40-anos\/","og_locale":"pt_BR","og_type":"article","og_title":"Esp\u00e9cie de gafanhoto considerada extinta \u00e9 avistada ap\u00f3s mais de 40 anos - Jornal Fatos e Not\u00edcias","og_description":"Esp\u00e9cie rara nativa da Ilha de S\u00e3o Nicolau, em Cabo Verde \u2014 que chegou a ser declarada extinta \u2014 foi redescoberta ap\u00f3s mais de quatro d\u00e9cadas Por Giovanna Gomes Uma esp\u00e9cie considerada extinta foi redescoberta\u00a0ap\u00f3s mais de quatro d\u00e9cadas: o\u00a0gafanhoto Monte Gordo\u00a0(Eyprepocprifas insularis), uma criatura rar\u00edssima nativa da\u00a0Ilha de S\u00e3o Nicolau, em Cabo Verde. At\u00e9 [&hellip;]","og_url":"https:\/\/jornalfatosenoticias.com.br\/index.php\/2025\/05\/09\/especie-de-gafanhoto-considerada-extinta-e-avistada-apos-mais-de-40-anos\/","og_site_name":"Jornal Fatos e Not\u00edcias","article_published_time":"2025-05-09T18:15:19+00:00","article_modified_time":"2025-05-09T18:15:21+00:00","og_image":[{"width":826,"height":619,"url":"https:\/\/jornalfatosenoticias.com.br\/wp-content\/uploads\/2025\/05\/gafanhoto_freepik.jpg","type":"image\/jpeg"}],"author":"Luzimara Fernandes","twitter_card":"summary_large_image","twitter_misc":{"Escrito por":"Luzimara Fernandes","Est. tempo de leitura":"2 minutos"},"schema":{"@context":"https:\/\/schema.org","@graph":[{"@type":"Article","@id":"https:\/\/jornalfatosenoticias.com.br\/index.php\/2025\/05\/09\/especie-de-gafanhoto-considerada-extinta-e-avistada-apos-mais-de-40-anos\/#article","isPartOf":{"@id":"https:\/\/jornalfatosenoticias.com.br\/index.php\/2025\/05\/09\/especie-de-gafanhoto-considerada-extinta-e-avistada-apos-mais-de-40-anos\/"},"author":{"name":"Luzimara Fernandes","@id":"https:\/\/jornalfatosenoticias.com.br\/#\/schema\/person\/d63837fa13ac8666eb9e74e0985d6f81"},"headline":"Esp\u00e9cie de gafanhoto considerada extinta \u00e9 avistada ap\u00f3s mais de 40 anos","datePublished":"2025-05-09T18:15:19+00:00","dateModified":"2025-05-09T18:15:21+00:00","mainEntityOfPage":{"@id":"https:\/\/jornalfatosenoticias.com.br\/index.php\/2025\/05\/09\/especie-de-gafanhoto-considerada-extinta-e-avistada-apos-mais-de-40-anos\/"},"wordCount":493,"commentCount":0,"publisher":{"@id":"https:\/\/jornalfatosenoticias.com.br\/#organization"},"image":{"@id":"https:\/\/jornalfatosenoticias.com.br\/index.php\/2025\/05\/09\/especie-de-gafanhoto-considerada-extinta-e-avistada-apos-mais-de-40-anos\/#primaryimage"},"thumbnailUrl":"https:\/\/jornalfatosenoticias.com.br\/wp-content\/uploads\/2025\/05\/gafanhoto_freepik.jpg","keywords":["Cabo Verde","esp\u00e9cie","extinto","Eyprepocprifas insularis","gafanhoto","Monte Gordo"],"articleSection":["Meio ambiente"],"inLanguage":"pt-BR","potentialAction":[{"@type":"CommentAction","name":"Comment","target":["https:\/\/jornalfatosenoticias.com.br\/index.php\/2025\/05\/09\/especie-de-gafanhoto-considerada-extinta-e-avistada-apos-mais-de-40-anos\/#respond"]}]},{"@type":"WebPage","@id":"https:\/\/jornalfatosenoticias.com.br\/index.php\/2025\/05\/09\/especie-de-gafanhoto-considerada-extinta-e-avistada-apos-mais-de-40-anos\/","url":"https:\/\/jornalfatosenoticias.com.br\/index.php\/2025\/05\/09\/especie-de-gafanhoto-considerada-extinta-e-avistada-apos-mais-de-40-anos\/","name":"Esp\u00e9cie de gafanhoto considerada extinta \u00e9 avistada ap\u00f3s mais de 40 anos - Jornal Fatos e Not\u00edcias","isPartOf":{"@id":"https:\/\/jornalfatosenoticias.com.br\/#website"},"primaryImageOfPage":{"@id":"https:\/\/jornalfatosenoticias.com.br\/index.php\/2025\/05\/09\/especie-de-gafanhoto-considerada-extinta-e-avistada-apos-mais-de-40-anos\/#primaryimage"},"image":{"@id":"https:\/\/jornalfatosenoticias.com.br\/index.php\/2025\/05\/09\/especie-de-gafanhoto-considerada-extinta-e-avistada-apos-mais-de-40-anos\/#primaryimage"},"thumbnailUrl":"https:\/\/jornalfatosenoticias.com.br\/wp-content\/uploads\/2025\/05\/gafanhoto_freepik.jpg","datePublished":"2025-05-09T18:15:19+00:00","dateModified":"2025-05-09T18:15:21+00:00","breadcrumb":{"@id":"https:\/\/jornalfatosenoticias.com.br\/index.php\/2025\/05\/09\/especie-de-gafanhoto-considerada-extinta-e-avistada-apos-mais-de-40-anos\/#breadcrumb"},"inLanguage":"pt-BR","potentialAction":[{"@type":"ReadAction","target":["https:\/\/jornalfatosenoticias.com.br\/index.php\/2025\/05\/09\/especie-de-gafanhoto-considerada-extinta-e-avistada-apos-mais-de-40-anos\/"]}]},{"@type":"ImageObject","inLanguage":"pt-BR","@id":"https:\/\/jornalfatosenoticias.com.br\/index.php\/2025\/05\/09\/especie-de-gafanhoto-considerada-extinta-e-avistada-apos-mais-de-40-anos\/#primaryimage","url":"https:\/\/jornalfatosenoticias.com.br\/wp-content\/uploads\/2025\/05\/gafanhoto_freepik.jpg","contentUrl":"https:\/\/jornalfatosenoticias.com.br\/wp-content\/uploads\/2025\/05\/gafanhoto_freepik.jpg","width":826,"height":619},{"@type":"BreadcrumbList","@id":"https:\/\/jornalfatosenoticias.com.br\/index.php\/2025\/05\/09\/especie-de-gafanhoto-considerada-extinta-e-avistada-apos-mais-de-40-anos\/#breadcrumb","itemListElement":[{"@type":"ListItem","position":1,"name":"In\u00edcio","item":"https:\/\/jornalfatosenoticias.com.br\/"},{"@type":"ListItem","position":2,"name":"Esp\u00e9cie de gafanhoto considerada extinta \u00e9 avistada ap\u00f3s mais de 40 anos"}]},{"@type":"WebSite","@id":"https:\/\/jornalfatosenoticias.com.br\/#website","url":"https:\/\/jornalfatosenoticias.com.br\/","name":"Jornal Fatos e Not\u00edcias","description":"Not\u00edcias em geral","publisher":{"@id":"https:\/\/jornalfatosenoticias.com.br\/#organization"},"potentialAction":[{"@type":"SearchAction","target":{"@type":"EntryPoint","urlTemplate":"https:\/\/jornalfatosenoticias.com.br\/?s={search_term_string}"},"query-input":{"@type":"PropertyValueSpecification","valueRequired":true,"valueName":"search_term_string"}}],"inLanguage":"pt-BR"},{"@type":"Organization","@id":"https:\/\/jornalfatosenoticias.com.br\/#organization","name":"Jornal Fatos e Not\u00edcias","url":"https:\/\/jornalfatosenoticias.com.br\/","logo":{"@type":"ImageObject","inLanguage":"pt-BR","@id":"https:\/\/jornalfatosenoticias.com.br\/#\/schema\/logo\/image\/","url":"https:\/\/jornalfatosenoticias.com.br\/wp-content\/uploads\/2020\/02\/logo120.png","contentUrl":"https:\/\/jornalfatosenoticias.com.br\/wp-content\/uploads\/2020\/02\/logo120.png","width":1227,"height":120,"caption":"Jornal Fatos e Not\u00edcias"},"image":{"@id":"https:\/\/jornalfatosenoticias.com.br\/#\/schema\/logo\/image\/"}},{"@type":"Person","@id":"https:\/\/jornalfatosenoticias.com.br\/#\/schema\/person\/d63837fa13ac8666eb9e74e0985d6f81","name":"Luzimara Fernandes","image":{"@type":"ImageObject","inLanguage":"pt-BR","@id":"https:\/\/jornalfatosenoticias.com.br\/#\/schema\/person\/image\/","url":"https:\/\/jornalfatosenoticias.com.br\/wp-content\/uploads\/2025\/05\/EU_portal.jpg","contentUrl":"https:\/\/jornalfatosenoticias.com.br\/wp-content\/uploads\/2025\/05\/EU_portal.jpg","caption":"Luzimara Fernandes"},"description":"Jornalista MTB 2358-ES","sameAs":["https:\/\/jornalfatosenoticias.com.br"],"url":"https:\/\/jornalfatosenoticias.com.br\/index.php\/author\/luzimara\/"}]}},"cc_featured_image_caption":{"caption_text":"(Foto: Freepik) ","source_text":"","source_url":""},"jetpack_featured_media_url":"https:\/\/jornalfatosenoticias.com.br\/wp-content\/uploads\/2025\/05\/gafanhoto_freepik.jpg","_links":{"self":[{"href":"https:\/\/jornalfatosenoticias.com.br\/index.php\/wp-json\/wp\/v2\/posts\/59106","targetHints":{"allow":["GET"]}}],"collection":[{"href":"https:\/\/jornalfatosenoticias.com.br\/index.php\/wp-json\/wp\/v2\/posts"}],"about":[{"href":"https:\/\/jornalfatosenoticias.com.br\/index.php\/wp-json\/wp\/v2\/types\/post"}],"author":[{"embeddable":true,"href":"https:\/\/jornalfatosenoticias.com.br\/index.php\/wp-json\/wp\/v2\/users\/2"}],"replies":[{"embeddable":true,"href":"https:\/\/jornalfatosenoticias.com.br\/index.php\/wp-json\/wp\/v2\/comments?post=59106"}],"version-history":[{"count":0,"href":"https:\/\/jornalfatosenoticias.com.br\/index.php\/wp-json\/wp\/v2\/posts\/59106\/revisions"}],"wp:featuredmedia":[{"embeddable":true,"href":"https:\/\/jornalfatosenoticias.com.br\/index.php\/wp-json\/wp\/v2\/media\/59107"}],"wp:attachment":[{"href":"https:\/\/jornalfatosenoticias.com.br\/index.php\/wp-json\/wp\/v2\/media?parent=59106"}],"wp:term":[{"taxonomy":"category","embeddable":true,"href":"https:\/\/jornalfatosenoticias.com.br\/index.php\/wp-json\/wp\/v2\/categories?post=59106"},{"taxonomy":"post_tag","embeddable":true,"href":"https:\/\/jornalfatosenoticias.com.br\/index.php\/wp-json\/wp\/v2\/tags?post=59106"}],"curies":[{"name":"wp","href":"https:\/\/api.w.org\/{rel}","templated":true}]}}