{"id":59125,"date":"2025-05-12T14:14:50","date_gmt":"2025-05-12T17:14:50","guid":{"rendered":"https:\/\/jornalfatosenoticias.com.br\/?p=59125"},"modified":"2025-05-12T14:14:51","modified_gmt":"2025-05-12T17:14:51","slug":"samarco-apresenta-resultados-obtidos-no-primeiro-trimestre-de-2025-com-producao-recorde-desde-a-retomada-operacional","status":"publish","type":"post","link":"https:\/\/jornalfatosenoticias.com.br\/index.php\/2025\/05\/12\/samarco-apresenta-resultados-obtidos-no-primeiro-trimestre-de-2025-com-producao-recorde-desde-a-retomada-operacional\/","title":{"rendered":"Samarco apresenta resultados obtidos no primeiro trimestre de 2025, com produ\u00e7\u00e3o recorde desde a retomada operacional"},"content":{"rendered":"\n<p><em><span class=\"has-inline-color has-black-color\">Empresa tamb\u00e9m divulgou estimativa de investimentos para alcan\u00e7ar 100% da capacidade produtiva<\/span><\/em><\/p>\n\n\n\n<p><span class=\"has-inline-color has-black-color\">Por <strong>Assessoria de Comunica\u00e7\u00e3o<\/strong><\/span><\/p>\n\n\n\n<div class=\"wp-block-image\"><figure class=\"aligncenter size-large\"><a href=\"https:\/\/mizu.com.br\/\"><img loading=\"lazy\" decoding=\"async\" width=\"729\" height=\"90\" src=\"https:\/\/jornalfatosenoticias.com.br\/wp-content\/uploads\/2020\/02\/Logo_Mizu.png\" alt=\"\" class=\"wp-image-1441\" srcset=\"https:\/\/jornalfatosenoticias.com.br\/wp-content\/uploads\/2020\/02\/Logo_Mizu.png 729w, https:\/\/jornalfatosenoticias.com.br\/wp-content\/uploads\/2020\/02\/Logo_Mizu-300x37.png 300w\" sizes=\"auto, (max-width: 729px) 100vw, 729px\" \/><\/a><\/figure><\/div>\n\n\n\n<p>A Samarco divulgou, nesta segunda-feira (12), em uma live com investidores os resultados do primeiro trimestre deste ano e os investimentos necess\u00e1rios para que a empresa alcance 100% da capacidade produtiva instalada at\u00e9 2028. A empresa atingiu, nos tr\u00eas primeiros meses deste ano, produ\u00e7\u00e3o recorde desde a retomada operacional com 3,2 milh\u00f5es de toneladas de pelotas e finos de min\u00e9rio de ferro frente aos 2,9 milh\u00f5es de toneladas produzidas no quarto trimestre de 2024. O aumento da produ\u00e7\u00e3o deveu-se \u00e0 entrada dos ativos, no final do ano passado, que resultaram no alcance de 60% da capacidade produtiva instalada.<\/p>\n\n\n\n<div class=\"wp-block-image\"><figure class=\"aligncenter size-large is-resized\"><a href=\"https:\/\/www.instagram.com\/esteiochurrascaria\/\"><img loading=\"lazy\" decoding=\"async\" src=\"https:\/\/jornalfatosenoticias.com.br\/wp-content\/uploads\/2022\/02\/LOGO-ESTEIO-1024x730.png\" alt=\"\" class=\"wp-image-27942\" width=\"327\" height=\"233\" srcset=\"https:\/\/jornalfatosenoticias.com.br\/wp-content\/uploads\/2022\/02\/LOGO-ESTEIO-1024x730.png 1024w, https:\/\/jornalfatosenoticias.com.br\/wp-content\/uploads\/2022\/02\/LOGO-ESTEIO-300x214.png 300w, https:\/\/jornalfatosenoticias.com.br\/wp-content\/uploads\/2022\/02\/LOGO-ESTEIO-768x548.png 768w, https:\/\/jornalfatosenoticias.com.br\/wp-content\/uploads\/2022\/02\/LOGO-ESTEIO.png 1123w\" sizes=\"auto, (max-width: 327px) 100vw, 327px\" \/><\/a><\/figure><\/div>\n\n\n\n<blockquote class=\"wp-block-quote is-layout-flow wp-block-quote-is-layout-flow\"><p><span class=\"has-inline-color has-luminous-vivid-orange-color\">Os n\u00fameros de produ\u00e7\u00e3o do primeiro trimestre de 2025, recorde desde a retomada das nossas opera\u00e7\u00f5es, confirmam o esfor\u00e7o da Samarco em antecipar em quatro meses o in\u00edcio de opera\u00e7\u00e3o do projeto de alcance de 60% da capacidade produtiva instalada. Atingimos um recorde de produ\u00e7\u00e3o em um momento de ramp-up do concentrador que entrou em opera\u00e7\u00e3o em dezembro de 2024\u201d, destacou o diretor financeiro, Gustavo Selayzim. \u201cA pessoas, o foco na seguran\u00e7a, na sustentabilidade e na excel\u00eancia operacional permanecem no centro da nossa estrat\u00e9gia\u201d, completou Selayzim.<\/span><\/p><\/blockquote>\n\n\n\n<div class=\"wp-block-image\"><figure class=\"aligncenter size-large is-resized\"><a href=\"https:\/\/www.facebook.com\/postobkr\/?locale=pt_BR\"><img loading=\"lazy\" decoding=\"async\" src=\"https:\/\/jornalfatosenoticias.com.br\/wp-content\/uploads\/2023\/08\/BKR-1024x1021.jpg\" alt=\"\" class=\"wp-image-44494\" width=\"287\" height=\"286\" srcset=\"https:\/\/jornalfatosenoticias.com.br\/wp-content\/uploads\/2023\/08\/BKR-1024x1021.jpg 1024w, https:\/\/jornalfatosenoticias.com.br\/wp-content\/uploads\/2023\/08\/BKR-300x300.jpg 300w, https:\/\/jornalfatosenoticias.com.br\/wp-content\/uploads\/2023\/08\/BKR-150x150.jpg 150w, https:\/\/jornalfatosenoticias.com.br\/wp-content\/uploads\/2023\/08\/BKR-768x766.jpg 768w, https:\/\/jornalfatosenoticias.com.br\/wp-content\/uploads\/2023\/08\/BKR.jpg 1080w\" sizes=\"auto, (max-width: 287px) 100vw, 287px\" \/><\/a><\/figure><\/div>\n\n\n\n<p><strong><span class=\"has-inline-color has-black-color\">Alcance de 100%<br><\/span><\/strong>A live tamb\u00e9m abordou os passos necess\u00e1rios para que a empresa alcance os 100% da capacidade produtiva instalada em 2028, etapa conhecida como \u201cMomento 3\u201d. O projeto contempla a reativa\u00e7\u00e3o da Usina de Beneficiamento 1 e a instala\u00e7\u00e3o do Sistema de Filtragem 3 no Complexo de Germano (MG), e reativa\u00e7\u00e3o das Usinas de Pelotiza\u00e7\u00e3o 1 e 2, em Ubu (ES). Adicionalmente, s\u00e3o considerados investimentos em mais uma estrutura de disposi\u00e7\u00e3o de est\u00e9ril e rejeitos, refor\u00e7ando nosso compromisso com a n\u00e3o utiliza\u00e7\u00e3o de barragem de rejeitos em nossa opera\u00e7\u00e3o.<\/p>\n\n\n\n<div class=\"wp-block-image\"><figure class=\"aligncenter size-large is-resized\"><a href=\"https:\/\/panper.com.br\/\"><img loading=\"lazy\" decoding=\"async\" src=\"https:\/\/jornalfatosenoticias.com.br\/wp-content\/uploads\/2023\/03\/logo-Panper_portal.jpg\" alt=\"\" class=\"wp-image-40208\" width=\"302\" height=\"209\" srcset=\"https:\/\/jornalfatosenoticias.com.br\/wp-content\/uploads\/2023\/03\/logo-Panper_portal.jpg 400w, https:\/\/jornalfatosenoticias.com.br\/wp-content\/uploads\/2023\/03\/logo-Panper_portal-300x208.jpg 300w\" sizes=\"auto, (max-width: 302px) 100vw, 302px\" \/><\/a><\/figure><\/div>\n\n\n\n<p>Com a evolu\u00e7\u00e3o dos estudos de engenharia, escopo e pre\u00e7o, o projeto de retomada da capacidade total, ainda em revis\u00e3o, pode atingir aproximadamente R$13 bi. A expectativa \u00e9 que os estudos de engenharia sejam conclu\u00eddos ao final do segundo trimestre de 2025. A previs\u00e3o \u00e9 que o montante de investimentos seja aprovado at\u00e9 o final deste ano pela Governan\u00e7a e pelo Conselho de Administra\u00e7\u00e3o da Companhia.<\/p>\n\n\n\n<div class=\"wp-block-image\"><figure class=\"aligncenter size-large is-resized\"><a href=\"https:\/\/www.facebook.com\/profile.php?id=100069289606145\"><img loading=\"lazy\" decoding=\"async\" src=\"https:\/\/jornalfatosenoticias.com.br\/wp-content\/uploads\/2024\/11\/Guaitolini-Contabilidade-1024x714.jpeg\" alt=\"\" class=\"wp-image-55808\" width=\"308\" height=\"215\" srcset=\"https:\/\/jornalfatosenoticias.com.br\/wp-content\/uploads\/2024\/11\/Guaitolini-Contabilidade-1024x714.jpeg 1024w, https:\/\/jornalfatosenoticias.com.br\/wp-content\/uploads\/2024\/11\/Guaitolini-Contabilidade-300x209.jpeg 300w, https:\/\/jornalfatosenoticias.com.br\/wp-content\/uploads\/2024\/11\/Guaitolini-Contabilidade-768x535.jpeg 768w, https:\/\/jornalfatosenoticias.com.br\/wp-content\/uploads\/2024\/11\/Guaitolini-Contabilidade.jpeg 1280w\" sizes=\"auto, (max-width: 308px) 100vw, 308px\" \/><\/a><\/figure><\/div>\n\n\n\n<p><strong><span class=\"has-inline-color has-black-color\">Outras informa\u00e7\u00f5es<br><\/span><\/strong>Al\u00e9m de resultados operacionais e estimativas financeiras, a apresenta\u00e7\u00e3o tamb\u00e9m abordou n\u00fameros de sa\u00fade e seguran\u00e7a e mostrou o andamento do processo de descaracteriza\u00e7\u00e3o da barragem de Germano com 88% de conclus\u00e3o e expectativa de ser finalizado em 2026, antes do prazo acordado com os \u00f3rg\u00e3os competentes para 2029.<\/p>\n\n\n\n<div class=\"wp-block-image\"><figure class=\"aligncenter size-large is-resized\"><a href=\"https:\/\/www.instagram.com\/serra4x4cambioautomatico\/\"><img loading=\"lazy\" decoding=\"async\" src=\"https:\/\/jornalfatosenoticias.com.br\/wp-content\/uploads\/2024\/08\/Serra-4x4-1-886x1024.jpg\" alt=\"\" class=\"wp-image-53632\" width=\"264\" height=\"305\" srcset=\"https:\/\/jornalfatosenoticias.com.br\/wp-content\/uploads\/2024\/08\/Serra-4x4-1-886x1024.jpg 886w, https:\/\/jornalfatosenoticias.com.br\/wp-content\/uploads\/2024\/08\/Serra-4x4-1-260x300.jpg 260w, https:\/\/jornalfatosenoticias.com.br\/wp-content\/uploads\/2024\/08\/Serra-4x4-1-768x888.jpg 768w, https:\/\/jornalfatosenoticias.com.br\/wp-content\/uploads\/2024\/08\/Serra-4x4-1.jpg 1181w\" sizes=\"auto, (max-width: 264px) 100vw, 264px\" \/><\/a><\/figure><\/div>\n\n\n\n<p>Os n\u00fameros relativos \u00e0s obriga\u00e7\u00f5es com o processo de repara\u00e7\u00e3o da Bacia do Rio Doce tamb\u00e9m foram abordados com a apresenta\u00e7\u00e3o dos valores destinados no primeiro trimestre deste ano. Dos US$ 265 milh\u00f5es aplicados na repara\u00e7\u00e3o cerca de USS 13 milh\u00f5es foram custeados pela Samarco e o restante pelas acionistas, Vale e BHP. \u00c9 importante ressaltar que os pagamentos da Samarco permanecer\u00e3o limitados a US$ 1 bilh\u00e3o at\u00e9 2031, refor\u00e7ando o compromisso da empresa e das suas acionistas no acordo assinado no \u00e2mbito da recupera\u00e7\u00e3o judicial, em 2023.<\/p>\n\n\n\n<div class=\"wp-block-image\"><figure class=\"aligncenter size-large is-resized\"><a href=\"https:\/\/www.legisjuris.com.br\/\"><img loading=\"lazy\" decoding=\"async\" src=\"https:\/\/jornalfatosenoticias.com.br\/wp-content\/uploads\/2024\/09\/Legis-Juris-Consultoria_logo.jpg\" alt=\"\" class=\"wp-image-53915\" width=\"504\" height=\"211\" srcset=\"https:\/\/jornalfatosenoticias.com.br\/wp-content\/uploads\/2024\/09\/Legis-Juris-Consultoria_logo.jpg 969w, https:\/\/jornalfatosenoticias.com.br\/wp-content\/uploads\/2024\/09\/Legis-Juris-Consultoria_logo-300x126.jpg 300w, https:\/\/jornalfatosenoticias.com.br\/wp-content\/uploads\/2024\/09\/Legis-Juris-Consultoria_logo-768x322.jpg 768w\" sizes=\"auto, (max-width: 504px) 100vw, 504px\" \/><\/a><\/figure><\/div>\n\n\n\n<p><\/p>\n","protected":false},"excerpt":{"rendered":"<p>Empresa tamb\u00e9m divulgou estimativa de investimentos para alcan\u00e7ar 100% da capacidade produtiva Por Assessoria de Comunica\u00e7\u00e3o A Samarco divulgou, nesta segunda-feira (12), em uma live com investidores os resultados do primeiro trimestre deste ano e os investimentos necess\u00e1rios para que a empresa alcance 100% da capacidade produtiva instalada at\u00e9 2028. A empresa atingiu, nos tr\u00eas [&hellip;]<\/p>\n","protected":false},"author":2,"featured_media":59126,"comment_status":"open","ping_status":"open","sticky":false,"template":"","format":"standard","meta":{"footnotes":""},"categories":[9],"tags":[8041,27003,27004,27005,17366,750],"class_list":["post-59125","post","type-post","status-publish","format-standard","has-post-thumbnail","hentry","category-economia","tag-bacia-do-rio-doce","tag-gustavo-selayzim","tag-minerio-de-ferro","tag-pelotas-de-minerio-de-ferro","tag-recuperacao-judicial","tag-samarco"],"yoast_head":"<!-- This site is optimized with the Yoast SEO plugin v26.5 - https:\/\/yoast.com\/wordpress\/plugins\/seo\/ -->\n<title>Samarco apresenta resultados obtidos no primeiro trimestre de 2025, com produ\u00e7\u00e3o recorde desde a retomada operacional - Jornal Fatos e Not\u00edcias<\/title>\n<meta name=\"robots\" content=\"index, follow, max-snippet:-1, max-image-preview:large, max-video-preview:-1\" \/>\n<link rel=\"canonical\" href=\"https:\/\/jornalfatosenoticias.com.br\/index.php\/2025\/05\/12\/samarco-apresenta-resultados-obtidos-no-primeiro-trimestre-de-2025-com-producao-recorde-desde-a-retomada-operacional\/\" \/>\n<meta property=\"og:locale\" content=\"pt_BR\" \/>\n<meta property=\"og:type\" content=\"article\" \/>\n<meta property=\"og:title\" content=\"Samarco apresenta resultados obtidos no primeiro trimestre de 2025, com produ\u00e7\u00e3o recorde desde a retomada operacional - Jornal Fatos e Not\u00edcias\" \/>\n<meta property=\"og:description\" content=\"Empresa tamb\u00e9m divulgou estimativa de investimentos para alcan\u00e7ar 100% da capacidade produtiva Por Assessoria de Comunica\u00e7\u00e3o A Samarco divulgou, nesta segunda-feira (12), em uma live com investidores os resultados do primeiro trimestre deste ano e os investimentos necess\u00e1rios para que a empresa alcance 100% da capacidade produtiva instalada at\u00e9 2028. A empresa atingiu, nos tr\u00eas [&hellip;]\" \/>\n<meta property=\"og:url\" content=\"https:\/\/jornalfatosenoticias.com.br\/index.php\/2025\/05\/12\/samarco-apresenta-resultados-obtidos-no-primeiro-trimestre-de-2025-com-producao-recorde-desde-a-retomada-operacional\/\" \/>\n<meta property=\"og:site_name\" content=\"Jornal Fatos e Not\u00edcias\" \/>\n<meta property=\"article:published_time\" content=\"2025-05-12T17:14:50+00:00\" \/>\n<meta property=\"article:modified_time\" content=\"2025-05-12T17:14:51+00:00\" \/>\n<meta property=\"og:image\" content=\"https:\/\/jornalfatosenoticias.com.br\/wp-content\/uploads\/2025\/05\/Complexo-de-Ubu.jpg\" \/>\n\t<meta property=\"og:image:width\" content=\"1000\" \/>\n\t<meta property=\"og:image:height\" content=\"561\" \/>\n\t<meta property=\"og:image:type\" content=\"image\/jpeg\" \/>\n<meta name=\"author\" content=\"Luzimara Fernandes\" \/>\n<meta name=\"twitter:card\" content=\"summary_large_image\" \/>\n<meta name=\"twitter:label1\" content=\"Escrito por\" \/>\n\t<meta name=\"twitter:data1\" content=\"Luzimara Fernandes\" \/>\n\t<meta name=\"twitter:label2\" content=\"Est. tempo de leitura\" \/>\n\t<meta name=\"twitter:data2\" content=\"3 minutos\" \/>\n<script type=\"application\/ld+json\" class=\"yoast-schema-graph\">{\"@context\":\"https:\/\/schema.org\",\"@graph\":[{\"@type\":\"Article\",\"@id\":\"https:\/\/jornalfatosenoticias.com.br\/index.php\/2025\/05\/12\/samarco-apresenta-resultados-obtidos-no-primeiro-trimestre-de-2025-com-producao-recorde-desde-a-retomada-operacional\/#article\",\"isPartOf\":{\"@id\":\"https:\/\/jornalfatosenoticias.com.br\/index.php\/2025\/05\/12\/samarco-apresenta-resultados-obtidos-no-primeiro-trimestre-de-2025-com-producao-recorde-desde-a-retomada-operacional\/\"},\"author\":{\"name\":\"Luzimara Fernandes\",\"@id\":\"https:\/\/jornalfatosenoticias.com.br\/#\/schema\/person\/d63837fa13ac8666eb9e74e0985d6f81\"},\"headline\":\"Samarco apresenta resultados obtidos no primeiro trimestre de 2025, com produ\u00e7\u00e3o recorde desde a retomada operacional\",\"datePublished\":\"2025-05-12T17:14:50+00:00\",\"dateModified\":\"2025-05-12T17:14:51+00:00\",\"mainEntityOfPage\":{\"@id\":\"https:\/\/jornalfatosenoticias.com.br\/index.php\/2025\/05\/12\/samarco-apresenta-resultados-obtidos-no-primeiro-trimestre-de-2025-com-producao-recorde-desde-a-retomada-operacional\/\"},\"wordCount\":543,\"commentCount\":0,\"publisher\":{\"@id\":\"https:\/\/jornalfatosenoticias.com.br\/#organization\"},\"image\":{\"@id\":\"https:\/\/jornalfatosenoticias.com.br\/index.php\/2025\/05\/12\/samarco-apresenta-resultados-obtidos-no-primeiro-trimestre-de-2025-com-producao-recorde-desde-a-retomada-operacional\/#primaryimage\"},\"thumbnailUrl\":\"https:\/\/jornalfatosenoticias.com.br\/wp-content\/uploads\/2025\/05\/Complexo-de-Ubu.jpg\",\"keywords\":[\"Bacia do Rio Doce\",\"Gustavo Selayzim\",\"min\u00e9rio de ferro\",\"pelotas de min\u00e9rio de ferro\",\"recupera\u00e7\u00e3o judicial\",\"Samarco\"],\"articleSection\":[\"Economia\"],\"inLanguage\":\"pt-BR\",\"potentialAction\":[{\"@type\":\"CommentAction\",\"name\":\"Comment\",\"target\":[\"https:\/\/jornalfatosenoticias.com.br\/index.php\/2025\/05\/12\/samarco-apresenta-resultados-obtidos-no-primeiro-trimestre-de-2025-com-producao-recorde-desde-a-retomada-operacional\/#respond\"]}]},{\"@type\":\"WebPage\",\"@id\":\"https:\/\/jornalfatosenoticias.com.br\/index.php\/2025\/05\/12\/samarco-apresenta-resultados-obtidos-no-primeiro-trimestre-de-2025-com-producao-recorde-desde-a-retomada-operacional\/\",\"url\":\"https:\/\/jornalfatosenoticias.com.br\/index.php\/2025\/05\/12\/samarco-apresenta-resultados-obtidos-no-primeiro-trimestre-de-2025-com-producao-recorde-desde-a-retomada-operacional\/\",\"name\":\"Samarco apresenta resultados obtidos no primeiro trimestre de 2025, com produ\u00e7\u00e3o recorde desde a retomada operacional - Jornal Fatos e Not\u00edcias\",\"isPartOf\":{\"@id\":\"https:\/\/jornalfatosenoticias.com.br\/#website\"},\"primaryImageOfPage\":{\"@id\":\"https:\/\/jornalfatosenoticias.com.br\/index.php\/2025\/05\/12\/samarco-apresenta-resultados-obtidos-no-primeiro-trimestre-de-2025-com-producao-recorde-desde-a-retomada-operacional\/#primaryimage\"},\"image\":{\"@id\":\"https:\/\/jornalfatosenoticias.com.br\/index.php\/2025\/05\/12\/samarco-apresenta-resultados-obtidos-no-primeiro-trimestre-de-2025-com-producao-recorde-desde-a-retomada-operacional\/#primaryimage\"},\"thumbnailUrl\":\"https:\/\/jornalfatosenoticias.com.br\/wp-content\/uploads\/2025\/05\/Complexo-de-Ubu.jpg\",\"datePublished\":\"2025-05-12T17:14:50+00:00\",\"dateModified\":\"2025-05-12T17:14:51+00:00\",\"breadcrumb\":{\"@id\":\"https:\/\/jornalfatosenoticias.com.br\/index.php\/2025\/05\/12\/samarco-apresenta-resultados-obtidos-no-primeiro-trimestre-de-2025-com-producao-recorde-desde-a-retomada-operacional\/#breadcrumb\"},\"inLanguage\":\"pt-BR\",\"potentialAction\":[{\"@type\":\"ReadAction\",\"target\":[\"https:\/\/jornalfatosenoticias.com.br\/index.php\/2025\/05\/12\/samarco-apresenta-resultados-obtidos-no-primeiro-trimestre-de-2025-com-producao-recorde-desde-a-retomada-operacional\/\"]}]},{\"@type\":\"ImageObject\",\"inLanguage\":\"pt-BR\",\"@id\":\"https:\/\/jornalfatosenoticias.com.br\/index.php\/2025\/05\/12\/samarco-apresenta-resultados-obtidos-no-primeiro-trimestre-de-2025-com-producao-recorde-desde-a-retomada-operacional\/#primaryimage\",\"url\":\"https:\/\/jornalfatosenoticias.com.br\/wp-content\/uploads\/2025\/05\/Complexo-de-Ubu.jpg\",\"contentUrl\":\"https:\/\/jornalfatosenoticias.com.br\/wp-content\/uploads\/2025\/05\/Complexo-de-Ubu.jpg\",\"width\":1000,\"height\":561},{\"@type\":\"BreadcrumbList\",\"@id\":\"https:\/\/jornalfatosenoticias.com.br\/index.php\/2025\/05\/12\/samarco-apresenta-resultados-obtidos-no-primeiro-trimestre-de-2025-com-producao-recorde-desde-a-retomada-operacional\/#breadcrumb\",\"itemListElement\":[{\"@type\":\"ListItem\",\"position\":1,\"name\":\"In\u00edcio\",\"item\":\"https:\/\/jornalfatosenoticias.com.br\/\"},{\"@type\":\"ListItem\",\"position\":2,\"name\":\"Samarco apresenta resultados obtidos no primeiro trimestre de 2025, com produ\u00e7\u00e3o recorde desde a retomada operacional\"}]},{\"@type\":\"WebSite\",\"@id\":\"https:\/\/jornalfatosenoticias.com.br\/#website\",\"url\":\"https:\/\/jornalfatosenoticias.com.br\/\",\"name\":\"Jornal Fatos e Not\u00edcias\",\"description\":\"Not\u00edcias em geral\",\"publisher\":{\"@id\":\"https:\/\/jornalfatosenoticias.com.br\/#organization\"},\"potentialAction\":[{\"@type\":\"SearchAction\",\"target\":{\"@type\":\"EntryPoint\",\"urlTemplate\":\"https:\/\/jornalfatosenoticias.com.br\/?s={search_term_string}\"},\"query-input\":{\"@type\":\"PropertyValueSpecification\",\"valueRequired\":true,\"valueName\":\"search_term_string\"}}],\"inLanguage\":\"pt-BR\"},{\"@type\":\"Organization\",\"@id\":\"https:\/\/jornalfatosenoticias.com.br\/#organization\",\"name\":\"Jornal Fatos e Not\u00edcias\",\"url\":\"https:\/\/jornalfatosenoticias.com.br\/\",\"logo\":{\"@type\":\"ImageObject\",\"inLanguage\":\"pt-BR\",\"@id\":\"https:\/\/jornalfatosenoticias.com.br\/#\/schema\/logo\/image\/\",\"url\":\"https:\/\/jornalfatosenoticias.com.br\/wp-content\/uploads\/2020\/02\/logo120.png\",\"contentUrl\":\"https:\/\/jornalfatosenoticias.com.br\/wp-content\/uploads\/2020\/02\/logo120.png\",\"width\":1227,\"height\":120,\"caption\":\"Jornal Fatos e Not\u00edcias\"},\"image\":{\"@id\":\"https:\/\/jornalfatosenoticias.com.br\/#\/schema\/logo\/image\/\"}},{\"@type\":\"Person\",\"@id\":\"https:\/\/jornalfatosenoticias.com.br\/#\/schema\/person\/d63837fa13ac8666eb9e74e0985d6f81\",\"name\":\"Luzimara Fernandes\",\"image\":{\"@type\":\"ImageObject\",\"inLanguage\":\"pt-BR\",\"@id\":\"https:\/\/jornalfatosenoticias.com.br\/#\/schema\/person\/image\/\",\"url\":\"https:\/\/jornalfatosenoticias.com.br\/wp-content\/uploads\/2025\/05\/EU_portal.jpg\",\"contentUrl\":\"https:\/\/jornalfatosenoticias.com.br\/wp-content\/uploads\/2025\/05\/EU_portal.jpg\",\"caption\":\"Luzimara Fernandes\"},\"description\":\"Jornalista MTB 2358-ES\",\"sameAs\":[\"https:\/\/jornalfatosenoticias.com.br\"],\"url\":\"https:\/\/jornalfatosenoticias.com.br\/index.php\/author\/luzimara\/\"}]}<\/script>\n<!-- \/ Yoast SEO plugin. -->","yoast_head_json":{"title":"Samarco apresenta resultados obtidos no primeiro trimestre de 2025, com produ\u00e7\u00e3o recorde desde a retomada operacional - Jornal Fatos e Not\u00edcias","robots":{"index":"index","follow":"follow","max-snippet":"max-snippet:-1","max-image-preview":"max-image-preview:large","max-video-preview":"max-video-preview:-1"},"canonical":"https:\/\/jornalfatosenoticias.com.br\/index.php\/2025\/05\/12\/samarco-apresenta-resultados-obtidos-no-primeiro-trimestre-de-2025-com-producao-recorde-desde-a-retomada-operacional\/","og_locale":"pt_BR","og_type":"article","og_title":"Samarco apresenta resultados obtidos no primeiro trimestre de 2025, com produ\u00e7\u00e3o recorde desde a retomada operacional - Jornal Fatos e Not\u00edcias","og_description":"Empresa tamb\u00e9m divulgou estimativa de investimentos para alcan\u00e7ar 100% da capacidade produtiva Por Assessoria de Comunica\u00e7\u00e3o A Samarco divulgou, nesta segunda-feira (12), em uma live com investidores os resultados do primeiro trimestre deste ano e os investimentos necess\u00e1rios para que a empresa alcance 100% da capacidade produtiva instalada at\u00e9 2028. A empresa atingiu, nos tr\u00eas [&hellip;]","og_url":"https:\/\/jornalfatosenoticias.com.br\/index.php\/2025\/05\/12\/samarco-apresenta-resultados-obtidos-no-primeiro-trimestre-de-2025-com-producao-recorde-desde-a-retomada-operacional\/","og_site_name":"Jornal Fatos e Not\u00edcias","article_published_time":"2025-05-12T17:14:50+00:00","article_modified_time":"2025-05-12T17:14:51+00:00","og_image":[{"width":1000,"height":561,"url":"https:\/\/jornalfatosenoticias.com.br\/wp-content\/uploads\/2025\/05\/Complexo-de-Ubu.jpg","type":"image\/jpeg"}],"author":"Luzimara Fernandes","twitter_card":"summary_large_image","twitter_misc":{"Escrito por":"Luzimara Fernandes","Est. tempo de leitura":"3 minutos"},"schema":{"@context":"https:\/\/schema.org","@graph":[{"@type":"Article","@id":"https:\/\/jornalfatosenoticias.com.br\/index.php\/2025\/05\/12\/samarco-apresenta-resultados-obtidos-no-primeiro-trimestre-de-2025-com-producao-recorde-desde-a-retomada-operacional\/#article","isPartOf":{"@id":"https:\/\/jornalfatosenoticias.com.br\/index.php\/2025\/05\/12\/samarco-apresenta-resultados-obtidos-no-primeiro-trimestre-de-2025-com-producao-recorde-desde-a-retomada-operacional\/"},"author":{"name":"Luzimara Fernandes","@id":"https:\/\/jornalfatosenoticias.com.br\/#\/schema\/person\/d63837fa13ac8666eb9e74e0985d6f81"},"headline":"Samarco apresenta resultados obtidos no primeiro trimestre de 2025, com produ\u00e7\u00e3o recorde desde a retomada operacional","datePublished":"2025-05-12T17:14:50+00:00","dateModified":"2025-05-12T17:14:51+00:00","mainEntityOfPage":{"@id":"https:\/\/jornalfatosenoticias.com.br\/index.php\/2025\/05\/12\/samarco-apresenta-resultados-obtidos-no-primeiro-trimestre-de-2025-com-producao-recorde-desde-a-retomada-operacional\/"},"wordCount":543,"commentCount":0,"publisher":{"@id":"https:\/\/jornalfatosenoticias.com.br\/#organization"},"image":{"@id":"https:\/\/jornalfatosenoticias.com.br\/index.php\/2025\/05\/12\/samarco-apresenta-resultados-obtidos-no-primeiro-trimestre-de-2025-com-producao-recorde-desde-a-retomada-operacional\/#primaryimage"},"thumbnailUrl":"https:\/\/jornalfatosenoticias.com.br\/wp-content\/uploads\/2025\/05\/Complexo-de-Ubu.jpg","keywords":["Bacia do Rio Doce","Gustavo Selayzim","min\u00e9rio de ferro","pelotas de min\u00e9rio de ferro","recupera\u00e7\u00e3o judicial","Samarco"],"articleSection":["Economia"],"inLanguage":"pt-BR","potentialAction":[{"@type":"CommentAction","name":"Comment","target":["https:\/\/jornalfatosenoticias.com.br\/index.php\/2025\/05\/12\/samarco-apresenta-resultados-obtidos-no-primeiro-trimestre-de-2025-com-producao-recorde-desde-a-retomada-operacional\/#respond"]}]},{"@type":"WebPage","@id":"https:\/\/jornalfatosenoticias.com.br\/index.php\/2025\/05\/12\/samarco-apresenta-resultados-obtidos-no-primeiro-trimestre-de-2025-com-producao-recorde-desde-a-retomada-operacional\/","url":"https:\/\/jornalfatosenoticias.com.br\/index.php\/2025\/05\/12\/samarco-apresenta-resultados-obtidos-no-primeiro-trimestre-de-2025-com-producao-recorde-desde-a-retomada-operacional\/","name":"Samarco apresenta resultados obtidos no primeiro trimestre de 2025, com produ\u00e7\u00e3o recorde desde a retomada operacional - Jornal Fatos e Not\u00edcias","isPartOf":{"@id":"https:\/\/jornalfatosenoticias.com.br\/#website"},"primaryImageOfPage":{"@id":"https:\/\/jornalfatosenoticias.com.br\/index.php\/2025\/05\/12\/samarco-apresenta-resultados-obtidos-no-primeiro-trimestre-de-2025-com-producao-recorde-desde-a-retomada-operacional\/#primaryimage"},"image":{"@id":"https:\/\/jornalfatosenoticias.com.br\/index.php\/2025\/05\/12\/samarco-apresenta-resultados-obtidos-no-primeiro-trimestre-de-2025-com-producao-recorde-desde-a-retomada-operacional\/#primaryimage"},"thumbnailUrl":"https:\/\/jornalfatosenoticias.com.br\/wp-content\/uploads\/2025\/05\/Complexo-de-Ubu.jpg","datePublished":"2025-05-12T17:14:50+00:00","dateModified":"2025-05-12T17:14:51+00:00","breadcrumb":{"@id":"https:\/\/jornalfatosenoticias.com.br\/index.php\/2025\/05\/12\/samarco-apresenta-resultados-obtidos-no-primeiro-trimestre-de-2025-com-producao-recorde-desde-a-retomada-operacional\/#breadcrumb"},"inLanguage":"pt-BR","potentialAction":[{"@type":"ReadAction","target":["https:\/\/jornalfatosenoticias.com.br\/index.php\/2025\/05\/12\/samarco-apresenta-resultados-obtidos-no-primeiro-trimestre-de-2025-com-producao-recorde-desde-a-retomada-operacional\/"]}]},{"@type":"ImageObject","inLanguage":"pt-BR","@id":"https:\/\/jornalfatosenoticias.com.br\/index.php\/2025\/05\/12\/samarco-apresenta-resultados-obtidos-no-primeiro-trimestre-de-2025-com-producao-recorde-desde-a-retomada-operacional\/#primaryimage","url":"https:\/\/jornalfatosenoticias.com.br\/wp-content\/uploads\/2025\/05\/Complexo-de-Ubu.jpg","contentUrl":"https:\/\/jornalfatosenoticias.com.br\/wp-content\/uploads\/2025\/05\/Complexo-de-Ubu.jpg","width":1000,"height":561},{"@type":"BreadcrumbList","@id":"https:\/\/jornalfatosenoticias.com.br\/index.php\/2025\/05\/12\/samarco-apresenta-resultados-obtidos-no-primeiro-trimestre-de-2025-com-producao-recorde-desde-a-retomada-operacional\/#breadcrumb","itemListElement":[{"@type":"ListItem","position":1,"name":"In\u00edcio","item":"https:\/\/jornalfatosenoticias.com.br\/"},{"@type":"ListItem","position":2,"name":"Samarco apresenta resultados obtidos no primeiro trimestre de 2025, com produ\u00e7\u00e3o recorde desde a retomada operacional"}]},{"@type":"WebSite","@id":"https:\/\/jornalfatosenoticias.com.br\/#website","url":"https:\/\/jornalfatosenoticias.com.br\/","name":"Jornal Fatos e Not\u00edcias","description":"Not\u00edcias em geral","publisher":{"@id":"https:\/\/jornalfatosenoticias.com.br\/#organization"},"potentialAction":[{"@type":"SearchAction","target":{"@type":"EntryPoint","urlTemplate":"https:\/\/jornalfatosenoticias.com.br\/?s={search_term_string}"},"query-input":{"@type":"PropertyValueSpecification","valueRequired":true,"valueName":"search_term_string"}}],"inLanguage":"pt-BR"},{"@type":"Organization","@id":"https:\/\/jornalfatosenoticias.com.br\/#organization","name":"Jornal Fatos e Not\u00edcias","url":"https:\/\/jornalfatosenoticias.com.br\/","logo":{"@type":"ImageObject","inLanguage":"pt-BR","@id":"https:\/\/jornalfatosenoticias.com.br\/#\/schema\/logo\/image\/","url":"https:\/\/jornalfatosenoticias.com.br\/wp-content\/uploads\/2020\/02\/logo120.png","contentUrl":"https:\/\/jornalfatosenoticias.com.br\/wp-content\/uploads\/2020\/02\/logo120.png","width":1227,"height":120,"caption":"Jornal Fatos e Not\u00edcias"},"image":{"@id":"https:\/\/jornalfatosenoticias.com.br\/#\/schema\/logo\/image\/"}},{"@type":"Person","@id":"https:\/\/jornalfatosenoticias.com.br\/#\/schema\/person\/d63837fa13ac8666eb9e74e0985d6f81","name":"Luzimara Fernandes","image":{"@type":"ImageObject","inLanguage":"pt-BR","@id":"https:\/\/jornalfatosenoticias.com.br\/#\/schema\/person\/image\/","url":"https:\/\/jornalfatosenoticias.com.br\/wp-content\/uploads\/2025\/05\/EU_portal.jpg","contentUrl":"https:\/\/jornalfatosenoticias.com.br\/wp-content\/uploads\/2025\/05\/EU_portal.jpg","caption":"Luzimara Fernandes"},"description":"Jornalista MTB 2358-ES","sameAs":["https:\/\/jornalfatosenoticias.com.br"],"url":"https:\/\/jornalfatosenoticias.com.br\/index.php\/author\/luzimara\/"}]}},"cc_featured_image_caption":{"caption_text":"Complexo de Ubu (Foto: Samarco\/Divulga\u00e7\u00e3o)","source_text":"","source_url":""},"jetpack_featured_media_url":"https:\/\/jornalfatosenoticias.com.br\/wp-content\/uploads\/2025\/05\/Complexo-de-Ubu.jpg","_links":{"self":[{"href":"https:\/\/jornalfatosenoticias.com.br\/index.php\/wp-json\/wp\/v2\/posts\/59125","targetHints":{"allow":["GET"]}}],"collection":[{"href":"https:\/\/jornalfatosenoticias.com.br\/index.php\/wp-json\/wp\/v2\/posts"}],"about":[{"href":"https:\/\/jornalfatosenoticias.com.br\/index.php\/wp-json\/wp\/v2\/types\/post"}],"author":[{"embeddable":true,"href":"https:\/\/jornalfatosenoticias.com.br\/index.php\/wp-json\/wp\/v2\/users\/2"}],"replies":[{"embeddable":true,"href":"https:\/\/jornalfatosenoticias.com.br\/index.php\/wp-json\/wp\/v2\/comments?post=59125"}],"version-history":[{"count":0,"href":"https:\/\/jornalfatosenoticias.com.br\/index.php\/wp-json\/wp\/v2\/posts\/59125\/revisions"}],"wp:featuredmedia":[{"embeddable":true,"href":"https:\/\/jornalfatosenoticias.com.br\/index.php\/wp-json\/wp\/v2\/media\/59126"}],"wp:attachment":[{"href":"https:\/\/jornalfatosenoticias.com.br\/index.php\/wp-json\/wp\/v2\/media?parent=59125"}],"wp:term":[{"taxonomy":"category","embeddable":true,"href":"https:\/\/jornalfatosenoticias.com.br\/index.php\/wp-json\/wp\/v2\/categories?post=59125"},{"taxonomy":"post_tag","embeddable":true,"href":"https:\/\/jornalfatosenoticias.com.br\/index.php\/wp-json\/wp\/v2\/tags?post=59125"}],"curies":[{"name":"wp","href":"https:\/\/api.w.org\/{rel}","templated":true}]}}