{"id":59128,"date":"2025-05-12T14:46:47","date_gmt":"2025-05-12T17:46:47","guid":{"rendered":"https:\/\/jornalfatosenoticias.com.br\/?p=59128"},"modified":"2025-05-12T14:47:11","modified_gmt":"2025-05-12T17:47:11","slug":"locomotiva-18-reativacao-esta-perto-de-se-tornar-realidade-em-porto-velho","status":"publish","type":"post","link":"https:\/\/jornalfatosenoticias.com.br\/index.php\/2025\/05\/12\/locomotiva-18-reativacao-esta-perto-de-se-tornar-realidade-em-porto-velho\/","title":{"rendered":"Locomotiva 18: reativa\u00e7\u00e3o est\u00e1 perto de se tornar realidade em Porto Velho"},"content":{"rendered":"\n<p><em><span class=\"has-inline-color has-black-color\">O resgate da locomotiva como patrim\u00f4nio faz parte direta da constru\u00e7\u00e3o e evolu\u00e7\u00e3o da capital rondoniense<\/span><\/em><\/p>\n\n\n\n<div class=\"wp-block-image\"><figure class=\"aligncenter size-large\"><a href=\"https:\/\/mizu.com.br\/\"><img loading=\"lazy\" decoding=\"async\" width=\"729\" height=\"90\" src=\"https:\/\/jornalfatosenoticias.com.br\/wp-content\/uploads\/2020\/02\/Logo_Mizu.png\" alt=\"\" class=\"wp-image-1441\" srcset=\"https:\/\/jornalfatosenoticias.com.br\/wp-content\/uploads\/2020\/02\/Logo_Mizu.png 729w, https:\/\/jornalfatosenoticias.com.br\/wp-content\/uploads\/2020\/02\/Logo_Mizu-300x37.png 300w\" sizes=\"auto, (max-width: 729px) 100vw, 729px\" \/><\/a><\/figure><\/div>\n\n\n\n<p>No dia 5 de maio, uma equipe t\u00e9cnica da <a href=\"https:\/\/www.abpf.com.br\/\">Associa\u00e7\u00e3o Brasileira de Preserva\u00e7\u00e3o Ferrovi\u00e1ria (ABPF)<\/a> deu in\u00edcio a mais uma fase dos procedimentos de vistoria e confec\u00e7\u00e3o de relat\u00f3rio para a viabilidade da reativa\u00e7\u00e3o da lend\u00e1ria Locomotiva 18, pertencente ao complexo hist\u00f3rico da <a href=\"https:\/\/portalamazonia.com\/amazonia-de-a-a-z\/estrada-de-ferro-madeira-mamore\/\">Estrada de Ferro Madeira-Mamor\u00e9 (EFMM),<\/a> em Porto Velho.<br>Considerado como um sonho de todos os porto-velhenses, a reativa\u00e7\u00e3o da EFMM se tornou uma realidade, isso conforme a constata\u00e7\u00e3o do diretor-presidente da ABPF, Marlon Ilg, que \u00e9 engenheiro mec\u00e2nico especializado em termodin\u00e2mica. A presen\u00e7a ativa da ABPF no complexo da Estrada de Ferro Madeira-Mamor\u00e9 foi uma mobiliza\u00e7\u00e3o que partiu da Prefeitura de Porto Velho, que pretende tornar poss\u00edvel o resgate da Locomotiva 18 como patrim\u00f4nio que faz parte direta da constru\u00e7\u00e3o e evolu\u00e7\u00e3o da capital rondoniense. De acordo com Marlon, a situa\u00e7\u00e3o estrutural constatada na Locomotiva 18 \u00e9 razo\u00e1vel, fator que garante a sua recupera\u00e7\u00e3o em um breve per\u00edodo, a exemplo de outras ferrovias que est\u00e3o sob os cuidados da ABPF.<\/p>\n\n\n\n<div class=\"wp-block-image\"><figure class=\"aligncenter size-large\"><a href=\"https:\/\/www.cesconetto.com.br\/\"><img loading=\"lazy\" decoding=\"async\" width=\"300\" height=\"250\" src=\"https:\/\/jornalfatosenoticias.com.br\/wp-content\/uploads\/2020\/02\/Banner-2.png\" alt=\"\" class=\"wp-image-43787\"\/><\/a><\/figure><\/div>\n\n\n\n<blockquote class=\"wp-block-quote is-layout-flow wp-block-quote-is-layout-flow\"><p><span class=\"has-inline-color has-luminous-vivid-orange-color\">H\u00e1 um m\u00eas fizemos uma avalia\u00e7\u00e3o da condi\u00e7\u00e3o da caldeira, hoje estamos fazendo uma inspe\u00e7\u00e3o mais criteriosa da parte rodante, que s\u00e3o as rodas, as molas, fazendo com que seja garantida a seguran\u00e7a operacional. Apresentaremos um relat\u00f3rio final indicando \u00e0 Prefeitura o que precisa ser feito. O retorno da locomotiva \u00e9 poss\u00edvel sim!\u201d, destacou Marlon Ilg.<\/span><\/p><\/blockquote>\n\n\n\n<div class=\"wp-block-image\"><figure class=\"aligncenter size-large is-resized\"><a href=\"https:\/\/www.instagram.com\/restaurantepegoretti\/\"><img loading=\"lazy\" decoding=\"async\" src=\"https:\/\/jornalfatosenoticias.com.br\/wp-content\/uploads\/2023\/12\/pegoretti-logo-pdf-1024x389.jpg\" alt=\"\" class=\"wp-image-47536\" width=\"527\" height=\"200\" srcset=\"https:\/\/jornalfatosenoticias.com.br\/wp-content\/uploads\/2023\/12\/pegoretti-logo-pdf-1024x389.jpg 1024w, https:\/\/jornalfatosenoticias.com.br\/wp-content\/uploads\/2023\/12\/pegoretti-logo-pdf-300x114.jpg 300w, https:\/\/jornalfatosenoticias.com.br\/wp-content\/uploads\/2023\/12\/pegoretti-logo-pdf-768x291.jpg 768w, https:\/\/jornalfatosenoticias.com.br\/wp-content\/uploads\/2023\/12\/pegoretti-logo-pdf.jpg 1120w\" sizes=\"auto, (max-width: 527px) 100vw, 527px\" \/><\/a><\/figure><\/div>\n\n\n\n<p><strong><span class=\"has-inline-color has-vivid-purple-color\">Estudos da ABPF<br><\/span><\/strong>Representantes da ABPF, estiveram em Porto Velho no m\u00eas de abril, com o objetivo de realizar estudos de viabilidade t\u00e9cnica visando \u00e0 restaura\u00e7\u00e3o e \u00e0 reativa\u00e7\u00e3o da Locomotiva 18. A reuni\u00e3o contou com a participa\u00e7\u00e3o do diretor da Associa\u00e7\u00e3o Brasileira de Preserva\u00e7\u00e3o Ferrovi\u00e1ria\/Campinas-SP, Marlon Ilg, e tamb\u00e9m do membro diretor, James Ilg. Os representantes puderam ver de perto a Locomotiva 18, que atualmente est\u00e1 no Complexo Madeira-Mamor\u00e9.<\/p>\n\n\n\n<div class=\"wp-block-image\"><figure class=\"aligncenter size-large is-resized\"><a href=\"https:\/\/hotelmarquetti.com.br\/\"><img loading=\"lazy\" decoding=\"async\" src=\"https:\/\/jornalfatosenoticias.com.br\/wp-content\/uploads\/2020\/02\/LOGO-MQ-1024x680.jpg\" alt=\"\" class=\"wp-image-58299\" width=\"340\" height=\"226\" srcset=\"https:\/\/jornalfatosenoticias.com.br\/wp-content\/uploads\/2020\/02\/LOGO-MQ-1024x680.jpg 1024w, https:\/\/jornalfatosenoticias.com.br\/wp-content\/uploads\/2020\/02\/LOGO-MQ-300x199.jpg 300w, https:\/\/jornalfatosenoticias.com.br\/wp-content\/uploads\/2020\/02\/LOGO-MQ-768x510.jpg 768w, https:\/\/jornalfatosenoticias.com.br\/wp-content\/uploads\/2020\/02\/LOGO-MQ-1536x1020.jpg 1536w, https:\/\/jornalfatosenoticias.com.br\/wp-content\/uploads\/2020\/02\/LOGO-MQ-2048x1360.jpg 2048w\" sizes=\"auto, (max-width: 340px) 100vw, 340px\" \/><\/a><\/figure><\/div>\n\n\n\n<p>Vale destacar que a miss\u00e3o ABPF \u00e9 promover o resgate e a conserva\u00e7\u00e3o do patrim\u00f4nio hist\u00f3rico ferrovi\u00e1rio brasileiro, disponibilizando os bens \u00e0 visita\u00e7\u00e3o p\u00fablica, desde que a conserva\u00e7\u00e3o do bem n\u00e3o seja colocada em risco.<\/p>\n\n\n\n<div class=\"wp-block-image\"><figure class=\"aligncenter size-large\"><img loading=\"lazy\" decoding=\"async\" width=\"984\" height=\"616\" src=\"https:\/\/jornalfatosenoticias.com.br\/wp-content\/uploads\/2025\/05\/locomotiva-RO.jpg\" alt=\"\" class=\"wp-image-59129\" srcset=\"https:\/\/jornalfatosenoticias.com.br\/wp-content\/uploads\/2025\/05\/locomotiva-RO.jpg 984w, https:\/\/jornalfatosenoticias.com.br\/wp-content\/uploads\/2025\/05\/locomotiva-RO-300x188.jpg 300w, https:\/\/jornalfatosenoticias.com.br\/wp-content\/uploads\/2025\/05\/locomotiva-RO-768x481.jpg 768w, https:\/\/jornalfatosenoticias.com.br\/wp-content\/uploads\/2025\/05\/locomotiva-RO-350x220.jpg 350w\" sizes=\"auto, (max-width: 984px) 100vw, 984px\" \/><figcaption><em><span class=\"has-inline-color has-black-color\">P\u00e1tio da Estrada de Ferro Madeira Mamor\u00e9 em 1910 (Foto: Divulga\u00e7\u00e3o)<\/span><\/em><\/figcaption><\/figure><\/div>\n\n\n\n<p><strong><span class=\"has-inline-color has-vivid-purple-color\">Do abandono ao retorno<br><\/span><\/strong>Um acervo hist\u00f3rico que remonta \u00e0 constru\u00e7\u00e3o do estado de Rond\u00f4nia, a Estrada de Ferro Madeira-Mamor\u00e9 se tornou sin\u00f4nimo de abandono por d\u00e9cadas, por\u00e9m, desde o in\u00edcio de 2025, tem sido acompanhado pela Prefeitura de Porto Velho, atrav\u00e9s do trabalho desenvolvido pela Secretaria Municipal de Ind\u00fastria, Com\u00e9rcio, Turismo e Trabalho (Semdestur).<\/p>\n\n\n\n<div class=\"wp-block-image\"><figure class=\"aligncenter size-large is-resized\"><a href=\"https:\/\/www.ithbrasil.com.br\/\"><img loading=\"lazy\" decoding=\"async\" src=\"https:\/\/jornalfatosenoticias.com.br\/wp-content\/uploads\/2023\/08\/ITH.jpeg\" alt=\"\" class=\"wp-image-44638\" width=\"316\" height=\"257\" srcset=\"https:\/\/jornalfatosenoticias.com.br\/wp-content\/uploads\/2023\/08\/ITH.jpeg 800w, https:\/\/jornalfatosenoticias.com.br\/wp-content\/uploads\/2023\/08\/ITH-300x244.jpeg 300w, https:\/\/jornalfatosenoticias.com.br\/wp-content\/uploads\/2023\/08\/ITH-768x624.jpeg 768w\" sizes=\"auto, (max-width: 316px) 100vw, 316px\" \/><\/a><\/figure><\/div>\n\n\n\n<p>De acordo com o secret\u00e1rio Paulo Moraes, o primeiro grande passo foi a <a href=\"https:\/\/portalamazonia.com\/rondonia\/conheca-a-litorina-da-estrada-de-ferro-madeira-mamore-que-conta-parte-da-historia-de-rondonia\/\">reativa\u00e7\u00e3o da lend\u00e1ria Litorina,<\/a> que atualmente est\u00e1 \u00e0 disposi\u00e7\u00e3o da popula\u00e7\u00e3o de Porto Velho, sendo que, agora, o apito da locomotiva em funcionamento \u00e9 a pr\u00f3xima meta de realiza\u00e7\u00e3o.<\/p>\n\n\n\n<blockquote class=\"wp-block-quote is-layout-flow wp-block-quote-is-layout-flow\"><p><span class=\"has-inline-color has-luminous-vivid-orange-color\">A nossa Litorina est\u00e1 100% funcionando aqui no complexo e agora o nosso sonho \u00e9 ouvir de novo o apito do trem. Tenho certeza de que o prefeito L\u00e9o Moraes vai seguir firme nesse prop\u00f3sito, tudo na vontade de Deus\u201d, relatou o secret\u00e1rio Paulo Moraes J\u00fanior.<\/span><\/p><\/blockquote>\n\n\n\n<div class=\"wp-block-image\"><figure class=\"aligncenter size-large is-resized\"><a href=\"https:\/\/www.facebook.com\/vetor.vix\/\"><img loading=\"lazy\" decoding=\"async\" src=\"https:\/\/jornalfatosenoticias.com.br\/wp-content\/uploads\/2023\/09\/vetorvix1024_1.jpg\" alt=\"\" class=\"wp-image-44868\" width=\"554\" height=\"147\" srcset=\"https:\/\/jornalfatosenoticias.com.br\/wp-content\/uploads\/2023\/09\/vetorvix1024_1.jpg 1024w, https:\/\/jornalfatosenoticias.com.br\/wp-content\/uploads\/2023\/09\/vetorvix1024_1-300x80.jpg 300w, https:\/\/jornalfatosenoticias.com.br\/wp-content\/uploads\/2023\/09\/vetorvix1024_1-768x205.jpg 768w\" sizes=\"auto, (max-width: 554px) 100vw, 554px\" \/><\/a><\/figure><\/div>\n\n\n\n<p>O relat\u00f3rio e o plano de a\u00e7\u00e3o dever\u00e3o ser apresentados em reuni\u00e3o promovida entre a Prefeitura de Porto Velho e a ABPF.<\/p>\n\n\n\n<p><strong><span class=\"has-inline-color has-vivid-purple-color\">Estrada de Ferro Madeira-Mamor\u00e9<br><\/span><\/strong>A Estrada de Ferro Madeira-Mamor\u00e9 foi inaugurada em 1.\u00b0 de agosto de 1912. A constru\u00e7\u00e3o da ferrovia fazia parte do tratado de Petr\u00f3polis selado com a Bol\u00edvia, em 1903, ap\u00f3s a compra de territ\u00f3rio boliviano pelo Brasil, com o intuito de facilitar o transporte da borracha para o Oceano Atl\u00e2ntico. O \u2018combinado\u2019 no tratado era construir a ferrovia Madeira-Mamor\u00e9 em um prazo de quatro anos.<\/p>\n\n\n\n<div class=\"wp-block-image\"><figure class=\"aligncenter size-large\"><a href=\"http:\/\/www.ferrarimaquinas.com.br\/\"><img loading=\"lazy\" decoding=\"async\" width=\"300\" height=\"250\" src=\"https:\/\/jornalfatosenoticias.com.br\/wp-content\/uploads\/2022\/02\/FERRARI_MAQUINAS-E-FERRAMENTAS2.jpg\" alt=\"\" class=\"wp-image-27860\"\/><\/a><\/figure><\/div>\n\n\n\n<p>Ap\u00f3s ser inaugurada, a EFMM deu lucro durante dois anos. Depois entrou em decl\u00ednio devido \u00e0 queda vertiginosa da participa\u00e7\u00e3o brasileira no mercado da borracha. Isso porque a concorr\u00eancia asi\u00e1tica oferecia um produto de qualidade e de mais f\u00e1cil extra\u00e7\u00e3o, afetando, assim, a exporta\u00e7\u00e3o brasileira.<\/p>\n\n\n\n<div class=\"wp-block-image\"><figure class=\"aligncenter size-large is-resized\"><a href=\"https:\/\/www.instagram.com\/gruposei\/\"><img loading=\"lazy\" decoding=\"async\" src=\"https:\/\/jornalfatosenoticias.com.br\/wp-content\/uploads\/2022\/07\/Logo-Grupo-SEI.jpg\" alt=\"\" class=\"wp-image-31973\" width=\"370\" height=\"194\" srcset=\"https:\/\/jornalfatosenoticias.com.br\/wp-content\/uploads\/2022\/07\/Logo-Grupo-SEI.jpg 713w, https:\/\/jornalfatosenoticias.com.br\/wp-content\/uploads\/2022\/07\/Logo-Grupo-SEI-300x158.jpg 300w\" sizes=\"auto, (max-width: 370px) 100vw, 370px\" \/><\/a><\/figure><\/div>\n\n\n\n<p>Com 54 anos acumulando preju\u00edzos, o ex-presidente do Brasil, Humberto de Alencar Castelo Branco, determinou a erradica\u00e7\u00e3o da Estrada de Ferro Madeira-Mamor\u00e9 sendo substitu\u00edda por uma rodovia. Em 1972, a Ferrovia foi totalmente assumida pelo governo federal e desativada. J\u00e1 em 2007, o monumento foi parcialmente tombado pelo Instituto do Patrim\u00f4nio Hist\u00f3rico Art\u00edstico Nacional (Iphan).<\/p>\n\n\n\n<div class=\"wp-block-image\"><figure class=\"aligncenter size-large is-resized\"><a href=\"https:\/\/www.instagram.com\/rcradiadores\/\"><img loading=\"lazy\" decoding=\"async\" src=\"https:\/\/jornalfatosenoticias.com.br\/wp-content\/uploads\/2022\/10\/RC_800x750_page-0001.jpg\" alt=\"\" class=\"wp-image-35338\" width=\"318\" height=\"298\" srcset=\"https:\/\/jornalfatosenoticias.com.br\/wp-content\/uploads\/2022\/10\/RC_800x750_page-0001.jpg 400w, https:\/\/jornalfatosenoticias.com.br\/wp-content\/uploads\/2022\/10\/RC_800x750_page-0001-300x281.jpg 300w\" sizes=\"auto, (max-width: 318px) 100vw, 318px\" \/><\/a><\/figure><\/div>\n\n\n\n<p><strong>Fonte: <a href=\"https:\/\/portalamazonia.com\/turismo\/locomotiva-18-retorno-portovelho\/\">Portal Amaz\u00f4nia<\/a><\/strong><\/p>\n","protected":false},"excerpt":{"rendered":"<p>O resgate da locomotiva como patrim\u00f4nio faz parte direta da constru\u00e7\u00e3o e evolu\u00e7\u00e3o da capital rondoniense No dia 5 de maio, uma equipe t\u00e9cnica da Associa\u00e7\u00e3o Brasileira de Preserva\u00e7\u00e3o Ferrovi\u00e1ria (ABPF) deu in\u00edcio a mais uma fase dos procedimentos de vistoria e confec\u00e7\u00e3o de relat\u00f3rio para a viabilidade da reativa\u00e7\u00e3o da lend\u00e1ria Locomotiva 18, pertencente [&hellip;]<\/p>\n","protected":false},"author":2,"featured_media":59130,"comment_status":"open","ping_status":"open","sticky":false,"template":"","format":"standard","meta":{"footnotes":""},"categories":[746],"tags":[27006,27008,27007,9319,1853],"class_list":["post-59128","post","type-post","status-publish","format-standard","has-post-thumbnail","hentry","category-turismo","tag-estrada-de-ferro-madeira-mamore","tag-locomotiva-18","tag-madeira-mamore","tag-porto-velho","tag-turismo"],"yoast_head":"<!-- This site is optimized with the Yoast SEO plugin v26.5 - https:\/\/yoast.com\/wordpress\/plugins\/seo\/ -->\n<title>Locomotiva 18: reativa\u00e7\u00e3o est\u00e1 perto de se tornar realidade em Porto Velho - Jornal Fatos e Not\u00edcias<\/title>\n<meta name=\"robots\" content=\"index, follow, max-snippet:-1, max-image-preview:large, max-video-preview:-1\" \/>\n<link rel=\"canonical\" href=\"https:\/\/jornalfatosenoticias.com.br\/index.php\/2025\/05\/12\/locomotiva-18-reativacao-esta-perto-de-se-tornar-realidade-em-porto-velho\/\" \/>\n<meta property=\"og:locale\" content=\"pt_BR\" \/>\n<meta property=\"og:type\" content=\"article\" \/>\n<meta property=\"og:title\" content=\"Locomotiva 18: reativa\u00e7\u00e3o est\u00e1 perto de se tornar realidade em Porto Velho - Jornal Fatos e Not\u00edcias\" \/>\n<meta property=\"og:description\" content=\"O resgate da locomotiva como patrim\u00f4nio faz parte direta da constru\u00e7\u00e3o e evolu\u00e7\u00e3o da capital rondoniense No dia 5 de maio, uma equipe t\u00e9cnica da Associa\u00e7\u00e3o Brasileira de Preserva\u00e7\u00e3o Ferrovi\u00e1ria (ABPF) deu in\u00edcio a mais uma fase dos procedimentos de vistoria e confec\u00e7\u00e3o de relat\u00f3rio para a viabilidade da reativa\u00e7\u00e3o da lend\u00e1ria Locomotiva 18, pertencente [&hellip;]\" \/>\n<meta property=\"og:url\" content=\"https:\/\/jornalfatosenoticias.com.br\/index.php\/2025\/05\/12\/locomotiva-18-reativacao-esta-perto-de-se-tornar-realidade-em-porto-velho\/\" \/>\n<meta property=\"og:site_name\" content=\"Jornal Fatos e Not\u00edcias\" \/>\n<meta property=\"article:published_time\" content=\"2025-05-12T17:46:47+00:00\" \/>\n<meta property=\"article:modified_time\" content=\"2025-05-12T17:47:11+00:00\" \/>\n<meta property=\"og:image\" content=\"https:\/\/jornalfatosenoticias.com.br\/wp-content\/uploads\/2025\/05\/locomotiva1-RO.jpg\" \/>\n\t<meta property=\"og:image:width\" content=\"983\" \/>\n\t<meta property=\"og:image:height\" content=\"697\" \/>\n\t<meta property=\"og:image:type\" content=\"image\/jpeg\" \/>\n<meta name=\"author\" content=\"Luzimara Fernandes\" \/>\n<meta name=\"twitter:card\" content=\"summary_large_image\" \/>\n<meta name=\"twitter:label1\" content=\"Escrito por\" \/>\n\t<meta name=\"twitter:data1\" content=\"Luzimara Fernandes\" \/>\n\t<meta name=\"twitter:label2\" content=\"Est. tempo de leitura\" \/>\n\t<meta name=\"twitter:data2\" content=\"4 minutos\" \/>\n<script type=\"application\/ld+json\" class=\"yoast-schema-graph\">{\"@context\":\"https:\/\/schema.org\",\"@graph\":[{\"@type\":\"Article\",\"@id\":\"https:\/\/jornalfatosenoticias.com.br\/index.php\/2025\/05\/12\/locomotiva-18-reativacao-esta-perto-de-se-tornar-realidade-em-porto-velho\/#article\",\"isPartOf\":{\"@id\":\"https:\/\/jornalfatosenoticias.com.br\/index.php\/2025\/05\/12\/locomotiva-18-reativacao-esta-perto-de-se-tornar-realidade-em-porto-velho\/\"},\"author\":{\"name\":\"Luzimara Fernandes\",\"@id\":\"https:\/\/jornalfatosenoticias.com.br\/#\/schema\/person\/d63837fa13ac8666eb9e74e0985d6f81\"},\"headline\":\"Locomotiva 18: reativa\u00e7\u00e3o est\u00e1 perto de se tornar realidade em Porto Velho\",\"datePublished\":\"2025-05-12T17:46:47+00:00\",\"dateModified\":\"2025-05-12T17:47:11+00:00\",\"mainEntityOfPage\":{\"@id\":\"https:\/\/jornalfatosenoticias.com.br\/index.php\/2025\/05\/12\/locomotiva-18-reativacao-esta-perto-de-se-tornar-realidade-em-porto-velho\/\"},\"wordCount\":776,\"commentCount\":0,\"publisher\":{\"@id\":\"https:\/\/jornalfatosenoticias.com.br\/#organization\"},\"image\":{\"@id\":\"https:\/\/jornalfatosenoticias.com.br\/index.php\/2025\/05\/12\/locomotiva-18-reativacao-esta-perto-de-se-tornar-realidade-em-porto-velho\/#primaryimage\"},\"thumbnailUrl\":\"https:\/\/jornalfatosenoticias.com.br\/wp-content\/uploads\/2025\/05\/locomotiva1-RO.jpg\",\"keywords\":[\"Estrada de Ferro Madeira-Mamor\u00e9\",\"locomotiva 18\",\"Madeira Mamor\u00e9\",\"Porto Velho\",\"Turismo\"],\"articleSection\":[\"Turismo\"],\"inLanguage\":\"pt-BR\",\"potentialAction\":[{\"@type\":\"CommentAction\",\"name\":\"Comment\",\"target\":[\"https:\/\/jornalfatosenoticias.com.br\/index.php\/2025\/05\/12\/locomotiva-18-reativacao-esta-perto-de-se-tornar-realidade-em-porto-velho\/#respond\"]}]},{\"@type\":\"WebPage\",\"@id\":\"https:\/\/jornalfatosenoticias.com.br\/index.php\/2025\/05\/12\/locomotiva-18-reativacao-esta-perto-de-se-tornar-realidade-em-porto-velho\/\",\"url\":\"https:\/\/jornalfatosenoticias.com.br\/index.php\/2025\/05\/12\/locomotiva-18-reativacao-esta-perto-de-se-tornar-realidade-em-porto-velho\/\",\"name\":\"Locomotiva 18: reativa\u00e7\u00e3o est\u00e1 perto de se tornar realidade em Porto Velho - Jornal Fatos e Not\u00edcias\",\"isPartOf\":{\"@id\":\"https:\/\/jornalfatosenoticias.com.br\/#website\"},\"primaryImageOfPage\":{\"@id\":\"https:\/\/jornalfatosenoticias.com.br\/index.php\/2025\/05\/12\/locomotiva-18-reativacao-esta-perto-de-se-tornar-realidade-em-porto-velho\/#primaryimage\"},\"image\":{\"@id\":\"https:\/\/jornalfatosenoticias.com.br\/index.php\/2025\/05\/12\/locomotiva-18-reativacao-esta-perto-de-se-tornar-realidade-em-porto-velho\/#primaryimage\"},\"thumbnailUrl\":\"https:\/\/jornalfatosenoticias.com.br\/wp-content\/uploads\/2025\/05\/locomotiva1-RO.jpg\",\"datePublished\":\"2025-05-12T17:46:47+00:00\",\"dateModified\":\"2025-05-12T17:47:11+00:00\",\"breadcrumb\":{\"@id\":\"https:\/\/jornalfatosenoticias.com.br\/index.php\/2025\/05\/12\/locomotiva-18-reativacao-esta-perto-de-se-tornar-realidade-em-porto-velho\/#breadcrumb\"},\"inLanguage\":\"pt-BR\",\"potentialAction\":[{\"@type\":\"ReadAction\",\"target\":[\"https:\/\/jornalfatosenoticias.com.br\/index.php\/2025\/05\/12\/locomotiva-18-reativacao-esta-perto-de-se-tornar-realidade-em-porto-velho\/\"]}]},{\"@type\":\"ImageObject\",\"inLanguage\":\"pt-BR\",\"@id\":\"https:\/\/jornalfatosenoticias.com.br\/index.php\/2025\/05\/12\/locomotiva-18-reativacao-esta-perto-de-se-tornar-realidade-em-porto-velho\/#primaryimage\",\"url\":\"https:\/\/jornalfatosenoticias.com.br\/wp-content\/uploads\/2025\/05\/locomotiva1-RO.jpg\",\"contentUrl\":\"https:\/\/jornalfatosenoticias.com.br\/wp-content\/uploads\/2025\/05\/locomotiva1-RO.jpg\",\"width\":983,\"height\":697},{\"@type\":\"BreadcrumbList\",\"@id\":\"https:\/\/jornalfatosenoticias.com.br\/index.php\/2025\/05\/12\/locomotiva-18-reativacao-esta-perto-de-se-tornar-realidade-em-porto-velho\/#breadcrumb\",\"itemListElement\":[{\"@type\":\"ListItem\",\"position\":1,\"name\":\"In\u00edcio\",\"item\":\"https:\/\/jornalfatosenoticias.com.br\/\"},{\"@type\":\"ListItem\",\"position\":2,\"name\":\"Locomotiva 18: reativa\u00e7\u00e3o est\u00e1 perto de se tornar realidade em Porto Velho\"}]},{\"@type\":\"WebSite\",\"@id\":\"https:\/\/jornalfatosenoticias.com.br\/#website\",\"url\":\"https:\/\/jornalfatosenoticias.com.br\/\",\"name\":\"Jornal Fatos e Not\u00edcias\",\"description\":\"Not\u00edcias em geral\",\"publisher\":{\"@id\":\"https:\/\/jornalfatosenoticias.com.br\/#organization\"},\"potentialAction\":[{\"@type\":\"SearchAction\",\"target\":{\"@type\":\"EntryPoint\",\"urlTemplate\":\"https:\/\/jornalfatosenoticias.com.br\/?s={search_term_string}\"},\"query-input\":{\"@type\":\"PropertyValueSpecification\",\"valueRequired\":true,\"valueName\":\"search_term_string\"}}],\"inLanguage\":\"pt-BR\"},{\"@type\":\"Organization\",\"@id\":\"https:\/\/jornalfatosenoticias.com.br\/#organization\",\"name\":\"Jornal Fatos e Not\u00edcias\",\"url\":\"https:\/\/jornalfatosenoticias.com.br\/\",\"logo\":{\"@type\":\"ImageObject\",\"inLanguage\":\"pt-BR\",\"@id\":\"https:\/\/jornalfatosenoticias.com.br\/#\/schema\/logo\/image\/\",\"url\":\"https:\/\/jornalfatosenoticias.com.br\/wp-content\/uploads\/2020\/02\/logo120.png\",\"contentUrl\":\"https:\/\/jornalfatosenoticias.com.br\/wp-content\/uploads\/2020\/02\/logo120.png\",\"width\":1227,\"height\":120,\"caption\":\"Jornal Fatos e Not\u00edcias\"},\"image\":{\"@id\":\"https:\/\/jornalfatosenoticias.com.br\/#\/schema\/logo\/image\/\"}},{\"@type\":\"Person\",\"@id\":\"https:\/\/jornalfatosenoticias.com.br\/#\/schema\/person\/d63837fa13ac8666eb9e74e0985d6f81\",\"name\":\"Luzimara Fernandes\",\"image\":{\"@type\":\"ImageObject\",\"inLanguage\":\"pt-BR\",\"@id\":\"https:\/\/jornalfatosenoticias.com.br\/#\/schema\/person\/image\/\",\"url\":\"https:\/\/jornalfatosenoticias.com.br\/wp-content\/uploads\/2025\/05\/EU_portal.jpg\",\"contentUrl\":\"https:\/\/jornalfatosenoticias.com.br\/wp-content\/uploads\/2025\/05\/EU_portal.jpg\",\"caption\":\"Luzimara Fernandes\"},\"description\":\"Jornalista MTB 2358-ES\",\"sameAs\":[\"https:\/\/jornalfatosenoticias.com.br\"],\"url\":\"https:\/\/jornalfatosenoticias.com.br\/index.php\/author\/luzimara\/\"}]}<\/script>\n<!-- \/ Yoast SEO plugin. -->","yoast_head_json":{"title":"Locomotiva 18: reativa\u00e7\u00e3o est\u00e1 perto de se tornar realidade em Porto Velho - Jornal Fatos e Not\u00edcias","robots":{"index":"index","follow":"follow","max-snippet":"max-snippet:-1","max-image-preview":"max-image-preview:large","max-video-preview":"max-video-preview:-1"},"canonical":"https:\/\/jornalfatosenoticias.com.br\/index.php\/2025\/05\/12\/locomotiva-18-reativacao-esta-perto-de-se-tornar-realidade-em-porto-velho\/","og_locale":"pt_BR","og_type":"article","og_title":"Locomotiva 18: reativa\u00e7\u00e3o est\u00e1 perto de se tornar realidade em Porto Velho - Jornal Fatos e Not\u00edcias","og_description":"O resgate da locomotiva como patrim\u00f4nio faz parte direta da constru\u00e7\u00e3o e evolu\u00e7\u00e3o da capital rondoniense No dia 5 de maio, uma equipe t\u00e9cnica da Associa\u00e7\u00e3o Brasileira de Preserva\u00e7\u00e3o Ferrovi\u00e1ria (ABPF) deu in\u00edcio a mais uma fase dos procedimentos de vistoria e confec\u00e7\u00e3o de relat\u00f3rio para a viabilidade da reativa\u00e7\u00e3o da lend\u00e1ria Locomotiva 18, pertencente [&hellip;]","og_url":"https:\/\/jornalfatosenoticias.com.br\/index.php\/2025\/05\/12\/locomotiva-18-reativacao-esta-perto-de-se-tornar-realidade-em-porto-velho\/","og_site_name":"Jornal Fatos e Not\u00edcias","article_published_time":"2025-05-12T17:46:47+00:00","article_modified_time":"2025-05-12T17:47:11+00:00","og_image":[{"width":983,"height":697,"url":"https:\/\/jornalfatosenoticias.com.br\/wp-content\/uploads\/2025\/05\/locomotiva1-RO.jpg","type":"image\/jpeg"}],"author":"Luzimara Fernandes","twitter_card":"summary_large_image","twitter_misc":{"Escrito por":"Luzimara Fernandes","Est. tempo de leitura":"4 minutos"},"schema":{"@context":"https:\/\/schema.org","@graph":[{"@type":"Article","@id":"https:\/\/jornalfatosenoticias.com.br\/index.php\/2025\/05\/12\/locomotiva-18-reativacao-esta-perto-de-se-tornar-realidade-em-porto-velho\/#article","isPartOf":{"@id":"https:\/\/jornalfatosenoticias.com.br\/index.php\/2025\/05\/12\/locomotiva-18-reativacao-esta-perto-de-se-tornar-realidade-em-porto-velho\/"},"author":{"name":"Luzimara Fernandes","@id":"https:\/\/jornalfatosenoticias.com.br\/#\/schema\/person\/d63837fa13ac8666eb9e74e0985d6f81"},"headline":"Locomotiva 18: reativa\u00e7\u00e3o est\u00e1 perto de se tornar realidade em Porto Velho","datePublished":"2025-05-12T17:46:47+00:00","dateModified":"2025-05-12T17:47:11+00:00","mainEntityOfPage":{"@id":"https:\/\/jornalfatosenoticias.com.br\/index.php\/2025\/05\/12\/locomotiva-18-reativacao-esta-perto-de-se-tornar-realidade-em-porto-velho\/"},"wordCount":776,"commentCount":0,"publisher":{"@id":"https:\/\/jornalfatosenoticias.com.br\/#organization"},"image":{"@id":"https:\/\/jornalfatosenoticias.com.br\/index.php\/2025\/05\/12\/locomotiva-18-reativacao-esta-perto-de-se-tornar-realidade-em-porto-velho\/#primaryimage"},"thumbnailUrl":"https:\/\/jornalfatosenoticias.com.br\/wp-content\/uploads\/2025\/05\/locomotiva1-RO.jpg","keywords":["Estrada de Ferro Madeira-Mamor\u00e9","locomotiva 18","Madeira Mamor\u00e9","Porto Velho","Turismo"],"articleSection":["Turismo"],"inLanguage":"pt-BR","potentialAction":[{"@type":"CommentAction","name":"Comment","target":["https:\/\/jornalfatosenoticias.com.br\/index.php\/2025\/05\/12\/locomotiva-18-reativacao-esta-perto-de-se-tornar-realidade-em-porto-velho\/#respond"]}]},{"@type":"WebPage","@id":"https:\/\/jornalfatosenoticias.com.br\/index.php\/2025\/05\/12\/locomotiva-18-reativacao-esta-perto-de-se-tornar-realidade-em-porto-velho\/","url":"https:\/\/jornalfatosenoticias.com.br\/index.php\/2025\/05\/12\/locomotiva-18-reativacao-esta-perto-de-se-tornar-realidade-em-porto-velho\/","name":"Locomotiva 18: reativa\u00e7\u00e3o est\u00e1 perto de se tornar realidade em Porto Velho - Jornal Fatos e Not\u00edcias","isPartOf":{"@id":"https:\/\/jornalfatosenoticias.com.br\/#website"},"primaryImageOfPage":{"@id":"https:\/\/jornalfatosenoticias.com.br\/index.php\/2025\/05\/12\/locomotiva-18-reativacao-esta-perto-de-se-tornar-realidade-em-porto-velho\/#primaryimage"},"image":{"@id":"https:\/\/jornalfatosenoticias.com.br\/index.php\/2025\/05\/12\/locomotiva-18-reativacao-esta-perto-de-se-tornar-realidade-em-porto-velho\/#primaryimage"},"thumbnailUrl":"https:\/\/jornalfatosenoticias.com.br\/wp-content\/uploads\/2025\/05\/locomotiva1-RO.jpg","datePublished":"2025-05-12T17:46:47+00:00","dateModified":"2025-05-12T17:47:11+00:00","breadcrumb":{"@id":"https:\/\/jornalfatosenoticias.com.br\/index.php\/2025\/05\/12\/locomotiva-18-reativacao-esta-perto-de-se-tornar-realidade-em-porto-velho\/#breadcrumb"},"inLanguage":"pt-BR","potentialAction":[{"@type":"ReadAction","target":["https:\/\/jornalfatosenoticias.com.br\/index.php\/2025\/05\/12\/locomotiva-18-reativacao-esta-perto-de-se-tornar-realidade-em-porto-velho\/"]}]},{"@type":"ImageObject","inLanguage":"pt-BR","@id":"https:\/\/jornalfatosenoticias.com.br\/index.php\/2025\/05\/12\/locomotiva-18-reativacao-esta-perto-de-se-tornar-realidade-em-porto-velho\/#primaryimage","url":"https:\/\/jornalfatosenoticias.com.br\/wp-content\/uploads\/2025\/05\/locomotiva1-RO.jpg","contentUrl":"https:\/\/jornalfatosenoticias.com.br\/wp-content\/uploads\/2025\/05\/locomotiva1-RO.jpg","width":983,"height":697},{"@type":"BreadcrumbList","@id":"https:\/\/jornalfatosenoticias.com.br\/index.php\/2025\/05\/12\/locomotiva-18-reativacao-esta-perto-de-se-tornar-realidade-em-porto-velho\/#breadcrumb","itemListElement":[{"@type":"ListItem","position":1,"name":"In\u00edcio","item":"https:\/\/jornalfatosenoticias.com.br\/"},{"@type":"ListItem","position":2,"name":"Locomotiva 18: reativa\u00e7\u00e3o est\u00e1 perto de se tornar realidade em Porto Velho"}]},{"@type":"WebSite","@id":"https:\/\/jornalfatosenoticias.com.br\/#website","url":"https:\/\/jornalfatosenoticias.com.br\/","name":"Jornal Fatos e Not\u00edcias","description":"Not\u00edcias em geral","publisher":{"@id":"https:\/\/jornalfatosenoticias.com.br\/#organization"},"potentialAction":[{"@type":"SearchAction","target":{"@type":"EntryPoint","urlTemplate":"https:\/\/jornalfatosenoticias.com.br\/?s={search_term_string}"},"query-input":{"@type":"PropertyValueSpecification","valueRequired":true,"valueName":"search_term_string"}}],"inLanguage":"pt-BR"},{"@type":"Organization","@id":"https:\/\/jornalfatosenoticias.com.br\/#organization","name":"Jornal Fatos e Not\u00edcias","url":"https:\/\/jornalfatosenoticias.com.br\/","logo":{"@type":"ImageObject","inLanguage":"pt-BR","@id":"https:\/\/jornalfatosenoticias.com.br\/#\/schema\/logo\/image\/","url":"https:\/\/jornalfatosenoticias.com.br\/wp-content\/uploads\/2020\/02\/logo120.png","contentUrl":"https:\/\/jornalfatosenoticias.com.br\/wp-content\/uploads\/2020\/02\/logo120.png","width":1227,"height":120,"caption":"Jornal Fatos e Not\u00edcias"},"image":{"@id":"https:\/\/jornalfatosenoticias.com.br\/#\/schema\/logo\/image\/"}},{"@type":"Person","@id":"https:\/\/jornalfatosenoticias.com.br\/#\/schema\/person\/d63837fa13ac8666eb9e74e0985d6f81","name":"Luzimara Fernandes","image":{"@type":"ImageObject","inLanguage":"pt-BR","@id":"https:\/\/jornalfatosenoticias.com.br\/#\/schema\/person\/image\/","url":"https:\/\/jornalfatosenoticias.com.br\/wp-content\/uploads\/2025\/05\/EU_portal.jpg","contentUrl":"https:\/\/jornalfatosenoticias.com.br\/wp-content\/uploads\/2025\/05\/EU_portal.jpg","caption":"Luzimara Fernandes"},"description":"Jornalista MTB 2358-ES","sameAs":["https:\/\/jornalfatosenoticias.com.br"],"url":"https:\/\/jornalfatosenoticias.com.br\/index.php\/author\/luzimara\/"}]}},"cc_featured_image_caption":{"caption_text":"(Foto: Divulga\u00e7\u00e3o)","source_text":"","source_url":""},"jetpack_featured_media_url":"https:\/\/jornalfatosenoticias.com.br\/wp-content\/uploads\/2025\/05\/locomotiva1-RO.jpg","_links":{"self":[{"href":"https:\/\/jornalfatosenoticias.com.br\/index.php\/wp-json\/wp\/v2\/posts\/59128","targetHints":{"allow":["GET"]}}],"collection":[{"href":"https:\/\/jornalfatosenoticias.com.br\/index.php\/wp-json\/wp\/v2\/posts"}],"about":[{"href":"https:\/\/jornalfatosenoticias.com.br\/index.php\/wp-json\/wp\/v2\/types\/post"}],"author":[{"embeddable":true,"href":"https:\/\/jornalfatosenoticias.com.br\/index.php\/wp-json\/wp\/v2\/users\/2"}],"replies":[{"embeddable":true,"href":"https:\/\/jornalfatosenoticias.com.br\/index.php\/wp-json\/wp\/v2\/comments?post=59128"}],"version-history":[{"count":0,"href":"https:\/\/jornalfatosenoticias.com.br\/index.php\/wp-json\/wp\/v2\/posts\/59128\/revisions"}],"wp:featuredmedia":[{"embeddable":true,"href":"https:\/\/jornalfatosenoticias.com.br\/index.php\/wp-json\/wp\/v2\/media\/59130"}],"wp:attachment":[{"href":"https:\/\/jornalfatosenoticias.com.br\/index.php\/wp-json\/wp\/v2\/media?parent=59128"}],"wp:term":[{"taxonomy":"category","embeddable":true,"href":"https:\/\/jornalfatosenoticias.com.br\/index.php\/wp-json\/wp\/v2\/categories?post=59128"},{"taxonomy":"post_tag","embeddable":true,"href":"https:\/\/jornalfatosenoticias.com.br\/index.php\/wp-json\/wp\/v2\/tags?post=59128"}],"curies":[{"name":"wp","href":"https:\/\/api.w.org\/{rel}","templated":true}]}}