{"id":59145,"date":"2025-05-12T17:58:38","date_gmt":"2025-05-12T20:58:38","guid":{"rendered":"https:\/\/jornalfatosenoticias.com.br\/?p=59145"},"modified":"2025-05-12T17:58:40","modified_gmt":"2025-05-12T20:58:40","slug":"lula-vai-a-evento-com-19-ditadores-e-vira-alvo-de-mocao-de-repudio-na-camara","status":"publish","type":"post","link":"https:\/\/jornalfatosenoticias.com.br\/index.php\/2025\/05\/12\/lula-vai-a-evento-com-19-ditadores-e-vira-alvo-de-mocao-de-repudio-na-camara\/","title":{"rendered":"Lula vai a evento com 19 ditadores e vira alvo de mo\u00e7\u00e3o de rep\u00fadio na C\u00e2mara"},"content":{"rendered":"\n<p><em><span class=\"has-inline-color has-black-color\">Lula durante almo\u00e7o oferecido por Vladimir Putin, no Pal\u00e1cio do Kremlin, em Moscou<\/span><\/em><\/p>\n\n\n\n<p><span class=\"has-inline-color has-black-color\">Por <strong><a href=\"https:\/\/www.gazetadopovo.com.br\/autor\/diogenes-freire-feitosa\/\">Di\u00f3genes Freire Feitosa<\/a><\/strong><\/span><\/p>\n\n\n\n<div class=\"wp-block-image\"><figure class=\"aligncenter size-large\"><a href=\"https:\/\/mizu.com.br\/\"><img loading=\"lazy\" decoding=\"async\" width=\"729\" height=\"90\" src=\"https:\/\/jornalfatosenoticias.com.br\/wp-content\/uploads\/2020\/02\/Logo_Mizu.png\" alt=\"\" class=\"wp-image-1441\" srcset=\"https:\/\/jornalfatosenoticias.com.br\/wp-content\/uploads\/2020\/02\/Logo_Mizu.png 729w, https:\/\/jornalfatosenoticias.com.br\/wp-content\/uploads\/2020\/02\/Logo_Mizu-300x37.png 300w\" sizes=\"auto, (max-width: 729px) 100vw, 729px\" \/><\/a><\/figure><\/div>\n\n\n\n<p>Lula (PT) \u00e9 alvo de um pedido de mo\u00e7\u00e3o de rep\u00fadio na C\u00e2mara dos Deputados por conta da participa\u00e7\u00e3o nas celebra\u00e7\u00f5es do \u201cDia da Vit\u00f3ria\u201d, em Moscou, na R\u00fassia, ao lado de 19 autocratas e ditadores. Lula foi ao evento a convite do ditador russo, Vladimir Putin.<br>O requerimento para aprova\u00e7\u00e3o da mo\u00e7\u00e3o de rep\u00fadio foi encaminhada pelo l\u00edder da oposi\u00e7\u00e3o na C\u00e2mara, deputado federal Zucco (PL-RS), \u00e0 Comiss\u00e3o de Rela\u00e7\u00f5es Exteriores e Defesa Nacional (CREDN).<br>De acordo com o documento, a participa\u00e7\u00e3o de Lula no evento russo ao lado de l\u00edderes autorit\u00e1rios \u00e9 uma \u201cafronta direta \u00e0 ordem internacional e aos valores democr\u00e1ticos consagrados na Constitui\u00e7\u00e3o brasileira\u201d.<\/p>\n\n\n\n<div class=\"wp-block-image\"><figure class=\"aligncenter size-large is-resized\"><a href=\"https:\/\/www.instagram.com\/esteiochurrascaria\/\"><img loading=\"lazy\" decoding=\"async\" src=\"https:\/\/jornalfatosenoticias.com.br\/wp-content\/uploads\/2022\/02\/LOGO-ESTEIO-1024x730.png\" alt=\"\" class=\"wp-image-27942\" width=\"360\" height=\"256\" srcset=\"https:\/\/jornalfatosenoticias.com.br\/wp-content\/uploads\/2022\/02\/LOGO-ESTEIO-1024x730.png 1024w, https:\/\/jornalfatosenoticias.com.br\/wp-content\/uploads\/2022\/02\/LOGO-ESTEIO-300x214.png 300w, https:\/\/jornalfatosenoticias.com.br\/wp-content\/uploads\/2022\/02\/LOGO-ESTEIO-768x548.png 768w, https:\/\/jornalfatosenoticias.com.br\/wp-content\/uploads\/2022\/02\/LOGO-ESTEIO.png 1123w\" sizes=\"auto, (max-width: 360px) 100vw, 360px\" \/><\/a><\/figure><\/div>\n\n\n\n<blockquote class=\"wp-block-quote is-layout-flow wp-block-quote-is-layout-flow\"><p><span class=\"has-inline-color has-luminous-vivid-orange-color\">Ao se colocar ao lado de ditadores como Nicol\u00e1s Maduro, D\u00edaz-Canel e Xi Jinping, em um desfile militar carregado de simbologia sovi\u00e9tica e propaganda de guerra, Lula n\u00e3o apenas envergonha o Brasil: ele agride frontalmente os princ\u00edpios da pol\u00edtica externa brasileira, como a preval\u00eancia dos direitos humanos e a defesa da paz\u201d, afirmou Zucco.<\/span><\/p><\/blockquote>\n\n\n\n<div class=\"wp-block-image\"><figure class=\"aligncenter size-large is-resized\"><a href=\"https:\/\/www.instagram.com\/gruposei\/\"><img loading=\"lazy\" decoding=\"async\" src=\"https:\/\/jornalfatosenoticias.com.br\/wp-content\/uploads\/2022\/07\/Logo-Grupo-SEI.jpg\" alt=\"\" class=\"wp-image-31973\" width=\"351\" height=\"184\" srcset=\"https:\/\/jornalfatosenoticias.com.br\/wp-content\/uploads\/2022\/07\/Logo-Grupo-SEI.jpg 713w, https:\/\/jornalfatosenoticias.com.br\/wp-content\/uploads\/2022\/07\/Logo-Grupo-SEI-300x158.jpg 300w\" sizes=\"auto, (max-width: 351px) 100vw, 351px\" \/><\/a><\/figure><\/div>\n\n\n\n<p><strong><span class=\"has-inline-color has-black-color\">Al\u00e9m de Lula e do anfitri\u00e3o, participaram dos festejos os ditadores:<br><\/span><\/strong>\u2713 Xi Jinping, da China;\u00a0<br>\u2713 Emomali Sharipovich Rahmon, do Tajiquist\u00e3o;\u00a0<br>\u2713 Serdar Gurbanguly\u00fdewi\u00e7 Berdimuhamedow, do Turcomenist\u00e3o;\u00a0<br>\u2713 Shavkat Miromonovich Mirziyoyev, do Uzbequist\u00e3o;\u00a0<br>\u2713 To Lam, do Vietn\u00e3;\u00a0<br>\u2713 Nicol\u00e1s Maduro, da Venezuela;\u00a0<br>\u2713 Miguel D\u00edaz-Canel, de Cuba;\u00a0<br>\u2713 Denis Sassou Nguesso, da Rep\u00fablica do Congo;\u00a0<br>\u2713 Abiy Ahmed Ali, da Eti\u00f3pia;\u00a0<br>\u2713 Emmerson Dambudzo Mnangagwa, do Zimb\u00e1bue;\u00a0<br>\u2713 Abdel Fattah Saeed Hussein Khalil as-Sisi, do Egito;\u00a0<br>\u2713 Teodoro Obiang Nguema Mbasogo, da Guin\u00e9 Equatorial;<br>\u2713 Ibrahim Traor\u00e9, de Burquina Fasso;\u00a0<br>\u2713 Kassym-Jomart Kemeluly Tokayev, do Cazaquist\u00e3o;\u00a0<br>\u2713 Aleksandr Grigorievitch Lukashenko, da Bielor\u00fassia;<br>\u2713 Ilham Heydar oglu Aliyev, do Azerbaij\u00e3o;\u00a0<br>\u2713 Min Aung Hlaing, de Mianmar;\u00a0e<br>\u2713Thongsavanh Phomvihane, do Laos.<\/p>\n\n\n\n<div class=\"wp-block-image\"><figure class=\"aligncenter size-large\"><a href=\"http:\/\/www.ferrarimaquinas.com.br\/\"><img loading=\"lazy\" decoding=\"async\" width=\"300\" height=\"250\" src=\"https:\/\/jornalfatosenoticias.com.br\/wp-content\/uploads\/2022\/02\/FERRARI_MAQUINAS-E-FERRAMENTAS2.jpg\" alt=\"\" class=\"wp-image-27860\"\/><\/a><\/figure><\/div>\n\n\n\n<p><strong><span class=\"has-inline-color has-black-color\">&#8220;Propaganda do regime russo&#8221;<br><\/span><\/strong>No requerimento, Zucco destaca que a presen\u00e7a de Lula em Moscou contribui com a tentativa da R\u00fassia de usar o evento como instrumento de propaganda do regime de Putin para legitimar as agress\u00f5es militares \u00e0 Ucr\u00e2nia.<\/p>\n\n\n\n<div class=\"wp-block-image\"><figure class=\"aligncenter size-large\"><a href=\"https:\/\/www.cesconetto.com.br\/\"><img loading=\"lazy\" decoding=\"async\" width=\"300\" height=\"250\" src=\"https:\/\/jornalfatosenoticias.com.br\/wp-content\/uploads\/2022\/02\/Banner-2.png\" alt=\"\" class=\"wp-image-27877\"\/><\/a><\/figure><\/div>\n\n\n\n<blockquote class=\"wp-block-quote is-layout-flow wp-block-quote-is-layout-flow\"><p><span class=\"has-inline-color has-luminous-vivid-orange-color\">N\u00e3o \u00e9 poss\u00edvel sustentar um discurso de neutralidade enquanto se desfila ao lado de um agressor internacional [\u2026] O Brasil, ao fazer isso, perde qualquer condi\u00e7\u00e3o moral de atuar como mediador em conflitos internacionais\u201d, acrescenta o parlamentar.\u00a0<\/span><\/p><\/blockquote>\n\n\n\n<div class=\"wp-block-image\"><figure class=\"aligncenter size-large is-resized\"><a href=\"https:\/\/hotelmarquetti.com.br\/\"><img loading=\"lazy\" decoding=\"async\" src=\"https:\/\/jornalfatosenoticias.com.br\/wp-content\/uploads\/2020\/02\/LOGO-MQ-1024x680.jpg\" alt=\"\" class=\"wp-image-58299\" width=\"318\" height=\"211\" srcset=\"https:\/\/jornalfatosenoticias.com.br\/wp-content\/uploads\/2020\/02\/LOGO-MQ-1024x680.jpg 1024w, https:\/\/jornalfatosenoticias.com.br\/wp-content\/uploads\/2020\/02\/LOGO-MQ-300x199.jpg 300w, https:\/\/jornalfatosenoticias.com.br\/wp-content\/uploads\/2020\/02\/LOGO-MQ-768x510.jpg 768w, https:\/\/jornalfatosenoticias.com.br\/wp-content\/uploads\/2020\/02\/LOGO-MQ-1536x1020.jpg 1536w, https:\/\/jornalfatosenoticias.com.br\/wp-content\/uploads\/2020\/02\/LOGO-MQ-2048x1360.jpg 2048w\" sizes=\"auto, (max-width: 318px) 100vw, 318px\" \/><\/a><\/figure><\/div>\n\n\n\n<p>Questionado pelo Poder360 sobre os registros em que Lula aparece ao lado dos ditadores no evento russo, o ministro das Rela\u00e7\u00f5es Exteriores do Brasil, Mauro Vieira, afirmou que n\u00e3o v\u00ea \u201cproblema nenhum\u201d.<\/p>\n\n\n\n<p><strong>Fonte: <a href=\"https:\/\/www.gazetadopovo.com.br\/republica\/lula-vai-a-evento-com-19-ditadores-e-vira-alvo-de-mocao-de-repudio-na-camara\/\">Gazeta do Povo<\/a><\/strong><\/p>\n","protected":false},"excerpt":{"rendered":"<p>Lula durante almo\u00e7o oferecido por Vladimir Putin, no Pal\u00e1cio do Kremlin, em Moscou Por Di\u00f3genes Freire Feitosa Lula (PT) \u00e9 alvo de um pedido de mo\u00e7\u00e3o de rep\u00fadio na C\u00e2mara dos Deputados por conta da participa\u00e7\u00e3o nas celebra\u00e7\u00f5es do \u201cDia da Vit\u00f3ria\u201d, em Moscou, na R\u00fassia, ao lado de 19 autocratas e ditadores. Lula foi [&hellip;]<\/p>\n","protected":false},"author":2,"featured_media":59146,"comment_status":"open","ping_status":"open","sticky":false,"template":"","format":"standard","meta":{"footnotes":""},"categories":[10],"tags":[982,8103,85,5043,7580,19097,991,10577,8605,1920,9243],"class_list":["post-59145","post","type-post","status-publish","format-standard","has-post-thumbnail","hentry","category-politica","tag-camara-dos-deputados","tag-cazaquistao","tag-china","tag-cuba","tag-lula","tag-nicolas-maduro","tag-russia","tag-ucrania","tag-venezuela","tag-vladimir-putin","tag-xi-jinping"],"yoast_head":"<!-- This site is optimized with the Yoast SEO plugin v26.5 - https:\/\/yoast.com\/wordpress\/plugins\/seo\/ -->\n<title>Lula vai a evento com 19 ditadores e vira alvo de mo\u00e7\u00e3o de rep\u00fadio na C\u00e2mara - Jornal Fatos e Not\u00edcias<\/title>\n<meta name=\"robots\" content=\"index, follow, max-snippet:-1, max-image-preview:large, max-video-preview:-1\" \/>\n<link rel=\"canonical\" href=\"https:\/\/jornalfatosenoticias.com.br\/index.php\/2025\/05\/12\/lula-vai-a-evento-com-19-ditadores-e-vira-alvo-de-mocao-de-repudio-na-camara\/\" \/>\n<meta property=\"og:locale\" content=\"pt_BR\" \/>\n<meta property=\"og:type\" content=\"article\" \/>\n<meta property=\"og:title\" content=\"Lula vai a evento com 19 ditadores e vira alvo de mo\u00e7\u00e3o de rep\u00fadio na C\u00e2mara - Jornal Fatos e Not\u00edcias\" \/>\n<meta property=\"og:description\" content=\"Lula durante almo\u00e7o oferecido por Vladimir Putin, no Pal\u00e1cio do Kremlin, em Moscou Por Di\u00f3genes Freire Feitosa Lula (PT) \u00e9 alvo de um pedido de mo\u00e7\u00e3o de rep\u00fadio na C\u00e2mara dos Deputados por conta da participa\u00e7\u00e3o nas celebra\u00e7\u00f5es do \u201cDia da Vit\u00f3ria\u201d, em Moscou, na R\u00fassia, ao lado de 19 autocratas e ditadores. Lula foi [&hellip;]\" \/>\n<meta property=\"og:url\" content=\"https:\/\/jornalfatosenoticias.com.br\/index.php\/2025\/05\/12\/lula-vai-a-evento-com-19-ditadores-e-vira-alvo-de-mocao-de-repudio-na-camara\/\" \/>\n<meta property=\"og:site_name\" content=\"Jornal Fatos e Not\u00edcias\" \/>\n<meta property=\"article:published_time\" content=\"2025-05-12T20:58:38+00:00\" \/>\n<meta property=\"article:modified_time\" content=\"2025-05-12T20:58:40+00:00\" \/>\n<meta property=\"og:image\" content=\"https:\/\/jornalfatosenoticias.com.br\/wp-content\/uploads\/2025\/05\/molusco-e-ditadores.jpg\" \/>\n\t<meta property=\"og:image:width\" content=\"1000\" \/>\n\t<meta property=\"og:image:height\" content=\"623\" \/>\n\t<meta property=\"og:image:type\" content=\"image\/jpeg\" \/>\n<meta name=\"author\" content=\"Luzimara Fernandes\" \/>\n<meta name=\"twitter:card\" content=\"summary_large_image\" \/>\n<meta name=\"twitter:label1\" content=\"Escrito por\" \/>\n\t<meta name=\"twitter:data1\" content=\"Luzimara Fernandes\" \/>\n\t<meta name=\"twitter:label2\" content=\"Est. tempo de leitura\" \/>\n\t<meta name=\"twitter:data2\" content=\"2 minutos\" \/>\n<script type=\"application\/ld+json\" class=\"yoast-schema-graph\">{\"@context\":\"https:\/\/schema.org\",\"@graph\":[{\"@type\":\"Article\",\"@id\":\"https:\/\/jornalfatosenoticias.com.br\/index.php\/2025\/05\/12\/lula-vai-a-evento-com-19-ditadores-e-vira-alvo-de-mocao-de-repudio-na-camara\/#article\",\"isPartOf\":{\"@id\":\"https:\/\/jornalfatosenoticias.com.br\/index.php\/2025\/05\/12\/lula-vai-a-evento-com-19-ditadores-e-vira-alvo-de-mocao-de-repudio-na-camara\/\"},\"author\":{\"name\":\"Luzimara Fernandes\",\"@id\":\"https:\/\/jornalfatosenoticias.com.br\/#\/schema\/person\/d63837fa13ac8666eb9e74e0985d6f81\"},\"headline\":\"Lula vai a evento com 19 ditadores e vira alvo de mo\u00e7\u00e3o de rep\u00fadio na C\u00e2mara\",\"datePublished\":\"2025-05-12T20:58:38+00:00\",\"dateModified\":\"2025-05-12T20:58:40+00:00\",\"mainEntityOfPage\":{\"@id\":\"https:\/\/jornalfatosenoticias.com.br\/index.php\/2025\/05\/12\/lula-vai-a-evento-com-19-ditadores-e-vira-alvo-de-mocao-de-repudio-na-camara\/\"},\"wordCount\":460,\"commentCount\":0,\"publisher\":{\"@id\":\"https:\/\/jornalfatosenoticias.com.br\/#organization\"},\"image\":{\"@id\":\"https:\/\/jornalfatosenoticias.com.br\/index.php\/2025\/05\/12\/lula-vai-a-evento-com-19-ditadores-e-vira-alvo-de-mocao-de-repudio-na-camara\/#primaryimage\"},\"thumbnailUrl\":\"https:\/\/jornalfatosenoticias.com.br\/wp-content\/uploads\/2025\/05\/molusco-e-ditadores.jpg\",\"keywords\":[\"C\u00e2mara dos Deputados\",\"Cazaquist\u00e3o\",\"china\",\"Cuba\",\"Lula\",\"Nicol\u00e1s Maduro\",\"R\u00fassia\",\"Ucr\u00e2nia\",\"Venezuela\",\"Vladimir Putin\",\"Xi Jinping\"],\"articleSection\":[\"Pol\u00edtica\"],\"inLanguage\":\"pt-BR\",\"potentialAction\":[{\"@type\":\"CommentAction\",\"name\":\"Comment\",\"target\":[\"https:\/\/jornalfatosenoticias.com.br\/index.php\/2025\/05\/12\/lula-vai-a-evento-com-19-ditadores-e-vira-alvo-de-mocao-de-repudio-na-camara\/#respond\"]}]},{\"@type\":\"WebPage\",\"@id\":\"https:\/\/jornalfatosenoticias.com.br\/index.php\/2025\/05\/12\/lula-vai-a-evento-com-19-ditadores-e-vira-alvo-de-mocao-de-repudio-na-camara\/\",\"url\":\"https:\/\/jornalfatosenoticias.com.br\/index.php\/2025\/05\/12\/lula-vai-a-evento-com-19-ditadores-e-vira-alvo-de-mocao-de-repudio-na-camara\/\",\"name\":\"Lula vai a evento com 19 ditadores e vira alvo de mo\u00e7\u00e3o de rep\u00fadio na C\u00e2mara - Jornal Fatos e Not\u00edcias\",\"isPartOf\":{\"@id\":\"https:\/\/jornalfatosenoticias.com.br\/#website\"},\"primaryImageOfPage\":{\"@id\":\"https:\/\/jornalfatosenoticias.com.br\/index.php\/2025\/05\/12\/lula-vai-a-evento-com-19-ditadores-e-vira-alvo-de-mocao-de-repudio-na-camara\/#primaryimage\"},\"image\":{\"@id\":\"https:\/\/jornalfatosenoticias.com.br\/index.php\/2025\/05\/12\/lula-vai-a-evento-com-19-ditadores-e-vira-alvo-de-mocao-de-repudio-na-camara\/#primaryimage\"},\"thumbnailUrl\":\"https:\/\/jornalfatosenoticias.com.br\/wp-content\/uploads\/2025\/05\/molusco-e-ditadores.jpg\",\"datePublished\":\"2025-05-12T20:58:38+00:00\",\"dateModified\":\"2025-05-12T20:58:40+00:00\",\"breadcrumb\":{\"@id\":\"https:\/\/jornalfatosenoticias.com.br\/index.php\/2025\/05\/12\/lula-vai-a-evento-com-19-ditadores-e-vira-alvo-de-mocao-de-repudio-na-camara\/#breadcrumb\"},\"inLanguage\":\"pt-BR\",\"potentialAction\":[{\"@type\":\"ReadAction\",\"target\":[\"https:\/\/jornalfatosenoticias.com.br\/index.php\/2025\/05\/12\/lula-vai-a-evento-com-19-ditadores-e-vira-alvo-de-mocao-de-repudio-na-camara\/\"]}]},{\"@type\":\"ImageObject\",\"inLanguage\":\"pt-BR\",\"@id\":\"https:\/\/jornalfatosenoticias.com.br\/index.php\/2025\/05\/12\/lula-vai-a-evento-com-19-ditadores-e-vira-alvo-de-mocao-de-repudio-na-camara\/#primaryimage\",\"url\":\"https:\/\/jornalfatosenoticias.com.br\/wp-content\/uploads\/2025\/05\/molusco-e-ditadores.jpg\",\"contentUrl\":\"https:\/\/jornalfatosenoticias.com.br\/wp-content\/uploads\/2025\/05\/molusco-e-ditadores.jpg\",\"width\":1000,\"height\":623},{\"@type\":\"BreadcrumbList\",\"@id\":\"https:\/\/jornalfatosenoticias.com.br\/index.php\/2025\/05\/12\/lula-vai-a-evento-com-19-ditadores-e-vira-alvo-de-mocao-de-repudio-na-camara\/#breadcrumb\",\"itemListElement\":[{\"@type\":\"ListItem\",\"position\":1,\"name\":\"In\u00edcio\",\"item\":\"https:\/\/jornalfatosenoticias.com.br\/\"},{\"@type\":\"ListItem\",\"position\":2,\"name\":\"Lula vai a evento com 19 ditadores e vira alvo de mo\u00e7\u00e3o de rep\u00fadio na C\u00e2mara\"}]},{\"@type\":\"WebSite\",\"@id\":\"https:\/\/jornalfatosenoticias.com.br\/#website\",\"url\":\"https:\/\/jornalfatosenoticias.com.br\/\",\"name\":\"Jornal Fatos e Not\u00edcias\",\"description\":\"Not\u00edcias em geral\",\"publisher\":{\"@id\":\"https:\/\/jornalfatosenoticias.com.br\/#organization\"},\"potentialAction\":[{\"@type\":\"SearchAction\",\"target\":{\"@type\":\"EntryPoint\",\"urlTemplate\":\"https:\/\/jornalfatosenoticias.com.br\/?s={search_term_string}\"},\"query-input\":{\"@type\":\"PropertyValueSpecification\",\"valueRequired\":true,\"valueName\":\"search_term_string\"}}],\"inLanguage\":\"pt-BR\"},{\"@type\":\"Organization\",\"@id\":\"https:\/\/jornalfatosenoticias.com.br\/#organization\",\"name\":\"Jornal Fatos e Not\u00edcias\",\"url\":\"https:\/\/jornalfatosenoticias.com.br\/\",\"logo\":{\"@type\":\"ImageObject\",\"inLanguage\":\"pt-BR\",\"@id\":\"https:\/\/jornalfatosenoticias.com.br\/#\/schema\/logo\/image\/\",\"url\":\"https:\/\/jornalfatosenoticias.com.br\/wp-content\/uploads\/2020\/02\/logo120.png\",\"contentUrl\":\"https:\/\/jornalfatosenoticias.com.br\/wp-content\/uploads\/2020\/02\/logo120.png\",\"width\":1227,\"height\":120,\"caption\":\"Jornal Fatos e Not\u00edcias\"},\"image\":{\"@id\":\"https:\/\/jornalfatosenoticias.com.br\/#\/schema\/logo\/image\/\"}},{\"@type\":\"Person\",\"@id\":\"https:\/\/jornalfatosenoticias.com.br\/#\/schema\/person\/d63837fa13ac8666eb9e74e0985d6f81\",\"name\":\"Luzimara Fernandes\",\"image\":{\"@type\":\"ImageObject\",\"inLanguage\":\"pt-BR\",\"@id\":\"https:\/\/jornalfatosenoticias.com.br\/#\/schema\/person\/image\/\",\"url\":\"https:\/\/jornalfatosenoticias.com.br\/wp-content\/uploads\/2025\/05\/EU_portal.jpg\",\"contentUrl\":\"https:\/\/jornalfatosenoticias.com.br\/wp-content\/uploads\/2025\/05\/EU_portal.jpg\",\"caption\":\"Luzimara Fernandes\"},\"description\":\"Jornalista MTB 2358-ES\",\"sameAs\":[\"https:\/\/jornalfatosenoticias.com.br\"],\"url\":\"https:\/\/jornalfatosenoticias.com.br\/index.php\/author\/luzimara\/\"}]}<\/script>\n<!-- \/ Yoast SEO plugin. -->","yoast_head_json":{"title":"Lula vai a evento com 19 ditadores e vira alvo de mo\u00e7\u00e3o de rep\u00fadio na C\u00e2mara - Jornal Fatos e Not\u00edcias","robots":{"index":"index","follow":"follow","max-snippet":"max-snippet:-1","max-image-preview":"max-image-preview:large","max-video-preview":"max-video-preview:-1"},"canonical":"https:\/\/jornalfatosenoticias.com.br\/index.php\/2025\/05\/12\/lula-vai-a-evento-com-19-ditadores-e-vira-alvo-de-mocao-de-repudio-na-camara\/","og_locale":"pt_BR","og_type":"article","og_title":"Lula vai a evento com 19 ditadores e vira alvo de mo\u00e7\u00e3o de rep\u00fadio na C\u00e2mara - Jornal Fatos e Not\u00edcias","og_description":"Lula durante almo\u00e7o oferecido por Vladimir Putin, no Pal\u00e1cio do Kremlin, em Moscou Por Di\u00f3genes Freire Feitosa Lula (PT) \u00e9 alvo de um pedido de mo\u00e7\u00e3o de rep\u00fadio na C\u00e2mara dos Deputados por conta da participa\u00e7\u00e3o nas celebra\u00e7\u00f5es do \u201cDia da Vit\u00f3ria\u201d, em Moscou, na R\u00fassia, ao lado de 19 autocratas e ditadores. Lula foi [&hellip;]","og_url":"https:\/\/jornalfatosenoticias.com.br\/index.php\/2025\/05\/12\/lula-vai-a-evento-com-19-ditadores-e-vira-alvo-de-mocao-de-repudio-na-camara\/","og_site_name":"Jornal Fatos e Not\u00edcias","article_published_time":"2025-05-12T20:58:38+00:00","article_modified_time":"2025-05-12T20:58:40+00:00","og_image":[{"width":1000,"height":623,"url":"https:\/\/jornalfatosenoticias.com.br\/wp-content\/uploads\/2025\/05\/molusco-e-ditadores.jpg","type":"image\/jpeg"}],"author":"Luzimara Fernandes","twitter_card":"summary_large_image","twitter_misc":{"Escrito por":"Luzimara Fernandes","Est. tempo de leitura":"2 minutos"},"schema":{"@context":"https:\/\/schema.org","@graph":[{"@type":"Article","@id":"https:\/\/jornalfatosenoticias.com.br\/index.php\/2025\/05\/12\/lula-vai-a-evento-com-19-ditadores-e-vira-alvo-de-mocao-de-repudio-na-camara\/#article","isPartOf":{"@id":"https:\/\/jornalfatosenoticias.com.br\/index.php\/2025\/05\/12\/lula-vai-a-evento-com-19-ditadores-e-vira-alvo-de-mocao-de-repudio-na-camara\/"},"author":{"name":"Luzimara Fernandes","@id":"https:\/\/jornalfatosenoticias.com.br\/#\/schema\/person\/d63837fa13ac8666eb9e74e0985d6f81"},"headline":"Lula vai a evento com 19 ditadores e vira alvo de mo\u00e7\u00e3o de rep\u00fadio na C\u00e2mara","datePublished":"2025-05-12T20:58:38+00:00","dateModified":"2025-05-12T20:58:40+00:00","mainEntityOfPage":{"@id":"https:\/\/jornalfatosenoticias.com.br\/index.php\/2025\/05\/12\/lula-vai-a-evento-com-19-ditadores-e-vira-alvo-de-mocao-de-repudio-na-camara\/"},"wordCount":460,"commentCount":0,"publisher":{"@id":"https:\/\/jornalfatosenoticias.com.br\/#organization"},"image":{"@id":"https:\/\/jornalfatosenoticias.com.br\/index.php\/2025\/05\/12\/lula-vai-a-evento-com-19-ditadores-e-vira-alvo-de-mocao-de-repudio-na-camara\/#primaryimage"},"thumbnailUrl":"https:\/\/jornalfatosenoticias.com.br\/wp-content\/uploads\/2025\/05\/molusco-e-ditadores.jpg","keywords":["C\u00e2mara dos Deputados","Cazaquist\u00e3o","china","Cuba","Lula","Nicol\u00e1s Maduro","R\u00fassia","Ucr\u00e2nia","Venezuela","Vladimir Putin","Xi Jinping"],"articleSection":["Pol\u00edtica"],"inLanguage":"pt-BR","potentialAction":[{"@type":"CommentAction","name":"Comment","target":["https:\/\/jornalfatosenoticias.com.br\/index.php\/2025\/05\/12\/lula-vai-a-evento-com-19-ditadores-e-vira-alvo-de-mocao-de-repudio-na-camara\/#respond"]}]},{"@type":"WebPage","@id":"https:\/\/jornalfatosenoticias.com.br\/index.php\/2025\/05\/12\/lula-vai-a-evento-com-19-ditadores-e-vira-alvo-de-mocao-de-repudio-na-camara\/","url":"https:\/\/jornalfatosenoticias.com.br\/index.php\/2025\/05\/12\/lula-vai-a-evento-com-19-ditadores-e-vira-alvo-de-mocao-de-repudio-na-camara\/","name":"Lula vai a evento com 19 ditadores e vira alvo de mo\u00e7\u00e3o de rep\u00fadio na C\u00e2mara - Jornal Fatos e Not\u00edcias","isPartOf":{"@id":"https:\/\/jornalfatosenoticias.com.br\/#website"},"primaryImageOfPage":{"@id":"https:\/\/jornalfatosenoticias.com.br\/index.php\/2025\/05\/12\/lula-vai-a-evento-com-19-ditadores-e-vira-alvo-de-mocao-de-repudio-na-camara\/#primaryimage"},"image":{"@id":"https:\/\/jornalfatosenoticias.com.br\/index.php\/2025\/05\/12\/lula-vai-a-evento-com-19-ditadores-e-vira-alvo-de-mocao-de-repudio-na-camara\/#primaryimage"},"thumbnailUrl":"https:\/\/jornalfatosenoticias.com.br\/wp-content\/uploads\/2025\/05\/molusco-e-ditadores.jpg","datePublished":"2025-05-12T20:58:38+00:00","dateModified":"2025-05-12T20:58:40+00:00","breadcrumb":{"@id":"https:\/\/jornalfatosenoticias.com.br\/index.php\/2025\/05\/12\/lula-vai-a-evento-com-19-ditadores-e-vira-alvo-de-mocao-de-repudio-na-camara\/#breadcrumb"},"inLanguage":"pt-BR","potentialAction":[{"@type":"ReadAction","target":["https:\/\/jornalfatosenoticias.com.br\/index.php\/2025\/05\/12\/lula-vai-a-evento-com-19-ditadores-e-vira-alvo-de-mocao-de-repudio-na-camara\/"]}]},{"@type":"ImageObject","inLanguage":"pt-BR","@id":"https:\/\/jornalfatosenoticias.com.br\/index.php\/2025\/05\/12\/lula-vai-a-evento-com-19-ditadores-e-vira-alvo-de-mocao-de-repudio-na-camara\/#primaryimage","url":"https:\/\/jornalfatosenoticias.com.br\/wp-content\/uploads\/2025\/05\/molusco-e-ditadores.jpg","contentUrl":"https:\/\/jornalfatosenoticias.com.br\/wp-content\/uploads\/2025\/05\/molusco-e-ditadores.jpg","width":1000,"height":623},{"@type":"BreadcrumbList","@id":"https:\/\/jornalfatosenoticias.com.br\/index.php\/2025\/05\/12\/lula-vai-a-evento-com-19-ditadores-e-vira-alvo-de-mocao-de-repudio-na-camara\/#breadcrumb","itemListElement":[{"@type":"ListItem","position":1,"name":"In\u00edcio","item":"https:\/\/jornalfatosenoticias.com.br\/"},{"@type":"ListItem","position":2,"name":"Lula vai a evento com 19 ditadores e vira alvo de mo\u00e7\u00e3o de rep\u00fadio na C\u00e2mara"}]},{"@type":"WebSite","@id":"https:\/\/jornalfatosenoticias.com.br\/#website","url":"https:\/\/jornalfatosenoticias.com.br\/","name":"Jornal Fatos e Not\u00edcias","description":"Not\u00edcias em geral","publisher":{"@id":"https:\/\/jornalfatosenoticias.com.br\/#organization"},"potentialAction":[{"@type":"SearchAction","target":{"@type":"EntryPoint","urlTemplate":"https:\/\/jornalfatosenoticias.com.br\/?s={search_term_string}"},"query-input":{"@type":"PropertyValueSpecification","valueRequired":true,"valueName":"search_term_string"}}],"inLanguage":"pt-BR"},{"@type":"Organization","@id":"https:\/\/jornalfatosenoticias.com.br\/#organization","name":"Jornal Fatos e Not\u00edcias","url":"https:\/\/jornalfatosenoticias.com.br\/","logo":{"@type":"ImageObject","inLanguage":"pt-BR","@id":"https:\/\/jornalfatosenoticias.com.br\/#\/schema\/logo\/image\/","url":"https:\/\/jornalfatosenoticias.com.br\/wp-content\/uploads\/2020\/02\/logo120.png","contentUrl":"https:\/\/jornalfatosenoticias.com.br\/wp-content\/uploads\/2020\/02\/logo120.png","width":1227,"height":120,"caption":"Jornal Fatos e Not\u00edcias"},"image":{"@id":"https:\/\/jornalfatosenoticias.com.br\/#\/schema\/logo\/image\/"}},{"@type":"Person","@id":"https:\/\/jornalfatosenoticias.com.br\/#\/schema\/person\/d63837fa13ac8666eb9e74e0985d6f81","name":"Luzimara Fernandes","image":{"@type":"ImageObject","inLanguage":"pt-BR","@id":"https:\/\/jornalfatosenoticias.com.br\/#\/schema\/person\/image\/","url":"https:\/\/jornalfatosenoticias.com.br\/wp-content\/uploads\/2025\/05\/EU_portal.jpg","contentUrl":"https:\/\/jornalfatosenoticias.com.br\/wp-content\/uploads\/2025\/05\/EU_portal.jpg","caption":"Luzimara Fernandes"},"description":"Jornalista MTB 2358-ES","sameAs":["https:\/\/jornalfatosenoticias.com.br"],"url":"https:\/\/jornalfatosenoticias.com.br\/index.php\/author\/luzimara\/"}]}},"cc_featured_image_caption":{"caption_text":"(Foto: Ricardo Stuckert\/PR)","source_text":"","source_url":""},"jetpack_featured_media_url":"https:\/\/jornalfatosenoticias.com.br\/wp-content\/uploads\/2025\/05\/molusco-e-ditadores.jpg","_links":{"self":[{"href":"https:\/\/jornalfatosenoticias.com.br\/index.php\/wp-json\/wp\/v2\/posts\/59145","targetHints":{"allow":["GET"]}}],"collection":[{"href":"https:\/\/jornalfatosenoticias.com.br\/index.php\/wp-json\/wp\/v2\/posts"}],"about":[{"href":"https:\/\/jornalfatosenoticias.com.br\/index.php\/wp-json\/wp\/v2\/types\/post"}],"author":[{"embeddable":true,"href":"https:\/\/jornalfatosenoticias.com.br\/index.php\/wp-json\/wp\/v2\/users\/2"}],"replies":[{"embeddable":true,"href":"https:\/\/jornalfatosenoticias.com.br\/index.php\/wp-json\/wp\/v2\/comments?post=59145"}],"version-history":[{"count":0,"href":"https:\/\/jornalfatosenoticias.com.br\/index.php\/wp-json\/wp\/v2\/posts\/59145\/revisions"}],"wp:featuredmedia":[{"embeddable":true,"href":"https:\/\/jornalfatosenoticias.com.br\/index.php\/wp-json\/wp\/v2\/media\/59146"}],"wp:attachment":[{"href":"https:\/\/jornalfatosenoticias.com.br\/index.php\/wp-json\/wp\/v2\/media?parent=59145"}],"wp:term":[{"taxonomy":"category","embeddable":true,"href":"https:\/\/jornalfatosenoticias.com.br\/index.php\/wp-json\/wp\/v2\/categories?post=59145"},{"taxonomy":"post_tag","embeddable":true,"href":"https:\/\/jornalfatosenoticias.com.br\/index.php\/wp-json\/wp\/v2\/tags?post=59145"}],"curies":[{"name":"wp","href":"https:\/\/api.w.org\/{rel}","templated":true}]}}