{"id":59151,"date":"2025-05-13T10:01:57","date_gmt":"2025-05-13T13:01:57","guid":{"rendered":"https:\/\/jornalfatosenoticias.com.br\/?p=59151"},"modified":"2025-05-13T10:01:59","modified_gmt":"2025-05-13T13:01:59","slug":"heranca-maldita-lula-deixara-contas-publicas-em-crise-ao-fim-do-mandato","status":"publish","type":"post","link":"https:\/\/jornalfatosenoticias.com.br\/index.php\/2025\/05\/13\/heranca-maldita-lula-deixara-contas-publicas-em-crise-ao-fim-do-mandato\/","title":{"rendered":"\u201cHeran\u00e7a maldita\u201d: Lula deixar\u00e1 contas p\u00fablicas em crise ao fim do mandato"},"content":{"rendered":"\n<p><em><span class=\"has-inline-color has-black-color\">Medidas para um ajuste fiscal mais r\u00edgido s\u00e3o evitadas tanto por Lula quanto pelo Congresso<\/span><\/em><\/p>\n\n\n\n<p><span class=\"has-inline-color has-black-color\">Por <strong><a href=\"https:\/\/www.gazetadopovo.com.br\/autor\/vandre-kramer\/\" rel=\"sponsored nofollow\">Vandr\u00e9 Kramer<\/a><\/strong><\/span><\/p>\n\n\n\n<div class=\"wp-block-image\"><figure class=\"aligncenter size-large\"><a href=\"https:\/\/mizu.com.br\/\"><img loading=\"lazy\" decoding=\"async\" width=\"729\" height=\"90\" src=\"https:\/\/jornalfatosenoticias.com.br\/wp-content\/uploads\/2020\/02\/Logo_Mizu.png\" alt=\"\" class=\"wp-image-1441\" srcset=\"https:\/\/jornalfatosenoticias.com.br\/wp-content\/uploads\/2020\/02\/Logo_Mizu.png 729w, https:\/\/jornalfatosenoticias.com.br\/wp-content\/uploads\/2020\/02\/Logo_Mizu-300x37.png 300w\" sizes=\"auto, (max-width: 729px) 100vw, 729px\" \/><\/a><\/figure><\/div>\n\n\n\n<p>O pr\u00f3ximo presidente da Rep\u00fablica herdar\u00e1 um grave problema quando assumir em 2027: contas p\u00fablicas desequilibradas e d\u00edvida em trajet\u00f3ria de crescimento. Caso Luiz In\u00e1cio Lula da Silva (PT) se reeleja em 2026, caber\u00e1 a ele pr\u00f3prio enfrentar o legado fiscal de seu terceiro mandato.<br>Desde que Lula assumiu, em 2023, o endividamento p\u00fablico, medido pela d\u00edvida bruta do governo geral (DBGG), saltou de 71,4% para 75,9% do PIB. Nos primeiros 27 meses de mandato, o governo registrou d\u00e9ficit prim\u00e1rio \u2014 diferen\u00e7a entre despesas, exclu\u00eddos os juros da d\u00edvida p\u00fablica, e a arrecada\u00e7\u00e3o \u2014 anualizado em 22 deles.<\/p>\n\n\n\n<div class=\"wp-block-image\"><figure class=\"aligncenter size-large is-resized\"><a href=\"https:\/\/www.facebook.com\/profile.php?id=100069289606145\"><img loading=\"lazy\" decoding=\"async\" src=\"https:\/\/jornalfatosenoticias.com.br\/wp-content\/uploads\/2024\/11\/Guaitolini-Contabilidade-1024x714.jpeg\" alt=\"\" class=\"wp-image-55808\" width=\"293\" height=\"204\" srcset=\"https:\/\/jornalfatosenoticias.com.br\/wp-content\/uploads\/2024\/11\/Guaitolini-Contabilidade-1024x714.jpeg 1024w, https:\/\/jornalfatosenoticias.com.br\/wp-content\/uploads\/2024\/11\/Guaitolini-Contabilidade-300x209.jpeg 300w, https:\/\/jornalfatosenoticias.com.br\/wp-content\/uploads\/2024\/11\/Guaitolini-Contabilidade-768x535.jpeg 768w, https:\/\/jornalfatosenoticias.com.br\/wp-content\/uploads\/2024\/11\/Guaitolini-Contabilidade.jpeg 1280w\" sizes=\"auto, (max-width: 293px) 100vw, 293px\" \/><\/a><\/figure><\/div>\n\n\n\n<p>Analistas consultados pela Gazeta do Povo alertam para o agravamento das finan\u00e7as p\u00fablicas, com perspectivas mais desafiadoras a partir de 2027. A situa\u00e7\u00e3o tende a piorar devido ao crescimento das despesas obrigat\u00f3rias e \u00e0 aus\u00eancia de reformas estruturais no ritmo adequado.<\/p>\n\n\n\n<div class=\"wp-block-image\"><figure class=\"aligncenter size-large is-resized\"><a href=\"https:\/\/www.instagram.com\/gruposei\/\"><img loading=\"lazy\" decoding=\"async\" src=\"https:\/\/jornalfatosenoticias.com.br\/wp-content\/uploads\/2022\/07\/Logo-Grupo-SEI.jpg\" alt=\"\" class=\"wp-image-31973\" width=\"341\" height=\"179\" srcset=\"https:\/\/jornalfatosenoticias.com.br\/wp-content\/uploads\/2022\/07\/Logo-Grupo-SEI.jpg 713w, https:\/\/jornalfatosenoticias.com.br\/wp-content\/uploads\/2022\/07\/Logo-Grupo-SEI-300x158.jpg 300w\" sizes=\"auto, (max-width: 341px) 100vw, 341px\" \/><\/a><\/figure><\/div>\n\n\n\n<p>O mercado financeiro projeta que o endividamento p\u00fablico chegar\u00e1 a 94% do PIB em 2034, segundo levantamento realizado pelo Banco Central junto a institui\u00e7\u00f5es financeiras. O endividamento cresce mesmo ap\u00f3s o novo arcabou\u00e7o fiscal de Lula, estabelecido em agosto de 2023, que \u00e9 mais flex\u00edvel que o teto de gastos implementado por Michel Temer.<\/p>\n\n\n\n<div class=\"wp-block-image\"><figure class=\"aligncenter size-large\"><a href=\"http:\/\/www.ferrarimaquinas.com.br\/\"><img loading=\"lazy\" decoding=\"async\" width=\"300\" height=\"250\" src=\"https:\/\/jornalfatosenoticias.com.br\/wp-content\/uploads\/2022\/02\/FERRARI_MAQUINAS-E-FERRAMENTAS2.jpg\" alt=\"\" class=\"wp-image-27860\"\/><\/a><\/figure><\/div>\n\n\n\n<p><strong><span class=\"has-inline-color has-black-color\">Problema estrutural de gastos obrigat\u00f3rios acompanha crise fiscal<br><\/span><\/strong>O economista-chefe da Warren Investimentos, Felipe Salto, explica que o arcabou\u00e7o atual limita o crescimento das despesas, mas falha em alterar a estrutura r\u00edgida dos gastos p\u00fablicos. <strong><em>&#8220;Como resultado, quase nada tem sido feito para conter o avan\u00e7o das despesas mandat\u00f3rias, agravando o quadro fiscal&#8221;,<\/em><\/strong> diz.<\/p>\n\n\n\n<div class=\"wp-block-image\"><figure class=\"aligncenter size-large is-resized\"><a href=\"https:\/\/www.instagram.com\/serra4x4cambioautomatico\/\"><img loading=\"lazy\" decoding=\"async\" src=\"https:\/\/jornalfatosenoticias.com.br\/wp-content\/uploads\/2024\/08\/Serra-4x4-1-886x1024.jpg\" alt=\"\" class=\"wp-image-53632\" width=\"256\" height=\"296\" srcset=\"https:\/\/jornalfatosenoticias.com.br\/wp-content\/uploads\/2024\/08\/Serra-4x4-1-886x1024.jpg 886w, https:\/\/jornalfatosenoticias.com.br\/wp-content\/uploads\/2024\/08\/Serra-4x4-1-260x300.jpg 260w, https:\/\/jornalfatosenoticias.com.br\/wp-content\/uploads\/2024\/08\/Serra-4x4-1-768x888.jpg 768w, https:\/\/jornalfatosenoticias.com.br\/wp-content\/uploads\/2024\/08\/Serra-4x4-1.jpg 1181w\" sizes=\"auto, (max-width: 256px) 100vw, 256px\" \/><\/a><\/figure><\/div>\n\n\n\n<p>O cerne do problema est\u00e1 na estrutura do Or\u00e7amento, onde mais de 90% dos gastos prim\u00e1rios da Uni\u00e3o s\u00e3o obrigat\u00f3rios, aponta Marcelo Karvelis Franco, CEO da Avin Asset. Essas despesas incluem Previd\u00eancia Social, folha de pagamento e benef\u00edcios sociais como BPC e Bolsa Fam\u00edlia. O mais preocupante \u00e9 que a maioria desses gastos cresce automaticamente, muitas vezes atrelada ao sal\u00e1rio m\u00ednimo ou a fatores demogr\u00e1ficos, sem que o governo tenha controle efetivo sobre seu aumento.<\/p>\n\n\n\n<div class=\"wp-block-image\"><figure class=\"aligncenter size-large is-resized\"><a href=\"https:\/\/hotelmarquetti.com.br\/\"><img loading=\"lazy\" decoding=\"async\" src=\"https:\/\/jornalfatosenoticias.com.br\/wp-content\/uploads\/2020\/02\/LOGO-MQ-1024x680.jpg\" alt=\"\" class=\"wp-image-58299\" width=\"319\" height=\"212\" srcset=\"https:\/\/jornalfatosenoticias.com.br\/wp-content\/uploads\/2020\/02\/LOGO-MQ-1024x680.jpg 1024w, https:\/\/jornalfatosenoticias.com.br\/wp-content\/uploads\/2020\/02\/LOGO-MQ-300x199.jpg 300w, https:\/\/jornalfatosenoticias.com.br\/wp-content\/uploads\/2020\/02\/LOGO-MQ-768x510.jpg 768w, https:\/\/jornalfatosenoticias.com.br\/wp-content\/uploads\/2020\/02\/LOGO-MQ-1536x1020.jpg 1536w, https:\/\/jornalfatosenoticias.com.br\/wp-content\/uploads\/2020\/02\/LOGO-MQ-2048x1360.jpg 2048w\" sizes=\"auto, (max-width: 319px) 100vw, 319px\" \/><\/a><\/figure><\/div>\n\n\n\n<p>O envelhecimento populacional representa uma amea\u00e7a adicional para as contas p\u00fablicas, especialmente a Previd\u00eancia. A propor\u00e7\u00e3o de pessoas com 60 anos ou mais quase dobrou entre 2000 (8,7% da popula\u00e7\u00e3o) e 2023 (15,6%). A proje\u00e7\u00e3o do IBGE indica que esse percentual atingir\u00e1 37,8% em 2070. Isso significa que haver\u00e1 cada vez menos contribuintes para sustentar mais benefici\u00e1rios \u2013 uma equa\u00e7\u00e3o insustent\u00e1vel a longo prazo.<\/p>\n\n\n\n<div class=\"wp-block-image\"><figure class=\"aligncenter size-large\"><a href=\"https:\/\/www.cesconetto.com.br\/\"><img loading=\"lazy\" decoding=\"async\" width=\"300\" height=\"250\" src=\"https:\/\/jornalfatosenoticias.com.br\/wp-content\/uploads\/2020\/02\/Banner-2.png\" alt=\"\" class=\"wp-image-43787\"\/><\/a><\/figure><\/div>\n\n\n\n<p><strong><span class=\"has-inline-color has-black-color\">Reflexo da crise fiscal: Estado inchado estrangula investimentos produtivos<br><\/span><\/strong>O crescimento cont\u00ednuo das despesas obrigat\u00f3rias acima da receita l\u00edquida comprime os gastos discricion\u00e1rios \u2014 aqueles onde o governo tem margem de manobra para investir e custear o funcionamento da m\u00e1quina p\u00fablica. Como consequ\u00eancia direta, a capacidade de investimento p\u00fablico, crucial para o desenvolvimento de longo prazo, caiu drasticamente nas \u00faltimas d\u00e9cadas.<\/p>\n\n\n\n<div class=\"wp-block-image\"><figure class=\"aligncenter size-large is-resized\"><a href=\"https:\/\/www.legisjuris.com.br\/\"><img loading=\"lazy\" decoding=\"async\" src=\"https:\/\/jornalfatosenoticias.com.br\/wp-content\/uploads\/2024\/09\/Legis-Juris-Consultoria_logo.jpg\" alt=\"\" class=\"wp-image-53915\" width=\"527\" height=\"221\" srcset=\"https:\/\/jornalfatosenoticias.com.br\/wp-content\/uploads\/2024\/09\/Legis-Juris-Consultoria_logo.jpg 969w, https:\/\/jornalfatosenoticias.com.br\/wp-content\/uploads\/2024\/09\/Legis-Juris-Consultoria_logo-300x126.jpg 300w, https:\/\/jornalfatosenoticias.com.br\/wp-content\/uploads\/2024\/09\/Legis-Juris-Consultoria_logo-768x322.jpg 768w\" sizes=\"auto, (max-width: 527px) 100vw, 527px\" \/><\/a><\/figure><\/div>\n\n\n\n<p>O investimento p\u00fablico atingiu 3,04% do PIB no ano passado, o melhor resultado da \u00faltima d\u00e9cada, segundo o Observat\u00f3rio de Pol\u00edtica Fiscal do Ibre-FGV. Contudo, esse valor permanece inferior aos n\u00edveis do segundo mandato de Lula, quando chegou a ultrapassar 4% do PIB. No in\u00edcio dos anos 1970, o pa\u00eds investia mais de 10% do PIB. Analistas apontam que um Estado com gastos engessados e limitada capacidade de investimento estrat\u00e9gico falha em seu papel subsidi\u00e1rio de criar condi\u00e7\u00f5es para o florescimento da livre iniciativa e do desenvolvimento individual integral.<\/p>\n\n\n\n<div class=\"wp-block-image\"><figure class=\"aligncenter size-large is-resized\"><a href=\"https:\/\/www.controlsystems.com.br\/\"><img loading=\"lazy\" decoding=\"async\" src=\"https:\/\/jornalfatosenoticias.com.br\/wp-content\/uploads\/2020\/02\/CONTROL-CS.jpg\" alt=\"\" class=\"wp-image-44991\" width=\"260\" height=\"311\" srcset=\"https:\/\/jornalfatosenoticias.com.br\/wp-content\/uploads\/2020\/02\/CONTROL-CS.jpg 834w, https:\/\/jornalfatosenoticias.com.br\/wp-content\/uploads\/2020\/02\/CONTROL-CS-250x300.jpg 250w, https:\/\/jornalfatosenoticias.com.br\/wp-content\/uploads\/2020\/02\/CONTROL-CS-768x921.jpg 768w\" sizes=\"auto, (max-width: 260px) 100vw, 260px\" \/><\/a><\/figure><\/div>\n\n\n\n<p><strong><span class=\"has-inline-color has-black-color\">D\u00edvida crescente: riscos para a economia<br><\/span><\/strong>A deteriora\u00e7\u00e3o fiscal se reflete no aumento da d\u00edvida bruta, principal indicador da sa\u00fade fiscal do pa\u00eds. As proje\u00e7\u00f5es do Instituto Fiscal Independente (IFI), bra\u00e7o do Senado, indicam que, sem medidas ousadas de conten\u00e7\u00e3o, a d\u00edvida p\u00fablica continuar\u00e1 subindo. O IFI estima que a rela\u00e7\u00e3o d\u00edvida\/PIB, atualmente em 76,5%, dever\u00e1 chegar a cerca de 84% at\u00e9 2026. A partir da\u00ed, a trajet\u00f3ria segue em alta, superando 90% do PIB entre 2028 e 2029 e estabilizando-se pr\u00f3xima a 95% no in\u00edcio da pr\u00f3xima d\u00e9cada.<\/p>\n\n\n\n<div class=\"wp-block-image\"><figure class=\"aligncenter size-large is-resized\"><a href=\"https:\/\/www.instagram.com\/rcradiadores\/\"><img loading=\"lazy\" decoding=\"async\" src=\"https:\/\/jornalfatosenoticias.com.br\/wp-content\/uploads\/2022\/10\/RC_800x750_page-0001.jpg\" alt=\"\" class=\"wp-image-35338\" width=\"301\" height=\"282\" srcset=\"https:\/\/jornalfatosenoticias.com.br\/wp-content\/uploads\/2022\/10\/RC_800x750_page-0001.jpg 400w, https:\/\/jornalfatosenoticias.com.br\/wp-content\/uploads\/2022\/10\/RC_800x750_page-0001-300x281.jpg 300w\" sizes=\"auto, (max-width: 301px) 100vw, 301px\" \/><\/a><\/figure><\/div>\n\n\n\n<p>Para pa\u00edses emergentes como o Brasil, uma d\u00edvida acima de 80% do PIB j\u00e1 \u00e9 considerada muito alta, aponta a Warren Investimentos. D\u00edvida elevada e crescente representa riscos graves: compromete o or\u00e7amento p\u00fablico e diminui a confian\u00e7a dos investidores, afirma Franco, da Avin Asset. Ela tamb\u00e9m afeta diretamente os cidad\u00e3os e empreendedores atrav\u00e9s de juros mais altos, infla\u00e7\u00e3o e c\u00e2mbio pressionados. O governo passa a competir com o setor privado por recursos financeiros, inibindo o investimento privado, essencial para a gera\u00e7\u00e3o de empregos e riqueza.<\/p>\n\n\n\n<div class=\"wp-block-image\"><figure class=\"aligncenter size-large is-resized\"><a href=\"https:\/\/www.instagram.com\/restaurantepegoretti\/\"><img loading=\"lazy\" decoding=\"async\" src=\"https:\/\/jornalfatosenoticias.com.br\/wp-content\/uploads\/2023\/12\/pegoretti-logo-pdf-1024x389.jpg\" alt=\"\" class=\"wp-image-47536\" width=\"504\" height=\"191\" srcset=\"https:\/\/jornalfatosenoticias.com.br\/wp-content\/uploads\/2023\/12\/pegoretti-logo-pdf-1024x389.jpg 1024w, https:\/\/jornalfatosenoticias.com.br\/wp-content\/uploads\/2023\/12\/pegoretti-logo-pdf-300x114.jpg 300w, https:\/\/jornalfatosenoticias.com.br\/wp-content\/uploads\/2023\/12\/pegoretti-logo-pdf-768x291.jpg 768w, https:\/\/jornalfatosenoticias.com.br\/wp-content\/uploads\/2023\/12\/pegoretti-logo-pdf.jpg 1120w\" sizes=\"auto, (max-width: 504px) 100vw, 504px\" \/><\/a><\/figure><\/div>\n\n\n\n<p><strong><span class=\"has-inline-color has-black-color\">Ren\u00fancias fiscais: privil\u00e9gios que distorcem o mercado<br><\/span><\/strong>Em paralelo aos gastos excessivos, o Brasil abre m\u00e3o de aproximadamente R$ 600 bilh\u00f5es anuais \u2014 de 4% a 5% do PIB \u2014 em receitas atrav\u00e9s de isen\u00e7\u00f5es, dedu\u00e7\u00f5es e regimes especiais. Esses mecanismos s\u00e3o conhecidos, no jarg\u00e3o da contabilidade p\u00fablica, como gastos tribut\u00e1rios.<\/p>\n\n\n\n<div class=\"wp-block-image\"><figure class=\"aligncenter size-large is-resized\"><a href=\"https:\/\/www.instagram.com\/esteiochurrascaria\/\"><img loading=\"lazy\" decoding=\"async\" src=\"https:\/\/jornalfatosenoticias.com.br\/wp-content\/uploads\/2022\/02\/LOGO-ESTEIO-1024x730.png\" alt=\"\" class=\"wp-image-27942\" width=\"344\" height=\"245\" srcset=\"https:\/\/jornalfatosenoticias.com.br\/wp-content\/uploads\/2022\/02\/LOGO-ESTEIO-1024x730.png 1024w, https:\/\/jornalfatosenoticias.com.br\/wp-content\/uploads\/2022\/02\/LOGO-ESTEIO-300x214.png 300w, https:\/\/jornalfatosenoticias.com.br\/wp-content\/uploads\/2022\/02\/LOGO-ESTEIO-768x548.png 768w, https:\/\/jornalfatosenoticias.com.br\/wp-content\/uploads\/2022\/02\/LOGO-ESTEIO.png 1123w\" sizes=\"auto, (max-width: 344px) 100vw, 344px\" \/><\/a><\/figure><\/div>\n\n\n\n<blockquote class=\"wp-block-quote is-layout-flow wp-block-quote-is-layout-flow\"><p><span class=\"has-inline-color has-luminous-vivid-orange-color\">Muitas dessas ren\u00fancias beneficiam setores espec\u00edficos, geram distor\u00e7\u00f5es na economia e comprometem a arrecada\u00e7\u00e3o sem garantir um retorno social ou econ\u00f4mico claro&#8221;, explica Salto. Uma revis\u00e3o completa desses benef\u00edcios seria fundamental para ampliar a receita dispon\u00edvel, mas enfrenta resist\u00eancias pol\u00edticas.<\/span><\/p><\/blockquote>\n\n\n\n<div class=\"wp-block-image\"><figure class=\"aligncenter size-large is-resized\"><a href=\"https:\/\/www.facebook.com\/vetor.vix\/\"><img loading=\"lazy\" decoding=\"async\" src=\"https:\/\/jornalfatosenoticias.com.br\/wp-content\/uploads\/2023\/09\/vetorvix1024_1.jpg\" alt=\"\" class=\"wp-image-44868\" width=\"528\" height=\"140\" srcset=\"https:\/\/jornalfatosenoticias.com.br\/wp-content\/uploads\/2023\/09\/vetorvix1024_1.jpg 1024w, https:\/\/jornalfatosenoticias.com.br\/wp-content\/uploads\/2023\/09\/vetorvix1024_1-300x80.jpg 300w, https:\/\/jornalfatosenoticias.com.br\/wp-content\/uploads\/2023\/09\/vetorvix1024_1-768x205.jpg 768w\" sizes=\"auto, (max-width: 528px) 100vw, 528px\" \/><\/a><\/figure><\/div>\n\n\n\n<p><strong><span class=\"has-inline-color has-black-color\">2027: o momento da verdade para as contas p\u00fablicas<br><\/span><\/strong>Diante da rigidez dos gastos e da press\u00e3o da d\u00edvida, o pr\u00f3prio arcabou\u00e7o fiscal pode se tornar invi\u00e1vel antes do fim da d\u00e9cada, destacam L\u00edvio Ribeiro e Matheus Ribeiro, da BRCG Consultoria. O pr\u00f3ximo governo, independentemente de quem seja eleito, enfrentar\u00e1 o imperativo de conduzir um programa estrutural de conten\u00e7\u00e3o de despesas diante da crise fiscal.<\/p>\n\n\n\n<div class=\"wp-block-image\"><figure class=\"aligncenter size-large is-resized\"><a href=\"https:\/\/panper.com.br\/\"><img loading=\"lazy\" decoding=\"async\" src=\"https:\/\/jornalfatosenoticias.com.br\/wp-content\/uploads\/2023\/03\/logo-Panper_portal.jpg\" alt=\"\" class=\"wp-image-40208\" width=\"351\" height=\"243\" srcset=\"https:\/\/jornalfatosenoticias.com.br\/wp-content\/uploads\/2023\/03\/logo-Panper_portal.jpg 400w, https:\/\/jornalfatosenoticias.com.br\/wp-content\/uploads\/2023\/03\/logo-Panper_portal-300x208.jpg 300w\" sizes=\"auto, (max-width: 351px) 100vw, 351px\" \/><\/a><\/figure><\/div>\n\n\n\n<p>A partir de 2027, as regras fiscais precisar\u00e3o ser revistas. Uma op\u00e7\u00e3o seria promover uma revis\u00e3o expressiva do gasto p\u00fablico para que o Estado &#8220;caiba&#8221; nas regras, como aponta Alexandre Pletes, head de renda vari\u00e1vel da Faz Capital. Se isso n\u00e3o for feito, a alternativa seria flexibilizar as regras para acomodar um Estado maior, o que levaria \u00e0 perda de credibilidade, juros altos e baixo crescimento.<\/p>\n\n\n\n<div class=\"wp-block-image\"><figure class=\"aligncenter size-large is-resized\"><a href=\"https:\/\/www.ithbrasil.com.br\/\"><img loading=\"lazy\" decoding=\"async\" src=\"https:\/\/jornalfatosenoticias.com.br\/wp-content\/uploads\/2023\/08\/ITH.jpeg\" alt=\"\" class=\"wp-image-44638\" width=\"304\" height=\"247\" srcset=\"https:\/\/jornalfatosenoticias.com.br\/wp-content\/uploads\/2023\/08\/ITH.jpeg 800w, https:\/\/jornalfatosenoticias.com.br\/wp-content\/uploads\/2023\/08\/ITH-300x244.jpeg 300w, https:\/\/jornalfatosenoticias.com.br\/wp-content\/uploads\/2023\/08\/ITH-768x624.jpeg 768w\" sizes=\"auto, (max-width: 304px) 100vw, 304px\" \/><\/a><\/figure><\/div>\n\n\n\n<p>A falta de sinaliza\u00e7\u00e3o clara sobre solu\u00e7\u00f5es fiscais pelo Congresso e grupos pol\u00edticos deixa as expectativas econ\u00f4micas &#8220;\u00e0 deriva&#8221;, comprometendo investimentos, consumo e o ambiente de neg\u00f3cios. O debate \u00e9 ignorado pelo Executivo e Legislativo, mas o projeto de Lei das Diretrizes Or\u00e7ament\u00e1rias (PLDO) para 2026 evidencia a urg\u00eancia de ajustes fiscais, destacando que o problema reside no controle de gastos p\u00fablicos, n\u00e3o na arrecada\u00e7\u00e3o.<\/p>\n\n\n\n<div class=\"wp-block-image\"><figure class=\"aligncenter size-large\"><a href=\"http:\/\/www.ferrarimaquinas.com.br\/\"><img loading=\"lazy\" decoding=\"async\" width=\"1024\" height=\"100\" src=\"https:\/\/jornalfatosenoticias.com.br\/wp-content\/uploads\/2020\/02\/banner_ferramentas-1024x100.jpg\" alt=\"\" class=\"wp-image-1258\" srcset=\"https:\/\/jornalfatosenoticias.com.br\/wp-content\/uploads\/2020\/02\/banner_ferramentas-1024x100.jpg 1024w, https:\/\/jornalfatosenoticias.com.br\/wp-content\/uploads\/2020\/02\/banner_ferramentas-300x29.jpg 300w, https:\/\/jornalfatosenoticias.com.br\/wp-content\/uploads\/2020\/02\/banner_ferramentas-768x75.jpg 768w, https:\/\/jornalfatosenoticias.com.br\/wp-content\/uploads\/2020\/02\/banner_ferramentas.jpg 1227w\" sizes=\"auto, (max-width: 1024px) 100vw, 1024px\" \/><\/a><\/figure><\/div>\n\n\n\n<p>Como definiu o ex-ministro da Fazenda Ma\u00edlson da N\u00f3brega, trata-se de uma &#8220;crise fiscal contratada&#8221;, cujas consequ\u00eancias ser\u00e3o sentidas nos pr\u00f3ximos anos. A solu\u00e7\u00e3o passa por um compromisso pol\u00edtico em torno de uma agenda de mudan\u00e7a no gasto do governo, buscando um Estado mais eficiente e focado em suas fun\u00e7\u00f5es essenciais.<\/p>\n\n\n\n<div class=\"wp-block-image\"><figure class=\"aligncenter size-large is-resized\"><a href=\"https:\/\/www.facebook.com\/postobkr\/?locale=pt_BR\"><img loading=\"lazy\" decoding=\"async\" src=\"https:\/\/jornalfatosenoticias.com.br\/wp-content\/uploads\/2023\/08\/BKR-1024x1021.jpg\" alt=\"\" class=\"wp-image-44494\" width=\"299\" height=\"298\" srcset=\"https:\/\/jornalfatosenoticias.com.br\/wp-content\/uploads\/2023\/08\/BKR-1024x1021.jpg 1024w, https:\/\/jornalfatosenoticias.com.br\/wp-content\/uploads\/2023\/08\/BKR-300x300.jpg 300w, https:\/\/jornalfatosenoticias.com.br\/wp-content\/uploads\/2023\/08\/BKR-150x150.jpg 150w, https:\/\/jornalfatosenoticias.com.br\/wp-content\/uploads\/2023\/08\/BKR-768x766.jpg 768w, https:\/\/jornalfatosenoticias.com.br\/wp-content\/uploads\/2023\/08\/BKR.jpg 1080w\" sizes=\"auto, (max-width: 299px) 100vw, 299px\" \/><\/a><\/figure><\/div>\n\n\n\n<blockquote class=\"wp-block-quote is-layout-flow wp-block-quote-is-layout-flow\"><p><span class=\"has-inline-color has-luminous-vivid-orange-color\">O ritmo atual de melhora gradual n\u00e3o \u00e9 suficiente. Ser\u00e1 preciso algo mais ousado para conter as despesas mandat\u00f3rias e os gastos tribut\u00e1rios&#8221;, conclui Salto.<\/span><\/p><\/blockquote>\n\n\n\n<p><strong>Fonte: <a href=\"https:\/\/www.gazetadopovo.com.br\/economia\/crise-fiscal-heranca-lula-2027\/\">Gazeta do Povo<\/a><\/strong><\/p>\n","protected":false},"excerpt":{"rendered":"<p>Medidas para um ajuste fiscal mais r\u00edgido s\u00e3o evitadas tanto por Lula quanto pelo Congresso Por Vandr\u00e9 Kramer O pr\u00f3ximo presidente da Rep\u00fablica herdar\u00e1 um grave problema quando assumir em 2027: contas p\u00fablicas desequilibradas e d\u00edvida em trajet\u00f3ria de crescimento. Caso Luiz In\u00e1cio Lula da Silva (PT) se reeleja em 2026, caber\u00e1 a ele pr\u00f3prio [&hellip;]<\/p>\n","protected":false},"author":2,"featured_media":59152,"comment_status":"open","ping_status":"open","sticky":false,"template":"","format":"standard","meta":{"footnotes":""},"categories":[9],"tags":[8163,859,4182,7580,278,18849],"class_list":["post-59151","post","type-post","status-publish","format-standard","has-post-thumbnail","hentry","category-economia","tag-contas-publicas","tag-financas","tag-inflacao","tag-lula","tag-pib","tag-rombo-nas-contas-publicas"],"yoast_head":"<!-- This site is optimized with the Yoast SEO plugin v26.5 - https:\/\/yoast.com\/wordpress\/plugins\/seo\/ -->\n<title>\u201cHeran\u00e7a maldita\u201d: Lula deixar\u00e1 contas p\u00fablicas em crise ao fim do mandato - Jornal Fatos e Not\u00edcias<\/title>\n<meta name=\"robots\" content=\"index, follow, max-snippet:-1, max-image-preview:large, max-video-preview:-1\" \/>\n<link rel=\"canonical\" href=\"https:\/\/jornalfatosenoticias.com.br\/index.php\/2025\/05\/13\/heranca-maldita-lula-deixara-contas-publicas-em-crise-ao-fim-do-mandato\/\" \/>\n<meta property=\"og:locale\" content=\"pt_BR\" \/>\n<meta property=\"og:type\" content=\"article\" \/>\n<meta property=\"og:title\" content=\"\u201cHeran\u00e7a maldita\u201d: Lula deixar\u00e1 contas p\u00fablicas em crise ao fim do mandato - Jornal Fatos e Not\u00edcias\" \/>\n<meta property=\"og:description\" content=\"Medidas para um ajuste fiscal mais r\u00edgido s\u00e3o evitadas tanto por Lula quanto pelo Congresso Por Vandr\u00e9 Kramer O pr\u00f3ximo presidente da Rep\u00fablica herdar\u00e1 um grave problema quando assumir em 2027: contas p\u00fablicas desequilibradas e d\u00edvida em trajet\u00f3ria de crescimento. Caso Luiz In\u00e1cio Lula da Silva (PT) se reeleja em 2026, caber\u00e1 a ele pr\u00f3prio [&hellip;]\" \/>\n<meta property=\"og:url\" content=\"https:\/\/jornalfatosenoticias.com.br\/index.php\/2025\/05\/13\/heranca-maldita-lula-deixara-contas-publicas-em-crise-ao-fim-do-mandato\/\" \/>\n<meta property=\"og:site_name\" content=\"Jornal Fatos e Not\u00edcias\" \/>\n<meta property=\"article:published_time\" content=\"2025-05-13T13:01:57+00:00\" \/>\n<meta property=\"article:modified_time\" content=\"2025-05-13T13:01:59+00:00\" \/>\n<meta property=\"og:image\" content=\"https:\/\/jornalfatosenoticias.com.br\/wp-content\/uploads\/2025\/05\/nine-heranca-maldita_gettyimages.jpg\" \/>\n\t<meta property=\"og:image:width\" content=\"612\" \/>\n\t<meta property=\"og:image:height\" content=\"408\" \/>\n\t<meta property=\"og:image:type\" content=\"image\/jpeg\" \/>\n<meta name=\"author\" content=\"Luzimara Fernandes\" \/>\n<meta name=\"twitter:card\" content=\"summary_large_image\" \/>\n<meta name=\"twitter:label1\" content=\"Escrito por\" \/>\n\t<meta name=\"twitter:data1\" content=\"Luzimara Fernandes\" \/>\n\t<meta name=\"twitter:label2\" content=\"Est. tempo de leitura\" \/>\n\t<meta name=\"twitter:data2\" content=\"6 minutos\" \/>\n<script type=\"application\/ld+json\" class=\"yoast-schema-graph\">{\"@context\":\"https:\/\/schema.org\",\"@graph\":[{\"@type\":\"Article\",\"@id\":\"https:\/\/jornalfatosenoticias.com.br\/index.php\/2025\/05\/13\/heranca-maldita-lula-deixara-contas-publicas-em-crise-ao-fim-do-mandato\/#article\",\"isPartOf\":{\"@id\":\"https:\/\/jornalfatosenoticias.com.br\/index.php\/2025\/05\/13\/heranca-maldita-lula-deixara-contas-publicas-em-crise-ao-fim-do-mandato\/\"},\"author\":{\"name\":\"Luzimara Fernandes\",\"@id\":\"https:\/\/jornalfatosenoticias.com.br\/#\/schema\/person\/d63837fa13ac8666eb9e74e0985d6f81\"},\"headline\":\"\u201cHeran\u00e7a maldita\u201d: Lula deixar\u00e1 contas p\u00fablicas em crise ao fim do mandato\",\"datePublished\":\"2025-05-13T13:01:57+00:00\",\"dateModified\":\"2025-05-13T13:01:59+00:00\",\"mainEntityOfPage\":{\"@id\":\"https:\/\/jornalfatosenoticias.com.br\/index.php\/2025\/05\/13\/heranca-maldita-lula-deixara-contas-publicas-em-crise-ao-fim-do-mandato\/\"},\"wordCount\":1221,\"commentCount\":0,\"publisher\":{\"@id\":\"https:\/\/jornalfatosenoticias.com.br\/#organization\"},\"image\":{\"@id\":\"https:\/\/jornalfatosenoticias.com.br\/index.php\/2025\/05\/13\/heranca-maldita-lula-deixara-contas-publicas-em-crise-ao-fim-do-mandato\/#primaryimage\"},\"thumbnailUrl\":\"https:\/\/jornalfatosenoticias.com.br\/wp-content\/uploads\/2025\/05\/nine-heranca-maldita_gettyimages.jpg\",\"keywords\":[\"contas p\u00fablicas\",\"finan\u00e7as\",\"infla\u00e7\u00e3o\",\"Lula\",\"PIB\",\"rombo nas contas p\u00fablicas\"],\"articleSection\":[\"Economia\"],\"inLanguage\":\"pt-BR\",\"potentialAction\":[{\"@type\":\"CommentAction\",\"name\":\"Comment\",\"target\":[\"https:\/\/jornalfatosenoticias.com.br\/index.php\/2025\/05\/13\/heranca-maldita-lula-deixara-contas-publicas-em-crise-ao-fim-do-mandato\/#respond\"]}]},{\"@type\":\"WebPage\",\"@id\":\"https:\/\/jornalfatosenoticias.com.br\/index.php\/2025\/05\/13\/heranca-maldita-lula-deixara-contas-publicas-em-crise-ao-fim-do-mandato\/\",\"url\":\"https:\/\/jornalfatosenoticias.com.br\/index.php\/2025\/05\/13\/heranca-maldita-lula-deixara-contas-publicas-em-crise-ao-fim-do-mandato\/\",\"name\":\"\u201cHeran\u00e7a maldita\u201d: Lula deixar\u00e1 contas p\u00fablicas em crise ao fim do mandato - Jornal Fatos e Not\u00edcias\",\"isPartOf\":{\"@id\":\"https:\/\/jornalfatosenoticias.com.br\/#website\"},\"primaryImageOfPage\":{\"@id\":\"https:\/\/jornalfatosenoticias.com.br\/index.php\/2025\/05\/13\/heranca-maldita-lula-deixara-contas-publicas-em-crise-ao-fim-do-mandato\/#primaryimage\"},\"image\":{\"@id\":\"https:\/\/jornalfatosenoticias.com.br\/index.php\/2025\/05\/13\/heranca-maldita-lula-deixara-contas-publicas-em-crise-ao-fim-do-mandato\/#primaryimage\"},\"thumbnailUrl\":\"https:\/\/jornalfatosenoticias.com.br\/wp-content\/uploads\/2025\/05\/nine-heranca-maldita_gettyimages.jpg\",\"datePublished\":\"2025-05-13T13:01:57+00:00\",\"dateModified\":\"2025-05-13T13:01:59+00:00\",\"breadcrumb\":{\"@id\":\"https:\/\/jornalfatosenoticias.com.br\/index.php\/2025\/05\/13\/heranca-maldita-lula-deixara-contas-publicas-em-crise-ao-fim-do-mandato\/#breadcrumb\"},\"inLanguage\":\"pt-BR\",\"potentialAction\":[{\"@type\":\"ReadAction\",\"target\":[\"https:\/\/jornalfatosenoticias.com.br\/index.php\/2025\/05\/13\/heranca-maldita-lula-deixara-contas-publicas-em-crise-ao-fim-do-mandato\/\"]}]},{\"@type\":\"ImageObject\",\"inLanguage\":\"pt-BR\",\"@id\":\"https:\/\/jornalfatosenoticias.com.br\/index.php\/2025\/05\/13\/heranca-maldita-lula-deixara-contas-publicas-em-crise-ao-fim-do-mandato\/#primaryimage\",\"url\":\"https:\/\/jornalfatosenoticias.com.br\/wp-content\/uploads\/2025\/05\/nine-heranca-maldita_gettyimages.jpg\",\"contentUrl\":\"https:\/\/jornalfatosenoticias.com.br\/wp-content\/uploads\/2025\/05\/nine-heranca-maldita_gettyimages.jpg\",\"width\":612,\"height\":408,\"caption\":\"Brazil's President Luiz In\u00e1cio Lula da Silva gives a thumbs up upon arrival at the inauguration ceremony of Mexico's President-elect Claudia Sheinbaum at the Congress of the Union in Mexico City on October 1, 2024. (Photo by CARL DE SOUZA \/ AFP) (Photo by CARL DE SOUZA\/AFP via Getty Images)\"},{\"@type\":\"BreadcrumbList\",\"@id\":\"https:\/\/jornalfatosenoticias.com.br\/index.php\/2025\/05\/13\/heranca-maldita-lula-deixara-contas-publicas-em-crise-ao-fim-do-mandato\/#breadcrumb\",\"itemListElement\":[{\"@type\":\"ListItem\",\"position\":1,\"name\":\"In\u00edcio\",\"item\":\"https:\/\/jornalfatosenoticias.com.br\/\"},{\"@type\":\"ListItem\",\"position\":2,\"name\":\"\u201cHeran\u00e7a maldita\u201d: Lula deixar\u00e1 contas p\u00fablicas em crise ao fim do mandato\"}]},{\"@type\":\"WebSite\",\"@id\":\"https:\/\/jornalfatosenoticias.com.br\/#website\",\"url\":\"https:\/\/jornalfatosenoticias.com.br\/\",\"name\":\"Jornal Fatos e Not\u00edcias\",\"description\":\"Not\u00edcias em geral\",\"publisher\":{\"@id\":\"https:\/\/jornalfatosenoticias.com.br\/#organization\"},\"potentialAction\":[{\"@type\":\"SearchAction\",\"target\":{\"@type\":\"EntryPoint\",\"urlTemplate\":\"https:\/\/jornalfatosenoticias.com.br\/?s={search_term_string}\"},\"query-input\":{\"@type\":\"PropertyValueSpecification\",\"valueRequired\":true,\"valueName\":\"search_term_string\"}}],\"inLanguage\":\"pt-BR\"},{\"@type\":\"Organization\",\"@id\":\"https:\/\/jornalfatosenoticias.com.br\/#organization\",\"name\":\"Jornal Fatos e Not\u00edcias\",\"url\":\"https:\/\/jornalfatosenoticias.com.br\/\",\"logo\":{\"@type\":\"ImageObject\",\"inLanguage\":\"pt-BR\",\"@id\":\"https:\/\/jornalfatosenoticias.com.br\/#\/schema\/logo\/image\/\",\"url\":\"https:\/\/jornalfatosenoticias.com.br\/wp-content\/uploads\/2020\/02\/logo120.png\",\"contentUrl\":\"https:\/\/jornalfatosenoticias.com.br\/wp-content\/uploads\/2020\/02\/logo120.png\",\"width\":1227,\"height\":120,\"caption\":\"Jornal Fatos e Not\u00edcias\"},\"image\":{\"@id\":\"https:\/\/jornalfatosenoticias.com.br\/#\/schema\/logo\/image\/\"}},{\"@type\":\"Person\",\"@id\":\"https:\/\/jornalfatosenoticias.com.br\/#\/schema\/person\/d63837fa13ac8666eb9e74e0985d6f81\",\"name\":\"Luzimara Fernandes\",\"image\":{\"@type\":\"ImageObject\",\"inLanguage\":\"pt-BR\",\"@id\":\"https:\/\/jornalfatosenoticias.com.br\/#\/schema\/person\/image\/\",\"url\":\"https:\/\/jornalfatosenoticias.com.br\/wp-content\/uploads\/2025\/05\/EU_portal.jpg\",\"contentUrl\":\"https:\/\/jornalfatosenoticias.com.br\/wp-content\/uploads\/2025\/05\/EU_portal.jpg\",\"caption\":\"Luzimara Fernandes\"},\"description\":\"Jornalista MTB 2358-ES\",\"sameAs\":[\"https:\/\/jornalfatosenoticias.com.br\"],\"url\":\"https:\/\/jornalfatosenoticias.com.br\/index.php\/author\/luzimara\/\"}]}<\/script>\n<!-- \/ Yoast SEO plugin. -->","yoast_head_json":{"title":"\u201cHeran\u00e7a maldita\u201d: Lula deixar\u00e1 contas p\u00fablicas em crise ao fim do mandato - Jornal Fatos e Not\u00edcias","robots":{"index":"index","follow":"follow","max-snippet":"max-snippet:-1","max-image-preview":"max-image-preview:large","max-video-preview":"max-video-preview:-1"},"canonical":"https:\/\/jornalfatosenoticias.com.br\/index.php\/2025\/05\/13\/heranca-maldita-lula-deixara-contas-publicas-em-crise-ao-fim-do-mandato\/","og_locale":"pt_BR","og_type":"article","og_title":"\u201cHeran\u00e7a maldita\u201d: Lula deixar\u00e1 contas p\u00fablicas em crise ao fim do mandato - Jornal Fatos e Not\u00edcias","og_description":"Medidas para um ajuste fiscal mais r\u00edgido s\u00e3o evitadas tanto por Lula quanto pelo Congresso Por Vandr\u00e9 Kramer O pr\u00f3ximo presidente da Rep\u00fablica herdar\u00e1 um grave problema quando assumir em 2027: contas p\u00fablicas desequilibradas e d\u00edvida em trajet\u00f3ria de crescimento. Caso Luiz In\u00e1cio Lula da Silva (PT) se reeleja em 2026, caber\u00e1 a ele pr\u00f3prio [&hellip;]","og_url":"https:\/\/jornalfatosenoticias.com.br\/index.php\/2025\/05\/13\/heranca-maldita-lula-deixara-contas-publicas-em-crise-ao-fim-do-mandato\/","og_site_name":"Jornal Fatos e Not\u00edcias","article_published_time":"2025-05-13T13:01:57+00:00","article_modified_time":"2025-05-13T13:01:59+00:00","og_image":[{"width":612,"height":408,"url":"https:\/\/jornalfatosenoticias.com.br\/wp-content\/uploads\/2025\/05\/nine-heranca-maldita_gettyimages.jpg","type":"image\/jpeg"}],"author":"Luzimara Fernandes","twitter_card":"summary_large_image","twitter_misc":{"Escrito por":"Luzimara Fernandes","Est. tempo de leitura":"6 minutos"},"schema":{"@context":"https:\/\/schema.org","@graph":[{"@type":"Article","@id":"https:\/\/jornalfatosenoticias.com.br\/index.php\/2025\/05\/13\/heranca-maldita-lula-deixara-contas-publicas-em-crise-ao-fim-do-mandato\/#article","isPartOf":{"@id":"https:\/\/jornalfatosenoticias.com.br\/index.php\/2025\/05\/13\/heranca-maldita-lula-deixara-contas-publicas-em-crise-ao-fim-do-mandato\/"},"author":{"name":"Luzimara Fernandes","@id":"https:\/\/jornalfatosenoticias.com.br\/#\/schema\/person\/d63837fa13ac8666eb9e74e0985d6f81"},"headline":"\u201cHeran\u00e7a maldita\u201d: Lula deixar\u00e1 contas p\u00fablicas em crise ao fim do mandato","datePublished":"2025-05-13T13:01:57+00:00","dateModified":"2025-05-13T13:01:59+00:00","mainEntityOfPage":{"@id":"https:\/\/jornalfatosenoticias.com.br\/index.php\/2025\/05\/13\/heranca-maldita-lula-deixara-contas-publicas-em-crise-ao-fim-do-mandato\/"},"wordCount":1221,"commentCount":0,"publisher":{"@id":"https:\/\/jornalfatosenoticias.com.br\/#organization"},"image":{"@id":"https:\/\/jornalfatosenoticias.com.br\/index.php\/2025\/05\/13\/heranca-maldita-lula-deixara-contas-publicas-em-crise-ao-fim-do-mandato\/#primaryimage"},"thumbnailUrl":"https:\/\/jornalfatosenoticias.com.br\/wp-content\/uploads\/2025\/05\/nine-heranca-maldita_gettyimages.jpg","keywords":["contas p\u00fablicas","finan\u00e7as","infla\u00e7\u00e3o","Lula","PIB","rombo nas contas p\u00fablicas"],"articleSection":["Economia"],"inLanguage":"pt-BR","potentialAction":[{"@type":"CommentAction","name":"Comment","target":["https:\/\/jornalfatosenoticias.com.br\/index.php\/2025\/05\/13\/heranca-maldita-lula-deixara-contas-publicas-em-crise-ao-fim-do-mandato\/#respond"]}]},{"@type":"WebPage","@id":"https:\/\/jornalfatosenoticias.com.br\/index.php\/2025\/05\/13\/heranca-maldita-lula-deixara-contas-publicas-em-crise-ao-fim-do-mandato\/","url":"https:\/\/jornalfatosenoticias.com.br\/index.php\/2025\/05\/13\/heranca-maldita-lula-deixara-contas-publicas-em-crise-ao-fim-do-mandato\/","name":"\u201cHeran\u00e7a maldita\u201d: Lula deixar\u00e1 contas p\u00fablicas em crise ao fim do mandato - Jornal Fatos e Not\u00edcias","isPartOf":{"@id":"https:\/\/jornalfatosenoticias.com.br\/#website"},"primaryImageOfPage":{"@id":"https:\/\/jornalfatosenoticias.com.br\/index.php\/2025\/05\/13\/heranca-maldita-lula-deixara-contas-publicas-em-crise-ao-fim-do-mandato\/#primaryimage"},"image":{"@id":"https:\/\/jornalfatosenoticias.com.br\/index.php\/2025\/05\/13\/heranca-maldita-lula-deixara-contas-publicas-em-crise-ao-fim-do-mandato\/#primaryimage"},"thumbnailUrl":"https:\/\/jornalfatosenoticias.com.br\/wp-content\/uploads\/2025\/05\/nine-heranca-maldita_gettyimages.jpg","datePublished":"2025-05-13T13:01:57+00:00","dateModified":"2025-05-13T13:01:59+00:00","breadcrumb":{"@id":"https:\/\/jornalfatosenoticias.com.br\/index.php\/2025\/05\/13\/heranca-maldita-lula-deixara-contas-publicas-em-crise-ao-fim-do-mandato\/#breadcrumb"},"inLanguage":"pt-BR","potentialAction":[{"@type":"ReadAction","target":["https:\/\/jornalfatosenoticias.com.br\/index.php\/2025\/05\/13\/heranca-maldita-lula-deixara-contas-publicas-em-crise-ao-fim-do-mandato\/"]}]},{"@type":"ImageObject","inLanguage":"pt-BR","@id":"https:\/\/jornalfatosenoticias.com.br\/index.php\/2025\/05\/13\/heranca-maldita-lula-deixara-contas-publicas-em-crise-ao-fim-do-mandato\/#primaryimage","url":"https:\/\/jornalfatosenoticias.com.br\/wp-content\/uploads\/2025\/05\/nine-heranca-maldita_gettyimages.jpg","contentUrl":"https:\/\/jornalfatosenoticias.com.br\/wp-content\/uploads\/2025\/05\/nine-heranca-maldita_gettyimages.jpg","width":612,"height":408,"caption":"Brazil's President Luiz In\u00e1cio Lula da Silva gives a thumbs up upon arrival at the inauguration ceremony of Mexico's President-elect Claudia Sheinbaum at the Congress of the Union in Mexico City on October 1, 2024. (Photo by CARL DE SOUZA \/ AFP) (Photo by CARL DE SOUZA\/AFP via Getty Images)"},{"@type":"BreadcrumbList","@id":"https:\/\/jornalfatosenoticias.com.br\/index.php\/2025\/05\/13\/heranca-maldita-lula-deixara-contas-publicas-em-crise-ao-fim-do-mandato\/#breadcrumb","itemListElement":[{"@type":"ListItem","position":1,"name":"In\u00edcio","item":"https:\/\/jornalfatosenoticias.com.br\/"},{"@type":"ListItem","position":2,"name":"\u201cHeran\u00e7a maldita\u201d: Lula deixar\u00e1 contas p\u00fablicas em crise ao fim do mandato"}]},{"@type":"WebSite","@id":"https:\/\/jornalfatosenoticias.com.br\/#website","url":"https:\/\/jornalfatosenoticias.com.br\/","name":"Jornal Fatos e Not\u00edcias","description":"Not\u00edcias em geral","publisher":{"@id":"https:\/\/jornalfatosenoticias.com.br\/#organization"},"potentialAction":[{"@type":"SearchAction","target":{"@type":"EntryPoint","urlTemplate":"https:\/\/jornalfatosenoticias.com.br\/?s={search_term_string}"},"query-input":{"@type":"PropertyValueSpecification","valueRequired":true,"valueName":"search_term_string"}}],"inLanguage":"pt-BR"},{"@type":"Organization","@id":"https:\/\/jornalfatosenoticias.com.br\/#organization","name":"Jornal Fatos e Not\u00edcias","url":"https:\/\/jornalfatosenoticias.com.br\/","logo":{"@type":"ImageObject","inLanguage":"pt-BR","@id":"https:\/\/jornalfatosenoticias.com.br\/#\/schema\/logo\/image\/","url":"https:\/\/jornalfatosenoticias.com.br\/wp-content\/uploads\/2020\/02\/logo120.png","contentUrl":"https:\/\/jornalfatosenoticias.com.br\/wp-content\/uploads\/2020\/02\/logo120.png","width":1227,"height":120,"caption":"Jornal Fatos e Not\u00edcias"},"image":{"@id":"https:\/\/jornalfatosenoticias.com.br\/#\/schema\/logo\/image\/"}},{"@type":"Person","@id":"https:\/\/jornalfatosenoticias.com.br\/#\/schema\/person\/d63837fa13ac8666eb9e74e0985d6f81","name":"Luzimara Fernandes","image":{"@type":"ImageObject","inLanguage":"pt-BR","@id":"https:\/\/jornalfatosenoticias.com.br\/#\/schema\/person\/image\/","url":"https:\/\/jornalfatosenoticias.com.br\/wp-content\/uploads\/2025\/05\/EU_portal.jpg","contentUrl":"https:\/\/jornalfatosenoticias.com.br\/wp-content\/uploads\/2025\/05\/EU_portal.jpg","caption":"Luzimara Fernandes"},"description":"Jornalista MTB 2358-ES","sameAs":["https:\/\/jornalfatosenoticias.com.br"],"url":"https:\/\/jornalfatosenoticias.com.br\/index.php\/author\/luzimara\/"}]}},"cc_featured_image_caption":{"caption_text":"(Foto: Getty Images) ","source_text":"","source_url":""},"jetpack_featured_media_url":"https:\/\/jornalfatosenoticias.com.br\/wp-content\/uploads\/2025\/05\/nine-heranca-maldita_gettyimages.jpg","_links":{"self":[{"href":"https:\/\/jornalfatosenoticias.com.br\/index.php\/wp-json\/wp\/v2\/posts\/59151","targetHints":{"allow":["GET"]}}],"collection":[{"href":"https:\/\/jornalfatosenoticias.com.br\/index.php\/wp-json\/wp\/v2\/posts"}],"about":[{"href":"https:\/\/jornalfatosenoticias.com.br\/index.php\/wp-json\/wp\/v2\/types\/post"}],"author":[{"embeddable":true,"href":"https:\/\/jornalfatosenoticias.com.br\/index.php\/wp-json\/wp\/v2\/users\/2"}],"replies":[{"embeddable":true,"href":"https:\/\/jornalfatosenoticias.com.br\/index.php\/wp-json\/wp\/v2\/comments?post=59151"}],"version-history":[{"count":0,"href":"https:\/\/jornalfatosenoticias.com.br\/index.php\/wp-json\/wp\/v2\/posts\/59151\/revisions"}],"wp:featuredmedia":[{"embeddable":true,"href":"https:\/\/jornalfatosenoticias.com.br\/index.php\/wp-json\/wp\/v2\/media\/59152"}],"wp:attachment":[{"href":"https:\/\/jornalfatosenoticias.com.br\/index.php\/wp-json\/wp\/v2\/media?parent=59151"}],"wp:term":[{"taxonomy":"category","embeddable":true,"href":"https:\/\/jornalfatosenoticias.com.br\/index.php\/wp-json\/wp\/v2\/categories?post=59151"},{"taxonomy":"post_tag","embeddable":true,"href":"https:\/\/jornalfatosenoticias.com.br\/index.php\/wp-json\/wp\/v2\/tags?post=59151"}],"curies":[{"name":"wp","href":"https:\/\/api.w.org\/{rel}","templated":true}]}}