{"id":59154,"date":"2025-05-13T10:49:39","date_gmt":"2025-05-13T13:49:39","guid":{"rendered":"https:\/\/jornalfatosenoticias.com.br\/?p=59154"},"modified":"2025-05-13T10:49:41","modified_gmt":"2025-05-13T13:49:41","slug":"senado-discute-profunda-reforma-eleitoral-em-paralelo-a-disputa-entre-esquerda-e-direita","status":"publish","type":"post","link":"https:\/\/jornalfatosenoticias.com.br\/index.php\/2025\/05\/13\/senado-discute-profunda-reforma-eleitoral-em-paralelo-a-disputa-entre-esquerda-e-direita\/","title":{"rendered":"Senado discute profunda reforma eleitoral em paralelo \u00e0 disputa entre esquerda e direita"},"content":{"rendered":"\n<p><em><span class=\"has-inline-color has-black-color\">Relator do novo c\u00f3digo eleitoral no Senado, Marcelo Castro (MDB-PI), tamb\u00e9m relata emenda constitucional para acabar com a reelei\u00e7\u00e3o no Executivo<\/span><\/em><\/p>\n\n\n\n<p><span class=\"has-inline-color has-black-color\">Por <strong><a href=\"https:\/\/www.gazetadopovo.com.br\/autor\/silvio-ribas\/\" rel=\"sponsored nofollow\">S\u00edlvio Ribas<\/a><\/strong><\/span><\/p>\n\n\n\n<div class=\"wp-block-image\"><figure class=\"aligncenter size-large\"><a href=\"https:\/\/mizu.com.br\/\"><img loading=\"lazy\" decoding=\"async\" width=\"729\" height=\"90\" src=\"https:\/\/jornalfatosenoticias.com.br\/wp-content\/uploads\/2020\/02\/Logo_Mizu.png\" alt=\"\" class=\"wp-image-1441\" srcset=\"https:\/\/jornalfatosenoticias.com.br\/wp-content\/uploads\/2020\/02\/Logo_Mizu.png 729w, https:\/\/jornalfatosenoticias.com.br\/wp-content\/uploads\/2020\/02\/Logo_Mizu-300x37.png 300w\" sizes=\"auto, (max-width: 729px) 100vw, 729px\" \/><\/a><\/figure><\/div>\n\n\n\n<p>Longe dos holofotes e embates tensos entre esquerda e direita, o Senado conduz, por meio da Comiss\u00e3o de Constitui\u00e7\u00e3o e Justi\u00e7a (CCJ), o debate sobre a mais profunda reforma eleitoral do pa\u00eds em d\u00e9cadas. Se aprovadas, as mudan\u00e7as devem impactar diretamente as disputas de poder.<br>Com esse potencial, est\u00e3o sob an\u00e1lise do colegiado dois projetos: o novo C\u00f3digo Eleitoral (PLP 112\/2021) e a proposta de emenda \u00e0 Constitui\u00e7\u00e3o que extingue a reelei\u00e7\u00e3o para cargos do Executivo (PEC 12\/2022). Ambas as mat\u00e9rias s\u00e3o relatadas pelo senador Marcelo Castro (MDB-PI). O novo parecer sobre o PLP 112 deve ser lido na comiss\u00e3o nas pr\u00f3ximas semanas.<\/p>\n\n\n\n<div class=\"wp-block-image\"><figure class=\"aligncenter size-large\"><a href=\"https:\/\/www.cesconetto.com.br\/\"><img loading=\"lazy\" decoding=\"async\" width=\"300\" height=\"250\" src=\"https:\/\/jornalfatosenoticias.com.br\/wp-content\/uploads\/2020\/02\/Banner-2.png\" alt=\"\" class=\"wp-image-43787\"\/><\/a><\/figure><\/div>\n\n\n\n<p>Ap\u00f3s sofrer resist\u00eancias \u2014 sobretudo no quesito representa\u00e7\u00e3o feminina no Legislativo \u2014 Castro anunciou recentemente uma s\u00e9rie de reuni\u00f5es com l\u00edderes partid\u00e1rios para formar consensos e fazer ajustes necess\u00e1rios para a vota\u00e7\u00e3o, visando facilitar o avan\u00e7o dos textos no Senado e na C\u00e2mara.<\/p>\n\n\n\n<div class=\"wp-block-image\"><figure class=\"aligncenter size-large is-resized\"><a href=\"https:\/\/www.legisjuris.com.br\/\"><img loading=\"lazy\" decoding=\"async\" src=\"https:\/\/jornalfatosenoticias.com.br\/wp-content\/uploads\/2024\/09\/Legis-Juris-Consultoria_logo.jpg\" alt=\"\" class=\"wp-image-53915\" width=\"513\" height=\"215\" srcset=\"https:\/\/jornalfatosenoticias.com.br\/wp-content\/uploads\/2024\/09\/Legis-Juris-Consultoria_logo.jpg 969w, https:\/\/jornalfatosenoticias.com.br\/wp-content\/uploads\/2024\/09\/Legis-Juris-Consultoria_logo-300x126.jpg 300w, https:\/\/jornalfatosenoticias.com.br\/wp-content\/uploads\/2024\/09\/Legis-Juris-Consultoria_logo-768x322.jpg 768w\" sizes=\"auto, (max-width: 513px) 100vw, 513px\" \/><\/a><\/figure><\/div>\n\n\n\n<p>O novo C\u00f3digo Eleitoral prop\u00f5e cota de 20% das vagas nas c\u00e2maras municipais, assembleias legislativas e na C\u00e2mara dos Deputados para as mulheres. Esse percentual substituiria a regra atual que obriga partidos a reservarem para mulheres ao menos 30% das candidaturas ao Legislativo.<\/p>\n\n\n\n<div class=\"wp-block-image\"><figure class=\"aligncenter size-large is-resized\"><a href=\"https:\/\/www.instagram.com\/esteiochurrascaria\/\"><img loading=\"lazy\" decoding=\"async\" src=\"https:\/\/jornalfatosenoticias.com.br\/wp-content\/uploads\/2022\/02\/LOGO-ESTEIO-1024x730.png\" alt=\"\" class=\"wp-image-27942\" width=\"333\" height=\"237\" srcset=\"https:\/\/jornalfatosenoticias.com.br\/wp-content\/uploads\/2022\/02\/LOGO-ESTEIO-1024x730.png 1024w, https:\/\/jornalfatosenoticias.com.br\/wp-content\/uploads\/2022\/02\/LOGO-ESTEIO-300x214.png 300w, https:\/\/jornalfatosenoticias.com.br\/wp-content\/uploads\/2022\/02\/LOGO-ESTEIO-768x548.png 768w, https:\/\/jornalfatosenoticias.com.br\/wp-content\/uploads\/2022\/02\/LOGO-ESTEIO.png 1123w\" sizes=\"auto, (max-width: 333px) 100vw, 333px\" \/><\/a><\/figure><\/div>\n\n\n\n<p>Segundo Castro, a medida corrige o \u201cpersistente desequil\u00edbrio de g\u00eanero na pol\u00edtica brasileira\u201d, onde a presen\u00e7a de mulheres est\u00e1 abaixo da m\u00e9dia global. Ele destaca que o pa\u00eds tem cerca de 700 cidades sem vereadoras e est\u00e1 entre os \u00faltimos em representatividade feminina na Am\u00e9rica Latina.<\/p>\n\n\n\n<div class=\"wp-block-image\"><figure class=\"aligncenter size-large is-resized\"><a href=\"https:\/\/www.facebook.com\/vetor.vix\/\"><img loading=\"lazy\" decoding=\"async\" src=\"https:\/\/jornalfatosenoticias.com.br\/wp-content\/uploads\/2023\/09\/vetorvix1024_1.jpg\" alt=\"\" class=\"wp-image-44868\" width=\"520\" height=\"138\" srcset=\"https:\/\/jornalfatosenoticias.com.br\/wp-content\/uploads\/2023\/09\/vetorvix1024_1.jpg 1024w, https:\/\/jornalfatosenoticias.com.br\/wp-content\/uploads\/2023\/09\/vetorvix1024_1-300x80.jpg 300w, https:\/\/jornalfatosenoticias.com.br\/wp-content\/uploads\/2023\/09\/vetorvix1024_1-768x205.jpg 768w\" sizes=\"auto, (max-width: 520px) 100vw, 520px\" \/><\/a><\/figure><\/div>\n\n\n\n<p><strong><span class=\"has-inline-color has-black-color\">Fim da reelei\u00e7\u00e3o vem com amplia\u00e7\u00e3o de mandatos e unifica\u00e7\u00e3o das elei\u00e7\u00f5es<br><\/span><\/strong>A PEC 12\/2022 prop\u00f5e mudan\u00e7as estruturais no calend\u00e1rio e na dura\u00e7\u00e3o dos mandatos de deputados, prefeitos, governadores e presidente, que passariam a ser de cinco anos. No caso dos senadores, a dura\u00e7\u00e3o seria ampliada de oito para dez anos. A proposta ainda unifica as elei\u00e7\u00f5es gerais e municipais, que passariam a ocorrer simultaneamente a cada cinco anos. A outra mudan\u00e7a radical que prop\u00f5e \u00e9 o fim da reelei\u00e7\u00e3o consecutiva para chefes de governo municipal, estadual e federal. Deputados e senadores continuariam podendo se recandidatar.<\/p>\n\n\n\n<div class=\"wp-block-image\"><figure class=\"aligncenter size-large is-resized\"><a href=\"https:\/\/www.controlsystems.com.br\/\"><img loading=\"lazy\" decoding=\"async\" src=\"https:\/\/jornalfatosenoticias.com.br\/wp-content\/uploads\/2020\/02\/CONTROL-CS.jpg\" alt=\"\" class=\"wp-image-44991\" width=\"283\" height=\"339\" srcset=\"https:\/\/jornalfatosenoticias.com.br\/wp-content\/uploads\/2020\/02\/CONTROL-CS.jpg 834w, https:\/\/jornalfatosenoticias.com.br\/wp-content\/uploads\/2020\/02\/CONTROL-CS-250x300.jpg 250w, https:\/\/jornalfatosenoticias.com.br\/wp-content\/uploads\/2020\/02\/CONTROL-CS-768x921.jpg 768w\" sizes=\"auto, (max-width: 283px) 100vw, 283px\" \/><\/a><\/figure><\/div>\n\n\n\n<p>As duas propostas avan\u00e7am em meio \u00e0 j\u00e1 iniciada corrida para o Pal\u00e1cio do Planalto, com defensores no Congresso alegando que o atual modelo leva \u00e0 fragmenta\u00e7\u00e3o partid\u00e1ria, \u00e0 baixa renova\u00e7\u00e3o de eleitos e \u00e0 disputa eleitoral permanente, e ainda que inibe o planejamento de pol\u00edticas p\u00fablicas de longo prazo. A expectativa do relator \u00e9 apresentar parecer unificado do novo C\u00f3digo Eleitoral nas pr\u00f3ximas semanas, mirando sua vota\u00e7\u00e3o em plen\u00e1rio ainda no primeiro semestre.<\/p>\n\n\n\n<div class=\"wp-block-image\"><figure class=\"aligncenter size-large is-resized\"><a href=\"https:\/\/www.instagram.com\/restaurantepegoretti\/\"><img loading=\"lazy\" decoding=\"async\" src=\"https:\/\/jornalfatosenoticias.com.br\/wp-content\/uploads\/2023\/12\/pegoretti-logo-pdf-1024x389.jpg\" alt=\"\" class=\"wp-image-47536\" width=\"548\" height=\"208\" srcset=\"https:\/\/jornalfatosenoticias.com.br\/wp-content\/uploads\/2023\/12\/pegoretti-logo-pdf-1024x389.jpg 1024w, https:\/\/jornalfatosenoticias.com.br\/wp-content\/uploads\/2023\/12\/pegoretti-logo-pdf-300x114.jpg 300w, https:\/\/jornalfatosenoticias.com.br\/wp-content\/uploads\/2023\/12\/pegoretti-logo-pdf-768x291.jpg 768w, https:\/\/jornalfatosenoticias.com.br\/wp-content\/uploads\/2023\/12\/pegoretti-logo-pdf.jpg 1120w\" sizes=\"auto, (max-width: 548px) 100vw, 548px\" \/><\/a><\/figure><\/div>\n\n\n\n<p><strong><span class=\"has-inline-color has-black-color\">Senadoras querem manter percentual m\u00ednimo de candidaturas femininas<br><\/span><\/strong>O debate sobre a reforma do C\u00f3digo Eleitoral vem gerando fortes rea\u00e7\u00f5es, sobretudo das parlamentares mulheres. Nas audi\u00eancias da CCJ, senadoras expressaram preocupa\u00e7\u00e3o com a retirada de puni\u00e7\u00f5es para partidos que descumprirem a cota de 30% de candidaturas femininas.<\/p>\n\n\n\n<div class=\"wp-block-image\"><figure class=\"aligncenter size-large is-resized\"><a href=\"https:\/\/panper.com.br\/\"><img loading=\"lazy\" decoding=\"async\" src=\"https:\/\/jornalfatosenoticias.com.br\/wp-content\/uploads\/2023\/03\/logo-Panper_portal.jpg\" alt=\"\" class=\"wp-image-40208\" width=\"355\" height=\"246\" srcset=\"https:\/\/jornalfatosenoticias.com.br\/wp-content\/uploads\/2023\/03\/logo-Panper_portal.jpg 400w, https:\/\/jornalfatosenoticias.com.br\/wp-content\/uploads\/2023\/03\/logo-Panper_portal-300x208.jpg 300w\" sizes=\"auto, (max-width: 355px) 100vw, 355px\" \/><\/a><\/figure><\/div>\n\n\n\n<p>As senadoras Soraya Thronicke (Podemos-MS) e Professora Dorinha Seabra (Uni\u00e3o Brasil-TO) temem que a mudan\u00e7a reduza candidaturas femininas. O relator rebateu ao lembrar que manteve destina\u00e7\u00e3o obrigat\u00f3ria de 30% dos recursos eleitorais para candidatas e contagem em dobro dos votos em mulheres para fins de distribui\u00e7\u00e3o dos fundos eleitoral e partid\u00e1rio.<\/p>\n\n\n\n<div class=\"wp-block-image\"><figure class=\"aligncenter size-large is-resized\"><a href=\"https:\/\/www.facebook.com\/postobkr\/?locale=pt_BR\"><img loading=\"lazy\" decoding=\"async\" src=\"https:\/\/jornalfatosenoticias.com.br\/wp-content\/uploads\/2023\/08\/BKR-1024x1021.jpg\" alt=\"\" class=\"wp-image-44494\" width=\"296\" height=\"295\" srcset=\"https:\/\/jornalfatosenoticias.com.br\/wp-content\/uploads\/2023\/08\/BKR-1024x1021.jpg 1024w, https:\/\/jornalfatosenoticias.com.br\/wp-content\/uploads\/2023\/08\/BKR-300x300.jpg 300w, https:\/\/jornalfatosenoticias.com.br\/wp-content\/uploads\/2023\/08\/BKR-150x150.jpg 150w, https:\/\/jornalfatosenoticias.com.br\/wp-content\/uploads\/2023\/08\/BKR-768x766.jpg 768w, https:\/\/jornalfatosenoticias.com.br\/wp-content\/uploads\/2023\/08\/BKR.jpg 1080w\" sizes=\"auto, (max-width: 296px) 100vw, 296px\" \/><\/a><\/figure><\/div>\n\n\n\n<p>A Secretaria da Mulher da C\u00e2mara criticou a troca da obrigatoriedade de candidaturas por uma reserva de cadeiras. Caso o percentual m\u00ednimo de mulheres eleitas n\u00e3o seja alcan\u00e7ado, o projeto prev\u00ea a possibilidade de anular a elei\u00e7\u00e3o e convoca\u00e7\u00e3o de uma nova.<\/p>\n\n\n\n<div class=\"wp-block-image\"><figure class=\"aligncenter size-large is-resized\"><a href=\"https:\/\/www.instagram.com\/gruposei\/\"><img loading=\"lazy\" decoding=\"async\" src=\"https:\/\/jornalfatosenoticias.com.br\/wp-content\/uploads\/2022\/07\/Logo-Grupo-SEI.jpg\" alt=\"\" class=\"wp-image-31973\" width=\"377\" height=\"198\" srcset=\"https:\/\/jornalfatosenoticias.com.br\/wp-content\/uploads\/2022\/07\/Logo-Grupo-SEI.jpg 713w, https:\/\/jornalfatosenoticias.com.br\/wp-content\/uploads\/2022\/07\/Logo-Grupo-SEI-300x158.jpg 300w\" sizes=\"auto, (max-width: 377px) 100vw, 377px\" \/><\/a><\/figure><\/div>\n\n\n\n<p><strong>Novo C\u00f3digo Eleitoral cria regra espec\u00edfica para auditoria da urna<br><\/strong>Com 898 artigos, o novo C\u00f3digo Eleitoral traz mudan\u00e7as em v\u00e1rios pontos da legisla\u00e7\u00e3o. Ele agrega as regras das leis das elei\u00e7\u00f5es, dos partidos, de inelegibilidades e de combate \u00e0 viol\u00eancia pol\u00edtica contra a mulher. Uma das inova\u00e7\u00f5es do c\u00f3digo \u00e9 o cap\u00edtulo sobre urnas eletr\u00f4nicas, que prev\u00ea auditoria permanente do sistema por partidos, universidades e outras institui\u00e7\u00f5es. A Justi\u00e7a Eleitoral ter\u00e1 de fazer testes p\u00fablicos de seguran\u00e7a e garantir transpar\u00eancia de vota\u00e7\u00e3o, apura\u00e7\u00e3o e totaliza\u00e7\u00e3o.<\/p>\n\n\n\n<div class=\"wp-block-image\"><figure class=\"aligncenter size-large is-resized\"><a href=\"https:\/\/www.instagram.com\/serra4x4cambioautomatico\/\"><img loading=\"lazy\" decoding=\"async\" src=\"https:\/\/jornalfatosenoticias.com.br\/wp-content\/uploads\/2024\/08\/Serra-4x4-1-886x1024.jpg\" alt=\"\" class=\"wp-image-53632\" width=\"247\" height=\"285\" srcset=\"https:\/\/jornalfatosenoticias.com.br\/wp-content\/uploads\/2024\/08\/Serra-4x4-1-886x1024.jpg 886w, https:\/\/jornalfatosenoticias.com.br\/wp-content\/uploads\/2024\/08\/Serra-4x4-1-260x300.jpg 260w, https:\/\/jornalfatosenoticias.com.br\/wp-content\/uploads\/2024\/08\/Serra-4x4-1-768x888.jpg 768w, https:\/\/jornalfatosenoticias.com.br\/wp-content\/uploads\/2024\/08\/Serra-4x4-1.jpg 1181w\" sizes=\"auto, (max-width: 247px) 100vw, 247px\" \/><\/a><\/figure><\/div>\n\n\n\n<p>No campo digital, ser\u00e1 permitido o impulsionamento de conte\u00fado por pr\u00e9-candidatos a partir do in\u00edcio do ano eleitoral, limitado a 10% dos gastos da campanha. O projeto tipifica como infra\u00e7\u00e3o o uso de not\u00edcias falsas, disparos em massa n\u00e3o autorizados, manipula\u00e7\u00e3o de perfis e invas\u00f5es de contas. A propaganda eleitoral passa a permitir mensagens negativas contra advers\u00e1rios, desde que n\u00e3o contenha \u201ccal\u00fania, inj\u00faria, discurso de \u00f3dio ou difus\u00e3o de inverdades\u201d. Manifesta\u00e7\u00f5es pol\u00edticas em templos e universidades n\u00e3o ser\u00e3o consideradas propaganda irregular.<\/p>\n\n\n\n<div class=\"wp-block-image\"><figure class=\"aligncenter size-large is-resized\"><a href=\"https:\/\/www.facebook.com\/profile.php?id=100069289606145\"><img loading=\"lazy\" decoding=\"async\" src=\"https:\/\/jornalfatosenoticias.com.br\/wp-content\/uploads\/2024\/11\/Guaitolini-Contabilidade-1024x714.jpeg\" alt=\"\" class=\"wp-image-55808\" width=\"362\" height=\"252\" srcset=\"https:\/\/jornalfatosenoticias.com.br\/wp-content\/uploads\/2024\/11\/Guaitolini-Contabilidade-1024x714.jpeg 1024w, https:\/\/jornalfatosenoticias.com.br\/wp-content\/uploads\/2024\/11\/Guaitolini-Contabilidade-300x209.jpeg 300w, https:\/\/jornalfatosenoticias.com.br\/wp-content\/uploads\/2024\/11\/Guaitolini-Contabilidade-768x535.jpeg 768w, https:\/\/jornalfatosenoticias.com.br\/wp-content\/uploads\/2024\/11\/Guaitolini-Contabilidade.jpeg 1280w\" sizes=\"auto, (max-width: 362px) 100vw, 362px\" \/><\/a><\/figure><\/div>\n\n\n\n<p><span class=\"has-inline-color has-black-color\"><strong>Reforma eleitoral prev\u00ea que candidatura de militares e policiais exigir\u00e1 sa\u00edda do cargo quatro anos antes<br><\/strong><\/span>No novo C\u00f3digo Eleitoral, o pedido de registro de candidaturas ser\u00e1 antecipado para 14 de agosto. Todos os cargos passam a ter mesmo prazo de desincompatibiliza\u00e7\u00e3o: 2 de abril do ano da elei\u00e7\u00e3o. A proposta estabelece ainda que ju\u00edzes, promotores, policiais e militares devem se afastar dos cargos quatro anos antes do pleito.<\/p>\n\n\n\n<div class=\"wp-block-image\"><figure class=\"aligncenter size-large is-resized\"><a href=\"https:\/\/hotelmarquetti.com.br\/\"><img loading=\"lazy\" decoding=\"async\" src=\"https:\/\/jornalfatosenoticias.com.br\/wp-content\/uploads\/2020\/02\/LOGO-MQ-1024x680.jpg\" alt=\"\" class=\"wp-image-58299\" width=\"343\" height=\"228\" srcset=\"https:\/\/jornalfatosenoticias.com.br\/wp-content\/uploads\/2020\/02\/LOGO-MQ-1024x680.jpg 1024w, https:\/\/jornalfatosenoticias.com.br\/wp-content\/uploads\/2020\/02\/LOGO-MQ-300x199.jpg 300w, https:\/\/jornalfatosenoticias.com.br\/wp-content\/uploads\/2020\/02\/LOGO-MQ-768x510.jpg 768w, https:\/\/jornalfatosenoticias.com.br\/wp-content\/uploads\/2020\/02\/LOGO-MQ-1536x1020.jpg 1536w, https:\/\/jornalfatosenoticias.com.br\/wp-content\/uploads\/2020\/02\/LOGO-MQ-2048x1360.jpg 2048w\" sizes=\"auto, (max-width: 343px) 100vw, 343px\" \/><\/a><\/figure><\/div>\n\n\n\n<p>No financiamento de campanhas, o texto imp\u00f5e novos limites a doa\u00e7\u00f5es de pessoas f\u00edsicas: 10% dos rendimentos brutos do ano anterior, com m\u00ednimo garantido de R$ 2.855,97. A doa\u00e7\u00e3o em bens ou servi\u00e7os sobe de R$ 40 mil para R$ 100 mil. Tamb\u00e9m ser\u00e1 permitido ao candidato custear at\u00e9 30% da pr\u00f3pria campanha, se o teto de gastos for de at\u00e9 R$ 120 mil.<\/p>\n\n\n\n<div class=\"wp-block-image\"><figure class=\"aligncenter size-large is-resized\"><a href=\"https:\/\/www.instagram.com\/rcradiadores\/\"><img loading=\"lazy\" decoding=\"async\" src=\"https:\/\/jornalfatosenoticias.com.br\/wp-content\/uploads\/2022\/10\/RC_800x750_page-0001.jpg\" alt=\"\" class=\"wp-image-35338\" width=\"322\" height=\"302\" srcset=\"https:\/\/jornalfatosenoticias.com.br\/wp-content\/uploads\/2022\/10\/RC_800x750_page-0001.jpg 400w, https:\/\/jornalfatosenoticias.com.br\/wp-content\/uploads\/2022\/10\/RC_800x750_page-0001-300x281.jpg 300w\" sizes=\"auto, (max-width: 322px) 100vw, 322px\" \/><\/a><\/figure><\/div>\n\n\n\n<p>A presta\u00e7\u00e3o de contas para campanhas com movimenta\u00e7\u00e3o inferior a R$ 25 mil ser\u00e1 simplificada. As penalidades para desaprova\u00e7\u00e3o de contas estar\u00e3o limitadas a multas de at\u00e9 R$ 30 mil. O julgamento das contas partid\u00e1rias ser\u00e1 administrativo e ter\u00e1 prazo de tr\u00eas anos. No campo das penalidades, condutas como caixa dois, abuso de poder, corrup\u00e7\u00e3o e uso indevido de comunica\u00e7\u00e3o s\u00f3 resultar\u00e3o na cassa\u00e7\u00e3o de mandato se influenciarem o resultado da elei\u00e7\u00e3o. A inelegibilidade ser\u00e1 limitada a oito anos, contados a partir do ano seguinte ao julgamento.<\/p>\n\n\n\n<div class=\"wp-block-image\"><figure class=\"aligncenter size-large is-resized\"><a href=\"https:\/\/www.ithbrasil.com.br\/\"><img loading=\"lazy\" decoding=\"async\" src=\"https:\/\/jornalfatosenoticias.com.br\/wp-content\/uploads\/2023\/08\/ITH.jpeg\" alt=\"\" class=\"wp-image-44638\" width=\"281\" height=\"228\" srcset=\"https:\/\/jornalfatosenoticias.com.br\/wp-content\/uploads\/2023\/08\/ITH.jpeg 800w, https:\/\/jornalfatosenoticias.com.br\/wp-content\/uploads\/2023\/08\/ITH-300x244.jpeg 300w, https:\/\/jornalfatosenoticias.com.br\/wp-content\/uploads\/2023\/08\/ITH-768x624.jpeg 768w\" sizes=\"auto, (max-width: 281px) 100vw, 281px\" \/><\/a><\/figure><\/div>\n\n\n\n<p><strong><span class=\"has-inline-color has-black-color\">Projeto limita edi\u00e7\u00e3o de normas pelo TSE para proteger a efetividade de leis<br><\/span><\/strong>Pela proposta em discuss\u00e3o no Senado, o Tribunal Superior Eleitoral (TSE) ter\u00e1 compet\u00eancias limitadas: n\u00e3o poder\u00e1 editar normas que contrariem o novo C\u00f3digo ou a Constitui\u00e7\u00e3o. Altera\u00e7\u00f5es de jurisprud\u00eancia s\u00f3 valer\u00e3o para elei\u00e7\u00f5es um ano ap\u00f3s serem editadas. Recursos contra decis\u00f5es de ju\u00edzes eleitorais ser\u00e3o suspensas at\u00e9 julgamento final nos tribunais regionais.<\/p>\n\n\n\n<div class=\"wp-block-image\"><figure class=\"aligncenter size-large\"><a href=\"http:\/\/www.ferrarimaquinas.com.br\/\"><img loading=\"lazy\" decoding=\"async\" width=\"300\" height=\"250\" src=\"https:\/\/jornalfatosenoticias.com.br\/wp-content\/uploads\/2022\/02\/FERRARI_MAQUINAS-E-FERRAMENTAS2.jpg\" alt=\"\" class=\"wp-image-27860\"\/><\/a><\/figure><\/div>\n\n\n\n<p>Para Marcus Deois, diretor da consultoria \u00c9tica, a atualiza\u00e7\u00e3o do C\u00f3digo Eleitoral deve virar prioridade no Congresso por for\u00e7a do calend\u00e1rio, j\u00e1 que mudan\u00e7as precisam ser sancionadas at\u00e9 um ano antes das elei\u00e7\u00f5es de 2026. Ele acredita que a reserva de 20% das cadeiras legislativas para mulheres deve avan\u00e7ar com apoio das bancadas femininas, al\u00e9m da defini\u00e7\u00e3o mais clara de inelegibilidade, tema que deve unir apoiadores de Luiz In\u00e1cio Lula da Silva (PT) e o maior rival, o ex-presidente Jair Bolsonaro (PL).<\/p>\n\n\n\n<div class=\"wp-block-image\"><figure class=\"aligncenter size-large is-resized\"><a href=\"https:\/\/www.instagram.com\/esteiochurrascaria\/\"><img loading=\"lazy\" decoding=\"async\" src=\"https:\/\/jornalfatosenoticias.com.br\/wp-content\/uploads\/2022\/02\/LOGO-ESTEIO-1024x730.png\" alt=\"\" class=\"wp-image-27942\" width=\"336\" height=\"239\" srcset=\"https:\/\/jornalfatosenoticias.com.br\/wp-content\/uploads\/2022\/02\/LOGO-ESTEIO-1024x730.png 1024w, https:\/\/jornalfatosenoticias.com.br\/wp-content\/uploads\/2022\/02\/LOGO-ESTEIO-300x214.png 300w, https:\/\/jornalfatosenoticias.com.br\/wp-content\/uploads\/2022\/02\/LOGO-ESTEIO-768x548.png 768w, https:\/\/jornalfatosenoticias.com.br\/wp-content\/uploads\/2022\/02\/LOGO-ESTEIO.png 1123w\" sizes=\"auto, (max-width: 336px) 100vw, 336px\" \/><\/a><\/figure><\/div>\n\n\n\n<p>O especialista destaca ainda a proposta de aplicar a fidelidade partid\u00e1ria a cargos majorit\u00e1rios, permitindo troca de partido s\u00f3 na janela eleitoral, seis meses antes do pleito. <\/p>\n\n\n\n<blockquote class=\"wp-block-quote is-layout-flow wp-block-quote-is-layout-flow\"><p><span class=\"has-inline-color has-luminous-vivid-orange-color\">As regras da pol\u00edtica exigem revis\u00e3o cont\u00ednua, independente de ideologia\u201d, finaliza.<\/span><\/p><\/blockquote>\n\n\n\n<div class=\"wp-block-image\"><figure class=\"aligncenter size-large\"><a href=\"https:\/\/panper.com.br\/\"><img loading=\"lazy\" decoding=\"async\" width=\"1024\" height=\"111\" src=\"https:\/\/jornalfatosenoticias.com.br\/wp-content\/uploads\/2020\/02\/WhatsApp-Image-2022-09-23-at-12.09.18-1024x111.jpeg\" alt=\"\" class=\"wp-image-34527\" srcset=\"https:\/\/jornalfatosenoticias.com.br\/wp-content\/uploads\/2020\/02\/WhatsApp-Image-2022-09-23-at-12.09.18-1024x111.jpeg 1024w, https:\/\/jornalfatosenoticias.com.br\/wp-content\/uploads\/2020\/02\/WhatsApp-Image-2022-09-23-at-12.09.18-300x32.jpeg 300w, https:\/\/jornalfatosenoticias.com.br\/wp-content\/uploads\/2020\/02\/WhatsApp-Image-2022-09-23-at-12.09.18-768x83.jpeg 768w, https:\/\/jornalfatosenoticias.com.br\/wp-content\/uploads\/2020\/02\/WhatsApp-Image-2022-09-23-at-12.09.18.jpeg 1121w\" sizes=\"auto, (max-width: 1024px) 100vw, 1024px\" \/><\/a><\/figure><\/div>\n\n\n\n<p><strong>Fonte: <a href=\"https:\/\/www.gazetadopovo.com.br\/republica\/senado-discute-profunda-reforma-eleitoral-em-paralelo-a-disputa-entre-esquerda-e-direita\/?ref=mais-comentadas\">Gazeta do Povo<\/a><\/strong><\/p>\n","protected":false},"excerpt":{"rendered":"<p>Relator do novo c\u00f3digo eleitoral no Senado, Marcelo Castro (MDB-PI), tamb\u00e9m relata emenda constitucional para acabar com a reelei\u00e7\u00e3o no Executivo Por S\u00edlvio Ribas Longe dos holofotes e embates tensos entre esquerda e direita, o Senado conduz, por meio da Comiss\u00e3o de Constitui\u00e7\u00e3o e Justi\u00e7a (CCJ), o debate sobre a mais profunda reforma eleitoral do [&hellip;]<\/p>\n","protected":false},"author":2,"featured_media":59155,"comment_status":"open","ping_status":"open","sticky":false,"template":"","format":"standard","meta":{"footnotes":""},"categories":[10],"tags":[982,2879,23466,1039,19047,1795,23469,7580,27011,27012,1900,486,1514,3429],"class_list":["post-59154","post","type-post","status-publish","format-standard","has-post-thumbnail","hentry","category-politica","tag-camara-dos-deputados","tag-ccj","tag-comissao-de-constituicao","tag-eleicoes","tag-eleicoes-2026","tag-jair-bolsonaro","tag-justica-e-cidadania","tag-lula","tag-marcelo-castro","tag-novo-codigo-eleitoral","tag-palacio-do-planalto","tag-senado","tag-tse","tag-votacao"],"yoast_head":"<!-- This site is optimized with the Yoast SEO plugin v26.5 - https:\/\/yoast.com\/wordpress\/plugins\/seo\/ -->\n<title>Senado discute profunda reforma eleitoral em paralelo \u00e0 disputa entre esquerda e direita - Jornal Fatos e Not\u00edcias<\/title>\n<meta name=\"robots\" content=\"index, follow, max-snippet:-1, max-image-preview:large, max-video-preview:-1\" \/>\n<link rel=\"canonical\" href=\"https:\/\/jornalfatosenoticias.com.br\/index.php\/2025\/05\/13\/senado-discute-profunda-reforma-eleitoral-em-paralelo-a-disputa-entre-esquerda-e-direita\/\" \/>\n<meta property=\"og:locale\" content=\"pt_BR\" \/>\n<meta property=\"og:type\" content=\"article\" \/>\n<meta property=\"og:title\" content=\"Senado discute profunda reforma eleitoral em paralelo \u00e0 disputa entre esquerda e direita - Jornal Fatos e Not\u00edcias\" \/>\n<meta property=\"og:description\" content=\"Relator do novo c\u00f3digo eleitoral no Senado, Marcelo Castro (MDB-PI), tamb\u00e9m relata emenda constitucional para acabar com a reelei\u00e7\u00e3o no Executivo Por S\u00edlvio Ribas Longe dos holofotes e embates tensos entre esquerda e direita, o Senado conduz, por meio da Comiss\u00e3o de Constitui\u00e7\u00e3o e Justi\u00e7a (CCJ), o debate sobre a mais profunda reforma eleitoral do [&hellip;]\" \/>\n<meta property=\"og:url\" content=\"https:\/\/jornalfatosenoticias.com.br\/index.php\/2025\/05\/13\/senado-discute-profunda-reforma-eleitoral-em-paralelo-a-disputa-entre-esquerda-e-direita\/\" \/>\n<meta property=\"og:site_name\" content=\"Jornal Fatos e Not\u00edcias\" \/>\n<meta property=\"article:published_time\" content=\"2025-05-13T13:49:39+00:00\" \/>\n<meta property=\"article:modified_time\" content=\"2025-05-13T13:49:41+00:00\" \/>\n<meta property=\"og:image\" content=\"https:\/\/jornalfatosenoticias.com.br\/wp-content\/uploads\/2025\/05\/marcelo-castro.jpg\" \/>\n\t<meta property=\"og:image:width\" content=\"1000\" \/>\n\t<meta property=\"og:image:height\" content=\"562\" \/>\n\t<meta property=\"og:image:type\" content=\"image\/jpeg\" \/>\n<meta name=\"author\" content=\"Luzimara Fernandes\" \/>\n<meta name=\"twitter:card\" content=\"summary_large_image\" \/>\n<meta name=\"twitter:label1\" content=\"Escrito por\" \/>\n\t<meta name=\"twitter:data1\" content=\"Luzimara Fernandes\" \/>\n\t<meta name=\"twitter:label2\" content=\"Est. tempo de leitura\" \/>\n\t<meta name=\"twitter:data2\" content=\"6 minutos\" \/>\n<script type=\"application\/ld+json\" class=\"yoast-schema-graph\">{\"@context\":\"https:\/\/schema.org\",\"@graph\":[{\"@type\":\"Article\",\"@id\":\"https:\/\/jornalfatosenoticias.com.br\/index.php\/2025\/05\/13\/senado-discute-profunda-reforma-eleitoral-em-paralelo-a-disputa-entre-esquerda-e-direita\/#article\",\"isPartOf\":{\"@id\":\"https:\/\/jornalfatosenoticias.com.br\/index.php\/2025\/05\/13\/senado-discute-profunda-reforma-eleitoral-em-paralelo-a-disputa-entre-esquerda-e-direita\/\"},\"author\":{\"name\":\"Luzimara Fernandes\",\"@id\":\"https:\/\/jornalfatosenoticias.com.br\/#\/schema\/person\/d63837fa13ac8666eb9e74e0985d6f81\"},\"headline\":\"Senado discute profunda reforma eleitoral em paralelo \u00e0 disputa entre esquerda e direita\",\"datePublished\":\"2025-05-13T13:49:39+00:00\",\"dateModified\":\"2025-05-13T13:49:41+00:00\",\"mainEntityOfPage\":{\"@id\":\"https:\/\/jornalfatosenoticias.com.br\/index.php\/2025\/05\/13\/senado-discute-profunda-reforma-eleitoral-em-paralelo-a-disputa-entre-esquerda-e-direita\/\"},\"wordCount\":1297,\"commentCount\":0,\"publisher\":{\"@id\":\"https:\/\/jornalfatosenoticias.com.br\/#organization\"},\"image\":{\"@id\":\"https:\/\/jornalfatosenoticias.com.br\/index.php\/2025\/05\/13\/senado-discute-profunda-reforma-eleitoral-em-paralelo-a-disputa-entre-esquerda-e-direita\/#primaryimage\"},\"thumbnailUrl\":\"https:\/\/jornalfatosenoticias.com.br\/wp-content\/uploads\/2025\/05\/marcelo-castro.jpg\",\"keywords\":[\"C\u00e2mara dos Deputados\",\"CCJ\",\"Comiss\u00e3o de Constitui\u00e7\u00e3o\",\"elei\u00e7\u00f5es\",\"Elei\u00e7\u00f5es 2026\",\"Jair Bolsonaro\",\"Justi\u00e7a e Cidadania\",\"Lula\",\"Marcelo Castro\",\"novo C\u00f3digo Eleitoral\",\"Pal\u00e1cio do Planalto\",\"Senado\",\"TSE\",\"vota\u00e7\u00e3o\"],\"articleSection\":[\"Pol\u00edtica\"],\"inLanguage\":\"pt-BR\",\"potentialAction\":[{\"@type\":\"CommentAction\",\"name\":\"Comment\",\"target\":[\"https:\/\/jornalfatosenoticias.com.br\/index.php\/2025\/05\/13\/senado-discute-profunda-reforma-eleitoral-em-paralelo-a-disputa-entre-esquerda-e-direita\/#respond\"]}]},{\"@type\":\"WebPage\",\"@id\":\"https:\/\/jornalfatosenoticias.com.br\/index.php\/2025\/05\/13\/senado-discute-profunda-reforma-eleitoral-em-paralelo-a-disputa-entre-esquerda-e-direita\/\",\"url\":\"https:\/\/jornalfatosenoticias.com.br\/index.php\/2025\/05\/13\/senado-discute-profunda-reforma-eleitoral-em-paralelo-a-disputa-entre-esquerda-e-direita\/\",\"name\":\"Senado discute profunda reforma eleitoral em paralelo \u00e0 disputa entre esquerda e direita - Jornal Fatos e Not\u00edcias\",\"isPartOf\":{\"@id\":\"https:\/\/jornalfatosenoticias.com.br\/#website\"},\"primaryImageOfPage\":{\"@id\":\"https:\/\/jornalfatosenoticias.com.br\/index.php\/2025\/05\/13\/senado-discute-profunda-reforma-eleitoral-em-paralelo-a-disputa-entre-esquerda-e-direita\/#primaryimage\"},\"image\":{\"@id\":\"https:\/\/jornalfatosenoticias.com.br\/index.php\/2025\/05\/13\/senado-discute-profunda-reforma-eleitoral-em-paralelo-a-disputa-entre-esquerda-e-direita\/#primaryimage\"},\"thumbnailUrl\":\"https:\/\/jornalfatosenoticias.com.br\/wp-content\/uploads\/2025\/05\/marcelo-castro.jpg\",\"datePublished\":\"2025-05-13T13:49:39+00:00\",\"dateModified\":\"2025-05-13T13:49:41+00:00\",\"breadcrumb\":{\"@id\":\"https:\/\/jornalfatosenoticias.com.br\/index.php\/2025\/05\/13\/senado-discute-profunda-reforma-eleitoral-em-paralelo-a-disputa-entre-esquerda-e-direita\/#breadcrumb\"},\"inLanguage\":\"pt-BR\",\"potentialAction\":[{\"@type\":\"ReadAction\",\"target\":[\"https:\/\/jornalfatosenoticias.com.br\/index.php\/2025\/05\/13\/senado-discute-profunda-reforma-eleitoral-em-paralelo-a-disputa-entre-esquerda-e-direita\/\"]}]},{\"@type\":\"ImageObject\",\"inLanguage\":\"pt-BR\",\"@id\":\"https:\/\/jornalfatosenoticias.com.br\/index.php\/2025\/05\/13\/senado-discute-profunda-reforma-eleitoral-em-paralelo-a-disputa-entre-esquerda-e-direita\/#primaryimage\",\"url\":\"https:\/\/jornalfatosenoticias.com.br\/wp-content\/uploads\/2025\/05\/marcelo-castro.jpg\",\"contentUrl\":\"https:\/\/jornalfatosenoticias.com.br\/wp-content\/uploads\/2025\/05\/marcelo-castro.jpg\",\"width\":1000,\"height\":562},{\"@type\":\"BreadcrumbList\",\"@id\":\"https:\/\/jornalfatosenoticias.com.br\/index.php\/2025\/05\/13\/senado-discute-profunda-reforma-eleitoral-em-paralelo-a-disputa-entre-esquerda-e-direita\/#breadcrumb\",\"itemListElement\":[{\"@type\":\"ListItem\",\"position\":1,\"name\":\"In\u00edcio\",\"item\":\"https:\/\/jornalfatosenoticias.com.br\/\"},{\"@type\":\"ListItem\",\"position\":2,\"name\":\"Senado discute profunda reforma eleitoral em paralelo \u00e0 disputa entre esquerda e direita\"}]},{\"@type\":\"WebSite\",\"@id\":\"https:\/\/jornalfatosenoticias.com.br\/#website\",\"url\":\"https:\/\/jornalfatosenoticias.com.br\/\",\"name\":\"Jornal Fatos e Not\u00edcias\",\"description\":\"Not\u00edcias em geral\",\"publisher\":{\"@id\":\"https:\/\/jornalfatosenoticias.com.br\/#organization\"},\"potentialAction\":[{\"@type\":\"SearchAction\",\"target\":{\"@type\":\"EntryPoint\",\"urlTemplate\":\"https:\/\/jornalfatosenoticias.com.br\/?s={search_term_string}\"},\"query-input\":{\"@type\":\"PropertyValueSpecification\",\"valueRequired\":true,\"valueName\":\"search_term_string\"}}],\"inLanguage\":\"pt-BR\"},{\"@type\":\"Organization\",\"@id\":\"https:\/\/jornalfatosenoticias.com.br\/#organization\",\"name\":\"Jornal Fatos e Not\u00edcias\",\"url\":\"https:\/\/jornalfatosenoticias.com.br\/\",\"logo\":{\"@type\":\"ImageObject\",\"inLanguage\":\"pt-BR\",\"@id\":\"https:\/\/jornalfatosenoticias.com.br\/#\/schema\/logo\/image\/\",\"url\":\"https:\/\/jornalfatosenoticias.com.br\/wp-content\/uploads\/2020\/02\/logo120.png\",\"contentUrl\":\"https:\/\/jornalfatosenoticias.com.br\/wp-content\/uploads\/2020\/02\/logo120.png\",\"width\":1227,\"height\":120,\"caption\":\"Jornal Fatos e Not\u00edcias\"},\"image\":{\"@id\":\"https:\/\/jornalfatosenoticias.com.br\/#\/schema\/logo\/image\/\"}},{\"@type\":\"Person\",\"@id\":\"https:\/\/jornalfatosenoticias.com.br\/#\/schema\/person\/d63837fa13ac8666eb9e74e0985d6f81\",\"name\":\"Luzimara Fernandes\",\"image\":{\"@type\":\"ImageObject\",\"inLanguage\":\"pt-BR\",\"@id\":\"https:\/\/jornalfatosenoticias.com.br\/#\/schema\/person\/image\/\",\"url\":\"https:\/\/jornalfatosenoticias.com.br\/wp-content\/uploads\/2025\/05\/EU_portal.jpg\",\"contentUrl\":\"https:\/\/jornalfatosenoticias.com.br\/wp-content\/uploads\/2025\/05\/EU_portal.jpg\",\"caption\":\"Luzimara Fernandes\"},\"description\":\"Jornalista MTB 2358-ES\",\"sameAs\":[\"https:\/\/jornalfatosenoticias.com.br\"],\"url\":\"https:\/\/jornalfatosenoticias.com.br\/index.php\/author\/luzimara\/\"}]}<\/script>\n<!-- \/ Yoast SEO plugin. -->","yoast_head_json":{"title":"Senado discute profunda reforma eleitoral em paralelo \u00e0 disputa entre esquerda e direita - Jornal Fatos e Not\u00edcias","robots":{"index":"index","follow":"follow","max-snippet":"max-snippet:-1","max-image-preview":"max-image-preview:large","max-video-preview":"max-video-preview:-1"},"canonical":"https:\/\/jornalfatosenoticias.com.br\/index.php\/2025\/05\/13\/senado-discute-profunda-reforma-eleitoral-em-paralelo-a-disputa-entre-esquerda-e-direita\/","og_locale":"pt_BR","og_type":"article","og_title":"Senado discute profunda reforma eleitoral em paralelo \u00e0 disputa entre esquerda e direita - Jornal Fatos e Not\u00edcias","og_description":"Relator do novo c\u00f3digo eleitoral no Senado, Marcelo Castro (MDB-PI), tamb\u00e9m relata emenda constitucional para acabar com a reelei\u00e7\u00e3o no Executivo Por S\u00edlvio Ribas Longe dos holofotes e embates tensos entre esquerda e direita, o Senado conduz, por meio da Comiss\u00e3o de Constitui\u00e7\u00e3o e Justi\u00e7a (CCJ), o debate sobre a mais profunda reforma eleitoral do [&hellip;]","og_url":"https:\/\/jornalfatosenoticias.com.br\/index.php\/2025\/05\/13\/senado-discute-profunda-reforma-eleitoral-em-paralelo-a-disputa-entre-esquerda-e-direita\/","og_site_name":"Jornal Fatos e Not\u00edcias","article_published_time":"2025-05-13T13:49:39+00:00","article_modified_time":"2025-05-13T13:49:41+00:00","og_image":[{"width":1000,"height":562,"url":"https:\/\/jornalfatosenoticias.com.br\/wp-content\/uploads\/2025\/05\/marcelo-castro.jpg","type":"image\/jpeg"}],"author":"Luzimara Fernandes","twitter_card":"summary_large_image","twitter_misc":{"Escrito por":"Luzimara Fernandes","Est. tempo de leitura":"6 minutos"},"schema":{"@context":"https:\/\/schema.org","@graph":[{"@type":"Article","@id":"https:\/\/jornalfatosenoticias.com.br\/index.php\/2025\/05\/13\/senado-discute-profunda-reforma-eleitoral-em-paralelo-a-disputa-entre-esquerda-e-direita\/#article","isPartOf":{"@id":"https:\/\/jornalfatosenoticias.com.br\/index.php\/2025\/05\/13\/senado-discute-profunda-reforma-eleitoral-em-paralelo-a-disputa-entre-esquerda-e-direita\/"},"author":{"name":"Luzimara Fernandes","@id":"https:\/\/jornalfatosenoticias.com.br\/#\/schema\/person\/d63837fa13ac8666eb9e74e0985d6f81"},"headline":"Senado discute profunda reforma eleitoral em paralelo \u00e0 disputa entre esquerda e direita","datePublished":"2025-05-13T13:49:39+00:00","dateModified":"2025-05-13T13:49:41+00:00","mainEntityOfPage":{"@id":"https:\/\/jornalfatosenoticias.com.br\/index.php\/2025\/05\/13\/senado-discute-profunda-reforma-eleitoral-em-paralelo-a-disputa-entre-esquerda-e-direita\/"},"wordCount":1297,"commentCount":0,"publisher":{"@id":"https:\/\/jornalfatosenoticias.com.br\/#organization"},"image":{"@id":"https:\/\/jornalfatosenoticias.com.br\/index.php\/2025\/05\/13\/senado-discute-profunda-reforma-eleitoral-em-paralelo-a-disputa-entre-esquerda-e-direita\/#primaryimage"},"thumbnailUrl":"https:\/\/jornalfatosenoticias.com.br\/wp-content\/uploads\/2025\/05\/marcelo-castro.jpg","keywords":["C\u00e2mara dos Deputados","CCJ","Comiss\u00e3o de Constitui\u00e7\u00e3o","elei\u00e7\u00f5es","Elei\u00e7\u00f5es 2026","Jair Bolsonaro","Justi\u00e7a e Cidadania","Lula","Marcelo Castro","novo C\u00f3digo Eleitoral","Pal\u00e1cio do Planalto","Senado","TSE","vota\u00e7\u00e3o"],"articleSection":["Pol\u00edtica"],"inLanguage":"pt-BR","potentialAction":[{"@type":"CommentAction","name":"Comment","target":["https:\/\/jornalfatosenoticias.com.br\/index.php\/2025\/05\/13\/senado-discute-profunda-reforma-eleitoral-em-paralelo-a-disputa-entre-esquerda-e-direita\/#respond"]}]},{"@type":"WebPage","@id":"https:\/\/jornalfatosenoticias.com.br\/index.php\/2025\/05\/13\/senado-discute-profunda-reforma-eleitoral-em-paralelo-a-disputa-entre-esquerda-e-direita\/","url":"https:\/\/jornalfatosenoticias.com.br\/index.php\/2025\/05\/13\/senado-discute-profunda-reforma-eleitoral-em-paralelo-a-disputa-entre-esquerda-e-direita\/","name":"Senado discute profunda reforma eleitoral em paralelo \u00e0 disputa entre esquerda e direita - Jornal Fatos e Not\u00edcias","isPartOf":{"@id":"https:\/\/jornalfatosenoticias.com.br\/#website"},"primaryImageOfPage":{"@id":"https:\/\/jornalfatosenoticias.com.br\/index.php\/2025\/05\/13\/senado-discute-profunda-reforma-eleitoral-em-paralelo-a-disputa-entre-esquerda-e-direita\/#primaryimage"},"image":{"@id":"https:\/\/jornalfatosenoticias.com.br\/index.php\/2025\/05\/13\/senado-discute-profunda-reforma-eleitoral-em-paralelo-a-disputa-entre-esquerda-e-direita\/#primaryimage"},"thumbnailUrl":"https:\/\/jornalfatosenoticias.com.br\/wp-content\/uploads\/2025\/05\/marcelo-castro.jpg","datePublished":"2025-05-13T13:49:39+00:00","dateModified":"2025-05-13T13:49:41+00:00","breadcrumb":{"@id":"https:\/\/jornalfatosenoticias.com.br\/index.php\/2025\/05\/13\/senado-discute-profunda-reforma-eleitoral-em-paralelo-a-disputa-entre-esquerda-e-direita\/#breadcrumb"},"inLanguage":"pt-BR","potentialAction":[{"@type":"ReadAction","target":["https:\/\/jornalfatosenoticias.com.br\/index.php\/2025\/05\/13\/senado-discute-profunda-reforma-eleitoral-em-paralelo-a-disputa-entre-esquerda-e-direita\/"]}]},{"@type":"ImageObject","inLanguage":"pt-BR","@id":"https:\/\/jornalfatosenoticias.com.br\/index.php\/2025\/05\/13\/senado-discute-profunda-reforma-eleitoral-em-paralelo-a-disputa-entre-esquerda-e-direita\/#primaryimage","url":"https:\/\/jornalfatosenoticias.com.br\/wp-content\/uploads\/2025\/05\/marcelo-castro.jpg","contentUrl":"https:\/\/jornalfatosenoticias.com.br\/wp-content\/uploads\/2025\/05\/marcelo-castro.jpg","width":1000,"height":562},{"@type":"BreadcrumbList","@id":"https:\/\/jornalfatosenoticias.com.br\/index.php\/2025\/05\/13\/senado-discute-profunda-reforma-eleitoral-em-paralelo-a-disputa-entre-esquerda-e-direita\/#breadcrumb","itemListElement":[{"@type":"ListItem","position":1,"name":"In\u00edcio","item":"https:\/\/jornalfatosenoticias.com.br\/"},{"@type":"ListItem","position":2,"name":"Senado discute profunda reforma eleitoral em paralelo \u00e0 disputa entre esquerda e direita"}]},{"@type":"WebSite","@id":"https:\/\/jornalfatosenoticias.com.br\/#website","url":"https:\/\/jornalfatosenoticias.com.br\/","name":"Jornal Fatos e Not\u00edcias","description":"Not\u00edcias em geral","publisher":{"@id":"https:\/\/jornalfatosenoticias.com.br\/#organization"},"potentialAction":[{"@type":"SearchAction","target":{"@type":"EntryPoint","urlTemplate":"https:\/\/jornalfatosenoticias.com.br\/?s={search_term_string}"},"query-input":{"@type":"PropertyValueSpecification","valueRequired":true,"valueName":"search_term_string"}}],"inLanguage":"pt-BR"},{"@type":"Organization","@id":"https:\/\/jornalfatosenoticias.com.br\/#organization","name":"Jornal Fatos e Not\u00edcias","url":"https:\/\/jornalfatosenoticias.com.br\/","logo":{"@type":"ImageObject","inLanguage":"pt-BR","@id":"https:\/\/jornalfatosenoticias.com.br\/#\/schema\/logo\/image\/","url":"https:\/\/jornalfatosenoticias.com.br\/wp-content\/uploads\/2020\/02\/logo120.png","contentUrl":"https:\/\/jornalfatosenoticias.com.br\/wp-content\/uploads\/2020\/02\/logo120.png","width":1227,"height":120,"caption":"Jornal Fatos e Not\u00edcias"},"image":{"@id":"https:\/\/jornalfatosenoticias.com.br\/#\/schema\/logo\/image\/"}},{"@type":"Person","@id":"https:\/\/jornalfatosenoticias.com.br\/#\/schema\/person\/d63837fa13ac8666eb9e74e0985d6f81","name":"Luzimara Fernandes","image":{"@type":"ImageObject","inLanguage":"pt-BR","@id":"https:\/\/jornalfatosenoticias.com.br\/#\/schema\/person\/image\/","url":"https:\/\/jornalfatosenoticias.com.br\/wp-content\/uploads\/2025\/05\/EU_portal.jpg","contentUrl":"https:\/\/jornalfatosenoticias.com.br\/wp-content\/uploads\/2025\/05\/EU_portal.jpg","caption":"Luzimara Fernandes"},"description":"Jornalista MTB 2358-ES","sameAs":["https:\/\/jornalfatosenoticias.com.br"],"url":"https:\/\/jornalfatosenoticias.com.br\/index.php\/author\/luzimara\/"}]}},"cc_featured_image_caption":{"caption_text":"(Foto: Edilson Rodrigues\/Ag\u00eancia Senado)","source_text":"","source_url":""},"jetpack_featured_media_url":"https:\/\/jornalfatosenoticias.com.br\/wp-content\/uploads\/2025\/05\/marcelo-castro.jpg","_links":{"self":[{"href":"https:\/\/jornalfatosenoticias.com.br\/index.php\/wp-json\/wp\/v2\/posts\/59154","targetHints":{"allow":["GET"]}}],"collection":[{"href":"https:\/\/jornalfatosenoticias.com.br\/index.php\/wp-json\/wp\/v2\/posts"}],"about":[{"href":"https:\/\/jornalfatosenoticias.com.br\/index.php\/wp-json\/wp\/v2\/types\/post"}],"author":[{"embeddable":true,"href":"https:\/\/jornalfatosenoticias.com.br\/index.php\/wp-json\/wp\/v2\/users\/2"}],"replies":[{"embeddable":true,"href":"https:\/\/jornalfatosenoticias.com.br\/index.php\/wp-json\/wp\/v2\/comments?post=59154"}],"version-history":[{"count":0,"href":"https:\/\/jornalfatosenoticias.com.br\/index.php\/wp-json\/wp\/v2\/posts\/59154\/revisions"}],"wp:featuredmedia":[{"embeddable":true,"href":"https:\/\/jornalfatosenoticias.com.br\/index.php\/wp-json\/wp\/v2\/media\/59155"}],"wp:attachment":[{"href":"https:\/\/jornalfatosenoticias.com.br\/index.php\/wp-json\/wp\/v2\/media?parent=59154"}],"wp:term":[{"taxonomy":"category","embeddable":true,"href":"https:\/\/jornalfatosenoticias.com.br\/index.php\/wp-json\/wp\/v2\/categories?post=59154"},{"taxonomy":"post_tag","embeddable":true,"href":"https:\/\/jornalfatosenoticias.com.br\/index.php\/wp-json\/wp\/v2\/tags?post=59154"}],"curies":[{"name":"wp","href":"https:\/\/api.w.org\/{rel}","templated":true}]}}