{"id":59174,"date":"2025-05-13T14:40:26","date_gmt":"2025-05-13T17:40:26","guid":{"rendered":"https:\/\/jornalfatosenoticias.com.br\/?p=59174"},"modified":"2025-05-13T14:40:27","modified_gmt":"2025-05-13T17:40:27","slug":"relatorio-da-oea-ignora-censura-do-stf-contra-a-direita-e-critica-peruca-de-nikolas","status":"publish","type":"post","link":"https:\/\/jornalfatosenoticias.com.br\/index.php\/2025\/05\/13\/relatorio-da-oea-ignora-censura-do-stf-contra-a-direita-e-critica-peruca-de-nikolas\/","title":{"rendered":"Relat\u00f3rio da OEA ignora censura do STF contra a direita e critica peruca de Nikolas"},"content":{"rendered":"\n<p><em><span class=\"has-inline-color has-black-color\">Relat\u00f3rio da OEA que omite casos graves de censura no Brasil, mas critica pessoas de direita, como o deputado Nikolas Ferreira, \u00e9 assinado por Pedro Vaca<\/span><\/em><\/p>\n\n\n\n<p><span class=\"has-inline-color has-black-color\">Por <strong><a href=\"https:\/\/www.gazetadopovo.com.br\/autor\/leonardo-desideri\/\" rel=\"sponsored nofollow\">Leonardo Desideri<\/a><\/strong><\/span><\/p>\n\n\n\n<div class=\"wp-block-image\"><figure class=\"aligncenter size-large\"><a href=\"https:\/\/mizu.com.br\/\"><img loading=\"lazy\" decoding=\"async\" width=\"729\" height=\"90\" src=\"https:\/\/jornalfatosenoticias.com.br\/wp-content\/uploads\/2020\/02\/Logo_Mizu.png\" alt=\"\" class=\"wp-image-1441\" srcset=\"https:\/\/jornalfatosenoticias.com.br\/wp-content\/uploads\/2020\/02\/Logo_Mizu.png 729w, https:\/\/jornalfatosenoticias.com.br\/wp-content\/uploads\/2020\/02\/Logo_Mizu-300x37.png 300w\" sizes=\"auto, (max-width: 729px) 100vw, 729px\" \/><\/a><\/figure><\/div>\n\n\n\n<p>A Comiss\u00e3o Interamericana de Direitos Humanos (CIDH) da Organiza\u00e7\u00e3o dos Estados Americanos (OEA) divulgou seu relat\u00f3rio anual sobre liberdade de express\u00e3o na sexta-feira passada (9), ignorando casos graves de censura no Brasil, em especial as decis\u00f5es judiciais do Supremo Tribunal Federal (STF) contra a direita. Por outro lado, dedicou espa\u00e7o para criticar o deputado Nikolas Ferreira (PL-MG) pelo caso do uso de peruca no plen\u00e1rio.<br>O documento, elaborado pela Relatoria Especial para a Liberdade de Express\u00e3o da OEA (RELE), ainda n\u00e3o \u00e9 aquele relat\u00f3rio previsto sobre o caso da liberdade de express\u00e3o no Brasil, que ser\u00e1 baseado nas audi\u00eancias feitas entre 9\/2 e 14\/2 pela CIDH com diversas autoridades, meios de comunica\u00e7\u00e3o e alvos da censura do Judici\u00e1rio. Ainda assim, o conte\u00fado dele d\u00e1 ind\u00edcios do vi\u00e9s que se pode esperar no documento sobre a visita de fevereiro, que ainda n\u00e3o tem data prevista para sair.<\/p>\n\n\n\n<div class=\"wp-block-image\"><figure class=\"aligncenter size-large is-resized\"><a href=\"https:\/\/www.facebook.com\/postobkr\/?locale=pt_BR\"><img loading=\"lazy\" decoding=\"async\" src=\"https:\/\/jornalfatosenoticias.com.br\/wp-content\/uploads\/2023\/08\/BKR-1024x1021.jpg\" alt=\"\" class=\"wp-image-44494\" width=\"317\" height=\"316\" srcset=\"https:\/\/jornalfatosenoticias.com.br\/wp-content\/uploads\/2023\/08\/BKR-1024x1021.jpg 1024w, https:\/\/jornalfatosenoticias.com.br\/wp-content\/uploads\/2023\/08\/BKR-300x300.jpg 300w, https:\/\/jornalfatosenoticias.com.br\/wp-content\/uploads\/2023\/08\/BKR-150x150.jpg 150w, https:\/\/jornalfatosenoticias.com.br\/wp-content\/uploads\/2023\/08\/BKR-768x766.jpg 768w, https:\/\/jornalfatosenoticias.com.br\/wp-content\/uploads\/2023\/08\/BKR.jpg 1080w\" sizes=\"auto, (max-width: 317px) 100vw, 317px\" \/><\/a><\/figure><\/div>\n\n\n\n<p><em><strong>&#8220;Seu relat\u00f3rio sobre a visita ainda \u00e9 esperado e n\u00e3o necessariamente ele teve tempo de incluir em seu relat\u00f3rio anual algo sobre a visita in loco. Mas, se o relat\u00f3rio que vir\u00e1 for similar ao que ele j\u00e1 escreveu no relat\u00f3rio anual, as not\u00edcias que teremos s\u00e3o pouco alvissareiras&#8221;, comenta Luiz Augusto M\u00f3dolo, doutor em Direito Internacional pela USP e autor de &#8220;A saga de Theodore Roosevelt&#8221; (2020).<\/strong><\/em><\/p>\n\n\n\n<div class=\"wp-block-image\"><figure class=\"aligncenter size-large is-resized\"><a href=\"https:\/\/www.instagram.com\/restaurantepegoretti\/\"><img loading=\"lazy\" decoding=\"async\" src=\"https:\/\/jornalfatosenoticias.com.br\/wp-content\/uploads\/2023\/12\/pegoretti-logo-pdf-1024x389.jpg\" alt=\"\" class=\"wp-image-47536\" width=\"514\" height=\"195\" srcset=\"https:\/\/jornalfatosenoticias.com.br\/wp-content\/uploads\/2023\/12\/pegoretti-logo-pdf-1024x389.jpg 1024w, https:\/\/jornalfatosenoticias.com.br\/wp-content\/uploads\/2023\/12\/pegoretti-logo-pdf-300x114.jpg 300w, https:\/\/jornalfatosenoticias.com.br\/wp-content\/uploads\/2023\/12\/pegoretti-logo-pdf-768x291.jpg 768w, https:\/\/jornalfatosenoticias.com.br\/wp-content\/uploads\/2023\/12\/pegoretti-logo-pdf.jpg 1120w\" sizes=\"auto, (max-width: 514px) 100vw, 514px\" \/><\/a><\/figure><\/div>\n\n\n\n<p><span class=\"has-inline-color has-black-color\"><strong>Documento anual da OEA cita casos de censura do STF sem condena\u00e7\u00e3o expl\u00edcita<br><\/strong><\/span>O relat\u00f3rio anual, assinado por Pedro Vaca, relator especial para a liberdade de express\u00e3o da CIDH, traz um panorama das principais amea\u00e7as \u00e0 liberdade de express\u00e3o em toda a Am\u00e9rica ao longo de 2024. O documento foca em casos de viol\u00eancia contra jornalistas, uso de processos judiciais como forma de intimida\u00e7\u00e3o e a\u00e7\u00f5es estatais para controle da informa\u00e7\u00e3o, al\u00e9m de abordar epis\u00f3dios envolvendo plataformas digitais e &#8220;desinforma\u00e7\u00e3o&#8221;.<\/p>\n\n\n\n<div class=\"wp-block-image\"><figure class=\"aligncenter size-large is-resized\"><a href=\"https:\/\/www.facebook.com\/profile.php?id=100069289606145\"><img loading=\"lazy\" decoding=\"async\" src=\"https:\/\/jornalfatosenoticias.com.br\/wp-content\/uploads\/2024\/11\/Guaitolini-Contabilidade-1024x714.jpeg\" alt=\"\" class=\"wp-image-55808\" width=\"352\" height=\"245\" srcset=\"https:\/\/jornalfatosenoticias.com.br\/wp-content\/uploads\/2024\/11\/Guaitolini-Contabilidade-1024x714.jpeg 1024w, https:\/\/jornalfatosenoticias.com.br\/wp-content\/uploads\/2024\/11\/Guaitolini-Contabilidade-300x209.jpeg 300w, https:\/\/jornalfatosenoticias.com.br\/wp-content\/uploads\/2024\/11\/Guaitolini-Contabilidade-768x535.jpeg 768w, https:\/\/jornalfatosenoticias.com.br\/wp-content\/uploads\/2024\/11\/Guaitolini-Contabilidade.jpeg 1280w\" sizes=\"auto, (max-width: 352px) 100vw, 352px\" \/><\/a><\/figure><\/div>\n\n\n\n<p>V\u00e1rios personagens alvos de censura e alguns meios de comunica\u00e7\u00e3o, entre eles a Gazeta do Povo, fizeram \u00e0 OEA um levantamento detalhado dos casos mais graves de persegui\u00e7\u00e3o e ataque contra a liberdade de express\u00e3o da direita, incluindo decis\u00f5es do STF que resultaram em bloqueios de perfis, remo\u00e7\u00e3o de conte\u00fados e persegui\u00e7\u00f5es judiciais contra jornalistas e influenciadores cr\u00edticos ao tribunal. Apesar da documenta\u00e7\u00e3o apresentada, a maioria desses epis\u00f3dios n\u00e3o foi mencionada no relat\u00f3rio oficial.<\/p>\n\n\n\n<div class=\"wp-block-image\"><figure class=\"aligncenter size-large is-resized\"><a href=\"https:\/\/www.instagram.com\/serra4x4cambioautomatico\/\"><img loading=\"lazy\" decoding=\"async\" src=\"https:\/\/jornalfatosenoticias.com.br\/wp-content\/uploads\/2024\/08\/Serra-4x4-1-886x1024.jpg\" alt=\"\" class=\"wp-image-53632\" width=\"252\" height=\"291\" srcset=\"https:\/\/jornalfatosenoticias.com.br\/wp-content\/uploads\/2024\/08\/Serra-4x4-1-886x1024.jpg 886w, https:\/\/jornalfatosenoticias.com.br\/wp-content\/uploads\/2024\/08\/Serra-4x4-1-260x300.jpg 260w, https:\/\/jornalfatosenoticias.com.br\/wp-content\/uploads\/2024\/08\/Serra-4x4-1-768x888.jpg 768w, https:\/\/jornalfatosenoticias.com.br\/wp-content\/uploads\/2024\/08\/Serra-4x4-1.jpg 1181w\" sizes=\"auto, (max-width: 252px) 100vw, 252px\" \/><\/a><\/figure><\/div>\n\n\n\n<p>A OEA chega a mencionar algumas medidas do Judici\u00e1rio contra plataformas digitais, como o bloqueio da rede social X, mas trata o tema sem condena\u00e7\u00e3o expl\u00edcita \u00e0s a\u00e7\u00f5es, como um tema a ser observado, sempre terceirizando qualquer ju\u00edzo sobre o que fez o STF \u2014 essa mesma isen\u00e7\u00e3o n\u00e3o se v\u00ea, por exemplo, no caso da peruca de Nikolas ou da batalha judicial entre Patr\u00edcia Campos Mello e o deputado Eduardo Bolsonaro (PL-SP), em que a OEA assume posicionamento claro.<\/p>\n\n\n\n<div class=\"wp-block-image\"><figure class=\"aligncenter size-large is-resized\"><a href=\"https:\/\/www.instagram.com\/esteiochurrascaria\/\"><img loading=\"lazy\" decoding=\"async\" src=\"https:\/\/jornalfatosenoticias.com.br\/wp-content\/uploads\/2022\/02\/LOGO-ESTEIO-1024x730.png\" alt=\"\" class=\"wp-image-27942\" width=\"340\" height=\"242\" srcset=\"https:\/\/jornalfatosenoticias.com.br\/wp-content\/uploads\/2022\/02\/LOGO-ESTEIO-1024x730.png 1024w, https:\/\/jornalfatosenoticias.com.br\/wp-content\/uploads\/2022\/02\/LOGO-ESTEIO-300x214.png 300w, https:\/\/jornalfatosenoticias.com.br\/wp-content\/uploads\/2022\/02\/LOGO-ESTEIO-768x548.png 768w, https:\/\/jornalfatosenoticias.com.br\/wp-content\/uploads\/2022\/02\/LOGO-ESTEIO.png 1123w\" sizes=\"auto, (max-width: 340px) 100vw, 340px\" \/><\/a><\/figure><\/div>\n\n\n\n<blockquote class=\"wp-block-quote is-layout-flow wp-block-quote-is-layout-flow\"><p><span class=\"has-inline-color has-luminous-vivid-orange-color\">Em abril, os chamados &#8216;Arquivos X&#8217; revelaram uma s\u00e9rie de e-mails da rede social X e ordens de restri\u00e7\u00e3o de conte\u00fado emitidas pelo Supremo Tribunal Federal dirigidas \u00e0 empresa. Alguns setores denunciaram esses documentos como evid\u00eancia de censura no Brasil&#8221;, diz o relat\u00f3rio.<\/span><\/p><\/blockquote>\n\n\n\n<div class=\"wp-block-image\"><figure class=\"aligncenter size-large is-resized\"><a href=\"https:\/\/www.legisjuris.com.br\/\"><img loading=\"lazy\" decoding=\"async\" src=\"https:\/\/jornalfatosenoticias.com.br\/wp-content\/uploads\/2024\/09\/Legis-Juris-Consultoria_logo.jpg\" alt=\"\" class=\"wp-image-53915\" width=\"530\" height=\"222\" srcset=\"https:\/\/jornalfatosenoticias.com.br\/wp-content\/uploads\/2024\/09\/Legis-Juris-Consultoria_logo.jpg 969w, https:\/\/jornalfatosenoticias.com.br\/wp-content\/uploads\/2024\/09\/Legis-Juris-Consultoria_logo-300x126.jpg 300w, https:\/\/jornalfatosenoticias.com.br\/wp-content\/uploads\/2024\/09\/Legis-Juris-Consultoria_logo-768x322.jpg 768w\" sizes=\"auto, (max-width: 530px) 100vw, 530px\" \/><\/a><\/figure><\/div>\n\n\n\n<p>O \u00f3rg\u00e3o d\u00e1 sinais sutis de preocupa\u00e7\u00e3o com a suspens\u00e3o da rede de Elon Musk, especialmente no que diz respeito \u00e0 proibi\u00e7\u00e3o de VPNs e aos impactos sobre jornalistas. Mas essas preocupa\u00e7\u00f5es s\u00e3o sempre atribu\u00eddas a &#8220;organiza\u00e7\u00f5es da sociedade civil&#8221;, e nunca formuladas como uma cr\u00edtica direta da OEA \u00e0s decis\u00f5es do STF.<\/p>\n\n\n\n<blockquote class=\"wp-block-quote is-layout-flow wp-block-quote-is-layout-flow\"><p><span class=\"has-inline-color has-luminous-vivid-orange-color\">Duas a\u00e7\u00f5es constitucionais apresentadas por terceiros tentaram contestar a ordem de suspens\u00e3o diante da proibi\u00e7\u00e3o do uso de VPN. Segundo organiza\u00e7\u00f5es da sociedade civil, isso teria impactado o exerc\u00edcio de atividades leg\u00edtimas na rede, como o trabalho jornal\u00edstico&#8221;, diz o relat\u00f3rio.<\/span><\/p><\/blockquote>\n\n\n\n<div class=\"wp-block-image\"><figure class=\"aligncenter size-large is-resized\"><a href=\"https:\/\/hotelmarquetti.com.br\/\"><img loading=\"lazy\" decoding=\"async\" src=\"https:\/\/jornalfatosenoticias.com.br\/wp-content\/uploads\/2020\/02\/LOGO-MQ-1024x680.jpg\" alt=\"\" class=\"wp-image-58299\" width=\"399\" height=\"265\" srcset=\"https:\/\/jornalfatosenoticias.com.br\/wp-content\/uploads\/2020\/02\/LOGO-MQ-1024x680.jpg 1024w, https:\/\/jornalfatosenoticias.com.br\/wp-content\/uploads\/2020\/02\/LOGO-MQ-300x199.jpg 300w, https:\/\/jornalfatosenoticias.com.br\/wp-content\/uploads\/2020\/02\/LOGO-MQ-768x510.jpg 768w, https:\/\/jornalfatosenoticias.com.br\/wp-content\/uploads\/2020\/02\/LOGO-MQ-1536x1020.jpg 1536w, https:\/\/jornalfatosenoticias.com.br\/wp-content\/uploads\/2020\/02\/LOGO-MQ-2048x1360.jpg 2048w\" sizes=\"auto, (max-width: 399px) 100vw, 399px\" \/><\/a><\/figure><\/div>\n\n\n\n<p>Na sequ\u00eancia, a OEA arremata os coment\u00e1rios sobre o caso do X com um aparente aceno positivo \u00e0s restri\u00e7\u00f5es impostas pelo STF, afirmando que &#8220;as amea\u00e7as reais \u00e0s institui\u00e7\u00f5es democr\u00e1ticas, assim como a prolifera\u00e7\u00e3o de discursos violentos e da desinforma\u00e7\u00e3o nas redes sociais, desencadearam rea\u00e7\u00f5es intensas contra as plataformas na regi\u00e3o&#8221;. &#8220;No ambiente digital, os Estados t\u00eam a obriga\u00e7\u00e3o n\u00e3o apenas de garantir que todas as pessoas possam exercer plenamente seu direito \u00e0 liberdade de express\u00e3o na internet, mas tamb\u00e9m de assegurar que as empresas privadas que administram o discurso e a informa\u00e7\u00e3o on-line respeitem os direitos humanos em seus produtos e servi\u00e7os&#8221;, diz.<\/p>\n\n\n\n<div class=\"wp-block-image\"><figure class=\"aligncenter size-large is-resized\"><a href=\"https:\/\/www.instagram.com\/rcradiadores\/\"><img loading=\"lazy\" decoding=\"async\" src=\"https:\/\/jornalfatosenoticias.com.br\/wp-content\/uploads\/2022\/10\/RC_800x750_page-0001.jpg\" alt=\"\" class=\"wp-image-35338\" width=\"331\" height=\"310\" srcset=\"https:\/\/jornalfatosenoticias.com.br\/wp-content\/uploads\/2022\/10\/RC_800x750_page-0001.jpg 400w, https:\/\/jornalfatosenoticias.com.br\/wp-content\/uploads\/2022\/10\/RC_800x750_page-0001-300x281.jpg 300w\" sizes=\"auto, (max-width: 331px) 100vw, 331px\" \/><\/a><\/figure><\/div>\n\n\n\n<p><strong><span class=\"has-inline-color has-black-color\">Em casos n\u00e3o relacionados com a direita, OEA manifesta &#8220;preocupa\u00e7\u00e3o&#8221;<br><\/span><\/strong>A OEA tamb\u00e9m cita brevemente a censura imposta pelo Supremo Tribunal Federal a Filipe Martins, ex-assessor internacional da Presid\u00eancia no governo Bolsonaro, mas o faz sem qualquer reprova\u00e7\u00e3o. Martins n\u00e3o pode usar redes sociais nem dar entrevistas a ve\u00edculos de comunica\u00e7\u00e3o, sob pena de ser novamente preso. O epis\u00f3dio \u00e9 descrito em tom neutro, como um fato administrativo, sem que a Relatoria manifeste preocupa\u00e7\u00e3o com o impacto da decis\u00e3o sobre a liberdade de express\u00e3o.<\/p>\n\n\n\n<div class=\"wp-block-image\"><figure class=\"aligncenter size-large is-resized\"><a href=\"https:\/\/www.instagram.com\/gruposei\/\"><img loading=\"lazy\" decoding=\"async\" src=\"https:\/\/jornalfatosenoticias.com.br\/wp-content\/uploads\/2022\/07\/Logo-Grupo-SEI.jpg\" alt=\"\" class=\"wp-image-31973\" width=\"379\" height=\"199\" srcset=\"https:\/\/jornalfatosenoticias.com.br\/wp-content\/uploads\/2022\/07\/Logo-Grupo-SEI.jpg 713w, https:\/\/jornalfatosenoticias.com.br\/wp-content\/uploads\/2022\/07\/Logo-Grupo-SEI-300x158.jpg 300w\" sizes=\"auto, (max-width: 379px) 100vw, 379px\" \/><\/a><\/figure><\/div>\n\n\n\n<p>&#8220;A Relatoria tamb\u00e9m registrou a ordem de 22 de agosto de 2024 do Supremo Tribunal Federal que proibiu um ex-assessor de assuntos internacionais da Presid\u00eancia da Rep\u00fablica, atualmente investigado por alegada participa\u00e7\u00e3o em tentativa de golpe de Estado, de conceder uma entrevista ao jornal <em>Folha de S.Paulo&#8221;<\/em>, diz o documento.<\/p>\n\n\n\n<div class=\"wp-block-image\"><figure class=\"aligncenter size-large is-resized\"><a href=\"https:\/\/www.ithbrasil.com.br\/\"><img loading=\"lazy\" decoding=\"async\" src=\"https:\/\/jornalfatosenoticias.com.br\/wp-content\/uploads\/2023\/08\/ITH.jpeg\" alt=\"\" class=\"wp-image-44638\" width=\"303\" height=\"246\" srcset=\"https:\/\/jornalfatosenoticias.com.br\/wp-content\/uploads\/2023\/08\/ITH.jpeg 800w, https:\/\/jornalfatosenoticias.com.br\/wp-content\/uploads\/2023\/08\/ITH-300x244.jpeg 300w, https:\/\/jornalfatosenoticias.com.br\/wp-content\/uploads\/2023\/08\/ITH-768x624.jpeg 768w\" sizes=\"auto, (max-width: 303px) 100vw, 303px\" \/><\/a><\/figure><\/div>\n\n\n\n<p>Em casos n\u00e3o relacionados com a direita, a OEA \u00e9 expl\u00edcita em manifestar &#8220;preocupa\u00e7\u00e3o&#8221;. &#8220;Este \u00f3rg\u00e3o observa com preocupa\u00e7\u00e3o a deten\u00e7\u00e3o, por parte da Pol\u00edcia de S\u00e3o Paulo, de jovens que protestavam contra o aumento do pre\u00e7o do transporte p\u00fablico. A eles teria sido imputada a suposta pr\u00e1tica dos crimes de associa\u00e7\u00e3o criminosa e tentativa de aboli\u00e7\u00e3o do Estado Democr\u00e1tico de Direito, o que poderia representar uma distor\u00e7\u00e3o do tipo penal com o objetivo de restringir o direito \u00e0 manifesta\u00e7\u00e3o&#8221;, diz a OEA.<\/p>\n\n\n\n<div class=\"wp-block-image\"><figure class=\"aligncenter size-large\"><a href=\"http:\/\/www.ferrarimaquinas.com.br\/\"><img loading=\"lazy\" decoding=\"async\" width=\"300\" height=\"250\" src=\"https:\/\/jornalfatosenoticias.com.br\/wp-content\/uploads\/2022\/02\/FERRARI_MAQUINAS-E-FERRAMENTAS2.jpg\" alt=\"\" class=\"wp-image-27860\"\/><\/a><\/figure><\/div>\n\n\n\n<p>Nenhuma das m\u00faltiplas distor\u00e7\u00f5es de tipos penais contra a direita, em especial as relacionadas ao que o Supremo chama de &#8220;tentativa de aboli\u00e7\u00e3o do Estado Democr\u00e1tico de Direito&#8221;, foi mencionada pela Relatoria.<\/p>\n\n\n\n<div class=\"wp-block-image\"><figure class=\"aligncenter size-large is-resized\"><a href=\"https:\/\/www.facebook.com\/vetor.vix\/\"><img loading=\"lazy\" decoding=\"async\" src=\"https:\/\/jornalfatosenoticias.com.br\/wp-content\/uploads\/2023\/09\/vetorvix1024_1.jpg\" alt=\"\" class=\"wp-image-44868\" width=\"520\" height=\"138\" srcset=\"https:\/\/jornalfatosenoticias.com.br\/wp-content\/uploads\/2023\/09\/vetorvix1024_1.jpg 1024w, https:\/\/jornalfatosenoticias.com.br\/wp-content\/uploads\/2023\/09\/vetorvix1024_1-300x80.jpg 300w, https:\/\/jornalfatosenoticias.com.br\/wp-content\/uploads\/2023\/09\/vetorvix1024_1-768x205.jpg 768w\" sizes=\"auto, (max-width: 520px) 100vw, 520px\" \/><\/a><\/figure><\/div>\n\n\n\n<p><strong><span class=\"has-inline-color has-black-color\">OEA mostra vi\u00e9s em relat\u00f3rio anual, diz jurista<br><\/span><\/strong>Para Luiz Augusto M\u00f3dolo, h\u00e1 uma invers\u00e3o de valores nas cr\u00edticas feitas pelo relat\u00f3rio da OEA contra a atitude de Nikolas.<\/p>\n\n\n\n<blockquote class=\"wp-block-quote is-layout-flow wp-block-quote-is-layout-flow\"><p><span class=\"has-inline-color has-luminous-vivid-orange-color\">O caso do deputado Nikolas Ferreira, que est\u00e1 tendo sua imunidade parlamentar ignorada pelo fato dele ter usado uma peruca loira e criticado os exageros das demandas LGBT, foi completamente invertido. Nikolas \u00e9 que foi pintado como o agressor, quando em verdade ele e seus eleitores \u00e9 que est\u00e3o tendo suas garantias constitucionais atropeladas&#8221;, diz. &#8220;O fato \u00e9 que quando Pedro Vaca foi fazer seu relat\u00f3rio, mesmo antes da visita recente, j\u00e1 havia bastante material para trabalhar sobre abusos que grande parte do espectro pol\u00edtico brasileiro j\u00e1 vinha sofrendo, especialmente vindo de altas autoridades do pa\u00eds. Mas ele aparentemente colocou antolhos ao fazer seu relat\u00f3rio e optou por priorizar relatos vindos de fontes que compartilham sua vis\u00e3o de mundo&#8221;, acrescenta.<\/span><\/p><\/blockquote>\n\n\n\n<div class=\"wp-block-image\"><figure class=\"aligncenter size-large is-resized\"><a href=\"https:\/\/www.controlsystems.com.br\/\"><img loading=\"lazy\" decoding=\"async\" src=\"https:\/\/jornalfatosenoticias.com.br\/wp-content\/uploads\/2020\/02\/CONTROL-CS.jpg\" alt=\"\" class=\"wp-image-44991\" width=\"254\" height=\"305\" srcset=\"https:\/\/jornalfatosenoticias.com.br\/wp-content\/uploads\/2020\/02\/CONTROL-CS.jpg 834w, https:\/\/jornalfatosenoticias.com.br\/wp-content\/uploads\/2020\/02\/CONTROL-CS-250x300.jpg 250w, https:\/\/jornalfatosenoticias.com.br\/wp-content\/uploads\/2020\/02\/CONTROL-CS-768x921.jpg 768w\" sizes=\"auto, (max-width: 254px) 100vw, 254px\" \/><\/a><\/figure><\/div>\n\n\n\n<p>Em v\u00e1rios casos relacionados \u00e0 liberdade de express\u00e3o no relat\u00f3rio, a OEA \u00e9 expl\u00edcita em seus ju\u00edzos de valor, mas quase todos eles se referem a jornalistas ou pessoas de esquerda. A OEA dedica grande espa\u00e7o a casos de profissionais de meios de comunica\u00e7\u00e3o esquerdistas condenadas judicialmente ou ofendidas \u2014 nestes casos, demonstrando preocupa\u00e7\u00e3o com a prote\u00e7\u00e3o \u00e0 atividade jornal\u00edstica.<\/p>\n\n\n\n<div class=\"wp-block-image\"><figure class=\"aligncenter size-large is-resized\"><a href=\"https:\/\/panper.com.br\/\"><img loading=\"lazy\" decoding=\"async\" src=\"https:\/\/jornalfatosenoticias.com.br\/wp-content\/uploads\/2023\/03\/logo-Panper_portal.jpg\" alt=\"\" class=\"wp-image-40208\" width=\"348\" height=\"241\" srcset=\"https:\/\/jornalfatosenoticias.com.br\/wp-content\/uploads\/2023\/03\/logo-Panper_portal.jpg 400w, https:\/\/jornalfatosenoticias.com.br\/wp-content\/uploads\/2023\/03\/logo-Panper_portal-300x208.jpg 300w\" sizes=\"auto, (max-width: 348px) 100vw, 348px\" \/><\/a><\/figure><\/div>\n\n\n\n<p>&#8220;A RELE manifesta sua preocupa\u00e7\u00e3o diante da condena\u00e7\u00e3o penal contra uma jornalista no Brasil&#8221;, diz, referindo-se \u00e0 jornalista Schirlei Alves, punida por reportar falas durante o julgamento do caso Mariana Ferrer. Em rela\u00e7\u00e3o \u00e0 jornalista Patr\u00edcia Campos Mello, a OEA afirma que &#8220;sa\u00fada decis\u00f5es que contribuem para garantir o direito \u00e0 liberdade de express\u00e3o&#8221; e celebra a decis\u00e3o judicial que determinou indeniza\u00e7\u00e3o \u00e0 jornalista por ofensas feitas por Eduardo Bolsonaro &#8220;em raz\u00e3o de sua condi\u00e7\u00e3o de mulher&#8221;.<\/p>\n\n\n\n<div class=\"wp-block-image\"><figure class=\"aligncenter size-large\"><a href=\"https:\/\/www.cesconetto.com.br\/\"><img loading=\"lazy\" decoding=\"async\" width=\"300\" height=\"250\" src=\"https:\/\/jornalfatosenoticias.com.br\/wp-content\/uploads\/2022\/02\/Banner-2.png\" alt=\"\" class=\"wp-image-27877\"\/><\/a><\/figure><\/div>\n\n\n\n<p>O relat\u00f3rio anual da OEA tamb\u00e9m d\u00e1 aten\u00e7\u00e3o especial ao assassinato de Bruno Pereira e Dom Phillips na Amaz\u00f4nia. A OEA afirma que &#8220;o assassinato de jornalistas representa a forma mais extrema de censura, e que a impunidade favorece a autocensura da imprensa&#8221;, cobrando do Estado brasileiro dilig\u00eancia nas investiga\u00e7\u00f5es e repara\u00e7\u00e3o \u00e0s fam\u00edlias.<\/p>\n\n\n\n<div class=\"wp-block-image\"><figure class=\"aligncenter size-large is-resized\"><a href=\"https:\/\/www.legisjuris.com.br\/\"><img loading=\"lazy\" decoding=\"async\" src=\"https:\/\/jornalfatosenoticias.com.br\/wp-content\/uploads\/2024\/09\/Legis-Juris-Consultoria_logo.jpg\" alt=\"\" class=\"wp-image-53915\" width=\"504\" height=\"211\" srcset=\"https:\/\/jornalfatosenoticias.com.br\/wp-content\/uploads\/2024\/09\/Legis-Juris-Consultoria_logo.jpg 969w, https:\/\/jornalfatosenoticias.com.br\/wp-content\/uploads\/2024\/09\/Legis-Juris-Consultoria_logo-300x126.jpg 300w, https:\/\/jornalfatosenoticias.com.br\/wp-content\/uploads\/2024\/09\/Legis-Juris-Consultoria_logo-768x322.jpg 768w\" sizes=\"auto, (max-width: 504px) 100vw, 504px\" \/><\/a><\/figure><\/div>\n\n\n\n<p>O documento ainda elogia o reconhecimento, por parte do STF, do ass\u00e9dio judicial como uma amea\u00e7a \u00e0 liberdade de express\u00e3o, em refer\u00eancia a uma decis\u00e3o da Corte que passou a permitir que jornalistas processados repetidamente por um mesmo tema possam solicitar a unifica\u00e7\u00e3o das a\u00e7\u00f5es em seu domic\u00edlio, com o objetivo de reduzir custos e evitar persegui\u00e7\u00f5es.<\/p>\n\n\n\n<div class=\"wp-block-image\"><figure class=\"aligncenter size-large is-resized\"><a href=\"https:\/\/www.facebook.com\/profile.php?id=100069289606145\"><img loading=\"lazy\" decoding=\"async\" src=\"https:\/\/jornalfatosenoticias.com.br\/wp-content\/uploads\/2024\/11\/Guaitolini-Contabilidade-1024x714.jpeg\" alt=\"\" class=\"wp-image-55808\" width=\"296\" height=\"206\" srcset=\"https:\/\/jornalfatosenoticias.com.br\/wp-content\/uploads\/2024\/11\/Guaitolini-Contabilidade-1024x714.jpeg 1024w, https:\/\/jornalfatosenoticias.com.br\/wp-content\/uploads\/2024\/11\/Guaitolini-Contabilidade-300x209.jpeg 300w, https:\/\/jornalfatosenoticias.com.br\/wp-content\/uploads\/2024\/11\/Guaitolini-Contabilidade-768x535.jpeg 768w, https:\/\/jornalfatosenoticias.com.br\/wp-content\/uploads\/2024\/11\/Guaitolini-Contabilidade.jpeg 1280w\" sizes=\"auto, (max-width: 296px) 100vw, 296px\" \/><\/a><\/figure><\/div>\n\n\n\n<p>O relat\u00f3rio tamb\u00e9m aborda outras iniciativas estatais relacionadas \u00e0 regula\u00e7\u00e3o de conte\u00fado, mas com ju\u00edzos de valor menos expl\u00edcitos. Cita, de forma descritiva, a cria\u00e7\u00e3o do Centro Integrado de Enfrentamento \u00e0 Desinforma\u00e7\u00e3o e Defesa da Democracia (Ciedde) pelo TSE como parte dos esfor\u00e7os para conter fake news nas elei\u00e7\u00f5es municipais.<\/p>\n\n\n\n<div class=\"wp-block-image\"><figure class=\"aligncenter size-large is-resized\"><a href=\"https:\/\/www.instagram.com\/esteiochurrascaria\/\"><img loading=\"lazy\" decoding=\"async\" src=\"https:\/\/jornalfatosenoticias.com.br\/wp-content\/uploads\/2022\/02\/LOGO-ESTEIO-1024x730.png\" alt=\"\" class=\"wp-image-27942\" width=\"319\" height=\"227\" srcset=\"https:\/\/jornalfatosenoticias.com.br\/wp-content\/uploads\/2022\/02\/LOGO-ESTEIO-1024x730.png 1024w, https:\/\/jornalfatosenoticias.com.br\/wp-content\/uploads\/2022\/02\/LOGO-ESTEIO-300x214.png 300w, https:\/\/jornalfatosenoticias.com.br\/wp-content\/uploads\/2022\/02\/LOGO-ESTEIO-768x548.png 768w, https:\/\/jornalfatosenoticias.com.br\/wp-content\/uploads\/2022\/02\/LOGO-ESTEIO.png 1123w\" sizes=\"auto, (max-width: 319px) 100vw, 319px\" \/><\/a><\/figure><\/div>\n\n\n\n<blockquote class=\"wp-block-quote is-layout-flow wp-block-quote-is-layout-flow\"><p><span class=\"has-inline-color has-luminous-vivid-orange-color\">[Pedro] Vaca [relator especial da CIDH] menciona a cria\u00e7\u00e3o do CIEDD pelo TSE, mas apenas relata sua cria\u00e7\u00e3o de forma acr\u00edtica e esquece completamente de mencionar a situa\u00e7\u00e3o de Eduardo Tagliaferro, servidor ligado ao \u00f3rg\u00e3o, demitido do TSE e que consignou diversas den\u00fancias sobre seu per\u00edodo no TSE. As reportagens na Folha de Glenn Greenwald e um outro jornalista sobre os m\u00e9todos do TSE n\u00e3o mereceram men\u00e7\u00e3o&#8221;, observa Luiz Augusto M\u00f3dolo.<\/span><\/p><\/blockquote>\n\n\n\n<div class=\"wp-block-image\"><figure class=\"aligncenter size-large is-resized\"><a href=\"https:\/\/hotelmarquetti.com.br\/\"><img loading=\"lazy\" decoding=\"async\" src=\"https:\/\/jornalfatosenoticias.com.br\/wp-content\/uploads\/2020\/02\/LOGO-MQ-1024x680.jpg\" alt=\"\" class=\"wp-image-58299\" width=\"354\" height=\"235\" srcset=\"https:\/\/jornalfatosenoticias.com.br\/wp-content\/uploads\/2020\/02\/LOGO-MQ-1024x680.jpg 1024w, https:\/\/jornalfatosenoticias.com.br\/wp-content\/uploads\/2020\/02\/LOGO-MQ-300x199.jpg 300w, https:\/\/jornalfatosenoticias.com.br\/wp-content\/uploads\/2020\/02\/LOGO-MQ-768x510.jpg 768w, https:\/\/jornalfatosenoticias.com.br\/wp-content\/uploads\/2020\/02\/LOGO-MQ-1536x1020.jpg 1536w, https:\/\/jornalfatosenoticias.com.br\/wp-content\/uploads\/2020\/02\/LOGO-MQ-2048x1360.jpg 2048w\" sizes=\"auto, (max-width: 354px) 100vw, 354px\" \/><\/a><\/figure><\/div>\n\n\n\n<p>O documento fala ainda sobre a san\u00e7\u00e3o da Lei n.\u00ba 14.811\/2024, que tipifica o bullying e o cyberbullying como crimes, sem emitir avalia\u00e7\u00e3o direta sobre seus efeitos. E tamb\u00e9m menciona, sem fazer ju\u00edzo de valor, a retirada de circula\u00e7\u00e3o de livros jur\u00eddicos considerados homof\u00f3bicos e mis\u00f3ginos, determinada pelo ministro Fl\u00e1vio Dino, do STF.<\/p>\n\n\n\n<blockquote class=\"wp-block-quote is-layout-flow wp-block-quote-is-layout-flow\"><p><span class=\"has-inline-color has-luminous-vivid-orange-color\">[Vaca] poderia ter sido mais incisivo ao criticar a decis\u00e3o do STF que determinou a destrui\u00e7\u00e3o de livros jur\u00eddicos com conte\u00fado considerado inapropriado, bem como a alta multa por danos morais coletivos aplicada ao autor do livro&#8221;, diz M\u00f3dolo.<\/span><\/p><\/blockquote>\n\n\n\n<div class=\"wp-block-image\"><figure class=\"aligncenter size-large is-resized\"><a href=\"https:\/\/www.instagram.com\/restaurantepegoretti\/\"><img loading=\"lazy\" decoding=\"async\" src=\"https:\/\/jornalfatosenoticias.com.br\/wp-content\/uploads\/2023\/12\/pegoretti-logo-pdf-1024x389.jpg\" alt=\"\" class=\"wp-image-47536\" width=\"464\" height=\"176\" srcset=\"https:\/\/jornalfatosenoticias.com.br\/wp-content\/uploads\/2023\/12\/pegoretti-logo-pdf-1024x389.jpg 1024w, https:\/\/jornalfatosenoticias.com.br\/wp-content\/uploads\/2023\/12\/pegoretti-logo-pdf-300x114.jpg 300w, https:\/\/jornalfatosenoticias.com.br\/wp-content\/uploads\/2023\/12\/pegoretti-logo-pdf-768x291.jpg 768w, https:\/\/jornalfatosenoticias.com.br\/wp-content\/uploads\/2023\/12\/pegoretti-logo-pdf.jpg 1120w\" sizes=\"auto, (max-width: 464px) 100vw, 464px\" \/><\/a><\/figure><\/div>\n\n\n\n<p><span class=\"has-inline-color has-black-color\">(<strong>Foto de capa:<\/strong> Roque de S\u00e1\/Ag\u00eancia Senado e Pablo Valadares\/C\u00e2mara dos Deputados)<\/span><\/p>\n\n\n\n<p><strong>Fonte: <a href=\"https:\/\/www.gazetadopovo.com.br\/vida-e-cidadania\/relatorio-oea-ignora-censura-stf-contra-direita-critica-peruca-de-nikolas\/\">Gazeta do Povo<\/a><\/strong><\/p>\n","protected":false},"excerpt":{"rendered":"<p>Relat\u00f3rio da OEA que omite casos graves de censura no Brasil, mas critica pessoas de direita, como o deputado Nikolas Ferreira, \u00e9 assinado por Pedro Vaca Por Leonardo Desideri A Comiss\u00e3o Interamericana de Direitos Humanos (CIDH) da Organiza\u00e7\u00e3o dos Estados Americanos (OEA) divulgou seu relat\u00f3rio anual sobre liberdade de express\u00e3o na sexta-feira passada (9), ignorando [&hellip;]<\/p>\n","protected":false},"author":2,"featured_media":59175,"comment_status":"open","ping_status":"open","sticky":false,"template":"","format":"standard","meta":{"footnotes":""},"categories":[5],"tags":[18995,22274,27024,27023,294,27022],"class_list":["post-59174","post","type-post","status-publish","format-standard","has-post-thumbnail","hentry","category-geral","tag-nikolas-ferreira","tag-oea","tag-pedro-vaca","tag-relatorio-oea","tag-stf","tag-vies-de-esquerda"],"yoast_head":"<!-- This site is optimized with the Yoast SEO plugin v26.5 - https:\/\/yoast.com\/wordpress\/plugins\/seo\/ -->\n<title>Relat\u00f3rio da OEA ignora censura do STF contra a direita e critica peruca de Nikolas - Jornal Fatos e Not\u00edcias<\/title>\n<meta name=\"robots\" content=\"index, follow, max-snippet:-1, max-image-preview:large, max-video-preview:-1\" \/>\n<link rel=\"canonical\" href=\"https:\/\/jornalfatosenoticias.com.br\/index.php\/2025\/05\/13\/relatorio-da-oea-ignora-censura-do-stf-contra-a-direita-e-critica-peruca-de-nikolas\/\" \/>\n<meta property=\"og:locale\" content=\"pt_BR\" \/>\n<meta property=\"og:type\" content=\"article\" \/>\n<meta property=\"og:title\" content=\"Relat\u00f3rio da OEA ignora censura do STF contra a direita e critica peruca de Nikolas - Jornal Fatos e Not\u00edcias\" \/>\n<meta property=\"og:description\" content=\"Relat\u00f3rio da OEA que omite casos graves de censura no Brasil, mas critica pessoas de direita, como o deputado Nikolas Ferreira, \u00e9 assinado por Pedro Vaca Por Leonardo Desideri A Comiss\u00e3o Interamericana de Direitos Humanos (CIDH) da Organiza\u00e7\u00e3o dos Estados Americanos (OEA) divulgou seu relat\u00f3rio anual sobre liberdade de express\u00e3o na sexta-feira passada (9), ignorando [&hellip;]\" \/>\n<meta property=\"og:url\" content=\"https:\/\/jornalfatosenoticias.com.br\/index.php\/2025\/05\/13\/relatorio-da-oea-ignora-censura-do-stf-contra-a-direita-e-critica-peruca-de-nikolas\/\" \/>\n<meta property=\"og:site_name\" content=\"Jornal Fatos e Not\u00edcias\" \/>\n<meta property=\"article:published_time\" content=\"2025-05-13T17:40:26+00:00\" \/>\n<meta property=\"article:modified_time\" content=\"2025-05-13T17:40:27+00:00\" \/>\n<meta property=\"og:image\" content=\"https:\/\/jornalfatosenoticias.com.br\/wp-content\/uploads\/2025\/05\/relatorio-oea-pedro-vaca-nikolas-ferreira.jpg\" \/>\n\t<meta property=\"og:image:width\" content=\"1000\" \/>\n\t<meta property=\"og:image:height\" content=\"562\" \/>\n\t<meta property=\"og:image:type\" content=\"image\/jpeg\" \/>\n<meta name=\"author\" content=\"Luzimara Fernandes\" \/>\n<meta name=\"twitter:card\" content=\"summary_large_image\" \/>\n<meta name=\"twitter:label1\" content=\"Escrito por\" \/>\n\t<meta name=\"twitter:data1\" content=\"Luzimara Fernandes\" \/>\n\t<meta name=\"twitter:label2\" content=\"Est. tempo de leitura\" \/>\n\t<meta name=\"twitter:data2\" content=\"9 minutos\" \/>\n<script type=\"application\/ld+json\" class=\"yoast-schema-graph\">{\"@context\":\"https:\/\/schema.org\",\"@graph\":[{\"@type\":\"Article\",\"@id\":\"https:\/\/jornalfatosenoticias.com.br\/index.php\/2025\/05\/13\/relatorio-da-oea-ignora-censura-do-stf-contra-a-direita-e-critica-peruca-de-nikolas\/#article\",\"isPartOf\":{\"@id\":\"https:\/\/jornalfatosenoticias.com.br\/index.php\/2025\/05\/13\/relatorio-da-oea-ignora-censura-do-stf-contra-a-direita-e-critica-peruca-de-nikolas\/\"},\"author\":{\"name\":\"Luzimara Fernandes\",\"@id\":\"https:\/\/jornalfatosenoticias.com.br\/#\/schema\/person\/d63837fa13ac8666eb9e74e0985d6f81\"},\"headline\":\"Relat\u00f3rio da OEA ignora censura do STF contra a direita e critica peruca de Nikolas\",\"datePublished\":\"2025-05-13T17:40:26+00:00\",\"dateModified\":\"2025-05-13T17:40:27+00:00\",\"mainEntityOfPage\":{\"@id\":\"https:\/\/jornalfatosenoticias.com.br\/index.php\/2025\/05\/13\/relatorio-da-oea-ignora-censura-do-stf-contra-a-direita-e-critica-peruca-de-nikolas\/\"},\"wordCount\":1803,\"commentCount\":0,\"publisher\":{\"@id\":\"https:\/\/jornalfatosenoticias.com.br\/#organization\"},\"image\":{\"@id\":\"https:\/\/jornalfatosenoticias.com.br\/index.php\/2025\/05\/13\/relatorio-da-oea-ignora-censura-do-stf-contra-a-direita-e-critica-peruca-de-nikolas\/#primaryimage\"},\"thumbnailUrl\":\"https:\/\/jornalfatosenoticias.com.br\/wp-content\/uploads\/2025\/05\/relatorio-oea-pedro-vaca-nikolas-ferreira.jpg\",\"keywords\":[\"Nikolas Ferreira\",\"OEA\",\"Pedro Vaca\",\"relat\u00f3rio OEA\",\"STF\",\"vi\u00e9s de esquerda\"],\"articleSection\":[\"Geral\"],\"inLanguage\":\"pt-BR\",\"potentialAction\":[{\"@type\":\"CommentAction\",\"name\":\"Comment\",\"target\":[\"https:\/\/jornalfatosenoticias.com.br\/index.php\/2025\/05\/13\/relatorio-da-oea-ignora-censura-do-stf-contra-a-direita-e-critica-peruca-de-nikolas\/#respond\"]}]},{\"@type\":\"WebPage\",\"@id\":\"https:\/\/jornalfatosenoticias.com.br\/index.php\/2025\/05\/13\/relatorio-da-oea-ignora-censura-do-stf-contra-a-direita-e-critica-peruca-de-nikolas\/\",\"url\":\"https:\/\/jornalfatosenoticias.com.br\/index.php\/2025\/05\/13\/relatorio-da-oea-ignora-censura-do-stf-contra-a-direita-e-critica-peruca-de-nikolas\/\",\"name\":\"Relat\u00f3rio da OEA ignora censura do STF contra a direita e critica peruca de Nikolas - Jornal Fatos e Not\u00edcias\",\"isPartOf\":{\"@id\":\"https:\/\/jornalfatosenoticias.com.br\/#website\"},\"primaryImageOfPage\":{\"@id\":\"https:\/\/jornalfatosenoticias.com.br\/index.php\/2025\/05\/13\/relatorio-da-oea-ignora-censura-do-stf-contra-a-direita-e-critica-peruca-de-nikolas\/#primaryimage\"},\"image\":{\"@id\":\"https:\/\/jornalfatosenoticias.com.br\/index.php\/2025\/05\/13\/relatorio-da-oea-ignora-censura-do-stf-contra-a-direita-e-critica-peruca-de-nikolas\/#primaryimage\"},\"thumbnailUrl\":\"https:\/\/jornalfatosenoticias.com.br\/wp-content\/uploads\/2025\/05\/relatorio-oea-pedro-vaca-nikolas-ferreira.jpg\",\"datePublished\":\"2025-05-13T17:40:26+00:00\",\"dateModified\":\"2025-05-13T17:40:27+00:00\",\"breadcrumb\":{\"@id\":\"https:\/\/jornalfatosenoticias.com.br\/index.php\/2025\/05\/13\/relatorio-da-oea-ignora-censura-do-stf-contra-a-direita-e-critica-peruca-de-nikolas\/#breadcrumb\"},\"inLanguage\":\"pt-BR\",\"potentialAction\":[{\"@type\":\"ReadAction\",\"target\":[\"https:\/\/jornalfatosenoticias.com.br\/index.php\/2025\/05\/13\/relatorio-da-oea-ignora-censura-do-stf-contra-a-direita-e-critica-peruca-de-nikolas\/\"]}]},{\"@type\":\"ImageObject\",\"inLanguage\":\"pt-BR\",\"@id\":\"https:\/\/jornalfatosenoticias.com.br\/index.php\/2025\/05\/13\/relatorio-da-oea-ignora-censura-do-stf-contra-a-direita-e-critica-peruca-de-nikolas\/#primaryimage\",\"url\":\"https:\/\/jornalfatosenoticias.com.br\/wp-content\/uploads\/2025\/05\/relatorio-oea-pedro-vaca-nikolas-ferreira.jpg\",\"contentUrl\":\"https:\/\/jornalfatosenoticias.com.br\/wp-content\/uploads\/2025\/05\/relatorio-oea-pedro-vaca-nikolas-ferreira.jpg\",\"width\":1000,\"height\":562},{\"@type\":\"BreadcrumbList\",\"@id\":\"https:\/\/jornalfatosenoticias.com.br\/index.php\/2025\/05\/13\/relatorio-da-oea-ignora-censura-do-stf-contra-a-direita-e-critica-peruca-de-nikolas\/#breadcrumb\",\"itemListElement\":[{\"@type\":\"ListItem\",\"position\":1,\"name\":\"In\u00edcio\",\"item\":\"https:\/\/jornalfatosenoticias.com.br\/\"},{\"@type\":\"ListItem\",\"position\":2,\"name\":\"Relat\u00f3rio da OEA ignora censura do STF contra a direita e critica peruca de Nikolas\"}]},{\"@type\":\"WebSite\",\"@id\":\"https:\/\/jornalfatosenoticias.com.br\/#website\",\"url\":\"https:\/\/jornalfatosenoticias.com.br\/\",\"name\":\"Jornal Fatos e Not\u00edcias\",\"description\":\"Not\u00edcias em geral\",\"publisher\":{\"@id\":\"https:\/\/jornalfatosenoticias.com.br\/#organization\"},\"potentialAction\":[{\"@type\":\"SearchAction\",\"target\":{\"@type\":\"EntryPoint\",\"urlTemplate\":\"https:\/\/jornalfatosenoticias.com.br\/?s={search_term_string}\"},\"query-input\":{\"@type\":\"PropertyValueSpecification\",\"valueRequired\":true,\"valueName\":\"search_term_string\"}}],\"inLanguage\":\"pt-BR\"},{\"@type\":\"Organization\",\"@id\":\"https:\/\/jornalfatosenoticias.com.br\/#organization\",\"name\":\"Jornal Fatos e Not\u00edcias\",\"url\":\"https:\/\/jornalfatosenoticias.com.br\/\",\"logo\":{\"@type\":\"ImageObject\",\"inLanguage\":\"pt-BR\",\"@id\":\"https:\/\/jornalfatosenoticias.com.br\/#\/schema\/logo\/image\/\",\"url\":\"https:\/\/jornalfatosenoticias.com.br\/wp-content\/uploads\/2020\/02\/logo120.png\",\"contentUrl\":\"https:\/\/jornalfatosenoticias.com.br\/wp-content\/uploads\/2020\/02\/logo120.png\",\"width\":1227,\"height\":120,\"caption\":\"Jornal Fatos e Not\u00edcias\"},\"image\":{\"@id\":\"https:\/\/jornalfatosenoticias.com.br\/#\/schema\/logo\/image\/\"}},{\"@type\":\"Person\",\"@id\":\"https:\/\/jornalfatosenoticias.com.br\/#\/schema\/person\/d63837fa13ac8666eb9e74e0985d6f81\",\"name\":\"Luzimara Fernandes\",\"image\":{\"@type\":\"ImageObject\",\"inLanguage\":\"pt-BR\",\"@id\":\"https:\/\/jornalfatosenoticias.com.br\/#\/schema\/person\/image\/\",\"url\":\"https:\/\/jornalfatosenoticias.com.br\/wp-content\/uploads\/2025\/05\/EU_portal.jpg\",\"contentUrl\":\"https:\/\/jornalfatosenoticias.com.br\/wp-content\/uploads\/2025\/05\/EU_portal.jpg\",\"caption\":\"Luzimara Fernandes\"},\"description\":\"Jornalista MTB 2358-ES\",\"sameAs\":[\"https:\/\/jornalfatosenoticias.com.br\"],\"url\":\"https:\/\/jornalfatosenoticias.com.br\/index.php\/author\/luzimara\/\"}]}<\/script>\n<!-- \/ Yoast SEO plugin. -->","yoast_head_json":{"title":"Relat\u00f3rio da OEA ignora censura do STF contra a direita e critica peruca de Nikolas - Jornal Fatos e Not\u00edcias","robots":{"index":"index","follow":"follow","max-snippet":"max-snippet:-1","max-image-preview":"max-image-preview:large","max-video-preview":"max-video-preview:-1"},"canonical":"https:\/\/jornalfatosenoticias.com.br\/index.php\/2025\/05\/13\/relatorio-da-oea-ignora-censura-do-stf-contra-a-direita-e-critica-peruca-de-nikolas\/","og_locale":"pt_BR","og_type":"article","og_title":"Relat\u00f3rio da OEA ignora censura do STF contra a direita e critica peruca de Nikolas - Jornal Fatos e Not\u00edcias","og_description":"Relat\u00f3rio da OEA que omite casos graves de censura no Brasil, mas critica pessoas de direita, como o deputado Nikolas Ferreira, \u00e9 assinado por Pedro Vaca Por Leonardo Desideri A Comiss\u00e3o Interamericana de Direitos Humanos (CIDH) da Organiza\u00e7\u00e3o dos Estados Americanos (OEA) divulgou seu relat\u00f3rio anual sobre liberdade de express\u00e3o na sexta-feira passada (9), ignorando [&hellip;]","og_url":"https:\/\/jornalfatosenoticias.com.br\/index.php\/2025\/05\/13\/relatorio-da-oea-ignora-censura-do-stf-contra-a-direita-e-critica-peruca-de-nikolas\/","og_site_name":"Jornal Fatos e Not\u00edcias","article_published_time":"2025-05-13T17:40:26+00:00","article_modified_time":"2025-05-13T17:40:27+00:00","og_image":[{"width":1000,"height":562,"url":"https:\/\/jornalfatosenoticias.com.br\/wp-content\/uploads\/2025\/05\/relatorio-oea-pedro-vaca-nikolas-ferreira.jpg","type":"image\/jpeg"}],"author":"Luzimara Fernandes","twitter_card":"summary_large_image","twitter_misc":{"Escrito por":"Luzimara Fernandes","Est. tempo de leitura":"9 minutos"},"schema":{"@context":"https:\/\/schema.org","@graph":[{"@type":"Article","@id":"https:\/\/jornalfatosenoticias.com.br\/index.php\/2025\/05\/13\/relatorio-da-oea-ignora-censura-do-stf-contra-a-direita-e-critica-peruca-de-nikolas\/#article","isPartOf":{"@id":"https:\/\/jornalfatosenoticias.com.br\/index.php\/2025\/05\/13\/relatorio-da-oea-ignora-censura-do-stf-contra-a-direita-e-critica-peruca-de-nikolas\/"},"author":{"name":"Luzimara Fernandes","@id":"https:\/\/jornalfatosenoticias.com.br\/#\/schema\/person\/d63837fa13ac8666eb9e74e0985d6f81"},"headline":"Relat\u00f3rio da OEA ignora censura do STF contra a direita e critica peruca de Nikolas","datePublished":"2025-05-13T17:40:26+00:00","dateModified":"2025-05-13T17:40:27+00:00","mainEntityOfPage":{"@id":"https:\/\/jornalfatosenoticias.com.br\/index.php\/2025\/05\/13\/relatorio-da-oea-ignora-censura-do-stf-contra-a-direita-e-critica-peruca-de-nikolas\/"},"wordCount":1803,"commentCount":0,"publisher":{"@id":"https:\/\/jornalfatosenoticias.com.br\/#organization"},"image":{"@id":"https:\/\/jornalfatosenoticias.com.br\/index.php\/2025\/05\/13\/relatorio-da-oea-ignora-censura-do-stf-contra-a-direita-e-critica-peruca-de-nikolas\/#primaryimage"},"thumbnailUrl":"https:\/\/jornalfatosenoticias.com.br\/wp-content\/uploads\/2025\/05\/relatorio-oea-pedro-vaca-nikolas-ferreira.jpg","keywords":["Nikolas Ferreira","OEA","Pedro Vaca","relat\u00f3rio OEA","STF","vi\u00e9s de esquerda"],"articleSection":["Geral"],"inLanguage":"pt-BR","potentialAction":[{"@type":"CommentAction","name":"Comment","target":["https:\/\/jornalfatosenoticias.com.br\/index.php\/2025\/05\/13\/relatorio-da-oea-ignora-censura-do-stf-contra-a-direita-e-critica-peruca-de-nikolas\/#respond"]}]},{"@type":"WebPage","@id":"https:\/\/jornalfatosenoticias.com.br\/index.php\/2025\/05\/13\/relatorio-da-oea-ignora-censura-do-stf-contra-a-direita-e-critica-peruca-de-nikolas\/","url":"https:\/\/jornalfatosenoticias.com.br\/index.php\/2025\/05\/13\/relatorio-da-oea-ignora-censura-do-stf-contra-a-direita-e-critica-peruca-de-nikolas\/","name":"Relat\u00f3rio da OEA ignora censura do STF contra a direita e critica peruca de Nikolas - Jornal Fatos e Not\u00edcias","isPartOf":{"@id":"https:\/\/jornalfatosenoticias.com.br\/#website"},"primaryImageOfPage":{"@id":"https:\/\/jornalfatosenoticias.com.br\/index.php\/2025\/05\/13\/relatorio-da-oea-ignora-censura-do-stf-contra-a-direita-e-critica-peruca-de-nikolas\/#primaryimage"},"image":{"@id":"https:\/\/jornalfatosenoticias.com.br\/index.php\/2025\/05\/13\/relatorio-da-oea-ignora-censura-do-stf-contra-a-direita-e-critica-peruca-de-nikolas\/#primaryimage"},"thumbnailUrl":"https:\/\/jornalfatosenoticias.com.br\/wp-content\/uploads\/2025\/05\/relatorio-oea-pedro-vaca-nikolas-ferreira.jpg","datePublished":"2025-05-13T17:40:26+00:00","dateModified":"2025-05-13T17:40:27+00:00","breadcrumb":{"@id":"https:\/\/jornalfatosenoticias.com.br\/index.php\/2025\/05\/13\/relatorio-da-oea-ignora-censura-do-stf-contra-a-direita-e-critica-peruca-de-nikolas\/#breadcrumb"},"inLanguage":"pt-BR","potentialAction":[{"@type":"ReadAction","target":["https:\/\/jornalfatosenoticias.com.br\/index.php\/2025\/05\/13\/relatorio-da-oea-ignora-censura-do-stf-contra-a-direita-e-critica-peruca-de-nikolas\/"]}]},{"@type":"ImageObject","inLanguage":"pt-BR","@id":"https:\/\/jornalfatosenoticias.com.br\/index.php\/2025\/05\/13\/relatorio-da-oea-ignora-censura-do-stf-contra-a-direita-e-critica-peruca-de-nikolas\/#primaryimage","url":"https:\/\/jornalfatosenoticias.com.br\/wp-content\/uploads\/2025\/05\/relatorio-oea-pedro-vaca-nikolas-ferreira.jpg","contentUrl":"https:\/\/jornalfatosenoticias.com.br\/wp-content\/uploads\/2025\/05\/relatorio-oea-pedro-vaca-nikolas-ferreira.jpg","width":1000,"height":562},{"@type":"BreadcrumbList","@id":"https:\/\/jornalfatosenoticias.com.br\/index.php\/2025\/05\/13\/relatorio-da-oea-ignora-censura-do-stf-contra-a-direita-e-critica-peruca-de-nikolas\/#breadcrumb","itemListElement":[{"@type":"ListItem","position":1,"name":"In\u00edcio","item":"https:\/\/jornalfatosenoticias.com.br\/"},{"@type":"ListItem","position":2,"name":"Relat\u00f3rio da OEA ignora censura do STF contra a direita e critica peruca de Nikolas"}]},{"@type":"WebSite","@id":"https:\/\/jornalfatosenoticias.com.br\/#website","url":"https:\/\/jornalfatosenoticias.com.br\/","name":"Jornal Fatos e Not\u00edcias","description":"Not\u00edcias em geral","publisher":{"@id":"https:\/\/jornalfatosenoticias.com.br\/#organization"},"potentialAction":[{"@type":"SearchAction","target":{"@type":"EntryPoint","urlTemplate":"https:\/\/jornalfatosenoticias.com.br\/?s={search_term_string}"},"query-input":{"@type":"PropertyValueSpecification","valueRequired":true,"valueName":"search_term_string"}}],"inLanguage":"pt-BR"},{"@type":"Organization","@id":"https:\/\/jornalfatosenoticias.com.br\/#organization","name":"Jornal Fatos e Not\u00edcias","url":"https:\/\/jornalfatosenoticias.com.br\/","logo":{"@type":"ImageObject","inLanguage":"pt-BR","@id":"https:\/\/jornalfatosenoticias.com.br\/#\/schema\/logo\/image\/","url":"https:\/\/jornalfatosenoticias.com.br\/wp-content\/uploads\/2020\/02\/logo120.png","contentUrl":"https:\/\/jornalfatosenoticias.com.br\/wp-content\/uploads\/2020\/02\/logo120.png","width":1227,"height":120,"caption":"Jornal Fatos e Not\u00edcias"},"image":{"@id":"https:\/\/jornalfatosenoticias.com.br\/#\/schema\/logo\/image\/"}},{"@type":"Person","@id":"https:\/\/jornalfatosenoticias.com.br\/#\/schema\/person\/d63837fa13ac8666eb9e74e0985d6f81","name":"Luzimara Fernandes","image":{"@type":"ImageObject","inLanguage":"pt-BR","@id":"https:\/\/jornalfatosenoticias.com.br\/#\/schema\/person\/image\/","url":"https:\/\/jornalfatosenoticias.com.br\/wp-content\/uploads\/2025\/05\/EU_portal.jpg","contentUrl":"https:\/\/jornalfatosenoticias.com.br\/wp-content\/uploads\/2025\/05\/EU_portal.jpg","caption":"Luzimara Fernandes"},"description":"Jornalista MTB 2358-ES","sameAs":["https:\/\/jornalfatosenoticias.com.br"],"url":"https:\/\/jornalfatosenoticias.com.br\/index.php\/author\/luzimara\/"}]}},"cc_featured_image_caption":{"caption_text":"","source_text":"","source_url":""},"jetpack_featured_media_url":"https:\/\/jornalfatosenoticias.com.br\/wp-content\/uploads\/2025\/05\/relatorio-oea-pedro-vaca-nikolas-ferreira.jpg","_links":{"self":[{"href":"https:\/\/jornalfatosenoticias.com.br\/index.php\/wp-json\/wp\/v2\/posts\/59174","targetHints":{"allow":["GET"]}}],"collection":[{"href":"https:\/\/jornalfatosenoticias.com.br\/index.php\/wp-json\/wp\/v2\/posts"}],"about":[{"href":"https:\/\/jornalfatosenoticias.com.br\/index.php\/wp-json\/wp\/v2\/types\/post"}],"author":[{"embeddable":true,"href":"https:\/\/jornalfatosenoticias.com.br\/index.php\/wp-json\/wp\/v2\/users\/2"}],"replies":[{"embeddable":true,"href":"https:\/\/jornalfatosenoticias.com.br\/index.php\/wp-json\/wp\/v2\/comments?post=59174"}],"version-history":[{"count":0,"href":"https:\/\/jornalfatosenoticias.com.br\/index.php\/wp-json\/wp\/v2\/posts\/59174\/revisions"}],"wp:featuredmedia":[{"embeddable":true,"href":"https:\/\/jornalfatosenoticias.com.br\/index.php\/wp-json\/wp\/v2\/media\/59175"}],"wp:attachment":[{"href":"https:\/\/jornalfatosenoticias.com.br\/index.php\/wp-json\/wp\/v2\/media?parent=59174"}],"wp:term":[{"taxonomy":"category","embeddable":true,"href":"https:\/\/jornalfatosenoticias.com.br\/index.php\/wp-json\/wp\/v2\/categories?post=59174"},{"taxonomy":"post_tag","embeddable":true,"href":"https:\/\/jornalfatosenoticias.com.br\/index.php\/wp-json\/wp\/v2\/tags?post=59174"}],"curies":[{"name":"wp","href":"https:\/\/api.w.org\/{rel}","templated":true}]}}