{"id":59177,"date":"2025-05-13T14:54:12","date_gmt":"2025-05-13T17:54:12","guid":{"rendered":"https:\/\/jornalfatosenoticias.com.br\/?p=59177"},"modified":"2025-05-13T14:54:13","modified_gmt":"2025-05-13T17:54:13","slug":"italia-prioriza-sobrenomes-historicos-em-processo-de-cidadania-veja-lista","status":"publish","type":"post","link":"https:\/\/jornalfatosenoticias.com.br\/index.php\/2025\/05\/13\/italia-prioriza-sobrenomes-historicos-em-processo-de-cidadania-veja-lista\/","title":{"rendered":"It\u00e1lia prioriza sobrenomes hist\u00f3ricos em processo de cidadania. Veja lista"},"content":{"rendered":"\n<p><em><span class=\"has-inline-color has-black-color\">Primeira-ministra da It\u00e1lia, Giorgia Meloni. O governo italiano anunciou mudan\u00e7as na lei de cidadania para limitar n\u00famero de descendentes que solicitam documento<\/span><\/em><\/p>\n\n\n\n<p><span class=\"has-inline-color has-black-color\">Por <strong><a href=\"https:\/\/www.gazetadopovo.com.br\/autor\/isabella-de-paula\/\" rel=\"sponsored nofollow\">Isabella de Paula<\/a><\/strong><\/span><\/p>\n\n\n\n<div class=\"wp-block-image\"><figure class=\"aligncenter size-large\"><a href=\"https:\/\/mizu.com.br\/\"><img loading=\"lazy\" decoding=\"async\" width=\"729\" height=\"90\" src=\"https:\/\/jornalfatosenoticias.com.br\/wp-content\/uploads\/2020\/02\/Logo_Mizu.png\" alt=\"\" class=\"wp-image-1441\" srcset=\"https:\/\/jornalfatosenoticias.com.br\/wp-content\/uploads\/2020\/02\/Logo_Mizu.png 729w, https:\/\/jornalfatosenoticias.com.br\/wp-content\/uploads\/2020\/02\/Logo_Mizu-300x37.png 300w\" sizes=\"auto, (max-width: 729px) 100vw, 729px\" \/><\/a><\/figure><\/div>\n\n\n\n<p>O governo da It\u00e1lia, liderado pela primeira-ministra Giorgia Meloni, decidiu recentemente restringir o acesso \u00e0 cidadania, sob a justificativa de que estrangeiros estavam utilizando o documento para outras finalidades. Assim como outros pa\u00edses europeus, a It\u00e1lia concede sua nacionalidade seguindo o princ\u00edpio do ius sanguinis (direito de sangue), ou seja, por descend\u00eancia ou filia\u00e7\u00e3o. Com a altera\u00e7\u00e3o na legisla\u00e7\u00e3o, alguns sobrenomes hist\u00f3ricos ligados ao pa\u00eds ganharam prioridade no processo para obter a documenta\u00e7\u00e3o.<br>De acordo com a imprensa italiana, o governo tem facilitado alguns tr\u00e2mites para descendentes que vivem na Am\u00e9rica Latina e buscam ingressar no processo para se tornar cidad\u00e3os italianos ou at\u00e9 mesmo para simplesmente conseguir o passaporte para circular legalmente na Europa. Para usufruir desse direito, a pessoa necessita comprovar ao governo italiano parentesco direto com um cidad\u00e3o. Nesse momento, alguns sobrenomes hist\u00f3ricos italianos ganham prioridade no processo.<\/p>\n\n\n\n<div class=\"wp-block-image\"><figure class=\"aligncenter size-large is-resized\"><a href=\"https:\/\/www.facebook.com\/postobkr\/?locale=pt_BR\"><img loading=\"lazy\" decoding=\"async\" src=\"https:\/\/jornalfatosenoticias.com.br\/wp-content\/uploads\/2023\/08\/BKR-1024x1021.jpg\" alt=\"\" class=\"wp-image-44494\" width=\"289\" height=\"288\" srcset=\"https:\/\/jornalfatosenoticias.com.br\/wp-content\/uploads\/2023\/08\/BKR-1024x1021.jpg 1024w, https:\/\/jornalfatosenoticias.com.br\/wp-content\/uploads\/2023\/08\/BKR-300x300.jpg 300w, https:\/\/jornalfatosenoticias.com.br\/wp-content\/uploads\/2023\/08\/BKR-150x150.jpg 150w, https:\/\/jornalfatosenoticias.com.br\/wp-content\/uploads\/2023\/08\/BKR-768x766.jpg 768w, https:\/\/jornalfatosenoticias.com.br\/wp-content\/uploads\/2023\/08\/BKR.jpg 1080w\" sizes=\"auto, (max-width: 289px) 100vw, 289px\" \/><\/a><\/figure><\/div>\n\n\n\n<p>O Minist\u00e9rio das Rela\u00e7\u00f5es Exteriores e Coopera\u00e7\u00e3o Internacional da\u00a0It\u00e1lia\u00a0(MAECI) informa que a legisla\u00e7\u00e3o vigente reconhece a descend\u00eancia principalmente se o solicitante de cidadania ou de passaporte tiver um sobrenome tradicional do norte ou do sul da It\u00e1lia. Mas ser portador de um desses sobrenomes n\u00e3o garante automaticamente a aprova\u00e7\u00e3o do pedido. Outros crit\u00e9rios s\u00e3o avaliados para concess\u00e3o de cidadania italiana.<\/p>\n\n\n\n<div class=\"wp-block-image\"><figure class=\"aligncenter size-large is-resized\"><a href=\"https:\/\/www.instagram.com\/gruposei\/\"><img loading=\"lazy\" decoding=\"async\" src=\"https:\/\/jornalfatosenoticias.com.br\/wp-content\/uploads\/2022\/07\/Logo-Grupo-SEI.jpg\" alt=\"\" class=\"wp-image-31973\" width=\"341\" height=\"179\" srcset=\"https:\/\/jornalfatosenoticias.com.br\/wp-content\/uploads\/2022\/07\/Logo-Grupo-SEI.jpg 713w, https:\/\/jornalfatosenoticias.com.br\/wp-content\/uploads\/2022\/07\/Logo-Grupo-SEI-300x158.jpg 300w\" sizes=\"auto, (max-width: 341px) 100vw, 341px\" \/><\/a><\/figure><\/div>\n\n\n\n<p><strong><span class=\"has-inline-color has-black-color\">Veja lista com alguns nomes que podem ter prioridade na obten\u00e7\u00e3o da documenta\u00e7\u00e3o<\/span><\/strong><\/p>\n\n\n\n<ul class=\"wp-block-list\"><li>Abate;<\/li><li>Labate;<\/li><li>Abatantuono;<\/li><li>Abaticola;<\/li><li>Achilla;<\/li><li>Achille;<\/li><li>Achilleo;<\/li><li>Achillini;<\/li><li>Anes;<\/li><li>Anesin;<\/li><li>Anesini;<\/li><li>Annes;<\/li><li>Annesi;<\/li><li>Bianchini;<\/li><li>Bianchetti;<\/li><li>Biancone;<\/li><li>Lo Bianc;<\/li><li>Bottari;<\/li><li>Bottarelli;<\/li><li>Bottarini;<\/li><li>Bottaro;<\/li><li>Chiletti;<\/li><li>Chiloni;<\/li><li>Chilesotti.<\/li><\/ul>\n\n\n\n<div class=\"wp-block-image\"><figure class=\"aligncenter size-large is-resized\"><a href=\"https:\/\/www.instagram.com\/serra4x4cambioautomatico\/\"><img loading=\"lazy\" decoding=\"async\" src=\"https:\/\/jornalfatosenoticias.com.br\/wp-content\/uploads\/2024\/08\/Serra-4x4-1-886x1024.jpg\" alt=\"\" class=\"wp-image-53632\" width=\"274\" height=\"316\" srcset=\"https:\/\/jornalfatosenoticias.com.br\/wp-content\/uploads\/2024\/08\/Serra-4x4-1-886x1024.jpg 886w, https:\/\/jornalfatosenoticias.com.br\/wp-content\/uploads\/2024\/08\/Serra-4x4-1-260x300.jpg 260w, https:\/\/jornalfatosenoticias.com.br\/wp-content\/uploads\/2024\/08\/Serra-4x4-1-768x888.jpg 768w, https:\/\/jornalfatosenoticias.com.br\/wp-content\/uploads\/2024\/08\/Serra-4x4-1.jpg 1181w\" sizes=\"auto, (max-width: 274px) 100vw, 274px\" \/><\/a><\/figure><\/div>\n\n\n\n<p>Al\u00e9m dos acima elencados, outros que podem ter prioridade na an\u00e1lise do governo italiano s\u00e3o: Della Giovanna, Da Rossa, Esp\u00f3sito, Degli Sposti, Fiore, Flores, Giani, Giovannetti, Larossa, Nalesso, Natale, Risso, Ricci, Sorace, Suraci, Soracca, Soracchi, Soracco, Vani, Vannicelli, Vanno, Vanetto, Zanella, Zanoli, Zannier.<\/p>\n\n\n\n<div class=\"wp-block-image\"><figure class=\"aligncenter size-large is-resized\"><a href=\"https:\/\/www.instagram.com\/rcradiadores\/\"><img loading=\"lazy\" decoding=\"async\" src=\"https:\/\/jornalfatosenoticias.com.br\/wp-content\/uploads\/2022\/10\/RC_800x750_page-0001.jpg\" alt=\"\" class=\"wp-image-35338\" width=\"292\" height=\"274\" srcset=\"https:\/\/jornalfatosenoticias.com.br\/wp-content\/uploads\/2022\/10\/RC_800x750_page-0001.jpg 400w, https:\/\/jornalfatosenoticias.com.br\/wp-content\/uploads\/2022\/10\/RC_800x750_page-0001-300x281.jpg 300w\" sizes=\"auto, (max-width: 292px) 100vw, 292px\" \/><\/a><\/figure><\/div>\n\n\n\n<p>Governo italiana anunciou mudan\u00e7as para evitar &#8220;comercializa\u00e7\u00e3o&#8221; da cidadania<br>Pessoas com v\u00ednculos sangu\u00edneos italianos ainda podem iniciar o processo para obter a documenta\u00e7\u00e3o europeia, no entanto foram impostas mais restri\u00e7\u00f5es para evitar a &#8220;comercializa\u00e7\u00e3o&#8221; do passaporte europeu, segundo as autoridades. <\/p>\n\n\n\n<div class=\"wp-block-image\"><figure class=\"aligncenter size-large is-resized\"><a href=\"https:\/\/www.facebook.com\/vetor.vix\/\"><img loading=\"lazy\" decoding=\"async\" src=\"https:\/\/jornalfatosenoticias.com.br\/wp-content\/uploads\/2023\/09\/vetorvix1024_1.jpg\" alt=\"\" class=\"wp-image-44868\" width=\"528\" height=\"140\" srcset=\"https:\/\/jornalfatosenoticias.com.br\/wp-content\/uploads\/2023\/09\/vetorvix1024_1.jpg 1024w, https:\/\/jornalfatosenoticias.com.br\/wp-content\/uploads\/2023\/09\/vetorvix1024_1-300x80.jpg 300w, https:\/\/jornalfatosenoticias.com.br\/wp-content\/uploads\/2023\/09\/vetorvix1024_1-768x205.jpg 768w\" sizes=\"auto, (max-width: 528px) 100vw, 528px\" \/><\/a><\/figure><\/div>\n\n\n\n<p>A grande altera\u00e7\u00e3o no direito diz respeito \u00e0s gera\u00e7\u00f5es que podem solicitar a cidadania. Antes, qualquer descendente de italiano, mesmo ap\u00f3s v\u00e1rias gera\u00e7\u00f5es, podia solicitar a cidadania, desde que comprovasse a linhagem. A partir de agora, apenas filhos ou netos de italianos nascidos na It\u00e1lia ter\u00e3o o direito \u00e0 cidadania. Bisnetos ou gera\u00e7\u00f5es mais distantes n\u00e3o ter\u00e3o mais esse direito garantido.<\/p>\n\n\n\n<div class=\"wp-block-image\"><figure class=\"aligncenter size-large\"><a href=\"https:\/\/www.cesconetto.com.br\/\"><img loading=\"lazy\" decoding=\"async\" width=\"300\" height=\"250\" src=\"https:\/\/jornalfatosenoticias.com.br\/wp-content\/uploads\/2022\/02\/Banner-2.png\" alt=\"\" class=\"wp-image-27877\"\/><\/a><\/figure><\/div>\n\n\n\n<p><strong>Fonte: <a href=\"https:\/\/www.gazetadopovo.com.br\/mundo\/italia-prioridade-sobrenomes-historicos-processo-cidadania-veja-lista\/\">Gazeta do Povo<\/a><\/strong><\/p>\n","protected":false},"excerpt":{"rendered":"<p>Primeira-ministra da It\u00e1lia, Giorgia Meloni. O governo italiano anunciou mudan\u00e7as na lei de cidadania para limitar n\u00famero de descendentes que solicitam documento Por Isabella de Paula O governo da It\u00e1lia, liderado pela primeira-ministra Giorgia Meloni, decidiu recentemente restringir o acesso \u00e0 cidadania, sob a justificativa de que estrangeiros estavam utilizando o documento para outras finalidades. [&hellip;]<\/p>\n","protected":false},"author":2,"featured_media":59178,"comment_status":"open","ping_status":"open","sticky":false,"template":"","format":"standard","meta":{"footnotes":""},"categories":[41],"tags":[6753,125,16196,124,19434,27025,1853],"class_list":["post-59177","post","type-post","status-publish","format-standard","has-post-thumbnail","hentry","category-internacional","tag-cidadania","tag-europa","tag-giorgia-meloni","tag-italia","tag-passaporte","tag-sobrenomes","tag-turismo"],"yoast_head":"<!-- This site is optimized with the Yoast SEO plugin v26.5 - https:\/\/yoast.com\/wordpress\/plugins\/seo\/ -->\n<title>It\u00e1lia prioriza sobrenomes hist\u00f3ricos em processo de cidadania. Veja lista - Jornal Fatos e Not\u00edcias<\/title>\n<meta name=\"robots\" content=\"index, follow, max-snippet:-1, max-image-preview:large, max-video-preview:-1\" \/>\n<link rel=\"canonical\" href=\"https:\/\/jornalfatosenoticias.com.br\/index.php\/2025\/05\/13\/italia-prioriza-sobrenomes-historicos-em-processo-de-cidadania-veja-lista\/\" \/>\n<meta property=\"og:locale\" content=\"pt_BR\" \/>\n<meta property=\"og:type\" content=\"article\" \/>\n<meta property=\"og:title\" content=\"It\u00e1lia prioriza sobrenomes hist\u00f3ricos em processo de cidadania. Veja lista - Jornal Fatos e Not\u00edcias\" \/>\n<meta property=\"og:description\" content=\"Primeira-ministra da It\u00e1lia, Giorgia Meloni. O governo italiano anunciou mudan\u00e7as na lei de cidadania para limitar n\u00famero de descendentes que solicitam documento Por Isabella de Paula O governo da It\u00e1lia, liderado pela primeira-ministra Giorgia Meloni, decidiu recentemente restringir o acesso \u00e0 cidadania, sob a justificativa de que estrangeiros estavam utilizando o documento para outras finalidades. [&hellip;]\" \/>\n<meta property=\"og:url\" content=\"https:\/\/jornalfatosenoticias.com.br\/index.php\/2025\/05\/13\/italia-prioriza-sobrenomes-historicos-em-processo-de-cidadania-veja-lista\/\" \/>\n<meta property=\"og:site_name\" content=\"Jornal Fatos e Not\u00edcias\" \/>\n<meta property=\"article:published_time\" content=\"2025-05-13T17:54:12+00:00\" \/>\n<meta property=\"article:modified_time\" content=\"2025-05-13T17:54:13+00:00\" \/>\n<meta property=\"og:image\" content=\"https:\/\/jornalfatosenoticias.com.br\/wp-content\/uploads\/2025\/05\/Giorgia-Meloni_gettyimages.jpg\" \/>\n\t<meta property=\"og:image:width\" content=\"612\" \/>\n\t<meta property=\"og:image:height\" content=\"408\" \/>\n\t<meta property=\"og:image:type\" content=\"image\/jpeg\" \/>\n<meta name=\"author\" content=\"Luzimara Fernandes\" \/>\n<meta name=\"twitter:card\" content=\"summary_large_image\" \/>\n<meta name=\"twitter:label1\" content=\"Escrito por\" \/>\n\t<meta name=\"twitter:data1\" content=\"Luzimara Fernandes\" \/>\n\t<meta name=\"twitter:label2\" content=\"Est. tempo de leitura\" \/>\n\t<meta name=\"twitter:data2\" content=\"2 minutos\" \/>\n<script type=\"application\/ld+json\" class=\"yoast-schema-graph\">{\"@context\":\"https:\/\/schema.org\",\"@graph\":[{\"@type\":\"Article\",\"@id\":\"https:\/\/jornalfatosenoticias.com.br\/index.php\/2025\/05\/13\/italia-prioriza-sobrenomes-historicos-em-processo-de-cidadania-veja-lista\/#article\",\"isPartOf\":{\"@id\":\"https:\/\/jornalfatosenoticias.com.br\/index.php\/2025\/05\/13\/italia-prioriza-sobrenomes-historicos-em-processo-de-cidadania-veja-lista\/\"},\"author\":{\"name\":\"Luzimara Fernandes\",\"@id\":\"https:\/\/jornalfatosenoticias.com.br\/#\/schema\/person\/d63837fa13ac8666eb9e74e0985d6f81\"},\"headline\":\"It\u00e1lia prioriza sobrenomes hist\u00f3ricos em processo de cidadania. Veja lista\",\"datePublished\":\"2025-05-13T17:54:12+00:00\",\"dateModified\":\"2025-05-13T17:54:13+00:00\",\"mainEntityOfPage\":{\"@id\":\"https:\/\/jornalfatosenoticias.com.br\/index.php\/2025\/05\/13\/italia-prioriza-sobrenomes-historicos-em-processo-de-cidadania-veja-lista\/\"},\"wordCount\":478,\"commentCount\":0,\"publisher\":{\"@id\":\"https:\/\/jornalfatosenoticias.com.br\/#organization\"},\"image\":{\"@id\":\"https:\/\/jornalfatosenoticias.com.br\/index.php\/2025\/05\/13\/italia-prioriza-sobrenomes-historicos-em-processo-de-cidadania-veja-lista\/#primaryimage\"},\"thumbnailUrl\":\"https:\/\/jornalfatosenoticias.com.br\/wp-content\/uploads\/2025\/05\/Giorgia-Meloni_gettyimages.jpg\",\"keywords\":[\"cidadania\",\"Europa\",\"Giorgia Meloni\",\"It\u00e1lia\",\"passaporte\",\"sobrenomes\",\"Turismo\"],\"articleSection\":[\"Internacional\"],\"inLanguage\":\"pt-BR\",\"potentialAction\":[{\"@type\":\"CommentAction\",\"name\":\"Comment\",\"target\":[\"https:\/\/jornalfatosenoticias.com.br\/index.php\/2025\/05\/13\/italia-prioriza-sobrenomes-historicos-em-processo-de-cidadania-veja-lista\/#respond\"]}]},{\"@type\":\"WebPage\",\"@id\":\"https:\/\/jornalfatosenoticias.com.br\/index.php\/2025\/05\/13\/italia-prioriza-sobrenomes-historicos-em-processo-de-cidadania-veja-lista\/\",\"url\":\"https:\/\/jornalfatosenoticias.com.br\/index.php\/2025\/05\/13\/italia-prioriza-sobrenomes-historicos-em-processo-de-cidadania-veja-lista\/\",\"name\":\"It\u00e1lia prioriza sobrenomes hist\u00f3ricos em processo de cidadania. Veja lista - Jornal Fatos e Not\u00edcias\",\"isPartOf\":{\"@id\":\"https:\/\/jornalfatosenoticias.com.br\/#website\"},\"primaryImageOfPage\":{\"@id\":\"https:\/\/jornalfatosenoticias.com.br\/index.php\/2025\/05\/13\/italia-prioriza-sobrenomes-historicos-em-processo-de-cidadania-veja-lista\/#primaryimage\"},\"image\":{\"@id\":\"https:\/\/jornalfatosenoticias.com.br\/index.php\/2025\/05\/13\/italia-prioriza-sobrenomes-historicos-em-processo-de-cidadania-veja-lista\/#primaryimage\"},\"thumbnailUrl\":\"https:\/\/jornalfatosenoticias.com.br\/wp-content\/uploads\/2025\/05\/Giorgia-Meloni_gettyimages.jpg\",\"datePublished\":\"2025-05-13T17:54:12+00:00\",\"dateModified\":\"2025-05-13T17:54:13+00:00\",\"breadcrumb\":{\"@id\":\"https:\/\/jornalfatosenoticias.com.br\/index.php\/2025\/05\/13\/italia-prioriza-sobrenomes-historicos-em-processo-de-cidadania-veja-lista\/#breadcrumb\"},\"inLanguage\":\"pt-BR\",\"potentialAction\":[{\"@type\":\"ReadAction\",\"target\":[\"https:\/\/jornalfatosenoticias.com.br\/index.php\/2025\/05\/13\/italia-prioriza-sobrenomes-historicos-em-processo-de-cidadania-veja-lista\/\"]}]},{\"@type\":\"ImageObject\",\"inLanguage\":\"pt-BR\",\"@id\":\"https:\/\/jornalfatosenoticias.com.br\/index.php\/2025\/05\/13\/italia-prioriza-sobrenomes-historicos-em-processo-de-cidadania-veja-lista\/#primaryimage\",\"url\":\"https:\/\/jornalfatosenoticias.com.br\/wp-content\/uploads\/2025\/05\/Giorgia-Meloni_gettyimages.jpg\",\"contentUrl\":\"https:\/\/jornalfatosenoticias.com.br\/wp-content\/uploads\/2025\/05\/Giorgia-Meloni_gettyimages.jpg\",\"width\":612,\"height\":408,\"caption\":\"Prime Minister Giorgia Meloni at Villa Doria Pamphilj. Rome (Italy), April 29th, 2025 (Photo by Massimo Di Vita\/Archivio Massimo Di Vita\/Mondadori Portfolio via Getty Images\"},{\"@type\":\"BreadcrumbList\",\"@id\":\"https:\/\/jornalfatosenoticias.com.br\/index.php\/2025\/05\/13\/italia-prioriza-sobrenomes-historicos-em-processo-de-cidadania-veja-lista\/#breadcrumb\",\"itemListElement\":[{\"@type\":\"ListItem\",\"position\":1,\"name\":\"In\u00edcio\",\"item\":\"https:\/\/jornalfatosenoticias.com.br\/\"},{\"@type\":\"ListItem\",\"position\":2,\"name\":\"It\u00e1lia prioriza sobrenomes hist\u00f3ricos em processo de cidadania. Veja lista\"}]},{\"@type\":\"WebSite\",\"@id\":\"https:\/\/jornalfatosenoticias.com.br\/#website\",\"url\":\"https:\/\/jornalfatosenoticias.com.br\/\",\"name\":\"Jornal Fatos e Not\u00edcias\",\"description\":\"Not\u00edcias em geral\",\"publisher\":{\"@id\":\"https:\/\/jornalfatosenoticias.com.br\/#organization\"},\"potentialAction\":[{\"@type\":\"SearchAction\",\"target\":{\"@type\":\"EntryPoint\",\"urlTemplate\":\"https:\/\/jornalfatosenoticias.com.br\/?s={search_term_string}\"},\"query-input\":{\"@type\":\"PropertyValueSpecification\",\"valueRequired\":true,\"valueName\":\"search_term_string\"}}],\"inLanguage\":\"pt-BR\"},{\"@type\":\"Organization\",\"@id\":\"https:\/\/jornalfatosenoticias.com.br\/#organization\",\"name\":\"Jornal Fatos e Not\u00edcias\",\"url\":\"https:\/\/jornalfatosenoticias.com.br\/\",\"logo\":{\"@type\":\"ImageObject\",\"inLanguage\":\"pt-BR\",\"@id\":\"https:\/\/jornalfatosenoticias.com.br\/#\/schema\/logo\/image\/\",\"url\":\"https:\/\/jornalfatosenoticias.com.br\/wp-content\/uploads\/2020\/02\/logo120.png\",\"contentUrl\":\"https:\/\/jornalfatosenoticias.com.br\/wp-content\/uploads\/2020\/02\/logo120.png\",\"width\":1227,\"height\":120,\"caption\":\"Jornal Fatos e Not\u00edcias\"},\"image\":{\"@id\":\"https:\/\/jornalfatosenoticias.com.br\/#\/schema\/logo\/image\/\"}},{\"@type\":\"Person\",\"@id\":\"https:\/\/jornalfatosenoticias.com.br\/#\/schema\/person\/d63837fa13ac8666eb9e74e0985d6f81\",\"name\":\"Luzimara Fernandes\",\"image\":{\"@type\":\"ImageObject\",\"inLanguage\":\"pt-BR\",\"@id\":\"https:\/\/jornalfatosenoticias.com.br\/#\/schema\/person\/image\/\",\"url\":\"https:\/\/jornalfatosenoticias.com.br\/wp-content\/uploads\/2025\/05\/EU_portal.jpg\",\"contentUrl\":\"https:\/\/jornalfatosenoticias.com.br\/wp-content\/uploads\/2025\/05\/EU_portal.jpg\",\"caption\":\"Luzimara Fernandes\"},\"description\":\"Jornalista MTB 2358-ES\",\"sameAs\":[\"https:\/\/jornalfatosenoticias.com.br\"],\"url\":\"https:\/\/jornalfatosenoticias.com.br\/index.php\/author\/luzimara\/\"}]}<\/script>\n<!-- \/ Yoast SEO plugin. -->","yoast_head_json":{"title":"It\u00e1lia prioriza sobrenomes hist\u00f3ricos em processo de cidadania. Veja lista - Jornal Fatos e Not\u00edcias","robots":{"index":"index","follow":"follow","max-snippet":"max-snippet:-1","max-image-preview":"max-image-preview:large","max-video-preview":"max-video-preview:-1"},"canonical":"https:\/\/jornalfatosenoticias.com.br\/index.php\/2025\/05\/13\/italia-prioriza-sobrenomes-historicos-em-processo-de-cidadania-veja-lista\/","og_locale":"pt_BR","og_type":"article","og_title":"It\u00e1lia prioriza sobrenomes hist\u00f3ricos em processo de cidadania. Veja lista - Jornal Fatos e Not\u00edcias","og_description":"Primeira-ministra da It\u00e1lia, Giorgia Meloni. O governo italiano anunciou mudan\u00e7as na lei de cidadania para limitar n\u00famero de descendentes que solicitam documento Por Isabella de Paula O governo da It\u00e1lia, liderado pela primeira-ministra Giorgia Meloni, decidiu recentemente restringir o acesso \u00e0 cidadania, sob a justificativa de que estrangeiros estavam utilizando o documento para outras finalidades. [&hellip;]","og_url":"https:\/\/jornalfatosenoticias.com.br\/index.php\/2025\/05\/13\/italia-prioriza-sobrenomes-historicos-em-processo-de-cidadania-veja-lista\/","og_site_name":"Jornal Fatos e Not\u00edcias","article_published_time":"2025-05-13T17:54:12+00:00","article_modified_time":"2025-05-13T17:54:13+00:00","og_image":[{"width":612,"height":408,"url":"https:\/\/jornalfatosenoticias.com.br\/wp-content\/uploads\/2025\/05\/Giorgia-Meloni_gettyimages.jpg","type":"image\/jpeg"}],"author":"Luzimara Fernandes","twitter_card":"summary_large_image","twitter_misc":{"Escrito por":"Luzimara Fernandes","Est. tempo de leitura":"2 minutos"},"schema":{"@context":"https:\/\/schema.org","@graph":[{"@type":"Article","@id":"https:\/\/jornalfatosenoticias.com.br\/index.php\/2025\/05\/13\/italia-prioriza-sobrenomes-historicos-em-processo-de-cidadania-veja-lista\/#article","isPartOf":{"@id":"https:\/\/jornalfatosenoticias.com.br\/index.php\/2025\/05\/13\/italia-prioriza-sobrenomes-historicos-em-processo-de-cidadania-veja-lista\/"},"author":{"name":"Luzimara Fernandes","@id":"https:\/\/jornalfatosenoticias.com.br\/#\/schema\/person\/d63837fa13ac8666eb9e74e0985d6f81"},"headline":"It\u00e1lia prioriza sobrenomes hist\u00f3ricos em processo de cidadania. Veja lista","datePublished":"2025-05-13T17:54:12+00:00","dateModified":"2025-05-13T17:54:13+00:00","mainEntityOfPage":{"@id":"https:\/\/jornalfatosenoticias.com.br\/index.php\/2025\/05\/13\/italia-prioriza-sobrenomes-historicos-em-processo-de-cidadania-veja-lista\/"},"wordCount":478,"commentCount":0,"publisher":{"@id":"https:\/\/jornalfatosenoticias.com.br\/#organization"},"image":{"@id":"https:\/\/jornalfatosenoticias.com.br\/index.php\/2025\/05\/13\/italia-prioriza-sobrenomes-historicos-em-processo-de-cidadania-veja-lista\/#primaryimage"},"thumbnailUrl":"https:\/\/jornalfatosenoticias.com.br\/wp-content\/uploads\/2025\/05\/Giorgia-Meloni_gettyimages.jpg","keywords":["cidadania","Europa","Giorgia Meloni","It\u00e1lia","passaporte","sobrenomes","Turismo"],"articleSection":["Internacional"],"inLanguage":"pt-BR","potentialAction":[{"@type":"CommentAction","name":"Comment","target":["https:\/\/jornalfatosenoticias.com.br\/index.php\/2025\/05\/13\/italia-prioriza-sobrenomes-historicos-em-processo-de-cidadania-veja-lista\/#respond"]}]},{"@type":"WebPage","@id":"https:\/\/jornalfatosenoticias.com.br\/index.php\/2025\/05\/13\/italia-prioriza-sobrenomes-historicos-em-processo-de-cidadania-veja-lista\/","url":"https:\/\/jornalfatosenoticias.com.br\/index.php\/2025\/05\/13\/italia-prioriza-sobrenomes-historicos-em-processo-de-cidadania-veja-lista\/","name":"It\u00e1lia prioriza sobrenomes hist\u00f3ricos em processo de cidadania. Veja lista - Jornal Fatos e Not\u00edcias","isPartOf":{"@id":"https:\/\/jornalfatosenoticias.com.br\/#website"},"primaryImageOfPage":{"@id":"https:\/\/jornalfatosenoticias.com.br\/index.php\/2025\/05\/13\/italia-prioriza-sobrenomes-historicos-em-processo-de-cidadania-veja-lista\/#primaryimage"},"image":{"@id":"https:\/\/jornalfatosenoticias.com.br\/index.php\/2025\/05\/13\/italia-prioriza-sobrenomes-historicos-em-processo-de-cidadania-veja-lista\/#primaryimage"},"thumbnailUrl":"https:\/\/jornalfatosenoticias.com.br\/wp-content\/uploads\/2025\/05\/Giorgia-Meloni_gettyimages.jpg","datePublished":"2025-05-13T17:54:12+00:00","dateModified":"2025-05-13T17:54:13+00:00","breadcrumb":{"@id":"https:\/\/jornalfatosenoticias.com.br\/index.php\/2025\/05\/13\/italia-prioriza-sobrenomes-historicos-em-processo-de-cidadania-veja-lista\/#breadcrumb"},"inLanguage":"pt-BR","potentialAction":[{"@type":"ReadAction","target":["https:\/\/jornalfatosenoticias.com.br\/index.php\/2025\/05\/13\/italia-prioriza-sobrenomes-historicos-em-processo-de-cidadania-veja-lista\/"]}]},{"@type":"ImageObject","inLanguage":"pt-BR","@id":"https:\/\/jornalfatosenoticias.com.br\/index.php\/2025\/05\/13\/italia-prioriza-sobrenomes-historicos-em-processo-de-cidadania-veja-lista\/#primaryimage","url":"https:\/\/jornalfatosenoticias.com.br\/wp-content\/uploads\/2025\/05\/Giorgia-Meloni_gettyimages.jpg","contentUrl":"https:\/\/jornalfatosenoticias.com.br\/wp-content\/uploads\/2025\/05\/Giorgia-Meloni_gettyimages.jpg","width":612,"height":408,"caption":"Prime Minister Giorgia Meloni at Villa Doria Pamphilj. Rome (Italy), April 29th, 2025 (Photo by Massimo Di Vita\/Archivio Massimo Di Vita\/Mondadori Portfolio via Getty Images"},{"@type":"BreadcrumbList","@id":"https:\/\/jornalfatosenoticias.com.br\/index.php\/2025\/05\/13\/italia-prioriza-sobrenomes-historicos-em-processo-de-cidadania-veja-lista\/#breadcrumb","itemListElement":[{"@type":"ListItem","position":1,"name":"In\u00edcio","item":"https:\/\/jornalfatosenoticias.com.br\/"},{"@type":"ListItem","position":2,"name":"It\u00e1lia prioriza sobrenomes hist\u00f3ricos em processo de cidadania. Veja lista"}]},{"@type":"WebSite","@id":"https:\/\/jornalfatosenoticias.com.br\/#website","url":"https:\/\/jornalfatosenoticias.com.br\/","name":"Jornal Fatos e Not\u00edcias","description":"Not\u00edcias em geral","publisher":{"@id":"https:\/\/jornalfatosenoticias.com.br\/#organization"},"potentialAction":[{"@type":"SearchAction","target":{"@type":"EntryPoint","urlTemplate":"https:\/\/jornalfatosenoticias.com.br\/?s={search_term_string}"},"query-input":{"@type":"PropertyValueSpecification","valueRequired":true,"valueName":"search_term_string"}}],"inLanguage":"pt-BR"},{"@type":"Organization","@id":"https:\/\/jornalfatosenoticias.com.br\/#organization","name":"Jornal Fatos e Not\u00edcias","url":"https:\/\/jornalfatosenoticias.com.br\/","logo":{"@type":"ImageObject","inLanguage":"pt-BR","@id":"https:\/\/jornalfatosenoticias.com.br\/#\/schema\/logo\/image\/","url":"https:\/\/jornalfatosenoticias.com.br\/wp-content\/uploads\/2020\/02\/logo120.png","contentUrl":"https:\/\/jornalfatosenoticias.com.br\/wp-content\/uploads\/2020\/02\/logo120.png","width":1227,"height":120,"caption":"Jornal Fatos e Not\u00edcias"},"image":{"@id":"https:\/\/jornalfatosenoticias.com.br\/#\/schema\/logo\/image\/"}},{"@type":"Person","@id":"https:\/\/jornalfatosenoticias.com.br\/#\/schema\/person\/d63837fa13ac8666eb9e74e0985d6f81","name":"Luzimara Fernandes","image":{"@type":"ImageObject","inLanguage":"pt-BR","@id":"https:\/\/jornalfatosenoticias.com.br\/#\/schema\/person\/image\/","url":"https:\/\/jornalfatosenoticias.com.br\/wp-content\/uploads\/2025\/05\/EU_portal.jpg","contentUrl":"https:\/\/jornalfatosenoticias.com.br\/wp-content\/uploads\/2025\/05\/EU_portal.jpg","caption":"Luzimara Fernandes"},"description":"Jornalista MTB 2358-ES","sameAs":["https:\/\/jornalfatosenoticias.com.br"],"url":"https:\/\/jornalfatosenoticias.com.br\/index.php\/author\/luzimara\/"}]}},"cc_featured_image_caption":{"caption_text":"(Foto: Getty Images)","source_text":"","source_url":""},"jetpack_featured_media_url":"https:\/\/jornalfatosenoticias.com.br\/wp-content\/uploads\/2025\/05\/Giorgia-Meloni_gettyimages.jpg","_links":{"self":[{"href":"https:\/\/jornalfatosenoticias.com.br\/index.php\/wp-json\/wp\/v2\/posts\/59177","targetHints":{"allow":["GET"]}}],"collection":[{"href":"https:\/\/jornalfatosenoticias.com.br\/index.php\/wp-json\/wp\/v2\/posts"}],"about":[{"href":"https:\/\/jornalfatosenoticias.com.br\/index.php\/wp-json\/wp\/v2\/types\/post"}],"author":[{"embeddable":true,"href":"https:\/\/jornalfatosenoticias.com.br\/index.php\/wp-json\/wp\/v2\/users\/2"}],"replies":[{"embeddable":true,"href":"https:\/\/jornalfatosenoticias.com.br\/index.php\/wp-json\/wp\/v2\/comments?post=59177"}],"version-history":[{"count":0,"href":"https:\/\/jornalfatosenoticias.com.br\/index.php\/wp-json\/wp\/v2\/posts\/59177\/revisions"}],"wp:featuredmedia":[{"embeddable":true,"href":"https:\/\/jornalfatosenoticias.com.br\/index.php\/wp-json\/wp\/v2\/media\/59178"}],"wp:attachment":[{"href":"https:\/\/jornalfatosenoticias.com.br\/index.php\/wp-json\/wp\/v2\/media?parent=59177"}],"wp:term":[{"taxonomy":"category","embeddable":true,"href":"https:\/\/jornalfatosenoticias.com.br\/index.php\/wp-json\/wp\/v2\/categories?post=59177"},{"taxonomy":"post_tag","embeddable":true,"href":"https:\/\/jornalfatosenoticias.com.br\/index.php\/wp-json\/wp\/v2\/tags?post=59177"}],"curies":[{"name":"wp","href":"https:\/\/api.w.org\/{rel}","templated":true}]}}