{"id":59180,"date":"2025-05-13T15:05:43","date_gmt":"2025-05-13T18:05:43","guid":{"rendered":"https:\/\/jornalfatosenoticias.com.br\/?p=59180"},"modified":"2025-05-13T15:05:45","modified_gmt":"2025-05-13T18:05:45","slug":"com-apoio-de-ministros-de-lula-mst-usa-feira-da-reforma-agraria-para-atacar-o-agronegocio","status":"publish","type":"post","link":"https:\/\/jornalfatosenoticias.com.br\/index.php\/2025\/05\/13\/com-apoio-de-ministros-de-lula-mst-usa-feira-da-reforma-agraria-para-atacar-o-agronegocio\/","title":{"rendered":"Com apoio de ministros de Lula, MST usa feira da reforma agr\u00e1ria para atacar o agroneg\u00f3cio"},"content":{"rendered":"\n<div class=\"wp-block-image\"><figure class=\"aligncenter size-large\"><a href=\"https:\/\/mizu.com.br\/\"><img loading=\"lazy\" decoding=\"async\" width=\"729\" height=\"90\" src=\"https:\/\/jornalfatosenoticias.com.br\/wp-content\/uploads\/2020\/02\/Logo_Mizu.png\" alt=\"\" class=\"wp-image-1441\" srcset=\"https:\/\/jornalfatosenoticias.com.br\/wp-content\/uploads\/2020\/02\/Logo_Mizu.png 729w, https:\/\/jornalfatosenoticias.com.br\/wp-content\/uploads\/2020\/02\/Logo_Mizu-300x37.png 300w\" sizes=\"auto, (max-width: 729px) 100vw, 729px\" \/><\/a><\/figure><\/div>\n\n\n\n<p>A 5.\u00aa Feira Nacional da Reforma Agr\u00e1ria, realizada pelo Movimento dos Trabalhadores Rurais Sem Terra (MST) entre os dias 8 e 11 de maio em S\u00e3o Paulo, teve apoio expl\u00edcito de membros do governo federal e foi marcada por fortes ataques ao agroneg\u00f3cio brasileiro. O evento reuniu ministros, parlamentares e representantes de estatais, enquanto exibia cartazes e slogans que associavam o setor produtivo rural a \u201cfome, envenenamento, guerra e golpe de Estado\u201d.<br>As cr\u00edticas foram estampadas em faixas e materiais visuais inspirados na campanha \u201cAgro \u00e9 Pop\u201d, da TV Globo, em uma tentativa deliberada de confrontar a imagem positiva do agroneg\u00f3cio na opini\u00e3o p\u00fablica. Um dos materiais, divulgado pelo jornalista Nacho Lemus (Telesur), descrevia o evento como uma feira em que o MST \u201cdenuncia a responsabilidade do agroneg\u00f3cio na crise ambiental, na fome e na tentativa de golpe de Estado\u201d.<\/p>\n\n\n\n<div class=\"wp-block-image\"><figure class=\"aligncenter size-large is-resized\"><a href=\"https:\/\/www.facebook.com\/postobkr\/?locale=pt_BR\"><img loading=\"lazy\" decoding=\"async\" src=\"https:\/\/jornalfatosenoticias.com.br\/wp-content\/uploads\/2023\/08\/BKR-1024x1021.jpg\" alt=\"\" class=\"wp-image-44494\" width=\"303\" height=\"302\" srcset=\"https:\/\/jornalfatosenoticias.com.br\/wp-content\/uploads\/2023\/08\/BKR-1024x1021.jpg 1024w, https:\/\/jornalfatosenoticias.com.br\/wp-content\/uploads\/2023\/08\/BKR-300x300.jpg 300w, https:\/\/jornalfatosenoticias.com.br\/wp-content\/uploads\/2023\/08\/BKR-150x150.jpg 150w, https:\/\/jornalfatosenoticias.com.br\/wp-content\/uploads\/2023\/08\/BKR-768x766.jpg 768w, https:\/\/jornalfatosenoticias.com.br\/wp-content\/uploads\/2023\/08\/BKR.jpg 1080w\" sizes=\"auto, (max-width: 303px) 100vw, 303px\" \/><\/a><\/figure><\/div>\n\n\n\n<p>Apesar do tom pol\u00edtico radical e da ret\u00f3rica de enfrentamento, o evento contou com a presen\u00e7a de autoridades de alto escal\u00e3o do governo Lula, incluindo o vice-presidente Geraldo Alckmin, que elogiou publicamente o movimento, afirmando que o MST \u201cdesempenha um papel crucial para a agroecologia e agricultura familiar\u201d.<\/p>\n\n\n\n<div class=\"wp-block-image\"><figure class=\"aligncenter size-large is-resized\"><a href=\"https:\/\/www.legisjuris.com.br\/\"><img loading=\"lazy\" decoding=\"async\" src=\"https:\/\/jornalfatosenoticias.com.br\/wp-content\/uploads\/2024\/09\/Legis-Juris-Consultoria_logo.jpg\" alt=\"\" class=\"wp-image-53915\" width=\"494\" height=\"207\" srcset=\"https:\/\/jornalfatosenoticias.com.br\/wp-content\/uploads\/2024\/09\/Legis-Juris-Consultoria_logo.jpg 969w, https:\/\/jornalfatosenoticias.com.br\/wp-content\/uploads\/2024\/09\/Legis-Juris-Consultoria_logo-300x126.jpg 300w, https:\/\/jornalfatosenoticias.com.br\/wp-content\/uploads\/2024\/09\/Legis-Juris-Consultoria_logo-768x322.jpg 768w\" sizes=\"auto, (max-width: 494px) 100vw, 494px\" \/><\/a><\/figure><\/div>\n\n\n\n<p>Ministros como Gleisi Hoffmann (Rela\u00e7\u00f5es Institucionais), Luiz Marinho (Trabalho), Paulo Teixeira (Desenvolvimento Agr\u00e1rio), M\u00e1rcia Lopes (Mulheres) e M\u00e1rcio Mac\u00eado (Secretaria-Geral da Presid\u00eancia) tamb\u00e9m compareceram. Gleisi afirmou que o evento \u00e9 uma \u201cgrande propaganda sobre essa produ\u00e7\u00e3o saud\u00e1vel e livre de agrot\u00f3xicos\u201d e disse que o MST \u00e9 \u201cfundamental para o pa\u00eds\u201d.<\/p>\n\n\n\n<div class=\"wp-block-image\"><figure class=\"aligncenter size-large is-resized\"><a href=\"https:\/\/www.instagram.com\/esteiochurrascaria\/\"><img loading=\"lazy\" decoding=\"async\" src=\"https:\/\/jornalfatosenoticias.com.br\/wp-content\/uploads\/2022\/02\/LOGO-ESTEIO-1024x730.png\" alt=\"\" class=\"wp-image-27942\" width=\"320\" height=\"228\" srcset=\"https:\/\/jornalfatosenoticias.com.br\/wp-content\/uploads\/2022\/02\/LOGO-ESTEIO-1024x730.png 1024w, https:\/\/jornalfatosenoticias.com.br\/wp-content\/uploads\/2022\/02\/LOGO-ESTEIO-300x214.png 300w, https:\/\/jornalfatosenoticias.com.br\/wp-content\/uploads\/2022\/02\/LOGO-ESTEIO-768x548.png 768w, https:\/\/jornalfatosenoticias.com.br\/wp-content\/uploads\/2022\/02\/LOGO-ESTEIO.png 1123w\" sizes=\"auto, (max-width: 320px) 100vw, 320px\" \/><\/a><\/figure><\/div>\n\n\n\n<p>Durante o evento, o MST firmou acordos com entidades federais, como o Instituto Federal de S\u00e3o Paulo (IFSP), os Correios e a Funda\u00e7\u00e3o Banco do Brasil, prevendo apoio log\u00edstico, t\u00e9cnico e financeiro para iniciativas do movimento \u2014 inclusive aquelas associadas a ocupa\u00e7\u00f5es de terra. O Minist\u00e9rio do Desenvolvimento Agr\u00e1rio e Agricultura Familiar (MDA), comandado por Paulo Teixeira, oficializou o apoio institucional.<\/p>\n\n\n\n<div class=\"wp-block-image\"><figure class=\"aligncenter size-large is-resized\"><a href=\"https:\/\/www.controlsystems.com.br\/\"><img loading=\"lazy\" decoding=\"async\" src=\"https:\/\/jornalfatosenoticias.com.br\/wp-content\/uploads\/2020\/02\/CONTROL-CS.jpg\" alt=\"\" class=\"wp-image-44991\" width=\"272\" height=\"326\" srcset=\"https:\/\/jornalfatosenoticias.com.br\/wp-content\/uploads\/2020\/02\/CONTROL-CS.jpg 834w, https:\/\/jornalfatosenoticias.com.br\/wp-content\/uploads\/2020\/02\/CONTROL-CS-250x300.jpg 250w, https:\/\/jornalfatosenoticias.com.br\/wp-content\/uploads\/2020\/02\/CONTROL-CS-768x921.jpg 768w\" sizes=\"auto, (max-width: 272px) 100vw, 272px\" \/><\/a><\/figure><\/div>\n\n\n\n<p>Essas parcerias ocorreram mesmo com o MST mantendo sua pr\u00e1tica de invas\u00f5es de propriedades rurais, o que tem gerado rea\u00e7\u00f5es no setor produtivo e entre representantes da bancada do agroneg\u00f3cio no Congresso. A feira, que deveria focar em reforma agr\u00e1ria, foi usada como palco pol\u00edtico para mobiliza\u00e7\u00e3o ideol\u00f3gica e confronto direto contra o agroneg\u00f3cio brasileiro \u2014 respons\u00e1vel por cerca de 25% do PIB nacional.<\/p>\n\n\n\n<div class=\"wp-block-image\"><figure class=\"aligncenter size-large is-resized\"><a href=\"https:\/\/www.instagram.com\/gruposei\/\"><img loading=\"lazy\" decoding=\"async\" src=\"https:\/\/jornalfatosenoticias.com.br\/wp-content\/uploads\/2022\/07\/Logo-Grupo-SEI.jpg\" alt=\"\" class=\"wp-image-31973\" width=\"411\" height=\"216\" srcset=\"https:\/\/jornalfatosenoticias.com.br\/wp-content\/uploads\/2022\/07\/Logo-Grupo-SEI.jpg 713w, https:\/\/jornalfatosenoticias.com.br\/wp-content\/uploads\/2022\/07\/Logo-Grupo-SEI-300x158.jpg 300w\" sizes=\"auto, (max-width: 411px) 100vw, 411px\" \/><\/a><\/figure><\/div>\n\n\n\n<p>Lideran\u00e7as do setor rural reagiram com cr\u00edticas ao evento e ao apoio institucional do governo. Para representantes da Frente Parlamentar da Agropecu\u00e1ria (FPA), o uso de estatais e minist\u00e9rios para financiar ou apoiar politicamente um movimento que criminaliza o agro \u00e9 um grave sinal de descolamento da realidade econ\u00f4mica do pa\u00eds.<\/p>\n\n\n\n<div class=\"wp-block-image\"><figure class=\"aligncenter size-large\"><a href=\"http:\/\/www.ferrarimaquinas.com.br\/\"><img loading=\"lazy\" decoding=\"async\" width=\"300\" height=\"250\" src=\"https:\/\/jornalfatosenoticias.com.br\/wp-content\/uploads\/2022\/02\/FERRARI_MAQUINAS-E-FERRAMENTAS2.jpg\" alt=\"\" class=\"wp-image-27860\"\/><\/a><\/figure><\/div>\n\n\n\n<p><strong>Fonte: <a href=\"https:\/\/horabrasilia.com.br\/2025\/05\/com-apoio-de-ministros-de-lula-mst-usa-feira-da-reforma-agraria-para-atacar-o-agronegocio\/\">Hora Bras\u00edlia<\/a><\/strong><\/p>\n","protected":false},"excerpt":{"rendered":"<p>A 5.\u00aa Feira Nacional da Reforma Agr\u00e1ria, realizada pelo Movimento dos Trabalhadores Rurais Sem Terra (MST) entre os dias 8 e 11 de maio em S\u00e3o Paulo, teve apoio expl\u00edcito de membros do governo federal e foi marcada por fortes ataques ao agroneg\u00f3cio brasileiro. O evento reuniu ministros, parlamentares e representantes de estatais, enquanto exibia [&hellip;]<\/p>\n","protected":false},"author":2,"featured_media":59181,"comment_status":"open","ping_status":"open","sticky":false,"template":"","format":"standard","meta":{"footnotes":""},"categories":[9,10],"tags":[11055,13869,18343,7580,17936],"class_list":["post-59180","post","type-post","status-publish","format-standard","has-post-thumbnail","hentry","category-economia","category-politica","tag-agronegocio","tag-gleisi-hoffmann","tag-governo-lula","tag-lula","tag-mst"],"yoast_head":"<!-- This site is optimized with the Yoast SEO plugin v26.5 - https:\/\/yoast.com\/wordpress\/plugins\/seo\/ -->\n<title>Com apoio de ministros de Lula, MST usa feira da reforma agr\u00e1ria para atacar o agroneg\u00f3cio - Jornal Fatos e Not\u00edcias<\/title>\n<meta name=\"robots\" content=\"index, follow, max-snippet:-1, max-image-preview:large, max-video-preview:-1\" \/>\n<link rel=\"canonical\" href=\"https:\/\/jornalfatosenoticias.com.br\/index.php\/2025\/05\/13\/com-apoio-de-ministros-de-lula-mst-usa-feira-da-reforma-agraria-para-atacar-o-agronegocio\/\" \/>\n<meta property=\"og:locale\" content=\"pt_BR\" \/>\n<meta property=\"og:type\" content=\"article\" \/>\n<meta property=\"og:title\" content=\"Com apoio de ministros de Lula, MST usa feira da reforma agr\u00e1ria para atacar o agroneg\u00f3cio - Jornal Fatos e Not\u00edcias\" \/>\n<meta property=\"og:description\" content=\"A 5.\u00aa Feira Nacional da Reforma Agr\u00e1ria, realizada pelo Movimento dos Trabalhadores Rurais Sem Terra (MST) entre os dias 8 e 11 de maio em S\u00e3o Paulo, teve apoio expl\u00edcito de membros do governo federal e foi marcada por fortes ataques ao agroneg\u00f3cio brasileiro. O evento reuniu ministros, parlamentares e representantes de estatais, enquanto exibia [&hellip;]\" \/>\n<meta property=\"og:url\" content=\"https:\/\/jornalfatosenoticias.com.br\/index.php\/2025\/05\/13\/com-apoio-de-ministros-de-lula-mst-usa-feira-da-reforma-agraria-para-atacar-o-agronegocio\/\" \/>\n<meta property=\"og:site_name\" content=\"Jornal Fatos e Not\u00edcias\" \/>\n<meta property=\"article:published_time\" content=\"2025-05-13T18:05:43+00:00\" \/>\n<meta property=\"article:modified_time\" content=\"2025-05-13T18:05:45+00:00\" \/>\n<meta property=\"og:image\" content=\"https:\/\/jornalfatosenoticias.com.br\/wp-content\/uploads\/2025\/05\/mst-gleisi.jpg\" \/>\n\t<meta property=\"og:image:width\" content=\"768\" \/>\n\t<meta property=\"og:image:height\" content=\"470\" \/>\n\t<meta property=\"og:image:type\" content=\"image\/jpeg\" \/>\n<meta name=\"author\" content=\"Luzimara Fernandes\" \/>\n<meta name=\"twitter:card\" content=\"summary_large_image\" \/>\n<meta name=\"twitter:label1\" content=\"Escrito por\" \/>\n\t<meta name=\"twitter:data1\" content=\"Luzimara Fernandes\" \/>\n\t<meta name=\"twitter:label2\" content=\"Est. tempo de leitura\" \/>\n\t<meta name=\"twitter:data2\" content=\"2 minutos\" \/>\n<script type=\"application\/ld+json\" class=\"yoast-schema-graph\">{\"@context\":\"https:\/\/schema.org\",\"@graph\":[{\"@type\":\"Article\",\"@id\":\"https:\/\/jornalfatosenoticias.com.br\/index.php\/2025\/05\/13\/com-apoio-de-ministros-de-lula-mst-usa-feira-da-reforma-agraria-para-atacar-o-agronegocio\/#article\",\"isPartOf\":{\"@id\":\"https:\/\/jornalfatosenoticias.com.br\/index.php\/2025\/05\/13\/com-apoio-de-ministros-de-lula-mst-usa-feira-da-reforma-agraria-para-atacar-o-agronegocio\/\"},\"author\":{\"name\":\"Luzimara Fernandes\",\"@id\":\"https:\/\/jornalfatosenoticias.com.br\/#\/schema\/person\/d63837fa13ac8666eb9e74e0985d6f81\"},\"headline\":\"Com apoio de ministros de Lula, MST usa feira da reforma agr\u00e1ria para atacar o agroneg\u00f3cio\",\"datePublished\":\"2025-05-13T18:05:43+00:00\",\"dateModified\":\"2025-05-13T18:05:45+00:00\",\"mainEntityOfPage\":{\"@id\":\"https:\/\/jornalfatosenoticias.com.br\/index.php\/2025\/05\/13\/com-apoio-de-ministros-de-lula-mst-usa-feira-da-reforma-agraria-para-atacar-o-agronegocio\/\"},\"wordCount\":474,\"commentCount\":0,\"publisher\":{\"@id\":\"https:\/\/jornalfatosenoticias.com.br\/#organization\"},\"image\":{\"@id\":\"https:\/\/jornalfatosenoticias.com.br\/index.php\/2025\/05\/13\/com-apoio-de-ministros-de-lula-mst-usa-feira-da-reforma-agraria-para-atacar-o-agronegocio\/#primaryimage\"},\"thumbnailUrl\":\"https:\/\/jornalfatosenoticias.com.br\/wp-content\/uploads\/2025\/05\/mst-gleisi.jpg\",\"keywords\":[\"agroneg\u00f3cio\",\"Gleisi Hoffmann\",\"governo Lula\",\"Lula\",\"MST\"],\"articleSection\":[\"Economia\",\"Pol\u00edtica\"],\"inLanguage\":\"pt-BR\",\"potentialAction\":[{\"@type\":\"CommentAction\",\"name\":\"Comment\",\"target\":[\"https:\/\/jornalfatosenoticias.com.br\/index.php\/2025\/05\/13\/com-apoio-de-ministros-de-lula-mst-usa-feira-da-reforma-agraria-para-atacar-o-agronegocio\/#respond\"]}]},{\"@type\":\"WebPage\",\"@id\":\"https:\/\/jornalfatosenoticias.com.br\/index.php\/2025\/05\/13\/com-apoio-de-ministros-de-lula-mst-usa-feira-da-reforma-agraria-para-atacar-o-agronegocio\/\",\"url\":\"https:\/\/jornalfatosenoticias.com.br\/index.php\/2025\/05\/13\/com-apoio-de-ministros-de-lula-mst-usa-feira-da-reforma-agraria-para-atacar-o-agronegocio\/\",\"name\":\"Com apoio de ministros de Lula, MST usa feira da reforma agr\u00e1ria para atacar o agroneg\u00f3cio - Jornal Fatos e Not\u00edcias\",\"isPartOf\":{\"@id\":\"https:\/\/jornalfatosenoticias.com.br\/#website\"},\"primaryImageOfPage\":{\"@id\":\"https:\/\/jornalfatosenoticias.com.br\/index.php\/2025\/05\/13\/com-apoio-de-ministros-de-lula-mst-usa-feira-da-reforma-agraria-para-atacar-o-agronegocio\/#primaryimage\"},\"image\":{\"@id\":\"https:\/\/jornalfatosenoticias.com.br\/index.php\/2025\/05\/13\/com-apoio-de-ministros-de-lula-mst-usa-feira-da-reforma-agraria-para-atacar-o-agronegocio\/#primaryimage\"},\"thumbnailUrl\":\"https:\/\/jornalfatosenoticias.com.br\/wp-content\/uploads\/2025\/05\/mst-gleisi.jpg\",\"datePublished\":\"2025-05-13T18:05:43+00:00\",\"dateModified\":\"2025-05-13T18:05:45+00:00\",\"breadcrumb\":{\"@id\":\"https:\/\/jornalfatosenoticias.com.br\/index.php\/2025\/05\/13\/com-apoio-de-ministros-de-lula-mst-usa-feira-da-reforma-agraria-para-atacar-o-agronegocio\/#breadcrumb\"},\"inLanguage\":\"pt-BR\",\"potentialAction\":[{\"@type\":\"ReadAction\",\"target\":[\"https:\/\/jornalfatosenoticias.com.br\/index.php\/2025\/05\/13\/com-apoio-de-ministros-de-lula-mst-usa-feira-da-reforma-agraria-para-atacar-o-agronegocio\/\"]}]},{\"@type\":\"ImageObject\",\"inLanguage\":\"pt-BR\",\"@id\":\"https:\/\/jornalfatosenoticias.com.br\/index.php\/2025\/05\/13\/com-apoio-de-ministros-de-lula-mst-usa-feira-da-reforma-agraria-para-atacar-o-agronegocio\/#primaryimage\",\"url\":\"https:\/\/jornalfatosenoticias.com.br\/wp-content\/uploads\/2025\/05\/mst-gleisi.jpg\",\"contentUrl\":\"https:\/\/jornalfatosenoticias.com.br\/wp-content\/uploads\/2025\/05\/mst-gleisi.jpg\",\"width\":768,\"height\":470},{\"@type\":\"BreadcrumbList\",\"@id\":\"https:\/\/jornalfatosenoticias.com.br\/index.php\/2025\/05\/13\/com-apoio-de-ministros-de-lula-mst-usa-feira-da-reforma-agraria-para-atacar-o-agronegocio\/#breadcrumb\",\"itemListElement\":[{\"@type\":\"ListItem\",\"position\":1,\"name\":\"In\u00edcio\",\"item\":\"https:\/\/jornalfatosenoticias.com.br\/\"},{\"@type\":\"ListItem\",\"position\":2,\"name\":\"Com apoio de ministros de Lula, MST usa feira da reforma agr\u00e1ria para atacar o agroneg\u00f3cio\"}]},{\"@type\":\"WebSite\",\"@id\":\"https:\/\/jornalfatosenoticias.com.br\/#website\",\"url\":\"https:\/\/jornalfatosenoticias.com.br\/\",\"name\":\"Jornal Fatos e Not\u00edcias\",\"description\":\"Not\u00edcias em geral\",\"publisher\":{\"@id\":\"https:\/\/jornalfatosenoticias.com.br\/#organization\"},\"potentialAction\":[{\"@type\":\"SearchAction\",\"target\":{\"@type\":\"EntryPoint\",\"urlTemplate\":\"https:\/\/jornalfatosenoticias.com.br\/?s={search_term_string}\"},\"query-input\":{\"@type\":\"PropertyValueSpecification\",\"valueRequired\":true,\"valueName\":\"search_term_string\"}}],\"inLanguage\":\"pt-BR\"},{\"@type\":\"Organization\",\"@id\":\"https:\/\/jornalfatosenoticias.com.br\/#organization\",\"name\":\"Jornal Fatos e Not\u00edcias\",\"url\":\"https:\/\/jornalfatosenoticias.com.br\/\",\"logo\":{\"@type\":\"ImageObject\",\"inLanguage\":\"pt-BR\",\"@id\":\"https:\/\/jornalfatosenoticias.com.br\/#\/schema\/logo\/image\/\",\"url\":\"https:\/\/jornalfatosenoticias.com.br\/wp-content\/uploads\/2020\/02\/logo120.png\",\"contentUrl\":\"https:\/\/jornalfatosenoticias.com.br\/wp-content\/uploads\/2020\/02\/logo120.png\",\"width\":1227,\"height\":120,\"caption\":\"Jornal Fatos e Not\u00edcias\"},\"image\":{\"@id\":\"https:\/\/jornalfatosenoticias.com.br\/#\/schema\/logo\/image\/\"}},{\"@type\":\"Person\",\"@id\":\"https:\/\/jornalfatosenoticias.com.br\/#\/schema\/person\/d63837fa13ac8666eb9e74e0985d6f81\",\"name\":\"Luzimara Fernandes\",\"image\":{\"@type\":\"ImageObject\",\"inLanguage\":\"pt-BR\",\"@id\":\"https:\/\/jornalfatosenoticias.com.br\/#\/schema\/person\/image\/\",\"url\":\"https:\/\/jornalfatosenoticias.com.br\/wp-content\/uploads\/2025\/05\/EU_portal.jpg\",\"contentUrl\":\"https:\/\/jornalfatosenoticias.com.br\/wp-content\/uploads\/2025\/05\/EU_portal.jpg\",\"caption\":\"Luzimara Fernandes\"},\"description\":\"Jornalista MTB 2358-ES\",\"sameAs\":[\"https:\/\/jornalfatosenoticias.com.br\"],\"url\":\"https:\/\/jornalfatosenoticias.com.br\/index.php\/author\/luzimara\/\"}]}<\/script>\n<!-- \/ Yoast SEO plugin. -->","yoast_head_json":{"title":"Com apoio de ministros de Lula, MST usa feira da reforma agr\u00e1ria para atacar o agroneg\u00f3cio - Jornal Fatos e Not\u00edcias","robots":{"index":"index","follow":"follow","max-snippet":"max-snippet:-1","max-image-preview":"max-image-preview:large","max-video-preview":"max-video-preview:-1"},"canonical":"https:\/\/jornalfatosenoticias.com.br\/index.php\/2025\/05\/13\/com-apoio-de-ministros-de-lula-mst-usa-feira-da-reforma-agraria-para-atacar-o-agronegocio\/","og_locale":"pt_BR","og_type":"article","og_title":"Com apoio de ministros de Lula, MST usa feira da reforma agr\u00e1ria para atacar o agroneg\u00f3cio - Jornal Fatos e Not\u00edcias","og_description":"A 5.\u00aa Feira Nacional da Reforma Agr\u00e1ria, realizada pelo Movimento dos Trabalhadores Rurais Sem Terra (MST) entre os dias 8 e 11 de maio em S\u00e3o Paulo, teve apoio expl\u00edcito de membros do governo federal e foi marcada por fortes ataques ao agroneg\u00f3cio brasileiro. O evento reuniu ministros, parlamentares e representantes de estatais, enquanto exibia [&hellip;]","og_url":"https:\/\/jornalfatosenoticias.com.br\/index.php\/2025\/05\/13\/com-apoio-de-ministros-de-lula-mst-usa-feira-da-reforma-agraria-para-atacar-o-agronegocio\/","og_site_name":"Jornal Fatos e Not\u00edcias","article_published_time":"2025-05-13T18:05:43+00:00","article_modified_time":"2025-05-13T18:05:45+00:00","og_image":[{"width":768,"height":470,"url":"https:\/\/jornalfatosenoticias.com.br\/wp-content\/uploads\/2025\/05\/mst-gleisi.jpg","type":"image\/jpeg"}],"author":"Luzimara Fernandes","twitter_card":"summary_large_image","twitter_misc":{"Escrito por":"Luzimara Fernandes","Est. tempo de leitura":"2 minutos"},"schema":{"@context":"https:\/\/schema.org","@graph":[{"@type":"Article","@id":"https:\/\/jornalfatosenoticias.com.br\/index.php\/2025\/05\/13\/com-apoio-de-ministros-de-lula-mst-usa-feira-da-reforma-agraria-para-atacar-o-agronegocio\/#article","isPartOf":{"@id":"https:\/\/jornalfatosenoticias.com.br\/index.php\/2025\/05\/13\/com-apoio-de-ministros-de-lula-mst-usa-feira-da-reforma-agraria-para-atacar-o-agronegocio\/"},"author":{"name":"Luzimara Fernandes","@id":"https:\/\/jornalfatosenoticias.com.br\/#\/schema\/person\/d63837fa13ac8666eb9e74e0985d6f81"},"headline":"Com apoio de ministros de Lula, MST usa feira da reforma agr\u00e1ria para atacar o agroneg\u00f3cio","datePublished":"2025-05-13T18:05:43+00:00","dateModified":"2025-05-13T18:05:45+00:00","mainEntityOfPage":{"@id":"https:\/\/jornalfatosenoticias.com.br\/index.php\/2025\/05\/13\/com-apoio-de-ministros-de-lula-mst-usa-feira-da-reforma-agraria-para-atacar-o-agronegocio\/"},"wordCount":474,"commentCount":0,"publisher":{"@id":"https:\/\/jornalfatosenoticias.com.br\/#organization"},"image":{"@id":"https:\/\/jornalfatosenoticias.com.br\/index.php\/2025\/05\/13\/com-apoio-de-ministros-de-lula-mst-usa-feira-da-reforma-agraria-para-atacar-o-agronegocio\/#primaryimage"},"thumbnailUrl":"https:\/\/jornalfatosenoticias.com.br\/wp-content\/uploads\/2025\/05\/mst-gleisi.jpg","keywords":["agroneg\u00f3cio","Gleisi Hoffmann","governo Lula","Lula","MST"],"articleSection":["Economia","Pol\u00edtica"],"inLanguage":"pt-BR","potentialAction":[{"@type":"CommentAction","name":"Comment","target":["https:\/\/jornalfatosenoticias.com.br\/index.php\/2025\/05\/13\/com-apoio-de-ministros-de-lula-mst-usa-feira-da-reforma-agraria-para-atacar-o-agronegocio\/#respond"]}]},{"@type":"WebPage","@id":"https:\/\/jornalfatosenoticias.com.br\/index.php\/2025\/05\/13\/com-apoio-de-ministros-de-lula-mst-usa-feira-da-reforma-agraria-para-atacar-o-agronegocio\/","url":"https:\/\/jornalfatosenoticias.com.br\/index.php\/2025\/05\/13\/com-apoio-de-ministros-de-lula-mst-usa-feira-da-reforma-agraria-para-atacar-o-agronegocio\/","name":"Com apoio de ministros de Lula, MST usa feira da reforma agr\u00e1ria para atacar o agroneg\u00f3cio - Jornal Fatos e Not\u00edcias","isPartOf":{"@id":"https:\/\/jornalfatosenoticias.com.br\/#website"},"primaryImageOfPage":{"@id":"https:\/\/jornalfatosenoticias.com.br\/index.php\/2025\/05\/13\/com-apoio-de-ministros-de-lula-mst-usa-feira-da-reforma-agraria-para-atacar-o-agronegocio\/#primaryimage"},"image":{"@id":"https:\/\/jornalfatosenoticias.com.br\/index.php\/2025\/05\/13\/com-apoio-de-ministros-de-lula-mst-usa-feira-da-reforma-agraria-para-atacar-o-agronegocio\/#primaryimage"},"thumbnailUrl":"https:\/\/jornalfatosenoticias.com.br\/wp-content\/uploads\/2025\/05\/mst-gleisi.jpg","datePublished":"2025-05-13T18:05:43+00:00","dateModified":"2025-05-13T18:05:45+00:00","breadcrumb":{"@id":"https:\/\/jornalfatosenoticias.com.br\/index.php\/2025\/05\/13\/com-apoio-de-ministros-de-lula-mst-usa-feira-da-reforma-agraria-para-atacar-o-agronegocio\/#breadcrumb"},"inLanguage":"pt-BR","potentialAction":[{"@type":"ReadAction","target":["https:\/\/jornalfatosenoticias.com.br\/index.php\/2025\/05\/13\/com-apoio-de-ministros-de-lula-mst-usa-feira-da-reforma-agraria-para-atacar-o-agronegocio\/"]}]},{"@type":"ImageObject","inLanguage":"pt-BR","@id":"https:\/\/jornalfatosenoticias.com.br\/index.php\/2025\/05\/13\/com-apoio-de-ministros-de-lula-mst-usa-feira-da-reforma-agraria-para-atacar-o-agronegocio\/#primaryimage","url":"https:\/\/jornalfatosenoticias.com.br\/wp-content\/uploads\/2025\/05\/mst-gleisi.jpg","contentUrl":"https:\/\/jornalfatosenoticias.com.br\/wp-content\/uploads\/2025\/05\/mst-gleisi.jpg","width":768,"height":470},{"@type":"BreadcrumbList","@id":"https:\/\/jornalfatosenoticias.com.br\/index.php\/2025\/05\/13\/com-apoio-de-ministros-de-lula-mst-usa-feira-da-reforma-agraria-para-atacar-o-agronegocio\/#breadcrumb","itemListElement":[{"@type":"ListItem","position":1,"name":"In\u00edcio","item":"https:\/\/jornalfatosenoticias.com.br\/"},{"@type":"ListItem","position":2,"name":"Com apoio de ministros de Lula, MST usa feira da reforma agr\u00e1ria para atacar o agroneg\u00f3cio"}]},{"@type":"WebSite","@id":"https:\/\/jornalfatosenoticias.com.br\/#website","url":"https:\/\/jornalfatosenoticias.com.br\/","name":"Jornal Fatos e Not\u00edcias","description":"Not\u00edcias em geral","publisher":{"@id":"https:\/\/jornalfatosenoticias.com.br\/#organization"},"potentialAction":[{"@type":"SearchAction","target":{"@type":"EntryPoint","urlTemplate":"https:\/\/jornalfatosenoticias.com.br\/?s={search_term_string}"},"query-input":{"@type":"PropertyValueSpecification","valueRequired":true,"valueName":"search_term_string"}}],"inLanguage":"pt-BR"},{"@type":"Organization","@id":"https:\/\/jornalfatosenoticias.com.br\/#organization","name":"Jornal Fatos e Not\u00edcias","url":"https:\/\/jornalfatosenoticias.com.br\/","logo":{"@type":"ImageObject","inLanguage":"pt-BR","@id":"https:\/\/jornalfatosenoticias.com.br\/#\/schema\/logo\/image\/","url":"https:\/\/jornalfatosenoticias.com.br\/wp-content\/uploads\/2020\/02\/logo120.png","contentUrl":"https:\/\/jornalfatosenoticias.com.br\/wp-content\/uploads\/2020\/02\/logo120.png","width":1227,"height":120,"caption":"Jornal Fatos e Not\u00edcias"},"image":{"@id":"https:\/\/jornalfatosenoticias.com.br\/#\/schema\/logo\/image\/"}},{"@type":"Person","@id":"https:\/\/jornalfatosenoticias.com.br\/#\/schema\/person\/d63837fa13ac8666eb9e74e0985d6f81","name":"Luzimara Fernandes","image":{"@type":"ImageObject","inLanguage":"pt-BR","@id":"https:\/\/jornalfatosenoticias.com.br\/#\/schema\/person\/image\/","url":"https:\/\/jornalfatosenoticias.com.br\/wp-content\/uploads\/2025\/05\/EU_portal.jpg","contentUrl":"https:\/\/jornalfatosenoticias.com.br\/wp-content\/uploads\/2025\/05\/EU_portal.jpg","caption":"Luzimara Fernandes"},"description":"Jornalista MTB 2358-ES","sameAs":["https:\/\/jornalfatosenoticias.com.br"],"url":"https:\/\/jornalfatosenoticias.com.br\/index.php\/author\/luzimara\/"}]}},"cc_featured_image_caption":{"caption_text":"(Foto: Divulga\u00e7\u00e3o\/MST)","source_text":"","source_url":""},"jetpack_featured_media_url":"https:\/\/jornalfatosenoticias.com.br\/wp-content\/uploads\/2025\/05\/mst-gleisi.jpg","_links":{"self":[{"href":"https:\/\/jornalfatosenoticias.com.br\/index.php\/wp-json\/wp\/v2\/posts\/59180","targetHints":{"allow":["GET"]}}],"collection":[{"href":"https:\/\/jornalfatosenoticias.com.br\/index.php\/wp-json\/wp\/v2\/posts"}],"about":[{"href":"https:\/\/jornalfatosenoticias.com.br\/index.php\/wp-json\/wp\/v2\/types\/post"}],"author":[{"embeddable":true,"href":"https:\/\/jornalfatosenoticias.com.br\/index.php\/wp-json\/wp\/v2\/users\/2"}],"replies":[{"embeddable":true,"href":"https:\/\/jornalfatosenoticias.com.br\/index.php\/wp-json\/wp\/v2\/comments?post=59180"}],"version-history":[{"count":0,"href":"https:\/\/jornalfatosenoticias.com.br\/index.php\/wp-json\/wp\/v2\/posts\/59180\/revisions"}],"wp:featuredmedia":[{"embeddable":true,"href":"https:\/\/jornalfatosenoticias.com.br\/index.php\/wp-json\/wp\/v2\/media\/59181"}],"wp:attachment":[{"href":"https:\/\/jornalfatosenoticias.com.br\/index.php\/wp-json\/wp\/v2\/media?parent=59180"}],"wp:term":[{"taxonomy":"category","embeddable":true,"href":"https:\/\/jornalfatosenoticias.com.br\/index.php\/wp-json\/wp\/v2\/categories?post=59180"},{"taxonomy":"post_tag","embeddable":true,"href":"https:\/\/jornalfatosenoticias.com.br\/index.php\/wp-json\/wp\/v2\/tags?post=59180"}],"curies":[{"name":"wp","href":"https:\/\/api.w.org\/{rel}","templated":true}]}}