{"id":59189,"date":"2025-05-14T09:42:49","date_gmt":"2025-05-14T12:42:49","guid":{"rendered":"https:\/\/jornalfatosenoticias.com.br\/?p=59189"},"modified":"2025-05-14T09:42:50","modified_gmt":"2025-05-14T12:42:50","slug":"auroras-de-jupiter-vistas-no-maior-telescopio-do-mundo-brilham-mais-que-na-terra","status":"publish","type":"post","link":"https:\/\/jornalfatosenoticias.com.br\/index.php\/2025\/05\/14\/auroras-de-jupiter-vistas-no-maior-telescopio-do-mundo-brilham-mais-que-na-terra\/","title":{"rendered":"Auroras de J\u00fapiter vistas no maior telesc\u00f3pio do mundo brilham mais que na Terra"},"content":{"rendered":"\n<p><span class=\"has-inline-color has-black-color\">Por <strong><a href=\"https:\/\/canaltech.com.br\/equipe\/danielle-cassita\/\">Danielle Cassita<\/a><\/strong><\/span><\/p>\n\n\n\n<div class=\"wp-block-image\"><figure class=\"aligncenter size-large is-resized\"><a href=\"https:\/\/www.facebook.com\/vetor.vix\/\"><img loading=\"lazy\" decoding=\"async\" src=\"https:\/\/jornalfatosenoticias.com.br\/wp-content\/uploads\/2023\/09\/vetorvix1024_1.jpg\" alt=\"\" class=\"wp-image-44868\" width=\"509\" height=\"135\" srcset=\"https:\/\/jornalfatosenoticias.com.br\/wp-content\/uploads\/2023\/09\/vetorvix1024_1.jpg 1024w, https:\/\/jornalfatosenoticias.com.br\/wp-content\/uploads\/2023\/09\/vetorvix1024_1-300x80.jpg 300w, https:\/\/jornalfatosenoticias.com.br\/wp-content\/uploads\/2023\/09\/vetorvix1024_1-768x205.jpg 768w\" sizes=\"auto, (max-width: 509px) 100vw, 509px\" \/><\/a><\/figure><\/div>\n\n\n\n<p>O<strong>\u00a0<a href=\"https:\/\/canaltech.com.br\/espaco\/telescopio-james-webb-tudo-sobre-o-maior-observatorio-da-nasa-202954\/\"><strong>telesc\u00f3pio espacial James Webb<\/strong><\/a><\/strong> revelou novos detalhes das auroras boreais em J\u00fapiter, o maior planeta do Sistema Solar. A grande sensibilidade do telesc\u00f3pio ajudou astr\u00f4nomos liderados por Jonathan Nichols, da Universidade de Leicester, a estudar o fen\u00f4meno, compreendendo melhor as caracter\u00edsticas da magnetosfera que cerca o gigante gasoso.<br>As <a href=\"https:\/\/canaltech.com.br\/espaco\/o-que-e-aurora-boreal\/\"><strong>auroras boreais<\/strong><\/a>\u00a0ocorrem quando\u00a0<strong>part\u00edculas energ\u00e9ticas<\/strong>\u00a0entram na\u00a0<strong><a href=\"https:\/\/canaltech.com.br\/meio-ambiente\/o-que-e-atmosfera-entenda-suas-camadas-e-formacao-233820\/\">atmosfera<\/a><\/strong> dos planetas perto dos seus polos e colidem com \u00e1tomos. No caso de J\u00fapiter, as auroras s\u00e3o causadas pelas part\u00edculas do Sol e por Io, sua lua repleta de vulc\u00f5es, e s\u00e3o centenas de vezes mais energ\u00e9ticas que as da Terra.<\/p>\n\n\n\n<div class=\"wp-block-image\"><figure class=\"aligncenter size-large\"><a href=\"http:\/\/www.ferrarimaquinas.com.br\/\"><img loading=\"lazy\" decoding=\"async\" width=\"300\" height=\"250\" src=\"https:\/\/jornalfatosenoticias.com.br\/wp-content\/uploads\/2022\/02\/FERRARI_MAQUINAS-E-FERRAMENTAS2.jpg\" alt=\"\" class=\"wp-image-27860\"\/><\/a><\/figure><\/div>\n\n\n\n<p>Foi em 25 de dezembro de 2023 que Nichols e seus colegas usaram o Webb para observar o fen\u00f4meno em J\u00fapiter e analisar o tempo que as auroras levam para mudar por l\u00e1. \u201cNo fim, observamos a regi\u00e3o inteira explodindo em luzes, \u00e0s vezes variando a cada segundo\u201d, recordou.<\/p>\n\n\n\n<div class=\"wp-block-image\"><figure class=\"aligncenter size-large\"><img loading=\"lazy\" decoding=\"async\" width=\"1000\" height=\"575\" src=\"https:\/\/jornalfatosenoticias.com.br\/wp-content\/uploads\/2025\/05\/auroras-de-Jupiter2.png\" alt=\"\" class=\"wp-image-59190\" srcset=\"https:\/\/jornalfatosenoticias.com.br\/wp-content\/uploads\/2025\/05\/auroras-de-Jupiter2.png 1000w, https:\/\/jornalfatosenoticias.com.br\/wp-content\/uploads\/2025\/05\/auroras-de-Jupiter2-300x173.png 300w, https:\/\/jornalfatosenoticias.com.br\/wp-content\/uploads\/2025\/05\/auroras-de-Jupiter2-768x442.png 768w\" sizes=\"auto, (max-width: 1000px) 100vw, 1000px\" \/><figcaption><em><span class=\"has-inline-color has-black-color\">Detalhe das auroras que o telesc\u00f3pio James Webb observou em J\u00fapiter (Nasa\/ESA\/CSA\/STScI\/Ricardo Hueso (UPV)\/Imke de Pater (UC Berkeley)\/ Thierry Fouchet (Observatory of Paris)\/ Leigh Fletcher (University of Leicester)\/ Michael H. Wong (UC Berkeley)\/Joseph DePasquale (STScI)\/J. Nichols (University of Leicester)\/M. Zamani\/ESA\/Webb)<\/span><\/em><\/figcaption><\/figure><\/div>\n\n\n\n<p>Os dados mostraram que as emiss\u00f5es de H3 (trihidrog\u00eanio, um \u00edon) s\u00e3o mais variadas do que eles pensavam. Com estes dados, os cientistas podem entender melhor como a atmosfera superior de <strong><a href=\"https:\/\/canaltech.com.br\/espaco\/jupiter-o-maior-planeta-do-sistema-solar\/\">J\u00fapiter<\/a><\/strong> passa por aquecimento e resfriamento.<\/p>\n\n\n\n<div class=\"wp-block-image\"><figure class=\"aligncenter size-large is-resized\"><a href=\"https:\/\/www.controlsystems.com.br\/\"><img loading=\"lazy\" decoding=\"async\" src=\"https:\/\/jornalfatosenoticias.com.br\/wp-content\/uploads\/2020\/02\/CONTROL-CS.jpg\" alt=\"\" class=\"wp-image-44991\" width=\"252\" height=\"302\" srcset=\"https:\/\/jornalfatosenoticias.com.br\/wp-content\/uploads\/2020\/02\/CONTROL-CS.jpg 834w, https:\/\/jornalfatosenoticias.com.br\/wp-content\/uploads\/2020\/02\/CONTROL-CS-250x300.jpg 250w, https:\/\/jornalfatosenoticias.com.br\/wp-content\/uploads\/2020\/02\/CONTROL-CS-768x921.jpg 768w\" sizes=\"auto, (max-width: 252px) 100vw, 252px\" \/><\/a><\/figure><\/div>\n\n\n\n<p>Al\u00e9m do Webb, os pesquisadores trabalharam tamb\u00e9m com o telesc\u00f3pio <strong><a href=\"https:\/\/canaltech.com.br\/espaco\/o-futuro-do-hubble-telescopio-faz-35-anos-em-meio-a-rumores-de-aposentadoria\/\">Hubble<\/a><\/strong>, que mostrou algo inusitado. \u201cA<strong>\u00a0luz mais brilhante<\/strong>\u00a0observada\u00a0<strong>pelo Webb<\/strong>\u00a0n\u00e3o tinha correspondente nas imagens do\u00a0<strong><a href=\"https:\/\/canaltech.com.br\/espaco\/hubble-telescopio-espacial-iniciou-missao-em-1990-veja-35-curiosidades\/\">Hubble<\/a><\/strong>\u201d, observou Jonathan. Segundo ele, para que os dados mostrassem esta combina\u00e7\u00e3o de luminosidade, seria preciso terem um conjunto \u2014 aparentemente imposs\u00edvel \u2014 de part\u00edculas pouco energ\u00e9ticas atingindo a atmosfera de J\u00fapiter.<\/p>\n\n\n\n<div class=\"wp-block-image\"><figure class=\"aligncenter size-large is-resized\"><a href=\"https:\/\/www.instagram.com\/gruposei\/\"><img loading=\"lazy\" decoding=\"async\" src=\"https:\/\/jornalfatosenoticias.com.br\/wp-content\/uploads\/2022\/07\/Logo-Grupo-SEI.jpg\" alt=\"\" class=\"wp-image-31973\" width=\"366\" height=\"192\" srcset=\"https:\/\/jornalfatosenoticias.com.br\/wp-content\/uploads\/2022\/07\/Logo-Grupo-SEI.jpg 713w, https:\/\/jornalfatosenoticias.com.br\/wp-content\/uploads\/2022\/07\/Logo-Grupo-SEI-300x158.jpg 300w\" sizes=\"auto, (max-width: 366px) 100vw, 366px\" \/><\/a><\/figure><\/div>\n\n\n\n<p>Os autores ainda n\u00e3o entenderam este fen\u00f4meno, mas nos pr\u00f3ximos passos planejam estudar a discrep\u00e2ncia entre os dados do Webb e do Hubble. Assim, eles podem descobrir o que o fen\u00f4meno significa para a atmosfera de J\u00fapiter e o ambiente espacial.<\/p>\n\n\n\n<p><strong>Fonte: <a href=\"https:\/\/canaltech.com.br\/espaco\/auroras-de-jupiter-vistas-no-maior-telescopio-do-mundo-brilham-mais-que-na-terra\/\">Canaltech<\/a><\/strong><\/p>\n","protected":false},"excerpt":{"rendered":"<p>Por Danielle Cassita O\u00a0telesc\u00f3pio espacial James Webb revelou novos detalhes das auroras boreais em J\u00fapiter, o maior planeta do Sistema Solar. A grande sensibilidade do telesc\u00f3pio ajudou astr\u00f4nomos liderados por Jonathan Nichols, da Universidade de Leicester, a estudar o fen\u00f4meno, compreendendo melhor as caracter\u00edsticas da magnetosfera que cerca o gigante gasoso.As auroras boreais\u00a0ocorrem quando\u00a0part\u00edculas energ\u00e9ticas\u00a0entram [&hellip;]<\/p>\n","protected":false},"author":2,"featured_media":59191,"comment_status":"open","ping_status":"open","sticky":false,"template":"","format":"standard","meta":{"footnotes":""},"categories":[2],"tags":[225,27029,15159,1745,1650,469,14074],"class_list":["post-59189","post","type-post","status-publish","format-standard","has-post-thumbnail","hentry","category-ciencia","tag-astronomos","tag-auroras-boreais","tag-james-webb","tag-jupiter","tag-planetas","tag-sistema-solar","tag-telescopio-espacial-james-webb"],"yoast_head":"<!-- This site is optimized with the Yoast SEO plugin v26.5 - https:\/\/yoast.com\/wordpress\/plugins\/seo\/ -->\n<title>Auroras de J\u00fapiter vistas no maior telesc\u00f3pio do mundo brilham mais que na Terra - Jornal Fatos e Not\u00edcias<\/title>\n<meta name=\"robots\" content=\"index, follow, max-snippet:-1, max-image-preview:large, max-video-preview:-1\" \/>\n<link rel=\"canonical\" href=\"https:\/\/jornalfatosenoticias.com.br\/index.php\/2025\/05\/14\/auroras-de-jupiter-vistas-no-maior-telescopio-do-mundo-brilham-mais-que-na-terra\/\" \/>\n<meta property=\"og:locale\" content=\"pt_BR\" \/>\n<meta property=\"og:type\" content=\"article\" \/>\n<meta property=\"og:title\" content=\"Auroras de J\u00fapiter vistas no maior telesc\u00f3pio do mundo brilham mais que na Terra - Jornal Fatos e Not\u00edcias\" \/>\n<meta property=\"og:description\" content=\"Por Danielle Cassita O\u00a0telesc\u00f3pio espacial James Webb revelou novos detalhes das auroras boreais em J\u00fapiter, o maior planeta do Sistema Solar. A grande sensibilidade do telesc\u00f3pio ajudou astr\u00f4nomos liderados por Jonathan Nichols, da Universidade de Leicester, a estudar o fen\u00f4meno, compreendendo melhor as caracter\u00edsticas da magnetosfera que cerca o gigante gasoso.As auroras boreais\u00a0ocorrem quando\u00a0part\u00edculas energ\u00e9ticas\u00a0entram [&hellip;]\" \/>\n<meta property=\"og:url\" content=\"https:\/\/jornalfatosenoticias.com.br\/index.php\/2025\/05\/14\/auroras-de-jupiter-vistas-no-maior-telescopio-do-mundo-brilham-mais-que-na-terra\/\" \/>\n<meta property=\"og:site_name\" content=\"Jornal Fatos e Not\u00edcias\" \/>\n<meta property=\"article:published_time\" content=\"2025-05-14T12:42:49+00:00\" \/>\n<meta property=\"article:modified_time\" content=\"2025-05-14T12:42:50+00:00\" \/>\n<meta property=\"og:image\" content=\"https:\/\/jornalfatosenoticias.com.br\/wp-content\/uploads\/2025\/05\/Auroras-de-Jupiter.png\" \/>\n\t<meta property=\"og:image:width\" content=\"640\" \/>\n\t<meta property=\"og:image:height\" content=\"360\" \/>\n\t<meta property=\"og:image:type\" content=\"image\/png\" \/>\n<meta name=\"author\" content=\"Luzimara Fernandes\" \/>\n<meta name=\"twitter:card\" content=\"summary_large_image\" \/>\n<meta name=\"twitter:label1\" content=\"Escrito por\" \/>\n\t<meta name=\"twitter:data1\" content=\"Luzimara Fernandes\" \/>\n\t<meta name=\"twitter:label2\" content=\"Est. tempo de leitura\" \/>\n\t<meta name=\"twitter:data2\" content=\"2 minutos\" \/>\n<script type=\"application\/ld+json\" class=\"yoast-schema-graph\">{\"@context\":\"https:\/\/schema.org\",\"@graph\":[{\"@type\":\"Article\",\"@id\":\"https:\/\/jornalfatosenoticias.com.br\/index.php\/2025\/05\/14\/auroras-de-jupiter-vistas-no-maior-telescopio-do-mundo-brilham-mais-que-na-terra\/#article\",\"isPartOf\":{\"@id\":\"https:\/\/jornalfatosenoticias.com.br\/index.php\/2025\/05\/14\/auroras-de-jupiter-vistas-no-maior-telescopio-do-mundo-brilham-mais-que-na-terra\/\"},\"author\":{\"name\":\"Luzimara Fernandes\",\"@id\":\"https:\/\/jornalfatosenoticias.com.br\/#\/schema\/person\/d63837fa13ac8666eb9e74e0985d6f81\"},\"headline\":\"Auroras de J\u00fapiter vistas no maior telesc\u00f3pio do mundo brilham mais que na Terra\",\"datePublished\":\"2025-05-14T12:42:49+00:00\",\"dateModified\":\"2025-05-14T12:42:50+00:00\",\"mainEntityOfPage\":{\"@id\":\"https:\/\/jornalfatosenoticias.com.br\/index.php\/2025\/05\/14\/auroras-de-jupiter-vistas-no-maior-telescopio-do-mundo-brilham-mais-que-na-terra\/\"},\"wordCount\":392,\"commentCount\":0,\"publisher\":{\"@id\":\"https:\/\/jornalfatosenoticias.com.br\/#organization\"},\"image\":{\"@id\":\"https:\/\/jornalfatosenoticias.com.br\/index.php\/2025\/05\/14\/auroras-de-jupiter-vistas-no-maior-telescopio-do-mundo-brilham-mais-que-na-terra\/#primaryimage\"},\"thumbnailUrl\":\"https:\/\/jornalfatosenoticias.com.br\/wp-content\/uploads\/2025\/05\/Auroras-de-Jupiter.png\",\"keywords\":[\"astr\u00f4nomos\",\"auroras boreais\",\"James Webb\",\"J\u00fapiter\",\"planetas\",\"sistema solar\",\"Telesc\u00f3pio Espacial James Webb\"],\"articleSection\":[\"Ci\u00eancia\"],\"inLanguage\":\"pt-BR\",\"potentialAction\":[{\"@type\":\"CommentAction\",\"name\":\"Comment\",\"target\":[\"https:\/\/jornalfatosenoticias.com.br\/index.php\/2025\/05\/14\/auroras-de-jupiter-vistas-no-maior-telescopio-do-mundo-brilham-mais-que-na-terra\/#respond\"]}]},{\"@type\":\"WebPage\",\"@id\":\"https:\/\/jornalfatosenoticias.com.br\/index.php\/2025\/05\/14\/auroras-de-jupiter-vistas-no-maior-telescopio-do-mundo-brilham-mais-que-na-terra\/\",\"url\":\"https:\/\/jornalfatosenoticias.com.br\/index.php\/2025\/05\/14\/auroras-de-jupiter-vistas-no-maior-telescopio-do-mundo-brilham-mais-que-na-terra\/\",\"name\":\"Auroras de J\u00fapiter vistas no maior telesc\u00f3pio do mundo brilham mais que na Terra - Jornal Fatos e Not\u00edcias\",\"isPartOf\":{\"@id\":\"https:\/\/jornalfatosenoticias.com.br\/#website\"},\"primaryImageOfPage\":{\"@id\":\"https:\/\/jornalfatosenoticias.com.br\/index.php\/2025\/05\/14\/auroras-de-jupiter-vistas-no-maior-telescopio-do-mundo-brilham-mais-que-na-terra\/#primaryimage\"},\"image\":{\"@id\":\"https:\/\/jornalfatosenoticias.com.br\/index.php\/2025\/05\/14\/auroras-de-jupiter-vistas-no-maior-telescopio-do-mundo-brilham-mais-que-na-terra\/#primaryimage\"},\"thumbnailUrl\":\"https:\/\/jornalfatosenoticias.com.br\/wp-content\/uploads\/2025\/05\/Auroras-de-Jupiter.png\",\"datePublished\":\"2025-05-14T12:42:49+00:00\",\"dateModified\":\"2025-05-14T12:42:50+00:00\",\"breadcrumb\":{\"@id\":\"https:\/\/jornalfatosenoticias.com.br\/index.php\/2025\/05\/14\/auroras-de-jupiter-vistas-no-maior-telescopio-do-mundo-brilham-mais-que-na-terra\/#breadcrumb\"},\"inLanguage\":\"pt-BR\",\"potentialAction\":[{\"@type\":\"ReadAction\",\"target\":[\"https:\/\/jornalfatosenoticias.com.br\/index.php\/2025\/05\/14\/auroras-de-jupiter-vistas-no-maior-telescopio-do-mundo-brilham-mais-que-na-terra\/\"]}]},{\"@type\":\"ImageObject\",\"inLanguage\":\"pt-BR\",\"@id\":\"https:\/\/jornalfatosenoticias.com.br\/index.php\/2025\/05\/14\/auroras-de-jupiter-vistas-no-maior-telescopio-do-mundo-brilham-mais-que-na-terra\/#primaryimage\",\"url\":\"https:\/\/jornalfatosenoticias.com.br\/wp-content\/uploads\/2025\/05\/Auroras-de-Jupiter.png\",\"contentUrl\":\"https:\/\/jornalfatosenoticias.com.br\/wp-content\/uploads\/2025\/05\/Auroras-de-Jupiter.png\",\"width\":640,\"height\":360},{\"@type\":\"BreadcrumbList\",\"@id\":\"https:\/\/jornalfatosenoticias.com.br\/index.php\/2025\/05\/14\/auroras-de-jupiter-vistas-no-maior-telescopio-do-mundo-brilham-mais-que-na-terra\/#breadcrumb\",\"itemListElement\":[{\"@type\":\"ListItem\",\"position\":1,\"name\":\"In\u00edcio\",\"item\":\"https:\/\/jornalfatosenoticias.com.br\/\"},{\"@type\":\"ListItem\",\"position\":2,\"name\":\"Auroras de J\u00fapiter vistas no maior telesc\u00f3pio do mundo brilham mais que na Terra\"}]},{\"@type\":\"WebSite\",\"@id\":\"https:\/\/jornalfatosenoticias.com.br\/#website\",\"url\":\"https:\/\/jornalfatosenoticias.com.br\/\",\"name\":\"Jornal Fatos e Not\u00edcias\",\"description\":\"Not\u00edcias em geral\",\"publisher\":{\"@id\":\"https:\/\/jornalfatosenoticias.com.br\/#organization\"},\"potentialAction\":[{\"@type\":\"SearchAction\",\"target\":{\"@type\":\"EntryPoint\",\"urlTemplate\":\"https:\/\/jornalfatosenoticias.com.br\/?s={search_term_string}\"},\"query-input\":{\"@type\":\"PropertyValueSpecification\",\"valueRequired\":true,\"valueName\":\"search_term_string\"}}],\"inLanguage\":\"pt-BR\"},{\"@type\":\"Organization\",\"@id\":\"https:\/\/jornalfatosenoticias.com.br\/#organization\",\"name\":\"Jornal Fatos e Not\u00edcias\",\"url\":\"https:\/\/jornalfatosenoticias.com.br\/\",\"logo\":{\"@type\":\"ImageObject\",\"inLanguage\":\"pt-BR\",\"@id\":\"https:\/\/jornalfatosenoticias.com.br\/#\/schema\/logo\/image\/\",\"url\":\"https:\/\/jornalfatosenoticias.com.br\/wp-content\/uploads\/2020\/02\/logo120.png\",\"contentUrl\":\"https:\/\/jornalfatosenoticias.com.br\/wp-content\/uploads\/2020\/02\/logo120.png\",\"width\":1227,\"height\":120,\"caption\":\"Jornal Fatos e Not\u00edcias\"},\"image\":{\"@id\":\"https:\/\/jornalfatosenoticias.com.br\/#\/schema\/logo\/image\/\"}},{\"@type\":\"Person\",\"@id\":\"https:\/\/jornalfatosenoticias.com.br\/#\/schema\/person\/d63837fa13ac8666eb9e74e0985d6f81\",\"name\":\"Luzimara Fernandes\",\"image\":{\"@type\":\"ImageObject\",\"inLanguage\":\"pt-BR\",\"@id\":\"https:\/\/jornalfatosenoticias.com.br\/#\/schema\/person\/image\/\",\"url\":\"https:\/\/jornalfatosenoticias.com.br\/wp-content\/uploads\/2025\/05\/EU_portal.jpg\",\"contentUrl\":\"https:\/\/jornalfatosenoticias.com.br\/wp-content\/uploads\/2025\/05\/EU_portal.jpg\",\"caption\":\"Luzimara Fernandes\"},\"description\":\"Jornalista MTB 2358-ES\",\"sameAs\":[\"https:\/\/jornalfatosenoticias.com.br\"],\"url\":\"https:\/\/jornalfatosenoticias.com.br\/index.php\/author\/luzimara\/\"}]}<\/script>\n<!-- \/ Yoast SEO plugin. -->","yoast_head_json":{"title":"Auroras de J\u00fapiter vistas no maior telesc\u00f3pio do mundo brilham mais que na Terra - Jornal Fatos e Not\u00edcias","robots":{"index":"index","follow":"follow","max-snippet":"max-snippet:-1","max-image-preview":"max-image-preview:large","max-video-preview":"max-video-preview:-1"},"canonical":"https:\/\/jornalfatosenoticias.com.br\/index.php\/2025\/05\/14\/auroras-de-jupiter-vistas-no-maior-telescopio-do-mundo-brilham-mais-que-na-terra\/","og_locale":"pt_BR","og_type":"article","og_title":"Auroras de J\u00fapiter vistas no maior telesc\u00f3pio do mundo brilham mais que na Terra - Jornal Fatos e Not\u00edcias","og_description":"Por Danielle Cassita O\u00a0telesc\u00f3pio espacial James Webb revelou novos detalhes das auroras boreais em J\u00fapiter, o maior planeta do Sistema Solar. A grande sensibilidade do telesc\u00f3pio ajudou astr\u00f4nomos liderados por Jonathan Nichols, da Universidade de Leicester, a estudar o fen\u00f4meno, compreendendo melhor as caracter\u00edsticas da magnetosfera que cerca o gigante gasoso.As auroras boreais\u00a0ocorrem quando\u00a0part\u00edculas energ\u00e9ticas\u00a0entram [&hellip;]","og_url":"https:\/\/jornalfatosenoticias.com.br\/index.php\/2025\/05\/14\/auroras-de-jupiter-vistas-no-maior-telescopio-do-mundo-brilham-mais-que-na-terra\/","og_site_name":"Jornal Fatos e Not\u00edcias","article_published_time":"2025-05-14T12:42:49+00:00","article_modified_time":"2025-05-14T12:42:50+00:00","og_image":[{"width":640,"height":360,"url":"https:\/\/jornalfatosenoticias.com.br\/wp-content\/uploads\/2025\/05\/Auroras-de-Jupiter.png","type":"image\/png"}],"author":"Luzimara Fernandes","twitter_card":"summary_large_image","twitter_misc":{"Escrito por":"Luzimara Fernandes","Est. tempo de leitura":"2 minutos"},"schema":{"@context":"https:\/\/schema.org","@graph":[{"@type":"Article","@id":"https:\/\/jornalfatosenoticias.com.br\/index.php\/2025\/05\/14\/auroras-de-jupiter-vistas-no-maior-telescopio-do-mundo-brilham-mais-que-na-terra\/#article","isPartOf":{"@id":"https:\/\/jornalfatosenoticias.com.br\/index.php\/2025\/05\/14\/auroras-de-jupiter-vistas-no-maior-telescopio-do-mundo-brilham-mais-que-na-terra\/"},"author":{"name":"Luzimara Fernandes","@id":"https:\/\/jornalfatosenoticias.com.br\/#\/schema\/person\/d63837fa13ac8666eb9e74e0985d6f81"},"headline":"Auroras de J\u00fapiter vistas no maior telesc\u00f3pio do mundo brilham mais que na Terra","datePublished":"2025-05-14T12:42:49+00:00","dateModified":"2025-05-14T12:42:50+00:00","mainEntityOfPage":{"@id":"https:\/\/jornalfatosenoticias.com.br\/index.php\/2025\/05\/14\/auroras-de-jupiter-vistas-no-maior-telescopio-do-mundo-brilham-mais-que-na-terra\/"},"wordCount":392,"commentCount":0,"publisher":{"@id":"https:\/\/jornalfatosenoticias.com.br\/#organization"},"image":{"@id":"https:\/\/jornalfatosenoticias.com.br\/index.php\/2025\/05\/14\/auroras-de-jupiter-vistas-no-maior-telescopio-do-mundo-brilham-mais-que-na-terra\/#primaryimage"},"thumbnailUrl":"https:\/\/jornalfatosenoticias.com.br\/wp-content\/uploads\/2025\/05\/Auroras-de-Jupiter.png","keywords":["astr\u00f4nomos","auroras boreais","James Webb","J\u00fapiter","planetas","sistema solar","Telesc\u00f3pio Espacial James Webb"],"articleSection":["Ci\u00eancia"],"inLanguage":"pt-BR","potentialAction":[{"@type":"CommentAction","name":"Comment","target":["https:\/\/jornalfatosenoticias.com.br\/index.php\/2025\/05\/14\/auroras-de-jupiter-vistas-no-maior-telescopio-do-mundo-brilham-mais-que-na-terra\/#respond"]}]},{"@type":"WebPage","@id":"https:\/\/jornalfatosenoticias.com.br\/index.php\/2025\/05\/14\/auroras-de-jupiter-vistas-no-maior-telescopio-do-mundo-brilham-mais-que-na-terra\/","url":"https:\/\/jornalfatosenoticias.com.br\/index.php\/2025\/05\/14\/auroras-de-jupiter-vistas-no-maior-telescopio-do-mundo-brilham-mais-que-na-terra\/","name":"Auroras de J\u00fapiter vistas no maior telesc\u00f3pio do mundo brilham mais que na Terra - Jornal Fatos e Not\u00edcias","isPartOf":{"@id":"https:\/\/jornalfatosenoticias.com.br\/#website"},"primaryImageOfPage":{"@id":"https:\/\/jornalfatosenoticias.com.br\/index.php\/2025\/05\/14\/auroras-de-jupiter-vistas-no-maior-telescopio-do-mundo-brilham-mais-que-na-terra\/#primaryimage"},"image":{"@id":"https:\/\/jornalfatosenoticias.com.br\/index.php\/2025\/05\/14\/auroras-de-jupiter-vistas-no-maior-telescopio-do-mundo-brilham-mais-que-na-terra\/#primaryimage"},"thumbnailUrl":"https:\/\/jornalfatosenoticias.com.br\/wp-content\/uploads\/2025\/05\/Auroras-de-Jupiter.png","datePublished":"2025-05-14T12:42:49+00:00","dateModified":"2025-05-14T12:42:50+00:00","breadcrumb":{"@id":"https:\/\/jornalfatosenoticias.com.br\/index.php\/2025\/05\/14\/auroras-de-jupiter-vistas-no-maior-telescopio-do-mundo-brilham-mais-que-na-terra\/#breadcrumb"},"inLanguage":"pt-BR","potentialAction":[{"@type":"ReadAction","target":["https:\/\/jornalfatosenoticias.com.br\/index.php\/2025\/05\/14\/auroras-de-jupiter-vistas-no-maior-telescopio-do-mundo-brilham-mais-que-na-terra\/"]}]},{"@type":"ImageObject","inLanguage":"pt-BR","@id":"https:\/\/jornalfatosenoticias.com.br\/index.php\/2025\/05\/14\/auroras-de-jupiter-vistas-no-maior-telescopio-do-mundo-brilham-mais-que-na-terra\/#primaryimage","url":"https:\/\/jornalfatosenoticias.com.br\/wp-content\/uploads\/2025\/05\/Auroras-de-Jupiter.png","contentUrl":"https:\/\/jornalfatosenoticias.com.br\/wp-content\/uploads\/2025\/05\/Auroras-de-Jupiter.png","width":640,"height":360},{"@type":"BreadcrumbList","@id":"https:\/\/jornalfatosenoticias.com.br\/index.php\/2025\/05\/14\/auroras-de-jupiter-vistas-no-maior-telescopio-do-mundo-brilham-mais-que-na-terra\/#breadcrumb","itemListElement":[{"@type":"ListItem","position":1,"name":"In\u00edcio","item":"https:\/\/jornalfatosenoticias.com.br\/"},{"@type":"ListItem","position":2,"name":"Auroras de J\u00fapiter vistas no maior telesc\u00f3pio do mundo brilham mais que na Terra"}]},{"@type":"WebSite","@id":"https:\/\/jornalfatosenoticias.com.br\/#website","url":"https:\/\/jornalfatosenoticias.com.br\/","name":"Jornal Fatos e Not\u00edcias","description":"Not\u00edcias em geral","publisher":{"@id":"https:\/\/jornalfatosenoticias.com.br\/#organization"},"potentialAction":[{"@type":"SearchAction","target":{"@type":"EntryPoint","urlTemplate":"https:\/\/jornalfatosenoticias.com.br\/?s={search_term_string}"},"query-input":{"@type":"PropertyValueSpecification","valueRequired":true,"valueName":"search_term_string"}}],"inLanguage":"pt-BR"},{"@type":"Organization","@id":"https:\/\/jornalfatosenoticias.com.br\/#organization","name":"Jornal Fatos e Not\u00edcias","url":"https:\/\/jornalfatosenoticias.com.br\/","logo":{"@type":"ImageObject","inLanguage":"pt-BR","@id":"https:\/\/jornalfatosenoticias.com.br\/#\/schema\/logo\/image\/","url":"https:\/\/jornalfatosenoticias.com.br\/wp-content\/uploads\/2020\/02\/logo120.png","contentUrl":"https:\/\/jornalfatosenoticias.com.br\/wp-content\/uploads\/2020\/02\/logo120.png","width":1227,"height":120,"caption":"Jornal Fatos e Not\u00edcias"},"image":{"@id":"https:\/\/jornalfatosenoticias.com.br\/#\/schema\/logo\/image\/"}},{"@type":"Person","@id":"https:\/\/jornalfatosenoticias.com.br\/#\/schema\/person\/d63837fa13ac8666eb9e74e0985d6f81","name":"Luzimara Fernandes","image":{"@type":"ImageObject","inLanguage":"pt-BR","@id":"https:\/\/jornalfatosenoticias.com.br\/#\/schema\/person\/image\/","url":"https:\/\/jornalfatosenoticias.com.br\/wp-content\/uploads\/2025\/05\/EU_portal.jpg","contentUrl":"https:\/\/jornalfatosenoticias.com.br\/wp-content\/uploads\/2025\/05\/EU_portal.jpg","caption":"Luzimara Fernandes"},"description":"Jornalista MTB 2358-ES","sameAs":["https:\/\/jornalfatosenoticias.com.br"],"url":"https:\/\/jornalfatosenoticias.com.br\/index.php\/author\/luzimara\/"}]}},"cc_featured_image_caption":{"caption_text":"(Foto: ESA\/Webb\/Nasa\/CSA\/J. Nichols)","source_text":"","source_url":""},"jetpack_featured_media_url":"https:\/\/jornalfatosenoticias.com.br\/wp-content\/uploads\/2025\/05\/Auroras-de-Jupiter.png","_links":{"self":[{"href":"https:\/\/jornalfatosenoticias.com.br\/index.php\/wp-json\/wp\/v2\/posts\/59189","targetHints":{"allow":["GET"]}}],"collection":[{"href":"https:\/\/jornalfatosenoticias.com.br\/index.php\/wp-json\/wp\/v2\/posts"}],"about":[{"href":"https:\/\/jornalfatosenoticias.com.br\/index.php\/wp-json\/wp\/v2\/types\/post"}],"author":[{"embeddable":true,"href":"https:\/\/jornalfatosenoticias.com.br\/index.php\/wp-json\/wp\/v2\/users\/2"}],"replies":[{"embeddable":true,"href":"https:\/\/jornalfatosenoticias.com.br\/index.php\/wp-json\/wp\/v2\/comments?post=59189"}],"version-history":[{"count":0,"href":"https:\/\/jornalfatosenoticias.com.br\/index.php\/wp-json\/wp\/v2\/posts\/59189\/revisions"}],"wp:featuredmedia":[{"embeddable":true,"href":"https:\/\/jornalfatosenoticias.com.br\/index.php\/wp-json\/wp\/v2\/media\/59191"}],"wp:attachment":[{"href":"https:\/\/jornalfatosenoticias.com.br\/index.php\/wp-json\/wp\/v2\/media?parent=59189"}],"wp:term":[{"taxonomy":"category","embeddable":true,"href":"https:\/\/jornalfatosenoticias.com.br\/index.php\/wp-json\/wp\/v2\/categories?post=59189"},{"taxonomy":"post_tag","embeddable":true,"href":"https:\/\/jornalfatosenoticias.com.br\/index.php\/wp-json\/wp\/v2\/tags?post=59189"}],"curies":[{"name":"wp","href":"https:\/\/api.w.org\/{rel}","templated":true}]}}