{"id":59210,"date":"2025-05-14T11:38:38","date_gmt":"2025-05-14T14:38:38","guid":{"rendered":"https:\/\/jornalfatosenoticias.com.br\/?p=59210"},"modified":"2025-05-14T21:20:53","modified_gmt":"2025-05-15T00:20:53","slug":"exposicao-filatelica-a-historia-postal-do-brasil-chega-a-vitoria-com-patrocinio-da-lei-rubem-braga","status":"publish","type":"post","link":"https:\/\/jornalfatosenoticias.com.br\/index.php\/2025\/05\/14\/exposicao-filatelica-a-historia-postal-do-brasil-chega-a-vitoria-com-patrocinio-da-lei-rubem-braga\/","title":{"rendered":"Exposi\u00e7\u00e3o filat\u00e9lica \u2018A Hist\u00f3ria Postal do Brasil\u2019 chega a Vit\u00f3ria com patroc\u00ednio da Lei Rubem Braga"},"content":{"rendered":"\n<p><span class=\"has-inline-color has-black-color\">Por <strong>Pedro Vargas<\/strong><\/span><\/p>\n\n\n\n<div class=\"wp-block-image\"><figure class=\"aligncenter size-large\"><a href=\"https:\/\/www.controlsystems.com.br\/\"><img loading=\"lazy\" decoding=\"async\" width=\"1024\" height=\"109\" src=\"https:\/\/jornalfatosenoticias.com.br\/wp-content\/uploads\/2020\/02\/CONTROL-CS2-1024x109.jpg\" alt=\"\" class=\"wp-image-44989\" srcset=\"https:\/\/jornalfatosenoticias.com.br\/wp-content\/uploads\/2020\/02\/CONTROL-CS2-1024x109.jpg 1024w, https:\/\/jornalfatosenoticias.com.br\/wp-content\/uploads\/2020\/02\/CONTROL-CS2-300x32.jpg 300w, https:\/\/jornalfatosenoticias.com.br\/wp-content\/uploads\/2020\/02\/CONTROL-CS2-768x82.jpg 768w, https:\/\/jornalfatosenoticias.com.br\/wp-content\/uploads\/2020\/02\/CONTROL-CS2.jpg 1120w\" sizes=\"auto, (max-width: 1024px) 100vw, 1024px\" \/><\/a><\/figure><\/div>\n\n\n\n<p>A hist\u00f3ria do Brasil contada por meio de pequenos fragmentos de papel. A filatelia, mais do que um hobby, \u00e9 uma verdadeira janela para o passado e, em sua ess\u00eancia, carrega peda\u00e7os da hist\u00f3ria, cultura, arte e geografia. E \u00e9 exatamente isso que a exposi\u00e7\u00e3o &#8220;A hist\u00f3ria postal do Brasil&#8221; ir\u00e1 proporcionar aos visitantes: uma viagem no tempo por meio dos selos e das pe\u00e7as filat\u00e9licas que marcaram momentos importantes da nossa trajet\u00f3ria.<br>Desde a \u00faltima segunda-feira (12) at\u00e9 o dia 18 de junho de 2025, a Biblioteca P\u00fablica Municipal Adelpho Poli Monjardim, na Cidade Alta, abre suas portas para a primeira parte dessa exposi\u00e7\u00e3o, que, depois, seguir\u00e1 para a Casa Porto das Artes Pl\u00e1sticas, tamb\u00e9m no Centro Hist\u00f3rico, onde fica entre os dias 23 de junho e 26 de julho de 2025. Com entrada gratuita, a exposi\u00e7\u00e3o estar\u00e1 aberta todos os dias, das 9 \u00e0s 17 horas, para quem deseja mergulhar nesse universo fascinante que mistura hist\u00f3ria, arte e cole\u00e7\u00e3o.<\/p>\n\n\n\n<div class=\"wp-block-image\"><figure class=\"aligncenter size-large\"><a href=\"http:\/\/www.ferrarimaquinas.com.br\/\"><img loading=\"lazy\" decoding=\"async\" width=\"300\" height=\"250\" src=\"https:\/\/jornalfatosenoticias.com.br\/wp-content\/uploads\/2022\/02\/FERRARI_MAQUINAS-E-FERRAMENTAS2.jpg\" alt=\"\" class=\"wp-image-27860\"\/><\/a><\/figure><\/div>\n\n\n\n<p>A exposi\u00e7\u00e3o, que conta com o patroc\u00ednio do Projeto Cultural Rubem Braga, tem o objetivo de aproximar os jovens da riqueza e complexidade dessa arte. Ao longo do percurso, ser\u00e1 poss\u00edvel ver de perto os primeiros selos postais do Brasil, como os &#8220;olhos de boi&#8221;, de 1843, e conhecer as ferramentas utilizadas pelos filatelistas, como lupas, pin\u00e7as, guilhotinas e at\u00e9 odont\u00f4metros (instrumentos utilizados para medir a dentea\u00e7\u00e3o dos selos). Tamb\u00e9m haver\u00e1 mostru\u00e1rios com itens que detalham a pr\u00e1tica de colecionar e pesquisar selos.<\/p>\n\n\n\n<div class=\"wp-block-image\"><figure class=\"aligncenter size-large is-resized\"><a href=\"https:\/\/www.facebook.com\/profile.php?id=100069289606145\"><img loading=\"lazy\" decoding=\"async\" src=\"https:\/\/jornalfatosenoticias.com.br\/wp-content\/uploads\/2024\/11\/Guaitolini-Contabilidade-1024x714.jpeg\" alt=\"\" class=\"wp-image-55808\" width=\"347\" height=\"242\" srcset=\"https:\/\/jornalfatosenoticias.com.br\/wp-content\/uploads\/2024\/11\/Guaitolini-Contabilidade-1024x714.jpeg 1024w, https:\/\/jornalfatosenoticias.com.br\/wp-content\/uploads\/2024\/11\/Guaitolini-Contabilidade-300x209.jpeg 300w, https:\/\/jornalfatosenoticias.com.br\/wp-content\/uploads\/2024\/11\/Guaitolini-Contabilidade-768x535.jpeg 768w, https:\/\/jornalfatosenoticias.com.br\/wp-content\/uploads\/2024\/11\/Guaitolini-Contabilidade.jpeg 1280w\" sizes=\"auto, (max-width: 347px) 100vw, 347px\" \/><\/a><\/figure><\/div>\n\n\n\n<p>Para tornar a experi\u00eancia ainda mais inclusiva, o evento oferecer\u00e1 materiais impressos em Braile e uma sele\u00e7\u00e3o de selos com inscri\u00e7\u00f5es tamb\u00e9m em Braile, o primeiro emitido no mundo, em 1974. A ideia \u00e9 que todos possam vivenciar a hist\u00f3ria por meio de todos os sentidos, refor\u00e7ando a import\u00e2ncia do selo, n\u00e3o s\u00f3 como um objeto colecion\u00e1vel, mas como um meio de comunica\u00e7\u00e3o e educa\u00e7\u00e3o.<br>Ao final da exposi\u00e7\u00e3o, um livro memorial ser\u00e1 produzido, com fotos, depoimentos e hist\u00f3rias sobre as pe\u00e7as expostas, e c\u00f3pias desse material ser\u00e3o distribu\u00eddas para ambos os locais da exposi\u00e7\u00e3o. Um presente para todos aqueles que se encantarem com a arte de colecionar e estudar selos.<\/p>\n\n\n\n<div class=\"wp-block-image\"><figure class=\"aligncenter size-large\"><img loading=\"lazy\" decoding=\"async\" width=\"700\" height=\"993\" src=\"https:\/\/jornalfatosenoticias.com.br\/wp-content\/uploads\/2025\/05\/Exposicao-filatelica1_PMV.jpg\" alt=\"\" class=\"wp-image-59211\" srcset=\"https:\/\/jornalfatosenoticias.com.br\/wp-content\/uploads\/2025\/05\/Exposicao-filatelica1_PMV.jpg 700w, https:\/\/jornalfatosenoticias.com.br\/wp-content\/uploads\/2025\/05\/Exposicao-filatelica1_PMV-211x300.jpg 211w\" sizes=\"auto, (max-width: 700px) 100vw, 700px\" \/><figcaption><em><span class=\"has-inline-color has-black-color\">Exposi\u00e7\u00e3o Hist\u00f3ria Postal do Brasil (Foto: PMV\/Divulga\u00e7\u00e3o)<\/span><\/em><\/figcaption><\/figure><\/div>\n\n\n\n<p><strong><span class=\"has-inline-color has-vivid-purple-color\">Presente<\/span><\/strong><br>Kits com itens diversos sobre essa arte de colecionar selos tamb\u00e9m ser\u00e3o doados a visitantes da exposi\u00e7\u00e3o que quiserem levar um peda\u00e7o dessa hist\u00f3ria para casa. &#8220;Os selos s\u00e3o de grande import\u00e2ncia para uma na\u00e7\u00e3o, pois retratam parte da hist\u00f3ria do pa\u00eds, os principais fatos acontecidos; campanhas sociais, art\u00edsticas e culturais; tipos de profiss\u00f5es; esp\u00e9cies da flora e fauna existentes e seus espa\u00e7os geogr\u00e1ficos; homenageiam artistas e personalidades pol\u00edticas, sociais\u2026 \u00c9 muita cultura e conhecimento que queremos levar aos jovens e visitantes com essa exposi\u00e7\u00e3o&#8221;, afirmou o respons\u00e1vel pela curadoria da exposi\u00e7\u00e3o e apaixonado colecionador de selos, Nilo S\u00e9rgio Ferreira Bastos.<\/p>\n\n\n\n<div class=\"wp-block-image\"><figure class=\"aligncenter size-large\"><img loading=\"lazy\" decoding=\"async\" width=\"700\" height=\"447\" src=\"https:\/\/jornalfatosenoticias.com.br\/wp-content\/uploads\/2025\/05\/Exposicao-filatelica4_PMV.jpg\" alt=\"\" class=\"wp-image-59212\" srcset=\"https:\/\/jornalfatosenoticias.com.br\/wp-content\/uploads\/2025\/05\/Exposicao-filatelica4_PMV.jpg 700w, https:\/\/jornalfatosenoticias.com.br\/wp-content\/uploads\/2025\/05\/Exposicao-filatelica4_PMV-300x192.jpg 300w\" sizes=\"auto, (max-width: 700px) 100vw, 700px\" \/><figcaption><em><span class=\"has-inline-color has-black-color\">Exposi\u00e7\u00e3o Hist\u00f3ria Postal do Brasil (Foto: PMV\/Divulga\u00e7\u00e3o)<\/span><\/em><\/figcaption><\/figure><\/div>\n\n\n\n<p>Junto com o multicolecionador, nessas atividades de exposi\u00e7\u00e3o, montagem e atendimento est\u00e3o seus amigos e tamb\u00e9m filatelistas Marcos Bubach e Marcos Anselmo. &#8220;A exposi\u00e7\u00e3o, in\u00e9dita em Vit\u00f3ria, \u00e9 mais do que uma chance de ver peda\u00e7os de hist\u00f3ria. \u00c9 uma oportunidade de refletir sobre o papel dos servi\u00e7os postais, que por muito tempo foram essenciais para a comunica\u00e7\u00e3o no mundo, e de como os selos foram, e ainda s\u00e3o, instrumentos poderosos para perpetuar conhecimentos e mem\u00f3rias&#8221;, declarou o secret\u00e1rio municipal de Cultura, Edu Henning.<\/p>\n\n\n\n<div class=\"wp-block-image\"><figure class=\"aligncenter size-large is-resized\"><a href=\"https:\/\/www.facebook.com\/postobkr\/?locale=pt_BR\"><img loading=\"lazy\" decoding=\"async\" src=\"https:\/\/jornalfatosenoticias.com.br\/wp-content\/uploads\/2023\/08\/BKR-1024x1021.jpg\" alt=\"\" class=\"wp-image-44494\" width=\"270\" height=\"269\" srcset=\"https:\/\/jornalfatosenoticias.com.br\/wp-content\/uploads\/2023\/08\/BKR-1024x1021.jpg 1024w, https:\/\/jornalfatosenoticias.com.br\/wp-content\/uploads\/2023\/08\/BKR-300x300.jpg 300w, https:\/\/jornalfatosenoticias.com.br\/wp-content\/uploads\/2023\/08\/BKR-150x150.jpg 150w, https:\/\/jornalfatosenoticias.com.br\/wp-content\/uploads\/2023\/08\/BKR-768x766.jpg 768w, https:\/\/jornalfatosenoticias.com.br\/wp-content\/uploads\/2023\/08\/BKR.jpg 1080w\" sizes=\"auto, (max-width: 270px) 100vw, 270px\" \/><\/a><\/figure><\/div>\n\n\n\n<p>&#8220;Filatelia \u00e9 mais que um hobby, trata-se de uma ci\u00eancia, uma arte, um estudo t\u00e9cnico e minucioso do fragmento postal impresso, o ato de os acomodar em boas condi\u00e7\u00f5es (colecionar) e a utiliza\u00e7\u00e3o da ferramenta\/utens\u00edlio adequado para cada atividade desse exerc\u00edcio terap\u00eautico, inclusivo, educativo e divertido que engloba todas as artes e envolve diversas gera\u00e7\u00f5es. Al\u00e9m do mais, a pr\u00e1tica da filatelia exercita a organiza\u00e7\u00e3o, a paci\u00eancia, a comunica\u00e7\u00e3o, a administra\u00e7\u00e3o, o network e valoriza e preserva a hist\u00f3ria&#8221;, finalizou Nilo.<\/p>\n\n\n\n<div class=\"wp-block-image\"><figure class=\"aligncenter size-large\"><img loading=\"lazy\" decoding=\"async\" width=\"642\" height=\"990\" src=\"https:\/\/jornalfatosenoticias.com.br\/wp-content\/uploads\/2025\/05\/Exposicao-filatelica2_PMV.jpg\" alt=\"\" class=\"wp-image-59213\" srcset=\"https:\/\/jornalfatosenoticias.com.br\/wp-content\/uploads\/2025\/05\/Exposicao-filatelica2_PMV.jpg 642w, https:\/\/jornalfatosenoticias.com.br\/wp-content\/uploads\/2025\/05\/Exposicao-filatelica2_PMV-195x300.jpg 195w\" sizes=\"auto, (max-width: 642px) 100vw, 642px\" \/><figcaption><em><span class=\"has-inline-color has-black-color\">Exposi\u00e7\u00e3o Hist\u00f3ria Postal do Brasil (Foto: PMV\/Divulga\u00e7\u00e3o)<\/span><\/em><\/figcaption><\/figure><\/div>\n\n\n\n<p><strong><span style=\"text-decoration: underline;\"><span class=\"has-inline-color has-black-color\">Servi\u00e7o<\/span><\/span><\/strong><br><em><span class=\"has-inline-color has-black-color\">Exposi\u00e7\u00e3o &#8220;A hist\u00f3ria postal do Brasil&#8221;<br><\/span><\/em><strong>Quando:<\/strong> 12 de maio a 18 de junho na Biblioteca Municipal Adelpho Poli Monjardim e de 23 de junho a 26 de julho na Casa Porto das Artes Pl\u00e1sticas.<br><strong>Onde fica:<\/strong> Biblioteca Municipal Adelpho Poli Monjardim \u2014 Casar\u00e3o Cerqueira Lima \u2014 Rua S\u00e3o Gon\u00e7alo, 23, Cidade Alta, Centro Hist\u00f3rico de Vit\u00f3ria.<br>Casa Porto das Artes Pl\u00e1sticas \u2014 Pra\u00e7a Manoel Silvino Monjardim, 66, Centro Hist\u00f3rico de Vit\u00f3ria<br><strong>Funcionamento: <\/strong>de segunda a sexta-feira, das 9 \u00e0s 17 horas (em ambos os locais)<br><strong>Entrada:<\/strong> gratuita<br><em>Classifica\u00e7\u00e3o indicativa livre<\/em><\/p>\n\n\n\n<div class=\"wp-block-image\"><figure class=\"aligncenter size-large is-resized\"><a href=\"https:\/\/www.instagram.com\/serra4x4cambioautomatico\/\"><img loading=\"lazy\" decoding=\"async\" src=\"https:\/\/jornalfatosenoticias.com.br\/wp-content\/uploads\/2024\/08\/Serra-4x4-1-886x1024.jpg\" alt=\"\" class=\"wp-image-53632\" width=\"249\" height=\"287\" srcset=\"https:\/\/jornalfatosenoticias.com.br\/wp-content\/uploads\/2024\/08\/Serra-4x4-1-886x1024.jpg 886w, https:\/\/jornalfatosenoticias.com.br\/wp-content\/uploads\/2024\/08\/Serra-4x4-1-260x300.jpg 260w, https:\/\/jornalfatosenoticias.com.br\/wp-content\/uploads\/2024\/08\/Serra-4x4-1-768x888.jpg 768w, https:\/\/jornalfatosenoticias.com.br\/wp-content\/uploads\/2024\/08\/Serra-4x4-1.jpg 1181w\" sizes=\"auto, (max-width: 249px) 100vw, 249px\" \/><\/a><\/figure><\/div>\n\n\n\n<p><strong>Fonte: <a href=\"https:\/\/www.vitoria.es.gov.br\/noticia\/exposicao-filatelica-a-historia-postal-do-brasil-chega-a-vitoria-com-patrocinio-da-lei-rubem-braga-53309\">PMV<\/a><\/strong><\/p>\n","protected":false},"excerpt":{"rendered":"<p>Por Pedro Vargas A hist\u00f3ria do Brasil contada por meio de pequenos fragmentos de papel. A filatelia, mais do que um hobby, \u00e9 uma verdadeira janela para o passado e, em sua ess\u00eancia, carrega peda\u00e7os da hist\u00f3ria, cultura, arte e geografia. E \u00e9 exatamente isso que a exposi\u00e7\u00e3o &#8220;A hist\u00f3ria postal do Brasil&#8221; ir\u00e1 proporcionar [&hellip;]<\/p>\n","protected":false},"author":2,"featured_media":59214,"comment_status":"open","ping_status":"open","sticky":false,"template":"","format":"standard","meta":{"footnotes":""},"categories":[4],"tags":[27039,27036,27035,499,27037,27038,7972,3759,882],"class_list":["post-59210","post","type-post","status-publish","format-standard","has-post-thumbnail","hentry","category-cultura","tag-a-historia-postal-do-brasil","tag-arte-de-colecionar","tag-colecionadores","tag-exposicao","tag-filatelia","tag-hobby","tag-lei-rubem-braga","tag-selos","tag-vitoria"],"yoast_head":"<!-- This site is optimized with the Yoast SEO plugin v26.5 - https:\/\/yoast.com\/wordpress\/plugins\/seo\/ -->\n<title>Exposi\u00e7\u00e3o filat\u00e9lica \u2018A Hist\u00f3ria Postal do Brasil\u2019 chega a Vit\u00f3ria com patroc\u00ednio da Lei Rubem Braga - Jornal Fatos e Not\u00edcias<\/title>\n<meta name=\"robots\" content=\"index, follow, max-snippet:-1, max-image-preview:large, max-video-preview:-1\" \/>\n<link rel=\"canonical\" href=\"https:\/\/jornalfatosenoticias.com.br\/index.php\/2025\/05\/14\/exposicao-filatelica-a-historia-postal-do-brasil-chega-a-vitoria-com-patrocinio-da-lei-rubem-braga\/\" \/>\n<meta property=\"og:locale\" content=\"pt_BR\" \/>\n<meta property=\"og:type\" content=\"article\" \/>\n<meta property=\"og:title\" content=\"Exposi\u00e7\u00e3o filat\u00e9lica \u2018A Hist\u00f3ria Postal do Brasil\u2019 chega a Vit\u00f3ria com patroc\u00ednio da Lei Rubem Braga - Jornal Fatos e Not\u00edcias\" \/>\n<meta property=\"og:description\" content=\"Por Pedro Vargas A hist\u00f3ria do Brasil contada por meio de pequenos fragmentos de papel. A filatelia, mais do que um hobby, \u00e9 uma verdadeira janela para o passado e, em sua ess\u00eancia, carrega peda\u00e7os da hist\u00f3ria, cultura, arte e geografia. E \u00e9 exatamente isso que a exposi\u00e7\u00e3o &#8220;A hist\u00f3ria postal do Brasil&#8221; ir\u00e1 proporcionar [&hellip;]\" \/>\n<meta property=\"og:url\" content=\"https:\/\/jornalfatosenoticias.com.br\/index.php\/2025\/05\/14\/exposicao-filatelica-a-historia-postal-do-brasil-chega-a-vitoria-com-patrocinio-da-lei-rubem-braga\/\" \/>\n<meta property=\"og:site_name\" content=\"Jornal Fatos e Not\u00edcias\" \/>\n<meta property=\"article:published_time\" content=\"2025-05-14T14:38:38+00:00\" \/>\n<meta property=\"article:modified_time\" content=\"2025-05-15T00:20:53+00:00\" \/>\n<meta property=\"og:image\" content=\"https:\/\/jornalfatosenoticias.com.br\/wp-content\/uploads\/2025\/05\/Exposicao-filatelica3_PMV.jpg\" \/>\n\t<meta property=\"og:image:width\" content=\"700\" \/>\n\t<meta property=\"og:image:height\" content=\"685\" \/>\n\t<meta property=\"og:image:type\" content=\"image\/jpeg\" \/>\n<meta name=\"author\" content=\"Luzimara Fernandes\" \/>\n<meta name=\"twitter:card\" content=\"summary_large_image\" \/>\n<meta name=\"twitter:label1\" content=\"Escrito por\" \/>\n\t<meta name=\"twitter:data1\" content=\"Luzimara Fernandes\" \/>\n\t<meta name=\"twitter:label2\" content=\"Est. tempo de leitura\" \/>\n\t<meta name=\"twitter:data2\" content=\"4 minutos\" \/>\n<script type=\"application\/ld+json\" class=\"yoast-schema-graph\">{\"@context\":\"https:\/\/schema.org\",\"@graph\":[{\"@type\":\"Article\",\"@id\":\"https:\/\/jornalfatosenoticias.com.br\/index.php\/2025\/05\/14\/exposicao-filatelica-a-historia-postal-do-brasil-chega-a-vitoria-com-patrocinio-da-lei-rubem-braga\/#article\",\"isPartOf\":{\"@id\":\"https:\/\/jornalfatosenoticias.com.br\/index.php\/2025\/05\/14\/exposicao-filatelica-a-historia-postal-do-brasil-chega-a-vitoria-com-patrocinio-da-lei-rubem-braga\/\"},\"author\":{\"name\":\"Luzimara Fernandes\",\"@id\":\"https:\/\/jornalfatosenoticias.com.br\/#\/schema\/person\/d63837fa13ac8666eb9e74e0985d6f81\"},\"headline\":\"Exposi\u00e7\u00e3o filat\u00e9lica \u2018A Hist\u00f3ria Postal do Brasil\u2019 chega a Vit\u00f3ria com patroc\u00ednio da Lei Rubem Braga\",\"datePublished\":\"2025-05-14T14:38:38+00:00\",\"dateModified\":\"2025-05-15T00:20:53+00:00\",\"mainEntityOfPage\":{\"@id\":\"https:\/\/jornalfatosenoticias.com.br\/index.php\/2025\/05\/14\/exposicao-filatelica-a-historia-postal-do-brasil-chega-a-vitoria-com-patrocinio-da-lei-rubem-braga\/\"},\"wordCount\":852,\"commentCount\":0,\"publisher\":{\"@id\":\"https:\/\/jornalfatosenoticias.com.br\/#organization\"},\"image\":{\"@id\":\"https:\/\/jornalfatosenoticias.com.br\/index.php\/2025\/05\/14\/exposicao-filatelica-a-historia-postal-do-brasil-chega-a-vitoria-com-patrocinio-da-lei-rubem-braga\/#primaryimage\"},\"thumbnailUrl\":\"https:\/\/jornalfatosenoticias.com.br\/wp-content\/uploads\/2025\/05\/Exposicao-filatelica3_PMV.jpg\",\"keywords\":[\"A Hist\u00f3ria Postal do Brasil\",\"arte de colecionar\",\"colecionadores\",\"exposi\u00e7\u00e3o\",\"filatelia\",\"hobby\",\"Lei Rubem Braga\",\"selos\",\"Vit\u00f3ria\"],\"articleSection\":[\"Cultura\"],\"inLanguage\":\"pt-BR\",\"potentialAction\":[{\"@type\":\"CommentAction\",\"name\":\"Comment\",\"target\":[\"https:\/\/jornalfatosenoticias.com.br\/index.php\/2025\/05\/14\/exposicao-filatelica-a-historia-postal-do-brasil-chega-a-vitoria-com-patrocinio-da-lei-rubem-braga\/#respond\"]}]},{\"@type\":\"WebPage\",\"@id\":\"https:\/\/jornalfatosenoticias.com.br\/index.php\/2025\/05\/14\/exposicao-filatelica-a-historia-postal-do-brasil-chega-a-vitoria-com-patrocinio-da-lei-rubem-braga\/\",\"url\":\"https:\/\/jornalfatosenoticias.com.br\/index.php\/2025\/05\/14\/exposicao-filatelica-a-historia-postal-do-brasil-chega-a-vitoria-com-patrocinio-da-lei-rubem-braga\/\",\"name\":\"Exposi\u00e7\u00e3o filat\u00e9lica \u2018A Hist\u00f3ria Postal do Brasil\u2019 chega a Vit\u00f3ria com patroc\u00ednio da Lei Rubem Braga - Jornal Fatos e Not\u00edcias\",\"isPartOf\":{\"@id\":\"https:\/\/jornalfatosenoticias.com.br\/#website\"},\"primaryImageOfPage\":{\"@id\":\"https:\/\/jornalfatosenoticias.com.br\/index.php\/2025\/05\/14\/exposicao-filatelica-a-historia-postal-do-brasil-chega-a-vitoria-com-patrocinio-da-lei-rubem-braga\/#primaryimage\"},\"image\":{\"@id\":\"https:\/\/jornalfatosenoticias.com.br\/index.php\/2025\/05\/14\/exposicao-filatelica-a-historia-postal-do-brasil-chega-a-vitoria-com-patrocinio-da-lei-rubem-braga\/#primaryimage\"},\"thumbnailUrl\":\"https:\/\/jornalfatosenoticias.com.br\/wp-content\/uploads\/2025\/05\/Exposicao-filatelica3_PMV.jpg\",\"datePublished\":\"2025-05-14T14:38:38+00:00\",\"dateModified\":\"2025-05-15T00:20:53+00:00\",\"breadcrumb\":{\"@id\":\"https:\/\/jornalfatosenoticias.com.br\/index.php\/2025\/05\/14\/exposicao-filatelica-a-historia-postal-do-brasil-chega-a-vitoria-com-patrocinio-da-lei-rubem-braga\/#breadcrumb\"},\"inLanguage\":\"pt-BR\",\"potentialAction\":[{\"@type\":\"ReadAction\",\"target\":[\"https:\/\/jornalfatosenoticias.com.br\/index.php\/2025\/05\/14\/exposicao-filatelica-a-historia-postal-do-brasil-chega-a-vitoria-com-patrocinio-da-lei-rubem-braga\/\"]}]},{\"@type\":\"ImageObject\",\"inLanguage\":\"pt-BR\",\"@id\":\"https:\/\/jornalfatosenoticias.com.br\/index.php\/2025\/05\/14\/exposicao-filatelica-a-historia-postal-do-brasil-chega-a-vitoria-com-patrocinio-da-lei-rubem-braga\/#primaryimage\",\"url\":\"https:\/\/jornalfatosenoticias.com.br\/wp-content\/uploads\/2025\/05\/Exposicao-filatelica3_PMV.jpg\",\"contentUrl\":\"https:\/\/jornalfatosenoticias.com.br\/wp-content\/uploads\/2025\/05\/Exposicao-filatelica3_PMV.jpg\",\"width\":700,\"height\":685,\"caption\":\"Exposi\u00e7\u00e3o Hist\u00f3ria Postal do Brasil\"},{\"@type\":\"BreadcrumbList\",\"@id\":\"https:\/\/jornalfatosenoticias.com.br\/index.php\/2025\/05\/14\/exposicao-filatelica-a-historia-postal-do-brasil-chega-a-vitoria-com-patrocinio-da-lei-rubem-braga\/#breadcrumb\",\"itemListElement\":[{\"@type\":\"ListItem\",\"position\":1,\"name\":\"In\u00edcio\",\"item\":\"https:\/\/jornalfatosenoticias.com.br\/\"},{\"@type\":\"ListItem\",\"position\":2,\"name\":\"Exposi\u00e7\u00e3o filat\u00e9lica \u2018A Hist\u00f3ria Postal do Brasil\u2019 chega a Vit\u00f3ria com patroc\u00ednio da Lei Rubem Braga\"}]},{\"@type\":\"WebSite\",\"@id\":\"https:\/\/jornalfatosenoticias.com.br\/#website\",\"url\":\"https:\/\/jornalfatosenoticias.com.br\/\",\"name\":\"Jornal Fatos e Not\u00edcias\",\"description\":\"Not\u00edcias em geral\",\"publisher\":{\"@id\":\"https:\/\/jornalfatosenoticias.com.br\/#organization\"},\"potentialAction\":[{\"@type\":\"SearchAction\",\"target\":{\"@type\":\"EntryPoint\",\"urlTemplate\":\"https:\/\/jornalfatosenoticias.com.br\/?s={search_term_string}\"},\"query-input\":{\"@type\":\"PropertyValueSpecification\",\"valueRequired\":true,\"valueName\":\"search_term_string\"}}],\"inLanguage\":\"pt-BR\"},{\"@type\":\"Organization\",\"@id\":\"https:\/\/jornalfatosenoticias.com.br\/#organization\",\"name\":\"Jornal Fatos e Not\u00edcias\",\"url\":\"https:\/\/jornalfatosenoticias.com.br\/\",\"logo\":{\"@type\":\"ImageObject\",\"inLanguage\":\"pt-BR\",\"@id\":\"https:\/\/jornalfatosenoticias.com.br\/#\/schema\/logo\/image\/\",\"url\":\"https:\/\/jornalfatosenoticias.com.br\/wp-content\/uploads\/2020\/02\/logo120.png\",\"contentUrl\":\"https:\/\/jornalfatosenoticias.com.br\/wp-content\/uploads\/2020\/02\/logo120.png\",\"width\":1227,\"height\":120,\"caption\":\"Jornal Fatos e Not\u00edcias\"},\"image\":{\"@id\":\"https:\/\/jornalfatosenoticias.com.br\/#\/schema\/logo\/image\/\"}},{\"@type\":\"Person\",\"@id\":\"https:\/\/jornalfatosenoticias.com.br\/#\/schema\/person\/d63837fa13ac8666eb9e74e0985d6f81\",\"name\":\"Luzimara Fernandes\",\"image\":{\"@type\":\"ImageObject\",\"inLanguage\":\"pt-BR\",\"@id\":\"https:\/\/jornalfatosenoticias.com.br\/#\/schema\/person\/image\/\",\"url\":\"https:\/\/jornalfatosenoticias.com.br\/wp-content\/uploads\/2025\/05\/EU_portal.jpg\",\"contentUrl\":\"https:\/\/jornalfatosenoticias.com.br\/wp-content\/uploads\/2025\/05\/EU_portal.jpg\",\"caption\":\"Luzimara Fernandes\"},\"description\":\"Jornalista MTB 2358-ES\",\"sameAs\":[\"https:\/\/jornalfatosenoticias.com.br\"],\"url\":\"https:\/\/jornalfatosenoticias.com.br\/index.php\/author\/luzimara\/\"}]}<\/script>\n<!-- \/ Yoast SEO plugin. -->","yoast_head_json":{"title":"Exposi\u00e7\u00e3o filat\u00e9lica \u2018A Hist\u00f3ria Postal do Brasil\u2019 chega a Vit\u00f3ria com patroc\u00ednio da Lei Rubem Braga - Jornal Fatos e Not\u00edcias","robots":{"index":"index","follow":"follow","max-snippet":"max-snippet:-1","max-image-preview":"max-image-preview:large","max-video-preview":"max-video-preview:-1"},"canonical":"https:\/\/jornalfatosenoticias.com.br\/index.php\/2025\/05\/14\/exposicao-filatelica-a-historia-postal-do-brasil-chega-a-vitoria-com-patrocinio-da-lei-rubem-braga\/","og_locale":"pt_BR","og_type":"article","og_title":"Exposi\u00e7\u00e3o filat\u00e9lica \u2018A Hist\u00f3ria Postal do Brasil\u2019 chega a Vit\u00f3ria com patroc\u00ednio da Lei Rubem Braga - Jornal Fatos e Not\u00edcias","og_description":"Por Pedro Vargas A hist\u00f3ria do Brasil contada por meio de pequenos fragmentos de papel. A filatelia, mais do que um hobby, \u00e9 uma verdadeira janela para o passado e, em sua ess\u00eancia, carrega peda\u00e7os da hist\u00f3ria, cultura, arte e geografia. E \u00e9 exatamente isso que a exposi\u00e7\u00e3o &#8220;A hist\u00f3ria postal do Brasil&#8221; ir\u00e1 proporcionar [&hellip;]","og_url":"https:\/\/jornalfatosenoticias.com.br\/index.php\/2025\/05\/14\/exposicao-filatelica-a-historia-postal-do-brasil-chega-a-vitoria-com-patrocinio-da-lei-rubem-braga\/","og_site_name":"Jornal Fatos e Not\u00edcias","article_published_time":"2025-05-14T14:38:38+00:00","article_modified_time":"2025-05-15T00:20:53+00:00","og_image":[{"width":700,"height":685,"url":"https:\/\/jornalfatosenoticias.com.br\/wp-content\/uploads\/2025\/05\/Exposicao-filatelica3_PMV.jpg","type":"image\/jpeg"}],"author":"Luzimara Fernandes","twitter_card":"summary_large_image","twitter_misc":{"Escrito por":"Luzimara Fernandes","Est. tempo de leitura":"4 minutos"},"schema":{"@context":"https:\/\/schema.org","@graph":[{"@type":"Article","@id":"https:\/\/jornalfatosenoticias.com.br\/index.php\/2025\/05\/14\/exposicao-filatelica-a-historia-postal-do-brasil-chega-a-vitoria-com-patrocinio-da-lei-rubem-braga\/#article","isPartOf":{"@id":"https:\/\/jornalfatosenoticias.com.br\/index.php\/2025\/05\/14\/exposicao-filatelica-a-historia-postal-do-brasil-chega-a-vitoria-com-patrocinio-da-lei-rubem-braga\/"},"author":{"name":"Luzimara Fernandes","@id":"https:\/\/jornalfatosenoticias.com.br\/#\/schema\/person\/d63837fa13ac8666eb9e74e0985d6f81"},"headline":"Exposi\u00e7\u00e3o filat\u00e9lica \u2018A Hist\u00f3ria Postal do Brasil\u2019 chega a Vit\u00f3ria com patroc\u00ednio da Lei Rubem Braga","datePublished":"2025-05-14T14:38:38+00:00","dateModified":"2025-05-15T00:20:53+00:00","mainEntityOfPage":{"@id":"https:\/\/jornalfatosenoticias.com.br\/index.php\/2025\/05\/14\/exposicao-filatelica-a-historia-postal-do-brasil-chega-a-vitoria-com-patrocinio-da-lei-rubem-braga\/"},"wordCount":852,"commentCount":0,"publisher":{"@id":"https:\/\/jornalfatosenoticias.com.br\/#organization"},"image":{"@id":"https:\/\/jornalfatosenoticias.com.br\/index.php\/2025\/05\/14\/exposicao-filatelica-a-historia-postal-do-brasil-chega-a-vitoria-com-patrocinio-da-lei-rubem-braga\/#primaryimage"},"thumbnailUrl":"https:\/\/jornalfatosenoticias.com.br\/wp-content\/uploads\/2025\/05\/Exposicao-filatelica3_PMV.jpg","keywords":["A Hist\u00f3ria Postal do Brasil","arte de colecionar","colecionadores","exposi\u00e7\u00e3o","filatelia","hobby","Lei Rubem Braga","selos","Vit\u00f3ria"],"articleSection":["Cultura"],"inLanguage":"pt-BR","potentialAction":[{"@type":"CommentAction","name":"Comment","target":["https:\/\/jornalfatosenoticias.com.br\/index.php\/2025\/05\/14\/exposicao-filatelica-a-historia-postal-do-brasil-chega-a-vitoria-com-patrocinio-da-lei-rubem-braga\/#respond"]}]},{"@type":"WebPage","@id":"https:\/\/jornalfatosenoticias.com.br\/index.php\/2025\/05\/14\/exposicao-filatelica-a-historia-postal-do-brasil-chega-a-vitoria-com-patrocinio-da-lei-rubem-braga\/","url":"https:\/\/jornalfatosenoticias.com.br\/index.php\/2025\/05\/14\/exposicao-filatelica-a-historia-postal-do-brasil-chega-a-vitoria-com-patrocinio-da-lei-rubem-braga\/","name":"Exposi\u00e7\u00e3o filat\u00e9lica \u2018A Hist\u00f3ria Postal do Brasil\u2019 chega a Vit\u00f3ria com patroc\u00ednio da Lei Rubem Braga - Jornal Fatos e Not\u00edcias","isPartOf":{"@id":"https:\/\/jornalfatosenoticias.com.br\/#website"},"primaryImageOfPage":{"@id":"https:\/\/jornalfatosenoticias.com.br\/index.php\/2025\/05\/14\/exposicao-filatelica-a-historia-postal-do-brasil-chega-a-vitoria-com-patrocinio-da-lei-rubem-braga\/#primaryimage"},"image":{"@id":"https:\/\/jornalfatosenoticias.com.br\/index.php\/2025\/05\/14\/exposicao-filatelica-a-historia-postal-do-brasil-chega-a-vitoria-com-patrocinio-da-lei-rubem-braga\/#primaryimage"},"thumbnailUrl":"https:\/\/jornalfatosenoticias.com.br\/wp-content\/uploads\/2025\/05\/Exposicao-filatelica3_PMV.jpg","datePublished":"2025-05-14T14:38:38+00:00","dateModified":"2025-05-15T00:20:53+00:00","breadcrumb":{"@id":"https:\/\/jornalfatosenoticias.com.br\/index.php\/2025\/05\/14\/exposicao-filatelica-a-historia-postal-do-brasil-chega-a-vitoria-com-patrocinio-da-lei-rubem-braga\/#breadcrumb"},"inLanguage":"pt-BR","potentialAction":[{"@type":"ReadAction","target":["https:\/\/jornalfatosenoticias.com.br\/index.php\/2025\/05\/14\/exposicao-filatelica-a-historia-postal-do-brasil-chega-a-vitoria-com-patrocinio-da-lei-rubem-braga\/"]}]},{"@type":"ImageObject","inLanguage":"pt-BR","@id":"https:\/\/jornalfatosenoticias.com.br\/index.php\/2025\/05\/14\/exposicao-filatelica-a-historia-postal-do-brasil-chega-a-vitoria-com-patrocinio-da-lei-rubem-braga\/#primaryimage","url":"https:\/\/jornalfatosenoticias.com.br\/wp-content\/uploads\/2025\/05\/Exposicao-filatelica3_PMV.jpg","contentUrl":"https:\/\/jornalfatosenoticias.com.br\/wp-content\/uploads\/2025\/05\/Exposicao-filatelica3_PMV.jpg","width":700,"height":685,"caption":"Exposi\u00e7\u00e3o Hist\u00f3ria Postal do Brasil"},{"@type":"BreadcrumbList","@id":"https:\/\/jornalfatosenoticias.com.br\/index.php\/2025\/05\/14\/exposicao-filatelica-a-historia-postal-do-brasil-chega-a-vitoria-com-patrocinio-da-lei-rubem-braga\/#breadcrumb","itemListElement":[{"@type":"ListItem","position":1,"name":"In\u00edcio","item":"https:\/\/jornalfatosenoticias.com.br\/"},{"@type":"ListItem","position":2,"name":"Exposi\u00e7\u00e3o filat\u00e9lica \u2018A Hist\u00f3ria Postal do Brasil\u2019 chega a Vit\u00f3ria com patroc\u00ednio da Lei Rubem Braga"}]},{"@type":"WebSite","@id":"https:\/\/jornalfatosenoticias.com.br\/#website","url":"https:\/\/jornalfatosenoticias.com.br\/","name":"Jornal Fatos e Not\u00edcias","description":"Not\u00edcias em geral","publisher":{"@id":"https:\/\/jornalfatosenoticias.com.br\/#organization"},"potentialAction":[{"@type":"SearchAction","target":{"@type":"EntryPoint","urlTemplate":"https:\/\/jornalfatosenoticias.com.br\/?s={search_term_string}"},"query-input":{"@type":"PropertyValueSpecification","valueRequired":true,"valueName":"search_term_string"}}],"inLanguage":"pt-BR"},{"@type":"Organization","@id":"https:\/\/jornalfatosenoticias.com.br\/#organization","name":"Jornal Fatos e Not\u00edcias","url":"https:\/\/jornalfatosenoticias.com.br\/","logo":{"@type":"ImageObject","inLanguage":"pt-BR","@id":"https:\/\/jornalfatosenoticias.com.br\/#\/schema\/logo\/image\/","url":"https:\/\/jornalfatosenoticias.com.br\/wp-content\/uploads\/2020\/02\/logo120.png","contentUrl":"https:\/\/jornalfatosenoticias.com.br\/wp-content\/uploads\/2020\/02\/logo120.png","width":1227,"height":120,"caption":"Jornal Fatos e Not\u00edcias"},"image":{"@id":"https:\/\/jornalfatosenoticias.com.br\/#\/schema\/logo\/image\/"}},{"@type":"Person","@id":"https:\/\/jornalfatosenoticias.com.br\/#\/schema\/person\/d63837fa13ac8666eb9e74e0985d6f81","name":"Luzimara Fernandes","image":{"@type":"ImageObject","inLanguage":"pt-BR","@id":"https:\/\/jornalfatosenoticias.com.br\/#\/schema\/person\/image\/","url":"https:\/\/jornalfatosenoticias.com.br\/wp-content\/uploads\/2025\/05\/EU_portal.jpg","contentUrl":"https:\/\/jornalfatosenoticias.com.br\/wp-content\/uploads\/2025\/05\/EU_portal.jpg","caption":"Luzimara Fernandes"},"description":"Jornalista MTB 2358-ES","sameAs":["https:\/\/jornalfatosenoticias.com.br"],"url":"https:\/\/jornalfatosenoticias.com.br\/index.php\/author\/luzimara\/"}]}},"cc_featured_image_caption":{"caption_text":"(Foto: PMV\/Divulga\u00e7\u00e3o) ","source_text":"","source_url":""},"jetpack_featured_media_url":"https:\/\/jornalfatosenoticias.com.br\/wp-content\/uploads\/2025\/05\/Exposicao-filatelica3_PMV.jpg","_links":{"self":[{"href":"https:\/\/jornalfatosenoticias.com.br\/index.php\/wp-json\/wp\/v2\/posts\/59210","targetHints":{"allow":["GET"]}}],"collection":[{"href":"https:\/\/jornalfatosenoticias.com.br\/index.php\/wp-json\/wp\/v2\/posts"}],"about":[{"href":"https:\/\/jornalfatosenoticias.com.br\/index.php\/wp-json\/wp\/v2\/types\/post"}],"author":[{"embeddable":true,"href":"https:\/\/jornalfatosenoticias.com.br\/index.php\/wp-json\/wp\/v2\/users\/2"}],"replies":[{"embeddable":true,"href":"https:\/\/jornalfatosenoticias.com.br\/index.php\/wp-json\/wp\/v2\/comments?post=59210"}],"version-history":[{"count":0,"href":"https:\/\/jornalfatosenoticias.com.br\/index.php\/wp-json\/wp\/v2\/posts\/59210\/revisions"}],"wp:featuredmedia":[{"embeddable":true,"href":"https:\/\/jornalfatosenoticias.com.br\/index.php\/wp-json\/wp\/v2\/media\/59214"}],"wp:attachment":[{"href":"https:\/\/jornalfatosenoticias.com.br\/index.php\/wp-json\/wp\/v2\/media?parent=59210"}],"wp:term":[{"taxonomy":"category","embeddable":true,"href":"https:\/\/jornalfatosenoticias.com.br\/index.php\/wp-json\/wp\/v2\/categories?post=59210"},{"taxonomy":"post_tag","embeddable":true,"href":"https:\/\/jornalfatosenoticias.com.br\/index.php\/wp-json\/wp\/v2\/tags?post=59210"}],"curies":[{"name":"wp","href":"https:\/\/api.w.org\/{rel}","templated":true}]}}