{"id":59219,"date":"2025-05-15T13:06:22","date_gmt":"2025-05-15T16:06:22","guid":{"rendered":"https:\/\/jornalfatosenoticias.com.br\/?p=59219"},"modified":"2025-05-15T13:06:23","modified_gmt":"2025-05-15T16:06:23","slug":"a-semana-no-brasil-e-no-mundo-mst-pressiona-governo-lula-e-cobra-aumento-de-verba-para-reforma-agraria-de-r-400-milhoes-para-r-1-bilhao","status":"publish","type":"post","link":"https:\/\/jornalfatosenoticias.com.br\/index.php\/2025\/05\/15\/a-semana-no-brasil-e-no-mundo-mst-pressiona-governo-lula-e-cobra-aumento-de-verba-para-reforma-agraria-de-r-400-milhoes-para-r-1-bilhao\/","title":{"rendered":"A Semana no Brasil e no Mundo \u2014 MST pressiona governo Lula e cobra aumento de verba para reforma agr\u00e1ria de R$ 400 milh\u00f5es para R$ 1 bilh\u00e3o"},"content":{"rendered":"\n<div class=\"wp-block-image\"><figure class=\"aligncenter size-large\"><a href=\"https:\/\/mizu.com.br\/\"><img loading=\"lazy\" decoding=\"async\" width=\"729\" height=\"90\" src=\"https:\/\/jornalfatosenoticias.com.br\/wp-content\/uploads\/2020\/02\/Logo_Mizu.png\" alt=\"\" class=\"wp-image-1441\" srcset=\"https:\/\/jornalfatosenoticias.com.br\/wp-content\/uploads\/2020\/02\/Logo_Mizu.png 729w, https:\/\/jornalfatosenoticias.com.br\/wp-content\/uploads\/2020\/02\/Logo_Mizu-300x37.png 300w\" sizes=\"auto, (max-width: 729px) 100vw, 729px\" \/><\/a><\/figure><\/div>\n\n\n\n<p>O Movimento dos Trabalhadores Rurais Sem Terra (MST) anunciou que vai pressionar o governo de Luiz In\u00e1cio Lula da Silva (PT) por um aumento no or\u00e7amento destinado \u00e0 reforma agr\u00e1ria, passando dos atuais R$ 400 milh\u00f5es para R$ 1 bilh\u00e3o.<br>A demanda foi apresentada durante a Feira Nacional da Reforma Agr\u00e1ria, realizada at\u00e9 domingo (11) em S\u00e3o Paulo, e faz parte das reivindica\u00e7\u00f5es entregues a pol\u00edticos da base governista que visitam o evento. O MST tem manifestado frustra\u00e7\u00e3o com a lentid\u00e3o do governo Lula na implementa\u00e7\u00e3o de pol\u00edticas agr\u00e1rias.<em><strong> \u201c\u00c9 necess\u00e1rio o aumento dos recursos para aquisi\u00e7\u00e3o de terras e assentamento das fam\u00edlias\u201d, afirmou D\u00e9bora Nunes, dirigente nacional do movimento, em entrevista \u00e0 Folha de S.Paulo.<\/strong><\/em><\/p>\n\n\n\n<div class=\"wp-block-image\"><figure class=\"aligncenter size-large is-resized\"><a href=\"https:\/\/www.facebook.com\/profile.php?id=100069289606145\"><img loading=\"lazy\" decoding=\"async\" src=\"https:\/\/jornalfatosenoticias.com.br\/wp-content\/uploads\/2024\/11\/Guaitolini-Contabilidade-1024x714.jpeg\" alt=\"\" class=\"wp-image-55808\" width=\"335\" height=\"233\" srcset=\"https:\/\/jornalfatosenoticias.com.br\/wp-content\/uploads\/2024\/11\/Guaitolini-Contabilidade-1024x714.jpeg 1024w, https:\/\/jornalfatosenoticias.com.br\/wp-content\/uploads\/2024\/11\/Guaitolini-Contabilidade-300x209.jpeg 300w, https:\/\/jornalfatosenoticias.com.br\/wp-content\/uploads\/2024\/11\/Guaitolini-Contabilidade-768x535.jpeg 768w, https:\/\/jornalfatosenoticias.com.br\/wp-content\/uploads\/2024\/11\/Guaitolini-Contabilidade.jpeg 1280w\" sizes=\"auto, (max-width: 335px) 100vw, 335px\" \/><\/a><\/figure><\/div>\n\n\n\n<p>A atual dota\u00e7\u00e3o de R$ 400 milh\u00f5es \u00e9 considerada insuficiente pelo MST para atender \u00e0 demanda reprimida por novos assentamentos e compra de terras para a agricultura familiar. A cobran\u00e7a p\u00fablica ocorre em um momento em que o governo busca fortalecer o di\u00e1logo com o movimento, que historicamente comp\u00f5e a base social do PT, mas tem demonstrado impaci\u00eancia com os avan\u00e7os considerados t\u00edmidos na \u00e1rea agr\u00e1ria, especialmente no tocante \u00e0 desapropria\u00e7\u00e3o de terras. O Minist\u00e9rio do Desenvolvimento Agr\u00e1rio (MDA), respons\u00e1vel pela pol\u00edtica fundi\u00e1ria, ainda n\u00e3o se manifestou oficialmente sobre o pedido de amplia\u00e7\u00e3o or\u00e7ament\u00e1ria. <strong>(Fonte: Hora Bras\u00edlia)<\/strong><\/p>\n\n\n\n<div class=\"wp-block-image\"><figure class=\"aligncenter size-large is-resized\"><a href=\"https:\/\/www.instagram.com\/serra4x4cambioautomatico\/\"><img loading=\"lazy\" decoding=\"async\" src=\"https:\/\/jornalfatosenoticias.com.br\/wp-content\/uploads\/2024\/08\/Serra-4x4-1-886x1024.jpg\" alt=\"\" class=\"wp-image-53632\" width=\"277\" height=\"320\" srcset=\"https:\/\/jornalfatosenoticias.com.br\/wp-content\/uploads\/2024\/08\/Serra-4x4-1-886x1024.jpg 886w, https:\/\/jornalfatosenoticias.com.br\/wp-content\/uploads\/2024\/08\/Serra-4x4-1-260x300.jpg 260w, https:\/\/jornalfatosenoticias.com.br\/wp-content\/uploads\/2024\/08\/Serra-4x4-1-768x888.jpg 768w, https:\/\/jornalfatosenoticias.com.br\/wp-content\/uploads\/2024\/08\/Serra-4x4-1.jpg 1181w\" sizes=\"auto, (max-width: 277px) 100vw, 277px\" \/><\/a><\/figure><\/div>\n\n\n\n<hr class=\"wp-block-separator\"\/>\n\n\n\n<h3 class=\"wp-block-heading\"><span class=\"has-inline-color has-black-color\">Governo Trump anuncia investimento de US$ 600 bilh\u00f5es da Ar\u00e1bia Saudita nos EUA<\/span><\/h3>\n\n\n\n<div class=\"wp-block-image\"><figure class=\"aligncenter size-large\"><img loading=\"lazy\" decoding=\"async\" width=\"612\" height=\"408\" src=\"https:\/\/jornalfatosenoticias.com.br\/wp-content\/uploads\/2025\/05\/Trump-Arabia-Saudita_gettyimages.jpg\" alt=\"\" class=\"wp-image-59224\" srcset=\"https:\/\/jornalfatosenoticias.com.br\/wp-content\/uploads\/2025\/05\/Trump-Arabia-Saudita_gettyimages.jpg 612w, https:\/\/jornalfatosenoticias.com.br\/wp-content\/uploads\/2025\/05\/Trump-Arabia-Saudita_gettyimages-300x200.jpg 300w\" sizes=\"auto, (max-width: 612px) 100vw, 612px\" \/><figcaption><span class=\"has-inline-color has-black-color\"><em>(Foto: Getty Images)<\/em><\/span><\/figcaption><\/figure><\/div>\n\n\n\n<p><span class=\"has-inline-color has-black-color\">Por <strong>Isabella de Paula<\/strong><br><\/span>A Casa Branca anunciou, na ter\u00e7a-feira (13), que o presidente americano, Donald Trump, garantiu um compromisso do pr\u00edncipe herdeiro saudita, Mohammed bin Salman, de que o pa\u00eds \u00e1rabe investir\u00e1 US$ 600 bilh\u00f5es nos Estados Unidos, incluindo uma compra hist\u00f3rica em mat\u00e9ria de defesa.<\/p>\n\n\n\n<div class=\"wp-block-image\"><figure class=\"aligncenter size-large is-resized\"><a href=\"https:\/\/panper.com.br\/\"><img loading=\"lazy\" decoding=\"async\" src=\"https:\/\/jornalfatosenoticias.com.br\/wp-content\/uploads\/2023\/03\/logo-Panper_portal.jpg\" alt=\"\" class=\"wp-image-40208\" width=\"341\" height=\"236\" srcset=\"https:\/\/jornalfatosenoticias.com.br\/wp-content\/uploads\/2023\/03\/logo-Panper_portal.jpg 400w, https:\/\/jornalfatosenoticias.com.br\/wp-content\/uploads\/2023\/03\/logo-Panper_portal-300x208.jpg 300w\" sizes=\"auto, (max-width: 341px) 100vw, 341px\" \/><\/a><\/figure><\/div>\n\n\n\n<p>O valor principal deste an\u00fancio \u00e9 de quase US$ 142 bilh\u00f5es em gastos com defesa, o que representa o &#8220;maior acordo de vendas de defesa da hist\u00f3ria&#8221;, de acordo com a Casa Branca. Segundo a resid\u00eancia presidencial americana, mais de uma d\u00fazia de empresas de defesa dos EUA se beneficiar\u00e3o desses acordos. No entanto, n\u00e3o especificou se estes incluir\u00e3o os avan\u00e7ados ca\u00e7as F-35, que a Ar\u00e1bia Saudita h\u00e1 muito tempo busca adquirir e que Israel possui h\u00e1 quase uma d\u00e9cada.<\/p>\n\n\n\n<div class=\"wp-block-image\"><figure class=\"aligncenter size-large\"><a href=\"http:\/\/www.ferrarimaquinas.com.br\/\"><img loading=\"lazy\" decoding=\"async\" width=\"300\" height=\"250\" src=\"https:\/\/jornalfatosenoticias.com.br\/wp-content\/uploads\/2022\/02\/FERRARI_MAQUINAS-E-FERRAMENTAS2.jpg\" alt=\"\" class=\"wp-image-27860\"\/><\/a><\/figure><\/div>\n\n\n\n<p>Em seu an\u00fancio, a Casa Branca destacou apenas que este acordo fortalecer\u00e1 a moderniza\u00e7\u00e3o militar da Ar\u00e1bia Saudita e promover\u00e1 a seguran\u00e7a regional. O an\u00fancio inclui a cria\u00e7\u00e3o de v\u00e1rios fundos conjuntos para investimentos em setores espec\u00edficos: com diferentes aportes de US$ 5 bilh\u00f5es para um fundo de energia e outro de defesa e aeroespacial, assim como um fundo de US$ 4 bilh\u00f5es focado em esportes.<\/p>\n\n\n\n<div class=\"wp-block-image\"><figure class=\"aligncenter size-large is-resized\"><a href=\"https:\/\/www.instagram.com\/gruposei\/\"><img loading=\"lazy\" decoding=\"async\" src=\"https:\/\/jornalfatosenoticias.com.br\/wp-content\/uploads\/2022\/07\/Logo-Grupo-SEI.jpg\" alt=\"\" class=\"wp-image-31973\" width=\"384\" height=\"202\" srcset=\"https:\/\/jornalfatosenoticias.com.br\/wp-content\/uploads\/2022\/07\/Logo-Grupo-SEI.jpg 713w, https:\/\/jornalfatosenoticias.com.br\/wp-content\/uploads\/2022\/07\/Logo-Grupo-SEI-300x158.jpg 300w\" sizes=\"auto, (max-width: 384px) 100vw, 384px\" \/><\/a><\/figure><\/div>\n\n\n\n<p>Em um encontro com Bin Salman no pal\u00e1cio real saudita, Trump anunciou que o valor j\u00e1 havia sido finalizado, mas sugeriu que o pr\u00edncipe e l\u00edder de fato do pa\u00eds poderia aumentar seu investimento para US$ 1 trilh\u00e3o. A Casa Branca detalhou que os investimentos, a primeira grande conquista da visita de Estado de Trump, incluir\u00e3o ainda US$ 80 bilh\u00f5es em investimentos em tecnologia de ponta de empresas como Google, DataVolt, Oracle, Salesforce, AMD e Uber.<\/p>\n\n\n\n<div class=\"wp-block-image\"><figure class=\"aligncenter size-large\"><a href=\"https:\/\/www.cesconetto.com.br\/\"><img loading=\"lazy\" decoding=\"async\" width=\"300\" height=\"250\" src=\"https:\/\/jornalfatosenoticias.com.br\/wp-content\/uploads\/2020\/02\/Banner-2.png\" alt=\"\" class=\"wp-image-43787\"\/><\/a><\/figure><\/div>\n\n\n\n<p>A DataVolt, da Ar\u00e1bia Saudita, tamb\u00e9m investir\u00e1 US$ 20 bilh\u00f5es em data centers de intelig\u00eancia artificial, energia e infraestrutura nos Estados Unidos, segundo a Casa Branca, que adicionou a esse valor total de investimento projetos j\u00e1 em andamento em infraestruturas sauditas e outros em energia, avia\u00e7\u00e3o, sa\u00fade e infraestrutura. O investimento \u201cdurar\u00e1 por gera\u00e7\u00f5es\u201d, destacou a Casa Branca em um comunicado. <strong>(Fonte: Gazeta do Povo)<\/strong><\/p>\n\n\n\n<div class=\"wp-block-image\"><figure class=\"aligncenter size-large is-resized\"><a href=\"https:\/\/www.legisjuris.com.br\/\"><img loading=\"lazy\" decoding=\"async\" src=\"https:\/\/jornalfatosenoticias.com.br\/wp-content\/uploads\/2024\/09\/Legis-Juris-Consultoria_logo.jpg\" alt=\"\" class=\"wp-image-53915\" width=\"527\" height=\"221\" srcset=\"https:\/\/jornalfatosenoticias.com.br\/wp-content\/uploads\/2024\/09\/Legis-Juris-Consultoria_logo.jpg 969w, https:\/\/jornalfatosenoticias.com.br\/wp-content\/uploads\/2024\/09\/Legis-Juris-Consultoria_logo-300x126.jpg 300w, https:\/\/jornalfatosenoticias.com.br\/wp-content\/uploads\/2024\/09\/Legis-Juris-Consultoria_logo-768x322.jpg 768w\" sizes=\"auto, (max-width: 527px) 100vw, 527px\" \/><\/a><\/figure><\/div>\n\n\n\n<hr class=\"wp-block-separator\"\/>\n\n\n\n<h3 class=\"wp-block-heading\"><span class=\"has-inline-color has-black-color\">Nikolas Ferreira protocola pedido de impeachment de Fl\u00e1vio Dino por interfer\u00eancia na pol\u00edtica no Maranh\u00e3o<\/span><\/h3>\n\n\n\n<div class=\"wp-block-image\"><figure class=\"aligncenter size-large\"><img loading=\"lazy\" decoding=\"async\" width=\"612\" height=\"407\" src=\"https:\/\/jornalfatosenoticias.com.br\/wp-content\/uploads\/2025\/05\/NIKOLAS-FERREIRA_gettyimages.jpg\" alt=\"\" class=\"wp-image-59223\" srcset=\"https:\/\/jornalfatosenoticias.com.br\/wp-content\/uploads\/2025\/05\/NIKOLAS-FERREIRA_gettyimages.jpg 612w, https:\/\/jornalfatosenoticias.com.br\/wp-content\/uploads\/2025\/05\/NIKOLAS-FERREIRA_gettyimages-300x200.jpg 300w\" sizes=\"auto, (max-width: 612px) 100vw, 612px\" \/><figcaption><em><span class=\"has-inline-color has-black-color\">(Foto: Getty Images)<\/span><\/em><\/figcaption><\/figure><\/div>\n\n\n\n<p>O deputado federal Nikolas Ferreira (PL-MG) afirmou na segunda-feira (12) \u2014 por rede social \u2014 que ir\u00e1 protocolar um pedido de impeachment contra o ministro do Supremo Tribunal Federal (STF) Fl\u00e1vio Dino, por suposta interfer\u00eancia pol\u00edtica no Maranh\u00e3o \u2014 estado que Dino governou at\u00e9 2022.<\/p>\n\n\n\n<div class=\"wp-block-image\"><figure class=\"aligncenter size-large is-resized\"><a href=\"https:\/\/www.instagram.com\/esteiochurrascaria\/\"><img loading=\"lazy\" decoding=\"async\" src=\"https:\/\/jornalfatosenoticias.com.br\/wp-content\/uploads\/2022\/02\/LOGO-ESTEIO-1024x730.png\" alt=\"\" class=\"wp-image-27942\" width=\"338\" height=\"241\" srcset=\"https:\/\/jornalfatosenoticias.com.br\/wp-content\/uploads\/2022\/02\/LOGO-ESTEIO-1024x730.png 1024w, https:\/\/jornalfatosenoticias.com.br\/wp-content\/uploads\/2022\/02\/LOGO-ESTEIO-300x214.png 300w, https:\/\/jornalfatosenoticias.com.br\/wp-content\/uploads\/2022\/02\/LOGO-ESTEIO-768x548.png 768w, https:\/\/jornalfatosenoticias.com.br\/wp-content\/uploads\/2022\/02\/LOGO-ESTEIO.png 1123w\" sizes=\"auto, (max-width: 338px) 100vw, 338px\" \/><\/a><\/figure><\/div>\n\n\n\n<p>Segundo Nikolas, durante uma aula magna sobre \u201cSTF e harmonia entre os poderes\u201d, realizada no Maranh\u00e3o, Dino teria sugerido nomes de poss\u00edveis candidatos para a futura chapa de governador e vice no estado. A cr\u00edtica do deputado se baseia na tese de que Dino, agora ministro da Suprema Corte, estaria violando o princ\u00edpio da imparcialidade ao participar de discuss\u00f5es pol\u00edtico-eleitorais locais. <\/p>\n\n\n\n<div class=\"wp-block-image\"><figure class=\"aligncenter size-large is-resized\"><a href=\"https:\/\/www.facebook.com\/postobkr\/?locale=pt_BR\"><img loading=\"lazy\" decoding=\"async\" src=\"https:\/\/jornalfatosenoticias.com.br\/wp-content\/uploads\/2023\/08\/BKR-1024x1021.jpg\" alt=\"\" class=\"wp-image-44494\" width=\"311\" height=\"310\" srcset=\"https:\/\/jornalfatosenoticias.com.br\/wp-content\/uploads\/2023\/08\/BKR-1024x1021.jpg 1024w, https:\/\/jornalfatosenoticias.com.br\/wp-content\/uploads\/2023\/08\/BKR-300x300.jpg 300w, https:\/\/jornalfatosenoticias.com.br\/wp-content\/uploads\/2023\/08\/BKR-150x150.jpg 150w, https:\/\/jornalfatosenoticias.com.br\/wp-content\/uploads\/2023\/08\/BKR-768x766.jpg 768w, https:\/\/jornalfatosenoticias.com.br\/wp-content\/uploads\/2023\/08\/BKR.jpg 1080w\" sizes=\"auto, (max-width: 311px) 100vw, 311px\" \/><\/a><\/figure><\/div>\n\n\n\n<blockquote class=\"wp-block-quote is-layout-flow wp-block-quote-is-layout-flow\"><p><span class=\"has-inline-color has-luminous-vivid-orange-color\">Dino est\u00e1 interferindo diretamente na disputa pol\u00edtica do Maranh\u00e3o enquanto ministro do STF, cometendo, assim, crime de responsabilidade\u201d, escreveu Nikolas em sua publica\u00e7\u00e3o.<\/span><\/p><\/blockquote>\n\n\n\n<div class=\"wp-block-image\"><figure class=\"aligncenter size-large is-resized\"><a href=\"https:\/\/www.instagram.com\/restaurantepegoretti\/\"><img loading=\"lazy\" decoding=\"async\" src=\"https:\/\/jornalfatosenoticias.com.br\/wp-content\/uploads\/2023\/12\/pegoretti-logo-pdf-1024x389.jpg\" alt=\"\" class=\"wp-image-47536\" width=\"480\" height=\"182\" srcset=\"https:\/\/jornalfatosenoticias.com.br\/wp-content\/uploads\/2023\/12\/pegoretti-logo-pdf-1024x389.jpg 1024w, https:\/\/jornalfatosenoticias.com.br\/wp-content\/uploads\/2023\/12\/pegoretti-logo-pdf-300x114.jpg 300w, https:\/\/jornalfatosenoticias.com.br\/wp-content\/uploads\/2023\/12\/pegoretti-logo-pdf-768x291.jpg 768w, https:\/\/jornalfatosenoticias.com.br\/wp-content\/uploads\/2023\/12\/pegoretti-logo-pdf.jpg 1120w\" sizes=\"auto, (max-width: 480px) 100vw, 480px\" \/><\/a><\/figure><\/div>\n\n\n\n<p>Como refor\u00e7o \u00e0 acusa\u00e7\u00e3o, o parlamentar mencionou uma nota do atual governador do Maranh\u00e3o, Carlos Brand\u00e3o (PSB), que teria tentado suavizar a repercuss\u00e3o afirmando que \u201cesse n\u00e3o \u00e9 o momento de disputa pol\u00edtica\u201d \u2014 o que, segundo Nikolas, seria uma confirma\u00e7\u00e3o impl\u00edcita de que o evento teve car\u00e1ter pol\u00edtico.<\/p>\n\n\n\n<div class=\"wp-block-image\"><figure class=\"aligncenter size-large is-resized\"><a href=\"https:\/\/www.instagram.com\/rcradiadores\/\"><img loading=\"lazy\" decoding=\"async\" src=\"https:\/\/jornalfatosenoticias.com.br\/wp-content\/uploads\/2022\/10\/RC_800x750_page-0001.jpg\" alt=\"\" class=\"wp-image-35338\" width=\"292\" height=\"274\" srcset=\"https:\/\/jornalfatosenoticias.com.br\/wp-content\/uploads\/2022\/10\/RC_800x750_page-0001.jpg 400w, https:\/\/jornalfatosenoticias.com.br\/wp-content\/uploads\/2022\/10\/RC_800x750_page-0001-300x281.jpg 300w\" sizes=\"auto, (max-width: 292px) 100vw, 292px\" \/><\/a><\/figure><\/div>\n\n\n\n<p>O deputado anunciou que acionar\u00e1 o Senado Federal com um pedido de impeachment e tamb\u00e9m o Conselho Nacional de Justi\u00e7a (CNJ) para que o comportamento de Fl\u00e1vio Dino seja apurado formalmente. Para Nikolas, o Judici\u00e1rio deve ser imparcial e n\u00e3o agir como \u201cum comit\u00ea eleitoral\u201d. At\u00e9 o momento, nem Fl\u00e1vio Dino nem o STF se pronunciaram oficialmente sobre o epis\u00f3dio. <strong>(Fonte: Hora Bras\u00edlia)<\/strong><\/p>\n\n\n\n<div class=\"wp-block-image\"><figure class=\"aligncenter size-large is-resized\"><a href=\"https:\/\/www.controlsystems.com.br\/\"><img loading=\"lazy\" decoding=\"async\" src=\"https:\/\/jornalfatosenoticias.com.br\/wp-content\/uploads\/2020\/02\/CONTROL-CS.jpg\" alt=\"\" class=\"wp-image-44991\" width=\"277\" height=\"332\" srcset=\"https:\/\/jornalfatosenoticias.com.br\/wp-content\/uploads\/2020\/02\/CONTROL-CS.jpg 834w, https:\/\/jornalfatosenoticias.com.br\/wp-content\/uploads\/2020\/02\/CONTROL-CS-250x300.jpg 250w, https:\/\/jornalfatosenoticias.com.br\/wp-content\/uploads\/2020\/02\/CONTROL-CS-768x921.jpg 768w\" sizes=\"auto, (max-width: 277px) 100vw, 277px\" \/><\/a><\/figure><\/div>\n\n\n\n<hr class=\"wp-block-separator\"\/>\n\n\n\n<h3 class=\"wp-block-heading\"><span class=\"has-inline-color has-black-color\">Reino Unido anuncia nova pol\u00edtica migrat\u00f3ria<\/span><\/h3>\n\n\n\n<div class=\"wp-block-image\"><figure class=\"aligncenter size-large\"><img loading=\"lazy\" decoding=\"async\" width=\"612\" height=\"408\" src=\"https:\/\/jornalfatosenoticias.com.br\/wp-content\/uploads\/2025\/05\/Reino-Unido-anuncia-nova-politica-migratoria_gettyimages.jpg\" alt=\"\" class=\"wp-image-59222\" srcset=\"https:\/\/jornalfatosenoticias.com.br\/wp-content\/uploads\/2025\/05\/Reino-Unido-anuncia-nova-politica-migratoria_gettyimages.jpg 612w, https:\/\/jornalfatosenoticias.com.br\/wp-content\/uploads\/2025\/05\/Reino-Unido-anuncia-nova-politica-migratoria_gettyimages-300x200.jpg 300w\" sizes=\"auto, (max-width: 612px) 100vw, 612px\" \/><figcaption><em><span class=\"has-inline-color has-black-color\">(Foto: Getty Images)<\/span><\/em><\/figcaption><\/figure><\/div>\n\n\n\n<p>O primeiro-ministro do Reino Unido, Keir Starmer, anunciou, na segunda-feira (12), um plano para refor\u00e7ar a pol\u00edtica de imigra\u00e7\u00e3o, incluindo mudan\u00e7as nos requisitos de visto e acesso \u00e0 cidadania brit\u00e2nica, e prometeu retomar o controle das fronteiras depois que os n\u00fameros de migra\u00e7\u00e3o dispararam. Starmer apresentou um documento sobre imigra\u00e7\u00e3o em sua resid\u00eancia oficial em Downing Street, dez dias ap\u00f3s a ascens\u00e3o do partido de direita anti-imigra\u00e7\u00e3o Reform, liderado por Nigel Farage, nas recentes elei\u00e7\u00f5es locais na Inglaterra.<\/p>\n\n\n\n<div class=\"wp-block-image\"><figure class=\"aligncenter size-large is-resized\"><a href=\"https:\/\/hotelmarquetti.com.br\/\"><img loading=\"lazy\" decoding=\"async\" src=\"https:\/\/jornalfatosenoticias.com.br\/wp-content\/uploads\/2020\/02\/LOGO-MQ-1024x680.jpg\" alt=\"\" class=\"wp-image-58299\" width=\"353\" height=\"234\" srcset=\"https:\/\/jornalfatosenoticias.com.br\/wp-content\/uploads\/2020\/02\/LOGO-MQ-1024x680.jpg 1024w, https:\/\/jornalfatosenoticias.com.br\/wp-content\/uploads\/2020\/02\/LOGO-MQ-300x199.jpg 300w, https:\/\/jornalfatosenoticias.com.br\/wp-content\/uploads\/2020\/02\/LOGO-MQ-768x510.jpg 768w, https:\/\/jornalfatosenoticias.com.br\/wp-content\/uploads\/2020\/02\/LOGO-MQ-1536x1020.jpg 1536w, https:\/\/jornalfatosenoticias.com.br\/wp-content\/uploads\/2020\/02\/LOGO-MQ-2048x1360.jpg 2048w\" sizes=\"auto, (max-width: 353px) 100vw, 353px\" \/><\/a><\/figure><\/div>\n\n\n\n<p>O primeiro-ministro brit\u00e2nico insistiu em encerrar um &#8220;cap\u00edtulo s\u00f3rdido para nossa pol\u00edtica, nossa economia e nosso pa\u00eds&#8221; ao anunciar o plano, que inclui o aumento do per\u00edodo de resid\u00eancia exigido para estrangeiros no Reino Unido de cinco para dez anos antes que possam solicitar a cidadania brit\u00e2nica, bem como torna mais rigorosos os requisitos de visto para trabalhadores qualificados e n\u00e3o qualificados.<\/p>\n\n\n\n<div class=\"wp-block-image\"><figure class=\"aligncenter size-large is-resized\"><a href=\"https:\/\/www.ithbrasil.com.br\/\"><img loading=\"lazy\" decoding=\"async\" src=\"https:\/\/jornalfatosenoticias.com.br\/wp-content\/uploads\/2023\/08\/ITH.jpeg\" alt=\"\" class=\"wp-image-44638\" width=\"316\" height=\"257\" srcset=\"https:\/\/jornalfatosenoticias.com.br\/wp-content\/uploads\/2023\/08\/ITH.jpeg 800w, https:\/\/jornalfatosenoticias.com.br\/wp-content\/uploads\/2023\/08\/ITH-300x244.jpeg 300w, https:\/\/jornalfatosenoticias.com.br\/wp-content\/uploads\/2023\/08\/ITH-768x624.jpeg 768w\" sizes=\"auto, (max-width: 316px) 100vw, 316px\" \/><\/a><\/figure><\/div>\n\n\n\n<p>Os requisitos de profici\u00eancia em ingl\u00eas para imigrantes tamb\u00e9m ser\u00e3o aumentados, estendendo-se aos dependentes adultos, o que significa que precisar\u00e3o demonstrar profici\u00eancia b\u00e1sica em ingl\u00eas, de acordo com o plano, cujos detalhes completos ser\u00e3o divulgados ainda na segunda-feira.<\/p>\n\n\n\n<div class=\"wp-block-image\"><figure class=\"aligncenter size-large is-resized\"><a href=\"https:\/\/www.instagram.com\/gruposei\/\"><img loading=\"lazy\" decoding=\"async\" src=\"https:\/\/jornalfatosenoticias.com.br\/wp-content\/uploads\/2022\/07\/Logo-Grupo-SEI.jpg\" alt=\"\" class=\"wp-image-31973\" width=\"368\" height=\"193\" srcset=\"https:\/\/jornalfatosenoticias.com.br\/wp-content\/uploads\/2022\/07\/Logo-Grupo-SEI.jpg 713w, https:\/\/jornalfatosenoticias.com.br\/wp-content\/uploads\/2022\/07\/Logo-Grupo-SEI-300x158.jpg 300w\" sizes=\"auto, (max-width: 368px) 100vw, 368px\" \/><\/a><\/figure><\/div>\n\n\n\n<p>Segundo a proposta, apenas graduados universit\u00e1rios ser\u00e3o eleg\u00edveis para um visto de trabalhador qualificado, enquanto vistos especiais para funcion\u00e1rios do setor de cuidados e depend\u00eancia ser\u00e3o eliminados. Entre 2019 e 2023, a migra\u00e7\u00e3o l\u00edquida \u2014 a diferen\u00e7a entre o n\u00famero de estrangeiros que entram e saem \u2014 quadruplicou, at\u00e9 aproximadamente o equivalente \u00e0 popula\u00e7\u00e3o de Birmingham, a segunda maior cidade do pa\u00eds, disse Starmer.<\/p>\n\n\n\n<div class=\"wp-block-image\"><figure class=\"aligncenter size-large\"><a href=\"http:\/\/www.ferrarimaquinas.com.br\/\"><img loading=\"lazy\" decoding=\"async\" width=\"300\" height=\"250\" src=\"https:\/\/jornalfatosenoticias.com.br\/wp-content\/uploads\/2022\/02\/FERRARI_MAQUINAS-E-FERRAMENTAS2-1.jpg\" alt=\"\" class=\"wp-image-27955\"\/><\/a><\/figure><\/div>\n\n\n\n<p>&#8220;Isso n\u00e3o \u00e9 controle de imigra\u00e7\u00e3o, mas sim um caos&#8221;, acrescentou o primeiro-ministro, que considerou que o atual sistema de imigra\u00e7\u00e3o &#8220;foi quase projetado para o abuso&#8221;, uma vez que incentiva algumas empresas a contratar trabalhadores com baixos sal\u00e1rios em vez de investir em &#8220;nossos jovens&#8221;. <strong>(Fonte: Gazeta do Povo)<\/strong><\/p>\n\n\n\n<div class=\"wp-block-image\"><figure class=\"aligncenter size-large\"><a href=\"https:\/\/www.facebook.com\/vetor.vix\/\"><img loading=\"lazy\" decoding=\"async\" width=\"1024\" height=\"273\" src=\"https:\/\/jornalfatosenoticias.com.br\/wp-content\/uploads\/2023\/09\/vetorvix1024_1.jpg\" alt=\"\" class=\"wp-image-44868\" srcset=\"https:\/\/jornalfatosenoticias.com.br\/wp-content\/uploads\/2023\/09\/vetorvix1024_1.jpg 1024w, https:\/\/jornalfatosenoticias.com.br\/wp-content\/uploads\/2023\/09\/vetorvix1024_1-300x80.jpg 300w, https:\/\/jornalfatosenoticias.com.br\/wp-content\/uploads\/2023\/09\/vetorvix1024_1-768x205.jpg 768w\" sizes=\"auto, (max-width: 1024px) 100vw, 1024px\" \/><\/a><\/figure><\/div>\n\n\n\n<hr class=\"wp-block-separator\"\/>\n\n\n\n<h3 class=\"wp-block-heading\"><span class=\"has-inline-color has-black-color\">Governo Lula libera R$ 1,3 milh\u00e3o para homenagear prost\u00edbulo<\/span><\/h3>\n\n\n\n<div class=\"wp-block-image\"><figure class=\"aligncenter size-large\"><img loading=\"lazy\" decoding=\"async\" width=\"768\" height=\"430\" src=\"https:\/\/jornalfatosenoticias.com.br\/wp-content\/uploads\/2025\/05\/molusco_puteiro.jpg\" alt=\"\" class=\"wp-image-59221\" srcset=\"https:\/\/jornalfatosenoticias.com.br\/wp-content\/uploads\/2025\/05\/molusco_puteiro.jpg 768w, https:\/\/jornalfatosenoticias.com.br\/wp-content\/uploads\/2025\/05\/molusco_puteiro-300x168.jpg 300w\" sizes=\"auto, (max-width: 768px) 100vw, 768px\" \/><figcaption><em><span class=\"has-inline-color has-black-color\">Recurso foi autorizado pela gest\u00e3o petista via Lei Rouanet (Foto: Reprodu\u00e7\u00e3o\/Pixabay)<\/span><\/em><\/figcaption><\/figure><\/div>\n\n\n\n<p>O governo Lula (PT) liberou at\u00e9 R$ 1,3 milh\u00e3o, via Lei Rouanet, para que uma produtora cultural realize um espet\u00e1culo em homenagem a um prost\u00edbulo de S\u00e3o Paulo. A pe\u00e7a Tabaris Dancing ou Cabar\u00e9 M\u00e1ximo \u00e9 um tributo ao famoso bordel paulista.<\/p>\n\n\n\n<div class=\"wp-block-image\"><figure class=\"aligncenter size-large is-resized\"><a href=\"https:\/\/www.facebook.com\/postobkr\/?locale=pt_BR\"><img loading=\"lazy\" decoding=\"async\" src=\"https:\/\/jornalfatosenoticias.com.br\/wp-content\/uploads\/2023\/08\/BKR-1024x1021.jpg\" alt=\"\" class=\"wp-image-44494\" width=\"298\" height=\"297\" srcset=\"https:\/\/jornalfatosenoticias.com.br\/wp-content\/uploads\/2023\/08\/BKR-1024x1021.jpg 1024w, https:\/\/jornalfatosenoticias.com.br\/wp-content\/uploads\/2023\/08\/BKR-300x300.jpg 300w, https:\/\/jornalfatosenoticias.com.br\/wp-content\/uploads\/2023\/08\/BKR-150x150.jpg 150w, https:\/\/jornalfatosenoticias.com.br\/wp-content\/uploads\/2023\/08\/BKR-768x766.jpg 768w, https:\/\/jornalfatosenoticias.com.br\/wp-content\/uploads\/2023\/08\/BKR.jpg 1080w\" sizes=\"auto, (max-width: 298px) 100vw, 298px\" \/><\/a><\/figure><\/div>\n\n\n\n<p>A casa de prostitui\u00e7\u00e3o no centro da capital paulista ganhou fama no in\u00edcio do s\u00e9culo 20, sendo um dos principais bord\u00e9is de luxo, frequentado pela elite. Para alguns, o Tabaris Dancing, ou Cabar\u00e9 M\u00e1ximo faz parte da \u201cmem\u00f3ria paulistana\u201d. O espet\u00e1culo ser\u00e1 apresentado em S\u00e3o Paulo e no Rio de Janeiro. <strong>(Fonte: Pleno.News)<\/strong><\/p>\n\n\n\n<div class=\"wp-block-image\"><figure class=\"aligncenter size-large is-resized\"><a href=\"https:\/\/www.facebook.com\/profile.php?id=100069289606145\"><img loading=\"lazy\" decoding=\"async\" src=\"https:\/\/jornalfatosenoticias.com.br\/wp-content\/uploads\/2024\/11\/Guaitolini-Contabilidade-1024x714.jpeg\" alt=\"\" class=\"wp-image-55808\" width=\"319\" height=\"222\" srcset=\"https:\/\/jornalfatosenoticias.com.br\/wp-content\/uploads\/2024\/11\/Guaitolini-Contabilidade-1024x714.jpeg 1024w, https:\/\/jornalfatosenoticias.com.br\/wp-content\/uploads\/2024\/11\/Guaitolini-Contabilidade-300x209.jpeg 300w, https:\/\/jornalfatosenoticias.com.br\/wp-content\/uploads\/2024\/11\/Guaitolini-Contabilidade-768x535.jpeg 768w, https:\/\/jornalfatosenoticias.com.br\/wp-content\/uploads\/2024\/11\/Guaitolini-Contabilidade.jpeg 1280w\" sizes=\"auto, (max-width: 319px) 100vw, 319px\" \/><\/a><\/figure><\/div>\n\n\n\n<hr class=\"wp-block-separator\"\/>\n\n\n\n<h3 class=\"wp-block-heading\"><span class=\"has-inline-color has-black-color\">Alemanha d\u00e1 ultimato para R\u00fassia aceitar cessar-fogo ou enfrentar san\u00e7\u00f5es<\/span><\/h3>\n\n\n\n<div class=\"wp-block-image\"><figure class=\"aligncenter size-large\"><img loading=\"lazy\" decoding=\"async\" width=\"612\" height=\"408\" src=\"https:\/\/jornalfatosenoticias.com.br\/wp-content\/uploads\/2025\/05\/sancoes-alemanha-a-russia_gettyimages.jpg\" alt=\"\" class=\"wp-image-59220\" srcset=\"https:\/\/jornalfatosenoticias.com.br\/wp-content\/uploads\/2025\/05\/sancoes-alemanha-a-russia_gettyimages.jpg 612w, https:\/\/jornalfatosenoticias.com.br\/wp-content\/uploads\/2025\/05\/sancoes-alemanha-a-russia_gettyimages-300x200.jpg 300w\" sizes=\"auto, (max-width: 612px) 100vw, 612px\" \/><figcaption><em><span class=\"has-inline-color has-black-color\">(Foto: Getty Images)<\/span><\/em><\/figcaption><\/figure><\/div>\n\n\n\n<p>Os pa\u00edses europeus come\u00e7ar\u00e3o a preparar novas san\u00e7\u00f5es contra a R\u00fassia, a menos que o governo de Vladimir Putin comece a cumprir um cessar-fogo de 30 dias na guerra com a Ucr\u00e2nia j\u00e1 nesta segunda-feira (12), afirmou o governo alem\u00e3o. As For\u00e7as Armadas do pa\u00eds afirmaram que a R\u00fassia realizou dezenas de ataques ao longo da frente de batalha no leste da Ucr\u00e2nia, na segunda-feira (12).<\/p>\n\n\n\n<div class=\"wp-block-image\"><figure class=\"aligncenter size-large is-resized\"><a href=\"https:\/\/panper.com.br\/\"><img loading=\"lazy\" decoding=\"async\" src=\"https:\/\/jornalfatosenoticias.com.br\/wp-content\/uploads\/2023\/03\/logo-Panper_portal.jpg\" alt=\"\" class=\"wp-image-40208\" width=\"357\" height=\"247\" srcset=\"https:\/\/jornalfatosenoticias.com.br\/wp-content\/uploads\/2023\/03\/logo-Panper_portal.jpg 400w, https:\/\/jornalfatosenoticias.com.br\/wp-content\/uploads\/2023\/03\/logo-Panper_portal-300x208.jpg 300w\" sizes=\"auto, (max-width: 357px) 100vw, 357px\" \/><\/a><\/figure><\/div>\n\n\n\n<p>Tamb\u00e9m pontuaram que foi realizado um ataque noturno com mais de 100 drones, apesar da proposta de cessar-fogo da Europa e de Kiev. \u201cO tempo est\u00e1 passando\u201d, disse um porta-voz do governo alem\u00e3o em uma coletiva de imprensa em Berlim. \u201cAinda temos 12 horas at\u00e9 o final do dia e, se o cessar-fogo n\u00e3o for estabelecido at\u00e9 l\u00e1, o lado europeu (iniciar\u00e1) os preparativos para as san\u00e7\u00f5es\u201d, afirmou o porta-voz.<\/p>\n\n\n\n<div class=\"wp-block-image\"><figure class=\"aligncenter size-large is-resized\"><a href=\"https:\/\/www.instagram.com\/serra4x4cambioautomatico\/\"><img loading=\"lazy\" decoding=\"async\" src=\"https:\/\/jornalfatosenoticias.com.br\/wp-content\/uploads\/2024\/08\/Serra-4x4-1-886x1024.jpg\" alt=\"\" class=\"wp-image-53632\" width=\"279\" height=\"322\" srcset=\"https:\/\/jornalfatosenoticias.com.br\/wp-content\/uploads\/2024\/08\/Serra-4x4-1-886x1024.jpg 886w, https:\/\/jornalfatosenoticias.com.br\/wp-content\/uploads\/2024\/08\/Serra-4x4-1-260x300.jpg 260w, https:\/\/jornalfatosenoticias.com.br\/wp-content\/uploads\/2024\/08\/Serra-4x4-1-768x888.jpg 768w, https:\/\/jornalfatosenoticias.com.br\/wp-content\/uploads\/2024\/08\/Serra-4x4-1.jpg 1181w\" sizes=\"auto, (max-width: 279px) 100vw, 279px\" \/><\/a><\/figure><\/div>\n\n\n\n<p>Os l\u00edderes das quatro principais pot\u00eancias europeias viajaram para Kiev no s\u00e1bado (10) e exigiram um cessar-fogo incondicional de 30 dias a partir da segunda-feira (12). O presidente russo, Vladimir Putin, rejeitando implicitamente a oferta, prop\u00f4s conversas diretas entre R\u00fassia e Ucr\u00e2nia na Turquia, que, segundo ele, poderiam potencialmente levar a um cessar-fogo.<\/p>\n\n\n\n<div class=\"wp-block-image\"><figure class=\"aligncenter size-large\"><a href=\"https:\/\/www.cesconetto.com.br\/\"><img loading=\"lazy\" decoding=\"async\" width=\"300\" height=\"250\" src=\"https:\/\/jornalfatosenoticias.com.br\/wp-content\/uploads\/2022\/02\/Banner-2.png\" alt=\"\" class=\"wp-image-27877\"\/><\/a><\/figure><\/div>\n\n\n\n<p>Em uma nova reviravolta no processo intermitente de negocia\u00e7\u00f5es de paz, o presidente ucraniano, Volodymyr Zelensky, destacou que viajaria pessoalmente a Istambul, onde, segundo ele, aguardaria para se encontrar com Putin. O Kremlin n\u00e3o respondeu a essa \u00faltima proposta. <strong>(Fonte: CNN Brasil)<\/strong><\/p>\n\n\n\n<div class=\"wp-block-image\"><figure class=\"aligncenter size-large is-resized\"><a href=\"https:\/\/www.legisjuris.com.br\/\"><img loading=\"lazy\" decoding=\"async\" src=\"https:\/\/jornalfatosenoticias.com.br\/wp-content\/uploads\/2024\/09\/Legis-Juris-Consultoria_logo.jpg\" alt=\"\" class=\"wp-image-53915\" width=\"535\" height=\"224\" srcset=\"https:\/\/jornalfatosenoticias.com.br\/wp-content\/uploads\/2024\/09\/Legis-Juris-Consultoria_logo.jpg 969w, https:\/\/jornalfatosenoticias.com.br\/wp-content\/uploads\/2024\/09\/Legis-Juris-Consultoria_logo-300x126.jpg 300w, https:\/\/jornalfatosenoticias.com.br\/wp-content\/uploads\/2024\/09\/Legis-Juris-Consultoria_logo-768x322.jpg 768w\" sizes=\"auto, (max-width: 535px) 100vw, 535px\" \/><\/a><\/figure><\/div>\n\n\n\n<hr class=\"wp-block-separator\"\/>\n","protected":false},"excerpt":{"rendered":"<p>O Movimento dos Trabalhadores Rurais Sem Terra (MST) anunciou que vai pressionar o governo de Luiz In\u00e1cio Lula da Silva (PT) por um aumento no or\u00e7amento destinado \u00e0 reforma agr\u00e1ria, passando dos atuais R$ 400 milh\u00f5es para R$ 1 bilh\u00e3o.A demanda foi apresentada durante a Feira Nacional da Reforma Agr\u00e1ria, realizada at\u00e9 domingo (11) em [&hellip;]<\/p>\n","protected":false},"author":3,"featured_media":59225,"comment_status":"open","ping_status":"open","sticky":false,"template":"","format":"standard","meta":{"footnotes":""},"categories":[10],"tags":[417,77,27040,25524,2147,159,4054,27042,53,946,24310,17936,18995,147,22023,2834,27041,198,1920,19652],"class_list":["post-59219","post","type-post","status-publish","format-standard","has-post-thumbnail","hentry","category-politica","tag-alemanha","tag-arabia-saudita","tag-cabare-do-lula","tag-cessar-fogo","tag-donald-trump","tag-eua","tag-google","tag-impeachment-de-flavio-dino","tag-inteligencia-artificial","tag-investimentos","tag-kremlin","tag-mst","tag-nikolas-ferreira","tag-oriente-medio","tag-reforma-agraria","tag-reino-unido","tag-sancoes-contra-a-russia","tag-tecnologia","tag-vladimir-putin","tag-volodymyr-zelensky"],"yoast_head":"<!-- This site is optimized with the Yoast SEO plugin v26.5 - https:\/\/yoast.com\/wordpress\/plugins\/seo\/ -->\n<title>A Semana no Brasil e no Mundo \u2014 MST pressiona governo Lula e cobra aumento de verba para reforma agr\u00e1ria de R$ 400 milh\u00f5es para R$ 1 bilh\u00e3o - Jornal Fatos e Not\u00edcias<\/title>\n<meta name=\"robots\" content=\"index, follow, max-snippet:-1, max-image-preview:large, max-video-preview:-1\" \/>\n<link rel=\"canonical\" href=\"https:\/\/jornalfatosenoticias.com.br\/index.php\/2025\/05\/15\/a-semana-no-brasil-e-no-mundo-mst-pressiona-governo-lula-e-cobra-aumento-de-verba-para-reforma-agraria-de-r-400-milhoes-para-r-1-bilhao\/\" \/>\n<meta property=\"og:locale\" content=\"pt_BR\" \/>\n<meta property=\"og:type\" content=\"article\" \/>\n<meta property=\"og:title\" content=\"A Semana no Brasil e no Mundo \u2014 MST pressiona governo Lula e cobra aumento de verba para reforma agr\u00e1ria de R$ 400 milh\u00f5es para R$ 1 bilh\u00e3o - Jornal Fatos e Not\u00edcias\" \/>\n<meta property=\"og:description\" content=\"O Movimento dos Trabalhadores Rurais Sem Terra (MST) anunciou que vai pressionar o governo de Luiz In\u00e1cio Lula da Silva (PT) por um aumento no or\u00e7amento destinado \u00e0 reforma agr\u00e1ria, passando dos atuais R$ 400 milh\u00f5es para R$ 1 bilh\u00e3o.A demanda foi apresentada durante a Feira Nacional da Reforma Agr\u00e1ria, realizada at\u00e9 domingo (11) em [&hellip;]\" \/>\n<meta property=\"og:url\" content=\"https:\/\/jornalfatosenoticias.com.br\/index.php\/2025\/05\/15\/a-semana-no-brasil-e-no-mundo-mst-pressiona-governo-lula-e-cobra-aumento-de-verba-para-reforma-agraria-de-r-400-milhoes-para-r-1-bilhao\/\" \/>\n<meta property=\"og:site_name\" content=\"Jornal Fatos e Not\u00edcias\" \/>\n<meta property=\"article:published_time\" content=\"2025-05-15T16:06:22+00:00\" \/>\n<meta property=\"article:modified_time\" content=\"2025-05-15T16:06:23+00:00\" \/>\n<meta property=\"og:image\" content=\"https:\/\/jornalfatosenoticias.com.br\/wp-content\/uploads\/2025\/05\/NINE-MST_gettyimages.jpg\" \/>\n\t<meta property=\"og:image:width\" content=\"612\" \/>\n\t<meta property=\"og:image:height\" content=\"408\" \/>\n\t<meta property=\"og:image:type\" content=\"image\/jpeg\" \/>\n<meta name=\"author\" content=\"Haroldo Filho\" \/>\n<meta name=\"twitter:card\" content=\"summary_large_image\" \/>\n<meta name=\"twitter:label1\" content=\"Escrito por\" \/>\n\t<meta name=\"twitter:data1\" content=\"Haroldo Filho\" \/>\n\t<meta name=\"twitter:label2\" content=\"Est. tempo de leitura\" \/>\n\t<meta name=\"twitter:data2\" content=\"8 minutos\" \/>\n<script type=\"application\/ld+json\" class=\"yoast-schema-graph\">{\"@context\":\"https:\/\/schema.org\",\"@graph\":[{\"@type\":\"Article\",\"@id\":\"https:\/\/jornalfatosenoticias.com.br\/index.php\/2025\/05\/15\/a-semana-no-brasil-e-no-mundo-mst-pressiona-governo-lula-e-cobra-aumento-de-verba-para-reforma-agraria-de-r-400-milhoes-para-r-1-bilhao\/#article\",\"isPartOf\":{\"@id\":\"https:\/\/jornalfatosenoticias.com.br\/index.php\/2025\/05\/15\/a-semana-no-brasil-e-no-mundo-mst-pressiona-governo-lula-e-cobra-aumento-de-verba-para-reforma-agraria-de-r-400-milhoes-para-r-1-bilhao\/\"},\"author\":{\"name\":\"Haroldo Filho\",\"@id\":\"https:\/\/jornalfatosenoticias.com.br\/#\/schema\/person\/05c46cc25b42a5c27e004fb0fa6b4965\"},\"headline\":\"A Semana no Brasil e no Mundo \u2014 MST pressiona governo Lula e cobra aumento de verba para reforma agr\u00e1ria de R$ 400 milh\u00f5es para R$ 1 bilh\u00e3o\",\"datePublished\":\"2025-05-15T16:06:22+00:00\",\"dateModified\":\"2025-05-15T16:06:23+00:00\",\"mainEntityOfPage\":{\"@id\":\"https:\/\/jornalfatosenoticias.com.br\/index.php\/2025\/05\/15\/a-semana-no-brasil-e-no-mundo-mst-pressiona-governo-lula-e-cobra-aumento-de-verba-para-reforma-agraria-de-r-400-milhoes-para-r-1-bilhao\/\"},\"wordCount\":1676,\"commentCount\":0,\"publisher\":{\"@id\":\"https:\/\/jornalfatosenoticias.com.br\/#organization\"},\"image\":{\"@id\":\"https:\/\/jornalfatosenoticias.com.br\/index.php\/2025\/05\/15\/a-semana-no-brasil-e-no-mundo-mst-pressiona-governo-lula-e-cobra-aumento-de-verba-para-reforma-agraria-de-r-400-milhoes-para-r-1-bilhao\/#primaryimage\"},\"thumbnailUrl\":\"https:\/\/jornalfatosenoticias.com.br\/wp-content\/uploads\/2025\/05\/NINE-MST_gettyimages.jpg\",\"keywords\":[\"Alemanha\",\"ar\u00e1bia saudita\",\"cabar\u00e9 do Lula\",\"cessar-fogo\",\"Donald Trump\",\"EUA\",\"Google\",\"impeachment de Fl\u00e1vio Dino\",\"intelig\u00eancia artificial\",\"investimentos\",\"Kremlin\",\"MST\",\"Nikolas Ferreira\",\"Oriente M\u00e9dio\",\"reforma agr\u00e1ria\",\"Reino Unido\",\"san\u00e7\u00f5es contra a R\u00fassia\",\"tecnologia\",\"Vladimir Putin\",\"Volodymyr Zelensky\"],\"articleSection\":[\"Pol\u00edtica\"],\"inLanguage\":\"pt-BR\",\"potentialAction\":[{\"@type\":\"CommentAction\",\"name\":\"Comment\",\"target\":[\"https:\/\/jornalfatosenoticias.com.br\/index.php\/2025\/05\/15\/a-semana-no-brasil-e-no-mundo-mst-pressiona-governo-lula-e-cobra-aumento-de-verba-para-reforma-agraria-de-r-400-milhoes-para-r-1-bilhao\/#respond\"]}]},{\"@type\":\"WebPage\",\"@id\":\"https:\/\/jornalfatosenoticias.com.br\/index.php\/2025\/05\/15\/a-semana-no-brasil-e-no-mundo-mst-pressiona-governo-lula-e-cobra-aumento-de-verba-para-reforma-agraria-de-r-400-milhoes-para-r-1-bilhao\/\",\"url\":\"https:\/\/jornalfatosenoticias.com.br\/index.php\/2025\/05\/15\/a-semana-no-brasil-e-no-mundo-mst-pressiona-governo-lula-e-cobra-aumento-de-verba-para-reforma-agraria-de-r-400-milhoes-para-r-1-bilhao\/\",\"name\":\"A Semana no Brasil e no Mundo \u2014 MST pressiona governo Lula e cobra aumento de verba para reforma agr\u00e1ria de R$ 400 milh\u00f5es para R$ 1 bilh\u00e3o - Jornal Fatos e Not\u00edcias\",\"isPartOf\":{\"@id\":\"https:\/\/jornalfatosenoticias.com.br\/#website\"},\"primaryImageOfPage\":{\"@id\":\"https:\/\/jornalfatosenoticias.com.br\/index.php\/2025\/05\/15\/a-semana-no-brasil-e-no-mundo-mst-pressiona-governo-lula-e-cobra-aumento-de-verba-para-reforma-agraria-de-r-400-milhoes-para-r-1-bilhao\/#primaryimage\"},\"image\":{\"@id\":\"https:\/\/jornalfatosenoticias.com.br\/index.php\/2025\/05\/15\/a-semana-no-brasil-e-no-mundo-mst-pressiona-governo-lula-e-cobra-aumento-de-verba-para-reforma-agraria-de-r-400-milhoes-para-r-1-bilhao\/#primaryimage\"},\"thumbnailUrl\":\"https:\/\/jornalfatosenoticias.com.br\/wp-content\/uploads\/2025\/05\/NINE-MST_gettyimages.jpg\",\"datePublished\":\"2025-05-15T16:06:22+00:00\",\"dateModified\":\"2025-05-15T16:06:23+00:00\",\"breadcrumb\":{\"@id\":\"https:\/\/jornalfatosenoticias.com.br\/index.php\/2025\/05\/15\/a-semana-no-brasil-e-no-mundo-mst-pressiona-governo-lula-e-cobra-aumento-de-verba-para-reforma-agraria-de-r-400-milhoes-para-r-1-bilhao\/#breadcrumb\"},\"inLanguage\":\"pt-BR\",\"potentialAction\":[{\"@type\":\"ReadAction\",\"target\":[\"https:\/\/jornalfatosenoticias.com.br\/index.php\/2025\/05\/15\/a-semana-no-brasil-e-no-mundo-mst-pressiona-governo-lula-e-cobra-aumento-de-verba-para-reforma-agraria-de-r-400-milhoes-para-r-1-bilhao\/\"]}]},{\"@type\":\"ImageObject\",\"inLanguage\":\"pt-BR\",\"@id\":\"https:\/\/jornalfatosenoticias.com.br\/index.php\/2025\/05\/15\/a-semana-no-brasil-e-no-mundo-mst-pressiona-governo-lula-e-cobra-aumento-de-verba-para-reforma-agraria-de-r-400-milhoes-para-r-1-bilhao\/#primaryimage\",\"url\":\"https:\/\/jornalfatosenoticias.com.br\/wp-content\/uploads\/2025\/05\/NINE-MST_gettyimages.jpg\",\"contentUrl\":\"https:\/\/jornalfatosenoticias.com.br\/wp-content\/uploads\/2025\/05\/NINE-MST_gettyimages.jpg\",\"width\":612,\"height\":408,\"caption\":\"Former Brazilian President Luiz Inacio Lula da Silva (R) delivers a speech during a meeting with members of the Landless Workers Movement (MST), at the Eli Vive camp in Londrina, Parana State, Brazil, on March 19, 2022. (Photo by RICARDO CHICARELLI \/ AFP) (Photo by RICARDO CHICARELLI\/AFP via Getty Images)\"},{\"@type\":\"BreadcrumbList\",\"@id\":\"https:\/\/jornalfatosenoticias.com.br\/index.php\/2025\/05\/15\/a-semana-no-brasil-e-no-mundo-mst-pressiona-governo-lula-e-cobra-aumento-de-verba-para-reforma-agraria-de-r-400-milhoes-para-r-1-bilhao\/#breadcrumb\",\"itemListElement\":[{\"@type\":\"ListItem\",\"position\":1,\"name\":\"In\u00edcio\",\"item\":\"https:\/\/jornalfatosenoticias.com.br\/\"},{\"@type\":\"ListItem\",\"position\":2,\"name\":\"A Semana no Brasil e no Mundo \u2014 MST pressiona governo Lula e cobra aumento de verba para reforma agr\u00e1ria de R$ 400 milh\u00f5es para R$ 1 bilh\u00e3o\"}]},{\"@type\":\"WebSite\",\"@id\":\"https:\/\/jornalfatosenoticias.com.br\/#website\",\"url\":\"https:\/\/jornalfatosenoticias.com.br\/\",\"name\":\"Jornal Fatos e Not\u00edcias\",\"description\":\"Not\u00edcias em geral\",\"publisher\":{\"@id\":\"https:\/\/jornalfatosenoticias.com.br\/#organization\"},\"potentialAction\":[{\"@type\":\"SearchAction\",\"target\":{\"@type\":\"EntryPoint\",\"urlTemplate\":\"https:\/\/jornalfatosenoticias.com.br\/?s={search_term_string}\"},\"query-input\":{\"@type\":\"PropertyValueSpecification\",\"valueRequired\":true,\"valueName\":\"search_term_string\"}}],\"inLanguage\":\"pt-BR\"},{\"@type\":\"Organization\",\"@id\":\"https:\/\/jornalfatosenoticias.com.br\/#organization\",\"name\":\"Jornal Fatos e Not\u00edcias\",\"url\":\"https:\/\/jornalfatosenoticias.com.br\/\",\"logo\":{\"@type\":\"ImageObject\",\"inLanguage\":\"pt-BR\",\"@id\":\"https:\/\/jornalfatosenoticias.com.br\/#\/schema\/logo\/image\/\",\"url\":\"https:\/\/jornalfatosenoticias.com.br\/wp-content\/uploads\/2020\/02\/logo120.png\",\"contentUrl\":\"https:\/\/jornalfatosenoticias.com.br\/wp-content\/uploads\/2020\/02\/logo120.png\",\"width\":1227,\"height\":120,\"caption\":\"Jornal Fatos e Not\u00edcias\"},\"image\":{\"@id\":\"https:\/\/jornalfatosenoticias.com.br\/#\/schema\/logo\/image\/\"}},{\"@type\":\"Person\",\"@id\":\"https:\/\/jornalfatosenoticias.com.br\/#\/schema\/person\/05c46cc25b42a5c27e004fb0fa6b4965\",\"name\":\"Haroldo Filho\",\"image\":{\"@type\":\"ImageObject\",\"inLanguage\":\"pt-BR\",\"@id\":\"https:\/\/jornalfatosenoticias.com.br\/#\/schema\/person\/image\/\",\"url\":\"https:\/\/jornalfatosenoticias.com.br\/wp-content\/uploads\/2025\/08\/WhatsApp-Image-2025-08-18-at-15.30.28-150x150.jpeg\",\"contentUrl\":\"https:\/\/jornalfatosenoticias.com.br\/wp-content\/uploads\/2025\/08\/WhatsApp-Image-2025-08-18-at-15.30.28-150x150.jpeg\",\"caption\":\"Haroldo Filho\"},\"description\":\"Jornalista \u2013 DRT: 0003818\/ES Coordenador-geral da ONG Educar para Crescer\",\"url\":\"https:\/\/jornalfatosenoticias.com.br\/index.php\/author\/haroldo\/\"}]}<\/script>\n<!-- \/ Yoast SEO plugin. -->","yoast_head_json":{"title":"A Semana no Brasil e no Mundo \u2014 MST pressiona governo Lula e cobra aumento de verba para reforma agr\u00e1ria de R$ 400 milh\u00f5es para R$ 1 bilh\u00e3o - Jornal Fatos e Not\u00edcias","robots":{"index":"index","follow":"follow","max-snippet":"max-snippet:-1","max-image-preview":"max-image-preview:large","max-video-preview":"max-video-preview:-1"},"canonical":"https:\/\/jornalfatosenoticias.com.br\/index.php\/2025\/05\/15\/a-semana-no-brasil-e-no-mundo-mst-pressiona-governo-lula-e-cobra-aumento-de-verba-para-reforma-agraria-de-r-400-milhoes-para-r-1-bilhao\/","og_locale":"pt_BR","og_type":"article","og_title":"A Semana no Brasil e no Mundo \u2014 MST pressiona governo Lula e cobra aumento de verba para reforma agr\u00e1ria de R$ 400 milh\u00f5es para R$ 1 bilh\u00e3o - Jornal Fatos e Not\u00edcias","og_description":"O Movimento dos Trabalhadores Rurais Sem Terra (MST) anunciou que vai pressionar o governo de Luiz In\u00e1cio Lula da Silva (PT) por um aumento no or\u00e7amento destinado \u00e0 reforma agr\u00e1ria, passando dos atuais R$ 400 milh\u00f5es para R$ 1 bilh\u00e3o.A demanda foi apresentada durante a Feira Nacional da Reforma Agr\u00e1ria, realizada at\u00e9 domingo (11) em [&hellip;]","og_url":"https:\/\/jornalfatosenoticias.com.br\/index.php\/2025\/05\/15\/a-semana-no-brasil-e-no-mundo-mst-pressiona-governo-lula-e-cobra-aumento-de-verba-para-reforma-agraria-de-r-400-milhoes-para-r-1-bilhao\/","og_site_name":"Jornal Fatos e Not\u00edcias","article_published_time":"2025-05-15T16:06:22+00:00","article_modified_time":"2025-05-15T16:06:23+00:00","og_image":[{"width":612,"height":408,"url":"https:\/\/jornalfatosenoticias.com.br\/wp-content\/uploads\/2025\/05\/NINE-MST_gettyimages.jpg","type":"image\/jpeg"}],"author":"Haroldo Filho","twitter_card":"summary_large_image","twitter_misc":{"Escrito por":"Haroldo Filho","Est. tempo de leitura":"8 minutos"},"schema":{"@context":"https:\/\/schema.org","@graph":[{"@type":"Article","@id":"https:\/\/jornalfatosenoticias.com.br\/index.php\/2025\/05\/15\/a-semana-no-brasil-e-no-mundo-mst-pressiona-governo-lula-e-cobra-aumento-de-verba-para-reforma-agraria-de-r-400-milhoes-para-r-1-bilhao\/#article","isPartOf":{"@id":"https:\/\/jornalfatosenoticias.com.br\/index.php\/2025\/05\/15\/a-semana-no-brasil-e-no-mundo-mst-pressiona-governo-lula-e-cobra-aumento-de-verba-para-reforma-agraria-de-r-400-milhoes-para-r-1-bilhao\/"},"author":{"name":"Haroldo Filho","@id":"https:\/\/jornalfatosenoticias.com.br\/#\/schema\/person\/05c46cc25b42a5c27e004fb0fa6b4965"},"headline":"A Semana no Brasil e no Mundo \u2014 MST pressiona governo Lula e cobra aumento de verba para reforma agr\u00e1ria de R$ 400 milh\u00f5es para R$ 1 bilh\u00e3o","datePublished":"2025-05-15T16:06:22+00:00","dateModified":"2025-05-15T16:06:23+00:00","mainEntityOfPage":{"@id":"https:\/\/jornalfatosenoticias.com.br\/index.php\/2025\/05\/15\/a-semana-no-brasil-e-no-mundo-mst-pressiona-governo-lula-e-cobra-aumento-de-verba-para-reforma-agraria-de-r-400-milhoes-para-r-1-bilhao\/"},"wordCount":1676,"commentCount":0,"publisher":{"@id":"https:\/\/jornalfatosenoticias.com.br\/#organization"},"image":{"@id":"https:\/\/jornalfatosenoticias.com.br\/index.php\/2025\/05\/15\/a-semana-no-brasil-e-no-mundo-mst-pressiona-governo-lula-e-cobra-aumento-de-verba-para-reforma-agraria-de-r-400-milhoes-para-r-1-bilhao\/#primaryimage"},"thumbnailUrl":"https:\/\/jornalfatosenoticias.com.br\/wp-content\/uploads\/2025\/05\/NINE-MST_gettyimages.jpg","keywords":["Alemanha","ar\u00e1bia saudita","cabar\u00e9 do Lula","cessar-fogo","Donald Trump","EUA","Google","impeachment de Fl\u00e1vio Dino","intelig\u00eancia artificial","investimentos","Kremlin","MST","Nikolas Ferreira","Oriente M\u00e9dio","reforma agr\u00e1ria","Reino Unido","san\u00e7\u00f5es contra a R\u00fassia","tecnologia","Vladimir Putin","Volodymyr Zelensky"],"articleSection":["Pol\u00edtica"],"inLanguage":"pt-BR","potentialAction":[{"@type":"CommentAction","name":"Comment","target":["https:\/\/jornalfatosenoticias.com.br\/index.php\/2025\/05\/15\/a-semana-no-brasil-e-no-mundo-mst-pressiona-governo-lula-e-cobra-aumento-de-verba-para-reforma-agraria-de-r-400-milhoes-para-r-1-bilhao\/#respond"]}]},{"@type":"WebPage","@id":"https:\/\/jornalfatosenoticias.com.br\/index.php\/2025\/05\/15\/a-semana-no-brasil-e-no-mundo-mst-pressiona-governo-lula-e-cobra-aumento-de-verba-para-reforma-agraria-de-r-400-milhoes-para-r-1-bilhao\/","url":"https:\/\/jornalfatosenoticias.com.br\/index.php\/2025\/05\/15\/a-semana-no-brasil-e-no-mundo-mst-pressiona-governo-lula-e-cobra-aumento-de-verba-para-reforma-agraria-de-r-400-milhoes-para-r-1-bilhao\/","name":"A Semana no Brasil e no Mundo \u2014 MST pressiona governo Lula e cobra aumento de verba para reforma agr\u00e1ria de R$ 400 milh\u00f5es para R$ 1 bilh\u00e3o - Jornal Fatos e Not\u00edcias","isPartOf":{"@id":"https:\/\/jornalfatosenoticias.com.br\/#website"},"primaryImageOfPage":{"@id":"https:\/\/jornalfatosenoticias.com.br\/index.php\/2025\/05\/15\/a-semana-no-brasil-e-no-mundo-mst-pressiona-governo-lula-e-cobra-aumento-de-verba-para-reforma-agraria-de-r-400-milhoes-para-r-1-bilhao\/#primaryimage"},"image":{"@id":"https:\/\/jornalfatosenoticias.com.br\/index.php\/2025\/05\/15\/a-semana-no-brasil-e-no-mundo-mst-pressiona-governo-lula-e-cobra-aumento-de-verba-para-reforma-agraria-de-r-400-milhoes-para-r-1-bilhao\/#primaryimage"},"thumbnailUrl":"https:\/\/jornalfatosenoticias.com.br\/wp-content\/uploads\/2025\/05\/NINE-MST_gettyimages.jpg","datePublished":"2025-05-15T16:06:22+00:00","dateModified":"2025-05-15T16:06:23+00:00","breadcrumb":{"@id":"https:\/\/jornalfatosenoticias.com.br\/index.php\/2025\/05\/15\/a-semana-no-brasil-e-no-mundo-mst-pressiona-governo-lula-e-cobra-aumento-de-verba-para-reforma-agraria-de-r-400-milhoes-para-r-1-bilhao\/#breadcrumb"},"inLanguage":"pt-BR","potentialAction":[{"@type":"ReadAction","target":["https:\/\/jornalfatosenoticias.com.br\/index.php\/2025\/05\/15\/a-semana-no-brasil-e-no-mundo-mst-pressiona-governo-lula-e-cobra-aumento-de-verba-para-reforma-agraria-de-r-400-milhoes-para-r-1-bilhao\/"]}]},{"@type":"ImageObject","inLanguage":"pt-BR","@id":"https:\/\/jornalfatosenoticias.com.br\/index.php\/2025\/05\/15\/a-semana-no-brasil-e-no-mundo-mst-pressiona-governo-lula-e-cobra-aumento-de-verba-para-reforma-agraria-de-r-400-milhoes-para-r-1-bilhao\/#primaryimage","url":"https:\/\/jornalfatosenoticias.com.br\/wp-content\/uploads\/2025\/05\/NINE-MST_gettyimages.jpg","contentUrl":"https:\/\/jornalfatosenoticias.com.br\/wp-content\/uploads\/2025\/05\/NINE-MST_gettyimages.jpg","width":612,"height":408,"caption":"Former Brazilian President Luiz Inacio Lula da Silva (R) delivers a speech during a meeting with members of the Landless Workers Movement (MST), at the Eli Vive camp in Londrina, Parana State, Brazil, on March 19, 2022. (Photo by RICARDO CHICARELLI \/ AFP) (Photo by RICARDO CHICARELLI\/AFP via Getty Images)"},{"@type":"BreadcrumbList","@id":"https:\/\/jornalfatosenoticias.com.br\/index.php\/2025\/05\/15\/a-semana-no-brasil-e-no-mundo-mst-pressiona-governo-lula-e-cobra-aumento-de-verba-para-reforma-agraria-de-r-400-milhoes-para-r-1-bilhao\/#breadcrumb","itemListElement":[{"@type":"ListItem","position":1,"name":"In\u00edcio","item":"https:\/\/jornalfatosenoticias.com.br\/"},{"@type":"ListItem","position":2,"name":"A Semana no Brasil e no Mundo \u2014 MST pressiona governo Lula e cobra aumento de verba para reforma agr\u00e1ria de R$ 400 milh\u00f5es para R$ 1 bilh\u00e3o"}]},{"@type":"WebSite","@id":"https:\/\/jornalfatosenoticias.com.br\/#website","url":"https:\/\/jornalfatosenoticias.com.br\/","name":"Jornal Fatos e Not\u00edcias","description":"Not\u00edcias em geral","publisher":{"@id":"https:\/\/jornalfatosenoticias.com.br\/#organization"},"potentialAction":[{"@type":"SearchAction","target":{"@type":"EntryPoint","urlTemplate":"https:\/\/jornalfatosenoticias.com.br\/?s={search_term_string}"},"query-input":{"@type":"PropertyValueSpecification","valueRequired":true,"valueName":"search_term_string"}}],"inLanguage":"pt-BR"},{"@type":"Organization","@id":"https:\/\/jornalfatosenoticias.com.br\/#organization","name":"Jornal Fatos e Not\u00edcias","url":"https:\/\/jornalfatosenoticias.com.br\/","logo":{"@type":"ImageObject","inLanguage":"pt-BR","@id":"https:\/\/jornalfatosenoticias.com.br\/#\/schema\/logo\/image\/","url":"https:\/\/jornalfatosenoticias.com.br\/wp-content\/uploads\/2020\/02\/logo120.png","contentUrl":"https:\/\/jornalfatosenoticias.com.br\/wp-content\/uploads\/2020\/02\/logo120.png","width":1227,"height":120,"caption":"Jornal Fatos e Not\u00edcias"},"image":{"@id":"https:\/\/jornalfatosenoticias.com.br\/#\/schema\/logo\/image\/"}},{"@type":"Person","@id":"https:\/\/jornalfatosenoticias.com.br\/#\/schema\/person\/05c46cc25b42a5c27e004fb0fa6b4965","name":"Haroldo Filho","image":{"@type":"ImageObject","inLanguage":"pt-BR","@id":"https:\/\/jornalfatosenoticias.com.br\/#\/schema\/person\/image\/","url":"https:\/\/jornalfatosenoticias.com.br\/wp-content\/uploads\/2025\/08\/WhatsApp-Image-2025-08-18-at-15.30.28-150x150.jpeg","contentUrl":"https:\/\/jornalfatosenoticias.com.br\/wp-content\/uploads\/2025\/08\/WhatsApp-Image-2025-08-18-at-15.30.28-150x150.jpeg","caption":"Haroldo Filho"},"description":"Jornalista \u2013 DRT: 0003818\/ES Coordenador-geral da ONG Educar para Crescer","url":"https:\/\/jornalfatosenoticias.com.br\/index.php\/author\/haroldo\/"}]}},"cc_featured_image_caption":{"caption_text":"(Foto: Getty Images) ","source_text":"","source_url":""},"jetpack_featured_media_url":"https:\/\/jornalfatosenoticias.com.br\/wp-content\/uploads\/2025\/05\/NINE-MST_gettyimages.jpg","_links":{"self":[{"href":"https:\/\/jornalfatosenoticias.com.br\/index.php\/wp-json\/wp\/v2\/posts\/59219","targetHints":{"allow":["GET"]}}],"collection":[{"href":"https:\/\/jornalfatosenoticias.com.br\/index.php\/wp-json\/wp\/v2\/posts"}],"about":[{"href":"https:\/\/jornalfatosenoticias.com.br\/index.php\/wp-json\/wp\/v2\/types\/post"}],"author":[{"embeddable":true,"href":"https:\/\/jornalfatosenoticias.com.br\/index.php\/wp-json\/wp\/v2\/users\/3"}],"replies":[{"embeddable":true,"href":"https:\/\/jornalfatosenoticias.com.br\/index.php\/wp-json\/wp\/v2\/comments?post=59219"}],"version-history":[{"count":0,"href":"https:\/\/jornalfatosenoticias.com.br\/index.php\/wp-json\/wp\/v2\/posts\/59219\/revisions"}],"wp:featuredmedia":[{"embeddable":true,"href":"https:\/\/jornalfatosenoticias.com.br\/index.php\/wp-json\/wp\/v2\/media\/59225"}],"wp:attachment":[{"href":"https:\/\/jornalfatosenoticias.com.br\/index.php\/wp-json\/wp\/v2\/media?parent=59219"}],"wp:term":[{"taxonomy":"category","embeddable":true,"href":"https:\/\/jornalfatosenoticias.com.br\/index.php\/wp-json\/wp\/v2\/categories?post=59219"},{"taxonomy":"post_tag","embeddable":true,"href":"https:\/\/jornalfatosenoticias.com.br\/index.php\/wp-json\/wp\/v2\/tags?post=59219"}],"curies":[{"name":"wp","href":"https:\/\/api.w.org\/{rel}","templated":true}]}}