{"id":59230,"date":"2025-05-15T13:21:20","date_gmt":"2025-05-15T16:21:20","guid":{"rendered":"https:\/\/jornalfatosenoticias.com.br\/?p=59230"},"modified":"2025-05-15T13:21:21","modified_gmt":"2025-05-15T16:21:21","slug":"o-direito-de-ir-e-vir-se-for-mulher-nao-tem-e-crianca-piorou-parte-v","status":"publish","type":"post","link":"https:\/\/jornalfatosenoticias.com.br\/index.php\/2025\/05\/15\/o-direito-de-ir-e-vir-se-for-mulher-nao-tem-e-crianca-piorou-parte-v\/","title":{"rendered":"O Direito de Ir e Vir. Se for Mulher, n\u00e3o tem. E Crian\u00e7a, piorou \u2014 Parte V"},"content":{"rendered":"\n<p><em><span class=\"has-inline-color has-black-color\">Entre ir e vir, existe o ficar. \u00c9 direito de todo indiv\u00edduo ficar com algu\u00e9m a quem escolhe e tem confian\u00e7a, e n\u00e3o ficar com algu\u00e9m que lhe amea\u00e7a, maltrata, ou abusa<\/span><\/em><\/p>\n\n\n\n<div class=\"wp-block-image\"><figure class=\"aligncenter size-large\"><a href=\"https:\/\/mizu.com.br\/\"><img loading=\"lazy\" decoding=\"async\" width=\"729\" height=\"90\" src=\"https:\/\/jornalfatosenoticias.com.br\/wp-content\/uploads\/2020\/02\/Logo_Mizu.png\" alt=\"\" class=\"wp-image-1441\" srcset=\"https:\/\/jornalfatosenoticias.com.br\/wp-content\/uploads\/2020\/02\/Logo_Mizu.png 729w, https:\/\/jornalfatosenoticias.com.br\/wp-content\/uploads\/2020\/02\/Logo_Mizu-300x37.png 300w\" sizes=\"auto, (max-width: 729px) 100vw, 729px\" \/><\/a><\/figure><\/div>\n\n\n\n<p>Ser cerceado em seu Direito de Ir e Vir sem oferecer perigo a ningu\u00e9m, por ser v\u00edtima de um agressor que tem garantia judicial do seu Direito de Ir e Vir, total, \u00e9 enlouquecedor para uma mente em desenvolvimento. \u00c9 ser tratado como um perigoso criminoso, a quem se deve afastar e proteger o entorno. Para uma Crian\u00e7a essa viola\u00e7\u00e3o se constitui em viol\u00eancia.<br>Entre Ir e Vir, existe o Ficar. \u00c9 Direito de todo indiv\u00edduo <strong><span class=\"has-inline-color has-black-color\">Ficar<\/span><\/strong> com algu\u00e9m a quem escolhe e tem confian\u00e7a, e n\u00e3o ficar com algu\u00e9m que lhe amea\u00e7a, maltrata, ou abusa. Aquela Douta Psic\u00f3loga que alardeia que crian\u00e7a n\u00e3o tem querer fere, frontalmente, o Princ\u00edpio do Melhor Interesse da Crian\u00e7a, e todos os Artigos que rezam o Respeito e a Dignidade da Crian\u00e7a, definida como Sujeito de Direito. Onde est\u00e1 amparada a viola\u00e7\u00e3o de Direito de ficar ao lado da M\u00e3e suplicada em desespero por uma crian\u00e7a de tr\u00eas, quatro anos? Ou mesmo de um beb\u00ea que chora para mamar ao peito da M\u00e3e? Qual o Artigo que sustenta essa perversidade?<\/p>\n\n\n\n<div class=\"wp-block-image\"><figure class=\"aligncenter size-large\"><img loading=\"lazy\" decoding=\"async\" width=\"1000\" height=\"667\" src=\"https:\/\/jornalfatosenoticias.com.br\/wp-content\/uploads\/2025\/05\/bebe-retirado-da-mae-justica_freepik.jpg\" alt=\"\" class=\"wp-image-59231\" srcset=\"https:\/\/jornalfatosenoticias.com.br\/wp-content\/uploads\/2025\/05\/bebe-retirado-da-mae-justica_freepik.jpg 1000w, https:\/\/jornalfatosenoticias.com.br\/wp-content\/uploads\/2025\/05\/bebe-retirado-da-mae-justica_freepik-300x200.jpg 300w, https:\/\/jornalfatosenoticias.com.br\/wp-content\/uploads\/2025\/05\/bebe-retirado-da-mae-justica_freepik-768x512.jpg 768w\" sizes=\"auto, (max-width: 1000px) 100vw, 1000px\" \/><figcaption><em><span class=\"has-inline-color has-black-color\">(Foto: Freepik)<\/span><\/em><\/figcaption><\/figure><\/div>\n\n\n\n<p>Venho exemplificando esse trauma judicial. O desmame traum\u00e1tico praticado pela Justi\u00e7a em nome de uma pseudojustifica\u00e7\u00e3o de acusa\u00e7\u00e3o de ser a M\u00e3e uma \u201calienadora\u201d, causa sequelas irrepar\u00e1veis. Quanto menor a Crian\u00e7a, mais dif\u00edcil se torna o resgate da ang\u00fastia e do medo que foram vividos no momento da ruptura com a M\u00e3e. Mas, a quem importa o futuro dessas crian\u00e7as? Ap\u00f3s decis\u00e3o, entra-se no corredor intermin\u00e1vel dos Recursos, e a Crian\u00e7a desaparece por completo. Aquele frenesi dos \u201cestudos psicossociais\u201d sequenciais, revitimiza\u00e7\u00f5es em s\u00e9rie, desaparecem, como num n\u00famero de m\u00e1gica some a pombinha branca da m\u00e3o do m\u00e1gico. <\/p>\n\n\n\n<div class=\"wp-block-image\"><figure class=\"aligncenter size-large\"><a href=\"https:\/\/www.cesconetto.com.br\/\"><img loading=\"lazy\" decoding=\"async\" width=\"300\" height=\"250\" src=\"https:\/\/jornalfatosenoticias.com.br\/wp-content\/uploads\/2020\/02\/Banner-2.png\" alt=\"\" class=\"wp-image-43787\"\/><\/a><\/figure><\/div>\n\n\n\n<p>Ningu\u00e9m tem mais not\u00edcia da Crian\u00e7a, a Vara de Fam\u00edlia nem lembra, n\u00e3o se preocupa com o que lhe aconteceu, n\u00e3o tem nenhuma curiosidade para buscar a comprova\u00e7\u00e3o afirmada que \u201cest\u00e1 \u00f3tima porque era a m\u00e3e que atrapalhava\u201d. Os abusos denunciados, parece, desapareceram por completo, mesmo que tenham sido apontados por Exames de Corpo de Delito, emitidos por Instituto M\u00e9dico Legal. Assim, retiram qualquer tra\u00e7o de responsabilidade de erro.<\/p>\n\n\n\n<div class=\"wp-block-image\"><figure class=\"aligncenter size-large is-resized\"><a href=\"https:\/\/hotelmarquetti.com.br\/\"><img loading=\"lazy\" decoding=\"async\" src=\"https:\/\/jornalfatosenoticias.com.br\/wp-content\/uploads\/2020\/02\/LOGO-MQ-1024x680.jpg\" alt=\"\" class=\"wp-image-58299\" width=\"357\" height=\"237\" srcset=\"https:\/\/jornalfatosenoticias.com.br\/wp-content\/uploads\/2020\/02\/LOGO-MQ-1024x680.jpg 1024w, https:\/\/jornalfatosenoticias.com.br\/wp-content\/uploads\/2020\/02\/LOGO-MQ-300x199.jpg 300w, https:\/\/jornalfatosenoticias.com.br\/wp-content\/uploads\/2020\/02\/LOGO-MQ-768x510.jpg 768w, https:\/\/jornalfatosenoticias.com.br\/wp-content\/uploads\/2020\/02\/LOGO-MQ-1536x1020.jpg 1536w, https:\/\/jornalfatosenoticias.com.br\/wp-content\/uploads\/2020\/02\/LOGO-MQ-2048x1360.jpg 2048w\" sizes=\"auto, (max-width: 357px) 100vw, 357px\" \/><\/a><\/figure><\/div>\n\n\n\n<p>Al\u00e9m do Desmame Traum\u00e1tico, precisamos saber sobre a Priva\u00e7\u00e3o Materna Judicial, tamb\u00e9m patrocinada pela Lei de Aliena\u00e7\u00e3o Parental que reina no judici\u00e1rio. S\u00e3o muito difundidos os quadros patol\u00f3gicos causados pelo abandono materno. Todos nos lembramos da emo\u00e7\u00e3o de pena e raiva que nos invade quando assistimos a uma reportagem de um beb\u00ea encontrado numa lixeira, numa sacola boiando numa lagoa, ou numa cestinha num port\u00e3o afastado. A empatia pelo sofrimento do beb\u00ea e a revolta pela perversidade de sua m\u00e3e, se misturam e pensamos muitos termos ofensivos dirigidos \u00e0quela mulher que rompeu com seu beb\u00ea. Por que n\u00e3o olhamos para os beb\u00eas e as crian\u00e7as como sendo essas criaturas que se tornam abandonadas sob uma decis\u00e3o judicial? <\/p>\n\n\n\n<div class=\"wp-block-image\"><figure class=\"aligncenter size-large\"><img loading=\"lazy\" decoding=\"async\" width=\"740\" height=\"515\" src=\"https:\/\/jornalfatosenoticias.com.br\/wp-content\/uploads\/2025\/05\/mae-e-filho-separacao3_freepik.jpeg\" alt=\"\" class=\"wp-image-59232\" srcset=\"https:\/\/jornalfatosenoticias.com.br\/wp-content\/uploads\/2025\/05\/mae-e-filho-separacao3_freepik.jpeg 740w, https:\/\/jornalfatosenoticias.com.br\/wp-content\/uploads\/2025\/05\/mae-e-filho-separacao3_freepik-300x209.jpeg 300w\" sizes=\"auto, (max-width: 740px) 100vw, 740px\" \/><figcaption><em><span class=\"has-inline-color has-black-color\">(Foto: Freepik)<\/span><\/em><\/figcaption><\/figure><\/div>\n\n\n\n<p>Algu\u00e9m, quando sentencia o afastamento da m\u00e3e, pensa no beb\u00ea ou na crian\u00e7a?<br>A viola\u00e7\u00e3o do Direito de Ir, Ficar, e Vir provoca algumas altera\u00e7\u00f5es ps\u00edquicas irrevers\u00edveis. Evidente que uma vez \u201cganhando\u201d o pr\u00eamio Crian\u00e7a, este genitor tem como pretens\u00e3o apagar a figura da m\u00e3e na mente da crian\u00e7a. E, mesmo sendo pequena, ainda imatura, a Crian\u00e7a entender\u00e1, rapidamente, que agora quem manda em tudo \u00e9 o pai. E se esfor\u00e7ar\u00e1 para n\u00e3o contrari\u00e1-lo em nada. Sente que est\u00e1 mais vulner\u00e1vel ainda, e trata de demonstrar uma adapta\u00e7\u00e3o, rapidamente.<\/p>\n\n\n\n<div class=\"wp-block-image\"><figure class=\"aligncenter size-large\"><a href=\"http:\/\/www.ferrarimaquinas.com.br\/\"><img loading=\"lazy\" decoding=\"async\" width=\"300\" height=\"250\" src=\"https:\/\/jornalfatosenoticias.com.br\/wp-content\/uploads\/2022\/02\/FERRARI_MAQUINAS-E-FERRAMENTAS2.jpg\" alt=\"\" class=\"wp-image-27860\"\/><\/a><\/figure><\/div>\n\n\n\n<p>Nessa esteira de uma adapta\u00e7\u00e3o de fora para dentro, imposta pelas circunst\u00e2ncias que nem consegue compreender, a crian\u00e7a faz tudo para n\u00e3o incomodar aquele genitor. E a primeira coisa \u00e9 parar de falar a palavra m\u00e3e. N\u00e3o temos a pesquisa cient\u00edfica que possa atestar isso, mas temos a experi\u00eancia vivida. Quantas vezes ao dia uma Crian\u00e7a pronuncia essa palavra? M\u00e3e, mam\u00e3e, m\u00e3eeee, m\u00e3e acabei, m\u00e3e vem c\u00e1, m\u00e3e t\u00f4 com fome, m\u00e3e, m\u00e3e, m\u00e3e. Quantas vezes? Eis que, de repente, n\u00e3o mais que de repente, a Crian\u00e7a emudece dessa palavra.<\/p>\n\n\n\n<div class=\"wp-block-image\"><figure class=\"aligncenter size-large is-resized\"><a href=\"https:\/\/panper.com.br\/\"><img loading=\"lazy\" decoding=\"async\" src=\"https:\/\/jornalfatosenoticias.com.br\/wp-content\/uploads\/2023\/03\/logo-Panper_portal.jpg\" alt=\"\" class=\"wp-image-40208\" width=\"345\" height=\"239\" srcset=\"https:\/\/jornalfatosenoticias.com.br\/wp-content\/uploads\/2023\/03\/logo-Panper_portal.jpg 400w, https:\/\/jornalfatosenoticias.com.br\/wp-content\/uploads\/2023\/03\/logo-Panper_portal-300x208.jpg 300w\" sizes=\"auto, (max-width: 345px) 100vw, 345px\" \/><\/a><\/figure><\/div>\n\n\n\n<p>Pergunto: quanto lhe custa parar de pronunciar essa palavra? Quanta for\u00e7a emocional precisa deslocar para obstruir esse caminho lingu\u00edstico, at\u00e9 ent\u00e3o natural e espont\u00e2neo? E esse bloqueio vem acompanhado de outro, o choro. Entende que n\u00e3o pode chorar sentindo falta da m\u00e3e. O juiz e a ju\u00edza j\u00e1 se colocaram por um segundo nesse lugar? Por que transformar uma quest\u00e3o emocional em crime que recai na conta da Crian\u00e7a. \u00c9 ela que paga essa conta, antes de ter o desenvolvimento cognitivo suficiente para entender a sem\u00e2ntica da palavra \u201calienadora\u201d, ressaltando que a Ci\u00eancia n\u00e3o a reconhece.<br>E seu Direito de Ir, seu Direito de Ficar, e seu Direito de Vir, foram cassados e ca\u00e7ados.<\/p>\n\n\n\n<div class=\"wp-block-image\"><figure class=\"aligncenter size-large\"><a href=\"https:\/\/www.controlsystems.com.br\/\"><img loading=\"lazy\" decoding=\"async\" width=\"1024\" height=\"109\" src=\"https:\/\/jornalfatosenoticias.com.br\/wp-content\/uploads\/2020\/02\/CONTROL-CS2-1024x109.jpg\" alt=\"\" class=\"wp-image-44989\" srcset=\"https:\/\/jornalfatosenoticias.com.br\/wp-content\/uploads\/2020\/02\/CONTROL-CS2-1024x109.jpg 1024w, https:\/\/jornalfatosenoticias.com.br\/wp-content\/uploads\/2020\/02\/CONTROL-CS2-300x32.jpg 300w, https:\/\/jornalfatosenoticias.com.br\/wp-content\/uploads\/2020\/02\/CONTROL-CS2-768x82.jpg 768w, https:\/\/jornalfatosenoticias.com.br\/wp-content\/uploads\/2020\/02\/CONTROL-CS2.jpg 1120w\" sizes=\"auto, (max-width: 1024px) 100vw, 1024px\" \/><\/a><\/figure><\/div>\n","protected":false},"excerpt":{"rendered":"<p>Entre ir e vir, existe o ficar. \u00c9 direito de todo indiv\u00edduo ficar com algu\u00e9m a quem escolhe e tem confian\u00e7a, e n\u00e3o ficar com algu\u00e9m que lhe amea\u00e7a, maltrata, ou abusa Ser cerceado em seu Direito de Ir e Vir sem oferecer perigo a ningu\u00e9m, por ser v\u00edtima de um agressor que tem garantia [&hellip;]<\/p>\n","protected":false},"author":8,"featured_media":59233,"comment_status":"open","ping_status":"open","sticky":false,"template":"","format":"standard","meta":{"footnotes":""},"categories":[2522],"tags":[27046,27047,9342,3950,1515,1345,7314,2471,9737],"class_list":["post-59230","post","type-post","status-publish","format-standard","has-post-thumbnail","hentry","category-comportamento","tag-abusos-contra-criancas","tag-desmame-forcado","tag-direitos-das-criancas","tag-filho","tag-juiz","tag-justica","tag-lei-de-alienacao-parental","tag-mae","tag-separacao"],"yoast_head":"<!-- This site is optimized with the Yoast SEO plugin v26.5 - https:\/\/yoast.com\/wordpress\/plugins\/seo\/ -->\n<title>O Direito de Ir e Vir. Se for Mulher, n\u00e3o tem. E Crian\u00e7a, piorou \u2014 Parte V - Jornal Fatos e Not\u00edcias<\/title>\n<meta name=\"robots\" content=\"index, follow, max-snippet:-1, max-image-preview:large, max-video-preview:-1\" \/>\n<link rel=\"canonical\" href=\"https:\/\/jornalfatosenoticias.com.br\/index.php\/2025\/05\/15\/o-direito-de-ir-e-vir-se-for-mulher-nao-tem-e-crianca-piorou-parte-v\/\" \/>\n<meta property=\"og:locale\" content=\"pt_BR\" \/>\n<meta property=\"og:type\" content=\"article\" \/>\n<meta property=\"og:title\" content=\"O Direito de Ir e Vir. Se for Mulher, n\u00e3o tem. E Crian\u00e7a, piorou \u2014 Parte V - Jornal Fatos e Not\u00edcias\" \/>\n<meta property=\"og:description\" content=\"Entre ir e vir, existe o ficar. \u00c9 direito de todo indiv\u00edduo ficar com algu\u00e9m a quem escolhe e tem confian\u00e7a, e n\u00e3o ficar com algu\u00e9m que lhe amea\u00e7a, maltrata, ou abusa Ser cerceado em seu Direito de Ir e Vir sem oferecer perigo a ningu\u00e9m, por ser v\u00edtima de um agressor que tem garantia [&hellip;]\" \/>\n<meta property=\"og:url\" content=\"https:\/\/jornalfatosenoticias.com.br\/index.php\/2025\/05\/15\/o-direito-de-ir-e-vir-se-for-mulher-nao-tem-e-crianca-piorou-parte-v\/\" \/>\n<meta property=\"og:site_name\" content=\"Jornal Fatos e Not\u00edcias\" \/>\n<meta property=\"article:published_time\" content=\"2025-05-15T16:21:20+00:00\" \/>\n<meta property=\"article:modified_time\" content=\"2025-05-15T16:21:21+00:00\" \/>\n<meta property=\"og:image\" content=\"https:\/\/jornalfatosenoticias.com.br\/wp-content\/uploads\/2025\/05\/mae-e-filho-separacao_freepik.jpg\" \/>\n\t<meta property=\"og:image:width\" content=\"1000\" \/>\n\t<meta property=\"og:image:height\" content=\"666\" \/>\n\t<meta property=\"og:image:type\" content=\"image\/jpeg\" \/>\n<meta name=\"author\" content=\"Ana Maria Iencarelli\" \/>\n<meta name=\"twitter:card\" content=\"summary_large_image\" \/>\n<meta name=\"twitter:label1\" content=\"Escrito por\" \/>\n\t<meta name=\"twitter:data1\" content=\"Ana Maria Iencarelli\" \/>\n\t<meta name=\"twitter:label2\" content=\"Est. tempo de leitura\" \/>\n\t<meta name=\"twitter:data2\" content=\"5 minutos\" \/>\n<script type=\"application\/ld+json\" class=\"yoast-schema-graph\">{\"@context\":\"https:\/\/schema.org\",\"@graph\":[{\"@type\":\"Article\",\"@id\":\"https:\/\/jornalfatosenoticias.com.br\/index.php\/2025\/05\/15\/o-direito-de-ir-e-vir-se-for-mulher-nao-tem-e-crianca-piorou-parte-v\/#article\",\"isPartOf\":{\"@id\":\"https:\/\/jornalfatosenoticias.com.br\/index.php\/2025\/05\/15\/o-direito-de-ir-e-vir-se-for-mulher-nao-tem-e-crianca-piorou-parte-v\/\"},\"author\":{\"name\":\"Ana Maria Iencarelli\",\"@id\":\"https:\/\/jornalfatosenoticias.com.br\/#\/schema\/person\/c33fcf5fb02d729d3fec92c6737a22d1\"},\"headline\":\"O Direito de Ir e Vir. Se for Mulher, n\u00e3o tem. E Crian\u00e7a, piorou \u2014 Parte V\",\"datePublished\":\"2025-05-15T16:21:20+00:00\",\"dateModified\":\"2025-05-15T16:21:21+00:00\",\"mainEntityOfPage\":{\"@id\":\"https:\/\/jornalfatosenoticias.com.br\/index.php\/2025\/05\/15\/o-direito-de-ir-e-vir-se-for-mulher-nao-tem-e-crianca-piorou-parte-v\/\"},\"wordCount\":924,\"commentCount\":0,\"publisher\":{\"@id\":\"https:\/\/jornalfatosenoticias.com.br\/#organization\"},\"image\":{\"@id\":\"https:\/\/jornalfatosenoticias.com.br\/index.php\/2025\/05\/15\/o-direito-de-ir-e-vir-se-for-mulher-nao-tem-e-crianca-piorou-parte-v\/#primaryimage\"},\"thumbnailUrl\":\"https:\/\/jornalfatosenoticias.com.br\/wp-content\/uploads\/2025\/05\/mae-e-filho-separacao_freepik.jpg\",\"keywords\":[\"abusos contra crian\u00e7as\",\"desmame for\u00e7ado\",\"direitos das crian\u00e7as\",\"filho\",\"juiz\",\"justi\u00e7a\",\"Lei de Aliena\u00e7\u00e3o Parental\",\"m\u00e3e\",\"separa\u00e7\u00e3o\"],\"articleSection\":[\"Comportamento &amp; Equil\u00edbrio\"],\"inLanguage\":\"pt-BR\",\"potentialAction\":[{\"@type\":\"CommentAction\",\"name\":\"Comment\",\"target\":[\"https:\/\/jornalfatosenoticias.com.br\/index.php\/2025\/05\/15\/o-direito-de-ir-e-vir-se-for-mulher-nao-tem-e-crianca-piorou-parte-v\/#respond\"]}]},{\"@type\":\"WebPage\",\"@id\":\"https:\/\/jornalfatosenoticias.com.br\/index.php\/2025\/05\/15\/o-direito-de-ir-e-vir-se-for-mulher-nao-tem-e-crianca-piorou-parte-v\/\",\"url\":\"https:\/\/jornalfatosenoticias.com.br\/index.php\/2025\/05\/15\/o-direito-de-ir-e-vir-se-for-mulher-nao-tem-e-crianca-piorou-parte-v\/\",\"name\":\"O Direito de Ir e Vir. Se for Mulher, n\u00e3o tem. E Crian\u00e7a, piorou \u2014 Parte V - Jornal Fatos e Not\u00edcias\",\"isPartOf\":{\"@id\":\"https:\/\/jornalfatosenoticias.com.br\/#website\"},\"primaryImageOfPage\":{\"@id\":\"https:\/\/jornalfatosenoticias.com.br\/index.php\/2025\/05\/15\/o-direito-de-ir-e-vir-se-for-mulher-nao-tem-e-crianca-piorou-parte-v\/#primaryimage\"},\"image\":{\"@id\":\"https:\/\/jornalfatosenoticias.com.br\/index.php\/2025\/05\/15\/o-direito-de-ir-e-vir-se-for-mulher-nao-tem-e-crianca-piorou-parte-v\/#primaryimage\"},\"thumbnailUrl\":\"https:\/\/jornalfatosenoticias.com.br\/wp-content\/uploads\/2025\/05\/mae-e-filho-separacao_freepik.jpg\",\"datePublished\":\"2025-05-15T16:21:20+00:00\",\"dateModified\":\"2025-05-15T16:21:21+00:00\",\"breadcrumb\":{\"@id\":\"https:\/\/jornalfatosenoticias.com.br\/index.php\/2025\/05\/15\/o-direito-de-ir-e-vir-se-for-mulher-nao-tem-e-crianca-piorou-parte-v\/#breadcrumb\"},\"inLanguage\":\"pt-BR\",\"potentialAction\":[{\"@type\":\"ReadAction\",\"target\":[\"https:\/\/jornalfatosenoticias.com.br\/index.php\/2025\/05\/15\/o-direito-de-ir-e-vir-se-for-mulher-nao-tem-e-crianca-piorou-parte-v\/\"]}]},{\"@type\":\"ImageObject\",\"inLanguage\":\"pt-BR\",\"@id\":\"https:\/\/jornalfatosenoticias.com.br\/index.php\/2025\/05\/15\/o-direito-de-ir-e-vir-se-for-mulher-nao-tem-e-crianca-piorou-parte-v\/#primaryimage\",\"url\":\"https:\/\/jornalfatosenoticias.com.br\/wp-content\/uploads\/2025\/05\/mae-e-filho-separacao_freepik.jpg\",\"contentUrl\":\"https:\/\/jornalfatosenoticias.com.br\/wp-content\/uploads\/2025\/05\/mae-e-filho-separacao_freepik.jpg\",\"width\":1000,\"height\":666,\"caption\":\"Mother with her son playing in the room\"},{\"@type\":\"BreadcrumbList\",\"@id\":\"https:\/\/jornalfatosenoticias.com.br\/index.php\/2025\/05\/15\/o-direito-de-ir-e-vir-se-for-mulher-nao-tem-e-crianca-piorou-parte-v\/#breadcrumb\",\"itemListElement\":[{\"@type\":\"ListItem\",\"position\":1,\"name\":\"In\u00edcio\",\"item\":\"https:\/\/jornalfatosenoticias.com.br\/\"},{\"@type\":\"ListItem\",\"position\":2,\"name\":\"O Direito de Ir e Vir. Se for Mulher, n\u00e3o tem. E Crian\u00e7a, piorou \u2014 Parte V\"}]},{\"@type\":\"WebSite\",\"@id\":\"https:\/\/jornalfatosenoticias.com.br\/#website\",\"url\":\"https:\/\/jornalfatosenoticias.com.br\/\",\"name\":\"Jornal Fatos e Not\u00edcias\",\"description\":\"Not\u00edcias em geral\",\"publisher\":{\"@id\":\"https:\/\/jornalfatosenoticias.com.br\/#organization\"},\"potentialAction\":[{\"@type\":\"SearchAction\",\"target\":{\"@type\":\"EntryPoint\",\"urlTemplate\":\"https:\/\/jornalfatosenoticias.com.br\/?s={search_term_string}\"},\"query-input\":{\"@type\":\"PropertyValueSpecification\",\"valueRequired\":true,\"valueName\":\"search_term_string\"}}],\"inLanguage\":\"pt-BR\"},{\"@type\":\"Organization\",\"@id\":\"https:\/\/jornalfatosenoticias.com.br\/#organization\",\"name\":\"Jornal Fatos e Not\u00edcias\",\"url\":\"https:\/\/jornalfatosenoticias.com.br\/\",\"logo\":{\"@type\":\"ImageObject\",\"inLanguage\":\"pt-BR\",\"@id\":\"https:\/\/jornalfatosenoticias.com.br\/#\/schema\/logo\/image\/\",\"url\":\"https:\/\/jornalfatosenoticias.com.br\/wp-content\/uploads\/2020\/02\/logo120.png\",\"contentUrl\":\"https:\/\/jornalfatosenoticias.com.br\/wp-content\/uploads\/2020\/02\/logo120.png\",\"width\":1227,\"height\":120,\"caption\":\"Jornal Fatos e Not\u00edcias\"},\"image\":{\"@id\":\"https:\/\/jornalfatosenoticias.com.br\/#\/schema\/logo\/image\/\"}},{\"@type\":\"Person\",\"@id\":\"https:\/\/jornalfatosenoticias.com.br\/#\/schema\/person\/c33fcf5fb02d729d3fec92c6737a22d1\",\"name\":\"Ana Maria Iencarelli\",\"image\":{\"@type\":\"ImageObject\",\"inLanguage\":\"pt-BR\",\"@id\":\"https:\/\/jornalfatosenoticias.com.br\/#\/schema\/person\/image\/\",\"url\":\"https:\/\/jornalfatosenoticias.com.br\/wp-content\/uploads\/2020\/02\/Ana-Maria-Iencarelli-1-150x150.jpg\",\"contentUrl\":\"https:\/\/jornalfatosenoticias.com.br\/wp-content\/uploads\/2020\/02\/Ana-Maria-Iencarelli-1-150x150.jpg\",\"caption\":\"Ana Maria Iencarelli\"},\"description\":\"Psicanalista Cl\u00ednica, especializada no atendimento a Crian\u00e7as e Adolescentes. Presidente da ONG Vozes de Anjos.\",\"url\":\"https:\/\/jornalfatosenoticias.com.br\/index.php\/author\/anamaria\/\"}]}<\/script>\n<!-- \/ Yoast SEO plugin. -->","yoast_head_json":{"title":"O Direito de Ir e Vir. Se for Mulher, n\u00e3o tem. E Crian\u00e7a, piorou \u2014 Parte V - Jornal Fatos e Not\u00edcias","robots":{"index":"index","follow":"follow","max-snippet":"max-snippet:-1","max-image-preview":"max-image-preview:large","max-video-preview":"max-video-preview:-1"},"canonical":"https:\/\/jornalfatosenoticias.com.br\/index.php\/2025\/05\/15\/o-direito-de-ir-e-vir-se-for-mulher-nao-tem-e-crianca-piorou-parte-v\/","og_locale":"pt_BR","og_type":"article","og_title":"O Direito de Ir e Vir. Se for Mulher, n\u00e3o tem. E Crian\u00e7a, piorou \u2014 Parte V - Jornal Fatos e Not\u00edcias","og_description":"Entre ir e vir, existe o ficar. \u00c9 direito de todo indiv\u00edduo ficar com algu\u00e9m a quem escolhe e tem confian\u00e7a, e n\u00e3o ficar com algu\u00e9m que lhe amea\u00e7a, maltrata, ou abusa Ser cerceado em seu Direito de Ir e Vir sem oferecer perigo a ningu\u00e9m, por ser v\u00edtima de um agressor que tem garantia [&hellip;]","og_url":"https:\/\/jornalfatosenoticias.com.br\/index.php\/2025\/05\/15\/o-direito-de-ir-e-vir-se-for-mulher-nao-tem-e-crianca-piorou-parte-v\/","og_site_name":"Jornal Fatos e Not\u00edcias","article_published_time":"2025-05-15T16:21:20+00:00","article_modified_time":"2025-05-15T16:21:21+00:00","og_image":[{"width":1000,"height":666,"url":"https:\/\/jornalfatosenoticias.com.br\/wp-content\/uploads\/2025\/05\/mae-e-filho-separacao_freepik.jpg","type":"image\/jpeg"}],"author":"Ana Maria Iencarelli","twitter_card":"summary_large_image","twitter_misc":{"Escrito por":"Ana Maria Iencarelli","Est. tempo de leitura":"5 minutos"},"schema":{"@context":"https:\/\/schema.org","@graph":[{"@type":"Article","@id":"https:\/\/jornalfatosenoticias.com.br\/index.php\/2025\/05\/15\/o-direito-de-ir-e-vir-se-for-mulher-nao-tem-e-crianca-piorou-parte-v\/#article","isPartOf":{"@id":"https:\/\/jornalfatosenoticias.com.br\/index.php\/2025\/05\/15\/o-direito-de-ir-e-vir-se-for-mulher-nao-tem-e-crianca-piorou-parte-v\/"},"author":{"name":"Ana Maria Iencarelli","@id":"https:\/\/jornalfatosenoticias.com.br\/#\/schema\/person\/c33fcf5fb02d729d3fec92c6737a22d1"},"headline":"O Direito de Ir e Vir. Se for Mulher, n\u00e3o tem. E Crian\u00e7a, piorou \u2014 Parte V","datePublished":"2025-05-15T16:21:20+00:00","dateModified":"2025-05-15T16:21:21+00:00","mainEntityOfPage":{"@id":"https:\/\/jornalfatosenoticias.com.br\/index.php\/2025\/05\/15\/o-direito-de-ir-e-vir-se-for-mulher-nao-tem-e-crianca-piorou-parte-v\/"},"wordCount":924,"commentCount":0,"publisher":{"@id":"https:\/\/jornalfatosenoticias.com.br\/#organization"},"image":{"@id":"https:\/\/jornalfatosenoticias.com.br\/index.php\/2025\/05\/15\/o-direito-de-ir-e-vir-se-for-mulher-nao-tem-e-crianca-piorou-parte-v\/#primaryimage"},"thumbnailUrl":"https:\/\/jornalfatosenoticias.com.br\/wp-content\/uploads\/2025\/05\/mae-e-filho-separacao_freepik.jpg","keywords":["abusos contra crian\u00e7as","desmame for\u00e7ado","direitos das crian\u00e7as","filho","juiz","justi\u00e7a","Lei de Aliena\u00e7\u00e3o Parental","m\u00e3e","separa\u00e7\u00e3o"],"articleSection":["Comportamento &amp; Equil\u00edbrio"],"inLanguage":"pt-BR","potentialAction":[{"@type":"CommentAction","name":"Comment","target":["https:\/\/jornalfatosenoticias.com.br\/index.php\/2025\/05\/15\/o-direito-de-ir-e-vir-se-for-mulher-nao-tem-e-crianca-piorou-parte-v\/#respond"]}]},{"@type":"WebPage","@id":"https:\/\/jornalfatosenoticias.com.br\/index.php\/2025\/05\/15\/o-direito-de-ir-e-vir-se-for-mulher-nao-tem-e-crianca-piorou-parte-v\/","url":"https:\/\/jornalfatosenoticias.com.br\/index.php\/2025\/05\/15\/o-direito-de-ir-e-vir-se-for-mulher-nao-tem-e-crianca-piorou-parte-v\/","name":"O Direito de Ir e Vir. Se for Mulher, n\u00e3o tem. E Crian\u00e7a, piorou \u2014 Parte V - Jornal Fatos e Not\u00edcias","isPartOf":{"@id":"https:\/\/jornalfatosenoticias.com.br\/#website"},"primaryImageOfPage":{"@id":"https:\/\/jornalfatosenoticias.com.br\/index.php\/2025\/05\/15\/o-direito-de-ir-e-vir-se-for-mulher-nao-tem-e-crianca-piorou-parte-v\/#primaryimage"},"image":{"@id":"https:\/\/jornalfatosenoticias.com.br\/index.php\/2025\/05\/15\/o-direito-de-ir-e-vir-se-for-mulher-nao-tem-e-crianca-piorou-parte-v\/#primaryimage"},"thumbnailUrl":"https:\/\/jornalfatosenoticias.com.br\/wp-content\/uploads\/2025\/05\/mae-e-filho-separacao_freepik.jpg","datePublished":"2025-05-15T16:21:20+00:00","dateModified":"2025-05-15T16:21:21+00:00","breadcrumb":{"@id":"https:\/\/jornalfatosenoticias.com.br\/index.php\/2025\/05\/15\/o-direito-de-ir-e-vir-se-for-mulher-nao-tem-e-crianca-piorou-parte-v\/#breadcrumb"},"inLanguage":"pt-BR","potentialAction":[{"@type":"ReadAction","target":["https:\/\/jornalfatosenoticias.com.br\/index.php\/2025\/05\/15\/o-direito-de-ir-e-vir-se-for-mulher-nao-tem-e-crianca-piorou-parte-v\/"]}]},{"@type":"ImageObject","inLanguage":"pt-BR","@id":"https:\/\/jornalfatosenoticias.com.br\/index.php\/2025\/05\/15\/o-direito-de-ir-e-vir-se-for-mulher-nao-tem-e-crianca-piorou-parte-v\/#primaryimage","url":"https:\/\/jornalfatosenoticias.com.br\/wp-content\/uploads\/2025\/05\/mae-e-filho-separacao_freepik.jpg","contentUrl":"https:\/\/jornalfatosenoticias.com.br\/wp-content\/uploads\/2025\/05\/mae-e-filho-separacao_freepik.jpg","width":1000,"height":666,"caption":"Mother with her son playing in the room"},{"@type":"BreadcrumbList","@id":"https:\/\/jornalfatosenoticias.com.br\/index.php\/2025\/05\/15\/o-direito-de-ir-e-vir-se-for-mulher-nao-tem-e-crianca-piorou-parte-v\/#breadcrumb","itemListElement":[{"@type":"ListItem","position":1,"name":"In\u00edcio","item":"https:\/\/jornalfatosenoticias.com.br\/"},{"@type":"ListItem","position":2,"name":"O Direito de Ir e Vir. Se for Mulher, n\u00e3o tem. E Crian\u00e7a, piorou \u2014 Parte V"}]},{"@type":"WebSite","@id":"https:\/\/jornalfatosenoticias.com.br\/#website","url":"https:\/\/jornalfatosenoticias.com.br\/","name":"Jornal Fatos e Not\u00edcias","description":"Not\u00edcias em geral","publisher":{"@id":"https:\/\/jornalfatosenoticias.com.br\/#organization"},"potentialAction":[{"@type":"SearchAction","target":{"@type":"EntryPoint","urlTemplate":"https:\/\/jornalfatosenoticias.com.br\/?s={search_term_string}"},"query-input":{"@type":"PropertyValueSpecification","valueRequired":true,"valueName":"search_term_string"}}],"inLanguage":"pt-BR"},{"@type":"Organization","@id":"https:\/\/jornalfatosenoticias.com.br\/#organization","name":"Jornal Fatos e Not\u00edcias","url":"https:\/\/jornalfatosenoticias.com.br\/","logo":{"@type":"ImageObject","inLanguage":"pt-BR","@id":"https:\/\/jornalfatosenoticias.com.br\/#\/schema\/logo\/image\/","url":"https:\/\/jornalfatosenoticias.com.br\/wp-content\/uploads\/2020\/02\/logo120.png","contentUrl":"https:\/\/jornalfatosenoticias.com.br\/wp-content\/uploads\/2020\/02\/logo120.png","width":1227,"height":120,"caption":"Jornal Fatos e Not\u00edcias"},"image":{"@id":"https:\/\/jornalfatosenoticias.com.br\/#\/schema\/logo\/image\/"}},{"@type":"Person","@id":"https:\/\/jornalfatosenoticias.com.br\/#\/schema\/person\/c33fcf5fb02d729d3fec92c6737a22d1","name":"Ana Maria Iencarelli","image":{"@type":"ImageObject","inLanguage":"pt-BR","@id":"https:\/\/jornalfatosenoticias.com.br\/#\/schema\/person\/image\/","url":"https:\/\/jornalfatosenoticias.com.br\/wp-content\/uploads\/2020\/02\/Ana-Maria-Iencarelli-1-150x150.jpg","contentUrl":"https:\/\/jornalfatosenoticias.com.br\/wp-content\/uploads\/2020\/02\/Ana-Maria-Iencarelli-1-150x150.jpg","caption":"Ana Maria Iencarelli"},"description":"Psicanalista Cl\u00ednica, especializada no atendimento a Crian\u00e7as e Adolescentes. Presidente da ONG Vozes de Anjos.","url":"https:\/\/jornalfatosenoticias.com.br\/index.php\/author\/anamaria\/"}]}},"cc_featured_image_caption":{"caption_text":"(Foto: Freepik) ","source_text":"","source_url":""},"jetpack_featured_media_url":"https:\/\/jornalfatosenoticias.com.br\/wp-content\/uploads\/2025\/05\/mae-e-filho-separacao_freepik.jpg","_links":{"self":[{"href":"https:\/\/jornalfatosenoticias.com.br\/index.php\/wp-json\/wp\/v2\/posts\/59230","targetHints":{"allow":["GET"]}}],"collection":[{"href":"https:\/\/jornalfatosenoticias.com.br\/index.php\/wp-json\/wp\/v2\/posts"}],"about":[{"href":"https:\/\/jornalfatosenoticias.com.br\/index.php\/wp-json\/wp\/v2\/types\/post"}],"author":[{"embeddable":true,"href":"https:\/\/jornalfatosenoticias.com.br\/index.php\/wp-json\/wp\/v2\/users\/8"}],"replies":[{"embeddable":true,"href":"https:\/\/jornalfatosenoticias.com.br\/index.php\/wp-json\/wp\/v2\/comments?post=59230"}],"version-history":[{"count":0,"href":"https:\/\/jornalfatosenoticias.com.br\/index.php\/wp-json\/wp\/v2\/posts\/59230\/revisions"}],"wp:featuredmedia":[{"embeddable":true,"href":"https:\/\/jornalfatosenoticias.com.br\/index.php\/wp-json\/wp\/v2\/media\/59233"}],"wp:attachment":[{"href":"https:\/\/jornalfatosenoticias.com.br\/index.php\/wp-json\/wp\/v2\/media?parent=59230"}],"wp:term":[{"taxonomy":"category","embeddable":true,"href":"https:\/\/jornalfatosenoticias.com.br\/index.php\/wp-json\/wp\/v2\/categories?post=59230"},{"taxonomy":"post_tag","embeddable":true,"href":"https:\/\/jornalfatosenoticias.com.br\/index.php\/wp-json\/wp\/v2\/tags?post=59230"}],"curies":[{"name":"wp","href":"https:\/\/api.w.org\/{rel}","templated":true}]}}