{"id":59235,"date":"2025-05-15T13:38:21","date_gmt":"2025-05-15T16:38:21","guid":{"rendered":"https:\/\/jornalfatosenoticias.com.br\/?p=59235"},"modified":"2025-05-15T13:38:22","modified_gmt":"2025-05-15T16:38:22","slug":"maio-o-momento-decisivo-para-empresarios-brasileiros-recuperarem-suas-metas-anuais","status":"publish","type":"post","link":"https:\/\/jornalfatosenoticias.com.br\/index.php\/2025\/05\/15\/maio-o-momento-decisivo-para-empresarios-brasileiros-recuperarem-suas-metas-anuais\/","title":{"rendered":"Maio: o momento decisivo para empres\u00e1rios brasileiros recuperarem suas metas anuais"},"content":{"rendered":"\n<p><em><span class=\"has-inline-color has-black-color\">O alarme silencioso do calend\u00e1rio empresarial<\/span><\/em><\/p>\n\n\n\n<p><span class=\"has-inline-color has-black-color\">Por <strong>Milena Rohr e <strong><a href=\"https:\/\/jornalfatosenoticias.com.br\/index.php\/2024\/08\/29\/convite-ao-despertar-voce-esta-pronto-para-enfrentar-o-diabo\/\">J\u00faliana Pr\u00e1do<\/a><\/strong><\/strong><\/span><\/p>\n\n\n\n<div class=\"wp-block-image\"><figure class=\"aligncenter size-large\"><a href=\"https:\/\/mizu.com.br\/\"><img loading=\"lazy\" decoding=\"async\" width=\"729\" height=\"90\" src=\"https:\/\/jornalfatosenoticias.com.br\/wp-content\/uploads\/2020\/02\/Logo_Mizu.png\" alt=\"\" class=\"wp-image-1441\" srcset=\"https:\/\/jornalfatosenoticias.com.br\/wp-content\/uploads\/2020\/02\/Logo_Mizu.png 729w, https:\/\/jornalfatosenoticias.com.br\/wp-content\/uploads\/2020\/02\/Logo_Mizu-300x37.png 300w\" sizes=\"auto, (max-width: 729px) 100vw, 729px\" \/><\/a><\/figure><\/div>\n\n\n\n<p>Estamos em maio \u2014 quase metade do ano j\u00e1 se foi. Para muitos empres\u00e1rios brasileiros, este \u00e9 o momento em que uma realidade inc\u00f4moda come\u00e7a a se tornar evidente: as metas ambiciosas estabelecidas em janeiro est\u00e3o distantes de serem alcan\u00e7adas. Se voc\u00ea se identifica com essa situa\u00e7\u00e3o, saiba que n\u00e3o est\u00e1 sozinho \u2014 e mais importante, ainda h\u00e1 tempo para uma virada estrat\u00e9gica.<br>Dados da Associa\u00e7\u00e3o Brasileira de Planejamento Empresarial indicam que aproximadamente 68% das empresas brasileiras n\u00e3o atingem suas metas anuais. O mais preocupante: 42% dessas organiza\u00e7\u00f5es j\u00e1 demonstram sinais claros de atraso significativo antes mesmo de chegar ao meio do ano. O padr\u00e3o se repete anualmente, n\u00e3o por falta de compet\u00eancia, mas frequentemente por uma falha fundamental no planejamento: ignorar a realidade sazonal da produtividade brasileira.<\/p>\n\n\n\n<div class=\"wp-block-image\"><figure class=\"aligncenter size-large is-resized\"><a href=\"https:\/\/www.facebook.com\/postobkr\/?locale=pt_BR\"><img loading=\"lazy\" decoding=\"async\" src=\"https:\/\/jornalfatosenoticias.com.br\/wp-content\/uploads\/2023\/08\/BKR-1024x1021.jpg\" alt=\"\" class=\"wp-image-44494\" width=\"334\" height=\"333\" srcset=\"https:\/\/jornalfatosenoticias.com.br\/wp-content\/uploads\/2023\/08\/BKR-1024x1021.jpg 1024w, https:\/\/jornalfatosenoticias.com.br\/wp-content\/uploads\/2023\/08\/BKR-300x300.jpg 300w, https:\/\/jornalfatosenoticias.com.br\/wp-content\/uploads\/2023\/08\/BKR-150x150.jpg 150w, https:\/\/jornalfatosenoticias.com.br\/wp-content\/uploads\/2023\/08\/BKR-768x766.jpg 768w, https:\/\/jornalfatosenoticias.com.br\/wp-content\/uploads\/2023\/08\/BKR.jpg 1080w\" sizes=\"auto, (max-width: 334px) 100vw, 334px\" \/><\/a><\/figure><\/div>\n\n\n\n<p><span class=\"has-inline-color has-vivid-purple-color\"><strong>A ilus\u00e3o do planejamento linear em um pa\u00eds de produtividade flutuante<br><\/strong><\/span>O erro mais comum no planejamento empresarial brasileiro \u00e9 a ado\u00e7\u00e3o acr\u00edtica do modelo linear de metas \u2014 aquele que simplesmente divide o objetivo anual em 12 parcelas iguais. Este modelo, embora matematicamente conveniente, ignora uma verdade fundamental do nosso contexto: a produtividade no Brasil flutua significativamente ao longo do ano.<\/p>\n\n\n\n<div class=\"wp-block-image\"><figure class=\"aligncenter size-large is-resized\"><a href=\"https:\/\/www.legisjuris.com.br\/\"><img loading=\"lazy\" decoding=\"async\" src=\"https:\/\/jornalfatosenoticias.com.br\/wp-content\/uploads\/2024\/09\/Legis-Juris-Consultoria_logo.jpg\" alt=\"\" class=\"wp-image-53915\" width=\"508\" height=\"213\" srcset=\"https:\/\/jornalfatosenoticias.com.br\/wp-content\/uploads\/2024\/09\/Legis-Juris-Consultoria_logo.jpg 969w, https:\/\/jornalfatosenoticias.com.br\/wp-content\/uploads\/2024\/09\/Legis-Juris-Consultoria_logo-300x126.jpg 300w, https:\/\/jornalfatosenoticias.com.br\/wp-content\/uploads\/2024\/09\/Legis-Juris-Consultoria_logo-768x322.jpg 768w\" sizes=\"auto, (max-width: 508px) 100vw, 508px\" \/><\/a><\/figure><\/div>\n\n\n\n<p>Como bem demonstram os dados analisados, apenas cerca de 87,5% do tempo anual \u00e9 efetivamente produtivo no contexto brasileiro. Janeiro e julho, com seus per\u00edodos de f\u00e9rias, apresentam perdas de produtividade de aproximadamente 30% cada. Dezembro, com as festas de fim de ano, pode ver sua produtividade reduzida pela metade na segunda quinzena. Feriados como Carnaval e dias estrategicamente posicionados para &#8220;emendar&#8221; fins de semana tamb\u00e9m contribuem para essa varia\u00e7\u00e3o. Ignorar essa realidade \u00e9 planejar com base em premissas falsas \u2014 e como qualquer engenheiro sabe, um projeto constru\u00eddo sobre funda\u00e7\u00f5es inst\u00e1veis est\u00e1 destinado a falhar.<\/p>\n\n\n\n<div class=\"wp-block-image\"><figure class=\"aligncenter size-large is-resized\"><a href=\"https:\/\/www.instagram.com\/serra4x4cambioautomatico\/\"><img loading=\"lazy\" decoding=\"async\" src=\"https:\/\/jornalfatosenoticias.com.br\/wp-content\/uploads\/2024\/08\/Serra-4x4-1-886x1024.jpg\" alt=\"\" class=\"wp-image-53632\" width=\"291\" height=\"336\" srcset=\"https:\/\/jornalfatosenoticias.com.br\/wp-content\/uploads\/2024\/08\/Serra-4x4-1-886x1024.jpg 886w, https:\/\/jornalfatosenoticias.com.br\/wp-content\/uploads\/2024\/08\/Serra-4x4-1-260x300.jpg 260w, https:\/\/jornalfatosenoticias.com.br\/wp-content\/uploads\/2024\/08\/Serra-4x4-1-768x888.jpg 768w, https:\/\/jornalfatosenoticias.com.br\/wp-content\/uploads\/2024\/08\/Serra-4x4-1.jpg 1181w\" sizes=\"auto, (max-width: 291px) 100vw, 291px\" \/><\/a><\/figure><\/div>\n\n\n\n<p><strong><span class=\"has-inline-color has-vivid-purple-color\">Maio: o m\u00eas da oportunidade estrat\u00e9gica<br><\/span><\/strong>Se voc\u00ea chegou a maio sem atingir as metas dos primeiros meses, h\u00e1 uma boa not\u00edcia: ainda h\u00e1 tempo para uma corre\u00e7\u00e3o de rota, e este \u00e9 precisamente o momento ideal para faz\u00ea-lo. De acordo com a an\u00e1lise de sazonalidade produtiva brasileira, maio \u00e9 um dos meses mais produtivos do ano, com potencial para suportar at\u00e9 9,7% da meta anual \u2014 significativamente acima do simplista 8,33% de um modelo linear.<\/p>\n\n\n\n<div class=\"wp-block-image\"><figure class=\"aligncenter size-large is-resized\"><a href=\"https:\/\/www.facebook.com\/profile.php?id=100069289606145\"><img loading=\"lazy\" decoding=\"async\" src=\"https:\/\/jornalfatosenoticias.com.br\/wp-content\/uploads\/2024\/11\/Guaitolini-Contabilidade-1024x714.jpeg\" alt=\"\" class=\"wp-image-55808\" width=\"352\" height=\"245\" srcset=\"https:\/\/jornalfatosenoticias.com.br\/wp-content\/uploads\/2024\/11\/Guaitolini-Contabilidade-1024x714.jpeg 1024w, https:\/\/jornalfatosenoticias.com.br\/wp-content\/uploads\/2024\/11\/Guaitolini-Contabilidade-300x209.jpeg 300w, https:\/\/jornalfatosenoticias.com.br\/wp-content\/uploads\/2024\/11\/Guaitolini-Contabilidade-768x535.jpeg 768w, https:\/\/jornalfatosenoticias.com.br\/wp-content\/uploads\/2024\/11\/Guaitolini-Contabilidade.jpeg 1280w\" sizes=\"auto, (max-width: 352px) 100vw, 352px\" \/><\/a><\/figure><\/div>\n\n\n\n<p>Mais importante ainda: os pr\u00f3ximos meses do calend\u00e1rio apresentam uma janela de oportunidade crucial. Agosto e outubro, assim como maio, s\u00e3o per\u00edodos de alta produtividade, cada um com potencial para contribuir com aproximadamente 9,7% da meta anual. Estrategicamente posicionados antes do desafiador dezembro, esses meses oferecem a \u00faltima chance real de acelera\u00e7\u00e3o antes do natural desaquecimento de final de ano.<\/p>\n\n\n\n<div class=\"wp-block-image\"><figure class=\"aligncenter size-large is-resized\"><a href=\"https:\/\/www.instagram.com\/esteiochurrascaria\/\"><img loading=\"lazy\" decoding=\"async\" src=\"https:\/\/jornalfatosenoticias.com.br\/wp-content\/uploads\/2022\/02\/LOGO-ESTEIO-1024x730.png\" alt=\"\" class=\"wp-image-27942\" width=\"333\" height=\"237\" srcset=\"https:\/\/jornalfatosenoticias.com.br\/wp-content\/uploads\/2022\/02\/LOGO-ESTEIO-1024x730.png 1024w, https:\/\/jornalfatosenoticias.com.br\/wp-content\/uploads\/2022\/02\/LOGO-ESTEIO-300x214.png 300w, https:\/\/jornalfatosenoticias.com.br\/wp-content\/uploads\/2022\/02\/LOGO-ESTEIO-768x548.png 768w, https:\/\/jornalfatosenoticias.com.br\/wp-content\/uploads\/2022\/02\/LOGO-ESTEIO.png 1123w\" sizes=\"auto, (max-width: 333px) 100vw, 333px\" \/><\/a><\/figure><\/div>\n\n\n\n<p>Como refor\u00e7a Jamil Albuquerque, especialista em planejamento estrat\u00e9gico e presidente da Funda\u00e7\u00e3o Napoleon Hill para Pa\u00edses Lus\u00f3fonos e Am\u00e9rica Latina, \u201cempres\u00e1rios que ajustam suas estrat\u00e9gias antes do meio do ano aumentam significativamente suas chances de sucesso\u201d.<\/p>\n\n\n\n<div class=\"wp-block-image\"><figure class=\"aligncenter size-large is-resized\"><a href=\"https:\/\/www.facebook.com\/vetor.vix\/\"><img loading=\"lazy\" decoding=\"async\" src=\"https:\/\/jornalfatosenoticias.com.br\/wp-content\/uploads\/2023\/09\/vetorvix1024_1.jpg\" alt=\"\" class=\"wp-image-44868\" width=\"561\" height=\"149\" srcset=\"https:\/\/jornalfatosenoticias.com.br\/wp-content\/uploads\/2023\/09\/vetorvix1024_1.jpg 1024w, https:\/\/jornalfatosenoticias.com.br\/wp-content\/uploads\/2023\/09\/vetorvix1024_1-300x80.jpg 300w, https:\/\/jornalfatosenoticias.com.br\/wp-content\/uploads\/2023\/09\/vetorvix1024_1-768x205.jpg 768w\" sizes=\"auto, (max-width: 561px) 100vw, 561px\" \/><\/a><\/figure><\/div>\n\n\n\n<p><strong><span class=\"has-inline-color has-vivid-purple-color\">O custo real da in\u00e9rcia<br><\/span><\/strong>Permanecer no mesmo curso, esperando magicamente recuperar o tempo perdido, n\u00e3o \u00e9 apenas ineficaz \u2014 \u00e9 economicamente devastador. Um estudo recente da Funda\u00e7\u00e3o Instituto de Administra\u00e7\u00e3o (FIA) revelou que empresas que falham em ajustar suas estrat\u00e9gias at\u00e9 o meio do ano t\u00eam 76% de chance de encerrar o per\u00edodo com resultados abaixo de 85% das metas estabelecidas.<br>Esta defasagem n\u00e3o se traduz apenas em n\u00fameros menores no relat\u00f3rio anual. <\/p>\n\n\n\n<div class=\"wp-block-image\"><figure class=\"aligncenter size-large is-resized\"><a href=\"https:\/\/www.instagram.com\/rcradiadores\/\"><img loading=\"lazy\" decoding=\"async\" src=\"https:\/\/jornalfatosenoticias.com.br\/wp-content\/uploads\/2022\/10\/RC_800x750_page-0001.jpg\" alt=\"\" class=\"wp-image-35338\" width=\"332\" height=\"311\" srcset=\"https:\/\/jornalfatosenoticias.com.br\/wp-content\/uploads\/2022\/10\/RC_800x750_page-0001.jpg 400w, https:\/\/jornalfatosenoticias.com.br\/wp-content\/uploads\/2022\/10\/RC_800x750_page-0001-300x281.jpg 300w\" sizes=\"auto, (max-width: 332px) 100vw, 332px\" \/><\/a><\/figure><\/div>\n\n\n\n<p><strong><span class=\"has-inline-color has-vivid-purple-color\">Ela representa:<br><\/span>\u2022<\/strong> Perda de participa\u00e7\u00e3o de mercado para concorrentes mais \u00e1geis<br><strong>\u2022 <\/strong>Frustra\u00e7\u00e3o e desmotiva\u00e7\u00e3o de equipes pressionadas por metas irrealistas<br><strong>\u2022 <\/strong>Eros\u00e3o da confian\u00e7a de investidores e parceiros estrat\u00e9gicos<br><strong>\u2022<\/strong> Redu\u00e7\u00e3o na capacidade de investimento para o ano seguinte<br><strong>\u2022<\/strong> Aumento no custo de capital para novas iniciativas<\/p>\n\n\n\n<div class=\"wp-block-image\"><figure class=\"aligncenter size-large is-resized\"><a href=\"https:\/\/www.instagram.com\/restaurantepegoretti\/\"><img loading=\"lazy\" decoding=\"async\" src=\"https:\/\/jornalfatosenoticias.com.br\/wp-content\/uploads\/2023\/12\/pegoretti-logo-pdf-1024x389.jpg\" alt=\"\" class=\"wp-image-47536\" width=\"514\" height=\"195\" srcset=\"https:\/\/jornalfatosenoticias.com.br\/wp-content\/uploads\/2023\/12\/pegoretti-logo-pdf-1024x389.jpg 1024w, https:\/\/jornalfatosenoticias.com.br\/wp-content\/uploads\/2023\/12\/pegoretti-logo-pdf-300x114.jpg 300w, https:\/\/jornalfatosenoticias.com.br\/wp-content\/uploads\/2023\/12\/pegoretti-logo-pdf-768x291.jpg 768w, https:\/\/jornalfatosenoticias.com.br\/wp-content\/uploads\/2023\/12\/pegoretti-logo-pdf.jpg 1120w\" sizes=\"auto, (max-width: 514px) 100vw, 514px\" \/><\/a><\/figure><\/div>\n\n\n\n<p>Para uma empresa m\u00e9dia, o impacto financeiro dessa falha estrat\u00e9gica pode representar entre 12% e 18% da receita potencial anual \u2014 recursos que seriam destinados a inova\u00e7\u00e3o, expans\u00e3o ou simplesmente maior rentabilidade.<\/p>\n\n\n\n<div class=\"wp-block-image\"><figure class=\"aligncenter size-large\"><a href=\"https:\/\/www.cesconetto.com.br\/\"><img loading=\"lazy\" decoding=\"async\" width=\"300\" height=\"250\" src=\"https:\/\/jornalfatosenoticias.com.br\/wp-content\/uploads\/2022\/02\/Banner-2.png\" alt=\"\" class=\"wp-image-27877\"\/><\/a><\/figure><\/div>\n\n\n\n<p><strong><span class=\"has-inline-color has-vivid-purple-color\">Como garantir a virada estrat\u00e9gica ainda este ano?<br><\/span><\/strong>A boa not\u00edcia \u00e9 que a corre\u00e7\u00e3o de rota \u00e9 poss\u00edvel, mas exige a\u00e7\u00e3o imediata e direcionada. Em nossa an\u00e1lise conjunta, eu e J\u00faliana Pr\u00e1do identificamos tr\u00eas pilares essenciais para essa virada estrat\u00e9gica:<\/p>\n\n\n\n<div class=\"wp-block-image\"><figure class=\"aligncenter size-large is-resized\"><a href=\"https:\/\/www.instagram.com\/gruposei\/\"><img loading=\"lazy\" decoding=\"async\" src=\"https:\/\/jornalfatosenoticias.com.br\/wp-content\/uploads\/2022\/07\/Logo-Grupo-SEI.jpg\" alt=\"\" class=\"wp-image-31973\" width=\"413\" height=\"217\" srcset=\"https:\/\/jornalfatosenoticias.com.br\/wp-content\/uploads\/2022\/07\/Logo-Grupo-SEI.jpg 713w, https:\/\/jornalfatosenoticias.com.br\/wp-content\/uploads\/2022\/07\/Logo-Grupo-SEI-300x158.jpg 300w\" sizes=\"auto, (max-width: 413px) 100vw, 413px\" \/><\/a><\/figure><\/div>\n\n\n\n<ol class=\"wp-block-list\"><li><strong><span class=\"has-inline-color has-vivid-cyan-blue-color\">Recalibra\u00e7\u00e3o realista do planejamento<br><\/span><\/strong>O primeiro passo \u00e9 abandonar o modelo linear e recalcular as metas mensais restantes com base na capacidade produtiva real de cada per\u00edodo. Utilizando o modelo de ajuste apresentado, os cinco meses mais produtivos que restam no ano (maio, agosto, setembro, outubro e novembro) podem, juntos, responder por quase 47% da meta anual \u2014 um potencial significativo para recupera\u00e7\u00e3o.<\/li><li><strong><span class=\"has-inline-color has-vivid-cyan-blue-color\">Concentra\u00e7\u00e3o estrat\u00e9gica de recursos<br><\/span><\/strong>Com metas realistas estabelecidas, o pr\u00f3ximo passo \u00e9 realocar recursos para maximizar o potencial dos meses mais produtivos. Isso pode incluir:<br>\ud83d\udd39 Intensifica\u00e7\u00e3o de campanhas de marketing em per\u00edodos espec\u00edficos<br>\ud83d\udd39 Reorganiza\u00e7\u00e3o das equipes de vendas para maior cobertura nos momentos cr\u00edticos<br>\ud83d\udd39 Antecipa\u00e7\u00e3o de lan\u00e7amentos de produtos ou servi\u00e7os para coincidir com per\u00edodos de alta receptividade<br>\ud83d\udd39 Revis\u00e3o de pol\u00edticas de bonifica\u00e7\u00e3o para incentivar resultados extraordin\u00e1rios<\/li><li><strong><span class=\"has-inline-color has-vivid-cyan-blue-color\">Desenvolvimento acelerado de capacidades<br><\/span><\/strong>O terceiro elemento crucial \u00e9 garantir que suas equipes estejam preparadas para performar em seu potencial m\u00e1ximo nos per\u00edodos de alta produtividade. Isso envolve:<br>\ud83d\udd39 Treinamentos intensivos focados em resultados de curto e m\u00e9dio prazo<br>\ud83d\udd39 Mentorias espec\u00edficas para lideran\u00e7as encarregadas de \u00e1reas estrat\u00e9gicas<br>\ud83d\udd39 Implementa\u00e7\u00e3o de sistemas de acompanhamento em tempo real para ajustes t\u00e1ticos<br>\ud83d\udd39 Estabelecimento de rituais de gest\u00e3o mais frequentes nos per\u00edodos cr\u00edticos<\/li><\/ol>\n\n\n\n<div class=\"wp-block-image\"><figure class=\"aligncenter size-large is-resized\"><a href=\"https:\/\/panper.com.br\/\"><img loading=\"lazy\" decoding=\"async\" src=\"https:\/\/jornalfatosenoticias.com.br\/wp-content\/uploads\/2023\/03\/logo-Panper_portal.jpg\" alt=\"\" class=\"wp-image-40208\" width=\"323\" height=\"224\" srcset=\"https:\/\/jornalfatosenoticias.com.br\/wp-content\/uploads\/2023\/03\/logo-Panper_portal.jpg 400w, https:\/\/jornalfatosenoticias.com.br\/wp-content\/uploads\/2023\/03\/logo-Panper_portal-300x208.jpg 300w\" sizes=\"auto, (max-width: 323px) 100vw, 323px\" \/><\/a><\/figure><\/div>\n\n\n\n<p><strong><span class=\"has-inline-color has-vivid-purple-color\">O momento da decis\u00e3o: reflex\u00e3o e a\u00e7\u00e3o estrat\u00e9gica<br><\/span><\/strong>Em um cen\u00e1rio onde o tempo \u00e9 o recurso mais escasso e a margem para erro praticamente inexistente, a capacidade de autoan\u00e1lise e a busca por conhecimento estrat\u00e9gico tornam-se diferenciais entre a recupera\u00e7\u00e3o espetacular e o fracasso anunciado.<\/p>\n\n\n\n<div class=\"wp-block-image\"><figure class=\"aligncenter size-large is-resized\"><a href=\"https:\/\/www.controlsystems.com.br\/\"><img loading=\"lazy\" decoding=\"async\" src=\"https:\/\/jornalfatosenoticias.com.br\/wp-content\/uploads\/2020\/02\/CONTROL-CS.jpg\" alt=\"\" class=\"wp-image-44991\" width=\"257\" height=\"307\" srcset=\"https:\/\/jornalfatosenoticias.com.br\/wp-content\/uploads\/2020\/02\/CONTROL-CS.jpg 834w, https:\/\/jornalfatosenoticias.com.br\/wp-content\/uploads\/2020\/02\/CONTROL-CS-250x300.jpg 250w, https:\/\/jornalfatosenoticias.com.br\/wp-content\/uploads\/2020\/02\/CONTROL-CS-768x921.jpg 768w\" sizes=\"auto, (max-width: 257px) 100vw, 257px\" \/><\/a><\/figure><\/div>\n\n\n\n<p>Jamil Albuquerque, como presidente da Funda\u00e7\u00e3o Napoleon Hill, frequentemente destaca a import\u00e2ncia do pensamento estrat\u00e9gico e da atitude mental positiva, princ\u00edpios fundamentais para transformar desafios em oportunidades. A filosofia de Napoleon Hill, disseminada pela funda\u00e7\u00e3o, ressoa profundamente com a necessidade atual dos empres\u00e1rios: a de agir com prop\u00f3sito e intelig\u00eancia.<\/p>\n\n\n\n<div class=\"wp-block-image\"><figure class=\"aligncenter size-large\"><a href=\"http:\/\/www.ferrarimaquinas.com.br\/\"><img loading=\"lazy\" decoding=\"async\" width=\"300\" height=\"250\" src=\"https:\/\/jornalfatosenoticias.com.br\/wp-content\/uploads\/2022\/02\/FERRARI_MAQUINAS-E-FERRAMENTAS2.jpg\" alt=\"\" class=\"wp-image-27860\"\/><\/a><\/figure><\/div>\n\n\n\n<p>Este artigo buscou acender um alerta, mas, sobretudo, uma chama de esperan\u00e7a e proatividade. A reflex\u00e3o que propomos, inspirada na urg\u00eancia do calend\u00e1rio e na sabedoria de l\u00edderes como Jamil Albuquerque, \u00e9: quais decis\u00f5es cruciais voc\u00ea, empres\u00e1rio, tomar\u00e1 hoje para redesenhar o restante do seu ano? A in\u00e9rcia tem um custo alto, mas a a\u00e7\u00e3o estrat\u00e9gica consciente tem o poder de redefinir trajet\u00f3rias.<\/p>\n\n\n\n<div class=\"wp-block-image\"><figure class=\"aligncenter size-large is-resized\"><a href=\"https:\/\/hotelmarquetti.com.br\/\"><img loading=\"lazy\" decoding=\"async\" src=\"https:\/\/jornalfatosenoticias.com.br\/wp-content\/uploads\/2020\/02\/LOGO-MQ-1024x680.jpg\" alt=\"\" class=\"wp-image-58299\" width=\"326\" height=\"217\" srcset=\"https:\/\/jornalfatosenoticias.com.br\/wp-content\/uploads\/2020\/02\/LOGO-MQ-1024x680.jpg 1024w, https:\/\/jornalfatosenoticias.com.br\/wp-content\/uploads\/2020\/02\/LOGO-MQ-300x199.jpg 300w, https:\/\/jornalfatosenoticias.com.br\/wp-content\/uploads\/2020\/02\/LOGO-MQ-768x510.jpg 768w, https:\/\/jornalfatosenoticias.com.br\/wp-content\/uploads\/2020\/02\/LOGO-MQ-1536x1020.jpg 1536w, https:\/\/jornalfatosenoticias.com.br\/wp-content\/uploads\/2020\/02\/LOGO-MQ-2048x1360.jpg 2048w\" sizes=\"auto, (max-width: 326px) 100vw, 326px\" \/><\/a><\/figure><\/div>\n\n\n\n<p>Que este maio n\u00e3o seja apenas um marco da passagem do tempo, mas o ponto de inflex\u00e3o para a sua empresa. A oportunidade de recalibrar, realinhar e reacelerar est\u00e1 presente. Cabe a cada l\u00edder empresarial agarr\u00e1-la com vis\u00e3o e coragem, transformando o conhecimento em a\u00e7\u00e3o e a a\u00e7\u00e3o em resultados extraordin\u00e1rios ainda este ano.<\/p>\n","protected":false},"excerpt":{"rendered":"<p>O alarme silencioso do calend\u00e1rio empresarial Por Milena Rohr e J\u00faliana Pr\u00e1do Estamos em maio \u2014 quase metade do ano j\u00e1 se foi. Para muitos empres\u00e1rios brasileiros, este \u00e9 o momento em que uma realidade inc\u00f4moda come\u00e7a a se tornar evidente: as metas ambiciosas estabelecidas em janeiro est\u00e3o distantes de serem alcan\u00e7adas. Se voc\u00ea se [&hellip;]<\/p>\n","protected":false},"author":37,"featured_media":59236,"comment_status":"open","ping_status":"open","sticky":false,"template":"","format":"standard","meta":{"footnotes":""},"categories":[9],"tags":[27050,602,19021,13798,19550,27048,27049,967],"class_list":["post-59235","post","type-post","status-publish","format-standard","has-post-thumbnail","hentry","category-economia","tag-atingir-metas","tag-estrategias","tag-jamil-albuquerque","tag-metas","tag-napoleon-hill","tag-oportunidade-estrategica","tag-planejamento-empresarial","tag-produtividade"],"yoast_head":"<!-- This site is optimized with the Yoast SEO plugin v26.5 - https:\/\/yoast.com\/wordpress\/plugins\/seo\/ -->\n<title>Maio: o momento decisivo para empres\u00e1rios brasileiros recuperarem suas metas anuais - Jornal Fatos e Not\u00edcias<\/title>\n<meta name=\"robots\" content=\"index, follow, max-snippet:-1, max-image-preview:large, max-video-preview:-1\" \/>\n<link rel=\"canonical\" href=\"https:\/\/jornalfatosenoticias.com.br\/index.php\/2025\/05\/15\/maio-o-momento-decisivo-para-empresarios-brasileiros-recuperarem-suas-metas-anuais\/\" \/>\n<meta property=\"og:locale\" content=\"pt_BR\" \/>\n<meta property=\"og:type\" content=\"article\" \/>\n<meta property=\"og:title\" content=\"Maio: o momento decisivo para empres\u00e1rios brasileiros recuperarem suas metas anuais - Jornal Fatos e Not\u00edcias\" \/>\n<meta property=\"og:description\" content=\"O alarme silencioso do calend\u00e1rio empresarial Por Milena Rohr e J\u00faliana Pr\u00e1do Estamos em maio \u2014 quase metade do ano j\u00e1 se foi. Para muitos empres\u00e1rios brasileiros, este \u00e9 o momento em que uma realidade inc\u00f4moda come\u00e7a a se tornar evidente: as metas ambiciosas estabelecidas em janeiro est\u00e3o distantes de serem alcan\u00e7adas. Se voc\u00ea se [&hellip;]\" \/>\n<meta property=\"og:url\" content=\"https:\/\/jornalfatosenoticias.com.br\/index.php\/2025\/05\/15\/maio-o-momento-decisivo-para-empresarios-brasileiros-recuperarem-suas-metas-anuais\/\" \/>\n<meta property=\"og:site_name\" content=\"Jornal Fatos e Not\u00edcias\" \/>\n<meta property=\"article:published_time\" content=\"2025-05-15T16:38:21+00:00\" \/>\n<meta property=\"article:modified_time\" content=\"2025-05-15T16:38:22+00:00\" \/>\n<meta property=\"og:image\" content=\"https:\/\/jornalfatosenoticias.com.br\/wp-content\/uploads\/2025\/05\/Maio-o-momento-decisivo-para-empresarios-brasileiros_freepik.jpg\" \/>\n\t<meta property=\"og:image:width\" content=\"1000\" \/>\n\t<meta property=\"og:image:height\" content=\"666\" \/>\n\t<meta property=\"og:image:type\" content=\"image\/jpeg\" \/>\n<meta name=\"author\" content=\"Milena Rohr\" \/>\n<meta name=\"twitter:card\" content=\"summary_large_image\" \/>\n<meta name=\"twitter:label1\" content=\"Escrito por\" \/>\n\t<meta name=\"twitter:data1\" content=\"Milena Rohr\" \/>\n\t<meta name=\"twitter:label2\" content=\"Est. tempo de leitura\" \/>\n\t<meta name=\"twitter:data2\" content=\"6 minutos\" \/>\n<script type=\"application\/ld+json\" class=\"yoast-schema-graph\">{\"@context\":\"https:\/\/schema.org\",\"@graph\":[{\"@type\":\"Article\",\"@id\":\"https:\/\/jornalfatosenoticias.com.br\/index.php\/2025\/05\/15\/maio-o-momento-decisivo-para-empresarios-brasileiros-recuperarem-suas-metas-anuais\/#article\",\"isPartOf\":{\"@id\":\"https:\/\/jornalfatosenoticias.com.br\/index.php\/2025\/05\/15\/maio-o-momento-decisivo-para-empresarios-brasileiros-recuperarem-suas-metas-anuais\/\"},\"author\":{\"name\":\"Milena Rohr\",\"@id\":\"https:\/\/jornalfatosenoticias.com.br\/#\/schema\/person\/bd76a40517f387e41cc072b0d3c7d627\"},\"headline\":\"Maio: o momento decisivo para empres\u00e1rios brasileiros recuperarem suas metas anuais\",\"datePublished\":\"2025-05-15T16:38:21+00:00\",\"dateModified\":\"2025-05-15T16:38:22+00:00\",\"mainEntityOfPage\":{\"@id\":\"https:\/\/jornalfatosenoticias.com.br\/index.php\/2025\/05\/15\/maio-o-momento-decisivo-para-empresarios-brasileiros-recuperarem-suas-metas-anuais\/\"},\"wordCount\":1191,\"commentCount\":0,\"publisher\":{\"@id\":\"https:\/\/jornalfatosenoticias.com.br\/#organization\"},\"image\":{\"@id\":\"https:\/\/jornalfatosenoticias.com.br\/index.php\/2025\/05\/15\/maio-o-momento-decisivo-para-empresarios-brasileiros-recuperarem-suas-metas-anuais\/#primaryimage\"},\"thumbnailUrl\":\"https:\/\/jornalfatosenoticias.com.br\/wp-content\/uploads\/2025\/05\/Maio-o-momento-decisivo-para-empresarios-brasileiros_freepik.jpg\",\"keywords\":[\"atingir metas\",\"estrat\u00e9gias\",\"Jamil Albuquerque\",\"metas\",\"Napoleon Hill\",\"oportunidade estrat\u00e9gica\",\"planejamento empresarial\",\"produtividade\"],\"articleSection\":[\"Economia\"],\"inLanguage\":\"pt-BR\",\"potentialAction\":[{\"@type\":\"CommentAction\",\"name\":\"Comment\",\"target\":[\"https:\/\/jornalfatosenoticias.com.br\/index.php\/2025\/05\/15\/maio-o-momento-decisivo-para-empresarios-brasileiros-recuperarem-suas-metas-anuais\/#respond\"]}]},{\"@type\":\"WebPage\",\"@id\":\"https:\/\/jornalfatosenoticias.com.br\/index.php\/2025\/05\/15\/maio-o-momento-decisivo-para-empresarios-brasileiros-recuperarem-suas-metas-anuais\/\",\"url\":\"https:\/\/jornalfatosenoticias.com.br\/index.php\/2025\/05\/15\/maio-o-momento-decisivo-para-empresarios-brasileiros-recuperarem-suas-metas-anuais\/\",\"name\":\"Maio: o momento decisivo para empres\u00e1rios brasileiros recuperarem suas metas anuais - Jornal Fatos e Not\u00edcias\",\"isPartOf\":{\"@id\":\"https:\/\/jornalfatosenoticias.com.br\/#website\"},\"primaryImageOfPage\":{\"@id\":\"https:\/\/jornalfatosenoticias.com.br\/index.php\/2025\/05\/15\/maio-o-momento-decisivo-para-empresarios-brasileiros-recuperarem-suas-metas-anuais\/#primaryimage\"},\"image\":{\"@id\":\"https:\/\/jornalfatosenoticias.com.br\/index.php\/2025\/05\/15\/maio-o-momento-decisivo-para-empresarios-brasileiros-recuperarem-suas-metas-anuais\/#primaryimage\"},\"thumbnailUrl\":\"https:\/\/jornalfatosenoticias.com.br\/wp-content\/uploads\/2025\/05\/Maio-o-momento-decisivo-para-empresarios-brasileiros_freepik.jpg\",\"datePublished\":\"2025-05-15T16:38:21+00:00\",\"dateModified\":\"2025-05-15T16:38:22+00:00\",\"breadcrumb\":{\"@id\":\"https:\/\/jornalfatosenoticias.com.br\/index.php\/2025\/05\/15\/maio-o-momento-decisivo-para-empresarios-brasileiros-recuperarem-suas-metas-anuais\/#breadcrumb\"},\"inLanguage\":\"pt-BR\",\"potentialAction\":[{\"@type\":\"ReadAction\",\"target\":[\"https:\/\/jornalfatosenoticias.com.br\/index.php\/2025\/05\/15\/maio-o-momento-decisivo-para-empresarios-brasileiros-recuperarem-suas-metas-anuais\/\"]}]},{\"@type\":\"ImageObject\",\"inLanguage\":\"pt-BR\",\"@id\":\"https:\/\/jornalfatosenoticias.com.br\/index.php\/2025\/05\/15\/maio-o-momento-decisivo-para-empresarios-brasileiros-recuperarem-suas-metas-anuais\/#primaryimage\",\"url\":\"https:\/\/jornalfatosenoticias.com.br\/wp-content\/uploads\/2025\/05\/Maio-o-momento-decisivo-para-empresarios-brasileiros_freepik.jpg\",\"contentUrl\":\"https:\/\/jornalfatosenoticias.com.br\/wp-content\/uploads\/2025\/05\/Maio-o-momento-decisivo-para-empresarios-brasileiros_freepik.jpg\",\"width\":1000,\"height\":666,\"caption\":\"Businessman holding red dart push on target. Business strategy planning success target goals. Business development concept\"},{\"@type\":\"BreadcrumbList\",\"@id\":\"https:\/\/jornalfatosenoticias.com.br\/index.php\/2025\/05\/15\/maio-o-momento-decisivo-para-empresarios-brasileiros-recuperarem-suas-metas-anuais\/#breadcrumb\",\"itemListElement\":[{\"@type\":\"ListItem\",\"position\":1,\"name\":\"In\u00edcio\",\"item\":\"https:\/\/jornalfatosenoticias.com.br\/\"},{\"@type\":\"ListItem\",\"position\":2,\"name\":\"Maio: o momento decisivo para empres\u00e1rios brasileiros recuperarem suas metas anuais\"}]},{\"@type\":\"WebSite\",\"@id\":\"https:\/\/jornalfatosenoticias.com.br\/#website\",\"url\":\"https:\/\/jornalfatosenoticias.com.br\/\",\"name\":\"Jornal Fatos e Not\u00edcias\",\"description\":\"Not\u00edcias em geral\",\"publisher\":{\"@id\":\"https:\/\/jornalfatosenoticias.com.br\/#organization\"},\"potentialAction\":[{\"@type\":\"SearchAction\",\"target\":{\"@type\":\"EntryPoint\",\"urlTemplate\":\"https:\/\/jornalfatosenoticias.com.br\/?s={search_term_string}\"},\"query-input\":{\"@type\":\"PropertyValueSpecification\",\"valueRequired\":true,\"valueName\":\"search_term_string\"}}],\"inLanguage\":\"pt-BR\"},{\"@type\":\"Organization\",\"@id\":\"https:\/\/jornalfatosenoticias.com.br\/#organization\",\"name\":\"Jornal Fatos e Not\u00edcias\",\"url\":\"https:\/\/jornalfatosenoticias.com.br\/\",\"logo\":{\"@type\":\"ImageObject\",\"inLanguage\":\"pt-BR\",\"@id\":\"https:\/\/jornalfatosenoticias.com.br\/#\/schema\/logo\/image\/\",\"url\":\"https:\/\/jornalfatosenoticias.com.br\/wp-content\/uploads\/2020\/02\/logo120.png\",\"contentUrl\":\"https:\/\/jornalfatosenoticias.com.br\/wp-content\/uploads\/2020\/02\/logo120.png\",\"width\":1227,\"height\":120,\"caption\":\"Jornal Fatos e Not\u00edcias\"},\"image\":{\"@id\":\"https:\/\/jornalfatosenoticias.com.br\/#\/schema\/logo\/image\/\"}},{\"@type\":\"Person\",\"@id\":\"https:\/\/jornalfatosenoticias.com.br\/#\/schema\/person\/bd76a40517f387e41cc072b0d3c7d627\",\"name\":\"Milena Rohr\",\"image\":{\"@type\":\"ImageObject\",\"inLanguage\":\"pt-BR\",\"@id\":\"https:\/\/jornalfatosenoticias.com.br\/#\/schema\/person\/image\/\",\"url\":\"https:\/\/jornalfatosenoticias.com.br\/wp-content\/uploads\/2026\/03\/Milena-Rohr_portal-150x150.jpg\",\"contentUrl\":\"https:\/\/jornalfatosenoticias.com.br\/wp-content\/uploads\/2026\/03\/Milena-Rohr_portal-150x150.jpg\",\"caption\":\"Milena Rohr\"},\"description\":\"Milena Rohr S\u00f3cia e diretora do MasterMind (Funda\u00e7\u00e3o Napoleon Hill), Gestora Empresarial, Embaixadora do BNI, Palestrante, Escritora, Colunista e Mentora FRST do Grupo Falconi\",\"url\":\"https:\/\/jornalfatosenoticias.com.br\/index.php\/author\/milena-rhor\/\"}]}<\/script>\n<!-- \/ Yoast SEO plugin. -->","yoast_head_json":{"title":"Maio: o momento decisivo para empres\u00e1rios brasileiros recuperarem suas metas anuais - Jornal Fatos e Not\u00edcias","robots":{"index":"index","follow":"follow","max-snippet":"max-snippet:-1","max-image-preview":"max-image-preview:large","max-video-preview":"max-video-preview:-1"},"canonical":"https:\/\/jornalfatosenoticias.com.br\/index.php\/2025\/05\/15\/maio-o-momento-decisivo-para-empresarios-brasileiros-recuperarem-suas-metas-anuais\/","og_locale":"pt_BR","og_type":"article","og_title":"Maio: o momento decisivo para empres\u00e1rios brasileiros recuperarem suas metas anuais - Jornal Fatos e Not\u00edcias","og_description":"O alarme silencioso do calend\u00e1rio empresarial Por Milena Rohr e J\u00faliana Pr\u00e1do Estamos em maio \u2014 quase metade do ano j\u00e1 se foi. Para muitos empres\u00e1rios brasileiros, este \u00e9 o momento em que uma realidade inc\u00f4moda come\u00e7a a se tornar evidente: as metas ambiciosas estabelecidas em janeiro est\u00e3o distantes de serem alcan\u00e7adas. Se voc\u00ea se [&hellip;]","og_url":"https:\/\/jornalfatosenoticias.com.br\/index.php\/2025\/05\/15\/maio-o-momento-decisivo-para-empresarios-brasileiros-recuperarem-suas-metas-anuais\/","og_site_name":"Jornal Fatos e Not\u00edcias","article_published_time":"2025-05-15T16:38:21+00:00","article_modified_time":"2025-05-15T16:38:22+00:00","og_image":[{"width":1000,"height":666,"url":"https:\/\/jornalfatosenoticias.com.br\/wp-content\/uploads\/2025\/05\/Maio-o-momento-decisivo-para-empresarios-brasileiros_freepik.jpg","type":"image\/jpeg"}],"author":"Milena Rohr","twitter_card":"summary_large_image","twitter_misc":{"Escrito por":"Milena Rohr","Est. tempo de leitura":"6 minutos"},"schema":{"@context":"https:\/\/schema.org","@graph":[{"@type":"Article","@id":"https:\/\/jornalfatosenoticias.com.br\/index.php\/2025\/05\/15\/maio-o-momento-decisivo-para-empresarios-brasileiros-recuperarem-suas-metas-anuais\/#article","isPartOf":{"@id":"https:\/\/jornalfatosenoticias.com.br\/index.php\/2025\/05\/15\/maio-o-momento-decisivo-para-empresarios-brasileiros-recuperarem-suas-metas-anuais\/"},"author":{"name":"Milena Rohr","@id":"https:\/\/jornalfatosenoticias.com.br\/#\/schema\/person\/bd76a40517f387e41cc072b0d3c7d627"},"headline":"Maio: o momento decisivo para empres\u00e1rios brasileiros recuperarem suas metas anuais","datePublished":"2025-05-15T16:38:21+00:00","dateModified":"2025-05-15T16:38:22+00:00","mainEntityOfPage":{"@id":"https:\/\/jornalfatosenoticias.com.br\/index.php\/2025\/05\/15\/maio-o-momento-decisivo-para-empresarios-brasileiros-recuperarem-suas-metas-anuais\/"},"wordCount":1191,"commentCount":0,"publisher":{"@id":"https:\/\/jornalfatosenoticias.com.br\/#organization"},"image":{"@id":"https:\/\/jornalfatosenoticias.com.br\/index.php\/2025\/05\/15\/maio-o-momento-decisivo-para-empresarios-brasileiros-recuperarem-suas-metas-anuais\/#primaryimage"},"thumbnailUrl":"https:\/\/jornalfatosenoticias.com.br\/wp-content\/uploads\/2025\/05\/Maio-o-momento-decisivo-para-empresarios-brasileiros_freepik.jpg","keywords":["atingir metas","estrat\u00e9gias","Jamil Albuquerque","metas","Napoleon Hill","oportunidade estrat\u00e9gica","planejamento empresarial","produtividade"],"articleSection":["Economia"],"inLanguage":"pt-BR","potentialAction":[{"@type":"CommentAction","name":"Comment","target":["https:\/\/jornalfatosenoticias.com.br\/index.php\/2025\/05\/15\/maio-o-momento-decisivo-para-empresarios-brasileiros-recuperarem-suas-metas-anuais\/#respond"]}]},{"@type":"WebPage","@id":"https:\/\/jornalfatosenoticias.com.br\/index.php\/2025\/05\/15\/maio-o-momento-decisivo-para-empresarios-brasileiros-recuperarem-suas-metas-anuais\/","url":"https:\/\/jornalfatosenoticias.com.br\/index.php\/2025\/05\/15\/maio-o-momento-decisivo-para-empresarios-brasileiros-recuperarem-suas-metas-anuais\/","name":"Maio: o momento decisivo para empres\u00e1rios brasileiros recuperarem suas metas anuais - Jornal Fatos e Not\u00edcias","isPartOf":{"@id":"https:\/\/jornalfatosenoticias.com.br\/#website"},"primaryImageOfPage":{"@id":"https:\/\/jornalfatosenoticias.com.br\/index.php\/2025\/05\/15\/maio-o-momento-decisivo-para-empresarios-brasileiros-recuperarem-suas-metas-anuais\/#primaryimage"},"image":{"@id":"https:\/\/jornalfatosenoticias.com.br\/index.php\/2025\/05\/15\/maio-o-momento-decisivo-para-empresarios-brasileiros-recuperarem-suas-metas-anuais\/#primaryimage"},"thumbnailUrl":"https:\/\/jornalfatosenoticias.com.br\/wp-content\/uploads\/2025\/05\/Maio-o-momento-decisivo-para-empresarios-brasileiros_freepik.jpg","datePublished":"2025-05-15T16:38:21+00:00","dateModified":"2025-05-15T16:38:22+00:00","breadcrumb":{"@id":"https:\/\/jornalfatosenoticias.com.br\/index.php\/2025\/05\/15\/maio-o-momento-decisivo-para-empresarios-brasileiros-recuperarem-suas-metas-anuais\/#breadcrumb"},"inLanguage":"pt-BR","potentialAction":[{"@type":"ReadAction","target":["https:\/\/jornalfatosenoticias.com.br\/index.php\/2025\/05\/15\/maio-o-momento-decisivo-para-empresarios-brasileiros-recuperarem-suas-metas-anuais\/"]}]},{"@type":"ImageObject","inLanguage":"pt-BR","@id":"https:\/\/jornalfatosenoticias.com.br\/index.php\/2025\/05\/15\/maio-o-momento-decisivo-para-empresarios-brasileiros-recuperarem-suas-metas-anuais\/#primaryimage","url":"https:\/\/jornalfatosenoticias.com.br\/wp-content\/uploads\/2025\/05\/Maio-o-momento-decisivo-para-empresarios-brasileiros_freepik.jpg","contentUrl":"https:\/\/jornalfatosenoticias.com.br\/wp-content\/uploads\/2025\/05\/Maio-o-momento-decisivo-para-empresarios-brasileiros_freepik.jpg","width":1000,"height":666,"caption":"Businessman holding red dart push on target. Business strategy planning success target goals. Business development concept"},{"@type":"BreadcrumbList","@id":"https:\/\/jornalfatosenoticias.com.br\/index.php\/2025\/05\/15\/maio-o-momento-decisivo-para-empresarios-brasileiros-recuperarem-suas-metas-anuais\/#breadcrumb","itemListElement":[{"@type":"ListItem","position":1,"name":"In\u00edcio","item":"https:\/\/jornalfatosenoticias.com.br\/"},{"@type":"ListItem","position":2,"name":"Maio: o momento decisivo para empres\u00e1rios brasileiros recuperarem suas metas anuais"}]},{"@type":"WebSite","@id":"https:\/\/jornalfatosenoticias.com.br\/#website","url":"https:\/\/jornalfatosenoticias.com.br\/","name":"Jornal Fatos e Not\u00edcias","description":"Not\u00edcias em geral","publisher":{"@id":"https:\/\/jornalfatosenoticias.com.br\/#organization"},"potentialAction":[{"@type":"SearchAction","target":{"@type":"EntryPoint","urlTemplate":"https:\/\/jornalfatosenoticias.com.br\/?s={search_term_string}"},"query-input":{"@type":"PropertyValueSpecification","valueRequired":true,"valueName":"search_term_string"}}],"inLanguage":"pt-BR"},{"@type":"Organization","@id":"https:\/\/jornalfatosenoticias.com.br\/#organization","name":"Jornal Fatos e Not\u00edcias","url":"https:\/\/jornalfatosenoticias.com.br\/","logo":{"@type":"ImageObject","inLanguage":"pt-BR","@id":"https:\/\/jornalfatosenoticias.com.br\/#\/schema\/logo\/image\/","url":"https:\/\/jornalfatosenoticias.com.br\/wp-content\/uploads\/2020\/02\/logo120.png","contentUrl":"https:\/\/jornalfatosenoticias.com.br\/wp-content\/uploads\/2020\/02\/logo120.png","width":1227,"height":120,"caption":"Jornal Fatos e Not\u00edcias"},"image":{"@id":"https:\/\/jornalfatosenoticias.com.br\/#\/schema\/logo\/image\/"}},{"@type":"Person","@id":"https:\/\/jornalfatosenoticias.com.br\/#\/schema\/person\/bd76a40517f387e41cc072b0d3c7d627","name":"Milena Rohr","image":{"@type":"ImageObject","inLanguage":"pt-BR","@id":"https:\/\/jornalfatosenoticias.com.br\/#\/schema\/person\/image\/","url":"https:\/\/jornalfatosenoticias.com.br\/wp-content\/uploads\/2026\/03\/Milena-Rohr_portal-150x150.jpg","contentUrl":"https:\/\/jornalfatosenoticias.com.br\/wp-content\/uploads\/2026\/03\/Milena-Rohr_portal-150x150.jpg","caption":"Milena Rohr"},"description":"Milena Rohr S\u00f3cia e diretora do MasterMind (Funda\u00e7\u00e3o Napoleon Hill), Gestora Empresarial, Embaixadora do BNI, Palestrante, Escritora, Colunista e Mentora FRST do Grupo Falconi","url":"https:\/\/jornalfatosenoticias.com.br\/index.php\/author\/milena-rhor\/"}]}},"cc_featured_image_caption":{"caption_text":"(Foto: Freepik) ","source_text":"","source_url":""},"jetpack_featured_media_url":"https:\/\/jornalfatosenoticias.com.br\/wp-content\/uploads\/2025\/05\/Maio-o-momento-decisivo-para-empresarios-brasileiros_freepik.jpg","_links":{"self":[{"href":"https:\/\/jornalfatosenoticias.com.br\/index.php\/wp-json\/wp\/v2\/posts\/59235","targetHints":{"allow":["GET"]}}],"collection":[{"href":"https:\/\/jornalfatosenoticias.com.br\/index.php\/wp-json\/wp\/v2\/posts"}],"about":[{"href":"https:\/\/jornalfatosenoticias.com.br\/index.php\/wp-json\/wp\/v2\/types\/post"}],"author":[{"embeddable":true,"href":"https:\/\/jornalfatosenoticias.com.br\/index.php\/wp-json\/wp\/v2\/users\/37"}],"replies":[{"embeddable":true,"href":"https:\/\/jornalfatosenoticias.com.br\/index.php\/wp-json\/wp\/v2\/comments?post=59235"}],"version-history":[{"count":0,"href":"https:\/\/jornalfatosenoticias.com.br\/index.php\/wp-json\/wp\/v2\/posts\/59235\/revisions"}],"wp:featuredmedia":[{"embeddable":true,"href":"https:\/\/jornalfatosenoticias.com.br\/index.php\/wp-json\/wp\/v2\/media\/59236"}],"wp:attachment":[{"href":"https:\/\/jornalfatosenoticias.com.br\/index.php\/wp-json\/wp\/v2\/media?parent=59235"}],"wp:term":[{"taxonomy":"category","embeddable":true,"href":"https:\/\/jornalfatosenoticias.com.br\/index.php\/wp-json\/wp\/v2\/categories?post=59235"},{"taxonomy":"post_tag","embeddable":true,"href":"https:\/\/jornalfatosenoticias.com.br\/index.php\/wp-json\/wp\/v2\/tags?post=59235"}],"curies":[{"name":"wp","href":"https:\/\/api.w.org\/{rel}","templated":true}]}}