{"id":59261,"date":"2025-05-16T12:40:14","date_gmt":"2025-05-16T15:40:14","guid":{"rendered":"https:\/\/jornalfatosenoticias.com.br\/?p=59261"},"modified":"2025-05-16T12:40:15","modified_gmt":"2025-05-16T15:40:15","slug":"equipe-da-uff-representara-brasil-em-competicao-no-canada-com-rover-espacial","status":"publish","type":"post","link":"https:\/\/jornalfatosenoticias.com.br\/index.php\/2025\/05\/16\/equipe-da-uff-representara-brasil-em-competicao-no-canada-com-rover-espacial\/","title":{"rendered":"Equipe da UFF representar\u00e1 Brasil em competi\u00e7\u00e3o no Canad\u00e1 com rover espacial"},"content":{"rendered":"\n<p><span class=\"has-inline-color has-black-color\">Por <strong><a href=\"https:\/\/canaltech.com.br\/equipe\/nathan-vieira\/\">Nathan Vieira<\/a><\/strong><\/span><\/p>\n\n\n\n<div class=\"wp-block-image\"><figure class=\"aligncenter size-large is-resized\"><a href=\"https:\/\/www.facebook.com\/vetor.vix\/\"><img loading=\"lazy\" decoding=\"async\" src=\"https:\/\/jornalfatosenoticias.com.br\/wp-content\/uploads\/2023\/09\/vetorvix1024_1.jpg\" alt=\"\" class=\"wp-image-44868\" width=\"528\" height=\"140\" srcset=\"https:\/\/jornalfatosenoticias.com.br\/wp-content\/uploads\/2023\/09\/vetorvix1024_1.jpg 1024w, https:\/\/jornalfatosenoticias.com.br\/wp-content\/uploads\/2023\/09\/vetorvix1024_1-300x80.jpg 300w, https:\/\/jornalfatosenoticias.com.br\/wp-content\/uploads\/2023\/09\/vetorvix1024_1-768x205.jpg 768w\" sizes=\"auto, (max-width: 528px) 100vw, 528px\" \/><\/a><\/figure><\/div>\n\n\n\n<p>Uma equipe de estudantes da Universidade Federal Fluminense (UFF) foi selecionada para representar o Brasil no Canadian International Rover Challenge (CIRC) 2025, que acontece de 8 a 11 de agosto em Drumheller (Alberta, Canad\u00e1). O grupo projetou um rover espacial capaz de enfrentar terrenos desafiadores, simulando condi\u00e7\u00f5es extraterrestres como as de <a href=\"https:\/\/canaltech.com.br\/espaco\/marte-o-planeta-vermelho-do-sistema-solar\/\">Marte<\/a>.<br>Criada em 2017, a The Myths Brazil j\u00e1 tem hist\u00f3rico em eventos internacionais. Em 2018, conquistou pr\u00eamios em competi\u00e7\u00f5es promovida pela <a href=\"https:\/\/canaltech.com.br\/empresa\/nasa\/\">Nasa<\/a>, com destaque pelo design inovador do ve\u00edculo. No evento que vai acontecer em agosto, eles foram os \u00fanicos alunos brasileiros classificados.<\/p>\n\n\n\n<div class=\"wp-block-image\"><figure class=\"aligncenter size-large\"><a href=\"https:\/\/www.cesconetto.com.br\/\"><img loading=\"lazy\" decoding=\"async\" width=\"300\" height=\"250\" src=\"https:\/\/jornalfatosenoticias.com.br\/wp-content\/uploads\/2022\/02\/Banner-2.png\" alt=\"\" class=\"wp-image-27877\"\/><\/a><\/figure><\/div>\n\n\n\n<p>Na competi\u00e7\u00e3o, as equipes devem usar os rovers projetados para completar diversas tarefas, como atravessar terrenos variados, operar de forma aut\u00f4noma e operar um bra\u00e7o h\u00e1bil. A iniciativa veio de alunos do Programa de Educa\u00e7\u00e3o Tutorial em Engenharia Mec\u00e2nica (PET-MEC) e \u00e9 financiada pelo Minist\u00e9rio da Educa\u00e7\u00e3o (MEC).<\/p>\n\n\n\n<div class=\"wp-block-image\"><figure class=\"aligncenter size-large is-resized\"><a href=\"https:\/\/panper.com.br\/\"><img loading=\"lazy\" decoding=\"async\" src=\"https:\/\/jornalfatosenoticias.com.br\/wp-content\/uploads\/2023\/03\/logo-Panper_portal.jpg\" alt=\"\" class=\"wp-image-40208\" width=\"303\" height=\"210\" srcset=\"https:\/\/jornalfatosenoticias.com.br\/wp-content\/uploads\/2023\/03\/logo-Panper_portal.jpg 400w, https:\/\/jornalfatosenoticias.com.br\/wp-content\/uploads\/2023\/03\/logo-Panper_portal-300x208.jpg 300w\" sizes=\"auto, (max-width: 303px) 100vw, 303px\" \/><\/a><\/figure><\/div>\n\n\n\n<p>Apesar do reconhecimento, os estudantes enfrentam dificuldades para financiar a viagem ao Canad\u00e1. Sem apoio financeiro espec\u00edfico para esse evento, eles organizaram uma vaquinha on-line para custear passagens e transporte do rover.<\/p>\n\n\n\n<div class=\"wp-block-image\"><figure class=\"aligncenter size-large is-resized\"><a href=\"https:\/\/www.instagram.com\/gruposei\/\"><img loading=\"lazy\" decoding=\"async\" src=\"https:\/\/jornalfatosenoticias.com.br\/wp-content\/uploads\/2022\/07\/Logo-Grupo-SEI.jpg\" alt=\"\" class=\"wp-image-31973\" width=\"317\" height=\"166\" srcset=\"https:\/\/jornalfatosenoticias.com.br\/wp-content\/uploads\/2022\/07\/Logo-Grupo-SEI.jpg 713w, https:\/\/jornalfatosenoticias.com.br\/wp-content\/uploads\/2022\/07\/Logo-Grupo-SEI-300x158.jpg 300w\" sizes=\"auto, (max-width: 317px) 100vw, 317px\" \/><\/a><\/figure><\/div>\n\n\n\n<p><strong><span class=\"has-inline-color has-black-color\">Canadian International Rover Challenge (CIRC) 2025<br><\/span><\/strong>As equipes do Canadian International Rover Challenge (CIRC) 2025 s\u00e3o compostas por alunos do ensino m\u00e9dio ou superior. O lugar em que se passa o evento \u00e9 descrito pelo pr\u00f3prio site do evento como &#8220;o ambiente ideal para equipes universit\u00e1rias de rob\u00f3tica e espa\u00e7o competirem e exibirem seus rovers&#8221;.<\/p>\n\n\n\n<div class=\"wp-block-image\"><figure class=\"aligncenter size-large is-resized\"><a href=\"https:\/\/www.instagram.com\/serra4x4cambioautomatico\/\"><img loading=\"lazy\" decoding=\"async\" src=\"https:\/\/jornalfatosenoticias.com.br\/wp-content\/uploads\/2024\/08\/Serra-4x4-1-886x1024.jpg\" alt=\"\" class=\"wp-image-53632\" width=\"227\" height=\"262\" srcset=\"https:\/\/jornalfatosenoticias.com.br\/wp-content\/uploads\/2024\/08\/Serra-4x4-1-886x1024.jpg 886w, https:\/\/jornalfatosenoticias.com.br\/wp-content\/uploads\/2024\/08\/Serra-4x4-1-260x300.jpg 260w, https:\/\/jornalfatosenoticias.com.br\/wp-content\/uploads\/2024\/08\/Serra-4x4-1-768x888.jpg 768w, https:\/\/jornalfatosenoticias.com.br\/wp-content\/uploads\/2024\/08\/Serra-4x4-1.jpg 1181w\" sizes=\"auto, (max-width: 227px) 100vw, 227px\" \/><\/a><\/figure><\/div>\n\n\n\n<p><strong>Fonte: <a href=\"https:\/\/canaltech.com.br\/espaco\/equipe-da-uff-representa-brasil-em-competicao-no-canada-com-rover-espacial\/\">Canaltech<\/a><\/strong><\/p>\n","protected":false},"excerpt":{"rendered":"<p>Por Nathan Vieira Uma equipe de estudantes da Universidade Federal Fluminense (UFF) foi selecionada para representar o Brasil no Canadian International Rover Challenge (CIRC) 2025, que acontece de 8 a 11 de agosto em Drumheller (Alberta, Canad\u00e1). O grupo projetou um rover espacial capaz de enfrentar terrenos desafiadores, simulando condi\u00e7\u00f5es extraterrestres como as de Marte.Criada [&hellip;]<\/p>\n","protected":false},"author":2,"featured_media":59262,"comment_status":"open","ping_status":"open","sticky":false,"template":"","format":"standard","meta":{"footnotes":""},"categories":[7],"tags":[2668,27070,6138,326,27069],"class_list":["post-59261","post","type-post","status-publish","format-standard","has-post-thumbnail","hentry","category-educacao","tag-canada","tag-canadian-international-rover-challenge","tag-engenharia","tag-ensino-superior","tag-uff"],"yoast_head":"<!-- This site is optimized with the Yoast SEO plugin v26.5 - https:\/\/yoast.com\/wordpress\/plugins\/seo\/ -->\n<title>Equipe da UFF representar\u00e1 Brasil em competi\u00e7\u00e3o no Canad\u00e1 com rover espacial - Jornal Fatos e Not\u00edcias<\/title>\n<meta name=\"robots\" content=\"index, follow, max-snippet:-1, max-image-preview:large, max-video-preview:-1\" \/>\n<link rel=\"canonical\" href=\"https:\/\/jornalfatosenoticias.com.br\/index.php\/2025\/05\/16\/equipe-da-uff-representara-brasil-em-competicao-no-canada-com-rover-espacial\/\" \/>\n<meta property=\"og:locale\" content=\"pt_BR\" \/>\n<meta property=\"og:type\" content=\"article\" \/>\n<meta property=\"og:title\" content=\"Equipe da UFF representar\u00e1 Brasil em competi\u00e7\u00e3o no Canad\u00e1 com rover espacial - Jornal Fatos e Not\u00edcias\" \/>\n<meta property=\"og:description\" content=\"Por Nathan Vieira Uma equipe de estudantes da Universidade Federal Fluminense (UFF) foi selecionada para representar o Brasil no Canadian International Rover Challenge (CIRC) 2025, que acontece de 8 a 11 de agosto em Drumheller (Alberta, Canad\u00e1). O grupo projetou um rover espacial capaz de enfrentar terrenos desafiadores, simulando condi\u00e7\u00f5es extraterrestres como as de Marte.Criada [&hellip;]\" \/>\n<meta property=\"og:url\" content=\"https:\/\/jornalfatosenoticias.com.br\/index.php\/2025\/05\/16\/equipe-da-uff-representara-brasil-em-competicao-no-canada-com-rover-espacial\/\" \/>\n<meta property=\"og:site_name\" content=\"Jornal Fatos e Not\u00edcias\" \/>\n<meta property=\"article:published_time\" content=\"2025-05-16T15:40:14+00:00\" \/>\n<meta property=\"article:modified_time\" content=\"2025-05-16T15:40:15+00:00\" \/>\n<meta property=\"og:image\" content=\"https:\/\/jornalfatosenoticias.com.br\/wp-content\/uploads\/2025\/05\/competicao_internacional_de_engenharia_UFF.jpg\" \/>\n\t<meta property=\"og:image:width\" content=\"1000\" \/>\n\t<meta property=\"og:image:height\" content=\"598\" \/>\n\t<meta property=\"og:image:type\" content=\"image\/jpeg\" \/>\n<meta name=\"author\" content=\"Luzimara Fernandes\" \/>\n<meta name=\"twitter:card\" content=\"summary_large_image\" \/>\n<meta name=\"twitter:label1\" content=\"Escrito por\" \/>\n\t<meta name=\"twitter:data1\" content=\"Luzimara Fernandes\" \/>\n\t<meta name=\"twitter:label2\" content=\"Est. tempo de leitura\" \/>\n\t<meta name=\"twitter:data2\" content=\"1 minuto\" \/>\n<script type=\"application\/ld+json\" class=\"yoast-schema-graph\">{\"@context\":\"https:\/\/schema.org\",\"@graph\":[{\"@type\":\"Article\",\"@id\":\"https:\/\/jornalfatosenoticias.com.br\/index.php\/2025\/05\/16\/equipe-da-uff-representara-brasil-em-competicao-no-canada-com-rover-espacial\/#article\",\"isPartOf\":{\"@id\":\"https:\/\/jornalfatosenoticias.com.br\/index.php\/2025\/05\/16\/equipe-da-uff-representara-brasil-em-competicao-no-canada-com-rover-espacial\/\"},\"author\":{\"name\":\"Luzimara Fernandes\",\"@id\":\"https:\/\/jornalfatosenoticias.com.br\/#\/schema\/person\/d63837fa13ac8666eb9e74e0985d6f81\"},\"headline\":\"Equipe da UFF representar\u00e1 Brasil em competi\u00e7\u00e3o no Canad\u00e1 com rover espacial\",\"datePublished\":\"2025-05-16T15:40:14+00:00\",\"dateModified\":\"2025-05-16T15:40:15+00:00\",\"mainEntityOfPage\":{\"@id\":\"https:\/\/jornalfatosenoticias.com.br\/index.php\/2025\/05\/16\/equipe-da-uff-representara-brasil-em-competicao-no-canada-com-rover-espacial\/\"},\"wordCount\":259,\"commentCount\":0,\"publisher\":{\"@id\":\"https:\/\/jornalfatosenoticias.com.br\/#organization\"},\"image\":{\"@id\":\"https:\/\/jornalfatosenoticias.com.br\/index.php\/2025\/05\/16\/equipe-da-uff-representara-brasil-em-competicao-no-canada-com-rover-espacial\/#primaryimage\"},\"thumbnailUrl\":\"https:\/\/jornalfatosenoticias.com.br\/wp-content\/uploads\/2025\/05\/competicao_internacional_de_engenharia_UFF.jpg\",\"keywords\":[\"Canad\u00e1\",\"Canadian International Rover Challenge\",\"engenharia\",\"ensino superior\",\"UFF\"],\"articleSection\":[\"Educa\u00e7\u00e3o\"],\"inLanguage\":\"pt-BR\",\"potentialAction\":[{\"@type\":\"CommentAction\",\"name\":\"Comment\",\"target\":[\"https:\/\/jornalfatosenoticias.com.br\/index.php\/2025\/05\/16\/equipe-da-uff-representara-brasil-em-competicao-no-canada-com-rover-espacial\/#respond\"]}]},{\"@type\":\"WebPage\",\"@id\":\"https:\/\/jornalfatosenoticias.com.br\/index.php\/2025\/05\/16\/equipe-da-uff-representara-brasil-em-competicao-no-canada-com-rover-espacial\/\",\"url\":\"https:\/\/jornalfatosenoticias.com.br\/index.php\/2025\/05\/16\/equipe-da-uff-representara-brasil-em-competicao-no-canada-com-rover-espacial\/\",\"name\":\"Equipe da UFF representar\u00e1 Brasil em competi\u00e7\u00e3o no Canad\u00e1 com rover espacial - Jornal Fatos e Not\u00edcias\",\"isPartOf\":{\"@id\":\"https:\/\/jornalfatosenoticias.com.br\/#website\"},\"primaryImageOfPage\":{\"@id\":\"https:\/\/jornalfatosenoticias.com.br\/index.php\/2025\/05\/16\/equipe-da-uff-representara-brasil-em-competicao-no-canada-com-rover-espacial\/#primaryimage\"},\"image\":{\"@id\":\"https:\/\/jornalfatosenoticias.com.br\/index.php\/2025\/05\/16\/equipe-da-uff-representara-brasil-em-competicao-no-canada-com-rover-espacial\/#primaryimage\"},\"thumbnailUrl\":\"https:\/\/jornalfatosenoticias.com.br\/wp-content\/uploads\/2025\/05\/competicao_internacional_de_engenharia_UFF.jpg\",\"datePublished\":\"2025-05-16T15:40:14+00:00\",\"dateModified\":\"2025-05-16T15:40:15+00:00\",\"breadcrumb\":{\"@id\":\"https:\/\/jornalfatosenoticias.com.br\/index.php\/2025\/05\/16\/equipe-da-uff-representara-brasil-em-competicao-no-canada-com-rover-espacial\/#breadcrumb\"},\"inLanguage\":\"pt-BR\",\"potentialAction\":[{\"@type\":\"ReadAction\",\"target\":[\"https:\/\/jornalfatosenoticias.com.br\/index.php\/2025\/05\/16\/equipe-da-uff-representara-brasil-em-competicao-no-canada-com-rover-espacial\/\"]}]},{\"@type\":\"ImageObject\",\"inLanguage\":\"pt-BR\",\"@id\":\"https:\/\/jornalfatosenoticias.com.br\/index.php\/2025\/05\/16\/equipe-da-uff-representara-brasil-em-competicao-no-canada-com-rover-espacial\/#primaryimage\",\"url\":\"https:\/\/jornalfatosenoticias.com.br\/wp-content\/uploads\/2025\/05\/competicao_internacional_de_engenharia_UFF.jpg\",\"contentUrl\":\"https:\/\/jornalfatosenoticias.com.br\/wp-content\/uploads\/2025\/05\/competicao_internacional_de_engenharia_UFF.jpg\",\"width\":1000,\"height\":598},{\"@type\":\"BreadcrumbList\",\"@id\":\"https:\/\/jornalfatosenoticias.com.br\/index.php\/2025\/05\/16\/equipe-da-uff-representara-brasil-em-competicao-no-canada-com-rover-espacial\/#breadcrumb\",\"itemListElement\":[{\"@type\":\"ListItem\",\"position\":1,\"name\":\"In\u00edcio\",\"item\":\"https:\/\/jornalfatosenoticias.com.br\/\"},{\"@type\":\"ListItem\",\"position\":2,\"name\":\"Equipe da UFF representar\u00e1 Brasil em competi\u00e7\u00e3o no Canad\u00e1 com rover espacial\"}]},{\"@type\":\"WebSite\",\"@id\":\"https:\/\/jornalfatosenoticias.com.br\/#website\",\"url\":\"https:\/\/jornalfatosenoticias.com.br\/\",\"name\":\"Jornal Fatos e Not\u00edcias\",\"description\":\"Not\u00edcias em geral\",\"publisher\":{\"@id\":\"https:\/\/jornalfatosenoticias.com.br\/#organization\"},\"potentialAction\":[{\"@type\":\"SearchAction\",\"target\":{\"@type\":\"EntryPoint\",\"urlTemplate\":\"https:\/\/jornalfatosenoticias.com.br\/?s={search_term_string}\"},\"query-input\":{\"@type\":\"PropertyValueSpecification\",\"valueRequired\":true,\"valueName\":\"search_term_string\"}}],\"inLanguage\":\"pt-BR\"},{\"@type\":\"Organization\",\"@id\":\"https:\/\/jornalfatosenoticias.com.br\/#organization\",\"name\":\"Jornal Fatos e Not\u00edcias\",\"url\":\"https:\/\/jornalfatosenoticias.com.br\/\",\"logo\":{\"@type\":\"ImageObject\",\"inLanguage\":\"pt-BR\",\"@id\":\"https:\/\/jornalfatosenoticias.com.br\/#\/schema\/logo\/image\/\",\"url\":\"https:\/\/jornalfatosenoticias.com.br\/wp-content\/uploads\/2020\/02\/logo120.png\",\"contentUrl\":\"https:\/\/jornalfatosenoticias.com.br\/wp-content\/uploads\/2020\/02\/logo120.png\",\"width\":1227,\"height\":120,\"caption\":\"Jornal Fatos e Not\u00edcias\"},\"image\":{\"@id\":\"https:\/\/jornalfatosenoticias.com.br\/#\/schema\/logo\/image\/\"}},{\"@type\":\"Person\",\"@id\":\"https:\/\/jornalfatosenoticias.com.br\/#\/schema\/person\/d63837fa13ac8666eb9e74e0985d6f81\",\"name\":\"Luzimara Fernandes\",\"image\":{\"@type\":\"ImageObject\",\"inLanguage\":\"pt-BR\",\"@id\":\"https:\/\/jornalfatosenoticias.com.br\/#\/schema\/person\/image\/\",\"url\":\"https:\/\/jornalfatosenoticias.com.br\/wp-content\/uploads\/2025\/05\/EU_portal.jpg\",\"contentUrl\":\"https:\/\/jornalfatosenoticias.com.br\/wp-content\/uploads\/2025\/05\/EU_portal.jpg\",\"caption\":\"Luzimara Fernandes\"},\"description\":\"Jornalista MTB 2358-ES\",\"sameAs\":[\"https:\/\/jornalfatosenoticias.com.br\"],\"url\":\"https:\/\/jornalfatosenoticias.com.br\/index.php\/author\/luzimara\/\"}]}<\/script>\n<!-- \/ Yoast SEO plugin. -->","yoast_head_json":{"title":"Equipe da UFF representar\u00e1 Brasil em competi\u00e7\u00e3o no Canad\u00e1 com rover espacial - Jornal Fatos e Not\u00edcias","robots":{"index":"index","follow":"follow","max-snippet":"max-snippet:-1","max-image-preview":"max-image-preview:large","max-video-preview":"max-video-preview:-1"},"canonical":"https:\/\/jornalfatosenoticias.com.br\/index.php\/2025\/05\/16\/equipe-da-uff-representara-brasil-em-competicao-no-canada-com-rover-espacial\/","og_locale":"pt_BR","og_type":"article","og_title":"Equipe da UFF representar\u00e1 Brasil em competi\u00e7\u00e3o no Canad\u00e1 com rover espacial - Jornal Fatos e Not\u00edcias","og_description":"Por Nathan Vieira Uma equipe de estudantes da Universidade Federal Fluminense (UFF) foi selecionada para representar o Brasil no Canadian International Rover Challenge (CIRC) 2025, que acontece de 8 a 11 de agosto em Drumheller (Alberta, Canad\u00e1). O grupo projetou um rover espacial capaz de enfrentar terrenos desafiadores, simulando condi\u00e7\u00f5es extraterrestres como as de Marte.Criada [&hellip;]","og_url":"https:\/\/jornalfatosenoticias.com.br\/index.php\/2025\/05\/16\/equipe-da-uff-representara-brasil-em-competicao-no-canada-com-rover-espacial\/","og_site_name":"Jornal Fatos e Not\u00edcias","article_published_time":"2025-05-16T15:40:14+00:00","article_modified_time":"2025-05-16T15:40:15+00:00","og_image":[{"width":1000,"height":598,"url":"https:\/\/jornalfatosenoticias.com.br\/wp-content\/uploads\/2025\/05\/competicao_internacional_de_engenharia_UFF.jpg","type":"image\/jpeg"}],"author":"Luzimara Fernandes","twitter_card":"summary_large_image","twitter_misc":{"Escrito por":"Luzimara Fernandes","Est. tempo de leitura":"1 minuto"},"schema":{"@context":"https:\/\/schema.org","@graph":[{"@type":"Article","@id":"https:\/\/jornalfatosenoticias.com.br\/index.php\/2025\/05\/16\/equipe-da-uff-representara-brasil-em-competicao-no-canada-com-rover-espacial\/#article","isPartOf":{"@id":"https:\/\/jornalfatosenoticias.com.br\/index.php\/2025\/05\/16\/equipe-da-uff-representara-brasil-em-competicao-no-canada-com-rover-espacial\/"},"author":{"name":"Luzimara Fernandes","@id":"https:\/\/jornalfatosenoticias.com.br\/#\/schema\/person\/d63837fa13ac8666eb9e74e0985d6f81"},"headline":"Equipe da UFF representar\u00e1 Brasil em competi\u00e7\u00e3o no Canad\u00e1 com rover espacial","datePublished":"2025-05-16T15:40:14+00:00","dateModified":"2025-05-16T15:40:15+00:00","mainEntityOfPage":{"@id":"https:\/\/jornalfatosenoticias.com.br\/index.php\/2025\/05\/16\/equipe-da-uff-representara-brasil-em-competicao-no-canada-com-rover-espacial\/"},"wordCount":259,"commentCount":0,"publisher":{"@id":"https:\/\/jornalfatosenoticias.com.br\/#organization"},"image":{"@id":"https:\/\/jornalfatosenoticias.com.br\/index.php\/2025\/05\/16\/equipe-da-uff-representara-brasil-em-competicao-no-canada-com-rover-espacial\/#primaryimage"},"thumbnailUrl":"https:\/\/jornalfatosenoticias.com.br\/wp-content\/uploads\/2025\/05\/competicao_internacional_de_engenharia_UFF.jpg","keywords":["Canad\u00e1","Canadian International Rover Challenge","engenharia","ensino superior","UFF"],"articleSection":["Educa\u00e7\u00e3o"],"inLanguage":"pt-BR","potentialAction":[{"@type":"CommentAction","name":"Comment","target":["https:\/\/jornalfatosenoticias.com.br\/index.php\/2025\/05\/16\/equipe-da-uff-representara-brasil-em-competicao-no-canada-com-rover-espacial\/#respond"]}]},{"@type":"WebPage","@id":"https:\/\/jornalfatosenoticias.com.br\/index.php\/2025\/05\/16\/equipe-da-uff-representara-brasil-em-competicao-no-canada-com-rover-espacial\/","url":"https:\/\/jornalfatosenoticias.com.br\/index.php\/2025\/05\/16\/equipe-da-uff-representara-brasil-em-competicao-no-canada-com-rover-espacial\/","name":"Equipe da UFF representar\u00e1 Brasil em competi\u00e7\u00e3o no Canad\u00e1 com rover espacial - Jornal Fatos e Not\u00edcias","isPartOf":{"@id":"https:\/\/jornalfatosenoticias.com.br\/#website"},"primaryImageOfPage":{"@id":"https:\/\/jornalfatosenoticias.com.br\/index.php\/2025\/05\/16\/equipe-da-uff-representara-brasil-em-competicao-no-canada-com-rover-espacial\/#primaryimage"},"image":{"@id":"https:\/\/jornalfatosenoticias.com.br\/index.php\/2025\/05\/16\/equipe-da-uff-representara-brasil-em-competicao-no-canada-com-rover-espacial\/#primaryimage"},"thumbnailUrl":"https:\/\/jornalfatosenoticias.com.br\/wp-content\/uploads\/2025\/05\/competicao_internacional_de_engenharia_UFF.jpg","datePublished":"2025-05-16T15:40:14+00:00","dateModified":"2025-05-16T15:40:15+00:00","breadcrumb":{"@id":"https:\/\/jornalfatosenoticias.com.br\/index.php\/2025\/05\/16\/equipe-da-uff-representara-brasil-em-competicao-no-canada-com-rover-espacial\/#breadcrumb"},"inLanguage":"pt-BR","potentialAction":[{"@type":"ReadAction","target":["https:\/\/jornalfatosenoticias.com.br\/index.php\/2025\/05\/16\/equipe-da-uff-representara-brasil-em-competicao-no-canada-com-rover-espacial\/"]}]},{"@type":"ImageObject","inLanguage":"pt-BR","@id":"https:\/\/jornalfatosenoticias.com.br\/index.php\/2025\/05\/16\/equipe-da-uff-representara-brasil-em-competicao-no-canada-com-rover-espacial\/#primaryimage","url":"https:\/\/jornalfatosenoticias.com.br\/wp-content\/uploads\/2025\/05\/competicao_internacional_de_engenharia_UFF.jpg","contentUrl":"https:\/\/jornalfatosenoticias.com.br\/wp-content\/uploads\/2025\/05\/competicao_internacional_de_engenharia_UFF.jpg","width":1000,"height":598},{"@type":"BreadcrumbList","@id":"https:\/\/jornalfatosenoticias.com.br\/index.php\/2025\/05\/16\/equipe-da-uff-representara-brasil-em-competicao-no-canada-com-rover-espacial\/#breadcrumb","itemListElement":[{"@type":"ListItem","position":1,"name":"In\u00edcio","item":"https:\/\/jornalfatosenoticias.com.br\/"},{"@type":"ListItem","position":2,"name":"Equipe da UFF representar\u00e1 Brasil em competi\u00e7\u00e3o no Canad\u00e1 com rover espacial"}]},{"@type":"WebSite","@id":"https:\/\/jornalfatosenoticias.com.br\/#website","url":"https:\/\/jornalfatosenoticias.com.br\/","name":"Jornal Fatos e Not\u00edcias","description":"Not\u00edcias em geral","publisher":{"@id":"https:\/\/jornalfatosenoticias.com.br\/#organization"},"potentialAction":[{"@type":"SearchAction","target":{"@type":"EntryPoint","urlTemplate":"https:\/\/jornalfatosenoticias.com.br\/?s={search_term_string}"},"query-input":{"@type":"PropertyValueSpecification","valueRequired":true,"valueName":"search_term_string"}}],"inLanguage":"pt-BR"},{"@type":"Organization","@id":"https:\/\/jornalfatosenoticias.com.br\/#organization","name":"Jornal Fatos e Not\u00edcias","url":"https:\/\/jornalfatosenoticias.com.br\/","logo":{"@type":"ImageObject","inLanguage":"pt-BR","@id":"https:\/\/jornalfatosenoticias.com.br\/#\/schema\/logo\/image\/","url":"https:\/\/jornalfatosenoticias.com.br\/wp-content\/uploads\/2020\/02\/logo120.png","contentUrl":"https:\/\/jornalfatosenoticias.com.br\/wp-content\/uploads\/2020\/02\/logo120.png","width":1227,"height":120,"caption":"Jornal Fatos e Not\u00edcias"},"image":{"@id":"https:\/\/jornalfatosenoticias.com.br\/#\/schema\/logo\/image\/"}},{"@type":"Person","@id":"https:\/\/jornalfatosenoticias.com.br\/#\/schema\/person\/d63837fa13ac8666eb9e74e0985d6f81","name":"Luzimara Fernandes","image":{"@type":"ImageObject","inLanguage":"pt-BR","@id":"https:\/\/jornalfatosenoticias.com.br\/#\/schema\/person\/image\/","url":"https:\/\/jornalfatosenoticias.com.br\/wp-content\/uploads\/2025\/05\/EU_portal.jpg","contentUrl":"https:\/\/jornalfatosenoticias.com.br\/wp-content\/uploads\/2025\/05\/EU_portal.jpg","caption":"Luzimara Fernandes"},"description":"Jornalista MTB 2358-ES","sameAs":["https:\/\/jornalfatosenoticias.com.br"],"url":"https:\/\/jornalfatosenoticias.com.br\/index.php\/author\/luzimara\/"}]}},"cc_featured_image_caption":{"caption_text":"(Foto: Fabiana Rodrigues Letta\/Acervo Pessoal)","source_text":"","source_url":""},"jetpack_featured_media_url":"https:\/\/jornalfatosenoticias.com.br\/wp-content\/uploads\/2025\/05\/competicao_internacional_de_engenharia_UFF.jpg","_links":{"self":[{"href":"https:\/\/jornalfatosenoticias.com.br\/index.php\/wp-json\/wp\/v2\/posts\/59261","targetHints":{"allow":["GET"]}}],"collection":[{"href":"https:\/\/jornalfatosenoticias.com.br\/index.php\/wp-json\/wp\/v2\/posts"}],"about":[{"href":"https:\/\/jornalfatosenoticias.com.br\/index.php\/wp-json\/wp\/v2\/types\/post"}],"author":[{"embeddable":true,"href":"https:\/\/jornalfatosenoticias.com.br\/index.php\/wp-json\/wp\/v2\/users\/2"}],"replies":[{"embeddable":true,"href":"https:\/\/jornalfatosenoticias.com.br\/index.php\/wp-json\/wp\/v2\/comments?post=59261"}],"version-history":[{"count":0,"href":"https:\/\/jornalfatosenoticias.com.br\/index.php\/wp-json\/wp\/v2\/posts\/59261\/revisions"}],"wp:featuredmedia":[{"embeddable":true,"href":"https:\/\/jornalfatosenoticias.com.br\/index.php\/wp-json\/wp\/v2\/media\/59262"}],"wp:attachment":[{"href":"https:\/\/jornalfatosenoticias.com.br\/index.php\/wp-json\/wp\/v2\/media?parent=59261"}],"wp:term":[{"taxonomy":"category","embeddable":true,"href":"https:\/\/jornalfatosenoticias.com.br\/index.php\/wp-json\/wp\/v2\/categories?post=59261"},{"taxonomy":"post_tag","embeddable":true,"href":"https:\/\/jornalfatosenoticias.com.br\/index.php\/wp-json\/wp\/v2\/tags?post=59261"}],"curies":[{"name":"wp","href":"https:\/\/api.w.org\/{rel}","templated":true}]}}