{"id":59286,"date":"2025-05-16T14:36:44","date_gmt":"2025-05-16T17:36:44","guid":{"rendered":"https:\/\/jornalfatosenoticias.com.br\/?p=59286"},"modified":"2025-05-16T14:36:45","modified_gmt":"2025-05-16T17:36:45","slug":"esquerda-lutou-contra-fiscalizacao-dos-descontos-de-aposentados","status":"publish","type":"post","link":"https:\/\/jornalfatosenoticias.com.br\/index.php\/2025\/05\/16\/esquerda-lutou-contra-fiscalizacao-dos-descontos-de-aposentados\/","title":{"rendered":"Esquerda lutou contra fiscaliza\u00e7\u00e3o dos descontos de aposentados"},"content":{"rendered":"\n<p><em><span class=\"has-inline-color has-black-color\">O l\u00edder do governo no Senado, Jaques Wagner: no governo Bolsonaro, bancada da esquerda lutou para afrouxar fiscaliza\u00e7\u00e3o de descontos do INSS<\/span><\/em><\/p>\n\n\n\n<p><span class=\"has-inline-color has-black-color\">Por <strong><a href=\"https:\/\/www.gazetadopovo.com.br\/autor\/rose-amantea\/\">Rose Amant\u00e9a<\/a><\/strong><\/span><\/p>\n\n\n\n<div class=\"wp-block-image\"><figure class=\"aligncenter size-large\"><a href=\"https:\/\/mizu.com.br\/\"><img loading=\"lazy\" decoding=\"async\" width=\"729\" height=\"90\" src=\"https:\/\/jornalfatosenoticias.com.br\/wp-content\/uploads\/2020\/02\/Logo_Mizu.png\" alt=\"\" class=\"wp-image-1441\" srcset=\"https:\/\/jornalfatosenoticias.com.br\/wp-content\/uploads\/2020\/02\/Logo_Mizu.png 729w, https:\/\/jornalfatosenoticias.com.br\/wp-content\/uploads\/2020\/02\/Logo_Mizu-300x37.png 300w\" sizes=\"auto, (max-width: 729px) 100vw, 729px\" \/><\/a><\/figure><\/div>\n\n\n\n<p>O governo Lula tem tentado responsabilizar a gest\u00e3o de Jair Bolsonaro (PL) pelo esc\u00e2ndalo bilion\u00e1rio envolvendo descontos indevidos em aposentadorias e pens\u00f5es do INSS. Mas documentos e registros da tramita\u00e7\u00e3o legislativa sobre o tema contradizem a narrativa. Medidas propostas pelo Executivo em 2019 para refor\u00e7ar a fiscaliza\u00e7\u00e3o sobre repasses a entidades sindicais e associativas foram duramente combatidas pela oposi\u00e7\u00e3o, liderada por partidos de esquerda, hoje base do governo.<br>Em seu primeiro m\u00eas de gest\u00e3o, Bolsonaro editou a medida provis\u00f3ria (MP) 871\/2019 que, entre outros controles, determinava que as permiss\u00f5es para os descontos autom\u00e1ticos na conta dos aposentados teriam de ser revalidadas todo ano a partir de 2020, pelos pr\u00f3prios benefici\u00e1rios. Na \u00e9poca, j\u00e1 pipocavam den\u00fancias de fraudes por parte de associa\u00e7\u00f5es representativas, mencionadas 16 vezes na justificativa da MP, segundo levantamento do jornal O Globo.<\/p>\n\n\n\n<div class=\"wp-block-image\"><figure class=\"aligncenter size-large is-resized\"><a href=\"https:\/\/www.facebook.com\/profile.php?id=100069289606145\"><img loading=\"lazy\" decoding=\"async\" src=\"https:\/\/jornalfatosenoticias.com.br\/wp-content\/uploads\/2024\/11\/Guaitolini-Contabilidade-1024x714.jpeg\" alt=\"\" class=\"wp-image-55808\" width=\"312\" height=\"217\" srcset=\"https:\/\/jornalfatosenoticias.com.br\/wp-content\/uploads\/2024\/11\/Guaitolini-Contabilidade-1024x714.jpeg 1024w, https:\/\/jornalfatosenoticias.com.br\/wp-content\/uploads\/2024\/11\/Guaitolini-Contabilidade-300x209.jpeg 300w, https:\/\/jornalfatosenoticias.com.br\/wp-content\/uploads\/2024\/11\/Guaitolini-Contabilidade-768x535.jpeg 768w, https:\/\/jornalfatosenoticias.com.br\/wp-content\/uploads\/2024\/11\/Guaitolini-Contabilidade.jpeg 1280w\" sizes=\"auto, (max-width: 312px) 100vw, 312px\" \/><\/a><\/figure><\/div>\n\n\n\n<p>A rea\u00e7\u00e3o foi imediata. Dezenas de emendas foram apresentadas para ampliar os prazos para o cadastramento das entidades e manter os descontos sem fiscaliza\u00e7\u00e3o. Algumas acabavam com a necessidade de revalida\u00e7\u00e3o ou ampliavam o prazo para seu in\u00edcio at\u00e9 2028; outras trocavam a revalida\u00e7\u00e3o anual por uma verifica\u00e7\u00e3o a cada cinco anos.<\/p>\n\n\n\n<div class=\"wp-block-image\"><figure class=\"aligncenter size-large is-resized\"><a href=\"https:\/\/hotelmarquetti.com.br\/\"><img loading=\"lazy\" decoding=\"async\" src=\"https:\/\/jornalfatosenoticias.com.br\/wp-content\/uploads\/2020\/02\/LOGO-MQ-1024x680.jpg\" alt=\"\" class=\"wp-image-58299\" width=\"425\" height=\"282\" srcset=\"https:\/\/jornalfatosenoticias.com.br\/wp-content\/uploads\/2020\/02\/LOGO-MQ-1024x680.jpg 1024w, https:\/\/jornalfatosenoticias.com.br\/wp-content\/uploads\/2020\/02\/LOGO-MQ-300x199.jpg 300w, https:\/\/jornalfatosenoticias.com.br\/wp-content\/uploads\/2020\/02\/LOGO-MQ-768x510.jpg 768w, https:\/\/jornalfatosenoticias.com.br\/wp-content\/uploads\/2020\/02\/LOGO-MQ-1536x1020.jpg 1536w, https:\/\/jornalfatosenoticias.com.br\/wp-content\/uploads\/2020\/02\/LOGO-MQ-2048x1360.jpg 2048w\" sizes=\"auto, (max-width: 425px) 100vw, 425px\" \/><\/a><\/figure><\/div>\n\n\n\n<p>O argumento era a dificuldade em obter as comprova\u00e7\u00f5es das autoriza\u00e7\u00f5es por parte dos sindicatos, que alegavam ter mais de 7,2 milh\u00f5es de filiados. Em pelo menos 12 emendas de partidos de esquerda \u2014 oito do PT, uma do PCdoB, uma do MDB, uma do PSB e outra do PSDB \u2014 a justificativa foi a mesma: \u201cRevalidar cada autoriza\u00e7\u00e3o anualmente torna o desconto da mensalidade social praticamente invi\u00e1vel&#8221;.<\/p>\n\n\n\n<div class=\"wp-block-image\"><figure class=\"aligncenter size-large is-resized\"><a href=\"https:\/\/www.instagram.com\/restaurantepegoretti\/\"><img loading=\"lazy\" decoding=\"async\" src=\"https:\/\/jornalfatosenoticias.com.br\/wp-content\/uploads\/2023\/12\/pegoretti-logo-pdf-1024x389.jpg\" alt=\"\" class=\"wp-image-47536\" width=\"496\" height=\"188\" srcset=\"https:\/\/jornalfatosenoticias.com.br\/wp-content\/uploads\/2023\/12\/pegoretti-logo-pdf-1024x389.jpg 1024w, https:\/\/jornalfatosenoticias.com.br\/wp-content\/uploads\/2023\/12\/pegoretti-logo-pdf-300x114.jpg 300w, https:\/\/jornalfatosenoticias.com.br\/wp-content\/uploads\/2023\/12\/pegoretti-logo-pdf-768x291.jpg 768w, https:\/\/jornalfatosenoticias.com.br\/wp-content\/uploads\/2023\/12\/pegoretti-logo-pdf.jpg 1120w\" sizes=\"auto, (max-width: 496px) 100vw, 496px\" \/><\/a><\/figure><\/div>\n\n\n\n<p>Esquerda discursou contra MP de Bolsonaro que apertava controles do INSS<br>Foram tr\u00eas semanas de acirrados debates legislativos que inclu\u00edram obstru\u00e7\u00e3o de vota\u00e7\u00f5es pela bancada oposicionista, que acusava a medida de retirar direitos dos trabalhadores, limitando a concess\u00e3o de benef\u00edcios e de aposentadorias.<\/p>\n\n\n\n<div class=\"wp-block-image\"><figure class=\"aligncenter size-large is-resized\"><a href=\"https:\/\/www.facebook.com\/postobkr\/?locale=pt_BR\"><img loading=\"lazy\" decoding=\"async\" src=\"https:\/\/jornalfatosenoticias.com.br\/wp-content\/uploads\/2023\/08\/BKR-1024x1021.jpg\" alt=\"\" class=\"wp-image-44494\" width=\"312\" height=\"311\" srcset=\"https:\/\/jornalfatosenoticias.com.br\/wp-content\/uploads\/2023\/08\/BKR-1024x1021.jpg 1024w, https:\/\/jornalfatosenoticias.com.br\/wp-content\/uploads\/2023\/08\/BKR-300x300.jpg 300w, https:\/\/jornalfatosenoticias.com.br\/wp-content\/uploads\/2023\/08\/BKR-150x150.jpg 150w, https:\/\/jornalfatosenoticias.com.br\/wp-content\/uploads\/2023\/08\/BKR-768x766.jpg 768w, https:\/\/jornalfatosenoticias.com.br\/wp-content\/uploads\/2023\/08\/BKR.jpg 1080w\" sizes=\"auto, (max-width: 312px) 100vw, 312px\" \/><\/a><\/figure><\/div>\n\n\n\n<blockquote class=\"wp-block-quote is-layout-flow wp-block-quote-is-layout-flow\"><p><span class=\"has-inline-color has-luminous-vivid-orange-color\">Em um dos debates, o deputado Zeca Dirceu (PT-PR) desqualificou a justificativa de combate \u00e0 corrup\u00e7\u00e3o: \u201c\u00e9 importante esclarecer \u00e0 popula\u00e7\u00e3o que essa medida provis\u00f3ria n\u00e3o vem para combater fraudes. O governo tem todos os mecanismos necess\u00e1rios para combater fraudes, os grandes sonegadores, enfim, para lutar contra aqueles que praticam o malfeito\u201d, disse o parlamentar. \u201cPor isso, vamos manter a obstru\u00e7\u00e3o naquilo que for necess\u00e1rio para que essa medida provis\u00f3ria n\u00e3o prospere, porque ela \u00e9 ruim para o Brasil&#8221;.<\/span><\/p><\/blockquote>\n\n\n\n<div class=\"wp-block-image\"><figure class=\"aligncenter size-large is-resized\"><a href=\"https:\/\/www.instagram.com\/esteiochurrascaria\/\"><img loading=\"lazy\" decoding=\"async\" src=\"https:\/\/jornalfatosenoticias.com.br\/wp-content\/uploads\/2022\/02\/LOGO-ESTEIO-1024x730.png\" alt=\"\" class=\"wp-image-27942\" width=\"359\" height=\"256\" srcset=\"https:\/\/jornalfatosenoticias.com.br\/wp-content\/uploads\/2022\/02\/LOGO-ESTEIO-1024x730.png 1024w, https:\/\/jornalfatosenoticias.com.br\/wp-content\/uploads\/2022\/02\/LOGO-ESTEIO-300x214.png 300w, https:\/\/jornalfatosenoticias.com.br\/wp-content\/uploads\/2022\/02\/LOGO-ESTEIO-768x548.png 768w, https:\/\/jornalfatosenoticias.com.br\/wp-content\/uploads\/2022\/02\/LOGO-ESTEIO.png 1123w\" sizes=\"auto, (max-width: 359px) 100vw, 359px\" \/><\/a><\/figure><\/div>\n\n\n\n<blockquote class=\"wp-block-quote is-layout-flow wp-block-quote-is-layout-flow\"><p><span class=\"has-inline-color has-luminous-vivid-orange-color\">Em outra sess\u00e3o, o senador Jaques Wagner (PT-BA) usou o mesmo argumento: \u201ccombater a corrup\u00e7\u00e3o ou chamar a aposentadoria indevida \u00e9 bem-vindo. Mas n\u00e3o vamos jogar a crian\u00e7a junto com a \u00e1gua suja para fora. Em todas as institui\u00e7\u00f5es, seja em sindicato de trabalhador, seja em sindicato empresarial, voc\u00ea vai achar gente boa e gente ruim. Agora, simplesmente aniquilar a participa\u00e7\u00e3o dos sindicatos, eu acho extremamente nocivo\u201d.<\/span><\/p><\/blockquote>\n\n\n\n<div class=\"wp-block-image\"><figure class=\"aligncenter size-large is-resized\"><a href=\"https:\/\/www.legisjuris.com.br\/\"><img loading=\"lazy\" decoding=\"async\" src=\"https:\/\/jornalfatosenoticias.com.br\/wp-content\/uploads\/2024\/09\/Legis-Juris-Consultoria_logo.jpg\" alt=\"\" class=\"wp-image-53915\" width=\"542\" height=\"227\" srcset=\"https:\/\/jornalfatosenoticias.com.br\/wp-content\/uploads\/2024\/09\/Legis-Juris-Consultoria_logo.jpg 969w, https:\/\/jornalfatosenoticias.com.br\/wp-content\/uploads\/2024\/09\/Legis-Juris-Consultoria_logo-300x126.jpg 300w, https:\/\/jornalfatosenoticias.com.br\/wp-content\/uploads\/2024\/09\/Legis-Juris-Consultoria_logo-768x322.jpg 768w\" sizes=\"auto, (max-width: 542px) 100vw, 542px\" \/><\/a><\/figure><\/div>\n\n\n\n<p>Algumas das emendas acabaram aprovadas e incorporadas pelo relator da MP, deputado Paulo Eduardo Martins (PL-PR). A C\u00e2mara dos Deputados aprovou o texto em 29 de maio de 2019, e o Senado Federal o aprovou em 3 de junho de 2019, no limite do prazo de validade da MP.<\/p>\n\n\n\n<div class=\"wp-block-image\"><figure class=\"aligncenter size-large\"><a href=\"http:\/\/www.ferrarimaquinas.com.br\/\"><img loading=\"lazy\" decoding=\"async\" width=\"300\" height=\"250\" src=\"https:\/\/jornalfatosenoticias.com.br\/wp-content\/uploads\/2022\/02\/FERRARI_MAQUINAS-E-FERRAMENTAS2.jpg\" alt=\"\" class=\"wp-image-27860\"\/><\/a><\/figure><\/div>\n\n\n\n<p><span class=\"has-inline-color has-black-color\"><strong>Petistas comemoraram flexibiliza\u00e7\u00e3o e tentaram ampliar apoio rural<br><\/strong><\/span>A aprova\u00e7\u00e3o das emendas que flexibilizavam o desconto foi comemorada pelo deputado Carlos Veras (PT-SP): \u201cfruto de v\u00e1rios dias de muito esfor\u00e7o, de muito trabalho, principalmente da Contag e de suas federa\u00e7\u00f5es, do Partido dos Trabalhadores, dos partidos do campo, da esquerda, a fim de construir uma emenda que pudesse, nesta MP 871\/19, salvar os trabalhadores e as trabalhadoras\u201d. E finalizou: \u201cno que for poss\u00edvel salvar os trabalhadores, este partido lutar\u00e1 incansavelmente&#8221;.<\/p>\n\n\n\n<div class=\"wp-block-image\"><figure class=\"aligncenter size-large is-resized\"><a href=\"https:\/\/www.instagram.com\/gruposei\/\"><img loading=\"lazy\" decoding=\"async\" src=\"https:\/\/jornalfatosenoticias.com.br\/wp-content\/uploads\/2022\/07\/Logo-Grupo-SEI.jpg\" alt=\"\" class=\"wp-image-31973\" width=\"381\" height=\"200\" srcset=\"https:\/\/jornalfatosenoticias.com.br\/wp-content\/uploads\/2022\/07\/Logo-Grupo-SEI.jpg 713w, https:\/\/jornalfatosenoticias.com.br\/wp-content\/uploads\/2022\/07\/Logo-Grupo-SEI-300x158.jpg 300w\" sizes=\"auto, (max-width: 381px) 100vw, 381px\" \/><\/a><\/figure><\/div>\n\n\n\n<p>Carlos Veras \u00e9 irm\u00e3o de Aristides Veras, ex-presidente da Confedera\u00e7\u00e3o Nacional dos Trabalhadores na Agricultura (Contag), entidade que, segundo relat\u00f3rio da Controladoria-Geral da Uni\u00e3o (CGU), \u00e9 a que mais recebe dinheiro dos descontos. Foram R$ 426 milh\u00f5es s\u00f3 em 2023. Junto com os recursos repassados \u00e0 Confedera\u00e7\u00e3o Nacional de Agricultores Familiares Rurais (Conafer), as duas entidades rurais receberam 27% do total arrecadado pelas 19 principais associa\u00e7\u00f5es investigadas pela Opera\u00e7\u00e3o Sem Desconto.<\/p>\n\n\n\n<div class=\"wp-block-image\"><figure class=\"aligncenter size-large is-resized\"><a href=\"https:\/\/www.instagram.com\/rcradiadores\/\"><img loading=\"lazy\" decoding=\"async\" src=\"https:\/\/jornalfatosenoticias.com.br\/wp-content\/uploads\/2022\/10\/RC_800x750_page-0001.jpg\" alt=\"\" class=\"wp-image-35338\" width=\"304\" height=\"285\" srcset=\"https:\/\/jornalfatosenoticias.com.br\/wp-content\/uploads\/2022\/10\/RC_800x750_page-0001.jpg 400w, https:\/\/jornalfatosenoticias.com.br\/wp-content\/uploads\/2022\/10\/RC_800x750_page-0001-300x281.jpg 300w\" sizes=\"auto, (max-width: 304px) 100vw, 304px\" \/><\/a><\/figure><\/div>\n\n\n\n<p>O deputado petista tamb\u00e9m trabalhou pela retirada do dispositivo da MP que acabava com a possibilidade de os sindicatos atestarem a atividade rural. O atestado \u00e9 uma ferramenta indispens\u00e1vel para o trabalhador do campo conseguir benef\u00edcios previdenci\u00e1rios. Geralmente, os sindicatos oferecem a comprova\u00e7\u00e3o aliada \u00e0 filia\u00e7\u00e3o \u00e0 entidade.<\/p>\n\n\n\n<div class=\"wp-block-image\"><figure class=\"aligncenter size-large is-resized\"><a href=\"https:\/\/www.controlsystems.com.br\/\"><img loading=\"lazy\" decoding=\"async\" src=\"https:\/\/jornalfatosenoticias.com.br\/wp-content\/uploads\/2020\/02\/CONTROL-CS.jpg\" alt=\"\" class=\"wp-image-44991\" width=\"291\" height=\"348\" srcset=\"https:\/\/jornalfatosenoticias.com.br\/wp-content\/uploads\/2020\/02\/CONTROL-CS.jpg 834w, https:\/\/jornalfatosenoticias.com.br\/wp-content\/uploads\/2020\/02\/CONTROL-CS-250x300.jpg 250w, https:\/\/jornalfatosenoticias.com.br\/wp-content\/uploads\/2020\/02\/CONTROL-CS-768x921.jpg 768w\" sizes=\"auto, (max-width: 291px) 100vw, 291px\" \/><\/a><\/figure><\/div>\n\n\n\n<p>O senador Paulo Paim (PT-RS) chegou a fazer apelo em plen\u00e1rio para prorrogar a extens\u00e3o do prazo para os sindicatos emitirem declara\u00e7\u00f5es de comprova\u00e7\u00e3o de atividade rural at\u00e9 2028. \u201cVamos pensar principalmente o Nordeste. A dificuldade vai ser muito maior. Eu tenho muita esperan\u00e7a de que esse plen\u00e1rio vote aqui o destaque que vai garantir pelo menos que at\u00e9 2028 haja um espa\u00e7o para cadastrar\u201d. Apesar da press\u00e3o, a MP convertida na Lei n.\u00ba 13.846\/2019 eliminou essa prerrogativa, substitu\u00edda por autodeclara\u00e7\u00f5es validadas pelo INSS via cruzamento de dados oficiais.<\/p>\n\n\n\n<div class=\"wp-block-image\"><figure class=\"aligncenter size-large is-resized\"><a href=\"https:\/\/panper.com.br\/\"><img loading=\"lazy\" decoding=\"async\" src=\"https:\/\/jornalfatosenoticias.com.br\/wp-content\/uploads\/2023\/03\/logo-Panper_portal.jpg\" alt=\"\" class=\"wp-image-40208\" width=\"300\" height=\"208\" srcset=\"https:\/\/jornalfatosenoticias.com.br\/wp-content\/uploads\/2023\/03\/logo-Panper_portal.jpg 400w, https:\/\/jornalfatosenoticias.com.br\/wp-content\/uploads\/2023\/03\/logo-Panper_portal-300x208.jpg 300w\" sizes=\"auto, (max-width: 300px) 100vw, 300px\" \/><\/a><\/figure><\/div>\n\n\n\n<p><span class=\"has-inline-color has-black-color\"><strong>Estrat\u00e9gia do governo e do PT \u00e9 insistir em narrativa de &#8220;golpe&#8221;<br><\/strong><\/span>Presssionado pela repercuss\u00e3o do caso, a estrat\u00e9gia do governo \u00e9 insistir que o esquema de repasses indevidos come\u00e7ou em 2019, na gest\u00e3o Bolsonaro, e atribuir \u00e0 iniciativa do atual governo, via CGU e Pol\u00edcia Federal, o enfrentamento do esc\u00e2ndalo. Durante visita \u00e0 R\u00fassia no fim de semana, Lula atribuiu ao governo Bolsonaro a cria\u00e7\u00e3o de uma \u201cquadrilha\u201d respons\u00e1vel pelo esc\u00e2ndalo e prometeu uma investiga\u00e7\u00e3o \u201csem pressa e sem pirotecnia\u201d para recuperar os valores desviados.<\/p>\n\n\n\n<div class=\"wp-block-image\"><figure class=\"aligncenter size-large is-resized\"><a href=\"https:\/\/www.facebook.com\/profile.php?id=100069289606145\"><img loading=\"lazy\" decoding=\"async\" src=\"https:\/\/jornalfatosenoticias.com.br\/wp-content\/uploads\/2024\/11\/Guaitolini-Contabilidade-1024x714.jpeg\" alt=\"\" class=\"wp-image-55808\" width=\"337\" height=\"235\" srcset=\"https:\/\/jornalfatosenoticias.com.br\/wp-content\/uploads\/2024\/11\/Guaitolini-Contabilidade-1024x714.jpeg 1024w, https:\/\/jornalfatosenoticias.com.br\/wp-content\/uploads\/2024\/11\/Guaitolini-Contabilidade-300x209.jpeg 300w, https:\/\/jornalfatosenoticias.com.br\/wp-content\/uploads\/2024\/11\/Guaitolini-Contabilidade-768x535.jpeg 768w, https:\/\/jornalfatosenoticias.com.br\/wp-content\/uploads\/2024\/11\/Guaitolini-Contabilidade.jpeg 1280w\" sizes=\"auto, (max-width: 337px) 100vw, 337px\" \/><\/a><\/figure><\/div>\n\n\n\n<p>Em nota \u00e0 imprensa, a bancada do PT na C\u00e2mara refor\u00e7ou a narrativa: \u201ca verdade \u00e9 uma s\u00f3: as altera\u00e7\u00f5es legislativas ocorridas durante o governo Bolsonaro no tema dos descontos associativos no \u00e2mbito do INSS s\u00e3o de responsabilidade do ex-presidente e de seus aliados no Congresso&#8221;. A ideia \u00e9 tamb\u00e9m ganhar a guerra nas redes sociais. Ap\u00f3s o v\u00eddeo do deputado Nikolas Ferreira (PL-MG) acusando o PT da fraude bilion\u00e1ria \u2014 que viralizou e acendeu as luzes de alerta do governo \u2014 o partido publicou o seguinte em seu perfil no X:<\/p>\n\n\n\n<div class=\"wp-block-image\"><figure class=\"aligncenter size-large\"><a href=\"https:\/\/www.cesconetto.com.br\/\"><img loading=\"lazy\" decoding=\"async\" width=\"300\" height=\"250\" src=\"https:\/\/jornalfatosenoticias.com.br\/wp-content\/uploads\/2022\/02\/Banner-2.png\" alt=\"\" class=\"wp-image-27877\"\/><\/a><\/figure><\/div>\n\n\n\n<blockquote class=\"wp-block-quote is-layout-flow wp-block-quote-is-layout-flow\"><p><span class=\"has-inline-color has-luminous-vivid-orange-color\">Se o golpe tivesse dado certo a roubalheira no INSS continuaria e voc\u00ea jamais ficaria sabendo. Compartilhe a verdade! Lula salvou o INSS\u201d. Usu\u00e1rios do X corrigiram a publica\u00e7\u00e3o por meio das notas da comunidade. Ap\u00f3s a checagem, a postagem exibiu o seguinte coment\u00e1rio: <strong>\u201co roubo aumentou 253% desde que Lula assumiu a Presid\u00eancia\u201d.<\/strong><\/span><\/p><\/blockquote>\n\n\n\n<div class=\"wp-block-image\"><figure class=\"aligncenter size-large is-resized\"><a href=\"https:\/\/www.facebook.com\/vetor.vix\/\"><img loading=\"lazy\" decoding=\"async\" src=\"https:\/\/jornalfatosenoticias.com.br\/wp-content\/uploads\/2023\/09\/vetorvix1024_1.jpg\" alt=\"\" class=\"wp-image-44868\" width=\"561\" height=\"149\" srcset=\"https:\/\/jornalfatosenoticias.com.br\/wp-content\/uploads\/2023\/09\/vetorvix1024_1.jpg 1024w, https:\/\/jornalfatosenoticias.com.br\/wp-content\/uploads\/2023\/09\/vetorvix1024_1-300x80.jpg 300w, https:\/\/jornalfatosenoticias.com.br\/wp-content\/uploads\/2023\/09\/vetorvix1024_1-768x205.jpg 768w\" sizes=\"auto, (max-width: 561px) 100vw, 561px\" \/><\/a><\/figure><\/div>\n\n\n\n<p><span class=\"has-inline-color has-black-color\"><strong>Oposi\u00e7\u00e3o foca na explos\u00e3o de repasses do INSS no governo Lula<br><\/strong><\/span>A explos\u00e3o das irregularidades na gest\u00e3o Lula tem sido o principal argumento da oposi\u00e7\u00e3o. Os descontos das mensalidades saltaram de R$ 706 milh\u00f5es em 2022 para R$ 1,2 bilh\u00e3o em 2023 e R$ 2,8 bilh\u00f5es em 2024, segundo a CGU. Os deputados da base bolsonarista tamb\u00e9m destacam que a CGU identificou que os descontos indevidos em benef\u00edcios do INSS come\u00e7aram pelo menos desde 2016, somando R$ 8 bilh\u00f5es at\u00e9 2024. Eles criticam ainda a exclus\u00e3o de entidades como o Sindicato Nacional dos Aposentados, Pensionistas e Idosos (Sindnapi) \u2014 ligado a Jos\u00e9 Ferreira da Silva (Frei Chico), irm\u00e3o de Lula \u2014 do bloqueio de bens das entidades, determinado pela Justi\u00e7a.<\/p>\n\n\n\n<div class=\"wp-block-image\"><figure class=\"aligncenter size-large is-resized\"><a href=\"https:\/\/www.instagram.com\/serra4x4cambioautomatico\/\"><img loading=\"lazy\" decoding=\"async\" src=\"https:\/\/jornalfatosenoticias.com.br\/wp-content\/uploads\/2024\/08\/Serra-4x4-1-886x1024.jpg\" alt=\"\" class=\"wp-image-53632\" width=\"280\" height=\"324\" srcset=\"https:\/\/jornalfatosenoticias.com.br\/wp-content\/uploads\/2024\/08\/Serra-4x4-1-886x1024.jpg 886w, https:\/\/jornalfatosenoticias.com.br\/wp-content\/uploads\/2024\/08\/Serra-4x4-1-260x300.jpg 260w, https:\/\/jornalfatosenoticias.com.br\/wp-content\/uploads\/2024\/08\/Serra-4x4-1-768x888.jpg 768w, https:\/\/jornalfatosenoticias.com.br\/wp-content\/uploads\/2024\/08\/Serra-4x4-1.jpg 1181w\" sizes=\"auto, (max-width: 280px) 100vw, 280px\" \/><\/a><\/figure><\/div>\n\n\n\n<p>O deputado Nikolas Ferreira (PL-MG) chegou a questionar a resist\u00eancia do PT e de outros partidos de esquerda em apoiar o pedido de abertura de uma Comiss\u00e3o Parlamentar Mista de Inqu\u00e9rito (CPMI) para investigar os crimes, que acabou sendo protocolado na segunda-feira (12), com apoio de 36 senadores e 223 deputados. A instala\u00e7\u00e3o ainda depende de uma sess\u00e3o conjunta da C\u00e2mara e do Senado. O presidente do Congresso, Davi Alcolumbre (Uni\u00e3o-AP), que acompanhou o presidente Lula em visita \u00e0 China, n\u00e3o contribuiu para o avan\u00e7o do processo.<\/p>\n\n\n\n<div class=\"wp-block-image\"><figure class=\"aligncenter size-large is-resized\"><a href=\"https:\/\/hotelmarquetti.com.br\/\"><img loading=\"lazy\" decoding=\"async\" src=\"https:\/\/jornalfatosenoticias.com.br\/wp-content\/uploads\/2020\/02\/LOGO-MQ-1024x680.jpg\" alt=\"\" class=\"wp-image-58299\" width=\"357\" height=\"237\" srcset=\"https:\/\/jornalfatosenoticias.com.br\/wp-content\/uploads\/2020\/02\/LOGO-MQ-1024x680.jpg 1024w, https:\/\/jornalfatosenoticias.com.br\/wp-content\/uploads\/2020\/02\/LOGO-MQ-300x199.jpg 300w, https:\/\/jornalfatosenoticias.com.br\/wp-content\/uploads\/2020\/02\/LOGO-MQ-768x510.jpg 768w, https:\/\/jornalfatosenoticias.com.br\/wp-content\/uploads\/2020\/02\/LOGO-MQ-1536x1020.jpg 1536w, https:\/\/jornalfatosenoticias.com.br\/wp-content\/uploads\/2020\/02\/LOGO-MQ-2048x1360.jpg 2048w\" sizes=\"auto, (max-width: 357px) 100vw, 357px\" \/><\/a><\/figure><\/div>\n\n\n\n<p><strong>Fonte: <a href=\"https:\/\/www.gazetadopovo.com.br\/economia\/esquerda-lutou-contra-fiscalizacao-descontos-aposentados\/\">Gazeta do Povo<\/a><\/strong><\/p>\n","protected":false},"excerpt":{"rendered":"<p>O l\u00edder do governo no Senado, Jaques Wagner: no governo Bolsonaro, bancada da esquerda lutou para afrouxar fiscaliza\u00e7\u00e3o de descontos do INSS Por Rose Amant\u00e9a O governo Lula tem tentado responsabilizar a gest\u00e3o de Jair Bolsonaro (PL) pelo esc\u00e2ndalo bilion\u00e1rio envolvendo descontos indevidos em aposentadorias e pens\u00f5es do INSS. Mas documentos e registros da tramita\u00e7\u00e3o [&hellip;]<\/p>\n","protected":false},"author":2,"featured_media":59287,"comment_status":"open","ping_status":"open","sticky":false,"template":"","format":"standard","meta":{"footnotes":""},"categories":[10],"tags":[7109,26930,18343,696,1795,18998,25618],"class_list":["post-59286","post","type-post","status-publish","format-standard","has-post-thumbnail","hentry","category-politica","tag-aposentadoria","tag-escandalo-do-inss","tag-governo-lula","tag-inss","tag-jair-bolsonaro","tag-partido-dos-trabalhadores-pt","tag-zeca-dirceu"],"yoast_head":"<!-- This site is optimized with the Yoast SEO plugin v26.5 - https:\/\/yoast.com\/wordpress\/plugins\/seo\/ -->\n<title>Esquerda lutou contra fiscaliza\u00e7\u00e3o dos descontos de aposentados - Jornal Fatos e Not\u00edcias<\/title>\n<meta name=\"robots\" content=\"index, follow, max-snippet:-1, max-image-preview:large, max-video-preview:-1\" \/>\n<link rel=\"canonical\" href=\"https:\/\/jornalfatosenoticias.com.br\/index.php\/2025\/05\/16\/esquerda-lutou-contra-fiscalizacao-dos-descontos-de-aposentados\/\" \/>\n<meta property=\"og:locale\" content=\"pt_BR\" \/>\n<meta property=\"og:type\" content=\"article\" \/>\n<meta property=\"og:title\" content=\"Esquerda lutou contra fiscaliza\u00e7\u00e3o dos descontos de aposentados - Jornal Fatos e Not\u00edcias\" \/>\n<meta property=\"og:description\" content=\"O l\u00edder do governo no Senado, Jaques Wagner: no governo Bolsonaro, bancada da esquerda lutou para afrouxar fiscaliza\u00e7\u00e3o de descontos do INSS Por Rose Amant\u00e9a O governo Lula tem tentado responsabilizar a gest\u00e3o de Jair Bolsonaro (PL) pelo esc\u00e2ndalo bilion\u00e1rio envolvendo descontos indevidos em aposentadorias e pens\u00f5es do INSS. Mas documentos e registros da tramita\u00e7\u00e3o [&hellip;]\" \/>\n<meta property=\"og:url\" content=\"https:\/\/jornalfatosenoticias.com.br\/index.php\/2025\/05\/16\/esquerda-lutou-contra-fiscalizacao-dos-descontos-de-aposentados\/\" \/>\n<meta property=\"og:site_name\" content=\"Jornal Fatos e Not\u00edcias\" \/>\n<meta property=\"article:published_time\" content=\"2025-05-16T17:36:44+00:00\" \/>\n<meta property=\"article:modified_time\" content=\"2025-05-16T17:36:45+00:00\" \/>\n<meta property=\"og:image\" content=\"https:\/\/jornalfatosenoticias.com.br\/wp-content\/uploads\/2025\/05\/descontos-inss-jaques-wagner.jpg\" \/>\n\t<meta property=\"og:image:width\" content=\"640\" \/>\n\t<meta property=\"og:image:height\" content=\"360\" \/>\n\t<meta property=\"og:image:type\" content=\"image\/jpeg\" \/>\n<meta name=\"author\" content=\"Luzimara Fernandes\" \/>\n<meta name=\"twitter:card\" content=\"summary_large_image\" \/>\n<meta name=\"twitter:label1\" content=\"Escrito por\" \/>\n\t<meta name=\"twitter:data1\" content=\"Luzimara Fernandes\" \/>\n\t<meta name=\"twitter:label2\" content=\"Est. tempo de leitura\" \/>\n\t<meta name=\"twitter:data2\" content=\"7 minutos\" \/>\n<script type=\"application\/ld+json\" class=\"yoast-schema-graph\">{\"@context\":\"https:\/\/schema.org\",\"@graph\":[{\"@type\":\"Article\",\"@id\":\"https:\/\/jornalfatosenoticias.com.br\/index.php\/2025\/05\/16\/esquerda-lutou-contra-fiscalizacao-dos-descontos-de-aposentados\/#article\",\"isPartOf\":{\"@id\":\"https:\/\/jornalfatosenoticias.com.br\/index.php\/2025\/05\/16\/esquerda-lutou-contra-fiscalizacao-dos-descontos-de-aposentados\/\"},\"author\":{\"name\":\"Luzimara Fernandes\",\"@id\":\"https:\/\/jornalfatosenoticias.com.br\/#\/schema\/person\/d63837fa13ac8666eb9e74e0985d6f81\"},\"headline\":\"Esquerda lutou contra fiscaliza\u00e7\u00e3o dos descontos de aposentados\",\"datePublished\":\"2025-05-16T17:36:44+00:00\",\"dateModified\":\"2025-05-16T17:36:45+00:00\",\"mainEntityOfPage\":{\"@id\":\"https:\/\/jornalfatosenoticias.com.br\/index.php\/2025\/05\/16\/esquerda-lutou-contra-fiscalizacao-dos-descontos-de-aposentados\/\"},\"wordCount\":1331,\"commentCount\":0,\"publisher\":{\"@id\":\"https:\/\/jornalfatosenoticias.com.br\/#organization\"},\"image\":{\"@id\":\"https:\/\/jornalfatosenoticias.com.br\/index.php\/2025\/05\/16\/esquerda-lutou-contra-fiscalizacao-dos-descontos-de-aposentados\/#primaryimage\"},\"thumbnailUrl\":\"https:\/\/jornalfatosenoticias.com.br\/wp-content\/uploads\/2025\/05\/descontos-inss-jaques-wagner.jpg\",\"keywords\":[\"aposentadoria\",\"esc\u00e2ndalo do INSS\",\"governo Lula\",\"INSS\",\"Jair Bolsonaro\",\"Partido dos Trabalhadores (PT)\",\"Zeca Dirceu\"],\"articleSection\":[\"Pol\u00edtica\"],\"inLanguage\":\"pt-BR\",\"potentialAction\":[{\"@type\":\"CommentAction\",\"name\":\"Comment\",\"target\":[\"https:\/\/jornalfatosenoticias.com.br\/index.php\/2025\/05\/16\/esquerda-lutou-contra-fiscalizacao-dos-descontos-de-aposentados\/#respond\"]}]},{\"@type\":\"WebPage\",\"@id\":\"https:\/\/jornalfatosenoticias.com.br\/index.php\/2025\/05\/16\/esquerda-lutou-contra-fiscalizacao-dos-descontos-de-aposentados\/\",\"url\":\"https:\/\/jornalfatosenoticias.com.br\/index.php\/2025\/05\/16\/esquerda-lutou-contra-fiscalizacao-dos-descontos-de-aposentados\/\",\"name\":\"Esquerda lutou contra fiscaliza\u00e7\u00e3o dos descontos de aposentados - Jornal Fatos e Not\u00edcias\",\"isPartOf\":{\"@id\":\"https:\/\/jornalfatosenoticias.com.br\/#website\"},\"primaryImageOfPage\":{\"@id\":\"https:\/\/jornalfatosenoticias.com.br\/index.php\/2025\/05\/16\/esquerda-lutou-contra-fiscalizacao-dos-descontos-de-aposentados\/#primaryimage\"},\"image\":{\"@id\":\"https:\/\/jornalfatosenoticias.com.br\/index.php\/2025\/05\/16\/esquerda-lutou-contra-fiscalizacao-dos-descontos-de-aposentados\/#primaryimage\"},\"thumbnailUrl\":\"https:\/\/jornalfatosenoticias.com.br\/wp-content\/uploads\/2025\/05\/descontos-inss-jaques-wagner.jpg\",\"datePublished\":\"2025-05-16T17:36:44+00:00\",\"dateModified\":\"2025-05-16T17:36:45+00:00\",\"breadcrumb\":{\"@id\":\"https:\/\/jornalfatosenoticias.com.br\/index.php\/2025\/05\/16\/esquerda-lutou-contra-fiscalizacao-dos-descontos-de-aposentados\/#breadcrumb\"},\"inLanguage\":\"pt-BR\",\"potentialAction\":[{\"@type\":\"ReadAction\",\"target\":[\"https:\/\/jornalfatosenoticias.com.br\/index.php\/2025\/05\/16\/esquerda-lutou-contra-fiscalizacao-dos-descontos-de-aposentados\/\"]}]},{\"@type\":\"ImageObject\",\"inLanguage\":\"pt-BR\",\"@id\":\"https:\/\/jornalfatosenoticias.com.br\/index.php\/2025\/05\/16\/esquerda-lutou-contra-fiscalizacao-dos-descontos-de-aposentados\/#primaryimage\",\"url\":\"https:\/\/jornalfatosenoticias.com.br\/wp-content\/uploads\/2025\/05\/descontos-inss-jaques-wagner.jpg\",\"contentUrl\":\"https:\/\/jornalfatosenoticias.com.br\/wp-content\/uploads\/2025\/05\/descontos-inss-jaques-wagner.jpg\",\"width\":640,\"height\":360},{\"@type\":\"BreadcrumbList\",\"@id\":\"https:\/\/jornalfatosenoticias.com.br\/index.php\/2025\/05\/16\/esquerda-lutou-contra-fiscalizacao-dos-descontos-de-aposentados\/#breadcrumb\",\"itemListElement\":[{\"@type\":\"ListItem\",\"position\":1,\"name\":\"In\u00edcio\",\"item\":\"https:\/\/jornalfatosenoticias.com.br\/\"},{\"@type\":\"ListItem\",\"position\":2,\"name\":\"Esquerda lutou contra fiscaliza\u00e7\u00e3o dos descontos de aposentados\"}]},{\"@type\":\"WebSite\",\"@id\":\"https:\/\/jornalfatosenoticias.com.br\/#website\",\"url\":\"https:\/\/jornalfatosenoticias.com.br\/\",\"name\":\"Jornal Fatos e Not\u00edcias\",\"description\":\"Not\u00edcias em geral\",\"publisher\":{\"@id\":\"https:\/\/jornalfatosenoticias.com.br\/#organization\"},\"potentialAction\":[{\"@type\":\"SearchAction\",\"target\":{\"@type\":\"EntryPoint\",\"urlTemplate\":\"https:\/\/jornalfatosenoticias.com.br\/?s={search_term_string}\"},\"query-input\":{\"@type\":\"PropertyValueSpecification\",\"valueRequired\":true,\"valueName\":\"search_term_string\"}}],\"inLanguage\":\"pt-BR\"},{\"@type\":\"Organization\",\"@id\":\"https:\/\/jornalfatosenoticias.com.br\/#organization\",\"name\":\"Jornal Fatos e Not\u00edcias\",\"url\":\"https:\/\/jornalfatosenoticias.com.br\/\",\"logo\":{\"@type\":\"ImageObject\",\"inLanguage\":\"pt-BR\",\"@id\":\"https:\/\/jornalfatosenoticias.com.br\/#\/schema\/logo\/image\/\",\"url\":\"https:\/\/jornalfatosenoticias.com.br\/wp-content\/uploads\/2020\/02\/logo120.png\",\"contentUrl\":\"https:\/\/jornalfatosenoticias.com.br\/wp-content\/uploads\/2020\/02\/logo120.png\",\"width\":1227,\"height\":120,\"caption\":\"Jornal Fatos e Not\u00edcias\"},\"image\":{\"@id\":\"https:\/\/jornalfatosenoticias.com.br\/#\/schema\/logo\/image\/\"}},{\"@type\":\"Person\",\"@id\":\"https:\/\/jornalfatosenoticias.com.br\/#\/schema\/person\/d63837fa13ac8666eb9e74e0985d6f81\",\"name\":\"Luzimara Fernandes\",\"image\":{\"@type\":\"ImageObject\",\"inLanguage\":\"pt-BR\",\"@id\":\"https:\/\/jornalfatosenoticias.com.br\/#\/schema\/person\/image\/\",\"url\":\"https:\/\/jornalfatosenoticias.com.br\/wp-content\/uploads\/2025\/05\/EU_portal.jpg\",\"contentUrl\":\"https:\/\/jornalfatosenoticias.com.br\/wp-content\/uploads\/2025\/05\/EU_portal.jpg\",\"caption\":\"Luzimara Fernandes\"},\"description\":\"Jornalista MTB 2358-ES\",\"sameAs\":[\"https:\/\/jornalfatosenoticias.com.br\"],\"url\":\"https:\/\/jornalfatosenoticias.com.br\/index.php\/author\/luzimara\/\"}]}<\/script>\n<!-- \/ Yoast SEO plugin. -->","yoast_head_json":{"title":"Esquerda lutou contra fiscaliza\u00e7\u00e3o dos descontos de aposentados - Jornal Fatos e Not\u00edcias","robots":{"index":"index","follow":"follow","max-snippet":"max-snippet:-1","max-image-preview":"max-image-preview:large","max-video-preview":"max-video-preview:-1"},"canonical":"https:\/\/jornalfatosenoticias.com.br\/index.php\/2025\/05\/16\/esquerda-lutou-contra-fiscalizacao-dos-descontos-de-aposentados\/","og_locale":"pt_BR","og_type":"article","og_title":"Esquerda lutou contra fiscaliza\u00e7\u00e3o dos descontos de aposentados - Jornal Fatos e Not\u00edcias","og_description":"O l\u00edder do governo no Senado, Jaques Wagner: no governo Bolsonaro, bancada da esquerda lutou para afrouxar fiscaliza\u00e7\u00e3o de descontos do INSS Por Rose Amant\u00e9a O governo Lula tem tentado responsabilizar a gest\u00e3o de Jair Bolsonaro (PL) pelo esc\u00e2ndalo bilion\u00e1rio envolvendo descontos indevidos em aposentadorias e pens\u00f5es do INSS. Mas documentos e registros da tramita\u00e7\u00e3o [&hellip;]","og_url":"https:\/\/jornalfatosenoticias.com.br\/index.php\/2025\/05\/16\/esquerda-lutou-contra-fiscalizacao-dos-descontos-de-aposentados\/","og_site_name":"Jornal Fatos e Not\u00edcias","article_published_time":"2025-05-16T17:36:44+00:00","article_modified_time":"2025-05-16T17:36:45+00:00","og_image":[{"width":640,"height":360,"url":"https:\/\/jornalfatosenoticias.com.br\/wp-content\/uploads\/2025\/05\/descontos-inss-jaques-wagner.jpg","type":"image\/jpeg"}],"author":"Luzimara Fernandes","twitter_card":"summary_large_image","twitter_misc":{"Escrito por":"Luzimara Fernandes","Est. tempo de leitura":"7 minutos"},"schema":{"@context":"https:\/\/schema.org","@graph":[{"@type":"Article","@id":"https:\/\/jornalfatosenoticias.com.br\/index.php\/2025\/05\/16\/esquerda-lutou-contra-fiscalizacao-dos-descontos-de-aposentados\/#article","isPartOf":{"@id":"https:\/\/jornalfatosenoticias.com.br\/index.php\/2025\/05\/16\/esquerda-lutou-contra-fiscalizacao-dos-descontos-de-aposentados\/"},"author":{"name":"Luzimara Fernandes","@id":"https:\/\/jornalfatosenoticias.com.br\/#\/schema\/person\/d63837fa13ac8666eb9e74e0985d6f81"},"headline":"Esquerda lutou contra fiscaliza\u00e7\u00e3o dos descontos de aposentados","datePublished":"2025-05-16T17:36:44+00:00","dateModified":"2025-05-16T17:36:45+00:00","mainEntityOfPage":{"@id":"https:\/\/jornalfatosenoticias.com.br\/index.php\/2025\/05\/16\/esquerda-lutou-contra-fiscalizacao-dos-descontos-de-aposentados\/"},"wordCount":1331,"commentCount":0,"publisher":{"@id":"https:\/\/jornalfatosenoticias.com.br\/#organization"},"image":{"@id":"https:\/\/jornalfatosenoticias.com.br\/index.php\/2025\/05\/16\/esquerda-lutou-contra-fiscalizacao-dos-descontos-de-aposentados\/#primaryimage"},"thumbnailUrl":"https:\/\/jornalfatosenoticias.com.br\/wp-content\/uploads\/2025\/05\/descontos-inss-jaques-wagner.jpg","keywords":["aposentadoria","esc\u00e2ndalo do INSS","governo Lula","INSS","Jair Bolsonaro","Partido dos Trabalhadores (PT)","Zeca Dirceu"],"articleSection":["Pol\u00edtica"],"inLanguage":"pt-BR","potentialAction":[{"@type":"CommentAction","name":"Comment","target":["https:\/\/jornalfatosenoticias.com.br\/index.php\/2025\/05\/16\/esquerda-lutou-contra-fiscalizacao-dos-descontos-de-aposentados\/#respond"]}]},{"@type":"WebPage","@id":"https:\/\/jornalfatosenoticias.com.br\/index.php\/2025\/05\/16\/esquerda-lutou-contra-fiscalizacao-dos-descontos-de-aposentados\/","url":"https:\/\/jornalfatosenoticias.com.br\/index.php\/2025\/05\/16\/esquerda-lutou-contra-fiscalizacao-dos-descontos-de-aposentados\/","name":"Esquerda lutou contra fiscaliza\u00e7\u00e3o dos descontos de aposentados - Jornal Fatos e Not\u00edcias","isPartOf":{"@id":"https:\/\/jornalfatosenoticias.com.br\/#website"},"primaryImageOfPage":{"@id":"https:\/\/jornalfatosenoticias.com.br\/index.php\/2025\/05\/16\/esquerda-lutou-contra-fiscalizacao-dos-descontos-de-aposentados\/#primaryimage"},"image":{"@id":"https:\/\/jornalfatosenoticias.com.br\/index.php\/2025\/05\/16\/esquerda-lutou-contra-fiscalizacao-dos-descontos-de-aposentados\/#primaryimage"},"thumbnailUrl":"https:\/\/jornalfatosenoticias.com.br\/wp-content\/uploads\/2025\/05\/descontos-inss-jaques-wagner.jpg","datePublished":"2025-05-16T17:36:44+00:00","dateModified":"2025-05-16T17:36:45+00:00","breadcrumb":{"@id":"https:\/\/jornalfatosenoticias.com.br\/index.php\/2025\/05\/16\/esquerda-lutou-contra-fiscalizacao-dos-descontos-de-aposentados\/#breadcrumb"},"inLanguage":"pt-BR","potentialAction":[{"@type":"ReadAction","target":["https:\/\/jornalfatosenoticias.com.br\/index.php\/2025\/05\/16\/esquerda-lutou-contra-fiscalizacao-dos-descontos-de-aposentados\/"]}]},{"@type":"ImageObject","inLanguage":"pt-BR","@id":"https:\/\/jornalfatosenoticias.com.br\/index.php\/2025\/05\/16\/esquerda-lutou-contra-fiscalizacao-dos-descontos-de-aposentados\/#primaryimage","url":"https:\/\/jornalfatosenoticias.com.br\/wp-content\/uploads\/2025\/05\/descontos-inss-jaques-wagner.jpg","contentUrl":"https:\/\/jornalfatosenoticias.com.br\/wp-content\/uploads\/2025\/05\/descontos-inss-jaques-wagner.jpg","width":640,"height":360},{"@type":"BreadcrumbList","@id":"https:\/\/jornalfatosenoticias.com.br\/index.php\/2025\/05\/16\/esquerda-lutou-contra-fiscalizacao-dos-descontos-de-aposentados\/#breadcrumb","itemListElement":[{"@type":"ListItem","position":1,"name":"In\u00edcio","item":"https:\/\/jornalfatosenoticias.com.br\/"},{"@type":"ListItem","position":2,"name":"Esquerda lutou contra fiscaliza\u00e7\u00e3o dos descontos de aposentados"}]},{"@type":"WebSite","@id":"https:\/\/jornalfatosenoticias.com.br\/#website","url":"https:\/\/jornalfatosenoticias.com.br\/","name":"Jornal Fatos e Not\u00edcias","description":"Not\u00edcias em geral","publisher":{"@id":"https:\/\/jornalfatosenoticias.com.br\/#organization"},"potentialAction":[{"@type":"SearchAction","target":{"@type":"EntryPoint","urlTemplate":"https:\/\/jornalfatosenoticias.com.br\/?s={search_term_string}"},"query-input":{"@type":"PropertyValueSpecification","valueRequired":true,"valueName":"search_term_string"}}],"inLanguage":"pt-BR"},{"@type":"Organization","@id":"https:\/\/jornalfatosenoticias.com.br\/#organization","name":"Jornal Fatos e Not\u00edcias","url":"https:\/\/jornalfatosenoticias.com.br\/","logo":{"@type":"ImageObject","inLanguage":"pt-BR","@id":"https:\/\/jornalfatosenoticias.com.br\/#\/schema\/logo\/image\/","url":"https:\/\/jornalfatosenoticias.com.br\/wp-content\/uploads\/2020\/02\/logo120.png","contentUrl":"https:\/\/jornalfatosenoticias.com.br\/wp-content\/uploads\/2020\/02\/logo120.png","width":1227,"height":120,"caption":"Jornal Fatos e Not\u00edcias"},"image":{"@id":"https:\/\/jornalfatosenoticias.com.br\/#\/schema\/logo\/image\/"}},{"@type":"Person","@id":"https:\/\/jornalfatosenoticias.com.br\/#\/schema\/person\/d63837fa13ac8666eb9e74e0985d6f81","name":"Luzimara Fernandes","image":{"@type":"ImageObject","inLanguage":"pt-BR","@id":"https:\/\/jornalfatosenoticias.com.br\/#\/schema\/person\/image\/","url":"https:\/\/jornalfatosenoticias.com.br\/wp-content\/uploads\/2025\/05\/EU_portal.jpg","contentUrl":"https:\/\/jornalfatosenoticias.com.br\/wp-content\/uploads\/2025\/05\/EU_portal.jpg","caption":"Luzimara Fernandes"},"description":"Jornalista MTB 2358-ES","sameAs":["https:\/\/jornalfatosenoticias.com.br"],"url":"https:\/\/jornalfatosenoticias.com.br\/index.php\/author\/luzimara\/"}]}},"cc_featured_image_caption":{"caption_text":"(Foto: Geraldo Magela\/Ag\u00eancia Senado)","source_text":"","source_url":""},"jetpack_featured_media_url":"https:\/\/jornalfatosenoticias.com.br\/wp-content\/uploads\/2025\/05\/descontos-inss-jaques-wagner.jpg","_links":{"self":[{"href":"https:\/\/jornalfatosenoticias.com.br\/index.php\/wp-json\/wp\/v2\/posts\/59286","targetHints":{"allow":["GET"]}}],"collection":[{"href":"https:\/\/jornalfatosenoticias.com.br\/index.php\/wp-json\/wp\/v2\/posts"}],"about":[{"href":"https:\/\/jornalfatosenoticias.com.br\/index.php\/wp-json\/wp\/v2\/types\/post"}],"author":[{"embeddable":true,"href":"https:\/\/jornalfatosenoticias.com.br\/index.php\/wp-json\/wp\/v2\/users\/2"}],"replies":[{"embeddable":true,"href":"https:\/\/jornalfatosenoticias.com.br\/index.php\/wp-json\/wp\/v2\/comments?post=59286"}],"version-history":[{"count":0,"href":"https:\/\/jornalfatosenoticias.com.br\/index.php\/wp-json\/wp\/v2\/posts\/59286\/revisions"}],"wp:featuredmedia":[{"embeddable":true,"href":"https:\/\/jornalfatosenoticias.com.br\/index.php\/wp-json\/wp\/v2\/media\/59287"}],"wp:attachment":[{"href":"https:\/\/jornalfatosenoticias.com.br\/index.php\/wp-json\/wp\/v2\/media?parent=59286"}],"wp:term":[{"taxonomy":"category","embeddable":true,"href":"https:\/\/jornalfatosenoticias.com.br\/index.php\/wp-json\/wp\/v2\/categories?post=59286"},{"taxonomy":"post_tag","embeddable":true,"href":"https:\/\/jornalfatosenoticias.com.br\/index.php\/wp-json\/wp\/v2\/tags?post=59286"}],"curies":[{"name":"wp","href":"https:\/\/api.w.org\/{rel}","templated":true}]}}