{"id":59289,"date":"2025-05-16T14:58:44","date_gmt":"2025-05-16T17:58:44","guid":{"rendered":"https:\/\/jornalfatosenoticias.com.br\/?p=59289"},"modified":"2025-05-16T14:58:45","modified_gmt":"2025-05-16T17:58:45","slug":"governo-deixa-quase-tres-milhoes-de-pessoas-fora-do-bolsa-familia-e-pressiona-municipios","status":"publish","type":"post","link":"https:\/\/jornalfatosenoticias.com.br\/index.php\/2025\/05\/16\/governo-deixa-quase-tres-milhoes-de-pessoas-fora-do-bolsa-familia-e-pressiona-municipios\/","title":{"rendered":"Governo deixa quase tr\u00eas milh\u00f5es de pessoas fora do Bolsa Fam\u00edlia e pressiona munic\u00edpios"},"content":{"rendered":"\n<p><em><span class=\"has-inline-color has-black-color\">Atualmente, 2,8 milh\u00f5es de pessoas est\u00e3o na fila de espera para receber os benef\u00edcios do Bolsa Fam\u00edlia<\/span><\/em><\/p>\n\n\n\n<p><span class=\"has-inline-color has-black-color\">Por <strong><a href=\"https:\/\/www.gazetadopovo.com.br\/autor\/roberta-ribeiro\/\" rel=\"nofollow\">Roberta Ribeiro<\/a><\/strong><\/span><\/p>\n\n\n\n<div class=\"wp-block-image\"><figure class=\"aligncenter size-large\"><a href=\"https:\/\/mizu.com.br\/\"><img loading=\"lazy\" decoding=\"async\" width=\"729\" height=\"90\" src=\"https:\/\/jornalfatosenoticias.com.br\/wp-content\/uploads\/2020\/02\/Logo_Mizu.png\" alt=\"\" class=\"wp-image-1441\" srcset=\"https:\/\/jornalfatosenoticias.com.br\/wp-content\/uploads\/2020\/02\/Logo_Mizu.png 729w, https:\/\/jornalfatosenoticias.com.br\/wp-content\/uploads\/2020\/02\/Logo_Mizu-300x37.png 300w\" sizes=\"auto, (max-width: 729px) 100vw, 729px\" \/><\/a><\/figure><\/div>\n\n\n\n<p>Uma das principais pol\u00edticas sociais do governo de Luiz In\u00e1cio Lula da Silva (PT), o Bolsa Fam\u00edlia n\u00e3o tem atendido \u00e0 demanda nacional por seus benef\u00edcios. Em fevereiro deste ano, 2,8 milh\u00f5es de pessoas \u2014 ou 1,9 milh\u00e3o de fam\u00edlias \u2014 cumpriam os requisitos, mas estavam na lista de espera para serem atendidas.<br>Al\u00e9m disso, o governo tem feito cortes no programa que acabam por pressionar a gest\u00e3o municipal. S\u00e3o exemplos disso a redu\u00e7\u00e3o no or\u00e7amento do programa para 2025, de R$ 9,5 bilh\u00f5es, e no valor dos repasses federais para triagem e cadastramento de fam\u00edlias.<br>Os dados s\u00e3o de um levantamento feito pela Confedera\u00e7\u00e3o Nacional dos Munic\u00edpios (CNM), ao qual a Gazeta do Povo teve acesso com exclusividade. Segundo o estudo, em 2024 o Minist\u00e9rio do Desenvolvimento Social (MDS) reduziu o valor do \u00cdndice de Gest\u00e3o Descentralizada do Programa Bolsa Fam\u00edlia e Cadastro \u00danico (IGD-PBF), de R$ 4 para R$ 3,25 por cadastro.<\/p>\n\n\n\n<div class=\"wp-block-image\"><figure class=\"aligncenter size-large is-resized\"><a href=\"https:\/\/www.facebook.com\/profile.php?id=100069289606145\"><img loading=\"lazy\" decoding=\"async\" src=\"https:\/\/jornalfatosenoticias.com.br\/wp-content\/uploads\/2024\/11\/Guaitolini-Contabilidade-1024x714.jpeg\" alt=\"\" class=\"wp-image-55808\" width=\"399\" height=\"278\" srcset=\"https:\/\/jornalfatosenoticias.com.br\/wp-content\/uploads\/2024\/11\/Guaitolini-Contabilidade-1024x714.jpeg 1024w, https:\/\/jornalfatosenoticias.com.br\/wp-content\/uploads\/2024\/11\/Guaitolini-Contabilidade-300x209.jpeg 300w, https:\/\/jornalfatosenoticias.com.br\/wp-content\/uploads\/2024\/11\/Guaitolini-Contabilidade-768x535.jpeg 768w, https:\/\/jornalfatosenoticias.com.br\/wp-content\/uploads\/2024\/11\/Guaitolini-Contabilidade.jpeg 1280w\" sizes=\"auto, (max-width: 399px) 100vw, 399px\" \/><\/a><\/figure><\/div>\n\n\n\n<p>O recurso, de acordo com a CNM, \u00e9 um apoio financeiro da Uni\u00e3o para que os munic\u00edpios desenvolvam as a\u00e7\u00f5es de gest\u00e3o do programa e do Cadastro \u00danico, como busca ativa, atualiza\u00e7\u00e3o e averigua\u00e7\u00e3o cadastral. Segundo a entidade, ao reduzir esse repasse, \u201ca Uni\u00e3o desconsidera suas responsabilidades e as transfere para os munic\u00edpios, desprezando os elementos relacionados \u00e0 demanda, como a capacidade de atendimento e a infla\u00e7\u00e3o\u201d.<\/p>\n\n\n\n<div class=\"wp-block-image\"><figure class=\"aligncenter size-large is-resized\"><a href=\"https:\/\/www.instagram.com\/restaurantepegoretti\/\"><img loading=\"lazy\" decoding=\"async\" src=\"https:\/\/jornalfatosenoticias.com.br\/wp-content\/uploads\/2023\/12\/pegoretti-logo-pdf-1024x389.jpg\" alt=\"\" class=\"wp-image-47536\" width=\"525\" height=\"199\" srcset=\"https:\/\/jornalfatosenoticias.com.br\/wp-content\/uploads\/2023\/12\/pegoretti-logo-pdf-1024x389.jpg 1024w, https:\/\/jornalfatosenoticias.com.br\/wp-content\/uploads\/2023\/12\/pegoretti-logo-pdf-300x114.jpg 300w, https:\/\/jornalfatosenoticias.com.br\/wp-content\/uploads\/2023\/12\/pegoretti-logo-pdf-768x291.jpg 768w, https:\/\/jornalfatosenoticias.com.br\/wp-content\/uploads\/2023\/12\/pegoretti-logo-pdf.jpg 1120w\" sizes=\"auto, (max-width: 525px) 100vw, 525px\" \/><\/a><\/figure><\/div>\n\n\n\n<p>A CNM afirma que, se fosse considerado o \u00cdndice Nacional de Pre\u00e7os ao Consumidor Amplo (IPCA \u2014 que mede a infla\u00e7\u00e3o) para reajustar o cofinanciamento federal para o IGD-PBF, o valor repassado aos munic\u00edpios deveria ser de ao menos R$ 8,76 por benefici\u00e1rio.<\/p>\n\n\n\n<div class=\"wp-block-image\"><figure class=\"aligncenter size-large is-resized\"><a href=\"https:\/\/www.facebook.com\/postobkr\/?locale=pt_BR\"><img loading=\"lazy\" decoding=\"async\" src=\"https:\/\/jornalfatosenoticias.com.br\/wp-content\/uploads\/2023\/08\/BKR-1024x1021.jpg\" alt=\"\" class=\"wp-image-44494\" width=\"340\" height=\"339\" srcset=\"https:\/\/jornalfatosenoticias.com.br\/wp-content\/uploads\/2023\/08\/BKR-1024x1021.jpg 1024w, https:\/\/jornalfatosenoticias.com.br\/wp-content\/uploads\/2023\/08\/BKR-300x300.jpg 300w, https:\/\/jornalfatosenoticias.com.br\/wp-content\/uploads\/2023\/08\/BKR-150x150.jpg 150w, https:\/\/jornalfatosenoticias.com.br\/wp-content\/uploads\/2023\/08\/BKR-768x766.jpg 768w, https:\/\/jornalfatosenoticias.com.br\/wp-content\/uploads\/2023\/08\/BKR.jpg 1080w\" sizes=\"auto, (max-width: 340px) 100vw, 340px\" \/><\/a><\/figure><\/div>\n\n\n\n<p>O levantamento realizado pela entidade ainda mostra que, atualmente, 53,8 milh\u00f5es de pessoas recebem os benef\u00edcios do Bolsa Fam\u00edlia, o equivalente a 20,5 milh\u00f5es de fam\u00edlias. O n\u00famero \u00e9 superior aos 51,8 milh\u00f5es de benefici\u00e1rios em dezembro de 2022, no fim do governo Bolsonaro, mas inferior aos 55,2 milh\u00f5es de pessoas atendidos em dezembro de 2023.<\/p>\n\n\n\n<div class=\"wp-block-image\"><figure class=\"aligncenter size-large is-resized\"><a href=\"https:\/\/www.ithbrasil.com.br\/\"><img loading=\"lazy\" decoding=\"async\" src=\"https:\/\/jornalfatosenoticias.com.br\/wp-content\/uploads\/2023\/08\/ITH.jpeg\" alt=\"\" class=\"wp-image-44638\" width=\"346\" height=\"281\" srcset=\"https:\/\/jornalfatosenoticias.com.br\/wp-content\/uploads\/2023\/08\/ITH.jpeg 800w, https:\/\/jornalfatosenoticias.com.br\/wp-content\/uploads\/2023\/08\/ITH-300x244.jpeg 300w, https:\/\/jornalfatosenoticias.com.br\/wp-content\/uploads\/2023\/08\/ITH-768x624.jpeg 768w\" sizes=\"auto, (max-width: 346px) 100vw, 346px\" \/><\/a><\/figure><\/div>\n\n\n\n<p>O bi\u00eanio 2022-2023 foi o per\u00edodo recente em que o programa apresentou maior crescimento, saltando de 14,5 milh\u00f5es de fam\u00edlias em janeiro de 2022 para 21,3 milh\u00f5es em dezembro de 2023. Segundo o levantamento da CNM, o aumento naqueles anos deveu-se a dois fatores principais: o crescimento da popula\u00e7\u00e3o em situa\u00e7\u00e3o de vulnerabilidade social e o incremento de 73% nas fam\u00edlias unipessoais (de um \u00fanico integrante) inscritas no Cad\u00danico.<\/p>\n\n\n\n<div class=\"wp-block-image\"><figure class=\"aligncenter size-large is-resized\"><a href=\"https:\/\/www.legisjuris.com.br\/\"><img loading=\"lazy\" decoding=\"async\" src=\"https:\/\/jornalfatosenoticias.com.br\/wp-content\/uploads\/2024\/09\/Legis-Juris-Consultoria_logo.jpg\" alt=\"\" class=\"wp-image-53915\" width=\"506\" height=\"212\" srcset=\"https:\/\/jornalfatosenoticias.com.br\/wp-content\/uploads\/2024\/09\/Legis-Juris-Consultoria_logo.jpg 969w, https:\/\/jornalfatosenoticias.com.br\/wp-content\/uploads\/2024\/09\/Legis-Juris-Consultoria_logo-300x126.jpg 300w, https:\/\/jornalfatosenoticias.com.br\/wp-content\/uploads\/2024\/09\/Legis-Juris-Consultoria_logo-768x322.jpg 768w\" sizes=\"auto, (max-width: 506px) 100vw, 506px\" \/><\/a><\/figure><\/div>\n\n\n\n<p><strong><span class=\"has-inline-color has-black-color\">Limite \u00e0 participa\u00e7\u00e3o de fam\u00edlias unipessoais no Bolsa Fam\u00edlia<br><\/span><\/strong>O ano de 2023 tamb\u00e9m foi o \u00e1pice recente da demanda reprimida \u2014 o termo designa as pessoas\/fam\u00edlias eleg\u00edveis para receber o benef\u00edcio, mas que n\u00e3o s\u00e3o atendidas pelo programa. Naquele ano, 3,4 milh\u00f5es de pessoas estavam na lista de espera.<\/p>\n\n\n\n<div class=\"wp-block-image\"><figure class=\"aligncenter size-large is-resized\"><a href=\"https:\/\/www.instagram.com\/esteiochurrascaria\/\"><img loading=\"lazy\" decoding=\"async\" src=\"https:\/\/jornalfatosenoticias.com.br\/wp-content\/uploads\/2022\/02\/LOGO-ESTEIO-1024x730.png\" alt=\"\" class=\"wp-image-27942\" width=\"342\" height=\"244\" srcset=\"https:\/\/jornalfatosenoticias.com.br\/wp-content\/uploads\/2022\/02\/LOGO-ESTEIO-1024x730.png 1024w, https:\/\/jornalfatosenoticias.com.br\/wp-content\/uploads\/2022\/02\/LOGO-ESTEIO-300x214.png 300w, https:\/\/jornalfatosenoticias.com.br\/wp-content\/uploads\/2022\/02\/LOGO-ESTEIO-768x548.png 768w, https:\/\/jornalfatosenoticias.com.br\/wp-content\/uploads\/2022\/02\/LOGO-ESTEIO.png 1123w\" sizes=\"auto, (max-width: 342px) 100vw, 342px\" \/><\/a><\/figure><\/div>\n\n\n\n<p>Devido \u00e0 alta no cadastro de fam\u00edlias unipessoais participando do programa, o Minist\u00e9rio do Desenvolvimento Social editou, ainda em 2023, uma norma para conter essa expans\u00e3o, limitando a 16% o n\u00famero de lares dessa natureza beneficiados. Tamb\u00e9m foram implementadas medidas administrativas para atualiza\u00e7\u00e3o cadastral. Como resultado, quase um milh\u00e3o de fam\u00edlias deixaram de receber o benef\u00edcio. Essa redu\u00e7\u00e3o permitiu que fam\u00edlias na lista de espera ingressassem no programa, fazendo com que a demanda reprimida chegasse ao patamar atual de 2,8 milh\u00f5es de pessoas (1,9 milh\u00e3o de fam\u00edlias).<\/p>\n\n\n\n<div class=\"wp-block-image\"><figure class=\"aligncenter size-large is-resized\"><a href=\"https:\/\/www.controlsystems.com.br\/\"><img loading=\"lazy\" decoding=\"async\" src=\"https:\/\/jornalfatosenoticias.com.br\/wp-content\/uploads\/2020\/02\/CONTROL-CS.jpg\" alt=\"\" class=\"wp-image-44991\" width=\"254\" height=\"305\" srcset=\"https:\/\/jornalfatosenoticias.com.br\/wp-content\/uploads\/2020\/02\/CONTROL-CS.jpg 834w, https:\/\/jornalfatosenoticias.com.br\/wp-content\/uploads\/2020\/02\/CONTROL-CS-250x300.jpg 250w, https:\/\/jornalfatosenoticias.com.br\/wp-content\/uploads\/2020\/02\/CONTROL-CS-768x921.jpg 768w\" sizes=\"auto, (max-width: 254px) 100vw, 254px\" \/><\/a><\/figure><\/div>\n\n\n\n<p><strong><span class=\"has-inline-color has-black-color\">Estados do Sudeste e Bahia lideram a fila de espera<br><\/span><\/strong>S\u00e3o Paulo e Rio de Janeiro s\u00e3o os dois estados com maior demanda reprimida, com 551,5 mil e 549,2 mil pessoas, respectivamente. Em seguida, vem a Bahia, com 197,6 mil pessoas na fila de espera. Na an\u00e1lise por regi\u00e3o, o Sudeste lidera o ranking de demanda reprimida, com 45% das pessoas na fila, seguido pelo Nordeste (25%), Norte (11%), Sul (10%) e Centro-Oeste (9%).<\/p>\n\n\n\n<div class=\"wp-block-image\"><figure class=\"aligncenter size-large\"><a href=\"http:\/\/www.ferrarimaquinas.com.br\/\"><img loading=\"lazy\" decoding=\"async\" width=\"300\" height=\"250\" src=\"https:\/\/jornalfatosenoticias.com.br\/wp-content\/uploads\/2022\/02\/FERRARI_MAQUINAS-E-FERRAMENTAS2.jpg\" alt=\"\" class=\"wp-image-27860\"\/><\/a><\/figure><\/div>\n\n\n\n<p>Segundo estimativas da CNM, considerando o repasse m\u00e9dio do PBF, de R$ 668,65 por fam\u00edlia\/m\u00eas, seriam necess\u00e1rios R$ 15,5 bilh\u00f5es por ano para atender \u00e0 demanda reprimida atual, de 1,9 milh\u00e3o de fam\u00edlias. O valor corresponde a um aumento de 9,1% no or\u00e7amento aprovado em 2024. No entanto, neste ano, ao inv\u00e9s de acr\u00e9scimo, como nos anos anteriores, houve corte de R$ 9,5 bilh\u00f5es no montante destinado ao Bolsa Fam\u00edlia pelo governo federal.<\/p>\n\n\n\n<div class=\"wp-block-image\"><figure class=\"aligncenter size-large is-resized\"><a href=\"https:\/\/www.facebook.com\/vetor.vix\/\"><img loading=\"lazy\" decoding=\"async\" src=\"https:\/\/jornalfatosenoticias.com.br\/wp-content\/uploads\/2023\/09\/vetorvix1024_1.jpg\" alt=\"\" class=\"wp-image-44868\" width=\"550\" height=\"146\" srcset=\"https:\/\/jornalfatosenoticias.com.br\/wp-content\/uploads\/2023\/09\/vetorvix1024_1.jpg 1024w, https:\/\/jornalfatosenoticias.com.br\/wp-content\/uploads\/2023\/09\/vetorvix1024_1-300x80.jpg 300w, https:\/\/jornalfatosenoticias.com.br\/wp-content\/uploads\/2023\/09\/vetorvix1024_1-768x205.jpg 768w\" sizes=\"auto, (max-width: 550px) 100vw, 550px\" \/><\/a><\/figure><\/div>\n\n\n\n<p><strong><span class=\"has-inline-color has-black-color\">Redu\u00e7\u00e3o de repasses do governo para o programa em 2025<br><\/span><\/strong>O corte ocorreu ap\u00f3s ampla expans\u00e3o or\u00e7ament\u00e1ria do programa. De acordo com a CNM, em 2023, devido \u00e0 PEC fura-teto (ou da transi\u00e7\u00e3o), os repasses foram acrescidos em 46% na compara\u00e7\u00e3o com 2022, chegando a R$ 166,7 bilh\u00f5es.<\/p>\n\n\n\n<div class=\"wp-block-image\"><figure class=\"aligncenter size-large\"><a href=\"https:\/\/www.cesconetto.com.br\/\"><img loading=\"lazy\" decoding=\"async\" width=\"300\" height=\"250\" src=\"https:\/\/jornalfatosenoticias.com.br\/wp-content\/uploads\/2022\/02\/Banner-2.png\" alt=\"\" class=\"wp-image-27877\"\/><\/a><\/figure><\/div>\n\n\n\n<p>Em 2024, o aumento no or\u00e7amento do programa foi bem menor, de 1%, para R$ 169 bilh\u00f5es. Para 2025, a pe\u00e7a or\u00e7ament\u00e1ria previu um corte de 6%, ou R$ 9,5 bilh\u00f5es. At\u00e9 o momento, dos R$ 159,5 bilh\u00f5es previstos para o custeio do Bolsa Fam\u00edlia neste ano, 25% j\u00e1 foram pagos \u2014 o equivalente a R$ 41,3 bilh\u00f5es.<\/p>\n\n\n\n<div class=\"wp-block-image\"><figure class=\"aligncenter size-large is-resized\"><a href=\"https:\/\/www.instagram.com\/gruposei\/\"><img loading=\"lazy\" decoding=\"async\" src=\"https:\/\/jornalfatosenoticias.com.br\/wp-content\/uploads\/2022\/07\/Logo-Grupo-SEI.jpg\" alt=\"\" class=\"wp-image-31973\" width=\"423\" height=\"222\" srcset=\"https:\/\/jornalfatosenoticias.com.br\/wp-content\/uploads\/2022\/07\/Logo-Grupo-SEI.jpg 713w, https:\/\/jornalfatosenoticias.com.br\/wp-content\/uploads\/2022\/07\/Logo-Grupo-SEI-300x158.jpg 300w\" sizes=\"auto, (max-width: 423px) 100vw, 423px\" \/><\/a><\/figure><\/div>\n\n\n\n<p><strong><span class=\"has-inline-color has-black-color\">Governo rev\u00ea norma para desligamento do Bolsa Fam\u00edlia<br><\/span><\/strong>Nesta quinta-feira (15), o governo federal atualizou a regra de prote\u00e7\u00e3o do programa. A norma rege o desligamento das fam\u00edlias que ultrapassaram o patamar m\u00e1ximo de renda permitido para o recebimento dos benef\u00edcios.<br>Atualmente, o limite de renda para entrada no Bolsa Fam\u00edlia \u00e9 de R$ 218 por pessoa da fam\u00edlia. Enquanto est\u00e3o no programa, as fam\u00edlias que ultrapassarem esse valor, mas n\u00e3o excederem meio sal\u00e1rio m\u00ednimo por pessoa (R$ 706), entram na regra de prote\u00e7\u00e3o.<\/p>\n\n\n\n<div class=\"wp-block-image\"><figure class=\"aligncenter size-large is-resized\"><a href=\"https:\/\/www.instagram.com\/rcradiadores\/\"><img loading=\"lazy\" decoding=\"async\" src=\"https:\/\/jornalfatosenoticias.com.br\/wp-content\/uploads\/2022\/10\/RC_800x750_page-0001.jpg\" alt=\"\" class=\"wp-image-35338\" width=\"310\" height=\"291\" srcset=\"https:\/\/jornalfatosenoticias.com.br\/wp-content\/uploads\/2022\/10\/RC_800x750_page-0001.jpg 400w, https:\/\/jornalfatosenoticias.com.br\/wp-content\/uploads\/2022\/10\/RC_800x750_page-0001-300x281.jpg 300w\" sizes=\"auto, (max-width: 310px) 100vw, 310px\" \/><\/a><\/figure><\/div>\n\n\n\n<p>Antes da portaria editada nesta semana, a regra de prote\u00e7\u00e3o permitia que elas continuassem no programa por mais 24 meses, recebendo 50% do benef\u00edcio a que tinham direito. Com a atualiza\u00e7\u00e3o, o tempo de perman\u00eancia foi reduzido pela metade, para 12 meses.<\/p>\n\n\n\n<div class=\"wp-block-image\"><figure class=\"aligncenter size-large is-resized\"><a href=\"https:\/\/panper.com.br\/\"><img loading=\"lazy\" decoding=\"async\" src=\"https:\/\/jornalfatosenoticias.com.br\/wp-content\/uploads\/2023\/03\/logo-Panper_portal.jpg\" alt=\"\" class=\"wp-image-40208\" width=\"344\" height=\"238\" srcset=\"https:\/\/jornalfatosenoticias.com.br\/wp-content\/uploads\/2023\/03\/logo-Panper_portal.jpg 400w, https:\/\/jornalfatosenoticias.com.br\/wp-content\/uploads\/2023\/03\/logo-Panper_portal-300x208.jpg 300w\" sizes=\"auto, (max-width: 344px) 100vw, 344px\" \/><\/a><\/figure><\/div>\n\n\n\n<p>A nova norma afeta as fam\u00edlias que entrarem na regra de prote\u00e7\u00e3o a partir de junho. As que j\u00e1 estavam nessa condi\u00e7\u00e3o seguem com o per\u00edodo anterior para o desligamento (24 meses). Caso a renda volte a cair, mesmo que a fam\u00edlia j\u00e1 tenha sido desligada do Bolsa Fam\u00edlia, \u00e9 poss\u00edvel que ela volte a receber o benef\u00edcio, pelo mecanismo de retorno garantido, vigente por 36 meses.<\/p>\n\n\n\n<div class=\"wp-block-image\"><figure class=\"aligncenter size-large is-resized\"><a href=\"https:\/\/www.instagram.com\/serra4x4cambioautomatico\/\"><img loading=\"lazy\" decoding=\"async\" src=\"https:\/\/jornalfatosenoticias.com.br\/wp-content\/uploads\/2024\/08\/Serra-4x4-1-886x1024.jpg\" alt=\"\" class=\"wp-image-53632\" width=\"256\" height=\"296\" srcset=\"https:\/\/jornalfatosenoticias.com.br\/wp-content\/uploads\/2024\/08\/Serra-4x4-1-886x1024.jpg 886w, https:\/\/jornalfatosenoticias.com.br\/wp-content\/uploads\/2024\/08\/Serra-4x4-1-260x300.jpg 260w, https:\/\/jornalfatosenoticias.com.br\/wp-content\/uploads\/2024\/08\/Serra-4x4-1-768x888.jpg 768w, https:\/\/jornalfatosenoticias.com.br\/wp-content\/uploads\/2024\/08\/Serra-4x4-1.jpg 1181w\" sizes=\"auto, (max-width: 256px) 100vw, 256px\" \/><\/a><\/figure><\/div>\n\n\n\n<p>De forma sutil, esses cortes e restri\u00e7\u00f5es podem indicar poss\u00edveis limites fiscais para o programa. Com a aproxima\u00e7\u00e3o das elei\u00e7\u00f5es em 2026, a necessidade de cumprir as metas e, sendo o Bolsa Fam\u00edlia uma das bandeiras do governo, \u00e9 improv\u00e1vel que ele queira arcar sozinho com essa conta, compartilhando-a com os munic\u00edpios.<\/p>\n\n\n\n<div class=\"wp-block-image\"><figure class=\"aligncenter size-large is-resized\"><a href=\"https:\/\/hotelmarquetti.com.br\/\"><img loading=\"lazy\" decoding=\"async\" src=\"https:\/\/jornalfatosenoticias.com.br\/wp-content\/uploads\/2020\/02\/LOGO-MQ-1024x680.jpg\" alt=\"\" class=\"wp-image-58299\" width=\"393\" height=\"261\" srcset=\"https:\/\/jornalfatosenoticias.com.br\/wp-content\/uploads\/2020\/02\/LOGO-MQ-1024x680.jpg 1024w, https:\/\/jornalfatosenoticias.com.br\/wp-content\/uploads\/2020\/02\/LOGO-MQ-300x199.jpg 300w, https:\/\/jornalfatosenoticias.com.br\/wp-content\/uploads\/2020\/02\/LOGO-MQ-768x510.jpg 768w, https:\/\/jornalfatosenoticias.com.br\/wp-content\/uploads\/2020\/02\/LOGO-MQ-1536x1020.jpg 1536w, https:\/\/jornalfatosenoticias.com.br\/wp-content\/uploads\/2020\/02\/LOGO-MQ-2048x1360.jpg 2048w\" sizes=\"auto, (max-width: 393px) 100vw, 393px\" \/><\/a><\/figure><\/div>\n\n\n\n<p><strong>Fonte: <a href=\"https:\/\/www.gazetadopovo.com.br\/economia\/governo-deixa-quase-3-milhoes-de-pessoas-fora-do-bolsa-familia-e-pressiona-municipios\/\">Gazeta do Povo<\/a><\/strong><\/p>\n","protected":false},"excerpt":{"rendered":"<p>Atualmente, 2,8 milh\u00f5es de pessoas est\u00e3o na fila de espera para receber os benef\u00edcios do Bolsa Fam\u00edlia Por Roberta Ribeiro Uma das principais pol\u00edticas sociais do governo de Luiz In\u00e1cio Lula da Silva (PT), o Bolsa Fam\u00edlia n\u00e3o tem atendido \u00e0 demanda nacional por seus benef\u00edcios. Em fevereiro deste ano, 2,8 milh\u00f5es de pessoas \u2014 [&hellip;]<\/p>\n","protected":false},"author":2,"featured_media":59290,"comment_status":"open","ping_status":"open","sticky":false,"template":"","format":"standard","meta":{"footnotes":""},"categories":[9],"tags":[1006,24344,1039,860,7580],"class_list":["post-59289","post","type-post","status-publish","format-standard","has-post-thumbnail","hentry","category-economia","tag-bolsa-familia","tag-cadunico","tag-eleicoes","tag-governo-federal","tag-lula"],"yoast_head":"<!-- This site is optimized with the Yoast SEO plugin v26.5 - https:\/\/yoast.com\/wordpress\/plugins\/seo\/ -->\n<title>Governo deixa quase tr\u00eas milh\u00f5es de pessoas fora do Bolsa Fam\u00edlia e pressiona munic\u00edpios - Jornal Fatos e Not\u00edcias<\/title>\n<meta name=\"robots\" content=\"index, follow, max-snippet:-1, max-image-preview:large, max-video-preview:-1\" \/>\n<link rel=\"canonical\" href=\"https:\/\/jornalfatosenoticias.com.br\/index.php\/2025\/05\/16\/governo-deixa-quase-tres-milhoes-de-pessoas-fora-do-bolsa-familia-e-pressiona-municipios\/\" \/>\n<meta property=\"og:locale\" content=\"pt_BR\" \/>\n<meta property=\"og:type\" content=\"article\" \/>\n<meta property=\"og:title\" content=\"Governo deixa quase tr\u00eas milh\u00f5es de pessoas fora do Bolsa Fam\u00edlia e pressiona munic\u00edpios - Jornal Fatos e Not\u00edcias\" \/>\n<meta property=\"og:description\" content=\"Atualmente, 2,8 milh\u00f5es de pessoas est\u00e3o na fila de espera para receber os benef\u00edcios do Bolsa Fam\u00edlia Por Roberta Ribeiro Uma das principais pol\u00edticas sociais do governo de Luiz In\u00e1cio Lula da Silva (PT), o Bolsa Fam\u00edlia n\u00e3o tem atendido \u00e0 demanda nacional por seus benef\u00edcios. Em fevereiro deste ano, 2,8 milh\u00f5es de pessoas \u2014 [&hellip;]\" \/>\n<meta property=\"og:url\" content=\"https:\/\/jornalfatosenoticias.com.br\/index.php\/2025\/05\/16\/governo-deixa-quase-tres-milhoes-de-pessoas-fora-do-bolsa-familia-e-pressiona-municipios\/\" \/>\n<meta property=\"og:site_name\" content=\"Jornal Fatos e Not\u00edcias\" \/>\n<meta property=\"article:published_time\" content=\"2025-05-16T17:58:44+00:00\" \/>\n<meta property=\"article:modified_time\" content=\"2025-05-16T17:58:45+00:00\" \/>\n<meta property=\"og:image\" content=\"https:\/\/jornalfatosenoticias.com.br\/wp-content\/uploads\/2025\/05\/bolsa-familia.jpg\" \/>\n\t<meta property=\"og:image:width\" content=\"1000\" \/>\n\t<meta property=\"og:image:height\" content=\"598\" \/>\n\t<meta property=\"og:image:type\" content=\"image\/jpeg\" \/>\n<meta name=\"author\" content=\"Luzimara Fernandes\" \/>\n<meta name=\"twitter:card\" content=\"summary_large_image\" \/>\n<meta name=\"twitter:label1\" content=\"Escrito por\" \/>\n\t<meta name=\"twitter:data1\" content=\"Luzimara Fernandes\" \/>\n\t<meta name=\"twitter:label2\" content=\"Est. tempo de leitura\" \/>\n\t<meta name=\"twitter:data2\" content=\"6 minutos\" \/>\n<script type=\"application\/ld+json\" class=\"yoast-schema-graph\">{\"@context\":\"https:\/\/schema.org\",\"@graph\":[{\"@type\":\"Article\",\"@id\":\"https:\/\/jornalfatosenoticias.com.br\/index.php\/2025\/05\/16\/governo-deixa-quase-tres-milhoes-de-pessoas-fora-do-bolsa-familia-e-pressiona-municipios\/#article\",\"isPartOf\":{\"@id\":\"https:\/\/jornalfatosenoticias.com.br\/index.php\/2025\/05\/16\/governo-deixa-quase-tres-milhoes-de-pessoas-fora-do-bolsa-familia-e-pressiona-municipios\/\"},\"author\":{\"name\":\"Luzimara Fernandes\",\"@id\":\"https:\/\/jornalfatosenoticias.com.br\/#\/schema\/person\/d63837fa13ac8666eb9e74e0985d6f81\"},\"headline\":\"Governo deixa quase tr\u00eas milh\u00f5es de pessoas fora do Bolsa Fam\u00edlia e pressiona munic\u00edpios\",\"datePublished\":\"2025-05-16T17:58:44+00:00\",\"dateModified\":\"2025-05-16T17:58:45+00:00\",\"mainEntityOfPage\":{\"@id\":\"https:\/\/jornalfatosenoticias.com.br\/index.php\/2025\/05\/16\/governo-deixa-quase-tres-milhoes-de-pessoas-fora-do-bolsa-familia-e-pressiona-municipios\/\"},\"wordCount\":1134,\"commentCount\":0,\"publisher\":{\"@id\":\"https:\/\/jornalfatosenoticias.com.br\/#organization\"},\"image\":{\"@id\":\"https:\/\/jornalfatosenoticias.com.br\/index.php\/2025\/05\/16\/governo-deixa-quase-tres-milhoes-de-pessoas-fora-do-bolsa-familia-e-pressiona-municipios\/#primaryimage\"},\"thumbnailUrl\":\"https:\/\/jornalfatosenoticias.com.br\/wp-content\/uploads\/2025\/05\/bolsa-familia.jpg\",\"keywords\":[\"Bolsa Fam\u00edlia\",\"Cad\u00danico\",\"elei\u00e7\u00f5es\",\"governo federal\",\"Lula\"],\"articleSection\":[\"Economia\"],\"inLanguage\":\"pt-BR\",\"potentialAction\":[{\"@type\":\"CommentAction\",\"name\":\"Comment\",\"target\":[\"https:\/\/jornalfatosenoticias.com.br\/index.php\/2025\/05\/16\/governo-deixa-quase-tres-milhoes-de-pessoas-fora-do-bolsa-familia-e-pressiona-municipios\/#respond\"]}]},{\"@type\":\"WebPage\",\"@id\":\"https:\/\/jornalfatosenoticias.com.br\/index.php\/2025\/05\/16\/governo-deixa-quase-tres-milhoes-de-pessoas-fora-do-bolsa-familia-e-pressiona-municipios\/\",\"url\":\"https:\/\/jornalfatosenoticias.com.br\/index.php\/2025\/05\/16\/governo-deixa-quase-tres-milhoes-de-pessoas-fora-do-bolsa-familia-e-pressiona-municipios\/\",\"name\":\"Governo deixa quase tr\u00eas milh\u00f5es de pessoas fora do Bolsa Fam\u00edlia e pressiona munic\u00edpios - Jornal Fatos e Not\u00edcias\",\"isPartOf\":{\"@id\":\"https:\/\/jornalfatosenoticias.com.br\/#website\"},\"primaryImageOfPage\":{\"@id\":\"https:\/\/jornalfatosenoticias.com.br\/index.php\/2025\/05\/16\/governo-deixa-quase-tres-milhoes-de-pessoas-fora-do-bolsa-familia-e-pressiona-municipios\/#primaryimage\"},\"image\":{\"@id\":\"https:\/\/jornalfatosenoticias.com.br\/index.php\/2025\/05\/16\/governo-deixa-quase-tres-milhoes-de-pessoas-fora-do-bolsa-familia-e-pressiona-municipios\/#primaryimage\"},\"thumbnailUrl\":\"https:\/\/jornalfatosenoticias.com.br\/wp-content\/uploads\/2025\/05\/bolsa-familia.jpg\",\"datePublished\":\"2025-05-16T17:58:44+00:00\",\"dateModified\":\"2025-05-16T17:58:45+00:00\",\"breadcrumb\":{\"@id\":\"https:\/\/jornalfatosenoticias.com.br\/index.php\/2025\/05\/16\/governo-deixa-quase-tres-milhoes-de-pessoas-fora-do-bolsa-familia-e-pressiona-municipios\/#breadcrumb\"},\"inLanguage\":\"pt-BR\",\"potentialAction\":[{\"@type\":\"ReadAction\",\"target\":[\"https:\/\/jornalfatosenoticias.com.br\/index.php\/2025\/05\/16\/governo-deixa-quase-tres-milhoes-de-pessoas-fora-do-bolsa-familia-e-pressiona-municipios\/\"]}]},{\"@type\":\"ImageObject\",\"inLanguage\":\"pt-BR\",\"@id\":\"https:\/\/jornalfatosenoticias.com.br\/index.php\/2025\/05\/16\/governo-deixa-quase-tres-milhoes-de-pessoas-fora-do-bolsa-familia-e-pressiona-municipios\/#primaryimage\",\"url\":\"https:\/\/jornalfatosenoticias.com.br\/wp-content\/uploads\/2025\/05\/bolsa-familia.jpg\",\"contentUrl\":\"https:\/\/jornalfatosenoticias.com.br\/wp-content\/uploads\/2025\/05\/bolsa-familia.jpg\",\"width\":1000,\"height\":598},{\"@type\":\"BreadcrumbList\",\"@id\":\"https:\/\/jornalfatosenoticias.com.br\/index.php\/2025\/05\/16\/governo-deixa-quase-tres-milhoes-de-pessoas-fora-do-bolsa-familia-e-pressiona-municipios\/#breadcrumb\",\"itemListElement\":[{\"@type\":\"ListItem\",\"position\":1,\"name\":\"In\u00edcio\",\"item\":\"https:\/\/jornalfatosenoticias.com.br\/\"},{\"@type\":\"ListItem\",\"position\":2,\"name\":\"Governo deixa quase tr\u00eas milh\u00f5es de pessoas fora do Bolsa Fam\u00edlia e pressiona munic\u00edpios\"}]},{\"@type\":\"WebSite\",\"@id\":\"https:\/\/jornalfatosenoticias.com.br\/#website\",\"url\":\"https:\/\/jornalfatosenoticias.com.br\/\",\"name\":\"Jornal Fatos e Not\u00edcias\",\"description\":\"Not\u00edcias em geral\",\"publisher\":{\"@id\":\"https:\/\/jornalfatosenoticias.com.br\/#organization\"},\"potentialAction\":[{\"@type\":\"SearchAction\",\"target\":{\"@type\":\"EntryPoint\",\"urlTemplate\":\"https:\/\/jornalfatosenoticias.com.br\/?s={search_term_string}\"},\"query-input\":{\"@type\":\"PropertyValueSpecification\",\"valueRequired\":true,\"valueName\":\"search_term_string\"}}],\"inLanguage\":\"pt-BR\"},{\"@type\":\"Organization\",\"@id\":\"https:\/\/jornalfatosenoticias.com.br\/#organization\",\"name\":\"Jornal Fatos e Not\u00edcias\",\"url\":\"https:\/\/jornalfatosenoticias.com.br\/\",\"logo\":{\"@type\":\"ImageObject\",\"inLanguage\":\"pt-BR\",\"@id\":\"https:\/\/jornalfatosenoticias.com.br\/#\/schema\/logo\/image\/\",\"url\":\"https:\/\/jornalfatosenoticias.com.br\/wp-content\/uploads\/2020\/02\/logo120.png\",\"contentUrl\":\"https:\/\/jornalfatosenoticias.com.br\/wp-content\/uploads\/2020\/02\/logo120.png\",\"width\":1227,\"height\":120,\"caption\":\"Jornal Fatos e Not\u00edcias\"},\"image\":{\"@id\":\"https:\/\/jornalfatosenoticias.com.br\/#\/schema\/logo\/image\/\"}},{\"@type\":\"Person\",\"@id\":\"https:\/\/jornalfatosenoticias.com.br\/#\/schema\/person\/d63837fa13ac8666eb9e74e0985d6f81\",\"name\":\"Luzimara Fernandes\",\"image\":{\"@type\":\"ImageObject\",\"inLanguage\":\"pt-BR\",\"@id\":\"https:\/\/jornalfatosenoticias.com.br\/#\/schema\/person\/image\/\",\"url\":\"https:\/\/jornalfatosenoticias.com.br\/wp-content\/uploads\/2025\/05\/EU_portal.jpg\",\"contentUrl\":\"https:\/\/jornalfatosenoticias.com.br\/wp-content\/uploads\/2025\/05\/EU_portal.jpg\",\"caption\":\"Luzimara Fernandes\"},\"description\":\"Jornalista MTB 2358-ES\",\"sameAs\":[\"https:\/\/jornalfatosenoticias.com.br\"],\"url\":\"https:\/\/jornalfatosenoticias.com.br\/index.php\/author\/luzimara\/\"}]}<\/script>\n<!-- \/ Yoast SEO plugin. -->","yoast_head_json":{"title":"Governo deixa quase tr\u00eas milh\u00f5es de pessoas fora do Bolsa Fam\u00edlia e pressiona munic\u00edpios - Jornal Fatos e Not\u00edcias","robots":{"index":"index","follow":"follow","max-snippet":"max-snippet:-1","max-image-preview":"max-image-preview:large","max-video-preview":"max-video-preview:-1"},"canonical":"https:\/\/jornalfatosenoticias.com.br\/index.php\/2025\/05\/16\/governo-deixa-quase-tres-milhoes-de-pessoas-fora-do-bolsa-familia-e-pressiona-municipios\/","og_locale":"pt_BR","og_type":"article","og_title":"Governo deixa quase tr\u00eas milh\u00f5es de pessoas fora do Bolsa Fam\u00edlia e pressiona munic\u00edpios - Jornal Fatos e Not\u00edcias","og_description":"Atualmente, 2,8 milh\u00f5es de pessoas est\u00e3o na fila de espera para receber os benef\u00edcios do Bolsa Fam\u00edlia Por Roberta Ribeiro Uma das principais pol\u00edticas sociais do governo de Luiz In\u00e1cio Lula da Silva (PT), o Bolsa Fam\u00edlia n\u00e3o tem atendido \u00e0 demanda nacional por seus benef\u00edcios. Em fevereiro deste ano, 2,8 milh\u00f5es de pessoas \u2014 [&hellip;]","og_url":"https:\/\/jornalfatosenoticias.com.br\/index.php\/2025\/05\/16\/governo-deixa-quase-tres-milhoes-de-pessoas-fora-do-bolsa-familia-e-pressiona-municipios\/","og_site_name":"Jornal Fatos e Not\u00edcias","article_published_time":"2025-05-16T17:58:44+00:00","article_modified_time":"2025-05-16T17:58:45+00:00","og_image":[{"width":1000,"height":598,"url":"https:\/\/jornalfatosenoticias.com.br\/wp-content\/uploads\/2025\/05\/bolsa-familia.jpg","type":"image\/jpeg"}],"author":"Luzimara Fernandes","twitter_card":"summary_large_image","twitter_misc":{"Escrito por":"Luzimara Fernandes","Est. tempo de leitura":"6 minutos"},"schema":{"@context":"https:\/\/schema.org","@graph":[{"@type":"Article","@id":"https:\/\/jornalfatosenoticias.com.br\/index.php\/2025\/05\/16\/governo-deixa-quase-tres-milhoes-de-pessoas-fora-do-bolsa-familia-e-pressiona-municipios\/#article","isPartOf":{"@id":"https:\/\/jornalfatosenoticias.com.br\/index.php\/2025\/05\/16\/governo-deixa-quase-tres-milhoes-de-pessoas-fora-do-bolsa-familia-e-pressiona-municipios\/"},"author":{"name":"Luzimara Fernandes","@id":"https:\/\/jornalfatosenoticias.com.br\/#\/schema\/person\/d63837fa13ac8666eb9e74e0985d6f81"},"headline":"Governo deixa quase tr\u00eas milh\u00f5es de pessoas fora do Bolsa Fam\u00edlia e pressiona munic\u00edpios","datePublished":"2025-05-16T17:58:44+00:00","dateModified":"2025-05-16T17:58:45+00:00","mainEntityOfPage":{"@id":"https:\/\/jornalfatosenoticias.com.br\/index.php\/2025\/05\/16\/governo-deixa-quase-tres-milhoes-de-pessoas-fora-do-bolsa-familia-e-pressiona-municipios\/"},"wordCount":1134,"commentCount":0,"publisher":{"@id":"https:\/\/jornalfatosenoticias.com.br\/#organization"},"image":{"@id":"https:\/\/jornalfatosenoticias.com.br\/index.php\/2025\/05\/16\/governo-deixa-quase-tres-milhoes-de-pessoas-fora-do-bolsa-familia-e-pressiona-municipios\/#primaryimage"},"thumbnailUrl":"https:\/\/jornalfatosenoticias.com.br\/wp-content\/uploads\/2025\/05\/bolsa-familia.jpg","keywords":["Bolsa Fam\u00edlia","Cad\u00danico","elei\u00e7\u00f5es","governo federal","Lula"],"articleSection":["Economia"],"inLanguage":"pt-BR","potentialAction":[{"@type":"CommentAction","name":"Comment","target":["https:\/\/jornalfatosenoticias.com.br\/index.php\/2025\/05\/16\/governo-deixa-quase-tres-milhoes-de-pessoas-fora-do-bolsa-familia-e-pressiona-municipios\/#respond"]}]},{"@type":"WebPage","@id":"https:\/\/jornalfatosenoticias.com.br\/index.php\/2025\/05\/16\/governo-deixa-quase-tres-milhoes-de-pessoas-fora-do-bolsa-familia-e-pressiona-municipios\/","url":"https:\/\/jornalfatosenoticias.com.br\/index.php\/2025\/05\/16\/governo-deixa-quase-tres-milhoes-de-pessoas-fora-do-bolsa-familia-e-pressiona-municipios\/","name":"Governo deixa quase tr\u00eas milh\u00f5es de pessoas fora do Bolsa Fam\u00edlia e pressiona munic\u00edpios - Jornal Fatos e Not\u00edcias","isPartOf":{"@id":"https:\/\/jornalfatosenoticias.com.br\/#website"},"primaryImageOfPage":{"@id":"https:\/\/jornalfatosenoticias.com.br\/index.php\/2025\/05\/16\/governo-deixa-quase-tres-milhoes-de-pessoas-fora-do-bolsa-familia-e-pressiona-municipios\/#primaryimage"},"image":{"@id":"https:\/\/jornalfatosenoticias.com.br\/index.php\/2025\/05\/16\/governo-deixa-quase-tres-milhoes-de-pessoas-fora-do-bolsa-familia-e-pressiona-municipios\/#primaryimage"},"thumbnailUrl":"https:\/\/jornalfatosenoticias.com.br\/wp-content\/uploads\/2025\/05\/bolsa-familia.jpg","datePublished":"2025-05-16T17:58:44+00:00","dateModified":"2025-05-16T17:58:45+00:00","breadcrumb":{"@id":"https:\/\/jornalfatosenoticias.com.br\/index.php\/2025\/05\/16\/governo-deixa-quase-tres-milhoes-de-pessoas-fora-do-bolsa-familia-e-pressiona-municipios\/#breadcrumb"},"inLanguage":"pt-BR","potentialAction":[{"@type":"ReadAction","target":["https:\/\/jornalfatosenoticias.com.br\/index.php\/2025\/05\/16\/governo-deixa-quase-tres-milhoes-de-pessoas-fora-do-bolsa-familia-e-pressiona-municipios\/"]}]},{"@type":"ImageObject","inLanguage":"pt-BR","@id":"https:\/\/jornalfatosenoticias.com.br\/index.php\/2025\/05\/16\/governo-deixa-quase-tres-milhoes-de-pessoas-fora-do-bolsa-familia-e-pressiona-municipios\/#primaryimage","url":"https:\/\/jornalfatosenoticias.com.br\/wp-content\/uploads\/2025\/05\/bolsa-familia.jpg","contentUrl":"https:\/\/jornalfatosenoticias.com.br\/wp-content\/uploads\/2025\/05\/bolsa-familia.jpg","width":1000,"height":598},{"@type":"BreadcrumbList","@id":"https:\/\/jornalfatosenoticias.com.br\/index.php\/2025\/05\/16\/governo-deixa-quase-tres-milhoes-de-pessoas-fora-do-bolsa-familia-e-pressiona-municipios\/#breadcrumb","itemListElement":[{"@type":"ListItem","position":1,"name":"In\u00edcio","item":"https:\/\/jornalfatosenoticias.com.br\/"},{"@type":"ListItem","position":2,"name":"Governo deixa quase tr\u00eas milh\u00f5es de pessoas fora do Bolsa Fam\u00edlia e pressiona munic\u00edpios"}]},{"@type":"WebSite","@id":"https:\/\/jornalfatosenoticias.com.br\/#website","url":"https:\/\/jornalfatosenoticias.com.br\/","name":"Jornal Fatos e Not\u00edcias","description":"Not\u00edcias em geral","publisher":{"@id":"https:\/\/jornalfatosenoticias.com.br\/#organization"},"potentialAction":[{"@type":"SearchAction","target":{"@type":"EntryPoint","urlTemplate":"https:\/\/jornalfatosenoticias.com.br\/?s={search_term_string}"},"query-input":{"@type":"PropertyValueSpecification","valueRequired":true,"valueName":"search_term_string"}}],"inLanguage":"pt-BR"},{"@type":"Organization","@id":"https:\/\/jornalfatosenoticias.com.br\/#organization","name":"Jornal Fatos e Not\u00edcias","url":"https:\/\/jornalfatosenoticias.com.br\/","logo":{"@type":"ImageObject","inLanguage":"pt-BR","@id":"https:\/\/jornalfatosenoticias.com.br\/#\/schema\/logo\/image\/","url":"https:\/\/jornalfatosenoticias.com.br\/wp-content\/uploads\/2020\/02\/logo120.png","contentUrl":"https:\/\/jornalfatosenoticias.com.br\/wp-content\/uploads\/2020\/02\/logo120.png","width":1227,"height":120,"caption":"Jornal Fatos e Not\u00edcias"},"image":{"@id":"https:\/\/jornalfatosenoticias.com.br\/#\/schema\/logo\/image\/"}},{"@type":"Person","@id":"https:\/\/jornalfatosenoticias.com.br\/#\/schema\/person\/d63837fa13ac8666eb9e74e0985d6f81","name":"Luzimara Fernandes","image":{"@type":"ImageObject","inLanguage":"pt-BR","@id":"https:\/\/jornalfatosenoticias.com.br\/#\/schema\/person\/image\/","url":"https:\/\/jornalfatosenoticias.com.br\/wp-content\/uploads\/2025\/05\/EU_portal.jpg","contentUrl":"https:\/\/jornalfatosenoticias.com.br\/wp-content\/uploads\/2025\/05\/EU_portal.jpg","caption":"Luzimara Fernandes"},"description":"Jornalista MTB 2358-ES","sameAs":["https:\/\/jornalfatosenoticias.com.br"],"url":"https:\/\/jornalfatosenoticias.com.br\/index.php\/author\/luzimara\/"}]}},"cc_featured_image_caption":{"caption_text":"(Foto: Lyon Santos\/MDS)","source_text":"","source_url":""},"jetpack_featured_media_url":"https:\/\/jornalfatosenoticias.com.br\/wp-content\/uploads\/2025\/05\/bolsa-familia.jpg","_links":{"self":[{"href":"https:\/\/jornalfatosenoticias.com.br\/index.php\/wp-json\/wp\/v2\/posts\/59289","targetHints":{"allow":["GET"]}}],"collection":[{"href":"https:\/\/jornalfatosenoticias.com.br\/index.php\/wp-json\/wp\/v2\/posts"}],"about":[{"href":"https:\/\/jornalfatosenoticias.com.br\/index.php\/wp-json\/wp\/v2\/types\/post"}],"author":[{"embeddable":true,"href":"https:\/\/jornalfatosenoticias.com.br\/index.php\/wp-json\/wp\/v2\/users\/2"}],"replies":[{"embeddable":true,"href":"https:\/\/jornalfatosenoticias.com.br\/index.php\/wp-json\/wp\/v2\/comments?post=59289"}],"version-history":[{"count":0,"href":"https:\/\/jornalfatosenoticias.com.br\/index.php\/wp-json\/wp\/v2\/posts\/59289\/revisions"}],"wp:featuredmedia":[{"embeddable":true,"href":"https:\/\/jornalfatosenoticias.com.br\/index.php\/wp-json\/wp\/v2\/media\/59290"}],"wp:attachment":[{"href":"https:\/\/jornalfatosenoticias.com.br\/index.php\/wp-json\/wp\/v2\/media?parent=59289"}],"wp:term":[{"taxonomy":"category","embeddable":true,"href":"https:\/\/jornalfatosenoticias.com.br\/index.php\/wp-json\/wp\/v2\/categories?post=59289"},{"taxonomy":"post_tag","embeddable":true,"href":"https:\/\/jornalfatosenoticias.com.br\/index.php\/wp-json\/wp\/v2\/tags?post=59289"}],"curies":[{"name":"wp","href":"https:\/\/api.w.org\/{rel}","templated":true}]}}