{"id":59311,"date":"2025-05-19T15:00:14","date_gmt":"2025-05-19T18:00:14","guid":{"rendered":"https:\/\/jornalfatosenoticias.com.br\/?p=59311"},"modified":"2025-05-19T15:00:15","modified_gmt":"2025-05-19T18:00:15","slug":"lula-tenta-evitar-que-cpmi-leve-crise-do-inss-para-o-planalto","status":"publish","type":"post","link":"https:\/\/jornalfatosenoticias.com.br\/index.php\/2025\/05\/19\/lula-tenta-evitar-que-cpmi-leve-crise-do-inss-para-o-planalto\/","title":{"rendered":"Lula tenta evitar que CPMI leve crise do INSS para o Planalto&nbsp;"},"content":{"rendered":"\n<p><em><span class=\"has-inline-color has-black-color\">O presidente do Congresso, Davi Alcolumbre, e Luiz In\u00e1cio Lula da Silva<\/span><\/em><\/p>\n\n\n\n<p><span class=\"has-inline-color has-black-color\">Por <strong><a href=\"https:\/\/www.gazetadopovo.com.br\/autor\/wesley-oliveira\/\">Wesley Oliveira<\/a><\/strong><\/span><\/p>\n\n\n\n<div class=\"wp-block-image\"><figure class=\"aligncenter size-large\"><a href=\"https:\/\/mizu.com.br\/\"><img loading=\"lazy\" decoding=\"async\" width=\"729\" height=\"90\" src=\"https:\/\/jornalfatosenoticias.com.br\/wp-content\/uploads\/2020\/02\/Logo_Mizu.png\" alt=\"\" class=\"wp-image-1441\" srcset=\"https:\/\/jornalfatosenoticias.com.br\/wp-content\/uploads\/2020\/02\/Logo_Mizu.png 729w, https:\/\/jornalfatosenoticias.com.br\/wp-content\/uploads\/2020\/02\/Logo_Mizu-300x37.png 300w\" sizes=\"auto, (max-width: 729px) 100vw, 729px\" \/><\/a><\/figure><\/div>\n\n\n\n<p>Ministros e l\u00edderes do governo Luiz In\u00e1cio Lula da Silva (PT) intensificaram a press\u00e3o junto aos parlamentares da base para tentar evitar a instala\u00e7\u00e3o de uma Comiss\u00e3o Parlamentar de Inqu\u00e9rito (CPI) sobre os descontos irregulares nas contas dos aposentados e pensionistas do Instituto Nacional do Seguro Social (INSS). O objetivo dos petistas \u00e9 tentar evitar que o Congresso amplie a exposi\u00e7\u00e3o sobre o esc\u00e2ndalo e, para isso, esperam contar com a alian\u00e7a com o presidente do Senado, Davi Alcolumbre (Uni\u00e3o-AP).\u00a0<br>Na C\u00e2mara, um requerimento de CPI chegou a ser protocolado pela bancada da oposi\u00e7\u00e3o, liderada pelo PL, partido do ex-presidente Jair Bolsonaro. O pedido, no entanto, integra uma lista com outros 12 requerimentos de CPIs, sobre temas distintos, e que aguardam delibera\u00e7\u00e3o por parte do presidente da Casa, Hugo Motta (Republicanos-PB). O regimento interno permite que apenas cinco comiss\u00f5es de investiga\u00e7\u00e3o atuem simultaneamente e est\u00e1 sendo usado pelo presidente Hugo Motta para barrar a iniciativa. Para tentar contornar essa regra, deputados e senadores tamb\u00e9m protocolaram um pedido de instala\u00e7\u00e3o de uma Comiss\u00e3o Parlamentar Mista de Inqu\u00e9rito (CPMI). Essa instala\u00e7\u00e3o cabe ao presidente do Congresso, Davi Alcolumbre.<\/p>\n\n\n\n<div class=\"wp-block-image\"><figure class=\"aligncenter size-large is-resized\"><a href=\"https:\/\/www.facebook.com\/profile.php?id=100069289606145\"><img loading=\"lazy\" decoding=\"async\" src=\"https:\/\/jornalfatosenoticias.com.br\/wp-content\/uploads\/2024\/11\/Guaitolini-Contabilidade-1024x714.jpeg\" alt=\"\" class=\"wp-image-55808\" width=\"342\" height=\"238\" srcset=\"https:\/\/jornalfatosenoticias.com.br\/wp-content\/uploads\/2024\/11\/Guaitolini-Contabilidade-1024x714.jpeg 1024w, https:\/\/jornalfatosenoticias.com.br\/wp-content\/uploads\/2024\/11\/Guaitolini-Contabilidade-300x209.jpeg 300w, https:\/\/jornalfatosenoticias.com.br\/wp-content\/uploads\/2024\/11\/Guaitolini-Contabilidade-768x535.jpeg 768w, https:\/\/jornalfatosenoticias.com.br\/wp-content\/uploads\/2024\/11\/Guaitolini-Contabilidade.jpeg 1280w\" sizes=\"auto, (max-width: 342px) 100vw, 342px\" \/><\/a><\/figure><\/div>\n\n\n\n<p>Atualmente, pelo menos 230 deputados e 39 senadores assinaram o requerimento. Para que uma CPMI seja instalada, \u00e9 necess\u00e1rio o apoio de 171 deputados e 27 senadores. O recolhimento das assinaturas foi capitaneado pela deputada Coronel Fernanda (PL-MT) e pela senadora Damares Alves (Republicanos-DF). Segundo elas, o objetivo \u00e9 ampliar o n\u00famero dos apoiadores, justamente para evitar que o governo desidrate o requerimento.\u00a0<\/p>\n\n\n\n<div class=\"wp-block-image\"><figure class=\"aligncenter size-large is-resized\"><a href=\"https:\/\/panper.com.br\/\"><img loading=\"lazy\" decoding=\"async\" src=\"https:\/\/jornalfatosenoticias.com.br\/wp-content\/uploads\/2023\/03\/logo-Panper_portal.jpg\" alt=\"\" class=\"wp-image-40208\" width=\"344\" height=\"238\" srcset=\"https:\/\/jornalfatosenoticias.com.br\/wp-content\/uploads\/2023\/03\/logo-Panper_portal.jpg 400w, https:\/\/jornalfatosenoticias.com.br\/wp-content\/uploads\/2023\/03\/logo-Panper_portal-300x208.jpg 300w\" sizes=\"auto, (max-width: 344px) 100vw, 344px\" \/><\/a><\/figure><\/div>\n\n\n\n<p>Alcolumbre esteve com Lula na viagem pela R\u00fassia e China e comunicou ao governo que pode adiar, mas n\u00e3o impedir a instala\u00e7\u00e3o da CPMI. No Congresso n\u00e3o h\u00e1 o impedimento de uma lista de comiss\u00f5es em fila para serem instaladas. O requerimento deve ser lido na pr\u00f3xima sess\u00e3o conjunta de deputados e senadores, marcada para 27 de maio.<\/p>\n\n\n\n<div class=\"wp-block-image\"><figure class=\"aligncenter size-large is-resized\"><a href=\"https:\/\/www.instagram.com\/serra4x4cambioautomatico\/\"><img loading=\"lazy\" decoding=\"async\" src=\"https:\/\/jornalfatosenoticias.com.br\/wp-content\/uploads\/2024\/08\/Serra-4x4-1-886x1024.jpg\" alt=\"\" class=\"wp-image-53632\" width=\"285\" height=\"329\" srcset=\"https:\/\/jornalfatosenoticias.com.br\/wp-content\/uploads\/2024\/08\/Serra-4x4-1-886x1024.jpg 886w, https:\/\/jornalfatosenoticias.com.br\/wp-content\/uploads\/2024\/08\/Serra-4x4-1-260x300.jpg 260w, https:\/\/jornalfatosenoticias.com.br\/wp-content\/uploads\/2024\/08\/Serra-4x4-1-768x888.jpg 768w, https:\/\/jornalfatosenoticias.com.br\/wp-content\/uploads\/2024\/08\/Serra-4x4-1.jpg 1181w\" sizes=\"auto, (max-width: 285px) 100vw, 285px\" \/><\/a><\/figure><\/div>\n\n\n\n<p>O vice-l\u00edder da oposi\u00e7\u00e3o, deputado Ubiratan Sanderson (PL-RS), disse acreditar que a realiza\u00e7\u00e3o da CPMI no Congresso \u00e9 menos interessante para a oposi\u00e7\u00e3o por causa da influ\u00eancia de uma maioria governista no Senado.<\/p>\n\n\n\n<blockquote class=\"wp-block-quote is-layout-flow wp-block-quote-is-layout-flow\"><p><span class=\"has-inline-color has-luminous-vivid-orange-color\">Na C\u00e2mara, uma CPI teria maior autonomia para investigar tudo, doa a quem doer&#8221;, disse o deputado nesta segunda-feira (19) \u00e0 Jovem Pan News<\/span><\/p><\/blockquote>\n\n\n\n<div class=\"wp-block-image\"><figure class=\"aligncenter size-large is-resized\"><a href=\"https:\/\/www.facebook.com\/vetor.vix\/\"><img loading=\"lazy\" decoding=\"async\" src=\"https:\/\/jornalfatosenoticias.com.br\/wp-content\/uploads\/2023\/09\/vetorvix1024_1.jpg\" alt=\"\" class=\"wp-image-44868\" width=\"528\" height=\"140\" srcset=\"https:\/\/jornalfatosenoticias.com.br\/wp-content\/uploads\/2023\/09\/vetorvix1024_1.jpg 1024w, https:\/\/jornalfatosenoticias.com.br\/wp-content\/uploads\/2023\/09\/vetorvix1024_1-300x80.jpg 300w, https:\/\/jornalfatosenoticias.com.br\/wp-content\/uploads\/2023\/09\/vetorvix1024_1-768x205.jpg 768w\" sizes=\"auto, (max-width: 528px) 100vw, 528px\" \/><\/a><\/figure><\/div>\n\n\n\n<p>O Pal\u00e1cio do Planalto, no entanto, vai trabalhar junto aos seus l\u00edderes para tentar derrubar a sess\u00e3o do Congresso. A medida adiaria a leitura do requerimento para junho, prazo que o governo pretende usar para retirar as assinaturas dos parlamentares. &#8220;Uma CPMI, no ambiente de explora\u00e7\u00e3o pol\u00edtica em que est\u00e1 sendo proposta, pode comprometer o sucesso da investiga\u00e7\u00e3o policial. Este governo j\u00e1 suspendeu os descontos, acabando com o roubo aos aposentados, demonstrou que levar\u00e1 as investiga\u00e7\u00f5es at\u00e9 as \u00faltimas consequ\u00eancias e trabalha para ressarcir as v\u00edtimas o mais r\u00e1pido poss\u00edvel&#8221;, argumentou a ministra Gleisi Hoffmann, da Secretaria de Rela\u00e7\u00f5es Institucionais.<\/p>\n\n\n\n<div class=\"wp-block-image\"><figure class=\"aligncenter size-large is-resized\"><a href=\"https:\/\/www.instagram.com\/esteiochurrascaria\/\"><img loading=\"lazy\" decoding=\"async\" src=\"https:\/\/jornalfatosenoticias.com.br\/wp-content\/uploads\/2022\/02\/LOGO-ESTEIO-1024x730.png\" alt=\"\" class=\"wp-image-27942\" width=\"338\" height=\"241\" srcset=\"https:\/\/jornalfatosenoticias.com.br\/wp-content\/uploads\/2022\/02\/LOGO-ESTEIO-1024x730.png 1024w, https:\/\/jornalfatosenoticias.com.br\/wp-content\/uploads\/2022\/02\/LOGO-ESTEIO-300x214.png 300w, https:\/\/jornalfatosenoticias.com.br\/wp-content\/uploads\/2022\/02\/LOGO-ESTEIO-768x548.png 768w, https:\/\/jornalfatosenoticias.com.br\/wp-content\/uploads\/2022\/02\/LOGO-ESTEIO.png 1123w\" sizes=\"auto, (max-width: 338px) 100vw, 338px\" \/><\/a><\/figure><\/div>\n\n\n\n<p>A ministra da articula\u00e7\u00e3o pol\u00edtica de Lula se reuniu com parlamentares de partidos como PSD, MDB e Uni\u00e3o Brasil ao longo da \u00faltima semana para fazer um apelo contra o pedido de instala\u00e7\u00e3o tanto da CPI quanto da CPMI.\u00a0Assessores do Pal\u00e1cio do Planalto, ouvidos pela reportagem, admitem que o governo teme que uma eventual instala\u00e7\u00e3o do colegiado acabe ampliando a crise sobre as fraudes no INSS por meses.<\/p>\n\n\n\n<div class=\"wp-block-image\"><figure class=\"aligncenter size-large is-resized\"><a href=\"https:\/\/www.instagram.com\/restaurantepegoretti\/\"><img loading=\"lazy\" decoding=\"async\" src=\"https:\/\/jornalfatosenoticias.com.br\/wp-content\/uploads\/2023\/12\/pegoretti-logo-pdf-1024x389.jpg\" alt=\"\" class=\"wp-image-47536\" width=\"546\" height=\"207\" srcset=\"https:\/\/jornalfatosenoticias.com.br\/wp-content\/uploads\/2023\/12\/pegoretti-logo-pdf-1024x389.jpg 1024w, https:\/\/jornalfatosenoticias.com.br\/wp-content\/uploads\/2023\/12\/pegoretti-logo-pdf-300x114.jpg 300w, https:\/\/jornalfatosenoticias.com.br\/wp-content\/uploads\/2023\/12\/pegoretti-logo-pdf-768x291.jpg 768w, https:\/\/jornalfatosenoticias.com.br\/wp-content\/uploads\/2023\/12\/pegoretti-logo-pdf.jpg 1120w\" sizes=\"auto, (max-width: 546px) 100vw, 546px\" \/><\/a><\/figure><\/div>\n\n\n\n<p>Isso porque uma investiga\u00e7\u00e3o no Congresso pode se arrastar por at\u00e9 seis meses e, al\u00e9m de ser dominada pela oposi\u00e7\u00e3o, poderia ampliar a impopularidade de Lula, faltando menos de um ano e meio para as elei\u00e7\u00f5es de 2026.\u00a0 \u201cA crise do INSS est\u00e1 extinta. A CGU levantou a investiga\u00e7\u00e3o. J\u00e1 prendeu gente, tem gente investigada. Caiu o presidente do INSS, caiu o ministro. Qual \u00e9 a crise agora?\u201d, disse o senador Jaques Wagner (PT-BA), l\u00edder do governo no Senado, tentando minimizar a crise.<\/p>\n\n\n\n<div class=\"wp-block-image\"><figure class=\"aligncenter size-large is-resized\"><a href=\"https:\/\/www.facebook.com\/postobkr\/?locale=pt_BR\"><img loading=\"lazy\" decoding=\"async\" src=\"https:\/\/jornalfatosenoticias.com.br\/wp-content\/uploads\/2023\/08\/BKR-1024x1021.jpg\" alt=\"\" class=\"wp-image-44494\" width=\"329\" height=\"328\" srcset=\"https:\/\/jornalfatosenoticias.com.br\/wp-content\/uploads\/2023\/08\/BKR-1024x1021.jpg 1024w, https:\/\/jornalfatosenoticias.com.br\/wp-content\/uploads\/2023\/08\/BKR-300x300.jpg 300w, https:\/\/jornalfatosenoticias.com.br\/wp-content\/uploads\/2023\/08\/BKR-150x150.jpg 150w, https:\/\/jornalfatosenoticias.com.br\/wp-content\/uploads\/2023\/08\/BKR-768x766.jpg 768w, https:\/\/jornalfatosenoticias.com.br\/wp-content\/uploads\/2023\/08\/BKR.jpg 1080w\" sizes=\"auto, (max-width: 329px) 100vw, 329px\" \/><\/a><\/figure><\/div>\n\n\n\n<p><strong><span class=\"has-inline-color has-black-color\">Troca de ministro n\u00e3o reduz press\u00e3o da oposi\u00e7\u00e3o contra o governo<br><\/span><\/strong>Apesar da sinaliza\u00e7\u00e3o do l\u00edder do governo, a demiss\u00e3o de Carlos Lupi do Minist\u00e9rio da Previd\u00eancia n\u00e3o foi suficiente para reduzir a press\u00e3o sobre o governo. O agora ex-chefe da pasta caiu ap\u00f3s ser pressionado pelos governistas diante da exposi\u00e7\u00e3o negativa para Lula no esc\u00e2ndalo no INSS.\u00a0<\/p>\n\n\n\n<div class=\"wp-block-image\"><figure class=\"aligncenter size-large is-resized\"><a href=\"https:\/\/www.legisjuris.com.br\/\"><img loading=\"lazy\" decoding=\"async\" src=\"https:\/\/jornalfatosenoticias.com.br\/wp-content\/uploads\/2024\/09\/Legis-Juris-Consultoria_logo.jpg\" alt=\"\" class=\"wp-image-53915\" width=\"547\" height=\"229\" srcset=\"https:\/\/jornalfatosenoticias.com.br\/wp-content\/uploads\/2024\/09\/Legis-Juris-Consultoria_logo.jpg 969w, https:\/\/jornalfatosenoticias.com.br\/wp-content\/uploads\/2024\/09\/Legis-Juris-Consultoria_logo-300x126.jpg 300w, https:\/\/jornalfatosenoticias.com.br\/wp-content\/uploads\/2024\/09\/Legis-Juris-Consultoria_logo-768x322.jpg 768w\" sizes=\"auto, (max-width: 547px) 100vw, 547px\" \/><\/a><\/figure><\/div>\n\n\n\n<p>Durante audi\u00eancia na C\u00e2mara dos Deputados, por exemplo, Lupi admitiu que tinha tomado conhecimento das den\u00fancias sobre os descontos irregulares nas contas dos aposentados e pensionistas, mas n\u00e3o abriu processo investigativo. O INSS est\u00e1 sob o guarda-chuva do Minist\u00e9rio da Previd\u00eancia.\u00a0<\/p>\n\n\n\n<div class=\"wp-block-image\"><figure class=\"aligncenter size-large\"><a href=\"http:\/\/www.ferrarimaquinas.com.br\/\"><img loading=\"lazy\" decoding=\"async\" width=\"300\" height=\"250\" src=\"https:\/\/jornalfatosenoticias.com.br\/wp-content\/uploads\/2022\/02\/FERRARI_MAQUINAS-E-FERRAMENTAS2.jpg\" alt=\"\" class=\"wp-image-27860\"\/><\/a><\/figure><\/div>\n\n\n\n<p>\u201cEu praticamente fui surpreendido com o volume disto. Sabia que tinha uma den\u00fancia aqui ou acol\u00e1, a gente sempre soube. A gente recebia queixa, a pr\u00f3pria plataforma do INSS aparecia algumas pessoas se queixando. Mas nesse quantitativo, com uma organiza\u00e7\u00e3o, com uma quadrilha verdadeira [n\u00e3o imaginava]\u201d, disse Lupi.\u00a0<\/p>\n\n\n\n<div class=\"wp-block-image\"><figure class=\"aligncenter size-large is-resized\"><a href=\"https:\/\/hotelmarquetti.com.br\/\"><img loading=\"lazy\" decoding=\"async\" src=\"https:\/\/jornalfatosenoticias.com.br\/wp-content\/uploads\/2020\/02\/LOGO-MQ-1024x680.jpg\" alt=\"\" class=\"wp-image-58299\" width=\"374\" height=\"248\" srcset=\"https:\/\/jornalfatosenoticias.com.br\/wp-content\/uploads\/2020\/02\/LOGO-MQ-1024x680.jpg 1024w, https:\/\/jornalfatosenoticias.com.br\/wp-content\/uploads\/2020\/02\/LOGO-MQ-300x199.jpg 300w, https:\/\/jornalfatosenoticias.com.br\/wp-content\/uploads\/2020\/02\/LOGO-MQ-768x510.jpg 768w, https:\/\/jornalfatosenoticias.com.br\/wp-content\/uploads\/2020\/02\/LOGO-MQ-1536x1020.jpg 1536w, https:\/\/jornalfatosenoticias.com.br\/wp-content\/uploads\/2020\/02\/LOGO-MQ-2048x1360.jpg 2048w\" sizes=\"auto, (max-width: 374px) 100vw, 374px\" \/><\/a><\/figure><\/div>\n\n\n\n<p>Segundo a Pol\u00edcia Federal, as fraudes, que ocorreram entre 2019 e 2024, podem ter atingido nove milh\u00f5es de aposentados e provocado desvios de at\u00e9 R$ 6,5 bilh\u00f5es. As investiga\u00e7\u00f5es apontaram que havia descontos sobre valores pagos mensalmente pelo INSS, como se os benefici\u00e1rios tivessem se tornado membros de associa\u00e7\u00f5es de aposentados, quando, na verdade, n\u00e3o haviam se associado nem autorizado os descontos.\u00a0Para tentar estancar a crise, Lupi acabou pedindo demiss\u00e3o no come\u00e7o deste m\u00eas. Na ocasi\u00e3o, Lula indicou para o posto o ent\u00e3o secret\u00e1rio-executivo da pasta, Wolney Queiroz, que era o n\u00famero 2 na gest\u00e3o de Carlos Lupi no minist\u00e9rio.\u00a0<\/p>\n\n\n\n<div class=\"wp-block-image\"><figure class=\"aligncenter size-large\"><a href=\"https:\/\/www.cesconetto.com.br\/\"><img loading=\"lazy\" decoding=\"async\" width=\"300\" height=\"250\" src=\"https:\/\/jornalfatosenoticias.com.br\/wp-content\/uploads\/2020\/02\/Banner-2.png\" alt=\"\" class=\"wp-image-43787\"\/><\/a><\/figure><\/div>\n\n\n\n<blockquote class=\"wp-block-quote is-layout-flow wp-block-quote-is-layout-flow\"><p><span class=\"has-inline-color has-luminous-vivid-orange-color\">O Lula, em vez de mudar realmente o ministro, faz uma troca que muda seis por meia d\u00fazia. Sai Carlos Lupi, e entra Wolney Queiroz, seu bra\u00e7o direito, secret\u00e1rio-executivo que, desde 2023, participou 15 vezes de reuni\u00f5es com os sindicalistas suspeitos e investigados pelas fraudes no INSS. \u00c9 um deboche com a cara do povo brasileiro&#8221;, disse a deputada Carol de Toni (PL-SC), l\u00edder da minoria na C\u00e2mara.\u00a0Ainda de acordo com a parlamentar, o &#8220;governo Lula est\u00e1 envolvido at\u00e9 o pesco\u00e7o nessa lama&#8221;. &#8220;\u00c9 por isso que n\u00f3s queremos uma CPMI, para investigar essas fraudes. N\u00e3o adianta querer impedir a investiga\u00e7\u00e3o, porque quem n\u00e3o deve n\u00e3o teme&#8221;, completou.<\/span><\/p><\/blockquote>\n\n\n\n<div class=\"wp-block-image\"><figure class=\"aligncenter size-large is-resized\"><a href=\"https:\/\/www.instagram.com\/rcradiadores\/\"><img loading=\"lazy\" decoding=\"async\" src=\"https:\/\/jornalfatosenoticias.com.br\/wp-content\/uploads\/2022\/10\/RC_800x750_page-0001.jpg\" alt=\"\" class=\"wp-image-35338\" width=\"289\" height=\"271\" srcset=\"https:\/\/jornalfatosenoticias.com.br\/wp-content\/uploads\/2022\/10\/RC_800x750_page-0001.jpg 400w, https:\/\/jornalfatosenoticias.com.br\/wp-content\/uploads\/2022\/10\/RC_800x750_page-0001-300x281.jpg 300w\" sizes=\"auto, (max-width: 289px) 100vw, 289px\" \/><\/a><\/figure><\/div>\n\n\n\n<p>Irm\u00e3o de Lula pode ampliar desgaste para o governo durante CPMI\u00a0do INSS<br>Um dos temores entre os integrantes do governo \u00e9 de que a oposi\u00e7\u00e3o use justamente as suspeitas contra o Sindicato Nacional dos Pensionistas e Idosos (Sindinapi) para desgastar a gest\u00e3o petista.\u00a0A entidade, investigada pela PF no caso dos descontos dos aposentados, tem como vice-presidente\u00a0Jos\u00e9 Ferreira da Silva, o Frei Chico, irm\u00e3o de Lula.\u00a0<\/p>\n\n\n\n<div class=\"wp-block-image\"><figure class=\"aligncenter size-large is-resized\"><a href=\"https:\/\/www.instagram.com\/gruposei\/\"><img loading=\"lazy\" decoding=\"async\" src=\"https:\/\/jornalfatosenoticias.com.br\/wp-content\/uploads\/2022\/07\/Logo-Grupo-SEI.jpg\" alt=\"\" class=\"wp-image-31973\" width=\"398\" height=\"209\" srcset=\"https:\/\/jornalfatosenoticias.com.br\/wp-content\/uploads\/2022\/07\/Logo-Grupo-SEI.jpg 713w, https:\/\/jornalfatosenoticias.com.br\/wp-content\/uploads\/2022\/07\/Logo-Grupo-SEI-300x158.jpg 300w\" sizes=\"auto, (max-width: 398px) 100vw, 398px\" \/><\/a><\/figure><\/div>\n\n\n\n<p>Segundo a Controladoria-Geral da Uni\u00e3o (CGU), a entidade teve um aumento de 564% em receitas entre 2020 e 2024, recebendo quase 10% dos repasses totais a sindicatos em 2023 (R$ 149 milh\u00f5es). At\u00e9 o momento, apenas o presidente do Sindinapi, Milton Baptista de Souza Filho,\u00a0aparece entre os\u00a0citados nas investiga\u00e7\u00f5es. J\u00e1 Frei Chico nega qualquer tipo de irregularidade.\u00a0Caso a CPI da C\u00e2mara ou a CPMI do Congresso seja instalada, o irm\u00e3o de Lula dever\u00e1 ser um dos primeiros convocados pela oposi\u00e7\u00e3o.<\/p>\n\n\n\n<div class=\"wp-block-image\"><figure class=\"aligncenter size-large is-resized\"><a href=\"https:\/\/www.instagram.com\/esteiochurrascaria\/\"><img loading=\"lazy\" decoding=\"async\" src=\"https:\/\/jornalfatosenoticias.com.br\/wp-content\/uploads\/2022\/02\/LOGO-ESTEIO-1024x730.png\" alt=\"\" class=\"wp-image-27942\" width=\"329\" height=\"234\" srcset=\"https:\/\/jornalfatosenoticias.com.br\/wp-content\/uploads\/2022\/02\/LOGO-ESTEIO-1024x730.png 1024w, https:\/\/jornalfatosenoticias.com.br\/wp-content\/uploads\/2022\/02\/LOGO-ESTEIO-300x214.png 300w, https:\/\/jornalfatosenoticias.com.br\/wp-content\/uploads\/2022\/02\/LOGO-ESTEIO-768x548.png 768w, https:\/\/jornalfatosenoticias.com.br\/wp-content\/uploads\/2022\/02\/LOGO-ESTEIO.png 1123w\" sizes=\"auto, (max-width: 329px) 100vw, 329px\" \/><\/a><\/figure><\/div>\n\n\n\n<blockquote class=\"wp-block-quote is-layout-flow wp-block-quote-is-layout-flow\"><p><span class=\"has-inline-color has-luminous-vivid-orange-color\">E quem \u00e9 um dos investigados? \u00c9 simplesmente o Sindicato Nacional dos Pensionistas e Idosos, cujo vice-presidente \u00e9 ningu\u00e9m menos do que Frei Chico, irm\u00e3o do presidente Lula. Basta o PT voltar que retorna o esquema de fraude no INSS, nos fundos de pens\u00e3o, nos fundos privados agora para desviar do or\u00e7amento&#8221;, argumentou a deputada Carol de Toni.\u00a0<\/span><\/p><\/blockquote>\n\n\n\n<div class=\"wp-block-image\"><figure class=\"aligncenter size-large is-resized\"><a href=\"https:\/\/www.controlsystems.com.br\/\"><img loading=\"lazy\" decoding=\"async\" src=\"https:\/\/jornalfatosenoticias.com.br\/wp-content\/uploads\/2020\/02\/CONTROL-CS.jpg\" alt=\"\" class=\"wp-image-44991\" width=\"254\" height=\"304\" srcset=\"https:\/\/jornalfatosenoticias.com.br\/wp-content\/uploads\/2020\/02\/CONTROL-CS.jpg 834w, https:\/\/jornalfatosenoticias.com.br\/wp-content\/uploads\/2020\/02\/CONTROL-CS-250x300.jpg 250w, https:\/\/jornalfatosenoticias.com.br\/wp-content\/uploads\/2020\/02\/CONTROL-CS-768x921.jpg 768w\" sizes=\"auto, (max-width: 254px) 100vw, 254px\" \/><\/a><\/figure><\/div>\n\n\n\n<p>Na C\u00e2mara, o presidente Hugo Motta j\u00e1 sinalizou que pretende analisar o pedido da oposi\u00e7\u00e3o, mas obedecendo a lista de pedidos protocolados at\u00e9 o momento. J\u00e1 a CPMI depende do aval do senador Davi Alcolumbre, que \u00e9 um dos principais aliados de Lula no Congresso.\u00a0<\/p>\n\n\n\n<div class=\"wp-block-image\"><figure class=\"aligncenter size-large is-resized\"><a href=\"https:\/\/panper.com.br\/\"><img loading=\"lazy\" decoding=\"async\" src=\"https:\/\/jornalfatosenoticias.com.br\/wp-content\/uploads\/2023\/03\/logo-Panper_portal.jpg\" alt=\"\" class=\"wp-image-40208\" width=\"358\" height=\"248\" srcset=\"https:\/\/jornalfatosenoticias.com.br\/wp-content\/uploads\/2023\/03\/logo-Panper_portal.jpg 400w, https:\/\/jornalfatosenoticias.com.br\/wp-content\/uploads\/2023\/03\/logo-Panper_portal-300x208.jpg 300w\" sizes=\"auto, (max-width: 358px) 100vw, 358px\" \/><\/a><\/figure><\/div>\n\n\n\n<p>Caso o presidente do Congresso, Davi Alcolumbre, resista em instalar o colegiado, lideran\u00e7as da direita sinalizam que usar\u00e3o a decis\u00e3o do Supremo Tribunal Federal (STF) de 2021, que determinou a instala\u00e7\u00e3o da CPI da Covid, para pressionar Alcolumbre. Na liminar, o ministro Lu\u00eds Roberto Barroso afirmou que n\u00e3o poderia haver \u201cpossibilidade de omiss\u00e3o ou an\u00e1lise de conveni\u00eancia pol\u00edtica por parte da Presid\u00eancia da Casa Legislativa\u201d.\u00a0<\/p>\n\n\n\n<div class=\"wp-block-image\"><figure class=\"aligncenter size-large is-resized\"><a href=\"https:\/\/www.instagram.com\/restaurantepegoretti\/\"><img loading=\"lazy\" decoding=\"async\" src=\"https:\/\/jornalfatosenoticias.com.br\/wp-content\/uploads\/2023\/12\/pegoretti-logo-pdf-1024x389.jpg\" alt=\"\" class=\"wp-image-47536\" width=\"506\" height=\"192\" srcset=\"https:\/\/jornalfatosenoticias.com.br\/wp-content\/uploads\/2023\/12\/pegoretti-logo-pdf-1024x389.jpg 1024w, https:\/\/jornalfatosenoticias.com.br\/wp-content\/uploads\/2023\/12\/pegoretti-logo-pdf-300x114.jpg 300w, https:\/\/jornalfatosenoticias.com.br\/wp-content\/uploads\/2023\/12\/pegoretti-logo-pdf-768x291.jpg 768w, https:\/\/jornalfatosenoticias.com.br\/wp-content\/uploads\/2023\/12\/pegoretti-logo-pdf.jpg 1120w\" sizes=\"auto, (max-width: 506px) 100vw, 506px\" \/><\/a><\/figure><\/div>\n\n\n\n<p>\u00c0 \u00e9poca, o ministro do STF destacou que a Constitui\u00e7\u00e3o estabelece que as CPIs devem ser instaladas sempre que tr\u00eas requisitos forem preenchidos: assinatura de um ter\u00e7o dos integrantes da Casa; indica\u00e7\u00e3o de fato determinado a ser apurado; e defini\u00e7\u00e3o de prazo certo para dura\u00e7\u00e3o. N\u00e3o cabendo, portanto, possibilidade de omiss\u00e3o ou an\u00e1lise de conveni\u00eancia pol\u00edtica por parte da Presid\u00eancia da Casa Legislativa.\u00a0<\/p>\n\n\n\n<div class=\"wp-block-image\"><figure class=\"aligncenter size-large is-resized\"><a href=\"https:\/\/www.instagram.com\/serra4x4cambioautomatico\/\"><img loading=\"lazy\" decoding=\"async\" src=\"https:\/\/jornalfatosenoticias.com.br\/wp-content\/uploads\/2024\/08\/Serra-4x4-1-886x1024.jpg\" alt=\"\" class=\"wp-image-53632\" width=\"264\" height=\"305\" srcset=\"https:\/\/jornalfatosenoticias.com.br\/wp-content\/uploads\/2024\/08\/Serra-4x4-1-886x1024.jpg 886w, https:\/\/jornalfatosenoticias.com.br\/wp-content\/uploads\/2024\/08\/Serra-4x4-1-260x300.jpg 260w, https:\/\/jornalfatosenoticias.com.br\/wp-content\/uploads\/2024\/08\/Serra-4x4-1-768x888.jpg 768w, https:\/\/jornalfatosenoticias.com.br\/wp-content\/uploads\/2024\/08\/Serra-4x4-1.jpg 1181w\" sizes=\"auto, (max-width: 264px) 100vw, 264px\" \/><\/a><\/figure><\/div>\n\n\n\n<blockquote class=\"wp-block-quote is-layout-flow wp-block-quote-is-layout-flow\"><p><span class=\"has-inline-color has-luminous-vivid-orange-color\">O Senado e o Congresso Nacional t\u00eam que apurar. Se deixar por conta deste pr\u00f3prio governo, eles v\u00e3o investigar umas entidades e deixar do lado de fora, por exemplo, a entidade que \u00e9 ligada ao irm\u00e3o presidente Lula, o Frei Chico, de quem conhe\u00e7o a hist\u00f3ria h\u00e1 muitos anos&#8221;, disse o senador M\u00e1rcio Bittar (Uni\u00e3o-AC).\u00a0<\/span><\/p><\/blockquote>\n\n\n\n<div class=\"wp-block-image\"><figure class=\"aligncenter size-large is-resized\"><a href=\"https:\/\/www.facebook.com\/profile.php?id=100069289606145\"><img loading=\"lazy\" decoding=\"async\" src=\"https:\/\/jornalfatosenoticias.com.br\/wp-content\/uploads\/2024\/11\/Guaitolini-Contabilidade-1024x714.jpeg\" alt=\"\" class=\"wp-image-55808\" width=\"351\" height=\"244\" srcset=\"https:\/\/jornalfatosenoticias.com.br\/wp-content\/uploads\/2024\/11\/Guaitolini-Contabilidade-1024x714.jpeg 1024w, https:\/\/jornalfatosenoticias.com.br\/wp-content\/uploads\/2024\/11\/Guaitolini-Contabilidade-300x209.jpeg 300w, https:\/\/jornalfatosenoticias.com.br\/wp-content\/uploads\/2024\/11\/Guaitolini-Contabilidade-768x535.jpeg 768w, https:\/\/jornalfatosenoticias.com.br\/wp-content\/uploads\/2024\/11\/Guaitolini-Contabilidade.jpeg 1280w\" sizes=\"auto, (max-width: 351px) 100vw, 351px\" \/><\/a><\/figure><\/div>\n\n\n\n<p><strong>Fonte: <a href=\"https:\/\/www.gazetadopovo.com.br\/republica\/lula-tenta-evitar-que-cpmi-leve-crise-do-inss-para-o-planalto\/\">Gazeta do Povo<\/a><\/strong><\/p>\n","protected":false},"excerpt":{"rendered":"<p>O presidente do Congresso, Davi Alcolumbre, e Luiz In\u00e1cio Lula da Silva Por Wesley Oliveira Ministros e l\u00edderes do governo Luiz In\u00e1cio Lula da Silva (PT) intensificaram a press\u00e3o junto aos parlamentares da base para tentar evitar a instala\u00e7\u00e3o de uma Comiss\u00e3o Parlamentar de Inqu\u00e9rito (CPI) sobre os descontos irregulares nas contas dos aposentados e [&hellip;]<\/p>\n","protected":false},"author":2,"featured_media":59312,"comment_status":"open","ping_status":"open","sticky":false,"template":"","format":"standard","meta":{"footnotes":""},"categories":[5],"tags":[23811,10224,9049,19435,13869,25620,850,696,1795,23468,7580,1900],"class_list":["post-59311","post","type-post","status-publish","format-standard","has-post-thumbnail","hentry","category-geral","tag-carlos-lupi","tag-congresso-nacional","tag-damares-alves","tag-davi-alcolumbre","tag-gleisi-hoffmann","tag-hugo-motta","tag-idosos","tag-inss","tag-jair-bolsonaro","tag-jaques-wagner","tag-lula","tag-palacio-do-planalto"],"yoast_head":"<!-- This site is optimized with the Yoast SEO plugin v26.5 - https:\/\/yoast.com\/wordpress\/plugins\/seo\/ -->\n<title>Lula tenta evitar que CPMI leve crise do INSS para o Planalto&nbsp; - Jornal Fatos e Not\u00edcias<\/title>\n<meta name=\"robots\" content=\"index, follow, max-snippet:-1, max-image-preview:large, max-video-preview:-1\" \/>\n<link rel=\"canonical\" href=\"https:\/\/jornalfatosenoticias.com.br\/index.php\/2025\/05\/19\/lula-tenta-evitar-que-cpmi-leve-crise-do-inss-para-o-planalto\/\" \/>\n<meta property=\"og:locale\" content=\"pt_BR\" \/>\n<meta property=\"og:type\" content=\"article\" \/>\n<meta property=\"og:title\" content=\"Lula tenta evitar que CPMI leve crise do INSS para o Planalto&nbsp; - Jornal Fatos e Not\u00edcias\" \/>\n<meta property=\"og:description\" content=\"O presidente do Congresso, Davi Alcolumbre, e Luiz In\u00e1cio Lula da Silva Por Wesley Oliveira Ministros e l\u00edderes do governo Luiz In\u00e1cio Lula da Silva (PT) intensificaram a press\u00e3o junto aos parlamentares da base para tentar evitar a instala\u00e7\u00e3o de uma Comiss\u00e3o Parlamentar de Inqu\u00e9rito (CPI) sobre os descontos irregulares nas contas dos aposentados e [&hellip;]\" \/>\n<meta property=\"og:url\" content=\"https:\/\/jornalfatosenoticias.com.br\/index.php\/2025\/05\/19\/lula-tenta-evitar-que-cpmi-leve-crise-do-inss-para-o-planalto\/\" \/>\n<meta property=\"og:site_name\" content=\"Jornal Fatos e Not\u00edcias\" \/>\n<meta property=\"article:published_time\" content=\"2025-05-19T18:00:14+00:00\" \/>\n<meta property=\"article:modified_time\" content=\"2025-05-19T18:00:15+00:00\" \/>\n<meta property=\"og:image\" content=\"https:\/\/jornalfatosenoticias.com.br\/wp-content\/uploads\/2025\/05\/Lula-Alcolumbre-INSS-CPI.jpg\" \/>\n\t<meta property=\"og:image:width\" content=\"1000\" \/>\n\t<meta property=\"og:image:height\" content=\"666\" \/>\n\t<meta property=\"og:image:type\" content=\"image\/jpeg\" \/>\n<meta name=\"author\" content=\"Luzimara Fernandes\" \/>\n<meta name=\"twitter:card\" content=\"summary_large_image\" \/>\n<meta name=\"twitter:label1\" content=\"Escrito por\" \/>\n\t<meta name=\"twitter:data1\" content=\"Luzimara Fernandes\" \/>\n\t<meta name=\"twitter:label2\" content=\"Est. tempo de leitura\" \/>\n\t<meta name=\"twitter:data2\" content=\"8 minutos\" \/>\n<script type=\"application\/ld+json\" class=\"yoast-schema-graph\">{\"@context\":\"https:\/\/schema.org\",\"@graph\":[{\"@type\":\"Article\",\"@id\":\"https:\/\/jornalfatosenoticias.com.br\/index.php\/2025\/05\/19\/lula-tenta-evitar-que-cpmi-leve-crise-do-inss-para-o-planalto\/#article\",\"isPartOf\":{\"@id\":\"https:\/\/jornalfatosenoticias.com.br\/index.php\/2025\/05\/19\/lula-tenta-evitar-que-cpmi-leve-crise-do-inss-para-o-planalto\/\"},\"author\":{\"name\":\"Luzimara Fernandes\",\"@id\":\"https:\/\/jornalfatosenoticias.com.br\/#\/schema\/person\/d63837fa13ac8666eb9e74e0985d6f81\"},\"headline\":\"Lula tenta evitar que CPMI leve crise do INSS para o Planalto&nbsp;\",\"datePublished\":\"2025-05-19T18:00:14+00:00\",\"dateModified\":\"2025-05-19T18:00:15+00:00\",\"mainEntityOfPage\":{\"@id\":\"https:\/\/jornalfatosenoticias.com.br\/index.php\/2025\/05\/19\/lula-tenta-evitar-que-cpmi-leve-crise-do-inss-para-o-planalto\/\"},\"wordCount\":1563,\"commentCount\":0,\"publisher\":{\"@id\":\"https:\/\/jornalfatosenoticias.com.br\/#organization\"},\"image\":{\"@id\":\"https:\/\/jornalfatosenoticias.com.br\/index.php\/2025\/05\/19\/lula-tenta-evitar-que-cpmi-leve-crise-do-inss-para-o-planalto\/#primaryimage\"},\"thumbnailUrl\":\"https:\/\/jornalfatosenoticias.com.br\/wp-content\/uploads\/2025\/05\/Lula-Alcolumbre-INSS-CPI.jpg\",\"keywords\":[\"Carlos Lupi\",\"Congresso Nacional\",\"Damares Alves\",\"Davi Alcolumbre\",\"Gleisi Hoffmann\",\"Hugo Motta\",\"idosos\",\"INSS\",\"Jair Bolsonaro\",\"Jaques Wagner\",\"Lula\",\"Pal\u00e1cio do Planalto\"],\"articleSection\":[\"Geral\"],\"inLanguage\":\"pt-BR\",\"potentialAction\":[{\"@type\":\"CommentAction\",\"name\":\"Comment\",\"target\":[\"https:\/\/jornalfatosenoticias.com.br\/index.php\/2025\/05\/19\/lula-tenta-evitar-que-cpmi-leve-crise-do-inss-para-o-planalto\/#respond\"]}]},{\"@type\":\"WebPage\",\"@id\":\"https:\/\/jornalfatosenoticias.com.br\/index.php\/2025\/05\/19\/lula-tenta-evitar-que-cpmi-leve-crise-do-inss-para-o-planalto\/\",\"url\":\"https:\/\/jornalfatosenoticias.com.br\/index.php\/2025\/05\/19\/lula-tenta-evitar-que-cpmi-leve-crise-do-inss-para-o-planalto\/\",\"name\":\"Lula tenta evitar que CPMI leve crise do INSS para o Planalto&nbsp; - Jornal Fatos e Not\u00edcias\",\"isPartOf\":{\"@id\":\"https:\/\/jornalfatosenoticias.com.br\/#website\"},\"primaryImageOfPage\":{\"@id\":\"https:\/\/jornalfatosenoticias.com.br\/index.php\/2025\/05\/19\/lula-tenta-evitar-que-cpmi-leve-crise-do-inss-para-o-planalto\/#primaryimage\"},\"image\":{\"@id\":\"https:\/\/jornalfatosenoticias.com.br\/index.php\/2025\/05\/19\/lula-tenta-evitar-que-cpmi-leve-crise-do-inss-para-o-planalto\/#primaryimage\"},\"thumbnailUrl\":\"https:\/\/jornalfatosenoticias.com.br\/wp-content\/uploads\/2025\/05\/Lula-Alcolumbre-INSS-CPI.jpg\",\"datePublished\":\"2025-05-19T18:00:14+00:00\",\"dateModified\":\"2025-05-19T18:00:15+00:00\",\"breadcrumb\":{\"@id\":\"https:\/\/jornalfatosenoticias.com.br\/index.php\/2025\/05\/19\/lula-tenta-evitar-que-cpmi-leve-crise-do-inss-para-o-planalto\/#breadcrumb\"},\"inLanguage\":\"pt-BR\",\"potentialAction\":[{\"@type\":\"ReadAction\",\"target\":[\"https:\/\/jornalfatosenoticias.com.br\/index.php\/2025\/05\/19\/lula-tenta-evitar-que-cpmi-leve-crise-do-inss-para-o-planalto\/\"]}]},{\"@type\":\"ImageObject\",\"inLanguage\":\"pt-BR\",\"@id\":\"https:\/\/jornalfatosenoticias.com.br\/index.php\/2025\/05\/19\/lula-tenta-evitar-que-cpmi-leve-crise-do-inss-para-o-planalto\/#primaryimage\",\"url\":\"https:\/\/jornalfatosenoticias.com.br\/wp-content\/uploads\/2025\/05\/Lula-Alcolumbre-INSS-CPI.jpg\",\"contentUrl\":\"https:\/\/jornalfatosenoticias.com.br\/wp-content\/uploads\/2025\/05\/Lula-Alcolumbre-INSS-CPI.jpg\",\"width\":1000,\"height\":666},{\"@type\":\"BreadcrumbList\",\"@id\":\"https:\/\/jornalfatosenoticias.com.br\/index.php\/2025\/05\/19\/lula-tenta-evitar-que-cpmi-leve-crise-do-inss-para-o-planalto\/#breadcrumb\",\"itemListElement\":[{\"@type\":\"ListItem\",\"position\":1,\"name\":\"In\u00edcio\",\"item\":\"https:\/\/jornalfatosenoticias.com.br\/\"},{\"@type\":\"ListItem\",\"position\":2,\"name\":\"Lula tenta evitar que CPMI leve crise do INSS para o Planalto&nbsp;\"}]},{\"@type\":\"WebSite\",\"@id\":\"https:\/\/jornalfatosenoticias.com.br\/#website\",\"url\":\"https:\/\/jornalfatosenoticias.com.br\/\",\"name\":\"Jornal Fatos e Not\u00edcias\",\"description\":\"Not\u00edcias em geral\",\"publisher\":{\"@id\":\"https:\/\/jornalfatosenoticias.com.br\/#organization\"},\"potentialAction\":[{\"@type\":\"SearchAction\",\"target\":{\"@type\":\"EntryPoint\",\"urlTemplate\":\"https:\/\/jornalfatosenoticias.com.br\/?s={search_term_string}\"},\"query-input\":{\"@type\":\"PropertyValueSpecification\",\"valueRequired\":true,\"valueName\":\"search_term_string\"}}],\"inLanguage\":\"pt-BR\"},{\"@type\":\"Organization\",\"@id\":\"https:\/\/jornalfatosenoticias.com.br\/#organization\",\"name\":\"Jornal Fatos e Not\u00edcias\",\"url\":\"https:\/\/jornalfatosenoticias.com.br\/\",\"logo\":{\"@type\":\"ImageObject\",\"inLanguage\":\"pt-BR\",\"@id\":\"https:\/\/jornalfatosenoticias.com.br\/#\/schema\/logo\/image\/\",\"url\":\"https:\/\/jornalfatosenoticias.com.br\/wp-content\/uploads\/2020\/02\/logo120.png\",\"contentUrl\":\"https:\/\/jornalfatosenoticias.com.br\/wp-content\/uploads\/2020\/02\/logo120.png\",\"width\":1227,\"height\":120,\"caption\":\"Jornal Fatos e Not\u00edcias\"},\"image\":{\"@id\":\"https:\/\/jornalfatosenoticias.com.br\/#\/schema\/logo\/image\/\"}},{\"@type\":\"Person\",\"@id\":\"https:\/\/jornalfatosenoticias.com.br\/#\/schema\/person\/d63837fa13ac8666eb9e74e0985d6f81\",\"name\":\"Luzimara Fernandes\",\"image\":{\"@type\":\"ImageObject\",\"inLanguage\":\"pt-BR\",\"@id\":\"https:\/\/jornalfatosenoticias.com.br\/#\/schema\/person\/image\/\",\"url\":\"https:\/\/jornalfatosenoticias.com.br\/wp-content\/uploads\/2025\/05\/EU_portal.jpg\",\"contentUrl\":\"https:\/\/jornalfatosenoticias.com.br\/wp-content\/uploads\/2025\/05\/EU_portal.jpg\",\"caption\":\"Luzimara Fernandes\"},\"description\":\"Jornalista MTB 2358-ES\",\"sameAs\":[\"https:\/\/jornalfatosenoticias.com.br\"],\"url\":\"https:\/\/jornalfatosenoticias.com.br\/index.php\/author\/luzimara\/\"}]}<\/script>\n<!-- \/ Yoast SEO plugin. -->","yoast_head_json":{"title":"Lula tenta evitar que CPMI leve crise do INSS para o Planalto&nbsp; - Jornal Fatos e Not\u00edcias","robots":{"index":"index","follow":"follow","max-snippet":"max-snippet:-1","max-image-preview":"max-image-preview:large","max-video-preview":"max-video-preview:-1"},"canonical":"https:\/\/jornalfatosenoticias.com.br\/index.php\/2025\/05\/19\/lula-tenta-evitar-que-cpmi-leve-crise-do-inss-para-o-planalto\/","og_locale":"pt_BR","og_type":"article","og_title":"Lula tenta evitar que CPMI leve crise do INSS para o Planalto&nbsp; - Jornal Fatos e Not\u00edcias","og_description":"O presidente do Congresso, Davi Alcolumbre, e Luiz In\u00e1cio Lula da Silva Por Wesley Oliveira Ministros e l\u00edderes do governo Luiz In\u00e1cio Lula da Silva (PT) intensificaram a press\u00e3o junto aos parlamentares da base para tentar evitar a instala\u00e7\u00e3o de uma Comiss\u00e3o Parlamentar de Inqu\u00e9rito (CPI) sobre os descontos irregulares nas contas dos aposentados e [&hellip;]","og_url":"https:\/\/jornalfatosenoticias.com.br\/index.php\/2025\/05\/19\/lula-tenta-evitar-que-cpmi-leve-crise-do-inss-para-o-planalto\/","og_site_name":"Jornal Fatos e Not\u00edcias","article_published_time":"2025-05-19T18:00:14+00:00","article_modified_time":"2025-05-19T18:00:15+00:00","og_image":[{"width":1000,"height":666,"url":"https:\/\/jornalfatosenoticias.com.br\/wp-content\/uploads\/2025\/05\/Lula-Alcolumbre-INSS-CPI.jpg","type":"image\/jpeg"}],"author":"Luzimara Fernandes","twitter_card":"summary_large_image","twitter_misc":{"Escrito por":"Luzimara Fernandes","Est. tempo de leitura":"8 minutos"},"schema":{"@context":"https:\/\/schema.org","@graph":[{"@type":"Article","@id":"https:\/\/jornalfatosenoticias.com.br\/index.php\/2025\/05\/19\/lula-tenta-evitar-que-cpmi-leve-crise-do-inss-para-o-planalto\/#article","isPartOf":{"@id":"https:\/\/jornalfatosenoticias.com.br\/index.php\/2025\/05\/19\/lula-tenta-evitar-que-cpmi-leve-crise-do-inss-para-o-planalto\/"},"author":{"name":"Luzimara Fernandes","@id":"https:\/\/jornalfatosenoticias.com.br\/#\/schema\/person\/d63837fa13ac8666eb9e74e0985d6f81"},"headline":"Lula tenta evitar que CPMI leve crise do INSS para o Planalto&nbsp;","datePublished":"2025-05-19T18:00:14+00:00","dateModified":"2025-05-19T18:00:15+00:00","mainEntityOfPage":{"@id":"https:\/\/jornalfatosenoticias.com.br\/index.php\/2025\/05\/19\/lula-tenta-evitar-que-cpmi-leve-crise-do-inss-para-o-planalto\/"},"wordCount":1563,"commentCount":0,"publisher":{"@id":"https:\/\/jornalfatosenoticias.com.br\/#organization"},"image":{"@id":"https:\/\/jornalfatosenoticias.com.br\/index.php\/2025\/05\/19\/lula-tenta-evitar-que-cpmi-leve-crise-do-inss-para-o-planalto\/#primaryimage"},"thumbnailUrl":"https:\/\/jornalfatosenoticias.com.br\/wp-content\/uploads\/2025\/05\/Lula-Alcolumbre-INSS-CPI.jpg","keywords":["Carlos Lupi","Congresso Nacional","Damares Alves","Davi Alcolumbre","Gleisi Hoffmann","Hugo Motta","idosos","INSS","Jair Bolsonaro","Jaques Wagner","Lula","Pal\u00e1cio do Planalto"],"articleSection":["Geral"],"inLanguage":"pt-BR","potentialAction":[{"@type":"CommentAction","name":"Comment","target":["https:\/\/jornalfatosenoticias.com.br\/index.php\/2025\/05\/19\/lula-tenta-evitar-que-cpmi-leve-crise-do-inss-para-o-planalto\/#respond"]}]},{"@type":"WebPage","@id":"https:\/\/jornalfatosenoticias.com.br\/index.php\/2025\/05\/19\/lula-tenta-evitar-que-cpmi-leve-crise-do-inss-para-o-planalto\/","url":"https:\/\/jornalfatosenoticias.com.br\/index.php\/2025\/05\/19\/lula-tenta-evitar-que-cpmi-leve-crise-do-inss-para-o-planalto\/","name":"Lula tenta evitar que CPMI leve crise do INSS para o Planalto&nbsp; - Jornal Fatos e Not\u00edcias","isPartOf":{"@id":"https:\/\/jornalfatosenoticias.com.br\/#website"},"primaryImageOfPage":{"@id":"https:\/\/jornalfatosenoticias.com.br\/index.php\/2025\/05\/19\/lula-tenta-evitar-que-cpmi-leve-crise-do-inss-para-o-planalto\/#primaryimage"},"image":{"@id":"https:\/\/jornalfatosenoticias.com.br\/index.php\/2025\/05\/19\/lula-tenta-evitar-que-cpmi-leve-crise-do-inss-para-o-planalto\/#primaryimage"},"thumbnailUrl":"https:\/\/jornalfatosenoticias.com.br\/wp-content\/uploads\/2025\/05\/Lula-Alcolumbre-INSS-CPI.jpg","datePublished":"2025-05-19T18:00:14+00:00","dateModified":"2025-05-19T18:00:15+00:00","breadcrumb":{"@id":"https:\/\/jornalfatosenoticias.com.br\/index.php\/2025\/05\/19\/lula-tenta-evitar-que-cpmi-leve-crise-do-inss-para-o-planalto\/#breadcrumb"},"inLanguage":"pt-BR","potentialAction":[{"@type":"ReadAction","target":["https:\/\/jornalfatosenoticias.com.br\/index.php\/2025\/05\/19\/lula-tenta-evitar-que-cpmi-leve-crise-do-inss-para-o-planalto\/"]}]},{"@type":"ImageObject","inLanguage":"pt-BR","@id":"https:\/\/jornalfatosenoticias.com.br\/index.php\/2025\/05\/19\/lula-tenta-evitar-que-cpmi-leve-crise-do-inss-para-o-planalto\/#primaryimage","url":"https:\/\/jornalfatosenoticias.com.br\/wp-content\/uploads\/2025\/05\/Lula-Alcolumbre-INSS-CPI.jpg","contentUrl":"https:\/\/jornalfatosenoticias.com.br\/wp-content\/uploads\/2025\/05\/Lula-Alcolumbre-INSS-CPI.jpg","width":1000,"height":666},{"@type":"BreadcrumbList","@id":"https:\/\/jornalfatosenoticias.com.br\/index.php\/2025\/05\/19\/lula-tenta-evitar-que-cpmi-leve-crise-do-inss-para-o-planalto\/#breadcrumb","itemListElement":[{"@type":"ListItem","position":1,"name":"In\u00edcio","item":"https:\/\/jornalfatosenoticias.com.br\/"},{"@type":"ListItem","position":2,"name":"Lula tenta evitar que CPMI leve crise do INSS para o Planalto&nbsp;"}]},{"@type":"WebSite","@id":"https:\/\/jornalfatosenoticias.com.br\/#website","url":"https:\/\/jornalfatosenoticias.com.br\/","name":"Jornal Fatos e Not\u00edcias","description":"Not\u00edcias em geral","publisher":{"@id":"https:\/\/jornalfatosenoticias.com.br\/#organization"},"potentialAction":[{"@type":"SearchAction","target":{"@type":"EntryPoint","urlTemplate":"https:\/\/jornalfatosenoticias.com.br\/?s={search_term_string}"},"query-input":{"@type":"PropertyValueSpecification","valueRequired":true,"valueName":"search_term_string"}}],"inLanguage":"pt-BR"},{"@type":"Organization","@id":"https:\/\/jornalfatosenoticias.com.br\/#organization","name":"Jornal Fatos e Not\u00edcias","url":"https:\/\/jornalfatosenoticias.com.br\/","logo":{"@type":"ImageObject","inLanguage":"pt-BR","@id":"https:\/\/jornalfatosenoticias.com.br\/#\/schema\/logo\/image\/","url":"https:\/\/jornalfatosenoticias.com.br\/wp-content\/uploads\/2020\/02\/logo120.png","contentUrl":"https:\/\/jornalfatosenoticias.com.br\/wp-content\/uploads\/2020\/02\/logo120.png","width":1227,"height":120,"caption":"Jornal Fatos e Not\u00edcias"},"image":{"@id":"https:\/\/jornalfatosenoticias.com.br\/#\/schema\/logo\/image\/"}},{"@type":"Person","@id":"https:\/\/jornalfatosenoticias.com.br\/#\/schema\/person\/d63837fa13ac8666eb9e74e0985d6f81","name":"Luzimara Fernandes","image":{"@type":"ImageObject","inLanguage":"pt-BR","@id":"https:\/\/jornalfatosenoticias.com.br\/#\/schema\/person\/image\/","url":"https:\/\/jornalfatosenoticias.com.br\/wp-content\/uploads\/2025\/05\/EU_portal.jpg","contentUrl":"https:\/\/jornalfatosenoticias.com.br\/wp-content\/uploads\/2025\/05\/EU_portal.jpg","caption":"Luzimara Fernandes"},"description":"Jornalista MTB 2358-ES","sameAs":["https:\/\/jornalfatosenoticias.com.br"],"url":"https:\/\/jornalfatosenoticias.com.br\/index.php\/author\/luzimara\/"}]}},"cc_featured_image_caption":{"caption_text":"(Foto: Pedro Gontijo\/Presid\u00eancia do Senado)\r\n","source_text":"","source_url":""},"jetpack_featured_media_url":"https:\/\/jornalfatosenoticias.com.br\/wp-content\/uploads\/2025\/05\/Lula-Alcolumbre-INSS-CPI.jpg","_links":{"self":[{"href":"https:\/\/jornalfatosenoticias.com.br\/index.php\/wp-json\/wp\/v2\/posts\/59311","targetHints":{"allow":["GET"]}}],"collection":[{"href":"https:\/\/jornalfatosenoticias.com.br\/index.php\/wp-json\/wp\/v2\/posts"}],"about":[{"href":"https:\/\/jornalfatosenoticias.com.br\/index.php\/wp-json\/wp\/v2\/types\/post"}],"author":[{"embeddable":true,"href":"https:\/\/jornalfatosenoticias.com.br\/index.php\/wp-json\/wp\/v2\/users\/2"}],"replies":[{"embeddable":true,"href":"https:\/\/jornalfatosenoticias.com.br\/index.php\/wp-json\/wp\/v2\/comments?post=59311"}],"version-history":[{"count":0,"href":"https:\/\/jornalfatosenoticias.com.br\/index.php\/wp-json\/wp\/v2\/posts\/59311\/revisions"}],"wp:featuredmedia":[{"embeddable":true,"href":"https:\/\/jornalfatosenoticias.com.br\/index.php\/wp-json\/wp\/v2\/media\/59312"}],"wp:attachment":[{"href":"https:\/\/jornalfatosenoticias.com.br\/index.php\/wp-json\/wp\/v2\/media?parent=59311"}],"wp:term":[{"taxonomy":"category","embeddable":true,"href":"https:\/\/jornalfatosenoticias.com.br\/index.php\/wp-json\/wp\/v2\/categories?post=59311"},{"taxonomy":"post_tag","embeddable":true,"href":"https:\/\/jornalfatosenoticias.com.br\/index.php\/wp-json\/wp\/v2\/tags?post=59311"}],"curies":[{"name":"wp","href":"https:\/\/api.w.org\/{rel}","templated":true}]}}