{"id":59314,"date":"2025-05-19T15:09:53","date_gmt":"2025-05-19T18:09:53","guid":{"rendered":"https:\/\/jornalfatosenoticias.com.br\/?p=59314"},"modified":"2025-05-19T15:09:54","modified_gmt":"2025-05-19T18:09:54","slug":"nova-era-reino-unido-e-ue-assinam-acordo-comercial-historico-anos-apos-o-brexit","status":"publish","type":"post","link":"https:\/\/jornalfatosenoticias.com.br\/index.php\/2025\/05\/19\/nova-era-reino-unido-e-ue-assinam-acordo-comercial-historico-anos-apos-o-brexit\/","title":{"rendered":"\u201cNova era\u201d: Reino Unido e UE assinam acordo comercial hist\u00f3rico anos ap\u00f3s o Brexit"},"content":{"rendered":"\n<p><em><span class=\"has-inline-color has-black-color\">O presidente do Conselho Europeu, Ant\u00f3nio Costa, o primeiro-ministro brit\u00e2nico, Keir Starmer, e a presidente da Comiss\u00e3o Europeia, Ursula von der Leyen: UE e Reino Unido selam acordo hist\u00f3rico p\u00f3s-Brexit<\/span><\/em><\/p>\n\n\n\n<p><span class=\"has-inline-color has-black-color\">Por <strong><a href=\"https:\/\/www.gazetadopovo.com.br\/autor\/isabella-de-paula\/\" rel=\"sponsored nofollow\">Isabella de Paula<\/a><\/strong><\/span><\/p>\n\n\n\n<div class=\"wp-block-image\"><figure class=\"aligncenter size-large is-resized\"><a href=\"https:\/\/www.facebook.com\/vetor.vix\/\"><img loading=\"lazy\" decoding=\"async\" src=\"https:\/\/jornalfatosenoticias.com.br\/wp-content\/uploads\/2023\/09\/vetorvix1024_1.jpg\" alt=\"\" class=\"wp-image-44868\" width=\"528\" height=\"140\" srcset=\"https:\/\/jornalfatosenoticias.com.br\/wp-content\/uploads\/2023\/09\/vetorvix1024_1.jpg 1024w, https:\/\/jornalfatosenoticias.com.br\/wp-content\/uploads\/2023\/09\/vetorvix1024_1-300x80.jpg 300w, https:\/\/jornalfatosenoticias.com.br\/wp-content\/uploads\/2023\/09\/vetorvix1024_1-768x205.jpg 768w\" sizes=\"auto, (max-width: 528px) 100vw, 528px\" \/><\/a><\/figure><\/div>\n\n\n\n<p>A Uni\u00e3o Europeia (UE) e o Reino Unido assinaram um acordo hist\u00f3rico de reaproxima\u00e7\u00e3o nas \u00e1reas comerciais e de seguran\u00e7a, nesta segunda-feira (19), anos ap\u00f3s a sa\u00edda dos brit\u00e2nicos do bloco. O primeiro-ministro Keir Starmer declarou ap\u00f3s a c\u00fapula entre o Reino Unido e a UE, realizada em Londres, que o acordo sobre uma nova Parceria Estrat\u00e9gica &#8220;marcam uma nova era&#8221; entre os dois lados.<\/p>\n\n\n\n<blockquote class=\"wp-block-quote is-layout-flow wp-block-quote-is-layout-flow\"><p><span class=\"has-inline-color has-luminous-vivid-orange-color\">Este acordo \u00e9 uma vit\u00f3ria para ambos os lados e alcan\u00e7a o que o povo brit\u00e2nico votou: ele nos d\u00e1 acesso sem precedentes ao mercado da UE, mantendo as linhas vermelhas do nosso programa eleitoral\u201d, detalhou Starmer em entrevista coletiva ao lado da presidente da Comiss\u00e3o Europeia, Ursula von der Leyen, e o presidente do Conselho Europeu, Ant\u00f3nio Costa.<\/span><\/p><\/blockquote>\n\n\n\n<div class=\"wp-block-image\"><figure class=\"aligncenter size-large is-resized\"><a href=\"https:\/\/www.controlsystems.com.br\/\"><img loading=\"lazy\" decoding=\"async\" src=\"https:\/\/jornalfatosenoticias.com.br\/wp-content\/uploads\/2020\/02\/CONTROL-CS.jpg\" alt=\"\" class=\"wp-image-44991\" width=\"287\" height=\"344\" srcset=\"https:\/\/jornalfatosenoticias.com.br\/wp-content\/uploads\/2020\/02\/CONTROL-CS.jpg 834w, https:\/\/jornalfatosenoticias.com.br\/wp-content\/uploads\/2020\/02\/CONTROL-CS-250x300.jpg 250w, https:\/\/jornalfatosenoticias.com.br\/wp-content\/uploads\/2020\/02\/CONTROL-CS-768x921.jpg 768w\" sizes=\"auto, (max-width: 287px) 100vw, 287px\" \/><\/a><\/figure><\/div>\n\n\n\n<p>Starmer destacou que seu pa\u00eds est\u00e1 &#8220;de volta ao cen\u00e1rio mundial&#8221;, tendo acordos conclu\u00eddos econ\u00f4micos e comerciais com a \u00cdndia, Estados Unidos e agora com a UE nas \u00faltimas duas semanas, agradeceu tamb\u00e9m \u00e0s decis\u00f5es de seu governo para estabilizar a economia do pa\u00eds. O primeiro-ministro comentou que o acordo sanit\u00e1rio e fitossanit\u00e1rio para alinhar as regras do setor agroalimentar &#8220;impulsionar\u00e1 as exporta\u00e7\u00f5es brit\u00e2nicas e tornar\u00e1 os produtos mais baratos nos supermercados&#8221;.<\/p>\n\n\n\n<div class=\"wp-block-image\"><figure class=\"aligncenter size-large is-resized\"><a href=\"https:\/\/hotelmarquetti.com.br\/\"><img loading=\"lazy\" decoding=\"async\" src=\"https:\/\/jornalfatosenoticias.com.br\/wp-content\/uploads\/2020\/02\/LOGO-MQ-1024x680.jpg\" alt=\"\" class=\"wp-image-58299\" width=\"343\" height=\"228\" srcset=\"https:\/\/jornalfatosenoticias.com.br\/wp-content\/uploads\/2020\/02\/LOGO-MQ-1024x680.jpg 1024w, https:\/\/jornalfatosenoticias.com.br\/wp-content\/uploads\/2020\/02\/LOGO-MQ-300x199.jpg 300w, https:\/\/jornalfatosenoticias.com.br\/wp-content\/uploads\/2020\/02\/LOGO-MQ-768x510.jpg 768w, https:\/\/jornalfatosenoticias.com.br\/wp-content\/uploads\/2020\/02\/LOGO-MQ-1536x1020.jpg 1536w, https:\/\/jornalfatosenoticias.com.br\/wp-content\/uploads\/2020\/02\/LOGO-MQ-2048x1360.jpg 2048w\" sizes=\"auto, (max-width: 343px) 100vw, 343px\" \/><\/a><\/figure><\/div>\n\n\n\n<p>Com rela\u00e7\u00e3o \u00e0s cr\u00edticas ao pacto para estender por 12 anos a permiss\u00e3o para a frota europeia pescar em \u00e1guas brit\u00e2nicas, o primeiro-ministro ressaltou que a maior parte do peixe pescado no Reino Unido acaba na UE, portanto, as maiores facilidades administrativas para a exporta\u00e7\u00e3o ajudando o setor pesqueiro brit\u00e2nico.<\/p>\n\n\n\n<div class=\"wp-block-image\"><figure class=\"aligncenter size-large is-resized\"><a href=\"https:\/\/www.facebook.com\/profile.php?id=100069289606145\"><img loading=\"lazy\" decoding=\"async\" src=\"https:\/\/jornalfatosenoticias.com.br\/wp-content\/uploads\/2024\/11\/Guaitolini-Contabilidade-1024x714.jpeg\" alt=\"\" class=\"wp-image-55808\" width=\"368\" height=\"256\" srcset=\"https:\/\/jornalfatosenoticias.com.br\/wp-content\/uploads\/2024\/11\/Guaitolini-Contabilidade-1024x714.jpeg 1024w, https:\/\/jornalfatosenoticias.com.br\/wp-content\/uploads\/2024\/11\/Guaitolini-Contabilidade-300x209.jpeg 300w, https:\/\/jornalfatosenoticias.com.br\/wp-content\/uploads\/2024\/11\/Guaitolini-Contabilidade-768x535.jpeg 768w, https:\/\/jornalfatosenoticias.com.br\/wp-content\/uploads\/2024\/11\/Guaitolini-Contabilidade.jpeg 1280w\" sizes=\"auto, (max-width: 368px) 100vw, 368px\" \/><\/a><\/figure><\/div>\n\n\n\n<p>Starmer tamb\u00e9m defendeu o compromisso de criar um programa de livre circula\u00e7\u00e3o para jovens entre pa\u00edses europeus, uma das principais demandas de Bruxelas, garantindo que &#8220;ele [o programa] d\u00e1 aos jovens a oportunidade de viajar, estudar e trabalhar&#8221;, mas ao mesmo tempo esses vistos ser\u00e3o &#8220;limitados no tempo&#8221; e ser\u00e3o inclu\u00eddas cotas para seu n\u00famero.<\/p>\n\n\n\n<div class=\"wp-block-image\"><figure class=\"aligncenter size-large is-resized\"><a href=\"https:\/\/www.instagram.com\/esteiochurrascaria\/\"><img loading=\"lazy\" decoding=\"async\" src=\"https:\/\/jornalfatosenoticias.com.br\/wp-content\/uploads\/2022\/02\/LOGO-ESTEIO-1024x730.png\" alt=\"\" class=\"wp-image-27942\" width=\"346\" height=\"246\" srcset=\"https:\/\/jornalfatosenoticias.com.br\/wp-content\/uploads\/2022\/02\/LOGO-ESTEIO-1024x730.png 1024w, https:\/\/jornalfatosenoticias.com.br\/wp-content\/uploads\/2022\/02\/LOGO-ESTEIO-300x214.png 300w, https:\/\/jornalfatosenoticias.com.br\/wp-content\/uploads\/2022\/02\/LOGO-ESTEIO-768x548.png 768w, https:\/\/jornalfatosenoticias.com.br\/wp-content\/uploads\/2022\/02\/LOGO-ESTEIO.png 1123w\" sizes=\"auto, (max-width: 346px) 100vw, 346px\" \/><\/a><\/figure><\/div>\n\n\n\n<p>O l\u00edder trabalhista tem enfrentado cr\u00edticas da oposi\u00e7\u00e3o de direita e da Esc\u00f3cia (pelo pacto de pesca), que o acusa de &#8220;rendi\u00e7\u00e3o&#8221;, apesar de ter reiterado que nenhuma linha vermelha imposta por seu governo foi ultrapassada, como permitir a livre circula\u00e7\u00e3o de pessoas ou retorno \u00e0 uni\u00e3o alfandeg\u00e1ria.<\/p>\n\n\n\n<div class=\"wp-block-image\"><figure class=\"aligncenter size-large is-resized\"><a href=\"https:\/\/www.legisjuris.com.br\/\"><img loading=\"lazy\" decoding=\"async\" src=\"https:\/\/jornalfatosenoticias.com.br\/wp-content\/uploads\/2024\/09\/Legis-Juris-Consultoria_logo.jpg\" alt=\"\" class=\"wp-image-53915\" width=\"525\" height=\"220\" srcset=\"https:\/\/jornalfatosenoticias.com.br\/wp-content\/uploads\/2024\/09\/Legis-Juris-Consultoria_logo.jpg 969w, https:\/\/jornalfatosenoticias.com.br\/wp-content\/uploads\/2024\/09\/Legis-Juris-Consultoria_logo-300x126.jpg 300w, https:\/\/jornalfatosenoticias.com.br\/wp-content\/uploads\/2024\/09\/Legis-Juris-Consultoria_logo-768x322.jpg 768w\" sizes=\"auto, (max-width: 525px) 100vw, 525px\" \/><\/a><\/figure><\/div>\n\n\n\n<p><strong>Fonte: <a href=\"https:\/\/www.gazetadopovo.com.br\/mundo\/nova-era-reino-unido-ue-assinam-acordo-comercial-anos-apos-brexit\/\">Gazeta do Povo<\/a><\/strong><\/p>\n","protected":false},"excerpt":{"rendered":"<p>O presidente do Conselho Europeu, Ant\u00f3nio Costa, o primeiro-ministro brit\u00e2nico, Keir Starmer, e a presidente da Comiss\u00e3o Europeia, Ursula von der Leyen: UE e Reino Unido selam acordo hist\u00f3rico p\u00f3s-Brexit Por Isabella de Paula A Uni\u00e3o Europeia (UE) e o Reino Unido assinaram um acordo hist\u00f3rico de reaproxima\u00e7\u00e3o nas \u00e1reas comerciais e de seguran\u00e7a, nesta [&hellip;]<\/p>\n","protected":false},"author":2,"featured_media":59315,"comment_status":"open","ping_status":"open","sticky":false,"template":"","format":"standard","meta":{"footnotes":""},"categories":[41],"tags":[125,27086,5047,2834,497],"class_list":["post-59314","post","type-post","status-publish","format-standard","has-post-thumbnail","hentry","category-internacional","tag-europa","tag-keir-starmer","tag-londres","tag-reino-unido","tag-uniao-europeia"],"yoast_head":"<!-- This site is optimized with the Yoast SEO plugin v26.5 - https:\/\/yoast.com\/wordpress\/plugins\/seo\/ -->\n<title>\u201cNova era\u201d: Reino Unido e UE assinam acordo comercial hist\u00f3rico anos ap\u00f3s o Brexit - Jornal Fatos e Not\u00edcias<\/title>\n<meta name=\"robots\" content=\"index, follow, max-snippet:-1, max-image-preview:large, max-video-preview:-1\" \/>\n<link rel=\"canonical\" href=\"https:\/\/jornalfatosenoticias.com.br\/index.php\/2025\/05\/19\/nova-era-reino-unido-e-ue-assinam-acordo-comercial-historico-anos-apos-o-brexit\/\" \/>\n<meta property=\"og:locale\" content=\"pt_BR\" \/>\n<meta property=\"og:type\" content=\"article\" \/>\n<meta property=\"og:title\" content=\"\u201cNova era\u201d: Reino Unido e UE assinam acordo comercial hist\u00f3rico anos ap\u00f3s o Brexit - Jornal Fatos e Not\u00edcias\" \/>\n<meta property=\"og:description\" content=\"O presidente do Conselho Europeu, Ant\u00f3nio Costa, o primeiro-ministro brit\u00e2nico, Keir Starmer, e a presidente da Comiss\u00e3o Europeia, Ursula von der Leyen: UE e Reino Unido selam acordo hist\u00f3rico p\u00f3s-Brexit Por Isabella de Paula A Uni\u00e3o Europeia (UE) e o Reino Unido assinaram um acordo hist\u00f3rico de reaproxima\u00e7\u00e3o nas \u00e1reas comerciais e de seguran\u00e7a, nesta [&hellip;]\" \/>\n<meta property=\"og:url\" content=\"https:\/\/jornalfatosenoticias.com.br\/index.php\/2025\/05\/19\/nova-era-reino-unido-e-ue-assinam-acordo-comercial-historico-anos-apos-o-brexit\/\" \/>\n<meta property=\"og:site_name\" content=\"Jornal Fatos e Not\u00edcias\" \/>\n<meta property=\"article:published_time\" content=\"2025-05-19T18:09:53+00:00\" \/>\n<meta property=\"article:modified_time\" content=\"2025-05-19T18:09:54+00:00\" \/>\n<meta property=\"og:image\" content=\"https:\/\/jornalfatosenoticias.com.br\/wp-content\/uploads\/2025\/05\/Reino-Unido-UE.jpg\" \/>\n\t<meta property=\"og:image:width\" content=\"1000\" \/>\n\t<meta property=\"og:image:height\" content=\"666\" \/>\n\t<meta property=\"og:image:type\" content=\"image\/jpeg\" \/>\n<meta name=\"author\" content=\"Luzimara Fernandes\" \/>\n<meta name=\"twitter:card\" content=\"summary_large_image\" \/>\n<meta name=\"twitter:label1\" content=\"Escrito por\" \/>\n\t<meta name=\"twitter:data1\" content=\"Luzimara Fernandes\" \/>\n\t<meta name=\"twitter:label2\" content=\"Est. tempo de leitura\" \/>\n\t<meta name=\"twitter:data2\" content=\"2 minutos\" \/>\n<script type=\"application\/ld+json\" class=\"yoast-schema-graph\">{\"@context\":\"https:\/\/schema.org\",\"@graph\":[{\"@type\":\"Article\",\"@id\":\"https:\/\/jornalfatosenoticias.com.br\/index.php\/2025\/05\/19\/nova-era-reino-unido-e-ue-assinam-acordo-comercial-historico-anos-apos-o-brexit\/#article\",\"isPartOf\":{\"@id\":\"https:\/\/jornalfatosenoticias.com.br\/index.php\/2025\/05\/19\/nova-era-reino-unido-e-ue-assinam-acordo-comercial-historico-anos-apos-o-brexit\/\"},\"author\":{\"name\":\"Luzimara Fernandes\",\"@id\":\"https:\/\/jornalfatosenoticias.com.br\/#\/schema\/person\/d63837fa13ac8666eb9e74e0985d6f81\"},\"headline\":\"\u201cNova era\u201d: Reino Unido e UE assinam acordo comercial hist\u00f3rico anos ap\u00f3s o Brexit\",\"datePublished\":\"2025-05-19T18:09:53+00:00\",\"dateModified\":\"2025-05-19T18:09:54+00:00\",\"mainEntityOfPage\":{\"@id\":\"https:\/\/jornalfatosenoticias.com.br\/index.php\/2025\/05\/19\/nova-era-reino-unido-e-ue-assinam-acordo-comercial-historico-anos-apos-o-brexit\/\"},\"wordCount\":451,\"commentCount\":0,\"publisher\":{\"@id\":\"https:\/\/jornalfatosenoticias.com.br\/#organization\"},\"image\":{\"@id\":\"https:\/\/jornalfatosenoticias.com.br\/index.php\/2025\/05\/19\/nova-era-reino-unido-e-ue-assinam-acordo-comercial-historico-anos-apos-o-brexit\/#primaryimage\"},\"thumbnailUrl\":\"https:\/\/jornalfatosenoticias.com.br\/wp-content\/uploads\/2025\/05\/Reino-Unido-UE.jpg\",\"keywords\":[\"Europa\",\"Keir Starmer\",\"Londres\",\"Reino Unido\",\"Uni\u00e3o Europeia\"],\"articleSection\":[\"Internacional\"],\"inLanguage\":\"pt-BR\",\"potentialAction\":[{\"@type\":\"CommentAction\",\"name\":\"Comment\",\"target\":[\"https:\/\/jornalfatosenoticias.com.br\/index.php\/2025\/05\/19\/nova-era-reino-unido-e-ue-assinam-acordo-comercial-historico-anos-apos-o-brexit\/#respond\"]}]},{\"@type\":\"WebPage\",\"@id\":\"https:\/\/jornalfatosenoticias.com.br\/index.php\/2025\/05\/19\/nova-era-reino-unido-e-ue-assinam-acordo-comercial-historico-anos-apos-o-brexit\/\",\"url\":\"https:\/\/jornalfatosenoticias.com.br\/index.php\/2025\/05\/19\/nova-era-reino-unido-e-ue-assinam-acordo-comercial-historico-anos-apos-o-brexit\/\",\"name\":\"\u201cNova era\u201d: Reino Unido e UE assinam acordo comercial hist\u00f3rico anos ap\u00f3s o Brexit - Jornal Fatos e Not\u00edcias\",\"isPartOf\":{\"@id\":\"https:\/\/jornalfatosenoticias.com.br\/#website\"},\"primaryImageOfPage\":{\"@id\":\"https:\/\/jornalfatosenoticias.com.br\/index.php\/2025\/05\/19\/nova-era-reino-unido-e-ue-assinam-acordo-comercial-historico-anos-apos-o-brexit\/#primaryimage\"},\"image\":{\"@id\":\"https:\/\/jornalfatosenoticias.com.br\/index.php\/2025\/05\/19\/nova-era-reino-unido-e-ue-assinam-acordo-comercial-historico-anos-apos-o-brexit\/#primaryimage\"},\"thumbnailUrl\":\"https:\/\/jornalfatosenoticias.com.br\/wp-content\/uploads\/2025\/05\/Reino-Unido-UE.jpg\",\"datePublished\":\"2025-05-19T18:09:53+00:00\",\"dateModified\":\"2025-05-19T18:09:54+00:00\",\"breadcrumb\":{\"@id\":\"https:\/\/jornalfatosenoticias.com.br\/index.php\/2025\/05\/19\/nova-era-reino-unido-e-ue-assinam-acordo-comercial-historico-anos-apos-o-brexit\/#breadcrumb\"},\"inLanguage\":\"pt-BR\",\"potentialAction\":[{\"@type\":\"ReadAction\",\"target\":[\"https:\/\/jornalfatosenoticias.com.br\/index.php\/2025\/05\/19\/nova-era-reino-unido-e-ue-assinam-acordo-comercial-historico-anos-apos-o-brexit\/\"]}]},{\"@type\":\"ImageObject\",\"inLanguage\":\"pt-BR\",\"@id\":\"https:\/\/jornalfatosenoticias.com.br\/index.php\/2025\/05\/19\/nova-era-reino-unido-e-ue-assinam-acordo-comercial-historico-anos-apos-o-brexit\/#primaryimage\",\"url\":\"https:\/\/jornalfatosenoticias.com.br\/wp-content\/uploads\/2025\/05\/Reino-Unido-UE.jpg\",\"contentUrl\":\"https:\/\/jornalfatosenoticias.com.br\/wp-content\/uploads\/2025\/05\/Reino-Unido-UE.jpg\",\"width\":1000,\"height\":666},{\"@type\":\"BreadcrumbList\",\"@id\":\"https:\/\/jornalfatosenoticias.com.br\/index.php\/2025\/05\/19\/nova-era-reino-unido-e-ue-assinam-acordo-comercial-historico-anos-apos-o-brexit\/#breadcrumb\",\"itemListElement\":[{\"@type\":\"ListItem\",\"position\":1,\"name\":\"In\u00edcio\",\"item\":\"https:\/\/jornalfatosenoticias.com.br\/\"},{\"@type\":\"ListItem\",\"position\":2,\"name\":\"\u201cNova era\u201d: Reino Unido e UE assinam acordo comercial hist\u00f3rico anos ap\u00f3s o Brexit\"}]},{\"@type\":\"WebSite\",\"@id\":\"https:\/\/jornalfatosenoticias.com.br\/#website\",\"url\":\"https:\/\/jornalfatosenoticias.com.br\/\",\"name\":\"Jornal Fatos e Not\u00edcias\",\"description\":\"Not\u00edcias em geral\",\"publisher\":{\"@id\":\"https:\/\/jornalfatosenoticias.com.br\/#organization\"},\"potentialAction\":[{\"@type\":\"SearchAction\",\"target\":{\"@type\":\"EntryPoint\",\"urlTemplate\":\"https:\/\/jornalfatosenoticias.com.br\/?s={search_term_string}\"},\"query-input\":{\"@type\":\"PropertyValueSpecification\",\"valueRequired\":true,\"valueName\":\"search_term_string\"}}],\"inLanguage\":\"pt-BR\"},{\"@type\":\"Organization\",\"@id\":\"https:\/\/jornalfatosenoticias.com.br\/#organization\",\"name\":\"Jornal Fatos e Not\u00edcias\",\"url\":\"https:\/\/jornalfatosenoticias.com.br\/\",\"logo\":{\"@type\":\"ImageObject\",\"inLanguage\":\"pt-BR\",\"@id\":\"https:\/\/jornalfatosenoticias.com.br\/#\/schema\/logo\/image\/\",\"url\":\"https:\/\/jornalfatosenoticias.com.br\/wp-content\/uploads\/2020\/02\/logo120.png\",\"contentUrl\":\"https:\/\/jornalfatosenoticias.com.br\/wp-content\/uploads\/2020\/02\/logo120.png\",\"width\":1227,\"height\":120,\"caption\":\"Jornal Fatos e Not\u00edcias\"},\"image\":{\"@id\":\"https:\/\/jornalfatosenoticias.com.br\/#\/schema\/logo\/image\/\"}},{\"@type\":\"Person\",\"@id\":\"https:\/\/jornalfatosenoticias.com.br\/#\/schema\/person\/d63837fa13ac8666eb9e74e0985d6f81\",\"name\":\"Luzimara Fernandes\",\"image\":{\"@type\":\"ImageObject\",\"inLanguage\":\"pt-BR\",\"@id\":\"https:\/\/jornalfatosenoticias.com.br\/#\/schema\/person\/image\/\",\"url\":\"https:\/\/jornalfatosenoticias.com.br\/wp-content\/uploads\/2025\/05\/EU_portal.jpg\",\"contentUrl\":\"https:\/\/jornalfatosenoticias.com.br\/wp-content\/uploads\/2025\/05\/EU_portal.jpg\",\"caption\":\"Luzimara Fernandes\"},\"description\":\"Jornalista MTB 2358-ES\",\"sameAs\":[\"https:\/\/jornalfatosenoticias.com.br\"],\"url\":\"https:\/\/jornalfatosenoticias.com.br\/index.php\/author\/luzimara\/\"}]}<\/script>\n<!-- \/ Yoast SEO plugin. -->","yoast_head_json":{"title":"\u201cNova era\u201d: Reino Unido e UE assinam acordo comercial hist\u00f3rico anos ap\u00f3s o Brexit - Jornal Fatos e Not\u00edcias","robots":{"index":"index","follow":"follow","max-snippet":"max-snippet:-1","max-image-preview":"max-image-preview:large","max-video-preview":"max-video-preview:-1"},"canonical":"https:\/\/jornalfatosenoticias.com.br\/index.php\/2025\/05\/19\/nova-era-reino-unido-e-ue-assinam-acordo-comercial-historico-anos-apos-o-brexit\/","og_locale":"pt_BR","og_type":"article","og_title":"\u201cNova era\u201d: Reino Unido e UE assinam acordo comercial hist\u00f3rico anos ap\u00f3s o Brexit - Jornal Fatos e Not\u00edcias","og_description":"O presidente do Conselho Europeu, Ant\u00f3nio Costa, o primeiro-ministro brit\u00e2nico, Keir Starmer, e a presidente da Comiss\u00e3o Europeia, Ursula von der Leyen: UE e Reino Unido selam acordo hist\u00f3rico p\u00f3s-Brexit Por Isabella de Paula A Uni\u00e3o Europeia (UE) e o Reino Unido assinaram um acordo hist\u00f3rico de reaproxima\u00e7\u00e3o nas \u00e1reas comerciais e de seguran\u00e7a, nesta [&hellip;]","og_url":"https:\/\/jornalfatosenoticias.com.br\/index.php\/2025\/05\/19\/nova-era-reino-unido-e-ue-assinam-acordo-comercial-historico-anos-apos-o-brexit\/","og_site_name":"Jornal Fatos e Not\u00edcias","article_published_time":"2025-05-19T18:09:53+00:00","article_modified_time":"2025-05-19T18:09:54+00:00","og_image":[{"width":1000,"height":666,"url":"https:\/\/jornalfatosenoticias.com.br\/wp-content\/uploads\/2025\/05\/Reino-Unido-UE.jpg","type":"image\/jpeg"}],"author":"Luzimara Fernandes","twitter_card":"summary_large_image","twitter_misc":{"Escrito por":"Luzimara Fernandes","Est. tempo de leitura":"2 minutos"},"schema":{"@context":"https:\/\/schema.org","@graph":[{"@type":"Article","@id":"https:\/\/jornalfatosenoticias.com.br\/index.php\/2025\/05\/19\/nova-era-reino-unido-e-ue-assinam-acordo-comercial-historico-anos-apos-o-brexit\/#article","isPartOf":{"@id":"https:\/\/jornalfatosenoticias.com.br\/index.php\/2025\/05\/19\/nova-era-reino-unido-e-ue-assinam-acordo-comercial-historico-anos-apos-o-brexit\/"},"author":{"name":"Luzimara Fernandes","@id":"https:\/\/jornalfatosenoticias.com.br\/#\/schema\/person\/d63837fa13ac8666eb9e74e0985d6f81"},"headline":"\u201cNova era\u201d: Reino Unido e UE assinam acordo comercial hist\u00f3rico anos ap\u00f3s o Brexit","datePublished":"2025-05-19T18:09:53+00:00","dateModified":"2025-05-19T18:09:54+00:00","mainEntityOfPage":{"@id":"https:\/\/jornalfatosenoticias.com.br\/index.php\/2025\/05\/19\/nova-era-reino-unido-e-ue-assinam-acordo-comercial-historico-anos-apos-o-brexit\/"},"wordCount":451,"commentCount":0,"publisher":{"@id":"https:\/\/jornalfatosenoticias.com.br\/#organization"},"image":{"@id":"https:\/\/jornalfatosenoticias.com.br\/index.php\/2025\/05\/19\/nova-era-reino-unido-e-ue-assinam-acordo-comercial-historico-anos-apos-o-brexit\/#primaryimage"},"thumbnailUrl":"https:\/\/jornalfatosenoticias.com.br\/wp-content\/uploads\/2025\/05\/Reino-Unido-UE.jpg","keywords":["Europa","Keir Starmer","Londres","Reino Unido","Uni\u00e3o Europeia"],"articleSection":["Internacional"],"inLanguage":"pt-BR","potentialAction":[{"@type":"CommentAction","name":"Comment","target":["https:\/\/jornalfatosenoticias.com.br\/index.php\/2025\/05\/19\/nova-era-reino-unido-e-ue-assinam-acordo-comercial-historico-anos-apos-o-brexit\/#respond"]}]},{"@type":"WebPage","@id":"https:\/\/jornalfatosenoticias.com.br\/index.php\/2025\/05\/19\/nova-era-reino-unido-e-ue-assinam-acordo-comercial-historico-anos-apos-o-brexit\/","url":"https:\/\/jornalfatosenoticias.com.br\/index.php\/2025\/05\/19\/nova-era-reino-unido-e-ue-assinam-acordo-comercial-historico-anos-apos-o-brexit\/","name":"\u201cNova era\u201d: Reino Unido e UE assinam acordo comercial hist\u00f3rico anos ap\u00f3s o Brexit - Jornal Fatos e Not\u00edcias","isPartOf":{"@id":"https:\/\/jornalfatosenoticias.com.br\/#website"},"primaryImageOfPage":{"@id":"https:\/\/jornalfatosenoticias.com.br\/index.php\/2025\/05\/19\/nova-era-reino-unido-e-ue-assinam-acordo-comercial-historico-anos-apos-o-brexit\/#primaryimage"},"image":{"@id":"https:\/\/jornalfatosenoticias.com.br\/index.php\/2025\/05\/19\/nova-era-reino-unido-e-ue-assinam-acordo-comercial-historico-anos-apos-o-brexit\/#primaryimage"},"thumbnailUrl":"https:\/\/jornalfatosenoticias.com.br\/wp-content\/uploads\/2025\/05\/Reino-Unido-UE.jpg","datePublished":"2025-05-19T18:09:53+00:00","dateModified":"2025-05-19T18:09:54+00:00","breadcrumb":{"@id":"https:\/\/jornalfatosenoticias.com.br\/index.php\/2025\/05\/19\/nova-era-reino-unido-e-ue-assinam-acordo-comercial-historico-anos-apos-o-brexit\/#breadcrumb"},"inLanguage":"pt-BR","potentialAction":[{"@type":"ReadAction","target":["https:\/\/jornalfatosenoticias.com.br\/index.php\/2025\/05\/19\/nova-era-reino-unido-e-ue-assinam-acordo-comercial-historico-anos-apos-o-brexit\/"]}]},{"@type":"ImageObject","inLanguage":"pt-BR","@id":"https:\/\/jornalfatosenoticias.com.br\/index.php\/2025\/05\/19\/nova-era-reino-unido-e-ue-assinam-acordo-comercial-historico-anos-apos-o-brexit\/#primaryimage","url":"https:\/\/jornalfatosenoticias.com.br\/wp-content\/uploads\/2025\/05\/Reino-Unido-UE.jpg","contentUrl":"https:\/\/jornalfatosenoticias.com.br\/wp-content\/uploads\/2025\/05\/Reino-Unido-UE.jpg","width":1000,"height":666},{"@type":"BreadcrumbList","@id":"https:\/\/jornalfatosenoticias.com.br\/index.php\/2025\/05\/19\/nova-era-reino-unido-e-ue-assinam-acordo-comercial-historico-anos-apos-o-brexit\/#breadcrumb","itemListElement":[{"@type":"ListItem","position":1,"name":"In\u00edcio","item":"https:\/\/jornalfatosenoticias.com.br\/"},{"@type":"ListItem","position":2,"name":"\u201cNova era\u201d: Reino Unido e UE assinam acordo comercial hist\u00f3rico anos ap\u00f3s o Brexit"}]},{"@type":"WebSite","@id":"https:\/\/jornalfatosenoticias.com.br\/#website","url":"https:\/\/jornalfatosenoticias.com.br\/","name":"Jornal Fatos e Not\u00edcias","description":"Not\u00edcias em geral","publisher":{"@id":"https:\/\/jornalfatosenoticias.com.br\/#organization"},"potentialAction":[{"@type":"SearchAction","target":{"@type":"EntryPoint","urlTemplate":"https:\/\/jornalfatosenoticias.com.br\/?s={search_term_string}"},"query-input":{"@type":"PropertyValueSpecification","valueRequired":true,"valueName":"search_term_string"}}],"inLanguage":"pt-BR"},{"@type":"Organization","@id":"https:\/\/jornalfatosenoticias.com.br\/#organization","name":"Jornal Fatos e Not\u00edcias","url":"https:\/\/jornalfatosenoticias.com.br\/","logo":{"@type":"ImageObject","inLanguage":"pt-BR","@id":"https:\/\/jornalfatosenoticias.com.br\/#\/schema\/logo\/image\/","url":"https:\/\/jornalfatosenoticias.com.br\/wp-content\/uploads\/2020\/02\/logo120.png","contentUrl":"https:\/\/jornalfatosenoticias.com.br\/wp-content\/uploads\/2020\/02\/logo120.png","width":1227,"height":120,"caption":"Jornal Fatos e Not\u00edcias"},"image":{"@id":"https:\/\/jornalfatosenoticias.com.br\/#\/schema\/logo\/image\/"}},{"@type":"Person","@id":"https:\/\/jornalfatosenoticias.com.br\/#\/schema\/person\/d63837fa13ac8666eb9e74e0985d6f81","name":"Luzimara Fernandes","image":{"@type":"ImageObject","inLanguage":"pt-BR","@id":"https:\/\/jornalfatosenoticias.com.br\/#\/schema\/person\/image\/","url":"https:\/\/jornalfatosenoticias.com.br\/wp-content\/uploads\/2025\/05\/EU_portal.jpg","contentUrl":"https:\/\/jornalfatosenoticias.com.br\/wp-content\/uploads\/2025\/05\/EU_portal.jpg","caption":"Luzimara Fernandes"},"description":"Jornalista MTB 2358-ES","sameAs":["https:\/\/jornalfatosenoticias.com.br"],"url":"https:\/\/jornalfatosenoticias.com.br\/index.php\/author\/luzimara\/"}]}},"cc_featured_image_caption":{"caption_text":"(Foto: Getty Images)","source_text":"","source_url":""},"jetpack_featured_media_url":"https:\/\/jornalfatosenoticias.com.br\/wp-content\/uploads\/2025\/05\/Reino-Unido-UE.jpg","_links":{"self":[{"href":"https:\/\/jornalfatosenoticias.com.br\/index.php\/wp-json\/wp\/v2\/posts\/59314","targetHints":{"allow":["GET"]}}],"collection":[{"href":"https:\/\/jornalfatosenoticias.com.br\/index.php\/wp-json\/wp\/v2\/posts"}],"about":[{"href":"https:\/\/jornalfatosenoticias.com.br\/index.php\/wp-json\/wp\/v2\/types\/post"}],"author":[{"embeddable":true,"href":"https:\/\/jornalfatosenoticias.com.br\/index.php\/wp-json\/wp\/v2\/users\/2"}],"replies":[{"embeddable":true,"href":"https:\/\/jornalfatosenoticias.com.br\/index.php\/wp-json\/wp\/v2\/comments?post=59314"}],"version-history":[{"count":0,"href":"https:\/\/jornalfatosenoticias.com.br\/index.php\/wp-json\/wp\/v2\/posts\/59314\/revisions"}],"wp:featuredmedia":[{"embeddable":true,"href":"https:\/\/jornalfatosenoticias.com.br\/index.php\/wp-json\/wp\/v2\/media\/59315"}],"wp:attachment":[{"href":"https:\/\/jornalfatosenoticias.com.br\/index.php\/wp-json\/wp\/v2\/media?parent=59314"}],"wp:term":[{"taxonomy":"category","embeddable":true,"href":"https:\/\/jornalfatosenoticias.com.br\/index.php\/wp-json\/wp\/v2\/categories?post=59314"},{"taxonomy":"post_tag","embeddable":true,"href":"https:\/\/jornalfatosenoticias.com.br\/index.php\/wp-json\/wp\/v2\/tags?post=59314"}],"curies":[{"name":"wp","href":"https:\/\/api.w.org\/{rel}","templated":true}]}}