{"id":59320,"date":"2025-05-19T15:35:11","date_gmt":"2025-05-19T18:35:11","guid":{"rendered":"https:\/\/jornalfatosenoticias.com.br\/?p=59320"},"modified":"2025-05-19T15:35:12","modified_gmt":"2025-05-19T18:35:12","slug":"lula-penaliza-populacao-de-baixa-renda-sua-base-eleitoral-com-inflacao-e-juros-altos","status":"publish","type":"post","link":"https:\/\/jornalfatosenoticias.com.br\/index.php\/2025\/05\/19\/lula-penaliza-populacao-de-baixa-renda-sua-base-eleitoral-com-inflacao-e-juros-altos\/","title":{"rendered":"Lula penaliza popula\u00e7\u00e3o de baixa renda, sua base eleitoral, com infla\u00e7\u00e3o e juros altos"},"content":{"rendered":"\n<p><em><span class=\"has-inline-color has-black-color\">Pre\u00e7os e juros em alta penalizam principalmente os mais pobres<\/span><\/em><\/p>\n\n\n\n<p><span class=\"has-inline-color has-black-color\">Por <strong><a href=\"https:\/\/www.gazetadopovo.com.br\/autor\/vandre-kramer\/\">Vandr\u00e9 Kramer<\/a><\/strong><\/span><\/p>\n\n\n\n<div class=\"wp-block-image\"><figure class=\"aligncenter size-large\"><a href=\"https:\/\/mizu.com.br\/\"><img loading=\"lazy\" decoding=\"async\" width=\"729\" height=\"90\" src=\"https:\/\/jornalfatosenoticias.com.br\/wp-content\/uploads\/2020\/02\/Logo_Mizu.png\" alt=\"\" class=\"wp-image-1441\" srcset=\"https:\/\/jornalfatosenoticias.com.br\/wp-content\/uploads\/2020\/02\/Logo_Mizu.png 729w, https:\/\/jornalfatosenoticias.com.br\/wp-content\/uploads\/2020\/02\/Logo_Mizu-300x37.png 300w\" sizes=\"auto, (max-width: 729px) 100vw, 729px\" \/><\/a><\/figure><\/div>\n\n\n\n<p>A infla\u00e7\u00e3o em 12 meses chegou a 5,53% em abril, o maior \u00edndice em dois anos, segundo o IBGE. O aumento de pre\u00e7os afeta principalmente fam\u00edlias de baixa renda, base eleitoral de Lula, e obriga o Banco Central (BC) a manter uma pol\u00edtica monet\u00e1ria restritiva, com juros mais elevados.<br>Diante da infla\u00e7\u00e3o persistente, o Comit\u00ea de Pol\u00edtica Monet\u00e1ria (Copom) elevou novamente os juros na segunda semana de maio. A taxa Selic foi para 14,75% ao ano, maior n\u00edvel em 19 anos. Embora tecnicamente necess\u00e1ria para conter a infla\u00e7\u00e3o, a medida traz consequ\u00eancias severas para a popula\u00e7\u00e3o mais pobre.<br>Com juros mais altos, o custo do cr\u00e9dito aumenta substancialmente, encarecendo financiamentos, empr\u00e9stimos e compras parceladas \u2014 recursos muitas vezes usados pelas fam\u00edlias mais vulner\u00e1veis para aquisi\u00e7\u00e3o de bens essenciais. Desde agosto, quando come\u00e7ou o atual ciclo de alta na Selic, at\u00e9 mar\u00e7o a taxa m\u00e9dia de juros nas opera\u00e7\u00f5es de cr\u00e9dito para as pessoas passou de 2,35% para 2,56% ao m\u00eas, a mais alta desde julho de 2023.<\/p>\n\n\n\n<div class=\"wp-block-image\"><figure class=\"aligncenter size-large is-resized\"><a href=\"https:\/\/www.facebook.com\/postobkr\/?locale=pt_BR\"><img loading=\"lazy\" decoding=\"async\" src=\"https:\/\/jornalfatosenoticias.com.br\/wp-content\/uploads\/2023\/08\/BKR-1024x1021.jpg\" alt=\"\" class=\"wp-image-44494\" width=\"316\" height=\"315\" srcset=\"https:\/\/jornalfatosenoticias.com.br\/wp-content\/uploads\/2023\/08\/BKR-1024x1021.jpg 1024w, https:\/\/jornalfatosenoticias.com.br\/wp-content\/uploads\/2023\/08\/BKR-300x300.jpg 300w, https:\/\/jornalfatosenoticias.com.br\/wp-content\/uploads\/2023\/08\/BKR-150x150.jpg 150w, https:\/\/jornalfatosenoticias.com.br\/wp-content\/uploads\/2023\/08\/BKR-768x766.jpg 768w, https:\/\/jornalfatosenoticias.com.br\/wp-content\/uploads\/2023\/08\/BKR.jpg 1080w\" sizes=\"auto, (max-width: 316px) 100vw, 316px\" \/><\/a><\/figure><\/div>\n\n\n\n<p>O resultado \u00e9 um ciclo perverso: a alta nos juros, necess\u00e1ria para conter a infla\u00e7\u00e3o, acaba agravando ainda mais a situa\u00e7\u00e3o financeira dos mais pobres. Segundo relat\u00f3rio de abril da Confedera\u00e7\u00e3o Nacional do Com\u00e9rcio (CNC), 77,6% das fam\u00edlias brasileiras est\u00e3o endividadas, maior parcela desde agosto passado. Conforme o mesmo levantamento, 29,1% t\u00eam d\u00edvidas em atraso e 12,4% afirmam n\u00e3o ter condi\u00e7\u00f5es de pagar o que devem.<\/p>\n\n\n\n<div class=\"wp-block-image\"><figure class=\"aligncenter size-large is-resized\"><a href=\"https:\/\/www.instagram.com\/restaurantepegoretti\/\"><img loading=\"lazy\" decoding=\"async\" src=\"https:\/\/jornalfatosenoticias.com.br\/wp-content\/uploads\/2023\/12\/pegoretti-logo-pdf-1024x389.jpg\" alt=\"\" class=\"wp-image-47536\" width=\"506\" height=\"192\" srcset=\"https:\/\/jornalfatosenoticias.com.br\/wp-content\/uploads\/2023\/12\/pegoretti-logo-pdf-1024x389.jpg 1024w, https:\/\/jornalfatosenoticias.com.br\/wp-content\/uploads\/2023\/12\/pegoretti-logo-pdf-300x114.jpg 300w, https:\/\/jornalfatosenoticias.com.br\/wp-content\/uploads\/2023\/12\/pegoretti-logo-pdf-768x291.jpg 768w, https:\/\/jornalfatosenoticias.com.br\/wp-content\/uploads\/2023\/12\/pegoretti-logo-pdf.jpg 1120w\" sizes=\"auto, (max-width: 506px) 100vw, 506px\" \/><\/a><\/figure><\/div>\n\n\n\n<p>Os juros elevados devem persistir por um longo tempo. A ata divulgada pelo Copom em 13 de maio sinaliza que a manuten\u00e7\u00e3o ser\u00e1 necess\u00e1ria para assegurar a converg\u00eancia da infla\u00e7\u00e3o \u00e0 meta de 3%. O ponto m\u00e9dio das expectativas do mercado financeiro para o IPCA em 2025 estava em 5,51% no \u00faltimo boletim Focus, divulgado na segunda (12), cerca de um ponto acima do teto da meta. A mediana de 2026 estava em 4,5%, exatamente no topo.<\/p>\n\n\n\n<div class=\"wp-block-image\"><figure class=\"aligncenter size-large is-resized\"><a href=\"https:\/\/www.instagram.com\/rcradiadores\/\"><img loading=\"lazy\" decoding=\"async\" src=\"https:\/\/jornalfatosenoticias.com.br\/wp-content\/uploads\/2022\/10\/RC_800x750_page-0001.jpg\" alt=\"\" class=\"wp-image-35338\" width=\"310\" height=\"290\" srcset=\"https:\/\/jornalfatosenoticias.com.br\/wp-content\/uploads\/2022\/10\/RC_800x750_page-0001.jpg 400w, https:\/\/jornalfatosenoticias.com.br\/wp-content\/uploads\/2022\/10\/RC_800x750_page-0001-300x281.jpg 300w\" sizes=\"auto, (max-width: 310px) 100vw, 310px\" \/><\/a><\/figure><\/div>\n\n\n\n<p><strong><span class=\"has-inline-color has-black-color\">Governo Lula estimula a demanda, pressiona infla\u00e7\u00e3o e favorece juros altos<br><\/span><\/strong>Banco Central e Lula est\u00e3o em dire\u00e7\u00f5es opostas. O primeiro tenta conter a infla\u00e7\u00e3o via juros altos. O governo, por sua vez, vem anunciando medidas que atuam no sentido oposto, estimulando a demanda e pressionando ainda mais os pre\u00e7os. A libera\u00e7\u00e3o do saque extraordin\u00e1rio do FGTS, a mudan\u00e7a nas regras do cr\u00e9dito consignado na folha de pagamento de trabalhadores do setor privado e a amplia\u00e7\u00e3o do programa Minha Casa, Minha Vida para aqueles que ganham at\u00e9 R$ 12 mil injetam recursos na economia em um momento em que a atividade econ\u00f4mica j\u00e1 mostra bastante dinamismo.<\/p>\n\n\n\n<div class=\"wp-block-image\"><figure class=\"aligncenter size-large is-resized\"><a href=\"https:\/\/www.legisjuris.com.br\/\"><img loading=\"lazy\" decoding=\"async\" src=\"https:\/\/jornalfatosenoticias.com.br\/wp-content\/uploads\/2024\/09\/Legis-Juris-Consultoria_logo.jpg\" alt=\"\" class=\"wp-image-53915\" width=\"516\" height=\"216\" srcset=\"https:\/\/jornalfatosenoticias.com.br\/wp-content\/uploads\/2024\/09\/Legis-Juris-Consultoria_logo.jpg 969w, https:\/\/jornalfatosenoticias.com.br\/wp-content\/uploads\/2024\/09\/Legis-Juris-Consultoria_logo-300x126.jpg 300w, https:\/\/jornalfatosenoticias.com.br\/wp-content\/uploads\/2024\/09\/Legis-Juris-Consultoria_logo-768x322.jpg 768w\" sizes=\"auto, (max-width: 516px) 100vw, 516px\" \/><\/a><\/figure><\/div>\n\n\n\n<p>O Monitor do PIB do Instituto Brasileiro de Economia da Funda\u00e7\u00e3o Get\u00falio Vargas (FGV Ibre) indica crescimento anualizado de 3,1% at\u00e9 fevereiro, enquanto o \u00cdndice de Atividade Econ\u00f4mica do Banco Central (IBC-Br) revela expans\u00e3o ainda maior, de 3,8% nos 12 meses encerrados em fevereiro. Esse aquecimento da economia, combinado com est\u00edmulos governamentais, alimenta o ciclo inflacion\u00e1rio.<\/p>\n\n\n\n<div class=\"wp-block-image\"><figure class=\"aligncenter size-large\"><a href=\"http:\/\/www.ferrarimaquinas.com.br\/\"><img loading=\"lazy\" decoding=\"async\" width=\"300\" height=\"250\" src=\"https:\/\/jornalfatosenoticias.com.br\/wp-content\/uploads\/2022\/02\/FERRARI_MAQUINAS-E-FERRAMENTAS2.jpg\" alt=\"\" class=\"wp-image-27860\"\/><\/a><\/figure><\/div>\n\n\n\n<p>Adicionalmente, o aumento do risco fiscal e as incertezas sobre a sustentabilidade das contas p\u00fablicas contribuem para a desancoragem das expectativas de infla\u00e7\u00e3o. Analistas econ\u00f4micos apontam que a fr\u00e1gil execu\u00e7\u00e3o do novo arcabou\u00e7o fiscal compromete a efic\u00e1cia da pol\u00edtica monet\u00e1ria, exigindo juros ainda mais altos para compensar a percep\u00e7\u00e3o de risco.<\/p>\n\n\n\n<div class=\"wp-block-image\"><figure class=\"aligncenter size-large is-resized\"><a href=\"https:\/\/www.facebook.com\/profile.php?id=100069289606145\"><img loading=\"lazy\" decoding=\"async\" src=\"https:\/\/jornalfatosenoticias.com.br\/wp-content\/uploads\/2024\/11\/Guaitolini-Contabilidade-1024x714.jpeg\" alt=\"\" class=\"wp-image-55808\" width=\"352\" height=\"245\" srcset=\"https:\/\/jornalfatosenoticias.com.br\/wp-content\/uploads\/2024\/11\/Guaitolini-Contabilidade-1024x714.jpeg 1024w, https:\/\/jornalfatosenoticias.com.br\/wp-content\/uploads\/2024\/11\/Guaitolini-Contabilidade-300x209.jpeg 300w, https:\/\/jornalfatosenoticias.com.br\/wp-content\/uploads\/2024\/11\/Guaitolini-Contabilidade-768x535.jpeg 768w, https:\/\/jornalfatosenoticias.com.br\/wp-content\/uploads\/2024\/11\/Guaitolini-Contabilidade.jpeg 1280w\" sizes=\"auto, (max-width: 352px) 100vw, 352px\" \/><\/a><\/figure><\/div>\n\n\n\n<p><strong><span class=\"has-inline-color has-black-color\">Infla\u00e7\u00e3o persistente tem impactos desiguais para a popula\u00e7\u00e3o<br><\/span><\/strong>A alta nos pre\u00e7os ao consumidor n\u00e3o \u00e9 sentida igualmente por todas as classes sociais. Um estudo do Instituto de Pesquisa Econ\u00f4mica Aplicada (Ipea), bra\u00e7o do Minist\u00e9rio do Planejamento, mostra que a infla\u00e7\u00e3o para fam\u00edlias de renda muito baixa \u2014 com rendimento domiciliar mensal inferior a R$ 2,2 mil \u2014 foi de 2,59% nos quatro primeiros meses do ano. Para as de alta renda, com ganhos superiores a R$ 22 mil, ficou em 2,21%. O IPCA geral foi de 2,48%.<\/p>\n\n\n\n<div class=\"wp-block-image\"><figure class=\"aligncenter size-large is-resized\"><a href=\"https:\/\/www.instagram.com\/serra4x4cambioautomatico\/\"><img loading=\"lazy\" decoding=\"async\" src=\"https:\/\/jornalfatosenoticias.com.br\/wp-content\/uploads\/2024\/08\/Serra-4x4-1-886x1024.jpg\" alt=\"\" class=\"wp-image-53632\" width=\"297\" height=\"344\" srcset=\"https:\/\/jornalfatosenoticias.com.br\/wp-content\/uploads\/2024\/08\/Serra-4x4-1-886x1024.jpg 886w, https:\/\/jornalfatosenoticias.com.br\/wp-content\/uploads\/2024\/08\/Serra-4x4-1-260x300.jpg 260w, https:\/\/jornalfatosenoticias.com.br\/wp-content\/uploads\/2024\/08\/Serra-4x4-1-768x888.jpg 768w, https:\/\/jornalfatosenoticias.com.br\/wp-content\/uploads\/2024\/08\/Serra-4x4-1.jpg 1181w\" sizes=\"auto, (max-width: 297px) 100vw, 297px\" \/><\/a><\/figure><\/div>\n\n\n\n<p>A diferen\u00e7a ocorre porque os itens que t\u00eam maior aumento de pre\u00e7o s\u00e3o justamente aqueles com maior peso no or\u00e7amento das fam\u00edlias mais pobres. Nos \u00faltimos 12 meses, as maiores altas ocorreram em alimentos b\u00e1sicos (o pre\u00e7o do caf\u00e9 subiu 80,2% em um ano, o \u00f3leo de soja subiu 22,8% e as carnes, 22,3%), transportes por aplicativo (+19,6%) e itens de sa\u00fade e cuidados pessoais (alta superior a 7%). Para as fam\u00edlias de baixa renda, esses aumentos comprometem uma parcela ainda maior do or\u00e7amento j\u00e1 limitado, reduzindo significativamente seu poder de compra.<\/p>\n\n\n\n<div class=\"wp-block-image\"><figure class=\"aligncenter size-large is-resized\"><a href=\"https:\/\/www.facebook.com\/vetor.vix\/\"><img loading=\"lazy\" decoding=\"async\" src=\"https:\/\/jornalfatosenoticias.com.br\/wp-content\/uploads\/2023\/09\/vetorvix1024_1.jpg\" alt=\"\" class=\"wp-image-44868\" width=\"528\" height=\"140\" srcset=\"https:\/\/jornalfatosenoticias.com.br\/wp-content\/uploads\/2023\/09\/vetorvix1024_1.jpg 1024w, https:\/\/jornalfatosenoticias.com.br\/wp-content\/uploads\/2023\/09\/vetorvix1024_1-300x80.jpg 300w, https:\/\/jornalfatosenoticias.com.br\/wp-content\/uploads\/2023\/09\/vetorvix1024_1-768x205.jpg 768w\" sizes=\"auto, (max-width: 528px) 100vw, 528px\" \/><\/a><\/figure><\/div>\n\n\n\n<p><strong><span class=\"has-inline-color has-black-color\">Servi\u00e7os est\u00e3o entre os maiores vil\u00f5es da infla\u00e7\u00e3o e alimentam juros altos<br><\/span><\/strong>Diferentemente de ciclos inflacion\u00e1rios anteriores, quando alimentos eram os principais vil\u00f5es, o atual motor da infla\u00e7\u00e3o \u00e9 o setor de servi\u00e7os, com alta de 7,7% nos \u00faltimos 12 meses. O fen\u00f4meno est\u00e1 diretamente ligado ao aquecimento do mercado de trabalho, que registrou taxa de desemprego de 7% em mar\u00e7o \u2014 o menor n\u00edvel para o m\u00eas desde o in\u00edcio da s\u00e9rie hist\u00f3rica em 2012.<\/p>\n\n\n\n<div class=\"wp-block-image\"><figure class=\"aligncenter size-large is-resized\"><a href=\"https:\/\/www.controlsystems.com.br\/\"><img loading=\"lazy\" decoding=\"async\" src=\"https:\/\/jornalfatosenoticias.com.br\/wp-content\/uploads\/2020\/02\/CONTROL-CS.jpg\" alt=\"\" class=\"wp-image-44991\" width=\"273\" height=\"328\" srcset=\"https:\/\/jornalfatosenoticias.com.br\/wp-content\/uploads\/2020\/02\/CONTROL-CS.jpg 834w, https:\/\/jornalfatosenoticias.com.br\/wp-content\/uploads\/2020\/02\/CONTROL-CS-250x300.jpg 250w, https:\/\/jornalfatosenoticias.com.br\/wp-content\/uploads\/2020\/02\/CONTROL-CS-768x921.jpg 768w\" sizes=\"auto, (max-width: 273px) 100vw, 273px\" \/><\/a><\/figure><\/div>\n\n\n\n<p>Esse bom momento acaba realimentando o problema. Segundo o IBGE, a presta\u00e7\u00e3o de servi\u00e7os teve um crescimento anualizado de 7,7% em mar\u00e7o, o maior desde novembro de 2023. Dois segmentos registraram forte desempenho e acelera\u00e7\u00e3o no crescimento: transportes, servi\u00e7os auxiliares de transporte e correios (5,2%) e servi\u00e7os de informa\u00e7\u00e3o e comunica\u00e7\u00e3o (9%). A expans\u00e3o deste segmento foi a maior desde julho de 2022.<\/p>\n\n\n\n<div class=\"wp-block-image\"><figure class=\"aligncenter size-large is-resized\"><a href=\"https:\/\/www.instagram.com\/gruposei\/\"><img loading=\"lazy\" decoding=\"async\" src=\"https:\/\/jornalfatosenoticias.com.br\/wp-content\/uploads\/2022\/07\/Logo-Grupo-SEI.jpg\" alt=\"\" class=\"wp-image-31973\" width=\"397\" height=\"208\" srcset=\"https:\/\/jornalfatosenoticias.com.br\/wp-content\/uploads\/2022\/07\/Logo-Grupo-SEI.jpg 713w, https:\/\/jornalfatosenoticias.com.br\/wp-content\/uploads\/2022\/07\/Logo-Grupo-SEI-300x158.jpg 300w\" sizes=\"auto, (max-width: 397px) 100vw, 397px\" \/><\/a><\/figure><\/div>\n\n\n\n<p>J\u00e1 o volume de vendas do com\u00e9rcio varejista ampliado, que inclui carros, motos autope\u00e7as e materiais de constru\u00e7\u00e3o, registrou crescimento anualizado de 3% em mar\u00e7o, ap\u00f3s cinco meses de queda ou estabilidade. Destaque para o segmento de materiais de constru\u00e7\u00e3o, que saltou de uma alta em 12 meses de 0,4% em abril de 2024 para 6,8% em mar\u00e7o de 2025.<\/p>\n\n\n\n<div class=\"wp-block-image\"><figure class=\"aligncenter size-large is-resized\"><a href=\"https:\/\/www.instagram.com\/esteiochurrascaria\/\"><img loading=\"lazy\" decoding=\"async\" src=\"https:\/\/jornalfatosenoticias.com.br\/wp-content\/uploads\/2022\/02\/LOGO-ESTEIO-1024x730.png\" alt=\"\" class=\"wp-image-27942\" width=\"315\" height=\"224\" srcset=\"https:\/\/jornalfatosenoticias.com.br\/wp-content\/uploads\/2022\/02\/LOGO-ESTEIO-1024x730.png 1024w, https:\/\/jornalfatosenoticias.com.br\/wp-content\/uploads\/2022\/02\/LOGO-ESTEIO-300x214.png 300w, https:\/\/jornalfatosenoticias.com.br\/wp-content\/uploads\/2022\/02\/LOGO-ESTEIO-768x548.png 768w, https:\/\/jornalfatosenoticias.com.br\/wp-content\/uploads\/2022\/02\/LOGO-ESTEIO.png 1123w\" sizes=\"auto, (max-width: 315px) 100vw, 315px\" \/><\/a><\/figure><\/div>\n\n\n\n<p><strong>Fonte: <a href=\"https:\/\/www.gazetadopovo.com.br\/economia\/inflacao-servicos-juros-altos-impacto-economia\/\">Gazeta do Povo<\/a><\/strong><\/p>\n","protected":false},"excerpt":{"rendered":"<p>Pre\u00e7os e juros em alta penalizam principalmente os mais pobres Por Vandr\u00e9 Kramer A infla\u00e7\u00e3o em 12 meses chegou a 5,53% em abril, o maior \u00edndice em dois anos, segundo o IBGE. O aumento de pre\u00e7os afeta principalmente fam\u00edlias de baixa renda, base eleitoral de Lula, e obriga o Banco Central (BC) a manter uma [&hellip;]<\/p>\n","protected":false},"author":2,"featured_media":59321,"comment_status":"open","ping_status":"open","sticky":false,"template":"","format":"standard","meta":{"footnotes":""},"categories":[9,10],"tags":[70,489,4182,1169,7580,388,278,9776],"class_list":["post-59320","post","type-post","status-publish","format-standard","has-post-thumbnail","hentry","category-economia","category-politica","tag-alimentos","tag-banco-central","tag-inflacao","tag-ipca","tag-lula","tag-mercado-de-trabalho","tag-pib","tag-taxa-selic"],"yoast_head":"<!-- This site is optimized with the Yoast SEO plugin v26.5 - https:\/\/yoast.com\/wordpress\/plugins\/seo\/ -->\n<title>Lula penaliza popula\u00e7\u00e3o de baixa renda, sua base eleitoral, com infla\u00e7\u00e3o e juros altos - Jornal Fatos e Not\u00edcias<\/title>\n<meta name=\"robots\" content=\"index, follow, max-snippet:-1, max-image-preview:large, max-video-preview:-1\" \/>\n<link rel=\"canonical\" href=\"https:\/\/jornalfatosenoticias.com.br\/index.php\/2025\/05\/19\/lula-penaliza-populacao-de-baixa-renda-sua-base-eleitoral-com-inflacao-e-juros-altos\/\" \/>\n<meta property=\"og:locale\" content=\"pt_BR\" \/>\n<meta property=\"og:type\" content=\"article\" \/>\n<meta property=\"og:title\" content=\"Lula penaliza popula\u00e7\u00e3o de baixa renda, sua base eleitoral, com infla\u00e7\u00e3o e juros altos - Jornal Fatos e Not\u00edcias\" \/>\n<meta property=\"og:description\" content=\"Pre\u00e7os e juros em alta penalizam principalmente os mais pobres Por Vandr\u00e9 Kramer A infla\u00e7\u00e3o em 12 meses chegou a 5,53% em abril, o maior \u00edndice em dois anos, segundo o IBGE. O aumento de pre\u00e7os afeta principalmente fam\u00edlias de baixa renda, base eleitoral de Lula, e obriga o Banco Central (BC) a manter uma [&hellip;]\" \/>\n<meta property=\"og:url\" content=\"https:\/\/jornalfatosenoticias.com.br\/index.php\/2025\/05\/19\/lula-penaliza-populacao-de-baixa-renda-sua-base-eleitoral-com-inflacao-e-juros-altos\/\" \/>\n<meta property=\"og:site_name\" content=\"Jornal Fatos e Not\u00edcias\" \/>\n<meta property=\"article:published_time\" content=\"2025-05-19T18:35:11+00:00\" \/>\n<meta property=\"article:modified_time\" content=\"2025-05-19T18:35:12+00:00\" \/>\n<meta property=\"og:image\" content=\"https:\/\/jornalfatosenoticias.com.br\/wp-content\/uploads\/2025\/05\/inflacao-servicos-juros-altos-impacto-economia-Lula.jpg\" \/>\n\t<meta property=\"og:image:width\" content=\"1000\" \/>\n\t<meta property=\"og:image:height\" content=\"562\" \/>\n\t<meta property=\"og:image:type\" content=\"image\/jpeg\" \/>\n<meta name=\"author\" content=\"Luzimara Fernandes\" \/>\n<meta name=\"twitter:card\" content=\"summary_large_image\" \/>\n<meta name=\"twitter:label1\" content=\"Escrito por\" \/>\n\t<meta name=\"twitter:data1\" content=\"Luzimara Fernandes\" \/>\n\t<meta name=\"twitter:label2\" content=\"Est. tempo de leitura\" \/>\n\t<meta name=\"twitter:data2\" content=\"5 minutos\" \/>\n<script type=\"application\/ld+json\" class=\"yoast-schema-graph\">{\"@context\":\"https:\/\/schema.org\",\"@graph\":[{\"@type\":\"Article\",\"@id\":\"https:\/\/jornalfatosenoticias.com.br\/index.php\/2025\/05\/19\/lula-penaliza-populacao-de-baixa-renda-sua-base-eleitoral-com-inflacao-e-juros-altos\/#article\",\"isPartOf\":{\"@id\":\"https:\/\/jornalfatosenoticias.com.br\/index.php\/2025\/05\/19\/lula-penaliza-populacao-de-baixa-renda-sua-base-eleitoral-com-inflacao-e-juros-altos\/\"},\"author\":{\"name\":\"Luzimara Fernandes\",\"@id\":\"https:\/\/jornalfatosenoticias.com.br\/#\/schema\/person\/d63837fa13ac8666eb9e74e0985d6f81\"},\"headline\":\"Lula penaliza popula\u00e7\u00e3o de baixa renda, sua base eleitoral, com infla\u00e7\u00e3o e juros altos\",\"datePublished\":\"2025-05-19T18:35:11+00:00\",\"dateModified\":\"2025-05-19T18:35:12+00:00\",\"mainEntityOfPage\":{\"@id\":\"https:\/\/jornalfatosenoticias.com.br\/index.php\/2025\/05\/19\/lula-penaliza-populacao-de-baixa-renda-sua-base-eleitoral-com-inflacao-e-juros-altos\/\"},\"wordCount\":1000,\"commentCount\":0,\"publisher\":{\"@id\":\"https:\/\/jornalfatosenoticias.com.br\/#organization\"},\"image\":{\"@id\":\"https:\/\/jornalfatosenoticias.com.br\/index.php\/2025\/05\/19\/lula-penaliza-populacao-de-baixa-renda-sua-base-eleitoral-com-inflacao-e-juros-altos\/#primaryimage\"},\"thumbnailUrl\":\"https:\/\/jornalfatosenoticias.com.br\/wp-content\/uploads\/2025\/05\/inflacao-servicos-juros-altos-impacto-economia-Lula.jpg\",\"keywords\":[\"alimentos\",\"Banco Central\",\"infla\u00e7\u00e3o\",\"IPCA\",\"Lula\",\"mercado de trabalho\",\"PIB\",\"Taxa Selic\"],\"articleSection\":[\"Economia\",\"Pol\u00edtica\"],\"inLanguage\":\"pt-BR\",\"potentialAction\":[{\"@type\":\"CommentAction\",\"name\":\"Comment\",\"target\":[\"https:\/\/jornalfatosenoticias.com.br\/index.php\/2025\/05\/19\/lula-penaliza-populacao-de-baixa-renda-sua-base-eleitoral-com-inflacao-e-juros-altos\/#respond\"]}]},{\"@type\":\"WebPage\",\"@id\":\"https:\/\/jornalfatosenoticias.com.br\/index.php\/2025\/05\/19\/lula-penaliza-populacao-de-baixa-renda-sua-base-eleitoral-com-inflacao-e-juros-altos\/\",\"url\":\"https:\/\/jornalfatosenoticias.com.br\/index.php\/2025\/05\/19\/lula-penaliza-populacao-de-baixa-renda-sua-base-eleitoral-com-inflacao-e-juros-altos\/\",\"name\":\"Lula penaliza popula\u00e7\u00e3o de baixa renda, sua base eleitoral, com infla\u00e7\u00e3o e juros altos - Jornal Fatos e Not\u00edcias\",\"isPartOf\":{\"@id\":\"https:\/\/jornalfatosenoticias.com.br\/#website\"},\"primaryImageOfPage\":{\"@id\":\"https:\/\/jornalfatosenoticias.com.br\/index.php\/2025\/05\/19\/lula-penaliza-populacao-de-baixa-renda-sua-base-eleitoral-com-inflacao-e-juros-altos\/#primaryimage\"},\"image\":{\"@id\":\"https:\/\/jornalfatosenoticias.com.br\/index.php\/2025\/05\/19\/lula-penaliza-populacao-de-baixa-renda-sua-base-eleitoral-com-inflacao-e-juros-altos\/#primaryimage\"},\"thumbnailUrl\":\"https:\/\/jornalfatosenoticias.com.br\/wp-content\/uploads\/2025\/05\/inflacao-servicos-juros-altos-impacto-economia-Lula.jpg\",\"datePublished\":\"2025-05-19T18:35:11+00:00\",\"dateModified\":\"2025-05-19T18:35:12+00:00\",\"breadcrumb\":{\"@id\":\"https:\/\/jornalfatosenoticias.com.br\/index.php\/2025\/05\/19\/lula-penaliza-populacao-de-baixa-renda-sua-base-eleitoral-com-inflacao-e-juros-altos\/#breadcrumb\"},\"inLanguage\":\"pt-BR\",\"potentialAction\":[{\"@type\":\"ReadAction\",\"target\":[\"https:\/\/jornalfatosenoticias.com.br\/index.php\/2025\/05\/19\/lula-penaliza-populacao-de-baixa-renda-sua-base-eleitoral-com-inflacao-e-juros-altos\/\"]}]},{\"@type\":\"ImageObject\",\"inLanguage\":\"pt-BR\",\"@id\":\"https:\/\/jornalfatosenoticias.com.br\/index.php\/2025\/05\/19\/lula-penaliza-populacao-de-baixa-renda-sua-base-eleitoral-com-inflacao-e-juros-altos\/#primaryimage\",\"url\":\"https:\/\/jornalfatosenoticias.com.br\/wp-content\/uploads\/2025\/05\/inflacao-servicos-juros-altos-impacto-economia-Lula.jpg\",\"contentUrl\":\"https:\/\/jornalfatosenoticias.com.br\/wp-content\/uploads\/2025\/05\/inflacao-servicos-juros-altos-impacto-economia-Lula.jpg\",\"width\":1000,\"height\":562},{\"@type\":\"BreadcrumbList\",\"@id\":\"https:\/\/jornalfatosenoticias.com.br\/index.php\/2025\/05\/19\/lula-penaliza-populacao-de-baixa-renda-sua-base-eleitoral-com-inflacao-e-juros-altos\/#breadcrumb\",\"itemListElement\":[{\"@type\":\"ListItem\",\"position\":1,\"name\":\"In\u00edcio\",\"item\":\"https:\/\/jornalfatosenoticias.com.br\/\"},{\"@type\":\"ListItem\",\"position\":2,\"name\":\"Lula penaliza popula\u00e7\u00e3o de baixa renda, sua base eleitoral, com infla\u00e7\u00e3o e juros altos\"}]},{\"@type\":\"WebSite\",\"@id\":\"https:\/\/jornalfatosenoticias.com.br\/#website\",\"url\":\"https:\/\/jornalfatosenoticias.com.br\/\",\"name\":\"Jornal Fatos e Not\u00edcias\",\"description\":\"Not\u00edcias em geral\",\"publisher\":{\"@id\":\"https:\/\/jornalfatosenoticias.com.br\/#organization\"},\"potentialAction\":[{\"@type\":\"SearchAction\",\"target\":{\"@type\":\"EntryPoint\",\"urlTemplate\":\"https:\/\/jornalfatosenoticias.com.br\/?s={search_term_string}\"},\"query-input\":{\"@type\":\"PropertyValueSpecification\",\"valueRequired\":true,\"valueName\":\"search_term_string\"}}],\"inLanguage\":\"pt-BR\"},{\"@type\":\"Organization\",\"@id\":\"https:\/\/jornalfatosenoticias.com.br\/#organization\",\"name\":\"Jornal Fatos e Not\u00edcias\",\"url\":\"https:\/\/jornalfatosenoticias.com.br\/\",\"logo\":{\"@type\":\"ImageObject\",\"inLanguage\":\"pt-BR\",\"@id\":\"https:\/\/jornalfatosenoticias.com.br\/#\/schema\/logo\/image\/\",\"url\":\"https:\/\/jornalfatosenoticias.com.br\/wp-content\/uploads\/2020\/02\/logo120.png\",\"contentUrl\":\"https:\/\/jornalfatosenoticias.com.br\/wp-content\/uploads\/2020\/02\/logo120.png\",\"width\":1227,\"height\":120,\"caption\":\"Jornal Fatos e Not\u00edcias\"},\"image\":{\"@id\":\"https:\/\/jornalfatosenoticias.com.br\/#\/schema\/logo\/image\/\"}},{\"@type\":\"Person\",\"@id\":\"https:\/\/jornalfatosenoticias.com.br\/#\/schema\/person\/d63837fa13ac8666eb9e74e0985d6f81\",\"name\":\"Luzimara Fernandes\",\"image\":{\"@type\":\"ImageObject\",\"inLanguage\":\"pt-BR\",\"@id\":\"https:\/\/jornalfatosenoticias.com.br\/#\/schema\/person\/image\/\",\"url\":\"https:\/\/jornalfatosenoticias.com.br\/wp-content\/uploads\/2025\/05\/EU_portal.jpg\",\"contentUrl\":\"https:\/\/jornalfatosenoticias.com.br\/wp-content\/uploads\/2025\/05\/EU_portal.jpg\",\"caption\":\"Luzimara Fernandes\"},\"description\":\"Jornalista MTB 2358-ES\",\"sameAs\":[\"https:\/\/jornalfatosenoticias.com.br\"],\"url\":\"https:\/\/jornalfatosenoticias.com.br\/index.php\/author\/luzimara\/\"}]}<\/script>\n<!-- \/ Yoast SEO plugin. -->","yoast_head_json":{"title":"Lula penaliza popula\u00e7\u00e3o de baixa renda, sua base eleitoral, com infla\u00e7\u00e3o e juros altos - Jornal Fatos e Not\u00edcias","robots":{"index":"index","follow":"follow","max-snippet":"max-snippet:-1","max-image-preview":"max-image-preview:large","max-video-preview":"max-video-preview:-1"},"canonical":"https:\/\/jornalfatosenoticias.com.br\/index.php\/2025\/05\/19\/lula-penaliza-populacao-de-baixa-renda-sua-base-eleitoral-com-inflacao-e-juros-altos\/","og_locale":"pt_BR","og_type":"article","og_title":"Lula penaliza popula\u00e7\u00e3o de baixa renda, sua base eleitoral, com infla\u00e7\u00e3o e juros altos - Jornal Fatos e Not\u00edcias","og_description":"Pre\u00e7os e juros em alta penalizam principalmente os mais pobres Por Vandr\u00e9 Kramer A infla\u00e7\u00e3o em 12 meses chegou a 5,53% em abril, o maior \u00edndice em dois anos, segundo o IBGE. O aumento de pre\u00e7os afeta principalmente fam\u00edlias de baixa renda, base eleitoral de Lula, e obriga o Banco Central (BC) a manter uma [&hellip;]","og_url":"https:\/\/jornalfatosenoticias.com.br\/index.php\/2025\/05\/19\/lula-penaliza-populacao-de-baixa-renda-sua-base-eleitoral-com-inflacao-e-juros-altos\/","og_site_name":"Jornal Fatos e Not\u00edcias","article_published_time":"2025-05-19T18:35:11+00:00","article_modified_time":"2025-05-19T18:35:12+00:00","og_image":[{"width":1000,"height":562,"url":"https:\/\/jornalfatosenoticias.com.br\/wp-content\/uploads\/2025\/05\/inflacao-servicos-juros-altos-impacto-economia-Lula.jpg","type":"image\/jpeg"}],"author":"Luzimara Fernandes","twitter_card":"summary_large_image","twitter_misc":{"Escrito por":"Luzimara Fernandes","Est. tempo de leitura":"5 minutos"},"schema":{"@context":"https:\/\/schema.org","@graph":[{"@type":"Article","@id":"https:\/\/jornalfatosenoticias.com.br\/index.php\/2025\/05\/19\/lula-penaliza-populacao-de-baixa-renda-sua-base-eleitoral-com-inflacao-e-juros-altos\/#article","isPartOf":{"@id":"https:\/\/jornalfatosenoticias.com.br\/index.php\/2025\/05\/19\/lula-penaliza-populacao-de-baixa-renda-sua-base-eleitoral-com-inflacao-e-juros-altos\/"},"author":{"name":"Luzimara Fernandes","@id":"https:\/\/jornalfatosenoticias.com.br\/#\/schema\/person\/d63837fa13ac8666eb9e74e0985d6f81"},"headline":"Lula penaliza popula\u00e7\u00e3o de baixa renda, sua base eleitoral, com infla\u00e7\u00e3o e juros altos","datePublished":"2025-05-19T18:35:11+00:00","dateModified":"2025-05-19T18:35:12+00:00","mainEntityOfPage":{"@id":"https:\/\/jornalfatosenoticias.com.br\/index.php\/2025\/05\/19\/lula-penaliza-populacao-de-baixa-renda-sua-base-eleitoral-com-inflacao-e-juros-altos\/"},"wordCount":1000,"commentCount":0,"publisher":{"@id":"https:\/\/jornalfatosenoticias.com.br\/#organization"},"image":{"@id":"https:\/\/jornalfatosenoticias.com.br\/index.php\/2025\/05\/19\/lula-penaliza-populacao-de-baixa-renda-sua-base-eleitoral-com-inflacao-e-juros-altos\/#primaryimage"},"thumbnailUrl":"https:\/\/jornalfatosenoticias.com.br\/wp-content\/uploads\/2025\/05\/inflacao-servicos-juros-altos-impacto-economia-Lula.jpg","keywords":["alimentos","Banco Central","infla\u00e7\u00e3o","IPCA","Lula","mercado de trabalho","PIB","Taxa Selic"],"articleSection":["Economia","Pol\u00edtica"],"inLanguage":"pt-BR","potentialAction":[{"@type":"CommentAction","name":"Comment","target":["https:\/\/jornalfatosenoticias.com.br\/index.php\/2025\/05\/19\/lula-penaliza-populacao-de-baixa-renda-sua-base-eleitoral-com-inflacao-e-juros-altos\/#respond"]}]},{"@type":"WebPage","@id":"https:\/\/jornalfatosenoticias.com.br\/index.php\/2025\/05\/19\/lula-penaliza-populacao-de-baixa-renda-sua-base-eleitoral-com-inflacao-e-juros-altos\/","url":"https:\/\/jornalfatosenoticias.com.br\/index.php\/2025\/05\/19\/lula-penaliza-populacao-de-baixa-renda-sua-base-eleitoral-com-inflacao-e-juros-altos\/","name":"Lula penaliza popula\u00e7\u00e3o de baixa renda, sua base eleitoral, com infla\u00e7\u00e3o e juros altos - Jornal Fatos e Not\u00edcias","isPartOf":{"@id":"https:\/\/jornalfatosenoticias.com.br\/#website"},"primaryImageOfPage":{"@id":"https:\/\/jornalfatosenoticias.com.br\/index.php\/2025\/05\/19\/lula-penaliza-populacao-de-baixa-renda-sua-base-eleitoral-com-inflacao-e-juros-altos\/#primaryimage"},"image":{"@id":"https:\/\/jornalfatosenoticias.com.br\/index.php\/2025\/05\/19\/lula-penaliza-populacao-de-baixa-renda-sua-base-eleitoral-com-inflacao-e-juros-altos\/#primaryimage"},"thumbnailUrl":"https:\/\/jornalfatosenoticias.com.br\/wp-content\/uploads\/2025\/05\/inflacao-servicos-juros-altos-impacto-economia-Lula.jpg","datePublished":"2025-05-19T18:35:11+00:00","dateModified":"2025-05-19T18:35:12+00:00","breadcrumb":{"@id":"https:\/\/jornalfatosenoticias.com.br\/index.php\/2025\/05\/19\/lula-penaliza-populacao-de-baixa-renda-sua-base-eleitoral-com-inflacao-e-juros-altos\/#breadcrumb"},"inLanguage":"pt-BR","potentialAction":[{"@type":"ReadAction","target":["https:\/\/jornalfatosenoticias.com.br\/index.php\/2025\/05\/19\/lula-penaliza-populacao-de-baixa-renda-sua-base-eleitoral-com-inflacao-e-juros-altos\/"]}]},{"@type":"ImageObject","inLanguage":"pt-BR","@id":"https:\/\/jornalfatosenoticias.com.br\/index.php\/2025\/05\/19\/lula-penaliza-populacao-de-baixa-renda-sua-base-eleitoral-com-inflacao-e-juros-altos\/#primaryimage","url":"https:\/\/jornalfatosenoticias.com.br\/wp-content\/uploads\/2025\/05\/inflacao-servicos-juros-altos-impacto-economia-Lula.jpg","contentUrl":"https:\/\/jornalfatosenoticias.com.br\/wp-content\/uploads\/2025\/05\/inflacao-servicos-juros-altos-impacto-economia-Lula.jpg","width":1000,"height":562},{"@type":"BreadcrumbList","@id":"https:\/\/jornalfatosenoticias.com.br\/index.php\/2025\/05\/19\/lula-penaliza-populacao-de-baixa-renda-sua-base-eleitoral-com-inflacao-e-juros-altos\/#breadcrumb","itemListElement":[{"@type":"ListItem","position":1,"name":"In\u00edcio","item":"https:\/\/jornalfatosenoticias.com.br\/"},{"@type":"ListItem","position":2,"name":"Lula penaliza popula\u00e7\u00e3o de baixa renda, sua base eleitoral, com infla\u00e7\u00e3o e juros altos"}]},{"@type":"WebSite","@id":"https:\/\/jornalfatosenoticias.com.br\/#website","url":"https:\/\/jornalfatosenoticias.com.br\/","name":"Jornal Fatos e Not\u00edcias","description":"Not\u00edcias em geral","publisher":{"@id":"https:\/\/jornalfatosenoticias.com.br\/#organization"},"potentialAction":[{"@type":"SearchAction","target":{"@type":"EntryPoint","urlTemplate":"https:\/\/jornalfatosenoticias.com.br\/?s={search_term_string}"},"query-input":{"@type":"PropertyValueSpecification","valueRequired":true,"valueName":"search_term_string"}}],"inLanguage":"pt-BR"},{"@type":"Organization","@id":"https:\/\/jornalfatosenoticias.com.br\/#organization","name":"Jornal Fatos e Not\u00edcias","url":"https:\/\/jornalfatosenoticias.com.br\/","logo":{"@type":"ImageObject","inLanguage":"pt-BR","@id":"https:\/\/jornalfatosenoticias.com.br\/#\/schema\/logo\/image\/","url":"https:\/\/jornalfatosenoticias.com.br\/wp-content\/uploads\/2020\/02\/logo120.png","contentUrl":"https:\/\/jornalfatosenoticias.com.br\/wp-content\/uploads\/2020\/02\/logo120.png","width":1227,"height":120,"caption":"Jornal Fatos e Not\u00edcias"},"image":{"@id":"https:\/\/jornalfatosenoticias.com.br\/#\/schema\/logo\/image\/"}},{"@type":"Person","@id":"https:\/\/jornalfatosenoticias.com.br\/#\/schema\/person\/d63837fa13ac8666eb9e74e0985d6f81","name":"Luzimara Fernandes","image":{"@type":"ImageObject","inLanguage":"pt-BR","@id":"https:\/\/jornalfatosenoticias.com.br\/#\/schema\/person\/image\/","url":"https:\/\/jornalfatosenoticias.com.br\/wp-content\/uploads\/2025\/05\/EU_portal.jpg","contentUrl":"https:\/\/jornalfatosenoticias.com.br\/wp-content\/uploads\/2025\/05\/EU_portal.jpg","caption":"Luzimara Fernandes"},"description":"Jornalista MTB 2358-ES","sameAs":["https:\/\/jornalfatosenoticias.com.br"],"url":"https:\/\/jornalfatosenoticias.com.br\/index.php\/author\/luzimara\/"}]}},"cc_featured_image_caption":{"caption_text":"(Ilustra\u00e7\u00e3o: Vandr\u00e9 Kramer\/Gazeta do Povo\/Dall-E)","source_text":"","source_url":""},"jetpack_featured_media_url":"https:\/\/jornalfatosenoticias.com.br\/wp-content\/uploads\/2025\/05\/inflacao-servicos-juros-altos-impacto-economia-Lula.jpg","_links":{"self":[{"href":"https:\/\/jornalfatosenoticias.com.br\/index.php\/wp-json\/wp\/v2\/posts\/59320","targetHints":{"allow":["GET"]}}],"collection":[{"href":"https:\/\/jornalfatosenoticias.com.br\/index.php\/wp-json\/wp\/v2\/posts"}],"about":[{"href":"https:\/\/jornalfatosenoticias.com.br\/index.php\/wp-json\/wp\/v2\/types\/post"}],"author":[{"embeddable":true,"href":"https:\/\/jornalfatosenoticias.com.br\/index.php\/wp-json\/wp\/v2\/users\/2"}],"replies":[{"embeddable":true,"href":"https:\/\/jornalfatosenoticias.com.br\/index.php\/wp-json\/wp\/v2\/comments?post=59320"}],"version-history":[{"count":0,"href":"https:\/\/jornalfatosenoticias.com.br\/index.php\/wp-json\/wp\/v2\/posts\/59320\/revisions"}],"wp:featuredmedia":[{"embeddable":true,"href":"https:\/\/jornalfatosenoticias.com.br\/index.php\/wp-json\/wp\/v2\/media\/59321"}],"wp:attachment":[{"href":"https:\/\/jornalfatosenoticias.com.br\/index.php\/wp-json\/wp\/v2\/media?parent=59320"}],"wp:term":[{"taxonomy":"category","embeddable":true,"href":"https:\/\/jornalfatosenoticias.com.br\/index.php\/wp-json\/wp\/v2\/categories?post=59320"},{"taxonomy":"post_tag","embeddable":true,"href":"https:\/\/jornalfatosenoticias.com.br\/index.php\/wp-json\/wp\/v2\/tags?post=59320"}],"curies":[{"name":"wp","href":"https:\/\/api.w.org\/{rel}","templated":true}]}}