{"id":59323,"date":"2025-05-19T15:57:34","date_gmt":"2025-05-19T18:57:34","guid":{"rendered":"https:\/\/jornalfatosenoticias.com.br\/?p=59323"},"modified":"2025-05-19T15:57:35","modified_gmt":"2025-05-19T18:57:35","slug":"reforma-tributaria-pode-dobrar-impostos-pagos-por-empresas-de-arquitetura","status":"publish","type":"post","link":"https:\/\/jornalfatosenoticias.com.br\/index.php\/2025\/05\/19\/reforma-tributaria-pode-dobrar-impostos-pagos-por-empresas-de-arquitetura\/","title":{"rendered":"Reforma tribut\u00e1ria pode dobrar impostos pagos por empresas de arquitetura"},"content":{"rendered":"\n<p><em><span class=\"has-inline-color has-black-color\">Escrit\u00f3rios de arquitetura precisam atentar para as novas regras da reforma tribut\u00e1ria<\/span><\/em><\/p>\n\n\n\n<p><span class=\"has-inline-color has-black-color\">Por <strong><a href=\"https:\/\/www.gazetadopovo.com.br\/autor\/roberta-ribeiro\/\" rel=\"sponsored nofollow\">Roberta Ribeiro<\/a><\/strong><\/span><\/p>\n\n\n\n<div class=\"wp-block-image\"><figure class=\"aligncenter size-large is-resized\"><a href=\"https:\/\/www.facebook.com\/vetor.vix\/\"><img loading=\"lazy\" decoding=\"async\" src=\"https:\/\/jornalfatosenoticias.com.br\/wp-content\/uploads\/2023\/09\/vetorvix1024_1.jpg\" alt=\"\" class=\"wp-image-44868\" width=\"531\" height=\"141\" srcset=\"https:\/\/jornalfatosenoticias.com.br\/wp-content\/uploads\/2023\/09\/vetorvix1024_1.jpg 1024w, https:\/\/jornalfatosenoticias.com.br\/wp-content\/uploads\/2023\/09\/vetorvix1024_1-300x80.jpg 300w, https:\/\/jornalfatosenoticias.com.br\/wp-content\/uploads\/2023\/09\/vetorvix1024_1-768x205.jpg 768w\" sizes=\"auto, (max-width: 531px) 100vw, 531px\" \/><\/a><\/figure><\/div>\n\n\n\n<p>Com o avan\u00e7o da implementa\u00e7\u00e3o da reforma tribut\u00e1ria, as empresas de arquitetura devem redobrar a aten\u00e7\u00e3o: a introdu\u00e7\u00e3o do IVA poder\u00e1 elevar a al\u00edquota total em mais de 10 pontos percentuais. As mudan\u00e7as trazidas pela reforma podem chegar a dobrar a al\u00edquota final em certos casos.<br>Essa eleva\u00e7\u00e3o ocorrer\u00e1 mesmo com o desconto de 30% concedido \u00e0s empresas de arquitetura na al\u00edquota do Imposto sobre Valor Agregado (IVA) \u2014 o benef\u00edcio foi aprovado pelo Congresso Nacional durante a tramita\u00e7\u00e3o da lei complementar que regulamenta a reforma.<\/p>\n\n\n\n<div class=\"wp-block-image\"><figure class=\"aligncenter size-large\"><a href=\"https:\/\/www.cesconetto.com.br\/\"><img loading=\"lazy\" decoding=\"async\" width=\"300\" height=\"250\" src=\"https:\/\/jornalfatosenoticias.com.br\/wp-content\/uploads\/2022\/02\/Banner-2.png\" alt=\"\" class=\"wp-image-27877\"\/><\/a><\/figure><\/div>\n\n\n\n<p>Apesar da promessa de simplifica\u00e7\u00e3o, o novo modelo ainda traz incertezas e riscos que exigem planejamento tribut\u00e1rio criterioso, especialmente no que diz respeito \u00e0 competitividade entre regimes. Empresas de arquitetura que permanecerem no Simples Nacional, por exemplo, podem perder espa\u00e7o frente \u00e0s que optarem por regimes como o lucro presumido ou real.<\/p>\n\n\n\n<div class=\"wp-block-image\"><figure class=\"aligncenter size-large is-resized\"><a href=\"https:\/\/hotelmarquetti.com.br\/\"><img loading=\"lazy\" decoding=\"async\" src=\"https:\/\/jornalfatosenoticias.com.br\/wp-content\/uploads\/2020\/02\/LOGO-MQ-1024x680.jpg\" alt=\"\" class=\"wp-image-58299\" width=\"390\" height=\"259\" srcset=\"https:\/\/jornalfatosenoticias.com.br\/wp-content\/uploads\/2020\/02\/LOGO-MQ-1024x680.jpg 1024w, https:\/\/jornalfatosenoticias.com.br\/wp-content\/uploads\/2020\/02\/LOGO-MQ-300x199.jpg 300w, https:\/\/jornalfatosenoticias.com.br\/wp-content\/uploads\/2020\/02\/LOGO-MQ-768x510.jpg 768w, https:\/\/jornalfatosenoticias.com.br\/wp-content\/uploads\/2020\/02\/LOGO-MQ-1536x1020.jpg 1536w, https:\/\/jornalfatosenoticias.com.br\/wp-content\/uploads\/2020\/02\/LOGO-MQ-2048x1360.jpg 2048w\" sizes=\"auto, (max-width: 390px) 100vw, 390px\" \/><\/a><\/figure><\/div>\n\n\n\n<p>A reforma prev\u00ea que os tributos atuais ser\u00e3o gradualmente substitu\u00eddos por dois novos impostos. A partir de 2027, a Contribui\u00e7\u00e3o sobre Bens e Servi\u00e7os (CBS) passar\u00e1 a substituir PIS e Cofins. J\u00e1 o Imposto sobre Bens e Servi\u00e7os (IBS) assumir\u00e1, entre 2029 e 2033, o lugar do ICMS e do ISS.<\/p>\n\n\n\n<div class=\"wp-block-image\"><figure class=\"aligncenter size-large is-resized\"><a href=\"https:\/\/www.facebook.com\/postobkr\/?locale=pt_BR\"><img loading=\"lazy\" decoding=\"async\" src=\"https:\/\/jornalfatosenoticias.com.br\/wp-content\/uploads\/2023\/08\/BKR-1024x1021.jpg\" alt=\"\" class=\"wp-image-44494\" width=\"328\" height=\"327\" srcset=\"https:\/\/jornalfatosenoticias.com.br\/wp-content\/uploads\/2023\/08\/BKR-1024x1021.jpg 1024w, https:\/\/jornalfatosenoticias.com.br\/wp-content\/uploads\/2023\/08\/BKR-300x300.jpg 300w, https:\/\/jornalfatosenoticias.com.br\/wp-content\/uploads\/2023\/08\/BKR-150x150.jpg 150w, https:\/\/jornalfatosenoticias.com.br\/wp-content\/uploads\/2023\/08\/BKR-768x766.jpg 768w, https:\/\/jornalfatosenoticias.com.br\/wp-content\/uploads\/2023\/08\/BKR.jpg 1080w\" sizes=\"auto, (max-width: 328px) 100vw, 328px\" \/><\/a><\/figure><\/div>\n\n\n\n<p>Embora a al\u00edquota estimada para o IVA, que \u00e9 a soma da CBS e do IBS, seja de 28%, durante a tramita\u00e7\u00e3o do projeto, o Congresso estabeleceu um teto de 26,5% para limitar a carga total. Com base nesse teto, o advogado tributarista Eduardo Natal, mestre em Direito Tribut\u00e1rio e presidente do Comit\u00ea de Transa\u00e7\u00e3o Tribut\u00e1ria da Associa\u00e7\u00e3o Brasileira da Advocacia Tribut\u00e1ria (Abat), projeta que a al\u00edquota para empresas de arquitetura poder\u00e1 saltar dos atuais 5,3% a 8,3% (a depender do ISS de cada munic\u00edpio) para cerca de 18,55%.<\/p>\n\n\n\n<div class=\"wp-block-image\"><figure class=\"aligncenter size-large is-resized\"><a href=\"https:\/\/www.instagram.com\/gruposei\/\"><img loading=\"lazy\" decoding=\"async\" src=\"https:\/\/jornalfatosenoticias.com.br\/wp-content\/uploads\/2022\/07\/Logo-Grupo-SEI.jpg\" alt=\"\" class=\"wp-image-31973\" width=\"436\" height=\"229\" srcset=\"https:\/\/jornalfatosenoticias.com.br\/wp-content\/uploads\/2022\/07\/Logo-Grupo-SEI.jpg 713w, https:\/\/jornalfatosenoticias.com.br\/wp-content\/uploads\/2022\/07\/Logo-Grupo-SEI-300x158.jpg 300w\" sizes=\"auto, (max-width: 436px) 100vw, 436px\" \/><\/a><\/figure><\/div>\n\n\n\n<p>Os c\u00e1lculos acima n\u00e3o consideram a incid\u00eancia dos 4,8% de IRPJ e 2,88% de CSLL. Considerando ambos os impostos, que n\u00e3o foram afetados pela reforma tribut\u00e1ria, a al\u00edquota final para as firmas de arquitetura sair\u00e1 dos atuais 13% a 16% para o patamar de 26,23% \u2014 um aumento de, pelo menos, 10 pontos percentuais.<\/p>\n\n\n\n<div class=\"wp-block-image\"><figure class=\"aligncenter size-large is-resized\"><a href=\"https:\/\/www.controlsystems.com.br\/\"><img loading=\"lazy\" decoding=\"async\" src=\"https:\/\/jornalfatosenoticias.com.br\/wp-content\/uploads\/2020\/02\/CONTROL-CS.jpg\" alt=\"\" class=\"wp-image-44991\" width=\"304\" height=\"364\" srcset=\"https:\/\/jornalfatosenoticias.com.br\/wp-content\/uploads\/2020\/02\/CONTROL-CS.jpg 834w, https:\/\/jornalfatosenoticias.com.br\/wp-content\/uploads\/2020\/02\/CONTROL-CS-250x300.jpg 250w, https:\/\/jornalfatosenoticias.com.br\/wp-content\/uploads\/2020\/02\/CONTROL-CS-768x921.jpg 768w\" sizes=\"auto, (max-width: 304px) 100vw, 304px\" \/><\/a><\/figure><\/div>\n\n\n\n<p>No caso das firmas de arquitetura que permanecerem enquadradas no Simples Nacional, n\u00e3o h\u00e1 altera\u00e7\u00f5es. A reforma tribut\u00e1ria manteve a mesma din\u00e2mica atual, uma vez que foram preservadas as al\u00edquotas de ICMS\/ISS e PIS\/Cofins do regime, trocando apenas a nomenclatura no DAS para IBS e CBS (IVA Dual). Ainda assim, devido \u00e0 implanta\u00e7\u00e3o escalonada, Eduardo Natal recomenda que os contribuintes acompanhem as eventuais altera\u00e7\u00f5es nos crit\u00e9rios e limites do Simples ao longo do per\u00edodo de transi\u00e7\u00e3o, que vai at\u00e9 2033.<\/p>\n\n\n\n<div class=\"wp-block-image\"><figure class=\"aligncenter size-large is-resized\"><a href=\"https:\/\/panper.com.br\/\"><img loading=\"lazy\" decoding=\"async\" src=\"https:\/\/jornalfatosenoticias.com.br\/wp-content\/uploads\/2023\/03\/logo-Panper_portal.jpg\" alt=\"\" class=\"wp-image-40208\" width=\"308\" height=\"213\" srcset=\"https:\/\/jornalfatosenoticias.com.br\/wp-content\/uploads\/2023\/03\/logo-Panper_portal.jpg 400w, https:\/\/jornalfatosenoticias.com.br\/wp-content\/uploads\/2023\/03\/logo-Panper_portal-300x208.jpg 300w\" sizes=\"auto, (max-width: 308px) 100vw, 308px\" \/><\/a><\/figure><\/div>\n\n\n\n<p><span class=\"has-inline-color has-black-color\"><strong>Simples H\u00edbrido exige novo c\u00e1lculo e pode elevar imposto<br><\/strong><\/span>Uma novidade para os optantes do Simples Nacional \u00e9 a cria\u00e7\u00e3o de um modelo alternativo de tributa\u00e7\u00e3o: o Simples H\u00edbrido. Embora apresentado como opcional, esse regime representa uma mudan\u00e7a profunda na l\u00f3gica de arrecada\u00e7\u00e3o e exige avalia\u00e7\u00e3o estrat\u00e9gica. No Simples H\u00edbrido, o pagamento do IVA deixar\u00e1 de ser unificado na guia DAS e passar\u00e1 a ser feito separadamente, por guia avulsa, com aplica\u00e7\u00e3o da al\u00edquota cheia. Na pr\u00e1tica, isso implica um aumento significativo da carga tribut\u00e1ria.<\/p>\n\n\n\n<div class=\"wp-block-image\"><figure class=\"aligncenter size-large is-resized\"><a href=\"https:\/\/www.instagram.com\/rcradiadores\/\"><img loading=\"lazy\" decoding=\"async\" src=\"https:\/\/jornalfatosenoticias.com.br\/wp-content\/uploads\/2022\/10\/RC_800x750_page-0001.jpg\" alt=\"\" class=\"wp-image-35338\" width=\"332\" height=\"312\" srcset=\"https:\/\/jornalfatosenoticias.com.br\/wp-content\/uploads\/2022\/10\/RC_800x750_page-0001.jpg 400w, https:\/\/jornalfatosenoticias.com.br\/wp-content\/uploads\/2022\/10\/RC_800x750_page-0001-300x281.jpg 300w\" sizes=\"auto, (max-width: 332px) 100vw, 332px\" \/><\/a><\/figure><\/div>\n\n\n\n<p>De acordo com a consultoria Contabilizei, atualmente, a al\u00edquota m\u00e9dia para profissionais no Simples \u00e9 de 6%, considerando a primeira faixa do Anexo III (faturamento de at\u00e9 R$ 180 mil anuais). Esse percentual engloba IRPJ e CSLL, somados ao PIS, Cofins, CPP e ISS, que equivalem a, aproximadamente, 2,95%.<\/p>\n\n\n\n<div class=\"wp-block-image\"><figure class=\"aligncenter size-large is-resized\"><a href=\"https:\/\/www.facebook.com\/profile.php?id=100069289606145\"><img loading=\"lazy\" decoding=\"async\" src=\"https:\/\/jornalfatosenoticias.com.br\/wp-content\/uploads\/2024\/11\/Guaitolini-Contabilidade-1024x714.jpeg\" alt=\"\" class=\"wp-image-55808\" width=\"343\" height=\"239\" srcset=\"https:\/\/jornalfatosenoticias.com.br\/wp-content\/uploads\/2024\/11\/Guaitolini-Contabilidade-1024x714.jpeg 1024w, https:\/\/jornalfatosenoticias.com.br\/wp-content\/uploads\/2024\/11\/Guaitolini-Contabilidade-300x209.jpeg 300w, https:\/\/jornalfatosenoticias.com.br\/wp-content\/uploads\/2024\/11\/Guaitolini-Contabilidade-768x535.jpeg 768w, https:\/\/jornalfatosenoticias.com.br\/wp-content\/uploads\/2024\/11\/Guaitolini-Contabilidade.jpeg 1280w\" sizes=\"auto, (max-width: 343px) 100vw, 343px\" \/><\/a><\/figure><\/div>\n\n\n\n<p>Com o novo modelo, mesmo aplicando o desconto de 30% previsto para a categoria, o IVA estimado \u00e9 de 18,55%, ou seja, um salto de 15,6 pontos percentuais em rela\u00e7\u00e3o \u00e0 carga atual (2,95%). Assim, as empresas de arquitetura que optarem pelo Simples H\u00edbrido ter\u00e3o que pagar praticamente seis vezes a al\u00edquota atual. Mas h\u00e1 um fator que pode favorecer a escolha desse modelo: a possibilidade de aproveitar cr\u00e9ditos tribut\u00e1rios.<\/p>\n\n\n\n<div class=\"wp-block-image\"><figure class=\"aligncenter size-large is-resized\"><a href=\"https:\/\/www.instagram.com\/restaurantepegoretti\/\"><img loading=\"lazy\" decoding=\"async\" src=\"https:\/\/jornalfatosenoticias.com.br\/wp-content\/uploads\/2023\/12\/pegoretti-logo-pdf-1024x389.jpg\" alt=\"\" class=\"wp-image-47536\" width=\"535\" height=\"203\" srcset=\"https:\/\/jornalfatosenoticias.com.br\/wp-content\/uploads\/2023\/12\/pegoretti-logo-pdf-1024x389.jpg 1024w, https:\/\/jornalfatosenoticias.com.br\/wp-content\/uploads\/2023\/12\/pegoretti-logo-pdf-300x114.jpg 300w, https:\/\/jornalfatosenoticias.com.br\/wp-content\/uploads\/2023\/12\/pegoretti-logo-pdf-768x291.jpg 768w, https:\/\/jornalfatosenoticias.com.br\/wp-content\/uploads\/2023\/12\/pegoretti-logo-pdf.jpg 1120w\" sizes=\"auto, (max-width: 535px) 100vw, 535px\" \/><\/a><\/figure><\/div>\n\n\n\n<p><strong><span class=\"has-inline-color has-black-color\">Maior al\u00edquota, mais cr\u00e9ditos para as empresas de arquitetura na reforma tribut\u00e1ria<br><\/span><\/strong>O principal argumento em favor do Simples H\u00edbrido \u00e9 o potencial de gera\u00e7\u00e3o de cr\u00e9ditos tribut\u00e1rios. De acordo com Charles Gularte, vice-presidente executivo da Contabilizei, os cr\u00e9ditos gerados nesse modelo corresponder\u00e3o ao valor integral do IVA \u2014 ou 18,55%. No entanto, para as empresas que permanecerem no regime do Simples, esses cr\u00e9ditos ser\u00e3o consideravelmente menores, pois corresponder\u00e3o apenas \u00e0 fra\u00e7\u00e3o do IVA embutida no DAS. Conforme mostrado acima, o percentual \u00e9 de aproximadamente 2,95% do valor da nota fiscal.<\/p>\n\n\n\n<div class=\"wp-block-image\"><figure class=\"aligncenter size-large\"><a href=\"http:\/\/www.ferrarimaquinas.com.br\/\"><img loading=\"lazy\" decoding=\"async\" width=\"300\" height=\"250\" src=\"https:\/\/jornalfatosenoticias.com.br\/wp-content\/uploads\/2022\/02\/FERRARI_MAQUINAS-E-FERRAMENTAS2.jpg\" alt=\"\" class=\"wp-image-27860\"\/><\/a><\/figure><\/div>\n\n\n\n<p>Para empresas cujos clientes t\u00eam direito \u00e0 compensa\u00e7\u00e3o de cr\u00e9ditos \u2014 como escrit\u00f3rios, construtoras ou incorporadoras \u2014 essa diferen\u00e7a pode ser decisiva. Um arquiteto que permane\u00e7a no Simples pode gerar um cr\u00e9dito menos atraente, o que encarece seu servi\u00e7o na compara\u00e7\u00e3o com concorrentes que adotarem o Simples H\u00edbrido.<\/p>\n\n\n\n<div class=\"wp-block-image\"><figure class=\"aligncenter size-large is-resized\"><a href=\"https:\/\/www.instagram.com\/serra4x4cambioautomatico\/\"><img loading=\"lazy\" decoding=\"async\" src=\"https:\/\/jornalfatosenoticias.com.br\/wp-content\/uploads\/2024\/08\/Serra-4x4-1-886x1024.jpg\" alt=\"\" class=\"wp-image-53632\" width=\"309\" height=\"357\" srcset=\"https:\/\/jornalfatosenoticias.com.br\/wp-content\/uploads\/2024\/08\/Serra-4x4-1-886x1024.jpg 886w, https:\/\/jornalfatosenoticias.com.br\/wp-content\/uploads\/2024\/08\/Serra-4x4-1-260x300.jpg 260w, https:\/\/jornalfatosenoticias.com.br\/wp-content\/uploads\/2024\/08\/Serra-4x4-1-768x888.jpg 768w, https:\/\/jornalfatosenoticias.com.br\/wp-content\/uploads\/2024\/08\/Serra-4x4-1.jpg 1181w\" sizes=\"auto, (max-width: 309px) 100vw, 309px\" \/><\/a><\/figure><\/div>\n\n\n\n<p>Ou seja, al\u00e9m de avaliar a al\u00edquota nominal, ser\u00e1 necess\u00e1rio calcular o impacto na percep\u00e7\u00e3o de valor para o cliente. Ser\u00e1 preciso ponderar se pagar o maior imposto pode, paradoxalmente, representar uma vantagem comercial ao gerar cr\u00e9ditos mais volumosos e ampliar a competitividade da empresa.<\/p>\n\n\n\n<div class=\"wp-block-image\"><figure class=\"aligncenter size-large is-resized\"><a href=\"https:\/\/www.legisjuris.com.br\/\"><img loading=\"lazy\" decoding=\"async\" src=\"https:\/\/jornalfatosenoticias.com.br\/wp-content\/uploads\/2024\/09\/Legis-Juris-Consultoria_logo.jpg\" alt=\"\" class=\"wp-image-53915\" width=\"518\" height=\"217\" srcset=\"https:\/\/jornalfatosenoticias.com.br\/wp-content\/uploads\/2024\/09\/Legis-Juris-Consultoria_logo.jpg 969w, https:\/\/jornalfatosenoticias.com.br\/wp-content\/uploads\/2024\/09\/Legis-Juris-Consultoria_logo-300x126.jpg 300w, https:\/\/jornalfatosenoticias.com.br\/wp-content\/uploads\/2024\/09\/Legis-Juris-Consultoria_logo-768x322.jpg 768w\" sizes=\"auto, (max-width: 518px) 100vw, 518px\" \/><\/a><\/figure><\/div>\n\n\n\n<p><strong><span class=\"has-inline-color has-black-color\">Avalia\u00e7\u00e3o estrat\u00e9gica \u00e9 essencial para firmas de arquitetura diante da reforma tribut\u00e1ria<br><\/span><\/strong>Como em outros setores j\u00e1 analisados pela Gazeta do Povo, como os de m\u00e9dicos e advogados, a reforma tribut\u00e1ria imp\u00f5e \u00e0s empresas a necessidade de fazer uma avalia\u00e7\u00e3o criteriosa sobre o melhor regime a adotar. No caso das empresas de arquitetura, a escolha pelas alternativas oferecidas com a reforma tribut\u00e1ria pode significar a diferen\u00e7a entre ganhar ou perder contratos, especialmente diante de clientes que operam com margens apertadas e alta sensibilidade ao custo fiscal.<\/p>\n\n\n\n<div class=\"wp-block-image\"><figure class=\"aligncenter size-large is-resized\"><a href=\"https:\/\/www.instagram.com\/esteiochurrascaria\/\"><img loading=\"lazy\" decoding=\"async\" src=\"https:\/\/jornalfatosenoticias.com.br\/wp-content\/uploads\/2022\/02\/LOGO-ESTEIO-1024x730.png\" alt=\"\" class=\"wp-image-27942\" width=\"320\" height=\"228\" srcset=\"https:\/\/jornalfatosenoticias.com.br\/wp-content\/uploads\/2022\/02\/LOGO-ESTEIO-1024x730.png 1024w, https:\/\/jornalfatosenoticias.com.br\/wp-content\/uploads\/2022\/02\/LOGO-ESTEIO-300x214.png 300w, https:\/\/jornalfatosenoticias.com.br\/wp-content\/uploads\/2022\/02\/LOGO-ESTEIO-768x548.png 768w, https:\/\/jornalfatosenoticias.com.br\/wp-content\/uploads\/2022\/02\/LOGO-ESTEIO.png 1123w\" sizes=\"auto, (max-width: 320px) 100vw, 320px\" \/><\/a><\/figure><\/div>\n\n\n\n<p>Embora a reforma tenha sido vendida como um avan\u00e7o na dire\u00e7\u00e3o da simplifica\u00e7\u00e3o, seu desenho final ainda carrega um alto grau de complexidade e um impacto assim\u00e9trico entre os regimes tribut\u00e1rios, demandando vis\u00e3o estrat\u00e9gica e de longo prazo por parte dos contribuintes.<\/p>\n\n\n\n<p><strong>Fonte: <a href=\"https:\/\/www.gazetadopovo.com.br\/economia\/reforma-tributaria-pode-dobrar-impostos-pagos-por-empresas-de-arquitetura\/\">Gazeta do Povo<\/a><\/strong><\/p>\n","protected":false},"excerpt":{"rendered":"<p>Escrit\u00f3rios de arquitetura precisam atentar para as novas regras da reforma tribut\u00e1ria Por Roberta Ribeiro Com o avan\u00e7o da implementa\u00e7\u00e3o da reforma tribut\u00e1ria, as empresas de arquitetura devem redobrar a aten\u00e7\u00e3o: a introdu\u00e7\u00e3o do IVA poder\u00e1 elevar a al\u00edquota total em mais de 10 pontos percentuais. As mudan\u00e7as trazidas pela reforma podem chegar a dobrar [&hellip;]<\/p>\n","protected":false},"author":2,"featured_media":59324,"comment_status":"open","ping_status":"open","sticky":false,"template":"","format":"standard","meta":{"footnotes":""},"categories":[744,9],"tags":[2185,8257,4046,8611],"class_list":["post-59323","post","type-post","status-publish","format-standard","has-post-thumbnail","hentry","category-arq-urbanismo","category-economia","tag-arquitetura","tag-impostos","tag-reforma-tributaria","tag-tributacao"],"yoast_head":"<!-- This site is optimized with the Yoast SEO plugin v26.5 - https:\/\/yoast.com\/wordpress\/plugins\/seo\/ -->\n<title>Reforma tribut\u00e1ria pode dobrar impostos pagos por empresas de arquitetura - Jornal Fatos e Not\u00edcias<\/title>\n<meta name=\"robots\" content=\"index, follow, max-snippet:-1, max-image-preview:large, max-video-preview:-1\" \/>\n<link rel=\"canonical\" href=\"https:\/\/jornalfatosenoticias.com.br\/index.php\/2025\/05\/19\/reforma-tributaria-pode-dobrar-impostos-pagos-por-empresas-de-arquitetura\/\" \/>\n<meta property=\"og:locale\" content=\"pt_BR\" \/>\n<meta property=\"og:type\" content=\"article\" \/>\n<meta property=\"og:title\" content=\"Reforma tribut\u00e1ria pode dobrar impostos pagos por empresas de arquitetura - Jornal Fatos e Not\u00edcias\" \/>\n<meta property=\"og:description\" content=\"Escrit\u00f3rios de arquitetura precisam atentar para as novas regras da reforma tribut\u00e1ria Por Roberta Ribeiro Com o avan\u00e7o da implementa\u00e7\u00e3o da reforma tribut\u00e1ria, as empresas de arquitetura devem redobrar a aten\u00e7\u00e3o: a introdu\u00e7\u00e3o do IVA poder\u00e1 elevar a al\u00edquota total em mais de 10 pontos percentuais. As mudan\u00e7as trazidas pela reforma podem chegar a dobrar [&hellip;]\" \/>\n<meta property=\"og:url\" content=\"https:\/\/jornalfatosenoticias.com.br\/index.php\/2025\/05\/19\/reforma-tributaria-pode-dobrar-impostos-pagos-por-empresas-de-arquitetura\/\" \/>\n<meta property=\"og:site_name\" content=\"Jornal Fatos e Not\u00edcias\" \/>\n<meta property=\"article:published_time\" content=\"2025-05-19T18:57:34+00:00\" \/>\n<meta property=\"article:modified_time\" content=\"2025-05-19T18:57:35+00:00\" \/>\n<meta property=\"og:image\" content=\"https:\/\/jornalfatosenoticias.com.br\/wp-content\/uploads\/2025\/05\/imposto-arquitetura_freepik.jpg\" \/>\n\t<meta property=\"og:image:width\" content=\"1000\" \/>\n\t<meta property=\"og:image:height\" content=\"680\" \/>\n\t<meta property=\"og:image:type\" content=\"image\/jpeg\" \/>\n<meta name=\"author\" content=\"Luzimara Fernandes\" \/>\n<meta name=\"twitter:card\" content=\"summary_large_image\" \/>\n<meta name=\"twitter:label1\" content=\"Escrito por\" \/>\n\t<meta name=\"twitter:data1\" content=\"Luzimara Fernandes\" \/>\n\t<meta name=\"twitter:label2\" content=\"Est. tempo de leitura\" \/>\n\t<meta name=\"twitter:data2\" content=\"5 minutos\" \/>\n<script type=\"application\/ld+json\" class=\"yoast-schema-graph\">{\"@context\":\"https:\/\/schema.org\",\"@graph\":[{\"@type\":\"Article\",\"@id\":\"https:\/\/jornalfatosenoticias.com.br\/index.php\/2025\/05\/19\/reforma-tributaria-pode-dobrar-impostos-pagos-por-empresas-de-arquitetura\/#article\",\"isPartOf\":{\"@id\":\"https:\/\/jornalfatosenoticias.com.br\/index.php\/2025\/05\/19\/reforma-tributaria-pode-dobrar-impostos-pagos-por-empresas-de-arquitetura\/\"},\"author\":{\"name\":\"Luzimara Fernandes\",\"@id\":\"https:\/\/jornalfatosenoticias.com.br\/#\/schema\/person\/d63837fa13ac8666eb9e74e0985d6f81\"},\"headline\":\"Reforma tribut\u00e1ria pode dobrar impostos pagos por empresas de arquitetura\",\"datePublished\":\"2025-05-19T18:57:34+00:00\",\"dateModified\":\"2025-05-19T18:57:35+00:00\",\"mainEntityOfPage\":{\"@id\":\"https:\/\/jornalfatosenoticias.com.br\/index.php\/2025\/05\/19\/reforma-tributaria-pode-dobrar-impostos-pagos-por-empresas-de-arquitetura\/\"},\"wordCount\":1031,\"commentCount\":0,\"publisher\":{\"@id\":\"https:\/\/jornalfatosenoticias.com.br\/#organization\"},\"image\":{\"@id\":\"https:\/\/jornalfatosenoticias.com.br\/index.php\/2025\/05\/19\/reforma-tributaria-pode-dobrar-impostos-pagos-por-empresas-de-arquitetura\/#primaryimage\"},\"thumbnailUrl\":\"https:\/\/jornalfatosenoticias.com.br\/wp-content\/uploads\/2025\/05\/imposto-arquitetura_freepik.jpg\",\"keywords\":[\"arquitetura\",\"impostos\",\"Reforma Tribut\u00e1ria\",\"tributa\u00e7\u00e3o\"],\"articleSection\":[\"Arq &amp; Urb\",\"Economia\"],\"inLanguage\":\"pt-BR\",\"potentialAction\":[{\"@type\":\"CommentAction\",\"name\":\"Comment\",\"target\":[\"https:\/\/jornalfatosenoticias.com.br\/index.php\/2025\/05\/19\/reforma-tributaria-pode-dobrar-impostos-pagos-por-empresas-de-arquitetura\/#respond\"]}]},{\"@type\":\"WebPage\",\"@id\":\"https:\/\/jornalfatosenoticias.com.br\/index.php\/2025\/05\/19\/reforma-tributaria-pode-dobrar-impostos-pagos-por-empresas-de-arquitetura\/\",\"url\":\"https:\/\/jornalfatosenoticias.com.br\/index.php\/2025\/05\/19\/reforma-tributaria-pode-dobrar-impostos-pagos-por-empresas-de-arquitetura\/\",\"name\":\"Reforma tribut\u00e1ria pode dobrar impostos pagos por empresas de arquitetura - Jornal Fatos e Not\u00edcias\",\"isPartOf\":{\"@id\":\"https:\/\/jornalfatosenoticias.com.br\/#website\"},\"primaryImageOfPage\":{\"@id\":\"https:\/\/jornalfatosenoticias.com.br\/index.php\/2025\/05\/19\/reforma-tributaria-pode-dobrar-impostos-pagos-por-empresas-de-arquitetura\/#primaryimage\"},\"image\":{\"@id\":\"https:\/\/jornalfatosenoticias.com.br\/index.php\/2025\/05\/19\/reforma-tributaria-pode-dobrar-impostos-pagos-por-empresas-de-arquitetura\/#primaryimage\"},\"thumbnailUrl\":\"https:\/\/jornalfatosenoticias.com.br\/wp-content\/uploads\/2025\/05\/imposto-arquitetura_freepik.jpg\",\"datePublished\":\"2025-05-19T18:57:34+00:00\",\"dateModified\":\"2025-05-19T18:57:35+00:00\",\"breadcrumb\":{\"@id\":\"https:\/\/jornalfatosenoticias.com.br\/index.php\/2025\/05\/19\/reforma-tributaria-pode-dobrar-impostos-pagos-por-empresas-de-arquitetura\/#breadcrumb\"},\"inLanguage\":\"pt-BR\",\"potentialAction\":[{\"@type\":\"ReadAction\",\"target\":[\"https:\/\/jornalfatosenoticias.com.br\/index.php\/2025\/05\/19\/reforma-tributaria-pode-dobrar-impostos-pagos-por-empresas-de-arquitetura\/\"]}]},{\"@type\":\"ImageObject\",\"inLanguage\":\"pt-BR\",\"@id\":\"https:\/\/jornalfatosenoticias.com.br\/index.php\/2025\/05\/19\/reforma-tributaria-pode-dobrar-impostos-pagos-por-empresas-de-arquitetura\/#primaryimage\",\"url\":\"https:\/\/jornalfatosenoticias.com.br\/wp-content\/uploads\/2025\/05\/imposto-arquitetura_freepik.jpg\",\"contentUrl\":\"https:\/\/jornalfatosenoticias.com.br\/wp-content\/uploads\/2025\/05\/imposto-arquitetura_freepik.jpg\",\"width\":1000,\"height\":680,\"caption\":\"Closeup of blueprint architecture layout plan\"},{\"@type\":\"BreadcrumbList\",\"@id\":\"https:\/\/jornalfatosenoticias.com.br\/index.php\/2025\/05\/19\/reforma-tributaria-pode-dobrar-impostos-pagos-por-empresas-de-arquitetura\/#breadcrumb\",\"itemListElement\":[{\"@type\":\"ListItem\",\"position\":1,\"name\":\"In\u00edcio\",\"item\":\"https:\/\/jornalfatosenoticias.com.br\/\"},{\"@type\":\"ListItem\",\"position\":2,\"name\":\"Reforma tribut\u00e1ria pode dobrar impostos pagos por empresas de arquitetura\"}]},{\"@type\":\"WebSite\",\"@id\":\"https:\/\/jornalfatosenoticias.com.br\/#website\",\"url\":\"https:\/\/jornalfatosenoticias.com.br\/\",\"name\":\"Jornal Fatos e Not\u00edcias\",\"description\":\"Not\u00edcias em geral\",\"publisher\":{\"@id\":\"https:\/\/jornalfatosenoticias.com.br\/#organization\"},\"potentialAction\":[{\"@type\":\"SearchAction\",\"target\":{\"@type\":\"EntryPoint\",\"urlTemplate\":\"https:\/\/jornalfatosenoticias.com.br\/?s={search_term_string}\"},\"query-input\":{\"@type\":\"PropertyValueSpecification\",\"valueRequired\":true,\"valueName\":\"search_term_string\"}}],\"inLanguage\":\"pt-BR\"},{\"@type\":\"Organization\",\"@id\":\"https:\/\/jornalfatosenoticias.com.br\/#organization\",\"name\":\"Jornal Fatos e Not\u00edcias\",\"url\":\"https:\/\/jornalfatosenoticias.com.br\/\",\"logo\":{\"@type\":\"ImageObject\",\"inLanguage\":\"pt-BR\",\"@id\":\"https:\/\/jornalfatosenoticias.com.br\/#\/schema\/logo\/image\/\",\"url\":\"https:\/\/jornalfatosenoticias.com.br\/wp-content\/uploads\/2020\/02\/logo120.png\",\"contentUrl\":\"https:\/\/jornalfatosenoticias.com.br\/wp-content\/uploads\/2020\/02\/logo120.png\",\"width\":1227,\"height\":120,\"caption\":\"Jornal Fatos e Not\u00edcias\"},\"image\":{\"@id\":\"https:\/\/jornalfatosenoticias.com.br\/#\/schema\/logo\/image\/\"}},{\"@type\":\"Person\",\"@id\":\"https:\/\/jornalfatosenoticias.com.br\/#\/schema\/person\/d63837fa13ac8666eb9e74e0985d6f81\",\"name\":\"Luzimara Fernandes\",\"image\":{\"@type\":\"ImageObject\",\"inLanguage\":\"pt-BR\",\"@id\":\"https:\/\/jornalfatosenoticias.com.br\/#\/schema\/person\/image\/\",\"url\":\"https:\/\/jornalfatosenoticias.com.br\/wp-content\/uploads\/2025\/05\/EU_portal.jpg\",\"contentUrl\":\"https:\/\/jornalfatosenoticias.com.br\/wp-content\/uploads\/2025\/05\/EU_portal.jpg\",\"caption\":\"Luzimara Fernandes\"},\"description\":\"Jornalista MTB 2358-ES\",\"sameAs\":[\"https:\/\/jornalfatosenoticias.com.br\"],\"url\":\"https:\/\/jornalfatosenoticias.com.br\/index.php\/author\/luzimara\/\"}]}<\/script>\n<!-- \/ Yoast SEO plugin. -->","yoast_head_json":{"title":"Reforma tribut\u00e1ria pode dobrar impostos pagos por empresas de arquitetura - Jornal Fatos e Not\u00edcias","robots":{"index":"index","follow":"follow","max-snippet":"max-snippet:-1","max-image-preview":"max-image-preview:large","max-video-preview":"max-video-preview:-1"},"canonical":"https:\/\/jornalfatosenoticias.com.br\/index.php\/2025\/05\/19\/reforma-tributaria-pode-dobrar-impostos-pagos-por-empresas-de-arquitetura\/","og_locale":"pt_BR","og_type":"article","og_title":"Reforma tribut\u00e1ria pode dobrar impostos pagos por empresas de arquitetura - Jornal Fatos e Not\u00edcias","og_description":"Escrit\u00f3rios de arquitetura precisam atentar para as novas regras da reforma tribut\u00e1ria Por Roberta Ribeiro Com o avan\u00e7o da implementa\u00e7\u00e3o da reforma tribut\u00e1ria, as empresas de arquitetura devem redobrar a aten\u00e7\u00e3o: a introdu\u00e7\u00e3o do IVA poder\u00e1 elevar a al\u00edquota total em mais de 10 pontos percentuais. As mudan\u00e7as trazidas pela reforma podem chegar a dobrar [&hellip;]","og_url":"https:\/\/jornalfatosenoticias.com.br\/index.php\/2025\/05\/19\/reforma-tributaria-pode-dobrar-impostos-pagos-por-empresas-de-arquitetura\/","og_site_name":"Jornal Fatos e Not\u00edcias","article_published_time":"2025-05-19T18:57:34+00:00","article_modified_time":"2025-05-19T18:57:35+00:00","og_image":[{"width":1000,"height":680,"url":"https:\/\/jornalfatosenoticias.com.br\/wp-content\/uploads\/2025\/05\/imposto-arquitetura_freepik.jpg","type":"image\/jpeg"}],"author":"Luzimara Fernandes","twitter_card":"summary_large_image","twitter_misc":{"Escrito por":"Luzimara Fernandes","Est. tempo de leitura":"5 minutos"},"schema":{"@context":"https:\/\/schema.org","@graph":[{"@type":"Article","@id":"https:\/\/jornalfatosenoticias.com.br\/index.php\/2025\/05\/19\/reforma-tributaria-pode-dobrar-impostos-pagos-por-empresas-de-arquitetura\/#article","isPartOf":{"@id":"https:\/\/jornalfatosenoticias.com.br\/index.php\/2025\/05\/19\/reforma-tributaria-pode-dobrar-impostos-pagos-por-empresas-de-arquitetura\/"},"author":{"name":"Luzimara Fernandes","@id":"https:\/\/jornalfatosenoticias.com.br\/#\/schema\/person\/d63837fa13ac8666eb9e74e0985d6f81"},"headline":"Reforma tribut\u00e1ria pode dobrar impostos pagos por empresas de arquitetura","datePublished":"2025-05-19T18:57:34+00:00","dateModified":"2025-05-19T18:57:35+00:00","mainEntityOfPage":{"@id":"https:\/\/jornalfatosenoticias.com.br\/index.php\/2025\/05\/19\/reforma-tributaria-pode-dobrar-impostos-pagos-por-empresas-de-arquitetura\/"},"wordCount":1031,"commentCount":0,"publisher":{"@id":"https:\/\/jornalfatosenoticias.com.br\/#organization"},"image":{"@id":"https:\/\/jornalfatosenoticias.com.br\/index.php\/2025\/05\/19\/reforma-tributaria-pode-dobrar-impostos-pagos-por-empresas-de-arquitetura\/#primaryimage"},"thumbnailUrl":"https:\/\/jornalfatosenoticias.com.br\/wp-content\/uploads\/2025\/05\/imposto-arquitetura_freepik.jpg","keywords":["arquitetura","impostos","Reforma Tribut\u00e1ria","tributa\u00e7\u00e3o"],"articleSection":["Arq &amp; Urb","Economia"],"inLanguage":"pt-BR","potentialAction":[{"@type":"CommentAction","name":"Comment","target":["https:\/\/jornalfatosenoticias.com.br\/index.php\/2025\/05\/19\/reforma-tributaria-pode-dobrar-impostos-pagos-por-empresas-de-arquitetura\/#respond"]}]},{"@type":"WebPage","@id":"https:\/\/jornalfatosenoticias.com.br\/index.php\/2025\/05\/19\/reforma-tributaria-pode-dobrar-impostos-pagos-por-empresas-de-arquitetura\/","url":"https:\/\/jornalfatosenoticias.com.br\/index.php\/2025\/05\/19\/reforma-tributaria-pode-dobrar-impostos-pagos-por-empresas-de-arquitetura\/","name":"Reforma tribut\u00e1ria pode dobrar impostos pagos por empresas de arquitetura - Jornal Fatos e Not\u00edcias","isPartOf":{"@id":"https:\/\/jornalfatosenoticias.com.br\/#website"},"primaryImageOfPage":{"@id":"https:\/\/jornalfatosenoticias.com.br\/index.php\/2025\/05\/19\/reforma-tributaria-pode-dobrar-impostos-pagos-por-empresas-de-arquitetura\/#primaryimage"},"image":{"@id":"https:\/\/jornalfatosenoticias.com.br\/index.php\/2025\/05\/19\/reforma-tributaria-pode-dobrar-impostos-pagos-por-empresas-de-arquitetura\/#primaryimage"},"thumbnailUrl":"https:\/\/jornalfatosenoticias.com.br\/wp-content\/uploads\/2025\/05\/imposto-arquitetura_freepik.jpg","datePublished":"2025-05-19T18:57:34+00:00","dateModified":"2025-05-19T18:57:35+00:00","breadcrumb":{"@id":"https:\/\/jornalfatosenoticias.com.br\/index.php\/2025\/05\/19\/reforma-tributaria-pode-dobrar-impostos-pagos-por-empresas-de-arquitetura\/#breadcrumb"},"inLanguage":"pt-BR","potentialAction":[{"@type":"ReadAction","target":["https:\/\/jornalfatosenoticias.com.br\/index.php\/2025\/05\/19\/reforma-tributaria-pode-dobrar-impostos-pagos-por-empresas-de-arquitetura\/"]}]},{"@type":"ImageObject","inLanguage":"pt-BR","@id":"https:\/\/jornalfatosenoticias.com.br\/index.php\/2025\/05\/19\/reforma-tributaria-pode-dobrar-impostos-pagos-por-empresas-de-arquitetura\/#primaryimage","url":"https:\/\/jornalfatosenoticias.com.br\/wp-content\/uploads\/2025\/05\/imposto-arquitetura_freepik.jpg","contentUrl":"https:\/\/jornalfatosenoticias.com.br\/wp-content\/uploads\/2025\/05\/imposto-arquitetura_freepik.jpg","width":1000,"height":680,"caption":"Closeup of blueprint architecture layout plan"},{"@type":"BreadcrumbList","@id":"https:\/\/jornalfatosenoticias.com.br\/index.php\/2025\/05\/19\/reforma-tributaria-pode-dobrar-impostos-pagos-por-empresas-de-arquitetura\/#breadcrumb","itemListElement":[{"@type":"ListItem","position":1,"name":"In\u00edcio","item":"https:\/\/jornalfatosenoticias.com.br\/"},{"@type":"ListItem","position":2,"name":"Reforma tribut\u00e1ria pode dobrar impostos pagos por empresas de arquitetura"}]},{"@type":"WebSite","@id":"https:\/\/jornalfatosenoticias.com.br\/#website","url":"https:\/\/jornalfatosenoticias.com.br\/","name":"Jornal Fatos e Not\u00edcias","description":"Not\u00edcias em geral","publisher":{"@id":"https:\/\/jornalfatosenoticias.com.br\/#organization"},"potentialAction":[{"@type":"SearchAction","target":{"@type":"EntryPoint","urlTemplate":"https:\/\/jornalfatosenoticias.com.br\/?s={search_term_string}"},"query-input":{"@type":"PropertyValueSpecification","valueRequired":true,"valueName":"search_term_string"}}],"inLanguage":"pt-BR"},{"@type":"Organization","@id":"https:\/\/jornalfatosenoticias.com.br\/#organization","name":"Jornal Fatos e Not\u00edcias","url":"https:\/\/jornalfatosenoticias.com.br\/","logo":{"@type":"ImageObject","inLanguage":"pt-BR","@id":"https:\/\/jornalfatosenoticias.com.br\/#\/schema\/logo\/image\/","url":"https:\/\/jornalfatosenoticias.com.br\/wp-content\/uploads\/2020\/02\/logo120.png","contentUrl":"https:\/\/jornalfatosenoticias.com.br\/wp-content\/uploads\/2020\/02\/logo120.png","width":1227,"height":120,"caption":"Jornal Fatos e Not\u00edcias"},"image":{"@id":"https:\/\/jornalfatosenoticias.com.br\/#\/schema\/logo\/image\/"}},{"@type":"Person","@id":"https:\/\/jornalfatosenoticias.com.br\/#\/schema\/person\/d63837fa13ac8666eb9e74e0985d6f81","name":"Luzimara Fernandes","image":{"@type":"ImageObject","inLanguage":"pt-BR","@id":"https:\/\/jornalfatosenoticias.com.br\/#\/schema\/person\/image\/","url":"https:\/\/jornalfatosenoticias.com.br\/wp-content\/uploads\/2025\/05\/EU_portal.jpg","contentUrl":"https:\/\/jornalfatosenoticias.com.br\/wp-content\/uploads\/2025\/05\/EU_portal.jpg","caption":"Luzimara Fernandes"},"description":"Jornalista MTB 2358-ES","sameAs":["https:\/\/jornalfatosenoticias.com.br"],"url":"https:\/\/jornalfatosenoticias.com.br\/index.php\/author\/luzimara\/"}]}},"cc_featured_image_caption":{"caption_text":"(Foto: Freepik)","source_text":"","source_url":""},"jetpack_featured_media_url":"https:\/\/jornalfatosenoticias.com.br\/wp-content\/uploads\/2025\/05\/imposto-arquitetura_freepik.jpg","_links":{"self":[{"href":"https:\/\/jornalfatosenoticias.com.br\/index.php\/wp-json\/wp\/v2\/posts\/59323","targetHints":{"allow":["GET"]}}],"collection":[{"href":"https:\/\/jornalfatosenoticias.com.br\/index.php\/wp-json\/wp\/v2\/posts"}],"about":[{"href":"https:\/\/jornalfatosenoticias.com.br\/index.php\/wp-json\/wp\/v2\/types\/post"}],"author":[{"embeddable":true,"href":"https:\/\/jornalfatosenoticias.com.br\/index.php\/wp-json\/wp\/v2\/users\/2"}],"replies":[{"embeddable":true,"href":"https:\/\/jornalfatosenoticias.com.br\/index.php\/wp-json\/wp\/v2\/comments?post=59323"}],"version-history":[{"count":0,"href":"https:\/\/jornalfatosenoticias.com.br\/index.php\/wp-json\/wp\/v2\/posts\/59323\/revisions"}],"wp:featuredmedia":[{"embeddable":true,"href":"https:\/\/jornalfatosenoticias.com.br\/index.php\/wp-json\/wp\/v2\/media\/59324"}],"wp:attachment":[{"href":"https:\/\/jornalfatosenoticias.com.br\/index.php\/wp-json\/wp\/v2\/media?parent=59323"}],"wp:term":[{"taxonomy":"category","embeddable":true,"href":"https:\/\/jornalfatosenoticias.com.br\/index.php\/wp-json\/wp\/v2\/categories?post=59323"},{"taxonomy":"post_tag","embeddable":true,"href":"https:\/\/jornalfatosenoticias.com.br\/index.php\/wp-json\/wp\/v2\/tags?post=59323"}],"curies":[{"name":"wp","href":"https:\/\/api.w.org\/{rel}","templated":true}]}}