{"id":59329,"date":"2025-05-20T14:09:15","date_gmt":"2025-05-20T17:09:15","guid":{"rendered":"https:\/\/jornalfatosenoticias.com.br\/?p=59329"},"modified":"2025-05-20T14:09:16","modified_gmt":"2025-05-20T17:09:16","slug":"uma-das-maiores-jazidas-de-minerais-do-mundo-esta-nos-andes","status":"publish","type":"post","link":"https:\/\/jornalfatosenoticias.com.br\/index.php\/2025\/05\/20\/uma-das-maiores-jazidas-de-minerais-do-mundo-esta-nos-andes\/","title":{"rendered":"Uma das maiores jazidas de minerais do mundo est\u00e1 nos Andes"},"content":{"rendered":"\n<p><em><span class=\"has-inline-color has-black-color\">Jazida representa a maior descoberta do tipo dos \u00faltimos 30 anos. Empresas respons\u00e1veis pela \u00e1rea v\u00e3o produzir relat\u00f3rio para definir cronograma de explora\u00e7\u00e3o at\u00e9 o primeiro trimestre de 2026<\/span><\/em><\/p>\n\n\n\n<p><span class=\"has-inline-color has-black-color\">Por <strong><a href=\"https:\/\/olhardigital.com.br\/author\/bruna-barone\/\">Bruna Barone<\/a><\/strong><\/span><\/p>\n\n\n\n<div class=\"wp-block-image\"><figure class=\"aligncenter size-large\"><a href=\"https:\/\/mizu.com.br\/\"><img loading=\"lazy\" decoding=\"async\" width=\"729\" height=\"90\" src=\"https:\/\/jornalfatosenoticias.com.br\/wp-content\/uploads\/2020\/02\/Logo_Mizu.png\" alt=\"\" class=\"wp-image-1441\" srcset=\"https:\/\/jornalfatosenoticias.com.br\/wp-content\/uploads\/2020\/02\/Logo_Mizu.png 729w, https:\/\/jornalfatosenoticias.com.br\/wp-content\/uploads\/2020\/02\/Logo_Mizu-300x37.png 300w\" sizes=\"auto, (max-width: 729px) 100vw, 729px\" \/><\/a><\/figure><\/div>\n\n\n\n<p>Uma enorme <strong>jazida de minerais, com cobre,\u00a0<a href=\"https:\/\/olhardigital.com.br\/tag\/ouro\/\" target=\"_blank\" rel=\"noreferrer noopener\">ouro<\/a>\u00a0e prata<\/strong>, foi\u00a0<a href=\"https:\/\/lundinmining.com\/news\/lundin-mining-announces-initial-mineral-resource-a-123197\/\" target=\"_blank\" rel=\"noreferrer noopener\"><strong>descoberta<\/strong><\/a>\u00a0na\u00a0<strong>Cordilheira dos Andes<\/strong>, na fronteira entre\u00a0<a href=\"https:\/\/olhardigital.com.br\/tag\/argentina\/\" target=\"_blank\" rel=\"noreferrer noopener\"><strong>Argentina<\/strong><\/a>\u00a0e Chile. O dep\u00f3sito j\u00e1 \u00e9 considerado\u00a0<strong>um dos maiores do mundo<\/strong>, segundo a mineradora sueco-canadense Lundin Mining. A empresa contabilizou <strong>13 milh\u00f5es de toneladas<\/strong>\u00a0de\u00a0<strong><a href=\"https:\/\/olhardigital.com.br\/tag\/cobre\/\" target=\"_blank\" rel=\"noreferrer noopener\">cobre<\/a>,<\/strong>\u00a0<strong>32 milh\u00f5es de on\u00e7as<\/strong>\u00a0de ouro e\u00a0<strong>659 milh\u00f5es de on\u00e7as<\/strong>\u00a0de\u00a0<strong><a href=\"https:\/\/olhardigital.com.br\/tag\/prata\/\" target=\"_blank\" rel=\"noreferrer noopener\">prata<\/a>,<\/strong> o que torna a jazida\u00a0<strong>a maior descoberta do tipo dos \u00faltimos 30 anos<\/strong>.<br>O achado est\u00e1 localizado no Recurso Mineral de Vicu\u00f1a, que fica na Prov\u00edncia de San Juan, na Argentina, e na Regi\u00e3o de Atacama, no Chile. A regi\u00e3o abrange dois dep\u00f3sitos principais, <strong>Filo del Sol e Josemaria,<\/strong> controlados tamb\u00e9m pela inglesa BHP.<\/p>\n\n\n\n<div class=\"wp-block-image\"><figure class=\"aligncenter size-large\"><img loading=\"lazy\" decoding=\"async\" width=\"1000\" height=\"355\" src=\"https:\/\/jornalfatosenoticias.com.br\/wp-content\/uploads\/2025\/05\/jazidas-de-minerais-do-mundo-esta-nos-Andes2.png\" alt=\"\" class=\"wp-image-59330\" srcset=\"https:\/\/jornalfatosenoticias.com.br\/wp-content\/uploads\/2025\/05\/jazidas-de-minerais-do-mundo-esta-nos-Andes2.png 1000w, https:\/\/jornalfatosenoticias.com.br\/wp-content\/uploads\/2025\/05\/jazidas-de-minerais-do-mundo-esta-nos-Andes2-300x107.png 300w, https:\/\/jornalfatosenoticias.com.br\/wp-content\/uploads\/2025\/05\/jazidas-de-minerais-do-mundo-esta-nos-Andes2-768x273.png 768w\" sizes=\"auto, (max-width: 1000px) 100vw, 1000px\" \/><figcaption><em><span class=\"has-inline-color has-black-color\">Argentina ser\u00e1 grande benefici\u00e1ria da descoberta, com cria\u00e7\u00e3o de empregos e infraestrutura (Foto: Lundin Mining\/Reprodu\u00e7\u00e3o)<\/span><\/em><\/figcaption><\/figure><\/div>\n\n\n\n<p><strong><span class=\"has-inline-color has-vivid-purple-color\">Minerais com grande potencial econ\u00f4mico<br><\/span><\/strong>\ud83d\udd39 Analistas financeiros consultados pelo site <strong><a href=\"https:\/\/www.earth.com\/news\/geologists-discover-the-largest-copper-gold-and-silver-deposit-in-the-last-three-decades\/\" target=\"_blank\" rel=\"noreferrer noopener\"><em>Earth.com<\/em><\/a>\u00a0observaram que a\u00a0<strong>Argentina<\/strong>\u00a0<\/strong>ser\u00e1<strong>\u00a0<strong>grande benefici\u00e1ria<\/strong>\u00a0<\/strong>da descoberta, com<strong>\u00a0<strong>cria\u00e7\u00e3o de empregos<\/strong>\u00a0<\/strong>e\u00a0<strong><strong>desenvolvimento de com\u00e9rcio e infraestrutura<\/strong>;<\/strong><br>\ud83d\udd39 Comunidades locais tamb\u00e9m esperam que a riqueza gerada pela explora\u00e7\u00e3o seja bem administrada pelo governo, com <strong>aloca\u00e7\u00e3o de fundos para servi\u00e7os essenciais, <\/strong>como escolas, hospitais e pavimenta\u00e7\u00e3o de estradas em \u00e1reas subdesenvolvidas;<br>\ud83d\udd39 As mineradoras ainda est\u00e3o trabalhando em relat\u00f3rio t\u00e9cnico para definir as <strong>estrat\u00e9gias de explora\u00e7\u00e3o,<\/strong> bem como as <strong>previs\u00f5es econ\u00f4micas<\/strong> com o projeto a m\u00e9dio e longo prazo. O documento deve ser conclu\u00eddo at\u00e9 o <strong>primeiro trimestre de 2026.<\/strong><\/p>\n\n\n\n<div class=\"wp-block-image\"><figure class=\"aligncenter size-large is-resized\"><a href=\"https:\/\/www.instagram.com\/restaurantepegoretti\/\"><img loading=\"lazy\" decoding=\"async\" src=\"https:\/\/jornalfatosenoticias.com.br\/wp-content\/uploads\/2023\/12\/pegoretti-logo-pdf-1024x389.jpg\" alt=\"\" class=\"wp-image-47536\" width=\"459\" height=\"174\" srcset=\"https:\/\/jornalfatosenoticias.com.br\/wp-content\/uploads\/2023\/12\/pegoretti-logo-pdf-1024x389.jpg 1024w, https:\/\/jornalfatosenoticias.com.br\/wp-content\/uploads\/2023\/12\/pegoretti-logo-pdf-300x114.jpg 300w, https:\/\/jornalfatosenoticias.com.br\/wp-content\/uploads\/2023\/12\/pegoretti-logo-pdf-768x291.jpg 768w, https:\/\/jornalfatosenoticias.com.br\/wp-content\/uploads\/2023\/12\/pegoretti-logo-pdf.jpg 1120w\" sizes=\"auto, (max-width: 459px) 100vw, 459px\" \/><\/a><\/figure><\/div>\n\n\n\n<p><strong><span class=\"has-inline-color has-vivid-purple-color\">Metais preciosos<br><\/span><\/strong>Nos \u00faltimos meses, a cota\u00e7\u00e3o do ouro tem crescido de forma exponencial: no ano passado, a valoriza\u00e7\u00e3o foi de 24%. Recentemente, atingiu recorde hist\u00f3rico de US$ 3 mil (R$ 16,9 mil, na convers\u00e3o direta) por on\u00e7a \u2014 e tem sido fundamental para a produ\u00e7\u00e3o at\u00e9 mesmo de naves espaciais.<\/p>\n\n\n\n<div class=\"wp-block-image\"><figure class=\"aligncenter size-large\"><a href=\"http:\/\/www.ferrarimaquinas.com.br\/\"><img loading=\"lazy\" decoding=\"async\" width=\"300\" height=\"250\" src=\"https:\/\/jornalfatosenoticias.com.br\/wp-content\/uploads\/2022\/02\/FERRARI_MAQUINAS-E-FERRAMENTAS2.jpg\" alt=\"\" class=\"wp-image-27860\"\/><\/a><\/figure><\/div>\n\n\n\n<p>J\u00e1 o cobre se destaca pela excelente condutividade el\u00e9trica e t\u00e9rmica em fia\u00e7\u00e3o, eletr\u00f4nicos, m\u00e1quinas e tecnologia de energia limpa. Enquanto isso, a prata ainda \u00e9 sin\u00f4nimo de luxo em joias e talheres, al\u00e9m de oferecer condutividade el\u00e9trica superior em eletr\u00f4nicos e tecnologia solar.<\/p>\n\n\n\n<div class=\"wp-block-image\"><figure class=\"aligncenter size-large is-resized\"><a href=\"https:\/\/www.facebook.com\/vetor.vix\/\"><img loading=\"lazy\" decoding=\"async\" src=\"https:\/\/jornalfatosenoticias.com.br\/wp-content\/uploads\/2023\/09\/vetorvix1024_1.jpg\" alt=\"\" class=\"wp-image-44868\" width=\"535\" height=\"142\" srcset=\"https:\/\/jornalfatosenoticias.com.br\/wp-content\/uploads\/2023\/09\/vetorvix1024_1.jpg 1024w, https:\/\/jornalfatosenoticias.com.br\/wp-content\/uploads\/2023\/09\/vetorvix1024_1-300x80.jpg 300w, https:\/\/jornalfatosenoticias.com.br\/wp-content\/uploads\/2023\/09\/vetorvix1024_1-768x205.jpg 768w\" sizes=\"auto, (max-width: 535px) 100vw, 535px\" \/><\/a><\/figure><\/div>\n\n\n\n<p><strong>Fonte: <a href=\"https:\/\/olhardigital.com.br\/2025\/05\/20\/ciencia-e-espaco\/uma-das-maiores-jazidas-de-minerais-do-mundo-esta-nos-andes\/\">Olhar Digital<\/a><\/strong><\/p>\n","protected":false},"excerpt":{"rendered":"<p>Jazida representa a maior descoberta do tipo dos \u00faltimos 30 anos. Empresas respons\u00e1veis pela \u00e1rea v\u00e3o produzir relat\u00f3rio para definir cronograma de explora\u00e7\u00e3o at\u00e9 o primeiro trimestre de 2026 Por Bruna Barone Uma enorme jazida de minerais, com cobre,\u00a0ouro\u00a0e prata, foi\u00a0descoberta\u00a0na\u00a0Cordilheira dos Andes, na fronteira entre\u00a0Argentina\u00a0e Chile. O dep\u00f3sito j\u00e1 \u00e9 considerado\u00a0um dos maiores do [&hellip;]<\/p>\n","protected":false},"author":2,"featured_media":59331,"comment_status":"open","ping_status":"open","sticky":false,"template":"","format":"standard","meta":{"footnotes":""},"categories":[41],"tags":[5995,1231,26387,5847,6471,8500,5656,10284],"class_list":["post-59329","post","type-post","status-publish","format-standard","has-post-thumbnail","hentry","category-internacional","tag-argentina","tag-chile","tag-cobre","tag-cordilheira-dos-andes","tag-exploracao","tag-minerais","tag-ouro","tag-prata"],"yoast_head":"<!-- This site is optimized with the Yoast SEO plugin v26.5 - https:\/\/yoast.com\/wordpress\/plugins\/seo\/ -->\n<title>Uma das maiores jazidas de minerais do mundo est\u00e1 nos Andes - Jornal Fatos e Not\u00edcias<\/title>\n<meta name=\"robots\" content=\"index, follow, max-snippet:-1, max-image-preview:large, max-video-preview:-1\" \/>\n<link rel=\"canonical\" href=\"https:\/\/jornalfatosenoticias.com.br\/index.php\/2025\/05\/20\/uma-das-maiores-jazidas-de-minerais-do-mundo-esta-nos-andes\/\" \/>\n<meta property=\"og:locale\" content=\"pt_BR\" \/>\n<meta property=\"og:type\" content=\"article\" \/>\n<meta property=\"og:title\" content=\"Uma das maiores jazidas de minerais do mundo est\u00e1 nos Andes - Jornal Fatos e Not\u00edcias\" \/>\n<meta property=\"og:description\" content=\"Jazida representa a maior descoberta do tipo dos \u00faltimos 30 anos. Empresas respons\u00e1veis pela \u00e1rea v\u00e3o produzir relat\u00f3rio para definir cronograma de explora\u00e7\u00e3o at\u00e9 o primeiro trimestre de 2026 Por Bruna Barone Uma enorme jazida de minerais, com cobre,\u00a0ouro\u00a0e prata, foi\u00a0descoberta\u00a0na\u00a0Cordilheira dos Andes, na fronteira entre\u00a0Argentina\u00a0e Chile. O dep\u00f3sito j\u00e1 \u00e9 considerado\u00a0um dos maiores do [&hellip;]\" \/>\n<meta property=\"og:url\" content=\"https:\/\/jornalfatosenoticias.com.br\/index.php\/2025\/05\/20\/uma-das-maiores-jazidas-de-minerais-do-mundo-esta-nos-andes\/\" \/>\n<meta property=\"og:site_name\" content=\"Jornal Fatos e Not\u00edcias\" \/>\n<meta property=\"article:published_time\" content=\"2025-05-20T17:09:15+00:00\" \/>\n<meta property=\"article:modified_time\" content=\"2025-05-20T17:09:16+00:00\" \/>\n<meta property=\"og:image\" content=\"https:\/\/jornalfatosenoticias.com.br\/wp-content\/uploads\/2025\/05\/jazidas-de-minerais-do-mundo-esta-nos-Andes.png\" \/>\n\t<meta property=\"og:image:width\" content=\"1000\" \/>\n\t<meta property=\"og:image:height\" content=\"364\" \/>\n\t<meta property=\"og:image:type\" content=\"image\/png\" \/>\n<meta name=\"author\" content=\"Luzimara Fernandes\" \/>\n<meta name=\"twitter:card\" content=\"summary_large_image\" \/>\n<meta name=\"twitter:label1\" content=\"Escrito por\" \/>\n\t<meta name=\"twitter:data1\" content=\"Luzimara Fernandes\" \/>\n\t<meta name=\"twitter:label2\" content=\"Est. tempo de leitura\" \/>\n\t<meta name=\"twitter:data2\" content=\"2 minutos\" \/>\n<script type=\"application\/ld+json\" class=\"yoast-schema-graph\">{\"@context\":\"https:\/\/schema.org\",\"@graph\":[{\"@type\":\"Article\",\"@id\":\"https:\/\/jornalfatosenoticias.com.br\/index.php\/2025\/05\/20\/uma-das-maiores-jazidas-de-minerais-do-mundo-esta-nos-andes\/#article\",\"isPartOf\":{\"@id\":\"https:\/\/jornalfatosenoticias.com.br\/index.php\/2025\/05\/20\/uma-das-maiores-jazidas-de-minerais-do-mundo-esta-nos-andes\/\"},\"author\":{\"name\":\"Luzimara Fernandes\",\"@id\":\"https:\/\/jornalfatosenoticias.com.br\/#\/schema\/person\/d63837fa13ac8666eb9e74e0985d6f81\"},\"headline\":\"Uma das maiores jazidas de minerais do mundo est\u00e1 nos Andes\",\"datePublished\":\"2025-05-20T17:09:15+00:00\",\"dateModified\":\"2025-05-20T17:09:16+00:00\",\"mainEntityOfPage\":{\"@id\":\"https:\/\/jornalfatosenoticias.com.br\/index.php\/2025\/05\/20\/uma-das-maiores-jazidas-de-minerais-do-mundo-esta-nos-andes\/\"},\"wordCount\":412,\"commentCount\":0,\"publisher\":{\"@id\":\"https:\/\/jornalfatosenoticias.com.br\/#organization\"},\"image\":{\"@id\":\"https:\/\/jornalfatosenoticias.com.br\/index.php\/2025\/05\/20\/uma-das-maiores-jazidas-de-minerais-do-mundo-esta-nos-andes\/#primaryimage\"},\"thumbnailUrl\":\"https:\/\/jornalfatosenoticias.com.br\/wp-content\/uploads\/2025\/05\/jazidas-de-minerais-do-mundo-esta-nos-Andes.png\",\"keywords\":[\"Argentina\",\"Chile\",\"cobre\",\"Cordilheira dos Andes\",\"explora\u00e7\u00e3o\",\"minerais\",\"ouro\",\"prata\"],\"articleSection\":[\"Internacional\"],\"inLanguage\":\"pt-BR\",\"potentialAction\":[{\"@type\":\"CommentAction\",\"name\":\"Comment\",\"target\":[\"https:\/\/jornalfatosenoticias.com.br\/index.php\/2025\/05\/20\/uma-das-maiores-jazidas-de-minerais-do-mundo-esta-nos-andes\/#respond\"]}]},{\"@type\":\"WebPage\",\"@id\":\"https:\/\/jornalfatosenoticias.com.br\/index.php\/2025\/05\/20\/uma-das-maiores-jazidas-de-minerais-do-mundo-esta-nos-andes\/\",\"url\":\"https:\/\/jornalfatosenoticias.com.br\/index.php\/2025\/05\/20\/uma-das-maiores-jazidas-de-minerais-do-mundo-esta-nos-andes\/\",\"name\":\"Uma das maiores jazidas de minerais do mundo est\u00e1 nos Andes - Jornal Fatos e Not\u00edcias\",\"isPartOf\":{\"@id\":\"https:\/\/jornalfatosenoticias.com.br\/#website\"},\"primaryImageOfPage\":{\"@id\":\"https:\/\/jornalfatosenoticias.com.br\/index.php\/2025\/05\/20\/uma-das-maiores-jazidas-de-minerais-do-mundo-esta-nos-andes\/#primaryimage\"},\"image\":{\"@id\":\"https:\/\/jornalfatosenoticias.com.br\/index.php\/2025\/05\/20\/uma-das-maiores-jazidas-de-minerais-do-mundo-esta-nos-andes\/#primaryimage\"},\"thumbnailUrl\":\"https:\/\/jornalfatosenoticias.com.br\/wp-content\/uploads\/2025\/05\/jazidas-de-minerais-do-mundo-esta-nos-Andes.png\",\"datePublished\":\"2025-05-20T17:09:15+00:00\",\"dateModified\":\"2025-05-20T17:09:16+00:00\",\"breadcrumb\":{\"@id\":\"https:\/\/jornalfatosenoticias.com.br\/index.php\/2025\/05\/20\/uma-das-maiores-jazidas-de-minerais-do-mundo-esta-nos-andes\/#breadcrumb\"},\"inLanguage\":\"pt-BR\",\"potentialAction\":[{\"@type\":\"ReadAction\",\"target\":[\"https:\/\/jornalfatosenoticias.com.br\/index.php\/2025\/05\/20\/uma-das-maiores-jazidas-de-minerais-do-mundo-esta-nos-andes\/\"]}]},{\"@type\":\"ImageObject\",\"inLanguage\":\"pt-BR\",\"@id\":\"https:\/\/jornalfatosenoticias.com.br\/index.php\/2025\/05\/20\/uma-das-maiores-jazidas-de-minerais-do-mundo-esta-nos-andes\/#primaryimage\",\"url\":\"https:\/\/jornalfatosenoticias.com.br\/wp-content\/uploads\/2025\/05\/jazidas-de-minerais-do-mundo-esta-nos-Andes.png\",\"contentUrl\":\"https:\/\/jornalfatosenoticias.com.br\/wp-content\/uploads\/2025\/05\/jazidas-de-minerais-do-mundo-esta-nos-Andes.png\",\"width\":1000,\"height\":364},{\"@type\":\"BreadcrumbList\",\"@id\":\"https:\/\/jornalfatosenoticias.com.br\/index.php\/2025\/05\/20\/uma-das-maiores-jazidas-de-minerais-do-mundo-esta-nos-andes\/#breadcrumb\",\"itemListElement\":[{\"@type\":\"ListItem\",\"position\":1,\"name\":\"In\u00edcio\",\"item\":\"https:\/\/jornalfatosenoticias.com.br\/\"},{\"@type\":\"ListItem\",\"position\":2,\"name\":\"Uma das maiores jazidas de minerais do mundo est\u00e1 nos Andes\"}]},{\"@type\":\"WebSite\",\"@id\":\"https:\/\/jornalfatosenoticias.com.br\/#website\",\"url\":\"https:\/\/jornalfatosenoticias.com.br\/\",\"name\":\"Jornal Fatos e Not\u00edcias\",\"description\":\"Not\u00edcias em geral\",\"publisher\":{\"@id\":\"https:\/\/jornalfatosenoticias.com.br\/#organization\"},\"potentialAction\":[{\"@type\":\"SearchAction\",\"target\":{\"@type\":\"EntryPoint\",\"urlTemplate\":\"https:\/\/jornalfatosenoticias.com.br\/?s={search_term_string}\"},\"query-input\":{\"@type\":\"PropertyValueSpecification\",\"valueRequired\":true,\"valueName\":\"search_term_string\"}}],\"inLanguage\":\"pt-BR\"},{\"@type\":\"Organization\",\"@id\":\"https:\/\/jornalfatosenoticias.com.br\/#organization\",\"name\":\"Jornal Fatos e Not\u00edcias\",\"url\":\"https:\/\/jornalfatosenoticias.com.br\/\",\"logo\":{\"@type\":\"ImageObject\",\"inLanguage\":\"pt-BR\",\"@id\":\"https:\/\/jornalfatosenoticias.com.br\/#\/schema\/logo\/image\/\",\"url\":\"https:\/\/jornalfatosenoticias.com.br\/wp-content\/uploads\/2020\/02\/logo120.png\",\"contentUrl\":\"https:\/\/jornalfatosenoticias.com.br\/wp-content\/uploads\/2020\/02\/logo120.png\",\"width\":1227,\"height\":120,\"caption\":\"Jornal Fatos e Not\u00edcias\"},\"image\":{\"@id\":\"https:\/\/jornalfatosenoticias.com.br\/#\/schema\/logo\/image\/\"}},{\"@type\":\"Person\",\"@id\":\"https:\/\/jornalfatosenoticias.com.br\/#\/schema\/person\/d63837fa13ac8666eb9e74e0985d6f81\",\"name\":\"Luzimara Fernandes\",\"image\":{\"@type\":\"ImageObject\",\"inLanguage\":\"pt-BR\",\"@id\":\"https:\/\/jornalfatosenoticias.com.br\/#\/schema\/person\/image\/\",\"url\":\"https:\/\/jornalfatosenoticias.com.br\/wp-content\/uploads\/2025\/05\/EU_portal.jpg\",\"contentUrl\":\"https:\/\/jornalfatosenoticias.com.br\/wp-content\/uploads\/2025\/05\/EU_portal.jpg\",\"caption\":\"Luzimara Fernandes\"},\"description\":\"Jornalista MTB 2358-ES\",\"sameAs\":[\"https:\/\/jornalfatosenoticias.com.br\"],\"url\":\"https:\/\/jornalfatosenoticias.com.br\/index.php\/author\/luzimara\/\"}]}<\/script>\n<!-- \/ Yoast SEO plugin. -->","yoast_head_json":{"title":"Uma das maiores jazidas de minerais do mundo est\u00e1 nos Andes - Jornal Fatos e Not\u00edcias","robots":{"index":"index","follow":"follow","max-snippet":"max-snippet:-1","max-image-preview":"max-image-preview:large","max-video-preview":"max-video-preview:-1"},"canonical":"https:\/\/jornalfatosenoticias.com.br\/index.php\/2025\/05\/20\/uma-das-maiores-jazidas-de-minerais-do-mundo-esta-nos-andes\/","og_locale":"pt_BR","og_type":"article","og_title":"Uma das maiores jazidas de minerais do mundo est\u00e1 nos Andes - Jornal Fatos e Not\u00edcias","og_description":"Jazida representa a maior descoberta do tipo dos \u00faltimos 30 anos. Empresas respons\u00e1veis pela \u00e1rea v\u00e3o produzir relat\u00f3rio para definir cronograma de explora\u00e7\u00e3o at\u00e9 o primeiro trimestre de 2026 Por Bruna Barone Uma enorme jazida de minerais, com cobre,\u00a0ouro\u00a0e prata, foi\u00a0descoberta\u00a0na\u00a0Cordilheira dos Andes, na fronteira entre\u00a0Argentina\u00a0e Chile. O dep\u00f3sito j\u00e1 \u00e9 considerado\u00a0um dos maiores do [&hellip;]","og_url":"https:\/\/jornalfatosenoticias.com.br\/index.php\/2025\/05\/20\/uma-das-maiores-jazidas-de-minerais-do-mundo-esta-nos-andes\/","og_site_name":"Jornal Fatos e Not\u00edcias","article_published_time":"2025-05-20T17:09:15+00:00","article_modified_time":"2025-05-20T17:09:16+00:00","og_image":[{"width":1000,"height":364,"url":"https:\/\/jornalfatosenoticias.com.br\/wp-content\/uploads\/2025\/05\/jazidas-de-minerais-do-mundo-esta-nos-Andes.png","type":"image\/png"}],"author":"Luzimara Fernandes","twitter_card":"summary_large_image","twitter_misc":{"Escrito por":"Luzimara Fernandes","Est. tempo de leitura":"2 minutos"},"schema":{"@context":"https:\/\/schema.org","@graph":[{"@type":"Article","@id":"https:\/\/jornalfatosenoticias.com.br\/index.php\/2025\/05\/20\/uma-das-maiores-jazidas-de-minerais-do-mundo-esta-nos-andes\/#article","isPartOf":{"@id":"https:\/\/jornalfatosenoticias.com.br\/index.php\/2025\/05\/20\/uma-das-maiores-jazidas-de-minerais-do-mundo-esta-nos-andes\/"},"author":{"name":"Luzimara Fernandes","@id":"https:\/\/jornalfatosenoticias.com.br\/#\/schema\/person\/d63837fa13ac8666eb9e74e0985d6f81"},"headline":"Uma das maiores jazidas de minerais do mundo est\u00e1 nos Andes","datePublished":"2025-05-20T17:09:15+00:00","dateModified":"2025-05-20T17:09:16+00:00","mainEntityOfPage":{"@id":"https:\/\/jornalfatosenoticias.com.br\/index.php\/2025\/05\/20\/uma-das-maiores-jazidas-de-minerais-do-mundo-esta-nos-andes\/"},"wordCount":412,"commentCount":0,"publisher":{"@id":"https:\/\/jornalfatosenoticias.com.br\/#organization"},"image":{"@id":"https:\/\/jornalfatosenoticias.com.br\/index.php\/2025\/05\/20\/uma-das-maiores-jazidas-de-minerais-do-mundo-esta-nos-andes\/#primaryimage"},"thumbnailUrl":"https:\/\/jornalfatosenoticias.com.br\/wp-content\/uploads\/2025\/05\/jazidas-de-minerais-do-mundo-esta-nos-Andes.png","keywords":["Argentina","Chile","cobre","Cordilheira dos Andes","explora\u00e7\u00e3o","minerais","ouro","prata"],"articleSection":["Internacional"],"inLanguage":"pt-BR","potentialAction":[{"@type":"CommentAction","name":"Comment","target":["https:\/\/jornalfatosenoticias.com.br\/index.php\/2025\/05\/20\/uma-das-maiores-jazidas-de-minerais-do-mundo-esta-nos-andes\/#respond"]}]},{"@type":"WebPage","@id":"https:\/\/jornalfatosenoticias.com.br\/index.php\/2025\/05\/20\/uma-das-maiores-jazidas-de-minerais-do-mundo-esta-nos-andes\/","url":"https:\/\/jornalfatosenoticias.com.br\/index.php\/2025\/05\/20\/uma-das-maiores-jazidas-de-minerais-do-mundo-esta-nos-andes\/","name":"Uma das maiores jazidas de minerais do mundo est\u00e1 nos Andes - Jornal Fatos e Not\u00edcias","isPartOf":{"@id":"https:\/\/jornalfatosenoticias.com.br\/#website"},"primaryImageOfPage":{"@id":"https:\/\/jornalfatosenoticias.com.br\/index.php\/2025\/05\/20\/uma-das-maiores-jazidas-de-minerais-do-mundo-esta-nos-andes\/#primaryimage"},"image":{"@id":"https:\/\/jornalfatosenoticias.com.br\/index.php\/2025\/05\/20\/uma-das-maiores-jazidas-de-minerais-do-mundo-esta-nos-andes\/#primaryimage"},"thumbnailUrl":"https:\/\/jornalfatosenoticias.com.br\/wp-content\/uploads\/2025\/05\/jazidas-de-minerais-do-mundo-esta-nos-Andes.png","datePublished":"2025-05-20T17:09:15+00:00","dateModified":"2025-05-20T17:09:16+00:00","breadcrumb":{"@id":"https:\/\/jornalfatosenoticias.com.br\/index.php\/2025\/05\/20\/uma-das-maiores-jazidas-de-minerais-do-mundo-esta-nos-andes\/#breadcrumb"},"inLanguage":"pt-BR","potentialAction":[{"@type":"ReadAction","target":["https:\/\/jornalfatosenoticias.com.br\/index.php\/2025\/05\/20\/uma-das-maiores-jazidas-de-minerais-do-mundo-esta-nos-andes\/"]}]},{"@type":"ImageObject","inLanguage":"pt-BR","@id":"https:\/\/jornalfatosenoticias.com.br\/index.php\/2025\/05\/20\/uma-das-maiores-jazidas-de-minerais-do-mundo-esta-nos-andes\/#primaryimage","url":"https:\/\/jornalfatosenoticias.com.br\/wp-content\/uploads\/2025\/05\/jazidas-de-minerais-do-mundo-esta-nos-Andes.png","contentUrl":"https:\/\/jornalfatosenoticias.com.br\/wp-content\/uploads\/2025\/05\/jazidas-de-minerais-do-mundo-esta-nos-Andes.png","width":1000,"height":364},{"@type":"BreadcrumbList","@id":"https:\/\/jornalfatosenoticias.com.br\/index.php\/2025\/05\/20\/uma-das-maiores-jazidas-de-minerais-do-mundo-esta-nos-andes\/#breadcrumb","itemListElement":[{"@type":"ListItem","position":1,"name":"In\u00edcio","item":"https:\/\/jornalfatosenoticias.com.br\/"},{"@type":"ListItem","position":2,"name":"Uma das maiores jazidas de minerais do mundo est\u00e1 nos Andes"}]},{"@type":"WebSite","@id":"https:\/\/jornalfatosenoticias.com.br\/#website","url":"https:\/\/jornalfatosenoticias.com.br\/","name":"Jornal Fatos e Not\u00edcias","description":"Not\u00edcias em geral","publisher":{"@id":"https:\/\/jornalfatosenoticias.com.br\/#organization"},"potentialAction":[{"@type":"SearchAction","target":{"@type":"EntryPoint","urlTemplate":"https:\/\/jornalfatosenoticias.com.br\/?s={search_term_string}"},"query-input":{"@type":"PropertyValueSpecification","valueRequired":true,"valueName":"search_term_string"}}],"inLanguage":"pt-BR"},{"@type":"Organization","@id":"https:\/\/jornalfatosenoticias.com.br\/#organization","name":"Jornal Fatos e Not\u00edcias","url":"https:\/\/jornalfatosenoticias.com.br\/","logo":{"@type":"ImageObject","inLanguage":"pt-BR","@id":"https:\/\/jornalfatosenoticias.com.br\/#\/schema\/logo\/image\/","url":"https:\/\/jornalfatosenoticias.com.br\/wp-content\/uploads\/2020\/02\/logo120.png","contentUrl":"https:\/\/jornalfatosenoticias.com.br\/wp-content\/uploads\/2020\/02\/logo120.png","width":1227,"height":120,"caption":"Jornal Fatos e Not\u00edcias"},"image":{"@id":"https:\/\/jornalfatosenoticias.com.br\/#\/schema\/logo\/image\/"}},{"@type":"Person","@id":"https:\/\/jornalfatosenoticias.com.br\/#\/schema\/person\/d63837fa13ac8666eb9e74e0985d6f81","name":"Luzimara Fernandes","image":{"@type":"ImageObject","inLanguage":"pt-BR","@id":"https:\/\/jornalfatosenoticias.com.br\/#\/schema\/person\/image\/","url":"https:\/\/jornalfatosenoticias.com.br\/wp-content\/uploads\/2025\/05\/EU_portal.jpg","contentUrl":"https:\/\/jornalfatosenoticias.com.br\/wp-content\/uploads\/2025\/05\/EU_portal.jpg","caption":"Luzimara Fernandes"},"description":"Jornalista MTB 2358-ES","sameAs":["https:\/\/jornalfatosenoticias.com.br"],"url":"https:\/\/jornalfatosenoticias.com.br\/index.php\/author\/luzimara\/"}]}},"cc_featured_image_caption":{"caption_text":"(Foto: Lundin Mining\/Reprodu\u00e7\u00e3o)","source_text":"","source_url":""},"jetpack_featured_media_url":"https:\/\/jornalfatosenoticias.com.br\/wp-content\/uploads\/2025\/05\/jazidas-de-minerais-do-mundo-esta-nos-Andes.png","_links":{"self":[{"href":"https:\/\/jornalfatosenoticias.com.br\/index.php\/wp-json\/wp\/v2\/posts\/59329","targetHints":{"allow":["GET"]}}],"collection":[{"href":"https:\/\/jornalfatosenoticias.com.br\/index.php\/wp-json\/wp\/v2\/posts"}],"about":[{"href":"https:\/\/jornalfatosenoticias.com.br\/index.php\/wp-json\/wp\/v2\/types\/post"}],"author":[{"embeddable":true,"href":"https:\/\/jornalfatosenoticias.com.br\/index.php\/wp-json\/wp\/v2\/users\/2"}],"replies":[{"embeddable":true,"href":"https:\/\/jornalfatosenoticias.com.br\/index.php\/wp-json\/wp\/v2\/comments?post=59329"}],"version-history":[{"count":0,"href":"https:\/\/jornalfatosenoticias.com.br\/index.php\/wp-json\/wp\/v2\/posts\/59329\/revisions"}],"wp:featuredmedia":[{"embeddable":true,"href":"https:\/\/jornalfatosenoticias.com.br\/index.php\/wp-json\/wp\/v2\/media\/59331"}],"wp:attachment":[{"href":"https:\/\/jornalfatosenoticias.com.br\/index.php\/wp-json\/wp\/v2\/media?parent=59329"}],"wp:term":[{"taxonomy":"category","embeddable":true,"href":"https:\/\/jornalfatosenoticias.com.br\/index.php\/wp-json\/wp\/v2\/categories?post=59329"},{"taxonomy":"post_tag","embeddable":true,"href":"https:\/\/jornalfatosenoticias.com.br\/index.php\/wp-json\/wp\/v2\/tags?post=59329"}],"curies":[{"name":"wp","href":"https:\/\/api.w.org\/{rel}","templated":true}]}}