{"id":59333,"date":"2025-05-20T14:16:32","date_gmt":"2025-05-20T17:16:32","guid":{"rendered":"https:\/\/jornalfatosenoticias.com.br\/?p=59333"},"modified":"2025-05-20T14:16:35","modified_gmt":"2025-05-20T17:16:35","slug":"astronomos-detectam-remanescentes-de-supernova-em-forma-de-esfera-perfeita","status":"publish","type":"post","link":"https:\/\/jornalfatosenoticias.com.br\/index.php\/2025\/05\/20\/astronomos-detectam-remanescentes-de-supernova-em-forma-de-esfera-perfeita\/","title":{"rendered":"Astr\u00f4nomos detectam remanescentes de supernova em forma de &#8216;esfera perfeita&#8217;"},"content":{"rendered":"\n<div class=\"wp-block-image\"><figure class=\"aligncenter size-large\"><a href=\"https:\/\/www.controlsystems.com.br\/\"><img loading=\"lazy\" decoding=\"async\" width=\"1024\" height=\"109\" src=\"https:\/\/jornalfatosenoticias.com.br\/wp-content\/uploads\/2020\/02\/CONTROL-CS2-1024x109.jpg\" alt=\"\" class=\"wp-image-44989\" srcset=\"https:\/\/jornalfatosenoticias.com.br\/wp-content\/uploads\/2020\/02\/CONTROL-CS2-1024x109.jpg 1024w, https:\/\/jornalfatosenoticias.com.br\/wp-content\/uploads\/2020\/02\/CONTROL-CS2-300x32.jpg 300w, https:\/\/jornalfatosenoticias.com.br\/wp-content\/uploads\/2020\/02\/CONTROL-CS2-768x82.jpg 768w, https:\/\/jornalfatosenoticias.com.br\/wp-content\/uploads\/2020\/02\/CONTROL-CS2.jpg 1120w\" sizes=\"auto, (max-width: 1024px) 100vw, 1024px\" \/><\/a><\/figure><\/div>\n\n\n\n<p>Uma equipe internacional de astr\u00f4nomos relatou sobre a descoberta de um novo remanescente de supernova que mostra uma simetria circular impressionante na forma. A detec\u00e7\u00e3o do remanescente, denominado de Teleios, foi descrita em um artigo de pesquisa <a href=\"https:\/\/arxiv.org\/abs\/2505.04041\" target=\"_blank\" rel=\"noreferrer noopener\">publicado<\/a>\u00a0no servidor de pr\u00e9-impress\u00e3o arXiv.<br>Os remanescentes de supernova (SNRs, na sigla em ingl\u00eas), s\u00e3o restos de uma explos\u00e3o de supernova, vistos como estruturas difusas e em expans\u00e3o. Recentemente, um grupo de astr\u00f4nomos, liderado por Miroslav D. Filipovic da Universidade de Western Sydney na Austr\u00e1lia, detectou um <a href=\"https:\/\/noticiabrasil.net.br\/20240226\/telescopio-james-webb-descobre-estrela-de-neutrons-desaparecida-em-restos-de-supernova-fotos-33259107.html\" target=\"_blank\" rel=\"noreferrer noopener\">remanescente de supernova<\/a>, que foi denominado de G305.4\u20132.2,\u00a0<a href=\"https:\/\/phys.org\/news\/2025-05-supernova-remnant.html\" target=\"_blank\" rel=\"noreferrer noopener\">detalha<\/a>\u00a0Phys.org.<\/p>\n\n\n\n<figure class=\"wp-block-embed-twitter wp-block-embed is-type-rich is-provider-twitter\"><div class=\"wp-block-embed__wrapper\">\n<div class=\"embed-twitter\"><blockquote class=\"twitter-tweet\" data-width=\"550\" data-dnt=\"true\"><p lang=\"en\" dir=\"ltr\"><a href=\"https:\/\/twitter.com\/hashtag\/arXiv?src=hash&amp;ref_src=twsrc%5Etfw\">#arXiv<\/a> Teleios (G305.4-2.2) &#8211; the mystery of a perfectly shaped new Galactic supernova remnant <a href=\"https:\/\/t.co\/i3kj1hlgvF\">https:\/\/t.co\/i3kj1hlgvF<\/a> \u201cTeleios&#39;s symmetrical shape suggests expansion into a rarefied and isotropic ambient medium.\u201c <a href=\"https:\/\/t.co\/Kmu73dqTPv\">pic.twitter.com\/Kmu73dqTPv<\/a><\/p>&mdash; Francis Villatoro (@emulenews) <a href=\"https:\/\/twitter.com\/emulenews\/status\/1920925470511464549?ref_src=twsrc%5Etfw\">May 9, 2025<\/a><\/blockquote><script async src=\"https:\/\/platform.twitter.com\/widgets.js\" charset=\"utf-8\"><\/script><\/div>\n<\/div><\/figure>\n\n\n\n<blockquote class=\"wp-block-quote is-layout-flow wp-block-quote-is-layout-flow\"><p><span class=\"has-inline-color has-luminous-vivid-orange-color\">De acordo com o artigo, o G305.4-2.2 exibe uma forma quase perfeitamente circular, por isso foi apelidada de Teleios, que significa &#8220;perfeito&#8221; em grego. As observa\u00e7\u00f5es sugerem que Teleios se localiza a uma dist\u00e2ncia de 7.170 ou 25.100 anos-luz, o que corresponde a um di\u00e2metro de 45,6 ou 156,5 anos-luz, respectivamente.<\/span><\/p><\/blockquote>\n\n\n\n<div class=\"wp-block-image\"><figure class=\"aligncenter size-large is-resized\"><a href=\"https:\/\/www.instagram.com\/gruposei\/\"><img loading=\"lazy\" decoding=\"async\" src=\"https:\/\/jornalfatosenoticias.com.br\/wp-content\/uploads\/2022\/07\/Logo-Grupo-SEI.jpg\" alt=\"\" class=\"wp-image-31973\" width=\"360\" height=\"189\" srcset=\"https:\/\/jornalfatosenoticias.com.br\/wp-content\/uploads\/2022\/07\/Logo-Grupo-SEI.jpg 713w, https:\/\/jornalfatosenoticias.com.br\/wp-content\/uploads\/2022\/07\/Logo-Grupo-SEI-300x158.jpg 300w\" sizes=\"auto, (max-width: 360px) 100vw, 360px\" \/><\/a><\/figure><\/div>\n\n\n\n<p>O estudo encontrou alguma emiss\u00e3o de r\u00e1dio estendida dentro da borda sudeste da camada externa de Teleios. Isto sugere que pelo menos algumas partes desta regi\u00e3o podem ser afetadas pela intera\u00e7\u00e3o de Teleios com <a href=\"https:\/\/noticiabrasil.net.br\/20210419\/nasa-lanca-telescopio-para-captar-particulas-da-borda-do-sistema-solar-17363458.html\" target=\"_blank\" rel=\"noreferrer noopener\">estruturas do meio interestelar local<\/a>. Para explicar a origem de Teleios, os autores do artigo consideram alguns cen\u00e1rios. De acordo com os autores do estudo, o mais plaus\u00edvel \u00e9 uma supernova do tipo Ia que se formou abaixo do <a href=\"https:\/\/noticiabrasil.net.br\/20250322\/astronomos-detectam-pulsacoes-de-estrela-fugitiva-fora-do-disco-galactico-da-via-lactea-38921974.html\" target=\"_blank\" rel=\"noreferrer noopener\">plano gal\u00e1ctico<\/a>.<\/p>\n\n\n\n<div class=\"wp-block-image\"><figure class=\"aligncenter size-large is-resized\"><a href=\"https:\/\/www.instagram.com\/rcradiadores\/\"><img loading=\"lazy\" decoding=\"async\" src=\"https:\/\/jornalfatosenoticias.com.br\/wp-content\/uploads\/2022\/10\/RC_800x750_page-0001.jpg\" alt=\"\" class=\"wp-image-35338\" width=\"302\" height=\"283\" srcset=\"https:\/\/jornalfatosenoticias.com.br\/wp-content\/uploads\/2022\/10\/RC_800x750_page-0001.jpg 400w, https:\/\/jornalfatosenoticias.com.br\/wp-content\/uploads\/2022\/10\/RC_800x750_page-0001-300x281.jpg 300w\" sizes=\"auto, (max-width: 302px) 100vw, 302px\" \/><\/a><\/figure><\/div>\n\n\n\n<p><strong>Fonte: <a href=\"https:\/\/noticiabrasil.net.br\/20250519\/astronomos-detectam-remanescentes-de-supernova-em-forma-de-esfera-perfeita-foto-39583385.html\">Sputnik Brasil<\/a><\/strong><\/p>\n","protected":false},"excerpt":{"rendered":"<p>Uma equipe internacional de astr\u00f4nomos relatou sobre a descoberta de um novo remanescente de supernova que mostra uma simetria circular impressionante na forma. A detec\u00e7\u00e3o do remanescente, denominado de Teleios, foi descrita em um artigo de pesquisa publicado\u00a0no servidor de pr\u00e9-impress\u00e3o arXiv.Os remanescentes de supernova (SNRs, na sigla em ingl\u00eas), s\u00e3o restos de uma explos\u00e3o [&hellip;]<\/p>\n","protected":false},"author":2,"featured_media":59334,"comment_status":"open","ping_status":"open","sticky":false,"template":"","format":"standard","meta":{"footnotes":""},"categories":[2],"tags":[86,20466,1723,786,94,1384],"class_list":["post-59333","post","type-post","status-publish","format-standard","has-post-thumbnail","hentry","category-ciencia","tag-espaco","tag-fenomeno-astronomico","tag-supernova","tag-telescopio","tag-terra","tag-universo"],"yoast_head":"<!-- This site is optimized with the Yoast SEO plugin v26.5 - https:\/\/yoast.com\/wordpress\/plugins\/seo\/ -->\n<title>Astr\u00f4nomos detectam remanescentes de supernova em forma de &#039;esfera perfeita&#039; - Jornal Fatos e Not\u00edcias<\/title>\n<meta name=\"robots\" content=\"index, follow, max-snippet:-1, max-image-preview:large, max-video-preview:-1\" \/>\n<link rel=\"canonical\" href=\"https:\/\/jornalfatosenoticias.com.br\/index.php\/2025\/05\/20\/astronomos-detectam-remanescentes-de-supernova-em-forma-de-esfera-perfeita\/\" \/>\n<meta property=\"og:locale\" content=\"pt_BR\" \/>\n<meta property=\"og:type\" content=\"article\" \/>\n<meta property=\"og:title\" content=\"Astr\u00f4nomos detectam remanescentes de supernova em forma de &#039;esfera perfeita&#039; - Jornal Fatos e Not\u00edcias\" \/>\n<meta property=\"og:description\" content=\"Uma equipe internacional de astr\u00f4nomos relatou sobre a descoberta de um novo remanescente de supernova que mostra uma simetria circular impressionante na forma. A detec\u00e7\u00e3o do remanescente, denominado de Teleios, foi descrita em um artigo de pesquisa publicado\u00a0no servidor de pr\u00e9-impress\u00e3o arXiv.Os remanescentes de supernova (SNRs, na sigla em ingl\u00eas), s\u00e3o restos de uma explos\u00e3o [&hellip;]\" \/>\n<meta property=\"og:url\" content=\"https:\/\/jornalfatosenoticias.com.br\/index.php\/2025\/05\/20\/astronomos-detectam-remanescentes-de-supernova-em-forma-de-esfera-perfeita\/\" \/>\n<meta property=\"og:site_name\" content=\"Jornal Fatos e Not\u00edcias\" \/>\n<meta property=\"article:published_time\" content=\"2025-05-20T17:16:32+00:00\" \/>\n<meta property=\"article:modified_time\" content=\"2025-05-20T17:16:35+00:00\" \/>\n<meta property=\"og:image\" content=\"https:\/\/jornalfatosenoticias.com.br\/wp-content\/uploads\/2025\/05\/supernova-em-forma-de-esfera-perfeita_freepik.jpeg\" \/>\n\t<meta property=\"og:image:width\" content=\"737\" \/>\n\t<meta property=\"og:image:height\" content=\"479\" \/>\n\t<meta property=\"og:image:type\" content=\"image\/jpeg\" \/>\n<meta name=\"author\" content=\"Luzimara Fernandes\" \/>\n<meta name=\"twitter:card\" content=\"summary_large_image\" \/>\n<meta name=\"twitter:label1\" content=\"Escrito por\" \/>\n\t<meta name=\"twitter:data1\" content=\"Luzimara Fernandes\" \/>\n\t<meta name=\"twitter:label2\" content=\"Est. tempo de leitura\" \/>\n\t<meta name=\"twitter:data2\" content=\"1 minuto\" \/>\n<script type=\"application\/ld+json\" class=\"yoast-schema-graph\">{\"@context\":\"https:\/\/schema.org\",\"@graph\":[{\"@type\":\"Article\",\"@id\":\"https:\/\/jornalfatosenoticias.com.br\/index.php\/2025\/05\/20\/astronomos-detectam-remanescentes-de-supernova-em-forma-de-esfera-perfeita\/#article\",\"isPartOf\":{\"@id\":\"https:\/\/jornalfatosenoticias.com.br\/index.php\/2025\/05\/20\/astronomos-detectam-remanescentes-de-supernova-em-forma-de-esfera-perfeita\/\"},\"author\":{\"name\":\"Luzimara Fernandes\",\"@id\":\"https:\/\/jornalfatosenoticias.com.br\/#\/schema\/person\/d63837fa13ac8666eb9e74e0985d6f81\"},\"headline\":\"Astr\u00f4nomos detectam remanescentes de supernova em forma de &#8216;esfera perfeita&#8217;\",\"datePublished\":\"2025-05-20T17:16:32+00:00\",\"dateModified\":\"2025-05-20T17:16:35+00:00\",\"mainEntityOfPage\":{\"@id\":\"https:\/\/jornalfatosenoticias.com.br\/index.php\/2025\/05\/20\/astronomos-detectam-remanescentes-de-supernova-em-forma-de-esfera-perfeita\/\"},\"wordCount\":292,\"commentCount\":0,\"publisher\":{\"@id\":\"https:\/\/jornalfatosenoticias.com.br\/#organization\"},\"image\":{\"@id\":\"https:\/\/jornalfatosenoticias.com.br\/index.php\/2025\/05\/20\/astronomos-detectam-remanescentes-de-supernova-em-forma-de-esfera-perfeita\/#primaryimage\"},\"thumbnailUrl\":\"https:\/\/jornalfatosenoticias.com.br\/wp-content\/uploads\/2025\/05\/supernova-em-forma-de-esfera-perfeita_freepik.jpeg\",\"keywords\":[\"espa\u00e7o\",\"fen\u00f4meno astron\u00f4mico\",\"supernova\",\"telesc\u00f3pio\",\"Terra\",\"Universo\"],\"articleSection\":[\"Ci\u00eancia\"],\"inLanguage\":\"pt-BR\",\"potentialAction\":[{\"@type\":\"CommentAction\",\"name\":\"Comment\",\"target\":[\"https:\/\/jornalfatosenoticias.com.br\/index.php\/2025\/05\/20\/astronomos-detectam-remanescentes-de-supernova-em-forma-de-esfera-perfeita\/#respond\"]}]},{\"@type\":\"WebPage\",\"@id\":\"https:\/\/jornalfatosenoticias.com.br\/index.php\/2025\/05\/20\/astronomos-detectam-remanescentes-de-supernova-em-forma-de-esfera-perfeita\/\",\"url\":\"https:\/\/jornalfatosenoticias.com.br\/index.php\/2025\/05\/20\/astronomos-detectam-remanescentes-de-supernova-em-forma-de-esfera-perfeita\/\",\"name\":\"Astr\u00f4nomos detectam remanescentes de supernova em forma de 'esfera perfeita' - Jornal Fatos e Not\u00edcias\",\"isPartOf\":{\"@id\":\"https:\/\/jornalfatosenoticias.com.br\/#website\"},\"primaryImageOfPage\":{\"@id\":\"https:\/\/jornalfatosenoticias.com.br\/index.php\/2025\/05\/20\/astronomos-detectam-remanescentes-de-supernova-em-forma-de-esfera-perfeita\/#primaryimage\"},\"image\":{\"@id\":\"https:\/\/jornalfatosenoticias.com.br\/index.php\/2025\/05\/20\/astronomos-detectam-remanescentes-de-supernova-em-forma-de-esfera-perfeita\/#primaryimage\"},\"thumbnailUrl\":\"https:\/\/jornalfatosenoticias.com.br\/wp-content\/uploads\/2025\/05\/supernova-em-forma-de-esfera-perfeita_freepik.jpeg\",\"datePublished\":\"2025-05-20T17:16:32+00:00\",\"dateModified\":\"2025-05-20T17:16:35+00:00\",\"breadcrumb\":{\"@id\":\"https:\/\/jornalfatosenoticias.com.br\/index.php\/2025\/05\/20\/astronomos-detectam-remanescentes-de-supernova-em-forma-de-esfera-perfeita\/#breadcrumb\"},\"inLanguage\":\"pt-BR\",\"potentialAction\":[{\"@type\":\"ReadAction\",\"target\":[\"https:\/\/jornalfatosenoticias.com.br\/index.php\/2025\/05\/20\/astronomos-detectam-remanescentes-de-supernova-em-forma-de-esfera-perfeita\/\"]}]},{\"@type\":\"ImageObject\",\"inLanguage\":\"pt-BR\",\"@id\":\"https:\/\/jornalfatosenoticias.com.br\/index.php\/2025\/05\/20\/astronomos-detectam-remanescentes-de-supernova-em-forma-de-esfera-perfeita\/#primaryimage\",\"url\":\"https:\/\/jornalfatosenoticias.com.br\/wp-content\/uploads\/2025\/05\/supernova-em-forma-de-esfera-perfeita_freepik.jpeg\",\"contentUrl\":\"https:\/\/jornalfatosenoticias.com.br\/wp-content\/uploads\/2025\/05\/supernova-em-forma-de-esfera-perfeita_freepik.jpeg\",\"width\":737,\"height\":479},{\"@type\":\"BreadcrumbList\",\"@id\":\"https:\/\/jornalfatosenoticias.com.br\/index.php\/2025\/05\/20\/astronomos-detectam-remanescentes-de-supernova-em-forma-de-esfera-perfeita\/#breadcrumb\",\"itemListElement\":[{\"@type\":\"ListItem\",\"position\":1,\"name\":\"In\u00edcio\",\"item\":\"https:\/\/jornalfatosenoticias.com.br\/\"},{\"@type\":\"ListItem\",\"position\":2,\"name\":\"Astr\u00f4nomos detectam remanescentes de supernova em forma de &#8216;esfera perfeita&#8217;\"}]},{\"@type\":\"WebSite\",\"@id\":\"https:\/\/jornalfatosenoticias.com.br\/#website\",\"url\":\"https:\/\/jornalfatosenoticias.com.br\/\",\"name\":\"Jornal Fatos e Not\u00edcias\",\"description\":\"Not\u00edcias em geral\",\"publisher\":{\"@id\":\"https:\/\/jornalfatosenoticias.com.br\/#organization\"},\"potentialAction\":[{\"@type\":\"SearchAction\",\"target\":{\"@type\":\"EntryPoint\",\"urlTemplate\":\"https:\/\/jornalfatosenoticias.com.br\/?s={search_term_string}\"},\"query-input\":{\"@type\":\"PropertyValueSpecification\",\"valueRequired\":true,\"valueName\":\"search_term_string\"}}],\"inLanguage\":\"pt-BR\"},{\"@type\":\"Organization\",\"@id\":\"https:\/\/jornalfatosenoticias.com.br\/#organization\",\"name\":\"Jornal Fatos e Not\u00edcias\",\"url\":\"https:\/\/jornalfatosenoticias.com.br\/\",\"logo\":{\"@type\":\"ImageObject\",\"inLanguage\":\"pt-BR\",\"@id\":\"https:\/\/jornalfatosenoticias.com.br\/#\/schema\/logo\/image\/\",\"url\":\"https:\/\/jornalfatosenoticias.com.br\/wp-content\/uploads\/2020\/02\/logo120.png\",\"contentUrl\":\"https:\/\/jornalfatosenoticias.com.br\/wp-content\/uploads\/2020\/02\/logo120.png\",\"width\":1227,\"height\":120,\"caption\":\"Jornal Fatos e Not\u00edcias\"},\"image\":{\"@id\":\"https:\/\/jornalfatosenoticias.com.br\/#\/schema\/logo\/image\/\"}},{\"@type\":\"Person\",\"@id\":\"https:\/\/jornalfatosenoticias.com.br\/#\/schema\/person\/d63837fa13ac8666eb9e74e0985d6f81\",\"name\":\"Luzimara Fernandes\",\"image\":{\"@type\":\"ImageObject\",\"inLanguage\":\"pt-BR\",\"@id\":\"https:\/\/jornalfatosenoticias.com.br\/#\/schema\/person\/image\/\",\"url\":\"https:\/\/jornalfatosenoticias.com.br\/wp-content\/uploads\/2025\/05\/EU_portal.jpg\",\"contentUrl\":\"https:\/\/jornalfatosenoticias.com.br\/wp-content\/uploads\/2025\/05\/EU_portal.jpg\",\"caption\":\"Luzimara Fernandes\"},\"description\":\"Jornalista MTB 2358-ES\",\"sameAs\":[\"https:\/\/jornalfatosenoticias.com.br\"],\"url\":\"https:\/\/jornalfatosenoticias.com.br\/index.php\/author\/luzimara\/\"}]}<\/script>\n<!-- \/ Yoast SEO plugin. -->","yoast_head_json":{"title":"Astr\u00f4nomos detectam remanescentes de supernova em forma de 'esfera perfeita' - Jornal Fatos e Not\u00edcias","robots":{"index":"index","follow":"follow","max-snippet":"max-snippet:-1","max-image-preview":"max-image-preview:large","max-video-preview":"max-video-preview:-1"},"canonical":"https:\/\/jornalfatosenoticias.com.br\/index.php\/2025\/05\/20\/astronomos-detectam-remanescentes-de-supernova-em-forma-de-esfera-perfeita\/","og_locale":"pt_BR","og_type":"article","og_title":"Astr\u00f4nomos detectam remanescentes de supernova em forma de 'esfera perfeita' - Jornal Fatos e Not\u00edcias","og_description":"Uma equipe internacional de astr\u00f4nomos relatou sobre a descoberta de um novo remanescente de supernova que mostra uma simetria circular impressionante na forma. A detec\u00e7\u00e3o do remanescente, denominado de Teleios, foi descrita em um artigo de pesquisa publicado\u00a0no servidor de pr\u00e9-impress\u00e3o arXiv.Os remanescentes de supernova (SNRs, na sigla em ingl\u00eas), s\u00e3o restos de uma explos\u00e3o [&hellip;]","og_url":"https:\/\/jornalfatosenoticias.com.br\/index.php\/2025\/05\/20\/astronomos-detectam-remanescentes-de-supernova-em-forma-de-esfera-perfeita\/","og_site_name":"Jornal Fatos e Not\u00edcias","article_published_time":"2025-05-20T17:16:32+00:00","article_modified_time":"2025-05-20T17:16:35+00:00","og_image":[{"width":737,"height":479,"url":"https:\/\/jornalfatosenoticias.com.br\/wp-content\/uploads\/2025\/05\/supernova-em-forma-de-esfera-perfeita_freepik.jpeg","type":"image\/jpeg"}],"author":"Luzimara Fernandes","twitter_card":"summary_large_image","twitter_misc":{"Escrito por":"Luzimara Fernandes","Est. tempo de leitura":"1 minuto"},"schema":{"@context":"https:\/\/schema.org","@graph":[{"@type":"Article","@id":"https:\/\/jornalfatosenoticias.com.br\/index.php\/2025\/05\/20\/astronomos-detectam-remanescentes-de-supernova-em-forma-de-esfera-perfeita\/#article","isPartOf":{"@id":"https:\/\/jornalfatosenoticias.com.br\/index.php\/2025\/05\/20\/astronomos-detectam-remanescentes-de-supernova-em-forma-de-esfera-perfeita\/"},"author":{"name":"Luzimara Fernandes","@id":"https:\/\/jornalfatosenoticias.com.br\/#\/schema\/person\/d63837fa13ac8666eb9e74e0985d6f81"},"headline":"Astr\u00f4nomos detectam remanescentes de supernova em forma de &#8216;esfera perfeita&#8217;","datePublished":"2025-05-20T17:16:32+00:00","dateModified":"2025-05-20T17:16:35+00:00","mainEntityOfPage":{"@id":"https:\/\/jornalfatosenoticias.com.br\/index.php\/2025\/05\/20\/astronomos-detectam-remanescentes-de-supernova-em-forma-de-esfera-perfeita\/"},"wordCount":292,"commentCount":0,"publisher":{"@id":"https:\/\/jornalfatosenoticias.com.br\/#organization"},"image":{"@id":"https:\/\/jornalfatosenoticias.com.br\/index.php\/2025\/05\/20\/astronomos-detectam-remanescentes-de-supernova-em-forma-de-esfera-perfeita\/#primaryimage"},"thumbnailUrl":"https:\/\/jornalfatosenoticias.com.br\/wp-content\/uploads\/2025\/05\/supernova-em-forma-de-esfera-perfeita_freepik.jpeg","keywords":["espa\u00e7o","fen\u00f4meno astron\u00f4mico","supernova","telesc\u00f3pio","Terra","Universo"],"articleSection":["Ci\u00eancia"],"inLanguage":"pt-BR","potentialAction":[{"@type":"CommentAction","name":"Comment","target":["https:\/\/jornalfatosenoticias.com.br\/index.php\/2025\/05\/20\/astronomos-detectam-remanescentes-de-supernova-em-forma-de-esfera-perfeita\/#respond"]}]},{"@type":"WebPage","@id":"https:\/\/jornalfatosenoticias.com.br\/index.php\/2025\/05\/20\/astronomos-detectam-remanescentes-de-supernova-em-forma-de-esfera-perfeita\/","url":"https:\/\/jornalfatosenoticias.com.br\/index.php\/2025\/05\/20\/astronomos-detectam-remanescentes-de-supernova-em-forma-de-esfera-perfeita\/","name":"Astr\u00f4nomos detectam remanescentes de supernova em forma de 'esfera perfeita' - Jornal Fatos e Not\u00edcias","isPartOf":{"@id":"https:\/\/jornalfatosenoticias.com.br\/#website"},"primaryImageOfPage":{"@id":"https:\/\/jornalfatosenoticias.com.br\/index.php\/2025\/05\/20\/astronomos-detectam-remanescentes-de-supernova-em-forma-de-esfera-perfeita\/#primaryimage"},"image":{"@id":"https:\/\/jornalfatosenoticias.com.br\/index.php\/2025\/05\/20\/astronomos-detectam-remanescentes-de-supernova-em-forma-de-esfera-perfeita\/#primaryimage"},"thumbnailUrl":"https:\/\/jornalfatosenoticias.com.br\/wp-content\/uploads\/2025\/05\/supernova-em-forma-de-esfera-perfeita_freepik.jpeg","datePublished":"2025-05-20T17:16:32+00:00","dateModified":"2025-05-20T17:16:35+00:00","breadcrumb":{"@id":"https:\/\/jornalfatosenoticias.com.br\/index.php\/2025\/05\/20\/astronomos-detectam-remanescentes-de-supernova-em-forma-de-esfera-perfeita\/#breadcrumb"},"inLanguage":"pt-BR","potentialAction":[{"@type":"ReadAction","target":["https:\/\/jornalfatosenoticias.com.br\/index.php\/2025\/05\/20\/astronomos-detectam-remanescentes-de-supernova-em-forma-de-esfera-perfeita\/"]}]},{"@type":"ImageObject","inLanguage":"pt-BR","@id":"https:\/\/jornalfatosenoticias.com.br\/index.php\/2025\/05\/20\/astronomos-detectam-remanescentes-de-supernova-em-forma-de-esfera-perfeita\/#primaryimage","url":"https:\/\/jornalfatosenoticias.com.br\/wp-content\/uploads\/2025\/05\/supernova-em-forma-de-esfera-perfeita_freepik.jpeg","contentUrl":"https:\/\/jornalfatosenoticias.com.br\/wp-content\/uploads\/2025\/05\/supernova-em-forma-de-esfera-perfeita_freepik.jpeg","width":737,"height":479},{"@type":"BreadcrumbList","@id":"https:\/\/jornalfatosenoticias.com.br\/index.php\/2025\/05\/20\/astronomos-detectam-remanescentes-de-supernova-em-forma-de-esfera-perfeita\/#breadcrumb","itemListElement":[{"@type":"ListItem","position":1,"name":"In\u00edcio","item":"https:\/\/jornalfatosenoticias.com.br\/"},{"@type":"ListItem","position":2,"name":"Astr\u00f4nomos detectam remanescentes de supernova em forma de &#8216;esfera perfeita&#8217;"}]},{"@type":"WebSite","@id":"https:\/\/jornalfatosenoticias.com.br\/#website","url":"https:\/\/jornalfatosenoticias.com.br\/","name":"Jornal Fatos e Not\u00edcias","description":"Not\u00edcias em geral","publisher":{"@id":"https:\/\/jornalfatosenoticias.com.br\/#organization"},"potentialAction":[{"@type":"SearchAction","target":{"@type":"EntryPoint","urlTemplate":"https:\/\/jornalfatosenoticias.com.br\/?s={search_term_string}"},"query-input":{"@type":"PropertyValueSpecification","valueRequired":true,"valueName":"search_term_string"}}],"inLanguage":"pt-BR"},{"@type":"Organization","@id":"https:\/\/jornalfatosenoticias.com.br\/#organization","name":"Jornal Fatos e Not\u00edcias","url":"https:\/\/jornalfatosenoticias.com.br\/","logo":{"@type":"ImageObject","inLanguage":"pt-BR","@id":"https:\/\/jornalfatosenoticias.com.br\/#\/schema\/logo\/image\/","url":"https:\/\/jornalfatosenoticias.com.br\/wp-content\/uploads\/2020\/02\/logo120.png","contentUrl":"https:\/\/jornalfatosenoticias.com.br\/wp-content\/uploads\/2020\/02\/logo120.png","width":1227,"height":120,"caption":"Jornal Fatos e Not\u00edcias"},"image":{"@id":"https:\/\/jornalfatosenoticias.com.br\/#\/schema\/logo\/image\/"}},{"@type":"Person","@id":"https:\/\/jornalfatosenoticias.com.br\/#\/schema\/person\/d63837fa13ac8666eb9e74e0985d6f81","name":"Luzimara Fernandes","image":{"@type":"ImageObject","inLanguage":"pt-BR","@id":"https:\/\/jornalfatosenoticias.com.br\/#\/schema\/person\/image\/","url":"https:\/\/jornalfatosenoticias.com.br\/wp-content\/uploads\/2025\/05\/EU_portal.jpg","contentUrl":"https:\/\/jornalfatosenoticias.com.br\/wp-content\/uploads\/2025\/05\/EU_portal.jpg","caption":"Luzimara Fernandes"},"description":"Jornalista MTB 2358-ES","sameAs":["https:\/\/jornalfatosenoticias.com.br"],"url":"https:\/\/jornalfatosenoticias.com.br\/index.php\/author\/luzimara\/"}]}},"cc_featured_image_caption":{"caption_text":"(Foto: Freepik) \r\n","source_text":"","source_url":""},"jetpack_featured_media_url":"https:\/\/jornalfatosenoticias.com.br\/wp-content\/uploads\/2025\/05\/supernova-em-forma-de-esfera-perfeita_freepik.jpeg","_links":{"self":[{"href":"https:\/\/jornalfatosenoticias.com.br\/index.php\/wp-json\/wp\/v2\/posts\/59333","targetHints":{"allow":["GET"]}}],"collection":[{"href":"https:\/\/jornalfatosenoticias.com.br\/index.php\/wp-json\/wp\/v2\/posts"}],"about":[{"href":"https:\/\/jornalfatosenoticias.com.br\/index.php\/wp-json\/wp\/v2\/types\/post"}],"author":[{"embeddable":true,"href":"https:\/\/jornalfatosenoticias.com.br\/index.php\/wp-json\/wp\/v2\/users\/2"}],"replies":[{"embeddable":true,"href":"https:\/\/jornalfatosenoticias.com.br\/index.php\/wp-json\/wp\/v2\/comments?post=59333"}],"version-history":[{"count":0,"href":"https:\/\/jornalfatosenoticias.com.br\/index.php\/wp-json\/wp\/v2\/posts\/59333\/revisions"}],"wp:featuredmedia":[{"embeddable":true,"href":"https:\/\/jornalfatosenoticias.com.br\/index.php\/wp-json\/wp\/v2\/media\/59334"}],"wp:attachment":[{"href":"https:\/\/jornalfatosenoticias.com.br\/index.php\/wp-json\/wp\/v2\/media?parent=59333"}],"wp:term":[{"taxonomy":"category","embeddable":true,"href":"https:\/\/jornalfatosenoticias.com.br\/index.php\/wp-json\/wp\/v2\/categories?post=59333"},{"taxonomy":"post_tag","embeddable":true,"href":"https:\/\/jornalfatosenoticias.com.br\/index.php\/wp-json\/wp\/v2\/tags?post=59333"}],"curies":[{"name":"wp","href":"https:\/\/api.w.org\/{rel}","templated":true}]}}