{"id":59348,"date":"2025-05-20T14:46:34","date_gmt":"2025-05-20T17:46:34","guid":{"rendered":"https:\/\/jornalfatosenoticias.com.br\/?p=59348"},"modified":"2025-05-20T14:46:36","modified_gmt":"2025-05-20T17:46:36","slug":"desenterram-na-turquia-antigos-mosaicos-bem-preservados-do-inicio-da-era-crista","status":"publish","type":"post","link":"https:\/\/jornalfatosenoticias.com.br\/index.php\/2025\/05\/20\/desenterram-na-turquia-antigos-mosaicos-bem-preservados-do-inicio-da-era-crista\/","title":{"rendered":"Desenterram na Turquia antigos mosaicos bem preservados do in\u00edcio da era crist\u00e3"},"content":{"rendered":"\n<div class=\"wp-block-image\"><figure class=\"aligncenter size-large\"><a href=\"https:\/\/www.instagram.com\/rcradiadores\/\"><img loading=\"lazy\" decoding=\"async\" width=\"560\" height=\"60\" src=\"https:\/\/jornalfatosenoticias.com.br\/wp-content\/uploads\/2022\/10\/Propaganda-RC-Radiadores-Jornal_page-0001.jpg\" alt=\"\" class=\"wp-image-35270\" srcset=\"https:\/\/jornalfatosenoticias.com.br\/wp-content\/uploads\/2022\/10\/Propaganda-RC-Radiadores-Jornal_page-0001.jpg 560w, https:\/\/jornalfatosenoticias.com.br\/wp-content\/uploads\/2022\/10\/Propaganda-RC-Radiadores-Jornal_page-0001-300x32.jpg 300w\" sizes=\"auto, (max-width: 560px) 100vw, 560px\" \/><\/a><\/figure><\/div>\n\n\n\n<p>Um conjunto de mosaicos notavelmente preservados, que se acredita serem do in\u00edcio da era crist\u00e3, foram descobertos durante escava\u00e7\u00f5es de funda\u00e7\u00f5es no bairro Beyler de Iznik, na prov\u00edncia turca de Bursa. Apresentando <a href=\"https:\/\/noticiabrasil.net.br\/20240925\/descobrem-na-turquia-sarcofago-de-gladiador-romano-de-1800-anos-fotos-36641407.html\" target=\"_blank\" rel=\"noreferrer noopener\"><strong>s\u00edmbolos crist\u00e3os<\/strong><\/a>\u00a0ic\u00f4nicos \u2014 um barco e um cervo \u2014 os especialistas acreditam que os mosaicos tenham origem a partir do s\u00e9culo I at\u00e9 o s\u00e9culo IV, possivelmente durante ou logo ap\u00f3s os tempos de Jesus Cristo,\u00a0<a href=\"https:\/\/arkeonews.net\/ancient-christian-mosaics-unearthed-in-iznik-as-pope-leo-xiv-prepares-historic-visit\/\" target=\"_blank\" rel=\"noreferrer noopener\"><strong>escreve<\/strong><\/a> Arkeonews.<\/p>\n\n\n\n<figure class=\"wp-block-embed-twitter wp-block-embed is-type-rich is-provider-twitter\"><div class=\"wp-block-embed__wrapper\">\nhttps:\/\/twitter.com\/GaGa_Haber\/status\/1923649446409027881?ref_src=twsrc%5Etfw%7Ctwcamp%5Etweetembed%7Ctwterm%5E1923649446409027881%7Ctwgr%5Efbf904e20c28ea72f027a1600acf73700670f46f%7Ctwcon%5Es1_&#038;ref_url=https%3A%2F%2Fnoticiabrasil.net.br%2F20250519%2Fdesenterram-na-turquia-antigos-mosaicos-bem-preservados-do-inicio-da-era-crista-fotos-39583794.html\n<\/div><\/figure>\n\n\n\n<p>Arque\u00f3logos e historiadores sugerem que os mosaicos podem ter se originado nos <a href=\"https:\/\/noticiabrasil.net.br\/20241013\/arqueologos-descobrem-a-igreja-crista-do-seculo-iv-na-armenia-a-mais-antiga-de-seu-tipo-fotos-36902990.html\" target=\"_blank\" rel=\"noreferrer noopener\">primeiros s\u00e9culos do cristianismo<\/a>, marcando um v\u00ednculo inestim\u00e1vel com os primeiros seguidores da f\u00e9. Os especialistas est\u00e3o agora analisando cuidadosamente os\u00a0<a href=\"https:\/\/noticiabrasil.net.br\/20250318\/crise-aguda-igreja-catolica-vive-pressao-para-se-adaptar-a-um-mundo-diferente-38867894.html\" target=\"_blank\" rel=\"noreferrer noopener\">significados teol\u00f3gicos<\/a> e hist\u00f3ricos das figuras, o que pode fornecer uma vis\u00e3o mais profunda dos anos de forma\u00e7\u00e3o do cristianismo.<\/p>\n\n\n\n<div class=\"wp-block-image\"><figure class=\"aligncenter size-large is-resized\"><a href=\"https:\/\/www.controlsystems.com.br\/\"><img loading=\"lazy\" decoding=\"async\" src=\"https:\/\/jornalfatosenoticias.com.br\/wp-content\/uploads\/2020\/02\/CONTROL-CS.jpg\" alt=\"\" class=\"wp-image-44991\" width=\"237\" height=\"284\" srcset=\"https:\/\/jornalfatosenoticias.com.br\/wp-content\/uploads\/2020\/02\/CONTROL-CS.jpg 834w, https:\/\/jornalfatosenoticias.com.br\/wp-content\/uploads\/2020\/02\/CONTROL-CS-250x300.jpg 250w, https:\/\/jornalfatosenoticias.com.br\/wp-content\/uploads\/2020\/02\/CONTROL-CS-768x921.jpg 768w\" sizes=\"auto, (max-width: 237px) 100vw, 237px\" \/><\/a><\/figure><\/div>\n\n\n\n<p><strong>Fonte: <a href=\"https:\/\/noticiabrasil.net.br\/20250519\/desenterram-na-turquia-antigos-mosaicos-bem-preservados-do-inicio-da-era-crista-fotos-39583794.html\">Sputnik Brasil<\/a><\/strong><\/p>\n","protected":false},"excerpt":{"rendered":"<p>Um conjunto de mosaicos notavelmente preservados, que se acredita serem do in\u00edcio da era crist\u00e3, foram descobertos durante escava\u00e7\u00f5es de funda\u00e7\u00f5es no bairro Beyler de Iznik, na prov\u00edncia turca de Bursa. Apresentando s\u00edmbolos crist\u00e3os\u00a0ic\u00f4nicos \u2014 um barco e um cervo \u2014 os especialistas acreditam que os mosaicos tenham origem a partir do s\u00e9culo I at\u00e9 [&hellip;]<\/p>\n","protected":false},"author":2,"featured_media":59349,"comment_status":"open","ping_status":"open","sticky":false,"template":"","format":"standard","meta":{"footnotes":""},"categories":[9808],"tags":[1619,3789,1621,16673,476,145],"class_list":["post-59348","post","type-post","status-publish","format-standard","has-post-thumbnail","hentry","category-paleo-arqueologia","tag-cristianismo","tag-escavacao","tag-jesus-cristo","tag-mosaicos","tag-sitio-arqueologico","tag-turquia"],"yoast_head":"<!-- This site is optimized with the Yoast SEO plugin v26.5 - https:\/\/yoast.com\/wordpress\/plugins\/seo\/ -->\n<title>Desenterram na Turquia antigos mosaicos bem preservados do in\u00edcio da era crist\u00e3 - Jornal Fatos e Not\u00edcias<\/title>\n<meta name=\"robots\" content=\"index, follow, max-snippet:-1, max-image-preview:large, max-video-preview:-1\" \/>\n<link rel=\"canonical\" href=\"https:\/\/jornalfatosenoticias.com.br\/index.php\/2025\/05\/20\/desenterram-na-turquia-antigos-mosaicos-bem-preservados-do-inicio-da-era-crista\/\" \/>\n<meta property=\"og:locale\" content=\"pt_BR\" \/>\n<meta property=\"og:type\" content=\"article\" \/>\n<meta property=\"og:title\" content=\"Desenterram na Turquia antigos mosaicos bem preservados do in\u00edcio da era crist\u00e3 - Jornal Fatos e Not\u00edcias\" \/>\n<meta property=\"og:description\" content=\"Um conjunto de mosaicos notavelmente preservados, que se acredita serem do in\u00edcio da era crist\u00e3, foram descobertos durante escava\u00e7\u00f5es de funda\u00e7\u00f5es no bairro Beyler de Iznik, na prov\u00edncia turca de Bursa. Apresentando s\u00edmbolos crist\u00e3os\u00a0ic\u00f4nicos \u2014 um barco e um cervo \u2014 os especialistas acreditam que os mosaicos tenham origem a partir do s\u00e9culo I at\u00e9 [&hellip;]\" \/>\n<meta property=\"og:url\" content=\"https:\/\/jornalfatosenoticias.com.br\/index.php\/2025\/05\/20\/desenterram-na-turquia-antigos-mosaicos-bem-preservados-do-inicio-da-era-crista\/\" \/>\n<meta property=\"og:site_name\" content=\"Jornal Fatos e Not\u00edcias\" \/>\n<meta property=\"article:published_time\" content=\"2025-05-20T17:46:34+00:00\" \/>\n<meta property=\"article:modified_time\" content=\"2025-05-20T17:46:36+00:00\" \/>\n<meta property=\"og:image\" content=\"https:\/\/jornalfatosenoticias.com.br\/wp-content\/uploads\/2025\/05\/mosaico-Turquia.jpg\" \/>\n\t<meta property=\"og:image:width\" content=\"1000\" \/>\n\t<meta property=\"og:image:height\" content=\"561\" \/>\n\t<meta property=\"og:image:type\" content=\"image\/jpeg\" \/>\n<meta name=\"author\" content=\"Luzimara Fernandes\" \/>\n<meta name=\"twitter:card\" content=\"summary_large_image\" \/>\n<meta name=\"twitter:label1\" content=\"Escrito por\" \/>\n\t<meta name=\"twitter:data1\" content=\"Luzimara Fernandes\" \/>\n\t<meta name=\"twitter:label2\" content=\"Est. tempo de leitura\" \/>\n\t<meta name=\"twitter:data2\" content=\"1 minuto\" \/>\n<script type=\"application\/ld+json\" class=\"yoast-schema-graph\">{\"@context\":\"https:\/\/schema.org\",\"@graph\":[{\"@type\":\"Article\",\"@id\":\"https:\/\/jornalfatosenoticias.com.br\/index.php\/2025\/05\/20\/desenterram-na-turquia-antigos-mosaicos-bem-preservados-do-inicio-da-era-crista\/#article\",\"isPartOf\":{\"@id\":\"https:\/\/jornalfatosenoticias.com.br\/index.php\/2025\/05\/20\/desenterram-na-turquia-antigos-mosaicos-bem-preservados-do-inicio-da-era-crista\/\"},\"author\":{\"name\":\"Luzimara Fernandes\",\"@id\":\"https:\/\/jornalfatosenoticias.com.br\/#\/schema\/person\/d63837fa13ac8666eb9e74e0985d6f81\"},\"headline\":\"Desenterram na Turquia antigos mosaicos bem preservados do in\u00edcio da era crist\u00e3\",\"datePublished\":\"2025-05-20T17:46:34+00:00\",\"dateModified\":\"2025-05-20T17:46:36+00:00\",\"mainEntityOfPage\":{\"@id\":\"https:\/\/jornalfatosenoticias.com.br\/index.php\/2025\/05\/20\/desenterram-na-turquia-antigos-mosaicos-bem-preservados-do-inicio-da-era-crista\/\"},\"wordCount\":195,\"commentCount\":0,\"publisher\":{\"@id\":\"https:\/\/jornalfatosenoticias.com.br\/#organization\"},\"image\":{\"@id\":\"https:\/\/jornalfatosenoticias.com.br\/index.php\/2025\/05\/20\/desenterram-na-turquia-antigos-mosaicos-bem-preservados-do-inicio-da-era-crista\/#primaryimage\"},\"thumbnailUrl\":\"https:\/\/jornalfatosenoticias.com.br\/wp-content\/uploads\/2025\/05\/mosaico-Turquia.jpg\",\"keywords\":[\"cristianismo\",\"escava\u00e7\u00e3o\",\"Jesus Cristo\",\"mosaicos\",\"s\u00edtio arqueol\u00f3gico\",\"Turquia\"],\"articleSection\":[\"Paleo &amp; Arqueologia\"],\"inLanguage\":\"pt-BR\",\"potentialAction\":[{\"@type\":\"CommentAction\",\"name\":\"Comment\",\"target\":[\"https:\/\/jornalfatosenoticias.com.br\/index.php\/2025\/05\/20\/desenterram-na-turquia-antigos-mosaicos-bem-preservados-do-inicio-da-era-crista\/#respond\"]}]},{\"@type\":\"WebPage\",\"@id\":\"https:\/\/jornalfatosenoticias.com.br\/index.php\/2025\/05\/20\/desenterram-na-turquia-antigos-mosaicos-bem-preservados-do-inicio-da-era-crista\/\",\"url\":\"https:\/\/jornalfatosenoticias.com.br\/index.php\/2025\/05\/20\/desenterram-na-turquia-antigos-mosaicos-bem-preservados-do-inicio-da-era-crista\/\",\"name\":\"Desenterram na Turquia antigos mosaicos bem preservados do in\u00edcio da era crist\u00e3 - Jornal Fatos e Not\u00edcias\",\"isPartOf\":{\"@id\":\"https:\/\/jornalfatosenoticias.com.br\/#website\"},\"primaryImageOfPage\":{\"@id\":\"https:\/\/jornalfatosenoticias.com.br\/index.php\/2025\/05\/20\/desenterram-na-turquia-antigos-mosaicos-bem-preservados-do-inicio-da-era-crista\/#primaryimage\"},\"image\":{\"@id\":\"https:\/\/jornalfatosenoticias.com.br\/index.php\/2025\/05\/20\/desenterram-na-turquia-antigos-mosaicos-bem-preservados-do-inicio-da-era-crista\/#primaryimage\"},\"thumbnailUrl\":\"https:\/\/jornalfatosenoticias.com.br\/wp-content\/uploads\/2025\/05\/mosaico-Turquia.jpg\",\"datePublished\":\"2025-05-20T17:46:34+00:00\",\"dateModified\":\"2025-05-20T17:46:36+00:00\",\"breadcrumb\":{\"@id\":\"https:\/\/jornalfatosenoticias.com.br\/index.php\/2025\/05\/20\/desenterram-na-turquia-antigos-mosaicos-bem-preservados-do-inicio-da-era-crista\/#breadcrumb\"},\"inLanguage\":\"pt-BR\",\"potentialAction\":[{\"@type\":\"ReadAction\",\"target\":[\"https:\/\/jornalfatosenoticias.com.br\/index.php\/2025\/05\/20\/desenterram-na-turquia-antigos-mosaicos-bem-preservados-do-inicio-da-era-crista\/\"]}]},{\"@type\":\"ImageObject\",\"inLanguage\":\"pt-BR\",\"@id\":\"https:\/\/jornalfatosenoticias.com.br\/index.php\/2025\/05\/20\/desenterram-na-turquia-antigos-mosaicos-bem-preservados-do-inicio-da-era-crista\/#primaryimage\",\"url\":\"https:\/\/jornalfatosenoticias.com.br\/wp-content\/uploads\/2025\/05\/mosaico-Turquia.jpg\",\"contentUrl\":\"https:\/\/jornalfatosenoticias.com.br\/wp-content\/uploads\/2025\/05\/mosaico-Turquia.jpg\",\"width\":1000,\"height\":561},{\"@type\":\"BreadcrumbList\",\"@id\":\"https:\/\/jornalfatosenoticias.com.br\/index.php\/2025\/05\/20\/desenterram-na-turquia-antigos-mosaicos-bem-preservados-do-inicio-da-era-crista\/#breadcrumb\",\"itemListElement\":[{\"@type\":\"ListItem\",\"position\":1,\"name\":\"In\u00edcio\",\"item\":\"https:\/\/jornalfatosenoticias.com.br\/\"},{\"@type\":\"ListItem\",\"position\":2,\"name\":\"Desenterram na Turquia antigos mosaicos bem preservados do in\u00edcio da era crist\u00e3\"}]},{\"@type\":\"WebSite\",\"@id\":\"https:\/\/jornalfatosenoticias.com.br\/#website\",\"url\":\"https:\/\/jornalfatosenoticias.com.br\/\",\"name\":\"Jornal Fatos e Not\u00edcias\",\"description\":\"Not\u00edcias em geral\",\"publisher\":{\"@id\":\"https:\/\/jornalfatosenoticias.com.br\/#organization\"},\"potentialAction\":[{\"@type\":\"SearchAction\",\"target\":{\"@type\":\"EntryPoint\",\"urlTemplate\":\"https:\/\/jornalfatosenoticias.com.br\/?s={search_term_string}\"},\"query-input\":{\"@type\":\"PropertyValueSpecification\",\"valueRequired\":true,\"valueName\":\"search_term_string\"}}],\"inLanguage\":\"pt-BR\"},{\"@type\":\"Organization\",\"@id\":\"https:\/\/jornalfatosenoticias.com.br\/#organization\",\"name\":\"Jornal Fatos e Not\u00edcias\",\"url\":\"https:\/\/jornalfatosenoticias.com.br\/\",\"logo\":{\"@type\":\"ImageObject\",\"inLanguage\":\"pt-BR\",\"@id\":\"https:\/\/jornalfatosenoticias.com.br\/#\/schema\/logo\/image\/\",\"url\":\"https:\/\/jornalfatosenoticias.com.br\/wp-content\/uploads\/2020\/02\/logo120.png\",\"contentUrl\":\"https:\/\/jornalfatosenoticias.com.br\/wp-content\/uploads\/2020\/02\/logo120.png\",\"width\":1227,\"height\":120,\"caption\":\"Jornal Fatos e Not\u00edcias\"},\"image\":{\"@id\":\"https:\/\/jornalfatosenoticias.com.br\/#\/schema\/logo\/image\/\"}},{\"@type\":\"Person\",\"@id\":\"https:\/\/jornalfatosenoticias.com.br\/#\/schema\/person\/d63837fa13ac8666eb9e74e0985d6f81\",\"name\":\"Luzimara Fernandes\",\"image\":{\"@type\":\"ImageObject\",\"inLanguage\":\"pt-BR\",\"@id\":\"https:\/\/jornalfatosenoticias.com.br\/#\/schema\/person\/image\/\",\"url\":\"https:\/\/jornalfatosenoticias.com.br\/wp-content\/uploads\/2025\/05\/EU_portal.jpg\",\"contentUrl\":\"https:\/\/jornalfatosenoticias.com.br\/wp-content\/uploads\/2025\/05\/EU_portal.jpg\",\"caption\":\"Luzimara Fernandes\"},\"description\":\"Jornalista MTB 2358-ES\",\"sameAs\":[\"https:\/\/jornalfatosenoticias.com.br\"],\"url\":\"https:\/\/jornalfatosenoticias.com.br\/index.php\/author\/luzimara\/\"}]}<\/script>\n<!-- \/ Yoast SEO plugin. -->","yoast_head_json":{"title":"Desenterram na Turquia antigos mosaicos bem preservados do in\u00edcio da era crist\u00e3 - Jornal Fatos e Not\u00edcias","robots":{"index":"index","follow":"follow","max-snippet":"max-snippet:-1","max-image-preview":"max-image-preview:large","max-video-preview":"max-video-preview:-1"},"canonical":"https:\/\/jornalfatosenoticias.com.br\/index.php\/2025\/05\/20\/desenterram-na-turquia-antigos-mosaicos-bem-preservados-do-inicio-da-era-crista\/","og_locale":"pt_BR","og_type":"article","og_title":"Desenterram na Turquia antigos mosaicos bem preservados do in\u00edcio da era crist\u00e3 - Jornal Fatos e Not\u00edcias","og_description":"Um conjunto de mosaicos notavelmente preservados, que se acredita serem do in\u00edcio da era crist\u00e3, foram descobertos durante escava\u00e7\u00f5es de funda\u00e7\u00f5es no bairro Beyler de Iznik, na prov\u00edncia turca de Bursa. Apresentando s\u00edmbolos crist\u00e3os\u00a0ic\u00f4nicos \u2014 um barco e um cervo \u2014 os especialistas acreditam que os mosaicos tenham origem a partir do s\u00e9culo I at\u00e9 [&hellip;]","og_url":"https:\/\/jornalfatosenoticias.com.br\/index.php\/2025\/05\/20\/desenterram-na-turquia-antigos-mosaicos-bem-preservados-do-inicio-da-era-crista\/","og_site_name":"Jornal Fatos e Not\u00edcias","article_published_time":"2025-05-20T17:46:34+00:00","article_modified_time":"2025-05-20T17:46:36+00:00","og_image":[{"width":1000,"height":561,"url":"https:\/\/jornalfatosenoticias.com.br\/wp-content\/uploads\/2025\/05\/mosaico-Turquia.jpg","type":"image\/jpeg"}],"author":"Luzimara Fernandes","twitter_card":"summary_large_image","twitter_misc":{"Escrito por":"Luzimara Fernandes","Est. tempo de leitura":"1 minuto"},"schema":{"@context":"https:\/\/schema.org","@graph":[{"@type":"Article","@id":"https:\/\/jornalfatosenoticias.com.br\/index.php\/2025\/05\/20\/desenterram-na-turquia-antigos-mosaicos-bem-preservados-do-inicio-da-era-crista\/#article","isPartOf":{"@id":"https:\/\/jornalfatosenoticias.com.br\/index.php\/2025\/05\/20\/desenterram-na-turquia-antigos-mosaicos-bem-preservados-do-inicio-da-era-crista\/"},"author":{"name":"Luzimara Fernandes","@id":"https:\/\/jornalfatosenoticias.com.br\/#\/schema\/person\/d63837fa13ac8666eb9e74e0985d6f81"},"headline":"Desenterram na Turquia antigos mosaicos bem preservados do in\u00edcio da era crist\u00e3","datePublished":"2025-05-20T17:46:34+00:00","dateModified":"2025-05-20T17:46:36+00:00","mainEntityOfPage":{"@id":"https:\/\/jornalfatosenoticias.com.br\/index.php\/2025\/05\/20\/desenterram-na-turquia-antigos-mosaicos-bem-preservados-do-inicio-da-era-crista\/"},"wordCount":195,"commentCount":0,"publisher":{"@id":"https:\/\/jornalfatosenoticias.com.br\/#organization"},"image":{"@id":"https:\/\/jornalfatosenoticias.com.br\/index.php\/2025\/05\/20\/desenterram-na-turquia-antigos-mosaicos-bem-preservados-do-inicio-da-era-crista\/#primaryimage"},"thumbnailUrl":"https:\/\/jornalfatosenoticias.com.br\/wp-content\/uploads\/2025\/05\/mosaico-Turquia.jpg","keywords":["cristianismo","escava\u00e7\u00e3o","Jesus Cristo","mosaicos","s\u00edtio arqueol\u00f3gico","Turquia"],"articleSection":["Paleo &amp; Arqueologia"],"inLanguage":"pt-BR","potentialAction":[{"@type":"CommentAction","name":"Comment","target":["https:\/\/jornalfatosenoticias.com.br\/index.php\/2025\/05\/20\/desenterram-na-turquia-antigos-mosaicos-bem-preservados-do-inicio-da-era-crista\/#respond"]}]},{"@type":"WebPage","@id":"https:\/\/jornalfatosenoticias.com.br\/index.php\/2025\/05\/20\/desenterram-na-turquia-antigos-mosaicos-bem-preservados-do-inicio-da-era-crista\/","url":"https:\/\/jornalfatosenoticias.com.br\/index.php\/2025\/05\/20\/desenterram-na-turquia-antigos-mosaicos-bem-preservados-do-inicio-da-era-crista\/","name":"Desenterram na Turquia antigos mosaicos bem preservados do in\u00edcio da era crist\u00e3 - Jornal Fatos e Not\u00edcias","isPartOf":{"@id":"https:\/\/jornalfatosenoticias.com.br\/#website"},"primaryImageOfPage":{"@id":"https:\/\/jornalfatosenoticias.com.br\/index.php\/2025\/05\/20\/desenterram-na-turquia-antigos-mosaicos-bem-preservados-do-inicio-da-era-crista\/#primaryimage"},"image":{"@id":"https:\/\/jornalfatosenoticias.com.br\/index.php\/2025\/05\/20\/desenterram-na-turquia-antigos-mosaicos-bem-preservados-do-inicio-da-era-crista\/#primaryimage"},"thumbnailUrl":"https:\/\/jornalfatosenoticias.com.br\/wp-content\/uploads\/2025\/05\/mosaico-Turquia.jpg","datePublished":"2025-05-20T17:46:34+00:00","dateModified":"2025-05-20T17:46:36+00:00","breadcrumb":{"@id":"https:\/\/jornalfatosenoticias.com.br\/index.php\/2025\/05\/20\/desenterram-na-turquia-antigos-mosaicos-bem-preservados-do-inicio-da-era-crista\/#breadcrumb"},"inLanguage":"pt-BR","potentialAction":[{"@type":"ReadAction","target":["https:\/\/jornalfatosenoticias.com.br\/index.php\/2025\/05\/20\/desenterram-na-turquia-antigos-mosaicos-bem-preservados-do-inicio-da-era-crista\/"]}]},{"@type":"ImageObject","inLanguage":"pt-BR","@id":"https:\/\/jornalfatosenoticias.com.br\/index.php\/2025\/05\/20\/desenterram-na-turquia-antigos-mosaicos-bem-preservados-do-inicio-da-era-crista\/#primaryimage","url":"https:\/\/jornalfatosenoticias.com.br\/wp-content\/uploads\/2025\/05\/mosaico-Turquia.jpg","contentUrl":"https:\/\/jornalfatosenoticias.com.br\/wp-content\/uploads\/2025\/05\/mosaico-Turquia.jpg","width":1000,"height":561},{"@type":"BreadcrumbList","@id":"https:\/\/jornalfatosenoticias.com.br\/index.php\/2025\/05\/20\/desenterram-na-turquia-antigos-mosaicos-bem-preservados-do-inicio-da-era-crista\/#breadcrumb","itemListElement":[{"@type":"ListItem","position":1,"name":"In\u00edcio","item":"https:\/\/jornalfatosenoticias.com.br\/"},{"@type":"ListItem","position":2,"name":"Desenterram na Turquia antigos mosaicos bem preservados do in\u00edcio da era crist\u00e3"}]},{"@type":"WebSite","@id":"https:\/\/jornalfatosenoticias.com.br\/#website","url":"https:\/\/jornalfatosenoticias.com.br\/","name":"Jornal Fatos e Not\u00edcias","description":"Not\u00edcias em geral","publisher":{"@id":"https:\/\/jornalfatosenoticias.com.br\/#organization"},"potentialAction":[{"@type":"SearchAction","target":{"@type":"EntryPoint","urlTemplate":"https:\/\/jornalfatosenoticias.com.br\/?s={search_term_string}"},"query-input":{"@type":"PropertyValueSpecification","valueRequired":true,"valueName":"search_term_string"}}],"inLanguage":"pt-BR"},{"@type":"Organization","@id":"https:\/\/jornalfatosenoticias.com.br\/#organization","name":"Jornal Fatos e Not\u00edcias","url":"https:\/\/jornalfatosenoticias.com.br\/","logo":{"@type":"ImageObject","inLanguage":"pt-BR","@id":"https:\/\/jornalfatosenoticias.com.br\/#\/schema\/logo\/image\/","url":"https:\/\/jornalfatosenoticias.com.br\/wp-content\/uploads\/2020\/02\/logo120.png","contentUrl":"https:\/\/jornalfatosenoticias.com.br\/wp-content\/uploads\/2020\/02\/logo120.png","width":1227,"height":120,"caption":"Jornal Fatos e Not\u00edcias"},"image":{"@id":"https:\/\/jornalfatosenoticias.com.br\/#\/schema\/logo\/image\/"}},{"@type":"Person","@id":"https:\/\/jornalfatosenoticias.com.br\/#\/schema\/person\/d63837fa13ac8666eb9e74e0985d6f81","name":"Luzimara Fernandes","image":{"@type":"ImageObject","inLanguage":"pt-BR","@id":"https:\/\/jornalfatosenoticias.com.br\/#\/schema\/person\/image\/","url":"https:\/\/jornalfatosenoticias.com.br\/wp-content\/uploads\/2025\/05\/EU_portal.jpg","contentUrl":"https:\/\/jornalfatosenoticias.com.br\/wp-content\/uploads\/2025\/05\/EU_portal.jpg","caption":"Luzimara Fernandes"},"description":"Jornalista MTB 2358-ES","sameAs":["https:\/\/jornalfatosenoticias.com.br"],"url":"https:\/\/jornalfatosenoticias.com.br\/index.php\/author\/luzimara\/"}]}},"cc_featured_image_caption":{"caption_text":"(Foto: Reprodu\u00e7\u00e3o) ","source_text":"","source_url":""},"jetpack_featured_media_url":"https:\/\/jornalfatosenoticias.com.br\/wp-content\/uploads\/2025\/05\/mosaico-Turquia.jpg","_links":{"self":[{"href":"https:\/\/jornalfatosenoticias.com.br\/index.php\/wp-json\/wp\/v2\/posts\/59348","targetHints":{"allow":["GET"]}}],"collection":[{"href":"https:\/\/jornalfatosenoticias.com.br\/index.php\/wp-json\/wp\/v2\/posts"}],"about":[{"href":"https:\/\/jornalfatosenoticias.com.br\/index.php\/wp-json\/wp\/v2\/types\/post"}],"author":[{"embeddable":true,"href":"https:\/\/jornalfatosenoticias.com.br\/index.php\/wp-json\/wp\/v2\/users\/2"}],"replies":[{"embeddable":true,"href":"https:\/\/jornalfatosenoticias.com.br\/index.php\/wp-json\/wp\/v2\/comments?post=59348"}],"version-history":[{"count":0,"href":"https:\/\/jornalfatosenoticias.com.br\/index.php\/wp-json\/wp\/v2\/posts\/59348\/revisions"}],"wp:featuredmedia":[{"embeddable":true,"href":"https:\/\/jornalfatosenoticias.com.br\/index.php\/wp-json\/wp\/v2\/media\/59349"}],"wp:attachment":[{"href":"https:\/\/jornalfatosenoticias.com.br\/index.php\/wp-json\/wp\/v2\/media?parent=59348"}],"wp:term":[{"taxonomy":"category","embeddable":true,"href":"https:\/\/jornalfatosenoticias.com.br\/index.php\/wp-json\/wp\/v2\/categories?post=59348"},{"taxonomy":"post_tag","embeddable":true,"href":"https:\/\/jornalfatosenoticias.com.br\/index.php\/wp-json\/wp\/v2\/tags?post=59348"}],"curies":[{"name":"wp","href":"https:\/\/api.w.org\/{rel}","templated":true}]}}