{"id":59361,"date":"2025-05-20T15:33:32","date_gmt":"2025-05-20T18:33:32","guid":{"rendered":"https:\/\/jornalfatosenoticias.com.br\/?p=59361"},"modified":"2025-05-21T21:55:56","modified_gmt":"2025-05-22T00:55:56","slug":"sp-vai-usar-inteligencia-artificial-para-corrigir-licoes-na-rede-estadual","status":"publish","type":"post","link":"https:\/\/jornalfatosenoticias.com.br\/index.php\/2025\/05\/20\/sp-vai-usar-inteligencia-artificial-para-corrigir-licoes-na-rede-estadual\/","title":{"rendered":"SP vai usar intelig\u00eancia artificial para corrigir li\u00e7\u00f5es na rede estadual"},"content":{"rendered":"\n<p><em><span class=\"has-inline-color has-black-color\">Projeto-piloto do TarefaSP come\u00e7a com alunos do 8.\u00ba ano e da 1.\u00aa s\u00e9rie do ensino m\u00e9dio; IA vai corrigir 5% dos exerc\u00edcios<\/span><\/em><\/p>\n\n\n\n<p><span class=\"has-inline-color has-black-color\">Por <strong>Gabriel Marin de Oliveira<\/strong><\/span><\/p>\n\n\n\n<div class=\"wp-block-image\"><figure class=\"aligncenter size-large\"><a href=\"https:\/\/www.instagram.com\/rcradiadores\/\"><img loading=\"lazy\" decoding=\"async\" width=\"560\" height=\"60\" src=\"https:\/\/jornalfatosenoticias.com.br\/wp-content\/uploads\/2022\/10\/Propaganda-RC-Radiadores-Jornal_page-0001.jpg\" alt=\"\" class=\"wp-image-35270\" srcset=\"https:\/\/jornalfatosenoticias.com.br\/wp-content\/uploads\/2022\/10\/Propaganda-RC-Radiadores-Jornal_page-0001.jpg 560w, https:\/\/jornalfatosenoticias.com.br\/wp-content\/uploads\/2022\/10\/Propaganda-RC-Radiadores-Jornal_page-0001-300x32.jpg 300w\" sizes=\"auto, (max-width: 560px) 100vw, 560px\" \/><\/a><\/figure><\/div>\n\n\n\n<p>O governo de <strong><a href=\"https:\/\/aventurasnahistoria.com.br\/noticias\/historia-hoje\/cientistas-encontram-indicios-de-interacao-humana-em-dentes-de-mamifero-extinto.phtml\" rel=\"noreferrer noopener\" target=\"_blank\">S\u00e3o Paulo<\/a><\/strong> anunciou, nesta segunda-feira (19), uma nova fase no uso de tecnologia nas escolas p\u00fablicas: estudantes e professores da rede estadual de ensino ter\u00e3o o&nbsp;<mark>apoio da intelig\u00eancia artificial (IA) para corrigir exerc\u00edcios de li\u00e7\u00e3o de casa.<\/mark> A iniciativa ser\u00e1 aplicada por meio do TarefaSP, ferramenta lan\u00e7ada pela Secretaria da Educa\u00e7\u00e3o do Estado (Seduc) em 2023, voltada a alunos do 6.\u00ba ano do <strong><a href=\"https:\/\/aventurasnahistoria.com.br\/noticias\/historia-hoje\/veterano-quesquecido-da-guerra-civil-ganhara-lapide-apos-pesquisa-de-adolescentes.phtml\" rel=\"noreferrer noopener\" target=\"_blank\">ensino fundamental<\/a><\/strong> \u00e0 3.\u00aa s\u00e9rie do <strong><a href=\"https:\/\/aventurasnahistoria.com.br\/noticias\/historia-hoje\/adolescentes-alemaes-fazem-gesto-neonazista-em-auschwitz.phtml\" rel=\"noreferrer noopener\" target=\"_blank\">ensino m\u00e9dio<\/a>.<\/strong><br>De forma inicial, a <a href=\"https:\/\/aventurasnahistoria.com.br\/noticias\/reportagem\/quem-tem-medo-da-ia.phtml\" rel=\"noreferrer noopener\" target=\"_blank\"><strong>IA<\/strong><\/a>&nbsp;ser\u00e1 utilizada em car\u00e1ter experimental,&nbsp;<mark>corrigindo 5% dos exerc\u00edcios presentes na plataforma<\/mark>. O projeto-piloto contemplar\u00e1 atividades tanto de m\u00faltipla escolha quanto dissertativas, aplicadas a estudantes do 8.\u00ba ano do ensino fundamental e da 1.\u00aa s\u00e9rie do ensino m\u00e9dio. <mark>A corre\u00e7\u00e3o ocorrer\u00e1 diretamente na ferramenta TarefaSP<\/mark>: ao responder uma quest\u00e3o, a resposta do aluno ser\u00e1 processada pela IA, que a comparar\u00e1 com a solu\u00e7\u00e3o elaborada por especialistas da Seduc.<\/p>\n\n\n\n<div class=\"wp-block-image\"><figure class=\"aligncenter size-large is-resized\"><a href=\"https:\/\/www.facebook.com\/postobkr\/?locale=pt_BR\"><img loading=\"lazy\" decoding=\"async\" src=\"https:\/\/jornalfatosenoticias.com.br\/wp-content\/uploads\/2023\/08\/BKR-1024x1021.jpg\" alt=\"\" class=\"wp-image-44494\" width=\"316\" height=\"315\" srcset=\"https:\/\/jornalfatosenoticias.com.br\/wp-content\/uploads\/2023\/08\/BKR-1024x1021.jpg 1024w, https:\/\/jornalfatosenoticias.com.br\/wp-content\/uploads\/2023\/08\/BKR-300x300.jpg 300w, https:\/\/jornalfatosenoticias.com.br\/wp-content\/uploads\/2023\/08\/BKR-150x150.jpg 150w, https:\/\/jornalfatosenoticias.com.br\/wp-content\/uploads\/2023\/08\/BKR-768x766.jpg 768w, https:\/\/jornalfatosenoticias.com.br\/wp-content\/uploads\/2023\/08\/BKR.jpg 1080w\" sizes=\"auto, (max-width: 316px) 100vw, 316px\" \/><\/a><\/figure><\/div>\n\n\n\n<p>Em seguida, o sistema classificar\u00e1 a resposta como correta, parcialmente correta ou incorreta, sempre acompanhada de uma breve explica\u00e7\u00e3o. O aluno tamb\u00e9m poder\u00e1 avaliar o feedback gerado pela IA.&nbsp;<mark>Os exerc\u00edcios avaliados neste piloto n\u00e3o contar\u00e3o nota.<\/mark><\/p>\n\n\n\n<div class=\"wp-block-image\"><figure class=\"aligncenter size-large is-resized\"><a href=\"https:\/\/www.legisjuris.com.br\/\"><img loading=\"lazy\" decoding=\"async\" src=\"https:\/\/jornalfatosenoticias.com.br\/wp-content\/uploads\/2024\/09\/Legis-Juris-Consultoria_logo.jpg\" alt=\"\" class=\"wp-image-53915\" width=\"482\" height=\"202\" srcset=\"https:\/\/jornalfatosenoticias.com.br\/wp-content\/uploads\/2024\/09\/Legis-Juris-Consultoria_logo.jpg 969w, https:\/\/jornalfatosenoticias.com.br\/wp-content\/uploads\/2024\/09\/Legis-Juris-Consultoria_logo-300x126.jpg 300w, https:\/\/jornalfatosenoticias.com.br\/wp-content\/uploads\/2024\/09\/Legis-Juris-Consultoria_logo-768x322.jpg 768w\" sizes=\"auto, (max-width: 482px) 100vw, 482px\" \/><\/a><\/figure><\/div>\n\n\n\n<p><strong><span class=\"has-inline-color has-black-color\">Ajuda<br><\/span><\/strong>Segundo o UOL, para o secret\u00e1rio estadual da Educa\u00e7\u00e3o, <strong>Renato Feder<\/strong>, o uso da intelig\u00eancia artificial contribui para&nbsp;<mark>aliviar a carga de trabalho dos professores<\/mark>, permitindo que eles concentrem seu tempo em atividades pedag\u00f3gicas mais estrat\u00e9gicas. <\/p>\n\n\n\n<blockquote class=\"wp-block-quote is-layout-flow wp-block-quote-is-layout-flow\"><p><span class=\"has-inline-color has-luminous-vivid-orange-color\">A intelig\u00eancia artificial, ao corrigir as tarefas, melhora o engajamento dos estudantes, aumenta o esfor\u00e7o deles e prioriza o tempo dos professores na parte mais importante, que \u00e9 ensinar\u201d, afirmou Feder.<\/span><\/p><\/blockquote>\n\n\n\n<div class=\"wp-block-image\"><figure class=\"aligncenter size-large is-resized\"><a href=\"https:\/\/www.instagram.com\/serra4x4cambioautomatico\/\"><img loading=\"lazy\" decoding=\"async\" src=\"https:\/\/jornalfatosenoticias.com.br\/wp-content\/uploads\/2024\/08\/Serra-4x4-1-886x1024.jpg\" alt=\"\" class=\"wp-image-53632\" width=\"289\" height=\"334\" srcset=\"https:\/\/jornalfatosenoticias.com.br\/wp-content\/uploads\/2024\/08\/Serra-4x4-1-886x1024.jpg 886w, https:\/\/jornalfatosenoticias.com.br\/wp-content\/uploads\/2024\/08\/Serra-4x4-1-260x300.jpg 260w, https:\/\/jornalfatosenoticias.com.br\/wp-content\/uploads\/2024\/08\/Serra-4x4-1-768x888.jpg 768w, https:\/\/jornalfatosenoticias.com.br\/wp-content\/uploads\/2024\/08\/Serra-4x4-1.jpg 1181w\" sizes=\"auto, (max-width: 289px) 100vw, 289px\" \/><\/a><\/figure><\/div>\n\n\n\n<p>Os professores continuar\u00e3o tendo acesso a todas as atividades e&nbsp;<mark>poder\u00e3o inserir coment\u00e1rios nas corre\u00e7\u00f5es<\/mark>, como j\u00e1 ocorre com as quest\u00f5es objetivas. A expectativa da pasta \u00e9 de que o uso da IA amplie a quantidade de atividades dissertativas realizadas pelos alunos, refor\u00e7ando compet\u00eancias fundamentais para vestibulares e avalia\u00e7\u00f5es internacionais, como o Programa Internacional de Avalia\u00e7\u00e3o dos Estudantes (PISA).<\/p>\n\n\n\n<p><strong>Fonte: <a href=\"https:\/\/aventurasnahistoria.com.br\/noticias\/historia-hoje\/sp-vai-usar-inteligencia-artificial-para-corrigir-licoes-na-rede-estadual.phtml\">Aventuras na Hist\u00f3ria<\/a><\/strong><\/p>\n","protected":false},"excerpt":{"rendered":"<p>Projeto-piloto do TarefaSP come\u00e7a com alunos do 8.\u00ba ano e da 1.\u00aa s\u00e9rie do ensino m\u00e9dio; IA vai corrigir 5% dos exerc\u00edcios Por Gabriel Marin de Oliveira O governo de S\u00e3o Paulo anunciou, nesta segunda-feira (19), uma nova fase no uso de tecnologia nas escolas p\u00fablicas: estudantes e professores da rede estadual de ensino ter\u00e3o [&hellip;]<\/p>\n","protected":false},"author":2,"featured_media":59362,"comment_status":"open","ping_status":"open","sticky":false,"template":"","format":"standard","meta":{"footnotes":""},"categories":[7],"tags":[2811,649,597,670,356,7274,53,3498,27095,305,24276],"class_list":["post-59361","post","type-post","status-publish","format-standard","has-post-thumbnail","hentry","category-educacao","tag-adolescentes","tag-alunos","tag-brasil","tag-criancas","tag-escolas","tag-exercicios","tag-inteligencia-artificial","tag-jovens","tag-licao-de-casa","tag-sao-paulo","tag-tarefa"],"yoast_head":"<!-- This site is optimized with the Yoast SEO plugin v26.5 - https:\/\/yoast.com\/wordpress\/plugins\/seo\/ -->\n<title>SP vai usar intelig\u00eancia artificial para corrigir li\u00e7\u00f5es na rede estadual - Jornal Fatos e Not\u00edcias<\/title>\n<meta name=\"robots\" content=\"index, follow, max-snippet:-1, max-image-preview:large, max-video-preview:-1\" \/>\n<link rel=\"canonical\" href=\"https:\/\/jornalfatosenoticias.com.br\/index.php\/2025\/05\/20\/sp-vai-usar-inteligencia-artificial-para-corrigir-licoes-na-rede-estadual\/\" \/>\n<meta property=\"og:locale\" content=\"pt_BR\" \/>\n<meta property=\"og:type\" content=\"article\" \/>\n<meta property=\"og:title\" content=\"SP vai usar intelig\u00eancia artificial para corrigir li\u00e7\u00f5es na rede estadual - Jornal Fatos e Not\u00edcias\" \/>\n<meta property=\"og:description\" content=\"Projeto-piloto do TarefaSP come\u00e7a com alunos do 8.\u00ba ano e da 1.\u00aa s\u00e9rie do ensino m\u00e9dio; IA vai corrigir 5% dos exerc\u00edcios Por Gabriel Marin de Oliveira O governo de S\u00e3o Paulo anunciou, nesta segunda-feira (19), uma nova fase no uso de tecnologia nas escolas p\u00fablicas: estudantes e professores da rede estadual de ensino ter\u00e3o [&hellip;]\" \/>\n<meta property=\"og:url\" content=\"https:\/\/jornalfatosenoticias.com.br\/index.php\/2025\/05\/20\/sp-vai-usar-inteligencia-artificial-para-corrigir-licoes-na-rede-estadual\/\" \/>\n<meta property=\"og:site_name\" content=\"Jornal Fatos e Not\u00edcias\" \/>\n<meta property=\"article:published_time\" content=\"2025-05-20T18:33:32+00:00\" \/>\n<meta property=\"article:modified_time\" content=\"2025-05-22T00:55:56+00:00\" \/>\n<meta property=\"og:image\" content=\"https:\/\/jornalfatosenoticias.com.br\/wp-content\/uploads\/2025\/05\/ia-escola-estadual_SP.jpg\" \/>\n\t<meta property=\"og:image:width\" content=\"1000\" \/>\n\t<meta property=\"og:image:height\" content=\"750\" \/>\n\t<meta property=\"og:image:type\" content=\"image\/jpeg\" \/>\n<meta name=\"author\" content=\"Luzimara Fernandes\" \/>\n<meta name=\"twitter:card\" content=\"summary_large_image\" \/>\n<meta name=\"twitter:label1\" content=\"Escrito por\" \/>\n\t<meta name=\"twitter:data1\" content=\"Luzimara Fernandes\" \/>\n\t<meta name=\"twitter:label2\" content=\"Est. tempo de leitura\" \/>\n\t<meta name=\"twitter:data2\" content=\"2 minutos\" \/>\n<script type=\"application\/ld+json\" class=\"yoast-schema-graph\">{\"@context\":\"https:\/\/schema.org\",\"@graph\":[{\"@type\":\"Article\",\"@id\":\"https:\/\/jornalfatosenoticias.com.br\/index.php\/2025\/05\/20\/sp-vai-usar-inteligencia-artificial-para-corrigir-licoes-na-rede-estadual\/#article\",\"isPartOf\":{\"@id\":\"https:\/\/jornalfatosenoticias.com.br\/index.php\/2025\/05\/20\/sp-vai-usar-inteligencia-artificial-para-corrigir-licoes-na-rede-estadual\/\"},\"author\":{\"name\":\"Luzimara Fernandes\",\"@id\":\"https:\/\/jornalfatosenoticias.com.br\/#\/schema\/person\/d63837fa13ac8666eb9e74e0985d6f81\"},\"headline\":\"SP vai usar intelig\u00eancia artificial para corrigir li\u00e7\u00f5es na rede estadual\",\"datePublished\":\"2025-05-20T18:33:32+00:00\",\"dateModified\":\"2025-05-22T00:55:56+00:00\",\"mainEntityOfPage\":{\"@id\":\"https:\/\/jornalfatosenoticias.com.br\/index.php\/2025\/05\/20\/sp-vai-usar-inteligencia-artificial-para-corrigir-licoes-na-rede-estadual\/\"},\"wordCount\":393,\"commentCount\":0,\"publisher\":{\"@id\":\"https:\/\/jornalfatosenoticias.com.br\/#organization\"},\"image\":{\"@id\":\"https:\/\/jornalfatosenoticias.com.br\/index.php\/2025\/05\/20\/sp-vai-usar-inteligencia-artificial-para-corrigir-licoes-na-rede-estadual\/#primaryimage\"},\"thumbnailUrl\":\"https:\/\/jornalfatosenoticias.com.br\/wp-content\/uploads\/2025\/05\/ia-escola-estadual_SP.jpg\",\"keywords\":[\"adolescentes\",\"alunos\",\"Brasil\",\"crian\u00e7as\",\"escolas\",\"exerc\u00edcios\",\"intelig\u00eancia artificial\",\"jovens\",\"li\u00e7\u00e3o de casa\",\"S\u00e3o Paulo\",\"tarefa\"],\"articleSection\":[\"Educa\u00e7\u00e3o\"],\"inLanguage\":\"pt-BR\",\"potentialAction\":[{\"@type\":\"CommentAction\",\"name\":\"Comment\",\"target\":[\"https:\/\/jornalfatosenoticias.com.br\/index.php\/2025\/05\/20\/sp-vai-usar-inteligencia-artificial-para-corrigir-licoes-na-rede-estadual\/#respond\"]}]},{\"@type\":\"WebPage\",\"@id\":\"https:\/\/jornalfatosenoticias.com.br\/index.php\/2025\/05\/20\/sp-vai-usar-inteligencia-artificial-para-corrigir-licoes-na-rede-estadual\/\",\"url\":\"https:\/\/jornalfatosenoticias.com.br\/index.php\/2025\/05\/20\/sp-vai-usar-inteligencia-artificial-para-corrigir-licoes-na-rede-estadual\/\",\"name\":\"SP vai usar intelig\u00eancia artificial para corrigir li\u00e7\u00f5es na rede estadual - Jornal Fatos e Not\u00edcias\",\"isPartOf\":{\"@id\":\"https:\/\/jornalfatosenoticias.com.br\/#website\"},\"primaryImageOfPage\":{\"@id\":\"https:\/\/jornalfatosenoticias.com.br\/index.php\/2025\/05\/20\/sp-vai-usar-inteligencia-artificial-para-corrigir-licoes-na-rede-estadual\/#primaryimage\"},\"image\":{\"@id\":\"https:\/\/jornalfatosenoticias.com.br\/index.php\/2025\/05\/20\/sp-vai-usar-inteligencia-artificial-para-corrigir-licoes-na-rede-estadual\/#primaryimage\"},\"thumbnailUrl\":\"https:\/\/jornalfatosenoticias.com.br\/wp-content\/uploads\/2025\/05\/ia-escola-estadual_SP.jpg\",\"datePublished\":\"2025-05-20T18:33:32+00:00\",\"dateModified\":\"2025-05-22T00:55:56+00:00\",\"breadcrumb\":{\"@id\":\"https:\/\/jornalfatosenoticias.com.br\/index.php\/2025\/05\/20\/sp-vai-usar-inteligencia-artificial-para-corrigir-licoes-na-rede-estadual\/#breadcrumb\"},\"inLanguage\":\"pt-BR\",\"potentialAction\":[{\"@type\":\"ReadAction\",\"target\":[\"https:\/\/jornalfatosenoticias.com.br\/index.php\/2025\/05\/20\/sp-vai-usar-inteligencia-artificial-para-corrigir-licoes-na-rede-estadual\/\"]}]},{\"@type\":\"ImageObject\",\"inLanguage\":\"pt-BR\",\"@id\":\"https:\/\/jornalfatosenoticias.com.br\/index.php\/2025\/05\/20\/sp-vai-usar-inteligencia-artificial-para-corrigir-licoes-na-rede-estadual\/#primaryimage\",\"url\":\"https:\/\/jornalfatosenoticias.com.br\/wp-content\/uploads\/2025\/05\/ia-escola-estadual_SP.jpg\",\"contentUrl\":\"https:\/\/jornalfatosenoticias.com.br\/wp-content\/uploads\/2025\/05\/ia-escola-estadual_SP.jpg\",\"width\":1000,\"height\":750},{\"@type\":\"BreadcrumbList\",\"@id\":\"https:\/\/jornalfatosenoticias.com.br\/index.php\/2025\/05\/20\/sp-vai-usar-inteligencia-artificial-para-corrigir-licoes-na-rede-estadual\/#breadcrumb\",\"itemListElement\":[{\"@type\":\"ListItem\",\"position\":1,\"name\":\"In\u00edcio\",\"item\":\"https:\/\/jornalfatosenoticias.com.br\/\"},{\"@type\":\"ListItem\",\"position\":2,\"name\":\"SP vai usar intelig\u00eancia artificial para corrigir li\u00e7\u00f5es na rede estadual\"}]},{\"@type\":\"WebSite\",\"@id\":\"https:\/\/jornalfatosenoticias.com.br\/#website\",\"url\":\"https:\/\/jornalfatosenoticias.com.br\/\",\"name\":\"Jornal Fatos e Not\u00edcias\",\"description\":\"Not\u00edcias em geral\",\"publisher\":{\"@id\":\"https:\/\/jornalfatosenoticias.com.br\/#organization\"},\"potentialAction\":[{\"@type\":\"SearchAction\",\"target\":{\"@type\":\"EntryPoint\",\"urlTemplate\":\"https:\/\/jornalfatosenoticias.com.br\/?s={search_term_string}\"},\"query-input\":{\"@type\":\"PropertyValueSpecification\",\"valueRequired\":true,\"valueName\":\"search_term_string\"}}],\"inLanguage\":\"pt-BR\"},{\"@type\":\"Organization\",\"@id\":\"https:\/\/jornalfatosenoticias.com.br\/#organization\",\"name\":\"Jornal Fatos e Not\u00edcias\",\"url\":\"https:\/\/jornalfatosenoticias.com.br\/\",\"logo\":{\"@type\":\"ImageObject\",\"inLanguage\":\"pt-BR\",\"@id\":\"https:\/\/jornalfatosenoticias.com.br\/#\/schema\/logo\/image\/\",\"url\":\"https:\/\/jornalfatosenoticias.com.br\/wp-content\/uploads\/2020\/02\/logo120.png\",\"contentUrl\":\"https:\/\/jornalfatosenoticias.com.br\/wp-content\/uploads\/2020\/02\/logo120.png\",\"width\":1227,\"height\":120,\"caption\":\"Jornal Fatos e Not\u00edcias\"},\"image\":{\"@id\":\"https:\/\/jornalfatosenoticias.com.br\/#\/schema\/logo\/image\/\"}},{\"@type\":\"Person\",\"@id\":\"https:\/\/jornalfatosenoticias.com.br\/#\/schema\/person\/d63837fa13ac8666eb9e74e0985d6f81\",\"name\":\"Luzimara Fernandes\",\"image\":{\"@type\":\"ImageObject\",\"inLanguage\":\"pt-BR\",\"@id\":\"https:\/\/jornalfatosenoticias.com.br\/#\/schema\/person\/image\/\",\"url\":\"https:\/\/jornalfatosenoticias.com.br\/wp-content\/uploads\/2025\/05\/EU_portal.jpg\",\"contentUrl\":\"https:\/\/jornalfatosenoticias.com.br\/wp-content\/uploads\/2025\/05\/EU_portal.jpg\",\"caption\":\"Luzimara Fernandes\"},\"description\":\"Jornalista MTB 2358-ES\",\"sameAs\":[\"https:\/\/jornalfatosenoticias.com.br\"],\"url\":\"https:\/\/jornalfatosenoticias.com.br\/index.php\/author\/luzimara\/\"}]}<\/script>\n<!-- \/ Yoast SEO plugin. -->","yoast_head_json":{"title":"SP vai usar intelig\u00eancia artificial para corrigir li\u00e7\u00f5es na rede estadual - Jornal Fatos e Not\u00edcias","robots":{"index":"index","follow":"follow","max-snippet":"max-snippet:-1","max-image-preview":"max-image-preview:large","max-video-preview":"max-video-preview:-1"},"canonical":"https:\/\/jornalfatosenoticias.com.br\/index.php\/2025\/05\/20\/sp-vai-usar-inteligencia-artificial-para-corrigir-licoes-na-rede-estadual\/","og_locale":"pt_BR","og_type":"article","og_title":"SP vai usar intelig\u00eancia artificial para corrigir li\u00e7\u00f5es na rede estadual - Jornal Fatos e Not\u00edcias","og_description":"Projeto-piloto do TarefaSP come\u00e7a com alunos do 8.\u00ba ano e da 1.\u00aa s\u00e9rie do ensino m\u00e9dio; IA vai corrigir 5% dos exerc\u00edcios Por Gabriel Marin de Oliveira O governo de S\u00e3o Paulo anunciou, nesta segunda-feira (19), uma nova fase no uso de tecnologia nas escolas p\u00fablicas: estudantes e professores da rede estadual de ensino ter\u00e3o [&hellip;]","og_url":"https:\/\/jornalfatosenoticias.com.br\/index.php\/2025\/05\/20\/sp-vai-usar-inteligencia-artificial-para-corrigir-licoes-na-rede-estadual\/","og_site_name":"Jornal Fatos e Not\u00edcias","article_published_time":"2025-05-20T18:33:32+00:00","article_modified_time":"2025-05-22T00:55:56+00:00","og_image":[{"width":1000,"height":750,"url":"https:\/\/jornalfatosenoticias.com.br\/wp-content\/uploads\/2025\/05\/ia-escola-estadual_SP.jpg","type":"image\/jpeg"}],"author":"Luzimara Fernandes","twitter_card":"summary_large_image","twitter_misc":{"Escrito por":"Luzimara Fernandes","Est. tempo de leitura":"2 minutos"},"schema":{"@context":"https:\/\/schema.org","@graph":[{"@type":"Article","@id":"https:\/\/jornalfatosenoticias.com.br\/index.php\/2025\/05\/20\/sp-vai-usar-inteligencia-artificial-para-corrigir-licoes-na-rede-estadual\/#article","isPartOf":{"@id":"https:\/\/jornalfatosenoticias.com.br\/index.php\/2025\/05\/20\/sp-vai-usar-inteligencia-artificial-para-corrigir-licoes-na-rede-estadual\/"},"author":{"name":"Luzimara Fernandes","@id":"https:\/\/jornalfatosenoticias.com.br\/#\/schema\/person\/d63837fa13ac8666eb9e74e0985d6f81"},"headline":"SP vai usar intelig\u00eancia artificial para corrigir li\u00e7\u00f5es na rede estadual","datePublished":"2025-05-20T18:33:32+00:00","dateModified":"2025-05-22T00:55:56+00:00","mainEntityOfPage":{"@id":"https:\/\/jornalfatosenoticias.com.br\/index.php\/2025\/05\/20\/sp-vai-usar-inteligencia-artificial-para-corrigir-licoes-na-rede-estadual\/"},"wordCount":393,"commentCount":0,"publisher":{"@id":"https:\/\/jornalfatosenoticias.com.br\/#organization"},"image":{"@id":"https:\/\/jornalfatosenoticias.com.br\/index.php\/2025\/05\/20\/sp-vai-usar-inteligencia-artificial-para-corrigir-licoes-na-rede-estadual\/#primaryimage"},"thumbnailUrl":"https:\/\/jornalfatosenoticias.com.br\/wp-content\/uploads\/2025\/05\/ia-escola-estadual_SP.jpg","keywords":["adolescentes","alunos","Brasil","crian\u00e7as","escolas","exerc\u00edcios","intelig\u00eancia artificial","jovens","li\u00e7\u00e3o de casa","S\u00e3o Paulo","tarefa"],"articleSection":["Educa\u00e7\u00e3o"],"inLanguage":"pt-BR","potentialAction":[{"@type":"CommentAction","name":"Comment","target":["https:\/\/jornalfatosenoticias.com.br\/index.php\/2025\/05\/20\/sp-vai-usar-inteligencia-artificial-para-corrigir-licoes-na-rede-estadual\/#respond"]}]},{"@type":"WebPage","@id":"https:\/\/jornalfatosenoticias.com.br\/index.php\/2025\/05\/20\/sp-vai-usar-inteligencia-artificial-para-corrigir-licoes-na-rede-estadual\/","url":"https:\/\/jornalfatosenoticias.com.br\/index.php\/2025\/05\/20\/sp-vai-usar-inteligencia-artificial-para-corrigir-licoes-na-rede-estadual\/","name":"SP vai usar intelig\u00eancia artificial para corrigir li\u00e7\u00f5es na rede estadual - Jornal Fatos e Not\u00edcias","isPartOf":{"@id":"https:\/\/jornalfatosenoticias.com.br\/#website"},"primaryImageOfPage":{"@id":"https:\/\/jornalfatosenoticias.com.br\/index.php\/2025\/05\/20\/sp-vai-usar-inteligencia-artificial-para-corrigir-licoes-na-rede-estadual\/#primaryimage"},"image":{"@id":"https:\/\/jornalfatosenoticias.com.br\/index.php\/2025\/05\/20\/sp-vai-usar-inteligencia-artificial-para-corrigir-licoes-na-rede-estadual\/#primaryimage"},"thumbnailUrl":"https:\/\/jornalfatosenoticias.com.br\/wp-content\/uploads\/2025\/05\/ia-escola-estadual_SP.jpg","datePublished":"2025-05-20T18:33:32+00:00","dateModified":"2025-05-22T00:55:56+00:00","breadcrumb":{"@id":"https:\/\/jornalfatosenoticias.com.br\/index.php\/2025\/05\/20\/sp-vai-usar-inteligencia-artificial-para-corrigir-licoes-na-rede-estadual\/#breadcrumb"},"inLanguage":"pt-BR","potentialAction":[{"@type":"ReadAction","target":["https:\/\/jornalfatosenoticias.com.br\/index.php\/2025\/05\/20\/sp-vai-usar-inteligencia-artificial-para-corrigir-licoes-na-rede-estadual\/"]}]},{"@type":"ImageObject","inLanguage":"pt-BR","@id":"https:\/\/jornalfatosenoticias.com.br\/index.php\/2025\/05\/20\/sp-vai-usar-inteligencia-artificial-para-corrigir-licoes-na-rede-estadual\/#primaryimage","url":"https:\/\/jornalfatosenoticias.com.br\/wp-content\/uploads\/2025\/05\/ia-escola-estadual_SP.jpg","contentUrl":"https:\/\/jornalfatosenoticias.com.br\/wp-content\/uploads\/2025\/05\/ia-escola-estadual_SP.jpg","width":1000,"height":750},{"@type":"BreadcrumbList","@id":"https:\/\/jornalfatosenoticias.com.br\/index.php\/2025\/05\/20\/sp-vai-usar-inteligencia-artificial-para-corrigir-licoes-na-rede-estadual\/#breadcrumb","itemListElement":[{"@type":"ListItem","position":1,"name":"In\u00edcio","item":"https:\/\/jornalfatosenoticias.com.br\/"},{"@type":"ListItem","position":2,"name":"SP vai usar intelig\u00eancia artificial para corrigir li\u00e7\u00f5es na rede estadual"}]},{"@type":"WebSite","@id":"https:\/\/jornalfatosenoticias.com.br\/#website","url":"https:\/\/jornalfatosenoticias.com.br\/","name":"Jornal Fatos e Not\u00edcias","description":"Not\u00edcias em geral","publisher":{"@id":"https:\/\/jornalfatosenoticias.com.br\/#organization"},"potentialAction":[{"@type":"SearchAction","target":{"@type":"EntryPoint","urlTemplate":"https:\/\/jornalfatosenoticias.com.br\/?s={search_term_string}"},"query-input":{"@type":"PropertyValueSpecification","valueRequired":true,"valueName":"search_term_string"}}],"inLanguage":"pt-BR"},{"@type":"Organization","@id":"https:\/\/jornalfatosenoticias.com.br\/#organization","name":"Jornal Fatos e Not\u00edcias","url":"https:\/\/jornalfatosenoticias.com.br\/","logo":{"@type":"ImageObject","inLanguage":"pt-BR","@id":"https:\/\/jornalfatosenoticias.com.br\/#\/schema\/logo\/image\/","url":"https:\/\/jornalfatosenoticias.com.br\/wp-content\/uploads\/2020\/02\/logo120.png","contentUrl":"https:\/\/jornalfatosenoticias.com.br\/wp-content\/uploads\/2020\/02\/logo120.png","width":1227,"height":120,"caption":"Jornal Fatos e Not\u00edcias"},"image":{"@id":"https:\/\/jornalfatosenoticias.com.br\/#\/schema\/logo\/image\/"}},{"@type":"Person","@id":"https:\/\/jornalfatosenoticias.com.br\/#\/schema\/person\/d63837fa13ac8666eb9e74e0985d6f81","name":"Luzimara Fernandes","image":{"@type":"ImageObject","inLanguage":"pt-BR","@id":"https:\/\/jornalfatosenoticias.com.br\/#\/schema\/person\/image\/","url":"https:\/\/jornalfatosenoticias.com.br\/wp-content\/uploads\/2025\/05\/EU_portal.jpg","contentUrl":"https:\/\/jornalfatosenoticias.com.br\/wp-content\/uploads\/2025\/05\/EU_portal.jpg","caption":"Luzimara Fernandes"},"description":"Jornalista MTB 2358-ES","sameAs":["https:\/\/jornalfatosenoticias.com.br"],"url":"https:\/\/jornalfatosenoticias.com.br\/index.php\/author\/luzimara\/"}]}},"cc_featured_image_caption":{"caption_text":"(Foto: Divulga\u00e7\u00e3o\/Seduc SP) ","source_text":"","source_url":""},"jetpack_featured_media_url":"https:\/\/jornalfatosenoticias.com.br\/wp-content\/uploads\/2025\/05\/ia-escola-estadual_SP.jpg","_links":{"self":[{"href":"https:\/\/jornalfatosenoticias.com.br\/index.php\/wp-json\/wp\/v2\/posts\/59361","targetHints":{"allow":["GET"]}}],"collection":[{"href":"https:\/\/jornalfatosenoticias.com.br\/index.php\/wp-json\/wp\/v2\/posts"}],"about":[{"href":"https:\/\/jornalfatosenoticias.com.br\/index.php\/wp-json\/wp\/v2\/types\/post"}],"author":[{"embeddable":true,"href":"https:\/\/jornalfatosenoticias.com.br\/index.php\/wp-json\/wp\/v2\/users\/2"}],"replies":[{"embeddable":true,"href":"https:\/\/jornalfatosenoticias.com.br\/index.php\/wp-json\/wp\/v2\/comments?post=59361"}],"version-history":[{"count":0,"href":"https:\/\/jornalfatosenoticias.com.br\/index.php\/wp-json\/wp\/v2\/posts\/59361\/revisions"}],"wp:featuredmedia":[{"embeddable":true,"href":"https:\/\/jornalfatosenoticias.com.br\/index.php\/wp-json\/wp\/v2\/media\/59362"}],"wp:attachment":[{"href":"https:\/\/jornalfatosenoticias.com.br\/index.php\/wp-json\/wp\/v2\/media?parent=59361"}],"wp:term":[{"taxonomy":"category","embeddable":true,"href":"https:\/\/jornalfatosenoticias.com.br\/index.php\/wp-json\/wp\/v2\/categories?post=59361"},{"taxonomy":"post_tag","embeddable":true,"href":"https:\/\/jornalfatosenoticias.com.br\/index.php\/wp-json\/wp\/v2\/tags?post=59361"}],"curies":[{"name":"wp","href":"https:\/\/api.w.org\/{rel}","templated":true}]}}