{"id":59364,"date":"2025-05-20T15:51:35","date_gmt":"2025-05-20T18:51:35","guid":{"rendered":"https:\/\/jornalfatosenoticias.com.br\/?p=59364"},"modified":"2025-05-20T15:51:37","modified_gmt":"2025-05-20T18:51:37","slug":"trump-vai-deportar-350-mil-venezuelanos-apos-aval-da-suprema-corte","status":"publish","type":"post","link":"https:\/\/jornalfatosenoticias.com.br\/index.php\/2025\/05\/20\/trump-vai-deportar-350-mil-venezuelanos-apos-aval-da-suprema-corte\/","title":{"rendered":"Trump vai deportar 350 mil venezuelanos, ap\u00f3s aval da Suprema Corte"},"content":{"rendered":"\n<p><span class=\"has-inline-color has-black-color\"><em>Decis\u00e3o da Suprema Corte encerra a prote\u00e7\u00e3o concedida aos venezuelanos por meio do programa de Status de Prote\u00e7\u00e3o Tempor\u00e1ria<\/em><\/span><\/p>\n\n\n\n<div class=\"wp-block-image\"><figure class=\"aligncenter size-large\"><a href=\"https:\/\/mizu.com.br\/\"><img loading=\"lazy\" decoding=\"async\" width=\"729\" height=\"90\" src=\"https:\/\/jornalfatosenoticias.com.br\/wp-content\/uploads\/2020\/02\/Logo_Mizu.png\" alt=\"\" class=\"wp-image-1441\" srcset=\"https:\/\/jornalfatosenoticias.com.br\/wp-content\/uploads\/2020\/02\/Logo_Mizu.png 729w, https:\/\/jornalfatosenoticias.com.br\/wp-content\/uploads\/2020\/02\/Logo_Mizu-300x37.png 300w\" sizes=\"auto, (max-width: 729px) 100vw, 729px\" \/><\/a><\/figure><\/div>\n\n\n\n<p>Ap\u00f3s sinal verde da Suprema Corte dos Estados Unidos, nesta segunda-feira (19), o governo de Donald Trump deve prosseguir com a deporta\u00e7\u00e3o de 350 mil venezuelanos que vivem no pa\u00eds com status de prote\u00e7\u00e3o tempor\u00e1ria, condi\u00e7\u00e3o concedida sob o governo de Joe Biden. A medida faz parte da abordagem mais dura de Trump sobre imigra\u00e7\u00e3o, com foco na amplia\u00e7\u00e3o das deporta\u00e7\u00f5es. As informa\u00e7\u00f5es s\u00e3o do g1.<br>A medida da Suprema Corte atende ao pedido do Departamento de Justi\u00e7a para derrubar uma decis\u00e3o do juiz Edward Chen, do distrito de San Francisco, que havia suspendido a medida da secret\u00e1ria de Seguran\u00e7a Interna, Kristi Noem, de encerrar a prote\u00e7\u00e3o concedida aos venezuelanos por meio do programa de Status de Prote\u00e7\u00e3o Tempor\u00e1ria (TPS, na sigla em ingl\u00eas).<\/p>\n\n\n\n<div class=\"wp-block-image\"><figure class=\"aligncenter size-large\"><a href=\"http:\/\/www.ferrarimaquinas.com.br\/\"><img loading=\"lazy\" decoding=\"async\" width=\"300\" height=\"250\" src=\"https:\/\/jornalfatosenoticias.com.br\/wp-content\/uploads\/2022\/02\/FERRARI_MAQUINAS-E-FERRAMENTAS2.jpg\" alt=\"\" class=\"wp-image-27860\"\/><\/a><\/figure><\/div>\n\n\n\n<p>Chen, por sua vez, aprovou uma a\u00e7\u00e3o judicial movida por benefici\u00e1rios do TPS e pelo grupo de defesa Alian\u00e7a Nacional TPS, que argumentaram que a Venezuela continua sendo um pa\u00eds inseguro. O juiz tamb\u00e9m considerou que a secret\u00e1ria Noem revogou o programa de prote\u00e7\u00f5es para esses venezuelanos com base em \u201cestere\u00f3tipos negativos\u201d.<\/p>\n\n\n\n<div class=\"wp-block-image\"><figure class=\"aligncenter size-large is-resized\"><a href=\"https:\/\/www.instagram.com\/gruposei\/\"><img loading=\"lazy\" decoding=\"async\" src=\"https:\/\/jornalfatosenoticias.com.br\/wp-content\/uploads\/2022\/07\/Logo-Grupo-SEI.jpg\" alt=\"\" class=\"wp-image-31973\" width=\"387\" height=\"203\" srcset=\"https:\/\/jornalfatosenoticias.com.br\/wp-content\/uploads\/2022\/07\/Logo-Grupo-SEI.jpg 713w, https:\/\/jornalfatosenoticias.com.br\/wp-content\/uploads\/2022\/07\/Logo-Grupo-SEI-300x158.jpg 300w\" sizes=\"auto, (max-width: 387px) 100vw, 387px\" \/><\/a><\/figure><\/div>\n\n\n\n<p>O programa TPS \u00e9 uma designa\u00e7\u00e3o humanit\u00e1ria prevista na lei dos EUA para pa\u00edses afetados por guerra, desastres naturais ou outras cat\u00e1strofes. Ele garante prote\u00e7\u00e3o contra deporta\u00e7\u00e3o e permite o acesso a trabalho para os benefici\u00e1rios que j\u00e1 estejam vivendo nos EUA. A designa\u00e7\u00e3o pode ser renovada pelo secret\u00e1rio de Seguran\u00e7a Interna.<\/p>\n\n\n\n<div class=\"wp-block-image\"><figure class=\"aligncenter size-large is-resized\"><a href=\"https:\/\/www.controlsystems.com.br\/\"><img loading=\"lazy\" decoding=\"async\" src=\"https:\/\/jornalfatosenoticias.com.br\/wp-content\/uploads\/2020\/02\/CONTROL-CS.jpg\" alt=\"\" class=\"wp-image-44991\" width=\"258\" height=\"309\" srcset=\"https:\/\/jornalfatosenoticias.com.br\/wp-content\/uploads\/2020\/02\/CONTROL-CS.jpg 834w, https:\/\/jornalfatosenoticias.com.br\/wp-content\/uploads\/2020\/02\/CONTROL-CS-250x300.jpg 250w, https:\/\/jornalfatosenoticias.com.br\/wp-content\/uploads\/2020\/02\/CONTROL-CS-768x921.jpg 768w\" sizes=\"auto, (max-width: 258px) 100vw, 258px\" \/><\/a><\/figure><\/div>\n\n\n\n<p>Durante o governo Biden, os EUA contemplaram cidad\u00e3os venezuelanos no programa em 2021 e em 2023. Dias antes de deixar o cargo, o governo do democrata anunciou a prorroga\u00e7\u00e3o do programa at\u00e9 2026. No entanto, Kristi Noem revogou a prorroga\u00e7\u00e3o do programa e os benef\u00edcios do TPS para o grupo de venezuelanos inclu\u00eddo em 2023. Segundo o Departamento de Seguran\u00e7a Interna, 348.202 venezuelanos estavam registrados sob esse status.<\/p>\n\n\n\n<div class=\"wp-block-image\"><figure class=\"aligncenter size-large is-resized\"><a href=\"https:\/\/www.facebook.com\/profile.php?id=100069289606145\"><img loading=\"lazy\" decoding=\"async\" src=\"https:\/\/jornalfatosenoticias.com.br\/wp-content\/uploads\/2024\/11\/Guaitolini-Contabilidade-1024x714.jpeg\" alt=\"\" class=\"wp-image-55808\" width=\"313\" height=\"218\" srcset=\"https:\/\/jornalfatosenoticias.com.br\/wp-content\/uploads\/2024\/11\/Guaitolini-Contabilidade-1024x714.jpeg 1024w, https:\/\/jornalfatosenoticias.com.br\/wp-content\/uploads\/2024\/11\/Guaitolini-Contabilidade-300x209.jpeg 300w, https:\/\/jornalfatosenoticias.com.br\/wp-content\/uploads\/2024\/11\/Guaitolini-Contabilidade-768x535.jpeg 768w, https:\/\/jornalfatosenoticias.com.br\/wp-content\/uploads\/2024\/11\/Guaitolini-Contabilidade.jpeg 1280w\" sizes=\"auto, (max-width: 313px) 100vw, 313px\" \/><\/a><\/figure><\/div>\n\n\n\n<p>Trump, que reassumiu a Casa Branca em 20 de janeiro, prometeu realizar a maior deporta\u00e7\u00e3o em massa da hist\u00f3ria dos EUA. A gest\u00e3o do republicano busca retirar do pa\u00eds imigrantes em situa\u00e7\u00e3o irregular, e para isso tomou medidas para revogar prote\u00e7\u00f5es tempor\u00e1rias e, assim, ampliar o n\u00famero de pessoas sujeitas \u00e0 deporta\u00e7\u00e3o.<\/p>\n\n\n\n<div class=\"wp-block-image\"><figure class=\"aligncenter size-large is-resized\"><a href=\"https:\/\/www.facebook.com\/vetor.vix\/\"><img loading=\"lazy\" decoding=\"async\" src=\"https:\/\/jornalfatosenoticias.com.br\/wp-content\/uploads\/2023\/09\/vetorvix1024_1.jpg\" alt=\"\" class=\"wp-image-44868\" width=\"543\" height=\"144\" srcset=\"https:\/\/jornalfatosenoticias.com.br\/wp-content\/uploads\/2023\/09\/vetorvix1024_1.jpg 1024w, https:\/\/jornalfatosenoticias.com.br\/wp-content\/uploads\/2023\/09\/vetorvix1024_1-300x80.jpg 300w, https:\/\/jornalfatosenoticias.com.br\/wp-content\/uploads\/2023\/09\/vetorvix1024_1-768x205.jpg 768w\" sizes=\"auto, (max-width: 543px) 100vw, 543px\" \/><\/a><\/figure><\/div>\n\n\n\n<p>Em abril, o governo Trump tamb\u00e9m encerrou o TPS para milhares de afeg\u00e3os e camaroneses que vivem nos EUA. Essas a\u00e7\u00f5es, no entanto, n\u00e3o fazem parte do caso atual.<\/p>\n\n\n\n<p><strong>Fonte: <a href=\"https:\/\/www.nsctotal.com.br\/noticias\/trump-vai-deportar-350-mil-venezuelanos-apos-aval-da-suprema-corte\">NSC Total<\/a><\/strong><\/p>\n","protected":false},"excerpt":{"rendered":"<p>Decis\u00e3o da Suprema Corte encerra a prote\u00e7\u00e3o concedida aos venezuelanos por meio do programa de Status de Prote\u00e7\u00e3o Tempor\u00e1ria Ap\u00f3s sinal verde da Suprema Corte dos Estados Unidos, nesta segunda-feira (19), o governo de Donald Trump deve prosseguir com a deporta\u00e7\u00e3o de 350 mil venezuelanos que vivem no pa\u00eds com status de prote\u00e7\u00e3o tempor\u00e1ria, condi\u00e7\u00e3o [&hellip;]<\/p>\n","protected":false},"author":2,"featured_media":59365,"comment_status":"open","ping_status":"open","sticky":false,"template":"","format":"standard","meta":{"footnotes":""},"categories":[41],"tags":[18297,27096,159,25597,27098,11404,22704,27097,27099,8605,14624],"class_list":["post-59364","post","type-post","status-publish","format-standard","has-post-thumbnail","hentry","category-internacional","tag-casa-branca","tag-deportacoes","tag-eua","tag-governo-biden","tag-governo-trump","tag-imigracao","tag-imigrantes","tag-kristi-noem","tag-tps","tag-venezuela","tag-venezuelanos"],"yoast_head":"<!-- This site is optimized with the Yoast SEO plugin v26.5 - https:\/\/yoast.com\/wordpress\/plugins\/seo\/ -->\n<title>Trump vai deportar 350 mil venezuelanos, ap\u00f3s aval da Suprema Corte - Jornal Fatos e Not\u00edcias<\/title>\n<meta name=\"robots\" content=\"index, follow, max-snippet:-1, max-image-preview:large, max-video-preview:-1\" \/>\n<link rel=\"canonical\" href=\"https:\/\/jornalfatosenoticias.com.br\/index.php\/2025\/05\/20\/trump-vai-deportar-350-mil-venezuelanos-apos-aval-da-suprema-corte\/\" \/>\n<meta property=\"og:locale\" content=\"pt_BR\" \/>\n<meta property=\"og:type\" content=\"article\" \/>\n<meta property=\"og:title\" content=\"Trump vai deportar 350 mil venezuelanos, ap\u00f3s aval da Suprema Corte - Jornal Fatos e Not\u00edcias\" \/>\n<meta property=\"og:description\" content=\"Decis\u00e3o da Suprema Corte encerra a prote\u00e7\u00e3o concedida aos venezuelanos por meio do programa de Status de Prote\u00e7\u00e3o Tempor\u00e1ria Ap\u00f3s sinal verde da Suprema Corte dos Estados Unidos, nesta segunda-feira (19), o governo de Donald Trump deve prosseguir com a deporta\u00e7\u00e3o de 350 mil venezuelanos que vivem no pa\u00eds com status de prote\u00e7\u00e3o tempor\u00e1ria, condi\u00e7\u00e3o [&hellip;]\" \/>\n<meta property=\"og:url\" content=\"https:\/\/jornalfatosenoticias.com.br\/index.php\/2025\/05\/20\/trump-vai-deportar-350-mil-venezuelanos-apos-aval-da-suprema-corte\/\" \/>\n<meta property=\"og:site_name\" content=\"Jornal Fatos e Not\u00edcias\" \/>\n<meta property=\"article:published_time\" content=\"2025-05-20T18:51:35+00:00\" \/>\n<meta property=\"article:modified_time\" content=\"2025-05-20T18:51:37+00:00\" \/>\n<meta property=\"og:image\" content=\"https:\/\/jornalfatosenoticias.com.br\/wp-content\/uploads\/2025\/05\/foto-casa-branca-deportacoes.jpeg\" \/>\n\t<meta property=\"og:image:width\" content=\"984\" \/>\n\t<meta property=\"og:image:height\" content=\"656\" \/>\n\t<meta property=\"og:image:type\" content=\"image\/jpeg\" \/>\n<meta name=\"author\" content=\"Luzimara Fernandes\" \/>\n<meta name=\"twitter:card\" content=\"summary_large_image\" \/>\n<meta name=\"twitter:label1\" content=\"Escrito por\" \/>\n\t<meta name=\"twitter:data1\" content=\"Luzimara Fernandes\" \/>\n\t<meta name=\"twitter:label2\" content=\"Est. tempo de leitura\" \/>\n\t<meta name=\"twitter:data2\" content=\"2 minutos\" \/>\n<script type=\"application\/ld+json\" class=\"yoast-schema-graph\">{\"@context\":\"https:\/\/schema.org\",\"@graph\":[{\"@type\":\"Article\",\"@id\":\"https:\/\/jornalfatosenoticias.com.br\/index.php\/2025\/05\/20\/trump-vai-deportar-350-mil-venezuelanos-apos-aval-da-suprema-corte\/#article\",\"isPartOf\":{\"@id\":\"https:\/\/jornalfatosenoticias.com.br\/index.php\/2025\/05\/20\/trump-vai-deportar-350-mil-venezuelanos-apos-aval-da-suprema-corte\/\"},\"author\":{\"name\":\"Luzimara Fernandes\",\"@id\":\"https:\/\/jornalfatosenoticias.com.br\/#\/schema\/person\/d63837fa13ac8666eb9e74e0985d6f81\"},\"headline\":\"Trump vai deportar 350 mil venezuelanos, ap\u00f3s aval da Suprema Corte\",\"datePublished\":\"2025-05-20T18:51:35+00:00\",\"dateModified\":\"2025-05-20T18:51:37+00:00\",\"mainEntityOfPage\":{\"@id\":\"https:\/\/jornalfatosenoticias.com.br\/index.php\/2025\/05\/20\/trump-vai-deportar-350-mil-venezuelanos-apos-aval-da-suprema-corte\/\"},\"wordCount\":460,\"commentCount\":0,\"publisher\":{\"@id\":\"https:\/\/jornalfatosenoticias.com.br\/#organization\"},\"image\":{\"@id\":\"https:\/\/jornalfatosenoticias.com.br\/index.php\/2025\/05\/20\/trump-vai-deportar-350-mil-venezuelanos-apos-aval-da-suprema-corte\/#primaryimage\"},\"thumbnailUrl\":\"https:\/\/jornalfatosenoticias.com.br\/wp-content\/uploads\/2025\/05\/foto-casa-branca-deportacoes.jpeg\",\"keywords\":[\"Casa Branca\",\"deporta\u00e7\u00f5es\",\"EUA\",\"governo Biden\",\"governo Trump\",\"imigra\u00e7\u00e3o\",\"imigrantes\",\"Kristi Noem\",\"TPS\",\"Venezuela\",\"venezuelanos\"],\"articleSection\":[\"Internacional\"],\"inLanguage\":\"pt-BR\",\"potentialAction\":[{\"@type\":\"CommentAction\",\"name\":\"Comment\",\"target\":[\"https:\/\/jornalfatosenoticias.com.br\/index.php\/2025\/05\/20\/trump-vai-deportar-350-mil-venezuelanos-apos-aval-da-suprema-corte\/#respond\"]}]},{\"@type\":\"WebPage\",\"@id\":\"https:\/\/jornalfatosenoticias.com.br\/index.php\/2025\/05\/20\/trump-vai-deportar-350-mil-venezuelanos-apos-aval-da-suprema-corte\/\",\"url\":\"https:\/\/jornalfatosenoticias.com.br\/index.php\/2025\/05\/20\/trump-vai-deportar-350-mil-venezuelanos-apos-aval-da-suprema-corte\/\",\"name\":\"Trump vai deportar 350 mil venezuelanos, ap\u00f3s aval da Suprema Corte - Jornal Fatos e Not\u00edcias\",\"isPartOf\":{\"@id\":\"https:\/\/jornalfatosenoticias.com.br\/#website\"},\"primaryImageOfPage\":{\"@id\":\"https:\/\/jornalfatosenoticias.com.br\/index.php\/2025\/05\/20\/trump-vai-deportar-350-mil-venezuelanos-apos-aval-da-suprema-corte\/#primaryimage\"},\"image\":{\"@id\":\"https:\/\/jornalfatosenoticias.com.br\/index.php\/2025\/05\/20\/trump-vai-deportar-350-mil-venezuelanos-apos-aval-da-suprema-corte\/#primaryimage\"},\"thumbnailUrl\":\"https:\/\/jornalfatosenoticias.com.br\/wp-content\/uploads\/2025\/05\/foto-casa-branca-deportacoes.jpeg\",\"datePublished\":\"2025-05-20T18:51:35+00:00\",\"dateModified\":\"2025-05-20T18:51:37+00:00\",\"breadcrumb\":{\"@id\":\"https:\/\/jornalfatosenoticias.com.br\/index.php\/2025\/05\/20\/trump-vai-deportar-350-mil-venezuelanos-apos-aval-da-suprema-corte\/#breadcrumb\"},\"inLanguage\":\"pt-BR\",\"potentialAction\":[{\"@type\":\"ReadAction\",\"target\":[\"https:\/\/jornalfatosenoticias.com.br\/index.php\/2025\/05\/20\/trump-vai-deportar-350-mil-venezuelanos-apos-aval-da-suprema-corte\/\"]}]},{\"@type\":\"ImageObject\",\"inLanguage\":\"pt-BR\",\"@id\":\"https:\/\/jornalfatosenoticias.com.br\/index.php\/2025\/05\/20\/trump-vai-deportar-350-mil-venezuelanos-apos-aval-da-suprema-corte\/#primaryimage\",\"url\":\"https:\/\/jornalfatosenoticias.com.br\/wp-content\/uploads\/2025\/05\/foto-casa-branca-deportacoes.jpeg\",\"contentUrl\":\"https:\/\/jornalfatosenoticias.com.br\/wp-content\/uploads\/2025\/05\/foto-casa-branca-deportacoes.jpeg\",\"width\":984,\"height\":656},{\"@type\":\"BreadcrumbList\",\"@id\":\"https:\/\/jornalfatosenoticias.com.br\/index.php\/2025\/05\/20\/trump-vai-deportar-350-mil-venezuelanos-apos-aval-da-suprema-corte\/#breadcrumb\",\"itemListElement\":[{\"@type\":\"ListItem\",\"position\":1,\"name\":\"In\u00edcio\",\"item\":\"https:\/\/jornalfatosenoticias.com.br\/\"},{\"@type\":\"ListItem\",\"position\":2,\"name\":\"Trump vai deportar 350 mil venezuelanos, ap\u00f3s aval da Suprema Corte\"}]},{\"@type\":\"WebSite\",\"@id\":\"https:\/\/jornalfatosenoticias.com.br\/#website\",\"url\":\"https:\/\/jornalfatosenoticias.com.br\/\",\"name\":\"Jornal Fatos e Not\u00edcias\",\"description\":\"Not\u00edcias em geral\",\"publisher\":{\"@id\":\"https:\/\/jornalfatosenoticias.com.br\/#organization\"},\"potentialAction\":[{\"@type\":\"SearchAction\",\"target\":{\"@type\":\"EntryPoint\",\"urlTemplate\":\"https:\/\/jornalfatosenoticias.com.br\/?s={search_term_string}\"},\"query-input\":{\"@type\":\"PropertyValueSpecification\",\"valueRequired\":true,\"valueName\":\"search_term_string\"}}],\"inLanguage\":\"pt-BR\"},{\"@type\":\"Organization\",\"@id\":\"https:\/\/jornalfatosenoticias.com.br\/#organization\",\"name\":\"Jornal Fatos e Not\u00edcias\",\"url\":\"https:\/\/jornalfatosenoticias.com.br\/\",\"logo\":{\"@type\":\"ImageObject\",\"inLanguage\":\"pt-BR\",\"@id\":\"https:\/\/jornalfatosenoticias.com.br\/#\/schema\/logo\/image\/\",\"url\":\"https:\/\/jornalfatosenoticias.com.br\/wp-content\/uploads\/2020\/02\/logo120.png\",\"contentUrl\":\"https:\/\/jornalfatosenoticias.com.br\/wp-content\/uploads\/2020\/02\/logo120.png\",\"width\":1227,\"height\":120,\"caption\":\"Jornal Fatos e Not\u00edcias\"},\"image\":{\"@id\":\"https:\/\/jornalfatosenoticias.com.br\/#\/schema\/logo\/image\/\"}},{\"@type\":\"Person\",\"@id\":\"https:\/\/jornalfatosenoticias.com.br\/#\/schema\/person\/d63837fa13ac8666eb9e74e0985d6f81\",\"name\":\"Luzimara Fernandes\",\"image\":{\"@type\":\"ImageObject\",\"inLanguage\":\"pt-BR\",\"@id\":\"https:\/\/jornalfatosenoticias.com.br\/#\/schema\/person\/image\/\",\"url\":\"https:\/\/jornalfatosenoticias.com.br\/wp-content\/uploads\/2025\/05\/EU_portal.jpg\",\"contentUrl\":\"https:\/\/jornalfatosenoticias.com.br\/wp-content\/uploads\/2025\/05\/EU_portal.jpg\",\"caption\":\"Luzimara Fernandes\"},\"description\":\"Jornalista MTB 2358-ES\",\"sameAs\":[\"https:\/\/jornalfatosenoticias.com.br\"],\"url\":\"https:\/\/jornalfatosenoticias.com.br\/index.php\/author\/luzimara\/\"}]}<\/script>\n<!-- \/ Yoast SEO plugin. -->","yoast_head_json":{"title":"Trump vai deportar 350 mil venezuelanos, ap\u00f3s aval da Suprema Corte - Jornal Fatos e Not\u00edcias","robots":{"index":"index","follow":"follow","max-snippet":"max-snippet:-1","max-image-preview":"max-image-preview:large","max-video-preview":"max-video-preview:-1"},"canonical":"https:\/\/jornalfatosenoticias.com.br\/index.php\/2025\/05\/20\/trump-vai-deportar-350-mil-venezuelanos-apos-aval-da-suprema-corte\/","og_locale":"pt_BR","og_type":"article","og_title":"Trump vai deportar 350 mil venezuelanos, ap\u00f3s aval da Suprema Corte - Jornal Fatos e Not\u00edcias","og_description":"Decis\u00e3o da Suprema Corte encerra a prote\u00e7\u00e3o concedida aos venezuelanos por meio do programa de Status de Prote\u00e7\u00e3o Tempor\u00e1ria Ap\u00f3s sinal verde da Suprema Corte dos Estados Unidos, nesta segunda-feira (19), o governo de Donald Trump deve prosseguir com a deporta\u00e7\u00e3o de 350 mil venezuelanos que vivem no pa\u00eds com status de prote\u00e7\u00e3o tempor\u00e1ria, condi\u00e7\u00e3o [&hellip;]","og_url":"https:\/\/jornalfatosenoticias.com.br\/index.php\/2025\/05\/20\/trump-vai-deportar-350-mil-venezuelanos-apos-aval-da-suprema-corte\/","og_site_name":"Jornal Fatos e Not\u00edcias","article_published_time":"2025-05-20T18:51:35+00:00","article_modified_time":"2025-05-20T18:51:37+00:00","og_image":[{"width":984,"height":656,"url":"https:\/\/jornalfatosenoticias.com.br\/wp-content\/uploads\/2025\/05\/foto-casa-branca-deportacoes.jpeg","type":"image\/jpeg"}],"author":"Luzimara Fernandes","twitter_card":"summary_large_image","twitter_misc":{"Escrito por":"Luzimara Fernandes","Est. tempo de leitura":"2 minutos"},"schema":{"@context":"https:\/\/schema.org","@graph":[{"@type":"Article","@id":"https:\/\/jornalfatosenoticias.com.br\/index.php\/2025\/05\/20\/trump-vai-deportar-350-mil-venezuelanos-apos-aval-da-suprema-corte\/#article","isPartOf":{"@id":"https:\/\/jornalfatosenoticias.com.br\/index.php\/2025\/05\/20\/trump-vai-deportar-350-mil-venezuelanos-apos-aval-da-suprema-corte\/"},"author":{"name":"Luzimara Fernandes","@id":"https:\/\/jornalfatosenoticias.com.br\/#\/schema\/person\/d63837fa13ac8666eb9e74e0985d6f81"},"headline":"Trump vai deportar 350 mil venezuelanos, ap\u00f3s aval da Suprema Corte","datePublished":"2025-05-20T18:51:35+00:00","dateModified":"2025-05-20T18:51:37+00:00","mainEntityOfPage":{"@id":"https:\/\/jornalfatosenoticias.com.br\/index.php\/2025\/05\/20\/trump-vai-deportar-350-mil-venezuelanos-apos-aval-da-suprema-corte\/"},"wordCount":460,"commentCount":0,"publisher":{"@id":"https:\/\/jornalfatosenoticias.com.br\/#organization"},"image":{"@id":"https:\/\/jornalfatosenoticias.com.br\/index.php\/2025\/05\/20\/trump-vai-deportar-350-mil-venezuelanos-apos-aval-da-suprema-corte\/#primaryimage"},"thumbnailUrl":"https:\/\/jornalfatosenoticias.com.br\/wp-content\/uploads\/2025\/05\/foto-casa-branca-deportacoes.jpeg","keywords":["Casa Branca","deporta\u00e7\u00f5es","EUA","governo Biden","governo Trump","imigra\u00e7\u00e3o","imigrantes","Kristi Noem","TPS","Venezuela","venezuelanos"],"articleSection":["Internacional"],"inLanguage":"pt-BR","potentialAction":[{"@type":"CommentAction","name":"Comment","target":["https:\/\/jornalfatosenoticias.com.br\/index.php\/2025\/05\/20\/trump-vai-deportar-350-mil-venezuelanos-apos-aval-da-suprema-corte\/#respond"]}]},{"@type":"WebPage","@id":"https:\/\/jornalfatosenoticias.com.br\/index.php\/2025\/05\/20\/trump-vai-deportar-350-mil-venezuelanos-apos-aval-da-suprema-corte\/","url":"https:\/\/jornalfatosenoticias.com.br\/index.php\/2025\/05\/20\/trump-vai-deportar-350-mil-venezuelanos-apos-aval-da-suprema-corte\/","name":"Trump vai deportar 350 mil venezuelanos, ap\u00f3s aval da Suprema Corte - Jornal Fatos e Not\u00edcias","isPartOf":{"@id":"https:\/\/jornalfatosenoticias.com.br\/#website"},"primaryImageOfPage":{"@id":"https:\/\/jornalfatosenoticias.com.br\/index.php\/2025\/05\/20\/trump-vai-deportar-350-mil-venezuelanos-apos-aval-da-suprema-corte\/#primaryimage"},"image":{"@id":"https:\/\/jornalfatosenoticias.com.br\/index.php\/2025\/05\/20\/trump-vai-deportar-350-mil-venezuelanos-apos-aval-da-suprema-corte\/#primaryimage"},"thumbnailUrl":"https:\/\/jornalfatosenoticias.com.br\/wp-content\/uploads\/2025\/05\/foto-casa-branca-deportacoes.jpeg","datePublished":"2025-05-20T18:51:35+00:00","dateModified":"2025-05-20T18:51:37+00:00","breadcrumb":{"@id":"https:\/\/jornalfatosenoticias.com.br\/index.php\/2025\/05\/20\/trump-vai-deportar-350-mil-venezuelanos-apos-aval-da-suprema-corte\/#breadcrumb"},"inLanguage":"pt-BR","potentialAction":[{"@type":"ReadAction","target":["https:\/\/jornalfatosenoticias.com.br\/index.php\/2025\/05\/20\/trump-vai-deportar-350-mil-venezuelanos-apos-aval-da-suprema-corte\/"]}]},{"@type":"ImageObject","inLanguage":"pt-BR","@id":"https:\/\/jornalfatosenoticias.com.br\/index.php\/2025\/05\/20\/trump-vai-deportar-350-mil-venezuelanos-apos-aval-da-suprema-corte\/#primaryimage","url":"https:\/\/jornalfatosenoticias.com.br\/wp-content\/uploads\/2025\/05\/foto-casa-branca-deportacoes.jpeg","contentUrl":"https:\/\/jornalfatosenoticias.com.br\/wp-content\/uploads\/2025\/05\/foto-casa-branca-deportacoes.jpeg","width":984,"height":656},{"@type":"BreadcrumbList","@id":"https:\/\/jornalfatosenoticias.com.br\/index.php\/2025\/05\/20\/trump-vai-deportar-350-mil-venezuelanos-apos-aval-da-suprema-corte\/#breadcrumb","itemListElement":[{"@type":"ListItem","position":1,"name":"In\u00edcio","item":"https:\/\/jornalfatosenoticias.com.br\/"},{"@type":"ListItem","position":2,"name":"Trump vai deportar 350 mil venezuelanos, ap\u00f3s aval da Suprema Corte"}]},{"@type":"WebSite","@id":"https:\/\/jornalfatosenoticias.com.br\/#website","url":"https:\/\/jornalfatosenoticias.com.br\/","name":"Jornal Fatos e Not\u00edcias","description":"Not\u00edcias em geral","publisher":{"@id":"https:\/\/jornalfatosenoticias.com.br\/#organization"},"potentialAction":[{"@type":"SearchAction","target":{"@type":"EntryPoint","urlTemplate":"https:\/\/jornalfatosenoticias.com.br\/?s={search_term_string}"},"query-input":{"@type":"PropertyValueSpecification","valueRequired":true,"valueName":"search_term_string"}}],"inLanguage":"pt-BR"},{"@type":"Organization","@id":"https:\/\/jornalfatosenoticias.com.br\/#organization","name":"Jornal Fatos e Not\u00edcias","url":"https:\/\/jornalfatosenoticias.com.br\/","logo":{"@type":"ImageObject","inLanguage":"pt-BR","@id":"https:\/\/jornalfatosenoticias.com.br\/#\/schema\/logo\/image\/","url":"https:\/\/jornalfatosenoticias.com.br\/wp-content\/uploads\/2020\/02\/logo120.png","contentUrl":"https:\/\/jornalfatosenoticias.com.br\/wp-content\/uploads\/2020\/02\/logo120.png","width":1227,"height":120,"caption":"Jornal Fatos e Not\u00edcias"},"image":{"@id":"https:\/\/jornalfatosenoticias.com.br\/#\/schema\/logo\/image\/"}},{"@type":"Person","@id":"https:\/\/jornalfatosenoticias.com.br\/#\/schema\/person\/d63837fa13ac8666eb9e74e0985d6f81","name":"Luzimara Fernandes","image":{"@type":"ImageObject","inLanguage":"pt-BR","@id":"https:\/\/jornalfatosenoticias.com.br\/#\/schema\/person\/image\/","url":"https:\/\/jornalfatosenoticias.com.br\/wp-content\/uploads\/2025\/05\/EU_portal.jpg","contentUrl":"https:\/\/jornalfatosenoticias.com.br\/wp-content\/uploads\/2025\/05\/EU_portal.jpg","caption":"Luzimara Fernandes"},"description":"Jornalista MTB 2358-ES","sameAs":["https:\/\/jornalfatosenoticias.com.br"],"url":"https:\/\/jornalfatosenoticias.com.br\/index.php\/author\/luzimara\/"}]}},"cc_featured_image_caption":{"caption_text":"(Foto: Casa Branca\/Divulga\u00e7\u00e3o) ","source_text":"","source_url":""},"jetpack_featured_media_url":"https:\/\/jornalfatosenoticias.com.br\/wp-content\/uploads\/2025\/05\/foto-casa-branca-deportacoes.jpeg","_links":{"self":[{"href":"https:\/\/jornalfatosenoticias.com.br\/index.php\/wp-json\/wp\/v2\/posts\/59364","targetHints":{"allow":["GET"]}}],"collection":[{"href":"https:\/\/jornalfatosenoticias.com.br\/index.php\/wp-json\/wp\/v2\/posts"}],"about":[{"href":"https:\/\/jornalfatosenoticias.com.br\/index.php\/wp-json\/wp\/v2\/types\/post"}],"author":[{"embeddable":true,"href":"https:\/\/jornalfatosenoticias.com.br\/index.php\/wp-json\/wp\/v2\/users\/2"}],"replies":[{"embeddable":true,"href":"https:\/\/jornalfatosenoticias.com.br\/index.php\/wp-json\/wp\/v2\/comments?post=59364"}],"version-history":[{"count":0,"href":"https:\/\/jornalfatosenoticias.com.br\/index.php\/wp-json\/wp\/v2\/posts\/59364\/revisions"}],"wp:featuredmedia":[{"embeddable":true,"href":"https:\/\/jornalfatosenoticias.com.br\/index.php\/wp-json\/wp\/v2\/media\/59365"}],"wp:attachment":[{"href":"https:\/\/jornalfatosenoticias.com.br\/index.php\/wp-json\/wp\/v2\/media?parent=59364"}],"wp:term":[{"taxonomy":"category","embeddable":true,"href":"https:\/\/jornalfatosenoticias.com.br\/index.php\/wp-json\/wp\/v2\/categories?post=59364"},{"taxonomy":"post_tag","embeddable":true,"href":"https:\/\/jornalfatosenoticias.com.br\/index.php\/wp-json\/wp\/v2\/tags?post=59364"}],"curies":[{"name":"wp","href":"https:\/\/api.w.org\/{rel}","templated":true}]}}