{"id":59367,"date":"2025-05-20T16:07:18","date_gmt":"2025-05-20T19:07:18","guid":{"rendered":"https:\/\/jornalfatosenoticias.com.br\/?p=59367"},"modified":"2025-05-20T16:07:19","modified_gmt":"2025-05-20T19:07:19","slug":"lula-volta-a-ser-vaiado-em-evento-com-prefeitos-em-brasilia","status":"publish","type":"post","link":"https:\/\/jornalfatosenoticias.com.br\/index.php\/2025\/05\/20\/lula-volta-a-ser-vaiado-em-evento-com-prefeitos-em-brasilia\/","title":{"rendered":"Lula volta a ser vaiado em evento com prefeitos em Bras\u00edlia"},"content":{"rendered":"\n<p><em><span class=\"has-inline-color has-black-color\">Lula (PT) durante discurso na Marcha dos Prefeitos, nesta ter\u00e7a-feira (20)<\/span><\/em><\/p>\n\n\n\n<p><span class=\"has-inline-color has-black-color\">Por <strong><a href=\"https:\/\/www.gazetadopovo.com.br\/autor\/diogenes-freire-feitosa\/\">Di\u00f3genes Freire Feitosa<\/a><\/strong><\/span><\/p>\n\n\n\n<div class=\"wp-block-image\"><figure class=\"aligncenter size-large\"><a href=\"https:\/\/panper.com.br\/\"><img loading=\"lazy\" decoding=\"async\" width=\"1024\" height=\"111\" src=\"https:\/\/jornalfatosenoticias.com.br\/wp-content\/uploads\/2020\/02\/WhatsApp-Image-2022-09-23-at-12.09.18-1024x111.jpeg\" alt=\"\" class=\"wp-image-34527\" srcset=\"https:\/\/jornalfatosenoticias.com.br\/wp-content\/uploads\/2020\/02\/WhatsApp-Image-2022-09-23-at-12.09.18-1024x111.jpeg 1024w, https:\/\/jornalfatosenoticias.com.br\/wp-content\/uploads\/2020\/02\/WhatsApp-Image-2022-09-23-at-12.09.18-300x32.jpeg 300w, https:\/\/jornalfatosenoticias.com.br\/wp-content\/uploads\/2020\/02\/WhatsApp-Image-2022-09-23-at-12.09.18-768x83.jpeg 768w, https:\/\/jornalfatosenoticias.com.br\/wp-content\/uploads\/2020\/02\/WhatsApp-Image-2022-09-23-at-12.09.18.jpeg 1121w\" sizes=\"auto, (max-width: 1024px) 100vw, 1024px\" \/><\/a><\/figure><\/div>\n\n\n\n<p>Lula (PT) foi vaiado por, pelo menos, tr\u00eas vezes, durante evento que reuniu prefeitos, vice-prefeitos e vereadores de todo o pa\u00eds, em Bras\u00edlia, nesta ter\u00e7a-feira (20). A Marcha dos Prefeitos \u00e9 o principal evento com representantes dos munic\u00edpios organizado todos os anos pela Confedera\u00e7\u00e3o Nacional dos Munic\u00edpios (CNM) na capital federal.<br>Este ano, segundo a CNM, mais de 14 mil participantes de inscreveram no evento. O n\u00famero \u00e9 quase o triplo da quantidade de munic\u00edpios do pa\u00eds (5.570).<br>Lula foi vaiado a primeira vez quando teve o nome anunciado. O petista tamb\u00e9m foi aplaudido, mas o som dos aplausos n\u00e3o encobriu as vaias. Alguns dos ministros presentes no evento fizeram gestos para reprimir as vaias.<\/p>\n\n\n\n<div class=\"wp-block-image\"><figure class=\"aligncenter size-large\"><a href=\"https:\/\/www.cesconetto.com.br\/\"><img loading=\"lazy\" decoding=\"async\" width=\"300\" height=\"250\" src=\"https:\/\/jornalfatosenoticias.com.br\/wp-content\/uploads\/2022\/02\/Banner-2.png\" alt=\"\" class=\"wp-image-27877\"\/><\/a><\/figure><\/div>\n\n\n\n<p>Parte do p\u00fablico voltou a vaiar quando ele foi chamado para discursar. Lula aguardou o fim das manifesta\u00e7\u00f5es para come\u00e7ar a falar. As vaias voltaram quando o petista encerrou o discurso. Lula j\u00e1 havia sido vaiado na Marcha dos Prefeitos do ano passado em situa\u00e7\u00e3o semelhante. Este ano, al\u00e9m de Lula, estavam presentes no palco, o vice-presidente Geraldo Alckmin (PSB) e os presidentes Davi Alcolumbre (Uni\u00e3o-AP), do Senado, e Hugo Motta (Republicanos-PB), da C\u00e2mara.<\/p>\n\n\n\n<div class=\"wp-block-image\"><figure class=\"aligncenter size-large is-resized\"><a href=\"https:\/\/hotelmarquetti.com.br\/\"><img loading=\"lazy\" decoding=\"async\" src=\"https:\/\/jornalfatosenoticias.com.br\/wp-content\/uploads\/2020\/02\/LOGO-MQ-1024x680.jpg\" alt=\"\" class=\"wp-image-58299\" width=\"374\" height=\"248\" srcset=\"https:\/\/jornalfatosenoticias.com.br\/wp-content\/uploads\/2020\/02\/LOGO-MQ-1024x680.jpg 1024w, https:\/\/jornalfatosenoticias.com.br\/wp-content\/uploads\/2020\/02\/LOGO-MQ-300x199.jpg 300w, https:\/\/jornalfatosenoticias.com.br\/wp-content\/uploads\/2020\/02\/LOGO-MQ-768x510.jpg 768w, https:\/\/jornalfatosenoticias.com.br\/wp-content\/uploads\/2020\/02\/LOGO-MQ-1536x1020.jpg 1536w, https:\/\/jornalfatosenoticias.com.br\/wp-content\/uploads\/2020\/02\/LOGO-MQ-2048x1360.jpg 2048w\" sizes=\"auto, (max-width: 374px) 100vw, 374px\" \/><\/a><\/figure><\/div>\n\n\n\n<p><strong><span class=\"has-inline-color has-black-color\">Presidente da Confedera\u00e7\u00e3o criticou juros e questionou novas regras para emendas<br><\/span><\/strong>O presidente da CNM, Paulo Ziulkoski, questionou Lula sobre os juros altos e defendeu a aprova\u00e7\u00e3o da PEC 66 no Congresso, que prop\u00f5e um novo prazo para parcelamento de d\u00e9bitos dos munic\u00edpios com seus Regimes Pr\u00f3prios de Previd\u00eancia Social e com o Regime Geral de Previd\u00eancia Social. \u201cEstamos propondo que o governo aceite e fa\u00e7a a mesma corre\u00e7\u00e3o que o governo fez para os governadores\u201d, afirmou. O presidente da entidade tamb\u00e9m citou a interfer\u00eancia do Supremo Tribunal Federal (STF) na quest\u00e3o das emendas parlamentares.<\/p>\n\n\n\n<div class=\"wp-block-image\"><figure class=\"aligncenter size-large is-resized\"><a href=\"https:\/\/www.instagram.com\/esteio.churrascaria\/\"><img loading=\"lazy\" decoding=\"async\" src=\"https:\/\/jornalfatosenoticias.com.br\/wp-content\/uploads\/2022\/02\/LOGO-ESTEIO-1024x730.png\" alt=\"\" class=\"wp-image-27942\" width=\"331\" height=\"236\" srcset=\"https:\/\/jornalfatosenoticias.com.br\/wp-content\/uploads\/2022\/02\/LOGO-ESTEIO-1024x730.png 1024w, https:\/\/jornalfatosenoticias.com.br\/wp-content\/uploads\/2022\/02\/LOGO-ESTEIO-300x214.png 300w, https:\/\/jornalfatosenoticias.com.br\/wp-content\/uploads\/2022\/02\/LOGO-ESTEIO-768x548.png 768w, https:\/\/jornalfatosenoticias.com.br\/wp-content\/uploads\/2022\/02\/LOGO-ESTEIO.png 1123w\" sizes=\"auto, (max-width: 331px) 100vw, 331px\" \/><\/a><\/figure><\/div>\n\n\n\n<blockquote class=\"wp-block-quote is-layout-flow wp-block-quote-is-layout-flow\"><p><span class=\"has-inline-color has-luminous-vivid-orange-color\">Abra o olho. Vamos votar pautas estruturantes&#8221;, disse Ziulkoski ao considerar um impeditivo o fato de um deputado ter de \u201cexplicar o projeto\u201d para o qual destina os recursos.<\/span><\/p><\/blockquote>\n\n\n\n<div class=\"wp-block-image\"><figure class=\"aligncenter size-large is-resized\"><a href=\"https:\/\/www.instagram.com\/rcradiadores\/\"><img loading=\"lazy\" decoding=\"async\" src=\"https:\/\/jornalfatosenoticias.com.br\/wp-content\/uploads\/2022\/10\/RC_800x750_page-0001.jpg\" alt=\"\" class=\"wp-image-35338\" width=\"301\" height=\"282\" srcset=\"https:\/\/jornalfatosenoticias.com.br\/wp-content\/uploads\/2022\/10\/RC_800x750_page-0001.jpg 400w, https:\/\/jornalfatosenoticias.com.br\/wp-content\/uploads\/2022\/10\/RC_800x750_page-0001-300x281.jpg 300w\" sizes=\"auto, (max-width: 301px) 100vw, 301px\" \/><\/a><\/figure><\/div>\n\n\n\n<p><strong>Fonte: <a href=\"https:\/\/www.gazetadopovo.com.br\/republica\/lula-volta-a-ser-vaiado-em-evento-com-prefeitos-em-brasilia\/\">Gazeta do Povo<\/a><\/strong><\/p>\n","protected":false},"excerpt":{"rendered":"<p>Lula (PT) durante discurso na Marcha dos Prefeitos, nesta ter\u00e7a-feira (20) Por Di\u00f3genes Freire Feitosa Lula (PT) foi vaiado por, pelo menos, tr\u00eas vezes, durante evento que reuniu prefeitos, vice-prefeitos e vereadores de todo o pa\u00eds, em Bras\u00edlia, nesta ter\u00e7a-feira (20). A Marcha dos Prefeitos \u00e9 o principal evento com representantes dos munic\u00edpios organizado todos [&hellip;]<\/p>\n","protected":false},"author":2,"featured_media":59368,"comment_status":"open","ping_status":"open","sticky":false,"template":"","format":"standard","meta":{"footnotes":""},"categories":[10],"tags":[11693,22607,3537,25620,7580,19160,10124,27100,18998,294,24307],"class_list":["post-59367","post","type-post","status-publish","format-standard","has-post-thumbnail","hentry","category-politica","tag-emendas-parlamentares","tag-geraldo-alckmin","tag-governadores","tag-hugo-motta","tag-lula","tag-lula-vaiado","tag-manifestacoes","tag-marcha-dos-prefeitos","tag-partido-dos-trabalhadores-pt","tag-stf","tag-vaias"],"yoast_head":"<!-- This site is optimized with the Yoast SEO plugin v26.5 - https:\/\/yoast.com\/wordpress\/plugins\/seo\/ -->\n<title>Lula volta a ser vaiado em evento com prefeitos em Bras\u00edlia - Jornal Fatos e Not\u00edcias<\/title>\n<meta name=\"robots\" content=\"index, follow, max-snippet:-1, max-image-preview:large, max-video-preview:-1\" \/>\n<link rel=\"canonical\" href=\"https:\/\/jornalfatosenoticias.com.br\/index.php\/2025\/05\/20\/lula-volta-a-ser-vaiado-em-evento-com-prefeitos-em-brasilia\/\" \/>\n<meta property=\"og:locale\" content=\"pt_BR\" \/>\n<meta property=\"og:type\" content=\"article\" \/>\n<meta property=\"og:title\" content=\"Lula volta a ser vaiado em evento com prefeitos em Bras\u00edlia - Jornal Fatos e Not\u00edcias\" \/>\n<meta property=\"og:description\" content=\"Lula (PT) durante discurso na Marcha dos Prefeitos, nesta ter\u00e7a-feira (20) Por Di\u00f3genes Freire Feitosa Lula (PT) foi vaiado por, pelo menos, tr\u00eas vezes, durante evento que reuniu prefeitos, vice-prefeitos e vereadores de todo o pa\u00eds, em Bras\u00edlia, nesta ter\u00e7a-feira (20). A Marcha dos Prefeitos \u00e9 o principal evento com representantes dos munic\u00edpios organizado todos [&hellip;]\" \/>\n<meta property=\"og:url\" content=\"https:\/\/jornalfatosenoticias.com.br\/index.php\/2025\/05\/20\/lula-volta-a-ser-vaiado-em-evento-com-prefeitos-em-brasilia\/\" \/>\n<meta property=\"og:site_name\" content=\"Jornal Fatos e Not\u00edcias\" \/>\n<meta property=\"article:published_time\" content=\"2025-05-20T19:07:18+00:00\" \/>\n<meta property=\"article:modified_time\" content=\"2025-05-20T19:07:19+00:00\" \/>\n<meta property=\"og:image\" content=\"https:\/\/jornalfatosenoticias.com.br\/wp-content\/uploads\/2025\/05\/MOLUSCO_BRASILIA.jpg\" \/>\n\t<meta property=\"og:image:width\" content=\"1000\" \/>\n\t<meta property=\"og:image:height\" content=\"562\" \/>\n\t<meta property=\"og:image:type\" content=\"image\/jpeg\" \/>\n<meta name=\"author\" content=\"Luzimara Fernandes\" \/>\n<meta name=\"twitter:card\" content=\"summary_large_image\" \/>\n<meta name=\"twitter:label1\" content=\"Escrito por\" \/>\n\t<meta name=\"twitter:data1\" content=\"Luzimara Fernandes\" \/>\n\t<meta name=\"twitter:label2\" content=\"Est. tempo de leitura\" \/>\n\t<meta name=\"twitter:data2\" content=\"2 minutos\" \/>\n<script type=\"application\/ld+json\" class=\"yoast-schema-graph\">{\"@context\":\"https:\/\/schema.org\",\"@graph\":[{\"@type\":\"Article\",\"@id\":\"https:\/\/jornalfatosenoticias.com.br\/index.php\/2025\/05\/20\/lula-volta-a-ser-vaiado-em-evento-com-prefeitos-em-brasilia\/#article\",\"isPartOf\":{\"@id\":\"https:\/\/jornalfatosenoticias.com.br\/index.php\/2025\/05\/20\/lula-volta-a-ser-vaiado-em-evento-com-prefeitos-em-brasilia\/\"},\"author\":{\"name\":\"Luzimara Fernandes\",\"@id\":\"https:\/\/jornalfatosenoticias.com.br\/#\/schema\/person\/d63837fa13ac8666eb9e74e0985d6f81\"},\"headline\":\"Lula volta a ser vaiado em evento com prefeitos em Bras\u00edlia\",\"datePublished\":\"2025-05-20T19:07:18+00:00\",\"dateModified\":\"2025-05-20T19:07:19+00:00\",\"mainEntityOfPage\":{\"@id\":\"https:\/\/jornalfatosenoticias.com.br\/index.php\/2025\/05\/20\/lula-volta-a-ser-vaiado-em-evento-com-prefeitos-em-brasilia\/\"},\"wordCount\":371,\"commentCount\":0,\"publisher\":{\"@id\":\"https:\/\/jornalfatosenoticias.com.br\/#organization\"},\"image\":{\"@id\":\"https:\/\/jornalfatosenoticias.com.br\/index.php\/2025\/05\/20\/lula-volta-a-ser-vaiado-em-evento-com-prefeitos-em-brasilia\/#primaryimage\"},\"thumbnailUrl\":\"https:\/\/jornalfatosenoticias.com.br\/wp-content\/uploads\/2025\/05\/MOLUSCO_BRASILIA.jpg\",\"keywords\":[\"emendas parlamentares\",\"Geraldo Alckmin\",\"governadores\",\"Hugo Motta\",\"Lula\",\"Lula vaiado\",\"manifesta\u00e7\u00f5es\",\"Marcha dos Prefeitos\",\"Partido dos Trabalhadores (PT)\",\"STF\",\"vaias\"],\"articleSection\":[\"Pol\u00edtica\"],\"inLanguage\":\"pt-BR\",\"potentialAction\":[{\"@type\":\"CommentAction\",\"name\":\"Comment\",\"target\":[\"https:\/\/jornalfatosenoticias.com.br\/index.php\/2025\/05\/20\/lula-volta-a-ser-vaiado-em-evento-com-prefeitos-em-brasilia\/#respond\"]}]},{\"@type\":\"WebPage\",\"@id\":\"https:\/\/jornalfatosenoticias.com.br\/index.php\/2025\/05\/20\/lula-volta-a-ser-vaiado-em-evento-com-prefeitos-em-brasilia\/\",\"url\":\"https:\/\/jornalfatosenoticias.com.br\/index.php\/2025\/05\/20\/lula-volta-a-ser-vaiado-em-evento-com-prefeitos-em-brasilia\/\",\"name\":\"Lula volta a ser vaiado em evento com prefeitos em Bras\u00edlia - Jornal Fatos e Not\u00edcias\",\"isPartOf\":{\"@id\":\"https:\/\/jornalfatosenoticias.com.br\/#website\"},\"primaryImageOfPage\":{\"@id\":\"https:\/\/jornalfatosenoticias.com.br\/index.php\/2025\/05\/20\/lula-volta-a-ser-vaiado-em-evento-com-prefeitos-em-brasilia\/#primaryimage\"},\"image\":{\"@id\":\"https:\/\/jornalfatosenoticias.com.br\/index.php\/2025\/05\/20\/lula-volta-a-ser-vaiado-em-evento-com-prefeitos-em-brasilia\/#primaryimage\"},\"thumbnailUrl\":\"https:\/\/jornalfatosenoticias.com.br\/wp-content\/uploads\/2025\/05\/MOLUSCO_BRASILIA.jpg\",\"datePublished\":\"2025-05-20T19:07:18+00:00\",\"dateModified\":\"2025-05-20T19:07:19+00:00\",\"breadcrumb\":{\"@id\":\"https:\/\/jornalfatosenoticias.com.br\/index.php\/2025\/05\/20\/lula-volta-a-ser-vaiado-em-evento-com-prefeitos-em-brasilia\/#breadcrumb\"},\"inLanguage\":\"pt-BR\",\"potentialAction\":[{\"@type\":\"ReadAction\",\"target\":[\"https:\/\/jornalfatosenoticias.com.br\/index.php\/2025\/05\/20\/lula-volta-a-ser-vaiado-em-evento-com-prefeitos-em-brasilia\/\"]}]},{\"@type\":\"ImageObject\",\"inLanguage\":\"pt-BR\",\"@id\":\"https:\/\/jornalfatosenoticias.com.br\/index.php\/2025\/05\/20\/lula-volta-a-ser-vaiado-em-evento-com-prefeitos-em-brasilia\/#primaryimage\",\"url\":\"https:\/\/jornalfatosenoticias.com.br\/wp-content\/uploads\/2025\/05\/MOLUSCO_BRASILIA.jpg\",\"contentUrl\":\"https:\/\/jornalfatosenoticias.com.br\/wp-content\/uploads\/2025\/05\/MOLUSCO_BRASILIA.jpg\",\"width\":1000,\"height\":562},{\"@type\":\"BreadcrumbList\",\"@id\":\"https:\/\/jornalfatosenoticias.com.br\/index.php\/2025\/05\/20\/lula-volta-a-ser-vaiado-em-evento-com-prefeitos-em-brasilia\/#breadcrumb\",\"itemListElement\":[{\"@type\":\"ListItem\",\"position\":1,\"name\":\"In\u00edcio\",\"item\":\"https:\/\/jornalfatosenoticias.com.br\/\"},{\"@type\":\"ListItem\",\"position\":2,\"name\":\"Lula volta a ser vaiado em evento com prefeitos em Bras\u00edlia\"}]},{\"@type\":\"WebSite\",\"@id\":\"https:\/\/jornalfatosenoticias.com.br\/#website\",\"url\":\"https:\/\/jornalfatosenoticias.com.br\/\",\"name\":\"Jornal Fatos e Not\u00edcias\",\"description\":\"Not\u00edcias em geral\",\"publisher\":{\"@id\":\"https:\/\/jornalfatosenoticias.com.br\/#organization\"},\"potentialAction\":[{\"@type\":\"SearchAction\",\"target\":{\"@type\":\"EntryPoint\",\"urlTemplate\":\"https:\/\/jornalfatosenoticias.com.br\/?s={search_term_string}\"},\"query-input\":{\"@type\":\"PropertyValueSpecification\",\"valueRequired\":true,\"valueName\":\"search_term_string\"}}],\"inLanguage\":\"pt-BR\"},{\"@type\":\"Organization\",\"@id\":\"https:\/\/jornalfatosenoticias.com.br\/#organization\",\"name\":\"Jornal Fatos e Not\u00edcias\",\"url\":\"https:\/\/jornalfatosenoticias.com.br\/\",\"logo\":{\"@type\":\"ImageObject\",\"inLanguage\":\"pt-BR\",\"@id\":\"https:\/\/jornalfatosenoticias.com.br\/#\/schema\/logo\/image\/\",\"url\":\"https:\/\/jornalfatosenoticias.com.br\/wp-content\/uploads\/2020\/02\/logo120.png\",\"contentUrl\":\"https:\/\/jornalfatosenoticias.com.br\/wp-content\/uploads\/2020\/02\/logo120.png\",\"width\":1227,\"height\":120,\"caption\":\"Jornal Fatos e Not\u00edcias\"},\"image\":{\"@id\":\"https:\/\/jornalfatosenoticias.com.br\/#\/schema\/logo\/image\/\"}},{\"@type\":\"Person\",\"@id\":\"https:\/\/jornalfatosenoticias.com.br\/#\/schema\/person\/d63837fa13ac8666eb9e74e0985d6f81\",\"name\":\"Luzimara Fernandes\",\"image\":{\"@type\":\"ImageObject\",\"inLanguage\":\"pt-BR\",\"@id\":\"https:\/\/jornalfatosenoticias.com.br\/#\/schema\/person\/image\/\",\"url\":\"https:\/\/jornalfatosenoticias.com.br\/wp-content\/uploads\/2025\/05\/EU_portal.jpg\",\"contentUrl\":\"https:\/\/jornalfatosenoticias.com.br\/wp-content\/uploads\/2025\/05\/EU_portal.jpg\",\"caption\":\"Luzimara Fernandes\"},\"description\":\"Jornalista MTB 2358-ES\",\"sameAs\":[\"https:\/\/jornalfatosenoticias.com.br\"],\"url\":\"https:\/\/jornalfatosenoticias.com.br\/index.php\/author\/luzimara\/\"}]}<\/script>\n<!-- \/ Yoast SEO plugin. -->","yoast_head_json":{"title":"Lula volta a ser vaiado em evento com prefeitos em Bras\u00edlia - Jornal Fatos e Not\u00edcias","robots":{"index":"index","follow":"follow","max-snippet":"max-snippet:-1","max-image-preview":"max-image-preview:large","max-video-preview":"max-video-preview:-1"},"canonical":"https:\/\/jornalfatosenoticias.com.br\/index.php\/2025\/05\/20\/lula-volta-a-ser-vaiado-em-evento-com-prefeitos-em-brasilia\/","og_locale":"pt_BR","og_type":"article","og_title":"Lula volta a ser vaiado em evento com prefeitos em Bras\u00edlia - Jornal Fatos e Not\u00edcias","og_description":"Lula (PT) durante discurso na Marcha dos Prefeitos, nesta ter\u00e7a-feira (20) Por Di\u00f3genes Freire Feitosa Lula (PT) foi vaiado por, pelo menos, tr\u00eas vezes, durante evento que reuniu prefeitos, vice-prefeitos e vereadores de todo o pa\u00eds, em Bras\u00edlia, nesta ter\u00e7a-feira (20). A Marcha dos Prefeitos \u00e9 o principal evento com representantes dos munic\u00edpios organizado todos [&hellip;]","og_url":"https:\/\/jornalfatosenoticias.com.br\/index.php\/2025\/05\/20\/lula-volta-a-ser-vaiado-em-evento-com-prefeitos-em-brasilia\/","og_site_name":"Jornal Fatos e Not\u00edcias","article_published_time":"2025-05-20T19:07:18+00:00","article_modified_time":"2025-05-20T19:07:19+00:00","og_image":[{"width":1000,"height":562,"url":"https:\/\/jornalfatosenoticias.com.br\/wp-content\/uploads\/2025\/05\/MOLUSCO_BRASILIA.jpg","type":"image\/jpeg"}],"author":"Luzimara Fernandes","twitter_card":"summary_large_image","twitter_misc":{"Escrito por":"Luzimara Fernandes","Est. tempo de leitura":"2 minutos"},"schema":{"@context":"https:\/\/schema.org","@graph":[{"@type":"Article","@id":"https:\/\/jornalfatosenoticias.com.br\/index.php\/2025\/05\/20\/lula-volta-a-ser-vaiado-em-evento-com-prefeitos-em-brasilia\/#article","isPartOf":{"@id":"https:\/\/jornalfatosenoticias.com.br\/index.php\/2025\/05\/20\/lula-volta-a-ser-vaiado-em-evento-com-prefeitos-em-brasilia\/"},"author":{"name":"Luzimara Fernandes","@id":"https:\/\/jornalfatosenoticias.com.br\/#\/schema\/person\/d63837fa13ac8666eb9e74e0985d6f81"},"headline":"Lula volta a ser vaiado em evento com prefeitos em Bras\u00edlia","datePublished":"2025-05-20T19:07:18+00:00","dateModified":"2025-05-20T19:07:19+00:00","mainEntityOfPage":{"@id":"https:\/\/jornalfatosenoticias.com.br\/index.php\/2025\/05\/20\/lula-volta-a-ser-vaiado-em-evento-com-prefeitos-em-brasilia\/"},"wordCount":371,"commentCount":0,"publisher":{"@id":"https:\/\/jornalfatosenoticias.com.br\/#organization"},"image":{"@id":"https:\/\/jornalfatosenoticias.com.br\/index.php\/2025\/05\/20\/lula-volta-a-ser-vaiado-em-evento-com-prefeitos-em-brasilia\/#primaryimage"},"thumbnailUrl":"https:\/\/jornalfatosenoticias.com.br\/wp-content\/uploads\/2025\/05\/MOLUSCO_BRASILIA.jpg","keywords":["emendas parlamentares","Geraldo Alckmin","governadores","Hugo Motta","Lula","Lula vaiado","manifesta\u00e7\u00f5es","Marcha dos Prefeitos","Partido dos Trabalhadores (PT)","STF","vaias"],"articleSection":["Pol\u00edtica"],"inLanguage":"pt-BR","potentialAction":[{"@type":"CommentAction","name":"Comment","target":["https:\/\/jornalfatosenoticias.com.br\/index.php\/2025\/05\/20\/lula-volta-a-ser-vaiado-em-evento-com-prefeitos-em-brasilia\/#respond"]}]},{"@type":"WebPage","@id":"https:\/\/jornalfatosenoticias.com.br\/index.php\/2025\/05\/20\/lula-volta-a-ser-vaiado-em-evento-com-prefeitos-em-brasilia\/","url":"https:\/\/jornalfatosenoticias.com.br\/index.php\/2025\/05\/20\/lula-volta-a-ser-vaiado-em-evento-com-prefeitos-em-brasilia\/","name":"Lula volta a ser vaiado em evento com prefeitos em Bras\u00edlia - Jornal Fatos e Not\u00edcias","isPartOf":{"@id":"https:\/\/jornalfatosenoticias.com.br\/#website"},"primaryImageOfPage":{"@id":"https:\/\/jornalfatosenoticias.com.br\/index.php\/2025\/05\/20\/lula-volta-a-ser-vaiado-em-evento-com-prefeitos-em-brasilia\/#primaryimage"},"image":{"@id":"https:\/\/jornalfatosenoticias.com.br\/index.php\/2025\/05\/20\/lula-volta-a-ser-vaiado-em-evento-com-prefeitos-em-brasilia\/#primaryimage"},"thumbnailUrl":"https:\/\/jornalfatosenoticias.com.br\/wp-content\/uploads\/2025\/05\/MOLUSCO_BRASILIA.jpg","datePublished":"2025-05-20T19:07:18+00:00","dateModified":"2025-05-20T19:07:19+00:00","breadcrumb":{"@id":"https:\/\/jornalfatosenoticias.com.br\/index.php\/2025\/05\/20\/lula-volta-a-ser-vaiado-em-evento-com-prefeitos-em-brasilia\/#breadcrumb"},"inLanguage":"pt-BR","potentialAction":[{"@type":"ReadAction","target":["https:\/\/jornalfatosenoticias.com.br\/index.php\/2025\/05\/20\/lula-volta-a-ser-vaiado-em-evento-com-prefeitos-em-brasilia\/"]}]},{"@type":"ImageObject","inLanguage":"pt-BR","@id":"https:\/\/jornalfatosenoticias.com.br\/index.php\/2025\/05\/20\/lula-volta-a-ser-vaiado-em-evento-com-prefeitos-em-brasilia\/#primaryimage","url":"https:\/\/jornalfatosenoticias.com.br\/wp-content\/uploads\/2025\/05\/MOLUSCO_BRASILIA.jpg","contentUrl":"https:\/\/jornalfatosenoticias.com.br\/wp-content\/uploads\/2025\/05\/MOLUSCO_BRASILIA.jpg","width":1000,"height":562},{"@type":"BreadcrumbList","@id":"https:\/\/jornalfatosenoticias.com.br\/index.php\/2025\/05\/20\/lula-volta-a-ser-vaiado-em-evento-com-prefeitos-em-brasilia\/#breadcrumb","itemListElement":[{"@type":"ListItem","position":1,"name":"In\u00edcio","item":"https:\/\/jornalfatosenoticias.com.br\/"},{"@type":"ListItem","position":2,"name":"Lula volta a ser vaiado em evento com prefeitos em Bras\u00edlia"}]},{"@type":"WebSite","@id":"https:\/\/jornalfatosenoticias.com.br\/#website","url":"https:\/\/jornalfatosenoticias.com.br\/","name":"Jornal Fatos e Not\u00edcias","description":"Not\u00edcias em geral","publisher":{"@id":"https:\/\/jornalfatosenoticias.com.br\/#organization"},"potentialAction":[{"@type":"SearchAction","target":{"@type":"EntryPoint","urlTemplate":"https:\/\/jornalfatosenoticias.com.br\/?s={search_term_string}"},"query-input":{"@type":"PropertyValueSpecification","valueRequired":true,"valueName":"search_term_string"}}],"inLanguage":"pt-BR"},{"@type":"Organization","@id":"https:\/\/jornalfatosenoticias.com.br\/#organization","name":"Jornal Fatos e Not\u00edcias","url":"https:\/\/jornalfatosenoticias.com.br\/","logo":{"@type":"ImageObject","inLanguage":"pt-BR","@id":"https:\/\/jornalfatosenoticias.com.br\/#\/schema\/logo\/image\/","url":"https:\/\/jornalfatosenoticias.com.br\/wp-content\/uploads\/2020\/02\/logo120.png","contentUrl":"https:\/\/jornalfatosenoticias.com.br\/wp-content\/uploads\/2020\/02\/logo120.png","width":1227,"height":120,"caption":"Jornal Fatos e Not\u00edcias"},"image":{"@id":"https:\/\/jornalfatosenoticias.com.br\/#\/schema\/logo\/image\/"}},{"@type":"Person","@id":"https:\/\/jornalfatosenoticias.com.br\/#\/schema\/person\/d63837fa13ac8666eb9e74e0985d6f81","name":"Luzimara Fernandes","image":{"@type":"ImageObject","inLanguage":"pt-BR","@id":"https:\/\/jornalfatosenoticias.com.br\/#\/schema\/person\/image\/","url":"https:\/\/jornalfatosenoticias.com.br\/wp-content\/uploads\/2025\/05\/EU_portal.jpg","contentUrl":"https:\/\/jornalfatosenoticias.com.br\/wp-content\/uploads\/2025\/05\/EU_portal.jpg","caption":"Luzimara Fernandes"},"description":"Jornalista MTB 2358-ES","sameAs":["https:\/\/jornalfatosenoticias.com.br"],"url":"https:\/\/jornalfatosenoticias.com.br\/index.php\/author\/luzimara\/"}]}},"cc_featured_image_caption":{"caption_text":"(Foto: Reprodu\u00e7\u00e3o\/Canal Gov) ","source_text":"","source_url":""},"jetpack_featured_media_url":"https:\/\/jornalfatosenoticias.com.br\/wp-content\/uploads\/2025\/05\/MOLUSCO_BRASILIA.jpg","_links":{"self":[{"href":"https:\/\/jornalfatosenoticias.com.br\/index.php\/wp-json\/wp\/v2\/posts\/59367","targetHints":{"allow":["GET"]}}],"collection":[{"href":"https:\/\/jornalfatosenoticias.com.br\/index.php\/wp-json\/wp\/v2\/posts"}],"about":[{"href":"https:\/\/jornalfatosenoticias.com.br\/index.php\/wp-json\/wp\/v2\/types\/post"}],"author":[{"embeddable":true,"href":"https:\/\/jornalfatosenoticias.com.br\/index.php\/wp-json\/wp\/v2\/users\/2"}],"replies":[{"embeddable":true,"href":"https:\/\/jornalfatosenoticias.com.br\/index.php\/wp-json\/wp\/v2\/comments?post=59367"}],"version-history":[{"count":0,"href":"https:\/\/jornalfatosenoticias.com.br\/index.php\/wp-json\/wp\/v2\/posts\/59367\/revisions"}],"wp:featuredmedia":[{"embeddable":true,"href":"https:\/\/jornalfatosenoticias.com.br\/index.php\/wp-json\/wp\/v2\/media\/59368"}],"wp:attachment":[{"href":"https:\/\/jornalfatosenoticias.com.br\/index.php\/wp-json\/wp\/v2\/media?parent=59367"}],"wp:term":[{"taxonomy":"category","embeddable":true,"href":"https:\/\/jornalfatosenoticias.com.br\/index.php\/wp-json\/wp\/v2\/categories?post=59367"},{"taxonomy":"post_tag","embeddable":true,"href":"https:\/\/jornalfatosenoticias.com.br\/index.php\/wp-json\/wp\/v2\/tags?post=59367"}],"curies":[{"name":"wp","href":"https:\/\/api.w.org\/{rel}","templated":true}]}}