{"id":59370,"date":"2025-05-20T16:19:56","date_gmt":"2025-05-20T19:19:56","guid":{"rendered":"https:\/\/jornalfatosenoticias.com.br\/?p=59370"},"modified":"2025-05-20T16:19:57","modified_gmt":"2025-05-20T19:19:57","slug":"impostometro-atinge-r-15-trilhao-em-2025-e-escancara-peso-tributario-sobre-o-brasileiro","status":"publish","type":"post","link":"https:\/\/jornalfatosenoticias.com.br\/index.php\/2025\/05\/20\/impostometro-atinge-r-15-trilhao-em-2025-e-escancara-peso-tributario-sobre-o-brasileiro\/","title":{"rendered":"Impost\u00f4metro atinge R$ 1,5 trilh\u00e3o em 2025 e escancara peso tribut\u00e1rio sobre o brasileiro"},"content":{"rendered":"\n<div class=\"wp-block-image\"><figure class=\"aligncenter size-large\"><a href=\"http:\/\/www.ferrarimaquinas.com.br\/\"><img loading=\"lazy\" decoding=\"async\" width=\"1024\" height=\"100\" src=\"https:\/\/jornalfatosenoticias.com.br\/wp-content\/uploads\/2020\/02\/banner_ferramentas-1024x100.jpg\" alt=\"\" class=\"wp-image-1258\" srcset=\"https:\/\/jornalfatosenoticias.com.br\/wp-content\/uploads\/2020\/02\/banner_ferramentas-1024x100.jpg 1024w, https:\/\/jornalfatosenoticias.com.br\/wp-content\/uploads\/2020\/02\/banner_ferramentas-300x29.jpg 300w, https:\/\/jornalfatosenoticias.com.br\/wp-content\/uploads\/2020\/02\/banner_ferramentas-768x75.jpg 768w, https:\/\/jornalfatosenoticias.com.br\/wp-content\/uploads\/2020\/02\/banner_ferramentas.jpg 1227w\" sizes=\"auto, (max-width: 1024px) 100vw, 1024px\" \/><\/a><\/figure><\/div>\n\n\n\n<p>O Brasil ultrapassou a marca de R$ 1,5 trilh\u00e3o em impostos arrecadados somente em 2025, segundo dados do Impost\u00f4metro, ferramenta da Associa\u00e7\u00e3o Comercial de S\u00e3o Paulo (ACSP) que contabiliza, em tempo real, a carga tribut\u00e1ria imposta aos brasileiros.<br>O valor inclui arrecada\u00e7\u00e3o de impostos, contribui\u00e7\u00f5es, taxas e tributos federais, como IR, IPI, IOF, CSLL, Cofins, PIS\/Pasep, Cide, Previd\u00eancia e FGTS, entre outros. A base de dados utilizada pelo sistema \u00e9 composta por informa\u00e7\u00f5es da Receita Federal, Tesouro Nacional, TCU, IBGE e Caixa Econ\u00f4mica Federal.<\/p>\n\n\n\n<div class=\"wp-block-image\"><figure class=\"aligncenter size-large is-resized\"><a href=\"https:\/\/www.facebook.com\/postobkr\/?locale=pt_BR\"><img loading=\"lazy\" decoding=\"async\" src=\"https:\/\/jornalfatosenoticias.com.br\/wp-content\/uploads\/2023\/08\/BKR-1024x1021.jpg\" alt=\"\" class=\"wp-image-44494\" width=\"314\" height=\"313\" srcset=\"https:\/\/jornalfatosenoticias.com.br\/wp-content\/uploads\/2023\/08\/BKR-1024x1021.jpg 1024w, https:\/\/jornalfatosenoticias.com.br\/wp-content\/uploads\/2023\/08\/BKR-300x300.jpg 300w, https:\/\/jornalfatosenoticias.com.br\/wp-content\/uploads\/2023\/08\/BKR-150x150.jpg 150w, https:\/\/jornalfatosenoticias.com.br\/wp-content\/uploads\/2023\/08\/BKR-768x766.jpg 768w, https:\/\/jornalfatosenoticias.com.br\/wp-content\/uploads\/2023\/08\/BKR.jpg 1080w\" sizes=\"auto, (max-width: 314px) 100vw, 314px\" \/><\/a><\/figure><\/div>\n\n\n\n<p>O n\u00famero impressiona n\u00e3o apenas pelo volume financeiro, mas pelo impacto direto no bolso do cidad\u00e3o. Em 2024, o brasileiro precisou trabalhar, em m\u00e9dia, 150 dias do ano (cinco meses!) apenas para pagar impostos, o equivalente a mais de 40% do tempo produtivo anual. N\u00e3o \u00e9 exagero dizer que metade do suor do trabalhador vai direto para Bras\u00edlia.<\/p>\n\n\n\n<div class=\"wp-block-image\"><figure class=\"aligncenter size-large is-resized\"><a href=\"https:\/\/www.instagram.com\/restaurantepegoretti\/\"><img loading=\"lazy\" decoding=\"async\" src=\"https:\/\/jornalfatosenoticias.com.br\/wp-content\/uploads\/2023\/12\/pegoretti-logo-pdf-1024x389.jpg\" alt=\"\" class=\"wp-image-47536\" width=\"554\" height=\"210\" srcset=\"https:\/\/jornalfatosenoticias.com.br\/wp-content\/uploads\/2023\/12\/pegoretti-logo-pdf-1024x389.jpg 1024w, https:\/\/jornalfatosenoticias.com.br\/wp-content\/uploads\/2023\/12\/pegoretti-logo-pdf-300x114.jpg 300w, https:\/\/jornalfatosenoticias.com.br\/wp-content\/uploads\/2023\/12\/pegoretti-logo-pdf-768x291.jpg 768w, https:\/\/jornalfatosenoticias.com.br\/wp-content\/uploads\/2023\/12\/pegoretti-logo-pdf.jpg 1120w\" sizes=\"auto, (max-width: 554px) 100vw, 554px\" \/><\/a><\/figure><\/div>\n\n\n\n<p>O Estado de S\u00e3o Paulo lidera o ranking da arrecada\u00e7\u00e3o, respondendo por 37,3% de todo o valor recolhido pela Uni\u00e3o. Na sequ\u00eancia aparecem o Rio de Janeiro (13,7%) e Minas Gerais (7%), refor\u00e7ando a concentra\u00e7\u00e3o da carga tribut\u00e1ria em regi\u00f5es de maior atividade econ\u00f4mica.<\/p>\n\n\n\n<div class=\"wp-block-image\"><figure class=\"aligncenter size-large is-resized\"><a href=\"https:\/\/www.instagram.com\/serra4x4cambioautomatico\/\"><img loading=\"lazy\" decoding=\"async\" src=\"https:\/\/jornalfatosenoticias.com.br\/wp-content\/uploads\/2024\/08\/Serra-4x4-1-886x1024.jpg\" alt=\"\" class=\"wp-image-53632\" width=\"283\" height=\"327\" srcset=\"https:\/\/jornalfatosenoticias.com.br\/wp-content\/uploads\/2024\/08\/Serra-4x4-1-886x1024.jpg 886w, https:\/\/jornalfatosenoticias.com.br\/wp-content\/uploads\/2024\/08\/Serra-4x4-1-260x300.jpg 260w, https:\/\/jornalfatosenoticias.com.br\/wp-content\/uploads\/2024\/08\/Serra-4x4-1-768x888.jpg 768w, https:\/\/jornalfatosenoticias.com.br\/wp-content\/uploads\/2024\/08\/Serra-4x4-1.jpg 1181w\" sizes=\"auto, (max-width: 283px) 100vw, 283px\" \/><\/a><\/figure><\/div>\n\n\n\n<p>Para fins de compara\u00e7\u00e3o e choque matem\u00e1tico, os R$ 1,5 trilh\u00e3o acumulados at\u00e9 agora em 2025 equivalem ao pagamento de dez sal\u00e1rios m\u00ednimos durante 13,4 milh\u00f5es de anos. Se aplicado na poupan\u00e7a, o montante renderia cerca de R$ 293 milh\u00f5es por dia \u2014 um valor que poderia financiar programas sociais, infraestrutura ou reduzir o d\u00e9ficit fiscal, mas que tamb\u00e9m levanta a eterna pergunta: para onde vai todo esse dinheiro?<\/p>\n\n\n\n<div class=\"wp-block-image\"><figure class=\"aligncenter size-large is-resized\"><a href=\"https:\/\/www.legisjuris.com.br\/\"><img loading=\"lazy\" decoding=\"async\" src=\"https:\/\/jornalfatosenoticias.com.br\/wp-content\/uploads\/2024\/09\/Legis-Juris-Consultoria_logo.jpg\" alt=\"\" class=\"wp-image-53915\" width=\"525\" height=\"220\" srcset=\"https:\/\/jornalfatosenoticias.com.br\/wp-content\/uploads\/2024\/09\/Legis-Juris-Consultoria_logo.jpg 969w, https:\/\/jornalfatosenoticias.com.br\/wp-content\/uploads\/2024\/09\/Legis-Juris-Consultoria_logo-300x126.jpg 300w, https:\/\/jornalfatosenoticias.com.br\/wp-content\/uploads\/2024\/09\/Legis-Juris-Consultoria_logo-768x322.jpg 768w\" sizes=\"auto, (max-width: 525px) 100vw, 525px\" \/><\/a><\/figure><\/div>\n\n\n\n<p>Mesmo com promessas de ajuste fiscal e simplifica\u00e7\u00e3o tribut\u00e1ria, a arrecada\u00e7\u00e3o federal continua em crescimento acelerado. O n\u00famero de R$ 1,5 trilh\u00e3o foi atingido mais cedo neste ano do que em 2024, o que indica um aumento proporcional da carga sobre empresas e consumidores.<\/p>\n\n\n\n<div class=\"wp-block-image\"><figure class=\"aligncenter size-large is-resized\"><a href=\"https:\/\/www.facebook.com\/profile.php?id=100069289606145\"><img loading=\"lazy\" decoding=\"async\" src=\"https:\/\/jornalfatosenoticias.com.br\/wp-content\/uploads\/2024\/11\/Guaitolini-Contabilidade-1024x714.jpeg\" alt=\"\" class=\"wp-image-55808\" width=\"312\" height=\"217\" srcset=\"https:\/\/jornalfatosenoticias.com.br\/wp-content\/uploads\/2024\/11\/Guaitolini-Contabilidade-1024x714.jpeg 1024w, https:\/\/jornalfatosenoticias.com.br\/wp-content\/uploads\/2024\/11\/Guaitolini-Contabilidade-300x209.jpeg 300w, https:\/\/jornalfatosenoticias.com.br\/wp-content\/uploads\/2024\/11\/Guaitolini-Contabilidade-768x535.jpeg 768w, https:\/\/jornalfatosenoticias.com.br\/wp-content\/uploads\/2024\/11\/Guaitolini-Contabilidade.jpeg 1280w\" sizes=\"auto, (max-width: 312px) 100vw, 312px\" \/><\/a><\/figure><\/div>\n\n\n\n<p>Enquanto isso, discuss\u00f5es sobre reforma tribut\u00e1ria seguem travadas em disputas pol\u00edticas e t\u00e9cnicas no Congresso, e a percep\u00e7\u00e3o do brasileiro \u00e9 de que paga muito, mas recebe pouco \u2014 especialmente em \u00e1reas como sa\u00fade, seguran\u00e7a e transporte.<\/p>\n\n\n\n<p><strong>Fonte: <a href=\"https:\/\/horabrasilia.com.br\/2025\/05\/impostometro-atinge-r-15-trilhao-em-2025-e-escancara-peso-tributario-sobre-o-brasileiro\/\">Hora Bras\u00edlia<\/a><\/strong><\/p>\n","protected":false},"excerpt":{"rendered":"<p>O Brasil ultrapassou a marca de R$ 1,5 trilh\u00e3o em impostos arrecadados somente em 2025, segundo dados do Impost\u00f4metro, ferramenta da Associa\u00e7\u00e3o Comercial de S\u00e3o Paulo (ACSP) que contabiliza, em tempo real, a carga tribut\u00e1ria imposta aos brasileiros.O valor inclui arrecada\u00e7\u00e3o de impostos, contribui\u00e7\u00f5es, taxas e tributos federais, como IR, IPI, IOF, CSLL, Cofins, PIS\/Pasep, [&hellip;]<\/p>\n","protected":false},"author":2,"featured_media":59371,"comment_status":"open","ping_status":"open","sticky":false,"template":"","format":"standard","meta":{"footnotes":""},"categories":[9],"tags":[27102,4047,18343,8257,27101],"class_list":["post-59370","post","type-post","status-publish","format-standard","has-post-thumbnail","hentry","category-economia","tag-arrecadacao-federal","tag-carga-tributaria","tag-governo-lula","tag-impostos","tag-tributos-federais"],"yoast_head":"<!-- This site is optimized with the Yoast SEO plugin v26.5 - https:\/\/yoast.com\/wordpress\/plugins\/seo\/ -->\n<title>Impost\u00f4metro atinge R$ 1,5 trilh\u00e3o em 2025 e escancara peso tribut\u00e1rio sobre o brasileiro - Jornal Fatos e Not\u00edcias<\/title>\n<meta name=\"robots\" content=\"index, follow, max-snippet:-1, max-image-preview:large, max-video-preview:-1\" \/>\n<link rel=\"canonical\" href=\"https:\/\/jornalfatosenoticias.com.br\/index.php\/2025\/05\/20\/impostometro-atinge-r-15-trilhao-em-2025-e-escancara-peso-tributario-sobre-o-brasileiro\/\" \/>\n<meta property=\"og:locale\" content=\"pt_BR\" \/>\n<meta property=\"og:type\" content=\"article\" \/>\n<meta property=\"og:title\" content=\"Impost\u00f4metro atinge R$ 1,5 trilh\u00e3o em 2025 e escancara peso tribut\u00e1rio sobre o brasileiro - Jornal Fatos e Not\u00edcias\" \/>\n<meta property=\"og:description\" content=\"O Brasil ultrapassou a marca de R$ 1,5 trilh\u00e3o em impostos arrecadados somente em 2025, segundo dados do Impost\u00f4metro, ferramenta da Associa\u00e7\u00e3o Comercial de S\u00e3o Paulo (ACSP) que contabiliza, em tempo real, a carga tribut\u00e1ria imposta aos brasileiros.O valor inclui arrecada\u00e7\u00e3o de impostos, contribui\u00e7\u00f5es, taxas e tributos federais, como IR, IPI, IOF, CSLL, Cofins, PIS\/Pasep, [&hellip;]\" \/>\n<meta property=\"og:url\" content=\"https:\/\/jornalfatosenoticias.com.br\/index.php\/2025\/05\/20\/impostometro-atinge-r-15-trilhao-em-2025-e-escancara-peso-tributario-sobre-o-brasileiro\/\" \/>\n<meta property=\"og:site_name\" content=\"Jornal Fatos e Not\u00edcias\" \/>\n<meta property=\"article:published_time\" content=\"2025-05-20T19:19:56+00:00\" \/>\n<meta property=\"article:modified_time\" content=\"2025-05-20T19:19:57+00:00\" \/>\n<meta property=\"og:image\" content=\"https:\/\/jornalfatosenoticias.com.br\/wp-content\/uploads\/2025\/05\/chuchu-e-molusco_carga-tributaria-sobre-o-brasileiro_gettyimages.jpg\" \/>\n\t<meta property=\"og:image:width\" content=\"612\" \/>\n\t<meta property=\"og:image:height\" content=\"428\" \/>\n\t<meta property=\"og:image:type\" content=\"image\/jpeg\" \/>\n<meta name=\"author\" content=\"Luzimara Fernandes\" \/>\n<meta name=\"twitter:card\" content=\"summary_large_image\" \/>\n<meta name=\"twitter:label1\" content=\"Escrito por\" \/>\n\t<meta name=\"twitter:data1\" content=\"Luzimara Fernandes\" \/>\n\t<meta name=\"twitter:label2\" content=\"Est. tempo de leitura\" \/>\n\t<meta name=\"twitter:data2\" content=\"2 minutos\" \/>\n<script type=\"application\/ld+json\" class=\"yoast-schema-graph\">{\"@context\":\"https:\/\/schema.org\",\"@graph\":[{\"@type\":\"Article\",\"@id\":\"https:\/\/jornalfatosenoticias.com.br\/index.php\/2025\/05\/20\/impostometro-atinge-r-15-trilhao-em-2025-e-escancara-peso-tributario-sobre-o-brasileiro\/#article\",\"isPartOf\":{\"@id\":\"https:\/\/jornalfatosenoticias.com.br\/index.php\/2025\/05\/20\/impostometro-atinge-r-15-trilhao-em-2025-e-escancara-peso-tributario-sobre-o-brasileiro\/\"},\"author\":{\"name\":\"Luzimara Fernandes\",\"@id\":\"https:\/\/jornalfatosenoticias.com.br\/#\/schema\/person\/d63837fa13ac8666eb9e74e0985d6f81\"},\"headline\":\"Impost\u00f4metro atinge R$ 1,5 trilh\u00e3o em 2025 e escancara peso tribut\u00e1rio sobre o brasileiro\",\"datePublished\":\"2025-05-20T19:19:56+00:00\",\"dateModified\":\"2025-05-20T19:19:57+00:00\",\"mainEntityOfPage\":{\"@id\":\"https:\/\/jornalfatosenoticias.com.br\/index.php\/2025\/05\/20\/impostometro-atinge-r-15-trilhao-em-2025-e-escancara-peso-tributario-sobre-o-brasileiro\/\"},\"wordCount\":384,\"commentCount\":0,\"publisher\":{\"@id\":\"https:\/\/jornalfatosenoticias.com.br\/#organization\"},\"image\":{\"@id\":\"https:\/\/jornalfatosenoticias.com.br\/index.php\/2025\/05\/20\/impostometro-atinge-r-15-trilhao-em-2025-e-escancara-peso-tributario-sobre-o-brasileiro\/#primaryimage\"},\"thumbnailUrl\":\"https:\/\/jornalfatosenoticias.com.br\/wp-content\/uploads\/2025\/05\/chuchu-e-molusco_carga-tributaria-sobre-o-brasileiro_gettyimages.jpg\",\"keywords\":[\"arrecada\u00e7\u00e3o federal\",\"carga tribut\u00e1ria\",\"governo Lula\",\"impostos\",\"tributos federais\"],\"articleSection\":[\"Economia\"],\"inLanguage\":\"pt-BR\",\"potentialAction\":[{\"@type\":\"CommentAction\",\"name\":\"Comment\",\"target\":[\"https:\/\/jornalfatosenoticias.com.br\/index.php\/2025\/05\/20\/impostometro-atinge-r-15-trilhao-em-2025-e-escancara-peso-tributario-sobre-o-brasileiro\/#respond\"]}]},{\"@type\":\"WebPage\",\"@id\":\"https:\/\/jornalfatosenoticias.com.br\/index.php\/2025\/05\/20\/impostometro-atinge-r-15-trilhao-em-2025-e-escancara-peso-tributario-sobre-o-brasileiro\/\",\"url\":\"https:\/\/jornalfatosenoticias.com.br\/index.php\/2025\/05\/20\/impostometro-atinge-r-15-trilhao-em-2025-e-escancara-peso-tributario-sobre-o-brasileiro\/\",\"name\":\"Impost\u00f4metro atinge R$ 1,5 trilh\u00e3o em 2025 e escancara peso tribut\u00e1rio sobre o brasileiro - Jornal Fatos e Not\u00edcias\",\"isPartOf\":{\"@id\":\"https:\/\/jornalfatosenoticias.com.br\/#website\"},\"primaryImageOfPage\":{\"@id\":\"https:\/\/jornalfatosenoticias.com.br\/index.php\/2025\/05\/20\/impostometro-atinge-r-15-trilhao-em-2025-e-escancara-peso-tributario-sobre-o-brasileiro\/#primaryimage\"},\"image\":{\"@id\":\"https:\/\/jornalfatosenoticias.com.br\/index.php\/2025\/05\/20\/impostometro-atinge-r-15-trilhao-em-2025-e-escancara-peso-tributario-sobre-o-brasileiro\/#primaryimage\"},\"thumbnailUrl\":\"https:\/\/jornalfatosenoticias.com.br\/wp-content\/uploads\/2025\/05\/chuchu-e-molusco_carga-tributaria-sobre-o-brasileiro_gettyimages.jpg\",\"datePublished\":\"2025-05-20T19:19:56+00:00\",\"dateModified\":\"2025-05-20T19:19:57+00:00\",\"breadcrumb\":{\"@id\":\"https:\/\/jornalfatosenoticias.com.br\/index.php\/2025\/05\/20\/impostometro-atinge-r-15-trilhao-em-2025-e-escancara-peso-tributario-sobre-o-brasileiro\/#breadcrumb\"},\"inLanguage\":\"pt-BR\",\"potentialAction\":[{\"@type\":\"ReadAction\",\"target\":[\"https:\/\/jornalfatosenoticias.com.br\/index.php\/2025\/05\/20\/impostometro-atinge-r-15-trilhao-em-2025-e-escancara-peso-tributario-sobre-o-brasileiro\/\"]}]},{\"@type\":\"ImageObject\",\"inLanguage\":\"pt-BR\",\"@id\":\"https:\/\/jornalfatosenoticias.com.br\/index.php\/2025\/05\/20\/impostometro-atinge-r-15-trilhao-em-2025-e-escancara-peso-tributario-sobre-o-brasileiro\/#primaryimage\",\"url\":\"https:\/\/jornalfatosenoticias.com.br\/wp-content\/uploads\/2025\/05\/chuchu-e-molusco_carga-tributaria-sobre-o-brasileiro_gettyimages.jpg\",\"contentUrl\":\"https:\/\/jornalfatosenoticias.com.br\/wp-content\/uploads\/2025\/05\/chuchu-e-molusco_carga-tributaria-sobre-o-brasileiro_gettyimages.jpg\",\"width\":612,\"height\":428,\"caption\":\"Brazil's President Luiz Inacio Lula da Silva (R) and his Vice President and Minister of Industry and Commerce, Geraldo Alckmin, talk during the swearing-in ceremony of the new ministers of Health, Alexandre Padilha, and of the Secretariat of Institutional Relations, Gleisi Hoffmann, at the Planalto Palace in Brasilia on March 10, 2025. Padilha replaces Nisia Trindade and Hoffmann replaces Alexandre Padilha. (Photo by EVARISTO SA \/ AFP) (Photo by EVARISTO SA\/AFP via Getty Images)\"},{\"@type\":\"BreadcrumbList\",\"@id\":\"https:\/\/jornalfatosenoticias.com.br\/index.php\/2025\/05\/20\/impostometro-atinge-r-15-trilhao-em-2025-e-escancara-peso-tributario-sobre-o-brasileiro\/#breadcrumb\",\"itemListElement\":[{\"@type\":\"ListItem\",\"position\":1,\"name\":\"In\u00edcio\",\"item\":\"https:\/\/jornalfatosenoticias.com.br\/\"},{\"@type\":\"ListItem\",\"position\":2,\"name\":\"Impost\u00f4metro atinge R$ 1,5 trilh\u00e3o em 2025 e escancara peso tribut\u00e1rio sobre o brasileiro\"}]},{\"@type\":\"WebSite\",\"@id\":\"https:\/\/jornalfatosenoticias.com.br\/#website\",\"url\":\"https:\/\/jornalfatosenoticias.com.br\/\",\"name\":\"Jornal Fatos e Not\u00edcias\",\"description\":\"Not\u00edcias em geral\",\"publisher\":{\"@id\":\"https:\/\/jornalfatosenoticias.com.br\/#organization\"},\"potentialAction\":[{\"@type\":\"SearchAction\",\"target\":{\"@type\":\"EntryPoint\",\"urlTemplate\":\"https:\/\/jornalfatosenoticias.com.br\/?s={search_term_string}\"},\"query-input\":{\"@type\":\"PropertyValueSpecification\",\"valueRequired\":true,\"valueName\":\"search_term_string\"}}],\"inLanguage\":\"pt-BR\"},{\"@type\":\"Organization\",\"@id\":\"https:\/\/jornalfatosenoticias.com.br\/#organization\",\"name\":\"Jornal Fatos e Not\u00edcias\",\"url\":\"https:\/\/jornalfatosenoticias.com.br\/\",\"logo\":{\"@type\":\"ImageObject\",\"inLanguage\":\"pt-BR\",\"@id\":\"https:\/\/jornalfatosenoticias.com.br\/#\/schema\/logo\/image\/\",\"url\":\"https:\/\/jornalfatosenoticias.com.br\/wp-content\/uploads\/2020\/02\/logo120.png\",\"contentUrl\":\"https:\/\/jornalfatosenoticias.com.br\/wp-content\/uploads\/2020\/02\/logo120.png\",\"width\":1227,\"height\":120,\"caption\":\"Jornal Fatos e Not\u00edcias\"},\"image\":{\"@id\":\"https:\/\/jornalfatosenoticias.com.br\/#\/schema\/logo\/image\/\"}},{\"@type\":\"Person\",\"@id\":\"https:\/\/jornalfatosenoticias.com.br\/#\/schema\/person\/d63837fa13ac8666eb9e74e0985d6f81\",\"name\":\"Luzimara Fernandes\",\"image\":{\"@type\":\"ImageObject\",\"inLanguage\":\"pt-BR\",\"@id\":\"https:\/\/jornalfatosenoticias.com.br\/#\/schema\/person\/image\/\",\"url\":\"https:\/\/jornalfatosenoticias.com.br\/wp-content\/uploads\/2025\/05\/EU_portal.jpg\",\"contentUrl\":\"https:\/\/jornalfatosenoticias.com.br\/wp-content\/uploads\/2025\/05\/EU_portal.jpg\",\"caption\":\"Luzimara Fernandes\"},\"description\":\"Jornalista MTB 2358-ES\",\"sameAs\":[\"https:\/\/jornalfatosenoticias.com.br\"],\"url\":\"https:\/\/jornalfatosenoticias.com.br\/index.php\/author\/luzimara\/\"}]}<\/script>\n<!-- \/ Yoast SEO plugin. -->","yoast_head_json":{"title":"Impost\u00f4metro atinge R$ 1,5 trilh\u00e3o em 2025 e escancara peso tribut\u00e1rio sobre o brasileiro - Jornal Fatos e Not\u00edcias","robots":{"index":"index","follow":"follow","max-snippet":"max-snippet:-1","max-image-preview":"max-image-preview:large","max-video-preview":"max-video-preview:-1"},"canonical":"https:\/\/jornalfatosenoticias.com.br\/index.php\/2025\/05\/20\/impostometro-atinge-r-15-trilhao-em-2025-e-escancara-peso-tributario-sobre-o-brasileiro\/","og_locale":"pt_BR","og_type":"article","og_title":"Impost\u00f4metro atinge R$ 1,5 trilh\u00e3o em 2025 e escancara peso tribut\u00e1rio sobre o brasileiro - Jornal Fatos e Not\u00edcias","og_description":"O Brasil ultrapassou a marca de R$ 1,5 trilh\u00e3o em impostos arrecadados somente em 2025, segundo dados do Impost\u00f4metro, ferramenta da Associa\u00e7\u00e3o Comercial de S\u00e3o Paulo (ACSP) que contabiliza, em tempo real, a carga tribut\u00e1ria imposta aos brasileiros.O valor inclui arrecada\u00e7\u00e3o de impostos, contribui\u00e7\u00f5es, taxas e tributos federais, como IR, IPI, IOF, CSLL, Cofins, PIS\/Pasep, [&hellip;]","og_url":"https:\/\/jornalfatosenoticias.com.br\/index.php\/2025\/05\/20\/impostometro-atinge-r-15-trilhao-em-2025-e-escancara-peso-tributario-sobre-o-brasileiro\/","og_site_name":"Jornal Fatos e Not\u00edcias","article_published_time":"2025-05-20T19:19:56+00:00","article_modified_time":"2025-05-20T19:19:57+00:00","og_image":[{"width":612,"height":428,"url":"https:\/\/jornalfatosenoticias.com.br\/wp-content\/uploads\/2025\/05\/chuchu-e-molusco_carga-tributaria-sobre-o-brasileiro_gettyimages.jpg","type":"image\/jpeg"}],"author":"Luzimara Fernandes","twitter_card":"summary_large_image","twitter_misc":{"Escrito por":"Luzimara Fernandes","Est. tempo de leitura":"2 minutos"},"schema":{"@context":"https:\/\/schema.org","@graph":[{"@type":"Article","@id":"https:\/\/jornalfatosenoticias.com.br\/index.php\/2025\/05\/20\/impostometro-atinge-r-15-trilhao-em-2025-e-escancara-peso-tributario-sobre-o-brasileiro\/#article","isPartOf":{"@id":"https:\/\/jornalfatosenoticias.com.br\/index.php\/2025\/05\/20\/impostometro-atinge-r-15-trilhao-em-2025-e-escancara-peso-tributario-sobre-o-brasileiro\/"},"author":{"name":"Luzimara Fernandes","@id":"https:\/\/jornalfatosenoticias.com.br\/#\/schema\/person\/d63837fa13ac8666eb9e74e0985d6f81"},"headline":"Impost\u00f4metro atinge R$ 1,5 trilh\u00e3o em 2025 e escancara peso tribut\u00e1rio sobre o brasileiro","datePublished":"2025-05-20T19:19:56+00:00","dateModified":"2025-05-20T19:19:57+00:00","mainEntityOfPage":{"@id":"https:\/\/jornalfatosenoticias.com.br\/index.php\/2025\/05\/20\/impostometro-atinge-r-15-trilhao-em-2025-e-escancara-peso-tributario-sobre-o-brasileiro\/"},"wordCount":384,"commentCount":0,"publisher":{"@id":"https:\/\/jornalfatosenoticias.com.br\/#organization"},"image":{"@id":"https:\/\/jornalfatosenoticias.com.br\/index.php\/2025\/05\/20\/impostometro-atinge-r-15-trilhao-em-2025-e-escancara-peso-tributario-sobre-o-brasileiro\/#primaryimage"},"thumbnailUrl":"https:\/\/jornalfatosenoticias.com.br\/wp-content\/uploads\/2025\/05\/chuchu-e-molusco_carga-tributaria-sobre-o-brasileiro_gettyimages.jpg","keywords":["arrecada\u00e7\u00e3o federal","carga tribut\u00e1ria","governo Lula","impostos","tributos federais"],"articleSection":["Economia"],"inLanguage":"pt-BR","potentialAction":[{"@type":"CommentAction","name":"Comment","target":["https:\/\/jornalfatosenoticias.com.br\/index.php\/2025\/05\/20\/impostometro-atinge-r-15-trilhao-em-2025-e-escancara-peso-tributario-sobre-o-brasileiro\/#respond"]}]},{"@type":"WebPage","@id":"https:\/\/jornalfatosenoticias.com.br\/index.php\/2025\/05\/20\/impostometro-atinge-r-15-trilhao-em-2025-e-escancara-peso-tributario-sobre-o-brasileiro\/","url":"https:\/\/jornalfatosenoticias.com.br\/index.php\/2025\/05\/20\/impostometro-atinge-r-15-trilhao-em-2025-e-escancara-peso-tributario-sobre-o-brasileiro\/","name":"Impost\u00f4metro atinge R$ 1,5 trilh\u00e3o em 2025 e escancara peso tribut\u00e1rio sobre o brasileiro - Jornal Fatos e Not\u00edcias","isPartOf":{"@id":"https:\/\/jornalfatosenoticias.com.br\/#website"},"primaryImageOfPage":{"@id":"https:\/\/jornalfatosenoticias.com.br\/index.php\/2025\/05\/20\/impostometro-atinge-r-15-trilhao-em-2025-e-escancara-peso-tributario-sobre-o-brasileiro\/#primaryimage"},"image":{"@id":"https:\/\/jornalfatosenoticias.com.br\/index.php\/2025\/05\/20\/impostometro-atinge-r-15-trilhao-em-2025-e-escancara-peso-tributario-sobre-o-brasileiro\/#primaryimage"},"thumbnailUrl":"https:\/\/jornalfatosenoticias.com.br\/wp-content\/uploads\/2025\/05\/chuchu-e-molusco_carga-tributaria-sobre-o-brasileiro_gettyimages.jpg","datePublished":"2025-05-20T19:19:56+00:00","dateModified":"2025-05-20T19:19:57+00:00","breadcrumb":{"@id":"https:\/\/jornalfatosenoticias.com.br\/index.php\/2025\/05\/20\/impostometro-atinge-r-15-trilhao-em-2025-e-escancara-peso-tributario-sobre-o-brasileiro\/#breadcrumb"},"inLanguage":"pt-BR","potentialAction":[{"@type":"ReadAction","target":["https:\/\/jornalfatosenoticias.com.br\/index.php\/2025\/05\/20\/impostometro-atinge-r-15-trilhao-em-2025-e-escancara-peso-tributario-sobre-o-brasileiro\/"]}]},{"@type":"ImageObject","inLanguage":"pt-BR","@id":"https:\/\/jornalfatosenoticias.com.br\/index.php\/2025\/05\/20\/impostometro-atinge-r-15-trilhao-em-2025-e-escancara-peso-tributario-sobre-o-brasileiro\/#primaryimage","url":"https:\/\/jornalfatosenoticias.com.br\/wp-content\/uploads\/2025\/05\/chuchu-e-molusco_carga-tributaria-sobre-o-brasileiro_gettyimages.jpg","contentUrl":"https:\/\/jornalfatosenoticias.com.br\/wp-content\/uploads\/2025\/05\/chuchu-e-molusco_carga-tributaria-sobre-o-brasileiro_gettyimages.jpg","width":612,"height":428,"caption":"Brazil's President Luiz Inacio Lula da Silva (R) and his Vice President and Minister of Industry and Commerce, Geraldo Alckmin, talk during the swearing-in ceremony of the new ministers of Health, Alexandre Padilha, and of the Secretariat of Institutional Relations, Gleisi Hoffmann, at the Planalto Palace in Brasilia on March 10, 2025. Padilha replaces Nisia Trindade and Hoffmann replaces Alexandre Padilha. (Photo by EVARISTO SA \/ AFP) (Photo by EVARISTO SA\/AFP via Getty Images)"},{"@type":"BreadcrumbList","@id":"https:\/\/jornalfatosenoticias.com.br\/index.php\/2025\/05\/20\/impostometro-atinge-r-15-trilhao-em-2025-e-escancara-peso-tributario-sobre-o-brasileiro\/#breadcrumb","itemListElement":[{"@type":"ListItem","position":1,"name":"In\u00edcio","item":"https:\/\/jornalfatosenoticias.com.br\/"},{"@type":"ListItem","position":2,"name":"Impost\u00f4metro atinge R$ 1,5 trilh\u00e3o em 2025 e escancara peso tribut\u00e1rio sobre o brasileiro"}]},{"@type":"WebSite","@id":"https:\/\/jornalfatosenoticias.com.br\/#website","url":"https:\/\/jornalfatosenoticias.com.br\/","name":"Jornal Fatos e Not\u00edcias","description":"Not\u00edcias em geral","publisher":{"@id":"https:\/\/jornalfatosenoticias.com.br\/#organization"},"potentialAction":[{"@type":"SearchAction","target":{"@type":"EntryPoint","urlTemplate":"https:\/\/jornalfatosenoticias.com.br\/?s={search_term_string}"},"query-input":{"@type":"PropertyValueSpecification","valueRequired":true,"valueName":"search_term_string"}}],"inLanguage":"pt-BR"},{"@type":"Organization","@id":"https:\/\/jornalfatosenoticias.com.br\/#organization","name":"Jornal Fatos e Not\u00edcias","url":"https:\/\/jornalfatosenoticias.com.br\/","logo":{"@type":"ImageObject","inLanguage":"pt-BR","@id":"https:\/\/jornalfatosenoticias.com.br\/#\/schema\/logo\/image\/","url":"https:\/\/jornalfatosenoticias.com.br\/wp-content\/uploads\/2020\/02\/logo120.png","contentUrl":"https:\/\/jornalfatosenoticias.com.br\/wp-content\/uploads\/2020\/02\/logo120.png","width":1227,"height":120,"caption":"Jornal Fatos e Not\u00edcias"},"image":{"@id":"https:\/\/jornalfatosenoticias.com.br\/#\/schema\/logo\/image\/"}},{"@type":"Person","@id":"https:\/\/jornalfatosenoticias.com.br\/#\/schema\/person\/d63837fa13ac8666eb9e74e0985d6f81","name":"Luzimara Fernandes","image":{"@type":"ImageObject","inLanguage":"pt-BR","@id":"https:\/\/jornalfatosenoticias.com.br\/#\/schema\/person\/image\/","url":"https:\/\/jornalfatosenoticias.com.br\/wp-content\/uploads\/2025\/05\/EU_portal.jpg","contentUrl":"https:\/\/jornalfatosenoticias.com.br\/wp-content\/uploads\/2025\/05\/EU_portal.jpg","caption":"Luzimara Fernandes"},"description":"Jornalista MTB 2358-ES","sameAs":["https:\/\/jornalfatosenoticias.com.br"],"url":"https:\/\/jornalfatosenoticias.com.br\/index.php\/author\/luzimara\/"}]}},"cc_featured_image_caption":{"caption_text":"(Foto: Getty Images) ","source_text":"","source_url":""},"jetpack_featured_media_url":"https:\/\/jornalfatosenoticias.com.br\/wp-content\/uploads\/2025\/05\/chuchu-e-molusco_carga-tributaria-sobre-o-brasileiro_gettyimages.jpg","_links":{"self":[{"href":"https:\/\/jornalfatosenoticias.com.br\/index.php\/wp-json\/wp\/v2\/posts\/59370","targetHints":{"allow":["GET"]}}],"collection":[{"href":"https:\/\/jornalfatosenoticias.com.br\/index.php\/wp-json\/wp\/v2\/posts"}],"about":[{"href":"https:\/\/jornalfatosenoticias.com.br\/index.php\/wp-json\/wp\/v2\/types\/post"}],"author":[{"embeddable":true,"href":"https:\/\/jornalfatosenoticias.com.br\/index.php\/wp-json\/wp\/v2\/users\/2"}],"replies":[{"embeddable":true,"href":"https:\/\/jornalfatosenoticias.com.br\/index.php\/wp-json\/wp\/v2\/comments?post=59370"}],"version-history":[{"count":0,"href":"https:\/\/jornalfatosenoticias.com.br\/index.php\/wp-json\/wp\/v2\/posts\/59370\/revisions"}],"wp:featuredmedia":[{"embeddable":true,"href":"https:\/\/jornalfatosenoticias.com.br\/index.php\/wp-json\/wp\/v2\/media\/59371"}],"wp:attachment":[{"href":"https:\/\/jornalfatosenoticias.com.br\/index.php\/wp-json\/wp\/v2\/media?parent=59370"}],"wp:term":[{"taxonomy":"category","embeddable":true,"href":"https:\/\/jornalfatosenoticias.com.br\/index.php\/wp-json\/wp\/v2\/categories?post=59370"},{"taxonomy":"post_tag","embeddable":true,"href":"https:\/\/jornalfatosenoticias.com.br\/index.php\/wp-json\/wp\/v2\/tags?post=59370"}],"curies":[{"name":"wp","href":"https:\/\/api.w.org\/{rel}","templated":true}]}}