{"id":59373,"date":"2025-05-21T10:16:41","date_gmt":"2025-05-21T13:16:41","guid":{"rendered":"https:\/\/jornalfatosenoticias.com.br\/?p=59373"},"modified":"2025-05-21T10:16:42","modified_gmt":"2025-05-21T13:16:42","slug":"homenagem-aos-100-anos-de-mauricio-de-oliveira","status":"publish","type":"post","link":"https:\/\/jornalfatosenoticias.com.br\/index.php\/2025\/05\/21\/homenagem-aos-100-anos-de-mauricio-de-oliveira\/","title":{"rendered":"Homenagem aos 100 anos de Maur\u00edcio de Oliveira"},"content":{"rendered":"\n<p><em><span class=\"has-inline-color has-black-color\">Uma celebra\u00e7\u00e3o \u00e0 m\u00fasica capixaba<\/span><\/em><\/p>\n\n\n\n<p><span class=\"has-inline-color has-black-color\">Por <strong>Pedro Vargas<\/strong><\/span><\/p>\n\n\n\n<div class=\"wp-block-image\"><figure class=\"aligncenter size-large\"><a href=\"https:\/\/mizu.com.br\/\"><img loading=\"lazy\" decoding=\"async\" width=\"729\" height=\"90\" src=\"https:\/\/jornalfatosenoticias.com.br\/wp-content\/uploads\/2020\/02\/Logo_Mizu.png\" alt=\"\" class=\"wp-image-1441\" srcset=\"https:\/\/jornalfatosenoticias.com.br\/wp-content\/uploads\/2020\/02\/Logo_Mizu.png 729w, https:\/\/jornalfatosenoticias.com.br\/wp-content\/uploads\/2020\/02\/Logo_Mizu-300x37.png 300w\" sizes=\"auto, (max-width: 729px) 100vw, 729px\" \/><\/a><\/figure><\/div>\n\n\n\n<p>Nesta quarta-feira (21), \u00e0s 19 horas, a Biblioteca Municipal Adelpho Poli Monjardim ser\u00e1 o cen\u00e1rio de uma noite m\u00e1gica e inesquec\u00edvel, repleta de cultura, emo\u00e7\u00e3o e arte, para homenagear um dos maiores \u00edcones da m\u00fasica capixaba: Maur\u00edcio de Oliveira. Desde o in\u00edcio do ano a Secretaria Municipal de Cultura (Semc) vem comemorando o centen\u00e1rio do expoente artista que nasceu em 1925 e faleceu em 2009.<br>A celebra\u00e7\u00e3o da obra e do legado de um dos maiores violonistas, arranjadores e compositores que o Esp\u00edrito Santo j\u00e1 teve, ser\u00e1 conduzida pela escritora do grupo de contadores de hist\u00f3rias, Ch\u00e3o de Letras, Marta Samor. Mineira de Ub\u00e1, Marta \u00e9 um nome conhecido no Esp\u00edrito Santo, onde, desde 1977, tem se dedicado \u00e0 arte da escrita e da narra\u00e7\u00e3o de hist\u00f3rias. Foi ela a respons\u00e1vel por revelar, com sua sensibilidade e talento, a rica trajet\u00f3ria de Maur\u00edcio de Oliveira.<\/p>\n\n\n\n<div class=\"wp-block-image\"><figure class=\"aligncenter size-large\"><a href=\"https:\/\/www.cesconetto.com.br\/\"><img loading=\"lazy\" decoding=\"async\" width=\"300\" height=\"250\" src=\"https:\/\/jornalfatosenoticias.com.br\/wp-content\/uploads\/2022\/02\/Banner-2.png\" alt=\"\" class=\"wp-image-27877\"\/><\/a><\/figure><\/div>\n\n\n\n<p>Com uma narrativa, que \u00e9 ao mesmo tempo emocionante e po\u00e9tica, Marta resgatar\u00e1 e compartilhar\u00e1 com o p\u00fablico a vida e a obra do artista, destacando sua contribui\u00e7\u00e3o essencial para a m\u00fasica capixaba e brasileira. A escritora tecer\u00e1 suas palavras em uma apresenta\u00e7\u00e3o liter\u00e1ria intercalada com outras express\u00f5es art\u00edsticas, criando um espa\u00e7o onde a arte se mistura e se multiplica.<\/p>\n\n\n\n<div class=\"wp-block-image\"><figure class=\"aligncenter size-large is-resized\"><a href=\"https:\/\/www.facebook.com\/vetor.vix\/\"><img loading=\"lazy\" decoding=\"async\" src=\"https:\/\/jornalfatosenoticias.com.br\/wp-content\/uploads\/2023\/09\/vetorvix1024_1.jpg\" alt=\"\" class=\"wp-image-44868\" width=\"520\" height=\"138\" srcset=\"https:\/\/jornalfatosenoticias.com.br\/wp-content\/uploads\/2023\/09\/vetorvix1024_1.jpg 1024w, https:\/\/jornalfatosenoticias.com.br\/wp-content\/uploads\/2023\/09\/vetorvix1024_1-300x80.jpg 300w, https:\/\/jornalfatosenoticias.com.br\/wp-content\/uploads\/2023\/09\/vetorvix1024_1-768x205.jpg 768w\" sizes=\"auto, (max-width: 520px) 100vw, 520px\" \/><\/a><\/figure><\/div>\n\n\n\n<p><strong><span class=\"has-inline-color has-vivid-cyan-blue-color\">Dan\u00e7a como homenagem: o corpo em movimento, a alma em arte<br><\/span><\/strong>A apresenta\u00e7\u00e3o ganhar\u00e1 ainda mais beleza e emo\u00e7\u00e3o com a participa\u00e7\u00e3o especial das bailarinas Julia Passos Martins, Marina Rosa Broeto, Maisa Flores de Oliveira, Luana Lage da Motta Telles e Monique Vieira, todas integrantes da renomada companhia Esta\u00e7\u00e3o da Dan\u00e7a. Sob a dire\u00e7\u00e3o da core\u00f3grafa Vania Coelho, as bailarinas trar\u00e3o \u00e0 cena uma interpreta\u00e7\u00e3o visual da m\u00fasica e da mem\u00f3ria de Maur\u00edcio de Oliveira, com movimentos que traduziram a profundidade e a beleza das suas composi\u00e7\u00f5es. <\/p>\n\n\n\n<div class=\"wp-block-image\"><figure class=\"aligncenter size-large is-resized\"><a href=\"https:\/\/www.instagram.com\/esteio.churrascaria\/\"><img loading=\"lazy\" decoding=\"async\" src=\"https:\/\/jornalfatosenoticias.com.br\/wp-content\/uploads\/2022\/02\/LOGO-ESTEIO-1024x730.png\" alt=\"\" class=\"wp-image-27942\" width=\"315\" height=\"224\" srcset=\"https:\/\/jornalfatosenoticias.com.br\/wp-content\/uploads\/2022\/02\/LOGO-ESTEIO-1024x730.png 1024w, https:\/\/jornalfatosenoticias.com.br\/wp-content\/uploads\/2022\/02\/LOGO-ESTEIO-300x214.png 300w, https:\/\/jornalfatosenoticias.com.br\/wp-content\/uploads\/2022\/02\/LOGO-ESTEIO-768x548.png 768w, https:\/\/jornalfatosenoticias.com.br\/wp-content\/uploads\/2022\/02\/LOGO-ESTEIO.png 1123w\" sizes=\"auto, (max-width: 315px) 100vw, 315px\" \/><\/a><\/figure><\/div>\n\n\n\n<blockquote class=\"wp-block-quote is-layout-flow wp-block-quote-is-layout-flow\"><p><span class=\"has-inline-color has-luminous-vivid-orange-color\">A dan\u00e7a, neste contexto, \u00e9 a tradu\u00e7\u00e3o de sentimentos, emo\u00e7\u00f5es e hist\u00f3rias que atravessam gera\u00e7\u00f5es&#8221;, declarou Vania.<\/span><\/p><\/blockquote>\n\n\n\n<div class=\"wp-block-image\"><figure class=\"aligncenter size-large\"><img loading=\"lazy\" decoding=\"async\" width=\"700\" height=\"875\" src=\"https:\/\/jornalfatosenoticias.com.br\/wp-content\/uploads\/2025\/05\/homenagem-mauricio-de-oliveira.jpg\" alt=\"\" class=\"wp-image-59374\" srcset=\"https:\/\/jornalfatosenoticias.com.br\/wp-content\/uploads\/2025\/05\/homenagem-mauricio-de-oliveira.jpg 700w, https:\/\/jornalfatosenoticias.com.br\/wp-content\/uploads\/2025\/05\/homenagem-mauricio-de-oliveira-240x300.jpg 240w\" sizes=\"auto, (max-width: 700px) 100vw, 700px\" \/><figcaption><em><span class=\"has-inline-color has-black-color\">Evento acontece nesta quarta (21), \u00e0s 19 horas (Foto: PMV\/Divulga\u00e7\u00e3o)<\/span><\/em><\/figcaption><\/figure><\/div>\n\n\n\n<p><strong><span class=\"has-inline-color has-vivid-cyan-blue-color\">A m\u00fasica que transcende fronteiras<br><\/span><\/strong>A m\u00fasica ser\u00e1 o fio condutor da noite, com a apresenta\u00e7\u00e3o da Orquestra Jovem de Viol\u00f5es, uma das iniciativas mais importantes do Projeto &#8220;M\u00fasica na Rede&#8221;. Criado em 2012, o projeto \u00e9 uma parceria entre a Secretaria de Estado da Educa\u00e7\u00e3o (Sedu), a Faculdade de M\u00fasica do Esp\u00edrito Santo (Fames) e a Funda\u00e7\u00e3o de Amparo \u00e0 Pesquisa e Inova\u00e7\u00e3o do Esp\u00edrito Santo (Fapes).<\/p>\n\n\n\n<div class=\"wp-block-image\"><figure class=\"aligncenter size-large is-resized\"><a href=\"https:\/\/panper.com.br\/\"><img loading=\"lazy\" decoding=\"async\" src=\"https:\/\/jornalfatosenoticias.com.br\/wp-content\/uploads\/2023\/03\/logo-Panper_portal.jpg\" alt=\"\" class=\"wp-image-40208\" width=\"329\" height=\"228\" srcset=\"https:\/\/jornalfatosenoticias.com.br\/wp-content\/uploads\/2023\/03\/logo-Panper_portal.jpg 400w, https:\/\/jornalfatosenoticias.com.br\/wp-content\/uploads\/2023\/03\/logo-Panper_portal-300x208.jpg 300w\" sizes=\"auto, (max-width: 329px) 100vw, 329px\" \/><\/a><\/figure><\/div>\n\n\n\n<p>A Orquestra Jovem de Viol\u00f5es re\u00fane jovens talentos em diferentes n\u00facleos do estado, proporcionando a eles n\u00e3o s\u00f3 forma\u00e7\u00e3o musical de qualidade, mas tamb\u00e9m a chance de se aprofundar em pesquisas e pr\u00e1ticas orquestrais. Com a reg\u00eancia de Phillipp Areias e a coordena\u00e7\u00e3o pedag\u00f3gica de Bruno Soares, a Orquestra promete encantar o p\u00fablico com seu repert\u00f3rio cuidadosamente escolhido, que incluiu cl\u00e1ssicos como &#8220;Libertango&#8221;, de Astor Piazzolla (arranjo de Phillipp Areias), e &#8220;Can\u00e7\u00e3o da Paz&#8221;, uma das pe\u00e7as mais emblem\u00e1ticas de Maur\u00edcio de Oliveira.<\/p>\n\n\n\n<div class=\"wp-block-image\"><figure class=\"aligncenter size-large is-resized\"><a href=\"https:\/\/www.instagram.com\/gruposei\/\"><img loading=\"lazy\" decoding=\"async\" src=\"https:\/\/jornalfatosenoticias.com.br\/wp-content\/uploads\/2022\/07\/Logo-Grupo-SEI.jpg\" alt=\"\" class=\"wp-image-31973\" width=\"387\" height=\"203\" srcset=\"https:\/\/jornalfatosenoticias.com.br\/wp-content\/uploads\/2022\/07\/Logo-Grupo-SEI.jpg 713w, https:\/\/jornalfatosenoticias.com.br\/wp-content\/uploads\/2022\/07\/Logo-Grupo-SEI-300x158.jpg 300w\" sizes=\"auto, (max-width: 387px) 100vw, 387px\" \/><\/a><\/figure><\/div>\n\n\n\n<p>Outros arranjos especiais, como &#8220;Ardiloso&#8221;, tamb\u00e9m de Maur\u00edcio de Oliveira (arranjo de Phillipp Areias), estar\u00e3o presentes, completando um repert\u00f3rio que explora as mais diversas emo\u00e7\u00f5es e estilos musicais. Os m\u00fasicos da Orquestra, como Tiago Trabach, Robert Ramos, Iury Dorigo, Raul dos Reis, Pedro Laiber e Gustavo Alves, s\u00e3o jovens que se destacam nas suas escolas de origem e t\u00eam se tornado protagonistas em eventos musicais de grande import\u00e2ncia, como o Festival Internacional de Viol\u00e3o do Esp\u00edrito Santo e o Festival de Inverno de Domingos Martins.<\/p>\n\n\n\n<div class=\"wp-block-image\"><figure class=\"aligncenter size-large is-resized\"><a href=\"https:\/\/www.controlsystems.com.br\/\"><img loading=\"lazy\" decoding=\"async\" src=\"https:\/\/jornalfatosenoticias.com.br\/wp-content\/uploads\/2020\/02\/CONTROL-CS.jpg\" alt=\"\" class=\"wp-image-44991\" width=\"294\" height=\"353\" srcset=\"https:\/\/jornalfatosenoticias.com.br\/wp-content\/uploads\/2020\/02\/CONTROL-CS.jpg 834w, https:\/\/jornalfatosenoticias.com.br\/wp-content\/uploads\/2020\/02\/CONTROL-CS-250x300.jpg 250w, https:\/\/jornalfatosenoticias.com.br\/wp-content\/uploads\/2020\/02\/CONTROL-CS-768x921.jpg 768w\" sizes=\"auto, (max-width: 294px) 100vw, 294px\" \/><\/a><\/figure><\/div>\n\n\n\n<blockquote class=\"wp-block-quote is-layout-flow wp-block-quote-is-layout-flow\"><p><span class=\"has-inline-color has-luminous-vivid-orange-color\">O evento \u00e9 um encontro plural de linguagens art\u00edsticas: a literatura, a m\u00fasica e a dan\u00e7a, todas unidas pelo prop\u00f3sito de homenagear um grande nome da nossa cultura, Maur\u00edcio de Oliveira. Sua obra, que atravessa d\u00e9cadas e ainda ressoa em nossos cora\u00e7\u00f5es, ser\u00e1 celebrada por meio de diversas formas de express\u00e3o, mostrando o quanto a arte tem o poder de criar conex\u00f5es entre as gera\u00e7\u00f5es&#8221;, destacou a organizadora e bibliotec\u00e1ria respons\u00e1vel pelo espa\u00e7o, Elizete Caser.<\/span><\/p><\/blockquote>\n\n\n\n<div class=\"wp-block-image\"><figure class=\"aligncenter size-large is-resized\"><a href=\"https:\/\/www.instagram.com\/restaurantepegoretti\/\"><img loading=\"lazy\" decoding=\"async\" src=\"https:\/\/jornalfatosenoticias.com.br\/wp-content\/uploads\/2023\/12\/pegoretti-logo-pdf-1024x389.jpg\" alt=\"\" class=\"wp-image-47536\" width=\"504\" height=\"191\" srcset=\"https:\/\/jornalfatosenoticias.com.br\/wp-content\/uploads\/2023\/12\/pegoretti-logo-pdf-1024x389.jpg 1024w, https:\/\/jornalfatosenoticias.com.br\/wp-content\/uploads\/2023\/12\/pegoretti-logo-pdf-300x114.jpg 300w, https:\/\/jornalfatosenoticias.com.br\/wp-content\/uploads\/2023\/12\/pegoretti-logo-pdf-768x291.jpg 768w, https:\/\/jornalfatosenoticias.com.br\/wp-content\/uploads\/2023\/12\/pegoretti-logo-pdf.jpg 1120w\" sizes=\"auto, (max-width: 504px) 100vw, 504px\" \/><\/a><\/figure><\/div>\n\n\n\n<p><strong>Fonte: <a href=\"https:\/\/www.vitoria.es.gov.br\/noticia\/conhecendo-mauricio-de-oliveira-homenagem-aos-100-anos-uma-celebracao-a-musica-capixaba-53385\">PMV<\/a><\/strong><\/p>\n","protected":false},"excerpt":{"rendered":"<p>Uma celebra\u00e7\u00e3o \u00e0 m\u00fasica capixaba Por Pedro Vargas Nesta quarta-feira (21), \u00e0s 19 horas, a Biblioteca Municipal Adelpho Poli Monjardim ser\u00e1 o cen\u00e1rio de uma noite m\u00e1gica e inesquec\u00edvel, repleta de cultura, emo\u00e7\u00e3o e arte, para homenagear um dos maiores \u00edcones da m\u00fasica capixaba: Maur\u00edcio de Oliveira. Desde o in\u00edcio do ano a Secretaria Municipal [&hellip;]<\/p>\n","protected":false},"author":2,"featured_media":59375,"comment_status":"open","ping_status":"open","sticky":false,"template":"","format":"standard","meta":{"footnotes":""},"categories":[4],"tags":[1616,11243,27103,100,27105,3958,27104],"class_list":["post-59373","post","type-post","status-publish","format-standard","has-post-thumbnail","hentry","category-cultura","tag-celebracao","tag-centenario","tag-centenario-mauricio-de-oliveira","tag-espirito-santo","tag-mauricio-de-oliveira","tag-musica-capixaba","tag-violonista"],"yoast_head":"<!-- This site is optimized with the Yoast SEO plugin v26.5 - https:\/\/yoast.com\/wordpress\/plugins\/seo\/ -->\n<title>Homenagem aos 100 anos de Maur\u00edcio de Oliveira - Jornal Fatos e Not\u00edcias<\/title>\n<meta name=\"robots\" content=\"index, follow, max-snippet:-1, max-image-preview:large, max-video-preview:-1\" \/>\n<link rel=\"canonical\" href=\"https:\/\/jornalfatosenoticias.com.br\/index.php\/2025\/05\/21\/homenagem-aos-100-anos-de-mauricio-de-oliveira\/\" \/>\n<meta property=\"og:locale\" content=\"pt_BR\" \/>\n<meta property=\"og:type\" content=\"article\" \/>\n<meta property=\"og:title\" content=\"Homenagem aos 100 anos de Maur\u00edcio de Oliveira - Jornal Fatos e Not\u00edcias\" \/>\n<meta property=\"og:description\" content=\"Uma celebra\u00e7\u00e3o \u00e0 m\u00fasica capixaba Por Pedro Vargas Nesta quarta-feira (21), \u00e0s 19 horas, a Biblioteca Municipal Adelpho Poli Monjardim ser\u00e1 o cen\u00e1rio de uma noite m\u00e1gica e inesquec\u00edvel, repleta de cultura, emo\u00e7\u00e3o e arte, para homenagear um dos maiores \u00edcones da m\u00fasica capixaba: Maur\u00edcio de Oliveira. Desde o in\u00edcio do ano a Secretaria Municipal [&hellip;]\" \/>\n<meta property=\"og:url\" content=\"https:\/\/jornalfatosenoticias.com.br\/index.php\/2025\/05\/21\/homenagem-aos-100-anos-de-mauricio-de-oliveira\/\" \/>\n<meta property=\"og:site_name\" content=\"Jornal Fatos e Not\u00edcias\" \/>\n<meta property=\"article:published_time\" content=\"2025-05-21T13:16:41+00:00\" \/>\n<meta property=\"article:modified_time\" content=\"2025-05-21T13:16:42+00:00\" \/>\n<meta property=\"og:image\" content=\"https:\/\/jornalfatosenoticias.com.br\/wp-content\/uploads\/2025\/05\/Mauricio-de-Oliveira.jpg\" \/>\n\t<meta property=\"og:image:width\" content=\"768\" \/>\n\t<meta property=\"og:image:height\" content=\"577\" \/>\n\t<meta property=\"og:image:type\" content=\"image\/jpeg\" \/>\n<meta name=\"author\" content=\"Luzimara Fernandes\" \/>\n<meta name=\"twitter:card\" content=\"summary_large_image\" \/>\n<meta name=\"twitter:label1\" content=\"Escrito por\" \/>\n\t<meta name=\"twitter:data1\" content=\"Luzimara Fernandes\" \/>\n\t<meta name=\"twitter:label2\" content=\"Est. tempo de leitura\" \/>\n\t<meta name=\"twitter:data2\" content=\"4 minutos\" \/>\n<script type=\"application\/ld+json\" class=\"yoast-schema-graph\">{\"@context\":\"https:\/\/schema.org\",\"@graph\":[{\"@type\":\"Article\",\"@id\":\"https:\/\/jornalfatosenoticias.com.br\/index.php\/2025\/05\/21\/homenagem-aos-100-anos-de-mauricio-de-oliveira\/#article\",\"isPartOf\":{\"@id\":\"https:\/\/jornalfatosenoticias.com.br\/index.php\/2025\/05\/21\/homenagem-aos-100-anos-de-mauricio-de-oliveira\/\"},\"author\":{\"name\":\"Luzimara Fernandes\",\"@id\":\"https:\/\/jornalfatosenoticias.com.br\/#\/schema\/person\/d63837fa13ac8666eb9e74e0985d6f81\"},\"headline\":\"Homenagem aos 100 anos de Maur\u00edcio de Oliveira\",\"datePublished\":\"2025-05-21T13:16:41+00:00\",\"dateModified\":\"2025-05-21T13:16:42+00:00\",\"mainEntityOfPage\":{\"@id\":\"https:\/\/jornalfatosenoticias.com.br\/index.php\/2025\/05\/21\/homenagem-aos-100-anos-de-mauricio-de-oliveira\/\"},\"wordCount\":733,\"commentCount\":0,\"publisher\":{\"@id\":\"https:\/\/jornalfatosenoticias.com.br\/#organization\"},\"image\":{\"@id\":\"https:\/\/jornalfatosenoticias.com.br\/index.php\/2025\/05\/21\/homenagem-aos-100-anos-de-mauricio-de-oliveira\/#primaryimage\"},\"thumbnailUrl\":\"https:\/\/jornalfatosenoticias.com.br\/wp-content\/uploads\/2025\/05\/Mauricio-de-Oliveira.jpg\",\"keywords\":[\"celebra\u00e7\u00e3o\",\"centen\u00e1rio\",\"centen\u00e1rio Maur\u00edcio de Oliveira\",\"Esp\u00edrito Santo\",\"Maur\u00edcio de Oliveira\",\"m\u00fasica capixaba\",\"violonista\"],\"articleSection\":[\"Cultura\"],\"inLanguage\":\"pt-BR\",\"potentialAction\":[{\"@type\":\"CommentAction\",\"name\":\"Comment\",\"target\":[\"https:\/\/jornalfatosenoticias.com.br\/index.php\/2025\/05\/21\/homenagem-aos-100-anos-de-mauricio-de-oliveira\/#respond\"]}]},{\"@type\":\"WebPage\",\"@id\":\"https:\/\/jornalfatosenoticias.com.br\/index.php\/2025\/05\/21\/homenagem-aos-100-anos-de-mauricio-de-oliveira\/\",\"url\":\"https:\/\/jornalfatosenoticias.com.br\/index.php\/2025\/05\/21\/homenagem-aos-100-anos-de-mauricio-de-oliveira\/\",\"name\":\"Homenagem aos 100 anos de Maur\u00edcio de Oliveira - Jornal Fatos e Not\u00edcias\",\"isPartOf\":{\"@id\":\"https:\/\/jornalfatosenoticias.com.br\/#website\"},\"primaryImageOfPage\":{\"@id\":\"https:\/\/jornalfatosenoticias.com.br\/index.php\/2025\/05\/21\/homenagem-aos-100-anos-de-mauricio-de-oliveira\/#primaryimage\"},\"image\":{\"@id\":\"https:\/\/jornalfatosenoticias.com.br\/index.php\/2025\/05\/21\/homenagem-aos-100-anos-de-mauricio-de-oliveira\/#primaryimage\"},\"thumbnailUrl\":\"https:\/\/jornalfatosenoticias.com.br\/wp-content\/uploads\/2025\/05\/Mauricio-de-Oliveira.jpg\",\"datePublished\":\"2025-05-21T13:16:41+00:00\",\"dateModified\":\"2025-05-21T13:16:42+00:00\",\"breadcrumb\":{\"@id\":\"https:\/\/jornalfatosenoticias.com.br\/index.php\/2025\/05\/21\/homenagem-aos-100-anos-de-mauricio-de-oliveira\/#breadcrumb\"},\"inLanguage\":\"pt-BR\",\"potentialAction\":[{\"@type\":\"ReadAction\",\"target\":[\"https:\/\/jornalfatosenoticias.com.br\/index.php\/2025\/05\/21\/homenagem-aos-100-anos-de-mauricio-de-oliveira\/\"]}]},{\"@type\":\"ImageObject\",\"inLanguage\":\"pt-BR\",\"@id\":\"https:\/\/jornalfatosenoticias.com.br\/index.php\/2025\/05\/21\/homenagem-aos-100-anos-de-mauricio-de-oliveira\/#primaryimage\",\"url\":\"https:\/\/jornalfatosenoticias.com.br\/wp-content\/uploads\/2025\/05\/Mauricio-de-Oliveira.jpg\",\"contentUrl\":\"https:\/\/jornalfatosenoticias.com.br\/wp-content\/uploads\/2025\/05\/Mauricio-de-Oliveira.jpg\",\"width\":768,\"height\":577},{\"@type\":\"BreadcrumbList\",\"@id\":\"https:\/\/jornalfatosenoticias.com.br\/index.php\/2025\/05\/21\/homenagem-aos-100-anos-de-mauricio-de-oliveira\/#breadcrumb\",\"itemListElement\":[{\"@type\":\"ListItem\",\"position\":1,\"name\":\"In\u00edcio\",\"item\":\"https:\/\/jornalfatosenoticias.com.br\/\"},{\"@type\":\"ListItem\",\"position\":2,\"name\":\"Homenagem aos 100 anos de Maur\u00edcio de Oliveira\"}]},{\"@type\":\"WebSite\",\"@id\":\"https:\/\/jornalfatosenoticias.com.br\/#website\",\"url\":\"https:\/\/jornalfatosenoticias.com.br\/\",\"name\":\"Jornal Fatos e Not\u00edcias\",\"description\":\"Not\u00edcias em geral\",\"publisher\":{\"@id\":\"https:\/\/jornalfatosenoticias.com.br\/#organization\"},\"potentialAction\":[{\"@type\":\"SearchAction\",\"target\":{\"@type\":\"EntryPoint\",\"urlTemplate\":\"https:\/\/jornalfatosenoticias.com.br\/?s={search_term_string}\"},\"query-input\":{\"@type\":\"PropertyValueSpecification\",\"valueRequired\":true,\"valueName\":\"search_term_string\"}}],\"inLanguage\":\"pt-BR\"},{\"@type\":\"Organization\",\"@id\":\"https:\/\/jornalfatosenoticias.com.br\/#organization\",\"name\":\"Jornal Fatos e Not\u00edcias\",\"url\":\"https:\/\/jornalfatosenoticias.com.br\/\",\"logo\":{\"@type\":\"ImageObject\",\"inLanguage\":\"pt-BR\",\"@id\":\"https:\/\/jornalfatosenoticias.com.br\/#\/schema\/logo\/image\/\",\"url\":\"https:\/\/jornalfatosenoticias.com.br\/wp-content\/uploads\/2020\/02\/logo120.png\",\"contentUrl\":\"https:\/\/jornalfatosenoticias.com.br\/wp-content\/uploads\/2020\/02\/logo120.png\",\"width\":1227,\"height\":120,\"caption\":\"Jornal Fatos e Not\u00edcias\"},\"image\":{\"@id\":\"https:\/\/jornalfatosenoticias.com.br\/#\/schema\/logo\/image\/\"}},{\"@type\":\"Person\",\"@id\":\"https:\/\/jornalfatosenoticias.com.br\/#\/schema\/person\/d63837fa13ac8666eb9e74e0985d6f81\",\"name\":\"Luzimara Fernandes\",\"image\":{\"@type\":\"ImageObject\",\"inLanguage\":\"pt-BR\",\"@id\":\"https:\/\/jornalfatosenoticias.com.br\/#\/schema\/person\/image\/\",\"url\":\"https:\/\/jornalfatosenoticias.com.br\/wp-content\/uploads\/2025\/05\/EU_portal.jpg\",\"contentUrl\":\"https:\/\/jornalfatosenoticias.com.br\/wp-content\/uploads\/2025\/05\/EU_portal.jpg\",\"caption\":\"Luzimara Fernandes\"},\"description\":\"Jornalista MTB 2358-ES\",\"sameAs\":[\"https:\/\/jornalfatosenoticias.com.br\"],\"url\":\"https:\/\/jornalfatosenoticias.com.br\/index.php\/author\/luzimara\/\"}]}<\/script>\n<!-- \/ Yoast SEO plugin. -->","yoast_head_json":{"title":"Homenagem aos 100 anos de Maur\u00edcio de Oliveira - Jornal Fatos e Not\u00edcias","robots":{"index":"index","follow":"follow","max-snippet":"max-snippet:-1","max-image-preview":"max-image-preview:large","max-video-preview":"max-video-preview:-1"},"canonical":"https:\/\/jornalfatosenoticias.com.br\/index.php\/2025\/05\/21\/homenagem-aos-100-anos-de-mauricio-de-oliveira\/","og_locale":"pt_BR","og_type":"article","og_title":"Homenagem aos 100 anos de Maur\u00edcio de Oliveira - Jornal Fatos e Not\u00edcias","og_description":"Uma celebra\u00e7\u00e3o \u00e0 m\u00fasica capixaba Por Pedro Vargas Nesta quarta-feira (21), \u00e0s 19 horas, a Biblioteca Municipal Adelpho Poli Monjardim ser\u00e1 o cen\u00e1rio de uma noite m\u00e1gica e inesquec\u00edvel, repleta de cultura, emo\u00e7\u00e3o e arte, para homenagear um dos maiores \u00edcones da m\u00fasica capixaba: Maur\u00edcio de Oliveira. Desde o in\u00edcio do ano a Secretaria Municipal [&hellip;]","og_url":"https:\/\/jornalfatosenoticias.com.br\/index.php\/2025\/05\/21\/homenagem-aos-100-anos-de-mauricio-de-oliveira\/","og_site_name":"Jornal Fatos e Not\u00edcias","article_published_time":"2025-05-21T13:16:41+00:00","article_modified_time":"2025-05-21T13:16:42+00:00","og_image":[{"width":768,"height":577,"url":"https:\/\/jornalfatosenoticias.com.br\/wp-content\/uploads\/2025\/05\/Mauricio-de-Oliveira.jpg","type":"image\/jpeg"}],"author":"Luzimara Fernandes","twitter_card":"summary_large_image","twitter_misc":{"Escrito por":"Luzimara Fernandes","Est. tempo de leitura":"4 minutos"},"schema":{"@context":"https:\/\/schema.org","@graph":[{"@type":"Article","@id":"https:\/\/jornalfatosenoticias.com.br\/index.php\/2025\/05\/21\/homenagem-aos-100-anos-de-mauricio-de-oliveira\/#article","isPartOf":{"@id":"https:\/\/jornalfatosenoticias.com.br\/index.php\/2025\/05\/21\/homenagem-aos-100-anos-de-mauricio-de-oliveira\/"},"author":{"name":"Luzimara Fernandes","@id":"https:\/\/jornalfatosenoticias.com.br\/#\/schema\/person\/d63837fa13ac8666eb9e74e0985d6f81"},"headline":"Homenagem aos 100 anos de Maur\u00edcio de Oliveira","datePublished":"2025-05-21T13:16:41+00:00","dateModified":"2025-05-21T13:16:42+00:00","mainEntityOfPage":{"@id":"https:\/\/jornalfatosenoticias.com.br\/index.php\/2025\/05\/21\/homenagem-aos-100-anos-de-mauricio-de-oliveira\/"},"wordCount":733,"commentCount":0,"publisher":{"@id":"https:\/\/jornalfatosenoticias.com.br\/#organization"},"image":{"@id":"https:\/\/jornalfatosenoticias.com.br\/index.php\/2025\/05\/21\/homenagem-aos-100-anos-de-mauricio-de-oliveira\/#primaryimage"},"thumbnailUrl":"https:\/\/jornalfatosenoticias.com.br\/wp-content\/uploads\/2025\/05\/Mauricio-de-Oliveira.jpg","keywords":["celebra\u00e7\u00e3o","centen\u00e1rio","centen\u00e1rio Maur\u00edcio de Oliveira","Esp\u00edrito Santo","Maur\u00edcio de Oliveira","m\u00fasica capixaba","violonista"],"articleSection":["Cultura"],"inLanguage":"pt-BR","potentialAction":[{"@type":"CommentAction","name":"Comment","target":["https:\/\/jornalfatosenoticias.com.br\/index.php\/2025\/05\/21\/homenagem-aos-100-anos-de-mauricio-de-oliveira\/#respond"]}]},{"@type":"WebPage","@id":"https:\/\/jornalfatosenoticias.com.br\/index.php\/2025\/05\/21\/homenagem-aos-100-anos-de-mauricio-de-oliveira\/","url":"https:\/\/jornalfatosenoticias.com.br\/index.php\/2025\/05\/21\/homenagem-aos-100-anos-de-mauricio-de-oliveira\/","name":"Homenagem aos 100 anos de Maur\u00edcio de Oliveira - Jornal Fatos e Not\u00edcias","isPartOf":{"@id":"https:\/\/jornalfatosenoticias.com.br\/#website"},"primaryImageOfPage":{"@id":"https:\/\/jornalfatosenoticias.com.br\/index.php\/2025\/05\/21\/homenagem-aos-100-anos-de-mauricio-de-oliveira\/#primaryimage"},"image":{"@id":"https:\/\/jornalfatosenoticias.com.br\/index.php\/2025\/05\/21\/homenagem-aos-100-anos-de-mauricio-de-oliveira\/#primaryimage"},"thumbnailUrl":"https:\/\/jornalfatosenoticias.com.br\/wp-content\/uploads\/2025\/05\/Mauricio-de-Oliveira.jpg","datePublished":"2025-05-21T13:16:41+00:00","dateModified":"2025-05-21T13:16:42+00:00","breadcrumb":{"@id":"https:\/\/jornalfatosenoticias.com.br\/index.php\/2025\/05\/21\/homenagem-aos-100-anos-de-mauricio-de-oliveira\/#breadcrumb"},"inLanguage":"pt-BR","potentialAction":[{"@type":"ReadAction","target":["https:\/\/jornalfatosenoticias.com.br\/index.php\/2025\/05\/21\/homenagem-aos-100-anos-de-mauricio-de-oliveira\/"]}]},{"@type":"ImageObject","inLanguage":"pt-BR","@id":"https:\/\/jornalfatosenoticias.com.br\/index.php\/2025\/05\/21\/homenagem-aos-100-anos-de-mauricio-de-oliveira\/#primaryimage","url":"https:\/\/jornalfatosenoticias.com.br\/wp-content\/uploads\/2025\/05\/Mauricio-de-Oliveira.jpg","contentUrl":"https:\/\/jornalfatosenoticias.com.br\/wp-content\/uploads\/2025\/05\/Mauricio-de-Oliveira.jpg","width":768,"height":577},{"@type":"BreadcrumbList","@id":"https:\/\/jornalfatosenoticias.com.br\/index.php\/2025\/05\/21\/homenagem-aos-100-anos-de-mauricio-de-oliveira\/#breadcrumb","itemListElement":[{"@type":"ListItem","position":1,"name":"In\u00edcio","item":"https:\/\/jornalfatosenoticias.com.br\/"},{"@type":"ListItem","position":2,"name":"Homenagem aos 100 anos de Maur\u00edcio de Oliveira"}]},{"@type":"WebSite","@id":"https:\/\/jornalfatosenoticias.com.br\/#website","url":"https:\/\/jornalfatosenoticias.com.br\/","name":"Jornal Fatos e Not\u00edcias","description":"Not\u00edcias em geral","publisher":{"@id":"https:\/\/jornalfatosenoticias.com.br\/#organization"},"potentialAction":[{"@type":"SearchAction","target":{"@type":"EntryPoint","urlTemplate":"https:\/\/jornalfatosenoticias.com.br\/?s={search_term_string}"},"query-input":{"@type":"PropertyValueSpecification","valueRequired":true,"valueName":"search_term_string"}}],"inLanguage":"pt-BR"},{"@type":"Organization","@id":"https:\/\/jornalfatosenoticias.com.br\/#organization","name":"Jornal Fatos e Not\u00edcias","url":"https:\/\/jornalfatosenoticias.com.br\/","logo":{"@type":"ImageObject","inLanguage":"pt-BR","@id":"https:\/\/jornalfatosenoticias.com.br\/#\/schema\/logo\/image\/","url":"https:\/\/jornalfatosenoticias.com.br\/wp-content\/uploads\/2020\/02\/logo120.png","contentUrl":"https:\/\/jornalfatosenoticias.com.br\/wp-content\/uploads\/2020\/02\/logo120.png","width":1227,"height":120,"caption":"Jornal Fatos e Not\u00edcias"},"image":{"@id":"https:\/\/jornalfatosenoticias.com.br\/#\/schema\/logo\/image\/"}},{"@type":"Person","@id":"https:\/\/jornalfatosenoticias.com.br\/#\/schema\/person\/d63837fa13ac8666eb9e74e0985d6f81","name":"Luzimara Fernandes","image":{"@type":"ImageObject","inLanguage":"pt-BR","@id":"https:\/\/jornalfatosenoticias.com.br\/#\/schema\/person\/image\/","url":"https:\/\/jornalfatosenoticias.com.br\/wp-content\/uploads\/2025\/05\/EU_portal.jpg","contentUrl":"https:\/\/jornalfatosenoticias.com.br\/wp-content\/uploads\/2025\/05\/EU_portal.jpg","caption":"Luzimara Fernandes"},"description":"Jornalista MTB 2358-ES","sameAs":["https:\/\/jornalfatosenoticias.com.br"],"url":"https:\/\/jornalfatosenoticias.com.br\/index.php\/author\/luzimara\/"}]}},"cc_featured_image_caption":{"caption_text":"(Foto: Carlos Antolini\/PMV) ","source_text":"","source_url":""},"jetpack_featured_media_url":"https:\/\/jornalfatosenoticias.com.br\/wp-content\/uploads\/2025\/05\/Mauricio-de-Oliveira.jpg","_links":{"self":[{"href":"https:\/\/jornalfatosenoticias.com.br\/index.php\/wp-json\/wp\/v2\/posts\/59373","targetHints":{"allow":["GET"]}}],"collection":[{"href":"https:\/\/jornalfatosenoticias.com.br\/index.php\/wp-json\/wp\/v2\/posts"}],"about":[{"href":"https:\/\/jornalfatosenoticias.com.br\/index.php\/wp-json\/wp\/v2\/types\/post"}],"author":[{"embeddable":true,"href":"https:\/\/jornalfatosenoticias.com.br\/index.php\/wp-json\/wp\/v2\/users\/2"}],"replies":[{"embeddable":true,"href":"https:\/\/jornalfatosenoticias.com.br\/index.php\/wp-json\/wp\/v2\/comments?post=59373"}],"version-history":[{"count":0,"href":"https:\/\/jornalfatosenoticias.com.br\/index.php\/wp-json\/wp\/v2\/posts\/59373\/revisions"}],"wp:featuredmedia":[{"embeddable":true,"href":"https:\/\/jornalfatosenoticias.com.br\/index.php\/wp-json\/wp\/v2\/media\/59375"}],"wp:attachment":[{"href":"https:\/\/jornalfatosenoticias.com.br\/index.php\/wp-json\/wp\/v2\/media?parent=59373"}],"wp:term":[{"taxonomy":"category","embeddable":true,"href":"https:\/\/jornalfatosenoticias.com.br\/index.php\/wp-json\/wp\/v2\/categories?post=59373"},{"taxonomy":"post_tag","embeddable":true,"href":"https:\/\/jornalfatosenoticias.com.br\/index.php\/wp-json\/wp\/v2\/tags?post=59373"}],"curies":[{"name":"wp","href":"https:\/\/api.w.org\/{rel}","templated":true}]}}