{"id":59395,"date":"2025-05-21T12:48:45","date_gmt":"2025-05-21T15:48:45","guid":{"rendered":"https:\/\/jornalfatosenoticias.com.br\/?p=59395"},"modified":"2025-05-21T12:48:46","modified_gmt":"2025-05-21T15:48:46","slug":"pesquisadores-descobrem-nova-especie-de-inseto-no-rio-grande-do-norte","status":"publish","type":"post","link":"https:\/\/jornalfatosenoticias.com.br\/index.php\/2025\/05\/21\/pesquisadores-descobrem-nova-especie-de-inseto-no-rio-grande-do-norte\/","title":{"rendered":"Pesquisadores descobrem nova esp\u00e9cie de inseto no Rio Grande do Norte"},"content":{"rendered":"\n<p><em><span class=\"has-inline-color has-black-color\">Identificada no rio Taborda, a Zavrelimyia ximenesae \u00e9 a primeira do g\u00eanero descrita na Am\u00e9rica do Sul e representa avan\u00e7o no estudo de quironom\u00eddeos<\/span><\/em><\/p>\n\n\n\n<p><span class=\"has-inline-color has-black-color\">Por <strong>Gabriel Marin de Oliveira<\/strong><\/span><\/p>\n\n\n\n<div class=\"wp-block-image\"><figure class=\"aligncenter size-large\"><a href=\"https:\/\/panper.com.br\/\"><img loading=\"lazy\" decoding=\"async\" width=\"1024\" height=\"111\" src=\"https:\/\/jornalfatosenoticias.com.br\/wp-content\/uploads\/2020\/02\/WhatsApp-Image-2022-09-23-at-12.09.18-1024x111.jpeg\" alt=\"\" class=\"wp-image-34527\" srcset=\"https:\/\/jornalfatosenoticias.com.br\/wp-content\/uploads\/2020\/02\/WhatsApp-Image-2022-09-23-at-12.09.18-1024x111.jpeg 1024w, https:\/\/jornalfatosenoticias.com.br\/wp-content\/uploads\/2020\/02\/WhatsApp-Image-2022-09-23-at-12.09.18-300x32.jpeg 300w, https:\/\/jornalfatosenoticias.com.br\/wp-content\/uploads\/2020\/02\/WhatsApp-Image-2022-09-23-at-12.09.18-768x83.jpeg 768w, https:\/\/jornalfatosenoticias.com.br\/wp-content\/uploads\/2020\/02\/WhatsApp-Image-2022-09-23-at-12.09.18.jpeg 1121w\" sizes=\"auto, (max-width: 1024px) 100vw, 1024px\" \/><\/a><\/figure><\/div>\n\n\n\n<p>Cientistas brasileiros identificaram <mark>uma nova esp\u00e9cie de inseto aqu\u00e1tico<\/mark>\u00a0no\u00a0<strong><a href=\"https:\/\/aventurasnahistoria.com.br\/noticias\/historia-hoje\/idoso-cai-em-golpe-do-amor-e-transfere-r-2-milhoes-para-quadrilha.phtml\" rel=\"noreferrer noopener\" target=\"_blank\">Rio Grande do Norte<\/a>, <\/strong>em um avan\u00e7o significativo para a ci\u00eancia e a biodiversidade sul-americana. A descoberta foi publicada na revista cient\u00edfica\u00a0<a href=\"https:\/\/mapress.com\/zt\/article\/view\/zootaxa.5632.1.12\" rel=\"noreferrer noopener\" target=\"_blank\"><strong>Zootaxa<\/strong><\/a>\u00a0e revelou a exist\u00eancia da\u00a0<em>Zavrelimyia ximenesae<\/em>, a primeira esp\u00e9cie do g\u00eanero\u00a0<em>Zavrelimyia<\/em>\u00a0registrada na\u00a0<a href=\"https:\/\/aventurasnahistoria.com.br\/noticias\/historia-hoje\/estudo-revela-como-os-primeiros-americanos-chegaram-america-do-sul.phtml\" rel=\"noreferrer noopener\" target=\"_blank\"><strong>Am\u00e9rica do Sul<\/strong><\/a>.<br><mark>O inseto foi encontrado no rio Taborda<\/mark>, em Parnamirim (RN), durante um projeto do Instituto Nacional de Pesquisas da Amaz\u00f4nia (Inpa), coordenado pelos pesquisadores Galileu Dantas e Neusa Hamada, em parceria com Marcos Pinheiro, da Universidade Federal do Rio Grande do Norte (UFRN). A equipe utilizou redes e armadilhas aqu\u00e1ticas para coletar os esp\u00e9cimes e\u00a0<mark>analisou a nova esp\u00e9cie em diferentes est\u00e1gios de desenvolvimento<\/mark> \u2014 da fase de pupa at\u00e9 o inseto adulto.<\/p>\n\n\n\n<div class=\"wp-block-image\"><figure class=\"aligncenter size-large\"><a href=\"https:\/\/www.cesconetto.com.br\/\"><img loading=\"lazy\" decoding=\"async\" width=\"300\" height=\"250\" src=\"https:\/\/jornalfatosenoticias.com.br\/wp-content\/uploads\/2020\/02\/Banner-2.png\" alt=\"\" class=\"wp-image-43787\"\/><\/a><\/figure><\/div>\n\n\n\n<p>As an\u00e1lises morfol\u00f3gicas identificaram caracter\u00edsticas \u00fanicas, como o padr\u00e3o de colora\u00e7\u00e3o e a genit\u00e1lia do macho, o que permitiu diferenciar a <em>Zavrelimyia ximenesae<\/em> de outras esp\u00e9cies do mesmo grupo. De acordo com os pesquisadores, a descoberta preenche uma lacuna no conhecimento sobre o g\u00eanero <em>Zavrelimyia<\/em>\u00a0na regi\u00e3o neotropical e\u00a0<mark>pode contribuir com estudos taxon\u00f4micos e ecol\u00f3gicos de quironom\u00eddeos<\/mark>, grupo de insetos aqu\u00e1ticos que n\u00e3o picam e s\u00e3o reconhecidos como bioindicadores da qualidade ambiental.<\/p>\n\n\n\n<div class=\"wp-block-image\"><figure class=\"aligncenter size-large is-resized\"><a href=\"https:\/\/www.instagram.com\/gruposei\/\"><img loading=\"lazy\" decoding=\"async\" src=\"https:\/\/jornalfatosenoticias.com.br\/wp-content\/uploads\/2022\/07\/Logo-Grupo-SEI.jpg\" alt=\"\" class=\"wp-image-31973\" width=\"368\" height=\"193\" srcset=\"https:\/\/jornalfatosenoticias.com.br\/wp-content\/uploads\/2022\/07\/Logo-Grupo-SEI.jpg 713w, https:\/\/jornalfatosenoticias.com.br\/wp-content\/uploads\/2022\/07\/Logo-Grupo-SEI-300x158.jpg 300w\" sizes=\"auto, (max-width: 368px) 100vw, 368px\" \/><\/a><\/figure><\/div>\n\n\n\n<p><strong><span class=\"has-inline-color has-vivid-green-cyan-color\">Homenagem<br><\/span><\/strong>O nome da esp\u00e9cie \u00e9 uma homenagem \u00e0 professora Maria de F\u00e1tima Freire de Melo Ximenes, docente da UFRN e\u00a0<mark>refer\u00eancia nacional em parasitologia e entomologia m\u00e9dica<\/mark>. Ela coordena o Laborat\u00f3rio de Entomologia (Labent) desde 2004 e j\u00e1 atuou em pesquisas sobre arboviroses como <strong><a href=\"https:\/\/aventurasnahistoria.com.br\/noticias\/historia-hoje\/tecnica-do-macho-toxico-pode-ajudar-controlar-doencas-tropicais.phtml\" rel=\"noreferrer noopener\" target=\"_blank\">dengue<\/a>,<\/strong> zika e leishmaniose. A escolha do nome foi mantida em segredo at\u00e9 a publica\u00e7\u00e3o oficial do estudo.<\/p>\n\n\n\n<div class=\"wp-block-image\"><figure class=\"aligncenter size-large is-resized\"><a href=\"https:\/\/www.instagram.com\/esteio.churrascaria\/\"><img loading=\"lazy\" decoding=\"async\" src=\"https:\/\/jornalfatosenoticias.com.br\/wp-content\/uploads\/2022\/02\/LOGO-ESTEIO-1024x730.png\" alt=\"\" class=\"wp-image-27942\" width=\"347\" height=\"247\" srcset=\"https:\/\/jornalfatosenoticias.com.br\/wp-content\/uploads\/2022\/02\/LOGO-ESTEIO-1024x730.png 1024w, https:\/\/jornalfatosenoticias.com.br\/wp-content\/uploads\/2022\/02\/LOGO-ESTEIO-300x214.png 300w, https:\/\/jornalfatosenoticias.com.br\/wp-content\/uploads\/2022\/02\/LOGO-ESTEIO-768x548.png 768w, https:\/\/jornalfatosenoticias.com.br\/wp-content\/uploads\/2022\/02\/LOGO-ESTEIO.png 1123w\" sizes=\"auto, (max-width: 347px) 100vw, 347px\" \/><\/a><\/figure><\/div>\n\n\n\n<blockquote class=\"wp-block-quote is-layout-flow wp-block-quote-is-layout-flow\"><p><span class=\"has-inline-color has-luminous-vivid-orange-color\">Descobrir uma nova esp\u00e9cie \u00e9 um sonho de qualquer bi\u00f3logo. Eu diria de bi\u00f3logos que gostam da pesquisa, que gostam da ci\u00eancia, porque traz o novo e a possibilidade de continuar investigando outros caminhos na pesquisa cient\u00edfica&#8221;, declarou Ximenes, emocionada com a homenagem e o avan\u00e7o cient\u00edfico. Segundo o UOL, a pesquisadora tamb\u00e9m destacou a\u00a0<mark>import\u00e2ncia dos quironom\u00eddeos como indicadores da sa\u00fade ambiental<\/mark>. &#8220;Quando eu falo de sa\u00fade p\u00fablica, estou falando de sa\u00fade ambiental, de animal, de sa\u00fade de uma maneira geral: de sa\u00fade \u00fanica&#8221;, afirmou.<\/span><\/p><\/blockquote>\n\n\n\n<div class=\"wp-block-image\"><figure class=\"aligncenter size-large is-resized\"><a href=\"https:\/\/www.facebook.com\/vetor.vix\/\"><img loading=\"lazy\" decoding=\"async\" src=\"https:\/\/jornalfatosenoticias.com.br\/wp-content\/uploads\/2023\/09\/vetorvix1024_1.jpg\" alt=\"\" class=\"wp-image-44868\" width=\"554\" height=\"147\" srcset=\"https:\/\/jornalfatosenoticias.com.br\/wp-content\/uploads\/2023\/09\/vetorvix1024_1.jpg 1024w, https:\/\/jornalfatosenoticias.com.br\/wp-content\/uploads\/2023\/09\/vetorvix1024_1-300x80.jpg 300w, https:\/\/jornalfatosenoticias.com.br\/wp-content\/uploads\/2023\/09\/vetorvix1024_1-768x205.jpg 768w\" sizes=\"auto, (max-width: 554px) 100vw, 554px\" \/><\/a><\/figure><\/div>\n\n\n\n<p>A pr\u00f3xima etapa da pesquisa busca identificar a fase larval da nova esp\u00e9cie. J\u00e1 h\u00e1 registros de larvas do mesmo g\u00eanero em <strong><a href=\"https:\/\/aventurasnahistoria.com.br\/noticias\/historia-hoje\/estudo-aponta-relacao-entre-derramamento-de-oleo-e-anomalias-em-cavalos-marinhos.phtml\" rel=\"noreferrer noopener\" target=\"_blank\">Pernambuco<\/a>, <\/strong>em ambiente semelhante ao do rio Taborda, e os cientistas acreditam que\u00a0<mark>podem pertencer \u00e0 mesma esp\u00e9cie rec\u00e9m-descoberta<\/mark> \u2014 hip\u00f3tese que ainda ser\u00e1 confirmada.<\/p>\n\n\n\n<p><strong>Fonte: <a href=\"https:\/\/aventurasnahistoria.com.br\/noticias\/historia-hoje\/pesquisadores-descobrem-nova-especie-de-inseto-no-rio-grande-do-norte.phtml\">Aventuras na Hist\u00f3ria<\/a><\/strong><\/p>\n","protected":false},"excerpt":{"rendered":"<p>Identificada no rio Taborda, a Zavrelimyia ximenesae \u00e9 a primeira do g\u00eanero descrita na Am\u00e9rica do Sul e representa avan\u00e7o no estudo de quironom\u00eddeos Por Gabriel Marin de Oliveira Cientistas brasileiros identificaram uma nova esp\u00e9cie de inseto aqu\u00e1tico\u00a0no\u00a0Rio Grande do Norte, em um avan\u00e7o significativo para a ci\u00eancia e a biodiversidade sul-americana. A descoberta foi [&hellip;]<\/p>\n","protected":false},"author":2,"featured_media":59396,"comment_status":"open","ping_status":"open","sticky":false,"template":"","format":"standard","meta":{"footnotes":""},"categories":[8],"tags":[451,208,27115,2445,597,1666,337,714,13677,588,9037],"class_list":["post-59395","post","type-post","status-publish","format-standard","has-post-thumbnail","hentry","category-meio-ambiente","tag-agua","tag-america-do-sul","tag-avanco","tag-biologia","tag-brasil","tag-descoberta","tag-especie","tag-estudo","tag-identificacao","tag-inseto","tag-rio-grande-do-norte"],"yoast_head":"<!-- This site is optimized with the Yoast SEO plugin v26.5 - https:\/\/yoast.com\/wordpress\/plugins\/seo\/ -->\n<title>Pesquisadores descobrem nova esp\u00e9cie de inseto no Rio Grande do Norte - Jornal Fatos e Not\u00edcias<\/title>\n<meta name=\"robots\" content=\"index, follow, max-snippet:-1, max-image-preview:large, max-video-preview:-1\" \/>\n<link rel=\"canonical\" href=\"https:\/\/jornalfatosenoticias.com.br\/index.php\/2025\/05\/21\/pesquisadores-descobrem-nova-especie-de-inseto-no-rio-grande-do-norte\/\" \/>\n<meta property=\"og:locale\" content=\"pt_BR\" \/>\n<meta property=\"og:type\" content=\"article\" \/>\n<meta property=\"og:title\" content=\"Pesquisadores descobrem nova esp\u00e9cie de inseto no Rio Grande do Norte - Jornal Fatos e Not\u00edcias\" \/>\n<meta property=\"og:description\" content=\"Identificada no rio Taborda, a Zavrelimyia ximenesae \u00e9 a primeira do g\u00eanero descrita na Am\u00e9rica do Sul e representa avan\u00e7o no estudo de quironom\u00eddeos Por Gabriel Marin de Oliveira Cientistas brasileiros identificaram uma nova esp\u00e9cie de inseto aqu\u00e1tico\u00a0no\u00a0Rio Grande do Norte, em um avan\u00e7o significativo para a ci\u00eancia e a biodiversidade sul-americana. A descoberta foi [&hellip;]\" \/>\n<meta property=\"og:url\" content=\"https:\/\/jornalfatosenoticias.com.br\/index.php\/2025\/05\/21\/pesquisadores-descobrem-nova-especie-de-inseto-no-rio-grande-do-norte\/\" \/>\n<meta property=\"og:site_name\" content=\"Jornal Fatos e Not\u00edcias\" \/>\n<meta property=\"article:published_time\" content=\"2025-05-21T15:48:45+00:00\" \/>\n<meta property=\"article:modified_time\" content=\"2025-05-21T15:48:46+00:00\" \/>\n<meta property=\"og:image\" content=\"https:\/\/jornalfatosenoticias.com.br\/wp-content\/uploads\/2025\/05\/nova-especie-de-inseto-no-Rio-Grande-do-Norte.jpg\" \/>\n\t<meta property=\"og:image:width\" content=\"800\" \/>\n\t<meta property=\"og:image:height\" content=\"450\" \/>\n\t<meta property=\"og:image:type\" content=\"image\/jpeg\" \/>\n<meta name=\"author\" content=\"Luzimara Fernandes\" \/>\n<meta name=\"twitter:card\" content=\"summary_large_image\" \/>\n<meta name=\"twitter:label1\" content=\"Escrito por\" \/>\n\t<meta name=\"twitter:data1\" content=\"Luzimara Fernandes\" \/>\n\t<meta name=\"twitter:label2\" content=\"Est. tempo de leitura\" \/>\n\t<meta name=\"twitter:data2\" content=\"2 minutos\" \/>\n<script type=\"application\/ld+json\" class=\"yoast-schema-graph\">{\"@context\":\"https:\/\/schema.org\",\"@graph\":[{\"@type\":\"Article\",\"@id\":\"https:\/\/jornalfatosenoticias.com.br\/index.php\/2025\/05\/21\/pesquisadores-descobrem-nova-especie-de-inseto-no-rio-grande-do-norte\/#article\",\"isPartOf\":{\"@id\":\"https:\/\/jornalfatosenoticias.com.br\/index.php\/2025\/05\/21\/pesquisadores-descobrem-nova-especie-de-inseto-no-rio-grande-do-norte\/\"},\"author\":{\"name\":\"Luzimara Fernandes\",\"@id\":\"https:\/\/jornalfatosenoticias.com.br\/#\/schema\/person\/d63837fa13ac8666eb9e74e0985d6f81\"},\"headline\":\"Pesquisadores descobrem nova esp\u00e9cie de inseto no Rio Grande do Norte\",\"datePublished\":\"2025-05-21T15:48:45+00:00\",\"dateModified\":\"2025-05-21T15:48:46+00:00\",\"mainEntityOfPage\":{\"@id\":\"https:\/\/jornalfatosenoticias.com.br\/index.php\/2025\/05\/21\/pesquisadores-descobrem-nova-especie-de-inseto-no-rio-grande-do-norte\/\"},\"wordCount\":492,\"commentCount\":0,\"publisher\":{\"@id\":\"https:\/\/jornalfatosenoticias.com.br\/#organization\"},\"image\":{\"@id\":\"https:\/\/jornalfatosenoticias.com.br\/index.php\/2025\/05\/21\/pesquisadores-descobrem-nova-especie-de-inseto-no-rio-grande-do-norte\/#primaryimage\"},\"thumbnailUrl\":\"https:\/\/jornalfatosenoticias.com.br\/wp-content\/uploads\/2025\/05\/nova-especie-de-inseto-no-Rio-Grande-do-Norte.jpg\",\"keywords\":[\"\u00e1gua\",\"Am\u00e9rica do Sul\",\"avan\u00e7o\",\"biologia\",\"Brasil\",\"descoberta\",\"esp\u00e9cie\",\"Estudo\",\"identifica\u00e7\u00e3o\",\"inseto\",\"Rio Grande do Norte\"],\"articleSection\":[\"Meio ambiente\"],\"inLanguage\":\"pt-BR\",\"potentialAction\":[{\"@type\":\"CommentAction\",\"name\":\"Comment\",\"target\":[\"https:\/\/jornalfatosenoticias.com.br\/index.php\/2025\/05\/21\/pesquisadores-descobrem-nova-especie-de-inseto-no-rio-grande-do-norte\/#respond\"]}]},{\"@type\":\"WebPage\",\"@id\":\"https:\/\/jornalfatosenoticias.com.br\/index.php\/2025\/05\/21\/pesquisadores-descobrem-nova-especie-de-inseto-no-rio-grande-do-norte\/\",\"url\":\"https:\/\/jornalfatosenoticias.com.br\/index.php\/2025\/05\/21\/pesquisadores-descobrem-nova-especie-de-inseto-no-rio-grande-do-norte\/\",\"name\":\"Pesquisadores descobrem nova esp\u00e9cie de inseto no Rio Grande do Norte - Jornal Fatos e Not\u00edcias\",\"isPartOf\":{\"@id\":\"https:\/\/jornalfatosenoticias.com.br\/#website\"},\"primaryImageOfPage\":{\"@id\":\"https:\/\/jornalfatosenoticias.com.br\/index.php\/2025\/05\/21\/pesquisadores-descobrem-nova-especie-de-inseto-no-rio-grande-do-norte\/#primaryimage\"},\"image\":{\"@id\":\"https:\/\/jornalfatosenoticias.com.br\/index.php\/2025\/05\/21\/pesquisadores-descobrem-nova-especie-de-inseto-no-rio-grande-do-norte\/#primaryimage\"},\"thumbnailUrl\":\"https:\/\/jornalfatosenoticias.com.br\/wp-content\/uploads\/2025\/05\/nova-especie-de-inseto-no-Rio-Grande-do-Norte.jpg\",\"datePublished\":\"2025-05-21T15:48:45+00:00\",\"dateModified\":\"2025-05-21T15:48:46+00:00\",\"breadcrumb\":{\"@id\":\"https:\/\/jornalfatosenoticias.com.br\/index.php\/2025\/05\/21\/pesquisadores-descobrem-nova-especie-de-inseto-no-rio-grande-do-norte\/#breadcrumb\"},\"inLanguage\":\"pt-BR\",\"potentialAction\":[{\"@type\":\"ReadAction\",\"target\":[\"https:\/\/jornalfatosenoticias.com.br\/index.php\/2025\/05\/21\/pesquisadores-descobrem-nova-especie-de-inseto-no-rio-grande-do-norte\/\"]}]},{\"@type\":\"ImageObject\",\"inLanguage\":\"pt-BR\",\"@id\":\"https:\/\/jornalfatosenoticias.com.br\/index.php\/2025\/05\/21\/pesquisadores-descobrem-nova-especie-de-inseto-no-rio-grande-do-norte\/#primaryimage\",\"url\":\"https:\/\/jornalfatosenoticias.com.br\/wp-content\/uploads\/2025\/05\/nova-especie-de-inseto-no-Rio-Grande-do-Norte.jpg\",\"contentUrl\":\"https:\/\/jornalfatosenoticias.com.br\/wp-content\/uploads\/2025\/05\/nova-especie-de-inseto-no-Rio-Grande-do-Norte.jpg\",\"width\":800,\"height\":450},{\"@type\":\"BreadcrumbList\",\"@id\":\"https:\/\/jornalfatosenoticias.com.br\/index.php\/2025\/05\/21\/pesquisadores-descobrem-nova-especie-de-inseto-no-rio-grande-do-norte\/#breadcrumb\",\"itemListElement\":[{\"@type\":\"ListItem\",\"position\":1,\"name\":\"In\u00edcio\",\"item\":\"https:\/\/jornalfatosenoticias.com.br\/\"},{\"@type\":\"ListItem\",\"position\":2,\"name\":\"Pesquisadores descobrem nova esp\u00e9cie de inseto no Rio Grande do Norte\"}]},{\"@type\":\"WebSite\",\"@id\":\"https:\/\/jornalfatosenoticias.com.br\/#website\",\"url\":\"https:\/\/jornalfatosenoticias.com.br\/\",\"name\":\"Jornal Fatos e Not\u00edcias\",\"description\":\"Not\u00edcias em geral\",\"publisher\":{\"@id\":\"https:\/\/jornalfatosenoticias.com.br\/#organization\"},\"potentialAction\":[{\"@type\":\"SearchAction\",\"target\":{\"@type\":\"EntryPoint\",\"urlTemplate\":\"https:\/\/jornalfatosenoticias.com.br\/?s={search_term_string}\"},\"query-input\":{\"@type\":\"PropertyValueSpecification\",\"valueRequired\":true,\"valueName\":\"search_term_string\"}}],\"inLanguage\":\"pt-BR\"},{\"@type\":\"Organization\",\"@id\":\"https:\/\/jornalfatosenoticias.com.br\/#organization\",\"name\":\"Jornal Fatos e Not\u00edcias\",\"url\":\"https:\/\/jornalfatosenoticias.com.br\/\",\"logo\":{\"@type\":\"ImageObject\",\"inLanguage\":\"pt-BR\",\"@id\":\"https:\/\/jornalfatosenoticias.com.br\/#\/schema\/logo\/image\/\",\"url\":\"https:\/\/jornalfatosenoticias.com.br\/wp-content\/uploads\/2020\/02\/logo120.png\",\"contentUrl\":\"https:\/\/jornalfatosenoticias.com.br\/wp-content\/uploads\/2020\/02\/logo120.png\",\"width\":1227,\"height\":120,\"caption\":\"Jornal Fatos e Not\u00edcias\"},\"image\":{\"@id\":\"https:\/\/jornalfatosenoticias.com.br\/#\/schema\/logo\/image\/\"}},{\"@type\":\"Person\",\"@id\":\"https:\/\/jornalfatosenoticias.com.br\/#\/schema\/person\/d63837fa13ac8666eb9e74e0985d6f81\",\"name\":\"Luzimara Fernandes\",\"image\":{\"@type\":\"ImageObject\",\"inLanguage\":\"pt-BR\",\"@id\":\"https:\/\/jornalfatosenoticias.com.br\/#\/schema\/person\/image\/\",\"url\":\"https:\/\/jornalfatosenoticias.com.br\/wp-content\/uploads\/2025\/05\/EU_portal.jpg\",\"contentUrl\":\"https:\/\/jornalfatosenoticias.com.br\/wp-content\/uploads\/2025\/05\/EU_portal.jpg\",\"caption\":\"Luzimara Fernandes\"},\"description\":\"Jornalista MTB 2358-ES\",\"sameAs\":[\"https:\/\/jornalfatosenoticias.com.br\"],\"url\":\"https:\/\/jornalfatosenoticias.com.br\/index.php\/author\/luzimara\/\"}]}<\/script>\n<!-- \/ Yoast SEO plugin. -->","yoast_head_json":{"title":"Pesquisadores descobrem nova esp\u00e9cie de inseto no Rio Grande do Norte - Jornal Fatos e Not\u00edcias","robots":{"index":"index","follow":"follow","max-snippet":"max-snippet:-1","max-image-preview":"max-image-preview:large","max-video-preview":"max-video-preview:-1"},"canonical":"https:\/\/jornalfatosenoticias.com.br\/index.php\/2025\/05\/21\/pesquisadores-descobrem-nova-especie-de-inseto-no-rio-grande-do-norte\/","og_locale":"pt_BR","og_type":"article","og_title":"Pesquisadores descobrem nova esp\u00e9cie de inseto no Rio Grande do Norte - Jornal Fatos e Not\u00edcias","og_description":"Identificada no rio Taborda, a Zavrelimyia ximenesae \u00e9 a primeira do g\u00eanero descrita na Am\u00e9rica do Sul e representa avan\u00e7o no estudo de quironom\u00eddeos Por Gabriel Marin de Oliveira Cientistas brasileiros identificaram uma nova esp\u00e9cie de inseto aqu\u00e1tico\u00a0no\u00a0Rio Grande do Norte, em um avan\u00e7o significativo para a ci\u00eancia e a biodiversidade sul-americana. A descoberta foi [&hellip;]","og_url":"https:\/\/jornalfatosenoticias.com.br\/index.php\/2025\/05\/21\/pesquisadores-descobrem-nova-especie-de-inseto-no-rio-grande-do-norte\/","og_site_name":"Jornal Fatos e Not\u00edcias","article_published_time":"2025-05-21T15:48:45+00:00","article_modified_time":"2025-05-21T15:48:46+00:00","og_image":[{"width":800,"height":450,"url":"https:\/\/jornalfatosenoticias.com.br\/wp-content\/uploads\/2025\/05\/nova-especie-de-inseto-no-Rio-Grande-do-Norte.jpg","type":"image\/jpeg"}],"author":"Luzimara Fernandes","twitter_card":"summary_large_image","twitter_misc":{"Escrito por":"Luzimara Fernandes","Est. tempo de leitura":"2 minutos"},"schema":{"@context":"https:\/\/schema.org","@graph":[{"@type":"Article","@id":"https:\/\/jornalfatosenoticias.com.br\/index.php\/2025\/05\/21\/pesquisadores-descobrem-nova-especie-de-inseto-no-rio-grande-do-norte\/#article","isPartOf":{"@id":"https:\/\/jornalfatosenoticias.com.br\/index.php\/2025\/05\/21\/pesquisadores-descobrem-nova-especie-de-inseto-no-rio-grande-do-norte\/"},"author":{"name":"Luzimara Fernandes","@id":"https:\/\/jornalfatosenoticias.com.br\/#\/schema\/person\/d63837fa13ac8666eb9e74e0985d6f81"},"headline":"Pesquisadores descobrem nova esp\u00e9cie de inseto no Rio Grande do Norte","datePublished":"2025-05-21T15:48:45+00:00","dateModified":"2025-05-21T15:48:46+00:00","mainEntityOfPage":{"@id":"https:\/\/jornalfatosenoticias.com.br\/index.php\/2025\/05\/21\/pesquisadores-descobrem-nova-especie-de-inseto-no-rio-grande-do-norte\/"},"wordCount":492,"commentCount":0,"publisher":{"@id":"https:\/\/jornalfatosenoticias.com.br\/#organization"},"image":{"@id":"https:\/\/jornalfatosenoticias.com.br\/index.php\/2025\/05\/21\/pesquisadores-descobrem-nova-especie-de-inseto-no-rio-grande-do-norte\/#primaryimage"},"thumbnailUrl":"https:\/\/jornalfatosenoticias.com.br\/wp-content\/uploads\/2025\/05\/nova-especie-de-inseto-no-Rio-Grande-do-Norte.jpg","keywords":["\u00e1gua","Am\u00e9rica do Sul","avan\u00e7o","biologia","Brasil","descoberta","esp\u00e9cie","Estudo","identifica\u00e7\u00e3o","inseto","Rio Grande do Norte"],"articleSection":["Meio ambiente"],"inLanguage":"pt-BR","potentialAction":[{"@type":"CommentAction","name":"Comment","target":["https:\/\/jornalfatosenoticias.com.br\/index.php\/2025\/05\/21\/pesquisadores-descobrem-nova-especie-de-inseto-no-rio-grande-do-norte\/#respond"]}]},{"@type":"WebPage","@id":"https:\/\/jornalfatosenoticias.com.br\/index.php\/2025\/05\/21\/pesquisadores-descobrem-nova-especie-de-inseto-no-rio-grande-do-norte\/","url":"https:\/\/jornalfatosenoticias.com.br\/index.php\/2025\/05\/21\/pesquisadores-descobrem-nova-especie-de-inseto-no-rio-grande-do-norte\/","name":"Pesquisadores descobrem nova esp\u00e9cie de inseto no Rio Grande do Norte - Jornal Fatos e Not\u00edcias","isPartOf":{"@id":"https:\/\/jornalfatosenoticias.com.br\/#website"},"primaryImageOfPage":{"@id":"https:\/\/jornalfatosenoticias.com.br\/index.php\/2025\/05\/21\/pesquisadores-descobrem-nova-especie-de-inseto-no-rio-grande-do-norte\/#primaryimage"},"image":{"@id":"https:\/\/jornalfatosenoticias.com.br\/index.php\/2025\/05\/21\/pesquisadores-descobrem-nova-especie-de-inseto-no-rio-grande-do-norte\/#primaryimage"},"thumbnailUrl":"https:\/\/jornalfatosenoticias.com.br\/wp-content\/uploads\/2025\/05\/nova-especie-de-inseto-no-Rio-Grande-do-Norte.jpg","datePublished":"2025-05-21T15:48:45+00:00","dateModified":"2025-05-21T15:48:46+00:00","breadcrumb":{"@id":"https:\/\/jornalfatosenoticias.com.br\/index.php\/2025\/05\/21\/pesquisadores-descobrem-nova-especie-de-inseto-no-rio-grande-do-norte\/#breadcrumb"},"inLanguage":"pt-BR","potentialAction":[{"@type":"ReadAction","target":["https:\/\/jornalfatosenoticias.com.br\/index.php\/2025\/05\/21\/pesquisadores-descobrem-nova-especie-de-inseto-no-rio-grande-do-norte\/"]}]},{"@type":"ImageObject","inLanguage":"pt-BR","@id":"https:\/\/jornalfatosenoticias.com.br\/index.php\/2025\/05\/21\/pesquisadores-descobrem-nova-especie-de-inseto-no-rio-grande-do-norte\/#primaryimage","url":"https:\/\/jornalfatosenoticias.com.br\/wp-content\/uploads\/2025\/05\/nova-especie-de-inseto-no-Rio-Grande-do-Norte.jpg","contentUrl":"https:\/\/jornalfatosenoticias.com.br\/wp-content\/uploads\/2025\/05\/nova-especie-de-inseto-no-Rio-Grande-do-Norte.jpg","width":800,"height":450},{"@type":"BreadcrumbList","@id":"https:\/\/jornalfatosenoticias.com.br\/index.php\/2025\/05\/21\/pesquisadores-descobrem-nova-especie-de-inseto-no-rio-grande-do-norte\/#breadcrumb","itemListElement":[{"@type":"ListItem","position":1,"name":"In\u00edcio","item":"https:\/\/jornalfatosenoticias.com.br\/"},{"@type":"ListItem","position":2,"name":"Pesquisadores descobrem nova esp\u00e9cie de inseto no Rio Grande do Norte"}]},{"@type":"WebSite","@id":"https:\/\/jornalfatosenoticias.com.br\/#website","url":"https:\/\/jornalfatosenoticias.com.br\/","name":"Jornal Fatos e Not\u00edcias","description":"Not\u00edcias em geral","publisher":{"@id":"https:\/\/jornalfatosenoticias.com.br\/#organization"},"potentialAction":[{"@type":"SearchAction","target":{"@type":"EntryPoint","urlTemplate":"https:\/\/jornalfatosenoticias.com.br\/?s={search_term_string}"},"query-input":{"@type":"PropertyValueSpecification","valueRequired":true,"valueName":"search_term_string"}}],"inLanguage":"pt-BR"},{"@type":"Organization","@id":"https:\/\/jornalfatosenoticias.com.br\/#organization","name":"Jornal Fatos e Not\u00edcias","url":"https:\/\/jornalfatosenoticias.com.br\/","logo":{"@type":"ImageObject","inLanguage":"pt-BR","@id":"https:\/\/jornalfatosenoticias.com.br\/#\/schema\/logo\/image\/","url":"https:\/\/jornalfatosenoticias.com.br\/wp-content\/uploads\/2020\/02\/logo120.png","contentUrl":"https:\/\/jornalfatosenoticias.com.br\/wp-content\/uploads\/2020\/02\/logo120.png","width":1227,"height":120,"caption":"Jornal Fatos e Not\u00edcias"},"image":{"@id":"https:\/\/jornalfatosenoticias.com.br\/#\/schema\/logo\/image\/"}},{"@type":"Person","@id":"https:\/\/jornalfatosenoticias.com.br\/#\/schema\/person\/d63837fa13ac8666eb9e74e0985d6f81","name":"Luzimara Fernandes","image":{"@type":"ImageObject","inLanguage":"pt-BR","@id":"https:\/\/jornalfatosenoticias.com.br\/#\/schema\/person\/image\/","url":"https:\/\/jornalfatosenoticias.com.br\/wp-content\/uploads\/2025\/05\/EU_portal.jpg","contentUrl":"https:\/\/jornalfatosenoticias.com.br\/wp-content\/uploads\/2025\/05\/EU_portal.jpg","caption":"Luzimara Fernandes"},"description":"Jornalista MTB 2358-ES","sameAs":["https:\/\/jornalfatosenoticias.com.br"],"url":"https:\/\/jornalfatosenoticias.com.br\/index.php\/author\/luzimara\/"}]}},"cc_featured_image_caption":{"caption_text":"(Foto: Divulga\u00e7\u00e3o\/UFRN) ","source_text":"","source_url":""},"jetpack_featured_media_url":"https:\/\/jornalfatosenoticias.com.br\/wp-content\/uploads\/2025\/05\/nova-especie-de-inseto-no-Rio-Grande-do-Norte.jpg","_links":{"self":[{"href":"https:\/\/jornalfatosenoticias.com.br\/index.php\/wp-json\/wp\/v2\/posts\/59395","targetHints":{"allow":["GET"]}}],"collection":[{"href":"https:\/\/jornalfatosenoticias.com.br\/index.php\/wp-json\/wp\/v2\/posts"}],"about":[{"href":"https:\/\/jornalfatosenoticias.com.br\/index.php\/wp-json\/wp\/v2\/types\/post"}],"author":[{"embeddable":true,"href":"https:\/\/jornalfatosenoticias.com.br\/index.php\/wp-json\/wp\/v2\/users\/2"}],"replies":[{"embeddable":true,"href":"https:\/\/jornalfatosenoticias.com.br\/index.php\/wp-json\/wp\/v2\/comments?post=59395"}],"version-history":[{"count":0,"href":"https:\/\/jornalfatosenoticias.com.br\/index.php\/wp-json\/wp\/v2\/posts\/59395\/revisions"}],"wp:featuredmedia":[{"embeddable":true,"href":"https:\/\/jornalfatosenoticias.com.br\/index.php\/wp-json\/wp\/v2\/media\/59396"}],"wp:attachment":[{"href":"https:\/\/jornalfatosenoticias.com.br\/index.php\/wp-json\/wp\/v2\/media?parent=59395"}],"wp:term":[{"taxonomy":"category","embeddable":true,"href":"https:\/\/jornalfatosenoticias.com.br\/index.php\/wp-json\/wp\/v2\/categories?post=59395"},{"taxonomy":"post_tag","embeddable":true,"href":"https:\/\/jornalfatosenoticias.com.br\/index.php\/wp-json\/wp\/v2\/tags?post=59395"}],"curies":[{"name":"wp","href":"https:\/\/api.w.org\/{rel}","templated":true}]}}