{"id":59408,"date":"2025-05-21T13:32:11","date_gmt":"2025-05-21T16:32:11","guid":{"rendered":"https:\/\/jornalfatosenoticias.com.br\/?p=59408"},"modified":"2025-05-21T13:32:12","modified_gmt":"2025-05-21T16:32:12","slug":"70-dos-brasileiros-nao-conseguem-pagar-por-uma-cesta-basica","status":"publish","type":"post","link":"https:\/\/jornalfatosenoticias.com.br\/index.php\/2025\/05\/21\/70-dos-brasileiros-nao-conseguem-pagar-por-uma-cesta-basica\/","title":{"rendered":"70% dos brasileiros n\u00e3o conseguem pagar por uma cesta b\u00e1sica"},"content":{"rendered":"\n<p><em><span class=\"has-inline-color has-black-color\">Situa\u00e7\u00e3o obriga grande parte da popula\u00e7\u00e3o a depender de doa\u00e7\u00f5es e programas sociais para garantir, na maioria das vezes, apenas uma refei\u00e7\u00e3o por dia<\/span><\/em><\/p>\n\n\n\n<div class=\"wp-block-image\"><figure class=\"aligncenter size-large is-resized\"><a href=\"https:\/\/www.instagram.com\/restaurantepegoretti\/\"><img loading=\"lazy\" decoding=\"async\" src=\"https:\/\/jornalfatosenoticias.com.br\/wp-content\/uploads\/2023\/12\/pegoretti-logo-pdf-1024x389.jpg\" alt=\"\" class=\"wp-image-47536\" width=\"469\" height=\"178\" srcset=\"https:\/\/jornalfatosenoticias.com.br\/wp-content\/uploads\/2023\/12\/pegoretti-logo-pdf-1024x389.jpg 1024w, https:\/\/jornalfatosenoticias.com.br\/wp-content\/uploads\/2023\/12\/pegoretti-logo-pdf-300x114.jpg 300w, https:\/\/jornalfatosenoticias.com.br\/wp-content\/uploads\/2023\/12\/pegoretti-logo-pdf-768x291.jpg 768w, https:\/\/jornalfatosenoticias.com.br\/wp-content\/uploads\/2023\/12\/pegoretti-logo-pdf.jpg 1120w\" sizes=\"auto, (max-width: 469px) 100vw, 469px\" \/><\/a><\/figure><\/div>\n\n\n\n<p>70% dos brasileiros n\u00e3o t\u00eam renda suficiente para comprar uma cesta b\u00e1sica com alimentos saud\u00e1veis. Segundo o Instituto Pacto Contra a Fome, o custo m\u00e9dio de uma cesta completa por pessoa \u00e9 de R$ 432 por m\u00eas, o que representa mais de 21% da renda m\u00e9dia individual no pa\u00eds, estimada em R$ 2.020.<br>O cen\u00e1rio \u00e9 agravado pela alta dos pre\u00e7os dos alimentos. De acordo com o economista Ricardo Mota, a infla\u00e7\u00e3o dos alimentos chegou a quase 50% da infla\u00e7\u00e3o geral, afetando principalmente o poder de compra das classes mais baixas.<\/p>\n\n\n\n<div class=\"wp-block-image\"><figure class=\"aligncenter size-large is-resized\"><a href=\"https:\/\/www.instagram.com\/esteio.churrascaria\/\"><img loading=\"lazy\" decoding=\"async\" src=\"https:\/\/jornalfatosenoticias.com.br\/wp-content\/uploads\/2022\/02\/LOGO-ESTEIO-1024x730.png\" alt=\"\" class=\"wp-image-27942\" width=\"320\" height=\"228\" srcset=\"https:\/\/jornalfatosenoticias.com.br\/wp-content\/uploads\/2022\/02\/LOGO-ESTEIO-1024x730.png 1024w, https:\/\/jornalfatosenoticias.com.br\/wp-content\/uploads\/2022\/02\/LOGO-ESTEIO-300x214.png 300w, https:\/\/jornalfatosenoticias.com.br\/wp-content\/uploads\/2022\/02\/LOGO-ESTEIO-768x548.png 768w, https:\/\/jornalfatosenoticias.com.br\/wp-content\/uploads\/2022\/02\/LOGO-ESTEIO.png 1123w\" sizes=\"auto, (max-width: 320px) 100vw, 320px\" \/><\/a><\/figure><\/div>\n\n\n\n<p>Mais de 10% da popula\u00e7\u00e3o vive com menos do que o valor necess\u00e1rio para comprar uma cesta b\u00e1sica ideal. O governo de S\u00e3o Paulo contribui com o programa Bom Prato, que serve refei\u00e7\u00f5es a R$ 1 em 120 unidades espalhadas pelo estado. Ainda assim, a fome continua sendo uma realidade para milh\u00f5es. Iniciativas como a distribui\u00e7\u00e3o de marmitas e os programas sociais s\u00e3o o que impedem que muitas fam\u00edlias passem o dia inteiro sem comer.<\/p>\n\n\n\n<div class=\"wp-block-image\"><figure class=\"aligncenter size-large is-resized\"><a href=\"https:\/\/hotelmarquetti.com.br\/\"><img loading=\"lazy\" decoding=\"async\" src=\"https:\/\/jornalfatosenoticias.com.br\/wp-content\/uploads\/2020\/02\/LOGO-MQ-1024x680.jpg\" alt=\"\" class=\"wp-image-58299\" width=\"355\" height=\"236\" srcset=\"https:\/\/jornalfatosenoticias.com.br\/wp-content\/uploads\/2020\/02\/LOGO-MQ-1024x680.jpg 1024w, https:\/\/jornalfatosenoticias.com.br\/wp-content\/uploads\/2020\/02\/LOGO-MQ-300x199.jpg 300w, https:\/\/jornalfatosenoticias.com.br\/wp-content\/uploads\/2020\/02\/LOGO-MQ-768x510.jpg 768w, https:\/\/jornalfatosenoticias.com.br\/wp-content\/uploads\/2020\/02\/LOGO-MQ-1536x1020.jpg 1536w, https:\/\/jornalfatosenoticias.com.br\/wp-content\/uploads\/2020\/02\/LOGO-MQ-2048x1360.jpg 2048w\" sizes=\"auto, (max-width: 355px) 100vw, 355px\" \/><\/a><\/figure><\/div>\n\n\n\n<p><strong>Fonte: <a href=\"https:\/\/sbtnews.sbt.com.br\/noticia\/economia\/70-dos-brasileiros-nao-conseguem-pagar-por-uma-cesta-basica\">SBT News<\/a><\/strong><\/p>\n","protected":false},"excerpt":{"rendered":"<p>Situa\u00e7\u00e3o obriga grande parte da popula\u00e7\u00e3o a depender de doa\u00e7\u00f5es e programas sociais para garantir, na maioria das vezes, apenas uma refei\u00e7\u00e3o por dia 70% dos brasileiros n\u00e3o t\u00eam renda suficiente para comprar uma cesta b\u00e1sica com alimentos saud\u00e1veis. Segundo o Instituto Pacto Contra a Fome, o custo m\u00e9dio de uma cesta completa por pessoa [&hellip;]<\/p>\n","protected":false},"author":2,"featured_media":59409,"comment_status":"open","ping_status":"open","sticky":false,"template":"","format":"standard","meta":{"footnotes":""},"categories":[9],"tags":[20215,18068,4163,18343,4182,27119,27120],"class_list":["post-59408","post","type-post","status-publish","format-standard","has-post-thumbnail","hentry","category-economia","tag-cesta-basica","tag-desgoverno","tag-dinheiro","tag-governo-lula","tag-inflacao","tag-inflacao-dos-alimentos","tag-poder-de-compra-do-brasileiro"],"yoast_head":"<!-- This site is optimized with the Yoast SEO plugin v26.5 - https:\/\/yoast.com\/wordpress\/plugins\/seo\/ -->\n<title>70% dos brasileiros n\u00e3o conseguem pagar por uma cesta b\u00e1sica - Jornal Fatos e Not\u00edcias<\/title>\n<meta name=\"robots\" content=\"index, follow, max-snippet:-1, max-image-preview:large, max-video-preview:-1\" \/>\n<link rel=\"canonical\" href=\"https:\/\/jornalfatosenoticias.com.br\/index.php\/2025\/05\/21\/70-dos-brasileiros-nao-conseguem-pagar-por-uma-cesta-basica\/\" \/>\n<meta property=\"og:locale\" content=\"pt_BR\" \/>\n<meta property=\"og:type\" content=\"article\" \/>\n<meta property=\"og:title\" content=\"70% dos brasileiros n\u00e3o conseguem pagar por uma cesta b\u00e1sica - Jornal Fatos e Not\u00edcias\" \/>\n<meta property=\"og:description\" content=\"Situa\u00e7\u00e3o obriga grande parte da popula\u00e7\u00e3o a depender de doa\u00e7\u00f5es e programas sociais para garantir, na maioria das vezes, apenas uma refei\u00e7\u00e3o por dia 70% dos brasileiros n\u00e3o t\u00eam renda suficiente para comprar uma cesta b\u00e1sica com alimentos saud\u00e1veis. Segundo o Instituto Pacto Contra a Fome, o custo m\u00e9dio de uma cesta completa por pessoa [&hellip;]\" \/>\n<meta property=\"og:url\" content=\"https:\/\/jornalfatosenoticias.com.br\/index.php\/2025\/05\/21\/70-dos-brasileiros-nao-conseguem-pagar-por-uma-cesta-basica\/\" \/>\n<meta property=\"og:site_name\" content=\"Jornal Fatos e Not\u00edcias\" \/>\n<meta property=\"article:published_time\" content=\"2025-05-21T16:32:11+00:00\" \/>\n<meta property=\"article:modified_time\" content=\"2025-05-21T16:32:12+00:00\" \/>\n<meta property=\"og:image\" content=\"https:\/\/jornalfatosenoticias.com.br\/wp-content\/uploads\/2025\/05\/inflacao-dos-alimentos_gettyimages.jpg\" \/>\n\t<meta property=\"og:image:width\" content=\"612\" \/>\n\t<meta property=\"og:image:height\" content=\"463\" \/>\n\t<meta property=\"og:image:type\" content=\"image\/jpeg\" \/>\n<meta name=\"author\" content=\"Luzimara Fernandes\" \/>\n<meta name=\"twitter:card\" content=\"summary_large_image\" \/>\n<meta name=\"twitter:label1\" content=\"Escrito por\" \/>\n\t<meta name=\"twitter:data1\" content=\"Luzimara Fernandes\" \/>\n\t<meta name=\"twitter:label2\" content=\"Est. tempo de leitura\" \/>\n\t<meta name=\"twitter:data2\" content=\"1 minuto\" \/>\n<script type=\"application\/ld+json\" class=\"yoast-schema-graph\">{\"@context\":\"https:\/\/schema.org\",\"@graph\":[{\"@type\":\"Article\",\"@id\":\"https:\/\/jornalfatosenoticias.com.br\/index.php\/2025\/05\/21\/70-dos-brasileiros-nao-conseguem-pagar-por-uma-cesta-basica\/#article\",\"isPartOf\":{\"@id\":\"https:\/\/jornalfatosenoticias.com.br\/index.php\/2025\/05\/21\/70-dos-brasileiros-nao-conseguem-pagar-por-uma-cesta-basica\/\"},\"author\":{\"name\":\"Luzimara Fernandes\",\"@id\":\"https:\/\/jornalfatosenoticias.com.br\/#\/schema\/person\/d63837fa13ac8666eb9e74e0985d6f81\"},\"headline\":\"70% dos brasileiros n\u00e3o conseguem pagar por uma cesta b\u00e1sica\",\"datePublished\":\"2025-05-21T16:32:11+00:00\",\"dateModified\":\"2025-05-21T16:32:12+00:00\",\"mainEntityOfPage\":{\"@id\":\"https:\/\/jornalfatosenoticias.com.br\/index.php\/2025\/05\/21\/70-dos-brasileiros-nao-conseguem-pagar-por-uma-cesta-basica\/\"},\"wordCount\":219,\"commentCount\":0,\"publisher\":{\"@id\":\"https:\/\/jornalfatosenoticias.com.br\/#organization\"},\"image\":{\"@id\":\"https:\/\/jornalfatosenoticias.com.br\/index.php\/2025\/05\/21\/70-dos-brasileiros-nao-conseguem-pagar-por-uma-cesta-basica\/#primaryimage\"},\"thumbnailUrl\":\"https:\/\/jornalfatosenoticias.com.br\/wp-content\/uploads\/2025\/05\/inflacao-dos-alimentos_gettyimages.jpg\",\"keywords\":[\"cesta b\u00e1sica\",\"desgoverno\",\"dinheiro\",\"governo Lula\",\"infla\u00e7\u00e3o\",\"infla\u00e7\u00e3o dos alimentos\",\"poder de compra do brasileiro\"],\"articleSection\":[\"Economia\"],\"inLanguage\":\"pt-BR\",\"potentialAction\":[{\"@type\":\"CommentAction\",\"name\":\"Comment\",\"target\":[\"https:\/\/jornalfatosenoticias.com.br\/index.php\/2025\/05\/21\/70-dos-brasileiros-nao-conseguem-pagar-por-uma-cesta-basica\/#respond\"]}]},{\"@type\":\"WebPage\",\"@id\":\"https:\/\/jornalfatosenoticias.com.br\/index.php\/2025\/05\/21\/70-dos-brasileiros-nao-conseguem-pagar-por-uma-cesta-basica\/\",\"url\":\"https:\/\/jornalfatosenoticias.com.br\/index.php\/2025\/05\/21\/70-dos-brasileiros-nao-conseguem-pagar-por-uma-cesta-basica\/\",\"name\":\"70% dos brasileiros n\u00e3o conseguem pagar por uma cesta b\u00e1sica - Jornal Fatos e Not\u00edcias\",\"isPartOf\":{\"@id\":\"https:\/\/jornalfatosenoticias.com.br\/#website\"},\"primaryImageOfPage\":{\"@id\":\"https:\/\/jornalfatosenoticias.com.br\/index.php\/2025\/05\/21\/70-dos-brasileiros-nao-conseguem-pagar-por-uma-cesta-basica\/#primaryimage\"},\"image\":{\"@id\":\"https:\/\/jornalfatosenoticias.com.br\/index.php\/2025\/05\/21\/70-dos-brasileiros-nao-conseguem-pagar-por-uma-cesta-basica\/#primaryimage\"},\"thumbnailUrl\":\"https:\/\/jornalfatosenoticias.com.br\/wp-content\/uploads\/2025\/05\/inflacao-dos-alimentos_gettyimages.jpg\",\"datePublished\":\"2025-05-21T16:32:11+00:00\",\"dateModified\":\"2025-05-21T16:32:12+00:00\",\"breadcrumb\":{\"@id\":\"https:\/\/jornalfatosenoticias.com.br\/index.php\/2025\/05\/21\/70-dos-brasileiros-nao-conseguem-pagar-por-uma-cesta-basica\/#breadcrumb\"},\"inLanguage\":\"pt-BR\",\"potentialAction\":[{\"@type\":\"ReadAction\",\"target\":[\"https:\/\/jornalfatosenoticias.com.br\/index.php\/2025\/05\/21\/70-dos-brasileiros-nao-conseguem-pagar-por-uma-cesta-basica\/\"]}]},{\"@type\":\"ImageObject\",\"inLanguage\":\"pt-BR\",\"@id\":\"https:\/\/jornalfatosenoticias.com.br\/index.php\/2025\/05\/21\/70-dos-brasileiros-nao-conseguem-pagar-por-uma-cesta-basica\/#primaryimage\",\"url\":\"https:\/\/jornalfatosenoticias.com.br\/wp-content\/uploads\/2025\/05\/inflacao-dos-alimentos_gettyimages.jpg\",\"contentUrl\":\"https:\/\/jornalfatosenoticias.com.br\/wp-content\/uploads\/2025\/05\/inflacao-dos-alimentos_gettyimages.jpg\",\"width\":612,\"height\":463,\"caption\":\"19 May 2025, Berlin: A woman packs the few items she has bought from her shopping cart into a bag. Photo: Jens Kalaene\/dpa (Photo by Jens Kalaene\/picture alliance via Getty Images)\"},{\"@type\":\"BreadcrumbList\",\"@id\":\"https:\/\/jornalfatosenoticias.com.br\/index.php\/2025\/05\/21\/70-dos-brasileiros-nao-conseguem-pagar-por-uma-cesta-basica\/#breadcrumb\",\"itemListElement\":[{\"@type\":\"ListItem\",\"position\":1,\"name\":\"In\u00edcio\",\"item\":\"https:\/\/jornalfatosenoticias.com.br\/\"},{\"@type\":\"ListItem\",\"position\":2,\"name\":\"70% dos brasileiros n\u00e3o conseguem pagar por uma cesta b\u00e1sica\"}]},{\"@type\":\"WebSite\",\"@id\":\"https:\/\/jornalfatosenoticias.com.br\/#website\",\"url\":\"https:\/\/jornalfatosenoticias.com.br\/\",\"name\":\"Jornal Fatos e Not\u00edcias\",\"description\":\"Not\u00edcias em geral\",\"publisher\":{\"@id\":\"https:\/\/jornalfatosenoticias.com.br\/#organization\"},\"potentialAction\":[{\"@type\":\"SearchAction\",\"target\":{\"@type\":\"EntryPoint\",\"urlTemplate\":\"https:\/\/jornalfatosenoticias.com.br\/?s={search_term_string}\"},\"query-input\":{\"@type\":\"PropertyValueSpecification\",\"valueRequired\":true,\"valueName\":\"search_term_string\"}}],\"inLanguage\":\"pt-BR\"},{\"@type\":\"Organization\",\"@id\":\"https:\/\/jornalfatosenoticias.com.br\/#organization\",\"name\":\"Jornal Fatos e Not\u00edcias\",\"url\":\"https:\/\/jornalfatosenoticias.com.br\/\",\"logo\":{\"@type\":\"ImageObject\",\"inLanguage\":\"pt-BR\",\"@id\":\"https:\/\/jornalfatosenoticias.com.br\/#\/schema\/logo\/image\/\",\"url\":\"https:\/\/jornalfatosenoticias.com.br\/wp-content\/uploads\/2020\/02\/logo120.png\",\"contentUrl\":\"https:\/\/jornalfatosenoticias.com.br\/wp-content\/uploads\/2020\/02\/logo120.png\",\"width\":1227,\"height\":120,\"caption\":\"Jornal Fatos e Not\u00edcias\"},\"image\":{\"@id\":\"https:\/\/jornalfatosenoticias.com.br\/#\/schema\/logo\/image\/\"}},{\"@type\":\"Person\",\"@id\":\"https:\/\/jornalfatosenoticias.com.br\/#\/schema\/person\/d63837fa13ac8666eb9e74e0985d6f81\",\"name\":\"Luzimara Fernandes\",\"image\":{\"@type\":\"ImageObject\",\"inLanguage\":\"pt-BR\",\"@id\":\"https:\/\/jornalfatosenoticias.com.br\/#\/schema\/person\/image\/\",\"url\":\"https:\/\/jornalfatosenoticias.com.br\/wp-content\/uploads\/2025\/05\/EU_portal.jpg\",\"contentUrl\":\"https:\/\/jornalfatosenoticias.com.br\/wp-content\/uploads\/2025\/05\/EU_portal.jpg\",\"caption\":\"Luzimara Fernandes\"},\"description\":\"Jornalista MTB 2358-ES\",\"sameAs\":[\"https:\/\/jornalfatosenoticias.com.br\"],\"url\":\"https:\/\/jornalfatosenoticias.com.br\/index.php\/author\/luzimara\/\"}]}<\/script>\n<!-- \/ Yoast SEO plugin. -->","yoast_head_json":{"title":"70% dos brasileiros n\u00e3o conseguem pagar por uma cesta b\u00e1sica - Jornal Fatos e Not\u00edcias","robots":{"index":"index","follow":"follow","max-snippet":"max-snippet:-1","max-image-preview":"max-image-preview:large","max-video-preview":"max-video-preview:-1"},"canonical":"https:\/\/jornalfatosenoticias.com.br\/index.php\/2025\/05\/21\/70-dos-brasileiros-nao-conseguem-pagar-por-uma-cesta-basica\/","og_locale":"pt_BR","og_type":"article","og_title":"70% dos brasileiros n\u00e3o conseguem pagar por uma cesta b\u00e1sica - Jornal Fatos e Not\u00edcias","og_description":"Situa\u00e7\u00e3o obriga grande parte da popula\u00e7\u00e3o a depender de doa\u00e7\u00f5es e programas sociais para garantir, na maioria das vezes, apenas uma refei\u00e7\u00e3o por dia 70% dos brasileiros n\u00e3o t\u00eam renda suficiente para comprar uma cesta b\u00e1sica com alimentos saud\u00e1veis. Segundo o Instituto Pacto Contra a Fome, o custo m\u00e9dio de uma cesta completa por pessoa [&hellip;]","og_url":"https:\/\/jornalfatosenoticias.com.br\/index.php\/2025\/05\/21\/70-dos-brasileiros-nao-conseguem-pagar-por-uma-cesta-basica\/","og_site_name":"Jornal Fatos e Not\u00edcias","article_published_time":"2025-05-21T16:32:11+00:00","article_modified_time":"2025-05-21T16:32:12+00:00","og_image":[{"width":612,"height":463,"url":"https:\/\/jornalfatosenoticias.com.br\/wp-content\/uploads\/2025\/05\/inflacao-dos-alimentos_gettyimages.jpg","type":"image\/jpeg"}],"author":"Luzimara Fernandes","twitter_card":"summary_large_image","twitter_misc":{"Escrito por":"Luzimara Fernandes","Est. tempo de leitura":"1 minuto"},"schema":{"@context":"https:\/\/schema.org","@graph":[{"@type":"Article","@id":"https:\/\/jornalfatosenoticias.com.br\/index.php\/2025\/05\/21\/70-dos-brasileiros-nao-conseguem-pagar-por-uma-cesta-basica\/#article","isPartOf":{"@id":"https:\/\/jornalfatosenoticias.com.br\/index.php\/2025\/05\/21\/70-dos-brasileiros-nao-conseguem-pagar-por-uma-cesta-basica\/"},"author":{"name":"Luzimara Fernandes","@id":"https:\/\/jornalfatosenoticias.com.br\/#\/schema\/person\/d63837fa13ac8666eb9e74e0985d6f81"},"headline":"70% dos brasileiros n\u00e3o conseguem pagar por uma cesta b\u00e1sica","datePublished":"2025-05-21T16:32:11+00:00","dateModified":"2025-05-21T16:32:12+00:00","mainEntityOfPage":{"@id":"https:\/\/jornalfatosenoticias.com.br\/index.php\/2025\/05\/21\/70-dos-brasileiros-nao-conseguem-pagar-por-uma-cesta-basica\/"},"wordCount":219,"commentCount":0,"publisher":{"@id":"https:\/\/jornalfatosenoticias.com.br\/#organization"},"image":{"@id":"https:\/\/jornalfatosenoticias.com.br\/index.php\/2025\/05\/21\/70-dos-brasileiros-nao-conseguem-pagar-por-uma-cesta-basica\/#primaryimage"},"thumbnailUrl":"https:\/\/jornalfatosenoticias.com.br\/wp-content\/uploads\/2025\/05\/inflacao-dos-alimentos_gettyimages.jpg","keywords":["cesta b\u00e1sica","desgoverno","dinheiro","governo Lula","infla\u00e7\u00e3o","infla\u00e7\u00e3o dos alimentos","poder de compra do brasileiro"],"articleSection":["Economia"],"inLanguage":"pt-BR","potentialAction":[{"@type":"CommentAction","name":"Comment","target":["https:\/\/jornalfatosenoticias.com.br\/index.php\/2025\/05\/21\/70-dos-brasileiros-nao-conseguem-pagar-por-uma-cesta-basica\/#respond"]}]},{"@type":"WebPage","@id":"https:\/\/jornalfatosenoticias.com.br\/index.php\/2025\/05\/21\/70-dos-brasileiros-nao-conseguem-pagar-por-uma-cesta-basica\/","url":"https:\/\/jornalfatosenoticias.com.br\/index.php\/2025\/05\/21\/70-dos-brasileiros-nao-conseguem-pagar-por-uma-cesta-basica\/","name":"70% dos brasileiros n\u00e3o conseguem pagar por uma cesta b\u00e1sica - Jornal Fatos e Not\u00edcias","isPartOf":{"@id":"https:\/\/jornalfatosenoticias.com.br\/#website"},"primaryImageOfPage":{"@id":"https:\/\/jornalfatosenoticias.com.br\/index.php\/2025\/05\/21\/70-dos-brasileiros-nao-conseguem-pagar-por-uma-cesta-basica\/#primaryimage"},"image":{"@id":"https:\/\/jornalfatosenoticias.com.br\/index.php\/2025\/05\/21\/70-dos-brasileiros-nao-conseguem-pagar-por-uma-cesta-basica\/#primaryimage"},"thumbnailUrl":"https:\/\/jornalfatosenoticias.com.br\/wp-content\/uploads\/2025\/05\/inflacao-dos-alimentos_gettyimages.jpg","datePublished":"2025-05-21T16:32:11+00:00","dateModified":"2025-05-21T16:32:12+00:00","breadcrumb":{"@id":"https:\/\/jornalfatosenoticias.com.br\/index.php\/2025\/05\/21\/70-dos-brasileiros-nao-conseguem-pagar-por-uma-cesta-basica\/#breadcrumb"},"inLanguage":"pt-BR","potentialAction":[{"@type":"ReadAction","target":["https:\/\/jornalfatosenoticias.com.br\/index.php\/2025\/05\/21\/70-dos-brasileiros-nao-conseguem-pagar-por-uma-cesta-basica\/"]}]},{"@type":"ImageObject","inLanguage":"pt-BR","@id":"https:\/\/jornalfatosenoticias.com.br\/index.php\/2025\/05\/21\/70-dos-brasileiros-nao-conseguem-pagar-por-uma-cesta-basica\/#primaryimage","url":"https:\/\/jornalfatosenoticias.com.br\/wp-content\/uploads\/2025\/05\/inflacao-dos-alimentos_gettyimages.jpg","contentUrl":"https:\/\/jornalfatosenoticias.com.br\/wp-content\/uploads\/2025\/05\/inflacao-dos-alimentos_gettyimages.jpg","width":612,"height":463,"caption":"19 May 2025, Berlin: A woman packs the few items she has bought from her shopping cart into a bag. Photo: Jens Kalaene\/dpa (Photo by Jens Kalaene\/picture alliance via Getty Images)"},{"@type":"BreadcrumbList","@id":"https:\/\/jornalfatosenoticias.com.br\/index.php\/2025\/05\/21\/70-dos-brasileiros-nao-conseguem-pagar-por-uma-cesta-basica\/#breadcrumb","itemListElement":[{"@type":"ListItem","position":1,"name":"In\u00edcio","item":"https:\/\/jornalfatosenoticias.com.br\/"},{"@type":"ListItem","position":2,"name":"70% dos brasileiros n\u00e3o conseguem pagar por uma cesta b\u00e1sica"}]},{"@type":"WebSite","@id":"https:\/\/jornalfatosenoticias.com.br\/#website","url":"https:\/\/jornalfatosenoticias.com.br\/","name":"Jornal Fatos e Not\u00edcias","description":"Not\u00edcias em geral","publisher":{"@id":"https:\/\/jornalfatosenoticias.com.br\/#organization"},"potentialAction":[{"@type":"SearchAction","target":{"@type":"EntryPoint","urlTemplate":"https:\/\/jornalfatosenoticias.com.br\/?s={search_term_string}"},"query-input":{"@type":"PropertyValueSpecification","valueRequired":true,"valueName":"search_term_string"}}],"inLanguage":"pt-BR"},{"@type":"Organization","@id":"https:\/\/jornalfatosenoticias.com.br\/#organization","name":"Jornal Fatos e Not\u00edcias","url":"https:\/\/jornalfatosenoticias.com.br\/","logo":{"@type":"ImageObject","inLanguage":"pt-BR","@id":"https:\/\/jornalfatosenoticias.com.br\/#\/schema\/logo\/image\/","url":"https:\/\/jornalfatosenoticias.com.br\/wp-content\/uploads\/2020\/02\/logo120.png","contentUrl":"https:\/\/jornalfatosenoticias.com.br\/wp-content\/uploads\/2020\/02\/logo120.png","width":1227,"height":120,"caption":"Jornal Fatos e Not\u00edcias"},"image":{"@id":"https:\/\/jornalfatosenoticias.com.br\/#\/schema\/logo\/image\/"}},{"@type":"Person","@id":"https:\/\/jornalfatosenoticias.com.br\/#\/schema\/person\/d63837fa13ac8666eb9e74e0985d6f81","name":"Luzimara Fernandes","image":{"@type":"ImageObject","inLanguage":"pt-BR","@id":"https:\/\/jornalfatosenoticias.com.br\/#\/schema\/person\/image\/","url":"https:\/\/jornalfatosenoticias.com.br\/wp-content\/uploads\/2025\/05\/EU_portal.jpg","contentUrl":"https:\/\/jornalfatosenoticias.com.br\/wp-content\/uploads\/2025\/05\/EU_portal.jpg","caption":"Luzimara Fernandes"},"description":"Jornalista MTB 2358-ES","sameAs":["https:\/\/jornalfatosenoticias.com.br"],"url":"https:\/\/jornalfatosenoticias.com.br\/index.php\/author\/luzimara\/"}]}},"cc_featured_image_caption":{"caption_text":"(Foto: Getty Images)","source_text":"","source_url":""},"jetpack_featured_media_url":"https:\/\/jornalfatosenoticias.com.br\/wp-content\/uploads\/2025\/05\/inflacao-dos-alimentos_gettyimages.jpg","_links":{"self":[{"href":"https:\/\/jornalfatosenoticias.com.br\/index.php\/wp-json\/wp\/v2\/posts\/59408","targetHints":{"allow":["GET"]}}],"collection":[{"href":"https:\/\/jornalfatosenoticias.com.br\/index.php\/wp-json\/wp\/v2\/posts"}],"about":[{"href":"https:\/\/jornalfatosenoticias.com.br\/index.php\/wp-json\/wp\/v2\/types\/post"}],"author":[{"embeddable":true,"href":"https:\/\/jornalfatosenoticias.com.br\/index.php\/wp-json\/wp\/v2\/users\/2"}],"replies":[{"embeddable":true,"href":"https:\/\/jornalfatosenoticias.com.br\/index.php\/wp-json\/wp\/v2\/comments?post=59408"}],"version-history":[{"count":0,"href":"https:\/\/jornalfatosenoticias.com.br\/index.php\/wp-json\/wp\/v2\/posts\/59408\/revisions"}],"wp:featuredmedia":[{"embeddable":true,"href":"https:\/\/jornalfatosenoticias.com.br\/index.php\/wp-json\/wp\/v2\/media\/59409"}],"wp:attachment":[{"href":"https:\/\/jornalfatosenoticias.com.br\/index.php\/wp-json\/wp\/v2\/media?parent=59408"}],"wp:term":[{"taxonomy":"category","embeddable":true,"href":"https:\/\/jornalfatosenoticias.com.br\/index.php\/wp-json\/wp\/v2\/categories?post=59408"},{"taxonomy":"post_tag","embeddable":true,"href":"https:\/\/jornalfatosenoticias.com.br\/index.php\/wp-json\/wp\/v2\/tags?post=59408"}],"curies":[{"name":"wp","href":"https:\/\/api.w.org\/{rel}","templated":true}]}}