{"id":59412,"date":"2025-05-22T15:52:22","date_gmt":"2025-05-22T18:52:22","guid":{"rendered":"https:\/\/jornalfatosenoticias.com.br\/?p=59412"},"modified":"2025-05-22T15:52:45","modified_gmt":"2025-05-22T18:52:45","slug":"a-semana-no-brasil-e-no-mundo-governo-lula-dobra-gastos-com-viagens-e-soma-mais-de-r5-bilhoes-em-despesas-desde-a-posse","status":"publish","type":"post","link":"https:\/\/jornalfatosenoticias.com.br\/index.php\/2025\/05\/22\/a-semana-no-brasil-e-no-mundo-governo-lula-dobra-gastos-com-viagens-e-soma-mais-de-r5-bilhoes-em-despesas-desde-a-posse\/","title":{"rendered":"A Semana no Brasil e no Mundo \u2014 Governo Lula dobra gastos com viagens e soma mais de R$ 5 bilh\u00f5es em despesas desde a posse"},"content":{"rendered":"\n<p><span class=\"has-inline-color has-black-color\"><em>Nunca antes na hist\u00f3ria do pa\u00eds o governo federal gastou tanto com viagens<\/em><\/span><\/p>\n\n\n\n<div class=\"wp-block-image\"><figure class=\"aligncenter size-large is-resized\"><a href=\"https:\/\/www.facebook.com\/vetor.vix\/\"><img loading=\"lazy\" decoding=\"async\" src=\"https:\/\/jornalfatosenoticias.com.br\/wp-content\/uploads\/2023\/09\/vetorvix1024_1.jpg\" alt=\"\" class=\"wp-image-44868\" width=\"528\" height=\"140\" srcset=\"https:\/\/jornalfatosenoticias.com.br\/wp-content\/uploads\/2023\/09\/vetorvix1024_1.jpg 1024w, https:\/\/jornalfatosenoticias.com.br\/wp-content\/uploads\/2023\/09\/vetorvix1024_1-300x80.jpg 300w, https:\/\/jornalfatosenoticias.com.br\/wp-content\/uploads\/2023\/09\/vetorvix1024_1-768x205.jpg 768w\" sizes=\"auto, (max-width: 528px) 100vw, 528px\" \/><\/a><\/figure><\/div>\n\n\n\n<p>Nos \u00faltimos 45 dias, os gastos do governo Lula (PT) com viagens praticamente dobraram, saltando de R$ 212,1 milh\u00f5es em abril para R$ 423,3 milh\u00f5es at\u00e9 15 de maio, segundo dados divulgados pelo Portal da Transpar\u00eancia. Com isso, o total gasto desde a posse, em janeiro de 2023, chegou \u00e0 marca de R$ 5,05 bilh\u00f5es \u2014 um valor recorde, que reacende cr\u00edticas sobre a gest\u00e3o de recursos p\u00fablicos e a prioridade dada a deslocamentos presenciais, mesmo em um cen\u00e1rio de ampla digitaliza\u00e7\u00e3o administrativa.<br>Os n\u00fameros impressionam n\u00e3o apenas pela velocidade do aumento, mas pela composi\u00e7\u00e3o dos gastos. Di\u00e1rias para assessores governamentais somaram R$ 255,3 milh\u00f5es, enquanto as passagens a\u00e9reas custaram quase R$ 166 milh\u00f5es nesse per\u00edodo de um m\u00eas e meio. E ainda h\u00e1 mais: esses valores n\u00e3o incluem os voos presidenciais e vice-presidenciais realizados por jatos da For\u00e7a A\u00e9rea Brasileira (FAB), tampouco deslocamentos de ministros e outras autoridades, o que aponta para um gasto real ainda mais elevado.<\/p>\n\n\n\n<div class=\"wp-block-image\"><figure class=\"aligncenter size-large is-resized\"><a href=\"https:\/\/www.facebook.com\/postobkr\/?locale=pt_BR\"><img loading=\"lazy\" decoding=\"async\" src=\"https:\/\/jornalfatosenoticias.com.br\/wp-content\/uploads\/2023\/08\/BKR-1024x1021.jpg\" alt=\"\" class=\"wp-image-44494\" width=\"335\" height=\"334\" srcset=\"https:\/\/jornalfatosenoticias.com.br\/wp-content\/uploads\/2023\/08\/BKR-1024x1021.jpg 1024w, https:\/\/jornalfatosenoticias.com.br\/wp-content\/uploads\/2023\/08\/BKR-300x300.jpg 300w, https:\/\/jornalfatosenoticias.com.br\/wp-content\/uploads\/2023\/08\/BKR-150x150.jpg 150w, https:\/\/jornalfatosenoticias.com.br\/wp-content\/uploads\/2023\/08\/BKR-768x766.jpg 768w, https:\/\/jornalfatosenoticias.com.br\/wp-content\/uploads\/2023\/08\/BKR.jpg 1080w\" sizes=\"auto, (max-width: 335px) 100vw, 335px\" \/><\/a><\/figure><\/div>\n\n\n\n<p>Outro ponto que chama aten\u00e7\u00e3o \u00e9 o montante destinado a viagens internacionais. Somente em 2025, at\u00e9 agora, os cofres p\u00fablicos j\u00e1 arcaram com R$ 61,7 milh\u00f5es para deslocamentos de servidores ao exterior. A cifra, por si s\u00f3, desperta questionamentos sobre a real necessidade dessas miss\u00f5es, especialmente em um contexto em que plataformas de videoconfer\u00eancia, acesso remoto a documentos e reuni\u00f5es virtuais eliminam grande parte da depend\u00eancia de deslocamentos f\u00edsicos.<\/p>\n\n\n\n<div class=\"wp-block-image\"><figure class=\"aligncenter size-large is-resized\"><a href=\"https:\/\/www.legisjuris.com.br\/\"><img loading=\"lazy\" decoding=\"async\" src=\"https:\/\/jornalfatosenoticias.com.br\/wp-content\/uploads\/2024\/09\/Legis-Juris-Consultoria_logo.jpg\" alt=\"\" class=\"wp-image-53915\" width=\"532\" height=\"223\" srcset=\"https:\/\/jornalfatosenoticias.com.br\/wp-content\/uploads\/2024\/09\/Legis-Juris-Consultoria_logo.jpg 969w, https:\/\/jornalfatosenoticias.com.br\/wp-content\/uploads\/2024\/09\/Legis-Juris-Consultoria_logo-300x126.jpg 300w, https:\/\/jornalfatosenoticias.com.br\/wp-content\/uploads\/2024\/09\/Legis-Juris-Consultoria_logo-768x322.jpg 768w\" sizes=\"auto, (max-width: 532px) 100vw, 532px\" \/><\/a><\/figure><\/div>\n\n\n\n<p>Em tempos de aperto or\u00e7ament\u00e1rio e demanda crescente por investimentos em sa\u00fade, educa\u00e7\u00e3o e infraestrutura, o ritmo de despesas com viagens soa, para muitos, como dissonante \u2014 ou mesmo irrespons\u00e1vel. Nunca antes na hist\u00f3ria do pa\u00eds, para usar uma express\u00e3o consagrada pelo pr\u00f3prio petista, o governo federal gastou tanto com viagens como nos dois primeiros anos do atual mandato de Lula. Desde 2023, o total j\u00e1 chega a R$ 4,63 bilh\u00f5es, superando largamente per\u00edodos anteriores, mesmo aqueles marcados por forte atividade diplom\u00e1tica ou intensa agenda internacional.<\/p>\n\n\n\n<div class=\"wp-block-image\"><figure class=\"aligncenter size-large is-resized\"><a href=\"https:\/\/www.instagram.com\/serra4x4cambioautomatico\/\"><img loading=\"lazy\" decoding=\"async\" src=\"https:\/\/jornalfatosenoticias.com.br\/wp-content\/uploads\/2024\/08\/Serra-4x4-1-886x1024.jpg\" alt=\"\" class=\"wp-image-53632\" width=\"278\" height=\"321\" srcset=\"https:\/\/jornalfatosenoticias.com.br\/wp-content\/uploads\/2024\/08\/Serra-4x4-1-886x1024.jpg 886w, https:\/\/jornalfatosenoticias.com.br\/wp-content\/uploads\/2024\/08\/Serra-4x4-1-260x300.jpg 260w, https:\/\/jornalfatosenoticias.com.br\/wp-content\/uploads\/2024\/08\/Serra-4x4-1-768x888.jpg 768w, https:\/\/jornalfatosenoticias.com.br\/wp-content\/uploads\/2024\/08\/Serra-4x4-1.jpg 1181w\" sizes=\"auto, (max-width: 278px) 100vw, 278px\" \/><\/a><\/figure><\/div>\n\n\n\n<p>O retorno da atualiza\u00e7\u00e3o dos dados no Portal da Transpar\u00eancia, que havia permanecido inativo por meses, torna a escalada desses n\u00fameros ainda mais alarmante. Se antes o problema era a opacidade, agora \u00e9 a clareza cristalina de um padr\u00e3o de gastos que levanta s\u00e9rias d\u00favidas sobre prioridades e gest\u00e3o. <strong>(Fonte: Hora Bras\u00edlia)<\/strong><\/p>\n\n\n\n<div class=\"wp-block-image\"><figure class=\"aligncenter size-large\"><a href=\"https:\/\/mizu.com.br\/\"><img loading=\"lazy\" decoding=\"async\" width=\"729\" height=\"90\" src=\"https:\/\/jornalfatosenoticias.com.br\/wp-content\/uploads\/2020\/02\/Logo_Mizu.png\" alt=\"\" class=\"wp-image-1441\" srcset=\"https:\/\/jornalfatosenoticias.com.br\/wp-content\/uploads\/2020\/02\/Logo_Mizu.png 729w, https:\/\/jornalfatosenoticias.com.br\/wp-content\/uploads\/2020\/02\/Logo_Mizu-300x37.png 300w\" sizes=\"auto, (max-width: 729px) 100vw, 729px\" \/><\/a><\/figure><\/div>\n\n\n\n<hr class=\"wp-block-separator\"\/>\n\n\n\n<h3 class=\"wp-block-heading\"><span class=\"has-inline-color has-black-color\">Trump anuncia constru\u00e7\u00e3o de \u2018Domo de Ouro\u2019<\/span><\/h3>\n\n\n\n<div class=\"wp-block-image\"><figure class=\"aligncenter size-large\"><img loading=\"lazy\" decoding=\"async\" width=\"1000\" height=\"531\" src=\"https:\/\/jornalfatosenoticias.com.br\/wp-content\/uploads\/2025\/05\/DOMO-DE-OURO_EUA.jpeg\" alt=\"\" class=\"wp-image-59417\" srcset=\"https:\/\/jornalfatosenoticias.com.br\/wp-content\/uploads\/2025\/05\/DOMO-DE-OURO_EUA.jpeg 1000w, https:\/\/jornalfatosenoticias.com.br\/wp-content\/uploads\/2025\/05\/DOMO-DE-OURO_EUA-300x159.jpeg 300w, https:\/\/jornalfatosenoticias.com.br\/wp-content\/uploads\/2025\/05\/DOMO-DE-OURO_EUA-768x408.jpeg 768w\" sizes=\"auto, (max-width: 1000px) 100vw, 1000px\" \/><figcaption><em><span class=\"has-inline-color has-black-color\">(Foto: Reprodu\u00e7\u00e3o)<\/span><\/em><\/figcaption><\/figure><\/div>\n\n\n\n<p>O presidente dos Estados Unidos, Donald Trump, anunciou, na ter\u00e7a-feira (20), a cria\u00e7\u00e3o de um sistema de defesa antim\u00edsseis chamado de \u2018Domo de Ouro\u2019. Ao lado do secret\u00e1rio de Defesa, Pete Hegseth, o republicano afirmou que o modelo ser\u00e1 constru\u00eddo at\u00e9 o fim de seu mandato, em 2029, e custar\u00e1 aproximadamente US$ 175 bilh\u00f5es.<\/p>\n\n\n\n<div class=\"wp-block-image\"><figure class=\"aligncenter size-large\"><a href=\"https:\/\/www.cesconetto.com.br\/\"><img loading=\"lazy\" decoding=\"async\" width=\"300\" height=\"250\" src=\"https:\/\/jornalfatosenoticias.com.br\/wp-content\/uploads\/2022\/02\/Banner-2.png\" alt=\"\" class=\"wp-image-27877\"\/><\/a><\/figure><\/div>\n\n\n\n<blockquote class=\"wp-block-quote is-layout-flow wp-block-quote-is-layout-flow\"><p><span class=\"has-inline-color has-luminous-vivid-orange-color\">Durante a campanha, prometi ao povo americano que construiria um sistema de defesa antim\u00edsseis de \u00faltima gera\u00e7\u00e3o. Hoje tenho o prazer de anunciar que selecionamos oficialmente uma arquitetura para este sistema de pr\u00f3xima gera\u00e7\u00e3o\u201d, disse na Casa Branca. Trump afirmou ainda que espera que o m\u00e9todo seja capaz de interceptar m\u00edsseis \u201cmesmo que sejam lan\u00e7ados do espa\u00e7o\u201d.<\/span><\/p><\/blockquote>\n\n\n\n<div class=\"wp-block-image\"><figure class=\"aligncenter size-large is-resized\"><a href=\"https:\/\/www.facebook.com\/profile.php?id=100069289606145\"><img loading=\"lazy\" decoding=\"async\" src=\"https:\/\/jornalfatosenoticias.com.br\/wp-content\/uploads\/2024\/11\/Guaitolini-Contabilidade-1024x714.jpeg\" alt=\"\" class=\"wp-image-55808\" width=\"383\" height=\"267\" srcset=\"https:\/\/jornalfatosenoticias.com.br\/wp-content\/uploads\/2024\/11\/Guaitolini-Contabilidade-1024x714.jpeg 1024w, https:\/\/jornalfatosenoticias.com.br\/wp-content\/uploads\/2024\/11\/Guaitolini-Contabilidade-300x209.jpeg 300w, https:\/\/jornalfatosenoticias.com.br\/wp-content\/uploads\/2024\/11\/Guaitolini-Contabilidade-768x535.jpeg 768w, https:\/\/jornalfatosenoticias.com.br\/wp-content\/uploads\/2024\/11\/Guaitolini-Contabilidade.jpeg 1280w\" sizes=\"auto, (max-width: 383px) 100vw, 383px\" \/><\/a><\/figure><\/div>\n\n\n\n<p>Criado em 2011, o sistema de defesa foi projetado por Israel para interceptar no ar m\u00edsseis disparados por pa\u00edses inimigos. O Domo de Ferro detecta, atrav\u00e9s de um radar, os dispositivos de rivais e o sistema calcula se o foguete cair\u00e1 em uma \u00e1rea habitada ou se atingir\u00e1 uma instala\u00e7\u00e3o do governo ou de civil. Em poucos segundos, m\u00edsseis s\u00e3o disparados pelo sistema para abater os armamentos rivais. O sistema antia\u00e9reo detecta foguetes entre quatro e 70 km de dist\u00e2ncia. Segundo o governo israelense, o Iron Dome tem 90% de efici\u00eancia e j\u00e1 interceptou milhares de m\u00edsseis disparados por inimigos. <strong>(Fonte: O Antagonista)<\/strong><\/p>\n\n\n\n<div class=\"wp-block-image\"><figure class=\"aligncenter size-large is-resized\"><a href=\"https:\/\/www.instagram.com\/rcradiadores\/\"><img loading=\"lazy\" decoding=\"async\" src=\"https:\/\/jornalfatosenoticias.com.br\/wp-content\/uploads\/2022\/10\/RC_800x750_page-0001.jpg\" alt=\"\" class=\"wp-image-35338\" width=\"329\" height=\"308\" srcset=\"https:\/\/jornalfatosenoticias.com.br\/wp-content\/uploads\/2022\/10\/RC_800x750_page-0001.jpg 400w, https:\/\/jornalfatosenoticias.com.br\/wp-content\/uploads\/2022\/10\/RC_800x750_page-0001-300x281.jpg 300w\" sizes=\"auto, (max-width: 329px) 100vw, 329px\" \/><\/a><\/figure><\/div>\n\n\n\n<hr class=\"wp-block-separator\"\/>\n\n\n\n<h3 class=\"wp-block-heading\"><span class=\"has-inline-color has-black-color\">Fraudes no INSS foram facilitadas por a\u00e7\u00e3o de 31 parlamentares; maioria \u00e9 da base do governo Lula<\/span><\/h3>\n\n\n\n<div class=\"wp-block-image\"><figure class=\"aligncenter size-large\"><img loading=\"lazy\" decoding=\"async\" width=\"612\" height=\"408\" src=\"https:\/\/jornalfatosenoticias.com.br\/wp-content\/uploads\/2025\/05\/marcelo-freixo-inss_gettyimages.jpg\" alt=\"\" class=\"wp-image-59416\" srcset=\"https:\/\/jornalfatosenoticias.com.br\/wp-content\/uploads\/2025\/05\/marcelo-freixo-inss_gettyimages.jpg 612w, https:\/\/jornalfatosenoticias.com.br\/wp-content\/uploads\/2025\/05\/marcelo-freixo-inss_gettyimages-300x200.jpg 300w\" sizes=\"auto, (max-width: 612px) 100vw, 612px\" \/><figcaption><em><span class=\"has-inline-color has-black-color\">Marcelo Freixo (Foto: Getty Images)<\/span><\/em><\/figcaption><\/figure><\/div>\n\n\n\n<p>Desde 2019, 31 parlamentares de 11 partidos atuaram para enfraquecer os mecanismos de controle sobre descontos feitos em aposentadorias e pens\u00f5es pagas pelo INSS. A manobra, silenciosa e pouco divulgada \u00e0 \u00e9poca, agora ganha contornos mais graves diante das recentes investiga\u00e7\u00f5es da Pol\u00edcia Federal sobre descontos fraudulentos aplicados por entidades em milh\u00f5es de benefici\u00e1rios da Previd\u00eancia.<\/p>\n\n\n\n<div class=\"wp-block-image\"><figure class=\"aligncenter size-large\"><a href=\"http:\/\/www.ferrarimaquinas.com.br\/\"><img loading=\"lazy\" decoding=\"async\" width=\"300\" height=\"250\" src=\"https:\/\/jornalfatosenoticias.com.br\/wp-content\/uploads\/2022\/02\/FERRARI_MAQUINAS-E-FERRAMENTAS2.jpg\" alt=\"\" class=\"wp-image-27860\"\/><\/a><\/figure><\/div>\n\n\n\n<p>O movimento come\u00e7ou com uma medida provis\u00f3ria editada ainda no governo Bolsonaro, em janeiro de 2019, que previa revalida\u00e7\u00e3o anual das autoriza\u00e7\u00f5es de desconto repassadas a associa\u00e7\u00f5es de aposentados. A proposta visava a combater fraudes e manter atualizados os cadastros \u2014 exatamente o tipo de brecha que hoje est\u00e1 no centro das den\u00fancias.<\/p>\n\n\n\n<div class=\"wp-block-image\"><figure class=\"aligncenter size-large is-resized\"><a href=\"https:\/\/www.instagram.com\/gruposei\/\"><img loading=\"lazy\" decoding=\"async\" src=\"https:\/\/jornalfatosenoticias.com.br\/wp-content\/uploads\/2022\/07\/Logo-Grupo-SEI.jpg\" alt=\"\" class=\"wp-image-31973\" width=\"419\" height=\"220\" srcset=\"https:\/\/jornalfatosenoticias.com.br\/wp-content\/uploads\/2022\/07\/Logo-Grupo-SEI.jpg 713w, https:\/\/jornalfatosenoticias.com.br\/wp-content\/uploads\/2022\/07\/Logo-Grupo-SEI-300x158.jpg 300w\" sizes=\"auto, (max-width: 419px) 100vw, 419px\" \/><\/a><\/figure><\/div>\n\n\n\n<p>A rea\u00e7\u00e3o no Congresso foi imediata. Deputados de diversos partidos apresentaram emendas para derrubar ou flexibilizar a medida. A maioria defendia que a revalida\u00e7\u00e3o ocorresse apenas a cada cinco anos. Outros foram al\u00e9m e tentaram suprimir integralmente o artigo que endurecia as regras de controle (artigo 25 da MP).<\/p>\n\n\n\n<div class=\"wp-block-image\"><figure class=\"aligncenter size-large is-resized\"><a href=\"https:\/\/www.controlsystems.com.br\/\"><img loading=\"lazy\" decoding=\"async\" src=\"https:\/\/jornalfatosenoticias.com.br\/wp-content\/uploads\/2020\/02\/CONTROL-CS.jpg\" alt=\"\" class=\"wp-image-44991\" width=\"286\" height=\"342\" srcset=\"https:\/\/jornalfatosenoticias.com.br\/wp-content\/uploads\/2020\/02\/CONTROL-CS.jpg 834w, https:\/\/jornalfatosenoticias.com.br\/wp-content\/uploads\/2020\/02\/CONTROL-CS-250x300.jpg 250w, https:\/\/jornalfatosenoticias.com.br\/wp-content\/uploads\/2020\/02\/CONTROL-CS-768x921.jpg 768w\" sizes=\"auto, (max-width: 286px) 100vw, 286px\" \/><\/a><\/figure><\/div>\n\n\n\n<p>Entre os 31 nomes, 11 s\u00e3o do PT, partido de Lula. Tamb\u00e9m aparecem cinco deputados do Psol, tr\u00eas do PSB, dois do PCdoB, dois do MDB, dois do Republicanos, dois do PSDB, e um parlamentar de partidos como Solidariedade, PL, PDT e PSC. A base aliada do atual governo aparece, assim, como protagonista na flexibiliza\u00e7\u00e3o do controle que hoje \u00e9 alvo de inqu\u00e9ritos federais.<br>Parlamentares envolvidos incluem: Paulo Pereira da Silva (Solidariedade-SP), Heitor Schuch (PSB-RS), Daniel Almeida (PCdoB-BA), Z\u00e9 Neto (PT-BA), Luiz Carlos Motta (PL-SP), Patrus Ananias (PT-MG), Hildo Rocha (MDB-MA), Paulo Paim (PT-RS), Tereza Nelma (PSDB-AL), entre outros. Tamb\u00e9m atuaram Marcelo Freixo (Psol-RJ) e Wolney Queiroz (PDT-PE) \u2014 atual ministro da Previd\u00eancia.<\/p>\n\n\n\n<div class=\"wp-block-image\"><figure class=\"aligncenter size-large is-resized\"><a href=\"https:\/\/panper.com.br\/\"><img loading=\"lazy\" decoding=\"async\" src=\"https:\/\/jornalfatosenoticias.com.br\/wp-content\/uploads\/2023\/03\/logo-Panper_portal.jpg\" alt=\"\" class=\"wp-image-40208\" width=\"328\" height=\"227\" srcset=\"https:\/\/jornalfatosenoticias.com.br\/wp-content\/uploads\/2023\/03\/logo-Panper_portal.jpg 400w, https:\/\/jornalfatosenoticias.com.br\/wp-content\/uploads\/2023\/03\/logo-Panper_portal-300x208.jpg 300w\" sizes=\"auto, (max-width: 328px) 100vw, 328px\" \/><\/a><\/figure><\/div>\n\n\n\n<p>No argumento dos parlamentares \u00e0 \u00e9poca, a revis\u00e3o anual seria \u201cburocr\u00e1tica\u201d e interferiria na liberdade de associa\u00e7\u00e3o dos aposentados. O Planalto cedeu e aceitou as mudan\u00e7as, deixando os mecanismos de fiscaliza\u00e7\u00e3o mais fr\u00e1geis \u2014 exatamente como as entidades suspeitas queriam.<\/p>\n\n\n\n<div class=\"wp-block-image\"><figure class=\"aligncenter size-large is-resized\"><a href=\"https:\/\/hotelmarquetti.com.br\/\"><img loading=\"lazy\" decoding=\"async\" src=\"https:\/\/jornalfatosenoticias.com.br\/wp-content\/uploads\/2020\/02\/LOGO-MQ-1024x680.jpg\" alt=\"\" class=\"wp-image-58299\" width=\"342\" height=\"227\" srcset=\"https:\/\/jornalfatosenoticias.com.br\/wp-content\/uploads\/2020\/02\/LOGO-MQ-1024x680.jpg 1024w, https:\/\/jornalfatosenoticias.com.br\/wp-content\/uploads\/2020\/02\/LOGO-MQ-300x199.jpg 300w, https:\/\/jornalfatosenoticias.com.br\/wp-content\/uploads\/2020\/02\/LOGO-MQ-768x510.jpg 768w, https:\/\/jornalfatosenoticias.com.br\/wp-content\/uploads\/2020\/02\/LOGO-MQ-1536x1020.jpg 1536w, https:\/\/jornalfatosenoticias.com.br\/wp-content\/uploads\/2020\/02\/LOGO-MQ-2048x1360.jpg 2048w\" sizes=\"auto, (max-width: 342px) 100vw, 342px\" \/><\/a><\/figure><\/div>\n\n\n\n<p>Hoje, entidades como a Conafer s\u00e3o investigadas por aplicar descontos at\u00e9 180% acima do autorizado nos contracheques de aposentados. O rombo provocado pela pr\u00e1tica ilegal ultrapassa R$ 277 milh\u00f5es, e cresce a cada novo dado revelado pela PF e pela CGU. N\u00e3o por acaso, o nome de v\u00e1rios dos parlamentares que atuaram pela flexibiliza\u00e7\u00e3o voltou \u00e0 tona. Wolney Queiroz, que atuou para enfraquecer a medida em 2019, ocupa hoje o cargo de ministro da Previd\u00eancia. <strong>(Fonte: Hora Bras\u00edlia)<\/strong><\/p>\n\n\n\n<div class=\"wp-block-image\"><figure class=\"aligncenter size-large is-resized\"><a href=\"https:\/\/www.instagram.com\/restaurantepegoretti\/\"><img loading=\"lazy\" decoding=\"async\" src=\"https:\/\/jornalfatosenoticias.com.br\/wp-content\/uploads\/2023\/12\/pegoretti-logo-pdf-1024x389.jpg\" alt=\"\" class=\"wp-image-47536\" width=\"488\" height=\"185\" srcset=\"https:\/\/jornalfatosenoticias.com.br\/wp-content\/uploads\/2023\/12\/pegoretti-logo-pdf-1024x389.jpg 1024w, https:\/\/jornalfatosenoticias.com.br\/wp-content\/uploads\/2023\/12\/pegoretti-logo-pdf-300x114.jpg 300w, https:\/\/jornalfatosenoticias.com.br\/wp-content\/uploads\/2023\/12\/pegoretti-logo-pdf-768x291.jpg 768w, https:\/\/jornalfatosenoticias.com.br\/wp-content\/uploads\/2023\/12\/pegoretti-logo-pdf.jpg 1120w\" sizes=\"auto, (max-width: 488px) 100vw, 488px\" \/><\/a><\/figure><\/div>\n\n\n\n<hr class=\"wp-block-separator\"\/>\n\n\n\n<h3 class=\"wp-block-heading\"><span class=\"has-inline-color has-black-color\">O nepoditador que fez a farra com dinheiro brasileiro e patrocinou escola de samba<\/span><\/h3>\n\n\n\n<div class=\"wp-block-image\"><figure class=\"aligncenter size-large\"><img loading=\"lazy\" decoding=\"async\" width=\"612\" height=\"409\" src=\"https:\/\/jornalfatosenoticias.com.br\/wp-content\/uploads\/2025\/05\/nepoditador_gettyimages.jpg\" alt=\"\" class=\"wp-image-59415\" srcset=\"https:\/\/jornalfatosenoticias.com.br\/wp-content\/uploads\/2025\/05\/nepoditador_gettyimages.jpg 612w, https:\/\/jornalfatosenoticias.com.br\/wp-content\/uploads\/2025\/05\/nepoditador_gettyimages-300x200.jpg 300w\" sizes=\"auto, (max-width: 612px) 100vw, 612px\" \/><figcaption><em><span class=\"has-inline-color has-black-color\">(Foto: Getty Images)<\/span><\/em><\/figcaption><\/figure><\/div>\n\n\n\n<p>Documentos obtidos pelo Cons\u00f3rcio Internacional de Jornalistas Investigativos (ICIJ) e seus parceiros, incluindo a revista Piau\u00ed, revelam um vasto esquema de corrup\u00e7\u00e3o na Guin\u00e9 Equatorial, um pequeno pa\u00eds africano rico em petr\u00f3leo. Uma empresa de constru\u00e7\u00e3o portuguesa, Zagope, subsidi\u00e1ria da gigante brasileira Andrade Gutierrez, teria direcionado milh\u00f5es de d\u00f3lares para uma companhia controlada por Teodoro Nguema Obiang Mangue, conhecido como Teodor\u00edn, filho do longevo ditador Teodoro Obiang Nguema Mbasogo, atual \u201cvice-presidente\u201d do pa\u00eds. Em troca, a Zagope conseguiu contratos estatais que totalizam quase 1,2 bilh\u00e3o de d\u00f3lares, muitos deles ligados a projetos de infraestrutura megaloman\u00edacos que foram abandonados ou subutilizados.<\/p>\n\n\n\n<div class=\"wp-block-image\"><figure class=\"aligncenter size-large is-resized\"><a href=\"https:\/\/www.instagram.com\/serra4x4cambioautomatico\/\"><img loading=\"lazy\" decoding=\"async\" src=\"https:\/\/jornalfatosenoticias.com.br\/wp-content\/uploads\/2024\/08\/Serra-4x4-1-886x1024.jpg\" alt=\"\" class=\"wp-image-53632\" width=\"290\" height=\"335\" srcset=\"https:\/\/jornalfatosenoticias.com.br\/wp-content\/uploads\/2024\/08\/Serra-4x4-1-886x1024.jpg 886w, https:\/\/jornalfatosenoticias.com.br\/wp-content\/uploads\/2024\/08\/Serra-4x4-1-260x300.jpg 260w, https:\/\/jornalfatosenoticias.com.br\/wp-content\/uploads\/2024\/08\/Serra-4x4-1-768x888.jpg 768w, https:\/\/jornalfatosenoticias.com.br\/wp-content\/uploads\/2024\/08\/Serra-4x4-1.jpg 1181w\" sizes=\"auto, (max-width: 290px) 100vw, 290px\" \/><\/a><\/figure><\/div>\n\n\n\n<p>O esquema acontece em um pa\u00eds onde, apesar da riqueza petrol\u00edfera descoberta nos anos 1990, a maioria da popula\u00e7\u00e3o vive na pobreza, e a elite pol\u00edtica, dominada pela fam\u00edlia do presidente, tamb\u00e9m controla a economia. Investiga\u00e7\u00f5es internacionais nos Estados Unidos, Fran\u00e7a e Brasil expuseram o estilo de vida luxuoso e as pr\u00e1ticas corruptas de Teodor\u00edn, mas isso n\u00e3o impediu a Zagope de continuar fazendo pagamentos suspeitos \u00e0 Somagui, empresa de Teodor\u00edn.<\/p>\n\n\n\n<div class=\"wp-block-image\"><figure class=\"aligncenter size-large is-resized\"><a href=\"https:\/\/www.instagram.com\/esteio.churrascaria\/\"><img loading=\"lazy\" decoding=\"async\" src=\"https:\/\/jornalfatosenoticias.com.br\/wp-content\/uploads\/2022\/02\/LOGO-ESTEIO-1024x730.png\" alt=\"\" class=\"wp-image-27942\" width=\"350\" height=\"249\" srcset=\"https:\/\/jornalfatosenoticias.com.br\/wp-content\/uploads\/2022\/02\/LOGO-ESTEIO-1024x730.png 1024w, https:\/\/jornalfatosenoticias.com.br\/wp-content\/uploads\/2022\/02\/LOGO-ESTEIO-300x214.png 300w, https:\/\/jornalfatosenoticias.com.br\/wp-content\/uploads\/2022\/02\/LOGO-ESTEIO-768x548.png 768w, https:\/\/jornalfatosenoticias.com.br\/wp-content\/uploads\/2022\/02\/LOGO-ESTEIO.png 1123w\" sizes=\"auto, (max-width: 350px) 100vw, 350px\" \/><\/a><\/figure><\/div>\n\n\n\n<p>A Zagope come\u00e7ou a operar na Guin\u00e9 Equatorial em 2006, tornando-se o elo da expans\u00e3o da Andrade Gutierrez na \u00c1frica. De acordo com os documentos vazados, a empresa garantiu uma s\u00e9rie de contratos governamentais entre 2009 e 2012, totalizando quase 1,2 bilh\u00e3o de d\u00f3lares. Estes inclu\u00edam a constru\u00e7\u00e3o e expans\u00e3o do Aeroporto Internacional Presidente Obiang Nguema, rodovias e obras na nova e inacabada capital, Ciudad de la Paz (Cidade da Paz).<\/p>\n\n\n\n<div class=\"wp-block-image\"><figure class=\"aligncenter size-large is-resized\"><a href=\"https:\/\/www.legisjuris.com.br\/\"><img loading=\"lazy\" decoding=\"async\" src=\"https:\/\/jornalfatosenoticias.com.br\/wp-content\/uploads\/2024\/09\/Legis-Juris-Consultoria_logo.jpg\" alt=\"\" class=\"wp-image-53915\" width=\"527\" height=\"221\" srcset=\"https:\/\/jornalfatosenoticias.com.br\/wp-content\/uploads\/2024\/09\/Legis-Juris-Consultoria_logo.jpg 969w, https:\/\/jornalfatosenoticias.com.br\/wp-content\/uploads\/2024\/09\/Legis-Juris-Consultoria_logo-300x126.jpg 300w, https:\/\/jornalfatosenoticias.com.br\/wp-content\/uploads\/2024\/09\/Legis-Juris-Consultoria_logo-768x322.jpg 768w\" sizes=\"auto, (max-width: 527px) 100vw, 527px\" \/><\/a><\/figure><\/div>\n\n\n\n<p>Paralelamente, os documentos mostram que a Zagope canalizou pelo menos 86 milh\u00f5es de d\u00f3lares para a Somagui entre 2014 e 2018. A Somagui, supostamente uma empresa florestal, foi descrita por promotores franceses como \u201cuma concha vazia usada unicamente para drenar dinheiro p\u00fablico\u201d. Contratos de subcontrata\u00e7\u00e3o entre Zagope e Somagui, datados de 2012, previam que a Somagui realizaria obras por milh\u00f5es de d\u00f3lares, como a constru\u00e7\u00e3o de um entroncamento vi\u00e1rio e a plataforma do hangar de manuten\u00e7\u00e3o do aeroporto de Mongomeyen. No entanto, n\u00e3o est\u00e1 claro se a Somagui efetivamente realizou os trabalhos especificados. Pagamentos subsequentes da Zagope \u00e0 Somagui, detalhados em declara\u00e7\u00f5es fiscais vazadas, foram listados como \u201cservi\u00e7os de terraplenagem\u201d.<\/p>\n\n\n\n<div class=\"wp-block-image\"><figure class=\"aligncenter size-large is-resized\"><a href=\"https:\/\/www.instagram.com\/rcradiadores\/\"><img loading=\"lazy\" decoding=\"async\" src=\"https:\/\/jornalfatosenoticias.com.br\/wp-content\/uploads\/2022\/10\/RC_800x750_page-0001.jpg\" alt=\"\" class=\"wp-image-35338\" width=\"340\" height=\"319\" srcset=\"https:\/\/jornalfatosenoticias.com.br\/wp-content\/uploads\/2022\/10\/RC_800x750_page-0001.jpg 400w, https:\/\/jornalfatosenoticias.com.br\/wp-content\/uploads\/2022\/10\/RC_800x750_page-0001-300x281.jpg 300w\" sizes=\"auto, (max-width: 340px) 100vw, 340px\" \/><\/a><\/figure><\/div>\n\n\n\n<p>Apesar de a Andrade Gutierrez, controladora da Zagope, ter se envolvido na Opera\u00e7\u00e3o Lava Jato no Brasil, e ter concordado em pagar uma multa milion\u00e1ria por corrup\u00e7\u00e3o em 2018, a Zagope continuou a fazer pagamentos suspeitos \u00e0 Somagui. Segundo Micah Reddy, rep\u00f3rter e coordenador para a \u00c1frica do ICIJ, mesmo com a queda nas receitas de petr\u00f3leo ap\u00f3s 2014, a Zagope continuou a obter contratos lucrativos. Al\u00e9m disso, a Zagope tamb\u00e9m realizou pagamentos regulares \u00e0 Abayak, uma empresa de propriedade do presidente Obiang, por aluguel de im\u00f3veis.<strong> (Fonte: O Antagonista)<\/strong><\/p>\n\n\n\n<div class=\"wp-block-image\"><figure class=\"aligncenter size-large is-resized\"><a href=\"https:\/\/www.facebook.com\/vetor.vix\/\"><img loading=\"lazy\" decoding=\"async\" src=\"https:\/\/jornalfatosenoticias.com.br\/wp-content\/uploads\/2023\/09\/vetorvix1024_1.jpg\" alt=\"\" class=\"wp-image-44868\" width=\"576\" height=\"153\" srcset=\"https:\/\/jornalfatosenoticias.com.br\/wp-content\/uploads\/2023\/09\/vetorvix1024_1.jpg 1024w, https:\/\/jornalfatosenoticias.com.br\/wp-content\/uploads\/2023\/09\/vetorvix1024_1-300x80.jpg 300w, https:\/\/jornalfatosenoticias.com.br\/wp-content\/uploads\/2023\/09\/vetorvix1024_1-768x205.jpg 768w\" sizes=\"auto, (max-width: 576px) 100vw, 576px\" \/><\/a><\/figure><\/div>\n\n\n\n<hr class=\"wp-block-separator\"\/>\n\n\n\n<h3 class=\"wp-block-heading\"><span class=\"has-inline-color has-black-color\">Governo Lula restringe acesso a 16 milh\u00f5es de documentos sobre uso de verba p\u00fablica e descumpre decis\u00f5es do TCU e STF, segundo UOL<\/span><\/h3>\n\n\n\n<div class=\"wp-block-image\"><figure class=\"aligncenter size-large\"><img loading=\"lazy\" decoding=\"async\" width=\"612\" height=\"408\" src=\"https:\/\/jornalfatosenoticias.com.br\/wp-content\/uploads\/2025\/05\/Nine-verba-publica_gettyimages.jpg\" alt=\"\" class=\"wp-image-59414\" srcset=\"https:\/\/jornalfatosenoticias.com.br\/wp-content\/uploads\/2025\/05\/Nine-verba-publica_gettyimages.jpg 612w, https:\/\/jornalfatosenoticias.com.br\/wp-content\/uploads\/2025\/05\/Nine-verba-publica_gettyimages-300x200.jpg 300w\" sizes=\"auto, (max-width: 612px) 100vw, 612px\" \/><figcaption><em><span class=\"has-inline-color has-black-color\">(Foto: Getty Images)<\/span><\/em><\/figcaption><\/figure><\/div>\n\n\n\n<p>De acordo com mat\u00e9ria do portal UOL, h\u00e1 mais de um ano, o governo de Luiz In\u00e1cio Lula da Silva (PT) mant\u00e9m fora do alcance do p\u00fablico 16 milh\u00f5es de documentos relacionados ao uso de recursos p\u00fablicos, em descumprimento de decis\u00f5es do Tribunal de Contas da Uni\u00e3o (TCU) e do Supremo Tribunal Federal (STF). Est\u00e3o inacess\u00edveis informa\u00e7\u00f5es sobre obras p\u00fablicas, transfer\u00eancias para estados, munic\u00edpios e ONGs, al\u00e9m de emendas parlamentares, incluindo as chamadas emendas Pix.<\/p>\n\n\n\n<div class=\"wp-block-image\"><figure class=\"aligncenter size-large\"><a href=\"https:\/\/www.cesconetto.com.br\/\"><img loading=\"lazy\" decoding=\"async\" width=\"300\" height=\"250\" src=\"https:\/\/jornalfatosenoticias.com.br\/wp-content\/uploads\/2022\/02\/Banner-2.png\" alt=\"\" class=\"wp-image-27877\"\/><\/a><\/figure><\/div>\n\n\n\n<p>A justificativa oficial do Minist\u00e9rio da Gest\u00e3o e da Inova\u00e7\u00e3o em Servi\u00e7os P\u00fablicos (MGI) \u00e9 a Lei Geral de Prote\u00e7\u00e3o de Dados Pessoais (LGPD), usada como argumento para restringir o acesso. Segundo o governo, os arquivos cont\u00eam dados sens\u00edveis que ainda n\u00e3o passaram por anonimiza\u00e7\u00e3o \u2014 e por isso, a \u00edntegra dos documentos foi bloqueada. Especialistas, no entanto, classificam a medida como injustific\u00e1vel e contr\u00e1ria \u00e0 Lei de Acesso \u00e0 Informa\u00e7\u00e3o (LAI), em vigor desde 2011.<\/p>\n\n\n\n<div class=\"wp-block-image\"><figure class=\"aligncenter size-large is-resized\"><a href=\"https:\/\/www.facebook.com\/profile.php?id=100069289606145\"><img loading=\"lazy\" decoding=\"async\" src=\"https:\/\/jornalfatosenoticias.com.br\/wp-content\/uploads\/2024\/11\/Guaitolini-Contabilidade-1024x714.jpeg\" alt=\"\" class=\"wp-image-55808\" width=\"323\" height=\"225\" srcset=\"https:\/\/jornalfatosenoticias.com.br\/wp-content\/uploads\/2024\/11\/Guaitolini-Contabilidade-1024x714.jpeg 1024w, https:\/\/jornalfatosenoticias.com.br\/wp-content\/uploads\/2024\/11\/Guaitolini-Contabilidade-300x209.jpeg 300w, https:\/\/jornalfatosenoticias.com.br\/wp-content\/uploads\/2024\/11\/Guaitolini-Contabilidade-768x535.jpeg 768w, https:\/\/jornalfatosenoticias.com.br\/wp-content\/uploads\/2024\/11\/Guaitolini-Contabilidade.jpeg 1280w\" sizes=\"auto, (max-width: 323px) 100vw, 323px\" \/><\/a><\/figure><\/div>\n\n\n\n<p>Na pr\u00e1tica, o governo optou por ocultar integralmente os documentos, em vez de aplicar tarjas apenas sobre dados sens\u00edveis \u2014 como manda o padr\u00e3o jur\u00eddico adotado desde a cria\u00e7\u00e3o da LAI. A restri\u00e7\u00e3o de acesso compromete a transpar\u00eancia sobre o uso de bilh\u00f5es de reais em recursos p\u00fablicos, e fere o princ\u00edpio da publicidade dos atos administrativos.<\/p>\n\n\n\n<div class=\"wp-block-image\"><figure class=\"aligncenter size-large is-resized\"><a href=\"https:\/\/www.facebook.com\/postobkr\/?locale=pt_BR\"><img loading=\"lazy\" decoding=\"async\" src=\"https:\/\/jornalfatosenoticias.com.br\/wp-content\/uploads\/2023\/08\/BKR-1024x1021.jpg\" alt=\"\" class=\"wp-image-44494\" width=\"313\" height=\"312\" srcset=\"https:\/\/jornalfatosenoticias.com.br\/wp-content\/uploads\/2023\/08\/BKR-1024x1021.jpg 1024w, https:\/\/jornalfatosenoticias.com.br\/wp-content\/uploads\/2023\/08\/BKR-300x300.jpg 300w, https:\/\/jornalfatosenoticias.com.br\/wp-content\/uploads\/2023\/08\/BKR-150x150.jpg 150w, https:\/\/jornalfatosenoticias.com.br\/wp-content\/uploads\/2023\/08\/BKR-768x766.jpg 768w, https:\/\/jornalfatosenoticias.com.br\/wp-content\/uploads\/2023\/08\/BKR.jpg 1080w\" sizes=\"auto, (max-width: 313px) 100vw, 313px\" \/><\/a><\/figure><\/div>\n\n\n\n<p>O impacto \u00e9 direto: prefeituras que recebem recursos de emendas est\u00e3o obrigadas, por decis\u00f5es do STF e do TCU, a apresentar planos de trabalho, contratos, relat\u00f3rios de execu\u00e7\u00e3o e comprovantes de pagamento. Mesmo quando as exig\u00eancias s\u00e3o cumpridas, os documentos permanecem indispon\u00edveis ao p\u00fablico.<\/p>\n\n\n\n<div class=\"wp-block-image\"><figure class=\"aligncenter size-large is-resized\"><a href=\"https:\/\/www.ithbrasil.com.br\/\"><img loading=\"lazy\" decoding=\"async\" src=\"https:\/\/jornalfatosenoticias.com.br\/wp-content\/uploads\/2023\/08\/ITH.jpeg\" alt=\"\" class=\"wp-image-44638\" width=\"294\" height=\"239\" srcset=\"https:\/\/jornalfatosenoticias.com.br\/wp-content\/uploads\/2023\/08\/ITH.jpeg 800w, https:\/\/jornalfatosenoticias.com.br\/wp-content\/uploads\/2023\/08\/ITH-300x244.jpeg 300w, https:\/\/jornalfatosenoticias.com.br\/wp-content\/uploads\/2023\/08\/ITH-768x624.jpeg 768w\" sizes=\"auto, (max-width: 294px) 100vw, 294px\" \/><\/a><\/figure><\/div>\n\n\n\n<p>Um exemplo citado \u00e9 o envio de R$ 11,7 milh\u00f5es em emenda Pix para Cotia (SP), indicada por Paulinho da For\u00e7a (Solidariedade-SP). A prefeitura afirma ter usado R$ 9 milh\u00f5es em obras de infraestrutura e anexou documentos \u00e0 plataforma. Nenhum deles est\u00e1 acess\u00edvel. O mesmo ocorre com repasses feitos em 2022 pelo governo Bolsonaro, como os R$ 31,8 milh\u00f5es enviados a Santana (AP), reduto eleitoral do senador Davi Alcolumbre. A obra foi suspensa, e os documentos que justificariam o motivo seguem bloqueados.<\/p>\n\n\n\n<div class=\"wp-block-image\"><figure class=\"aligncenter size-large is-resized\"><a href=\"https:\/\/www.controlsystems.com.br\/\"><img loading=\"lazy\" decoding=\"async\" src=\"https:\/\/jornalfatosenoticias.com.br\/wp-content\/uploads\/2020\/02\/CONTROL-CS.jpg\" alt=\"\" class=\"wp-image-44991\" width=\"275\" height=\"329\" srcset=\"https:\/\/jornalfatosenoticias.com.br\/wp-content\/uploads\/2020\/02\/CONTROL-CS.jpg 834w, https:\/\/jornalfatosenoticias.com.br\/wp-content\/uploads\/2020\/02\/CONTROL-CS-250x300.jpg 250w, https:\/\/jornalfatosenoticias.com.br\/wp-content\/uploads\/2020\/02\/CONTROL-CS-768x921.jpg 768w\" sizes=\"auto, (max-width: 275px) 100vw, 275px\" \/><\/a><\/figure><\/div>\n\n\n\n<p>A pr\u00f3pria Advocacia-Geral da Uni\u00e3o (AGU), em parecer de mar\u00e7o de 2024, reconheceu que a LGPD n\u00e3o autoriza a supress\u00e3o total dos arquivos, e defendeu o tarjamento apenas de informa\u00e7\u00f5es pessoais, mantendo o acesso ao conte\u00fado. Em setembro do ano passado, as organiza\u00e7\u00f5es Contas Abertas, Transpar\u00eancia Brasil e Transpar\u00eancia Internacional enviaram parecer ao ministro Fl\u00e1vio Dino, relator do processo sobre emendas no STF, refor\u00e7ando que transpar\u00eancia deve ser regra, n\u00e3o exce\u00e7\u00e3o.<\/p>\n\n\n\n<div class=\"wp-block-image\"><figure class=\"aligncenter size-large is-resized\"><a href=\"https:\/\/hotelmarquetti.com.br\/\"><img loading=\"lazy\" decoding=\"async\" src=\"https:\/\/jornalfatosenoticias.com.br\/wp-content\/uploads\/2020\/02\/LOGO-MQ-1024x680.jpg\" alt=\"\" class=\"wp-image-58299\" width=\"348\" height=\"231\" srcset=\"https:\/\/jornalfatosenoticias.com.br\/wp-content\/uploads\/2020\/02\/LOGO-MQ-1024x680.jpg 1024w, https:\/\/jornalfatosenoticias.com.br\/wp-content\/uploads\/2020\/02\/LOGO-MQ-300x199.jpg 300w, https:\/\/jornalfatosenoticias.com.br\/wp-content\/uploads\/2020\/02\/LOGO-MQ-768x510.jpg 768w, https:\/\/jornalfatosenoticias.com.br\/wp-content\/uploads\/2020\/02\/LOGO-MQ-1536x1020.jpg 1536w, https:\/\/jornalfatosenoticias.com.br\/wp-content\/uploads\/2020\/02\/LOGO-MQ-2048x1360.jpg 2048w\" sizes=\"auto, (max-width: 348px) 100vw, 348px\" \/><\/a><\/figure><\/div>\n\n\n\n<p>\u201cO governo tem a obriga\u00e7\u00e3o de oferecer acesso a planos de trabalho, presta\u00e7\u00f5es de contas e relat\u00f3rios de gest\u00e3o. A supress\u00e3o integral desses documentos representa um retrocesso\u201d, afirmam as entidades no documento. Apesar de ter prometido uma solu\u00e7\u00e3o t\u00e9cnica em maio de 2024 para os documentos novos, o Minist\u00e9rio da Gest\u00e3o n\u00e3o estabeleceu prazo para liberar o acesso aos 16 milh\u00f5es de arquivos j\u00e1 anexados \u00e0 plataforma Transferegov. At\u00e9 agora, nenhum documento foi reativado.<\/p>\n\n\n\n<div class=\"wp-block-image\"><figure class=\"aligncenter size-large is-resized\"><a href=\"https:\/\/panper.com.br\/\"><img loading=\"lazy\" decoding=\"async\" src=\"https:\/\/jornalfatosenoticias.com.br\/wp-content\/uploads\/2023\/03\/logo-Panper_portal.jpg\" alt=\"\" class=\"wp-image-40208\" width=\"338\" height=\"234\" srcset=\"https:\/\/jornalfatosenoticias.com.br\/wp-content\/uploads\/2023\/03\/logo-Panper_portal.jpg 400w, https:\/\/jornalfatosenoticias.com.br\/wp-content\/uploads\/2023\/03\/logo-Panper_portal-300x208.jpg 300w\" sizes=\"auto, (max-width: 338px) 100vw, 338px\" \/><\/a><\/figure><\/div>\n\n\n\n<p>Em resposta a uma reportagem do jornal O Globo, o governo promoveu uma oficina com jornalistas e negou haver recuo na pol\u00edtica de transpar\u00eancia. Segundo o secret\u00e1rio executivo adjunto do minist\u00e9rio, Adauto Modesto Junior, os pain\u00e9is da plataforma continuam apresentando dados gerais sobre valores e obras. \u201cTodas as informa\u00e7\u00f5es estavam, est\u00e3o e continuar\u00e3o presentes nos pain\u00e9is do Transferegov\u201d, afirmou.<\/p>\n\n\n\n<div class=\"wp-block-image\"><figure class=\"aligncenter size-large\"><a href=\"http:\/\/www.ferrarimaquinas.com.br\/\"><img loading=\"lazy\" decoding=\"async\" width=\"300\" height=\"250\" src=\"https:\/\/jornalfatosenoticias.com.br\/wp-content\/uploads\/2022\/02\/FERRARI_MAQUINAS-E-FERRAMENTAS2.jpg\" alt=\"\" class=\"wp-image-27860\"\/><\/a><\/figure><\/div>\n\n\n\n<p>Mas, para especialistas, mostrar os valores sem exibir os documentos comprobat\u00f3rios n\u00e3o cumpre a transpar\u00eancia prevista na Constitui\u00e7\u00e3o. A pr\u00e1tica atual torna invi\u00e1vel a fiscaliza\u00e7\u00e3o cidad\u00e3, esvazia o controle social e, na pr\u00e1tica, neutraliza decis\u00f5es judiciais que exigem publicidade dos gastos p\u00fablicos. <strong>(Fonte: Hora Bras\u00edlia)<\/strong><\/p>\n\n\n\n<div class=\"wp-block-image\"><figure class=\"aligncenter size-large\"><a href=\"https:\/\/mizu.com.br\/\"><img loading=\"lazy\" decoding=\"async\" width=\"729\" height=\"90\" src=\"https:\/\/jornalfatosenoticias.com.br\/wp-content\/uploads\/2020\/02\/Logo_Mizu.png\" alt=\"\" class=\"wp-image-1441\" srcset=\"https:\/\/jornalfatosenoticias.com.br\/wp-content\/uploads\/2020\/02\/Logo_Mizu.png 729w, https:\/\/jornalfatosenoticias.com.br\/wp-content\/uploads\/2020\/02\/Logo_Mizu-300x37.png 300w\" sizes=\"auto, (max-width: 729px) 100vw, 729px\" \/><\/a><\/figure><\/div>\n\n\n\n<hr class=\"wp-block-separator\"\/>\n\n\n\n<h3 class=\"wp-block-heading\"><span class=\"has-inline-color has-black-color\">TSE da Bol\u00edvia nega registro e Evo Morales est\u00e1 fora da disputa pela presid\u00eancia<\/span><\/h3>\n\n\n\n<div class=\"wp-block-image\"><figure class=\"aligncenter size-large\"><img loading=\"lazy\" decoding=\"async\" width=\"612\" height=\"391\" src=\"https:\/\/jornalfatosenoticias.com.br\/wp-content\/uploads\/2025\/05\/EVO-MORALES_gettyimages.jpg\" alt=\"\" class=\"wp-image-59413\" srcset=\"https:\/\/jornalfatosenoticias.com.br\/wp-content\/uploads\/2025\/05\/EVO-MORALES_gettyimages.jpg 612w, https:\/\/jornalfatosenoticias.com.br\/wp-content\/uploads\/2025\/05\/EVO-MORALES_gettyimages-300x192.jpg 300w\" sizes=\"auto, (max-width: 612px) 100vw, 612px\" \/><figcaption><em><span class=\"has-inline-color has-black-color\">(Foto: Getty Images)<\/span><\/em><\/figcaption><\/figure><\/div>\n\n\n\n<p><span class=\"has-inline-color has-black-color\">Por <strong>F\u00e1bio Gal\u00e3o<\/strong><br><\/span>O ex-presidente Evo Morales (2006-2019) n\u00e3o conseguiu se inscrever como candidato para a elei\u00e7\u00e3o presidencial de 17 de agosto na Bol\u00edvia e est\u00e1 fora da disputa, informou o Tribunal Supremo Eleitoral (TSE) do pa\u00eds andino na ter\u00e7a-feira (20). Segundo informa\u00e7\u00f5es do jornal El Deber, apoiadores de Morales tentaram registr\u00e1-lo como candidato pelo Partido da A\u00e7\u00e3o Nacional Boliviana (PAN-BOL) at\u00e9 a noite de segunda-feira (19), mas o TSE informou que a legenda n\u00e3o tem reconhecimento legal porque n\u00e3o obteve mais de 3% dos votos nas elei\u00e7\u00f5es presidenciais de 2020.<\/p>\n\n\n\n<div class=\"wp-block-image\"><figure class=\"aligncenter size-large is-resized\"><a href=\"https:\/\/www.instagram.com\/esteio.churrascaria\/\"><img loading=\"lazy\" decoding=\"async\" src=\"https:\/\/jornalfatosenoticias.com.br\/wp-content\/uploads\/2022\/02\/LOGO-ESTEIO-1024x730.png\" alt=\"\" class=\"wp-image-27942\" width=\"337\" height=\"240\" srcset=\"https:\/\/jornalfatosenoticias.com.br\/wp-content\/uploads\/2022\/02\/LOGO-ESTEIO-1024x730.png 1024w, https:\/\/jornalfatosenoticias.com.br\/wp-content\/uploads\/2022\/02\/LOGO-ESTEIO-300x214.png 300w, https:\/\/jornalfatosenoticias.com.br\/wp-content\/uploads\/2022\/02\/LOGO-ESTEIO-768x548.png 768w, https:\/\/jornalfatosenoticias.com.br\/wp-content\/uploads\/2022\/02\/LOGO-ESTEIO.png 1123w\" sizes=\"auto, (max-width: 337px) 100vw, 337px\" \/><\/a><\/figure><\/div>\n\n\n\n<p>Morales havia escolhido de \u00faltima hora o PAN-BOL para concorrer na elei\u00e7\u00e3o, ap\u00f3s ter sido expulso do partido Movimento ao Socialismo (MAS), do presidente Luis Arce, que foi seu afilhado pol\u00edtico, mas com quem est\u00e1 rompido. Mesmo que n\u00e3o houvesse a restri\u00e7\u00e3o ao PAN-BOL, a candidatura de Morales teria vida curta nos tribunais, porque na semana passada o Tribunal Constitucional Plurinacional (TCP) da Bol\u00edvia reafirmou uma decis\u00e3o judicial que apontou que n\u00e3o h\u00e1 possibilidade de um terceiro mandato presidencial no pa\u00eds, o que significa que o ex-presidente, que j\u00e1 exerceu tr\u00eas mandatos, n\u00e3o poderia ser candidato em agosto.<\/p>\n\n\n\n<div class=\"wp-block-image\"><figure class=\"aligncenter size-large is-resized\"><a href=\"https:\/\/www.instagram.com\/restaurantepegoretti\/\"><img loading=\"lazy\" decoding=\"async\" src=\"https:\/\/jornalfatosenoticias.com.br\/wp-content\/uploads\/2023\/12\/pegoretti-logo-pdf-1024x389.jpg\" alt=\"\" class=\"wp-image-47536\" width=\"530\" height=\"201\" srcset=\"https:\/\/jornalfatosenoticias.com.br\/wp-content\/uploads\/2023\/12\/pegoretti-logo-pdf-1024x389.jpg 1024w, https:\/\/jornalfatosenoticias.com.br\/wp-content\/uploads\/2023\/12\/pegoretti-logo-pdf-300x114.jpg 300w, https:\/\/jornalfatosenoticias.com.br\/wp-content\/uploads\/2023\/12\/pegoretti-logo-pdf-768x291.jpg 768w, https:\/\/jornalfatosenoticias.com.br\/wp-content\/uploads\/2023\/12\/pegoretti-logo-pdf.jpg 1120w\" sizes=\"auto, (max-width: 530px) 100vw, 530px\" \/><\/a><\/figure><\/div>\n\n\n\n<p>Tamb\u00e9m na semana passada, Arce, que havia sido escolhido como o candidato do MAS, desistiu de tentar a reelei\u00e7\u00e3o devido \u00e0 baixa popularidade, causada por uma crise econ\u00f4mica marcada pela falta de d\u00f3lares, escassez de combust\u00edveis e alta infla\u00e7\u00e3o. Ele pediu um nome de consenso dentro da esquerda e que Morales tamb\u00e9m desistisse da disputa, mas o ex-presidente recusou. <strong>(Fonte: Gazeta do Povo)<\/strong><\/p>\n\n\n\n<div class=\"wp-block-image\"><figure class=\"aligncenter size-large is-resized\"><a href=\"https:\/\/www.instagram.com\/gruposei\/\"><img loading=\"lazy\" decoding=\"async\" src=\"https:\/\/jornalfatosenoticias.com.br\/wp-content\/uploads\/2022\/07\/Logo-Grupo-SEI.jpg\" alt=\"\" class=\"wp-image-31973\" width=\"442\" height=\"232\" srcset=\"https:\/\/jornalfatosenoticias.com.br\/wp-content\/uploads\/2022\/07\/Logo-Grupo-SEI.jpg 713w, https:\/\/jornalfatosenoticias.com.br\/wp-content\/uploads\/2022\/07\/Logo-Grupo-SEI-300x158.jpg 300w\" sizes=\"auto, (max-width: 442px) 100vw, 442px\" \/><\/a><\/figure><\/div>\n\n\n\n<hr class=\"wp-block-separator\"\/>\n","protected":false},"excerpt":{"rendered":"<p>Nunca antes na hist\u00f3ria do pa\u00eds o governo federal gastou tanto com viagens Nos \u00faltimos 45 dias, os gastos do governo Lula (PT) com viagens praticamente dobraram, saltando de R$ 212,1 milh\u00f5es em abril para R$ 423,3 milh\u00f5es at\u00e9 15 de maio, segundo dados divulgados pelo Portal da Transpar\u00eancia. Com isso, o total gasto desde [&hellip;]<\/p>\n","protected":false},"author":3,"featured_media":59418,"comment_status":"open","ping_status":"open","sticky":false,"template":"","format":"standard","meta":{"footnotes":""},"categories":[10],"tags":[27122,27125,891,2147,5472,26867,27126,18343,27123,12075,294,27127,27121,27124],"class_list":["post-59412","post","type-post","status-publish","format-standard","has-post-thumbnail","hentry","category-politica","tag-domo-de-ouro","tag-andrade-gutierrez","tag-bolivia","tag-donald-trump","tag-evo-morales","tag-fraudes-no-inss","tag-gastos-do-governo-lula","tag-governo-lula","tag-guine-equatorial","tag-recursos-publicos","tag-stf","tag-teodorin","tag-teodoro-nguema-obiang-mangue","tag-viagens-lula"],"yoast_head":"<!-- This site is optimized with the Yoast SEO plugin v26.5 - https:\/\/yoast.com\/wordpress\/plugins\/seo\/ -->\n<title>A Semana no Brasil e no Mundo \u2014 Governo Lula dobra gastos com viagens e soma mais de R$ 5 bilh\u00f5es em despesas desde a posse - Jornal Fatos e Not\u00edcias<\/title>\n<meta name=\"robots\" content=\"index, follow, max-snippet:-1, max-image-preview:large, max-video-preview:-1\" \/>\n<link rel=\"canonical\" href=\"https:\/\/jornalfatosenoticias.com.br\/index.php\/2025\/05\/22\/a-semana-no-brasil-e-no-mundo-governo-lula-dobra-gastos-com-viagens-e-soma-mais-de-r5-bilhoes-em-despesas-desde-a-posse\/\" \/>\n<meta property=\"og:locale\" content=\"pt_BR\" \/>\n<meta property=\"og:type\" content=\"article\" \/>\n<meta property=\"og:title\" content=\"A Semana no Brasil e no Mundo \u2014 Governo Lula dobra gastos com viagens e soma mais de R$ 5 bilh\u00f5es em despesas desde a posse - Jornal Fatos e Not\u00edcias\" \/>\n<meta property=\"og:description\" content=\"Nunca antes na hist\u00f3ria do pa\u00eds o governo federal gastou tanto com viagens Nos \u00faltimos 45 dias, os gastos do governo Lula (PT) com viagens praticamente dobraram, saltando de R$ 212,1 milh\u00f5es em abril para R$ 423,3 milh\u00f5es at\u00e9 15 de maio, segundo dados divulgados pelo Portal da Transpar\u00eancia. Com isso, o total gasto desde [&hellip;]\" \/>\n<meta property=\"og:url\" content=\"https:\/\/jornalfatosenoticias.com.br\/index.php\/2025\/05\/22\/a-semana-no-brasil-e-no-mundo-governo-lula-dobra-gastos-com-viagens-e-soma-mais-de-r5-bilhoes-em-despesas-desde-a-posse\/\" \/>\n<meta property=\"og:site_name\" content=\"Jornal Fatos e Not\u00edcias\" \/>\n<meta property=\"article:published_time\" content=\"2025-05-22T18:52:22+00:00\" \/>\n<meta property=\"article:modified_time\" content=\"2025-05-22T18:52:45+00:00\" \/>\n<meta property=\"og:image\" content=\"https:\/\/jornalfatosenoticias.com.br\/wp-content\/uploads\/2025\/05\/lula-viagens.jpg\" \/>\n\t<meta property=\"og:image:width\" content=\"1000\" \/>\n\t<meta property=\"og:image:height\" content=\"697\" \/>\n\t<meta property=\"og:image:type\" content=\"image\/jpeg\" \/>\n<meta name=\"author\" content=\"Haroldo Filho\" \/>\n<meta name=\"twitter:card\" content=\"summary_large_image\" \/>\n<meta name=\"twitter:label1\" content=\"Escrito por\" \/>\n\t<meta name=\"twitter:data1\" content=\"Haroldo Filho\" \/>\n\t<meta name=\"twitter:label2\" content=\"Est. tempo de leitura\" \/>\n\t<meta name=\"twitter:data2\" content=\"13 minutos\" \/>\n<script type=\"application\/ld+json\" class=\"yoast-schema-graph\">{\"@context\":\"https:\/\/schema.org\",\"@graph\":[{\"@type\":\"Article\",\"@id\":\"https:\/\/jornalfatosenoticias.com.br\/index.php\/2025\/05\/22\/a-semana-no-brasil-e-no-mundo-governo-lula-dobra-gastos-com-viagens-e-soma-mais-de-r5-bilhoes-em-despesas-desde-a-posse\/#article\",\"isPartOf\":{\"@id\":\"https:\/\/jornalfatosenoticias.com.br\/index.php\/2025\/05\/22\/a-semana-no-brasil-e-no-mundo-governo-lula-dobra-gastos-com-viagens-e-soma-mais-de-r5-bilhoes-em-despesas-desde-a-posse\/\"},\"author\":{\"name\":\"Haroldo Filho\",\"@id\":\"https:\/\/jornalfatosenoticias.com.br\/#\/schema\/person\/05c46cc25b42a5c27e004fb0fa6b4965\"},\"headline\":\"A Semana no Brasil e no Mundo \u2014 Governo Lula dobra gastos com viagens e soma mais de R$ 5 bilh\u00f5es em despesas desde a posse\",\"datePublished\":\"2025-05-22T18:52:22+00:00\",\"dateModified\":\"2025-05-22T18:52:45+00:00\",\"mainEntityOfPage\":{\"@id\":\"https:\/\/jornalfatosenoticias.com.br\/index.php\/2025\/05\/22\/a-semana-no-brasil-e-no-mundo-governo-lula-dobra-gastos-com-viagens-e-soma-mais-de-r5-bilhoes-em-despesas-desde-a-posse\/\"},\"wordCount\":2593,\"commentCount\":0,\"publisher\":{\"@id\":\"https:\/\/jornalfatosenoticias.com.br\/#organization\"},\"image\":{\"@id\":\"https:\/\/jornalfatosenoticias.com.br\/index.php\/2025\/05\/22\/a-semana-no-brasil-e-no-mundo-governo-lula-dobra-gastos-com-viagens-e-soma-mais-de-r5-bilhoes-em-despesas-desde-a-posse\/#primaryimage\"},\"thumbnailUrl\":\"https:\/\/jornalfatosenoticias.com.br\/wp-content\/uploads\/2025\/05\/lula-viagens.jpg\",\"keywords\":[\"\u2018Domo de Ouro\u2019\",\"Andrade Gutierrez\",\"Bol\u00edvia\",\"Donald Trump\",\"Evo Morales\",\"fraudes no INSS\",\"gastos do governo Lula\",\"governo Lula\",\"Guin\u00e9 Equatorial\",\"recursos p\u00fablicos\",\"STF\",\"Teodor\u00edn\",\"Teodoro Nguema Obiang Mangue\",\"viagens Lula\"],\"articleSection\":[\"Pol\u00edtica\"],\"inLanguage\":\"pt-BR\",\"potentialAction\":[{\"@type\":\"CommentAction\",\"name\":\"Comment\",\"target\":[\"https:\/\/jornalfatosenoticias.com.br\/index.php\/2025\/05\/22\/a-semana-no-brasil-e-no-mundo-governo-lula-dobra-gastos-com-viagens-e-soma-mais-de-r5-bilhoes-em-despesas-desde-a-posse\/#respond\"]}]},{\"@type\":\"WebPage\",\"@id\":\"https:\/\/jornalfatosenoticias.com.br\/index.php\/2025\/05\/22\/a-semana-no-brasil-e-no-mundo-governo-lula-dobra-gastos-com-viagens-e-soma-mais-de-r5-bilhoes-em-despesas-desde-a-posse\/\",\"url\":\"https:\/\/jornalfatosenoticias.com.br\/index.php\/2025\/05\/22\/a-semana-no-brasil-e-no-mundo-governo-lula-dobra-gastos-com-viagens-e-soma-mais-de-r5-bilhoes-em-despesas-desde-a-posse\/\",\"name\":\"A Semana no Brasil e no Mundo \u2014 Governo Lula dobra gastos com viagens e soma mais de R$ 5 bilh\u00f5es em despesas desde a posse - Jornal Fatos e Not\u00edcias\",\"isPartOf\":{\"@id\":\"https:\/\/jornalfatosenoticias.com.br\/#website\"},\"primaryImageOfPage\":{\"@id\":\"https:\/\/jornalfatosenoticias.com.br\/index.php\/2025\/05\/22\/a-semana-no-brasil-e-no-mundo-governo-lula-dobra-gastos-com-viagens-e-soma-mais-de-r5-bilhoes-em-despesas-desde-a-posse\/#primaryimage\"},\"image\":{\"@id\":\"https:\/\/jornalfatosenoticias.com.br\/index.php\/2025\/05\/22\/a-semana-no-brasil-e-no-mundo-governo-lula-dobra-gastos-com-viagens-e-soma-mais-de-r5-bilhoes-em-despesas-desde-a-posse\/#primaryimage\"},\"thumbnailUrl\":\"https:\/\/jornalfatosenoticias.com.br\/wp-content\/uploads\/2025\/05\/lula-viagens.jpg\",\"datePublished\":\"2025-05-22T18:52:22+00:00\",\"dateModified\":\"2025-05-22T18:52:45+00:00\",\"breadcrumb\":{\"@id\":\"https:\/\/jornalfatosenoticias.com.br\/index.php\/2025\/05\/22\/a-semana-no-brasil-e-no-mundo-governo-lula-dobra-gastos-com-viagens-e-soma-mais-de-r5-bilhoes-em-despesas-desde-a-posse\/#breadcrumb\"},\"inLanguage\":\"pt-BR\",\"potentialAction\":[{\"@type\":\"ReadAction\",\"target\":[\"https:\/\/jornalfatosenoticias.com.br\/index.php\/2025\/05\/22\/a-semana-no-brasil-e-no-mundo-governo-lula-dobra-gastos-com-viagens-e-soma-mais-de-r5-bilhoes-em-despesas-desde-a-posse\/\"]}]},{\"@type\":\"ImageObject\",\"inLanguage\":\"pt-BR\",\"@id\":\"https:\/\/jornalfatosenoticias.com.br\/index.php\/2025\/05\/22\/a-semana-no-brasil-e-no-mundo-governo-lula-dobra-gastos-com-viagens-e-soma-mais-de-r5-bilhoes-em-despesas-desde-a-posse\/#primaryimage\",\"url\":\"https:\/\/jornalfatosenoticias.com.br\/wp-content\/uploads\/2025\/05\/lula-viagens.jpg\",\"contentUrl\":\"https:\/\/jornalfatosenoticias.com.br\/wp-content\/uploads\/2025\/05\/lula-viagens.jpg\",\"width\":1000,\"height\":697},{\"@type\":\"BreadcrumbList\",\"@id\":\"https:\/\/jornalfatosenoticias.com.br\/index.php\/2025\/05\/22\/a-semana-no-brasil-e-no-mundo-governo-lula-dobra-gastos-com-viagens-e-soma-mais-de-r5-bilhoes-em-despesas-desde-a-posse\/#breadcrumb\",\"itemListElement\":[{\"@type\":\"ListItem\",\"position\":1,\"name\":\"In\u00edcio\",\"item\":\"https:\/\/jornalfatosenoticias.com.br\/\"},{\"@type\":\"ListItem\",\"position\":2,\"name\":\"A Semana no Brasil e no Mundo \u2014 Governo Lula dobra gastos com viagens e soma mais de R$ 5 bilh\u00f5es em despesas desde a posse\"}]},{\"@type\":\"WebSite\",\"@id\":\"https:\/\/jornalfatosenoticias.com.br\/#website\",\"url\":\"https:\/\/jornalfatosenoticias.com.br\/\",\"name\":\"Jornal Fatos e Not\u00edcias\",\"description\":\"Not\u00edcias em geral\",\"publisher\":{\"@id\":\"https:\/\/jornalfatosenoticias.com.br\/#organization\"},\"potentialAction\":[{\"@type\":\"SearchAction\",\"target\":{\"@type\":\"EntryPoint\",\"urlTemplate\":\"https:\/\/jornalfatosenoticias.com.br\/?s={search_term_string}\"},\"query-input\":{\"@type\":\"PropertyValueSpecification\",\"valueRequired\":true,\"valueName\":\"search_term_string\"}}],\"inLanguage\":\"pt-BR\"},{\"@type\":\"Organization\",\"@id\":\"https:\/\/jornalfatosenoticias.com.br\/#organization\",\"name\":\"Jornal Fatos e Not\u00edcias\",\"url\":\"https:\/\/jornalfatosenoticias.com.br\/\",\"logo\":{\"@type\":\"ImageObject\",\"inLanguage\":\"pt-BR\",\"@id\":\"https:\/\/jornalfatosenoticias.com.br\/#\/schema\/logo\/image\/\",\"url\":\"https:\/\/jornalfatosenoticias.com.br\/wp-content\/uploads\/2020\/02\/logo120.png\",\"contentUrl\":\"https:\/\/jornalfatosenoticias.com.br\/wp-content\/uploads\/2020\/02\/logo120.png\",\"width\":1227,\"height\":120,\"caption\":\"Jornal Fatos e Not\u00edcias\"},\"image\":{\"@id\":\"https:\/\/jornalfatosenoticias.com.br\/#\/schema\/logo\/image\/\"}},{\"@type\":\"Person\",\"@id\":\"https:\/\/jornalfatosenoticias.com.br\/#\/schema\/person\/05c46cc25b42a5c27e004fb0fa6b4965\",\"name\":\"Haroldo Filho\",\"image\":{\"@type\":\"ImageObject\",\"inLanguage\":\"pt-BR\",\"@id\":\"https:\/\/jornalfatosenoticias.com.br\/#\/schema\/person\/image\/\",\"url\":\"https:\/\/jornalfatosenoticias.com.br\/wp-content\/uploads\/2025\/08\/WhatsApp-Image-2025-08-18-at-15.30.28-150x150.jpeg\",\"contentUrl\":\"https:\/\/jornalfatosenoticias.com.br\/wp-content\/uploads\/2025\/08\/WhatsApp-Image-2025-08-18-at-15.30.28-150x150.jpeg\",\"caption\":\"Haroldo Filho\"},\"description\":\"Jornalista \u2013 DRT: 0003818\/ES Coordenador-geral da ONG Educar para Crescer\",\"url\":\"https:\/\/jornalfatosenoticias.com.br\/index.php\/author\/haroldo\/\"}]}<\/script>\n<!-- \/ Yoast SEO plugin. -->","yoast_head_json":{"title":"A Semana no Brasil e no Mundo \u2014 Governo Lula dobra gastos com viagens e soma mais de R$ 5 bilh\u00f5es em despesas desde a posse - Jornal Fatos e Not\u00edcias","robots":{"index":"index","follow":"follow","max-snippet":"max-snippet:-1","max-image-preview":"max-image-preview:large","max-video-preview":"max-video-preview:-1"},"canonical":"https:\/\/jornalfatosenoticias.com.br\/index.php\/2025\/05\/22\/a-semana-no-brasil-e-no-mundo-governo-lula-dobra-gastos-com-viagens-e-soma-mais-de-r5-bilhoes-em-despesas-desde-a-posse\/","og_locale":"pt_BR","og_type":"article","og_title":"A Semana no Brasil e no Mundo \u2014 Governo Lula dobra gastos com viagens e soma mais de R$ 5 bilh\u00f5es em despesas desde a posse - Jornal Fatos e Not\u00edcias","og_description":"Nunca antes na hist\u00f3ria do pa\u00eds o governo federal gastou tanto com viagens Nos \u00faltimos 45 dias, os gastos do governo Lula (PT) com viagens praticamente dobraram, saltando de R$ 212,1 milh\u00f5es em abril para R$ 423,3 milh\u00f5es at\u00e9 15 de maio, segundo dados divulgados pelo Portal da Transpar\u00eancia. Com isso, o total gasto desde [&hellip;]","og_url":"https:\/\/jornalfatosenoticias.com.br\/index.php\/2025\/05\/22\/a-semana-no-brasil-e-no-mundo-governo-lula-dobra-gastos-com-viagens-e-soma-mais-de-r5-bilhoes-em-despesas-desde-a-posse\/","og_site_name":"Jornal Fatos e Not\u00edcias","article_published_time":"2025-05-22T18:52:22+00:00","article_modified_time":"2025-05-22T18:52:45+00:00","og_image":[{"width":1000,"height":697,"url":"https:\/\/jornalfatosenoticias.com.br\/wp-content\/uploads\/2025\/05\/lula-viagens.jpg","type":"image\/jpeg"}],"author":"Haroldo Filho","twitter_card":"summary_large_image","twitter_misc":{"Escrito por":"Haroldo Filho","Est. tempo de leitura":"13 minutos"},"schema":{"@context":"https:\/\/schema.org","@graph":[{"@type":"Article","@id":"https:\/\/jornalfatosenoticias.com.br\/index.php\/2025\/05\/22\/a-semana-no-brasil-e-no-mundo-governo-lula-dobra-gastos-com-viagens-e-soma-mais-de-r5-bilhoes-em-despesas-desde-a-posse\/#article","isPartOf":{"@id":"https:\/\/jornalfatosenoticias.com.br\/index.php\/2025\/05\/22\/a-semana-no-brasil-e-no-mundo-governo-lula-dobra-gastos-com-viagens-e-soma-mais-de-r5-bilhoes-em-despesas-desde-a-posse\/"},"author":{"name":"Haroldo Filho","@id":"https:\/\/jornalfatosenoticias.com.br\/#\/schema\/person\/05c46cc25b42a5c27e004fb0fa6b4965"},"headline":"A Semana no Brasil e no Mundo \u2014 Governo Lula dobra gastos com viagens e soma mais de R$ 5 bilh\u00f5es em despesas desde a posse","datePublished":"2025-05-22T18:52:22+00:00","dateModified":"2025-05-22T18:52:45+00:00","mainEntityOfPage":{"@id":"https:\/\/jornalfatosenoticias.com.br\/index.php\/2025\/05\/22\/a-semana-no-brasil-e-no-mundo-governo-lula-dobra-gastos-com-viagens-e-soma-mais-de-r5-bilhoes-em-despesas-desde-a-posse\/"},"wordCount":2593,"commentCount":0,"publisher":{"@id":"https:\/\/jornalfatosenoticias.com.br\/#organization"},"image":{"@id":"https:\/\/jornalfatosenoticias.com.br\/index.php\/2025\/05\/22\/a-semana-no-brasil-e-no-mundo-governo-lula-dobra-gastos-com-viagens-e-soma-mais-de-r5-bilhoes-em-despesas-desde-a-posse\/#primaryimage"},"thumbnailUrl":"https:\/\/jornalfatosenoticias.com.br\/wp-content\/uploads\/2025\/05\/lula-viagens.jpg","keywords":["\u2018Domo de Ouro\u2019","Andrade Gutierrez","Bol\u00edvia","Donald Trump","Evo Morales","fraudes no INSS","gastos do governo Lula","governo Lula","Guin\u00e9 Equatorial","recursos p\u00fablicos","STF","Teodor\u00edn","Teodoro Nguema Obiang Mangue","viagens Lula"],"articleSection":["Pol\u00edtica"],"inLanguage":"pt-BR","potentialAction":[{"@type":"CommentAction","name":"Comment","target":["https:\/\/jornalfatosenoticias.com.br\/index.php\/2025\/05\/22\/a-semana-no-brasil-e-no-mundo-governo-lula-dobra-gastos-com-viagens-e-soma-mais-de-r5-bilhoes-em-despesas-desde-a-posse\/#respond"]}]},{"@type":"WebPage","@id":"https:\/\/jornalfatosenoticias.com.br\/index.php\/2025\/05\/22\/a-semana-no-brasil-e-no-mundo-governo-lula-dobra-gastos-com-viagens-e-soma-mais-de-r5-bilhoes-em-despesas-desde-a-posse\/","url":"https:\/\/jornalfatosenoticias.com.br\/index.php\/2025\/05\/22\/a-semana-no-brasil-e-no-mundo-governo-lula-dobra-gastos-com-viagens-e-soma-mais-de-r5-bilhoes-em-despesas-desde-a-posse\/","name":"A Semana no Brasil e no Mundo \u2014 Governo Lula dobra gastos com viagens e soma mais de R$ 5 bilh\u00f5es em despesas desde a posse - Jornal Fatos e Not\u00edcias","isPartOf":{"@id":"https:\/\/jornalfatosenoticias.com.br\/#website"},"primaryImageOfPage":{"@id":"https:\/\/jornalfatosenoticias.com.br\/index.php\/2025\/05\/22\/a-semana-no-brasil-e-no-mundo-governo-lula-dobra-gastos-com-viagens-e-soma-mais-de-r5-bilhoes-em-despesas-desde-a-posse\/#primaryimage"},"image":{"@id":"https:\/\/jornalfatosenoticias.com.br\/index.php\/2025\/05\/22\/a-semana-no-brasil-e-no-mundo-governo-lula-dobra-gastos-com-viagens-e-soma-mais-de-r5-bilhoes-em-despesas-desde-a-posse\/#primaryimage"},"thumbnailUrl":"https:\/\/jornalfatosenoticias.com.br\/wp-content\/uploads\/2025\/05\/lula-viagens.jpg","datePublished":"2025-05-22T18:52:22+00:00","dateModified":"2025-05-22T18:52:45+00:00","breadcrumb":{"@id":"https:\/\/jornalfatosenoticias.com.br\/index.php\/2025\/05\/22\/a-semana-no-brasil-e-no-mundo-governo-lula-dobra-gastos-com-viagens-e-soma-mais-de-r5-bilhoes-em-despesas-desde-a-posse\/#breadcrumb"},"inLanguage":"pt-BR","potentialAction":[{"@type":"ReadAction","target":["https:\/\/jornalfatosenoticias.com.br\/index.php\/2025\/05\/22\/a-semana-no-brasil-e-no-mundo-governo-lula-dobra-gastos-com-viagens-e-soma-mais-de-r5-bilhoes-em-despesas-desde-a-posse\/"]}]},{"@type":"ImageObject","inLanguage":"pt-BR","@id":"https:\/\/jornalfatosenoticias.com.br\/index.php\/2025\/05\/22\/a-semana-no-brasil-e-no-mundo-governo-lula-dobra-gastos-com-viagens-e-soma-mais-de-r5-bilhoes-em-despesas-desde-a-posse\/#primaryimage","url":"https:\/\/jornalfatosenoticias.com.br\/wp-content\/uploads\/2025\/05\/lula-viagens.jpg","contentUrl":"https:\/\/jornalfatosenoticias.com.br\/wp-content\/uploads\/2025\/05\/lula-viagens.jpg","width":1000,"height":697},{"@type":"BreadcrumbList","@id":"https:\/\/jornalfatosenoticias.com.br\/index.php\/2025\/05\/22\/a-semana-no-brasil-e-no-mundo-governo-lula-dobra-gastos-com-viagens-e-soma-mais-de-r5-bilhoes-em-despesas-desde-a-posse\/#breadcrumb","itemListElement":[{"@type":"ListItem","position":1,"name":"In\u00edcio","item":"https:\/\/jornalfatosenoticias.com.br\/"},{"@type":"ListItem","position":2,"name":"A Semana no Brasil e no Mundo \u2014 Governo Lula dobra gastos com viagens e soma mais de R$ 5 bilh\u00f5es em despesas desde a posse"}]},{"@type":"WebSite","@id":"https:\/\/jornalfatosenoticias.com.br\/#website","url":"https:\/\/jornalfatosenoticias.com.br\/","name":"Jornal Fatos e Not\u00edcias","description":"Not\u00edcias em geral","publisher":{"@id":"https:\/\/jornalfatosenoticias.com.br\/#organization"},"potentialAction":[{"@type":"SearchAction","target":{"@type":"EntryPoint","urlTemplate":"https:\/\/jornalfatosenoticias.com.br\/?s={search_term_string}"},"query-input":{"@type":"PropertyValueSpecification","valueRequired":true,"valueName":"search_term_string"}}],"inLanguage":"pt-BR"},{"@type":"Organization","@id":"https:\/\/jornalfatosenoticias.com.br\/#organization","name":"Jornal Fatos e Not\u00edcias","url":"https:\/\/jornalfatosenoticias.com.br\/","logo":{"@type":"ImageObject","inLanguage":"pt-BR","@id":"https:\/\/jornalfatosenoticias.com.br\/#\/schema\/logo\/image\/","url":"https:\/\/jornalfatosenoticias.com.br\/wp-content\/uploads\/2020\/02\/logo120.png","contentUrl":"https:\/\/jornalfatosenoticias.com.br\/wp-content\/uploads\/2020\/02\/logo120.png","width":1227,"height":120,"caption":"Jornal Fatos e Not\u00edcias"},"image":{"@id":"https:\/\/jornalfatosenoticias.com.br\/#\/schema\/logo\/image\/"}},{"@type":"Person","@id":"https:\/\/jornalfatosenoticias.com.br\/#\/schema\/person\/05c46cc25b42a5c27e004fb0fa6b4965","name":"Haroldo Filho","image":{"@type":"ImageObject","inLanguage":"pt-BR","@id":"https:\/\/jornalfatosenoticias.com.br\/#\/schema\/person\/image\/","url":"https:\/\/jornalfatosenoticias.com.br\/wp-content\/uploads\/2025\/08\/WhatsApp-Image-2025-08-18-at-15.30.28-150x150.jpeg","contentUrl":"https:\/\/jornalfatosenoticias.com.br\/wp-content\/uploads\/2025\/08\/WhatsApp-Image-2025-08-18-at-15.30.28-150x150.jpeg","caption":"Haroldo Filho"},"description":"Jornalista \u2013 DRT: 0003818\/ES Coordenador-geral da ONG Educar para Crescer","url":"https:\/\/jornalfatosenoticias.com.br\/index.php\/author\/haroldo\/"}]}},"cc_featured_image_caption":{"caption_text":"(Foto: Reprodu\u00e7\u00e3o) ","source_text":"","source_url":""},"jetpack_featured_media_url":"https:\/\/jornalfatosenoticias.com.br\/wp-content\/uploads\/2025\/05\/lula-viagens.jpg","_links":{"self":[{"href":"https:\/\/jornalfatosenoticias.com.br\/index.php\/wp-json\/wp\/v2\/posts\/59412","targetHints":{"allow":["GET"]}}],"collection":[{"href":"https:\/\/jornalfatosenoticias.com.br\/index.php\/wp-json\/wp\/v2\/posts"}],"about":[{"href":"https:\/\/jornalfatosenoticias.com.br\/index.php\/wp-json\/wp\/v2\/types\/post"}],"author":[{"embeddable":true,"href":"https:\/\/jornalfatosenoticias.com.br\/index.php\/wp-json\/wp\/v2\/users\/3"}],"replies":[{"embeddable":true,"href":"https:\/\/jornalfatosenoticias.com.br\/index.php\/wp-json\/wp\/v2\/comments?post=59412"}],"version-history":[{"count":0,"href":"https:\/\/jornalfatosenoticias.com.br\/index.php\/wp-json\/wp\/v2\/posts\/59412\/revisions"}],"wp:featuredmedia":[{"embeddable":true,"href":"https:\/\/jornalfatosenoticias.com.br\/index.php\/wp-json\/wp\/v2\/media\/59418"}],"wp:attachment":[{"href":"https:\/\/jornalfatosenoticias.com.br\/index.php\/wp-json\/wp\/v2\/media?parent=59412"}],"wp:term":[{"taxonomy":"category","embeddable":true,"href":"https:\/\/jornalfatosenoticias.com.br\/index.php\/wp-json\/wp\/v2\/categories?post=59412"},{"taxonomy":"post_tag","embeddable":true,"href":"https:\/\/jornalfatosenoticias.com.br\/index.php\/wp-json\/wp\/v2\/tags?post=59412"}],"curies":[{"name":"wp","href":"https:\/\/api.w.org\/{rel}","templated":true}]}}