{"id":59421,"date":"2025-05-22T15:58:55","date_gmt":"2025-05-22T18:58:55","guid":{"rendered":"https:\/\/jornalfatosenoticias.com.br\/?p=59421"},"modified":"2025-05-22T15:58:56","modified_gmt":"2025-05-22T18:58:56","slug":"o-meu-melhor-amigo","status":"publish","type":"post","link":"https:\/\/jornalfatosenoticias.com.br\/index.php\/2025\/05\/22\/o-meu-melhor-amigo\/","title":{"rendered":"O meu melhor amigo"},"content":{"rendered":"\n<div class=\"wp-block-image\"><figure class=\"aligncenter size-large\"><a href=\"https:\/\/www.instagram.com\/rcradiadores\/\"><img loading=\"lazy\" decoding=\"async\" width=\"560\" height=\"60\" src=\"https:\/\/jornalfatosenoticias.com.br\/wp-content\/uploads\/2022\/10\/Propaganda-RC-Radiadores-Jornal_page-0001.jpg\" alt=\"\" class=\"wp-image-35270\" srcset=\"https:\/\/jornalfatosenoticias.com.br\/wp-content\/uploads\/2022\/10\/Propaganda-RC-Radiadores-Jornal_page-0001.jpg 560w, https:\/\/jornalfatosenoticias.com.br\/wp-content\/uploads\/2022\/10\/Propaganda-RC-Radiadores-Jornal_page-0001-300x32.jpg 300w\" sizes=\"auto, (max-width: 560px) 100vw, 560px\" \/><\/a><\/figure><\/div>\n\n\n\n<p>Posso me recordar de quando o vi pela primeira vez. Era um rapaz franzino e cheio de sardas. Sua fam\u00edlia havia se mudado para a casa ao lado da minha. Logo ficamos amigos, mas sempre notei em seus olhares algo muito maior do que a nossa amizade. Eu era comprometida, namorava um rapaz da igreja que frequent\u00e1vamos e estava apaixonada. Sempre fui uma jovem intensa no amor, sempre me dediquei ao extremo a todos que eram importantes em minha vida. Entretanto, quando o conheci, fiquei surpresa com a sua dedica\u00e7\u00e3o e carinho por mim. Posso afirmar que nem mesmo o meu namorado me tratava daquele jeito doce.<\/p>\n\n\n\n<div class=\"wp-block-image\"><figure class=\"aligncenter size-large\"><a href=\"https:\/\/www.cesconetto.com.br\/\"><img loading=\"lazy\" decoding=\"async\" width=\"300\" height=\"250\" src=\"https:\/\/jornalfatosenoticias.com.br\/wp-content\/uploads\/2022\/02\/Banner-2.png\" alt=\"\" class=\"wp-image-27877\"\/><\/a><\/figure><\/div>\n\n\n\n<p>O meu namoro n\u00e3o estava indo muito bem. Ap\u00f3s essa nova amizade, foi imposs\u00edvel n\u00e3o comparar o meu amigo e o meu namorado. O amor do meu amigo me confortava, enquanto o amor do meu namorado me feria. Os conselhos do amigo eram o t\u00e9rmino definitivo, era somente ele na minha vida. Contudo, relutantemente, o meu cora\u00e7\u00e3o persistia naquela rela\u00e7\u00e3o que me causava desagrado. Eu n\u00e3o era valorizada e muito menos amada como deveria ser, at\u00e9 trai\u00e7\u00f5es eu descobri. Por vezes, terminei o namoro e, por fraqueza, eu voltava a me envolver. A situa\u00e7\u00e3o ficou t\u00e3o intensa e dif\u00edcil que o meu amigo decidiu ir embora. Aquilo partiu o meu cora\u00e7\u00e3o, ele n\u00e3o suportou o meu sofrimento. O certo era eu n\u00e3o ter suportado aquela situa\u00e7\u00e3o, o certo era eu ter tido a coragem de mudar e dar um basta definitivo. Fiquei com a dor e sem o conforto do meu melhor amigo.<\/p>\n\n\n\n<div class=\"wp-block-image\"><figure class=\"aligncenter size-large is-resized\"><a href=\"https:\/\/www.legisjuris.com.br\/\"><img loading=\"lazy\" decoding=\"async\" src=\"https:\/\/jornalfatosenoticias.com.br\/wp-content\/uploads\/2024\/09\/Legis-Juris-Consultoria_logo.jpg\" alt=\"\" class=\"wp-image-53915\" width=\"482\" height=\"202\" srcset=\"https:\/\/jornalfatosenoticias.com.br\/wp-content\/uploads\/2024\/09\/Legis-Juris-Consultoria_logo.jpg 969w, https:\/\/jornalfatosenoticias.com.br\/wp-content\/uploads\/2024\/09\/Legis-Juris-Consultoria_logo-300x126.jpg 300w, https:\/\/jornalfatosenoticias.com.br\/wp-content\/uploads\/2024\/09\/Legis-Juris-Consultoria_logo-768x322.jpg 768w\" sizes=\"auto, (max-width: 482px) 100vw, 482px\" \/><\/a><\/figure><\/div>\n\n\n\n<p>Meses se passaram e, mesmo na dist\u00e2ncia, fal\u00e1vamos todas as noites. Ele n\u00e3o deixou de me amar nenhum dia sequer. Fiquei depressiva, sem for\u00e7as para mudar. Por\u00e9m, compreendi que eu precisava decidir: continuar amando sozinha ou permitir que um amor verdadeiro me conduzisse. Como fui teimosa, como errei e como me feri. Quando olho para tr\u00e1s, percebo que sempre fui a maior culpada por n\u00e3o conseguir ser feliz naquela \u00e9poca. Ent\u00e3o, eu orei por dias e semanas, Deus acalmou o meu \u00edntimo de um jeito \u00fanico, tomei a decis\u00e3o e escolhi ser amada por aquele rapaz valoroso, o meu melhor amigo, o \u00fanico homem que se dedicou a mim de maneira especial. Fui embora para me encontrar com ele, acabei encontrando a felicidade. Constru\u00edmos a nossa vida com muito amor e dedica\u00e7\u00e3o, tivemos filhos e somos profundamente aben\u00e7oados. Atualmente, estamos prestes a comemorar as nossas bodas de ouro. O ouro que simboliza o valor de uma decis\u00e3o que mudou o nosso destino.<\/p>\n\n\n\n<div class=\"wp-block-image\"><figure class=\"aligncenter size-large is-resized\"><a href=\"https:\/\/www.instagram.com\/serra4x4cambioautomatico\/\"><img loading=\"lazy\" decoding=\"async\" src=\"https:\/\/jornalfatosenoticias.com.br\/wp-content\/uploads\/2024\/08\/Serra-4x4-1-886x1024.jpg\" alt=\"\" class=\"wp-image-53632\" width=\"263\" height=\"304\" srcset=\"https:\/\/jornalfatosenoticias.com.br\/wp-content\/uploads\/2024\/08\/Serra-4x4-1-886x1024.jpg 886w, https:\/\/jornalfatosenoticias.com.br\/wp-content\/uploads\/2024\/08\/Serra-4x4-1-260x300.jpg 260w, https:\/\/jornalfatosenoticias.com.br\/wp-content\/uploads\/2024\/08\/Serra-4x4-1-768x888.jpg 768w, https:\/\/jornalfatosenoticias.com.br\/wp-content\/uploads\/2024\/08\/Serra-4x4-1.jpg 1181w\" sizes=\"auto, (max-width: 263px) 100vw, 263px\" \/><\/a><\/figure><\/div>\n\n\n\n<p><span class=\"has-inline-color has-black-color\"><strong>Autora: <\/strong>Silvia Vanderss<br><strong>Conto: <\/strong>O meu melhor amigo<br><strong><em>In\u00e9dito<\/em><br>Palavras: <\/strong>426<\/span><\/p>\n","protected":false},"excerpt":{"rendered":"<p>Posso me recordar de quando o vi pela primeira vez. Era um rapaz franzino e cheio de sardas. Sua fam\u00edlia havia se mudado para a casa ao lado da minha. Logo ficamos amigos, mas sempre notei em seus olhares algo muito maior do que a nossa amizade. Eu era comprometida, namorava um rapaz da igreja [&hellip;]<\/p>\n","protected":false},"author":19,"featured_media":59422,"comment_status":"open","ping_status":"open","sticky":false,"template":"","format":"standard","meta":{"footnotes":""},"categories":[4],"tags":[4073,2233,27129,1009,27128,14853],"class_list":["post-59421","post","type-post","status-publish","format-standard","has-post-thumbnail","hentry","category-cultura","tag-amizade","tag-amor","tag-apaixonada","tag-casamento","tag-meu-melhor-amigo","tag-namorado"],"yoast_head":"<!-- This site is optimized with the Yoast SEO plugin v26.5 - https:\/\/yoast.com\/wordpress\/plugins\/seo\/ -->\n<title>O meu melhor amigo - Jornal Fatos e Not\u00edcias<\/title>\n<meta name=\"robots\" content=\"index, follow, max-snippet:-1, max-image-preview:large, max-video-preview:-1\" \/>\n<link rel=\"canonical\" href=\"https:\/\/jornalfatosenoticias.com.br\/index.php\/2025\/05\/22\/o-meu-melhor-amigo\/\" \/>\n<meta property=\"og:locale\" content=\"pt_BR\" \/>\n<meta property=\"og:type\" content=\"article\" \/>\n<meta property=\"og:title\" content=\"O meu melhor amigo - Jornal Fatos e Not\u00edcias\" \/>\n<meta property=\"og:description\" content=\"Posso me recordar de quando o vi pela primeira vez. Era um rapaz franzino e cheio de sardas. Sua fam\u00edlia havia se mudado para a casa ao lado da minha. Logo ficamos amigos, mas sempre notei em seus olhares algo muito maior do que a nossa amizade. Eu era comprometida, namorava um rapaz da igreja [&hellip;]\" \/>\n<meta property=\"og:url\" content=\"https:\/\/jornalfatosenoticias.com.br\/index.php\/2025\/05\/22\/o-meu-melhor-amigo\/\" \/>\n<meta property=\"og:site_name\" content=\"Jornal Fatos e Not\u00edcias\" \/>\n<meta property=\"article:published_time\" content=\"2025-05-22T18:58:55+00:00\" \/>\n<meta property=\"article:modified_time\" content=\"2025-05-22T18:58:56+00:00\" \/>\n<meta property=\"og:image\" content=\"https:\/\/jornalfatosenoticias.com.br\/wp-content\/uploads\/2025\/05\/casal-idosos_freepik-gerada-com-ia.jpg\" \/>\n\t<meta property=\"og:image:width\" content=\"666\" \/>\n\t<meta property=\"og:image:height\" content=\"1000\" \/>\n\t<meta property=\"og:image:type\" content=\"image\/jpeg\" \/>\n<meta name=\"author\" content=\"Silvia Vanderss\" \/>\n<meta name=\"twitter:card\" content=\"summary_large_image\" \/>\n<meta name=\"twitter:label1\" content=\"Escrito por\" \/>\n\t<meta name=\"twitter:data1\" content=\"Silvia Vanderss\" \/>\n\t<meta name=\"twitter:label2\" content=\"Est. tempo de leitura\" \/>\n\t<meta name=\"twitter:data2\" content=\"2 minutos\" \/>\n<script type=\"application\/ld+json\" class=\"yoast-schema-graph\">{\"@context\":\"https:\/\/schema.org\",\"@graph\":[{\"@type\":\"Article\",\"@id\":\"https:\/\/jornalfatosenoticias.com.br\/index.php\/2025\/05\/22\/o-meu-melhor-amigo\/#article\",\"isPartOf\":{\"@id\":\"https:\/\/jornalfatosenoticias.com.br\/index.php\/2025\/05\/22\/o-meu-melhor-amigo\/\"},\"author\":{\"name\":\"Silvia Vanderss\",\"@id\":\"https:\/\/jornalfatosenoticias.com.br\/#\/schema\/person\/1848e8dc50d3650cb68e053b98dfbdf0\"},\"headline\":\"O meu melhor amigo\",\"datePublished\":\"2025-05-22T18:58:55+00:00\",\"dateModified\":\"2025-05-22T18:58:56+00:00\",\"mainEntityOfPage\":{\"@id\":\"https:\/\/jornalfatosenoticias.com.br\/index.php\/2025\/05\/22\/o-meu-melhor-amigo\/\"},\"wordCount\":469,\"commentCount\":0,\"publisher\":{\"@id\":\"https:\/\/jornalfatosenoticias.com.br\/#organization\"},\"image\":{\"@id\":\"https:\/\/jornalfatosenoticias.com.br\/index.php\/2025\/05\/22\/o-meu-melhor-amigo\/#primaryimage\"},\"thumbnailUrl\":\"https:\/\/jornalfatosenoticias.com.br\/wp-content\/uploads\/2025\/05\/casal-idosos_freepik-gerada-com-ia.jpg\",\"keywords\":[\"amizade\",\"amor\",\"apaixonada\",\"casamento\",\"meu melhor amigo\",\"namorado\"],\"articleSection\":[\"Cultura\"],\"inLanguage\":\"pt-BR\",\"potentialAction\":[{\"@type\":\"CommentAction\",\"name\":\"Comment\",\"target\":[\"https:\/\/jornalfatosenoticias.com.br\/index.php\/2025\/05\/22\/o-meu-melhor-amigo\/#respond\"]}]},{\"@type\":\"WebPage\",\"@id\":\"https:\/\/jornalfatosenoticias.com.br\/index.php\/2025\/05\/22\/o-meu-melhor-amigo\/\",\"url\":\"https:\/\/jornalfatosenoticias.com.br\/index.php\/2025\/05\/22\/o-meu-melhor-amigo\/\",\"name\":\"O meu melhor amigo - Jornal Fatos e Not\u00edcias\",\"isPartOf\":{\"@id\":\"https:\/\/jornalfatosenoticias.com.br\/#website\"},\"primaryImageOfPage\":{\"@id\":\"https:\/\/jornalfatosenoticias.com.br\/index.php\/2025\/05\/22\/o-meu-melhor-amigo\/#primaryimage\"},\"image\":{\"@id\":\"https:\/\/jornalfatosenoticias.com.br\/index.php\/2025\/05\/22\/o-meu-melhor-amigo\/#primaryimage\"},\"thumbnailUrl\":\"https:\/\/jornalfatosenoticias.com.br\/wp-content\/uploads\/2025\/05\/casal-idosos_freepik-gerada-com-ia.jpg\",\"datePublished\":\"2025-05-22T18:58:55+00:00\",\"dateModified\":\"2025-05-22T18:58:56+00:00\",\"breadcrumb\":{\"@id\":\"https:\/\/jornalfatosenoticias.com.br\/index.php\/2025\/05\/22\/o-meu-melhor-amigo\/#breadcrumb\"},\"inLanguage\":\"pt-BR\",\"potentialAction\":[{\"@type\":\"ReadAction\",\"target\":[\"https:\/\/jornalfatosenoticias.com.br\/index.php\/2025\/05\/22\/o-meu-melhor-amigo\/\"]}]},{\"@type\":\"ImageObject\",\"inLanguage\":\"pt-BR\",\"@id\":\"https:\/\/jornalfatosenoticias.com.br\/index.php\/2025\/05\/22\/o-meu-melhor-amigo\/#primaryimage\",\"url\":\"https:\/\/jornalfatosenoticias.com.br\/wp-content\/uploads\/2025\/05\/casal-idosos_freepik-gerada-com-ia.jpg\",\"contentUrl\":\"https:\/\/jornalfatosenoticias.com.br\/wp-content\/uploads\/2025\/05\/casal-idosos_freepik-gerada-com-ia.jpg\",\"width\":666,\"height\":1000},{\"@type\":\"BreadcrumbList\",\"@id\":\"https:\/\/jornalfatosenoticias.com.br\/index.php\/2025\/05\/22\/o-meu-melhor-amigo\/#breadcrumb\",\"itemListElement\":[{\"@type\":\"ListItem\",\"position\":1,\"name\":\"In\u00edcio\",\"item\":\"https:\/\/jornalfatosenoticias.com.br\/\"},{\"@type\":\"ListItem\",\"position\":2,\"name\":\"O meu melhor amigo\"}]},{\"@type\":\"WebSite\",\"@id\":\"https:\/\/jornalfatosenoticias.com.br\/#website\",\"url\":\"https:\/\/jornalfatosenoticias.com.br\/\",\"name\":\"Jornal Fatos e Not\u00edcias\",\"description\":\"Not\u00edcias em geral\",\"publisher\":{\"@id\":\"https:\/\/jornalfatosenoticias.com.br\/#organization\"},\"potentialAction\":[{\"@type\":\"SearchAction\",\"target\":{\"@type\":\"EntryPoint\",\"urlTemplate\":\"https:\/\/jornalfatosenoticias.com.br\/?s={search_term_string}\"},\"query-input\":{\"@type\":\"PropertyValueSpecification\",\"valueRequired\":true,\"valueName\":\"search_term_string\"}}],\"inLanguage\":\"pt-BR\"},{\"@type\":\"Organization\",\"@id\":\"https:\/\/jornalfatosenoticias.com.br\/#organization\",\"name\":\"Jornal Fatos e Not\u00edcias\",\"url\":\"https:\/\/jornalfatosenoticias.com.br\/\",\"logo\":{\"@type\":\"ImageObject\",\"inLanguage\":\"pt-BR\",\"@id\":\"https:\/\/jornalfatosenoticias.com.br\/#\/schema\/logo\/image\/\",\"url\":\"https:\/\/jornalfatosenoticias.com.br\/wp-content\/uploads\/2020\/02\/logo120.png\",\"contentUrl\":\"https:\/\/jornalfatosenoticias.com.br\/wp-content\/uploads\/2020\/02\/logo120.png\",\"width\":1227,\"height\":120,\"caption\":\"Jornal Fatos e Not\u00edcias\"},\"image\":{\"@id\":\"https:\/\/jornalfatosenoticias.com.br\/#\/schema\/logo\/image\/\"}},{\"@type\":\"Person\",\"@id\":\"https:\/\/jornalfatosenoticias.com.br\/#\/schema\/person\/1848e8dc50d3650cb68e053b98dfbdf0\",\"name\":\"Silvia Vanderss\",\"image\":{\"@type\":\"ImageObject\",\"inLanguage\":\"pt-BR\",\"@id\":\"https:\/\/jornalfatosenoticias.com.br\/#\/schema\/person\/image\/\",\"url\":\"https:\/\/jornalfatosenoticias.com.br\/wp-content\/uploads\/2023\/05\/silvia-150x150.jpg\",\"contentUrl\":\"https:\/\/jornalfatosenoticias.com.br\/wp-content\/uploads\/2023\/05\/silvia-150x150.jpg\",\"caption\":\"Silvia Vanderss\"},\"description\":\"Autora capixaba, com forma\u00e7\u00e3o em Administra\u00e7\u00e3o e Letras Seis obras publicadas que abrangem os g\u00eaneros, romance, suspense e poesia Blog liter\u00e1rio: www.silviavanderss.com.br\",\"url\":\"https:\/\/jornalfatosenoticias.com.br\/index.php\/author\/silvia\/\"}]}<\/script>\n<!-- \/ Yoast SEO plugin. -->","yoast_head_json":{"title":"O meu melhor amigo - Jornal Fatos e Not\u00edcias","robots":{"index":"index","follow":"follow","max-snippet":"max-snippet:-1","max-image-preview":"max-image-preview:large","max-video-preview":"max-video-preview:-1"},"canonical":"https:\/\/jornalfatosenoticias.com.br\/index.php\/2025\/05\/22\/o-meu-melhor-amigo\/","og_locale":"pt_BR","og_type":"article","og_title":"O meu melhor amigo - Jornal Fatos e Not\u00edcias","og_description":"Posso me recordar de quando o vi pela primeira vez. Era um rapaz franzino e cheio de sardas. Sua fam\u00edlia havia se mudado para a casa ao lado da minha. Logo ficamos amigos, mas sempre notei em seus olhares algo muito maior do que a nossa amizade. Eu era comprometida, namorava um rapaz da igreja [&hellip;]","og_url":"https:\/\/jornalfatosenoticias.com.br\/index.php\/2025\/05\/22\/o-meu-melhor-amigo\/","og_site_name":"Jornal Fatos e Not\u00edcias","article_published_time":"2025-05-22T18:58:55+00:00","article_modified_time":"2025-05-22T18:58:56+00:00","og_image":[{"width":666,"height":1000,"url":"https:\/\/jornalfatosenoticias.com.br\/wp-content\/uploads\/2025\/05\/casal-idosos_freepik-gerada-com-ia.jpg","type":"image\/jpeg"}],"author":"Silvia Vanderss","twitter_card":"summary_large_image","twitter_misc":{"Escrito por":"Silvia Vanderss","Est. tempo de leitura":"2 minutos"},"schema":{"@context":"https:\/\/schema.org","@graph":[{"@type":"Article","@id":"https:\/\/jornalfatosenoticias.com.br\/index.php\/2025\/05\/22\/o-meu-melhor-amigo\/#article","isPartOf":{"@id":"https:\/\/jornalfatosenoticias.com.br\/index.php\/2025\/05\/22\/o-meu-melhor-amigo\/"},"author":{"name":"Silvia Vanderss","@id":"https:\/\/jornalfatosenoticias.com.br\/#\/schema\/person\/1848e8dc50d3650cb68e053b98dfbdf0"},"headline":"O meu melhor amigo","datePublished":"2025-05-22T18:58:55+00:00","dateModified":"2025-05-22T18:58:56+00:00","mainEntityOfPage":{"@id":"https:\/\/jornalfatosenoticias.com.br\/index.php\/2025\/05\/22\/o-meu-melhor-amigo\/"},"wordCount":469,"commentCount":0,"publisher":{"@id":"https:\/\/jornalfatosenoticias.com.br\/#organization"},"image":{"@id":"https:\/\/jornalfatosenoticias.com.br\/index.php\/2025\/05\/22\/o-meu-melhor-amigo\/#primaryimage"},"thumbnailUrl":"https:\/\/jornalfatosenoticias.com.br\/wp-content\/uploads\/2025\/05\/casal-idosos_freepik-gerada-com-ia.jpg","keywords":["amizade","amor","apaixonada","casamento","meu melhor amigo","namorado"],"articleSection":["Cultura"],"inLanguage":"pt-BR","potentialAction":[{"@type":"CommentAction","name":"Comment","target":["https:\/\/jornalfatosenoticias.com.br\/index.php\/2025\/05\/22\/o-meu-melhor-amigo\/#respond"]}]},{"@type":"WebPage","@id":"https:\/\/jornalfatosenoticias.com.br\/index.php\/2025\/05\/22\/o-meu-melhor-amigo\/","url":"https:\/\/jornalfatosenoticias.com.br\/index.php\/2025\/05\/22\/o-meu-melhor-amigo\/","name":"O meu melhor amigo - Jornal Fatos e Not\u00edcias","isPartOf":{"@id":"https:\/\/jornalfatosenoticias.com.br\/#website"},"primaryImageOfPage":{"@id":"https:\/\/jornalfatosenoticias.com.br\/index.php\/2025\/05\/22\/o-meu-melhor-amigo\/#primaryimage"},"image":{"@id":"https:\/\/jornalfatosenoticias.com.br\/index.php\/2025\/05\/22\/o-meu-melhor-amigo\/#primaryimage"},"thumbnailUrl":"https:\/\/jornalfatosenoticias.com.br\/wp-content\/uploads\/2025\/05\/casal-idosos_freepik-gerada-com-ia.jpg","datePublished":"2025-05-22T18:58:55+00:00","dateModified":"2025-05-22T18:58:56+00:00","breadcrumb":{"@id":"https:\/\/jornalfatosenoticias.com.br\/index.php\/2025\/05\/22\/o-meu-melhor-amigo\/#breadcrumb"},"inLanguage":"pt-BR","potentialAction":[{"@type":"ReadAction","target":["https:\/\/jornalfatosenoticias.com.br\/index.php\/2025\/05\/22\/o-meu-melhor-amigo\/"]}]},{"@type":"ImageObject","inLanguage":"pt-BR","@id":"https:\/\/jornalfatosenoticias.com.br\/index.php\/2025\/05\/22\/o-meu-melhor-amigo\/#primaryimage","url":"https:\/\/jornalfatosenoticias.com.br\/wp-content\/uploads\/2025\/05\/casal-idosos_freepik-gerada-com-ia.jpg","contentUrl":"https:\/\/jornalfatosenoticias.com.br\/wp-content\/uploads\/2025\/05\/casal-idosos_freepik-gerada-com-ia.jpg","width":666,"height":1000},{"@type":"BreadcrumbList","@id":"https:\/\/jornalfatosenoticias.com.br\/index.php\/2025\/05\/22\/o-meu-melhor-amigo\/#breadcrumb","itemListElement":[{"@type":"ListItem","position":1,"name":"In\u00edcio","item":"https:\/\/jornalfatosenoticias.com.br\/"},{"@type":"ListItem","position":2,"name":"O meu melhor amigo"}]},{"@type":"WebSite","@id":"https:\/\/jornalfatosenoticias.com.br\/#website","url":"https:\/\/jornalfatosenoticias.com.br\/","name":"Jornal Fatos e Not\u00edcias","description":"Not\u00edcias em geral","publisher":{"@id":"https:\/\/jornalfatosenoticias.com.br\/#organization"},"potentialAction":[{"@type":"SearchAction","target":{"@type":"EntryPoint","urlTemplate":"https:\/\/jornalfatosenoticias.com.br\/?s={search_term_string}"},"query-input":{"@type":"PropertyValueSpecification","valueRequired":true,"valueName":"search_term_string"}}],"inLanguage":"pt-BR"},{"@type":"Organization","@id":"https:\/\/jornalfatosenoticias.com.br\/#organization","name":"Jornal Fatos e Not\u00edcias","url":"https:\/\/jornalfatosenoticias.com.br\/","logo":{"@type":"ImageObject","inLanguage":"pt-BR","@id":"https:\/\/jornalfatosenoticias.com.br\/#\/schema\/logo\/image\/","url":"https:\/\/jornalfatosenoticias.com.br\/wp-content\/uploads\/2020\/02\/logo120.png","contentUrl":"https:\/\/jornalfatosenoticias.com.br\/wp-content\/uploads\/2020\/02\/logo120.png","width":1227,"height":120,"caption":"Jornal Fatos e Not\u00edcias"},"image":{"@id":"https:\/\/jornalfatosenoticias.com.br\/#\/schema\/logo\/image\/"}},{"@type":"Person","@id":"https:\/\/jornalfatosenoticias.com.br\/#\/schema\/person\/1848e8dc50d3650cb68e053b98dfbdf0","name":"Silvia Vanderss","image":{"@type":"ImageObject","inLanguage":"pt-BR","@id":"https:\/\/jornalfatosenoticias.com.br\/#\/schema\/person\/image\/","url":"https:\/\/jornalfatosenoticias.com.br\/wp-content\/uploads\/2023\/05\/silvia-150x150.jpg","contentUrl":"https:\/\/jornalfatosenoticias.com.br\/wp-content\/uploads\/2023\/05\/silvia-150x150.jpg","caption":"Silvia Vanderss"},"description":"Autora capixaba, com forma\u00e7\u00e3o em Administra\u00e7\u00e3o e Letras Seis obras publicadas que abrangem os g\u00eaneros, romance, suspense e poesia Blog liter\u00e1rio: www.silviavanderss.com.br","url":"https:\/\/jornalfatosenoticias.com.br\/index.php\/author\/silvia\/"}]}},"cc_featured_image_caption":{"caption_text":"(Foto: Freepik gerada com IA) ","source_text":"","source_url":""},"jetpack_featured_media_url":"https:\/\/jornalfatosenoticias.com.br\/wp-content\/uploads\/2025\/05\/casal-idosos_freepik-gerada-com-ia.jpg","_links":{"self":[{"href":"https:\/\/jornalfatosenoticias.com.br\/index.php\/wp-json\/wp\/v2\/posts\/59421","targetHints":{"allow":["GET"]}}],"collection":[{"href":"https:\/\/jornalfatosenoticias.com.br\/index.php\/wp-json\/wp\/v2\/posts"}],"about":[{"href":"https:\/\/jornalfatosenoticias.com.br\/index.php\/wp-json\/wp\/v2\/types\/post"}],"author":[{"embeddable":true,"href":"https:\/\/jornalfatosenoticias.com.br\/index.php\/wp-json\/wp\/v2\/users\/19"}],"replies":[{"embeddable":true,"href":"https:\/\/jornalfatosenoticias.com.br\/index.php\/wp-json\/wp\/v2\/comments?post=59421"}],"version-history":[{"count":0,"href":"https:\/\/jornalfatosenoticias.com.br\/index.php\/wp-json\/wp\/v2\/posts\/59421\/revisions"}],"wp:featuredmedia":[{"embeddable":true,"href":"https:\/\/jornalfatosenoticias.com.br\/index.php\/wp-json\/wp\/v2\/media\/59422"}],"wp:attachment":[{"href":"https:\/\/jornalfatosenoticias.com.br\/index.php\/wp-json\/wp\/v2\/media?parent=59421"}],"wp:term":[{"taxonomy":"category","embeddable":true,"href":"https:\/\/jornalfatosenoticias.com.br\/index.php\/wp-json\/wp\/v2\/categories?post=59421"},{"taxonomy":"post_tag","embeddable":true,"href":"https:\/\/jornalfatosenoticias.com.br\/index.php\/wp-json\/wp\/v2\/tags?post=59421"}],"curies":[{"name":"wp","href":"https:\/\/api.w.org\/{rel}","templated":true}]}}