{"id":59441,"date":"2025-05-23T14:16:46","date_gmt":"2025-05-23T17:16:46","guid":{"rendered":"https:\/\/jornalfatosenoticias.com.br\/?p=59441"},"modified":"2025-05-23T14:16:48","modified_gmt":"2025-05-23T17:16:48","slug":"de-numeros-a-alma-humana-a-jornada-transformadora-de-cleben-garcia","status":"publish","type":"post","link":"https:\/\/jornalfatosenoticias.com.br\/index.php\/2025\/05\/23\/de-numeros-a-alma-humana-a-jornada-transformadora-de-cleben-garcia\/","title":{"rendered":"De n\u00fameros \u00e0 alma humana: a jornada transformadora de Cleben Garcia"},"content":{"rendered":"\n<div class=\"wp-block-image\"><figure class=\"aligncenter size-large\"><a href=\"https:\/\/www.controlsystems.com.br\/\"><img loading=\"lazy\" decoding=\"async\" width=\"1024\" height=\"109\" src=\"https:\/\/jornalfatosenoticias.com.br\/wp-content\/uploads\/2020\/02\/CONTROL-CS2-1024x109.jpg\" alt=\"\" class=\"wp-image-44989\" srcset=\"https:\/\/jornalfatosenoticias.com.br\/wp-content\/uploads\/2020\/02\/CONTROL-CS2-1024x109.jpg 1024w, https:\/\/jornalfatosenoticias.com.br\/wp-content\/uploads\/2020\/02\/CONTROL-CS2-300x32.jpg 300w, https:\/\/jornalfatosenoticias.com.br\/wp-content\/uploads\/2020\/02\/CONTROL-CS2-768x82.jpg 768w, https:\/\/jornalfatosenoticias.com.br\/wp-content\/uploads\/2020\/02\/CONTROL-CS2.jpg 1120w\" sizes=\"auto, (max-width: 1024px) 100vw, 1024px\" \/><\/a><\/figure><\/div>\n\n\n\n<p>H\u00e1 pessoas que cruzam o nosso caminho e, ao inv\u00e9s de apenas passar, decidem ficar. Ficar em forma de palavra, de conselho, de escuta. Ficar como guia silencioso nos momentos em que tudo parece ruir. <strong>Cleben Garcia<\/strong> \u00e9 uma dessas pessoas.<br>Conheci Cleben no momento em que eu mesma buscava novos sentidos, novas dire\u00e7\u00f5es. E ali, entre uma escuta generosa e uma pergunta precisa, fui acolhida. Fui transformada. \u00c9 imposs\u00edvel escrever sobre ele sem deixar escapar essa nota pessoal, porque \u00e9 isso que ele faz: <strong>toca vidas de forma individual, profunda e verdadeira.<\/strong><\/p>\n\n\n\n<div class=\"wp-block-image\"><figure class=\"aligncenter size-large\"><a href=\"https:\/\/www.cesconetto.com.br\/\"><img loading=\"lazy\" decoding=\"async\" width=\"300\" height=\"250\" src=\"https:\/\/jornalfatosenoticias.com.br\/wp-content\/uploads\/2022\/02\/Banner-2.png\" alt=\"\" class=\"wp-image-27877\"\/><\/a><\/figure><\/div>\n\n\n\n<p>Cleben come\u00e7ou sua trajet\u00f3ria como contador \u2014 um profissional t\u00e9cnico, movido por exatid\u00e3o e resultados. Mas dentro dele pulsava algo maior do que planilhas: a paix\u00e3o por compreender o ser humano. Com coragem, fez uma transi\u00e7\u00e3o de carreira que muitos temem e poucos ousam. Deixou os n\u00fameros e mergulhou na alma. Hoje, \u00e9 psic\u00f3logo, especialista em programa\u00e7\u00e3o neurolingu\u00edstica (PNL), coach e facilitador de processos de desenvolvimento humano. E mais do que isso: <strong>\u00e9<\/strong> <strong>um agente de transforma\u00e7\u00e3o real e cont\u00ednua.<\/strong><\/p>\n\n\n\n<div class=\"wp-block-image\"><figure class=\"aligncenter size-large\"><img loading=\"lazy\" decoding=\"async\" width=\"799\" height=\"1000\" src=\"https:\/\/jornalfatosenoticias.com.br\/wp-content\/uploads\/2025\/05\/Cleben-Garcia.jpeg\" alt=\"\" class=\"wp-image-59442\" srcset=\"https:\/\/jornalfatosenoticias.com.br\/wp-content\/uploads\/2025\/05\/Cleben-Garcia.jpeg 799w, https:\/\/jornalfatosenoticias.com.br\/wp-content\/uploads\/2025\/05\/Cleben-Garcia-240x300.jpeg 240w, https:\/\/jornalfatosenoticias.com.br\/wp-content\/uploads\/2025\/05\/Cleben-Garcia-768x961.jpeg 768w\" sizes=\"auto, (max-width: 799px) 100vw, 799px\" \/><figcaption><em>Cleben Garcia, da BRHASIL Desenvolvimento Humano (Foto: Diego Barbosa)<\/em><\/figcaption><\/figure><\/div>\n\n\n\n<p>\u00c0 frente da <strong>BRHASIL Desenvolvimento Humano,<\/strong> Cleben lidera uma trajet\u00f3ria de impacto profundo. E este ano, a empresa celebra um marco grandioso: <strong>30 anos de hist\u00f3ria. <\/strong>S\u00e3o tr\u00eas d\u00e9cadas dedicadas a transformar pessoas, equipes e culturas organizacionais. Trinta anos plantando consci\u00eancia, colhendo crescimento e mostrando que por tr\u00e1s de cada cargo, h\u00e1 uma vida pulsando, querendo ser vista. E aqui fa\u00e7o um apelo direto a todas as lideran\u00e7as e gestores: <strong>n\u00e3o existe CNPJ forte com CPF fraco.<\/strong><\/p>\n\n\n\n<div class=\"wp-block-image\"><figure class=\"aligncenter size-large is-resized\"><a href=\"https:\/\/www.instagram.com\/serra4x4cambioautomatico\/\"><img loading=\"lazy\" decoding=\"async\" src=\"https:\/\/jornalfatosenoticias.com.br\/wp-content\/uploads\/2024\/08\/Serra-4x4-1-886x1024.jpg\" alt=\"\" class=\"wp-image-53632\" width=\"271\" height=\"313\" srcset=\"https:\/\/jornalfatosenoticias.com.br\/wp-content\/uploads\/2024\/08\/Serra-4x4-1-886x1024.jpg 886w, https:\/\/jornalfatosenoticias.com.br\/wp-content\/uploads\/2024\/08\/Serra-4x4-1-260x300.jpg 260w, https:\/\/jornalfatosenoticias.com.br\/wp-content\/uploads\/2024\/08\/Serra-4x4-1-768x888.jpg 768w, https:\/\/jornalfatosenoticias.com.br\/wp-content\/uploads\/2024\/08\/Serra-4x4-1.jpg 1181w\" sizes=\"auto, (max-width: 271px) 100vw, 271px\" \/><\/a><\/figure><\/div>\n\n\n\n<p>Cleben \u00e9 a prova viva de que investir nas pessoas \u00e9 o maior ativo de uma empresa. N\u00e3o adianta processos impec\u00e1veis, metas ambiciosas ou tecnologia de ponta, se quem carrega o crach\u00e1 est\u00e1 emocionalmente exausto, desconectado ou sufocado por padr\u00f5es que n\u00e3o respeitam sua ess\u00eancia. Empresas s\u00e3o feitas de pessoas. E pessoas precisam ser vistas, ouvidas, respeitadas. Precisam de espa\u00e7o para evoluir \u2014 n\u00e3o apenas como profissionais, mas como seres humanos.<\/p>\n\n\n\n<div class=\"wp-block-image\"><figure class=\"aligncenter size-large is-resized\"><a href=\"https:\/\/www.instagram.com\/rcradiadores\/\"><img loading=\"lazy\" decoding=\"async\" src=\"https:\/\/jornalfatosenoticias.com.br\/wp-content\/uploads\/2022\/10\/RC_800x750_page-0001.jpg\" alt=\"\" class=\"wp-image-35338\" width=\"305\" height=\"286\" srcset=\"https:\/\/jornalfatosenoticias.com.br\/wp-content\/uploads\/2022\/10\/RC_800x750_page-0001.jpg 400w, https:\/\/jornalfatosenoticias.com.br\/wp-content\/uploads\/2022\/10\/RC_800x750_page-0001-300x281.jpg 300w\" sizes=\"auto, (max-width: 305px) 100vw, 305px\" \/><\/a><\/figure><\/div>\n\n\n\n<p>Cleben ensina, com sua escuta e sabedoria, que <strong>o verdadeiro sucesso nasce de dentro para fora. <\/strong>Ele nos lembra que acolhimento n\u00e3o \u00e9 fraqueza \u2014 \u00e9 for\u00e7a. Que transformar vidas n\u00e3o \u00e9 miss\u00e3o imposs\u00edvel \u2014 \u00e9 prop\u00f3sito di\u00e1rio. Fica aqui minha gratid\u00e3o p\u00fablica a esse ser humano brilhante, que trocou os balan\u00e7os cont\u00e1beis pelos equil\u00edbrios emocionais. Que nos mostra, com simplicidade e profundidade, que<strong> a verdadeira lideran\u00e7a come\u00e7a quando olhamos para o outro com empatia e coragem.<\/strong><\/p>\n\n\n\n<div class=\"wp-block-image\"><figure class=\"aligncenter size-large is-resized\"><a href=\"https:\/\/www.facebook.com\/vetor.vix\/\"><img loading=\"lazy\" decoding=\"async\" src=\"https:\/\/jornalfatosenoticias.com.br\/wp-content\/uploads\/2023\/09\/vetorvix1024_1.jpg\" alt=\"\" class=\"wp-image-44868\" width=\"509\" height=\"135\" srcset=\"https:\/\/jornalfatosenoticias.com.br\/wp-content\/uploads\/2023\/09\/vetorvix1024_1.jpg 1024w, https:\/\/jornalfatosenoticias.com.br\/wp-content\/uploads\/2023\/09\/vetorvix1024_1-300x80.jpg 300w, https:\/\/jornalfatosenoticias.com.br\/wp-content\/uploads\/2023\/09\/vetorvix1024_1-768x205.jpg 768w\" sizes=\"auto, (max-width: 509px) 100vw, 509px\" \/><\/a><\/figure><\/div>\n\n\n\n<p>Se voc\u00ea, leitor, ainda n\u00e3o conheceu o trabalho de Cleben Garcia ou da BRHASIL, este \u00e9 o momento. Afinal, <strong>trinta anos de uma miss\u00e3o t\u00e3o nobre n\u00e3o se celebram apenas com festa \u2014 se celebram com mais transforma\u00e7\u00e3o.<\/strong><br>E acredite: basta um encontro com Cleben para entender que voc\u00ea nunca mais ser\u00e1 o mesmo.<\/p>\n","protected":false},"excerpt":{"rendered":"<p>H\u00e1 pessoas que cruzam o nosso caminho e, ao inv\u00e9s de apenas passar, decidem ficar. Ficar em forma de palavra, de conselho, de escuta. Ficar como guia silencioso nos momentos em que tudo parece ruir. Cleben Garcia \u00e9 uma dessas pessoas.Conheci Cleben no momento em que eu mesma buscava novos sentidos, novas dire\u00e7\u00f5es. E ali, [&hellip;]<\/p>\n","protected":false},"author":37,"featured_media":59443,"comment_status":"open","ping_status":"open","sticky":false,"template":"","format":"standard","meta":{"footnotes":""},"categories":[5],"tags":[27136,27138,27137,20591,12823],"class_list":["post-59441","post","type-post","status-publish","format-standard","has-post-thumbnail","hentry","category-geral","tag-alma-humana","tag-brhasil-desenvolvimento-humano","tag-cleben-garcia","tag-jornada","tag-sucesso-empresarial"],"yoast_head":"<!-- This site is optimized with the Yoast SEO plugin v26.5 - https:\/\/yoast.com\/wordpress\/plugins\/seo\/ -->\n<title>De n\u00fameros \u00e0 alma humana: a jornada transformadora de Cleben Garcia - Jornal Fatos e Not\u00edcias<\/title>\n<meta name=\"robots\" content=\"index, follow, max-snippet:-1, max-image-preview:large, max-video-preview:-1\" \/>\n<link rel=\"canonical\" href=\"https:\/\/jornalfatosenoticias.com.br\/index.php\/2025\/05\/23\/de-numeros-a-alma-humana-a-jornada-transformadora-de-cleben-garcia\/\" \/>\n<meta property=\"og:locale\" content=\"pt_BR\" \/>\n<meta property=\"og:type\" content=\"article\" \/>\n<meta property=\"og:title\" content=\"De n\u00fameros \u00e0 alma humana: a jornada transformadora de Cleben Garcia - Jornal Fatos e Not\u00edcias\" \/>\n<meta property=\"og:description\" content=\"H\u00e1 pessoas que cruzam o nosso caminho e, ao inv\u00e9s de apenas passar, decidem ficar. Ficar em forma de palavra, de conselho, de escuta. Ficar como guia silencioso nos momentos em que tudo parece ruir. Cleben Garcia \u00e9 uma dessas pessoas.Conheci Cleben no momento em que eu mesma buscava novos sentidos, novas dire\u00e7\u00f5es. E ali, [&hellip;]\" \/>\n<meta property=\"og:url\" content=\"https:\/\/jornalfatosenoticias.com.br\/index.php\/2025\/05\/23\/de-numeros-a-alma-humana-a-jornada-transformadora-de-cleben-garcia\/\" \/>\n<meta property=\"og:site_name\" content=\"Jornal Fatos e Not\u00edcias\" \/>\n<meta property=\"article:published_time\" content=\"2025-05-23T17:16:46+00:00\" \/>\n<meta property=\"article:modified_time\" content=\"2025-05-23T17:16:48+00:00\" \/>\n<meta property=\"og:image\" content=\"https:\/\/jornalfatosenoticias.com.br\/wp-content\/uploads\/2025\/05\/Cleben-Garcia_capa.jpg\" \/>\n\t<meta property=\"og:image:width\" content=\"794\" \/>\n\t<meta property=\"og:image:height\" content=\"613\" \/>\n\t<meta property=\"og:image:type\" content=\"image\/jpeg\" \/>\n<meta name=\"author\" content=\"Milena Rohr\" \/>\n<meta name=\"twitter:card\" content=\"summary_large_image\" \/>\n<meta name=\"twitter:label1\" content=\"Escrito por\" \/>\n\t<meta name=\"twitter:data1\" content=\"Milena Rohr\" \/>\n\t<meta name=\"twitter:label2\" content=\"Est. tempo de leitura\" \/>\n\t<meta name=\"twitter:data2\" content=\"2 minutos\" \/>\n<script type=\"application\/ld+json\" class=\"yoast-schema-graph\">{\"@context\":\"https:\/\/schema.org\",\"@graph\":[{\"@type\":\"Article\",\"@id\":\"https:\/\/jornalfatosenoticias.com.br\/index.php\/2025\/05\/23\/de-numeros-a-alma-humana-a-jornada-transformadora-de-cleben-garcia\/#article\",\"isPartOf\":{\"@id\":\"https:\/\/jornalfatosenoticias.com.br\/index.php\/2025\/05\/23\/de-numeros-a-alma-humana-a-jornada-transformadora-de-cleben-garcia\/\"},\"author\":{\"name\":\"Milena Rohr\",\"@id\":\"https:\/\/jornalfatosenoticias.com.br\/#\/schema\/person\/bd76a40517f387e41cc072b0d3c7d627\"},\"headline\":\"De n\u00fameros \u00e0 alma humana: a jornada transformadora de Cleben Garcia\",\"datePublished\":\"2025-05-23T17:16:46+00:00\",\"dateModified\":\"2025-05-23T17:16:48+00:00\",\"mainEntityOfPage\":{\"@id\":\"https:\/\/jornalfatosenoticias.com.br\/index.php\/2025\/05\/23\/de-numeros-a-alma-humana-a-jornada-transformadora-de-cleben-garcia\/\"},\"wordCount\":505,\"commentCount\":0,\"publisher\":{\"@id\":\"https:\/\/jornalfatosenoticias.com.br\/#organization\"},\"image\":{\"@id\":\"https:\/\/jornalfatosenoticias.com.br\/index.php\/2025\/05\/23\/de-numeros-a-alma-humana-a-jornada-transformadora-de-cleben-garcia\/#primaryimage\"},\"thumbnailUrl\":\"https:\/\/jornalfatosenoticias.com.br\/wp-content\/uploads\/2025\/05\/Cleben-Garcia_capa.jpg\",\"keywords\":[\"alma humana\",\"BRHASIL Desenvolvimento Humano\",\"Cleben Garcia\",\"jornada\",\"sucesso empresarial\"],\"articleSection\":[\"Geral\"],\"inLanguage\":\"pt-BR\",\"potentialAction\":[{\"@type\":\"CommentAction\",\"name\":\"Comment\",\"target\":[\"https:\/\/jornalfatosenoticias.com.br\/index.php\/2025\/05\/23\/de-numeros-a-alma-humana-a-jornada-transformadora-de-cleben-garcia\/#respond\"]}]},{\"@type\":\"WebPage\",\"@id\":\"https:\/\/jornalfatosenoticias.com.br\/index.php\/2025\/05\/23\/de-numeros-a-alma-humana-a-jornada-transformadora-de-cleben-garcia\/\",\"url\":\"https:\/\/jornalfatosenoticias.com.br\/index.php\/2025\/05\/23\/de-numeros-a-alma-humana-a-jornada-transformadora-de-cleben-garcia\/\",\"name\":\"De n\u00fameros \u00e0 alma humana: a jornada transformadora de Cleben Garcia - Jornal Fatos e Not\u00edcias\",\"isPartOf\":{\"@id\":\"https:\/\/jornalfatosenoticias.com.br\/#website\"},\"primaryImageOfPage\":{\"@id\":\"https:\/\/jornalfatosenoticias.com.br\/index.php\/2025\/05\/23\/de-numeros-a-alma-humana-a-jornada-transformadora-de-cleben-garcia\/#primaryimage\"},\"image\":{\"@id\":\"https:\/\/jornalfatosenoticias.com.br\/index.php\/2025\/05\/23\/de-numeros-a-alma-humana-a-jornada-transformadora-de-cleben-garcia\/#primaryimage\"},\"thumbnailUrl\":\"https:\/\/jornalfatosenoticias.com.br\/wp-content\/uploads\/2025\/05\/Cleben-Garcia_capa.jpg\",\"datePublished\":\"2025-05-23T17:16:46+00:00\",\"dateModified\":\"2025-05-23T17:16:48+00:00\",\"breadcrumb\":{\"@id\":\"https:\/\/jornalfatosenoticias.com.br\/index.php\/2025\/05\/23\/de-numeros-a-alma-humana-a-jornada-transformadora-de-cleben-garcia\/#breadcrumb\"},\"inLanguage\":\"pt-BR\",\"potentialAction\":[{\"@type\":\"ReadAction\",\"target\":[\"https:\/\/jornalfatosenoticias.com.br\/index.php\/2025\/05\/23\/de-numeros-a-alma-humana-a-jornada-transformadora-de-cleben-garcia\/\"]}]},{\"@type\":\"ImageObject\",\"inLanguage\":\"pt-BR\",\"@id\":\"https:\/\/jornalfatosenoticias.com.br\/index.php\/2025\/05\/23\/de-numeros-a-alma-humana-a-jornada-transformadora-de-cleben-garcia\/#primaryimage\",\"url\":\"https:\/\/jornalfatosenoticias.com.br\/wp-content\/uploads\/2025\/05\/Cleben-Garcia_capa.jpg\",\"contentUrl\":\"https:\/\/jornalfatosenoticias.com.br\/wp-content\/uploads\/2025\/05\/Cleben-Garcia_capa.jpg\",\"width\":794,\"height\":613},{\"@type\":\"BreadcrumbList\",\"@id\":\"https:\/\/jornalfatosenoticias.com.br\/index.php\/2025\/05\/23\/de-numeros-a-alma-humana-a-jornada-transformadora-de-cleben-garcia\/#breadcrumb\",\"itemListElement\":[{\"@type\":\"ListItem\",\"position\":1,\"name\":\"In\u00edcio\",\"item\":\"https:\/\/jornalfatosenoticias.com.br\/\"},{\"@type\":\"ListItem\",\"position\":2,\"name\":\"De n\u00fameros \u00e0 alma humana: a jornada transformadora de Cleben Garcia\"}]},{\"@type\":\"WebSite\",\"@id\":\"https:\/\/jornalfatosenoticias.com.br\/#website\",\"url\":\"https:\/\/jornalfatosenoticias.com.br\/\",\"name\":\"Jornal Fatos e Not\u00edcias\",\"description\":\"Not\u00edcias em geral\",\"publisher\":{\"@id\":\"https:\/\/jornalfatosenoticias.com.br\/#organization\"},\"potentialAction\":[{\"@type\":\"SearchAction\",\"target\":{\"@type\":\"EntryPoint\",\"urlTemplate\":\"https:\/\/jornalfatosenoticias.com.br\/?s={search_term_string}\"},\"query-input\":{\"@type\":\"PropertyValueSpecification\",\"valueRequired\":true,\"valueName\":\"search_term_string\"}}],\"inLanguage\":\"pt-BR\"},{\"@type\":\"Organization\",\"@id\":\"https:\/\/jornalfatosenoticias.com.br\/#organization\",\"name\":\"Jornal Fatos e Not\u00edcias\",\"url\":\"https:\/\/jornalfatosenoticias.com.br\/\",\"logo\":{\"@type\":\"ImageObject\",\"inLanguage\":\"pt-BR\",\"@id\":\"https:\/\/jornalfatosenoticias.com.br\/#\/schema\/logo\/image\/\",\"url\":\"https:\/\/jornalfatosenoticias.com.br\/wp-content\/uploads\/2020\/02\/logo120.png\",\"contentUrl\":\"https:\/\/jornalfatosenoticias.com.br\/wp-content\/uploads\/2020\/02\/logo120.png\",\"width\":1227,\"height\":120,\"caption\":\"Jornal Fatos e Not\u00edcias\"},\"image\":{\"@id\":\"https:\/\/jornalfatosenoticias.com.br\/#\/schema\/logo\/image\/\"}},{\"@type\":\"Person\",\"@id\":\"https:\/\/jornalfatosenoticias.com.br\/#\/schema\/person\/bd76a40517f387e41cc072b0d3c7d627\",\"name\":\"Milena Rohr\",\"image\":{\"@type\":\"ImageObject\",\"inLanguage\":\"pt-BR\",\"@id\":\"https:\/\/jornalfatosenoticias.com.br\/#\/schema\/person\/image\/\",\"url\":\"https:\/\/jornalfatosenoticias.com.br\/wp-content\/uploads\/2026\/03\/Milena-Rohr_portal-150x150.jpg\",\"contentUrl\":\"https:\/\/jornalfatosenoticias.com.br\/wp-content\/uploads\/2026\/03\/Milena-Rohr_portal-150x150.jpg\",\"caption\":\"Milena Rohr\"},\"description\":\"Milena Rohr S\u00f3cia e diretora do MasterMind (Funda\u00e7\u00e3o Napoleon Hill), Gestora Empresarial, Embaixadora do BNI, Palestrante, Escritora, Colunista e Mentora FRST do Grupo Falconi\",\"url\":\"https:\/\/jornalfatosenoticias.com.br\/index.php\/author\/milena-rhor\/\"}]}<\/script>\n<!-- \/ Yoast SEO plugin. -->","yoast_head_json":{"title":"De n\u00fameros \u00e0 alma humana: a jornada transformadora de Cleben Garcia - Jornal Fatos e Not\u00edcias","robots":{"index":"index","follow":"follow","max-snippet":"max-snippet:-1","max-image-preview":"max-image-preview:large","max-video-preview":"max-video-preview:-1"},"canonical":"https:\/\/jornalfatosenoticias.com.br\/index.php\/2025\/05\/23\/de-numeros-a-alma-humana-a-jornada-transformadora-de-cleben-garcia\/","og_locale":"pt_BR","og_type":"article","og_title":"De n\u00fameros \u00e0 alma humana: a jornada transformadora de Cleben Garcia - Jornal Fatos e Not\u00edcias","og_description":"H\u00e1 pessoas que cruzam o nosso caminho e, ao inv\u00e9s de apenas passar, decidem ficar. Ficar em forma de palavra, de conselho, de escuta. Ficar como guia silencioso nos momentos em que tudo parece ruir. Cleben Garcia \u00e9 uma dessas pessoas.Conheci Cleben no momento em que eu mesma buscava novos sentidos, novas dire\u00e7\u00f5es. E ali, [&hellip;]","og_url":"https:\/\/jornalfatosenoticias.com.br\/index.php\/2025\/05\/23\/de-numeros-a-alma-humana-a-jornada-transformadora-de-cleben-garcia\/","og_site_name":"Jornal Fatos e Not\u00edcias","article_published_time":"2025-05-23T17:16:46+00:00","article_modified_time":"2025-05-23T17:16:48+00:00","og_image":[{"width":794,"height":613,"url":"https:\/\/jornalfatosenoticias.com.br\/wp-content\/uploads\/2025\/05\/Cleben-Garcia_capa.jpg","type":"image\/jpeg"}],"author":"Milena Rohr","twitter_card":"summary_large_image","twitter_misc":{"Escrito por":"Milena Rohr","Est. tempo de leitura":"2 minutos"},"schema":{"@context":"https:\/\/schema.org","@graph":[{"@type":"Article","@id":"https:\/\/jornalfatosenoticias.com.br\/index.php\/2025\/05\/23\/de-numeros-a-alma-humana-a-jornada-transformadora-de-cleben-garcia\/#article","isPartOf":{"@id":"https:\/\/jornalfatosenoticias.com.br\/index.php\/2025\/05\/23\/de-numeros-a-alma-humana-a-jornada-transformadora-de-cleben-garcia\/"},"author":{"name":"Milena Rohr","@id":"https:\/\/jornalfatosenoticias.com.br\/#\/schema\/person\/bd76a40517f387e41cc072b0d3c7d627"},"headline":"De n\u00fameros \u00e0 alma humana: a jornada transformadora de Cleben Garcia","datePublished":"2025-05-23T17:16:46+00:00","dateModified":"2025-05-23T17:16:48+00:00","mainEntityOfPage":{"@id":"https:\/\/jornalfatosenoticias.com.br\/index.php\/2025\/05\/23\/de-numeros-a-alma-humana-a-jornada-transformadora-de-cleben-garcia\/"},"wordCount":505,"commentCount":0,"publisher":{"@id":"https:\/\/jornalfatosenoticias.com.br\/#organization"},"image":{"@id":"https:\/\/jornalfatosenoticias.com.br\/index.php\/2025\/05\/23\/de-numeros-a-alma-humana-a-jornada-transformadora-de-cleben-garcia\/#primaryimage"},"thumbnailUrl":"https:\/\/jornalfatosenoticias.com.br\/wp-content\/uploads\/2025\/05\/Cleben-Garcia_capa.jpg","keywords":["alma humana","BRHASIL Desenvolvimento Humano","Cleben Garcia","jornada","sucesso empresarial"],"articleSection":["Geral"],"inLanguage":"pt-BR","potentialAction":[{"@type":"CommentAction","name":"Comment","target":["https:\/\/jornalfatosenoticias.com.br\/index.php\/2025\/05\/23\/de-numeros-a-alma-humana-a-jornada-transformadora-de-cleben-garcia\/#respond"]}]},{"@type":"WebPage","@id":"https:\/\/jornalfatosenoticias.com.br\/index.php\/2025\/05\/23\/de-numeros-a-alma-humana-a-jornada-transformadora-de-cleben-garcia\/","url":"https:\/\/jornalfatosenoticias.com.br\/index.php\/2025\/05\/23\/de-numeros-a-alma-humana-a-jornada-transformadora-de-cleben-garcia\/","name":"De n\u00fameros \u00e0 alma humana: a jornada transformadora de Cleben Garcia - Jornal Fatos e Not\u00edcias","isPartOf":{"@id":"https:\/\/jornalfatosenoticias.com.br\/#website"},"primaryImageOfPage":{"@id":"https:\/\/jornalfatosenoticias.com.br\/index.php\/2025\/05\/23\/de-numeros-a-alma-humana-a-jornada-transformadora-de-cleben-garcia\/#primaryimage"},"image":{"@id":"https:\/\/jornalfatosenoticias.com.br\/index.php\/2025\/05\/23\/de-numeros-a-alma-humana-a-jornada-transformadora-de-cleben-garcia\/#primaryimage"},"thumbnailUrl":"https:\/\/jornalfatosenoticias.com.br\/wp-content\/uploads\/2025\/05\/Cleben-Garcia_capa.jpg","datePublished":"2025-05-23T17:16:46+00:00","dateModified":"2025-05-23T17:16:48+00:00","breadcrumb":{"@id":"https:\/\/jornalfatosenoticias.com.br\/index.php\/2025\/05\/23\/de-numeros-a-alma-humana-a-jornada-transformadora-de-cleben-garcia\/#breadcrumb"},"inLanguage":"pt-BR","potentialAction":[{"@type":"ReadAction","target":["https:\/\/jornalfatosenoticias.com.br\/index.php\/2025\/05\/23\/de-numeros-a-alma-humana-a-jornada-transformadora-de-cleben-garcia\/"]}]},{"@type":"ImageObject","inLanguage":"pt-BR","@id":"https:\/\/jornalfatosenoticias.com.br\/index.php\/2025\/05\/23\/de-numeros-a-alma-humana-a-jornada-transformadora-de-cleben-garcia\/#primaryimage","url":"https:\/\/jornalfatosenoticias.com.br\/wp-content\/uploads\/2025\/05\/Cleben-Garcia_capa.jpg","contentUrl":"https:\/\/jornalfatosenoticias.com.br\/wp-content\/uploads\/2025\/05\/Cleben-Garcia_capa.jpg","width":794,"height":613},{"@type":"BreadcrumbList","@id":"https:\/\/jornalfatosenoticias.com.br\/index.php\/2025\/05\/23\/de-numeros-a-alma-humana-a-jornada-transformadora-de-cleben-garcia\/#breadcrumb","itemListElement":[{"@type":"ListItem","position":1,"name":"In\u00edcio","item":"https:\/\/jornalfatosenoticias.com.br\/"},{"@type":"ListItem","position":2,"name":"De n\u00fameros \u00e0 alma humana: a jornada transformadora de Cleben Garcia"}]},{"@type":"WebSite","@id":"https:\/\/jornalfatosenoticias.com.br\/#website","url":"https:\/\/jornalfatosenoticias.com.br\/","name":"Jornal Fatos e Not\u00edcias","description":"Not\u00edcias em geral","publisher":{"@id":"https:\/\/jornalfatosenoticias.com.br\/#organization"},"potentialAction":[{"@type":"SearchAction","target":{"@type":"EntryPoint","urlTemplate":"https:\/\/jornalfatosenoticias.com.br\/?s={search_term_string}"},"query-input":{"@type":"PropertyValueSpecification","valueRequired":true,"valueName":"search_term_string"}}],"inLanguage":"pt-BR"},{"@type":"Organization","@id":"https:\/\/jornalfatosenoticias.com.br\/#organization","name":"Jornal Fatos e Not\u00edcias","url":"https:\/\/jornalfatosenoticias.com.br\/","logo":{"@type":"ImageObject","inLanguage":"pt-BR","@id":"https:\/\/jornalfatosenoticias.com.br\/#\/schema\/logo\/image\/","url":"https:\/\/jornalfatosenoticias.com.br\/wp-content\/uploads\/2020\/02\/logo120.png","contentUrl":"https:\/\/jornalfatosenoticias.com.br\/wp-content\/uploads\/2020\/02\/logo120.png","width":1227,"height":120,"caption":"Jornal Fatos e Not\u00edcias"},"image":{"@id":"https:\/\/jornalfatosenoticias.com.br\/#\/schema\/logo\/image\/"}},{"@type":"Person","@id":"https:\/\/jornalfatosenoticias.com.br\/#\/schema\/person\/bd76a40517f387e41cc072b0d3c7d627","name":"Milena Rohr","image":{"@type":"ImageObject","inLanguage":"pt-BR","@id":"https:\/\/jornalfatosenoticias.com.br\/#\/schema\/person\/image\/","url":"https:\/\/jornalfatosenoticias.com.br\/wp-content\/uploads\/2026\/03\/Milena-Rohr_portal-150x150.jpg","contentUrl":"https:\/\/jornalfatosenoticias.com.br\/wp-content\/uploads\/2026\/03\/Milena-Rohr_portal-150x150.jpg","caption":"Milena Rohr"},"description":"Milena Rohr S\u00f3cia e diretora do MasterMind (Funda\u00e7\u00e3o Napoleon Hill), Gestora Empresarial, Embaixadora do BNI, Palestrante, Escritora, Colunista e Mentora FRST do Grupo Falconi","url":"https:\/\/jornalfatosenoticias.com.br\/index.php\/author\/milena-rhor\/"}]}},"cc_featured_image_caption":{"caption_text":"(Foto: Diego Barbosa) ","source_text":"","source_url":""},"jetpack_featured_media_url":"https:\/\/jornalfatosenoticias.com.br\/wp-content\/uploads\/2025\/05\/Cleben-Garcia_capa.jpg","_links":{"self":[{"href":"https:\/\/jornalfatosenoticias.com.br\/index.php\/wp-json\/wp\/v2\/posts\/59441","targetHints":{"allow":["GET"]}}],"collection":[{"href":"https:\/\/jornalfatosenoticias.com.br\/index.php\/wp-json\/wp\/v2\/posts"}],"about":[{"href":"https:\/\/jornalfatosenoticias.com.br\/index.php\/wp-json\/wp\/v2\/types\/post"}],"author":[{"embeddable":true,"href":"https:\/\/jornalfatosenoticias.com.br\/index.php\/wp-json\/wp\/v2\/users\/37"}],"replies":[{"embeddable":true,"href":"https:\/\/jornalfatosenoticias.com.br\/index.php\/wp-json\/wp\/v2\/comments?post=59441"}],"version-history":[{"count":0,"href":"https:\/\/jornalfatosenoticias.com.br\/index.php\/wp-json\/wp\/v2\/posts\/59441\/revisions"}],"wp:featuredmedia":[{"embeddable":true,"href":"https:\/\/jornalfatosenoticias.com.br\/index.php\/wp-json\/wp\/v2\/media\/59443"}],"wp:attachment":[{"href":"https:\/\/jornalfatosenoticias.com.br\/index.php\/wp-json\/wp\/v2\/media?parent=59441"}],"wp:term":[{"taxonomy":"category","embeddable":true,"href":"https:\/\/jornalfatosenoticias.com.br\/index.php\/wp-json\/wp\/v2\/categories?post=59441"},{"taxonomy":"post_tag","embeddable":true,"href":"https:\/\/jornalfatosenoticias.com.br\/index.php\/wp-json\/wp\/v2\/tags?post=59441"}],"curies":[{"name":"wp","href":"https:\/\/api.w.org\/{rel}","templated":true}]}}