{"id":59458,"date":"2025-05-26T11:08:45","date_gmt":"2025-05-26T14:08:45","guid":{"rendered":"https:\/\/jornalfatosenoticias.com.br\/?p=59458"},"modified":"2026-02-10T12:22:25","modified_gmt":"2026-02-10T15:22:25","slug":"a-necessaria-discussao-sobre-a-reindustrializacao-do-espirito-santo","status":"publish","type":"post","link":"https:\/\/jornalfatosenoticias.com.br\/index.php\/2025\/05\/26\/a-necessaria-discussao-sobre-a-reindustrializacao-do-espirito-santo\/","title":{"rendered":"A necess\u00e1ria discuss\u00e3o sobre a reindustrializa\u00e7\u00e3o do Esp\u00edrito Santo"},"content":{"rendered":"\n<p><em><span class=\"has-inline-color has-black-color\">Pa\u00edses desenvolvidos possuem pol\u00edticas espec\u00edficas para o setor industrial, sendo necess\u00e1rio o estabelecimento de metas de longo prazo<\/span><\/em><\/p>\n\n\n<div class=\"wp-block-image\">\n<figure class=\"aligncenter size-large is-resized\"><a href=\"https:\/\/www.facebook.com\/vetor.vix\/\"><img loading=\"lazy\" decoding=\"async\" width=\"1024\" height=\"273\" src=\"https:\/\/jornalfatosenoticias.com.br\/wp-content\/uploads\/2023\/09\/vetorvix1024_1.jpg\" alt=\"\" class=\"wp-image-44868\" style=\"width:539px;height:143px\" srcset=\"https:\/\/jornalfatosenoticias.com.br\/wp-content\/uploads\/2023\/09\/vetorvix1024_1.jpg 1024w, https:\/\/jornalfatosenoticias.com.br\/wp-content\/uploads\/2023\/09\/vetorvix1024_1-300x80.jpg 300w, https:\/\/jornalfatosenoticias.com.br\/wp-content\/uploads\/2023\/09\/vetorvix1024_1-768x205.jpg 768w\" sizes=\"auto, (max-width: 1024px) 100vw, 1024px\" \/><\/a><\/figure>\n<\/div>\n\n\n<p>A quest\u00e3o da desindustrializa\u00e7\u00e3o brasileira n\u00e3o \u00e9 recente, recua a pelo menos quatro d\u00e9cadas. Sua retra\u00e7\u00e3o em rela\u00e7\u00e3o ao setor de servi\u00e7os e do agroneg\u00f3cio \u00e9 evidente e prejudicial para o pa\u00eds, em virtude de ser a ind\u00fastria o setor onde conte\u00fado tecnol\u00f3gico e capital \u00e9 agregado de forma intensiva. Desta forma, exige demanda de trabalhadores altamente capacitados e serve como \u00e2ncoras para o desenvolvimento onde se instalam. A pol\u00edtica do governo federal para este setor, intitulada por Nova Ind\u00fastria Brasil (NIB), prev\u00ea investimentos de aproximadamente R$ 300 bilh\u00f5es de reais at\u00e9 2026, al\u00e9m de financiamentos para o setor. Falar em reindustrializa\u00e7\u00e3o para este setor faz todo o sentido.<\/p>\n\n\n\n<blockquote class=\"wp-block-quote is-layout-flow wp-block-quote-is-layout-flow\">\n<p><em><span class=\"has-inline-color has-luminous-vivid-orange-color\">Burocracia excessiva e alta carga tribut\u00e1ria s\u00e3o outros fatores que comprometem a vitalidade e dinamismo deste setor<\/span><\/em><\/p>\n<\/blockquote>\n\n\n<div class=\"wp-block-image\">\n<figure class=\"aligncenter size-large is-resized\"><a href=\"https:\/\/panper.com.br\/\"><img loading=\"lazy\" decoding=\"async\" width=\"400\" height=\"277\" src=\"https:\/\/jornalfatosenoticias.com.br\/wp-content\/uploads\/2023\/03\/logo-Panper_portal.jpg\" alt=\"\" class=\"wp-image-40208\" style=\"width:323px;height:224px\" srcset=\"https:\/\/jornalfatosenoticias.com.br\/wp-content\/uploads\/2023\/03\/logo-Panper_portal.jpg 400w, https:\/\/jornalfatosenoticias.com.br\/wp-content\/uploads\/2023\/03\/logo-Panper_portal-300x208.jpg 300w\" sizes=\"auto, (max-width: 400px) 100vw, 400px\" \/><\/a><\/figure>\n<\/div>\n\n\n<p>Pa\u00edses desenvolvidos possuem pol\u00edticas espec\u00edficas para o setor industrial, sendo necess\u00e1rio o estabelecimento de metas de longo prazo. No caso brasileiro seria necess\u00e1rio considerar a \u201ccurva de aprendizado\u201d adquirida nas \u00faltimas d\u00e9cadas, como a inefic\u00e1cia da pol\u00edtica dos \u201ccampe\u00f5es nacionais\u201d, elimina\u00e7\u00e3o de subs\u00eddios para setores industriais ineficientes e alinhamento de uma pol\u00edtica industrial com maior abertura ao com\u00e9rcio exterior, estimulando sempre concorr\u00eancia e mecanismos rigorosos de \u201ccompliance\u201d. Burocracia excessiva e alta carga tribut\u00e1ria s\u00e3o outros fatores que comprometem a vitalidade e dinamismo deste setor.<\/p>\n\n\n<div class=\"wp-block-image\">\n<figure class=\"aligncenter size-large\"><img loading=\"lazy\" decoding=\"async\" width=\"453\" height=\"460\" src=\"https:\/\/jornalfatosenoticias.com.br\/wp-content\/uploads\/2025\/05\/PIB_Robson-do-Vale.jpg\" alt=\"\" class=\"wp-image-59459\" srcset=\"https:\/\/jornalfatosenoticias.com.br\/wp-content\/uploads\/2025\/05\/PIB_Robson-do-Vale.jpg 453w, https:\/\/jornalfatosenoticias.com.br\/wp-content\/uploads\/2025\/05\/PIB_Robson-do-Vale-295x300.jpg 295w\" sizes=\"auto, (max-width: 453px) 100vw, 453px\" \/><figcaption class=\"wp-element-caption\"><em><span class=\"has-inline-color has-black-color\">Fonte: https:\/\/www.poder360.com.br\/poder-economia\/peso-da-industria-no-pib-cai-no-pos-redemocratizacao\/, acesso em 23\/05\/2025<\/span><\/em><\/figcaption><\/figure>\n<\/div>\n\n\n<p>Tamb\u00e9m n\u00e3o se pode discutir uma pol\u00edtica industrial de longo prazo sem considerar temas como inseguran\u00e7a jur\u00eddica, dirigismo estatal e infraestrutura prec\u00e1ria, nos modais log\u00edsticos. Soma-se a isso a necess\u00e1ria forma\u00e7\u00e3o de capital humano qualificado para esse ambiente, onde inova\u00e7\u00e3o, meritocracia e empreendedorismo andam de m\u00e3os juntas.<\/p>\n\n\n<div class=\"wp-block-image\">\n<figure class=\"aligncenter size-large is-resized\"><a href=\"https:\/\/www.facebook.com\/postobkr\/?locale=pt_BR\"><img loading=\"lazy\" decoding=\"async\" width=\"1024\" height=\"1021\" src=\"https:\/\/jornalfatosenoticias.com.br\/wp-content\/uploads\/2023\/08\/BKR-1024x1021.jpg\" alt=\"\" class=\"wp-image-44494\" style=\"width:294px;height:293px\" srcset=\"https:\/\/jornalfatosenoticias.com.br\/wp-content\/uploads\/2023\/08\/BKR-1024x1021.jpg 1024w, https:\/\/jornalfatosenoticias.com.br\/wp-content\/uploads\/2023\/08\/BKR-300x300.jpg 300w, https:\/\/jornalfatosenoticias.com.br\/wp-content\/uploads\/2023\/08\/BKR-150x150.jpg 150w, https:\/\/jornalfatosenoticias.com.br\/wp-content\/uploads\/2023\/08\/BKR-768x766.jpg 768w, https:\/\/jornalfatosenoticias.com.br\/wp-content\/uploads\/2023\/08\/BKR.jpg 1080w\" sizes=\"auto, (max-width: 1024px) 100vw, 1024px\" \/><\/a><\/figure>\n<\/div>\n\n\n<p>O Esp\u00edrito Santo est\u00e1 bem posicionado para esse debate, em virtude de suas caracter\u00edsticas geogr\u00e1ficas e sua voca\u00e7\u00e3o natural para o com\u00e9rcio exterior. A exist\u00eancia de incentivos fiscais \u00e9 importante, como a inser\u00e7\u00e3o na \u00e1rea da Sudene e mecanismos como o Invest-ES, entretanto, o estabelecimento de metas de longo prazo deveria priorizar li\u00e7\u00f5es b\u00e1sicas que apresentam resultados a bastante tempo.<\/p>\n\n\n<div class=\"wp-block-image\">\n<figure class=\"aligncenter size-large is-resized\"><a href=\"https:\/\/www.controlsystems.com.br\/\"><img loading=\"lazy\" decoding=\"async\" width=\"834\" height=\"1000\" src=\"https:\/\/jornalfatosenoticias.com.br\/wp-content\/uploads\/2020\/02\/CONTROL-CS.jpg\" alt=\"\" class=\"wp-image-44991\" style=\"width:252px;height:301px\" srcset=\"https:\/\/jornalfatosenoticias.com.br\/wp-content\/uploads\/2020\/02\/CONTROL-CS.jpg 834w, https:\/\/jornalfatosenoticias.com.br\/wp-content\/uploads\/2020\/02\/CONTROL-CS-250x300.jpg 250w, https:\/\/jornalfatosenoticias.com.br\/wp-content\/uploads\/2020\/02\/CONTROL-CS-768x921.jpg 768w\" sizes=\"auto, (max-width: 834px) 100vw, 834px\" \/><\/a><\/figure>\n<\/div>\n\n\n<p>S\u00e3o exemplos a agroind\u00fastria de papel e celulose integrada a um terminal portu\u00e1rio pr\u00f3ximo (Aracruz), sider\u00fargicas acopladas a portos de exporta\u00e7\u00e3o (Serra) e, recentemente grandes agroind\u00fastrias de caf\u00e9 sol\u00favel (Linhares), pr\u00f3ximas de um novo porto em seu munic\u00edpio vizinho (Aracruz). Isto sem citar o setor de m\u00e1rmore e granito, no sul do Estado, que ser\u00e1 beneficiado pela expans\u00e3o portu\u00e1ria contratada para aquela regi\u00e3o.<\/p>\n\n\n<div class=\"wp-block-image\">\n<figure class=\"aligncenter size-large\"><a href=\"http:\/\/www.ferrarimaquinas.com.br\/\"><img loading=\"lazy\" decoding=\"async\" width=\"300\" height=\"250\" src=\"https:\/\/jornalfatosenoticias.com.br\/wp-content\/uploads\/2022\/02\/FERRARI_MAQUINAS-E-FERRAMENTAS2.jpg\" alt=\"\" class=\"wp-image-27860\"\/><\/a><\/figure>\n<\/div>\n\n\n<p>Isto sinaliza que nossa reindustrializa\u00e7\u00e3o do Esp\u00edrito Santo passa por uma integra\u00e7\u00e3o com sua voca\u00e7\u00e3o para o com\u00e9rcio exterior, que \u00e9 diversificada e ligada aos aspectos geogr\u00e1ficos e recursos de cada regi\u00e3o. Expectativa semelhante aconteceria na regi\u00e3o de Concei\u00e7\u00e3o de Barra, onde a explora\u00e7\u00e3o de sal-gema para fins industriais poderia beneficiar e ser beneficiada por um projeto portu\u00e1rio de grande porte em S\u00e3o Mateus.<\/p>\n\n\n<div class=\"wp-block-image\">\n<figure class=\"aligncenter size-large\"><img loading=\"lazy\" decoding=\"async\" width=\"750\" height=\"734\" src=\"https:\/\/jornalfatosenoticias.com.br\/wp-content\/uploads\/2025\/05\/Mapa-ES_Robson-do-Vale.jpg\" alt=\"\" class=\"wp-image-59460\" srcset=\"https:\/\/jornalfatosenoticias.com.br\/wp-content\/uploads\/2025\/05\/Mapa-ES_Robson-do-Vale.jpg 750w, https:\/\/jornalfatosenoticias.com.br\/wp-content\/uploads\/2025\/05\/Mapa-ES_Robson-do-Vale-300x294.jpg 300w\" sizes=\"auto, (max-width: 750px) 100vw, 750px\" \/><figcaption class=\"wp-element-caption\"><em><span class=\"has-inline-color has-black-color\">Fonte: https:\/\/planometropolitano.es.gov.br\/Media\/comdevit\/Refer%C3%AAncias\/PELTS%20Vol%205%20-%20Componente%20Portu%C3%A1rio.pdf, acesso em 23\/05\/2025<\/span><\/em><\/figcaption><\/figure>\n<\/div>\n\n\n<p>Em Vila Velha, a proximidade com o porto de Vit\u00f3ria apresenta reais condi\u00e7\u00f5es para que as empresas de Qu\u00edmica Fina (cosm\u00e9ticos, p.ex.) ali instaladas, ganhem escala em projetos industriais de maior porte. Esse fato seria favorecido pela sua proximidade tamb\u00e9m com Cariacica, um polo log\u00edstico estrat\u00e9gico no Estado, com significativos investimentos em condom\u00ednios log\u00edsticos e centros de distribui\u00e7\u00e3o.<\/p>\n\n\n<div class=\"wp-block-image\">\n<figure class=\"aligncenter size-large is-resized\"><a href=\"https:\/\/www.instagram.com\/serra4x4cambioautomatico\/\"><img loading=\"lazy\" decoding=\"async\" width=\"886\" height=\"1024\" src=\"https:\/\/jornalfatosenoticias.com.br\/wp-content\/uploads\/2024\/08\/Serra-4x4-1-886x1024.jpg\" alt=\"\" class=\"wp-image-53632\" style=\"width:271px;height:313px\" srcset=\"https:\/\/jornalfatosenoticias.com.br\/wp-content\/uploads\/2024\/08\/Serra-4x4-1-886x1024.jpg 886w, https:\/\/jornalfatosenoticias.com.br\/wp-content\/uploads\/2024\/08\/Serra-4x4-1-260x300.jpg 260w, https:\/\/jornalfatosenoticias.com.br\/wp-content\/uploads\/2024\/08\/Serra-4x4-1-768x888.jpg 768w, https:\/\/jornalfatosenoticias.com.br\/wp-content\/uploads\/2024\/08\/Serra-4x4-1.jpg 1181w\" sizes=\"auto, (max-width: 886px) 100vw, 886px\" \/><\/a><\/figure>\n<\/div>\n\n\n<p>Outra caracter\u00edstica interessante \u00e9 do setor de petr\u00f3leo e g\u00e1s aqui instalado. J\u00e1 existe o setor portu\u00e1rio espec\u00edfico, em v\u00e1rios pontos do Estado, entretanto, n\u00e3o temos ainda uma ind\u00fastria petroqu\u00edmica integrada a estes terminais. At\u00e9 pouco tempo atr\u00e1s (2015), existiu a expectativa de uma unidade de produ\u00e7\u00e3o de fertilizantes e outros produtos qu\u00edmicos (metanol, melamina, dentre outros) a partir do g\u00e1s natural, em Linhares (definido pela Petrobras como UFN-IV), contudo por raz\u00f5es diversas, n\u00e3o prosperou. Ainda assim, existem especula\u00e7\u00f5es de projetos ligados a este setor, como a produ\u00e7\u00e3o de combust\u00edveis em refinarias modulares em Jaguar\u00e9, pelo setor privado.<\/p>\n\n\n<div class=\"wp-block-image\">\n<figure class=\"aligncenter size-large is-resized\"><a href=\"https:\/\/www.legisjuris.com.br\/\"><img loading=\"lazy\" decoding=\"async\" width=\"969\" height=\"406\" src=\"https:\/\/jornalfatosenoticias.com.br\/wp-content\/uploads\/2024\/09\/Legis-Juris-Consultoria_logo.jpg\" alt=\"\" class=\"wp-image-53915\" style=\"width:506px;height:212px\" srcset=\"https:\/\/jornalfatosenoticias.com.br\/wp-content\/uploads\/2024\/09\/Legis-Juris-Consultoria_logo.jpg 969w, https:\/\/jornalfatosenoticias.com.br\/wp-content\/uploads\/2024\/09\/Legis-Juris-Consultoria_logo-300x126.jpg 300w, https:\/\/jornalfatosenoticias.com.br\/wp-content\/uploads\/2024\/09\/Legis-Juris-Consultoria_logo-768x322.jpg 768w\" sizes=\"auto, (max-width: 969px) 100vw, 969px\" \/><\/a><\/figure>\n<\/div>\n\n\n<p>Al\u00e9m disso, \u00e9 necess\u00e1rio inserir a quest\u00e3o ambiental neste debate e a falsa dicotomia entre desenvolvimento e destrui\u00e7\u00e3o do meio ambiente. No passado, previs\u00f5es catastrofistas ocorreram durante a introdu\u00e7\u00e3o do eucalipto, inicialmente em Aracruz, e que n\u00e3o ocorreram. De fato, a quest\u00e3o ambiental faz parte de um conjunto de interesses que s\u00e3o de fato, inegoci\u00e1veis, pela nossa sociedade. E isto se reflete na elabora\u00e7\u00e3o de qualquer projeto industrial com documentos fundamentais como EIA\/RIMA e licen\u00e7as ambientais (LI, LO e LP).<\/p>\n\n\n<div class=\"wp-block-image\">\n<figure class=\"aligncenter size-large is-resized\"><a href=\"https:\/\/www.instagram.com\/esteio.churrascaria\/\"><img loading=\"lazy\" decoding=\"async\" width=\"1024\" height=\"730\" src=\"https:\/\/jornalfatosenoticias.com.br\/wp-content\/uploads\/2022\/02\/LOGO-ESTEIO-1024x730.png\" alt=\"\" class=\"wp-image-27942\" style=\"width:326px;height:232px\" srcset=\"https:\/\/jornalfatosenoticias.com.br\/wp-content\/uploads\/2022\/02\/LOGO-ESTEIO-1024x730.png 1024w, https:\/\/jornalfatosenoticias.com.br\/wp-content\/uploads\/2022\/02\/LOGO-ESTEIO-300x214.png 300w, https:\/\/jornalfatosenoticias.com.br\/wp-content\/uploads\/2022\/02\/LOGO-ESTEIO-768x548.png 768w, https:\/\/jornalfatosenoticias.com.br\/wp-content\/uploads\/2022\/02\/LOGO-ESTEIO.png 1123w\" sizes=\"auto, (max-width: 1024px) 100vw, 1024px\" \/><\/a><\/figure>\n<\/div>\n\n\n<p>O programa Nova Ind\u00fastria Brasil at\u00e9 possui alguns aspectos positivos, quando apresenta a inten\u00e7\u00e3o de incentivar investimentos em P&amp;D e suporte financeiro para moderniza\u00e7\u00e3o de equipamentos, ainda assim o cerne de uma pol\u00edtica industrial sustent\u00e1vel deve mirar sempre o longo prazo. Neste aspecto \u00e9 imprescind\u00edvel equacionar a grave quest\u00e3o fiscal das contas p\u00fablicas da Uni\u00e3o, para que taxas de juros possam convergir para valores que permitam a atratividade de investimentos industriais (p.ex., a TIR), de todos os portes.<\/p>\n\n\n<div class=\"wp-block-image\">\n<figure class=\"aligncenter size-large is-resized\"><a href=\"https:\/\/www.facebook.com\/profile.php?id=100069289606145\"><img loading=\"lazy\" decoding=\"async\" width=\"1024\" height=\"714\" src=\"https:\/\/jornalfatosenoticias.com.br\/wp-content\/uploads\/2024\/11\/Guaitolini-Contabilidade-1024x714.jpeg\" alt=\"\" class=\"wp-image-55808\" style=\"width:349px;height:243px\" srcset=\"https:\/\/jornalfatosenoticias.com.br\/wp-content\/uploads\/2024\/11\/Guaitolini-Contabilidade-1024x714.jpeg 1024w, https:\/\/jornalfatosenoticias.com.br\/wp-content\/uploads\/2024\/11\/Guaitolini-Contabilidade-300x209.jpeg 300w, https:\/\/jornalfatosenoticias.com.br\/wp-content\/uploads\/2024\/11\/Guaitolini-Contabilidade-768x535.jpeg 768w, https:\/\/jornalfatosenoticias.com.br\/wp-content\/uploads\/2024\/11\/Guaitolini-Contabilidade.jpeg 1280w\" sizes=\"auto, (max-width: 1024px) 100vw, 1024px\" \/><\/a><\/figure>\n<\/div>\n\n\n<p>O Esp\u00edrito Santo possui in\u00fameras possibilidades para uma reindustrializa\u00e7\u00e3o sustent\u00e1vel, para que sua popula\u00e7\u00e3o prospere. O setor industrial sempre que se consolida em uma regi\u00e3o, se torna grande impulsionador de seu desenvolvimento, por\u00e9m isto n\u00e3o pode se dar por pol\u00edticas de subs\u00eddios de curto prazo, ignorando condi\u00e7\u00f5es estruturantes da economia no longo prazo. O pa\u00eds j\u00e1 testou pol\u00edticas neste sentido no passado recente, com resultados conhecidos. Cabe a n\u00f3s o posicionamento no novo ciclo pol\u00edtico que se inicia em 2026, para que nossas escolhas se traduzam em reais condi\u00e7\u00f5es de desenvolvimento econ\u00f4mico e social para o povo capixaba.<\/p>\n\n\n<div class=\"wp-block-image\">\n<figure class=\"aligncenter size-large is-resized\"><a href=\"https:\/\/hotelmarquetti.com.br\/\"><img loading=\"lazy\" decoding=\"async\" width=\"1024\" height=\"680\" src=\"https:\/\/jornalfatosenoticias.com.br\/wp-content\/uploads\/2020\/02\/LOGO-MQ-1024x680.jpg\" alt=\"\" class=\"wp-image-58299\" style=\"width:336px;height:223px\" srcset=\"https:\/\/jornalfatosenoticias.com.br\/wp-content\/uploads\/2020\/02\/LOGO-MQ-1024x680.jpg 1024w, https:\/\/jornalfatosenoticias.com.br\/wp-content\/uploads\/2020\/02\/LOGO-MQ-300x199.jpg 300w, https:\/\/jornalfatosenoticias.com.br\/wp-content\/uploads\/2020\/02\/LOGO-MQ-768x510.jpg 768w, https:\/\/jornalfatosenoticias.com.br\/wp-content\/uploads\/2020\/02\/LOGO-MQ-1536x1020.jpg 1536w, https:\/\/jornalfatosenoticias.com.br\/wp-content\/uploads\/2020\/02\/LOGO-MQ-2048x1360.jpg 2048w\" sizes=\"auto, (max-width: 1024px) 100vw, 1024px\" \/><\/a><\/figure>\n<\/div>","protected":false},"excerpt":{"rendered":"<p>Pa\u00edses desenvolvidos possuem pol\u00edticas espec\u00edficas para o setor industrial, sendo necess\u00e1rio o estabelecimento de metas de longo prazo A quest\u00e3o da desindustrializa\u00e7\u00e3o brasileira n\u00e3o \u00e9 recente, recua a pelo menos quatro d\u00e9cadas. Sua retra\u00e7\u00e3o em rela\u00e7\u00e3o ao setor de servi\u00e7os e do agroneg\u00f3cio \u00e9 evidente e prejudicial para o pa\u00eds, em virtude de ser a [&hellip;]<\/p>\n","protected":false},"author":42,"featured_media":59461,"comment_status":"open","ping_status":"open","sticky":false,"template":"","format":"standard","meta":{"footnotes":""},"categories":[9],"tags":[100,7566,27150,27148,27149,27151,12697],"class_list":["post-59458","post","type-post","status-publish","format-standard","has-post-thumbnail","hentry","category-economia","tag-espirito-santo","tag-incentivos-fiscais","tag-investimentos-industriais","tag-politica-industrial","tag-reindustrializacao-do-espirito-santo","tag-subsidios","tag-taxas-de-juros"],"yoast_head":"<!-- This site is optimized with the Yoast SEO plugin v26.5 - https:\/\/yoast.com\/wordpress\/plugins\/seo\/ -->\n<title>A necess\u00e1ria discuss\u00e3o sobre a reindustrializa\u00e7\u00e3o do Esp\u00edrito Santo - Jornal Fatos e Not\u00edcias<\/title>\n<meta name=\"robots\" content=\"index, follow, max-snippet:-1, max-image-preview:large, max-video-preview:-1\" \/>\n<link rel=\"canonical\" href=\"https:\/\/jornalfatosenoticias.com.br\/index.php\/2025\/05\/26\/a-necessaria-discussao-sobre-a-reindustrializacao-do-espirito-santo\/\" \/>\n<meta property=\"og:locale\" content=\"pt_BR\" \/>\n<meta property=\"og:type\" content=\"article\" \/>\n<meta property=\"og:title\" content=\"A necess\u00e1ria discuss\u00e3o sobre a reindustrializa\u00e7\u00e3o do Esp\u00edrito Santo - Jornal Fatos e Not\u00edcias\" \/>\n<meta property=\"og:description\" content=\"Pa\u00edses desenvolvidos possuem pol\u00edticas espec\u00edficas para o setor industrial, sendo necess\u00e1rio o estabelecimento de metas de longo prazo A quest\u00e3o da desindustrializa\u00e7\u00e3o brasileira n\u00e3o \u00e9 recente, recua a pelo menos quatro d\u00e9cadas. Sua retra\u00e7\u00e3o em rela\u00e7\u00e3o ao setor de servi\u00e7os e do agroneg\u00f3cio \u00e9 evidente e prejudicial para o pa\u00eds, em virtude de ser a [&hellip;]\" \/>\n<meta property=\"og:url\" content=\"https:\/\/jornalfatosenoticias.com.br\/index.php\/2025\/05\/26\/a-necessaria-discussao-sobre-a-reindustrializacao-do-espirito-santo\/\" \/>\n<meta property=\"og:site_name\" content=\"Jornal Fatos e Not\u00edcias\" \/>\n<meta property=\"article:published_time\" content=\"2025-05-26T14:08:45+00:00\" \/>\n<meta property=\"article:modified_time\" content=\"2026-02-10T15:22:25+00:00\" \/>\n<meta property=\"og:image\" content=\"https:\/\/jornalfatosenoticias.com.br\/wp-content\/uploads\/2025\/05\/reindustrializacao-es_shutterstock.jpeg\" \/>\n\t<meta property=\"og:image:width\" content=\"1000\" \/>\n\t<meta property=\"og:image:height\" content=\"562\" \/>\n\t<meta property=\"og:image:type\" content=\"image\/jpeg\" \/>\n<meta name=\"author\" content=\"Robson Valle\" \/>\n<meta name=\"twitter:card\" content=\"summary_large_image\" \/>\n<meta name=\"twitter:label1\" content=\"Escrito por\" \/>\n\t<meta name=\"twitter:data1\" content=\"Robson Valle\" \/>\n\t<meta name=\"twitter:label2\" content=\"Est. tempo de leitura\" \/>\n\t<meta name=\"twitter:data2\" content=\"8 minutos\" \/>\n<script type=\"application\/ld+json\" class=\"yoast-schema-graph\">{\"@context\":\"https:\/\/schema.org\",\"@graph\":[{\"@type\":\"Article\",\"@id\":\"https:\/\/jornalfatosenoticias.com.br\/index.php\/2025\/05\/26\/a-necessaria-discussao-sobre-a-reindustrializacao-do-espirito-santo\/#article\",\"isPartOf\":{\"@id\":\"https:\/\/jornalfatosenoticias.com.br\/index.php\/2025\/05\/26\/a-necessaria-discussao-sobre-a-reindustrializacao-do-espirito-santo\/\"},\"author\":{\"name\":\"Robson Valle\",\"@id\":\"https:\/\/jornalfatosenoticias.com.br\/#\/schema\/person\/1a227def4020333ce7943f6896c25e22\"},\"headline\":\"A necess\u00e1ria discuss\u00e3o sobre a reindustrializa\u00e7\u00e3o do Esp\u00edrito Santo\",\"datePublished\":\"2025-05-26T14:08:45+00:00\",\"dateModified\":\"2026-02-10T15:22:25+00:00\",\"mainEntityOfPage\":{\"@id\":\"https:\/\/jornalfatosenoticias.com.br\/index.php\/2025\/05\/26\/a-necessaria-discussao-sobre-a-reindustrializacao-do-espirito-santo\/\"},\"wordCount\":1063,\"commentCount\":0,\"publisher\":{\"@id\":\"https:\/\/jornalfatosenoticias.com.br\/#organization\"},\"image\":{\"@id\":\"https:\/\/jornalfatosenoticias.com.br\/index.php\/2025\/05\/26\/a-necessaria-discussao-sobre-a-reindustrializacao-do-espirito-santo\/#primaryimage\"},\"thumbnailUrl\":\"https:\/\/jornalfatosenoticias.com.br\/wp-content\/uploads\/2025\/05\/reindustrializacao-es_shutterstock.jpeg\",\"keywords\":[\"Esp\u00edrito Santo\",\"incentivos fiscais\",\"investimentos industriais\",\"pol\u00edtica industrial\",\"reindustrializa\u00e7\u00e3o do Esp\u00edrito Santo\",\"subs\u00eddios\",\"taxas de juros\"],\"articleSection\":[\"Economia\"],\"inLanguage\":\"pt-BR\",\"potentialAction\":[{\"@type\":\"CommentAction\",\"name\":\"Comment\",\"target\":[\"https:\/\/jornalfatosenoticias.com.br\/index.php\/2025\/05\/26\/a-necessaria-discussao-sobre-a-reindustrializacao-do-espirito-santo\/#respond\"]}]},{\"@type\":\"WebPage\",\"@id\":\"https:\/\/jornalfatosenoticias.com.br\/index.php\/2025\/05\/26\/a-necessaria-discussao-sobre-a-reindustrializacao-do-espirito-santo\/\",\"url\":\"https:\/\/jornalfatosenoticias.com.br\/index.php\/2025\/05\/26\/a-necessaria-discussao-sobre-a-reindustrializacao-do-espirito-santo\/\",\"name\":\"A necess\u00e1ria discuss\u00e3o sobre a reindustrializa\u00e7\u00e3o do Esp\u00edrito Santo - Jornal Fatos e Not\u00edcias\",\"isPartOf\":{\"@id\":\"https:\/\/jornalfatosenoticias.com.br\/#website\"},\"primaryImageOfPage\":{\"@id\":\"https:\/\/jornalfatosenoticias.com.br\/index.php\/2025\/05\/26\/a-necessaria-discussao-sobre-a-reindustrializacao-do-espirito-santo\/#primaryimage\"},\"image\":{\"@id\":\"https:\/\/jornalfatosenoticias.com.br\/index.php\/2025\/05\/26\/a-necessaria-discussao-sobre-a-reindustrializacao-do-espirito-santo\/#primaryimage\"},\"thumbnailUrl\":\"https:\/\/jornalfatosenoticias.com.br\/wp-content\/uploads\/2025\/05\/reindustrializacao-es_shutterstock.jpeg\",\"datePublished\":\"2025-05-26T14:08:45+00:00\",\"dateModified\":\"2026-02-10T15:22:25+00:00\",\"breadcrumb\":{\"@id\":\"https:\/\/jornalfatosenoticias.com.br\/index.php\/2025\/05\/26\/a-necessaria-discussao-sobre-a-reindustrializacao-do-espirito-santo\/#breadcrumb\"},\"inLanguage\":\"pt-BR\",\"potentialAction\":[{\"@type\":\"ReadAction\",\"target\":[\"https:\/\/jornalfatosenoticias.com.br\/index.php\/2025\/05\/26\/a-necessaria-discussao-sobre-a-reindustrializacao-do-espirito-santo\/\"]}]},{\"@type\":\"ImageObject\",\"inLanguage\":\"pt-BR\",\"@id\":\"https:\/\/jornalfatosenoticias.com.br\/index.php\/2025\/05\/26\/a-necessaria-discussao-sobre-a-reindustrializacao-do-espirito-santo\/#primaryimage\",\"url\":\"https:\/\/jornalfatosenoticias.com.br\/wp-content\/uploads\/2025\/05\/reindustrializacao-es_shutterstock.jpeg\",\"contentUrl\":\"https:\/\/jornalfatosenoticias.com.br\/wp-content\/uploads\/2025\/05\/reindustrializacao-es_shutterstock.jpeg\",\"width\":1000,\"height\":562},{\"@type\":\"BreadcrumbList\",\"@id\":\"https:\/\/jornalfatosenoticias.com.br\/index.php\/2025\/05\/26\/a-necessaria-discussao-sobre-a-reindustrializacao-do-espirito-santo\/#breadcrumb\",\"itemListElement\":[{\"@type\":\"ListItem\",\"position\":1,\"name\":\"In\u00edcio\",\"item\":\"https:\/\/jornalfatosenoticias.com.br\/\"},{\"@type\":\"ListItem\",\"position\":2,\"name\":\"A necess\u00e1ria discuss\u00e3o sobre a reindustrializa\u00e7\u00e3o do Esp\u00edrito Santo\"}]},{\"@type\":\"WebSite\",\"@id\":\"https:\/\/jornalfatosenoticias.com.br\/#website\",\"url\":\"https:\/\/jornalfatosenoticias.com.br\/\",\"name\":\"Jornal Fatos e Not\u00edcias\",\"description\":\"Not\u00edcias em geral\",\"publisher\":{\"@id\":\"https:\/\/jornalfatosenoticias.com.br\/#organization\"},\"potentialAction\":[{\"@type\":\"SearchAction\",\"target\":{\"@type\":\"EntryPoint\",\"urlTemplate\":\"https:\/\/jornalfatosenoticias.com.br\/?s={search_term_string}\"},\"query-input\":{\"@type\":\"PropertyValueSpecification\",\"valueRequired\":true,\"valueName\":\"search_term_string\"}}],\"inLanguage\":\"pt-BR\"},{\"@type\":\"Organization\",\"@id\":\"https:\/\/jornalfatosenoticias.com.br\/#organization\",\"name\":\"Jornal Fatos e Not\u00edcias\",\"url\":\"https:\/\/jornalfatosenoticias.com.br\/\",\"logo\":{\"@type\":\"ImageObject\",\"inLanguage\":\"pt-BR\",\"@id\":\"https:\/\/jornalfatosenoticias.com.br\/#\/schema\/logo\/image\/\",\"url\":\"https:\/\/jornalfatosenoticias.com.br\/wp-content\/uploads\/2020\/02\/logo120.png\",\"contentUrl\":\"https:\/\/jornalfatosenoticias.com.br\/wp-content\/uploads\/2020\/02\/logo120.png\",\"width\":1227,\"height\":120,\"caption\":\"Jornal Fatos e Not\u00edcias\"},\"image\":{\"@id\":\"https:\/\/jornalfatosenoticias.com.br\/#\/schema\/logo\/image\/\"}},{\"@type\":\"Person\",\"@id\":\"https:\/\/jornalfatosenoticias.com.br\/#\/schema\/person\/1a227def4020333ce7943f6896c25e22\",\"name\":\"Robson Valle\",\"image\":{\"@type\":\"ImageObject\",\"inLanguage\":\"pt-BR\",\"@id\":\"https:\/\/jornalfatosenoticias.com.br\/#\/schema\/person\/image\/\",\"url\":\"https:\/\/jornalfatosenoticias.com.br\/wp-content\/uploads\/2025\/07\/Robson-Valle_portal-135x150.jpg\",\"contentUrl\":\"https:\/\/jornalfatosenoticias.com.br\/wp-content\/uploads\/2025\/07\/Robson-Valle_portal-135x150.jpg\",\"caption\":\"Robson Valle\"},\"description\":\"Engenheiro qu\u00edmico, vice-presidente da Associa\u00e7\u00e3o Profissional dos Qu\u00edmicos do ES (Aproquimes) P\u00e1gina pessoal: https:\/\/rvalle.com.br\/eqes\/\",\"url\":\"https:\/\/jornalfatosenoticias.com.br\/index.php\/author\/robson-valle\/\"}]}<\/script>\n<!-- \/ Yoast SEO plugin. -->","yoast_head_json":{"title":"A necess\u00e1ria discuss\u00e3o sobre a reindustrializa\u00e7\u00e3o do Esp\u00edrito Santo - Jornal Fatos e Not\u00edcias","robots":{"index":"index","follow":"follow","max-snippet":"max-snippet:-1","max-image-preview":"max-image-preview:large","max-video-preview":"max-video-preview:-1"},"canonical":"https:\/\/jornalfatosenoticias.com.br\/index.php\/2025\/05\/26\/a-necessaria-discussao-sobre-a-reindustrializacao-do-espirito-santo\/","og_locale":"pt_BR","og_type":"article","og_title":"A necess\u00e1ria discuss\u00e3o sobre a reindustrializa\u00e7\u00e3o do Esp\u00edrito Santo - Jornal Fatos e Not\u00edcias","og_description":"Pa\u00edses desenvolvidos possuem pol\u00edticas espec\u00edficas para o setor industrial, sendo necess\u00e1rio o estabelecimento de metas de longo prazo A quest\u00e3o da desindustrializa\u00e7\u00e3o brasileira n\u00e3o \u00e9 recente, recua a pelo menos quatro d\u00e9cadas. Sua retra\u00e7\u00e3o em rela\u00e7\u00e3o ao setor de servi\u00e7os e do agroneg\u00f3cio \u00e9 evidente e prejudicial para o pa\u00eds, em virtude de ser a [&hellip;]","og_url":"https:\/\/jornalfatosenoticias.com.br\/index.php\/2025\/05\/26\/a-necessaria-discussao-sobre-a-reindustrializacao-do-espirito-santo\/","og_site_name":"Jornal Fatos e Not\u00edcias","article_published_time":"2025-05-26T14:08:45+00:00","article_modified_time":"2026-02-10T15:22:25+00:00","og_image":[{"width":1000,"height":562,"url":"https:\/\/jornalfatosenoticias.com.br\/wp-content\/uploads\/2025\/05\/reindustrializacao-es_shutterstock.jpeg","type":"image\/jpeg"}],"author":"Robson Valle","twitter_card":"summary_large_image","twitter_misc":{"Escrito por":"Robson Valle","Est. tempo de leitura":"8 minutos"},"schema":{"@context":"https:\/\/schema.org","@graph":[{"@type":"Article","@id":"https:\/\/jornalfatosenoticias.com.br\/index.php\/2025\/05\/26\/a-necessaria-discussao-sobre-a-reindustrializacao-do-espirito-santo\/#article","isPartOf":{"@id":"https:\/\/jornalfatosenoticias.com.br\/index.php\/2025\/05\/26\/a-necessaria-discussao-sobre-a-reindustrializacao-do-espirito-santo\/"},"author":{"name":"Robson Valle","@id":"https:\/\/jornalfatosenoticias.com.br\/#\/schema\/person\/1a227def4020333ce7943f6896c25e22"},"headline":"A necess\u00e1ria discuss\u00e3o sobre a reindustrializa\u00e7\u00e3o do Esp\u00edrito Santo","datePublished":"2025-05-26T14:08:45+00:00","dateModified":"2026-02-10T15:22:25+00:00","mainEntityOfPage":{"@id":"https:\/\/jornalfatosenoticias.com.br\/index.php\/2025\/05\/26\/a-necessaria-discussao-sobre-a-reindustrializacao-do-espirito-santo\/"},"wordCount":1063,"commentCount":0,"publisher":{"@id":"https:\/\/jornalfatosenoticias.com.br\/#organization"},"image":{"@id":"https:\/\/jornalfatosenoticias.com.br\/index.php\/2025\/05\/26\/a-necessaria-discussao-sobre-a-reindustrializacao-do-espirito-santo\/#primaryimage"},"thumbnailUrl":"https:\/\/jornalfatosenoticias.com.br\/wp-content\/uploads\/2025\/05\/reindustrializacao-es_shutterstock.jpeg","keywords":["Esp\u00edrito Santo","incentivos fiscais","investimentos industriais","pol\u00edtica industrial","reindustrializa\u00e7\u00e3o do Esp\u00edrito Santo","subs\u00eddios","taxas de juros"],"articleSection":["Economia"],"inLanguage":"pt-BR","potentialAction":[{"@type":"CommentAction","name":"Comment","target":["https:\/\/jornalfatosenoticias.com.br\/index.php\/2025\/05\/26\/a-necessaria-discussao-sobre-a-reindustrializacao-do-espirito-santo\/#respond"]}]},{"@type":"WebPage","@id":"https:\/\/jornalfatosenoticias.com.br\/index.php\/2025\/05\/26\/a-necessaria-discussao-sobre-a-reindustrializacao-do-espirito-santo\/","url":"https:\/\/jornalfatosenoticias.com.br\/index.php\/2025\/05\/26\/a-necessaria-discussao-sobre-a-reindustrializacao-do-espirito-santo\/","name":"A necess\u00e1ria discuss\u00e3o sobre a reindustrializa\u00e7\u00e3o do Esp\u00edrito Santo - Jornal Fatos e Not\u00edcias","isPartOf":{"@id":"https:\/\/jornalfatosenoticias.com.br\/#website"},"primaryImageOfPage":{"@id":"https:\/\/jornalfatosenoticias.com.br\/index.php\/2025\/05\/26\/a-necessaria-discussao-sobre-a-reindustrializacao-do-espirito-santo\/#primaryimage"},"image":{"@id":"https:\/\/jornalfatosenoticias.com.br\/index.php\/2025\/05\/26\/a-necessaria-discussao-sobre-a-reindustrializacao-do-espirito-santo\/#primaryimage"},"thumbnailUrl":"https:\/\/jornalfatosenoticias.com.br\/wp-content\/uploads\/2025\/05\/reindustrializacao-es_shutterstock.jpeg","datePublished":"2025-05-26T14:08:45+00:00","dateModified":"2026-02-10T15:22:25+00:00","breadcrumb":{"@id":"https:\/\/jornalfatosenoticias.com.br\/index.php\/2025\/05\/26\/a-necessaria-discussao-sobre-a-reindustrializacao-do-espirito-santo\/#breadcrumb"},"inLanguage":"pt-BR","potentialAction":[{"@type":"ReadAction","target":["https:\/\/jornalfatosenoticias.com.br\/index.php\/2025\/05\/26\/a-necessaria-discussao-sobre-a-reindustrializacao-do-espirito-santo\/"]}]},{"@type":"ImageObject","inLanguage":"pt-BR","@id":"https:\/\/jornalfatosenoticias.com.br\/index.php\/2025\/05\/26\/a-necessaria-discussao-sobre-a-reindustrializacao-do-espirito-santo\/#primaryimage","url":"https:\/\/jornalfatosenoticias.com.br\/wp-content\/uploads\/2025\/05\/reindustrializacao-es_shutterstock.jpeg","contentUrl":"https:\/\/jornalfatosenoticias.com.br\/wp-content\/uploads\/2025\/05\/reindustrializacao-es_shutterstock.jpeg","width":1000,"height":562},{"@type":"BreadcrumbList","@id":"https:\/\/jornalfatosenoticias.com.br\/index.php\/2025\/05\/26\/a-necessaria-discussao-sobre-a-reindustrializacao-do-espirito-santo\/#breadcrumb","itemListElement":[{"@type":"ListItem","position":1,"name":"In\u00edcio","item":"https:\/\/jornalfatosenoticias.com.br\/"},{"@type":"ListItem","position":2,"name":"A necess\u00e1ria discuss\u00e3o sobre a reindustrializa\u00e7\u00e3o do Esp\u00edrito Santo"}]},{"@type":"WebSite","@id":"https:\/\/jornalfatosenoticias.com.br\/#website","url":"https:\/\/jornalfatosenoticias.com.br\/","name":"Jornal Fatos e Not\u00edcias","description":"Not\u00edcias em geral","publisher":{"@id":"https:\/\/jornalfatosenoticias.com.br\/#organization"},"potentialAction":[{"@type":"SearchAction","target":{"@type":"EntryPoint","urlTemplate":"https:\/\/jornalfatosenoticias.com.br\/?s={search_term_string}"},"query-input":{"@type":"PropertyValueSpecification","valueRequired":true,"valueName":"search_term_string"}}],"inLanguage":"pt-BR"},{"@type":"Organization","@id":"https:\/\/jornalfatosenoticias.com.br\/#organization","name":"Jornal Fatos e Not\u00edcias","url":"https:\/\/jornalfatosenoticias.com.br\/","logo":{"@type":"ImageObject","inLanguage":"pt-BR","@id":"https:\/\/jornalfatosenoticias.com.br\/#\/schema\/logo\/image\/","url":"https:\/\/jornalfatosenoticias.com.br\/wp-content\/uploads\/2020\/02\/logo120.png","contentUrl":"https:\/\/jornalfatosenoticias.com.br\/wp-content\/uploads\/2020\/02\/logo120.png","width":1227,"height":120,"caption":"Jornal Fatos e Not\u00edcias"},"image":{"@id":"https:\/\/jornalfatosenoticias.com.br\/#\/schema\/logo\/image\/"}},{"@type":"Person","@id":"https:\/\/jornalfatosenoticias.com.br\/#\/schema\/person\/1a227def4020333ce7943f6896c25e22","name":"Robson Valle","image":{"@type":"ImageObject","inLanguage":"pt-BR","@id":"https:\/\/jornalfatosenoticias.com.br\/#\/schema\/person\/image\/","url":"https:\/\/jornalfatosenoticias.com.br\/wp-content\/uploads\/2025\/07\/Robson-Valle_portal-135x150.jpg","contentUrl":"https:\/\/jornalfatosenoticias.com.br\/wp-content\/uploads\/2025\/07\/Robson-Valle_portal-135x150.jpg","caption":"Robson Valle"},"description":"Engenheiro qu\u00edmico, vice-presidente da Associa\u00e7\u00e3o Profissional dos Qu\u00edmicos do ES (Aproquimes) P\u00e1gina pessoal: https:\/\/rvalle.com.br\/eqes\/","url":"https:\/\/jornalfatosenoticias.com.br\/index.php\/author\/robson-valle\/"}]}},"cc_featured_image_caption":{"caption_text":"(Foto: Shutterstock) ","source_text":"","source_url":""},"jetpack_featured_media_url":"https:\/\/jornalfatosenoticias.com.br\/wp-content\/uploads\/2025\/05\/reindustrializacao-es_shutterstock.jpeg","_links":{"self":[{"href":"https:\/\/jornalfatosenoticias.com.br\/index.php\/wp-json\/wp\/v2\/posts\/59458","targetHints":{"allow":["GET"]}}],"collection":[{"href":"https:\/\/jornalfatosenoticias.com.br\/index.php\/wp-json\/wp\/v2\/posts"}],"about":[{"href":"https:\/\/jornalfatosenoticias.com.br\/index.php\/wp-json\/wp\/v2\/types\/post"}],"author":[{"embeddable":true,"href":"https:\/\/jornalfatosenoticias.com.br\/index.php\/wp-json\/wp\/v2\/users\/42"}],"replies":[{"embeddable":true,"href":"https:\/\/jornalfatosenoticias.com.br\/index.php\/wp-json\/wp\/v2\/comments?post=59458"}],"version-history":[{"count":1,"href":"https:\/\/jornalfatosenoticias.com.br\/index.php\/wp-json\/wp\/v2\/posts\/59458\/revisions"}],"predecessor-version":[{"id":65004,"href":"https:\/\/jornalfatosenoticias.com.br\/index.php\/wp-json\/wp\/v2\/posts\/59458\/revisions\/65004"}],"wp:featuredmedia":[{"embeddable":true,"href":"https:\/\/jornalfatosenoticias.com.br\/index.php\/wp-json\/wp\/v2\/media\/59461"}],"wp:attachment":[{"href":"https:\/\/jornalfatosenoticias.com.br\/index.php\/wp-json\/wp\/v2\/media?parent=59458"}],"wp:term":[{"taxonomy":"category","embeddable":true,"href":"https:\/\/jornalfatosenoticias.com.br\/index.php\/wp-json\/wp\/v2\/categories?post=59458"},{"taxonomy":"post_tag","embeddable":true,"href":"https:\/\/jornalfatosenoticias.com.br\/index.php\/wp-json\/wp\/v2\/tags?post=59458"}],"curies":[{"name":"wp","href":"https:\/\/api.w.org\/{rel}","templated":true}]}}