{"id":59463,"date":"2025-05-26T14:36:18","date_gmt":"2025-05-26T17:36:18","guid":{"rendered":"https:\/\/jornalfatosenoticias.com.br\/?p=59463"},"modified":"2025-05-26T14:36:21","modified_gmt":"2025-05-26T17:36:21","slug":"dobrar-investimento-sem-cobrar-resultados-o-que-ha-de-errado-no-novo-plano-nacional-de-educacao","status":"publish","type":"post","link":"https:\/\/jornalfatosenoticias.com.br\/index.php\/2025\/05\/26\/dobrar-investimento-sem-cobrar-resultados-o-que-ha-de-errado-no-novo-plano-nacional-de-educacao\/","title":{"rendered":"Dobrar investimento sem cobrar resultados: o que h\u00e1 de errado no novo Plano Nacional de Educa\u00e7\u00e3o"},"content":{"rendered":"\n<p><em><span class=\"has-inline-color has-black-color\">Governo prop\u00f5e investir 10% do PIB em educa\u00e7\u00e3o, o dobro da m\u00e9dia da OCDE, sem garantir melhoria na qualidade do ensino<\/span><\/em><\/p>\n\n\n\n<p><span class=\"has-inline-color has-black-color\">Por <strong><a href=\"https:\/\/www.gazetadopovo.com.br\/autor\/gabriel-sestrem\/\">Gabriel Sestrem<\/a><\/strong><\/span><\/p>\n\n\n\n<div class=\"wp-block-image\"><figure class=\"aligncenter size-large\"><a href=\"https:\/\/mizu.com.br\/\"><img loading=\"lazy\" decoding=\"async\" width=\"729\" height=\"90\" src=\"https:\/\/jornalfatosenoticias.com.br\/wp-content\/uploads\/2020\/02\/Logo_Mizu.png\" alt=\"\" class=\"wp-image-1441\" srcset=\"https:\/\/jornalfatosenoticias.com.br\/wp-content\/uploads\/2020\/02\/Logo_Mizu.png 729w, https:\/\/jornalfatosenoticias.com.br\/wp-content\/uploads\/2020\/02\/Logo_Mizu-300x37.png 300w\" sizes=\"auto, (max-width: 729px) 100vw, 729px\" \/><\/a><\/figure><\/div>\n\n\n\n<p>O Plano Nacional de Educa\u00e7\u00e3o (PNE), principal instrumento de planejamento educacional do Brasil, ser\u00e1 renovado nos pr\u00f3ximos meses. Segundo a Constitui\u00e7\u00e3o, o PNE deve ser atualizado a cada dez anos, e como o prazo se encerra em dezembro, congressistas t\u00eam se movimentado para chegar a um consenso sobre metas, estrat\u00e9gias e investimento determinados para a educa\u00e7\u00e3o at\u00e9 2034.<br>H\u00e1, no entanto, um impasse: o projeto de lei em discuss\u00e3o, de autoria do governo federal, \u00e9 alvo de cr\u00edticas por parte de entidades que veem no texto falhas graves que podem comprometer a melhoria efetiva da educa\u00e7\u00e3o, a destina\u00e7\u00e3o justa e transparente de recursos e at\u00e9 mesmo liberdades individuais.<br>Na \u00faltima semana, especialistas em Educa\u00e7\u00e3o da Confedera\u00e7\u00e3o Nacional das Associa\u00e7\u00f5es de Pais de Alunos (Confenapais) entregaram a parlamentares um mapeamento dos pontos cr\u00edticos do texto enviado pelo governo Lula e apontaram os ajustes que consideram necess\u00e1rios. S\u00e3o, ao todo, 99 itens considerados problem\u00e1ticos no projeto de lei original.<\/p>\n\n\n\n<div class=\"wp-block-image\"><figure class=\"aligncenter size-large\"><a href=\"https:\/\/www.cesconetto.com.br\/\"><img loading=\"lazy\" decoding=\"async\" width=\"300\" height=\"250\" src=\"https:\/\/jornalfatosenoticias.com.br\/wp-content\/uploads\/2020\/02\/Banner-2.png\" alt=\"\" class=\"wp-image-43787\"\/><\/a><\/figure><\/div>\n\n\n\n<p>Os principais problemas apontados pelos especialistas \u2014 dentre as mais de 250 estrat\u00e9gias propostas pelo governo que, se aprovadas, dever\u00e3o ser cumpridas na educa\u00e7\u00e3o b\u00e1sica, profissional e tecnol\u00f3gica e no ensino superior pelos pr\u00f3ximos dez anos s\u00e3o:<br>\u2705Dobrar o investimento p\u00fablico em educa\u00e7\u00e3o sem estabelecer mecanismos claros para aumento da qualidade de ensino.<br>\u2705Uso de termos vagos e subjetivos, que podem dar margem a v\u00e1rias interpreta\u00e7\u00f5es.<br>\u2705Concentra\u00e7\u00e3o de poder no Minist\u00e9rio da Educa\u00e7\u00e3o (MEC), controlado pelo governo federal.<br>\u2705Perpetua\u00e7\u00e3o de problemas cr\u00f4nicos, como falhas estruturais na alfabetiza\u00e7\u00e3o e est\u00edmulo \u00e0 aprova\u00e7\u00e3o autom\u00e1tica.<br>\u2705Favorecimento de acesso a recursos e pol\u00edticas p\u00fablicas a determinados grupos em detrimento de outros.<br>\u2705Falta de adequa\u00e7\u00e3o a padr\u00f5es internacionais de aferi\u00e7\u00e3o da qualidade educacional, como PISA, TERCE, LLECE e ERCE.<br>\u2705Maiores restri\u00e7\u00f5es \u00e0 autonomia das redes de ensino e de professores.<br>\u2705Inclus\u00e3o de temas sens\u00edveis na educa\u00e7\u00e3o infantil.<\/p>\n\n\n\n<div class=\"wp-block-image\"><figure class=\"aligncenter size-large is-resized\"><a href=\"https:\/\/www.instagram.com\/restaurantepegoretti\/\"><img loading=\"lazy\" decoding=\"async\" src=\"https:\/\/jornalfatosenoticias.com.br\/wp-content\/uploads\/2023\/12\/pegoretti-logo-pdf-1024x389.jpg\" alt=\"\" class=\"wp-image-47536\" width=\"456\" height=\"173\" srcset=\"https:\/\/jornalfatosenoticias.com.br\/wp-content\/uploads\/2023\/12\/pegoretti-logo-pdf-1024x389.jpg 1024w, https:\/\/jornalfatosenoticias.com.br\/wp-content\/uploads\/2023\/12\/pegoretti-logo-pdf-300x114.jpg 300w, https:\/\/jornalfatosenoticias.com.br\/wp-content\/uploads\/2023\/12\/pegoretti-logo-pdf-768x291.jpg 768w, https:\/\/jornalfatosenoticias.com.br\/wp-content\/uploads\/2023\/12\/pegoretti-logo-pdf.jpg 1120w\" sizes=\"auto, (max-width: 456px) 100vw, 456px\" \/><\/a><\/figure><\/div>\n\n\n\n<p><strong><span class=\"has-inline-color has-vivid-purple-color\">Especialistas alertam para centraliza\u00e7\u00e3o de poder e favorecimento a determinados grupos<br><\/span><\/strong>Um dos problemas centrais da proposta do PNE enviada pelo governo \u00e9 o aumento do investimento em educa\u00e7\u00e3o para 10% do PIB, levando o Brasil a aportar, proporcionalmente, o dobro tanto da atual m\u00e9dia brasileira quanto da m\u00e9dia investida por pa\u00edses desenvolvidos que integram a Organiza\u00e7\u00e3o para a Coopera\u00e7\u00e3o e Desenvolvimento Econ\u00f3mico (OCDE). E isso sem a defini\u00e7\u00e3o de mecanismos comprovadamente capazes de aumentar a qualidade da educa\u00e7\u00e3o.<br>Pelo contr\u00e1rio: o texto traz termos gen\u00e9ricos sem detalhar o que ser\u00e1 feito, dando margem a todo tipo de decis\u00e3o. Ao definir os eixos do PNE a serem obrigatoriamente observados, o texto menciona, por exemplo, \u201can\u00e1lise dos processos e dos resultados educacionais e o uso das evid\u00eancias decorrentes dessas an\u00e1lises na formula\u00e7\u00e3o das pol\u00edticas educacionais\u201d.<\/p>\n\n\n\n<div class=\"wp-block-image\"><figure class=\"aligncenter size-large is-resized\"><a href=\"https:\/\/www.controlsystems.com.br\/\"><img loading=\"lazy\" decoding=\"async\" src=\"https:\/\/jornalfatosenoticias.com.br\/wp-content\/uploads\/2020\/02\/CONTROL-CS.jpg\" alt=\"\" class=\"wp-image-44991\" width=\"280\" height=\"336\" srcset=\"https:\/\/jornalfatosenoticias.com.br\/wp-content\/uploads\/2020\/02\/CONTROL-CS.jpg 834w, https:\/\/jornalfatosenoticias.com.br\/wp-content\/uploads\/2020\/02\/CONTROL-CS-250x300.jpg 250w, https:\/\/jornalfatosenoticias.com.br\/wp-content\/uploads\/2020\/02\/CONTROL-CS-768x921.jpg 768w\" sizes=\"auto, (max-width: 280px) 100vw, 280px\" \/><\/a><\/figure><\/div>\n\n\n\n<p>N\u00e3o h\u00e1 esclarecimento sobre o que s\u00e3o esses processos, como se obter\u00e1 informa\u00e7\u00f5es sobre resultados educacionais e nem como se dar\u00e1 o uso dessas evid\u00eancias, ou quais os meios para se chegar a elas. No documento elaborado pela Confenapais, os especialistas apontam a necessidade de complementar o texto, incluindo o apontamento de crit\u00e9rios de qualidade estabelecidos por avalia\u00e7\u00f5es internacionais de educa\u00e7\u00e3o que medem a aprendizagem de estudantes em diversos pa\u00edses, incluindo o Brasil.<\/p>\n\n\n\n<div class=\"wp-block-image\"><figure class=\"aligncenter size-large is-resized\"><a href=\"https:\/\/www.instagram.com\/gruposei\/\"><img loading=\"lazy\" decoding=\"async\" src=\"https:\/\/jornalfatosenoticias.com.br\/wp-content\/uploads\/2022\/07\/Logo-Grupo-SEI.jpg\" alt=\"\" class=\"wp-image-31973\" width=\"354\" height=\"186\" srcset=\"https:\/\/jornalfatosenoticias.com.br\/wp-content\/uploads\/2022\/07\/Logo-Grupo-SEI.jpg 713w, https:\/\/jornalfatosenoticias.com.br\/wp-content\/uploads\/2022\/07\/Logo-Grupo-SEI-300x158.jpg 300w\" sizes=\"auto, (max-width: 354px) 100vw, 354px\" \/><\/a><\/figure><\/div>\n\n\n\n<p>O novo texto tamb\u00e9m centraliza no MEC o poder de normatizar a governan\u00e7a do Plano Nacional de Educa\u00e7\u00e3o, o que n\u00e3o aparecia explicitamente na vers\u00e3o anterior. No ato normativo proposto, o MEC poderia definir medidas de governan\u00e7a, crit\u00e9rios, mecanismos e at\u00e9 mesmo as formas de participa\u00e7\u00e3o social na execu\u00e7\u00e3o do plano \u2014 o que sugere uma tentativa de maior controle, por parte do governo, na implementa\u00e7\u00e3o do PNE.<\/p>\n\n\n\n<div class=\"wp-block-image\"><figure class=\"aligncenter size-large is-resized\"><a href=\"https:\/\/www.instagram.com\/serra4x4cambioautomatico\/\"><img loading=\"lazy\" decoding=\"async\" src=\"https:\/\/jornalfatosenoticias.com.br\/wp-content\/uploads\/2024\/08\/Serra-4x4-1-886x1024.jpg\" alt=\"\" class=\"wp-image-53632\" width=\"280\" height=\"324\" srcset=\"https:\/\/jornalfatosenoticias.com.br\/wp-content\/uploads\/2024\/08\/Serra-4x4-1-886x1024.jpg 886w, https:\/\/jornalfatosenoticias.com.br\/wp-content\/uploads\/2024\/08\/Serra-4x4-1-260x300.jpg 260w, https:\/\/jornalfatosenoticias.com.br\/wp-content\/uploads\/2024\/08\/Serra-4x4-1-768x888.jpg 768w, https:\/\/jornalfatosenoticias.com.br\/wp-content\/uploads\/2024\/08\/Serra-4x4-1.jpg 1181w\" sizes=\"auto, (max-width: 280px) 100vw, 280px\" \/><\/a><\/figure><\/div>\n\n\n\n<p>Em outra frente, uma estrat\u00e9gia proposta pelo governo \u00e9 incentivar, j\u00e1 na educa\u00e7\u00e3o infantil (crian\u00e7as de zero a cinco anos), pr\u00e1ticas pedag\u00f3gicas sobre \u201ctemas transversais da educa\u00e7\u00e3o ambiental, da educa\u00e7\u00e3o em direitos humanos e da educa\u00e7\u00e3o para rela\u00e7\u00f5es \u00e9tnico-raciais\u201d. Os especialistas da Confenapais se opuseram \u00e0 medida: \u201cesses s\u00e3o temas para os quais a crian\u00e7a n\u00e3o est\u00e1 preparada. N\u00e3o devem ser introduzidos sem consentimento dos pais\u201d, mencionam. Para eles, tais abordagens tamb\u00e9m tiram o foco de conte\u00fados essenciais para o aprendizado.<\/p>\n\n\n\n<div class=\"wp-block-image\"><figure class=\"aligncenter size-large\"><a href=\"http:\/\/www.ferrarimaquinas.com.br\/\"><img loading=\"lazy\" decoding=\"async\" width=\"300\" height=\"250\" src=\"https:\/\/jornalfatosenoticias.com.br\/wp-content\/uploads\/2022\/02\/FERRARI_MAQUINAS-E-FERRAMENTAS2.jpg\" alt=\"\" class=\"wp-image-27860\"\/><\/a><\/figure><\/div>\n\n\n\n<p>Quanto aos recursos p\u00fablicos para a forma\u00e7\u00e3o de professores, o texto traz previs\u00f5es diretas e indiretas de favorecimento a determinados grupos. Em um dos trechos, menciona que os cursos de p\u00f3s-gradua\u00e7\u00e3o dever\u00e3o ser destinados com o objetivo de \u201cgarantir oportunidades de acesso com vistas a promover maior equidade regional, social, \u00e9tnico-racial, lingu\u00edstica, de sexo\u201d.<\/p>\n\n\n\n<div class=\"wp-block-image\"><figure class=\"aligncenter size-large is-resized\"><a href=\"https:\/\/panper.com.br\/\"><img loading=\"lazy\" decoding=\"async\" src=\"https:\/\/jornalfatosenoticias.com.br\/wp-content\/uploads\/2023\/03\/logo-Panper_portal.jpg\" alt=\"\" class=\"wp-image-40208\" width=\"321\" height=\"222\" srcset=\"https:\/\/jornalfatosenoticias.com.br\/wp-content\/uploads\/2023\/03\/logo-Panper_portal.jpg 400w, https:\/\/jornalfatosenoticias.com.br\/wp-content\/uploads\/2023\/03\/logo-Panper_portal-300x208.jpg 300w\" sizes=\"auto, (max-width: 321px) 100vw, 321px\" \/><\/a><\/figure><\/div>\n\n\n\n<p>Em outro item, h\u00e1 previs\u00e3o de est\u00edmulo \u00e0 forma\u00e7\u00e3o de docentes nas \u00e1reas de ci\u00eancia, tecnologia, engenharia e matem\u00e1tica, preferencialmente para mulheres. Para os especialistas, essas determina\u00e7\u00f5es privilegiam determinados grupos sociais em detrimento de outros, o que \u00e9 inconstitucional.<\/p>\n\n\n\n<div class=\"wp-block-image\"><figure class=\"aligncenter size-large is-resized\"><a href=\"https:\/\/www.facebook.com\/postobkr\/?locale=pt_BR\"><img loading=\"lazy\" decoding=\"async\" src=\"https:\/\/jornalfatosenoticias.com.br\/wp-content\/uploads\/2023\/08\/BKR-1024x1021.jpg\" alt=\"\" class=\"wp-image-44494\" width=\"272\" height=\"271\" srcset=\"https:\/\/jornalfatosenoticias.com.br\/wp-content\/uploads\/2023\/08\/BKR-1024x1021.jpg 1024w, https:\/\/jornalfatosenoticias.com.br\/wp-content\/uploads\/2023\/08\/BKR-300x300.jpg 300w, https:\/\/jornalfatosenoticias.com.br\/wp-content\/uploads\/2023\/08\/BKR-150x150.jpg 150w, https:\/\/jornalfatosenoticias.com.br\/wp-content\/uploads\/2023\/08\/BKR-768x766.jpg 768w, https:\/\/jornalfatosenoticias.com.br\/wp-content\/uploads\/2023\/08\/BKR.jpg 1080w\" sizes=\"auto, (max-width: 272px) 100vw, 272px\" \/><\/a><\/figure><\/div>\n\n\n\n<p>Em v\u00e1rias das estrat\u00e9gias propostas, o texto do governo menciona prioridade a estudantes \u201cnegros, ind\u00edgenas, quilombolas, do campo, das \u00e1guas e das florestas\u201d. Na revis\u00e3o sugerida pela Confenapais, a medida \u00e9 apontada como segregadora, que compromete crian\u00e7as pardas e brancas que tamb\u00e9m se encontram em vulnerabilidade socioecon\u00f4mica.<\/p>\n\n\n\n<div class=\"wp-block-image\"><figure class=\"aligncenter size-large is-resized\"><a href=\"https:\/\/www.facebook.com\/vetor.vix\/\"><img loading=\"lazy\" decoding=\"async\" src=\"https:\/\/jornalfatosenoticias.com.br\/wp-content\/uploads\/2023\/09\/vetorvix1024_1.jpg\" alt=\"\" class=\"wp-image-44868\" width=\"501\" height=\"133\" srcset=\"https:\/\/jornalfatosenoticias.com.br\/wp-content\/uploads\/2023\/09\/vetorvix1024_1.jpg 1024w, https:\/\/jornalfatosenoticias.com.br\/wp-content\/uploads\/2023\/09\/vetorvix1024_1-300x80.jpg 300w, https:\/\/jornalfatosenoticias.com.br\/wp-content\/uploads\/2023\/09\/vetorvix1024_1-768x205.jpg 768w\" sizes=\"auto, (max-width: 501px) 100vw, 501px\" \/><\/a><\/figure><\/div>\n\n\n\n<p><strong><span class=\"has-inline-color has-vivid-purple-color\">Maioria das medidas ignora preocupa\u00e7\u00e3o com qualidade e aprendizado, diz conselheira do CNE<br><\/span><\/strong>Na avalia\u00e7\u00e3o de Ilona Becskehazy, mestre e doutora em pol\u00edtica educacional e atual conselheira do Conselho Nacional de Educa\u00e7\u00e3o (CNE), o novo texto do PNE sugerido pelo governo atende a interesses corporativistas, mas n\u00e3o traz mudan\u00e7as para o cen\u00e1rio cr\u00f4nico de baixa qualidade educacional no pa\u00eds.<\/p>\n\n\n\n<div class=\"wp-block-image\"><figure class=\"aligncenter size-large is-resized\"><a href=\"https:\/\/www.instagram.com\/esteio.churrascaria\/\"><img loading=\"lazy\" decoding=\"async\" src=\"https:\/\/jornalfatosenoticias.com.br\/wp-content\/uploads\/2022\/02\/LOGO-ESTEIO-1024x730.png\" alt=\"\" class=\"wp-image-27942\" width=\"323\" height=\"230\" srcset=\"https:\/\/jornalfatosenoticias.com.br\/wp-content\/uploads\/2022\/02\/LOGO-ESTEIO-1024x730.png 1024w, https:\/\/jornalfatosenoticias.com.br\/wp-content\/uploads\/2022\/02\/LOGO-ESTEIO-300x214.png 300w, https:\/\/jornalfatosenoticias.com.br\/wp-content\/uploads\/2022\/02\/LOGO-ESTEIO-768x548.png 768w, https:\/\/jornalfatosenoticias.com.br\/wp-content\/uploads\/2022\/02\/LOGO-ESTEIO.png 1123w\" sizes=\"auto, (max-width: 323px) 100vw, 323px\" \/><\/a><\/figure><\/div>\n\n\n\n<blockquote class=\"wp-block-quote is-layout-flow wp-block-quote-is-layout-flow\"><p><span class=\"has-inline-color has-luminous-vivid-orange-color\">O resumo \u00e9 propor um grande aumento de gastos sem apresentar praticamente nenhum mecanismo de qualidade. \u00c9 o velho discurso de que basta investir infinitamente para melhorar a Educa\u00e7\u00e3o, e essa l\u00f3gica \u00e9 de um atraso enorme em rela\u00e7\u00e3o aos pa\u00edses desenvolvidos\u201d, afirma.<\/span><\/p><\/blockquote>\n\n\n\n<div class=\"wp-block-image\"><figure class=\"aligncenter size-large is-resized\"><a href=\"https:\/\/www.legisjuris.com.br\/\"><img loading=\"lazy\" decoding=\"async\" src=\"https:\/\/jornalfatosenoticias.com.br\/wp-content\/uploads\/2024\/09\/Legis-Juris-Consultoria_logo.jpg\" alt=\"\" class=\"wp-image-53915\" width=\"482\" height=\"202\" srcset=\"https:\/\/jornalfatosenoticias.com.br\/wp-content\/uploads\/2024\/09\/Legis-Juris-Consultoria_logo.jpg 969w, https:\/\/jornalfatosenoticias.com.br\/wp-content\/uploads\/2024\/09\/Legis-Juris-Consultoria_logo-300x126.jpg 300w, https:\/\/jornalfatosenoticias.com.br\/wp-content\/uploads\/2024\/09\/Legis-Juris-Consultoria_logo-768x322.jpg 768w\" sizes=\"auto, (max-width: 482px) 100vw, 482px\" \/><\/a><\/figure><\/div>\n\n\n\n<p>Segundo ela, h\u00e1 uma l\u00f3gica equivocada de que a melhoria da Educa\u00e7\u00e3o no Brasil estaria ligada essencialmente ao investimento em \u201cinsumos\u201d, isto \u00e9, gastos com professores, materiais did\u00e1ticos, transporte de alunos, uniformes, entre outros, sem considerar mudan\u00e7as curriculares, pr\u00e1ticas pedag\u00f3gicas e defini\u00e7\u00e3o de metas vinculadas a padr\u00f5es internacionais de qualidade.<\/p>\n\n\n\n<div class=\"wp-block-image\"><figure class=\"aligncenter size-large is-resized\"><a href=\"https:\/\/www.instagram.com\/rcradiadores\/\"><img loading=\"lazy\" decoding=\"async\" src=\"https:\/\/jornalfatosenoticias.com.br\/wp-content\/uploads\/2022\/10\/RC_800x750_page-0001.jpg\" alt=\"\" class=\"wp-image-35338\" width=\"300\" height=\"281\" srcset=\"https:\/\/jornalfatosenoticias.com.br\/wp-content\/uploads\/2022\/10\/RC_800x750_page-0001.jpg 400w, https:\/\/jornalfatosenoticias.com.br\/wp-content\/uploads\/2022\/10\/RC_800x750_page-0001-300x281.jpg 300w\" sizes=\"auto, (max-width: 300px) 100vw, 300px\" \/><\/a><\/figure><\/div>\n\n\n\n<p>\u00c9 por isso, explica a conselheira do CNE, que mesmo o Brasil investindo o mesmo percentual do PIB que pa\u00edses desenvolvidos os resultados em exames internacionais s\u00e3o p\u00edfios. Como exemplo, o Brasil ficou nas posi\u00e7\u00f5es 64.\u00aa em matem\u00e1tica, 53.\u00aa em leitura e 61.\u00aa em ci\u00eancias entre os 81 pa\u00edses participantes da \u00faltima edi\u00e7\u00e3o do Pisa (Programa Internacional de Avalia\u00e7\u00e3o de Estudantes, em portugu\u00eas), que avalia estudantes de 15 anos.<\/p>\n\n\n\n<div class=\"wp-block-image\"><figure class=\"aligncenter size-large is-resized\"><a href=\"https:\/\/www.facebook.com\/profile.php?id=100069289606145\"><img loading=\"lazy\" decoding=\"async\" src=\"https:\/\/jornalfatosenoticias.com.br\/wp-content\/uploads\/2024\/11\/Guaitolini-Contabilidade-1024x714.jpeg\" alt=\"\" class=\"wp-image-55808\" width=\"319\" height=\"222\" srcset=\"https:\/\/jornalfatosenoticias.com.br\/wp-content\/uploads\/2024\/11\/Guaitolini-Contabilidade-1024x714.jpeg 1024w, https:\/\/jornalfatosenoticias.com.br\/wp-content\/uploads\/2024\/11\/Guaitolini-Contabilidade-300x209.jpeg 300w, https:\/\/jornalfatosenoticias.com.br\/wp-content\/uploads\/2024\/11\/Guaitolini-Contabilidade-768x535.jpeg 768w, https:\/\/jornalfatosenoticias.com.br\/wp-content\/uploads\/2024\/11\/Guaitolini-Contabilidade.jpeg 1280w\" sizes=\"auto, (max-width: 319px) 100vw, 319px\" \/><\/a><\/figure><\/div>\n\n\n\n<blockquote class=\"wp-block-quote is-layout-flow wp-block-quote-is-layout-flow\"><p><span class=\"has-inline-color has-luminous-vivid-orange-color\">O Brasil aumentou o gasto em educa\u00e7\u00e3o de maneira gigantesca: isso gerou empregos e aumentos a milh\u00f5es de professores, alocou bilh\u00f5es em constru\u00e7\u00e3o de infraestrutura educacional e em material de ensino. Mas, segundo o Pisa, estatisticamente n\u00e3o sa\u00edmos do lugar\u201d, diz a especialista.<\/span> <span class=\"has-inline-color has-luminous-vivid-orange-color\">\u201c<strong>Quem ganhou?<\/strong> Certamente os sindicatos, que recebem as contribui\u00e7\u00f5es sindicais dos profissionais da educa\u00e7\u00e3o, e os fornecedores (empreiteiras, editoras, fornecedores de transportes, uniformes e afins). <strong>Quem perdeu?<\/strong> Os alunos, porque quase n\u00e3o aprendem, e os pagadores de impostos que arcaram com a conta, sem o b\u00f4nus de uma sociedade mais educada\u201d, finaliza.<\/span><\/p><\/blockquote>\n\n\n\n<div class=\"wp-block-image\"><figure class=\"aligncenter size-large is-resized\"><a href=\"https:\/\/hotelmarquetti.com.br\/\"><img loading=\"lazy\" decoding=\"async\" src=\"https:\/\/jornalfatosenoticias.com.br\/wp-content\/uploads\/2020\/02\/LOGO-MQ-1024x680.jpg\" alt=\"\" class=\"wp-image-58299\" width=\"317\" height=\"210\" srcset=\"https:\/\/jornalfatosenoticias.com.br\/wp-content\/uploads\/2020\/02\/LOGO-MQ-1024x680.jpg 1024w, https:\/\/jornalfatosenoticias.com.br\/wp-content\/uploads\/2020\/02\/LOGO-MQ-300x199.jpg 300w, https:\/\/jornalfatosenoticias.com.br\/wp-content\/uploads\/2020\/02\/LOGO-MQ-768x510.jpg 768w, https:\/\/jornalfatosenoticias.com.br\/wp-content\/uploads\/2020\/02\/LOGO-MQ-1536x1020.jpg 1536w, https:\/\/jornalfatosenoticias.com.br\/wp-content\/uploads\/2020\/02\/LOGO-MQ-2048x1360.jpg 2048w\" sizes=\"auto, (max-width: 317px) 100vw, 317px\" \/><\/a><\/figure><\/div>\n\n\n\n<p><strong><span class=\"has-inline-color has-vivid-purple-color\">Pr\u00f3ximos passos do novo PNE no Congresso<br><\/span><\/strong>No final de abril, a C\u00e2mara dos Deputados instalou a Comiss\u00e3o Especial sobre o Plano Nacional de Educa\u00e7\u00e3o (PNE), que ser\u00e1 presidida pela deputada federal Tabata Amaral (PSB\/SP) e ter\u00e1 como relator o deputado Moses Rodrigues (Uni\u00e3o\/CE). O projeto de lei tramitar\u00e1 em regime de prioridade na C\u00e2mara, j\u00e1 que o tema tamb\u00e9m dever\u00e1 ser debatido no Senado at\u00e9 dezembro. At\u00e9 o fechamento desta reportagem, deputados j\u00e1 haviam feito mais de 1.100 emendas ao texto original do governo.<\/p>\n\n\n\n<div class=\"wp-block-image\"><figure class=\"aligncenter size-large is-resized\"><a href=\"https:\/\/www.ithbrasil.com.br\/\"><img loading=\"lazy\" decoding=\"async\" src=\"https:\/\/jornalfatosenoticias.com.br\/wp-content\/uploads\/2023\/08\/ITH.jpeg\" alt=\"\" class=\"wp-image-44638\" width=\"293\" height=\"238\" srcset=\"https:\/\/jornalfatosenoticias.com.br\/wp-content\/uploads\/2023\/08\/ITH.jpeg 800w, https:\/\/jornalfatosenoticias.com.br\/wp-content\/uploads\/2023\/08\/ITH-300x244.jpeg 300w, https:\/\/jornalfatosenoticias.com.br\/wp-content\/uploads\/2023\/08\/ITH-768x624.jpeg 768w\" sizes=\"auto, (max-width: 293px) 100vw, 293px\" \/><\/a><\/figure><\/div>\n\n\n\n<p><strong>Fonte: <a href=\"https:\/\/www.gazetadopovo.com.br\/vida-e-cidadania\/pne-o-que-ha-de-errado-novo-plano-nacional-de-educacao\/\">Gazeta do Povo<\/a><\/strong><\/p>\n","protected":false},"excerpt":{"rendered":"<p>Governo prop\u00f5e investir 10% do PIB em educa\u00e7\u00e3o, o dobro da m\u00e9dia da OCDE, sem garantir melhoria na qualidade do ensino Por Gabriel Sestrem O Plano Nacional de Educa\u00e7\u00e3o (PNE), principal instrumento de planejamento educacional do Brasil, ser\u00e1 renovado nos pr\u00f3ximos meses. Segundo a Constitui\u00e7\u00e3o, o PNE deve ser atualizado a cada dez anos, e [&hellip;]<\/p>\n","protected":false},"author":2,"featured_media":59464,"comment_status":"open","ping_status":"open","sticky":false,"template":"","format":"standard","meta":{"footnotes":""},"categories":[7],"tags":[3821,982,345,1787,283,10127,27152,27153],"class_list":["post-59463","post","type-post","status-publish","format-standard","has-post-thumbnail","hentry","category-educacao","tag-alfabetizacao","tag-camara-dos-deputados","tag-educacao","tag-ensino","tag-mec","tag-ministerio-da-educacao","tag-proposta-do-governo-lula","tag-tabata-amaral"],"yoast_head":"<!-- This site is optimized with the Yoast SEO plugin v26.5 - https:\/\/yoast.com\/wordpress\/plugins\/seo\/ -->\n<title>Dobrar investimento sem cobrar resultados: o que h\u00e1 de errado no novo Plano Nacional de Educa\u00e7\u00e3o - Jornal Fatos e Not\u00edcias<\/title>\n<meta name=\"robots\" content=\"index, follow, max-snippet:-1, max-image-preview:large, max-video-preview:-1\" \/>\n<link rel=\"canonical\" href=\"https:\/\/jornalfatosenoticias.com.br\/index.php\/2025\/05\/26\/dobrar-investimento-sem-cobrar-resultados-o-que-ha-de-errado-no-novo-plano-nacional-de-educacao\/\" \/>\n<meta property=\"og:locale\" content=\"pt_BR\" \/>\n<meta property=\"og:type\" content=\"article\" \/>\n<meta property=\"og:title\" content=\"Dobrar investimento sem cobrar resultados: o que h\u00e1 de errado no novo Plano Nacional de Educa\u00e7\u00e3o - Jornal Fatos e Not\u00edcias\" \/>\n<meta property=\"og:description\" content=\"Governo prop\u00f5e investir 10% do PIB em educa\u00e7\u00e3o, o dobro da m\u00e9dia da OCDE, sem garantir melhoria na qualidade do ensino Por Gabriel Sestrem O Plano Nacional de Educa\u00e7\u00e3o (PNE), principal instrumento de planejamento educacional do Brasil, ser\u00e1 renovado nos pr\u00f3ximos meses. Segundo a Constitui\u00e7\u00e3o, o PNE deve ser atualizado a cada dez anos, e [&hellip;]\" \/>\n<meta property=\"og:url\" content=\"https:\/\/jornalfatosenoticias.com.br\/index.php\/2025\/05\/26\/dobrar-investimento-sem-cobrar-resultados-o-que-ha-de-errado-no-novo-plano-nacional-de-educacao\/\" \/>\n<meta property=\"og:site_name\" content=\"Jornal Fatos e Not\u00edcias\" \/>\n<meta property=\"article:published_time\" content=\"2025-05-26T17:36:18+00:00\" \/>\n<meta property=\"article:modified_time\" content=\"2025-05-26T17:36:21+00:00\" \/>\n<meta property=\"og:image\" content=\"https:\/\/jornalfatosenoticias.com.br\/wp-content\/uploads\/2025\/05\/novo-Plano-Nacional-de-Educacao_istock.jpg\" \/>\n\t<meta property=\"og:image:width\" content=\"612\" \/>\n\t<meta property=\"og:image:height\" content=\"409\" \/>\n\t<meta property=\"og:image:type\" content=\"image\/jpeg\" \/>\n<meta name=\"author\" content=\"Luzimara Fernandes\" \/>\n<meta name=\"twitter:card\" content=\"summary_large_image\" \/>\n<meta name=\"twitter:label1\" content=\"Escrito por\" \/>\n\t<meta name=\"twitter:data1\" content=\"Luzimara Fernandes\" \/>\n\t<meta name=\"twitter:label2\" content=\"Est. tempo de leitura\" \/>\n\t<meta name=\"twitter:data2\" content=\"7 minutos\" \/>\n<script type=\"application\/ld+json\" class=\"yoast-schema-graph\">{\"@context\":\"https:\/\/schema.org\",\"@graph\":[{\"@type\":\"Article\",\"@id\":\"https:\/\/jornalfatosenoticias.com.br\/index.php\/2025\/05\/26\/dobrar-investimento-sem-cobrar-resultados-o-que-ha-de-errado-no-novo-plano-nacional-de-educacao\/#article\",\"isPartOf\":{\"@id\":\"https:\/\/jornalfatosenoticias.com.br\/index.php\/2025\/05\/26\/dobrar-investimento-sem-cobrar-resultados-o-que-ha-de-errado-no-novo-plano-nacional-de-educacao\/\"},\"author\":{\"name\":\"Luzimara Fernandes\",\"@id\":\"https:\/\/jornalfatosenoticias.com.br\/#\/schema\/person\/d63837fa13ac8666eb9e74e0985d6f81\"},\"headline\":\"Dobrar investimento sem cobrar resultados: o que h\u00e1 de errado no novo Plano Nacional de Educa\u00e7\u00e3o\",\"datePublished\":\"2025-05-26T17:36:18+00:00\",\"dateModified\":\"2025-05-26T17:36:21+00:00\",\"mainEntityOfPage\":{\"@id\":\"https:\/\/jornalfatosenoticias.com.br\/index.php\/2025\/05\/26\/dobrar-investimento-sem-cobrar-resultados-o-que-ha-de-errado-no-novo-plano-nacional-de-educacao\/\"},\"wordCount\":1384,\"commentCount\":0,\"publisher\":{\"@id\":\"https:\/\/jornalfatosenoticias.com.br\/#organization\"},\"image\":{\"@id\":\"https:\/\/jornalfatosenoticias.com.br\/index.php\/2025\/05\/26\/dobrar-investimento-sem-cobrar-resultados-o-que-ha-de-errado-no-novo-plano-nacional-de-educacao\/#primaryimage\"},\"thumbnailUrl\":\"https:\/\/jornalfatosenoticias.com.br\/wp-content\/uploads\/2025\/05\/novo-Plano-Nacional-de-Educacao_istock.jpg\",\"keywords\":[\"alfabetiza\u00e7\u00e3o\",\"C\u00e2mara dos Deputados\",\"educa\u00e7\u00e3o\",\"ensino\",\"MEC\",\"Minist\u00e9rio da Educa\u00e7\u00e3o\",\"proposta do governo Lula\",\"Tabata Amaral\"],\"articleSection\":[\"Educa\u00e7\u00e3o\"],\"inLanguage\":\"pt-BR\",\"potentialAction\":[{\"@type\":\"CommentAction\",\"name\":\"Comment\",\"target\":[\"https:\/\/jornalfatosenoticias.com.br\/index.php\/2025\/05\/26\/dobrar-investimento-sem-cobrar-resultados-o-que-ha-de-errado-no-novo-plano-nacional-de-educacao\/#respond\"]}]},{\"@type\":\"WebPage\",\"@id\":\"https:\/\/jornalfatosenoticias.com.br\/index.php\/2025\/05\/26\/dobrar-investimento-sem-cobrar-resultados-o-que-ha-de-errado-no-novo-plano-nacional-de-educacao\/\",\"url\":\"https:\/\/jornalfatosenoticias.com.br\/index.php\/2025\/05\/26\/dobrar-investimento-sem-cobrar-resultados-o-que-ha-de-errado-no-novo-plano-nacional-de-educacao\/\",\"name\":\"Dobrar investimento sem cobrar resultados: o que h\u00e1 de errado no novo Plano Nacional de Educa\u00e7\u00e3o - Jornal Fatos e Not\u00edcias\",\"isPartOf\":{\"@id\":\"https:\/\/jornalfatosenoticias.com.br\/#website\"},\"primaryImageOfPage\":{\"@id\":\"https:\/\/jornalfatosenoticias.com.br\/index.php\/2025\/05\/26\/dobrar-investimento-sem-cobrar-resultados-o-que-ha-de-errado-no-novo-plano-nacional-de-educacao\/#primaryimage\"},\"image\":{\"@id\":\"https:\/\/jornalfatosenoticias.com.br\/index.php\/2025\/05\/26\/dobrar-investimento-sem-cobrar-resultados-o-que-ha-de-errado-no-novo-plano-nacional-de-educacao\/#primaryimage\"},\"thumbnailUrl\":\"https:\/\/jornalfatosenoticias.com.br\/wp-content\/uploads\/2025\/05\/novo-Plano-Nacional-de-Educacao_istock.jpg\",\"datePublished\":\"2025-05-26T17:36:18+00:00\",\"dateModified\":\"2025-05-26T17:36:21+00:00\",\"breadcrumb\":{\"@id\":\"https:\/\/jornalfatosenoticias.com.br\/index.php\/2025\/05\/26\/dobrar-investimento-sem-cobrar-resultados-o-que-ha-de-errado-no-novo-plano-nacional-de-educacao\/#breadcrumb\"},\"inLanguage\":\"pt-BR\",\"potentialAction\":[{\"@type\":\"ReadAction\",\"target\":[\"https:\/\/jornalfatosenoticias.com.br\/index.php\/2025\/05\/26\/dobrar-investimento-sem-cobrar-resultados-o-que-ha-de-errado-no-novo-plano-nacional-de-educacao\/\"]}]},{\"@type\":\"ImageObject\",\"inLanguage\":\"pt-BR\",\"@id\":\"https:\/\/jornalfatosenoticias.com.br\/index.php\/2025\/05\/26\/dobrar-investimento-sem-cobrar-resultados-o-que-ha-de-errado-no-novo-plano-nacional-de-educacao\/#primaryimage\",\"url\":\"https:\/\/jornalfatosenoticias.com.br\/wp-content\/uploads\/2025\/05\/novo-Plano-Nacional-de-Educacao_istock.jpg\",\"contentUrl\":\"https:\/\/jornalfatosenoticias.com.br\/wp-content\/uploads\/2025\/05\/novo-Plano-Nacional-de-Educacao_istock.jpg\",\"width\":612,\"height\":409,\"caption\":\"Teacher teaching on classroom at school - including wheelchair student\"},{\"@type\":\"BreadcrumbList\",\"@id\":\"https:\/\/jornalfatosenoticias.com.br\/index.php\/2025\/05\/26\/dobrar-investimento-sem-cobrar-resultados-o-que-ha-de-errado-no-novo-plano-nacional-de-educacao\/#breadcrumb\",\"itemListElement\":[{\"@type\":\"ListItem\",\"position\":1,\"name\":\"In\u00edcio\",\"item\":\"https:\/\/jornalfatosenoticias.com.br\/\"},{\"@type\":\"ListItem\",\"position\":2,\"name\":\"Dobrar investimento sem cobrar resultados: o que h\u00e1 de errado no novo Plano Nacional de Educa\u00e7\u00e3o\"}]},{\"@type\":\"WebSite\",\"@id\":\"https:\/\/jornalfatosenoticias.com.br\/#website\",\"url\":\"https:\/\/jornalfatosenoticias.com.br\/\",\"name\":\"Jornal Fatos e Not\u00edcias\",\"description\":\"Not\u00edcias em geral\",\"publisher\":{\"@id\":\"https:\/\/jornalfatosenoticias.com.br\/#organization\"},\"potentialAction\":[{\"@type\":\"SearchAction\",\"target\":{\"@type\":\"EntryPoint\",\"urlTemplate\":\"https:\/\/jornalfatosenoticias.com.br\/?s={search_term_string}\"},\"query-input\":{\"@type\":\"PropertyValueSpecification\",\"valueRequired\":true,\"valueName\":\"search_term_string\"}}],\"inLanguage\":\"pt-BR\"},{\"@type\":\"Organization\",\"@id\":\"https:\/\/jornalfatosenoticias.com.br\/#organization\",\"name\":\"Jornal Fatos e Not\u00edcias\",\"url\":\"https:\/\/jornalfatosenoticias.com.br\/\",\"logo\":{\"@type\":\"ImageObject\",\"inLanguage\":\"pt-BR\",\"@id\":\"https:\/\/jornalfatosenoticias.com.br\/#\/schema\/logo\/image\/\",\"url\":\"https:\/\/jornalfatosenoticias.com.br\/wp-content\/uploads\/2020\/02\/logo120.png\",\"contentUrl\":\"https:\/\/jornalfatosenoticias.com.br\/wp-content\/uploads\/2020\/02\/logo120.png\",\"width\":1227,\"height\":120,\"caption\":\"Jornal Fatos e Not\u00edcias\"},\"image\":{\"@id\":\"https:\/\/jornalfatosenoticias.com.br\/#\/schema\/logo\/image\/\"}},{\"@type\":\"Person\",\"@id\":\"https:\/\/jornalfatosenoticias.com.br\/#\/schema\/person\/d63837fa13ac8666eb9e74e0985d6f81\",\"name\":\"Luzimara Fernandes\",\"image\":{\"@type\":\"ImageObject\",\"inLanguage\":\"pt-BR\",\"@id\":\"https:\/\/jornalfatosenoticias.com.br\/#\/schema\/person\/image\/\",\"url\":\"https:\/\/jornalfatosenoticias.com.br\/wp-content\/uploads\/2025\/05\/EU_portal.jpg\",\"contentUrl\":\"https:\/\/jornalfatosenoticias.com.br\/wp-content\/uploads\/2025\/05\/EU_portal.jpg\",\"caption\":\"Luzimara Fernandes\"},\"description\":\"Jornalista MTB 2358-ES\",\"sameAs\":[\"https:\/\/jornalfatosenoticias.com.br\"],\"url\":\"https:\/\/jornalfatosenoticias.com.br\/index.php\/author\/luzimara\/\"}]}<\/script>\n<!-- \/ Yoast SEO plugin. -->","yoast_head_json":{"title":"Dobrar investimento sem cobrar resultados: o que h\u00e1 de errado no novo Plano Nacional de Educa\u00e7\u00e3o - Jornal Fatos e Not\u00edcias","robots":{"index":"index","follow":"follow","max-snippet":"max-snippet:-1","max-image-preview":"max-image-preview:large","max-video-preview":"max-video-preview:-1"},"canonical":"https:\/\/jornalfatosenoticias.com.br\/index.php\/2025\/05\/26\/dobrar-investimento-sem-cobrar-resultados-o-que-ha-de-errado-no-novo-plano-nacional-de-educacao\/","og_locale":"pt_BR","og_type":"article","og_title":"Dobrar investimento sem cobrar resultados: o que h\u00e1 de errado no novo Plano Nacional de Educa\u00e7\u00e3o - Jornal Fatos e Not\u00edcias","og_description":"Governo prop\u00f5e investir 10% do PIB em educa\u00e7\u00e3o, o dobro da m\u00e9dia da OCDE, sem garantir melhoria na qualidade do ensino Por Gabriel Sestrem O Plano Nacional de Educa\u00e7\u00e3o (PNE), principal instrumento de planejamento educacional do Brasil, ser\u00e1 renovado nos pr\u00f3ximos meses. Segundo a Constitui\u00e7\u00e3o, o PNE deve ser atualizado a cada dez anos, e [&hellip;]","og_url":"https:\/\/jornalfatosenoticias.com.br\/index.php\/2025\/05\/26\/dobrar-investimento-sem-cobrar-resultados-o-que-ha-de-errado-no-novo-plano-nacional-de-educacao\/","og_site_name":"Jornal Fatos e Not\u00edcias","article_published_time":"2025-05-26T17:36:18+00:00","article_modified_time":"2025-05-26T17:36:21+00:00","og_image":[{"width":612,"height":409,"url":"https:\/\/jornalfatosenoticias.com.br\/wp-content\/uploads\/2025\/05\/novo-Plano-Nacional-de-Educacao_istock.jpg","type":"image\/jpeg"}],"author":"Luzimara Fernandes","twitter_card":"summary_large_image","twitter_misc":{"Escrito por":"Luzimara Fernandes","Est. tempo de leitura":"7 minutos"},"schema":{"@context":"https:\/\/schema.org","@graph":[{"@type":"Article","@id":"https:\/\/jornalfatosenoticias.com.br\/index.php\/2025\/05\/26\/dobrar-investimento-sem-cobrar-resultados-o-que-ha-de-errado-no-novo-plano-nacional-de-educacao\/#article","isPartOf":{"@id":"https:\/\/jornalfatosenoticias.com.br\/index.php\/2025\/05\/26\/dobrar-investimento-sem-cobrar-resultados-o-que-ha-de-errado-no-novo-plano-nacional-de-educacao\/"},"author":{"name":"Luzimara Fernandes","@id":"https:\/\/jornalfatosenoticias.com.br\/#\/schema\/person\/d63837fa13ac8666eb9e74e0985d6f81"},"headline":"Dobrar investimento sem cobrar resultados: o que h\u00e1 de errado no novo Plano Nacional de Educa\u00e7\u00e3o","datePublished":"2025-05-26T17:36:18+00:00","dateModified":"2025-05-26T17:36:21+00:00","mainEntityOfPage":{"@id":"https:\/\/jornalfatosenoticias.com.br\/index.php\/2025\/05\/26\/dobrar-investimento-sem-cobrar-resultados-o-que-ha-de-errado-no-novo-plano-nacional-de-educacao\/"},"wordCount":1384,"commentCount":0,"publisher":{"@id":"https:\/\/jornalfatosenoticias.com.br\/#organization"},"image":{"@id":"https:\/\/jornalfatosenoticias.com.br\/index.php\/2025\/05\/26\/dobrar-investimento-sem-cobrar-resultados-o-que-ha-de-errado-no-novo-plano-nacional-de-educacao\/#primaryimage"},"thumbnailUrl":"https:\/\/jornalfatosenoticias.com.br\/wp-content\/uploads\/2025\/05\/novo-Plano-Nacional-de-Educacao_istock.jpg","keywords":["alfabetiza\u00e7\u00e3o","C\u00e2mara dos Deputados","educa\u00e7\u00e3o","ensino","MEC","Minist\u00e9rio da Educa\u00e7\u00e3o","proposta do governo Lula","Tabata Amaral"],"articleSection":["Educa\u00e7\u00e3o"],"inLanguage":"pt-BR","potentialAction":[{"@type":"CommentAction","name":"Comment","target":["https:\/\/jornalfatosenoticias.com.br\/index.php\/2025\/05\/26\/dobrar-investimento-sem-cobrar-resultados-o-que-ha-de-errado-no-novo-plano-nacional-de-educacao\/#respond"]}]},{"@type":"WebPage","@id":"https:\/\/jornalfatosenoticias.com.br\/index.php\/2025\/05\/26\/dobrar-investimento-sem-cobrar-resultados-o-que-ha-de-errado-no-novo-plano-nacional-de-educacao\/","url":"https:\/\/jornalfatosenoticias.com.br\/index.php\/2025\/05\/26\/dobrar-investimento-sem-cobrar-resultados-o-que-ha-de-errado-no-novo-plano-nacional-de-educacao\/","name":"Dobrar investimento sem cobrar resultados: o que h\u00e1 de errado no novo Plano Nacional de Educa\u00e7\u00e3o - Jornal Fatos e Not\u00edcias","isPartOf":{"@id":"https:\/\/jornalfatosenoticias.com.br\/#website"},"primaryImageOfPage":{"@id":"https:\/\/jornalfatosenoticias.com.br\/index.php\/2025\/05\/26\/dobrar-investimento-sem-cobrar-resultados-o-que-ha-de-errado-no-novo-plano-nacional-de-educacao\/#primaryimage"},"image":{"@id":"https:\/\/jornalfatosenoticias.com.br\/index.php\/2025\/05\/26\/dobrar-investimento-sem-cobrar-resultados-o-que-ha-de-errado-no-novo-plano-nacional-de-educacao\/#primaryimage"},"thumbnailUrl":"https:\/\/jornalfatosenoticias.com.br\/wp-content\/uploads\/2025\/05\/novo-Plano-Nacional-de-Educacao_istock.jpg","datePublished":"2025-05-26T17:36:18+00:00","dateModified":"2025-05-26T17:36:21+00:00","breadcrumb":{"@id":"https:\/\/jornalfatosenoticias.com.br\/index.php\/2025\/05\/26\/dobrar-investimento-sem-cobrar-resultados-o-que-ha-de-errado-no-novo-plano-nacional-de-educacao\/#breadcrumb"},"inLanguage":"pt-BR","potentialAction":[{"@type":"ReadAction","target":["https:\/\/jornalfatosenoticias.com.br\/index.php\/2025\/05\/26\/dobrar-investimento-sem-cobrar-resultados-o-que-ha-de-errado-no-novo-plano-nacional-de-educacao\/"]}]},{"@type":"ImageObject","inLanguage":"pt-BR","@id":"https:\/\/jornalfatosenoticias.com.br\/index.php\/2025\/05\/26\/dobrar-investimento-sem-cobrar-resultados-o-que-ha-de-errado-no-novo-plano-nacional-de-educacao\/#primaryimage","url":"https:\/\/jornalfatosenoticias.com.br\/wp-content\/uploads\/2025\/05\/novo-Plano-Nacional-de-Educacao_istock.jpg","contentUrl":"https:\/\/jornalfatosenoticias.com.br\/wp-content\/uploads\/2025\/05\/novo-Plano-Nacional-de-Educacao_istock.jpg","width":612,"height":409,"caption":"Teacher teaching on classroom at school - including wheelchair student"},{"@type":"BreadcrumbList","@id":"https:\/\/jornalfatosenoticias.com.br\/index.php\/2025\/05\/26\/dobrar-investimento-sem-cobrar-resultados-o-que-ha-de-errado-no-novo-plano-nacional-de-educacao\/#breadcrumb","itemListElement":[{"@type":"ListItem","position":1,"name":"In\u00edcio","item":"https:\/\/jornalfatosenoticias.com.br\/"},{"@type":"ListItem","position":2,"name":"Dobrar investimento sem cobrar resultados: o que h\u00e1 de errado no novo Plano Nacional de Educa\u00e7\u00e3o"}]},{"@type":"WebSite","@id":"https:\/\/jornalfatosenoticias.com.br\/#website","url":"https:\/\/jornalfatosenoticias.com.br\/","name":"Jornal Fatos e Not\u00edcias","description":"Not\u00edcias em geral","publisher":{"@id":"https:\/\/jornalfatosenoticias.com.br\/#organization"},"potentialAction":[{"@type":"SearchAction","target":{"@type":"EntryPoint","urlTemplate":"https:\/\/jornalfatosenoticias.com.br\/?s={search_term_string}"},"query-input":{"@type":"PropertyValueSpecification","valueRequired":true,"valueName":"search_term_string"}}],"inLanguage":"pt-BR"},{"@type":"Organization","@id":"https:\/\/jornalfatosenoticias.com.br\/#organization","name":"Jornal Fatos e Not\u00edcias","url":"https:\/\/jornalfatosenoticias.com.br\/","logo":{"@type":"ImageObject","inLanguage":"pt-BR","@id":"https:\/\/jornalfatosenoticias.com.br\/#\/schema\/logo\/image\/","url":"https:\/\/jornalfatosenoticias.com.br\/wp-content\/uploads\/2020\/02\/logo120.png","contentUrl":"https:\/\/jornalfatosenoticias.com.br\/wp-content\/uploads\/2020\/02\/logo120.png","width":1227,"height":120,"caption":"Jornal Fatos e Not\u00edcias"},"image":{"@id":"https:\/\/jornalfatosenoticias.com.br\/#\/schema\/logo\/image\/"}},{"@type":"Person","@id":"https:\/\/jornalfatosenoticias.com.br\/#\/schema\/person\/d63837fa13ac8666eb9e74e0985d6f81","name":"Luzimara Fernandes","image":{"@type":"ImageObject","inLanguage":"pt-BR","@id":"https:\/\/jornalfatosenoticias.com.br\/#\/schema\/person\/image\/","url":"https:\/\/jornalfatosenoticias.com.br\/wp-content\/uploads\/2025\/05\/EU_portal.jpg","contentUrl":"https:\/\/jornalfatosenoticias.com.br\/wp-content\/uploads\/2025\/05\/EU_portal.jpg","caption":"Luzimara Fernandes"},"description":"Jornalista MTB 2358-ES","sameAs":["https:\/\/jornalfatosenoticias.com.br"],"url":"https:\/\/jornalfatosenoticias.com.br\/index.php\/author\/luzimara\/"}]}},"cc_featured_image_caption":{"caption_text":"(Foto: iStock) ","source_text":"","source_url":""},"jetpack_featured_media_url":"https:\/\/jornalfatosenoticias.com.br\/wp-content\/uploads\/2025\/05\/novo-Plano-Nacional-de-Educacao_istock.jpg","_links":{"self":[{"href":"https:\/\/jornalfatosenoticias.com.br\/index.php\/wp-json\/wp\/v2\/posts\/59463","targetHints":{"allow":["GET"]}}],"collection":[{"href":"https:\/\/jornalfatosenoticias.com.br\/index.php\/wp-json\/wp\/v2\/posts"}],"about":[{"href":"https:\/\/jornalfatosenoticias.com.br\/index.php\/wp-json\/wp\/v2\/types\/post"}],"author":[{"embeddable":true,"href":"https:\/\/jornalfatosenoticias.com.br\/index.php\/wp-json\/wp\/v2\/users\/2"}],"replies":[{"embeddable":true,"href":"https:\/\/jornalfatosenoticias.com.br\/index.php\/wp-json\/wp\/v2\/comments?post=59463"}],"version-history":[{"count":0,"href":"https:\/\/jornalfatosenoticias.com.br\/index.php\/wp-json\/wp\/v2\/posts\/59463\/revisions"}],"wp:featuredmedia":[{"embeddable":true,"href":"https:\/\/jornalfatosenoticias.com.br\/index.php\/wp-json\/wp\/v2\/media\/59464"}],"wp:attachment":[{"href":"https:\/\/jornalfatosenoticias.com.br\/index.php\/wp-json\/wp\/v2\/media?parent=59463"}],"wp:term":[{"taxonomy":"category","embeddable":true,"href":"https:\/\/jornalfatosenoticias.com.br\/index.php\/wp-json\/wp\/v2\/categories?post=59463"},{"taxonomy":"post_tag","embeddable":true,"href":"https:\/\/jornalfatosenoticias.com.br\/index.php\/wp-json\/wp\/v2\/tags?post=59463"}],"curies":[{"name":"wp","href":"https:\/\/api.w.org\/{rel}","templated":true}]}}